{"id":2457,"date":"2022-09-22T09:38:57","date_gmt":"2022-09-22T09:38:57","guid":{"rendered":"https:\/\/www.public.sn\/?p=2457"},"modified":"2022-09-22T10:07:13","modified_gmt":"2022-09-22T10:07:13","slug":"22-septembre-2017-22-septembre-2022-les-senegalais-se-rappellent-de-serigne-abdou-aziz-sy-al-amine","status":"publish","type":"post","link":"https:\/\/www.public.sn\/index.php\/2022\/09\/22\/22-septembre-2017-22-septembre-2022-les-senegalais-se-rappellent-de-serigne-abdou-aziz-sy-al-amine\/","title":{"rendered":"22 septembre 2017 &#8211; 22 septembre 2022 : Les S\u00e9n\u00e9galais se rappellent de Serigne Abdou Aziz Sy \u00ab Al Amine \u00bb"},"content":{"rendered":"<p><strong>Le 22 septembre 2017 tr\u00e8s t\u00f4t le matin, les S\u00e9n\u00e9galais s&rsquo;\u00e9taient r\u00e9veill\u00e9s avec une tr\u00e8s Triste nouvelle. Dans la nuit du jeudi au vendredi, les m\u00e9dias s\u00e9n\u00e9galais annon\u00e7aient le d\u00e9c\u00e8s de Abdoul Aziz Sy \u00abAl Amine\u00bb, le sixi\u00e8me calife des Tijanes.<\/strong><\/p><div class=\"publi-paragraphe1\" style=\"margin-top: 10px;margin-bottom: 10px;margin-left: auto;margin-right: auto;text-align: center;\" id=\"publi-546061550\"><div class=\"publi-adlabel\">Publicit\u00e9<\/div><script async src=\"\/\/pagead2.googlesyndication.com\/pagead\/js\/adsbygoogle.js?client=ca-pub-4089586018074219\" crossorigin=\"anonymous\"><\/script><ins class=\"adsbygoogle\" style=\"display:block;\" data-ad-client=\"ca-pub-4089586018074219\" \ndata-ad-slot=\"2087940154\" \ndata-ad-format=\"auto\"><\/ins>\n<script> \n(adsbygoogle = window.adsbygoogle || []).push({}); \n<\/script>\n<\/div>\n<p>Sur les r\u00e9seaux sociaux, l&rsquo;image de ce vieil homme affable et souriant, toujours drap\u00e9 dans une tenue traditionnelle s\u00e9n\u00e9galaise, une ch\u00e9chia sur la t\u00eate, avait remplac\u00e9 les images de profil des internautes, toutes religions confondues.<\/p>\n<p>Beaucoup avaient d\u00e9couvert \u00e0 leur r\u00e9veil, la nouvelle du d\u00e9c\u00e8s de celui pour qui ils avaient modifi\u00e9 leur photo de profil. Sixi\u00e8me alife &#8211; transcrit khalife \u00e0 la succession d&rsquo;El Hadji Malick Sy, Abdoul Aziz Sy rappel\u00e9 \u00e0 Dieu dans la nuit de jeudi \u00e0 vendredi, \u00e0 l&rsquo;\u00e2ge de 89 ans.<\/p>\n<p>En mars 2017, apr\u00e8s le d\u00e9c\u00e8s de son pr\u00e9d\u00e9cesseur, celui qui n&rsquo;\u00e9tait alors que le porte-parole de la famille acc\u00e8de au califat.<\/p>\n<p>De son vivant,\u00a0 Abdoul Aziz avait servi plusieurs califes de la famille Sy.<\/p>\n<p>Parall\u00e8lement, avant m\u00eame son accession au califat, il s&rsquo;\u00e9tait d\u00e9marqu\u00e9 par sa proximit\u00e9 avec les autres familles maraboutiques des autres confr\u00e9riques, mais aussi par ses efforts de m\u00e9diations sur les probl\u00e8mes sociaux et parfois politiques.<\/p>\n<p>Quelque temps avant son accession au califat, son discours lors de la c\u00e9r\u00e9monie fun\u00e9raire de son pr\u00e9d\u00e9cesseur avait marqu\u00e9 les esprits.<\/p>\n<p>\u00abTournez le dos aux querelles et aux invectives et concentrez-vous sur la coh\u00e9sion nationale pour ne pas embraser notre pays\u00bb, avait lanc\u00e9 Abdoul Aziz Al Amine devant un parterre de politiciens, dans une ann\u00e9e tr\u00e8s \u00e9lectorale \u00e0 l&rsquo;approche des l\u00e9gislatives.<\/p>\n<p>Per\u00e7u comme un prescripteur social, Abdoul Aziz Al Amine est d\u00e9c\u00e8d\u00e9 six mois apr\u00e8s avoir dirig\u00e9 la confr\u00e9rie. Son cousin Serigne Ababacar Sy dit Mbaye Sy, lui succ\u00e8de et devient le septi\u00e8me calife des Tijanes.<\/p>\n\n\n<figure class=\"wp-block-image size-large\"><img fetchpriority=\"high\" decoding=\"async\" width=\"935\" height=\"1024\" src=\"https:\/\/www.public.sn\/wp-content\/uploads\/2022\/09\/Abdou-Aziz-Al-amine-935x1024.png\" alt=\"\" class=\"wp-image-2470\" srcset=\"https:\/\/www.public.sn\/wp-content\/uploads\/2022\/09\/Abdou-Aziz-Al-amine-935x1024.png 935w, https:\/\/www.public.sn\/wp-content\/uploads\/2022\/09\/Abdou-Aziz-Al-amine-600x657.png 600w, https:\/\/www.public.sn\/wp-content\/uploads\/2022\/09\/Abdou-Aziz-Al-amine-274x300.png 274w, https:\/\/www.public.sn\/wp-content\/uploads\/2022\/09\/Abdou-Aziz-Al-amine-768x841.png 768w, https:\/\/www.public.sn\/wp-content\/uploads\/2022\/09\/Abdou-Aziz-Al-amine-1403x1536.png 1403w, https:\/\/www.public.sn\/wp-content\/uploads\/2022\/09\/Abdou-Aziz-Al-amine.png 1870w\" sizes=\"(max-width: 935px) 100vw, 935px\" \/><\/figure>\n<div class=\"publi-apres-le-contenu\" style=\"margin-top: 10px;margin-bottom: 10px;margin-left: auto;margin-right: auto;text-align: center;\" id=\"publi-2280359682\"><div class=\"publi-adlabel\">Publicit\u00e9<\/div><script async src=\"\/\/pagead2.googlesyndication.com\/pagead\/js\/adsbygoogle.js?client=ca-pub-4089586018074219\" crossorigin=\"anonymous\"><\/script><ins class=\"adsbygoogle\" style=\"display:block;\" data-ad-client=\"ca-pub-4089586018074219\" \ndata-ad-slot=\"2087940154\" \ndata-ad-format=\"auto\"><\/ins>\n<script> \n(adsbygoogle = window.adsbygoogle || []).push({}); \n<\/script>\n<\/div>","protected":false},"excerpt":{"rendered":"<p>Le 22 septembre 2017 tr\u00e8s t\u00f4t le matin, les S\u00e9n\u00e9galais s&rsquo;\u00e9taient r\u00e9veill\u00e9s avec une tr\u00e8s Triste nouvelle. Dans la nuit du jeudi au vendredi, les m\u00e9dias s\u00e9n\u00e9galais annon\u00e7aient le d\u00e9c\u00e8s de Abdoul Aziz Sy \u00abAl Amine\u00bb, le sixi\u00e8me calife des Tijanes. Sur les r\u00e9seaux sociaux, l&rsquo;image de ce vieil homme affable et souriant, toujours drap\u00e9 dans une tenue traditionnelle s\u00e9n\u00e9galaise, une ch\u00e9chia sur la t\u00eate, avait remplac\u00e9 les images de profil des internautes, toutes religions confondues. Beaucoup avaient d\u00e9couvert \u00e0 leur r\u00e9veil, la nouvelle du d\u00e9c\u00e8s de celui pour qui ils avaient modifi\u00e9 leur photo de profil. Sixi\u00e8me alife &#8211; transcrit khalife \u00e0 la succession d&rsquo;El Hadji Malick Sy, Abdoul Aziz Sy rappel\u00e9 \u00e0 Dieu dans la nuit de jeudi \u00e0 vendredi, \u00e0 l&rsquo;\u00e2ge de 89 ans. En mars 2017, apr\u00e8s le d\u00e9c\u00e8s de son pr\u00e9d\u00e9cesseur, celui qui n&rsquo;\u00e9tait alors que le porte-parole de la famille acc\u00e8de au califat. De son vivant,\u00a0 Abdoul Aziz avait servi plusieurs califes de la famille Sy. Parall\u00e8lement, avant m\u00eame son accession au califat, il s&rsquo;\u00e9tait d\u00e9marqu\u00e9 par sa proximit\u00e9 avec les autres familles maraboutiques des autres confr\u00e9riques, mais aussi par ses efforts de m\u00e9diations sur les probl\u00e8mes sociaux et parfois politiques. Quelque temps avant son accession au califat, son discours lors de la c\u00e9r\u00e9monie fun\u00e9raire de son pr\u00e9d\u00e9cesseur avait marqu\u00e9 les esprits. \u00abTournez le dos aux querelles et aux invectives et concentrez-vous sur la coh\u00e9sion nationale pour ne pas embraser notre pays\u00bb, avait lanc\u00e9 Abdoul Aziz Al Amine devant un parterre de politiciens, dans une ann\u00e9e tr\u00e8s \u00e9lectorale \u00e0 l&rsquo;approche des l\u00e9gislatives. Per\u00e7u comme un prescripteur social, Abdoul Aziz Al Amine est d\u00e9c\u00e8d\u00e9 six mois apr\u00e8s avoir dirig\u00e9 la confr\u00e9rie. Son cousin Serigne Ababacar Sy dit Mbaye Sy, lui succ\u00e8de et devient le septi\u00e8me calife des Tijanes.<\/p>\n","protected":false},"author":1,"featured_media":2467,"comment_status":"open","ping_status":"open","sticky":false,"template":"","format":"standard","meta":{"_jetpack_memberships_contains_paid_content":false,"footnotes":""},"categories":[371,878,1,881,372],"tags":[885,883,884],"class_list":["post-2457","post","type-post","status-publish","format-standard","has-post-thumbnail","hentry","category-necrologie","category-religion","category-non-classe","category-souvenirs","category-vedette","tag-22-septembre-2017","tag-abdou-aziz-sy","tag-al-amine","entry","has-media","owp-thumbs-layout-horizontal","owp-btn-normal","owp-tabs-layout-horizontal","has-no-thumbnails","has-product-nav"],"yoast_head":"<!-- This site is optimized with the Yoast SEO plugin v25.5 - https:\/\/yoast.com\/wordpress\/plugins\/seo\/ -->\n<title>22 septembre 2017 - 22 septembre 2022 : Les S\u00e9n\u00e9galais se rappellent de Serigne Abdou Aziz Sy \u00ab Al Amine \u00bb - LE PUBLIC<\/title>\n<meta name=\"robots\" content=\"index, follow, max-snippet:-1, max-image-preview:large, max-video-preview:-1\" \/>\n<link rel=\"canonical\" href=\"https:\/\/www.public.sn\/index.php\/2022\/09\/22\/22-septembre-2017-22-septembre-2022-les-senegalais-se-rappellent-de-serigne-abdou-aziz-sy-al-amine\/\" \/>\n<meta property=\"og:locale\" content=\"fr_FR\" \/>\n<meta property=\"og:type\" content=\"article\" \/>\n<meta property=\"og:title\" content=\"22 septembre 2017 - 22 septembre 2022 : Les S\u00e9n\u00e9galais se rappellent de Serigne Abdou Aziz Sy \u00ab Al Amine \u00bb - LE PUBLIC\" \/>\n<meta property=\"og:description\" content=\"Le 22 septembre 2017 tr\u00e8s t\u00f4t le matin, les S\u00e9n\u00e9galais s&rsquo;\u00e9taient r\u00e9veill\u00e9s avec une tr\u00e8s Triste nouvelle. Dans la nuit du jeudi au vendredi, les m\u00e9dias s\u00e9n\u00e9galais annon\u00e7aient le d\u00e9c\u00e8s de Abdoul Aziz Sy \u00abAl Amine\u00bb, le sixi\u00e8me calife des Tijanes. Sur les r\u00e9seaux sociaux, l&rsquo;image de ce vieil homme affable et souriant, toujours drap\u00e9 dans une tenue traditionnelle s\u00e9n\u00e9galaise, une ch\u00e9chia sur la t\u00eate, avait remplac\u00e9 les images de profil des internautes, toutes religions confondues. Beaucoup avaient d\u00e9couvert \u00e0 leur r\u00e9veil, la nouvelle du d\u00e9c\u00e8s de celui pour qui ils avaient modifi\u00e9 leur photo de profil. Sixi\u00e8me alife &#8211; transcrit khalife \u00e0 la succession d&rsquo;El Hadji Malick Sy, Abdoul Aziz Sy rappel\u00e9 \u00e0 Dieu dans la nuit de jeudi \u00e0 vendredi, \u00e0 l&rsquo;\u00e2ge de 89 ans. En mars 2017, apr\u00e8s le d\u00e9c\u00e8s de son pr\u00e9d\u00e9cesseur, celui qui n&rsquo;\u00e9tait alors que le porte-parole de la famille acc\u00e8de au califat. De son vivant,\u00a0 Abdoul Aziz avait servi plusieurs califes de la famille Sy. Parall\u00e8lement, avant m\u00eame son accession au califat, il s&rsquo;\u00e9tait d\u00e9marqu\u00e9 par sa proximit\u00e9 avec les autres familles maraboutiques des autres confr\u00e9riques, mais aussi par ses efforts de m\u00e9diations sur les probl\u00e8mes sociaux et parfois politiques. Quelque temps avant son accession au califat, son discours lors de la c\u00e9r\u00e9monie fun\u00e9raire de son pr\u00e9d\u00e9cesseur avait marqu\u00e9 les esprits. \u00abTournez le dos aux querelles et aux invectives et concentrez-vous sur la coh\u00e9sion nationale pour ne pas embraser notre pays\u00bb, avait lanc\u00e9 Abdoul Aziz Al Amine devant un parterre de politiciens, dans une ann\u00e9e tr\u00e8s \u00e9lectorale \u00e0 l&rsquo;approche des l\u00e9gislatives. Per\u00e7u comme un prescripteur social, Abdoul Aziz Al Amine est d\u00e9c\u00e8d\u00e9 six mois apr\u00e8s avoir dirig\u00e9 la confr\u00e9rie. Son cousin Serigne Ababacar Sy dit Mbaye Sy, lui succ\u00e8de et devient le septi\u00e8me calife des Tijanes.\" \/>\n<meta property=\"og:url\" content=\"https:\/\/www.public.sn\/index.php\/2022\/09\/22\/22-septembre-2017-22-septembre-2022-les-senegalais-se-rappellent-de-serigne-abdou-aziz-sy-al-amine\/\" \/>\n<meta property=\"og:site_name\" content=\"LE PUBLIC\" \/>\n<meta property=\"article:published_time\" content=\"2022-09-22T09:38:57+00:00\" \/>\n<meta property=\"article:modified_time\" content=\"2022-09-22T10:07:13+00:00\" \/>\n<meta property=\"og:image\" content=\"https:\/\/www.public.sn\/wp-content\/uploads\/2022\/09\/al-amine.jpg\" \/>\n\t<meta property=\"og:image:width\" content=\"640\" \/>\n\t<meta property=\"og:image:height\" content=\"360\" \/>\n\t<meta property=\"og:image:type\" content=\"image\/jpeg\" \/>\n<meta name=\"author\" content=\"LA REDACTION\" \/>\n<meta name=\"twitter:card\" content=\"summary_large_image\" \/>\n<meta name=\"twitter:label1\" content=\"\u00c9crit par\" \/>\n\t<meta name=\"twitter:data1\" content=\"LA REDACTION\" \/>\n\t<meta name=\"twitter:label2\" content=\"Dur\u00e9e de lecture estim\u00e9e\" \/>\n\t<meta name=\"twitter:data2\" content=\"2 minutes\" \/>\n<script type=\"application\/ld+json\" class=\"yoast-schema-graph\">{\"@context\":\"https:\/\/schema.org\",\"@graph\":[{\"@type\":\"Article\",\"@id\":\"https:\/\/www.public.sn\/index.php\/2022\/09\/22\/22-septembre-2017-22-septembre-2022-les-senegalais-se-rappellent-de-serigne-abdou-aziz-sy-al-amine\/#article\",\"isPartOf\":{\"@id\":\"https:\/\/www.public.sn\/index.php\/2022\/09\/22\/22-septembre-2017-22-septembre-2022-les-senegalais-se-rappellent-de-serigne-abdou-aziz-sy-al-amine\/\"},\"author\":{\"name\":\"LA REDACTION\",\"@id\":\"https:\/\/www.public.sn\/#\/schema\/person\/e3f4a11b037d4203902db148f9bc8d5a\"},\"headline\":\"22 septembre 2017 &#8211; 22 septembre 2022 : Les S\u00e9n\u00e9galais se rappellent de Serigne Abdou Aziz Sy \u00ab Al Amine \u00bb\",\"datePublished\":\"2022-09-22T09:38:57+00:00\",\"dateModified\":\"2022-09-22T10:07:13+00:00\",\"mainEntityOfPage\":{\"@id\":\"https:\/\/www.public.sn\/index.php\/2022\/09\/22\/22-septembre-2017-22-septembre-2022-les-senegalais-se-rappellent-de-serigne-abdou-aziz-sy-al-amine\/\"},\"wordCount\":355,\"commentCount\":0,\"publisher\":{\"@id\":\"https:\/\/www.public.sn\/#organization\"},\"image\":{\"@id\":\"https:\/\/www.public.sn\/index.php\/2022\/09\/22\/22-septembre-2017-22-septembre-2022-les-senegalais-se-rappellent-de-serigne-abdou-aziz-sy-al-amine\/#primaryimage\"},\"thumbnailUrl\":\"https:\/\/www.public.sn\/wp-content\/uploads\/2022\/09\/al-amine.jpg\",\"keywords\":[\"22 septembre 2017\",\"Abdou Aziz Sy\",\"Al Amine\"],\"articleSection\":[\"N\u00c9CROLOGIE\",\"RELIGION\",\"S\u00c9N\u00c9GAL\",\"SOUVENIRS\",\"VEDETTE\"],\"inLanguage\":\"fr-FR\",\"potentialAction\":[{\"@type\":\"CommentAction\",\"name\":\"Comment\",\"target\":[\"https:\/\/www.public.sn\/index.php\/2022\/09\/22\/22-septembre-2017-22-septembre-2022-les-senegalais-se-rappellent-de-serigne-abdou-aziz-sy-al-amine\/#respond\"]}]},{\"@type\":\"WebPage\",\"@id\":\"https:\/\/www.public.sn\/index.php\/2022\/09\/22\/22-septembre-2017-22-septembre-2022-les-senegalais-se-rappellent-de-serigne-abdou-aziz-sy-al-amine\/\",\"url\":\"https:\/\/www.public.sn\/index.php\/2022\/09\/22\/22-septembre-2017-22-septembre-2022-les-senegalais-se-rappellent-de-serigne-abdou-aziz-sy-al-amine\/\",\"name\":\"22 septembre 2017 - 22 septembre 2022 : Les S\u00e9n\u00e9galais se rappellent de Serigne Abdou Aziz Sy \u00ab Al Amine \u00bb - LE PUBLIC\",\"isPartOf\":{\"@id\":\"https:\/\/www.public.sn\/#website\"},\"primaryImageOfPage\":{\"@id\":\"https:\/\/www.public.sn\/index.php\/2022\/09\/22\/22-septembre-2017-22-septembre-2022-les-senegalais-se-rappellent-de-serigne-abdou-aziz-sy-al-amine\/#primaryimage\"},\"image\":{\"@id\":\"https:\/\/www.public.sn\/index.php\/2022\/09\/22\/22-septembre-2017-22-septembre-2022-les-senegalais-se-rappellent-de-serigne-abdou-aziz-sy-al-amine\/#primaryimage\"},\"thumbnailUrl\":\"https:\/\/www.public.sn\/wp-content\/uploads\/2022\/09\/al-amine.jpg\",\"datePublished\":\"2022-09-22T09:38:57+00:00\",\"dateModified\":\"2022-09-22T10:07:13+00:00\",\"breadcrumb\":{\"@id\":\"https:\/\/www.public.sn\/index.php\/2022\/09\/22\/22-septembre-2017-22-septembre-2022-les-senegalais-se-rappellent-de-serigne-abdou-aziz-sy-al-amine\/#breadcrumb\"},\"inLanguage\":\"fr-FR\",\"potentialAction\":[{\"@type\":\"ReadAction\",\"target\":[\"https:\/\/www.public.sn\/index.php\/2022\/09\/22\/22-septembre-2017-22-septembre-2022-les-senegalais-se-rappellent-de-serigne-abdou-aziz-sy-al-amine\/\"]}]},{\"@type\":\"ImageObject\",\"inLanguage\":\"fr-FR\",\"@id\":\"https:\/\/www.public.sn\/index.php\/2022\/09\/22\/22-septembre-2017-22-septembre-2022-les-senegalais-se-rappellent-de-serigne-abdou-aziz-sy-al-amine\/#primaryimage\",\"url\":\"https:\/\/www.public.sn\/wp-content\/uploads\/2022\/09\/al-amine.jpg\",\"contentUrl\":\"https:\/\/www.public.sn\/wp-content\/uploads\/2022\/09\/al-amine.jpg\",\"width\":640,\"height\":360},{\"@type\":\"BreadcrumbList\",\"@id\":\"https:\/\/www.public.sn\/index.php\/2022\/09\/22\/22-septembre-2017-22-septembre-2022-les-senegalais-se-rappellent-de-serigne-abdou-aziz-sy-al-amine\/#breadcrumb\",\"itemListElement\":[{\"@type\":\"ListItem\",\"position\":1,\"name\":\"Accueil\",\"item\":\"https:\/\/www.public.sn\/\"},{\"@type\":\"ListItem\",\"position\":2,\"name\":\"22 septembre 2017 &#8211; 22 septembre 2022 : Les S\u00e9n\u00e9galais se rappellent de Serigne Abdou Aziz Sy \u00ab Al Amine \u00bb\"}]},{\"@type\":\"WebSite\",\"@id\":\"https:\/\/www.public.sn\/#website\",\"url\":\"https:\/\/www.public.sn\/\",\"name\":\"LE PUBLIC\",\"description\":\"\",\"publisher\":{\"@id\":\"https:\/\/www.public.sn\/#organization\"},\"potentialAction\":[{\"@type\":\"SearchAction\",\"target\":{\"@type\":\"EntryPoint\",\"urlTemplate\":\"https:\/\/www.public.sn\/?s={search_term_string}\"},\"query-input\":{\"@type\":\"PropertyValueSpecification\",\"valueRequired\":true,\"valueName\":\"search_term_string\"}}],\"inLanguage\":\"fr-FR\"},{\"@type\":\"Organization\",\"@id\":\"https:\/\/www.public.sn\/#organization\",\"name\":\"LE PUBLIC\",\"url\":\"https:\/\/www.public.sn\/\",\"logo\":{\"@type\":\"ImageObject\",\"inLanguage\":\"fr-FR\",\"@id\":\"https:\/\/www.public.sn\/#\/schema\/logo\/image\/\",\"url\":\"https:\/\/www.public.sn\/wp-content\/uploads\/2024\/05\/cropped-LOGO-PUBLIC.SN_.png\",\"contentUrl\":\"https:\/\/www.public.sn\/wp-content\/uploads\/2024\/05\/cropped-LOGO-PUBLIC.SN_.png\",\"width\":682,\"height\":192,\"caption\":\"LE PUBLIC\"},\"image\":{\"@id\":\"https:\/\/www.public.sn\/#\/schema\/logo\/image\/\"}},{\"@type\":\"Person\",\"@id\":\"https:\/\/www.public.sn\/#\/schema\/person\/e3f4a11b037d4203902db148f9bc8d5a\",\"name\":\"LA REDACTION\",\"image\":{\"@type\":\"ImageObject\",\"inLanguage\":\"fr-FR\",\"@id\":\"https:\/\/www.public.sn\/#\/schema\/person\/image\/\",\"url\":\"https:\/\/secure.gravatar.com\/avatar\/d6c030db45db2883c075085c5d6c6258654a801a93766b49af0b82d4f454e2a5?s=96&d=mm&r=g\",\"contentUrl\":\"https:\/\/secure.gravatar.com\/avatar\/d6c030db45db2883c075085c5d6c6258654a801a93766b49af0b82d4f454e2a5?s=96&d=mm&r=g\",\"caption\":\"LA REDACTION\"},\"sameAs\":[\"http:\/\/www.public.sn\"],\"url\":\"https:\/\/www.public.sn\/index.php\/author\/admin7324\/\"}]}<\/script>\n<!-- \/ Yoast SEO plugin. -->","yoast_head_json":{"title":"22 septembre 2017 - 22 septembre 2022 : Les S\u00e9n\u00e9galais se rappellent de Serigne Abdou Aziz Sy \u00ab Al Amine \u00bb - LE PUBLIC","robots":{"index":"index","follow":"follow","max-snippet":"max-snippet:-1","max-image-preview":"max-image-preview:large","max-video-preview":"max-video-preview:-1"},"canonical":"https:\/\/www.public.sn\/index.php\/2022\/09\/22\/22-septembre-2017-22-septembre-2022-les-senegalais-se-rappellent-de-serigne-abdou-aziz-sy-al-amine\/","og_locale":"fr_FR","og_type":"article","og_title":"22 septembre 2017 - 22 septembre 2022 : Les S\u00e9n\u00e9galais se rappellent de Serigne Abdou Aziz Sy \u00ab Al Amine \u00bb - LE PUBLIC","og_description":"Le 22 septembre 2017 tr\u00e8s t\u00f4t le matin, les S\u00e9n\u00e9galais s&rsquo;\u00e9taient r\u00e9veill\u00e9s avec une tr\u00e8s Triste nouvelle. Dans la nuit du jeudi au vendredi, les m\u00e9dias s\u00e9n\u00e9galais annon\u00e7aient le d\u00e9c\u00e8s de Abdoul Aziz Sy \u00abAl Amine\u00bb, le sixi\u00e8me calife des Tijanes. Sur les r\u00e9seaux sociaux, l&rsquo;image de ce vieil homme affable et souriant, toujours drap\u00e9 dans une tenue traditionnelle s\u00e9n\u00e9galaise, une ch\u00e9chia sur la t\u00eate, avait remplac\u00e9 les images de profil des internautes, toutes religions confondues. Beaucoup avaient d\u00e9couvert \u00e0 leur r\u00e9veil, la nouvelle du d\u00e9c\u00e8s de celui pour qui ils avaient modifi\u00e9 leur photo de profil. Sixi\u00e8me alife &#8211; transcrit khalife \u00e0 la succession d&rsquo;El Hadji Malick Sy, Abdoul Aziz Sy rappel\u00e9 \u00e0 Dieu dans la nuit de jeudi \u00e0 vendredi, \u00e0 l&rsquo;\u00e2ge de 89 ans. En mars 2017, apr\u00e8s le d\u00e9c\u00e8s de son pr\u00e9d\u00e9cesseur, celui qui n&rsquo;\u00e9tait alors que le porte-parole de la famille acc\u00e8de au califat. De son vivant,\u00a0 Abdoul Aziz avait servi plusieurs califes de la famille Sy. Parall\u00e8lement, avant m\u00eame son accession au califat, il s&rsquo;\u00e9tait d\u00e9marqu\u00e9 par sa proximit\u00e9 avec les autres familles maraboutiques des autres confr\u00e9riques, mais aussi par ses efforts de m\u00e9diations sur les probl\u00e8mes sociaux et parfois politiques. Quelque temps avant son accession au califat, son discours lors de la c\u00e9r\u00e9monie fun\u00e9raire de son pr\u00e9d\u00e9cesseur avait marqu\u00e9 les esprits. \u00abTournez le dos aux querelles et aux invectives et concentrez-vous sur la coh\u00e9sion nationale pour ne pas embraser notre pays\u00bb, avait lanc\u00e9 Abdoul Aziz Al Amine devant un parterre de politiciens, dans une ann\u00e9e tr\u00e8s \u00e9lectorale \u00e0 l&rsquo;approche des l\u00e9gislatives. Per\u00e7u comme un prescripteur social, Abdoul Aziz Al Amine est d\u00e9c\u00e8d\u00e9 six mois apr\u00e8s avoir dirig\u00e9 la confr\u00e9rie. Son cousin Serigne Ababacar Sy dit Mbaye Sy, lui succ\u00e8de et devient le septi\u00e8me calife des Tijanes.","og_url":"https:\/\/www.public.sn\/index.php\/2022\/09\/22\/22-septembre-2017-22-septembre-2022-les-senegalais-se-rappellent-de-serigne-abdou-aziz-sy-al-amine\/","og_site_name":"LE PUBLIC","article_published_time":"2022-09-22T09:38:57+00:00","article_modified_time":"2022-09-22T10:07:13+00:00","og_image":[{"width":640,"height":360,"url":"https:\/\/www.public.sn\/wp-content\/uploads\/2022\/09\/al-amine.jpg","type":"image\/jpeg"}],"author":"LA REDACTION","twitter_card":"summary_large_image","twitter_misc":{"\u00c9crit par":"LA REDACTION","Dur\u00e9e de lecture estim\u00e9e":"2 minutes"},"schema":{"@context":"https:\/\/schema.org","@graph":[{"@type":"Article","@id":"https:\/\/www.public.sn\/index.php\/2022\/09\/22\/22-septembre-2017-22-septembre-2022-les-senegalais-se-rappellent-de-serigne-abdou-aziz-sy-al-amine\/#article","isPartOf":{"@id":"https:\/\/www.public.sn\/index.php\/2022\/09\/22\/22-septembre-2017-22-septembre-2022-les-senegalais-se-rappellent-de-serigne-abdou-aziz-sy-al-amine\/"},"author":{"name":"LA REDACTION","@id":"https:\/\/www.public.sn\/#\/schema\/person\/e3f4a11b037d4203902db148f9bc8d5a"},"headline":"22 septembre 2017 &#8211; 22 septembre 2022 : Les S\u00e9n\u00e9galais se rappellent de Serigne Abdou Aziz Sy \u00ab Al Amine \u00bb","datePublished":"2022-09-22T09:38:57+00:00","dateModified":"2022-09-22T10:07:13+00:00","mainEntityOfPage":{"@id":"https:\/\/www.public.sn\/index.php\/2022\/09\/22\/22-septembre-2017-22-septembre-2022-les-senegalais-se-rappellent-de-serigne-abdou-aziz-sy-al-amine\/"},"wordCount":355,"commentCount":0,"publisher":{"@id":"https:\/\/www.public.sn\/#organization"},"image":{"@id":"https:\/\/www.public.sn\/index.php\/2022\/09\/22\/22-septembre-2017-22-septembre-2022-les-senegalais-se-rappellent-de-serigne-abdou-aziz-sy-al-amine\/#primaryimage"},"thumbnailUrl":"https:\/\/www.public.sn\/wp-content\/uploads\/2022\/09\/al-amine.jpg","keywords":["22 septembre 2017","Abdou Aziz Sy","Al Amine"],"articleSection":["N\u00c9CROLOGIE","RELIGION","S\u00c9N\u00c9GAL","SOUVENIRS","VEDETTE"],"inLanguage":"fr-FR","potentialAction":[{"@type":"CommentAction","name":"Comment","target":["https:\/\/www.public.sn\/index.php\/2022\/09\/22\/22-septembre-2017-22-septembre-2022-les-senegalais-se-rappellent-de-serigne-abdou-aziz-sy-al-amine\/#respond"]}]},{"@type":"WebPage","@id":"https:\/\/www.public.sn\/index.php\/2022\/09\/22\/22-septembre-2017-22-septembre-2022-les-senegalais-se-rappellent-de-serigne-abdou-aziz-sy-al-amine\/","url":"https:\/\/www.public.sn\/index.php\/2022\/09\/22\/22-septembre-2017-22-septembre-2022-les-senegalais-se-rappellent-de-serigne-abdou-aziz-sy-al-amine\/","name":"22 septembre 2017 - 22 septembre 2022 : Les S\u00e9n\u00e9galais se rappellent de Serigne Abdou Aziz Sy \u00ab Al Amine \u00bb - LE PUBLIC","isPartOf":{"@id":"https:\/\/www.public.sn\/#website"},"primaryImageOfPage":{"@id":"https:\/\/www.public.sn\/index.php\/2022\/09\/22\/22-septembre-2017-22-septembre-2022-les-senegalais-se-rappellent-de-serigne-abdou-aziz-sy-al-amine\/#primaryimage"},"image":{"@id":"https:\/\/www.public.sn\/index.php\/2022\/09\/22\/22-septembre-2017-22-septembre-2022-les-senegalais-se-rappellent-de-serigne-abdou-aziz-sy-al-amine\/#primaryimage"},"thumbnailUrl":"https:\/\/www.public.sn\/wp-content\/uploads\/2022\/09\/al-amine.jpg","datePublished":"2022-09-22T09:38:57+00:00","dateModified":"2022-09-22T10:07:13+00:00","breadcrumb":{"@id":"https:\/\/www.public.sn\/index.php\/2022\/09\/22\/22-septembre-2017-22-septembre-2022-les-senegalais-se-rappellent-de-serigne-abdou-aziz-sy-al-amine\/#breadcrumb"},"inLanguage":"fr-FR","potentialAction":[{"@type":"ReadAction","target":["https:\/\/www.public.sn\/index.php\/2022\/09\/22\/22-septembre-2017-22-septembre-2022-les-senegalais-se-rappellent-de-serigne-abdou-aziz-sy-al-amine\/"]}]},{"@type":"ImageObject","inLanguage":"fr-FR","@id":"https:\/\/www.public.sn\/index.php\/2022\/09\/22\/22-septembre-2017-22-septembre-2022-les-senegalais-se-rappellent-de-serigne-abdou-aziz-sy-al-amine\/#primaryimage","url":"https:\/\/www.public.sn\/wp-content\/uploads\/2022\/09\/al-amine.jpg","contentUrl":"https:\/\/www.public.sn\/wp-content\/uploads\/2022\/09\/al-amine.jpg","width":640,"height":360},{"@type":"BreadcrumbList","@id":"https:\/\/www.public.sn\/index.php\/2022\/09\/22\/22-septembre-2017-22-septembre-2022-les-senegalais-se-rappellent-de-serigne-abdou-aziz-sy-al-amine\/#breadcrumb","itemListElement":[{"@type":"ListItem","position":1,"name":"Accueil","item":"https:\/\/www.public.sn\/"},{"@type":"ListItem","position":2,"name":"22 septembre 2017 &#8211; 22 septembre 2022 : Les S\u00e9n\u00e9galais se rappellent de Serigne Abdou Aziz Sy \u00ab Al Amine \u00bb"}]},{"@type":"WebSite","@id":"https:\/\/www.public.sn\/#website","url":"https:\/\/www.public.sn\/","name":"LE PUBLIC","description":"","publisher":{"@id":"https:\/\/www.public.sn\/#organization"},"potentialAction":[{"@type":"SearchAction","target":{"@type":"EntryPoint","urlTemplate":"https:\/\/www.public.sn\/?s={search_term_string}"},"query-input":{"@type":"PropertyValueSpecification","valueRequired":true,"valueName":"search_term_string"}}],"inLanguage":"fr-FR"},{"@type":"Organization","@id":"https:\/\/www.public.sn\/#organization","name":"LE PUBLIC","url":"https:\/\/www.public.sn\/","logo":{"@type":"ImageObject","inLanguage":"fr-FR","@id":"https:\/\/www.public.sn\/#\/schema\/logo\/image\/","url":"https:\/\/www.public.sn\/wp-content\/uploads\/2024\/05\/cropped-LOGO-PUBLIC.SN_.png","contentUrl":"https:\/\/www.public.sn\/wp-content\/uploads\/2024\/05\/cropped-LOGO-PUBLIC.SN_.png","width":682,"height":192,"caption":"LE PUBLIC"},"image":{"@id":"https:\/\/www.public.sn\/#\/schema\/logo\/image\/"}},{"@type":"Person","@id":"https:\/\/www.public.sn\/#\/schema\/person\/e3f4a11b037d4203902db148f9bc8d5a","name":"LA REDACTION","image":{"@type":"ImageObject","inLanguage":"fr-FR","@id":"https:\/\/www.public.sn\/#\/schema\/person\/image\/","url":"https:\/\/secure.gravatar.com\/avatar\/d6c030db45db2883c075085c5d6c6258654a801a93766b49af0b82d4f454e2a5?s=96&d=mm&r=g","contentUrl":"https:\/\/secure.gravatar.com\/avatar\/d6c030db45db2883c075085c5d6c6258654a801a93766b49af0b82d4f454e2a5?s=96&d=mm&r=g","caption":"LA REDACTION"},"sameAs":["http:\/\/www.public.sn"],"url":"https:\/\/www.public.sn\/index.php\/author\/admin7324\/"}]}},"jetpack_featured_media_url":"https:\/\/www.public.sn\/wp-content\/uploads\/2022\/09\/al-amine.jpg","jetpack_sharing_enabled":true,"_links":{"self":[{"href":"https:\/\/www.public.sn\/index.php\/wp-json\/wp\/v2\/posts\/2457","targetHints":{"allow":["GET"]}}],"collection":[{"href":"https:\/\/www.public.sn\/index.php\/wp-json\/wp\/v2\/posts"}],"about":[{"href":"https:\/\/www.public.sn\/index.php\/wp-json\/wp\/v2\/types\/post"}],"author":[{"embeddable":true,"href":"https:\/\/www.public.sn\/index.php\/wp-json\/wp\/v2\/users\/1"}],"replies":[{"embeddable":true,"href":"https:\/\/www.public.sn\/index.php\/wp-json\/wp\/v2\/comments?post=2457"}],"version-history":[{"count":3,"href":"https:\/\/www.public.sn\/index.php\/wp-json\/wp\/v2\/posts\/2457\/revisions"}],"predecessor-version":[{"id":2471,"href":"https:\/\/www.public.sn\/index.php\/wp-json\/wp\/v2\/posts\/2457\/revisions\/2471"}],"wp:featuredmedia":[{"embeddable":true,"href":"https:\/\/www.public.sn\/index.php\/wp-json\/wp\/v2\/media\/2467"}],"wp:attachment":[{"href":"https:\/\/www.public.sn\/index.php\/wp-json\/wp\/v2\/media?parent=2457"}],"wp:term":[{"taxonomy":"category","embeddable":true,"href":"https:\/\/www.public.sn\/index.php\/wp-json\/wp\/v2\/categories?post=2457"},{"taxonomy":"post_tag","embeddable":true,"href":"https:\/\/www.public.sn\/index.php\/wp-json\/wp\/v2\/tags?post=2457"}],"curies":[{"name":"wp","href":"https:\/\/api.w.org\/{rel}","templated":true}]}}