{"id":24576,"date":"2023-07-06T15:04:06","date_gmt":"2023-07-06T15:04:06","guid":{"rendered":"https:\/\/www.public.sn\/?p=24576"},"modified":"2023-07-06T19:00:40","modified_gmt":"2023-07-06T19:00:40","slug":"invite-a-proteger-la-nation-dans-son-unite-sa-resilience-et-son-ambition-de-poursuivre-son-elan-demergence-dans-la-paix-la-stabilite-la-prosperite-et-la-consolidation-dun-etat-de","status":"publish","type":"post","link":"https:\/\/www.public.sn\/index.php\/2023\/07\/06\/invite-a-proteger-la-nation-dans-son-unite-sa-resilience-et-son-ambition-de-poursuivre-son-elan-demergence-dans-la-paix-la-stabilite-la-prosperite-et-la-consolidation-dun-etat-de\/","title":{"rendered":"Macky Sall explique \u00e0 ses ministres les raisons de sa non candidature en 2024"},"content":{"rendered":"<p class=\"summary_label\">Ce mercredi, deux jours apr\u00e8s l&rsquo;annonce de sa d\u00e9cision de ne pas se pr\u00e9senter pour la pr\u00e9sidentielle de 2024, le pr\u00e9sident Macky Sall a pr\u00e9sid\u00e9 le conseil des ministres. Il a expliqu\u00e9 aux membres du gouvernement pourquoi il a pris une telle d\u00e9cision, et leur a donn\u00e9 des directives pour le reste de son magist\u00e8re.<\/p>\n<div id=\"printable\" class=\"text_body\">\n<p>Le 3 juillet dernier, le pr\u00e9sident Macky Sall a annonc\u00e9 au pays, qu\u2019il ne d\u00e9clarerait pas sa candidature pour la pr\u00e9sidentielle de 2024. Ce mercredi, en Conseil des ministres, il a comment\u00e9 cette d\u00e9cision. Le Chef de l\u2019Etat a rappel\u00e9 que ce discours \u00abest une invite \u00e0 Prot\u00e9ger la Nation dans son Unit\u00e9, sa R\u00e9silience et son ambition de poursuivre son \u00e9lan d\u2019\u00c9mergence dans la paix, la stabilit\u00e9, la prosp\u00e9rit\u00e9 et la consolidation d\u2019un Etat de droit de r\u00e9f\u00e9rence.\u00bb<\/p><div class=\"publi-paragraphe1\" style=\"margin-top: 10px;margin-bottom: 10px;margin-left: auto;margin-right: auto;text-align: center;\" id=\"publi-4044094539\"><div class=\"publi-adlabel\">Publicit\u00e9<\/div><script async src=\"\/\/pagead2.googlesyndication.com\/pagead\/js\/adsbygoogle.js?client=ca-pub-4089586018074219\" crossorigin=\"anonymous\"><\/script><ins class=\"adsbygoogle\" style=\"display:block;\" data-ad-client=\"ca-pub-4089586018074219\" \ndata-ad-slot=\"2087940154\" \ndata-ad-format=\"auto\"><\/ins>\n<script> \n(adsbygoogle = window.adsbygoogle || []).push({}); \n<\/script>\n<\/div>\n<p>Aussi, rapporte le Communiqu\u00e9 du Conseil des ministres, le Pr\u00e9sident de la R\u00e9publique a exhort\u00e9 les acteurs politiques et les autres forces vives du pays, \u00e0 cultiver le sens de La Nation S\u00e9n\u00e9galaise ; \u00e0 asseoir l\u2019excellence de notre mod\u00e8le de soci\u00e9t\u00e9 d\u00e9mocratique ; et \u00e0 acc\u00e9l\u00e9rer la transformation structurelle de l\u2019\u00e9conomie nationale dans la dynamique de l\u2019exploitation prochaine des ressources nationales p\u00e9troli\u00e8res et gazi\u00e8res. Il en a profit\u00e9 pour, notamment, remercier tous les ministres qui, depuis 2012, ont servi l\u2019Etat \u00e0 ses c\u00f4t\u00e9s.<\/p>\n<p>\u00abLe Pr\u00e9sident de la R\u00e9publique a r\u00e9it\u00e9r\u00e9 au Gouvernement, qu\u2019il travaillera, sans rel\u00e2che, et jusqu\u2019au 02 avril 2024, pour Servir comme toujours le Peuple S\u00e9n\u00e9galais qui lui a fait confiance ces douze (12) derni\u00e8res ann\u00e9es. D\u00e8s lors, le Chef de l\u2019Etat a indiqu\u00e9 au Gouvernement de rester \u00e0 la t\u00e2che, sur le terrain, pour finaliser les projets prioritaires et pr\u00e9parer dans les meilleures conditions l\u2019\u00e9lection\u00a0Pr\u00e9sidentielle de 2024\u00bb, rapporte toujours le communiqu\u00e9 officiel.<\/p>\n<p>&nbsp;<\/p>\n<\/div>\n<div class=\"publi-apres-le-contenu\" style=\"margin-top: 10px;margin-bottom: 10px;margin-left: auto;margin-right: auto;text-align: center;\" id=\"publi-187219440\"><div class=\"publi-adlabel\">Publicit\u00e9<\/div><script async src=\"\/\/pagead2.googlesyndication.com\/pagead\/js\/adsbygoogle.js?client=ca-pub-4089586018074219\" crossorigin=\"anonymous\"><\/script><ins class=\"adsbygoogle\" style=\"display:block;\" data-ad-client=\"ca-pub-4089586018074219\" \ndata-ad-slot=\"2087940154\" \ndata-ad-format=\"auto\"><\/ins>\n<script> \n(adsbygoogle = window.adsbygoogle || []).push({}); \n<\/script>\n<\/div>","protected":false},"excerpt":{"rendered":"<p>Ce mercredi, deux jours apr\u00e8s l&rsquo;annonce de sa d\u00e9cision de ne pas se pr\u00e9senter pour la pr\u00e9sidentielle de 2024, le pr\u00e9sident Macky Sall a pr\u00e9sid\u00e9 le conseil des ministres. Il a expliqu\u00e9 aux membres du gouvernement pourquoi il a pris une telle d\u00e9cision, et leur a donn\u00e9 des directives pour le reste de son magist\u00e8re. Le 3 juillet dernier, le pr\u00e9sident Macky Sall a annonc\u00e9 au pays, qu\u2019il ne d\u00e9clarerait pas sa candidature pour la pr\u00e9sidentielle de 2024. Ce mercredi, en Conseil des ministres, il a comment\u00e9 cette d\u00e9cision. Le Chef de l\u2019Etat a rappel\u00e9 que ce discours \u00abest une invite \u00e0 Prot\u00e9ger la Nation dans son Unit\u00e9, sa R\u00e9silience et son ambition de poursuivre son \u00e9lan d\u2019\u00c9mergence dans la paix, la stabilit\u00e9, la prosp\u00e9rit\u00e9 et la consolidation d\u2019un Etat de droit de r\u00e9f\u00e9rence.\u00bb Aussi, rapporte le Communiqu\u00e9 du Conseil des ministres, le Pr\u00e9sident de la R\u00e9publique a exhort\u00e9 les acteurs politiques et les autres forces vives du pays, \u00e0 cultiver le sens de La Nation S\u00e9n\u00e9galaise ; \u00e0 asseoir l\u2019excellence de notre mod\u00e8le de soci\u00e9t\u00e9 d\u00e9mocratique ; et \u00e0 acc\u00e9l\u00e9rer la transformation structurelle de l\u2019\u00e9conomie nationale dans la dynamique de l\u2019exploitation prochaine des ressources nationales p\u00e9troli\u00e8res et gazi\u00e8res. Il en a profit\u00e9 pour, notamment, remercier tous les ministres qui, depuis 2012, ont servi l\u2019Etat \u00e0 ses c\u00f4t\u00e9s. \u00abLe Pr\u00e9sident de la R\u00e9publique a r\u00e9it\u00e9r\u00e9 au Gouvernement, qu\u2019il travaillera, sans rel\u00e2che, et jusqu\u2019au 02 avril 2024, pour Servir comme toujours le Peuple S\u00e9n\u00e9galais qui lui a fait confiance ces douze (12) derni\u00e8res ann\u00e9es. D\u00e8s lors, le Chef de l\u2019Etat a indiqu\u00e9 au Gouvernement de rester \u00e0 la t\u00e2che, sur le terrain, pour finaliser les projets prioritaires et pr\u00e9parer dans les meilleures conditions l\u2019\u00e9lection\u00a0Pr\u00e9sidentielle de 2024\u00bb, rapporte toujours le communiqu\u00e9 officiel. &nbsp;<\/p>\n","protected":false},"author":7,"featured_media":24577,"comment_status":"open","ping_status":"open","sticky":false,"template":"","format":"standard","meta":{"_jetpack_memberships_contains_paid_content":false,"footnotes":""},"categories":[375,3,8,372],"tags":[],"class_list":["post-24576","post","type-post","status-publish","format-standard","has-post-thumbnail","hentry","category-actualites","category-politique","category-public-tv","category-vedette","entry","has-media","owp-thumbs-layout-horizontal","owp-btn-normal","owp-tabs-layout-horizontal","has-no-thumbnails","has-product-nav"],"yoast_head":"<!-- This site is optimized with the Yoast SEO plugin v25.5 - https:\/\/yoast.com\/wordpress\/plugins\/seo\/ -->\n<title>Macky Sall explique \u00e0 ses ministres les raisons de sa non candidature en 2024 - LE PUBLIC<\/title>\n<meta name=\"robots\" content=\"index, follow, max-snippet:-1, max-image-preview:large, max-video-preview:-1\" \/>\n<link rel=\"canonical\" href=\"https:\/\/www.public.sn\/index.php\/2023\/07\/06\/invite-a-proteger-la-nation-dans-son-unite-sa-resilience-et-son-ambition-de-poursuivre-son-elan-demergence-dans-la-paix-la-stabilite-la-prosperite-et-la-consolidation-dun-etat-de\/\" \/>\n<meta property=\"og:locale\" content=\"fr_FR\" \/>\n<meta property=\"og:type\" content=\"article\" \/>\n<meta property=\"og:title\" content=\"Macky Sall explique \u00e0 ses ministres les raisons de sa non candidature en 2024 - LE PUBLIC\" \/>\n<meta property=\"og:description\" content=\"Ce mercredi, deux jours apr\u00e8s l&rsquo;annonce de sa d\u00e9cision de ne pas se pr\u00e9senter pour la pr\u00e9sidentielle de 2024, le pr\u00e9sident Macky Sall a pr\u00e9sid\u00e9 le conseil des ministres. Il a expliqu\u00e9 aux membres du gouvernement pourquoi il a pris une telle d\u00e9cision, et leur a donn\u00e9 des directives pour le reste de son magist\u00e8re. Le 3 juillet dernier, le pr\u00e9sident Macky Sall a annonc\u00e9 au pays, qu\u2019il ne d\u00e9clarerait pas sa candidature pour la pr\u00e9sidentielle de 2024. Ce mercredi, en Conseil des ministres, il a comment\u00e9 cette d\u00e9cision. Le Chef de l\u2019Etat a rappel\u00e9 que ce discours \u00abest une invite \u00e0 Prot\u00e9ger la Nation dans son Unit\u00e9, sa R\u00e9silience et son ambition de poursuivre son \u00e9lan d\u2019\u00c9mergence dans la paix, la stabilit\u00e9, la prosp\u00e9rit\u00e9 et la consolidation d\u2019un Etat de droit de r\u00e9f\u00e9rence.\u00bb Aussi, rapporte le Communiqu\u00e9 du Conseil des ministres, le Pr\u00e9sident de la R\u00e9publique a exhort\u00e9 les acteurs politiques et les autres forces vives du pays, \u00e0 cultiver le sens de La Nation S\u00e9n\u00e9galaise ; \u00e0 asseoir l\u2019excellence de notre mod\u00e8le de soci\u00e9t\u00e9 d\u00e9mocratique ; et \u00e0 acc\u00e9l\u00e9rer la transformation structurelle de l\u2019\u00e9conomie nationale dans la dynamique de l\u2019exploitation prochaine des ressources nationales p\u00e9troli\u00e8res et gazi\u00e8res. Il en a profit\u00e9 pour, notamment, remercier tous les ministres qui, depuis 2012, ont servi l\u2019Etat \u00e0 ses c\u00f4t\u00e9s. \u00abLe Pr\u00e9sident de la R\u00e9publique a r\u00e9it\u00e9r\u00e9 au Gouvernement, qu\u2019il travaillera, sans rel\u00e2che, et jusqu\u2019au 02 avril 2024, pour Servir comme toujours le Peuple S\u00e9n\u00e9galais qui lui a fait confiance ces douze (12) derni\u00e8res ann\u00e9es. D\u00e8s lors, le Chef de l\u2019Etat a indiqu\u00e9 au Gouvernement de rester \u00e0 la t\u00e2che, sur le terrain, pour finaliser les projets prioritaires et pr\u00e9parer dans les meilleures conditions l\u2019\u00e9lection\u00a0Pr\u00e9sidentielle de 2024\u00bb, rapporte toujours le communiqu\u00e9 officiel. &nbsp;\" \/>\n<meta property=\"og:url\" content=\"https:\/\/www.public.sn\/index.php\/2023\/07\/06\/invite-a-proteger-la-nation-dans-son-unite-sa-resilience-et-son-ambition-de-poursuivre-son-elan-demergence-dans-la-paix-la-stabilite-la-prosperite-et-la-consolidation-dun-etat-de\/\" \/>\n<meta property=\"og:site_name\" content=\"LE PUBLIC\" \/>\n<meta property=\"article:published_time\" content=\"2023-07-06T15:04:06+00:00\" \/>\n<meta property=\"article:modified_time\" content=\"2023-07-06T19:00:40+00:00\" \/>\n<meta property=\"og:image\" content=\"https:\/\/www.public.sn\/wp-content\/uploads\/2023\/07\/macky-drapeau-copie-2_2256.jpeg\" \/>\n\t<meta property=\"og:image:width\" content=\"1280\" \/>\n\t<meta property=\"og:image:height\" content=\"702\" \/>\n\t<meta property=\"og:image:type\" content=\"image\/jpeg\" \/>\n<meta name=\"author\" content=\"LA REDACTION\" \/>\n<meta name=\"twitter:card\" content=\"summary_large_image\" \/>\n<meta name=\"twitter:label1\" content=\"\u00c9crit par\" \/>\n\t<meta name=\"twitter:data1\" content=\"LA REDACTION\" \/>\n\t<meta name=\"twitter:label2\" content=\"Dur\u00e9e de lecture estim\u00e9e\" \/>\n\t<meta name=\"twitter:data2\" content=\"2 minutes\" \/>\n<script type=\"application\/ld+json\" class=\"yoast-schema-graph\">{\"@context\":\"https:\/\/schema.org\",\"@graph\":[{\"@type\":\"Article\",\"@id\":\"https:\/\/www.public.sn\/index.php\/2023\/07\/06\/invite-a-proteger-la-nation-dans-son-unite-sa-resilience-et-son-ambition-de-poursuivre-son-elan-demergence-dans-la-paix-la-stabilite-la-prosperite-et-la-consolidation-dun-etat-de\/#article\",\"isPartOf\":{\"@id\":\"https:\/\/www.public.sn\/index.php\/2023\/07\/06\/invite-a-proteger-la-nation-dans-son-unite-sa-resilience-et-son-ambition-de-poursuivre-son-elan-demergence-dans-la-paix-la-stabilite-la-prosperite-et-la-consolidation-dun-etat-de\/\"},\"author\":{\"name\":\"LA REDACTION\",\"@id\":\"https:\/\/www.public.sn\/#\/schema\/person\/cb76c8e1b8becc6be61fb5e92d6d0224\"},\"headline\":\"Macky Sall explique \u00e0 ses ministres les raisons de sa non candidature en 2024\",\"datePublished\":\"2023-07-06T15:04:06+00:00\",\"dateModified\":\"2023-07-06T19:00:40+00:00\",\"mainEntityOfPage\":{\"@id\":\"https:\/\/www.public.sn\/index.php\/2023\/07\/06\/invite-a-proteger-la-nation-dans-son-unite-sa-resilience-et-son-ambition-de-poursuivre-son-elan-demergence-dans-la-paix-la-stabilite-la-prosperite-et-la-consolidation-dun-etat-de\/\"},\"wordCount\":344,\"commentCount\":0,\"publisher\":{\"@id\":\"https:\/\/www.public.sn\/#organization\"},\"image\":{\"@id\":\"https:\/\/www.public.sn\/index.php\/2023\/07\/06\/invite-a-proteger-la-nation-dans-son-unite-sa-resilience-et-son-ambition-de-poursuivre-son-elan-demergence-dans-la-paix-la-stabilite-la-prosperite-et-la-consolidation-dun-etat-de\/#primaryimage\"},\"thumbnailUrl\":\"https:\/\/www.public.sn\/wp-content\/uploads\/2023\/07\/macky-drapeau-copie-2_2256.jpeg\",\"articleSection\":[\"ACTUALIT\u00c9S\",\"POLITIQUE\",\"PUBLIC TV\",\"VEDETTE\"],\"inLanguage\":\"fr-FR\",\"potentialAction\":[{\"@type\":\"CommentAction\",\"name\":\"Comment\",\"target\":[\"https:\/\/www.public.sn\/index.php\/2023\/07\/06\/invite-a-proteger-la-nation-dans-son-unite-sa-resilience-et-son-ambition-de-poursuivre-son-elan-demergence-dans-la-paix-la-stabilite-la-prosperite-et-la-consolidation-dun-etat-de\/#respond\"]}]},{\"@type\":\"WebPage\",\"@id\":\"https:\/\/www.public.sn\/index.php\/2023\/07\/06\/invite-a-proteger-la-nation-dans-son-unite-sa-resilience-et-son-ambition-de-poursuivre-son-elan-demergence-dans-la-paix-la-stabilite-la-prosperite-et-la-consolidation-dun-etat-de\/\",\"url\":\"https:\/\/www.public.sn\/index.php\/2023\/07\/06\/invite-a-proteger-la-nation-dans-son-unite-sa-resilience-et-son-ambition-de-poursuivre-son-elan-demergence-dans-la-paix-la-stabilite-la-prosperite-et-la-consolidation-dun-etat-de\/\",\"name\":\"Macky Sall explique \u00e0 ses ministres les raisons de sa non candidature en 2024 - LE PUBLIC\",\"isPartOf\":{\"@id\":\"https:\/\/www.public.sn\/#website\"},\"primaryImageOfPage\":{\"@id\":\"https:\/\/www.public.sn\/index.php\/2023\/07\/06\/invite-a-proteger-la-nation-dans-son-unite-sa-resilience-et-son-ambition-de-poursuivre-son-elan-demergence-dans-la-paix-la-stabilite-la-prosperite-et-la-consolidation-dun-etat-de\/#primaryimage\"},\"image\":{\"@id\":\"https:\/\/www.public.sn\/index.php\/2023\/07\/06\/invite-a-proteger-la-nation-dans-son-unite-sa-resilience-et-son-ambition-de-poursuivre-son-elan-demergence-dans-la-paix-la-stabilite-la-prosperite-et-la-consolidation-dun-etat-de\/#primaryimage\"},\"thumbnailUrl\":\"https:\/\/www.public.sn\/wp-content\/uploads\/2023\/07\/macky-drapeau-copie-2_2256.jpeg\",\"datePublished\":\"2023-07-06T15:04:06+00:00\",\"dateModified\":\"2023-07-06T19:00:40+00:00\",\"breadcrumb\":{\"@id\":\"https:\/\/www.public.sn\/index.php\/2023\/07\/06\/invite-a-proteger-la-nation-dans-son-unite-sa-resilience-et-son-ambition-de-poursuivre-son-elan-demergence-dans-la-paix-la-stabilite-la-prosperite-et-la-consolidation-dun-etat-de\/#breadcrumb\"},\"inLanguage\":\"fr-FR\",\"potentialAction\":[{\"@type\":\"ReadAction\",\"target\":[\"https:\/\/www.public.sn\/index.php\/2023\/07\/06\/invite-a-proteger-la-nation-dans-son-unite-sa-resilience-et-son-ambition-de-poursuivre-son-elan-demergence-dans-la-paix-la-stabilite-la-prosperite-et-la-consolidation-dun-etat-de\/\"]}]},{\"@type\":\"ImageObject\",\"inLanguage\":\"fr-FR\",\"@id\":\"https:\/\/www.public.sn\/index.php\/2023\/07\/06\/invite-a-proteger-la-nation-dans-son-unite-sa-resilience-et-son-ambition-de-poursuivre-son-elan-demergence-dans-la-paix-la-stabilite-la-prosperite-et-la-consolidation-dun-etat-de\/#primaryimage\",\"url\":\"https:\/\/www.public.sn\/wp-content\/uploads\/2023\/07\/macky-drapeau-copie-2_2256.jpeg\",\"contentUrl\":\"https:\/\/www.public.sn\/wp-content\/uploads\/2023\/07\/macky-drapeau-copie-2_2256.jpeg\",\"width\":1280,\"height\":702},{\"@type\":\"BreadcrumbList\",\"@id\":\"https:\/\/www.public.sn\/index.php\/2023\/07\/06\/invite-a-proteger-la-nation-dans-son-unite-sa-resilience-et-son-ambition-de-poursuivre-son-elan-demergence-dans-la-paix-la-stabilite-la-prosperite-et-la-consolidation-dun-etat-de\/#breadcrumb\",\"itemListElement\":[{\"@type\":\"ListItem\",\"position\":1,\"name\":\"Accueil\",\"item\":\"https:\/\/www.public.sn\/\"},{\"@type\":\"ListItem\",\"position\":2,\"name\":\"Macky Sall explique \u00e0 ses ministres les raisons de sa non candidature en 2024\"}]},{\"@type\":\"WebSite\",\"@id\":\"https:\/\/www.public.sn\/#website\",\"url\":\"https:\/\/www.public.sn\/\",\"name\":\"LE PUBLIC\",\"description\":\"\",\"publisher\":{\"@id\":\"https:\/\/www.public.sn\/#organization\"},\"potentialAction\":[{\"@type\":\"SearchAction\",\"target\":{\"@type\":\"EntryPoint\",\"urlTemplate\":\"https:\/\/www.public.sn\/?s={search_term_string}\"},\"query-input\":{\"@type\":\"PropertyValueSpecification\",\"valueRequired\":true,\"valueName\":\"search_term_string\"}}],\"inLanguage\":\"fr-FR\"},{\"@type\":\"Organization\",\"@id\":\"https:\/\/www.public.sn\/#organization\",\"name\":\"LE PUBLIC\",\"url\":\"https:\/\/www.public.sn\/\",\"logo\":{\"@type\":\"ImageObject\",\"inLanguage\":\"fr-FR\",\"@id\":\"https:\/\/www.public.sn\/#\/schema\/logo\/image\/\",\"url\":\"https:\/\/www.public.sn\/wp-content\/uploads\/2024\/05\/cropped-LOGO-PUBLIC.SN_.png\",\"contentUrl\":\"https:\/\/www.public.sn\/wp-content\/uploads\/2024\/05\/cropped-LOGO-PUBLIC.SN_.png\",\"width\":682,\"height\":192,\"caption\":\"LE PUBLIC\"},\"image\":{\"@id\":\"https:\/\/www.public.sn\/#\/schema\/logo\/image\/\"}},{\"@type\":\"Person\",\"@id\":\"https:\/\/www.public.sn\/#\/schema\/person\/cb76c8e1b8becc6be61fb5e92d6d0224\",\"name\":\"LA REDACTION\",\"image\":{\"@type\":\"ImageObject\",\"inLanguage\":\"fr-FR\",\"@id\":\"https:\/\/www.public.sn\/#\/schema\/person\/image\/\",\"url\":\"https:\/\/secure.gravatar.com\/avatar\/2dce5ddd34b8fef0180efe03aa2a9bee7d953856048f9a16b298190a3178407c?s=96&d=mm&r=g\",\"contentUrl\":\"https:\/\/secure.gravatar.com\/avatar\/2dce5ddd34b8fef0180efe03aa2a9bee7d953856048f9a16b298190a3178407c?s=96&d=mm&r=g\",\"caption\":\"LA REDACTION\"},\"url\":\"https:\/\/www.public.sn\/index.php\/author\/editeurpsn\/\"}]}<\/script>\n<!-- \/ Yoast SEO plugin. -->","yoast_head_json":{"title":"Macky Sall explique \u00e0 ses ministres les raisons de sa non candidature en 2024 - LE PUBLIC","robots":{"index":"index","follow":"follow","max-snippet":"max-snippet:-1","max-image-preview":"max-image-preview:large","max-video-preview":"max-video-preview:-1"},"canonical":"https:\/\/www.public.sn\/index.php\/2023\/07\/06\/invite-a-proteger-la-nation-dans-son-unite-sa-resilience-et-son-ambition-de-poursuivre-son-elan-demergence-dans-la-paix-la-stabilite-la-prosperite-et-la-consolidation-dun-etat-de\/","og_locale":"fr_FR","og_type":"article","og_title":"Macky Sall explique \u00e0 ses ministres les raisons de sa non candidature en 2024 - LE PUBLIC","og_description":"Ce mercredi, deux jours apr\u00e8s l&rsquo;annonce de sa d\u00e9cision de ne pas se pr\u00e9senter pour la pr\u00e9sidentielle de 2024, le pr\u00e9sident Macky Sall a pr\u00e9sid\u00e9 le conseil des ministres. Il a expliqu\u00e9 aux membres du gouvernement pourquoi il a pris une telle d\u00e9cision, et leur a donn\u00e9 des directives pour le reste de son magist\u00e8re. Le 3 juillet dernier, le pr\u00e9sident Macky Sall a annonc\u00e9 au pays, qu\u2019il ne d\u00e9clarerait pas sa candidature pour la pr\u00e9sidentielle de 2024. Ce mercredi, en Conseil des ministres, il a comment\u00e9 cette d\u00e9cision. Le Chef de l\u2019Etat a rappel\u00e9 que ce discours \u00abest une invite \u00e0 Prot\u00e9ger la Nation dans son Unit\u00e9, sa R\u00e9silience et son ambition de poursuivre son \u00e9lan d\u2019\u00c9mergence dans la paix, la stabilit\u00e9, la prosp\u00e9rit\u00e9 et la consolidation d\u2019un Etat de droit de r\u00e9f\u00e9rence.\u00bb Aussi, rapporte le Communiqu\u00e9 du Conseil des ministres, le Pr\u00e9sident de la R\u00e9publique a exhort\u00e9 les acteurs politiques et les autres forces vives du pays, \u00e0 cultiver le sens de La Nation S\u00e9n\u00e9galaise ; \u00e0 asseoir l\u2019excellence de notre mod\u00e8le de soci\u00e9t\u00e9 d\u00e9mocratique ; et \u00e0 acc\u00e9l\u00e9rer la transformation structurelle de l\u2019\u00e9conomie nationale dans la dynamique de l\u2019exploitation prochaine des ressources nationales p\u00e9troli\u00e8res et gazi\u00e8res. Il en a profit\u00e9 pour, notamment, remercier tous les ministres qui, depuis 2012, ont servi l\u2019Etat \u00e0 ses c\u00f4t\u00e9s. \u00abLe Pr\u00e9sident de la R\u00e9publique a r\u00e9it\u00e9r\u00e9 au Gouvernement, qu\u2019il travaillera, sans rel\u00e2che, et jusqu\u2019au 02 avril 2024, pour Servir comme toujours le Peuple S\u00e9n\u00e9galais qui lui a fait confiance ces douze (12) derni\u00e8res ann\u00e9es. D\u00e8s lors, le Chef de l\u2019Etat a indiqu\u00e9 au Gouvernement de rester \u00e0 la t\u00e2che, sur le terrain, pour finaliser les projets prioritaires et pr\u00e9parer dans les meilleures conditions l\u2019\u00e9lection\u00a0Pr\u00e9sidentielle de 2024\u00bb, rapporte toujours le communiqu\u00e9 officiel. &nbsp;","og_url":"https:\/\/www.public.sn\/index.php\/2023\/07\/06\/invite-a-proteger-la-nation-dans-son-unite-sa-resilience-et-son-ambition-de-poursuivre-son-elan-demergence-dans-la-paix-la-stabilite-la-prosperite-et-la-consolidation-dun-etat-de\/","og_site_name":"LE PUBLIC","article_published_time":"2023-07-06T15:04:06+00:00","article_modified_time":"2023-07-06T19:00:40+00:00","og_image":[{"width":1280,"height":702,"url":"https:\/\/www.public.sn\/wp-content\/uploads\/2023\/07\/macky-drapeau-copie-2_2256.jpeg","type":"image\/jpeg"}],"author":"LA REDACTION","twitter_card":"summary_large_image","twitter_misc":{"\u00c9crit par":"LA REDACTION","Dur\u00e9e de lecture estim\u00e9e":"2 minutes"},"schema":{"@context":"https:\/\/schema.org","@graph":[{"@type":"Article","@id":"https:\/\/www.public.sn\/index.php\/2023\/07\/06\/invite-a-proteger-la-nation-dans-son-unite-sa-resilience-et-son-ambition-de-poursuivre-son-elan-demergence-dans-la-paix-la-stabilite-la-prosperite-et-la-consolidation-dun-etat-de\/#article","isPartOf":{"@id":"https:\/\/www.public.sn\/index.php\/2023\/07\/06\/invite-a-proteger-la-nation-dans-son-unite-sa-resilience-et-son-ambition-de-poursuivre-son-elan-demergence-dans-la-paix-la-stabilite-la-prosperite-et-la-consolidation-dun-etat-de\/"},"author":{"name":"LA REDACTION","@id":"https:\/\/www.public.sn\/#\/schema\/person\/cb76c8e1b8becc6be61fb5e92d6d0224"},"headline":"Macky Sall explique \u00e0 ses ministres les raisons de sa non candidature en 2024","datePublished":"2023-07-06T15:04:06+00:00","dateModified":"2023-07-06T19:00:40+00:00","mainEntityOfPage":{"@id":"https:\/\/www.public.sn\/index.php\/2023\/07\/06\/invite-a-proteger-la-nation-dans-son-unite-sa-resilience-et-son-ambition-de-poursuivre-son-elan-demergence-dans-la-paix-la-stabilite-la-prosperite-et-la-consolidation-dun-etat-de\/"},"wordCount":344,"commentCount":0,"publisher":{"@id":"https:\/\/www.public.sn\/#organization"},"image":{"@id":"https:\/\/www.public.sn\/index.php\/2023\/07\/06\/invite-a-proteger-la-nation-dans-son-unite-sa-resilience-et-son-ambition-de-poursuivre-son-elan-demergence-dans-la-paix-la-stabilite-la-prosperite-et-la-consolidation-dun-etat-de\/#primaryimage"},"thumbnailUrl":"https:\/\/www.public.sn\/wp-content\/uploads\/2023\/07\/macky-drapeau-copie-2_2256.jpeg","articleSection":["ACTUALIT\u00c9S","POLITIQUE","PUBLIC TV","VEDETTE"],"inLanguage":"fr-FR","potentialAction":[{"@type":"CommentAction","name":"Comment","target":["https:\/\/www.public.sn\/index.php\/2023\/07\/06\/invite-a-proteger-la-nation-dans-son-unite-sa-resilience-et-son-ambition-de-poursuivre-son-elan-demergence-dans-la-paix-la-stabilite-la-prosperite-et-la-consolidation-dun-etat-de\/#respond"]}]},{"@type":"WebPage","@id":"https:\/\/www.public.sn\/index.php\/2023\/07\/06\/invite-a-proteger-la-nation-dans-son-unite-sa-resilience-et-son-ambition-de-poursuivre-son-elan-demergence-dans-la-paix-la-stabilite-la-prosperite-et-la-consolidation-dun-etat-de\/","url":"https:\/\/www.public.sn\/index.php\/2023\/07\/06\/invite-a-proteger-la-nation-dans-son-unite-sa-resilience-et-son-ambition-de-poursuivre-son-elan-demergence-dans-la-paix-la-stabilite-la-prosperite-et-la-consolidation-dun-etat-de\/","name":"Macky Sall explique \u00e0 ses ministres les raisons de sa non candidature en 2024 - LE PUBLIC","isPartOf":{"@id":"https:\/\/www.public.sn\/#website"},"primaryImageOfPage":{"@id":"https:\/\/www.public.sn\/index.php\/2023\/07\/06\/invite-a-proteger-la-nation-dans-son-unite-sa-resilience-et-son-ambition-de-poursuivre-son-elan-demergence-dans-la-paix-la-stabilite-la-prosperite-et-la-consolidation-dun-etat-de\/#primaryimage"},"image":{"@id":"https:\/\/www.public.sn\/index.php\/2023\/07\/06\/invite-a-proteger-la-nation-dans-son-unite-sa-resilience-et-son-ambition-de-poursuivre-son-elan-demergence-dans-la-paix-la-stabilite-la-prosperite-et-la-consolidation-dun-etat-de\/#primaryimage"},"thumbnailUrl":"https:\/\/www.public.sn\/wp-content\/uploads\/2023\/07\/macky-drapeau-copie-2_2256.jpeg","datePublished":"2023-07-06T15:04:06+00:00","dateModified":"2023-07-06T19:00:40+00:00","breadcrumb":{"@id":"https:\/\/www.public.sn\/index.php\/2023\/07\/06\/invite-a-proteger-la-nation-dans-son-unite-sa-resilience-et-son-ambition-de-poursuivre-son-elan-demergence-dans-la-paix-la-stabilite-la-prosperite-et-la-consolidation-dun-etat-de\/#breadcrumb"},"inLanguage":"fr-FR","potentialAction":[{"@type":"ReadAction","target":["https:\/\/www.public.sn\/index.php\/2023\/07\/06\/invite-a-proteger-la-nation-dans-son-unite-sa-resilience-et-son-ambition-de-poursuivre-son-elan-demergence-dans-la-paix-la-stabilite-la-prosperite-et-la-consolidation-dun-etat-de\/"]}]},{"@type":"ImageObject","inLanguage":"fr-FR","@id":"https:\/\/www.public.sn\/index.php\/2023\/07\/06\/invite-a-proteger-la-nation-dans-son-unite-sa-resilience-et-son-ambition-de-poursuivre-son-elan-demergence-dans-la-paix-la-stabilite-la-prosperite-et-la-consolidation-dun-etat-de\/#primaryimage","url":"https:\/\/www.public.sn\/wp-content\/uploads\/2023\/07\/macky-drapeau-copie-2_2256.jpeg","contentUrl":"https:\/\/www.public.sn\/wp-content\/uploads\/2023\/07\/macky-drapeau-copie-2_2256.jpeg","width":1280,"height":702},{"@type":"BreadcrumbList","@id":"https:\/\/www.public.sn\/index.php\/2023\/07\/06\/invite-a-proteger-la-nation-dans-son-unite-sa-resilience-et-son-ambition-de-poursuivre-son-elan-demergence-dans-la-paix-la-stabilite-la-prosperite-et-la-consolidation-dun-etat-de\/#breadcrumb","itemListElement":[{"@type":"ListItem","position":1,"name":"Accueil","item":"https:\/\/www.public.sn\/"},{"@type":"ListItem","position":2,"name":"Macky Sall explique \u00e0 ses ministres les raisons de sa non candidature en 2024"}]},{"@type":"WebSite","@id":"https:\/\/www.public.sn\/#website","url":"https:\/\/www.public.sn\/","name":"LE PUBLIC","description":"","publisher":{"@id":"https:\/\/www.public.sn\/#organization"},"potentialAction":[{"@type":"SearchAction","target":{"@type":"EntryPoint","urlTemplate":"https:\/\/www.public.sn\/?s={search_term_string}"},"query-input":{"@type":"PropertyValueSpecification","valueRequired":true,"valueName":"search_term_string"}}],"inLanguage":"fr-FR"},{"@type":"Organization","@id":"https:\/\/www.public.sn\/#organization","name":"LE PUBLIC","url":"https:\/\/www.public.sn\/","logo":{"@type":"ImageObject","inLanguage":"fr-FR","@id":"https:\/\/www.public.sn\/#\/schema\/logo\/image\/","url":"https:\/\/www.public.sn\/wp-content\/uploads\/2024\/05\/cropped-LOGO-PUBLIC.SN_.png","contentUrl":"https:\/\/www.public.sn\/wp-content\/uploads\/2024\/05\/cropped-LOGO-PUBLIC.SN_.png","width":682,"height":192,"caption":"LE PUBLIC"},"image":{"@id":"https:\/\/www.public.sn\/#\/schema\/logo\/image\/"}},{"@type":"Person","@id":"https:\/\/www.public.sn\/#\/schema\/person\/cb76c8e1b8becc6be61fb5e92d6d0224","name":"LA REDACTION","image":{"@type":"ImageObject","inLanguage":"fr-FR","@id":"https:\/\/www.public.sn\/#\/schema\/person\/image\/","url":"https:\/\/secure.gravatar.com\/avatar\/2dce5ddd34b8fef0180efe03aa2a9bee7d953856048f9a16b298190a3178407c?s=96&d=mm&r=g","contentUrl":"https:\/\/secure.gravatar.com\/avatar\/2dce5ddd34b8fef0180efe03aa2a9bee7d953856048f9a16b298190a3178407c?s=96&d=mm&r=g","caption":"LA REDACTION"},"url":"https:\/\/www.public.sn\/index.php\/author\/editeurpsn\/"}]}},"jetpack_featured_media_url":"https:\/\/www.public.sn\/wp-content\/uploads\/2023\/07\/macky-drapeau-copie-2_2256.jpeg","jetpack_sharing_enabled":true,"_links":{"self":[{"href":"https:\/\/www.public.sn\/index.php\/wp-json\/wp\/v2\/posts\/24576","targetHints":{"allow":["GET"]}}],"collection":[{"href":"https:\/\/www.public.sn\/index.php\/wp-json\/wp\/v2\/posts"}],"about":[{"href":"https:\/\/www.public.sn\/index.php\/wp-json\/wp\/v2\/types\/post"}],"author":[{"embeddable":true,"href":"https:\/\/www.public.sn\/index.php\/wp-json\/wp\/v2\/users\/7"}],"replies":[{"embeddable":true,"href":"https:\/\/www.public.sn\/index.php\/wp-json\/wp\/v2\/comments?post=24576"}],"version-history":[{"count":3,"href":"https:\/\/www.public.sn\/index.php\/wp-json\/wp\/v2\/posts\/24576\/revisions"}],"predecessor-version":[{"id":24589,"href":"https:\/\/www.public.sn\/index.php\/wp-json\/wp\/v2\/posts\/24576\/revisions\/24589"}],"wp:featuredmedia":[{"embeddable":true,"href":"https:\/\/www.public.sn\/index.php\/wp-json\/wp\/v2\/media\/24577"}],"wp:attachment":[{"href":"https:\/\/www.public.sn\/index.php\/wp-json\/wp\/v2\/media?parent=24576"}],"wp:term":[{"taxonomy":"category","embeddable":true,"href":"https:\/\/www.public.sn\/index.php\/wp-json\/wp\/v2\/categories?post=24576"},{"taxonomy":"post_tag","embeddable":true,"href":"https:\/\/www.public.sn\/index.php\/wp-json\/wp\/v2\/tags?post=24576"}],"curies":[{"name":"wp","href":"https:\/\/api.w.org\/{rel}","templated":true}]}}