{"id":24584,"date":"2023-07-06T18:53:03","date_gmt":"2023-07-06T18:53:03","guid":{"rendered":"https:\/\/www.public.sn\/?p=24584"},"modified":"2023-07-06T18:53:03","modified_gmt":"2023-07-06T18:53:03","slug":"necrologie-seyda-hafsat-la-fille-de-maman-seyda-ummuhani-bint-shaykh-ibrahima-niass-ra-rappelee-a-dieu","status":"publish","type":"post","link":"https:\/\/www.public.sn\/index.php\/2023\/07\/06\/necrologie-seyda-hafsat-la-fille-de-maman-seyda-ummuhani-bint-shaykh-ibrahima-niass-ra-rappelee-a-dieu\/","title":{"rendered":"N\u00e9crologie : Seyda Hafsat, la fille de Maman Seyda Ummuhani Bint Shaykh Ibrahima Niass (RA), rappel\u00e9e \u00e0 Dieu"},"content":{"rendered":"<p><strong>Une mauvaise nouvelle vient de nous parvenir. En effet, la nouvelle La communaut\u00e9 Niassene est endeuill\u00e9e par le rappel \u00e0 Dieu de Sayda Hafsat.<\/strong><\/p><div class=\"publi-paragraphe1\" style=\"margin-top: 10px;margin-bottom: 10px;margin-left: auto;margin-right: auto;text-align: center;\" id=\"publi-2037928174\"><div class=\"publi-adlabel\">Publicit\u00e9<\/div><script async src=\"\/\/pagead2.googlesyndication.com\/pagead\/js\/adsbygoogle.js?client=ca-pub-4089586018074219\" crossorigin=\"anonymous\"><\/script><ins class=\"adsbygoogle\" style=\"display:block;\" data-ad-client=\"ca-pub-4089586018074219\" \ndata-ad-slot=\"2087940154\" \ndata-ad-format=\"auto\"><\/ins>\n<script> \n(adsbygoogle = window.adsbygoogle || []).push({}); \n<\/script>\n<\/div>\n<p><em>\u00ab C&rsquo;est avec une grande tristesse que nous venons d\u2019apprendre la nouvelle d\u00e9chirante du d\u00e9c\u00e8s de Seyda Hafsat (la premi\u00e8re fille de Maman Seyda Ummuhani Bint Shaykh Ibrahima Niass RA) dans les premi\u00e8res heures de ce jeudi, 6 juillet 2023 \u00bb., <\/em>annonce Faydou Actu<\/p>\n<p>Publlic.sn pr\u00e9sente ses condol\u00e9ances \u00e0 la communaut\u00e9 Niass\u00e9ne, \u00e0 la famille \u00e9plor\u00e9e et \u00e0 l\u2019ensemble de la Ummah et prie pour le repos de l \u00e2me de la d\u00e9funte.<\/p>\n<p><img fetchpriority=\"high\" decoding=\"async\" class=\"alignnone size-full wp-image-24585\" src=\"https:\/\/www.public.sn\/wp-content\/uploads\/2023\/07\/img_5184.webp\" alt=\"\" width=\"1125\" height=\"775\" srcset=\"https:\/\/www.public.sn\/wp-content\/uploads\/2023\/07\/img_5184.webp 1125w, https:\/\/www.public.sn\/wp-content\/uploads\/2023\/07\/img_5184-600x413.webp 600w, https:\/\/www.public.sn\/wp-content\/uploads\/2023\/07\/img_5184-300x207.webp 300w, https:\/\/www.public.sn\/wp-content\/uploads\/2023\/07\/img_5184-1024x705.webp 1024w, https:\/\/www.public.sn\/wp-content\/uploads\/2023\/07\/img_5184-768x529.webp 768w\" sizes=\"(max-width: 1125px) 100vw, 1125px\" \/><\/p>\n<p><img decoding=\"async\" class=\"alignnone size-full wp-image-24586\" src=\"https:\/\/www.public.sn\/wp-content\/uploads\/2023\/07\/img_5185.jpeg\" alt=\"\" width=\"720\" height=\"548\" srcset=\"https:\/\/www.public.sn\/wp-content\/uploads\/2023\/07\/img_5185.jpeg 720w, https:\/\/www.public.sn\/wp-content\/uploads\/2023\/07\/img_5185-600x457.jpeg 600w, https:\/\/www.public.sn\/wp-content\/uploads\/2023\/07\/img_5185-300x228.jpeg 300w\" sizes=\"(max-width: 720px) 100vw, 720px\" \/><\/p>\n<div class=\"publi-apres-le-contenu\" style=\"margin-top: 10px;margin-bottom: 10px;margin-left: auto;margin-right: auto;text-align: center;\" id=\"publi-1555584701\"><div class=\"publi-adlabel\">Publicit\u00e9<\/div><script async src=\"\/\/pagead2.googlesyndication.com\/pagead\/js\/adsbygoogle.js?client=ca-pub-4089586018074219\" crossorigin=\"anonymous\"><\/script><ins class=\"adsbygoogle\" style=\"display:block;\" data-ad-client=\"ca-pub-4089586018074219\" \ndata-ad-slot=\"2087940154\" \ndata-ad-format=\"auto\"><\/ins>\n<script> \n(adsbygoogle = window.adsbygoogle || []).push({}); \n<\/script>\n<\/div>","protected":false},"excerpt":{"rendered":"<p>Une mauvaise nouvelle vient de nous parvenir. En effet, la nouvelle La communaut\u00e9 Niassene est endeuill\u00e9e par le rappel \u00e0 Dieu de Sayda Hafsat. \u00ab C&rsquo;est avec une grande tristesse que nous venons d\u2019apprendre la nouvelle d\u00e9chirante du d\u00e9c\u00e8s de Seyda Hafsat (la premi\u00e8re fille de Maman Seyda Ummuhani Bint Shaykh Ibrahima Niass RA) dans les premi\u00e8res heures de ce jeudi, 6 juillet 2023 \u00bb., annonce Faydou Actu Publlic.sn pr\u00e9sente ses condol\u00e9ances \u00e0 la communaut\u00e9 Niass\u00e9ne, \u00e0 la famille \u00e9plor\u00e9e et \u00e0 l\u2019ensemble de la Ummah et prie pour le repos de l \u00e2me de la d\u00e9funte.<\/p>\n","protected":false},"author":1,"featured_media":24585,"comment_status":"open","ping_status":"open","sticky":false,"template":"","format":"standard","meta":{"_jetpack_memberships_contains_paid_content":false,"footnotes":""},"categories":[371,872,878,1,4],"tags":[5255,5254],"class_list":["post-24584","post","type-post","status-publish","format-standard","has-post-thumbnail","hentry","category-necrologie","category-photos","category-religion","category-non-classe","category-societe","tag-niassene","tag-seyda-hafsat","entry","has-media","owp-thumbs-layout-horizontal","owp-btn-normal","owp-tabs-layout-horizontal","has-no-thumbnails","has-product-nav"],"yoast_head":"<!-- This site is optimized with the Yoast SEO plugin v25.5 - https:\/\/yoast.com\/wordpress\/plugins\/seo\/ -->\n<title>N\u00e9crologie : Seyda Hafsat, la fille de Maman Seyda Ummuhani Bint Shaykh Ibrahima Niass (RA), rappel\u00e9e \u00e0 Dieu - LE PUBLIC<\/title>\n<meta name=\"description\" content=\"Une mauvaise nouvelle vient de nous parvenir. En effet, la nouvelle La communaut\u00e9 Niassene est endeuill\u00e9e par le rappel \u00e0 Dieu de Sayda Hafsat.\" \/>\n<meta name=\"robots\" content=\"index, follow, max-snippet:-1, max-image-preview:large, max-video-preview:-1\" \/>\n<link rel=\"canonical\" href=\"https:\/\/www.public.sn\/index.php\/2023\/07\/06\/necrologie-seyda-hafsat-la-fille-de-maman-seyda-ummuhani-bint-shaykh-ibrahima-niass-ra-rappelee-a-dieu\/\" \/>\n<meta property=\"og:locale\" content=\"fr_FR\" \/>\n<meta property=\"og:type\" content=\"article\" \/>\n<meta property=\"og:title\" content=\"N\u00e9crologie : Seyda Hafsat, la fille de Maman Seyda Ummuhani Bint Shaykh Ibrahima Niass (RA), rappel\u00e9e \u00e0 Dieu - LE PUBLIC\" \/>\n<meta property=\"og:description\" content=\"Une mauvaise nouvelle vient de nous parvenir. En effet, la nouvelle La communaut\u00e9 Niassene est endeuill\u00e9e par le rappel \u00e0 Dieu de Sayda Hafsat.\" \/>\n<meta property=\"og:url\" content=\"https:\/\/www.public.sn\/index.php\/2023\/07\/06\/necrologie-seyda-hafsat-la-fille-de-maman-seyda-ummuhani-bint-shaykh-ibrahima-niass-ra-rappelee-a-dieu\/\" \/>\n<meta property=\"og:site_name\" content=\"LE PUBLIC\" \/>\n<meta property=\"article:published_time\" content=\"2023-07-06T18:53:03+00:00\" \/>\n<meta property=\"og:image\" content=\"https:\/\/www.public.sn\/wp-content\/uploads\/2023\/07\/img_5184.webp\" \/>\n\t<meta property=\"og:image:width\" content=\"1125\" \/>\n\t<meta property=\"og:image:height\" content=\"775\" \/>\n\t<meta property=\"og:image:type\" content=\"image\/webp\" \/>\n<meta name=\"author\" content=\"LA REDACTION\" \/>\n<meta name=\"twitter:card\" content=\"summary_large_image\" \/>\n<meta name=\"twitter:label1\" content=\"\u00c9crit par\" \/>\n\t<meta name=\"twitter:data1\" content=\"LA REDACTION\" \/>\n\t<meta name=\"twitter:label2\" content=\"Dur\u00e9e de lecture estim\u00e9e\" \/>\n\t<meta name=\"twitter:data2\" content=\"1 minute\" \/>\n<script type=\"application\/ld+json\" class=\"yoast-schema-graph\">{\"@context\":\"https:\/\/schema.org\",\"@graph\":[{\"@type\":\"Article\",\"@id\":\"https:\/\/www.public.sn\/index.php\/2023\/07\/06\/necrologie-seyda-hafsat-la-fille-de-maman-seyda-ummuhani-bint-shaykh-ibrahima-niass-ra-rappelee-a-dieu\/#article\",\"isPartOf\":{\"@id\":\"https:\/\/www.public.sn\/index.php\/2023\/07\/06\/necrologie-seyda-hafsat-la-fille-de-maman-seyda-ummuhani-bint-shaykh-ibrahima-niass-ra-rappelee-a-dieu\/\"},\"author\":{\"name\":\"LA REDACTION\",\"@id\":\"https:\/\/www.public.sn\/#\/schema\/person\/e3f4a11b037d4203902db148f9bc8d5a\"},\"headline\":\"N\u00e9crologie : Seyda Hafsat, la fille de Maman Seyda Ummuhani Bint Shaykh Ibrahima Niass (RA), rappel\u00e9e \u00e0 Dieu\",\"datePublished\":\"2023-07-06T18:53:03+00:00\",\"mainEntityOfPage\":{\"@id\":\"https:\/\/www.public.sn\/index.php\/2023\/07\/06\/necrologie-seyda-hafsat-la-fille-de-maman-seyda-ummuhani-bint-shaykh-ibrahima-niass-ra-rappelee-a-dieu\/\"},\"wordCount\":121,\"commentCount\":0,\"publisher\":{\"@id\":\"https:\/\/www.public.sn\/#organization\"},\"image\":{\"@id\":\"https:\/\/www.public.sn\/index.php\/2023\/07\/06\/necrologie-seyda-hafsat-la-fille-de-maman-seyda-ummuhani-bint-shaykh-ibrahima-niass-ra-rappelee-a-dieu\/#primaryimage\"},\"thumbnailUrl\":\"https:\/\/www.public.sn\/wp-content\/uploads\/2023\/07\/img_5184.webp\",\"keywords\":[\"Niass\u00e8ne\",\"Seyda Hafsat\"],\"articleSection\":[\"N\u00c9CROLOGIE\",\"PHOTOS\",\"RELIGION\",\"S\u00c9N\u00c9GAL\",\"SOCIETE\"],\"inLanguage\":\"fr-FR\",\"potentialAction\":[{\"@type\":\"CommentAction\",\"name\":\"Comment\",\"target\":[\"https:\/\/www.public.sn\/index.php\/2023\/07\/06\/necrologie-seyda-hafsat-la-fille-de-maman-seyda-ummuhani-bint-shaykh-ibrahima-niass-ra-rappelee-a-dieu\/#respond\"]}]},{\"@type\":\"WebPage\",\"@id\":\"https:\/\/www.public.sn\/index.php\/2023\/07\/06\/necrologie-seyda-hafsat-la-fille-de-maman-seyda-ummuhani-bint-shaykh-ibrahima-niass-ra-rappelee-a-dieu\/\",\"url\":\"https:\/\/www.public.sn\/index.php\/2023\/07\/06\/necrologie-seyda-hafsat-la-fille-de-maman-seyda-ummuhani-bint-shaykh-ibrahima-niass-ra-rappelee-a-dieu\/\",\"name\":\"N\u00e9crologie : Seyda Hafsat, la fille de Maman Seyda Ummuhani Bint Shaykh Ibrahima Niass (RA), rappel\u00e9e \u00e0 Dieu - LE PUBLIC\",\"isPartOf\":{\"@id\":\"https:\/\/www.public.sn\/#website\"},\"primaryImageOfPage\":{\"@id\":\"https:\/\/www.public.sn\/index.php\/2023\/07\/06\/necrologie-seyda-hafsat-la-fille-de-maman-seyda-ummuhani-bint-shaykh-ibrahima-niass-ra-rappelee-a-dieu\/#primaryimage\"},\"image\":{\"@id\":\"https:\/\/www.public.sn\/index.php\/2023\/07\/06\/necrologie-seyda-hafsat-la-fille-de-maman-seyda-ummuhani-bint-shaykh-ibrahima-niass-ra-rappelee-a-dieu\/#primaryimage\"},\"thumbnailUrl\":\"https:\/\/www.public.sn\/wp-content\/uploads\/2023\/07\/img_5184.webp\",\"datePublished\":\"2023-07-06T18:53:03+00:00\",\"description\":\"Une mauvaise nouvelle vient de nous parvenir. En effet, la nouvelle La communaut\u00e9 Niassene est endeuill\u00e9e par le rappel \u00e0 Dieu de Sayda Hafsat.\",\"breadcrumb\":{\"@id\":\"https:\/\/www.public.sn\/index.php\/2023\/07\/06\/necrologie-seyda-hafsat-la-fille-de-maman-seyda-ummuhani-bint-shaykh-ibrahima-niass-ra-rappelee-a-dieu\/#breadcrumb\"},\"inLanguage\":\"fr-FR\",\"potentialAction\":[{\"@type\":\"ReadAction\",\"target\":[\"https:\/\/www.public.sn\/index.php\/2023\/07\/06\/necrologie-seyda-hafsat-la-fille-de-maman-seyda-ummuhani-bint-shaykh-ibrahima-niass-ra-rappelee-a-dieu\/\"]}]},{\"@type\":\"ImageObject\",\"inLanguage\":\"fr-FR\",\"@id\":\"https:\/\/www.public.sn\/index.php\/2023\/07\/06\/necrologie-seyda-hafsat-la-fille-de-maman-seyda-ummuhani-bint-shaykh-ibrahima-niass-ra-rappelee-a-dieu\/#primaryimage\",\"url\":\"https:\/\/www.public.sn\/wp-content\/uploads\/2023\/07\/img_5184.webp\",\"contentUrl\":\"https:\/\/www.public.sn\/wp-content\/uploads\/2023\/07\/img_5184.webp\",\"width\":1125,\"height\":775},{\"@type\":\"BreadcrumbList\",\"@id\":\"https:\/\/www.public.sn\/index.php\/2023\/07\/06\/necrologie-seyda-hafsat-la-fille-de-maman-seyda-ummuhani-bint-shaykh-ibrahima-niass-ra-rappelee-a-dieu\/#breadcrumb\",\"itemListElement\":[{\"@type\":\"ListItem\",\"position\":1,\"name\":\"Accueil\",\"item\":\"https:\/\/www.public.sn\/\"},{\"@type\":\"ListItem\",\"position\":2,\"name\":\"N\u00e9crologie : Seyda Hafsat, la fille de Maman Seyda Ummuhani Bint Shaykh Ibrahima Niass (RA), rappel\u00e9e \u00e0 Dieu\"}]},{\"@type\":\"WebSite\",\"@id\":\"https:\/\/www.public.sn\/#website\",\"url\":\"https:\/\/www.public.sn\/\",\"name\":\"LE PUBLIC\",\"description\":\"\",\"publisher\":{\"@id\":\"https:\/\/www.public.sn\/#organization\"},\"potentialAction\":[{\"@type\":\"SearchAction\",\"target\":{\"@type\":\"EntryPoint\",\"urlTemplate\":\"https:\/\/www.public.sn\/?s={search_term_string}\"},\"query-input\":{\"@type\":\"PropertyValueSpecification\",\"valueRequired\":true,\"valueName\":\"search_term_string\"}}],\"inLanguage\":\"fr-FR\"},{\"@type\":\"Organization\",\"@id\":\"https:\/\/www.public.sn\/#organization\",\"name\":\"LE PUBLIC\",\"url\":\"https:\/\/www.public.sn\/\",\"logo\":{\"@type\":\"ImageObject\",\"inLanguage\":\"fr-FR\",\"@id\":\"https:\/\/www.public.sn\/#\/schema\/logo\/image\/\",\"url\":\"https:\/\/www.public.sn\/wp-content\/uploads\/2024\/05\/cropped-LOGO-PUBLIC.SN_.png\",\"contentUrl\":\"https:\/\/www.public.sn\/wp-content\/uploads\/2024\/05\/cropped-LOGO-PUBLIC.SN_.png\",\"width\":682,\"height\":192,\"caption\":\"LE PUBLIC\"},\"image\":{\"@id\":\"https:\/\/www.public.sn\/#\/schema\/logo\/image\/\"}},{\"@type\":\"Person\",\"@id\":\"https:\/\/www.public.sn\/#\/schema\/person\/e3f4a11b037d4203902db148f9bc8d5a\",\"name\":\"LA REDACTION\",\"image\":{\"@type\":\"ImageObject\",\"inLanguage\":\"fr-FR\",\"@id\":\"https:\/\/www.public.sn\/#\/schema\/person\/image\/\",\"url\":\"https:\/\/secure.gravatar.com\/avatar\/d6c030db45db2883c075085c5d6c6258654a801a93766b49af0b82d4f454e2a5?s=96&d=mm&r=g\",\"contentUrl\":\"https:\/\/secure.gravatar.com\/avatar\/d6c030db45db2883c075085c5d6c6258654a801a93766b49af0b82d4f454e2a5?s=96&d=mm&r=g\",\"caption\":\"LA REDACTION\"},\"sameAs\":[\"http:\/\/www.public.sn\"],\"url\":\"https:\/\/www.public.sn\/index.php\/author\/admin7324\/\"}]}<\/script>\n<!-- \/ Yoast SEO plugin. -->","yoast_head_json":{"title":"N\u00e9crologie : Seyda Hafsat, la fille de Maman Seyda Ummuhani Bint Shaykh Ibrahima Niass (RA), rappel\u00e9e \u00e0 Dieu - LE PUBLIC","description":"Une mauvaise nouvelle vient de nous parvenir. En effet, la nouvelle La communaut\u00e9 Niassene est endeuill\u00e9e par le rappel \u00e0 Dieu de Sayda Hafsat.","robots":{"index":"index","follow":"follow","max-snippet":"max-snippet:-1","max-image-preview":"max-image-preview:large","max-video-preview":"max-video-preview:-1"},"canonical":"https:\/\/www.public.sn\/index.php\/2023\/07\/06\/necrologie-seyda-hafsat-la-fille-de-maman-seyda-ummuhani-bint-shaykh-ibrahima-niass-ra-rappelee-a-dieu\/","og_locale":"fr_FR","og_type":"article","og_title":"N\u00e9crologie : Seyda Hafsat, la fille de Maman Seyda Ummuhani Bint Shaykh Ibrahima Niass (RA), rappel\u00e9e \u00e0 Dieu - LE PUBLIC","og_description":"Une mauvaise nouvelle vient de nous parvenir. En effet, la nouvelle La communaut\u00e9 Niassene est endeuill\u00e9e par le rappel \u00e0 Dieu de Sayda Hafsat.","og_url":"https:\/\/www.public.sn\/index.php\/2023\/07\/06\/necrologie-seyda-hafsat-la-fille-de-maman-seyda-ummuhani-bint-shaykh-ibrahima-niass-ra-rappelee-a-dieu\/","og_site_name":"LE PUBLIC","article_published_time":"2023-07-06T18:53:03+00:00","og_image":[{"width":1125,"height":775,"url":"https:\/\/www.public.sn\/wp-content\/uploads\/2023\/07\/img_5184.webp","type":"image\/webp"}],"author":"LA REDACTION","twitter_card":"summary_large_image","twitter_misc":{"\u00c9crit par":"LA REDACTION","Dur\u00e9e de lecture estim\u00e9e":"1 minute"},"schema":{"@context":"https:\/\/schema.org","@graph":[{"@type":"Article","@id":"https:\/\/www.public.sn\/index.php\/2023\/07\/06\/necrologie-seyda-hafsat-la-fille-de-maman-seyda-ummuhani-bint-shaykh-ibrahima-niass-ra-rappelee-a-dieu\/#article","isPartOf":{"@id":"https:\/\/www.public.sn\/index.php\/2023\/07\/06\/necrologie-seyda-hafsat-la-fille-de-maman-seyda-ummuhani-bint-shaykh-ibrahima-niass-ra-rappelee-a-dieu\/"},"author":{"name":"LA REDACTION","@id":"https:\/\/www.public.sn\/#\/schema\/person\/e3f4a11b037d4203902db148f9bc8d5a"},"headline":"N\u00e9crologie : Seyda Hafsat, la fille de Maman Seyda Ummuhani Bint Shaykh Ibrahima Niass (RA), rappel\u00e9e \u00e0 Dieu","datePublished":"2023-07-06T18:53:03+00:00","mainEntityOfPage":{"@id":"https:\/\/www.public.sn\/index.php\/2023\/07\/06\/necrologie-seyda-hafsat-la-fille-de-maman-seyda-ummuhani-bint-shaykh-ibrahima-niass-ra-rappelee-a-dieu\/"},"wordCount":121,"commentCount":0,"publisher":{"@id":"https:\/\/www.public.sn\/#organization"},"image":{"@id":"https:\/\/www.public.sn\/index.php\/2023\/07\/06\/necrologie-seyda-hafsat-la-fille-de-maman-seyda-ummuhani-bint-shaykh-ibrahima-niass-ra-rappelee-a-dieu\/#primaryimage"},"thumbnailUrl":"https:\/\/www.public.sn\/wp-content\/uploads\/2023\/07\/img_5184.webp","keywords":["Niass\u00e8ne","Seyda Hafsat"],"articleSection":["N\u00c9CROLOGIE","PHOTOS","RELIGION","S\u00c9N\u00c9GAL","SOCIETE"],"inLanguage":"fr-FR","potentialAction":[{"@type":"CommentAction","name":"Comment","target":["https:\/\/www.public.sn\/index.php\/2023\/07\/06\/necrologie-seyda-hafsat-la-fille-de-maman-seyda-ummuhani-bint-shaykh-ibrahima-niass-ra-rappelee-a-dieu\/#respond"]}]},{"@type":"WebPage","@id":"https:\/\/www.public.sn\/index.php\/2023\/07\/06\/necrologie-seyda-hafsat-la-fille-de-maman-seyda-ummuhani-bint-shaykh-ibrahima-niass-ra-rappelee-a-dieu\/","url":"https:\/\/www.public.sn\/index.php\/2023\/07\/06\/necrologie-seyda-hafsat-la-fille-de-maman-seyda-ummuhani-bint-shaykh-ibrahima-niass-ra-rappelee-a-dieu\/","name":"N\u00e9crologie : Seyda Hafsat, la fille de Maman Seyda Ummuhani Bint Shaykh Ibrahima Niass (RA), rappel\u00e9e \u00e0 Dieu - LE PUBLIC","isPartOf":{"@id":"https:\/\/www.public.sn\/#website"},"primaryImageOfPage":{"@id":"https:\/\/www.public.sn\/index.php\/2023\/07\/06\/necrologie-seyda-hafsat-la-fille-de-maman-seyda-ummuhani-bint-shaykh-ibrahima-niass-ra-rappelee-a-dieu\/#primaryimage"},"image":{"@id":"https:\/\/www.public.sn\/index.php\/2023\/07\/06\/necrologie-seyda-hafsat-la-fille-de-maman-seyda-ummuhani-bint-shaykh-ibrahima-niass-ra-rappelee-a-dieu\/#primaryimage"},"thumbnailUrl":"https:\/\/www.public.sn\/wp-content\/uploads\/2023\/07\/img_5184.webp","datePublished":"2023-07-06T18:53:03+00:00","description":"Une mauvaise nouvelle vient de nous parvenir. En effet, la nouvelle La communaut\u00e9 Niassene est endeuill\u00e9e par le rappel \u00e0 Dieu de Sayda Hafsat.","breadcrumb":{"@id":"https:\/\/www.public.sn\/index.php\/2023\/07\/06\/necrologie-seyda-hafsat-la-fille-de-maman-seyda-ummuhani-bint-shaykh-ibrahima-niass-ra-rappelee-a-dieu\/#breadcrumb"},"inLanguage":"fr-FR","potentialAction":[{"@type":"ReadAction","target":["https:\/\/www.public.sn\/index.php\/2023\/07\/06\/necrologie-seyda-hafsat-la-fille-de-maman-seyda-ummuhani-bint-shaykh-ibrahima-niass-ra-rappelee-a-dieu\/"]}]},{"@type":"ImageObject","inLanguage":"fr-FR","@id":"https:\/\/www.public.sn\/index.php\/2023\/07\/06\/necrologie-seyda-hafsat-la-fille-de-maman-seyda-ummuhani-bint-shaykh-ibrahima-niass-ra-rappelee-a-dieu\/#primaryimage","url":"https:\/\/www.public.sn\/wp-content\/uploads\/2023\/07\/img_5184.webp","contentUrl":"https:\/\/www.public.sn\/wp-content\/uploads\/2023\/07\/img_5184.webp","width":1125,"height":775},{"@type":"BreadcrumbList","@id":"https:\/\/www.public.sn\/index.php\/2023\/07\/06\/necrologie-seyda-hafsat-la-fille-de-maman-seyda-ummuhani-bint-shaykh-ibrahima-niass-ra-rappelee-a-dieu\/#breadcrumb","itemListElement":[{"@type":"ListItem","position":1,"name":"Accueil","item":"https:\/\/www.public.sn\/"},{"@type":"ListItem","position":2,"name":"N\u00e9crologie : Seyda Hafsat, la fille de Maman Seyda Ummuhani Bint Shaykh Ibrahima Niass (RA), rappel\u00e9e \u00e0 Dieu"}]},{"@type":"WebSite","@id":"https:\/\/www.public.sn\/#website","url":"https:\/\/www.public.sn\/","name":"LE PUBLIC","description":"","publisher":{"@id":"https:\/\/www.public.sn\/#organization"},"potentialAction":[{"@type":"SearchAction","target":{"@type":"EntryPoint","urlTemplate":"https:\/\/www.public.sn\/?s={search_term_string}"},"query-input":{"@type":"PropertyValueSpecification","valueRequired":true,"valueName":"search_term_string"}}],"inLanguage":"fr-FR"},{"@type":"Organization","@id":"https:\/\/www.public.sn\/#organization","name":"LE PUBLIC","url":"https:\/\/www.public.sn\/","logo":{"@type":"ImageObject","inLanguage":"fr-FR","@id":"https:\/\/www.public.sn\/#\/schema\/logo\/image\/","url":"https:\/\/www.public.sn\/wp-content\/uploads\/2024\/05\/cropped-LOGO-PUBLIC.SN_.png","contentUrl":"https:\/\/www.public.sn\/wp-content\/uploads\/2024\/05\/cropped-LOGO-PUBLIC.SN_.png","width":682,"height":192,"caption":"LE PUBLIC"},"image":{"@id":"https:\/\/www.public.sn\/#\/schema\/logo\/image\/"}},{"@type":"Person","@id":"https:\/\/www.public.sn\/#\/schema\/person\/e3f4a11b037d4203902db148f9bc8d5a","name":"LA REDACTION","image":{"@type":"ImageObject","inLanguage":"fr-FR","@id":"https:\/\/www.public.sn\/#\/schema\/person\/image\/","url":"https:\/\/secure.gravatar.com\/avatar\/d6c030db45db2883c075085c5d6c6258654a801a93766b49af0b82d4f454e2a5?s=96&d=mm&r=g","contentUrl":"https:\/\/secure.gravatar.com\/avatar\/d6c030db45db2883c075085c5d6c6258654a801a93766b49af0b82d4f454e2a5?s=96&d=mm&r=g","caption":"LA REDACTION"},"sameAs":["http:\/\/www.public.sn"],"url":"https:\/\/www.public.sn\/index.php\/author\/admin7324\/"}]}},"jetpack_featured_media_url":"https:\/\/www.public.sn\/wp-content\/uploads\/2023\/07\/img_5184.webp","jetpack_sharing_enabled":true,"_links":{"self":[{"href":"https:\/\/www.public.sn\/index.php\/wp-json\/wp\/v2\/posts\/24584","targetHints":{"allow":["GET"]}}],"collection":[{"href":"https:\/\/www.public.sn\/index.php\/wp-json\/wp\/v2\/posts"}],"about":[{"href":"https:\/\/www.public.sn\/index.php\/wp-json\/wp\/v2\/types\/post"}],"author":[{"embeddable":true,"href":"https:\/\/www.public.sn\/index.php\/wp-json\/wp\/v2\/users\/1"}],"replies":[{"embeddable":true,"href":"https:\/\/www.public.sn\/index.php\/wp-json\/wp\/v2\/comments?post=24584"}],"version-history":[{"count":1,"href":"https:\/\/www.public.sn\/index.php\/wp-json\/wp\/v2\/posts\/24584\/revisions"}],"predecessor-version":[{"id":24587,"href":"https:\/\/www.public.sn\/index.php\/wp-json\/wp\/v2\/posts\/24584\/revisions\/24587"}],"wp:featuredmedia":[{"embeddable":true,"href":"https:\/\/www.public.sn\/index.php\/wp-json\/wp\/v2\/media\/24585"}],"wp:attachment":[{"href":"https:\/\/www.public.sn\/index.php\/wp-json\/wp\/v2\/media?parent=24584"}],"wp:term":[{"taxonomy":"category","embeddable":true,"href":"https:\/\/www.public.sn\/index.php\/wp-json\/wp\/v2\/categories?post=24584"},{"taxonomy":"post_tag","embeddable":true,"href":"https:\/\/www.public.sn\/index.php\/wp-json\/wp\/v2\/tags?post=24584"}],"curies":[{"name":"wp","href":"https:\/\/api.w.org\/{rel}","templated":true}]}}