{"id":24762,"date":"2023-07-10T12:10:32","date_gmt":"2023-07-10T12:10:32","guid":{"rendered":"https:\/\/www.public.sn\/?p=24762"},"modified":"2023-07-10T12:10:32","modified_gmt":"2023-07-10T12:10:32","slug":"amical-senegal-algerie-en-septembre-a-dakar","status":"publish","type":"post","link":"https:\/\/www.public.sn\/index.php\/2023\/07\/10\/amical-senegal-algerie-en-septembre-a-dakar\/","title":{"rendered":"Amical : S\u00e9n\u00e9gal \u2013 Alg\u00e9rie en septembre \u00e0 Dakar"},"content":{"rendered":"<p><strong>L\u2019\u00e9quipe du S\u00e9n\u00e9gal affrontera celle d\u2019Alg\u00e9rie en amical, dans deux mois, \u00e0 l\u2019occasion des dates FIFA, annonce la F\u00e9d\u00e9ration s\u00e9n\u00e9galaise de football (FSF).<\/strong><\/p><div class=\"publi-paragraphe1\" style=\"margin-top: 10px;margin-bottom: 10px;margin-left: auto;margin-right: auto;text-align: center;\" id=\"publi-1561370731\"><div class=\"publi-adlabel\">Publicit\u00e9<\/div><script async src=\"\/\/pagead2.googlesyndication.com\/pagead\/js\/adsbygoogle.js?client=ca-pub-4089586018074219\" crossorigin=\"anonymous\"><\/script><ins class=\"adsbygoogle\" style=\"display:block;\" data-ad-client=\"ca-pub-4089586018074219\" \ndata-ad-slot=\"2087940154\" \ndata-ad-format=\"auto\"><\/ins>\n<script> \n(adsbygoogle = window.adsbygoogle || []).push({}); \n<\/script>\n<\/div>\n<p>\u201cLe S\u00e9n\u00e9gal va jouer un match amical international contre l\u2019Alg\u00e9rie. Ce sera le 12 septembre 2023 au Stade Abdoulaye Wade de Diamniadio\u201d, indique la FSF sur son compte twitter. Ce sera le remake de la finale de la CAN 2019 remport\u00e9e par les Alg\u00e9riens.<\/p>\n<div class=\"publi-apres-le-contenu\" style=\"margin-top: 10px;margin-bottom: 10px;margin-left: auto;margin-right: auto;text-align: center;\" id=\"publi-3613859001\"><div class=\"publi-adlabel\">Publicit\u00e9<\/div><script async src=\"\/\/pagead2.googlesyndication.com\/pagead\/js\/adsbygoogle.js?client=ca-pub-4089586018074219\" crossorigin=\"anonymous\"><\/script><ins class=\"adsbygoogle\" style=\"display:block;\" data-ad-client=\"ca-pub-4089586018074219\" \ndata-ad-slot=\"2087940154\" \ndata-ad-format=\"auto\"><\/ins>\n<script> \n(adsbygoogle = window.adsbygoogle || []).push({}); \n<\/script>\n<\/div>","protected":false},"excerpt":{"rendered":"<p>L\u2019\u00e9quipe du S\u00e9n\u00e9gal affrontera celle d\u2019Alg\u00e9rie en amical, dans deux mois, \u00e0 l\u2019occasion des dates FIFA, annonce la F\u00e9d\u00e9ration s\u00e9n\u00e9galaise de football (FSF). \u201cLe S\u00e9n\u00e9gal va jouer un match amical international contre l\u2019Alg\u00e9rie. Ce sera le 12 septembre 2023 au Stade Abdoulaye Wade de Diamniadio\u201d, indique la FSF sur son compte twitter. Ce sera le remake de la finale de la CAN 2019 remport\u00e9e par les Alg\u00e9riens.<\/p>\n","protected":false},"author":1,"featured_media":24763,"comment_status":"open","ping_status":"open","sticky":false,"template":"","format":"standard","meta":{"_jetpack_memberships_contains_paid_content":false,"footnotes":""},"categories":[375],"tags":[3843,5264,766],"class_list":["post-24762","post","type-post","status-publish","format-standard","has-post-thumbnail","hentry","category-actualites","tag-algerie","tag-amical","tag-senegal","entry","has-media","owp-thumbs-layout-horizontal","owp-btn-normal","owp-tabs-layout-horizontal","has-no-thumbnails","has-product-nav"],"yoast_head":"<!-- This site is optimized with the Yoast SEO plugin v25.5 - https:\/\/yoast.com\/wordpress\/plugins\/seo\/ -->\n<title>Amical : S\u00e9n\u00e9gal \u2013 Alg\u00e9rie en septembre \u00e0 Dakar - LE PUBLIC<\/title>\n<meta name=\"description\" content=\"L\u2019\u00e9quipe du S\u00e9n\u00e9gal affrontera celle d\u2019Alg\u00e9rie en amical, dans deux mois, \u00e0 l\u2019occasion des dates FIFA, annonce la F\u00e9d\u00e9ration s\u00e9n\u00e9galaise de football (FSF).\" \/>\n<meta name=\"robots\" content=\"index, follow, max-snippet:-1, max-image-preview:large, max-video-preview:-1\" \/>\n<link rel=\"canonical\" href=\"https:\/\/www.public.sn\/index.php\/2023\/07\/10\/amical-senegal-algerie-en-septembre-a-dakar\/\" \/>\n<meta property=\"og:locale\" content=\"fr_FR\" \/>\n<meta property=\"og:type\" content=\"article\" \/>\n<meta property=\"og:title\" content=\"Amical : S\u00e9n\u00e9gal \u2013 Alg\u00e9rie en septembre \u00e0 Dakar - LE PUBLIC\" \/>\n<meta property=\"og:description\" content=\"L\u2019\u00e9quipe du S\u00e9n\u00e9gal affrontera celle d\u2019Alg\u00e9rie en amical, dans deux mois, \u00e0 l\u2019occasion des dates FIFA, annonce la F\u00e9d\u00e9ration s\u00e9n\u00e9galaise de football (FSF).\" \/>\n<meta property=\"og:url\" content=\"https:\/\/www.public.sn\/index.php\/2023\/07\/10\/amical-senegal-algerie-en-septembre-a-dakar\/\" \/>\n<meta property=\"og:site_name\" content=\"LE PUBLIC\" \/>\n<meta property=\"article:published_time\" content=\"2023-07-10T12:10:32+00:00\" \/>\n<meta property=\"og:image\" content=\"https:\/\/www.public.sn\/wp-content\/uploads\/2023\/07\/sadio-mane-algerie.jpeg\" \/>\n\t<meta property=\"og:image:width\" content=\"612\" \/>\n\t<meta property=\"og:image:height\" content=\"408\" \/>\n\t<meta property=\"og:image:type\" content=\"image\/jpeg\" \/>\n<meta name=\"author\" content=\"LA REDACTION\" \/>\n<meta name=\"twitter:card\" content=\"summary_large_image\" \/>\n<meta name=\"twitter:label1\" content=\"\u00c9crit par\" \/>\n\t<meta name=\"twitter:data1\" content=\"LA REDACTION\" \/>\n\t<meta name=\"twitter:label2\" content=\"Dur\u00e9e de lecture estim\u00e9e\" \/>\n\t<meta name=\"twitter:data2\" content=\"1 minute\" \/>\n<script type=\"application\/ld+json\" class=\"yoast-schema-graph\">{\"@context\":\"https:\/\/schema.org\",\"@graph\":[{\"@type\":\"Article\",\"@id\":\"https:\/\/www.public.sn\/index.php\/2023\/07\/10\/amical-senegal-algerie-en-septembre-a-dakar\/#article\",\"isPartOf\":{\"@id\":\"https:\/\/www.public.sn\/index.php\/2023\/07\/10\/amical-senegal-algerie-en-septembre-a-dakar\/\"},\"author\":{\"name\":\"LA REDACTION\",\"@id\":\"https:\/\/www.public.sn\/#\/schema\/person\/e3f4a11b037d4203902db148f9bc8d5a\"},\"headline\":\"Amical : S\u00e9n\u00e9gal \u2013 Alg\u00e9rie en septembre \u00e0 Dakar\",\"datePublished\":\"2023-07-10T12:10:32+00:00\",\"mainEntityOfPage\":{\"@id\":\"https:\/\/www.public.sn\/index.php\/2023\/07\/10\/amical-senegal-algerie-en-septembre-a-dakar\/\"},\"wordCount\":88,\"commentCount\":0,\"publisher\":{\"@id\":\"https:\/\/www.public.sn\/#organization\"},\"image\":{\"@id\":\"https:\/\/www.public.sn\/index.php\/2023\/07\/10\/amical-senegal-algerie-en-septembre-a-dakar\/#primaryimage\"},\"thumbnailUrl\":\"https:\/\/www.public.sn\/wp-content\/uploads\/2023\/07\/sadio-mane-algerie.jpeg\",\"keywords\":[\"Alg\u00e9rie\",\"Amical\",\"S\u00e9n\u00e9gal\"],\"articleSection\":[\"ACTUALIT\u00c9S\"],\"inLanguage\":\"fr-FR\",\"potentialAction\":[{\"@type\":\"CommentAction\",\"name\":\"Comment\",\"target\":[\"https:\/\/www.public.sn\/index.php\/2023\/07\/10\/amical-senegal-algerie-en-septembre-a-dakar\/#respond\"]}]},{\"@type\":\"WebPage\",\"@id\":\"https:\/\/www.public.sn\/index.php\/2023\/07\/10\/amical-senegal-algerie-en-septembre-a-dakar\/\",\"url\":\"https:\/\/www.public.sn\/index.php\/2023\/07\/10\/amical-senegal-algerie-en-septembre-a-dakar\/\",\"name\":\"Amical : S\u00e9n\u00e9gal \u2013 Alg\u00e9rie en septembre \u00e0 Dakar - LE PUBLIC\",\"isPartOf\":{\"@id\":\"https:\/\/www.public.sn\/#website\"},\"primaryImageOfPage\":{\"@id\":\"https:\/\/www.public.sn\/index.php\/2023\/07\/10\/amical-senegal-algerie-en-septembre-a-dakar\/#primaryimage\"},\"image\":{\"@id\":\"https:\/\/www.public.sn\/index.php\/2023\/07\/10\/amical-senegal-algerie-en-septembre-a-dakar\/#primaryimage\"},\"thumbnailUrl\":\"https:\/\/www.public.sn\/wp-content\/uploads\/2023\/07\/sadio-mane-algerie.jpeg\",\"datePublished\":\"2023-07-10T12:10:32+00:00\",\"description\":\"L\u2019\u00e9quipe du S\u00e9n\u00e9gal affrontera celle d\u2019Alg\u00e9rie en amical, dans deux mois, \u00e0 l\u2019occasion des dates FIFA, annonce la F\u00e9d\u00e9ration s\u00e9n\u00e9galaise de football (FSF).\",\"breadcrumb\":{\"@id\":\"https:\/\/www.public.sn\/index.php\/2023\/07\/10\/amical-senegal-algerie-en-septembre-a-dakar\/#breadcrumb\"},\"inLanguage\":\"fr-FR\",\"potentialAction\":[{\"@type\":\"ReadAction\",\"target\":[\"https:\/\/www.public.sn\/index.php\/2023\/07\/10\/amical-senegal-algerie-en-septembre-a-dakar\/\"]}]},{\"@type\":\"ImageObject\",\"inLanguage\":\"fr-FR\",\"@id\":\"https:\/\/www.public.sn\/index.php\/2023\/07\/10\/amical-senegal-algerie-en-septembre-a-dakar\/#primaryimage\",\"url\":\"https:\/\/www.public.sn\/wp-content\/uploads\/2023\/07\/sadio-mane-algerie.jpeg\",\"contentUrl\":\"https:\/\/www.public.sn\/wp-content\/uploads\/2023\/07\/sadio-mane-algerie.jpeg\",\"width\":612,\"height\":408,\"caption\":\"27 June 2019, Egypt, Cairo: Senegal's Krepin Diatta (R) and Algeria's Sofiane Feghouli battle for the ball during the 2019 Africa Cup of Nations Group C soccer match between Senegal and Algeria at the 30 June Stadium. Photo: Gehad Hamdy\/dpa (Photo by Gehad Hamdy\/picture alliance via Getty Images)\"},{\"@type\":\"BreadcrumbList\",\"@id\":\"https:\/\/www.public.sn\/index.php\/2023\/07\/10\/amical-senegal-algerie-en-septembre-a-dakar\/#breadcrumb\",\"itemListElement\":[{\"@type\":\"ListItem\",\"position\":1,\"name\":\"Accueil\",\"item\":\"https:\/\/www.public.sn\/\"},{\"@type\":\"ListItem\",\"position\":2,\"name\":\"Amical : S\u00e9n\u00e9gal \u2013 Alg\u00e9rie en septembre \u00e0 Dakar\"}]},{\"@type\":\"WebSite\",\"@id\":\"https:\/\/www.public.sn\/#website\",\"url\":\"https:\/\/www.public.sn\/\",\"name\":\"LE PUBLIC\",\"description\":\"\",\"publisher\":{\"@id\":\"https:\/\/www.public.sn\/#organization\"},\"potentialAction\":[{\"@type\":\"SearchAction\",\"target\":{\"@type\":\"EntryPoint\",\"urlTemplate\":\"https:\/\/www.public.sn\/?s={search_term_string}\"},\"query-input\":{\"@type\":\"PropertyValueSpecification\",\"valueRequired\":true,\"valueName\":\"search_term_string\"}}],\"inLanguage\":\"fr-FR\"},{\"@type\":\"Organization\",\"@id\":\"https:\/\/www.public.sn\/#organization\",\"name\":\"LE PUBLIC\",\"url\":\"https:\/\/www.public.sn\/\",\"logo\":{\"@type\":\"ImageObject\",\"inLanguage\":\"fr-FR\",\"@id\":\"https:\/\/www.public.sn\/#\/schema\/logo\/image\/\",\"url\":\"https:\/\/www.public.sn\/wp-content\/uploads\/2024\/05\/cropped-LOGO-PUBLIC.SN_.png\",\"contentUrl\":\"https:\/\/www.public.sn\/wp-content\/uploads\/2024\/05\/cropped-LOGO-PUBLIC.SN_.png\",\"width\":682,\"height\":192,\"caption\":\"LE PUBLIC\"},\"image\":{\"@id\":\"https:\/\/www.public.sn\/#\/schema\/logo\/image\/\"}},{\"@type\":\"Person\",\"@id\":\"https:\/\/www.public.sn\/#\/schema\/person\/e3f4a11b037d4203902db148f9bc8d5a\",\"name\":\"LA REDACTION\",\"image\":{\"@type\":\"ImageObject\",\"inLanguage\":\"fr-FR\",\"@id\":\"https:\/\/www.public.sn\/#\/schema\/person\/image\/\",\"url\":\"https:\/\/secure.gravatar.com\/avatar\/d6c030db45db2883c075085c5d6c6258654a801a93766b49af0b82d4f454e2a5?s=96&d=mm&r=g\",\"contentUrl\":\"https:\/\/secure.gravatar.com\/avatar\/d6c030db45db2883c075085c5d6c6258654a801a93766b49af0b82d4f454e2a5?s=96&d=mm&r=g\",\"caption\":\"LA REDACTION\"},\"sameAs\":[\"http:\/\/www.public.sn\"],\"url\":\"https:\/\/www.public.sn\/index.php\/author\/admin7324\/\"}]}<\/script>\n<!-- \/ Yoast SEO plugin. -->","yoast_head_json":{"title":"Amical : S\u00e9n\u00e9gal \u2013 Alg\u00e9rie en septembre \u00e0 Dakar - LE PUBLIC","description":"L\u2019\u00e9quipe du S\u00e9n\u00e9gal affrontera celle d\u2019Alg\u00e9rie en amical, dans deux mois, \u00e0 l\u2019occasion des dates FIFA, annonce la F\u00e9d\u00e9ration s\u00e9n\u00e9galaise de football (FSF).","robots":{"index":"index","follow":"follow","max-snippet":"max-snippet:-1","max-image-preview":"max-image-preview:large","max-video-preview":"max-video-preview:-1"},"canonical":"https:\/\/www.public.sn\/index.php\/2023\/07\/10\/amical-senegal-algerie-en-septembre-a-dakar\/","og_locale":"fr_FR","og_type":"article","og_title":"Amical : S\u00e9n\u00e9gal \u2013 Alg\u00e9rie en septembre \u00e0 Dakar - LE PUBLIC","og_description":"L\u2019\u00e9quipe du S\u00e9n\u00e9gal affrontera celle d\u2019Alg\u00e9rie en amical, dans deux mois, \u00e0 l\u2019occasion des dates FIFA, annonce la F\u00e9d\u00e9ration s\u00e9n\u00e9galaise de football (FSF).","og_url":"https:\/\/www.public.sn\/index.php\/2023\/07\/10\/amical-senegal-algerie-en-septembre-a-dakar\/","og_site_name":"LE PUBLIC","article_published_time":"2023-07-10T12:10:32+00:00","og_image":[{"width":612,"height":408,"url":"https:\/\/www.public.sn\/wp-content\/uploads\/2023\/07\/sadio-mane-algerie.jpeg","type":"image\/jpeg"}],"author":"LA REDACTION","twitter_card":"summary_large_image","twitter_misc":{"\u00c9crit par":"LA REDACTION","Dur\u00e9e de lecture estim\u00e9e":"1 minute"},"schema":{"@context":"https:\/\/schema.org","@graph":[{"@type":"Article","@id":"https:\/\/www.public.sn\/index.php\/2023\/07\/10\/amical-senegal-algerie-en-septembre-a-dakar\/#article","isPartOf":{"@id":"https:\/\/www.public.sn\/index.php\/2023\/07\/10\/amical-senegal-algerie-en-septembre-a-dakar\/"},"author":{"name":"LA REDACTION","@id":"https:\/\/www.public.sn\/#\/schema\/person\/e3f4a11b037d4203902db148f9bc8d5a"},"headline":"Amical : S\u00e9n\u00e9gal \u2013 Alg\u00e9rie en septembre \u00e0 Dakar","datePublished":"2023-07-10T12:10:32+00:00","mainEntityOfPage":{"@id":"https:\/\/www.public.sn\/index.php\/2023\/07\/10\/amical-senegal-algerie-en-septembre-a-dakar\/"},"wordCount":88,"commentCount":0,"publisher":{"@id":"https:\/\/www.public.sn\/#organization"},"image":{"@id":"https:\/\/www.public.sn\/index.php\/2023\/07\/10\/amical-senegal-algerie-en-septembre-a-dakar\/#primaryimage"},"thumbnailUrl":"https:\/\/www.public.sn\/wp-content\/uploads\/2023\/07\/sadio-mane-algerie.jpeg","keywords":["Alg\u00e9rie","Amical","S\u00e9n\u00e9gal"],"articleSection":["ACTUALIT\u00c9S"],"inLanguage":"fr-FR","potentialAction":[{"@type":"CommentAction","name":"Comment","target":["https:\/\/www.public.sn\/index.php\/2023\/07\/10\/amical-senegal-algerie-en-septembre-a-dakar\/#respond"]}]},{"@type":"WebPage","@id":"https:\/\/www.public.sn\/index.php\/2023\/07\/10\/amical-senegal-algerie-en-septembre-a-dakar\/","url":"https:\/\/www.public.sn\/index.php\/2023\/07\/10\/amical-senegal-algerie-en-septembre-a-dakar\/","name":"Amical : S\u00e9n\u00e9gal \u2013 Alg\u00e9rie en septembre \u00e0 Dakar - LE PUBLIC","isPartOf":{"@id":"https:\/\/www.public.sn\/#website"},"primaryImageOfPage":{"@id":"https:\/\/www.public.sn\/index.php\/2023\/07\/10\/amical-senegal-algerie-en-septembre-a-dakar\/#primaryimage"},"image":{"@id":"https:\/\/www.public.sn\/index.php\/2023\/07\/10\/amical-senegal-algerie-en-septembre-a-dakar\/#primaryimage"},"thumbnailUrl":"https:\/\/www.public.sn\/wp-content\/uploads\/2023\/07\/sadio-mane-algerie.jpeg","datePublished":"2023-07-10T12:10:32+00:00","description":"L\u2019\u00e9quipe du S\u00e9n\u00e9gal affrontera celle d\u2019Alg\u00e9rie en amical, dans deux mois, \u00e0 l\u2019occasion des dates FIFA, annonce la F\u00e9d\u00e9ration s\u00e9n\u00e9galaise de football (FSF).","breadcrumb":{"@id":"https:\/\/www.public.sn\/index.php\/2023\/07\/10\/amical-senegal-algerie-en-septembre-a-dakar\/#breadcrumb"},"inLanguage":"fr-FR","potentialAction":[{"@type":"ReadAction","target":["https:\/\/www.public.sn\/index.php\/2023\/07\/10\/amical-senegal-algerie-en-septembre-a-dakar\/"]}]},{"@type":"ImageObject","inLanguage":"fr-FR","@id":"https:\/\/www.public.sn\/index.php\/2023\/07\/10\/amical-senegal-algerie-en-septembre-a-dakar\/#primaryimage","url":"https:\/\/www.public.sn\/wp-content\/uploads\/2023\/07\/sadio-mane-algerie.jpeg","contentUrl":"https:\/\/www.public.sn\/wp-content\/uploads\/2023\/07\/sadio-mane-algerie.jpeg","width":612,"height":408,"caption":"27 June 2019, Egypt, Cairo: Senegal's Krepin Diatta (R) and Algeria's Sofiane Feghouli battle for the ball during the 2019 Africa Cup of Nations Group C soccer match between Senegal and Algeria at the 30 June Stadium. Photo: Gehad Hamdy\/dpa (Photo by Gehad Hamdy\/picture alliance via Getty Images)"},{"@type":"BreadcrumbList","@id":"https:\/\/www.public.sn\/index.php\/2023\/07\/10\/amical-senegal-algerie-en-septembre-a-dakar\/#breadcrumb","itemListElement":[{"@type":"ListItem","position":1,"name":"Accueil","item":"https:\/\/www.public.sn\/"},{"@type":"ListItem","position":2,"name":"Amical : S\u00e9n\u00e9gal \u2013 Alg\u00e9rie en septembre \u00e0 Dakar"}]},{"@type":"WebSite","@id":"https:\/\/www.public.sn\/#website","url":"https:\/\/www.public.sn\/","name":"LE PUBLIC","description":"","publisher":{"@id":"https:\/\/www.public.sn\/#organization"},"potentialAction":[{"@type":"SearchAction","target":{"@type":"EntryPoint","urlTemplate":"https:\/\/www.public.sn\/?s={search_term_string}"},"query-input":{"@type":"PropertyValueSpecification","valueRequired":true,"valueName":"search_term_string"}}],"inLanguage":"fr-FR"},{"@type":"Organization","@id":"https:\/\/www.public.sn\/#organization","name":"LE PUBLIC","url":"https:\/\/www.public.sn\/","logo":{"@type":"ImageObject","inLanguage":"fr-FR","@id":"https:\/\/www.public.sn\/#\/schema\/logo\/image\/","url":"https:\/\/www.public.sn\/wp-content\/uploads\/2024\/05\/cropped-LOGO-PUBLIC.SN_.png","contentUrl":"https:\/\/www.public.sn\/wp-content\/uploads\/2024\/05\/cropped-LOGO-PUBLIC.SN_.png","width":682,"height":192,"caption":"LE PUBLIC"},"image":{"@id":"https:\/\/www.public.sn\/#\/schema\/logo\/image\/"}},{"@type":"Person","@id":"https:\/\/www.public.sn\/#\/schema\/person\/e3f4a11b037d4203902db148f9bc8d5a","name":"LA REDACTION","image":{"@type":"ImageObject","inLanguage":"fr-FR","@id":"https:\/\/www.public.sn\/#\/schema\/person\/image\/","url":"https:\/\/secure.gravatar.com\/avatar\/d6c030db45db2883c075085c5d6c6258654a801a93766b49af0b82d4f454e2a5?s=96&d=mm&r=g","contentUrl":"https:\/\/secure.gravatar.com\/avatar\/d6c030db45db2883c075085c5d6c6258654a801a93766b49af0b82d4f454e2a5?s=96&d=mm&r=g","caption":"LA REDACTION"},"sameAs":["http:\/\/www.public.sn"],"url":"https:\/\/www.public.sn\/index.php\/author\/admin7324\/"}]}},"jetpack_featured_media_url":"https:\/\/www.public.sn\/wp-content\/uploads\/2023\/07\/sadio-mane-algerie.jpeg","jetpack_sharing_enabled":true,"_links":{"self":[{"href":"https:\/\/www.public.sn\/index.php\/wp-json\/wp\/v2\/posts\/24762","targetHints":{"allow":["GET"]}}],"collection":[{"href":"https:\/\/www.public.sn\/index.php\/wp-json\/wp\/v2\/posts"}],"about":[{"href":"https:\/\/www.public.sn\/index.php\/wp-json\/wp\/v2\/types\/post"}],"author":[{"embeddable":true,"href":"https:\/\/www.public.sn\/index.php\/wp-json\/wp\/v2\/users\/1"}],"replies":[{"embeddable":true,"href":"https:\/\/www.public.sn\/index.php\/wp-json\/wp\/v2\/comments?post=24762"}],"version-history":[{"count":1,"href":"https:\/\/www.public.sn\/index.php\/wp-json\/wp\/v2\/posts\/24762\/revisions"}],"predecessor-version":[{"id":24765,"href":"https:\/\/www.public.sn\/index.php\/wp-json\/wp\/v2\/posts\/24762\/revisions\/24765"}],"wp:featuredmedia":[{"embeddable":true,"href":"https:\/\/www.public.sn\/index.php\/wp-json\/wp\/v2\/media\/24763"}],"wp:attachment":[{"href":"https:\/\/www.public.sn\/index.php\/wp-json\/wp\/v2\/media?parent=24762"}],"wp:term":[{"taxonomy":"category","embeddable":true,"href":"https:\/\/www.public.sn\/index.php\/wp-json\/wp\/v2\/categories?post=24762"},{"taxonomy":"post_tag","embeddable":true,"href":"https:\/\/www.public.sn\/index.php\/wp-json\/wp\/v2\/tags?post=24762"}],"curies":[{"name":"wp","href":"https:\/\/api.w.org\/{rel}","templated":true}]}}