{"id":24846,"date":"2023-07-11T14:48:49","date_gmt":"2023-07-11T14:48:49","guid":{"rendered":"https:\/\/www.public.sn\/?p=24846"},"modified":"2023-07-11T14:48:49","modified_gmt":"2023-07-11T14:48:49","slug":"mort-tragique-de-deux-jeunes-a-keur-massar","status":"publish","type":"post","link":"https:\/\/www.public.sn\/index.php\/2023\/07\/11\/mort-tragique-de-deux-jeunes-a-keur-massar\/","title":{"rendered":"Mort tragique de deux jeunes \u00e0 Keur Massar"},"content":{"rendered":"<p><strong>Deux corps de jeunes de Keur Massar Nord habitant le quartier \u00abcase bi \u00bb ont \u00e9t\u00e9 rep\u00each\u00e9s d\u2019une fosse septique.<\/strong><\/p><div class=\"publi-paragraphe1\" style=\"margin-top: 10px;margin-bottom: 10px;margin-left: auto;margin-right: auto;text-align: center;\" id=\"publi-3876030650\"><div class=\"publi-adlabel\">Publicit\u00e9<\/div><script async src=\"\/\/pagead2.googlesyndication.com\/pagead\/js\/adsbygoogle.js?client=ca-pub-4089586018074219\" crossorigin=\"anonymous\"><\/script><ins class=\"adsbygoogle\" style=\"display:block;\" data-ad-client=\"ca-pub-4089586018074219\" \ndata-ad-slot=\"2087940154\" \ndata-ad-format=\"auto\"><\/ins>\n<script> \n(adsbygoogle = window.adsbygoogle || []).push({}); \n<\/script>\n<\/div>\n<p>Ils ont chut\u00e9 accidentellement dans la fosse septique. Les d\u00e9pouilles sont d\u00e9pos\u00e9es dans une structure sanitaire.<\/p>\n<p>La Gendarmerie de Keur Massar a ouvert une enqu\u00eate pour d\u00e9terminer les circonstances exactes des d\u00e9c\u00e8s de ces jeunes.<\/p>\n<div class=\"publi-apres-le-contenu\" style=\"margin-top: 10px;margin-bottom: 10px;margin-left: auto;margin-right: auto;text-align: center;\" id=\"publi-940261323\"><div class=\"publi-adlabel\">Publicit\u00e9<\/div><script async src=\"\/\/pagead2.googlesyndication.com\/pagead\/js\/adsbygoogle.js?client=ca-pub-4089586018074219\" crossorigin=\"anonymous\"><\/script><ins class=\"adsbygoogle\" style=\"display:block;\" data-ad-client=\"ca-pub-4089586018074219\" \ndata-ad-slot=\"2087940154\" \ndata-ad-format=\"auto\"><\/ins>\n<script> \n(adsbygoogle = window.adsbygoogle || []).push({}); \n<\/script>\n<\/div>","protected":false},"excerpt":{"rendered":"<p>Deux corps de jeunes de Keur Massar Nord habitant le quartier \u00abcase bi \u00bb ont \u00e9t\u00e9 rep\u00each\u00e9s d\u2019une fosse septique. Ils ont chut\u00e9 accidentellement dans la fosse septique. Les d\u00e9pouilles sont d\u00e9pos\u00e9es dans une structure sanitaire. La Gendarmerie de Keur Massar a ouvert une enqu\u00eate pour d\u00e9terminer les circonstances exactes des d\u00e9c\u00e8s de ces jeunes.<\/p>\n","protected":false},"author":1,"featured_media":19262,"comment_status":"open","ping_status":"open","sticky":false,"template":"","format":"standard","meta":{"_jetpack_memberships_contains_paid_content":false,"footnotes":""},"categories":[1],"tags":[],"class_list":["post-24846","post","type-post","status-publish","format-standard","has-post-thumbnail","hentry","category-non-classe","entry","has-media","owp-thumbs-layout-horizontal","owp-btn-normal","owp-tabs-layout-horizontal","has-no-thumbnails","has-product-nav"],"yoast_head":"<!-- This site is optimized with the Yoast SEO plugin v25.5 - https:\/\/yoast.com\/wordpress\/plugins\/seo\/ -->\n<title>Mort tragique de deux jeunes \u00e0 Keur Massar - LE PUBLIC<\/title>\n<meta name=\"robots\" content=\"index, follow, max-snippet:-1, max-image-preview:large, max-video-preview:-1\" \/>\n<link rel=\"canonical\" href=\"https:\/\/www.public.sn\/index.php\/2023\/07\/11\/mort-tragique-de-deux-jeunes-a-keur-massar\/\" \/>\n<meta property=\"og:locale\" content=\"fr_FR\" \/>\n<meta property=\"og:type\" content=\"article\" \/>\n<meta property=\"og:title\" content=\"Mort tragique de deux jeunes \u00e0 Keur Massar - LE PUBLIC\" \/>\n<meta property=\"og:description\" content=\"Deux corps de jeunes de Keur Massar Nord habitant le quartier \u00abcase bi \u00bb ont \u00e9t\u00e9 rep\u00each\u00e9s d\u2019une fosse septique. Ils ont chut\u00e9 accidentellement dans la fosse septique. Les d\u00e9pouilles sont d\u00e9pos\u00e9es dans une structure sanitaire. La Gendarmerie de Keur Massar a ouvert une enqu\u00eate pour d\u00e9terminer les circonstances exactes des d\u00e9c\u00e8s de ces jeunes.\" \/>\n<meta property=\"og:url\" content=\"https:\/\/www.public.sn\/index.php\/2023\/07\/11\/mort-tragique-de-deux-jeunes-a-keur-massar\/\" \/>\n<meta property=\"og:site_name\" content=\"LE PUBLIC\" \/>\n<meta property=\"article:published_time\" content=\"2023-07-11T14:48:49+00:00\" \/>\n<meta property=\"og:image\" content=\"https:\/\/www.public.sn\/wp-content\/uploads\/2023\/04\/Une-dispute-entre-les-deux-conjoints-vire-au-drame-Tragedie-a-Kaolack.jpg\" \/>\n\t<meta property=\"og:image:width\" content=\"664\" \/>\n\t<meta property=\"og:image:height\" content=\"372\" \/>\n\t<meta property=\"og:image:type\" content=\"image\/jpeg\" \/>\n<meta name=\"author\" content=\"LA REDACTION\" \/>\n<meta name=\"twitter:card\" content=\"summary_large_image\" \/>\n<meta name=\"twitter:label1\" content=\"\u00c9crit par\" \/>\n\t<meta name=\"twitter:data1\" content=\"LA REDACTION\" \/>\n\t<meta name=\"twitter:label2\" content=\"Dur\u00e9e de lecture estim\u00e9e\" \/>\n\t<meta name=\"twitter:data2\" content=\"1 minute\" \/>\n<script type=\"application\/ld+json\" class=\"yoast-schema-graph\">{\"@context\":\"https:\/\/schema.org\",\"@graph\":[{\"@type\":\"Article\",\"@id\":\"https:\/\/www.public.sn\/index.php\/2023\/07\/11\/mort-tragique-de-deux-jeunes-a-keur-massar\/#article\",\"isPartOf\":{\"@id\":\"https:\/\/www.public.sn\/index.php\/2023\/07\/11\/mort-tragique-de-deux-jeunes-a-keur-massar\/\"},\"author\":{\"name\":\"LA REDACTION\",\"@id\":\"https:\/\/www.public.sn\/#\/schema\/person\/e3f4a11b037d4203902db148f9bc8d5a\"},\"headline\":\"Mort tragique de deux jeunes \u00e0 Keur Massar\",\"datePublished\":\"2023-07-11T14:48:49+00:00\",\"mainEntityOfPage\":{\"@id\":\"https:\/\/www.public.sn\/index.php\/2023\/07\/11\/mort-tragique-de-deux-jeunes-a-keur-massar\/\"},\"wordCount\":71,\"commentCount\":0,\"publisher\":{\"@id\":\"https:\/\/www.public.sn\/#organization\"},\"image\":{\"@id\":\"https:\/\/www.public.sn\/index.php\/2023\/07\/11\/mort-tragique-de-deux-jeunes-a-keur-massar\/#primaryimage\"},\"thumbnailUrl\":\"https:\/\/www.public.sn\/wp-content\/uploads\/2023\/04\/Une-dispute-entre-les-deux-conjoints-vire-au-drame-Tragedie-a-Kaolack.jpg\",\"articleSection\":[\"S\u00c9N\u00c9GAL\"],\"inLanguage\":\"fr-FR\",\"potentialAction\":[{\"@type\":\"CommentAction\",\"name\":\"Comment\",\"target\":[\"https:\/\/www.public.sn\/index.php\/2023\/07\/11\/mort-tragique-de-deux-jeunes-a-keur-massar\/#respond\"]}]},{\"@type\":\"WebPage\",\"@id\":\"https:\/\/www.public.sn\/index.php\/2023\/07\/11\/mort-tragique-de-deux-jeunes-a-keur-massar\/\",\"url\":\"https:\/\/www.public.sn\/index.php\/2023\/07\/11\/mort-tragique-de-deux-jeunes-a-keur-massar\/\",\"name\":\"Mort tragique de deux jeunes \u00e0 Keur Massar - LE PUBLIC\",\"isPartOf\":{\"@id\":\"https:\/\/www.public.sn\/#website\"},\"primaryImageOfPage\":{\"@id\":\"https:\/\/www.public.sn\/index.php\/2023\/07\/11\/mort-tragique-de-deux-jeunes-a-keur-massar\/#primaryimage\"},\"image\":{\"@id\":\"https:\/\/www.public.sn\/index.php\/2023\/07\/11\/mort-tragique-de-deux-jeunes-a-keur-massar\/#primaryimage\"},\"thumbnailUrl\":\"https:\/\/www.public.sn\/wp-content\/uploads\/2023\/04\/Une-dispute-entre-les-deux-conjoints-vire-au-drame-Tragedie-a-Kaolack.jpg\",\"datePublished\":\"2023-07-11T14:48:49+00:00\",\"breadcrumb\":{\"@id\":\"https:\/\/www.public.sn\/index.php\/2023\/07\/11\/mort-tragique-de-deux-jeunes-a-keur-massar\/#breadcrumb\"},\"inLanguage\":\"fr-FR\",\"potentialAction\":[{\"@type\":\"ReadAction\",\"target\":[\"https:\/\/www.public.sn\/index.php\/2023\/07\/11\/mort-tragique-de-deux-jeunes-a-keur-massar\/\"]}]},{\"@type\":\"ImageObject\",\"inLanguage\":\"fr-FR\",\"@id\":\"https:\/\/www.public.sn\/index.php\/2023\/07\/11\/mort-tragique-de-deux-jeunes-a-keur-massar\/#primaryimage\",\"url\":\"https:\/\/www.public.sn\/wp-content\/uploads\/2023\/04\/Une-dispute-entre-les-deux-conjoints-vire-au-drame-Tragedie-a-Kaolack.jpg\",\"contentUrl\":\"https:\/\/www.public.sn\/wp-content\/uploads\/2023\/04\/Une-dispute-entre-les-deux-conjoints-vire-au-drame-Tragedie-a-Kaolack.jpg\",\"width\":664,\"height\":372},{\"@type\":\"BreadcrumbList\",\"@id\":\"https:\/\/www.public.sn\/index.php\/2023\/07\/11\/mort-tragique-de-deux-jeunes-a-keur-massar\/#breadcrumb\",\"itemListElement\":[{\"@type\":\"ListItem\",\"position\":1,\"name\":\"Accueil\",\"item\":\"https:\/\/www.public.sn\/\"},{\"@type\":\"ListItem\",\"position\":2,\"name\":\"Mort tragique de deux jeunes \u00e0 Keur Massar\"}]},{\"@type\":\"WebSite\",\"@id\":\"https:\/\/www.public.sn\/#website\",\"url\":\"https:\/\/www.public.sn\/\",\"name\":\"LE PUBLIC\",\"description\":\"\",\"publisher\":{\"@id\":\"https:\/\/www.public.sn\/#organization\"},\"potentialAction\":[{\"@type\":\"SearchAction\",\"target\":{\"@type\":\"EntryPoint\",\"urlTemplate\":\"https:\/\/www.public.sn\/?s={search_term_string}\"},\"query-input\":{\"@type\":\"PropertyValueSpecification\",\"valueRequired\":true,\"valueName\":\"search_term_string\"}}],\"inLanguage\":\"fr-FR\"},{\"@type\":\"Organization\",\"@id\":\"https:\/\/www.public.sn\/#organization\",\"name\":\"LE PUBLIC\",\"url\":\"https:\/\/www.public.sn\/\",\"logo\":{\"@type\":\"ImageObject\",\"inLanguage\":\"fr-FR\",\"@id\":\"https:\/\/www.public.sn\/#\/schema\/logo\/image\/\",\"url\":\"https:\/\/www.public.sn\/wp-content\/uploads\/2024\/05\/cropped-LOGO-PUBLIC.SN_.png\",\"contentUrl\":\"https:\/\/www.public.sn\/wp-content\/uploads\/2024\/05\/cropped-LOGO-PUBLIC.SN_.png\",\"width\":682,\"height\":192,\"caption\":\"LE PUBLIC\"},\"image\":{\"@id\":\"https:\/\/www.public.sn\/#\/schema\/logo\/image\/\"}},{\"@type\":\"Person\",\"@id\":\"https:\/\/www.public.sn\/#\/schema\/person\/e3f4a11b037d4203902db148f9bc8d5a\",\"name\":\"LA REDACTION\",\"image\":{\"@type\":\"ImageObject\",\"inLanguage\":\"fr-FR\",\"@id\":\"https:\/\/www.public.sn\/#\/schema\/person\/image\/\",\"url\":\"https:\/\/secure.gravatar.com\/avatar\/d6c030db45db2883c075085c5d6c6258654a801a93766b49af0b82d4f454e2a5?s=96&d=mm&r=g\",\"contentUrl\":\"https:\/\/secure.gravatar.com\/avatar\/d6c030db45db2883c075085c5d6c6258654a801a93766b49af0b82d4f454e2a5?s=96&d=mm&r=g\",\"caption\":\"LA REDACTION\"},\"sameAs\":[\"http:\/\/www.public.sn\"],\"url\":\"https:\/\/www.public.sn\/index.php\/author\/admin7324\/\"}]}<\/script>\n<!-- \/ Yoast SEO plugin. -->","yoast_head_json":{"title":"Mort tragique de deux jeunes \u00e0 Keur Massar - LE PUBLIC","robots":{"index":"index","follow":"follow","max-snippet":"max-snippet:-1","max-image-preview":"max-image-preview:large","max-video-preview":"max-video-preview:-1"},"canonical":"https:\/\/www.public.sn\/index.php\/2023\/07\/11\/mort-tragique-de-deux-jeunes-a-keur-massar\/","og_locale":"fr_FR","og_type":"article","og_title":"Mort tragique de deux jeunes \u00e0 Keur Massar - LE PUBLIC","og_description":"Deux corps de jeunes de Keur Massar Nord habitant le quartier \u00abcase bi \u00bb ont \u00e9t\u00e9 rep\u00each\u00e9s d\u2019une fosse septique. Ils ont chut\u00e9 accidentellement dans la fosse septique. Les d\u00e9pouilles sont d\u00e9pos\u00e9es dans une structure sanitaire. La Gendarmerie de Keur Massar a ouvert une enqu\u00eate pour d\u00e9terminer les circonstances exactes des d\u00e9c\u00e8s de ces jeunes.","og_url":"https:\/\/www.public.sn\/index.php\/2023\/07\/11\/mort-tragique-de-deux-jeunes-a-keur-massar\/","og_site_name":"LE PUBLIC","article_published_time":"2023-07-11T14:48:49+00:00","og_image":[{"width":664,"height":372,"url":"https:\/\/www.public.sn\/wp-content\/uploads\/2023\/04\/Une-dispute-entre-les-deux-conjoints-vire-au-drame-Tragedie-a-Kaolack.jpg","type":"image\/jpeg"}],"author":"LA REDACTION","twitter_card":"summary_large_image","twitter_misc":{"\u00c9crit par":"LA REDACTION","Dur\u00e9e de lecture estim\u00e9e":"1 minute"},"schema":{"@context":"https:\/\/schema.org","@graph":[{"@type":"Article","@id":"https:\/\/www.public.sn\/index.php\/2023\/07\/11\/mort-tragique-de-deux-jeunes-a-keur-massar\/#article","isPartOf":{"@id":"https:\/\/www.public.sn\/index.php\/2023\/07\/11\/mort-tragique-de-deux-jeunes-a-keur-massar\/"},"author":{"name":"LA REDACTION","@id":"https:\/\/www.public.sn\/#\/schema\/person\/e3f4a11b037d4203902db148f9bc8d5a"},"headline":"Mort tragique de deux jeunes \u00e0 Keur Massar","datePublished":"2023-07-11T14:48:49+00:00","mainEntityOfPage":{"@id":"https:\/\/www.public.sn\/index.php\/2023\/07\/11\/mort-tragique-de-deux-jeunes-a-keur-massar\/"},"wordCount":71,"commentCount":0,"publisher":{"@id":"https:\/\/www.public.sn\/#organization"},"image":{"@id":"https:\/\/www.public.sn\/index.php\/2023\/07\/11\/mort-tragique-de-deux-jeunes-a-keur-massar\/#primaryimage"},"thumbnailUrl":"https:\/\/www.public.sn\/wp-content\/uploads\/2023\/04\/Une-dispute-entre-les-deux-conjoints-vire-au-drame-Tragedie-a-Kaolack.jpg","articleSection":["S\u00c9N\u00c9GAL"],"inLanguage":"fr-FR","potentialAction":[{"@type":"CommentAction","name":"Comment","target":["https:\/\/www.public.sn\/index.php\/2023\/07\/11\/mort-tragique-de-deux-jeunes-a-keur-massar\/#respond"]}]},{"@type":"WebPage","@id":"https:\/\/www.public.sn\/index.php\/2023\/07\/11\/mort-tragique-de-deux-jeunes-a-keur-massar\/","url":"https:\/\/www.public.sn\/index.php\/2023\/07\/11\/mort-tragique-de-deux-jeunes-a-keur-massar\/","name":"Mort tragique de deux jeunes \u00e0 Keur Massar - LE PUBLIC","isPartOf":{"@id":"https:\/\/www.public.sn\/#website"},"primaryImageOfPage":{"@id":"https:\/\/www.public.sn\/index.php\/2023\/07\/11\/mort-tragique-de-deux-jeunes-a-keur-massar\/#primaryimage"},"image":{"@id":"https:\/\/www.public.sn\/index.php\/2023\/07\/11\/mort-tragique-de-deux-jeunes-a-keur-massar\/#primaryimage"},"thumbnailUrl":"https:\/\/www.public.sn\/wp-content\/uploads\/2023\/04\/Une-dispute-entre-les-deux-conjoints-vire-au-drame-Tragedie-a-Kaolack.jpg","datePublished":"2023-07-11T14:48:49+00:00","breadcrumb":{"@id":"https:\/\/www.public.sn\/index.php\/2023\/07\/11\/mort-tragique-de-deux-jeunes-a-keur-massar\/#breadcrumb"},"inLanguage":"fr-FR","potentialAction":[{"@type":"ReadAction","target":["https:\/\/www.public.sn\/index.php\/2023\/07\/11\/mort-tragique-de-deux-jeunes-a-keur-massar\/"]}]},{"@type":"ImageObject","inLanguage":"fr-FR","@id":"https:\/\/www.public.sn\/index.php\/2023\/07\/11\/mort-tragique-de-deux-jeunes-a-keur-massar\/#primaryimage","url":"https:\/\/www.public.sn\/wp-content\/uploads\/2023\/04\/Une-dispute-entre-les-deux-conjoints-vire-au-drame-Tragedie-a-Kaolack.jpg","contentUrl":"https:\/\/www.public.sn\/wp-content\/uploads\/2023\/04\/Une-dispute-entre-les-deux-conjoints-vire-au-drame-Tragedie-a-Kaolack.jpg","width":664,"height":372},{"@type":"BreadcrumbList","@id":"https:\/\/www.public.sn\/index.php\/2023\/07\/11\/mort-tragique-de-deux-jeunes-a-keur-massar\/#breadcrumb","itemListElement":[{"@type":"ListItem","position":1,"name":"Accueil","item":"https:\/\/www.public.sn\/"},{"@type":"ListItem","position":2,"name":"Mort tragique de deux jeunes \u00e0 Keur Massar"}]},{"@type":"WebSite","@id":"https:\/\/www.public.sn\/#website","url":"https:\/\/www.public.sn\/","name":"LE PUBLIC","description":"","publisher":{"@id":"https:\/\/www.public.sn\/#organization"},"potentialAction":[{"@type":"SearchAction","target":{"@type":"EntryPoint","urlTemplate":"https:\/\/www.public.sn\/?s={search_term_string}"},"query-input":{"@type":"PropertyValueSpecification","valueRequired":true,"valueName":"search_term_string"}}],"inLanguage":"fr-FR"},{"@type":"Organization","@id":"https:\/\/www.public.sn\/#organization","name":"LE PUBLIC","url":"https:\/\/www.public.sn\/","logo":{"@type":"ImageObject","inLanguage":"fr-FR","@id":"https:\/\/www.public.sn\/#\/schema\/logo\/image\/","url":"https:\/\/www.public.sn\/wp-content\/uploads\/2024\/05\/cropped-LOGO-PUBLIC.SN_.png","contentUrl":"https:\/\/www.public.sn\/wp-content\/uploads\/2024\/05\/cropped-LOGO-PUBLIC.SN_.png","width":682,"height":192,"caption":"LE PUBLIC"},"image":{"@id":"https:\/\/www.public.sn\/#\/schema\/logo\/image\/"}},{"@type":"Person","@id":"https:\/\/www.public.sn\/#\/schema\/person\/e3f4a11b037d4203902db148f9bc8d5a","name":"LA REDACTION","image":{"@type":"ImageObject","inLanguage":"fr-FR","@id":"https:\/\/www.public.sn\/#\/schema\/person\/image\/","url":"https:\/\/secure.gravatar.com\/avatar\/d6c030db45db2883c075085c5d6c6258654a801a93766b49af0b82d4f454e2a5?s=96&d=mm&r=g","contentUrl":"https:\/\/secure.gravatar.com\/avatar\/d6c030db45db2883c075085c5d6c6258654a801a93766b49af0b82d4f454e2a5?s=96&d=mm&r=g","caption":"LA REDACTION"},"sameAs":["http:\/\/www.public.sn"],"url":"https:\/\/www.public.sn\/index.php\/author\/admin7324\/"}]}},"jetpack_featured_media_url":"https:\/\/www.public.sn\/wp-content\/uploads\/2023\/04\/Une-dispute-entre-les-deux-conjoints-vire-au-drame-Tragedie-a-Kaolack.jpg","jetpack_sharing_enabled":true,"_links":{"self":[{"href":"https:\/\/www.public.sn\/index.php\/wp-json\/wp\/v2\/posts\/24846","targetHints":{"allow":["GET"]}}],"collection":[{"href":"https:\/\/www.public.sn\/index.php\/wp-json\/wp\/v2\/posts"}],"about":[{"href":"https:\/\/www.public.sn\/index.php\/wp-json\/wp\/v2\/types\/post"}],"author":[{"embeddable":true,"href":"https:\/\/www.public.sn\/index.php\/wp-json\/wp\/v2\/users\/1"}],"replies":[{"embeddable":true,"href":"https:\/\/www.public.sn\/index.php\/wp-json\/wp\/v2\/comments?post=24846"}],"version-history":[{"count":1,"href":"https:\/\/www.public.sn\/index.php\/wp-json\/wp\/v2\/posts\/24846\/revisions"}],"predecessor-version":[{"id":24847,"href":"https:\/\/www.public.sn\/index.php\/wp-json\/wp\/v2\/posts\/24846\/revisions\/24847"}],"wp:featuredmedia":[{"embeddable":true,"href":"https:\/\/www.public.sn\/index.php\/wp-json\/wp\/v2\/media\/19262"}],"wp:attachment":[{"href":"https:\/\/www.public.sn\/index.php\/wp-json\/wp\/v2\/media?parent=24846"}],"wp:term":[{"taxonomy":"category","embeddable":true,"href":"https:\/\/www.public.sn\/index.php\/wp-json\/wp\/v2\/categories?post=24846"},{"taxonomy":"post_tag","embeddable":true,"href":"https:\/\/www.public.sn\/index.php\/wp-json\/wp\/v2\/tags?post=24846"}],"curies":[{"name":"wp","href":"https:\/\/api.w.org\/{rel}","templated":true}]}}