{"id":2485,"date":"2022-09-22T12:01:52","date_gmt":"2022-09-22T12:01:52","guid":{"rendered":"https:\/\/www.public.sn\/?p=2485"},"modified":"2022-09-22T13:24:53","modified_gmt":"2022-09-22T13:24:53","slug":"prix-du-ciment-des-commercants-condamnes-a-payer-des-amendes-pour","status":"publish","type":"post","link":"https:\/\/www.public.sn\/index.php\/2022\/09\/22\/prix-du-ciment-des-commercants-condamnes-a-payer-des-amendes-pour\/","title":{"rendered":"Prix du ciment: Des commer\u00e7ants condamn\u00e9s \u00e0 payer des amendes pour\u2026"},"content":{"rendered":"\n<p>Quarante-et-un (41) commer\u00e7ants qui vendaient la tonne de ciment entre 78.000 et 80.000 FCFA le prix fix\u00e9 par l\u2019Etat est de 74.000 francs CFA, avaient \u00e9t\u00e9 convoqu\u00e9s mardi au service d\u00e9partemental du commerce de Mbour, lequel les a contraints de payer des amendes comprises entre 150.000 et 1 million de FCFA.<\/p><div class=\"publi-paragraphe1\" style=\"margin-top: 10px;margin-bottom: 10px;margin-left: auto;margin-right: auto;text-align: center;\" id=\"publi-215692467\"><div class=\"publi-adlabel\">Publicit\u00e9<\/div><script async src=\"\/\/pagead2.googlesyndication.com\/pagead\/js\/adsbygoogle.js?client=ca-pub-4089586018074219\" crossorigin=\"anonymous\"><\/script><ins class=\"adsbygoogle\" style=\"display:block;\" data-ad-client=\"ca-pub-4089586018074219\" \ndata-ad-slot=\"2087940154\" \ndata-ad-format=\"auto\"><\/ins>\n<script> \n(adsbygoogle = window.adsbygoogle || []).push({}); \n<\/script>\n<\/div>\n\n\n\n<p>Selon le service r\u00e9gional du commerce de Thi\u00e8s, \u00ab&nbsp;ce contentieux sera r\u00e9gl\u00e9 \u00e0 l\u2019amiable&nbsp;\u00bb, en r\u00e9ponse \u00e0 une question sur ce sujet, en marge d\u2019une r\u00e9union du conseil r\u00e9gional de la consommation, d\u00e9di\u00e9e \u00e0 la fixation des nouveaux prix du ciment dans la r\u00e9gion, suite \u00e0 leur homologation par le minist\u00e8re du commerce.<\/p>\n\n\n\n<p>Le secr\u00e9taire g\u00e9n\u00e9ral de l\u2019association des quincaillers de la Petite-C\u00f4te, Arona Niang, a profit\u00e9 de cette rencontre pour plaider aupr\u00e8s du gouverneur l\u2019annulation des amendes. Bien que le prix du ciment ait \u00e9t\u00e9 fix\u00e9 \u00e0 67.000 FCFA la tonne ex-usine, il leur est livr\u00e9 \u00e0 72.000 \u00e0 73.000 la tonne par les distributeurs, avait-il justifi\u00e9.<\/p>\n\n\n\n<p>Le chef du service r\u00e9gional du commerce a estim\u00e9 que cette op\u00e9ration \u00e9tait \u00ab&nbsp;une action dissuasive&nbsp;\u00bb pour marquer la pr\u00e9sence des services de contr\u00f4le, notamment \u00e0 l\u2019\u00e9gard de certains commer\u00e7ants qui avaient profit\u00e9 de l\u2019approche du Magal, pour faire de la sp\u00e9culation.<\/p>\n\n\n\n<p>\u00ab&nbsp;Si nous avions laiss\u00e9 faire, nous pourrions nous retrouver avec 100.000 FCFA la tonne&nbsp;\u00bb, a dit Bamba Ndao, avant d\u2019ajouter&nbsp;: \u00ab&nbsp;Nous allons trouver une solution avec le service d\u00e9partemental du commerce&nbsp;\u00bb.<\/p>\n<div class=\"publi-apres-le-contenu\" style=\"margin-top: 10px;margin-bottom: 10px;margin-left: auto;margin-right: auto;text-align: center;\" id=\"publi-2484193720\"><div class=\"publi-adlabel\">Publicit\u00e9<\/div><script async src=\"\/\/pagead2.googlesyndication.com\/pagead\/js\/adsbygoogle.js?client=ca-pub-4089586018074219\" crossorigin=\"anonymous\"><\/script><ins class=\"adsbygoogle\" style=\"display:block;\" data-ad-client=\"ca-pub-4089586018074219\" \ndata-ad-slot=\"2087940154\" \ndata-ad-format=\"auto\"><\/ins>\n<script> \n(adsbygoogle = window.adsbygoogle || []).push({}); \n<\/script>\n<\/div>","protected":false},"excerpt":{"rendered":"<p>Quarante-et-un (41) commer\u00e7ants qui vendaient la tonne de ciment entre 78.000 et 80.000 FCFA le prix fix\u00e9 par l\u2019Etat est de 74.000 francs CFA, avaient \u00e9t\u00e9 convoqu\u00e9s mardi au service d\u00e9partemental du commerce de Mbour, lequel les a contraints de payer des amendes comprises entre 150.000 et 1 million de FCFA. Selon le service r\u00e9gional du commerce de Thi\u00e8s, \u00ab&nbsp;ce contentieux sera r\u00e9gl\u00e9 \u00e0 l\u2019amiable&nbsp;\u00bb, en r\u00e9ponse \u00e0 une question sur ce sujet, en marge d\u2019une r\u00e9union du conseil r\u00e9gional de la consommation, d\u00e9di\u00e9e \u00e0 la fixation des nouveaux prix du ciment dans la r\u00e9gion, suite \u00e0 leur homologation par le minist\u00e8re du commerce. Le secr\u00e9taire g\u00e9n\u00e9ral de l\u2019association des quincaillers de la Petite-C\u00f4te, Arona Niang, a profit\u00e9 de cette rencontre pour plaider aupr\u00e8s du gouverneur l\u2019annulation des amendes. Bien que le prix du ciment ait \u00e9t\u00e9 fix\u00e9 \u00e0 67.000 FCFA la tonne ex-usine, il leur est livr\u00e9 \u00e0 72.000 \u00e0 73.000 la tonne par les distributeurs, avait-il justifi\u00e9. Le chef du service r\u00e9gional du commerce a estim\u00e9 que cette op\u00e9ration \u00e9tait \u00ab&nbsp;une action dissuasive&nbsp;\u00bb pour marquer la pr\u00e9sence des services de contr\u00f4le, notamment \u00e0 l\u2019\u00e9gard de certains commer\u00e7ants qui avaient profit\u00e9 de l\u2019approche du Magal, pour faire de la sp\u00e9culation. \u00ab&nbsp;Si nous avions laiss\u00e9 faire, nous pourrions nous retrouver avec 100.000 FCFA la tonne&nbsp;\u00bb, a dit Bamba Ndao, avant d\u2019ajouter&nbsp;: \u00ab&nbsp;Nous allons trouver une solution avec le service d\u00e9partemental du commerce&nbsp;\u00bb.<\/p>\n","protected":false},"author":1,"featured_media":2487,"comment_status":"open","ping_status":"open","sticky":false,"template":"","format":"standard","meta":{"_jetpack_memberships_contains_paid_content":false,"footnotes":""},"categories":[375,4],"tags":[898,901,201,899,900],"class_list":["post-2485","post","type-post","status-publish","format-standard","has-post-thumbnail","hentry","category-actualites","category-societe","tag-amendes","tag-centre-regional","tag-etat-du-senegal","tag-mbour","tag-prix-du-ciment","entry","has-media","owp-thumbs-layout-horizontal","owp-btn-normal","owp-tabs-layout-horizontal","has-no-thumbnails","has-product-nav"],"yoast_head":"<!-- This site is optimized with the Yoast SEO plugin v25.5 - https:\/\/yoast.com\/wordpress\/plugins\/seo\/ -->\n<title>Prix du ciment: Des commer\u00e7ants condamn\u00e9s \u00e0 payer des amendes pour\u2026 - LE PUBLIC<\/title>\n<meta name=\"robots\" content=\"index, follow, max-snippet:-1, max-image-preview:large, max-video-preview:-1\" \/>\n<link rel=\"canonical\" href=\"https:\/\/www.public.sn\/index.php\/2022\/09\/22\/prix-du-ciment-des-commercants-condamnes-a-payer-des-amendes-pour\/\" \/>\n<meta property=\"og:locale\" content=\"fr_FR\" \/>\n<meta property=\"og:type\" content=\"article\" \/>\n<meta property=\"og:title\" content=\"Prix du ciment: Des commer\u00e7ants condamn\u00e9s \u00e0 payer des amendes pour\u2026 - LE PUBLIC\" \/>\n<meta property=\"og:description\" content=\"Quarante-et-un (41) commer\u00e7ants qui vendaient la tonne de ciment entre 78.000 et 80.000 FCFA le prix fix\u00e9 par l\u2019Etat est de 74.000 francs CFA, avaient \u00e9t\u00e9 convoqu\u00e9s mardi au service d\u00e9partemental du commerce de Mbour, lequel les a contraints de payer des amendes comprises entre 150.000 et 1 million de FCFA. Selon le service r\u00e9gional du commerce de Thi\u00e8s, \u00ab&nbsp;ce contentieux sera r\u00e9gl\u00e9 \u00e0 l\u2019amiable&nbsp;\u00bb, en r\u00e9ponse \u00e0 une question sur ce sujet, en marge d\u2019une r\u00e9union du conseil r\u00e9gional de la consommation, d\u00e9di\u00e9e \u00e0 la fixation des nouveaux prix du ciment dans la r\u00e9gion, suite \u00e0 leur homologation par le minist\u00e8re du commerce. Le secr\u00e9taire g\u00e9n\u00e9ral de l\u2019association des quincaillers de la Petite-C\u00f4te, Arona Niang, a profit\u00e9 de cette rencontre pour plaider aupr\u00e8s du gouverneur l\u2019annulation des amendes. Bien que le prix du ciment ait \u00e9t\u00e9 fix\u00e9 \u00e0 67.000 FCFA la tonne ex-usine, il leur est livr\u00e9 \u00e0 72.000 \u00e0 73.000 la tonne par les distributeurs, avait-il justifi\u00e9. Le chef du service r\u00e9gional du commerce a estim\u00e9 que cette op\u00e9ration \u00e9tait \u00ab&nbsp;une action dissuasive&nbsp;\u00bb pour marquer la pr\u00e9sence des services de contr\u00f4le, notamment \u00e0 l\u2019\u00e9gard de certains commer\u00e7ants qui avaient profit\u00e9 de l\u2019approche du Magal, pour faire de la sp\u00e9culation. \u00ab&nbsp;Si nous avions laiss\u00e9 faire, nous pourrions nous retrouver avec 100.000 FCFA la tonne&nbsp;\u00bb, a dit Bamba Ndao, avant d\u2019ajouter&nbsp;: \u00ab&nbsp;Nous allons trouver une solution avec le service d\u00e9partemental du commerce&nbsp;\u00bb.\" \/>\n<meta property=\"og:url\" content=\"https:\/\/www.public.sn\/index.php\/2022\/09\/22\/prix-du-ciment-des-commercants-condamnes-a-payer-des-amendes-pour\/\" \/>\n<meta property=\"og:site_name\" content=\"LE PUBLIC\" \/>\n<meta property=\"article:published_time\" content=\"2022-09-22T12:01:52+00:00\" \/>\n<meta property=\"article:modified_time\" content=\"2022-09-22T13:24:53+00:00\" \/>\n<meta property=\"og:image\" content=\"https:\/\/www.public.sn\/wp-content\/uploads\/2022\/09\/B4CF2234-CAF4-4AE8-96B9-DBB7A921743B.jpeg\" \/>\n\t<meta property=\"og:image:width\" content=\"1000\" \/>\n\t<meta property=\"og:image:height\" content=\"600\" \/>\n\t<meta property=\"og:image:type\" content=\"image\/jpeg\" \/>\n<meta name=\"author\" content=\"LA REDACTION\" \/>\n<meta name=\"twitter:card\" content=\"summary_large_image\" \/>\n<meta name=\"twitter:label1\" content=\"\u00c9crit par\" \/>\n\t<meta name=\"twitter:data1\" content=\"LA REDACTION\" \/>\n\t<meta name=\"twitter:label2\" content=\"Dur\u00e9e de lecture estim\u00e9e\" \/>\n\t<meta name=\"twitter:data2\" content=\"2 minutes\" \/>\n<script type=\"application\/ld+json\" class=\"yoast-schema-graph\">{\"@context\":\"https:\/\/schema.org\",\"@graph\":[{\"@type\":\"Article\",\"@id\":\"https:\/\/www.public.sn\/index.php\/2022\/09\/22\/prix-du-ciment-des-commercants-condamnes-a-payer-des-amendes-pour\/#article\",\"isPartOf\":{\"@id\":\"https:\/\/www.public.sn\/index.php\/2022\/09\/22\/prix-du-ciment-des-commercants-condamnes-a-payer-des-amendes-pour\/\"},\"author\":{\"name\":\"LA REDACTION\",\"@id\":\"https:\/\/www.public.sn\/#\/schema\/person\/e3f4a11b037d4203902db148f9bc8d5a\"},\"headline\":\"Prix du ciment: Des commer\u00e7ants condamn\u00e9s \u00e0 payer des amendes pour\u2026\",\"datePublished\":\"2022-09-22T12:01:52+00:00\",\"dateModified\":\"2022-09-22T13:24:53+00:00\",\"mainEntityOfPage\":{\"@id\":\"https:\/\/www.public.sn\/index.php\/2022\/09\/22\/prix-du-ciment-des-commercants-condamnes-a-payer-des-amendes-pour\/\"},\"wordCount\":268,\"commentCount\":0,\"publisher\":{\"@id\":\"https:\/\/www.public.sn\/#organization\"},\"image\":{\"@id\":\"https:\/\/www.public.sn\/index.php\/2022\/09\/22\/prix-du-ciment-des-commercants-condamnes-a-payer-des-amendes-pour\/#primaryimage\"},\"thumbnailUrl\":\"https:\/\/www.public.sn\/wp-content\/uploads\/2022\/09\/B4CF2234-CAF4-4AE8-96B9-DBB7A921743B.jpeg\",\"keywords\":[\"Amendes\",\"Centre r\u00e9gional\",\"\u00c9tat du S\u00e9n\u00e9gal\",\"Mbour\",\"Prix du Ciment\"],\"articleSection\":[\"ACTUALIT\u00c9S\",\"SOCIETE\"],\"inLanguage\":\"fr-FR\",\"potentialAction\":[{\"@type\":\"CommentAction\",\"name\":\"Comment\",\"target\":[\"https:\/\/www.public.sn\/index.php\/2022\/09\/22\/prix-du-ciment-des-commercants-condamnes-a-payer-des-amendes-pour\/#respond\"]}]},{\"@type\":\"WebPage\",\"@id\":\"https:\/\/www.public.sn\/index.php\/2022\/09\/22\/prix-du-ciment-des-commercants-condamnes-a-payer-des-amendes-pour\/\",\"url\":\"https:\/\/www.public.sn\/index.php\/2022\/09\/22\/prix-du-ciment-des-commercants-condamnes-a-payer-des-amendes-pour\/\",\"name\":\"Prix du ciment: Des commer\u00e7ants condamn\u00e9s \u00e0 payer des amendes pour\u2026 - LE PUBLIC\",\"isPartOf\":{\"@id\":\"https:\/\/www.public.sn\/#website\"},\"primaryImageOfPage\":{\"@id\":\"https:\/\/www.public.sn\/index.php\/2022\/09\/22\/prix-du-ciment-des-commercants-condamnes-a-payer-des-amendes-pour\/#primaryimage\"},\"image\":{\"@id\":\"https:\/\/www.public.sn\/index.php\/2022\/09\/22\/prix-du-ciment-des-commercants-condamnes-a-payer-des-amendes-pour\/#primaryimage\"},\"thumbnailUrl\":\"https:\/\/www.public.sn\/wp-content\/uploads\/2022\/09\/B4CF2234-CAF4-4AE8-96B9-DBB7A921743B.jpeg\",\"datePublished\":\"2022-09-22T12:01:52+00:00\",\"dateModified\":\"2022-09-22T13:24:53+00:00\",\"breadcrumb\":{\"@id\":\"https:\/\/www.public.sn\/index.php\/2022\/09\/22\/prix-du-ciment-des-commercants-condamnes-a-payer-des-amendes-pour\/#breadcrumb\"},\"inLanguage\":\"fr-FR\",\"potentialAction\":[{\"@type\":\"ReadAction\",\"target\":[\"https:\/\/www.public.sn\/index.php\/2022\/09\/22\/prix-du-ciment-des-commercants-condamnes-a-payer-des-amendes-pour\/\"]}]},{\"@type\":\"ImageObject\",\"inLanguage\":\"fr-FR\",\"@id\":\"https:\/\/www.public.sn\/index.php\/2022\/09\/22\/prix-du-ciment-des-commercants-condamnes-a-payer-des-amendes-pour\/#primaryimage\",\"url\":\"https:\/\/www.public.sn\/wp-content\/uploads\/2022\/09\/B4CF2234-CAF4-4AE8-96B9-DBB7A921743B.jpeg\",\"contentUrl\":\"https:\/\/www.public.sn\/wp-content\/uploads\/2022\/09\/B4CF2234-CAF4-4AE8-96B9-DBB7A921743B.jpeg\",\"width\":1000,\"height\":600},{\"@type\":\"BreadcrumbList\",\"@id\":\"https:\/\/www.public.sn\/index.php\/2022\/09\/22\/prix-du-ciment-des-commercants-condamnes-a-payer-des-amendes-pour\/#breadcrumb\",\"itemListElement\":[{\"@type\":\"ListItem\",\"position\":1,\"name\":\"Accueil\",\"item\":\"https:\/\/www.public.sn\/\"},{\"@type\":\"ListItem\",\"position\":2,\"name\":\"Prix du ciment: Des commer\u00e7ants condamn\u00e9s \u00e0 payer des amendes pour\u2026\"}]},{\"@type\":\"WebSite\",\"@id\":\"https:\/\/www.public.sn\/#website\",\"url\":\"https:\/\/www.public.sn\/\",\"name\":\"LE PUBLIC\",\"description\":\"\",\"publisher\":{\"@id\":\"https:\/\/www.public.sn\/#organization\"},\"potentialAction\":[{\"@type\":\"SearchAction\",\"target\":{\"@type\":\"EntryPoint\",\"urlTemplate\":\"https:\/\/www.public.sn\/?s={search_term_string}\"},\"query-input\":{\"@type\":\"PropertyValueSpecification\",\"valueRequired\":true,\"valueName\":\"search_term_string\"}}],\"inLanguage\":\"fr-FR\"},{\"@type\":\"Organization\",\"@id\":\"https:\/\/www.public.sn\/#organization\",\"name\":\"LE PUBLIC\",\"url\":\"https:\/\/www.public.sn\/\",\"logo\":{\"@type\":\"ImageObject\",\"inLanguage\":\"fr-FR\",\"@id\":\"https:\/\/www.public.sn\/#\/schema\/logo\/image\/\",\"url\":\"https:\/\/www.public.sn\/wp-content\/uploads\/2024\/05\/cropped-LOGO-PUBLIC.SN_.png\",\"contentUrl\":\"https:\/\/www.public.sn\/wp-content\/uploads\/2024\/05\/cropped-LOGO-PUBLIC.SN_.png\",\"width\":682,\"height\":192,\"caption\":\"LE PUBLIC\"},\"image\":{\"@id\":\"https:\/\/www.public.sn\/#\/schema\/logo\/image\/\"}},{\"@type\":\"Person\",\"@id\":\"https:\/\/www.public.sn\/#\/schema\/person\/e3f4a11b037d4203902db148f9bc8d5a\",\"name\":\"LA REDACTION\",\"image\":{\"@type\":\"ImageObject\",\"inLanguage\":\"fr-FR\",\"@id\":\"https:\/\/www.public.sn\/#\/schema\/person\/image\/\",\"url\":\"https:\/\/secure.gravatar.com\/avatar\/d6c030db45db2883c075085c5d6c6258654a801a93766b49af0b82d4f454e2a5?s=96&d=mm&r=g\",\"contentUrl\":\"https:\/\/secure.gravatar.com\/avatar\/d6c030db45db2883c075085c5d6c6258654a801a93766b49af0b82d4f454e2a5?s=96&d=mm&r=g\",\"caption\":\"LA REDACTION\"},\"sameAs\":[\"http:\/\/www.public.sn\"],\"url\":\"https:\/\/www.public.sn\/index.php\/author\/admin7324\/\"}]}<\/script>\n<!-- \/ Yoast SEO plugin. -->","yoast_head_json":{"title":"Prix du ciment: Des commer\u00e7ants condamn\u00e9s \u00e0 payer des amendes pour\u2026 - LE PUBLIC","robots":{"index":"index","follow":"follow","max-snippet":"max-snippet:-1","max-image-preview":"max-image-preview:large","max-video-preview":"max-video-preview:-1"},"canonical":"https:\/\/www.public.sn\/index.php\/2022\/09\/22\/prix-du-ciment-des-commercants-condamnes-a-payer-des-amendes-pour\/","og_locale":"fr_FR","og_type":"article","og_title":"Prix du ciment: Des commer\u00e7ants condamn\u00e9s \u00e0 payer des amendes pour\u2026 - LE PUBLIC","og_description":"Quarante-et-un (41) commer\u00e7ants qui vendaient la tonne de ciment entre 78.000 et 80.000 FCFA le prix fix\u00e9 par l\u2019Etat est de 74.000 francs CFA, avaient \u00e9t\u00e9 convoqu\u00e9s mardi au service d\u00e9partemental du commerce de Mbour, lequel les a contraints de payer des amendes comprises entre 150.000 et 1 million de FCFA. Selon le service r\u00e9gional du commerce de Thi\u00e8s, \u00ab&nbsp;ce contentieux sera r\u00e9gl\u00e9 \u00e0 l\u2019amiable&nbsp;\u00bb, en r\u00e9ponse \u00e0 une question sur ce sujet, en marge d\u2019une r\u00e9union du conseil r\u00e9gional de la consommation, d\u00e9di\u00e9e \u00e0 la fixation des nouveaux prix du ciment dans la r\u00e9gion, suite \u00e0 leur homologation par le minist\u00e8re du commerce. Le secr\u00e9taire g\u00e9n\u00e9ral de l\u2019association des quincaillers de la Petite-C\u00f4te, Arona Niang, a profit\u00e9 de cette rencontre pour plaider aupr\u00e8s du gouverneur l\u2019annulation des amendes. Bien que le prix du ciment ait \u00e9t\u00e9 fix\u00e9 \u00e0 67.000 FCFA la tonne ex-usine, il leur est livr\u00e9 \u00e0 72.000 \u00e0 73.000 la tonne par les distributeurs, avait-il justifi\u00e9. Le chef du service r\u00e9gional du commerce a estim\u00e9 que cette op\u00e9ration \u00e9tait \u00ab&nbsp;une action dissuasive&nbsp;\u00bb pour marquer la pr\u00e9sence des services de contr\u00f4le, notamment \u00e0 l\u2019\u00e9gard de certains commer\u00e7ants qui avaient profit\u00e9 de l\u2019approche du Magal, pour faire de la sp\u00e9culation. \u00ab&nbsp;Si nous avions laiss\u00e9 faire, nous pourrions nous retrouver avec 100.000 FCFA la tonne&nbsp;\u00bb, a dit Bamba Ndao, avant d\u2019ajouter&nbsp;: \u00ab&nbsp;Nous allons trouver une solution avec le service d\u00e9partemental du commerce&nbsp;\u00bb.","og_url":"https:\/\/www.public.sn\/index.php\/2022\/09\/22\/prix-du-ciment-des-commercants-condamnes-a-payer-des-amendes-pour\/","og_site_name":"LE PUBLIC","article_published_time":"2022-09-22T12:01:52+00:00","article_modified_time":"2022-09-22T13:24:53+00:00","og_image":[{"width":1000,"height":600,"url":"https:\/\/www.public.sn\/wp-content\/uploads\/2022\/09\/B4CF2234-CAF4-4AE8-96B9-DBB7A921743B.jpeg","type":"image\/jpeg"}],"author":"LA REDACTION","twitter_card":"summary_large_image","twitter_misc":{"\u00c9crit par":"LA REDACTION","Dur\u00e9e de lecture estim\u00e9e":"2 minutes"},"schema":{"@context":"https:\/\/schema.org","@graph":[{"@type":"Article","@id":"https:\/\/www.public.sn\/index.php\/2022\/09\/22\/prix-du-ciment-des-commercants-condamnes-a-payer-des-amendes-pour\/#article","isPartOf":{"@id":"https:\/\/www.public.sn\/index.php\/2022\/09\/22\/prix-du-ciment-des-commercants-condamnes-a-payer-des-amendes-pour\/"},"author":{"name":"LA REDACTION","@id":"https:\/\/www.public.sn\/#\/schema\/person\/e3f4a11b037d4203902db148f9bc8d5a"},"headline":"Prix du ciment: Des commer\u00e7ants condamn\u00e9s \u00e0 payer des amendes pour\u2026","datePublished":"2022-09-22T12:01:52+00:00","dateModified":"2022-09-22T13:24:53+00:00","mainEntityOfPage":{"@id":"https:\/\/www.public.sn\/index.php\/2022\/09\/22\/prix-du-ciment-des-commercants-condamnes-a-payer-des-amendes-pour\/"},"wordCount":268,"commentCount":0,"publisher":{"@id":"https:\/\/www.public.sn\/#organization"},"image":{"@id":"https:\/\/www.public.sn\/index.php\/2022\/09\/22\/prix-du-ciment-des-commercants-condamnes-a-payer-des-amendes-pour\/#primaryimage"},"thumbnailUrl":"https:\/\/www.public.sn\/wp-content\/uploads\/2022\/09\/B4CF2234-CAF4-4AE8-96B9-DBB7A921743B.jpeg","keywords":["Amendes","Centre r\u00e9gional","\u00c9tat du S\u00e9n\u00e9gal","Mbour","Prix du Ciment"],"articleSection":["ACTUALIT\u00c9S","SOCIETE"],"inLanguage":"fr-FR","potentialAction":[{"@type":"CommentAction","name":"Comment","target":["https:\/\/www.public.sn\/index.php\/2022\/09\/22\/prix-du-ciment-des-commercants-condamnes-a-payer-des-amendes-pour\/#respond"]}]},{"@type":"WebPage","@id":"https:\/\/www.public.sn\/index.php\/2022\/09\/22\/prix-du-ciment-des-commercants-condamnes-a-payer-des-amendes-pour\/","url":"https:\/\/www.public.sn\/index.php\/2022\/09\/22\/prix-du-ciment-des-commercants-condamnes-a-payer-des-amendes-pour\/","name":"Prix du ciment: Des commer\u00e7ants condamn\u00e9s \u00e0 payer des amendes pour\u2026 - LE PUBLIC","isPartOf":{"@id":"https:\/\/www.public.sn\/#website"},"primaryImageOfPage":{"@id":"https:\/\/www.public.sn\/index.php\/2022\/09\/22\/prix-du-ciment-des-commercants-condamnes-a-payer-des-amendes-pour\/#primaryimage"},"image":{"@id":"https:\/\/www.public.sn\/index.php\/2022\/09\/22\/prix-du-ciment-des-commercants-condamnes-a-payer-des-amendes-pour\/#primaryimage"},"thumbnailUrl":"https:\/\/www.public.sn\/wp-content\/uploads\/2022\/09\/B4CF2234-CAF4-4AE8-96B9-DBB7A921743B.jpeg","datePublished":"2022-09-22T12:01:52+00:00","dateModified":"2022-09-22T13:24:53+00:00","breadcrumb":{"@id":"https:\/\/www.public.sn\/index.php\/2022\/09\/22\/prix-du-ciment-des-commercants-condamnes-a-payer-des-amendes-pour\/#breadcrumb"},"inLanguage":"fr-FR","potentialAction":[{"@type":"ReadAction","target":["https:\/\/www.public.sn\/index.php\/2022\/09\/22\/prix-du-ciment-des-commercants-condamnes-a-payer-des-amendes-pour\/"]}]},{"@type":"ImageObject","inLanguage":"fr-FR","@id":"https:\/\/www.public.sn\/index.php\/2022\/09\/22\/prix-du-ciment-des-commercants-condamnes-a-payer-des-amendes-pour\/#primaryimage","url":"https:\/\/www.public.sn\/wp-content\/uploads\/2022\/09\/B4CF2234-CAF4-4AE8-96B9-DBB7A921743B.jpeg","contentUrl":"https:\/\/www.public.sn\/wp-content\/uploads\/2022\/09\/B4CF2234-CAF4-4AE8-96B9-DBB7A921743B.jpeg","width":1000,"height":600},{"@type":"BreadcrumbList","@id":"https:\/\/www.public.sn\/index.php\/2022\/09\/22\/prix-du-ciment-des-commercants-condamnes-a-payer-des-amendes-pour\/#breadcrumb","itemListElement":[{"@type":"ListItem","position":1,"name":"Accueil","item":"https:\/\/www.public.sn\/"},{"@type":"ListItem","position":2,"name":"Prix du ciment: Des commer\u00e7ants condamn\u00e9s \u00e0 payer des amendes pour\u2026"}]},{"@type":"WebSite","@id":"https:\/\/www.public.sn\/#website","url":"https:\/\/www.public.sn\/","name":"LE PUBLIC","description":"","publisher":{"@id":"https:\/\/www.public.sn\/#organization"},"potentialAction":[{"@type":"SearchAction","target":{"@type":"EntryPoint","urlTemplate":"https:\/\/www.public.sn\/?s={search_term_string}"},"query-input":{"@type":"PropertyValueSpecification","valueRequired":true,"valueName":"search_term_string"}}],"inLanguage":"fr-FR"},{"@type":"Organization","@id":"https:\/\/www.public.sn\/#organization","name":"LE PUBLIC","url":"https:\/\/www.public.sn\/","logo":{"@type":"ImageObject","inLanguage":"fr-FR","@id":"https:\/\/www.public.sn\/#\/schema\/logo\/image\/","url":"https:\/\/www.public.sn\/wp-content\/uploads\/2024\/05\/cropped-LOGO-PUBLIC.SN_.png","contentUrl":"https:\/\/www.public.sn\/wp-content\/uploads\/2024\/05\/cropped-LOGO-PUBLIC.SN_.png","width":682,"height":192,"caption":"LE PUBLIC"},"image":{"@id":"https:\/\/www.public.sn\/#\/schema\/logo\/image\/"}},{"@type":"Person","@id":"https:\/\/www.public.sn\/#\/schema\/person\/e3f4a11b037d4203902db148f9bc8d5a","name":"LA REDACTION","image":{"@type":"ImageObject","inLanguage":"fr-FR","@id":"https:\/\/www.public.sn\/#\/schema\/person\/image\/","url":"https:\/\/secure.gravatar.com\/avatar\/d6c030db45db2883c075085c5d6c6258654a801a93766b49af0b82d4f454e2a5?s=96&d=mm&r=g","contentUrl":"https:\/\/secure.gravatar.com\/avatar\/d6c030db45db2883c075085c5d6c6258654a801a93766b49af0b82d4f454e2a5?s=96&d=mm&r=g","caption":"LA REDACTION"},"sameAs":["http:\/\/www.public.sn"],"url":"https:\/\/www.public.sn\/index.php\/author\/admin7324\/"}]}},"jetpack_featured_media_url":"https:\/\/www.public.sn\/wp-content\/uploads\/2022\/09\/B4CF2234-CAF4-4AE8-96B9-DBB7A921743B.jpeg","jetpack_sharing_enabled":true,"_links":{"self":[{"href":"https:\/\/www.public.sn\/index.php\/wp-json\/wp\/v2\/posts\/2485","targetHints":{"allow":["GET"]}}],"collection":[{"href":"https:\/\/www.public.sn\/index.php\/wp-json\/wp\/v2\/posts"}],"about":[{"href":"https:\/\/www.public.sn\/index.php\/wp-json\/wp\/v2\/types\/post"}],"author":[{"embeddable":true,"href":"https:\/\/www.public.sn\/index.php\/wp-json\/wp\/v2\/users\/1"}],"replies":[{"embeddable":true,"href":"https:\/\/www.public.sn\/index.php\/wp-json\/wp\/v2\/comments?post=2485"}],"version-history":[{"count":2,"href":"https:\/\/www.public.sn\/index.php\/wp-json\/wp\/v2\/posts\/2485\/revisions"}],"predecessor-version":[{"id":2489,"href":"https:\/\/www.public.sn\/index.php\/wp-json\/wp\/v2\/posts\/2485\/revisions\/2489"}],"wp:featuredmedia":[{"embeddable":true,"href":"https:\/\/www.public.sn\/index.php\/wp-json\/wp\/v2\/media\/2487"}],"wp:attachment":[{"href":"https:\/\/www.public.sn\/index.php\/wp-json\/wp\/v2\/media?parent=2485"}],"wp:term":[{"taxonomy":"category","embeddable":true,"href":"https:\/\/www.public.sn\/index.php\/wp-json\/wp\/v2\/categories?post=2485"},{"taxonomy":"post_tag","embeddable":true,"href":"https:\/\/www.public.sn\/index.php\/wp-json\/wp\/v2\/tags?post=2485"}],"curies":[{"name":"wp","href":"https:\/\/api.w.org\/{rel}","templated":true}]}}