{"id":24906,"date":"2023-07-12T12:56:16","date_gmt":"2023-07-12T12:56:16","guid":{"rendered":"https:\/\/www.public.sn\/?p=24906"},"modified":"2023-07-12T12:56:16","modified_gmt":"2023-07-12T12:56:16","slug":"opinion-public-sen-flash-politiquece-mercredi-12-juillet-2023","status":"publish","type":"post","link":"https:\/\/www.public.sn\/index.php\/2023\/07\/12\/opinion-public-sen-flash-politiquece-mercredi-12-juillet-2023\/","title":{"rendered":"OPINION PUBLIC-SEN FLASH POLITIQUE,CE MERCREDI 12 JUILLET 2023"},"content":{"rendered":"<p><img fetchpriority=\"high\" decoding=\"async\" class=\"alignnone size-full wp-image-24907\" src=\"https:\/\/www.public.sn\/wp-content\/uploads\/2023\/07\/macky-magistrat-7218_5515-1.jpeg\" alt=\"\" width=\"1591\" height=\"896\" srcset=\"https:\/\/www.public.sn\/wp-content\/uploads\/2023\/07\/macky-magistrat-7218_5515-1.jpeg 1591w, https:\/\/www.public.sn\/wp-content\/uploads\/2023\/07\/macky-magistrat-7218_5515-1-600x338.jpeg 600w, https:\/\/www.public.sn\/wp-content\/uploads\/2023\/07\/macky-magistrat-7218_5515-1-300x169.jpeg 300w, https:\/\/www.public.sn\/wp-content\/uploads\/2023\/07\/macky-magistrat-7218_5515-1-1024x577.jpeg 1024w, https:\/\/www.public.sn\/wp-content\/uploads\/2023\/07\/macky-magistrat-7218_5515-1-768x433.jpeg 768w, https:\/\/www.public.sn\/wp-content\/uploads\/2023\/07\/macky-magistrat-7218_5515-1-1536x865.jpeg 1536w, https:\/\/www.public.sn\/wp-content\/uploads\/2023\/07\/macky-magistrat-7218_5515-1-800x450.jpeg 800w\" sizes=\"(max-width: 1591px) 100vw, 1591px\" \/><\/p>\n<blockquote>\n<h2 class=\"summary_label\">Le Conseil sup\u00e9rieur de la magistrature s&rsquo;est r\u00e9uni, ce mercredi. Plusieurs mesures phares ont \u00e9t\u00e9 prises.<\/h2>\n<\/blockquote>\n<div id=\"printable\" class=\"text_body\">\n<p>A l&rsquo;issue du Conseil sup\u00e9rieur de la magistrature de ce mardi 11 juillet 2023, plusieurs nominations sont not\u00e9es. Parmi les mesures, il y a la nomination du juge Mamadou Ciss\u00e9 Fall comme pr\u00e9sident du Tribunal de grande instance de Dakar et l&rsquo;affectation de son coll\u00e8gue Mamadou Yakham Ke\u00efta. Tous les deux ont jug\u00e9 Ousmane Sonko dans l&rsquo;affaire Prodac. Le premier en appel et le second en premi\u00e8re instance.<br \/>\nPr\u00e9sident de la premi\u00e8re chambre correctionnelle de la Cour d&rsquo;appel de Dakar, Mamadou Ciss\u00e9 Fall est nomm\u00e9 pr\u00e9sident du Tribunal de grande instance de Dakar. Le magistrat qui a jug\u00e9 Ousmane Sonko en appel dans l&rsquo;affaire de diffamation l&rsquo;opposant \u00e0 Mame Mbaye Niang remplace Moustapha Fall devenu conseiller \u00e0 la Cour supr\u00eame.<br \/>\nSon coll\u00e8gue Mamadou Yakham Ke\u00efta, qui a jug\u00e9 l&rsquo;affaire en premi\u00e8re instance, est affect\u00e9 \u00e0 Thi\u00e8s comme pr\u00e9sident de chambre \u00e0 la Cour d&rsquo;appel.<br \/>\nSi\u00e9geant comme assesseur lors du proc\u00e8s pour viol de Ousmane Sonko, la juge Amy Ndao est la nouvelle pr\u00e9sidente du Tribunal d&rsquo;instance de Rufisque.<br \/>\nLe juge Hyppolite Anquediche Nd\u00e8ye sorti \u00e9galement de l&rsquo;ombre \u00e0 cause du dossier Adji Sarr \/Ousmane Sonko quitte le tribunal de grande instance de Dakar pour la Cour d&rsquo;appel de Dakar.<br \/>\nPr\u00e9sident du Tribunal de commerce hors classe de Dakar depuis juillet 2020, Malick Lamotte, quitte son poste pour l&rsquo;administration centrale de la Justice.<br \/>\nLa vice-pr\u00e9sidente de cette juridiction, A\u00efssatou Di\u00e9m\u00e9, est promue pr\u00e9sidente. Elle a pour vice-pr\u00e9sident Khady Niang qui \u00e9tait juge dans la m\u00eame juridiction.<br \/>\nDes changements ont \u00e9galement \u00e9t\u00e9 not\u00e9s aux Tribunaux d&rsquo;instance de Dakar et de Gu\u00e9diawaye.<br \/>\nOusmane Racine Thione, pr\u00e9c\u00e9demment Pr\u00e9sident de chambre \u00e0 la Cour d\u2019appel de Dakar, est le nouveau pr\u00e9sident du Tribunal d\u2019instance hors classe de Dakar. Il remplace Aminata Di\u00e8ne Paye , nomm\u00e9e \u00e0 l&rsquo;administration centrale de la Justice.<br \/>\nPr\u00e9c\u00e9demment juge au Tribunal de Grande Instance de Kaolack, Papa Abdoulaye Donde est le nouveau Pr\u00e9sident du Tribunal d\u2019instance de Gu\u00e9diawaye.<br \/>\nAdji Fatou Diouf, pr\u00e9c\u00e9demment substitut au Tribunal de Grande Instance hors classe de Dakar, est d\u00e9sormais la D\u00e9l\u00e9gu\u00e9e du procureur pr\u00e8s le Tribunal d\u2019instance de Gu\u00e9diawaye.<br \/>\nLa pr\u00e9sidente de ladite juridiction, Aissatou Diouf, est promue vice-pr\u00e9sidente du Tribunal de Grande Instance de Pikine-Gu\u00e9diawaye. Voici l&rsquo;int\u00e9gralit\u00e9 des nominations.<\/p><div class=\"publi-paragraphe1\" style=\"margin-top: 10px;margin-bottom: 10px;margin-left: auto;margin-right: auto;text-align: center;\" id=\"publi-2738116449\"><div class=\"publi-adlabel\">Publicit\u00e9<\/div><script async src=\"\/\/pagead2.googlesyndication.com\/pagead\/js\/adsbygoogle.js?client=ca-pub-4089586018074219\" crossorigin=\"anonymous\"><\/script><ins class=\"adsbygoogle\" style=\"display:block;\" data-ad-client=\"ca-pub-4089586018074219\" \ndata-ad-slot=\"2087940154\" \ndata-ad-format=\"auto\"><\/ins>\n<script> \n(adsbygoogle = window.adsbygoogle || []).push({}); \n<\/script>\n<\/div>\n<p><img decoding=\"async\" class=\"alignnone size-full wp-image-24896\" src=\"https:\/\/www.public.sn\/wp-content\/uploads\/2023\/07\/Aissata-Tall-Sall-decembre.webp\" alt=\"\" width=\"650\" height=\"430\" srcset=\"https:\/\/www.public.sn\/wp-content\/uploads\/2023\/07\/Aissata-Tall-Sall-decembre.webp 650w, https:\/\/www.public.sn\/wp-content\/uploads\/2023\/07\/Aissata-Tall-Sall-decembre-600x397.webp 600w, https:\/\/www.public.sn\/wp-content\/uploads\/2023\/07\/Aissata-Tall-Sall-decembre-300x198.webp 300w\" sizes=\"(max-width: 650px) 100vw, 650px\" \/><\/p>\n<blockquote>\n<h2><strong>Disparition de 300 migrants s\u00e9n\u00e9galais en mer : L\u2019Etat du S\u00e9n\u00e9gal d\u00e9ment<\/strong><\/h2>\n<\/blockquote>\n<p>Le minist\u00e8re des Affaires \u00e9trang\u00e8res d\u00e9ment l\u2019information faisant \u00e9tat de la disparition en mer d\u2019au moins 300 S\u00e9n\u00e9galais.<\/p>\n<p>\u00ab Le Minist\u00e8re des Affaires \u00e9trang\u00e8res et des S\u00e9n\u00e9galais de l\u2019Ext\u00e9rieur (MAESE) a appris avec \u00e9tonnement, la publication, sur les r\u00e9seaux sociaux, d\u2019informations faisant \u00e9tat de la disparition en mer d\u2019au moins trois-cent (300) S\u00e9n\u00e9galais, candidats \u00e0 l\u2019\u00e9migration, dont les embarcations en provenance de Kafountine (Casamance) faisaient route vers les \u00celes Canaries. Il ressort des v\u00e9rifications qui ont \u00e9t\u00e9 faites, que ces informations, sont d\u00e9nu\u00e9es de tout fondement \u00bb, lit-ont dans le document publi\u00e9 ce mardi soir par les services du d\u00e9partement dirig\u00e9 par Aissata Tall Sall<\/p>\n<p>Toutefois, ledit minist\u00e8re admet que des centaines de S\u00e9n\u00e9galais ont \u00e9t\u00e9 secourus dans les c\u00f4tes marocaines ces derni\u00e8res semaines. \u00ab Au demeurant, le MAESE tient \u00e0 pr\u00e9ciser qu\u2019entre le 28 juin et le 09 juillet 2023, deux-cent soixante (260) S\u00e9n\u00e9galais en d\u00e9tresse ont \u00e9t\u00e9 secourus dans les eaux territoriales marocaines. Le Consulat G\u00e9n\u00e9ral du S\u00e9n\u00e9gal dans la ville marocaine de Dakhla en relation avec les autorit\u00e9s marocaines comp\u00e9tentes a pris les dispositions n\u00e9cessaires pour leur prise en charge et leur rapatriement dans les meilleurs d\u00e9lais \u00bb.<\/p>\n<p><img decoding=\"async\" class=\"alignnone size-full wp-image-24908\" src=\"https:\/\/www.public.sn\/wp-content\/uploads\/2023\/07\/birame-souleye-diop_4590.jpeg\" alt=\"\" width=\"1024\" height=\"687\" srcset=\"https:\/\/www.public.sn\/wp-content\/uploads\/2023\/07\/birame-souleye-diop_4590.jpeg 1024w, https:\/\/www.public.sn\/wp-content\/uploads\/2023\/07\/birame-souleye-diop_4590-600x403.jpeg 600w, https:\/\/www.public.sn\/wp-content\/uploads\/2023\/07\/birame-souleye-diop_4590-300x201.jpeg 300w, https:\/\/www.public.sn\/wp-content\/uploads\/2023\/07\/birame-souleye-diop_4590-768x515.jpeg 768w\" sizes=\"(max-width: 1024px) 100vw, 1024px\" \/><\/p>\n<blockquote>\n<h2 class=\"summary_label\">Le N\u00b0 2 de Pastef va passer sa premi\u00e8re nuit en prison. Birame Soul\u00e8ye Diop a \u00e9t\u00e9 entendu par le juge d&rsquo;instruction du premier cabinet cet apr\u00e8s midi.<\/h2>\n<\/blockquote>\n<div id=\"printable\" class=\"text_body\">\n<p>Le Doyen des juges, Maham Diallo a inculp\u00e9 le maire de Thi\u00e8s-Nord \u00a0pour actes de nature \u00e0 compromettre la paix publique, offense au Pr\u00e9sident de la R\u00e9publique, selon des informations de son avocat Me Moussa Sarr.<\/p>\n<p>Le pr\u00e9sident du groupe parlementaire Yewwi Askan Wi (Yaw) a \u00e9t\u00e9 plac\u00e9 sous mandat de d\u00e9p\u00f4t par le m\u00eame magistrat instructeur.<\/p>\n<div class=\"adcanevas\"><img loading=\"lazy\" decoding=\"async\" class=\"alignnone size-full wp-image-24909\" src=\"https:\/\/www.public.sn\/wp-content\/uploads\/2023\/07\/presse-presse_3372.png\" alt=\"\" width=\"726\" height=\"429\" srcset=\"https:\/\/www.public.sn\/wp-content\/uploads\/2023\/07\/presse-presse_3372.png 726w, https:\/\/www.public.sn\/wp-content\/uploads\/2023\/07\/presse-presse_3372-600x355.png 600w, https:\/\/www.public.sn\/wp-content\/uploads\/2023\/07\/presse-presse_3372-300x177.png 300w\" sizes=\"(max-width: 726px) 100vw, 726px\" \/><\/div>\n<div>\n<blockquote>\n<h2 class=\"summary_label\">Les quotidiens continuent de relayer la bataille de succession ouverte au sein de Benno Bokk Yaakaar (BBY) pour le choix de son candidat \u00e0 l\u2019\u00e9lection pr\u00e9sidentielle du 25 f\u00e9vrier 2024.<\/h2>\n<\/blockquote>\n<div id=\"printable\" class=\"text_body\">\n<p>\u2018\u2019Le pr\u00e9sident Macky Sall [\u2026] a du pain sur la planche. Des noms sont avanc\u00e9s, dont ceux d\u2019Abdoulaye Daouda Diallo, de Mahammed Dionne, d\u2019Aly Ngouille Ndiaye et d\u2019Antoine Diome, qui man\u0153uvrent pour le remplacer. D\u2019autres pr\u00e9tendants sont en embuscade pour porter la candidature beige-marron\u2019\u2019, lit-on dans Tribune.<\/p>\n<p>Plus de 10 responsables de l\u2019Alliance pour la R\u00e9publique, le parti politique du chef de l\u2019\u00c9tat, sont candidats \u00e0 la candidature de BBY, selon le m\u00eame journal.<\/p>\n<p>B\u00e9s Bi Le Jour parle d\u2019un \u2018\u2019duel fratricide\u2019\u2019 entre Amadou Ba, le Premier ministre, et le pr\u00e9sident du Conseil \u00e9conomique, social et environnemental, Abdoulaye Daouda Diallo, en vue de la succession de Macky Sall.<\/p>\n<p>&nbsp;<\/p>\n<p>\u2018\u2019Amadou Ba et Abdoulaye Daouda Diallo, les deux principales personnalit\u00e9s pressenties, s\u2019affrontent\u2019\u2019, note-t-il.<\/p>\n<p>&nbsp;<\/p>\n<p>Selon Source A, la direction du Parti socialiste s\u2019est livr\u00e9e \u00e0 une violation de ses \u2018\u2019textes\u2019\u2019 en mati\u00e8re d\u2019investiture d\u2019un candidat \u00e0 l\u2019\u00e9lection pr\u00e9sidentielle.<\/p>\n<p>&nbsp;<\/p>\n<p>\u2018\u2019Aminata Mbengue Ndiaye [et] certains responsables du parti, dont Abdoulaye Wilane, Ali Man\u00e9 et A\u00efda Sow Diawara, ont d\u00e9cid\u00e9 de donner carte blanche \u00e0 Macky Sall pour le choix d\u2019un candidat\u2019\u2019, affirme le journal.<\/p>\n<p>&nbsp;<\/p>\n<p>Source A ajoute que le bureau politique du Parti socialiste, \u2018\u2019qui ne s\u2019est pas r\u00e9uni\u2019\u2019, est l\u2019instance habilit\u00e9e \u00e0 choisir le candidat de ladite formation politique ou celui de Benno Bokk Yaakaar.<\/p>\n<p>&nbsp;<\/p>\n<p>Sud Quotidien est d\u2019avis que \u2018\u2019le choix du candidat de la majorit\u00e9 pr\u00e9sidentielle [\u2026] ne sera pas si simple pour le pr\u00e9sident de la R\u00e9publique, Macky Sall\u2019\u2019.<\/p>\n<p>&nbsp;<\/p>\n<p>WalfQuotidien \u00e9voque \u2018\u2019la d\u00e9pendance des alli\u00e9s envers Macky Sall\u2019\u2019. \u2018\u2019Hors de la coalition Benno Bokk Yaakaar, point de salut [\u2026] semble \u00eatre la conviction des alli\u00e9s du pr\u00e9sident Macky Sall\u2019\u2019, \u00e9crit-il, estimant que \u2018\u2019le moment est propice pour eux de reprendre leur ind\u00e9pendance\u2019\u2019, apr\u00e8s que le pr\u00e9sident de la R\u00e9publique a d\u00e9cid\u00e9 de ne pas \u00eatre candidat en 2024.<\/p>\n<p>&nbsp;<\/p>\n<p>\u2018\u2019\u00c7a ne va plus entre le Bayern et Sadio Man\u00e9\u2019\u2019<\/p>\n<p>&nbsp;<\/p>\n<p>L\u2019Observateur et Le Quotidien se pr\u00e9occupent de l\u2019investiture d\u2019Ousmane Sonko.<\/p>\n<p>&nbsp;<\/p>\n<p>\u2018\u2019Alors qu\u2019Ousmane Soko est frapp\u00e9 d\u2019une in\u00e9ligibilit\u00e9 pour l\u2019\u00e9lection pr\u00e9sidentielle de f\u00e9vrier 2024, \u00e0 la suite de sa condamnation \u00e0 deux ans de prison ferme, dans le dossier l\u2019opposant \u00e0 Adji Sarr, Pastef-Les patriotes a d\u00e9cid\u00e9 de l\u2019investir officiellement, ce que des sp\u00e9cialistes [\u2026] qualifient de coup de communication\u2019\u2019, lit-on dans L\u2019Observateur.<\/p>\n<p>&nbsp;<\/p>\n<p>\u2018\u2019Le Pastef reste d\u00e9termin\u00e9 \u00e0 pr\u00e9senter Ousmane Sonko \u00e0 la pr\u00e9sidentielle alors que son leader est \u00e9cart\u00e9 par l\u2019article L29 du Code \u00e9lectoral\u2019\u2019, signale Le Quotidien.<\/p>\n<p>&nbsp;<\/p>\n<p>Selon les leaders de Pastef-Les patriotes, l\u2019investiture du candidat Ousmane Sonko est pr\u00e9vue samedi 15 juillet. Mais ils ne disent pas o\u00f9 se tiendra le meeting d\u2019investiture, selon Le Quotidien.<\/p>\n<p>&nbsp;<\/p>\n<p>Il est question d\u2019\u00e9migration clandestine aussi dans les quotidiens.<\/p>\n<p>&nbsp;<\/p>\n<p>Lib\u00e9ration consid\u00e8re Kafountine, une commune situ\u00e9e dans le sud du S\u00e9n\u00e9gal, comme un \u2018\u2019lieu de d\u00e9parts et de drames\u2019\u2019 pour les migrants.<\/p>\n<p>&nbsp;<\/p>\n<p>C\u2019est de cette localit\u00e9 que plusieurs embarcations transportant des migrants port\u00e9s disparus seraient parties depuis plusieurs jours, selon plusieurs journaux.<\/p>\n<p>&nbsp;<\/p>\n<p>\u2018\u2019Greenpeace Afrique met en cause les politiques publiques\u2019\u2019, rapporte Kritik\u2019.<\/p>\n<p>&nbsp;<\/p>\n<p>Des chalutiers venus d\u2019autres pays \u2018\u2019d\u00e9truisent l\u2019environnement, \u00e9puisent les stocks de poissons, privent les p\u00eacheurs artisanaux de leurs moyens de subsistance et contribuent \u00e0 la d\u00e9tresse \u00e9conomique\u2019\u2019, affirme Kritik\u2019 en citant l\u2019organisation non gouvernementale.<\/p>\n<p>&nbsp;<\/p>\n<p>Ces chalutiers, de cette mani\u00e8re, poussent \u2018\u2019de nombreuses personnes \u00e0 prendre des risques \u00e9normes, dans des voyages p\u00e9rilleux, \u00e0 la recherche d\u2019une vie meilleure\u2019\u2019, d\u00e9nonce Greenpeace Afrique.<\/p>\n<p>&nbsp;<\/p>\n<p>\u2018\u2019La saison des drames\u2019\u2019, titre EnQu\u00eate, ajoutant : \u2018\u2019Les trag\u00e9dies se multiplient en mer, et l\u2019annonce de la disparition de 300 migrants provoque l\u2019effroi.\u2019\u2019<\/p>\n<p>&nbsp;<\/p>\n<p>Selon le m\u00eame journal, la ministre des Affaires \u00e9trang\u00e8res, A\u00efssata Tall Sall, a d\u00e9menti l\u2019information faisant \u00e9tat de la disparition en mer de migrants partis du S\u00e9n\u00e9gal.<\/p>\n<p>&nbsp;<\/p>\n<p>\u2018\u2019\u00c7a ne va plus entre le Bayern et Sadio Man\u00e9\u2019\u2019, titre Le Soleil.<\/p>\n<p>&nbsp;<\/p>\n<p>Le club allemand \u2018\u2019envisage de se s\u00e9parer de pas moins de sept [joueurs] parmi lesquels Sadio Man\u00e9\u2019\u2019, annonce le journal.<\/p>\n<p><img loading=\"lazy\" decoding=\"async\" class=\"alignnone size-full wp-image-24910\" src=\"https:\/\/www.public.sn\/wp-content\/uploads\/2023\/07\/TAS.jpeg\" alt=\"\" width=\"600\" height=\"508\" srcset=\"https:\/\/www.public.sn\/wp-content\/uploads\/2023\/07\/TAS.jpeg 600w, https:\/\/www.public.sn\/wp-content\/uploads\/2023\/07\/TAS-300x254.jpeg 300w\" sizes=\"(max-width: 600px) 100vw, 600px\" \/><\/p>\n<blockquote>\n<h2><strong>Le parcours de l\u2019ancien ministre Thierno Alassane Sall motive, entre autres raisons, ses camarades de parti de la r\u00e9gion de Thi\u00e8s \u00e0 l\u2019investir pour briguer les suffrages de ses compatriotes le 25 f\u00e9vrier prochain.<\/strong><\/h2>\n<\/blockquote>\n<p>Les coordinations du parti La R\u00e9publique des Valeurs\/R\u00e9e\u00adwum Ngor de la r\u00e9gion de Thi\u00e8s se sont retrouv\u00e9es, ce samedi 8 juillet 2023, pour investir leur leader Thierno Alassane Sall, comme candidat \u00e0 l\u2019\u00e9lection pr\u00e9sidentielle de 2024. \u00abLoin d\u2019\u00eatre fantaisiste, ce choix est motiv\u00e9 par le parcours exceptionnel de notre pr\u00e9sident, l\u2019homme politique le plus cr\u00e9dible au S\u00e9n\u00e9gal\u00bb, note le coordonnateur de La RV\/R\u00e9ewum Ngor de Thi\u00e8s\/D\u00e9partement, Mas\u00adsam\u00adba Diop. Il fait remarquer que \u00able pr\u00e9sident de La R\u00e9publique des Valeurs\/R\u00e9e\u00adwum Ngor, Thierno Alassane Sall, est entr\u00e9 en politique pour une nouvelle gouvernance bas\u00e9e sur une justice impartiale, l\u2019am\u00e9lioration permanente des conditions de vie des S\u00e9n\u00e9galais, la promotion du m\u00e9rite, la diminution du train de vie de l\u2019Etat et la lutte contre la corruption\u00bb. Et de souligner aussi : \u00abHomme de valeurs et de principes, l\u2019ancien ministre de l\u2019Energie a eu \u00e0 poser des actes patriotes dans le cadre de ses fonctions gouvernementales.\u00bb Entre autres : Il exige \u00abla diminution de son salaire \u00e0 l\u2019Artp de 14 \u00e0 5 millions de francs Cfa\u00bb, refuse de \u00absigner le contrat Eiffage et Total parce que consid\u00e9rant que le S\u00e9n\u00e9gal y gagne peu\u00bb.<\/p>\n<p>Mieux, poursuit le coordonnateur de La R\u00e9publique des Valeurs\/R\u00e9ewum Ngor de Thi\u00e8s\/D\u00e9partement, \u00abl\u2019actuel d\u00e9put\u00e9 \u00e0 l\u2019Assembl\u00e9e nationale d\u00e9missionne, alors, du gouvernement de Macky Sall pour cr\u00e9er son parti dans le but de solliciter le suffrage des S\u00e9n\u00e9galais, gagner l\u2019\u00e9lection pr\u00e9sidentielle pour pouvoir conduire les destin\u00e9es de notre pays en mettant en avant son exp\u00e9rience, sa comp\u00e9tence av\u00e9r\u00e9e pour un S\u00e9n\u00e9gal prosp\u00e8re\u00bb.<\/p>\n<p>Massamba Diop et ses camarades esp\u00e8rent fermement que \u00ables s\u00e9n\u00e9galais consciencieux de leur avenir \u00e9liront Thierno Alassane Sall Pr\u00e9sident en 2024 pour qu\u2019il puisse changer le destin de notre pays\u00bb. Avec Thierno Alassane Sall, comme pr\u00e9sident de la R\u00e9publique du S\u00e9n\u00e9gal, \u00abil n\u2019y aura plus de 3\u00e8me mandat car notre R\u00e9publique sera refond\u00e9e\u00bb. Selon eux, avec leur leader, \u00ables pouvoirs du Pr\u00e9sident seront r\u00e9duits, la d\u00e9mocratie sera renforc\u00e9e, les d\u00e9put\u00e9s de l\u2019Assembl\u00e9e nationale travaillerons pour l\u2019int\u00e9r\u00eat du peuple, la justice sera ind\u00e9pendante, la politique de l\u2019emploi pour les jeunes constituera une r\u00e9alit\u00e9, la souverainet\u00e9 alimentaire sera assur\u00e9e en riz, c\u00e9r\u00e9ales\u2026, des unit\u00e9s de production et de transformation verront jour pour le bonheur des citoyens, notre artisanat, source d\u2019emplois, connaitra une dimension semi-industrielle ou industrielle, le retour des Chemins de fer sera effectif avec des trains modernes, notre syst\u00e8me \u00e9ducatif r\u00e9adapt\u00e9, les plateaux techniques de nos h\u00f4pitaux relev\u00e9s etc.\u00bb.<\/p>\n<p><img loading=\"lazy\" decoding=\"async\" class=\"alignnone size-full wp-image-24911\" src=\"https:\/\/www.public.sn\/wp-content\/uploads\/2023\/07\/Dr-Abdourahmane-Diouf.jpeg\" alt=\"\" width=\"600\" height=\"398\" srcset=\"https:\/\/www.public.sn\/wp-content\/uploads\/2023\/07\/Dr-Abdourahmane-Diouf.jpeg 600w, https:\/\/www.public.sn\/wp-content\/uploads\/2023\/07\/Dr-Abdourahmane-Diouf-300x199.jpeg 300w\" sizes=\"(max-width: 600px) 100vw, 600px\" \/><\/p>\n<blockquote>\n<h2>Le candidat d\u00e9clar\u00e9, Dr Abdourahmane Diouf, a invit\u00e9\u00a0\u00a0\u00e0 ne surtout pas se tromper en choisissant le futur pr\u00e9sident de la R\u00e9publique, qui va remplacer le Pr\u00e9sident Macky Sall. Ce choix, d\u2019apr\u00e8s Dr Diouf,<\/h2>\n<\/blockquote>\n<p>ique pour les S\u00e9n\u00e9galais\u00bb.\u00abEn effet, il s\u2019agira de la premi\u00e8re \u00e9lection pour laquelle le Pr\u00e9sident sortant ne sera pas candidat. Dans ce contexte, il est primordial de comprendre que cette \u00e9lection ne vise ni \u00e0 sanctionner, ni \u00e0 r\u00e9\u00e9lire, mais \u00e0 effectuer un choix \u00e9clair\u00e9\u00bb, a dit\u00a0Dr Abdourahmane Diouf, pr\u00e9sident du parti Awal\u00e9, lors du \u00abGrand oral\u00bb qu\u2019il a anim\u00e9 devant les cadres et sympathisants de son parti, ce\u00a0\u00a0samedi,\u00a0\u00e0 la salle de la librairie L\u2019Harmattan, sise sur la Vdn, avec comme th\u00e8me\u00a0:\u00a0\u00abLes enjeux cruciaux de l\u2019\u00e9lection pr\u00e9sidentielle de 2024 discut\u00e9s avec passion.\u00bb \u00a0Invitant \u00abtous les acteurs politiques \u00e0 s\u2019engager de la m\u00eame mani\u00e8re, en participant aux d\u00e9bats publics, en pr\u00e9sentant leurs programmes respectifs et en favorisant les \u00e9changes entre les candidats\u00bb, Dr Abdourahmane Diouf de souligner que \u00abcette approche permettra aux \u00e9lecteurs de mieux conna\u00eetre les diff\u00e9rentes personnalit\u00e9s et leurs propositions, afin de faire un choix inform\u00e9 lors du scrutin\u00bb. \u00abLes invectives lanc\u00e9es entre adversaires politiques devraient \u00eatre rel\u00e9gu\u00e9es au pass\u00e9, laissant place \u00e0 l\u2019\u00e9mergence d\u2019une nouvelle \u00e8re politique fond\u00e9e sur le respect mutuel et la primaut\u00e9 des id\u00e9es \u00e0 travers des d\u00e9bats programmatiques\u00bb, sugg\u00e8re-t-il.<\/p>\n<p>Il insiste \u00ab\u00e9galement sur l\u2019imp\u00e9ratif de briser les cha\u00eenes d\u2019un consortium d\u2019int\u00e9r\u00eats \u00e9touffant, qui entravait le progr\u00e8s et l\u2019\u00e9panouissement du pays\u00bb, tout en indiquant que \u00abseul le triomphe de la g\u00e9n\u00e9ration d\u2019id\u00e9es, port\u00e9e par sa propre \u00e9mulation, audacieuse et d\u00e9sireuse de servir avant tout, pourra permettre de tracer les voies d\u2019un avenir radieux pour le S\u00e9n\u00e9gal\u00bb.<\/p>\n<p>\u00abDans les esprits \u00e9clair\u00e9s et les c\u0153urs anim\u00e9s par la qu\u00eate d\u2019un changement v\u00e9ritable\u00bb, Abdourahmane Diouf s\u2019affirme \u00abavec un costume imposant, comme l\u2019individu le mieux positionn\u00e9 pour porter les aspirations de toute une Nation, d\u2019\u00eatre la voix de l\u2019espoir et le guide \u00e9clair\u00e9 qui saurait conduire l\u2019opposition lors de l\u2019\u00e9lection cruciale de 2024\u00bb.<\/p>\n<p>Le Dr Abdourahmane Diouf a dit \u00absa disponibilit\u00e9 et sa volont\u00e9 de rencontrer et de discuter avec les S\u00e9n\u00e9galais qu\u2019il aspire \u00e0 diriger demain durant les tourn\u00e9es Y\u00ebg-Y\u00ebg de la Coalition Abdourahmane 2024 dans tout le pays et la diaspora\u00bb.<br \/>\nAbdourahmane Diouf, \u00abdans un \u00e9lan de sinc\u00e9rit\u00e9\u00bb, rappelle \u00ables motivations profondes qui ont anim\u00e9 sa candidature\u00bb. Il souligne\u00a0: \u00abAvec une \u00e9loquence remarquable, la n\u00e9cessit\u00e9 de transcender la comp\u00e9tition st\u00e9rile (concurrence) et de privil\u00e9gier le dialogue (Concordance) et de b\u00e2tir enfin avec cette nouvelle g\u00e9n\u00e9ration d\u2019id\u00e9es, un S\u00e9n\u00e9gal nouveau qui nous ressemble et nous rassemble.\u00bb<\/p>\n<p><img loading=\"lazy\" decoding=\"async\" class=\"alignnone size-full wp-image-24912\" src=\"https:\/\/www.public.sn\/wp-content\/uploads\/2023\/07\/Nicolas-Ndiaye-de-la-LD.jpeg\" alt=\"\" width=\"600\" height=\"399\" srcset=\"https:\/\/www.public.sn\/wp-content\/uploads\/2023\/07\/Nicolas-Ndiaye-de-la-LD.jpeg 600w, https:\/\/www.public.sn\/wp-content\/uploads\/2023\/07\/Nicolas-Ndiaye-de-la-LD-300x200.jpeg 300w\" sizes=\"(max-width: 600px) 100vw, 600px\" \/><\/p>\n<blockquote>\n<h2><strong>Nicolas Ndiaye, Secr\u00e9taire g\u00e9n\u00e9ral de la Ligue d\u00e9mocratique (Ld), fixe les limites d\u2019une \u00e9lection \u00abinclusive\u00bb 2024 r\u00e9clam\u00e9e par l\u2019opposition pour permettre \u00e0 tous les candidats de pouvoir y participer. S\u2019il milite pour que la prochaine Pr\u00e9sidentielle se passe ainsi, M. Ndiaye estime qu\u2019il y a de conditions \u00e0 remplir pour ceux qui voudraient y prendre part.<\/strong><\/h2>\n<\/blockquote>\n<p>Nicolas Ndiaye, patron de la Ligue d\u00e9mocratique (Ld), est pour une \u00e9lection \u00abinclusive\u00bb en 2024, tout en fixant les conditions d\u2019y partici\u00adper.\u00a0\u00abMain\u00adtenant, nous souhaiterions avoir des \u00e9lections inclusives suivant les lois et r\u00e8glements de ce pays. Les \u00e9lections inclusives ne veulent pas dire tordre la loi et le r\u00e8glement. Ousmane Sonko a un dossier judiciaire. La Justice est ind\u00e9pendante. Si la Justice lui permet de participer hayroun. Si la Justice ne lui permet de participer \u00e0 cette \u00e9lection, c\u2019est dommage. Le jour o\u00f9 en mati\u00e8re de Justice, il y a parti-pris, je pense que nous n\u2019aurons plus de Justice\u00bb, a tenu \u00e0 exprimer sa position sur cette question Nicolas\u00a0Ndiaye, Secr\u00e9taire g\u00e9n\u00e9ral de la Ligue d\u00e9mocratique (Ld), ce dimanche, lors de la conf\u00e9rence de presse faisant suite \u00e0 la tenue\u00a0du Secr\u00e9tariat permanent \u00e9largi \u00e0 tous les secr\u00e9taires g\u00e9n\u00e9raux de f\u00e9d\u00e9ration du pays.<\/p>\n<p>Khalifa Sall et Karim Wade dont les candidatures ont \u00e9t\u00e9 compromises en vue des prochaines \u00e9ch\u00e9ances \u00e9lectorales ont pu tirer profit de ce dialogue national lanc\u00e9 par le Pr\u00e9sident Macky Sall, apr\u00e8s leur condamnation, a laiss\u00e9 entendre le leader de la\u00a0Ld, en \u00e9tant dans une position de retrouver leur \u00e9ligibilit\u00e9.\u00a0\u00abJe crois que ceux qui y ont particip\u00e9, Khalifa et Karim Wade, ne l\u2019ont pas regrett\u00e9. Donc, nous pensons que le dialogue est une bonne chose. Quand les gens ne dialoguent pas, qu\u2019est-ce qu\u2019ils font\u00a0? C\u2019est la confrontation. Autant le dialogue est la voie de la paix, autant l\u2019absence de dialogue est la voie de la confrontation. Nous nous choisissons la voie de la paix, nous l\u2019avons fait, nous avons dialogu\u00e9\u00bb, admet le Secr\u00e9taire g\u00e9n\u00e9ral de la Ld. \u00abLe dialogue a toujours \u00e9t\u00e9 une des pierres angulaires de notre Nation. Avant l\u2019ind\u00e9pendance, Senghor et Lamine Gu\u00e8ye \u00e9taient \u00e0 couteaux tir\u00e9s. Il y a eu m\u00eame des morts, ils ont d\u00e9cid\u00e9 de se rassembler pour dialoguer. Et, c\u2019est comme \u00e7a qu\u2019ils ont fond\u00e9 l\u2019Ups. Et ils se sont partag\u00e9 le pouvoir, malgr\u00e9 leurs dissensions ant\u00e9rieures, Lamine Gu\u00e8ye a \u00e9t\u00e9 pr\u00e9sident de l\u2019Assembl\u00e9e nationale jusqu\u2019\u00e0 sa mort et Senghor a \u00e9t\u00e9 le pr\u00e9sident de la R\u00e9publique\u00bb, souligne Nicolas Ndiaye.<\/p>\n<p>Poursuivant, il rappelle que \u00abAbdou Diouf et Abdoulaye Wade ont dialogu\u00e9\u00bb. \u00abEn 1988, quand Abdoulaye Wade disait, \u00abon va parler de tout avec un grand T\u00bb, \u00e0 ce moment Ousmane Ngom \u00e9tait en prison. Mais malgr\u00e9 tout, ils ont discut\u00e9, ils ont dialogu\u00e9 jusqu\u2019\u00e0 aboutir au code consensuel de 92 o\u00f9 il y a eu passage \u00e0 l\u2019isoloir, l\u2019identification de l\u2019\u00e9lecteur, etc. Nous sommes all\u00e9s en 2000 \u00e0 des \u00e9lections apais\u00e9es, et apr\u00e8s que Abdoulaye Wade a gagn\u00e9, il a envoy\u00e9 Abdou Diouf \u00e0 une r\u00e9union au Caire pour l\u2019y repr\u00e9senter et Abdoulaye Wade lui-m\u00eame est all\u00e9 rendre visite \u00e0 Madame Coumba D\u00e8me, la maman \u00e0 Abdou Diouf\u00bb, a rappel\u00e9 M. Ndiaye. \u00abLe S\u00e9n\u00e9gal a montr\u00e9, aux yeux du monde, un visage radieux, un visage exemplaire. Autrement dit, avant \u00e7a, Abdou Diouf, en 1981, a\u00a0\u00a0appel\u00e9 les \u00e9tats g\u00e9n\u00e9raux de l\u2019Edu\u00adcation\u00a0; autrement dit notre pays a \u00e9t\u00e9 tou\u00adjours un pays de dialogue\u00bb, affirme-t-il.<\/p>\n<p>&nbsp;<\/p>\n<p>&nbsp;<\/p>\n<p>&nbsp;<\/p>\n<\/div>\n<\/div>\n<\/div>\n<\/div>\n<div class=\"publi-apres-le-contenu\" style=\"margin-top: 10px;margin-bottom: 10px;margin-left: auto;margin-right: auto;text-align: center;\" id=\"publi-774327091\"><div class=\"publi-adlabel\">Publicit\u00e9<\/div><script async src=\"\/\/pagead2.googlesyndication.com\/pagead\/js\/adsbygoogle.js?client=ca-pub-4089586018074219\" crossorigin=\"anonymous\"><\/script><ins class=\"adsbygoogle\" style=\"display:block;\" data-ad-client=\"ca-pub-4089586018074219\" \ndata-ad-slot=\"2087940154\" \ndata-ad-format=\"auto\"><\/ins>\n<script> \n(adsbygoogle = window.adsbygoogle || []).push({}); \n<\/script>\n<\/div>","protected":false},"excerpt":{"rendered":"<p>Le Conseil sup\u00e9rieur de la magistrature s&rsquo;est r\u00e9uni, ce mercredi. Plusieurs mesures phares ont \u00e9t\u00e9 prises. A l&rsquo;issue du Conseil sup\u00e9rieur de la magistrature de ce mardi 11 juillet 2023, plusieurs nominations sont not\u00e9es. Parmi les mesures, il y a la nomination du juge Mamadou Ciss\u00e9 Fall comme pr\u00e9sident du Tribunal de grande instance de Dakar et l&rsquo;affectation de son coll\u00e8gue Mamadou Yakham Ke\u00efta. Tous les deux ont jug\u00e9 Ousmane Sonko dans l&rsquo;affaire Prodac. Le premier en appel et le second en premi\u00e8re instance. Pr\u00e9sident de la premi\u00e8re chambre correctionnelle de la Cour d&rsquo;appel de Dakar, Mamadou Ciss\u00e9 Fall est nomm\u00e9 pr\u00e9sident du Tribunal de grande instance de Dakar. Le magistrat qui a jug\u00e9 Ousmane Sonko en appel dans l&rsquo;affaire de diffamation l&rsquo;opposant \u00e0 Mame Mbaye Niang remplace Moustapha Fall devenu conseiller \u00e0 la Cour supr\u00eame. Son coll\u00e8gue Mamadou Yakham Ke\u00efta, qui a jug\u00e9 l&rsquo;affaire en premi\u00e8re instance, est affect\u00e9 \u00e0 Thi\u00e8s comme pr\u00e9sident de chambre \u00e0 la Cour d&rsquo;appel. Si\u00e9geant comme assesseur lors du proc\u00e8s pour viol de Ousmane Sonko, la juge Amy Ndao est la nouvelle pr\u00e9sidente du Tribunal d&rsquo;instance de Rufisque. Le juge Hyppolite Anquediche Nd\u00e8ye sorti \u00e9galement de l&rsquo;ombre \u00e0 cause du dossier Adji Sarr \/Ousmane Sonko quitte le tribunal de grande instance de Dakar pour la Cour d&rsquo;appel de Dakar. Pr\u00e9sident du Tribunal de commerce hors classe de Dakar depuis juillet 2020, Malick Lamotte, quitte son poste pour l&rsquo;administration centrale de la Justice. La vice-pr\u00e9sidente de cette juridiction, A\u00efssatou Di\u00e9m\u00e9, est promue pr\u00e9sidente. Elle a pour vice-pr\u00e9sident Khady Niang qui \u00e9tait juge dans la m\u00eame juridiction. Des changements ont \u00e9galement \u00e9t\u00e9 not\u00e9s aux Tribunaux d&rsquo;instance de Dakar et de Gu\u00e9diawaye. Ousmane Racine Thione, pr\u00e9c\u00e9demment Pr\u00e9sident de chambre \u00e0 la Cour d\u2019appel de Dakar, est le nouveau pr\u00e9sident du Tribunal d\u2019instance hors classe de Dakar. Il remplace Aminata Di\u00e8ne Paye , nomm\u00e9e \u00e0 l&rsquo;administration centrale de la Justice. Pr\u00e9c\u00e9demment juge au Tribunal de Grande Instance de Kaolack, Papa Abdoulaye Donde est le nouveau Pr\u00e9sident du Tribunal d\u2019instance de Gu\u00e9diawaye. Adji Fatou Diouf, pr\u00e9c\u00e9demment substitut au Tribunal de Grande Instance hors classe de Dakar, est d\u00e9sormais la D\u00e9l\u00e9gu\u00e9e du procureur pr\u00e8s le Tribunal d\u2019instance de Gu\u00e9diawaye. La pr\u00e9sidente de ladite juridiction, Aissatou Diouf, est promue vice-pr\u00e9sidente du Tribunal de Grande Instance de Pikine-Gu\u00e9diawaye. Voici l&rsquo;int\u00e9gralit\u00e9 des nominations. Disparition de 300 migrants s\u00e9n\u00e9galais en mer : L\u2019Etat du S\u00e9n\u00e9gal d\u00e9ment Le minist\u00e8re des Affaires \u00e9trang\u00e8res d\u00e9ment l\u2019information faisant \u00e9tat de la disparition en mer d\u2019au moins 300 S\u00e9n\u00e9galais. \u00ab Le Minist\u00e8re des Affaires \u00e9trang\u00e8res et des S\u00e9n\u00e9galais de l\u2019Ext\u00e9rieur (MAESE) a appris avec \u00e9tonnement, la publication, sur les r\u00e9seaux sociaux, d\u2019informations faisant \u00e9tat de la disparition en mer d\u2019au moins trois-cent (300) S\u00e9n\u00e9galais, candidats \u00e0 l\u2019\u00e9migration, dont les embarcations en provenance de Kafountine (Casamance) faisaient route vers les \u00celes Canaries. Il ressort des v\u00e9rifications qui ont \u00e9t\u00e9 faites, que ces informations, sont d\u00e9nu\u00e9es de tout fondement \u00bb, lit-ont dans le document publi\u00e9 ce mardi soir par les services du d\u00e9partement dirig\u00e9 par Aissata Tall Sall Toutefois, ledit minist\u00e8re admet que des centaines de S\u00e9n\u00e9galais ont \u00e9t\u00e9 secourus dans les c\u00f4tes marocaines ces derni\u00e8res semaines. \u00ab Au demeurant, le MAESE tient \u00e0 pr\u00e9ciser qu\u2019entre le 28 juin et le 09 juillet 2023, deux-cent soixante (260) S\u00e9n\u00e9galais en d\u00e9tresse ont \u00e9t\u00e9 secourus dans les eaux territoriales marocaines. Le Consulat G\u00e9n\u00e9ral du S\u00e9n\u00e9gal dans la ville marocaine de Dakhla en relation avec les autorit\u00e9s marocaines comp\u00e9tentes a pris les dispositions n\u00e9cessaires pour leur prise en charge et leur rapatriement dans les meilleurs d\u00e9lais \u00bb. Le N\u00b0 2 de Pastef va passer sa premi\u00e8re nuit en prison. Birame Soul\u00e8ye Diop a \u00e9t\u00e9 entendu par le juge d&rsquo;instruction du premier cabinet cet apr\u00e8s midi. Le Doyen des juges, Maham Diallo a inculp\u00e9 le maire de Thi\u00e8s-Nord \u00a0pour actes de nature \u00e0 compromettre la paix publique, offense au Pr\u00e9sident de la R\u00e9publique, selon des informations de son avocat Me Moussa Sarr. Le pr\u00e9sident du groupe parlementaire Yewwi Askan Wi (Yaw) a \u00e9t\u00e9 plac\u00e9 sous mandat de d\u00e9p\u00f4t par le m\u00eame magistrat instructeur. Les quotidiens continuent de relayer la bataille de succession ouverte au sein de Benno Bokk Yaakaar (BBY) pour le choix de son candidat \u00e0 l\u2019\u00e9lection pr\u00e9sidentielle du 25 f\u00e9vrier 2024. \u2018\u2019Le pr\u00e9sident Macky Sall [\u2026] a du pain sur la planche. Des noms sont avanc\u00e9s, dont ceux d\u2019Abdoulaye Daouda Diallo, de Mahammed Dionne, d\u2019Aly Ngouille Ndiaye et d\u2019Antoine Diome, qui man\u0153uvrent pour le remplacer. D\u2019autres pr\u00e9tendants sont en embuscade pour porter la candidature beige-marron\u2019\u2019, lit-on dans Tribune. Plus de 10 responsables de l\u2019Alliance pour la R\u00e9publique, le parti politique du chef de l\u2019\u00c9tat, sont candidats \u00e0 la candidature de BBY, selon le m\u00eame journal. B\u00e9s Bi Le Jour parle d\u2019un \u2018\u2019duel fratricide\u2019\u2019 entre Amadou Ba, le Premier ministre, et le pr\u00e9sident du Conseil \u00e9conomique, social et environnemental, Abdoulaye Daouda Diallo, en vue de la succession de Macky Sall. &nbsp; \u2018\u2019Amadou Ba et Abdoulaye Daouda Diallo, les deux principales personnalit\u00e9s pressenties, s\u2019affrontent\u2019\u2019, note-t-il. &nbsp; Selon Source A, la direction du Parti socialiste s\u2019est livr\u00e9e \u00e0 une violation de ses \u2018\u2019textes\u2019\u2019 en mati\u00e8re d\u2019investiture d\u2019un candidat \u00e0 l\u2019\u00e9lection pr\u00e9sidentielle. &nbsp; \u2018\u2019Aminata Mbengue Ndiaye [et] certains responsables du parti, dont Abdoulaye Wilane, Ali Man\u00e9 et A\u00efda Sow Diawara, ont d\u00e9cid\u00e9 de donner carte blanche \u00e0 Macky Sall pour le choix d\u2019un candidat\u2019\u2019, affirme le journal. &nbsp; Source A ajoute que le bureau politique du Parti socialiste, \u2018\u2019qui ne s\u2019est pas r\u00e9uni\u2019\u2019, est l\u2019instance habilit\u00e9e \u00e0 choisir le candidat de ladite formation politique ou celui de Benno Bokk Yaakaar. &nbsp; Sud Quotidien est d\u2019avis que \u2018\u2019le choix du candidat de la majorit\u00e9 pr\u00e9sidentielle [\u2026] ne sera pas si simple pour le pr\u00e9sident de la R\u00e9publique, Macky Sall\u2019\u2019. &nbsp; WalfQuotidien \u00e9voque \u2018\u2019la d\u00e9pendance des alli\u00e9s envers Macky Sall\u2019\u2019. \u2018\u2019Hors de la coalition Benno Bokk Yaakaar, point de salut [\u2026] semble \u00eatre la conviction des alli\u00e9s du pr\u00e9sident Macky Sall\u2019\u2019, \u00e9crit-il, estimant que \u2018\u2019le moment est propice pour eux de reprendre leur ind\u00e9pendance\u2019\u2019, apr\u00e8s que le pr\u00e9sident de la R\u00e9publique a d\u00e9cid\u00e9 de ne pas \u00eatre candidat<\/p>\n","protected":false},"author":7,"featured_media":24907,"comment_status":"open","ping_status":"open","sticky":false,"template":"","format":"standard","meta":{"_jetpack_memberships_contains_paid_content":false,"footnotes":""},"categories":[375,3,8,844,1,372],"tags":[],"class_list":["post-24906","post","type-post","status-publish","format-standard","has-post-thumbnail","hentry","category-actualites","category-politique","category-public-tv","category-revue-de-presse","category-non-classe","category-vedette","entry","has-media","owp-thumbs-layout-horizontal","owp-btn-normal","owp-tabs-layout-horizontal","has-no-thumbnails","has-product-nav"],"yoast_head":"<!-- This site is optimized with the Yoast SEO plugin v25.5 - https:\/\/yoast.com\/wordpress\/plugins\/seo\/ -->\n<title>OPINION PUBLIC-SEN FLASH POLITIQUE,CE MERCREDI 12 JUILLET 2023 - LE PUBLIC<\/title>\n<meta name=\"robots\" content=\"index, follow, max-snippet:-1, max-image-preview:large, max-video-preview:-1\" \/>\n<link rel=\"canonical\" href=\"https:\/\/www.public.sn\/index.php\/2023\/07\/12\/opinion-public-sen-flash-politiquece-mercredi-12-juillet-2023\/\" \/>\n<meta property=\"og:locale\" content=\"fr_FR\" \/>\n<meta property=\"og:type\" content=\"article\" \/>\n<meta property=\"og:title\" content=\"OPINION PUBLIC-SEN FLASH POLITIQUE,CE MERCREDI 12 JUILLET 2023 - LE PUBLIC\" \/>\n<meta property=\"og:description\" content=\"Le Conseil sup\u00e9rieur de la magistrature s&rsquo;est r\u00e9uni, ce mercredi. Plusieurs mesures phares ont \u00e9t\u00e9 prises. A l&rsquo;issue du Conseil sup\u00e9rieur de la magistrature de ce mardi 11 juillet 2023, plusieurs nominations sont not\u00e9es. Parmi les mesures, il y a la nomination du juge Mamadou Ciss\u00e9 Fall comme pr\u00e9sident du Tribunal de grande instance de Dakar et l&rsquo;affectation de son coll\u00e8gue Mamadou Yakham Ke\u00efta. Tous les deux ont jug\u00e9 Ousmane Sonko dans l&rsquo;affaire Prodac. Le premier en appel et le second en premi\u00e8re instance. Pr\u00e9sident de la premi\u00e8re chambre correctionnelle de la Cour d&rsquo;appel de Dakar, Mamadou Ciss\u00e9 Fall est nomm\u00e9 pr\u00e9sident du Tribunal de grande instance de Dakar. Le magistrat qui a jug\u00e9 Ousmane Sonko en appel dans l&rsquo;affaire de diffamation l&rsquo;opposant \u00e0 Mame Mbaye Niang remplace Moustapha Fall devenu conseiller \u00e0 la Cour supr\u00eame. Son coll\u00e8gue Mamadou Yakham Ke\u00efta, qui a jug\u00e9 l&rsquo;affaire en premi\u00e8re instance, est affect\u00e9 \u00e0 Thi\u00e8s comme pr\u00e9sident de chambre \u00e0 la Cour d&rsquo;appel. Si\u00e9geant comme assesseur lors du proc\u00e8s pour viol de Ousmane Sonko, la juge Amy Ndao est la nouvelle pr\u00e9sidente du Tribunal d&rsquo;instance de Rufisque. Le juge Hyppolite Anquediche Nd\u00e8ye sorti \u00e9galement de l&rsquo;ombre \u00e0 cause du dossier Adji Sarr \/Ousmane Sonko quitte le tribunal de grande instance de Dakar pour la Cour d&rsquo;appel de Dakar. Pr\u00e9sident du Tribunal de commerce hors classe de Dakar depuis juillet 2020, Malick Lamotte, quitte son poste pour l&rsquo;administration centrale de la Justice. La vice-pr\u00e9sidente de cette juridiction, A\u00efssatou Di\u00e9m\u00e9, est promue pr\u00e9sidente. Elle a pour vice-pr\u00e9sident Khady Niang qui \u00e9tait juge dans la m\u00eame juridiction. Des changements ont \u00e9galement \u00e9t\u00e9 not\u00e9s aux Tribunaux d&rsquo;instance de Dakar et de Gu\u00e9diawaye. Ousmane Racine Thione, pr\u00e9c\u00e9demment Pr\u00e9sident de chambre \u00e0 la Cour d\u2019appel de Dakar, est le nouveau pr\u00e9sident du Tribunal d\u2019instance hors classe de Dakar. Il remplace Aminata Di\u00e8ne Paye , nomm\u00e9e \u00e0 l&rsquo;administration centrale de la Justice. Pr\u00e9c\u00e9demment juge au Tribunal de Grande Instance de Kaolack, Papa Abdoulaye Donde est le nouveau Pr\u00e9sident du Tribunal d\u2019instance de Gu\u00e9diawaye. Adji Fatou Diouf, pr\u00e9c\u00e9demment substitut au Tribunal de Grande Instance hors classe de Dakar, est d\u00e9sormais la D\u00e9l\u00e9gu\u00e9e du procureur pr\u00e8s le Tribunal d\u2019instance de Gu\u00e9diawaye. La pr\u00e9sidente de ladite juridiction, Aissatou Diouf, est promue vice-pr\u00e9sidente du Tribunal de Grande Instance de Pikine-Gu\u00e9diawaye. Voici l&rsquo;int\u00e9gralit\u00e9 des nominations. Disparition de 300 migrants s\u00e9n\u00e9galais en mer : L\u2019Etat du S\u00e9n\u00e9gal d\u00e9ment Le minist\u00e8re des Affaires \u00e9trang\u00e8res d\u00e9ment l\u2019information faisant \u00e9tat de la disparition en mer d\u2019au moins 300 S\u00e9n\u00e9galais. \u00ab Le Minist\u00e8re des Affaires \u00e9trang\u00e8res et des S\u00e9n\u00e9galais de l\u2019Ext\u00e9rieur (MAESE) a appris avec \u00e9tonnement, la publication, sur les r\u00e9seaux sociaux, d\u2019informations faisant \u00e9tat de la disparition en mer d\u2019au moins trois-cent (300) S\u00e9n\u00e9galais, candidats \u00e0 l\u2019\u00e9migration, dont les embarcations en provenance de Kafountine (Casamance) faisaient route vers les \u00celes Canaries. Il ressort des v\u00e9rifications qui ont \u00e9t\u00e9 faites, que ces informations, sont d\u00e9nu\u00e9es de tout fondement \u00bb, lit-ont dans le document publi\u00e9 ce mardi soir par les services du d\u00e9partement dirig\u00e9 par Aissata Tall Sall Toutefois, ledit minist\u00e8re admet que des centaines de S\u00e9n\u00e9galais ont \u00e9t\u00e9 secourus dans les c\u00f4tes marocaines ces derni\u00e8res semaines. \u00ab Au demeurant, le MAESE tient \u00e0 pr\u00e9ciser qu\u2019entre le 28 juin et le 09 juillet 2023, deux-cent soixante (260) S\u00e9n\u00e9galais en d\u00e9tresse ont \u00e9t\u00e9 secourus dans les eaux territoriales marocaines. Le Consulat G\u00e9n\u00e9ral du S\u00e9n\u00e9gal dans la ville marocaine de Dakhla en relation avec les autorit\u00e9s marocaines comp\u00e9tentes a pris les dispositions n\u00e9cessaires pour leur prise en charge et leur rapatriement dans les meilleurs d\u00e9lais \u00bb. Le N\u00b0 2 de Pastef va passer sa premi\u00e8re nuit en prison. Birame Soul\u00e8ye Diop a \u00e9t\u00e9 entendu par le juge d&rsquo;instruction du premier cabinet cet apr\u00e8s midi. Le Doyen des juges, Maham Diallo a inculp\u00e9 le maire de Thi\u00e8s-Nord \u00a0pour actes de nature \u00e0 compromettre la paix publique, offense au Pr\u00e9sident de la R\u00e9publique, selon des informations de son avocat Me Moussa Sarr. Le pr\u00e9sident du groupe parlementaire Yewwi Askan Wi (Yaw) a \u00e9t\u00e9 plac\u00e9 sous mandat de d\u00e9p\u00f4t par le m\u00eame magistrat instructeur. Les quotidiens continuent de relayer la bataille de succession ouverte au sein de Benno Bokk Yaakaar (BBY) pour le choix de son candidat \u00e0 l\u2019\u00e9lection pr\u00e9sidentielle du 25 f\u00e9vrier 2024. \u2018\u2019Le pr\u00e9sident Macky Sall [\u2026] a du pain sur la planche. Des noms sont avanc\u00e9s, dont ceux d\u2019Abdoulaye Daouda Diallo, de Mahammed Dionne, d\u2019Aly Ngouille Ndiaye et d\u2019Antoine Diome, qui man\u0153uvrent pour le remplacer. D\u2019autres pr\u00e9tendants sont en embuscade pour porter la candidature beige-marron\u2019\u2019, lit-on dans Tribune. Plus de 10 responsables de l\u2019Alliance pour la R\u00e9publique, le parti politique du chef de l\u2019\u00c9tat, sont candidats \u00e0 la candidature de BBY, selon le m\u00eame journal. B\u00e9s Bi Le Jour parle d\u2019un \u2018\u2019duel fratricide\u2019\u2019 entre Amadou Ba, le Premier ministre, et le pr\u00e9sident du Conseil \u00e9conomique, social et environnemental, Abdoulaye Daouda Diallo, en vue de la succession de Macky Sall. &nbsp; \u2018\u2019Amadou Ba et Abdoulaye Daouda Diallo, les deux principales personnalit\u00e9s pressenties, s\u2019affrontent\u2019\u2019, note-t-il. &nbsp; Selon Source A, la direction du Parti socialiste s\u2019est livr\u00e9e \u00e0 une violation de ses \u2018\u2019textes\u2019\u2019 en mati\u00e8re d\u2019investiture d\u2019un candidat \u00e0 l\u2019\u00e9lection pr\u00e9sidentielle. &nbsp; \u2018\u2019Aminata Mbengue Ndiaye [et] certains responsables du parti, dont Abdoulaye Wilane, Ali Man\u00e9 et A\u00efda Sow Diawara, ont d\u00e9cid\u00e9 de donner carte blanche \u00e0 Macky Sall pour le choix d\u2019un candidat\u2019\u2019, affirme le journal. &nbsp; Source A ajoute que le bureau politique du Parti socialiste, \u2018\u2019qui ne s\u2019est pas r\u00e9uni\u2019\u2019, est l\u2019instance habilit\u00e9e \u00e0 choisir le candidat de ladite formation politique ou celui de Benno Bokk Yaakaar. &nbsp; Sud Quotidien est d\u2019avis que \u2018\u2019le choix du candidat de la majorit\u00e9 pr\u00e9sidentielle [\u2026] ne sera pas si simple pour le pr\u00e9sident de la R\u00e9publique, Macky Sall\u2019\u2019. &nbsp; WalfQuotidien \u00e9voque \u2018\u2019la d\u00e9pendance des alli\u00e9s envers Macky Sall\u2019\u2019. \u2018\u2019Hors de la coalition Benno Bokk Yaakaar, point de salut [\u2026] semble \u00eatre la conviction des alli\u00e9s du pr\u00e9sident Macky Sall\u2019\u2019, \u00e9crit-il, estimant que \u2018\u2019le moment est propice pour eux de reprendre leur ind\u00e9pendance\u2019\u2019, apr\u00e8s que le pr\u00e9sident de la R\u00e9publique a d\u00e9cid\u00e9 de ne pas \u00eatre candidat\" \/>\n<meta property=\"og:url\" content=\"https:\/\/www.public.sn\/index.php\/2023\/07\/12\/opinion-public-sen-flash-politiquece-mercredi-12-juillet-2023\/\" \/>\n<meta property=\"og:site_name\" content=\"LE PUBLIC\" \/>\n<meta property=\"article:published_time\" content=\"2023-07-12T12:56:16+00:00\" \/>\n<meta property=\"og:image\" content=\"https:\/\/www.public.sn\/wp-content\/uploads\/2023\/07\/macky-magistrat-7218_5515-1.jpeg\" \/>\n\t<meta property=\"og:image:width\" content=\"1591\" \/>\n\t<meta property=\"og:image:height\" content=\"896\" \/>\n\t<meta property=\"og:image:type\" content=\"image\/jpeg\" \/>\n<meta name=\"author\" content=\"LA REDACTION\" \/>\n<meta name=\"twitter:card\" content=\"summary_large_image\" \/>\n<meta name=\"twitter:label1\" content=\"\u00c9crit par\" \/>\n\t<meta name=\"twitter:data1\" content=\"LA REDACTION\" \/>\n\t<meta name=\"twitter:label2\" content=\"Dur\u00e9e de lecture estim\u00e9e\" \/>\n\t<meta name=\"twitter:data2\" content=\"15 minutes\" \/>\n<script type=\"application\/ld+json\" class=\"yoast-schema-graph\">{\"@context\":\"https:\/\/schema.org\",\"@graph\":[{\"@type\":\"Article\",\"@id\":\"https:\/\/www.public.sn\/index.php\/2023\/07\/12\/opinion-public-sen-flash-politiquece-mercredi-12-juillet-2023\/#article\",\"isPartOf\":{\"@id\":\"https:\/\/www.public.sn\/index.php\/2023\/07\/12\/opinion-public-sen-flash-politiquece-mercredi-12-juillet-2023\/\"},\"author\":{\"name\":\"LA REDACTION\",\"@id\":\"https:\/\/www.public.sn\/#\/schema\/person\/cb76c8e1b8becc6be61fb5e92d6d0224\"},\"headline\":\"OPINION PUBLIC-SEN FLASH POLITIQUE,CE MERCREDI 12 JUILLET 2023\",\"datePublished\":\"2023-07-12T12:56:16+00:00\",\"mainEntityOfPage\":{\"@id\":\"https:\/\/www.public.sn\/index.php\/2023\/07\/12\/opinion-public-sen-flash-politiquece-mercredi-12-juillet-2023\/\"},\"wordCount\":3159,\"commentCount\":0,\"publisher\":{\"@id\":\"https:\/\/www.public.sn\/#organization\"},\"image\":{\"@id\":\"https:\/\/www.public.sn\/index.php\/2023\/07\/12\/opinion-public-sen-flash-politiquece-mercredi-12-juillet-2023\/#primaryimage\"},\"thumbnailUrl\":\"https:\/\/www.public.sn\/wp-content\/uploads\/2023\/07\/macky-magistrat-7218_5515-1.jpeg\",\"articleSection\":[\"ACTUALIT\u00c9S\",\"POLITIQUE\",\"PUBLIC TV\",\"REVUE DE PRESSE\",\"S\u00c9N\u00c9GAL\",\"VEDETTE\"],\"inLanguage\":\"fr-FR\",\"potentialAction\":[{\"@type\":\"CommentAction\",\"name\":\"Comment\",\"target\":[\"https:\/\/www.public.sn\/index.php\/2023\/07\/12\/opinion-public-sen-flash-politiquece-mercredi-12-juillet-2023\/#respond\"]}]},{\"@type\":\"WebPage\",\"@id\":\"https:\/\/www.public.sn\/index.php\/2023\/07\/12\/opinion-public-sen-flash-politiquece-mercredi-12-juillet-2023\/\",\"url\":\"https:\/\/www.public.sn\/index.php\/2023\/07\/12\/opinion-public-sen-flash-politiquece-mercredi-12-juillet-2023\/\",\"name\":\"OPINION PUBLIC-SEN FLASH POLITIQUE,CE MERCREDI 12 JUILLET 2023 - LE PUBLIC\",\"isPartOf\":{\"@id\":\"https:\/\/www.public.sn\/#website\"},\"primaryImageOfPage\":{\"@id\":\"https:\/\/www.public.sn\/index.php\/2023\/07\/12\/opinion-public-sen-flash-politiquece-mercredi-12-juillet-2023\/#primaryimage\"},\"image\":{\"@id\":\"https:\/\/www.public.sn\/index.php\/2023\/07\/12\/opinion-public-sen-flash-politiquece-mercredi-12-juillet-2023\/#primaryimage\"},\"thumbnailUrl\":\"https:\/\/www.public.sn\/wp-content\/uploads\/2023\/07\/macky-magistrat-7218_5515-1.jpeg\",\"datePublished\":\"2023-07-12T12:56:16+00:00\",\"breadcrumb\":{\"@id\":\"https:\/\/www.public.sn\/index.php\/2023\/07\/12\/opinion-public-sen-flash-politiquece-mercredi-12-juillet-2023\/#breadcrumb\"},\"inLanguage\":\"fr-FR\",\"potentialAction\":[{\"@type\":\"ReadAction\",\"target\":[\"https:\/\/www.public.sn\/index.php\/2023\/07\/12\/opinion-public-sen-flash-politiquece-mercredi-12-juillet-2023\/\"]}]},{\"@type\":\"ImageObject\",\"inLanguage\":\"fr-FR\",\"@id\":\"https:\/\/www.public.sn\/index.php\/2023\/07\/12\/opinion-public-sen-flash-politiquece-mercredi-12-juillet-2023\/#primaryimage\",\"url\":\"https:\/\/www.public.sn\/wp-content\/uploads\/2023\/07\/macky-magistrat-7218_5515-1.jpeg\",\"contentUrl\":\"https:\/\/www.public.sn\/wp-content\/uploads\/2023\/07\/macky-magistrat-7218_5515-1.jpeg\",\"width\":1591,\"height\":896},{\"@type\":\"BreadcrumbList\",\"@id\":\"https:\/\/www.public.sn\/index.php\/2023\/07\/12\/opinion-public-sen-flash-politiquece-mercredi-12-juillet-2023\/#breadcrumb\",\"itemListElement\":[{\"@type\":\"ListItem\",\"position\":1,\"name\":\"Accueil\",\"item\":\"https:\/\/www.public.sn\/\"},{\"@type\":\"ListItem\",\"position\":2,\"name\":\"OPINION PUBLIC-SEN FLASH POLITIQUE,CE MERCREDI 12 JUILLET 2023\"}]},{\"@type\":\"WebSite\",\"@id\":\"https:\/\/www.public.sn\/#website\",\"url\":\"https:\/\/www.public.sn\/\",\"name\":\"LE PUBLIC\",\"description\":\"\",\"publisher\":{\"@id\":\"https:\/\/www.public.sn\/#organization\"},\"potentialAction\":[{\"@type\":\"SearchAction\",\"target\":{\"@type\":\"EntryPoint\",\"urlTemplate\":\"https:\/\/www.public.sn\/?s={search_term_string}\"},\"query-input\":{\"@type\":\"PropertyValueSpecification\",\"valueRequired\":true,\"valueName\":\"search_term_string\"}}],\"inLanguage\":\"fr-FR\"},{\"@type\":\"Organization\",\"@id\":\"https:\/\/www.public.sn\/#organization\",\"name\":\"LE PUBLIC\",\"url\":\"https:\/\/www.public.sn\/\",\"logo\":{\"@type\":\"ImageObject\",\"inLanguage\":\"fr-FR\",\"@id\":\"https:\/\/www.public.sn\/#\/schema\/logo\/image\/\",\"url\":\"https:\/\/www.public.sn\/wp-content\/uploads\/2024\/05\/cropped-LOGO-PUBLIC.SN_.png\",\"contentUrl\":\"https:\/\/www.public.sn\/wp-content\/uploads\/2024\/05\/cropped-LOGO-PUBLIC.SN_.png\",\"width\":682,\"height\":192,\"caption\":\"LE PUBLIC\"},\"image\":{\"@id\":\"https:\/\/www.public.sn\/#\/schema\/logo\/image\/\"}},{\"@type\":\"Person\",\"@id\":\"https:\/\/www.public.sn\/#\/schema\/person\/cb76c8e1b8becc6be61fb5e92d6d0224\",\"name\":\"LA REDACTION\",\"image\":{\"@type\":\"ImageObject\",\"inLanguage\":\"fr-FR\",\"@id\":\"https:\/\/www.public.sn\/#\/schema\/person\/image\/\",\"url\":\"https:\/\/secure.gravatar.com\/avatar\/2dce5ddd34b8fef0180efe03aa2a9bee7d953856048f9a16b298190a3178407c?s=96&d=mm&r=g\",\"contentUrl\":\"https:\/\/secure.gravatar.com\/avatar\/2dce5ddd34b8fef0180efe03aa2a9bee7d953856048f9a16b298190a3178407c?s=96&d=mm&r=g\",\"caption\":\"LA REDACTION\"},\"url\":\"https:\/\/www.public.sn\/index.php\/author\/editeurpsn\/\"}]}<\/script>\n<!-- \/ Yoast SEO plugin. -->","yoast_head_json":{"title":"OPINION PUBLIC-SEN FLASH POLITIQUE,CE MERCREDI 12 JUILLET 2023 - LE PUBLIC","robots":{"index":"index","follow":"follow","max-snippet":"max-snippet:-1","max-image-preview":"max-image-preview:large","max-video-preview":"max-video-preview:-1"},"canonical":"https:\/\/www.public.sn\/index.php\/2023\/07\/12\/opinion-public-sen-flash-politiquece-mercredi-12-juillet-2023\/","og_locale":"fr_FR","og_type":"article","og_title":"OPINION PUBLIC-SEN FLASH POLITIQUE,CE MERCREDI 12 JUILLET 2023 - LE PUBLIC","og_description":"Le Conseil sup\u00e9rieur de la magistrature s&rsquo;est r\u00e9uni, ce mercredi. Plusieurs mesures phares ont \u00e9t\u00e9 prises. A l&rsquo;issue du Conseil sup\u00e9rieur de la magistrature de ce mardi 11 juillet 2023, plusieurs nominations sont not\u00e9es. Parmi les mesures, il y a la nomination du juge Mamadou Ciss\u00e9 Fall comme pr\u00e9sident du Tribunal de grande instance de Dakar et l&rsquo;affectation de son coll\u00e8gue Mamadou Yakham Ke\u00efta. Tous les deux ont jug\u00e9 Ousmane Sonko dans l&rsquo;affaire Prodac. Le premier en appel et le second en premi\u00e8re instance. Pr\u00e9sident de la premi\u00e8re chambre correctionnelle de la Cour d&rsquo;appel de Dakar, Mamadou Ciss\u00e9 Fall est nomm\u00e9 pr\u00e9sident du Tribunal de grande instance de Dakar. Le magistrat qui a jug\u00e9 Ousmane Sonko en appel dans l&rsquo;affaire de diffamation l&rsquo;opposant \u00e0 Mame Mbaye Niang remplace Moustapha Fall devenu conseiller \u00e0 la Cour supr\u00eame. Son coll\u00e8gue Mamadou Yakham Ke\u00efta, qui a jug\u00e9 l&rsquo;affaire en premi\u00e8re instance, est affect\u00e9 \u00e0 Thi\u00e8s comme pr\u00e9sident de chambre \u00e0 la Cour d&rsquo;appel. Si\u00e9geant comme assesseur lors du proc\u00e8s pour viol de Ousmane Sonko, la juge Amy Ndao est la nouvelle pr\u00e9sidente du Tribunal d&rsquo;instance de Rufisque. Le juge Hyppolite Anquediche Nd\u00e8ye sorti \u00e9galement de l&rsquo;ombre \u00e0 cause du dossier Adji Sarr \/Ousmane Sonko quitte le tribunal de grande instance de Dakar pour la Cour d&rsquo;appel de Dakar. Pr\u00e9sident du Tribunal de commerce hors classe de Dakar depuis juillet 2020, Malick Lamotte, quitte son poste pour l&rsquo;administration centrale de la Justice. La vice-pr\u00e9sidente de cette juridiction, A\u00efssatou Di\u00e9m\u00e9, est promue pr\u00e9sidente. Elle a pour vice-pr\u00e9sident Khady Niang qui \u00e9tait juge dans la m\u00eame juridiction. Des changements ont \u00e9galement \u00e9t\u00e9 not\u00e9s aux Tribunaux d&rsquo;instance de Dakar et de Gu\u00e9diawaye. Ousmane Racine Thione, pr\u00e9c\u00e9demment Pr\u00e9sident de chambre \u00e0 la Cour d\u2019appel de Dakar, est le nouveau pr\u00e9sident du Tribunal d\u2019instance hors classe de Dakar. Il remplace Aminata Di\u00e8ne Paye , nomm\u00e9e \u00e0 l&rsquo;administration centrale de la Justice. Pr\u00e9c\u00e9demment juge au Tribunal de Grande Instance de Kaolack, Papa Abdoulaye Donde est le nouveau Pr\u00e9sident du Tribunal d\u2019instance de Gu\u00e9diawaye. Adji Fatou Diouf, pr\u00e9c\u00e9demment substitut au Tribunal de Grande Instance hors classe de Dakar, est d\u00e9sormais la D\u00e9l\u00e9gu\u00e9e du procureur pr\u00e8s le Tribunal d\u2019instance de Gu\u00e9diawaye. La pr\u00e9sidente de ladite juridiction, Aissatou Diouf, est promue vice-pr\u00e9sidente du Tribunal de Grande Instance de Pikine-Gu\u00e9diawaye. Voici l&rsquo;int\u00e9gralit\u00e9 des nominations. Disparition de 300 migrants s\u00e9n\u00e9galais en mer : L\u2019Etat du S\u00e9n\u00e9gal d\u00e9ment Le minist\u00e8re des Affaires \u00e9trang\u00e8res d\u00e9ment l\u2019information faisant \u00e9tat de la disparition en mer d\u2019au moins 300 S\u00e9n\u00e9galais. \u00ab Le Minist\u00e8re des Affaires \u00e9trang\u00e8res et des S\u00e9n\u00e9galais de l\u2019Ext\u00e9rieur (MAESE) a appris avec \u00e9tonnement, la publication, sur les r\u00e9seaux sociaux, d\u2019informations faisant \u00e9tat de la disparition en mer d\u2019au moins trois-cent (300) S\u00e9n\u00e9galais, candidats \u00e0 l\u2019\u00e9migration, dont les embarcations en provenance de Kafountine (Casamance) faisaient route vers les \u00celes Canaries. Il ressort des v\u00e9rifications qui ont \u00e9t\u00e9 faites, que ces informations, sont d\u00e9nu\u00e9es de tout fondement \u00bb, lit-ont dans le document publi\u00e9 ce mardi soir par les services du d\u00e9partement dirig\u00e9 par Aissata Tall Sall Toutefois, ledit minist\u00e8re admet que des centaines de S\u00e9n\u00e9galais ont \u00e9t\u00e9 secourus dans les c\u00f4tes marocaines ces derni\u00e8res semaines. \u00ab Au demeurant, le MAESE tient \u00e0 pr\u00e9ciser qu\u2019entre le 28 juin et le 09 juillet 2023, deux-cent soixante (260) S\u00e9n\u00e9galais en d\u00e9tresse ont \u00e9t\u00e9 secourus dans les eaux territoriales marocaines. Le Consulat G\u00e9n\u00e9ral du S\u00e9n\u00e9gal dans la ville marocaine de Dakhla en relation avec les autorit\u00e9s marocaines comp\u00e9tentes a pris les dispositions n\u00e9cessaires pour leur prise en charge et leur rapatriement dans les meilleurs d\u00e9lais \u00bb. Le N\u00b0 2 de Pastef va passer sa premi\u00e8re nuit en prison. Birame Soul\u00e8ye Diop a \u00e9t\u00e9 entendu par le juge d&rsquo;instruction du premier cabinet cet apr\u00e8s midi. Le Doyen des juges, Maham Diallo a inculp\u00e9 le maire de Thi\u00e8s-Nord \u00a0pour actes de nature \u00e0 compromettre la paix publique, offense au Pr\u00e9sident de la R\u00e9publique, selon des informations de son avocat Me Moussa Sarr. Le pr\u00e9sident du groupe parlementaire Yewwi Askan Wi (Yaw) a \u00e9t\u00e9 plac\u00e9 sous mandat de d\u00e9p\u00f4t par le m\u00eame magistrat instructeur. Les quotidiens continuent de relayer la bataille de succession ouverte au sein de Benno Bokk Yaakaar (BBY) pour le choix de son candidat \u00e0 l\u2019\u00e9lection pr\u00e9sidentielle du 25 f\u00e9vrier 2024. \u2018\u2019Le pr\u00e9sident Macky Sall [\u2026] a du pain sur la planche. Des noms sont avanc\u00e9s, dont ceux d\u2019Abdoulaye Daouda Diallo, de Mahammed Dionne, d\u2019Aly Ngouille Ndiaye et d\u2019Antoine Diome, qui man\u0153uvrent pour le remplacer. D\u2019autres pr\u00e9tendants sont en embuscade pour porter la candidature beige-marron\u2019\u2019, lit-on dans Tribune. Plus de 10 responsables de l\u2019Alliance pour la R\u00e9publique, le parti politique du chef de l\u2019\u00c9tat, sont candidats \u00e0 la candidature de BBY, selon le m\u00eame journal. B\u00e9s Bi Le Jour parle d\u2019un \u2018\u2019duel fratricide\u2019\u2019 entre Amadou Ba, le Premier ministre, et le pr\u00e9sident du Conseil \u00e9conomique, social et environnemental, Abdoulaye Daouda Diallo, en vue de la succession de Macky Sall. &nbsp; \u2018\u2019Amadou Ba et Abdoulaye Daouda Diallo, les deux principales personnalit\u00e9s pressenties, s\u2019affrontent\u2019\u2019, note-t-il. &nbsp; Selon Source A, la direction du Parti socialiste s\u2019est livr\u00e9e \u00e0 une violation de ses \u2018\u2019textes\u2019\u2019 en mati\u00e8re d\u2019investiture d\u2019un candidat \u00e0 l\u2019\u00e9lection pr\u00e9sidentielle. &nbsp; \u2018\u2019Aminata Mbengue Ndiaye [et] certains responsables du parti, dont Abdoulaye Wilane, Ali Man\u00e9 et A\u00efda Sow Diawara, ont d\u00e9cid\u00e9 de donner carte blanche \u00e0 Macky Sall pour le choix d\u2019un candidat\u2019\u2019, affirme le journal. &nbsp; Source A ajoute que le bureau politique du Parti socialiste, \u2018\u2019qui ne s\u2019est pas r\u00e9uni\u2019\u2019, est l\u2019instance habilit\u00e9e \u00e0 choisir le candidat de ladite formation politique ou celui de Benno Bokk Yaakaar. &nbsp; Sud Quotidien est d\u2019avis que \u2018\u2019le choix du candidat de la majorit\u00e9 pr\u00e9sidentielle [\u2026] ne sera pas si simple pour le pr\u00e9sident de la R\u00e9publique, Macky Sall\u2019\u2019. &nbsp; WalfQuotidien \u00e9voque \u2018\u2019la d\u00e9pendance des alli\u00e9s envers Macky Sall\u2019\u2019. \u2018\u2019Hors de la coalition Benno Bokk Yaakaar, point de salut [\u2026] semble \u00eatre la conviction des alli\u00e9s du pr\u00e9sident Macky Sall\u2019\u2019, \u00e9crit-il, estimant que \u2018\u2019le moment est propice pour eux de reprendre leur ind\u00e9pendance\u2019\u2019, apr\u00e8s que le pr\u00e9sident de la R\u00e9publique a d\u00e9cid\u00e9 de ne pas \u00eatre candidat","og_url":"https:\/\/www.public.sn\/index.php\/2023\/07\/12\/opinion-public-sen-flash-politiquece-mercredi-12-juillet-2023\/","og_site_name":"LE PUBLIC","article_published_time":"2023-07-12T12:56:16+00:00","og_image":[{"width":1591,"height":896,"url":"https:\/\/www.public.sn\/wp-content\/uploads\/2023\/07\/macky-magistrat-7218_5515-1.jpeg","type":"image\/jpeg"}],"author":"LA REDACTION","twitter_card":"summary_large_image","twitter_misc":{"\u00c9crit par":"LA REDACTION","Dur\u00e9e de lecture estim\u00e9e":"15 minutes"},"schema":{"@context":"https:\/\/schema.org","@graph":[{"@type":"Article","@id":"https:\/\/www.public.sn\/index.php\/2023\/07\/12\/opinion-public-sen-flash-politiquece-mercredi-12-juillet-2023\/#article","isPartOf":{"@id":"https:\/\/www.public.sn\/index.php\/2023\/07\/12\/opinion-public-sen-flash-politiquece-mercredi-12-juillet-2023\/"},"author":{"name":"LA REDACTION","@id":"https:\/\/www.public.sn\/#\/schema\/person\/cb76c8e1b8becc6be61fb5e92d6d0224"},"headline":"OPINION PUBLIC-SEN FLASH POLITIQUE,CE MERCREDI 12 JUILLET 2023","datePublished":"2023-07-12T12:56:16+00:00","mainEntityOfPage":{"@id":"https:\/\/www.public.sn\/index.php\/2023\/07\/12\/opinion-public-sen-flash-politiquece-mercredi-12-juillet-2023\/"},"wordCount":3159,"commentCount":0,"publisher":{"@id":"https:\/\/www.public.sn\/#organization"},"image":{"@id":"https:\/\/www.public.sn\/index.php\/2023\/07\/12\/opinion-public-sen-flash-politiquece-mercredi-12-juillet-2023\/#primaryimage"},"thumbnailUrl":"https:\/\/www.public.sn\/wp-content\/uploads\/2023\/07\/macky-magistrat-7218_5515-1.jpeg","articleSection":["ACTUALIT\u00c9S","POLITIQUE","PUBLIC TV","REVUE DE PRESSE","S\u00c9N\u00c9GAL","VEDETTE"],"inLanguage":"fr-FR","potentialAction":[{"@type":"CommentAction","name":"Comment","target":["https:\/\/www.public.sn\/index.php\/2023\/07\/12\/opinion-public-sen-flash-politiquece-mercredi-12-juillet-2023\/#respond"]}]},{"@type":"WebPage","@id":"https:\/\/www.public.sn\/index.php\/2023\/07\/12\/opinion-public-sen-flash-politiquece-mercredi-12-juillet-2023\/","url":"https:\/\/www.public.sn\/index.php\/2023\/07\/12\/opinion-public-sen-flash-politiquece-mercredi-12-juillet-2023\/","name":"OPINION PUBLIC-SEN FLASH POLITIQUE,CE MERCREDI 12 JUILLET 2023 - LE PUBLIC","isPartOf":{"@id":"https:\/\/www.public.sn\/#website"},"primaryImageOfPage":{"@id":"https:\/\/www.public.sn\/index.php\/2023\/07\/12\/opinion-public-sen-flash-politiquece-mercredi-12-juillet-2023\/#primaryimage"},"image":{"@id":"https:\/\/www.public.sn\/index.php\/2023\/07\/12\/opinion-public-sen-flash-politiquece-mercredi-12-juillet-2023\/#primaryimage"},"thumbnailUrl":"https:\/\/www.public.sn\/wp-content\/uploads\/2023\/07\/macky-magistrat-7218_5515-1.jpeg","datePublished":"2023-07-12T12:56:16+00:00","breadcrumb":{"@id":"https:\/\/www.public.sn\/index.php\/2023\/07\/12\/opinion-public-sen-flash-politiquece-mercredi-12-juillet-2023\/#breadcrumb"},"inLanguage":"fr-FR","potentialAction":[{"@type":"ReadAction","target":["https:\/\/www.public.sn\/index.php\/2023\/07\/12\/opinion-public-sen-flash-politiquece-mercredi-12-juillet-2023\/"]}]},{"@type":"ImageObject","inLanguage":"fr-FR","@id":"https:\/\/www.public.sn\/index.php\/2023\/07\/12\/opinion-public-sen-flash-politiquece-mercredi-12-juillet-2023\/#primaryimage","url":"https:\/\/www.public.sn\/wp-content\/uploads\/2023\/07\/macky-magistrat-7218_5515-1.jpeg","contentUrl":"https:\/\/www.public.sn\/wp-content\/uploads\/2023\/07\/macky-magistrat-7218_5515-1.jpeg","width":1591,"height":896},{"@type":"BreadcrumbList","@id":"https:\/\/www.public.sn\/index.php\/2023\/07\/12\/opinion-public-sen-flash-politiquece-mercredi-12-juillet-2023\/#breadcrumb","itemListElement":[{"@type":"ListItem","position":1,"name":"Accueil","item":"https:\/\/www.public.sn\/"},{"@type":"ListItem","position":2,"name":"OPINION PUBLIC-SEN FLASH POLITIQUE,CE MERCREDI 12 JUILLET 2023"}]},{"@type":"WebSite","@id":"https:\/\/www.public.sn\/#website","url":"https:\/\/www.public.sn\/","name":"LE PUBLIC","description":"","publisher":{"@id":"https:\/\/www.public.sn\/#organization"},"potentialAction":[{"@type":"SearchAction","target":{"@type":"EntryPoint","urlTemplate":"https:\/\/www.public.sn\/?s={search_term_string}"},"query-input":{"@type":"PropertyValueSpecification","valueRequired":true,"valueName":"search_term_string"}}],"inLanguage":"fr-FR"},{"@type":"Organization","@id":"https:\/\/www.public.sn\/#organization","name":"LE PUBLIC","url":"https:\/\/www.public.sn\/","logo":{"@type":"ImageObject","inLanguage":"fr-FR","@id":"https:\/\/www.public.sn\/#\/schema\/logo\/image\/","url":"https:\/\/www.public.sn\/wp-content\/uploads\/2024\/05\/cropped-LOGO-PUBLIC.SN_.png","contentUrl":"https:\/\/www.public.sn\/wp-content\/uploads\/2024\/05\/cropped-LOGO-PUBLIC.SN_.png","width":682,"height":192,"caption":"LE PUBLIC"},"image":{"@id":"https:\/\/www.public.sn\/#\/schema\/logo\/image\/"}},{"@type":"Person","@id":"https:\/\/www.public.sn\/#\/schema\/person\/cb76c8e1b8becc6be61fb5e92d6d0224","name":"LA REDACTION","image":{"@type":"ImageObject","inLanguage":"fr-FR","@id":"https:\/\/www.public.sn\/#\/schema\/person\/image\/","url":"https:\/\/secure.gravatar.com\/avatar\/2dce5ddd34b8fef0180efe03aa2a9bee7d953856048f9a16b298190a3178407c?s=96&d=mm&r=g","contentUrl":"https:\/\/secure.gravatar.com\/avatar\/2dce5ddd34b8fef0180efe03aa2a9bee7d953856048f9a16b298190a3178407c?s=96&d=mm&r=g","caption":"LA REDACTION"},"url":"https:\/\/www.public.sn\/index.php\/author\/editeurpsn\/"}]}},"jetpack_featured_media_url":"https:\/\/www.public.sn\/wp-content\/uploads\/2023\/07\/macky-magistrat-7218_5515-1.jpeg","jetpack_sharing_enabled":true,"_links":{"self":[{"href":"https:\/\/www.public.sn\/index.php\/wp-json\/wp\/v2\/posts\/24906","targetHints":{"allow":["GET"]}}],"collection":[{"href":"https:\/\/www.public.sn\/index.php\/wp-json\/wp\/v2\/posts"}],"about":[{"href":"https:\/\/www.public.sn\/index.php\/wp-json\/wp\/v2\/types\/post"}],"author":[{"embeddable":true,"href":"https:\/\/www.public.sn\/index.php\/wp-json\/wp\/v2\/users\/7"}],"replies":[{"embeddable":true,"href":"https:\/\/www.public.sn\/index.php\/wp-json\/wp\/v2\/comments?post=24906"}],"version-history":[{"count":1,"href":"https:\/\/www.public.sn\/index.php\/wp-json\/wp\/v2\/posts\/24906\/revisions"}],"predecessor-version":[{"id":24913,"href":"https:\/\/www.public.sn\/index.php\/wp-json\/wp\/v2\/posts\/24906\/revisions\/24913"}],"wp:featuredmedia":[{"embeddable":true,"href":"https:\/\/www.public.sn\/index.php\/wp-json\/wp\/v2\/media\/24907"}],"wp:attachment":[{"href":"https:\/\/www.public.sn\/index.php\/wp-json\/wp\/v2\/media?parent=24906"}],"wp:term":[{"taxonomy":"category","embeddable":true,"href":"https:\/\/www.public.sn\/index.php\/wp-json\/wp\/v2\/categories?post=24906"},{"taxonomy":"post_tag","embeddable":true,"href":"https:\/\/www.public.sn\/index.php\/wp-json\/wp\/v2\/tags?post=24906"}],"curies":[{"name":"wp","href":"https:\/\/api.w.org\/{rel}","templated":true}]}}