{"id":2498,"date":"2022-09-22T16:03:10","date_gmt":"2022-09-22T16:03:10","guid":{"rendered":"https:\/\/www.public.sn\/?p=2498"},"modified":"2022-09-22T16:21:21","modified_gmt":"2022-09-22T16:21:21","slug":"mame-goor-diazaka-soutient-matar-ba-et-charge-yankhoba-diattara","status":"publish","type":"post","link":"https:\/\/www.public.sn\/index.php\/2022\/09\/22\/mame-goor-diazaka-soutient-matar-ba-et-charge-yankhoba-diattara\/","title":{"rendered":"Mame Goor Diazaka soutient Matar Ba et charge Yankhoba Diattara."},"content":{"rendered":"\n<p>Le chanteur Mame Goor Diazaka \u00e9tait pr\u00e9sent au minist\u00e8re des sports pour assister \u00e0 la passation de service tenue hier mardi  entre l&rsquo;ancien ministre des Sports Matar Ba et son successeur Yankhoba Diatara. <br>Apr\u00e8s huit ans \u00e0 la t\u00eate dudit minist\u00e8re, il a effectu\u00e9 un travail remarquable et la coh\u00e9sion de toutes les disciplines sportives nationales. Selon Mame Goro Diazaka, Yankoba Diatara doit multiplier ses efforts pour faire plus et continuer le travail de son pr\u00e9d\u00e9cesseur.<\/p><div class=\"publi-paragraphe1\" style=\"margin-top: 10px;margin-bottom: 10px;margin-left: auto;margin-right: auto;text-align: center;\" id=\"publi-197341105\"><div class=\"publi-adlabel\">Publicit\u00e9<\/div><script async src=\"\/\/pagead2.googlesyndication.com\/pagead\/js\/adsbygoogle.js?client=ca-pub-4089586018074219\" crossorigin=\"anonymous\"><\/script><ins class=\"adsbygoogle\" style=\"display:block;\" data-ad-client=\"ca-pub-4089586018074219\" \ndata-ad-slot=\"2087940154\" \ndata-ad-format=\"auto\"><\/ins>\n<script> \n(adsbygoogle = window.adsbygoogle || []).push({}); \n<\/script>\n<\/div>\n\n\n\n<p>Regardez !<\/p>\n\n\n\n<figure class=\"wp-block-embed is-type-video is-provider-youtube wp-block-embed-youtube wp-embed-aspect-16-9 wp-has-aspect-ratio\"><div class=\"wp-block-embed__wrapper\">\n<p class=\"responsive-video-wrap clr\"><iframe title=\"Mame Gor Diazaka sur le d\u00e9part de Matar Ba: \u201cAndouma si choix bi, Macky Sall meunone na xar ba Qatar\" width=\"1200\" height=\"675\" src=\"https:\/\/www.youtube.com\/embed\/YwSDOjEMqs8?feature=oembed\" frameborder=\"0\" allow=\"accelerometer; autoplay; clipboard-write; encrypted-media; gyroscope; picture-in-picture\" allowfullscreen><\/iframe><\/p>\n<\/div><\/figure>\n<div class=\"publi-apres-le-contenu\" style=\"margin-top: 10px;margin-bottom: 10px;margin-left: auto;margin-right: auto;text-align: center;\" id=\"publi-698619229\"><div class=\"publi-adlabel\">Publicit\u00e9<\/div><script async src=\"\/\/pagead2.googlesyndication.com\/pagead\/js\/adsbygoogle.js?client=ca-pub-4089586018074219\" crossorigin=\"anonymous\"><\/script><ins class=\"adsbygoogle\" style=\"display:block;\" data-ad-client=\"ca-pub-4089586018074219\" \ndata-ad-slot=\"2087940154\" \ndata-ad-format=\"auto\"><\/ins>\n<script> \n(adsbygoogle = window.adsbygoogle || []).push({}); \n<\/script>\n<\/div>","protected":false},"excerpt":{"rendered":"<p>Le chanteur Mame Goor Diazaka \u00e9tait pr\u00e9sent au minist\u00e8re des sports pour assister \u00e0 la passation de service tenue hier mardi entre l&rsquo;ancien ministre des Sports Matar Ba et son successeur Yankhoba Diatara. Apr\u00e8s huit ans \u00e0 la t\u00eate dudit minist\u00e8re, il a effectu\u00e9 un travail remarquable et la coh\u00e9sion de toutes les disciplines sportives nationales. Selon Mame Goro Diazaka, Yankoba Diatara doit multiplier ses efforts pour faire plus et continuer le travail de son pr\u00e9d\u00e9cesseur. Regardez !<\/p>\n","protected":false},"author":1,"featured_media":2502,"comment_status":"open","ping_status":"open","sticky":false,"template":"","format":"standard","meta":{"_jetpack_memberships_contains_paid_content":false,"footnotes":""},"categories":[375,8,7],"tags":[744,11,907,822,239],"class_list":["post-2498","post","type-post","status-publish","format-standard","has-post-thumbnail","hentry","category-actualites","category-public-tv","category-sport","tag-amadou-ba","tag-macky-sall","tag-mame-goor-diazaka","tag-matar-ba","tag-yankhoba-diattara","entry","has-media","owp-thumbs-layout-horizontal","owp-btn-normal","owp-tabs-layout-horizontal","has-no-thumbnails","has-product-nav"],"yoast_head":"<!-- This site is optimized with the Yoast SEO plugin v25.5 - https:\/\/yoast.com\/wordpress\/plugins\/seo\/ -->\n<title>Mame Goor Diazaka soutient Matar Ba et charge Yankhoba Diattara. - LE PUBLIC<\/title>\n<meta name=\"robots\" content=\"index, follow, max-snippet:-1, max-image-preview:large, max-video-preview:-1\" \/>\n<link rel=\"canonical\" href=\"https:\/\/www.public.sn\/index.php\/2022\/09\/22\/mame-goor-diazaka-soutient-matar-ba-et-charge-yankhoba-diattara\/\" \/>\n<meta property=\"og:locale\" content=\"fr_FR\" \/>\n<meta property=\"og:type\" content=\"article\" \/>\n<meta property=\"og:title\" content=\"Mame Goor Diazaka soutient Matar Ba et charge Yankhoba Diattara. - LE PUBLIC\" \/>\n<meta property=\"og:description\" content=\"Le chanteur Mame Goor Diazaka \u00e9tait pr\u00e9sent au minist\u00e8re des sports pour assister \u00e0 la passation de service tenue hier mardi entre l&rsquo;ancien ministre des Sports Matar Ba et son successeur Yankhoba Diatara. Apr\u00e8s huit ans \u00e0 la t\u00eate dudit minist\u00e8re, il a effectu\u00e9 un travail remarquable et la coh\u00e9sion de toutes les disciplines sportives nationales. Selon Mame Goro Diazaka, Yankoba Diatara doit multiplier ses efforts pour faire plus et continuer le travail de son pr\u00e9d\u00e9cesseur. Regardez !\" \/>\n<meta property=\"og:url\" content=\"https:\/\/www.public.sn\/index.php\/2022\/09\/22\/mame-goor-diazaka-soutient-matar-ba-et-charge-yankhoba-diattara\/\" \/>\n<meta property=\"og:site_name\" content=\"LE PUBLIC\" \/>\n<meta property=\"article:published_time\" content=\"2022-09-22T16:03:10+00:00\" \/>\n<meta property=\"article:modified_time\" content=\"2022-09-22T16:21:21+00:00\" \/>\n<meta property=\"og:image\" content=\"https:\/\/www.public.sn\/wp-content\/uploads\/2022\/09\/00F2E091-D834-4823-9C34-513C70DEEC8A.jpeg\" \/>\n\t<meta property=\"og:image:width\" content=\"489\" \/>\n\t<meta property=\"og:image:height\" content=\"273\" \/>\n\t<meta property=\"og:image:type\" content=\"image\/jpeg\" \/>\n<meta name=\"author\" content=\"LA REDACTION\" \/>\n<meta name=\"twitter:card\" content=\"summary_large_image\" \/>\n<meta name=\"twitter:label1\" content=\"\u00c9crit par\" \/>\n\t<meta name=\"twitter:data1\" content=\"LA REDACTION\" \/>\n\t<meta name=\"twitter:label2\" content=\"Dur\u00e9e de lecture estim\u00e9e\" \/>\n\t<meta name=\"twitter:data2\" content=\"1 minute\" \/>\n<script type=\"application\/ld+json\" class=\"yoast-schema-graph\">{\"@context\":\"https:\/\/schema.org\",\"@graph\":[{\"@type\":\"Article\",\"@id\":\"https:\/\/www.public.sn\/index.php\/2022\/09\/22\/mame-goor-diazaka-soutient-matar-ba-et-charge-yankhoba-diattara\/#article\",\"isPartOf\":{\"@id\":\"https:\/\/www.public.sn\/index.php\/2022\/09\/22\/mame-goor-diazaka-soutient-matar-ba-et-charge-yankhoba-diattara\/\"},\"author\":{\"name\":\"LA REDACTION\",\"@id\":\"https:\/\/www.public.sn\/#\/schema\/person\/e3f4a11b037d4203902db148f9bc8d5a\"},\"headline\":\"Mame Goor Diazaka soutient Matar Ba et charge Yankhoba Diattara.\",\"datePublished\":\"2022-09-22T16:03:10+00:00\",\"dateModified\":\"2022-09-22T16:21:21+00:00\",\"mainEntityOfPage\":{\"@id\":\"https:\/\/www.public.sn\/index.php\/2022\/09\/22\/mame-goor-diazaka-soutient-matar-ba-et-charge-yankhoba-diattara\/\"},\"wordCount\":97,\"commentCount\":0,\"publisher\":{\"@id\":\"https:\/\/www.public.sn\/#organization\"},\"image\":{\"@id\":\"https:\/\/www.public.sn\/index.php\/2022\/09\/22\/mame-goor-diazaka-soutient-matar-ba-et-charge-yankhoba-diattara\/#primaryimage\"},\"thumbnailUrl\":\"https:\/\/www.public.sn\/wp-content\/uploads\/2022\/09\/00F2E091-D834-4823-9C34-513C70DEEC8A.jpeg\",\"keywords\":[\"Amadou Ba\",\"Macky Sall\",\"Mame Goor Diazaka\",\"Matar Ba\",\"Yankhoba Diattara\"],\"articleSection\":[\"ACTUALIT\u00c9S\",\"PUBLIC TV\",\"SPORTS\"],\"inLanguage\":\"fr-FR\",\"potentialAction\":[{\"@type\":\"CommentAction\",\"name\":\"Comment\",\"target\":[\"https:\/\/www.public.sn\/index.php\/2022\/09\/22\/mame-goor-diazaka-soutient-matar-ba-et-charge-yankhoba-diattara\/#respond\"]}]},{\"@type\":\"WebPage\",\"@id\":\"https:\/\/www.public.sn\/index.php\/2022\/09\/22\/mame-goor-diazaka-soutient-matar-ba-et-charge-yankhoba-diattara\/\",\"url\":\"https:\/\/www.public.sn\/index.php\/2022\/09\/22\/mame-goor-diazaka-soutient-matar-ba-et-charge-yankhoba-diattara\/\",\"name\":\"Mame Goor Diazaka soutient Matar Ba et charge Yankhoba Diattara. - LE PUBLIC\",\"isPartOf\":{\"@id\":\"https:\/\/www.public.sn\/#website\"},\"primaryImageOfPage\":{\"@id\":\"https:\/\/www.public.sn\/index.php\/2022\/09\/22\/mame-goor-diazaka-soutient-matar-ba-et-charge-yankhoba-diattara\/#primaryimage\"},\"image\":{\"@id\":\"https:\/\/www.public.sn\/index.php\/2022\/09\/22\/mame-goor-diazaka-soutient-matar-ba-et-charge-yankhoba-diattara\/#primaryimage\"},\"thumbnailUrl\":\"https:\/\/www.public.sn\/wp-content\/uploads\/2022\/09\/00F2E091-D834-4823-9C34-513C70DEEC8A.jpeg\",\"datePublished\":\"2022-09-22T16:03:10+00:00\",\"dateModified\":\"2022-09-22T16:21:21+00:00\",\"breadcrumb\":{\"@id\":\"https:\/\/www.public.sn\/index.php\/2022\/09\/22\/mame-goor-diazaka-soutient-matar-ba-et-charge-yankhoba-diattara\/#breadcrumb\"},\"inLanguage\":\"fr-FR\",\"potentialAction\":[{\"@type\":\"ReadAction\",\"target\":[\"https:\/\/www.public.sn\/index.php\/2022\/09\/22\/mame-goor-diazaka-soutient-matar-ba-et-charge-yankhoba-diattara\/\"]}]},{\"@type\":\"ImageObject\",\"inLanguage\":\"fr-FR\",\"@id\":\"https:\/\/www.public.sn\/index.php\/2022\/09\/22\/mame-goor-diazaka-soutient-matar-ba-et-charge-yankhoba-diattara\/#primaryimage\",\"url\":\"https:\/\/www.public.sn\/wp-content\/uploads\/2022\/09\/00F2E091-D834-4823-9C34-513C70DEEC8A.jpeg\",\"contentUrl\":\"https:\/\/www.public.sn\/wp-content\/uploads\/2022\/09\/00F2E091-D834-4823-9C34-513C70DEEC8A.jpeg\",\"width\":489,\"height\":273},{\"@type\":\"BreadcrumbList\",\"@id\":\"https:\/\/www.public.sn\/index.php\/2022\/09\/22\/mame-goor-diazaka-soutient-matar-ba-et-charge-yankhoba-diattara\/#breadcrumb\",\"itemListElement\":[{\"@type\":\"ListItem\",\"position\":1,\"name\":\"Accueil\",\"item\":\"https:\/\/www.public.sn\/\"},{\"@type\":\"ListItem\",\"position\":2,\"name\":\"Mame Goor Diazaka soutient Matar Ba et charge Yankhoba Diattara.\"}]},{\"@type\":\"WebSite\",\"@id\":\"https:\/\/www.public.sn\/#website\",\"url\":\"https:\/\/www.public.sn\/\",\"name\":\"LE PUBLIC\",\"description\":\"\",\"publisher\":{\"@id\":\"https:\/\/www.public.sn\/#organization\"},\"potentialAction\":[{\"@type\":\"SearchAction\",\"target\":{\"@type\":\"EntryPoint\",\"urlTemplate\":\"https:\/\/www.public.sn\/?s={search_term_string}\"},\"query-input\":{\"@type\":\"PropertyValueSpecification\",\"valueRequired\":true,\"valueName\":\"search_term_string\"}}],\"inLanguage\":\"fr-FR\"},{\"@type\":\"Organization\",\"@id\":\"https:\/\/www.public.sn\/#organization\",\"name\":\"LE PUBLIC\",\"url\":\"https:\/\/www.public.sn\/\",\"logo\":{\"@type\":\"ImageObject\",\"inLanguage\":\"fr-FR\",\"@id\":\"https:\/\/www.public.sn\/#\/schema\/logo\/image\/\",\"url\":\"https:\/\/www.public.sn\/wp-content\/uploads\/2024\/05\/cropped-LOGO-PUBLIC.SN_.png\",\"contentUrl\":\"https:\/\/www.public.sn\/wp-content\/uploads\/2024\/05\/cropped-LOGO-PUBLIC.SN_.png\",\"width\":682,\"height\":192,\"caption\":\"LE PUBLIC\"},\"image\":{\"@id\":\"https:\/\/www.public.sn\/#\/schema\/logo\/image\/\"}},{\"@type\":\"Person\",\"@id\":\"https:\/\/www.public.sn\/#\/schema\/person\/e3f4a11b037d4203902db148f9bc8d5a\",\"name\":\"LA REDACTION\",\"image\":{\"@type\":\"ImageObject\",\"inLanguage\":\"fr-FR\",\"@id\":\"https:\/\/www.public.sn\/#\/schema\/person\/image\/\",\"url\":\"https:\/\/secure.gravatar.com\/avatar\/d6c030db45db2883c075085c5d6c6258654a801a93766b49af0b82d4f454e2a5?s=96&d=mm&r=g\",\"contentUrl\":\"https:\/\/secure.gravatar.com\/avatar\/d6c030db45db2883c075085c5d6c6258654a801a93766b49af0b82d4f454e2a5?s=96&d=mm&r=g\",\"caption\":\"LA REDACTION\"},\"sameAs\":[\"http:\/\/www.public.sn\"],\"url\":\"https:\/\/www.public.sn\/index.php\/author\/admin7324\/\"}]}<\/script>\n<!-- \/ Yoast SEO plugin. -->","yoast_head_json":{"title":"Mame Goor Diazaka soutient Matar Ba et charge Yankhoba Diattara. - LE PUBLIC","robots":{"index":"index","follow":"follow","max-snippet":"max-snippet:-1","max-image-preview":"max-image-preview:large","max-video-preview":"max-video-preview:-1"},"canonical":"https:\/\/www.public.sn\/index.php\/2022\/09\/22\/mame-goor-diazaka-soutient-matar-ba-et-charge-yankhoba-diattara\/","og_locale":"fr_FR","og_type":"article","og_title":"Mame Goor Diazaka soutient Matar Ba et charge Yankhoba Diattara. - LE PUBLIC","og_description":"Le chanteur Mame Goor Diazaka \u00e9tait pr\u00e9sent au minist\u00e8re des sports pour assister \u00e0 la passation de service tenue hier mardi entre l&rsquo;ancien ministre des Sports Matar Ba et son successeur Yankhoba Diatara. Apr\u00e8s huit ans \u00e0 la t\u00eate dudit minist\u00e8re, il a effectu\u00e9 un travail remarquable et la coh\u00e9sion de toutes les disciplines sportives nationales. Selon Mame Goro Diazaka, Yankoba Diatara doit multiplier ses efforts pour faire plus et continuer le travail de son pr\u00e9d\u00e9cesseur. Regardez !","og_url":"https:\/\/www.public.sn\/index.php\/2022\/09\/22\/mame-goor-diazaka-soutient-matar-ba-et-charge-yankhoba-diattara\/","og_site_name":"LE PUBLIC","article_published_time":"2022-09-22T16:03:10+00:00","article_modified_time":"2022-09-22T16:21:21+00:00","og_image":[{"width":489,"height":273,"url":"https:\/\/www.public.sn\/wp-content\/uploads\/2022\/09\/00F2E091-D834-4823-9C34-513C70DEEC8A.jpeg","type":"image\/jpeg"}],"author":"LA REDACTION","twitter_card":"summary_large_image","twitter_misc":{"\u00c9crit par":"LA REDACTION","Dur\u00e9e de lecture estim\u00e9e":"1 minute"},"schema":{"@context":"https:\/\/schema.org","@graph":[{"@type":"Article","@id":"https:\/\/www.public.sn\/index.php\/2022\/09\/22\/mame-goor-diazaka-soutient-matar-ba-et-charge-yankhoba-diattara\/#article","isPartOf":{"@id":"https:\/\/www.public.sn\/index.php\/2022\/09\/22\/mame-goor-diazaka-soutient-matar-ba-et-charge-yankhoba-diattara\/"},"author":{"name":"LA REDACTION","@id":"https:\/\/www.public.sn\/#\/schema\/person\/e3f4a11b037d4203902db148f9bc8d5a"},"headline":"Mame Goor Diazaka soutient Matar Ba et charge Yankhoba Diattara.","datePublished":"2022-09-22T16:03:10+00:00","dateModified":"2022-09-22T16:21:21+00:00","mainEntityOfPage":{"@id":"https:\/\/www.public.sn\/index.php\/2022\/09\/22\/mame-goor-diazaka-soutient-matar-ba-et-charge-yankhoba-diattara\/"},"wordCount":97,"commentCount":0,"publisher":{"@id":"https:\/\/www.public.sn\/#organization"},"image":{"@id":"https:\/\/www.public.sn\/index.php\/2022\/09\/22\/mame-goor-diazaka-soutient-matar-ba-et-charge-yankhoba-diattara\/#primaryimage"},"thumbnailUrl":"https:\/\/www.public.sn\/wp-content\/uploads\/2022\/09\/00F2E091-D834-4823-9C34-513C70DEEC8A.jpeg","keywords":["Amadou Ba","Macky Sall","Mame Goor Diazaka","Matar Ba","Yankhoba Diattara"],"articleSection":["ACTUALIT\u00c9S","PUBLIC TV","SPORTS"],"inLanguage":"fr-FR","potentialAction":[{"@type":"CommentAction","name":"Comment","target":["https:\/\/www.public.sn\/index.php\/2022\/09\/22\/mame-goor-diazaka-soutient-matar-ba-et-charge-yankhoba-diattara\/#respond"]}]},{"@type":"WebPage","@id":"https:\/\/www.public.sn\/index.php\/2022\/09\/22\/mame-goor-diazaka-soutient-matar-ba-et-charge-yankhoba-diattara\/","url":"https:\/\/www.public.sn\/index.php\/2022\/09\/22\/mame-goor-diazaka-soutient-matar-ba-et-charge-yankhoba-diattara\/","name":"Mame Goor Diazaka soutient Matar Ba et charge Yankhoba Diattara. - LE PUBLIC","isPartOf":{"@id":"https:\/\/www.public.sn\/#website"},"primaryImageOfPage":{"@id":"https:\/\/www.public.sn\/index.php\/2022\/09\/22\/mame-goor-diazaka-soutient-matar-ba-et-charge-yankhoba-diattara\/#primaryimage"},"image":{"@id":"https:\/\/www.public.sn\/index.php\/2022\/09\/22\/mame-goor-diazaka-soutient-matar-ba-et-charge-yankhoba-diattara\/#primaryimage"},"thumbnailUrl":"https:\/\/www.public.sn\/wp-content\/uploads\/2022\/09\/00F2E091-D834-4823-9C34-513C70DEEC8A.jpeg","datePublished":"2022-09-22T16:03:10+00:00","dateModified":"2022-09-22T16:21:21+00:00","breadcrumb":{"@id":"https:\/\/www.public.sn\/index.php\/2022\/09\/22\/mame-goor-diazaka-soutient-matar-ba-et-charge-yankhoba-diattara\/#breadcrumb"},"inLanguage":"fr-FR","potentialAction":[{"@type":"ReadAction","target":["https:\/\/www.public.sn\/index.php\/2022\/09\/22\/mame-goor-diazaka-soutient-matar-ba-et-charge-yankhoba-diattara\/"]}]},{"@type":"ImageObject","inLanguage":"fr-FR","@id":"https:\/\/www.public.sn\/index.php\/2022\/09\/22\/mame-goor-diazaka-soutient-matar-ba-et-charge-yankhoba-diattara\/#primaryimage","url":"https:\/\/www.public.sn\/wp-content\/uploads\/2022\/09\/00F2E091-D834-4823-9C34-513C70DEEC8A.jpeg","contentUrl":"https:\/\/www.public.sn\/wp-content\/uploads\/2022\/09\/00F2E091-D834-4823-9C34-513C70DEEC8A.jpeg","width":489,"height":273},{"@type":"BreadcrumbList","@id":"https:\/\/www.public.sn\/index.php\/2022\/09\/22\/mame-goor-diazaka-soutient-matar-ba-et-charge-yankhoba-diattara\/#breadcrumb","itemListElement":[{"@type":"ListItem","position":1,"name":"Accueil","item":"https:\/\/www.public.sn\/"},{"@type":"ListItem","position":2,"name":"Mame Goor Diazaka soutient Matar Ba et charge Yankhoba Diattara."}]},{"@type":"WebSite","@id":"https:\/\/www.public.sn\/#website","url":"https:\/\/www.public.sn\/","name":"LE PUBLIC","description":"","publisher":{"@id":"https:\/\/www.public.sn\/#organization"},"potentialAction":[{"@type":"SearchAction","target":{"@type":"EntryPoint","urlTemplate":"https:\/\/www.public.sn\/?s={search_term_string}"},"query-input":{"@type":"PropertyValueSpecification","valueRequired":true,"valueName":"search_term_string"}}],"inLanguage":"fr-FR"},{"@type":"Organization","@id":"https:\/\/www.public.sn\/#organization","name":"LE PUBLIC","url":"https:\/\/www.public.sn\/","logo":{"@type":"ImageObject","inLanguage":"fr-FR","@id":"https:\/\/www.public.sn\/#\/schema\/logo\/image\/","url":"https:\/\/www.public.sn\/wp-content\/uploads\/2024\/05\/cropped-LOGO-PUBLIC.SN_.png","contentUrl":"https:\/\/www.public.sn\/wp-content\/uploads\/2024\/05\/cropped-LOGO-PUBLIC.SN_.png","width":682,"height":192,"caption":"LE PUBLIC"},"image":{"@id":"https:\/\/www.public.sn\/#\/schema\/logo\/image\/"}},{"@type":"Person","@id":"https:\/\/www.public.sn\/#\/schema\/person\/e3f4a11b037d4203902db148f9bc8d5a","name":"LA REDACTION","image":{"@type":"ImageObject","inLanguage":"fr-FR","@id":"https:\/\/www.public.sn\/#\/schema\/person\/image\/","url":"https:\/\/secure.gravatar.com\/avatar\/d6c030db45db2883c075085c5d6c6258654a801a93766b49af0b82d4f454e2a5?s=96&d=mm&r=g","contentUrl":"https:\/\/secure.gravatar.com\/avatar\/d6c030db45db2883c075085c5d6c6258654a801a93766b49af0b82d4f454e2a5?s=96&d=mm&r=g","caption":"LA REDACTION"},"sameAs":["http:\/\/www.public.sn"],"url":"https:\/\/www.public.sn\/index.php\/author\/admin7324\/"}]}},"jetpack_featured_media_url":"https:\/\/www.public.sn\/wp-content\/uploads\/2022\/09\/00F2E091-D834-4823-9C34-513C70DEEC8A.jpeg","jetpack_sharing_enabled":true,"_links":{"self":[{"href":"https:\/\/www.public.sn\/index.php\/wp-json\/wp\/v2\/posts\/2498","targetHints":{"allow":["GET"]}}],"collection":[{"href":"https:\/\/www.public.sn\/index.php\/wp-json\/wp\/v2\/posts"}],"about":[{"href":"https:\/\/www.public.sn\/index.php\/wp-json\/wp\/v2\/types\/post"}],"author":[{"embeddable":true,"href":"https:\/\/www.public.sn\/index.php\/wp-json\/wp\/v2\/users\/1"}],"replies":[{"embeddable":true,"href":"https:\/\/www.public.sn\/index.php\/wp-json\/wp\/v2\/comments?post=2498"}],"version-history":[{"count":1,"href":"https:\/\/www.public.sn\/index.php\/wp-json\/wp\/v2\/posts\/2498\/revisions"}],"predecessor-version":[{"id":2503,"href":"https:\/\/www.public.sn\/index.php\/wp-json\/wp\/v2\/posts\/2498\/revisions\/2503"}],"wp:featuredmedia":[{"embeddable":true,"href":"https:\/\/www.public.sn\/index.php\/wp-json\/wp\/v2\/media\/2502"}],"wp:attachment":[{"href":"https:\/\/www.public.sn\/index.php\/wp-json\/wp\/v2\/media?parent=2498"}],"wp:term":[{"taxonomy":"category","embeddable":true,"href":"https:\/\/www.public.sn\/index.php\/wp-json\/wp\/v2\/categories?post=2498"},{"taxonomy":"post_tag","embeddable":true,"href":"https:\/\/www.public.sn\/index.php\/wp-json\/wp\/v2\/tags?post=2498"}],"curies":[{"name":"wp","href":"https:\/\/api.w.org\/{rel}","templated":true}]}}