{"id":25034,"date":"2023-07-14T08:38:22","date_gmt":"2023-07-14T08:38:22","guid":{"rendered":"https:\/\/www.public.sn\/?p=25034"},"modified":"2023-07-14T08:38:22","modified_gmt":"2023-07-14T08:38:22","slug":"public-matin-flash-infoce-vendredi-14-juillet-2023","status":"publish","type":"post","link":"https:\/\/www.public.sn\/index.php\/2023\/07\/14\/public-matin-flash-infoce-vendredi-14-juillet-2023\/","title":{"rendered":"PUBLIC MATIN-FLASH INFO,CE VENDREDI 14 JUILLET 2023"},"content":{"rendered":"<p><img fetchpriority=\"high\" decoding=\"async\" class=\"alignnone size-full wp-image-25035\" src=\"https:\/\/www.public.sn\/wp-content\/uploads\/2023\/07\/my-project-1-2023-07-13t090123-116_6973.png\" alt=\"\" width=\"1600\" height=\"900\" srcset=\"https:\/\/www.public.sn\/wp-content\/uploads\/2023\/07\/my-project-1-2023-07-13t090123-116_6973.png 1600w, https:\/\/www.public.sn\/wp-content\/uploads\/2023\/07\/my-project-1-2023-07-13t090123-116_6973-600x338.png 600w, https:\/\/www.public.sn\/wp-content\/uploads\/2023\/07\/my-project-1-2023-07-13t090123-116_6973-300x169.png 300w, https:\/\/www.public.sn\/wp-content\/uploads\/2023\/07\/my-project-1-2023-07-13t090123-116_6973-1024x576.png 1024w, https:\/\/www.public.sn\/wp-content\/uploads\/2023\/07\/my-project-1-2023-07-13t090123-116_6973-768x432.png 768w, https:\/\/www.public.sn\/wp-content\/uploads\/2023\/07\/my-project-1-2023-07-13t090123-116_6973-1536x864.png 1536w, https:\/\/www.public.sn\/wp-content\/uploads\/2023\/07\/my-project-1-2023-07-13t090123-116_6973-800x450.png 800w\" sizes=\"(max-width: 1600px) 100vw, 1600px\" \/><\/p>\n<blockquote>\n<h2 class=\"summary_label\">Le parti Pastef a annonc\u00e9 l\u2019investiture de leur candidat Ousmane Sonko ce samedi 15 juillet prochain. Le gouverneur de Dakar, par le biais d\u2019un communiqu\u00e9, informe que\u00a0ce rassemblement est interdit .<\/h2>\n<\/blockquote>\n<p class=\"summary_label\">Dans un communiqu\u00e9 parcouru par iGFM, le gouverneur de Dakar soutient que le rassemblement du parti Pastef-les patriotes \u00a0pour l\u2019investiture de leur candidat, est interdit. Ses motifs : \u00abr\u00e9els risques de troubles \u00e0 l&rsquo;ordre public\u00bb.<\/p><div class=\"publi-paragraphe1\" style=\"margin-top: 10px;margin-bottom: 10px;margin-left: auto;margin-right: auto;text-align: center;\" id=\"publi-669904329\"><div class=\"publi-adlabel\">Publicit\u00e9<\/div><script async src=\"\/\/pagead2.googlesyndication.com\/pagead\/js\/adsbygoogle.js?client=ca-pub-4089586018074219\" crossorigin=\"anonymous\"><\/script><ins class=\"adsbygoogle\" style=\"display:block;\" data-ad-client=\"ca-pub-4089586018074219\" \ndata-ad-slot=\"2087940154\" \ndata-ad-format=\"auto\"><\/ins>\n<script> \n(adsbygoogle = window.adsbygoogle || []).push({}); \n<\/script>\n<\/div>\n<div id=\"printable\" class=\"text_body\">\n<p>L\u2019autorit\u00e9 souligne que des acteurs de ce rassemblement \u00a0ont \u2018\u2019 \u00e9galement introduit des d\u00e9clarations de rassemblements par endroits\u2019\u2019. Il ajoute que : \u00ab les autorit\u00e9s administratives concern\u00e9es, ont, conform\u00e9ment \u00e0 la loi, interdit les rassemblements en question ainsi que ceux pr\u00e9vus par les entit\u00e9s adverses, et, instruit les Forces de D\u00e9fense et de S\u00e9curit\u00e9 \u00e0 prendre les dispositions n\u00e9cessaires pour maintenir l&rsquo;ordre, et pr\u00e9server la paix et la qui\u00e9tude\u00bb.<\/p>\n<p><img decoding=\"async\" class=\"alignnone size-full wp-image-25036\" src=\"https:\/\/www.public.sn\/wp-content\/uploads\/2023\/07\/whatsapp-image-2023-07-13-at-08-45-38_1009.jpeg\" alt=\"\" width=\"896\" height=\"1280\" srcset=\"https:\/\/www.public.sn\/wp-content\/uploads\/2023\/07\/whatsapp-image-2023-07-13-at-08-45-38_1009.jpeg 896w, https:\/\/www.public.sn\/wp-content\/uploads\/2023\/07\/whatsapp-image-2023-07-13-at-08-45-38_1009-600x857.jpeg 600w, https:\/\/www.public.sn\/wp-content\/uploads\/2023\/07\/whatsapp-image-2023-07-13-at-08-45-38_1009-210x300.jpeg 210w, https:\/\/www.public.sn\/wp-content\/uploads\/2023\/07\/whatsapp-image-2023-07-13-at-08-45-38_1009-717x1024.jpeg 717w, https:\/\/www.public.sn\/wp-content\/uploads\/2023\/07\/whatsapp-image-2023-07-13-at-08-45-38_1009-768x1097.jpeg 768w\" sizes=\"(max-width: 896px) 100vw, 896px\" \/><\/p>\n<blockquote>\n<h2><strong>L\u2019Etat interdit, le Pastef persiste \u00a0: \u00abNul ne peut emp\u00eacher l\u2019investiture du pr\u00e9sident Ousmane Sonko et sa participation \u00e0 l\u2019\u00e9lection pr\u00e9sidentielle du 25 f\u00e9vrier 2024\u00bb<\/strong><\/h2>\n<\/blockquote>\n<p>Le Pastef d\u00e9fie l\u2019autorit\u00e9. Le Bureau politique, \u00e0 travers un communiqu\u00e9, re\u00e7u ce jeudi 13 juillet, a fait savoir que leurs membres vont changer de strat\u00e9gie afin d\u2019atteindre leurs objectifs que sont l\u2019investiture de leur candidat et sa participation au scrutin pr\u00e9sidentiel. \u00abPastef-Les Patriotes, compte poursuivre avec le candidat Ousmane Sonko, et le soutien populaire ind\u00e9fectible des S\u00e9n\u00e9galais, sa marche in\u00e9luctable vers la victoire. Nul ne peut emp\u00eacher l\u2019investiture du pr\u00e9sident Ousmane Sonko ainsi que sa participation \u00e0 l\u2019\u00e9lection pr\u00e9sidentielle du 25 f\u00e9vrier 2024 \u00bb, a-t-il pr\u00e9cis\u00e9. Par la m\u00eame occasion, rendez-vous est donn\u00e9 \u00ab \u00e0 l\u2019opinion nationale et internationale ce vendredi 14 juillet pour une importante d\u00e9claration du candidat de PASTEF, Ousmane Sonko \u00bb, pr\u00e9cise seneweb.<\/p>\n<p><img decoding=\"async\" class=\"alignnone size-full wp-image-25037\" src=\"https:\/\/www.public.sn\/wp-content\/uploads\/2023\/07\/sonko-copie-4_2106.jpeg\" alt=\"\" width=\"1440\" height=\"1011\" srcset=\"https:\/\/www.public.sn\/wp-content\/uploads\/2023\/07\/sonko-copie-4_2106.jpeg 1440w, https:\/\/www.public.sn\/wp-content\/uploads\/2023\/07\/sonko-copie-4_2106-600x421.jpeg 600w, https:\/\/www.public.sn\/wp-content\/uploads\/2023\/07\/sonko-copie-4_2106-300x211.jpeg 300w, https:\/\/www.public.sn\/wp-content\/uploads\/2023\/07\/sonko-copie-4_2106-1024x719.jpeg 1024w, https:\/\/www.public.sn\/wp-content\/uploads\/2023\/07\/sonko-copie-4_2106-768x539.jpeg 768w\" sizes=\"(max-width: 1440px) 100vw, 1440px\" \/><\/p>\n<blockquote>\n<h2 class=\"summary_label\">Apr\u00e8s l\u2019interdiction du Giga Meeting d\u2019investiture de Ousmane Sonko par le gouverneur de Dakar, les r\u00e9actions fusent dans son entourage.<\/h2>\n<\/blockquote>\n<div id=\"printable\" class=\"text_body\">\n<p>Le Gouverneur de Dakar a interdit la c\u00e9r\u00e9monie d&rsquo;investiture de Ousmane Sonko. Dans son communiqu\u00e9 de presse, Al Hassan Sall \u00e9voque de \u00abr\u00e9els risques de troubles \u00e0 l&rsquo;ordre public\u00bb. Un argument qui ne passe pas du c\u00f4t\u00e9 de Pastef.<\/p>\n<p>\u00abLe stade est un lieu ferm\u00e9. Nous avons convi\u00e9 le peuple \u00e0 une investiture et non \u00e0 des manifestations\u00bb, peste \u00a0le secr\u00e9taire national en charge de la communication de Pastef. Pour El Malick Ndiaye, si aucun parti n\u2019a plus le droit d\u2019investir son candidat dans ce pays, \u00abil faut le notifier clairement\u00bb.<\/p>\n<p>Cheikh Tidiane Dieye, leader de \u00abAvenir S\u00e9n\u00e9gal bi nu beug\u00bb, tr\u00e8s proche du leader de Pastef, a aussi d\u00e9nonc\u00e9 l\u2019interdiction. Pour lui, le stade Amadou Barry n\u2019est pas un espace ouvert o\u00f9 on peut troubler l\u2019ordre public.<\/p>\n<p>Et donc, le Gouverneur de Dakar devrait plut\u00f4t prendre les mesures n\u00e9cessaires pour s\u00e9curiser cet \u00e9v\u00e9nement. \u00abLa d\u00e9mocratie et l\u2019Etat de droit doivent \u00eatre pr\u00e9serv\u00e9s \u00e0 tout prix\u00bb, mart\u00e8le-t-il.<\/p>\n<p><img loading=\"lazy\" decoding=\"async\" class=\"alignnone size-full wp-image-25038\" src=\"https:\/\/www.public.sn\/wp-content\/uploads\/2023\/07\/sonko-pastef-meeting_8802.jpeg\" alt=\"\" width=\"1600\" height=\"900\" srcset=\"https:\/\/www.public.sn\/wp-content\/uploads\/2023\/07\/sonko-pastef-meeting_8802.jpeg 1600w, https:\/\/www.public.sn\/wp-content\/uploads\/2023\/07\/sonko-pastef-meeting_8802-600x338.jpeg 600w, https:\/\/www.public.sn\/wp-content\/uploads\/2023\/07\/sonko-pastef-meeting_8802-300x169.jpeg 300w, https:\/\/www.public.sn\/wp-content\/uploads\/2023\/07\/sonko-pastef-meeting_8802-1024x576.jpeg 1024w, https:\/\/www.public.sn\/wp-content\/uploads\/2023\/07\/sonko-pastef-meeting_8802-768x432.jpeg 768w, https:\/\/www.public.sn\/wp-content\/uploads\/2023\/07\/sonko-pastef-meeting_8802-1536x864.jpeg 1536w, https:\/\/www.public.sn\/wp-content\/uploads\/2023\/07\/sonko-pastef-meeting_8802-800x450.jpeg 800w\" sizes=\"(max-width: 1600px) 100vw, 1600px\" \/><\/p>\n<blockquote>\n<h2 class=\"summary_label\">Apr\u00e8s l\u2019interdiction de la c\u00e9r\u00e9monie d\u2019investiture de Ousmane Sonko, Pastef vient de r\u00e9agir. Le parti a fait aussi une annonce.<\/h2>\n<\/blockquote>\n<div id=\"printable\" class=\"text_body\">\n<p>Ce jeudi, le gouverneur de Dakar a annonc\u00e9 l\u2019interdiction du meeting d\u2019investiture de Ousmane Sonko. Les manifestations projet\u00e9es par Pastef durant le week-end sont, aussi, toutes interdites. Pour Pastef, il s\u2019agit l\u00e0 d\u2019un acte informel du gouverneur, qui ne visait qu&rsquo;\u00e0 \u00abemp\u00eacher la tenue du giga-meeting d&rsquo;investiture du candidat Ousmane Sonko\u00bb.<\/p>\n<p>\u00abCette interdiction ill\u00e9gale d&rsquo;une op\u00e9ration d&rsquo;investiture d&rsquo;un candidat r\u00e9guli\u00e8rement investi par un parti l\u00e9galement constitu\u00e9 dans un lieu ferm\u00e9 a \u00e9t\u00e9 ensuite act\u00e9e par un arr\u00eat\u00e9 du pr\u00e9fet de Gu\u00e9diawaye ce 13 Juillet 2023\u00bb, d\u00e9clare Pastef dans son communiqu\u00e9 de presse parcouru par iGFM.<\/p>\n<p>La formation politique \u00a0pr\u00e9cise cependant, que \u00abnul ne peut emp\u00eacher l&rsquo;investiture du Pr\u00e9sident Ousmane Sonko ainsi que sa participation \u00e0 l&rsquo;\u00e9lection pr\u00e9sidentielle du 25 f\u00e9vrier 2024.\u00bb Et Pastef annonce m\u00eame une d\u00e9claration de son candidat. Elle est pr\u00e9vue pour ce vendredi.<\/p>\n<p><img loading=\"lazy\" decoding=\"async\" class=\"alignnone size-full wp-image-25039\" src=\"https:\/\/www.public.sn\/wp-content\/uploads\/2023\/07\/f079wr9wibcsoef_7680.jpeg\" alt=\"\" width=\"1080\" height=\"720\" srcset=\"https:\/\/www.public.sn\/wp-content\/uploads\/2023\/07\/f079wr9wibcsoef_7680.jpeg 1080w, https:\/\/www.public.sn\/wp-content\/uploads\/2023\/07\/f079wr9wibcsoef_7680-600x400.jpeg 600w, https:\/\/www.public.sn\/wp-content\/uploads\/2023\/07\/f079wr9wibcsoef_7680-300x200.jpeg 300w, https:\/\/www.public.sn\/wp-content\/uploads\/2023\/07\/f079wr9wibcsoef_7680-1024x683.jpeg 1024w, https:\/\/www.public.sn\/wp-content\/uploads\/2023\/07\/f079wr9wibcsoef_7680-768x512.jpeg 768w\" sizes=\"(max-width: 1080px) 100vw, 1080px\" \/><\/p>\n<blockquote>\n<h2 class=\"summary_label\">Le gouvernement travaille au rapatriement de 276 S\u00e9n\u00e9galais plac\u00e9s dans un centre de r\u00e9tention \u00e0 Dahla, au Maroc, a r\u00e9v\u00e9l\u00e9 jeudi le ministre de l\u2019Int\u00e9rieur, Antoine Felix Abdoulaye Diome.<\/h2>\n<\/blockquote>\n<div id=\"printable\" class=\"text_body\">\n<p>Il a fait cette annonce lors d\u2019un d\u00e9placement ce matin \u00e0 Saint-Louis, o\u00f9 il est venu rendre visite aux rescap\u00e9s du chavirement d\u2019une pirogue transportant des migrants. Cette embarcation a sombr\u00e9 dans la nuit de mercredi, causant la mort de huit personnes.<\/p>\n<p>L\u2019embarcation transportait une soixantaine de personnes lorsqu\u2019elle a chavir\u00e9, mercredi, aux environs de 5 heures du matin, \u00e0 hauteur de l\u2019embouchure du fleuve S\u00e9n\u00e9gal (nord).<\/p>\n<p>Lors de son d\u00e9placement dans l\u2019ancienne capitale du S\u00e9n\u00e9gal, le ministre de l\u2019Int\u00e9rieur a d\u00e9menti l\u2019information selon laquelle 300 migrants \u00e0 bord d\u2019embarcations parties du S\u00e9n\u00e9gal auraient p\u00e9ri en mer.<\/p>\n<p>&nbsp;<\/p>\n<p>Le ministre assure que les migrants en question se portent plut\u00f4t bien. Il a invit\u00e9 \u00e0 cette occasion \u2018\u2019ceux qui font certaines d\u00e9clarations ou donnent des informations concernant ces S\u00e9n\u00e9galais \u00e0 faire attention\u2019\u2019.<\/p>\n<p>&nbsp;<\/p>\n<p>Il estime que certaines informations peuvent cr\u00e9er la panique et une tr\u00e8s grande \u00e9motion aupr\u00e8s des parents des personnes concern\u00e9es.<\/p>\n<p>&nbsp;<\/p>\n<p>Il a rappel\u00e9 que les ONG et l\u2019Etat ont les m\u00eames objectifs dans le domaine de la migration clandestine.<\/p>\n<p><img loading=\"lazy\" decoding=\"async\" class=\"alignnone size-full wp-image-25040\" src=\"https:\/\/www.public.sn\/wp-content\/uploads\/2023\/07\/f0xwq3owaburaht_8528.jpeg\" alt=\"\" width=\"1600\" height=\"1066\" srcset=\"https:\/\/www.public.sn\/wp-content\/uploads\/2023\/07\/f0xwq3owaburaht_8528.jpeg 1600w, https:\/\/www.public.sn\/wp-content\/uploads\/2023\/07\/f0xwq3owaburaht_8528-600x400.jpeg 600w, https:\/\/www.public.sn\/wp-content\/uploads\/2023\/07\/f0xwq3owaburaht_8528-300x200.jpeg 300w, https:\/\/www.public.sn\/wp-content\/uploads\/2023\/07\/f0xwq3owaburaht_8528-1024x682.jpeg 1024w, https:\/\/www.public.sn\/wp-content\/uploads\/2023\/07\/f0xwq3owaburaht_8528-768x512.jpeg 768w, https:\/\/www.public.sn\/wp-content\/uploads\/2023\/07\/f0xwq3owaburaht_8528-1536x1023.jpeg 1536w\" sizes=\"(max-width: 1600px) 100vw, 1600px\" \/><\/p>\n<p>&nbsp;<\/p>\n<blockquote>\n<h2 class=\"summary_label\">Le tirage au sort des \u00e9liminatoires de la Coupe du monde de la FIFA 2026\/Zone Afrique a \u00e9t\u00e9 effectu\u00e9, ce jeudi \u00e0 Abidjan (C\u00f4te d&rsquo;Ivoire). Les Lions du S\u00e9n\u00e9gal logent dans le groupe B.<\/h2>\n<\/blockquote>\n<div id=\"printable\" class=\"text_body\">\n<p>C&rsquo;est ce qu&rsquo;on appelle un groupe jouable pour les champions d&rsquo;Afrique. A l&rsquo;occasion des qualifications \u00e0 la Coupe du monde 2026, le S\u00e9n\u00e9gal affronter la RD Congo, la Mauritanie, le Togo, le Soudan et le Soudan du Sud. Hormis les Congolais consid\u00e9r\u00e9s comme ceux qui peuvent v\u00e9ritablement inqui\u00e9ter les partenaires de Sadio Man\u00e9, les autres sont \u00e0 leur port\u00e9e. Si le Togo avait priv\u00e9 le S\u00e9n\u00e9gal de la Coupe du monde 2006 en l&rsquo;\u00e9liminant \u00e0 Dakar, ses retrouvailles avec les Lions sont tr\u00e8s attendues. Entre temps, les Lions ont beaucoup chang\u00e9 de visage en dominant le football africain contrairement aux Eperviers qui peinent \u00e0 retrouver leur niveau avec une absence au dernier mondial et \u00e0 la CAN au Cameroun.<\/p>\n<p>Un autre adversaire ouest-africain croisera la route des S\u00e9n\u00e9galais. Il s&rsquo;agit de la Mauritanie qui est en train de monter en puissance avec notamment sa participation \u00e0 la derni\u00e8re CAN. Ce derby sera \u00e9galement tr\u00e8s attendu.<\/p>\n<p>Le S\u00e9n\u00e9gal affrontera lors de ces \u00e9liminatoires le Soudan et le Soudan du Sud deux \u00e9quipes consid\u00e9r\u00e9es comme les plus faibles du groupe B.<\/p>\n<p>A noter que les \u00e9liminatoires d\u00e9buteront au mois de novembre 2023.<\/p>\n<p>La prochaine Coupe du monde se d\u00e9roulera aux Etats-Unis, au Canada et au Mexique.<\/p>\n<p><strong>Le tirage au sort complet :\u00a0<\/strong><\/p>\n<p><img loading=\"lazy\" decoding=\"async\" class=\"alignnone size-full wp-image-25041\" src=\"https:\/\/www.public.sn\/wp-content\/uploads\/2023\/07\/whatsapp-image-2023-07-13-at-16-20-41_6309.jpeg\" alt=\"\" width=\"1024\" height=\"768\" srcset=\"https:\/\/www.public.sn\/wp-content\/uploads\/2023\/07\/whatsapp-image-2023-07-13-at-16-20-41_6309.jpeg 1024w, https:\/\/www.public.sn\/wp-content\/uploads\/2023\/07\/whatsapp-image-2023-07-13-at-16-20-41_6309-600x450.jpeg 600w, https:\/\/www.public.sn\/wp-content\/uploads\/2023\/07\/whatsapp-image-2023-07-13-at-16-20-41_6309-300x225.jpeg 300w, https:\/\/www.public.sn\/wp-content\/uploads\/2023\/07\/whatsapp-image-2023-07-13-at-16-20-41_6309-768x576.jpeg 768w\" sizes=\"(max-width: 1024px) 100vw, 1024px\" \/><\/p>\n<p><strong>NB : le premier au classement final se qualifie directement \u00e0 la Coupe du Monde 2026<\/p>\n<p><\/strong>Les vainqueurs de chaque groupe seront automatiquement qualifi\u00e9s pour la Coupe du Monde de la FIFA 2026 qui se d\u00e9roulera aux Etats-Unis, au Canada et au Mexique.<\/p>\n<p>Les quatre meilleurs deuxi\u00e8mes des groupes joueront dans un tournoi de barrage de la CAF. Le vainqueur du tournoi de barrage de la CAF participera au tournoi de barrage de la FIFA.<\/p>\n<\/div>\n<\/div>\n<\/div>\n<\/div>\n<\/div>\n<div class=\"publi-apres-le-contenu\" style=\"margin-top: 10px;margin-bottom: 10px;margin-left: auto;margin-right: auto;text-align: center;\" id=\"publi-2191956422\"><div class=\"publi-adlabel\">Publicit\u00e9<\/div><script async src=\"\/\/pagead2.googlesyndication.com\/pagead\/js\/adsbygoogle.js?client=ca-pub-4089586018074219\" crossorigin=\"anonymous\"><\/script><ins class=\"adsbygoogle\" style=\"display:block;\" data-ad-client=\"ca-pub-4089586018074219\" \ndata-ad-slot=\"2087940154\" \ndata-ad-format=\"auto\"><\/ins>\n<script> \n(adsbygoogle = window.adsbygoogle || []).push({}); \n<\/script>\n<\/div>","protected":false},"excerpt":{"rendered":"<p>Le parti Pastef a annonc\u00e9 l\u2019investiture de leur candidat Ousmane Sonko ce samedi 15 juillet prochain. Le gouverneur de Dakar, par le biais d\u2019un communiqu\u00e9, informe que\u00a0ce rassemblement est interdit . Dans un communiqu\u00e9 parcouru par iGFM, le gouverneur de Dakar soutient que le rassemblement du parti Pastef-les patriotes \u00a0pour l\u2019investiture de leur candidat, est interdit. Ses motifs : \u00abr\u00e9els risques de troubles \u00e0 l&rsquo;ordre public\u00bb. L\u2019autorit\u00e9 souligne que des acteurs de ce rassemblement \u00a0ont \u2018\u2019 \u00e9galement introduit des d\u00e9clarations de rassemblements par endroits\u2019\u2019. Il ajoute que : \u00ab les autorit\u00e9s administratives concern\u00e9es, ont, conform\u00e9ment \u00e0 la loi, interdit les rassemblements en question ainsi que ceux pr\u00e9vus par les entit\u00e9s adverses, et, instruit les Forces de D\u00e9fense et de S\u00e9curit\u00e9 \u00e0 prendre les dispositions n\u00e9cessaires pour maintenir l&rsquo;ordre, et pr\u00e9server la paix et la qui\u00e9tude\u00bb. L\u2019Etat interdit, le Pastef persiste \u00a0: \u00abNul ne peut emp\u00eacher l\u2019investiture du pr\u00e9sident Ousmane Sonko et sa participation \u00e0 l\u2019\u00e9lection pr\u00e9sidentielle du 25 f\u00e9vrier 2024\u00bb Le Pastef d\u00e9fie l\u2019autorit\u00e9. Le Bureau politique, \u00e0 travers un communiqu\u00e9, re\u00e7u ce jeudi 13 juillet, a fait savoir que leurs membres vont changer de strat\u00e9gie afin d\u2019atteindre leurs objectifs que sont l\u2019investiture de leur candidat et sa participation au scrutin pr\u00e9sidentiel. \u00abPastef-Les Patriotes, compte poursuivre avec le candidat Ousmane Sonko, et le soutien populaire ind\u00e9fectible des S\u00e9n\u00e9galais, sa marche in\u00e9luctable vers la victoire. Nul ne peut emp\u00eacher l\u2019investiture du pr\u00e9sident Ousmane Sonko ainsi que sa participation \u00e0 l\u2019\u00e9lection pr\u00e9sidentielle du 25 f\u00e9vrier 2024 \u00bb, a-t-il pr\u00e9cis\u00e9. Par la m\u00eame occasion, rendez-vous est donn\u00e9 \u00ab \u00e0 l\u2019opinion nationale et internationale ce vendredi 14 juillet pour une importante d\u00e9claration du candidat de PASTEF, Ousmane Sonko \u00bb, pr\u00e9cise seneweb. Apr\u00e8s l\u2019interdiction du Giga Meeting d\u2019investiture de Ousmane Sonko par le gouverneur de Dakar, les r\u00e9actions fusent dans son entourage. Le Gouverneur de Dakar a interdit la c\u00e9r\u00e9monie d&rsquo;investiture de Ousmane Sonko. Dans son communiqu\u00e9 de presse, Al Hassan Sall \u00e9voque de \u00abr\u00e9els risques de troubles \u00e0 l&rsquo;ordre public\u00bb. Un argument qui ne passe pas du c\u00f4t\u00e9 de Pastef. \u00abLe stade est un lieu ferm\u00e9. Nous avons convi\u00e9 le peuple \u00e0 une investiture et non \u00e0 des manifestations\u00bb, peste \u00a0le secr\u00e9taire national en charge de la communication de Pastef. Pour El Malick Ndiaye, si aucun parti n\u2019a plus le droit d\u2019investir son candidat dans ce pays, \u00abil faut le notifier clairement\u00bb. Cheikh Tidiane Dieye, leader de \u00abAvenir S\u00e9n\u00e9gal bi nu beug\u00bb, tr\u00e8s proche du leader de Pastef, a aussi d\u00e9nonc\u00e9 l\u2019interdiction. Pour lui, le stade Amadou Barry n\u2019est pas un espace ouvert o\u00f9 on peut troubler l\u2019ordre public. Et donc, le Gouverneur de Dakar devrait plut\u00f4t prendre les mesures n\u00e9cessaires pour s\u00e9curiser cet \u00e9v\u00e9nement. \u00abLa d\u00e9mocratie et l\u2019Etat de droit doivent \u00eatre pr\u00e9serv\u00e9s \u00e0 tout prix\u00bb, mart\u00e8le-t-il. Apr\u00e8s l\u2019interdiction de la c\u00e9r\u00e9monie d\u2019investiture de Ousmane Sonko, Pastef vient de r\u00e9agir. Le parti a fait aussi une annonce. Ce jeudi, le gouverneur de Dakar a annonc\u00e9 l\u2019interdiction du meeting d\u2019investiture de Ousmane Sonko. Les manifestations projet\u00e9es par Pastef durant le week-end sont, aussi, toutes interdites. Pour Pastef, il s\u2019agit l\u00e0 d\u2019un acte informel du gouverneur, qui ne visait qu&rsquo;\u00e0 \u00abemp\u00eacher la tenue du giga-meeting d&rsquo;investiture du candidat Ousmane Sonko\u00bb. \u00abCette interdiction ill\u00e9gale d&rsquo;une op\u00e9ration d&rsquo;investiture d&rsquo;un candidat r\u00e9guli\u00e8rement investi par un parti l\u00e9galement constitu\u00e9 dans un lieu ferm\u00e9 a \u00e9t\u00e9 ensuite act\u00e9e par un arr\u00eat\u00e9 du pr\u00e9fet de Gu\u00e9diawaye ce 13 Juillet 2023\u00bb, d\u00e9clare Pastef dans son communiqu\u00e9 de presse parcouru par iGFM. La formation politique \u00a0pr\u00e9cise cependant, que \u00abnul ne peut emp\u00eacher l&rsquo;investiture du Pr\u00e9sident Ousmane Sonko ainsi que sa participation \u00e0 l&rsquo;\u00e9lection pr\u00e9sidentielle du 25 f\u00e9vrier 2024.\u00bb Et Pastef annonce m\u00eame une d\u00e9claration de son candidat. Elle est pr\u00e9vue pour ce vendredi. Le gouvernement travaille au rapatriement de 276 S\u00e9n\u00e9galais plac\u00e9s dans un centre de r\u00e9tention \u00e0 Dahla, au Maroc, a r\u00e9v\u00e9l\u00e9 jeudi le ministre de l\u2019Int\u00e9rieur, Antoine Felix Abdoulaye Diome. Il a fait cette annonce lors d\u2019un d\u00e9placement ce matin \u00e0 Saint-Louis, o\u00f9 il est venu rendre visite aux rescap\u00e9s du chavirement d\u2019une pirogue transportant des migrants. Cette embarcation a sombr\u00e9 dans la nuit de mercredi, causant la mort de huit personnes. L\u2019embarcation transportait une soixantaine de personnes lorsqu\u2019elle a chavir\u00e9, mercredi, aux environs de 5 heures du matin, \u00e0 hauteur de l\u2019embouchure du fleuve S\u00e9n\u00e9gal (nord). Lors de son d\u00e9placement dans l\u2019ancienne capitale du S\u00e9n\u00e9gal, le ministre de l\u2019Int\u00e9rieur a d\u00e9menti l\u2019information selon laquelle 300 migrants \u00e0 bord d\u2019embarcations parties du S\u00e9n\u00e9gal auraient p\u00e9ri en mer. &nbsp; Le ministre assure que les migrants en question se portent plut\u00f4t bien. Il a invit\u00e9 \u00e0 cette occasion \u2018\u2019ceux qui font certaines d\u00e9clarations ou donnent des informations concernant ces S\u00e9n\u00e9galais \u00e0 faire attention\u2019\u2019. &nbsp; Il estime que certaines informations peuvent cr\u00e9er la panique et une tr\u00e8s grande \u00e9motion aupr\u00e8s des parents des personnes concern\u00e9es. &nbsp; Il a rappel\u00e9 que les ONG et l\u2019Etat ont les m\u00eames objectifs dans le domaine de la migration clandestine. &nbsp; Le tirage au sort des \u00e9liminatoires de la Coupe du monde de la FIFA 2026\/Zone Afrique a \u00e9t\u00e9 effectu\u00e9, ce jeudi \u00e0 Abidjan (C\u00f4te d&rsquo;Ivoire). Les Lions du S\u00e9n\u00e9gal logent dans le groupe B. C&rsquo;est ce qu&rsquo;on appelle un groupe jouable pour les champions d&rsquo;Afrique. A l&rsquo;occasion des qualifications \u00e0 la Coupe du monde 2026, le S\u00e9n\u00e9gal affronter la RD Congo, la Mauritanie, le Togo, le Soudan et le Soudan du Sud. Hormis les Congolais consid\u00e9r\u00e9s comme ceux qui peuvent v\u00e9ritablement inqui\u00e9ter les partenaires de Sadio Man\u00e9, les autres sont \u00e0 leur port\u00e9e. Si le Togo avait priv\u00e9 le S\u00e9n\u00e9gal de la Coupe du monde 2006 en l&rsquo;\u00e9liminant \u00e0 Dakar, ses retrouvailles avec les Lions sont tr\u00e8s attendues. Entre temps, les Lions ont beaucoup chang\u00e9 de visage en dominant le football africain contrairement aux Eperviers qui peinent \u00e0 retrouver leur niveau avec une absence au dernier mondial et \u00e0 la CAN au Cameroun. Un autre adversaire ouest-africain croisera la route des S\u00e9n\u00e9galais. Il s&rsquo;agit de la Mauritanie qui est en train de monter en puissance avec notamment sa participation \u00e0 la derni\u00e8re CAN. Ce derby sera \u00e9galement<\/p>\n","protected":false},"author":7,"featured_media":25037,"comment_status":"open","ping_status":"open","sticky":false,"template":"","format":"standard","meta":{"_jetpack_memberships_contains_paid_content":false,"footnotes":""},"categories":[375,3,8,844,372],"tags":[],"class_list":["post-25034","post","type-post","status-publish","format-standard","has-post-thumbnail","hentry","category-actualites","category-politique","category-public-tv","category-revue-de-presse","category-vedette","entry","has-media","owp-thumbs-layout-horizontal","owp-btn-normal","owp-tabs-layout-horizontal","has-no-thumbnails","has-product-nav"],"yoast_head":"<!-- This site is optimized with the Yoast SEO plugin v25.5 - https:\/\/yoast.com\/wordpress\/plugins\/seo\/ -->\n<title>PUBLIC MATIN-FLASH INFO,CE VENDREDI 14 JUILLET 2023 - LE PUBLIC<\/title>\n<meta name=\"robots\" content=\"index, follow, max-snippet:-1, max-image-preview:large, max-video-preview:-1\" \/>\n<link rel=\"canonical\" href=\"https:\/\/www.public.sn\/index.php\/2023\/07\/14\/public-matin-flash-infoce-vendredi-14-juillet-2023\/\" \/>\n<meta property=\"og:locale\" content=\"fr_FR\" \/>\n<meta property=\"og:type\" content=\"article\" \/>\n<meta property=\"og:title\" content=\"PUBLIC MATIN-FLASH INFO,CE VENDREDI 14 JUILLET 2023 - LE PUBLIC\" \/>\n<meta property=\"og:description\" content=\"Le parti Pastef a annonc\u00e9 l\u2019investiture de leur candidat Ousmane Sonko ce samedi 15 juillet prochain. Le gouverneur de Dakar, par le biais d\u2019un communiqu\u00e9, informe que\u00a0ce rassemblement est interdit . Dans un communiqu\u00e9 parcouru par iGFM, le gouverneur de Dakar soutient que le rassemblement du parti Pastef-les patriotes \u00a0pour l\u2019investiture de leur candidat, est interdit. Ses motifs : \u00abr\u00e9els risques de troubles \u00e0 l&rsquo;ordre public\u00bb. L\u2019autorit\u00e9 souligne que des acteurs de ce rassemblement \u00a0ont \u2018\u2019 \u00e9galement introduit des d\u00e9clarations de rassemblements par endroits\u2019\u2019. Il ajoute que : \u00ab les autorit\u00e9s administratives concern\u00e9es, ont, conform\u00e9ment \u00e0 la loi, interdit les rassemblements en question ainsi que ceux pr\u00e9vus par les entit\u00e9s adverses, et, instruit les Forces de D\u00e9fense et de S\u00e9curit\u00e9 \u00e0 prendre les dispositions n\u00e9cessaires pour maintenir l&rsquo;ordre, et pr\u00e9server la paix et la qui\u00e9tude\u00bb. L\u2019Etat interdit, le Pastef persiste \u00a0: \u00abNul ne peut emp\u00eacher l\u2019investiture du pr\u00e9sident Ousmane Sonko et sa participation \u00e0 l\u2019\u00e9lection pr\u00e9sidentielle du 25 f\u00e9vrier 2024\u00bb Le Pastef d\u00e9fie l\u2019autorit\u00e9. Le Bureau politique, \u00e0 travers un communiqu\u00e9, re\u00e7u ce jeudi 13 juillet, a fait savoir que leurs membres vont changer de strat\u00e9gie afin d\u2019atteindre leurs objectifs que sont l\u2019investiture de leur candidat et sa participation au scrutin pr\u00e9sidentiel. \u00abPastef-Les Patriotes, compte poursuivre avec le candidat Ousmane Sonko, et le soutien populaire ind\u00e9fectible des S\u00e9n\u00e9galais, sa marche in\u00e9luctable vers la victoire. Nul ne peut emp\u00eacher l\u2019investiture du pr\u00e9sident Ousmane Sonko ainsi que sa participation \u00e0 l\u2019\u00e9lection pr\u00e9sidentielle du 25 f\u00e9vrier 2024 \u00bb, a-t-il pr\u00e9cis\u00e9. Par la m\u00eame occasion, rendez-vous est donn\u00e9 \u00ab \u00e0 l\u2019opinion nationale et internationale ce vendredi 14 juillet pour une importante d\u00e9claration du candidat de PASTEF, Ousmane Sonko \u00bb, pr\u00e9cise seneweb. Apr\u00e8s l\u2019interdiction du Giga Meeting d\u2019investiture de Ousmane Sonko par le gouverneur de Dakar, les r\u00e9actions fusent dans son entourage. Le Gouverneur de Dakar a interdit la c\u00e9r\u00e9monie d&rsquo;investiture de Ousmane Sonko. Dans son communiqu\u00e9 de presse, Al Hassan Sall \u00e9voque de \u00abr\u00e9els risques de troubles \u00e0 l&rsquo;ordre public\u00bb. Un argument qui ne passe pas du c\u00f4t\u00e9 de Pastef. \u00abLe stade est un lieu ferm\u00e9. Nous avons convi\u00e9 le peuple \u00e0 une investiture et non \u00e0 des manifestations\u00bb, peste \u00a0le secr\u00e9taire national en charge de la communication de Pastef. Pour El Malick Ndiaye, si aucun parti n\u2019a plus le droit d\u2019investir son candidat dans ce pays, \u00abil faut le notifier clairement\u00bb. Cheikh Tidiane Dieye, leader de \u00abAvenir S\u00e9n\u00e9gal bi nu beug\u00bb, tr\u00e8s proche du leader de Pastef, a aussi d\u00e9nonc\u00e9 l\u2019interdiction. Pour lui, le stade Amadou Barry n\u2019est pas un espace ouvert o\u00f9 on peut troubler l\u2019ordre public. Et donc, le Gouverneur de Dakar devrait plut\u00f4t prendre les mesures n\u00e9cessaires pour s\u00e9curiser cet \u00e9v\u00e9nement. \u00abLa d\u00e9mocratie et l\u2019Etat de droit doivent \u00eatre pr\u00e9serv\u00e9s \u00e0 tout prix\u00bb, mart\u00e8le-t-il. Apr\u00e8s l\u2019interdiction de la c\u00e9r\u00e9monie d\u2019investiture de Ousmane Sonko, Pastef vient de r\u00e9agir. Le parti a fait aussi une annonce. Ce jeudi, le gouverneur de Dakar a annonc\u00e9 l\u2019interdiction du meeting d\u2019investiture de Ousmane Sonko. Les manifestations projet\u00e9es par Pastef durant le week-end sont, aussi, toutes interdites. Pour Pastef, il s\u2019agit l\u00e0 d\u2019un acte informel du gouverneur, qui ne visait qu&rsquo;\u00e0 \u00abemp\u00eacher la tenue du giga-meeting d&rsquo;investiture du candidat Ousmane Sonko\u00bb. \u00abCette interdiction ill\u00e9gale d&rsquo;une op\u00e9ration d&rsquo;investiture d&rsquo;un candidat r\u00e9guli\u00e8rement investi par un parti l\u00e9galement constitu\u00e9 dans un lieu ferm\u00e9 a \u00e9t\u00e9 ensuite act\u00e9e par un arr\u00eat\u00e9 du pr\u00e9fet de Gu\u00e9diawaye ce 13 Juillet 2023\u00bb, d\u00e9clare Pastef dans son communiqu\u00e9 de presse parcouru par iGFM. La formation politique \u00a0pr\u00e9cise cependant, que \u00abnul ne peut emp\u00eacher l&rsquo;investiture du Pr\u00e9sident Ousmane Sonko ainsi que sa participation \u00e0 l&rsquo;\u00e9lection pr\u00e9sidentielle du 25 f\u00e9vrier 2024.\u00bb Et Pastef annonce m\u00eame une d\u00e9claration de son candidat. Elle est pr\u00e9vue pour ce vendredi. Le gouvernement travaille au rapatriement de 276 S\u00e9n\u00e9galais plac\u00e9s dans un centre de r\u00e9tention \u00e0 Dahla, au Maroc, a r\u00e9v\u00e9l\u00e9 jeudi le ministre de l\u2019Int\u00e9rieur, Antoine Felix Abdoulaye Diome. Il a fait cette annonce lors d\u2019un d\u00e9placement ce matin \u00e0 Saint-Louis, o\u00f9 il est venu rendre visite aux rescap\u00e9s du chavirement d\u2019une pirogue transportant des migrants. Cette embarcation a sombr\u00e9 dans la nuit de mercredi, causant la mort de huit personnes. L\u2019embarcation transportait une soixantaine de personnes lorsqu\u2019elle a chavir\u00e9, mercredi, aux environs de 5 heures du matin, \u00e0 hauteur de l\u2019embouchure du fleuve S\u00e9n\u00e9gal (nord). Lors de son d\u00e9placement dans l\u2019ancienne capitale du S\u00e9n\u00e9gal, le ministre de l\u2019Int\u00e9rieur a d\u00e9menti l\u2019information selon laquelle 300 migrants \u00e0 bord d\u2019embarcations parties du S\u00e9n\u00e9gal auraient p\u00e9ri en mer. &nbsp; Le ministre assure que les migrants en question se portent plut\u00f4t bien. Il a invit\u00e9 \u00e0 cette occasion \u2018\u2019ceux qui font certaines d\u00e9clarations ou donnent des informations concernant ces S\u00e9n\u00e9galais \u00e0 faire attention\u2019\u2019. &nbsp; Il estime que certaines informations peuvent cr\u00e9er la panique et une tr\u00e8s grande \u00e9motion aupr\u00e8s des parents des personnes concern\u00e9es. &nbsp; Il a rappel\u00e9 que les ONG et l\u2019Etat ont les m\u00eames objectifs dans le domaine de la migration clandestine. &nbsp; Le tirage au sort des \u00e9liminatoires de la Coupe du monde de la FIFA 2026\/Zone Afrique a \u00e9t\u00e9 effectu\u00e9, ce jeudi \u00e0 Abidjan (C\u00f4te d&rsquo;Ivoire). Les Lions du S\u00e9n\u00e9gal logent dans le groupe B. C&rsquo;est ce qu&rsquo;on appelle un groupe jouable pour les champions d&rsquo;Afrique. A l&rsquo;occasion des qualifications \u00e0 la Coupe du monde 2026, le S\u00e9n\u00e9gal affronter la RD Congo, la Mauritanie, le Togo, le Soudan et le Soudan du Sud. Hormis les Congolais consid\u00e9r\u00e9s comme ceux qui peuvent v\u00e9ritablement inqui\u00e9ter les partenaires de Sadio Man\u00e9, les autres sont \u00e0 leur port\u00e9e. Si le Togo avait priv\u00e9 le S\u00e9n\u00e9gal de la Coupe du monde 2006 en l&rsquo;\u00e9liminant \u00e0 Dakar, ses retrouvailles avec les Lions sont tr\u00e8s attendues. Entre temps, les Lions ont beaucoup chang\u00e9 de visage en dominant le football africain contrairement aux Eperviers qui peinent \u00e0 retrouver leur niveau avec une absence au dernier mondial et \u00e0 la CAN au Cameroun. Un autre adversaire ouest-africain croisera la route des S\u00e9n\u00e9galais. Il s&rsquo;agit de la Mauritanie qui est en train de monter en puissance avec notamment sa participation \u00e0 la derni\u00e8re CAN. Ce derby sera \u00e9galement\" \/>\n<meta property=\"og:url\" content=\"https:\/\/www.public.sn\/index.php\/2023\/07\/14\/public-matin-flash-infoce-vendredi-14-juillet-2023\/\" \/>\n<meta property=\"og:site_name\" content=\"LE PUBLIC\" \/>\n<meta property=\"article:published_time\" content=\"2023-07-14T08:38:22+00:00\" \/>\n<meta property=\"og:image\" content=\"https:\/\/www.public.sn\/wp-content\/uploads\/2023\/07\/sonko-copie-4_2106.jpeg\" \/>\n\t<meta property=\"og:image:width\" content=\"1440\" \/>\n\t<meta property=\"og:image:height\" content=\"1011\" \/>\n\t<meta property=\"og:image:type\" content=\"image\/jpeg\" \/>\n<meta name=\"author\" content=\"LA REDACTION\" \/>\n<meta name=\"twitter:card\" content=\"summary_large_image\" \/>\n<meta name=\"twitter:label1\" content=\"\u00c9crit par\" \/>\n\t<meta name=\"twitter:data1\" content=\"LA REDACTION\" \/>\n\t<meta name=\"twitter:label2\" content=\"Dur\u00e9e de lecture estim\u00e9e\" \/>\n\t<meta name=\"twitter:data2\" content=\"7 minutes\" \/>\n<script type=\"application\/ld+json\" class=\"yoast-schema-graph\">{\"@context\":\"https:\/\/schema.org\",\"@graph\":[{\"@type\":\"Article\",\"@id\":\"https:\/\/www.public.sn\/index.php\/2023\/07\/14\/public-matin-flash-infoce-vendredi-14-juillet-2023\/#article\",\"isPartOf\":{\"@id\":\"https:\/\/www.public.sn\/index.php\/2023\/07\/14\/public-matin-flash-infoce-vendredi-14-juillet-2023\/\"},\"author\":{\"name\":\"LA REDACTION\",\"@id\":\"https:\/\/www.public.sn\/#\/schema\/person\/cb76c8e1b8becc6be61fb5e92d6d0224\"},\"headline\":\"PUBLIC MATIN-FLASH INFO,CE VENDREDI 14 JUILLET 2023\",\"datePublished\":\"2023-07-14T08:38:22+00:00\",\"mainEntityOfPage\":{\"@id\":\"https:\/\/www.public.sn\/index.php\/2023\/07\/14\/public-matin-flash-infoce-vendredi-14-juillet-2023\/\"},\"wordCount\":1251,\"commentCount\":0,\"publisher\":{\"@id\":\"https:\/\/www.public.sn\/#organization\"},\"image\":{\"@id\":\"https:\/\/www.public.sn\/index.php\/2023\/07\/14\/public-matin-flash-infoce-vendredi-14-juillet-2023\/#primaryimage\"},\"thumbnailUrl\":\"https:\/\/www.public.sn\/wp-content\/uploads\/2023\/07\/sonko-copie-4_2106.jpeg\",\"articleSection\":[\"ACTUALIT\u00c9S\",\"POLITIQUE\",\"PUBLIC TV\",\"REVUE DE PRESSE\",\"VEDETTE\"],\"inLanguage\":\"fr-FR\",\"potentialAction\":[{\"@type\":\"CommentAction\",\"name\":\"Comment\",\"target\":[\"https:\/\/www.public.sn\/index.php\/2023\/07\/14\/public-matin-flash-infoce-vendredi-14-juillet-2023\/#respond\"]}]},{\"@type\":\"WebPage\",\"@id\":\"https:\/\/www.public.sn\/index.php\/2023\/07\/14\/public-matin-flash-infoce-vendredi-14-juillet-2023\/\",\"url\":\"https:\/\/www.public.sn\/index.php\/2023\/07\/14\/public-matin-flash-infoce-vendredi-14-juillet-2023\/\",\"name\":\"PUBLIC MATIN-FLASH INFO,CE VENDREDI 14 JUILLET 2023 - LE PUBLIC\",\"isPartOf\":{\"@id\":\"https:\/\/www.public.sn\/#website\"},\"primaryImageOfPage\":{\"@id\":\"https:\/\/www.public.sn\/index.php\/2023\/07\/14\/public-matin-flash-infoce-vendredi-14-juillet-2023\/#primaryimage\"},\"image\":{\"@id\":\"https:\/\/www.public.sn\/index.php\/2023\/07\/14\/public-matin-flash-infoce-vendredi-14-juillet-2023\/#primaryimage\"},\"thumbnailUrl\":\"https:\/\/www.public.sn\/wp-content\/uploads\/2023\/07\/sonko-copie-4_2106.jpeg\",\"datePublished\":\"2023-07-14T08:38:22+00:00\",\"breadcrumb\":{\"@id\":\"https:\/\/www.public.sn\/index.php\/2023\/07\/14\/public-matin-flash-infoce-vendredi-14-juillet-2023\/#breadcrumb\"},\"inLanguage\":\"fr-FR\",\"potentialAction\":[{\"@type\":\"ReadAction\",\"target\":[\"https:\/\/www.public.sn\/index.php\/2023\/07\/14\/public-matin-flash-infoce-vendredi-14-juillet-2023\/\"]}]},{\"@type\":\"ImageObject\",\"inLanguage\":\"fr-FR\",\"@id\":\"https:\/\/www.public.sn\/index.php\/2023\/07\/14\/public-matin-flash-infoce-vendredi-14-juillet-2023\/#primaryimage\",\"url\":\"https:\/\/www.public.sn\/wp-content\/uploads\/2023\/07\/sonko-copie-4_2106.jpeg\",\"contentUrl\":\"https:\/\/www.public.sn\/wp-content\/uploads\/2023\/07\/sonko-copie-4_2106.jpeg\",\"width\":1440,\"height\":1011},{\"@type\":\"BreadcrumbList\",\"@id\":\"https:\/\/www.public.sn\/index.php\/2023\/07\/14\/public-matin-flash-infoce-vendredi-14-juillet-2023\/#breadcrumb\",\"itemListElement\":[{\"@type\":\"ListItem\",\"position\":1,\"name\":\"Accueil\",\"item\":\"https:\/\/www.public.sn\/\"},{\"@type\":\"ListItem\",\"position\":2,\"name\":\"PUBLIC MATIN-FLASH INFO,CE VENDREDI 14 JUILLET 2023\"}]},{\"@type\":\"WebSite\",\"@id\":\"https:\/\/www.public.sn\/#website\",\"url\":\"https:\/\/www.public.sn\/\",\"name\":\"LE PUBLIC\",\"description\":\"\",\"publisher\":{\"@id\":\"https:\/\/www.public.sn\/#organization\"},\"potentialAction\":[{\"@type\":\"SearchAction\",\"target\":{\"@type\":\"EntryPoint\",\"urlTemplate\":\"https:\/\/www.public.sn\/?s={search_term_string}\"},\"query-input\":{\"@type\":\"PropertyValueSpecification\",\"valueRequired\":true,\"valueName\":\"search_term_string\"}}],\"inLanguage\":\"fr-FR\"},{\"@type\":\"Organization\",\"@id\":\"https:\/\/www.public.sn\/#organization\",\"name\":\"LE PUBLIC\",\"url\":\"https:\/\/www.public.sn\/\",\"logo\":{\"@type\":\"ImageObject\",\"inLanguage\":\"fr-FR\",\"@id\":\"https:\/\/www.public.sn\/#\/schema\/logo\/image\/\",\"url\":\"https:\/\/www.public.sn\/wp-content\/uploads\/2024\/05\/cropped-LOGO-PUBLIC.SN_.png\",\"contentUrl\":\"https:\/\/www.public.sn\/wp-content\/uploads\/2024\/05\/cropped-LOGO-PUBLIC.SN_.png\",\"width\":682,\"height\":192,\"caption\":\"LE PUBLIC\"},\"image\":{\"@id\":\"https:\/\/www.public.sn\/#\/schema\/logo\/image\/\"}},{\"@type\":\"Person\",\"@id\":\"https:\/\/www.public.sn\/#\/schema\/person\/cb76c8e1b8becc6be61fb5e92d6d0224\",\"name\":\"LA REDACTION\",\"image\":{\"@type\":\"ImageObject\",\"inLanguage\":\"fr-FR\",\"@id\":\"https:\/\/www.public.sn\/#\/schema\/person\/image\/\",\"url\":\"https:\/\/secure.gravatar.com\/avatar\/2dce5ddd34b8fef0180efe03aa2a9bee7d953856048f9a16b298190a3178407c?s=96&d=mm&r=g\",\"contentUrl\":\"https:\/\/secure.gravatar.com\/avatar\/2dce5ddd34b8fef0180efe03aa2a9bee7d953856048f9a16b298190a3178407c?s=96&d=mm&r=g\",\"caption\":\"LA REDACTION\"},\"url\":\"https:\/\/www.public.sn\/index.php\/author\/editeurpsn\/\"}]}<\/script>\n<!-- \/ Yoast SEO plugin. -->","yoast_head_json":{"title":"PUBLIC MATIN-FLASH INFO,CE VENDREDI 14 JUILLET 2023 - LE PUBLIC","robots":{"index":"index","follow":"follow","max-snippet":"max-snippet:-1","max-image-preview":"max-image-preview:large","max-video-preview":"max-video-preview:-1"},"canonical":"https:\/\/www.public.sn\/index.php\/2023\/07\/14\/public-matin-flash-infoce-vendredi-14-juillet-2023\/","og_locale":"fr_FR","og_type":"article","og_title":"PUBLIC MATIN-FLASH INFO,CE VENDREDI 14 JUILLET 2023 - LE PUBLIC","og_description":"Le parti Pastef a annonc\u00e9 l\u2019investiture de leur candidat Ousmane Sonko ce samedi 15 juillet prochain. Le gouverneur de Dakar, par le biais d\u2019un communiqu\u00e9, informe que\u00a0ce rassemblement est interdit . Dans un communiqu\u00e9 parcouru par iGFM, le gouverneur de Dakar soutient que le rassemblement du parti Pastef-les patriotes \u00a0pour l\u2019investiture de leur candidat, est interdit. Ses motifs : \u00abr\u00e9els risques de troubles \u00e0 l&rsquo;ordre public\u00bb. L\u2019autorit\u00e9 souligne que des acteurs de ce rassemblement \u00a0ont \u2018\u2019 \u00e9galement introduit des d\u00e9clarations de rassemblements par endroits\u2019\u2019. Il ajoute que : \u00ab les autorit\u00e9s administratives concern\u00e9es, ont, conform\u00e9ment \u00e0 la loi, interdit les rassemblements en question ainsi que ceux pr\u00e9vus par les entit\u00e9s adverses, et, instruit les Forces de D\u00e9fense et de S\u00e9curit\u00e9 \u00e0 prendre les dispositions n\u00e9cessaires pour maintenir l&rsquo;ordre, et pr\u00e9server la paix et la qui\u00e9tude\u00bb. L\u2019Etat interdit, le Pastef persiste \u00a0: \u00abNul ne peut emp\u00eacher l\u2019investiture du pr\u00e9sident Ousmane Sonko et sa participation \u00e0 l\u2019\u00e9lection pr\u00e9sidentielle du 25 f\u00e9vrier 2024\u00bb Le Pastef d\u00e9fie l\u2019autorit\u00e9. Le Bureau politique, \u00e0 travers un communiqu\u00e9, re\u00e7u ce jeudi 13 juillet, a fait savoir que leurs membres vont changer de strat\u00e9gie afin d\u2019atteindre leurs objectifs que sont l\u2019investiture de leur candidat et sa participation au scrutin pr\u00e9sidentiel. \u00abPastef-Les Patriotes, compte poursuivre avec le candidat Ousmane Sonko, et le soutien populaire ind\u00e9fectible des S\u00e9n\u00e9galais, sa marche in\u00e9luctable vers la victoire. Nul ne peut emp\u00eacher l\u2019investiture du pr\u00e9sident Ousmane Sonko ainsi que sa participation \u00e0 l\u2019\u00e9lection pr\u00e9sidentielle du 25 f\u00e9vrier 2024 \u00bb, a-t-il pr\u00e9cis\u00e9. Par la m\u00eame occasion, rendez-vous est donn\u00e9 \u00ab \u00e0 l\u2019opinion nationale et internationale ce vendredi 14 juillet pour une importante d\u00e9claration du candidat de PASTEF, Ousmane Sonko \u00bb, pr\u00e9cise seneweb. Apr\u00e8s l\u2019interdiction du Giga Meeting d\u2019investiture de Ousmane Sonko par le gouverneur de Dakar, les r\u00e9actions fusent dans son entourage. Le Gouverneur de Dakar a interdit la c\u00e9r\u00e9monie d&rsquo;investiture de Ousmane Sonko. Dans son communiqu\u00e9 de presse, Al Hassan Sall \u00e9voque de \u00abr\u00e9els risques de troubles \u00e0 l&rsquo;ordre public\u00bb. Un argument qui ne passe pas du c\u00f4t\u00e9 de Pastef. \u00abLe stade est un lieu ferm\u00e9. Nous avons convi\u00e9 le peuple \u00e0 une investiture et non \u00e0 des manifestations\u00bb, peste \u00a0le secr\u00e9taire national en charge de la communication de Pastef. Pour El Malick Ndiaye, si aucun parti n\u2019a plus le droit d\u2019investir son candidat dans ce pays, \u00abil faut le notifier clairement\u00bb. Cheikh Tidiane Dieye, leader de \u00abAvenir S\u00e9n\u00e9gal bi nu beug\u00bb, tr\u00e8s proche du leader de Pastef, a aussi d\u00e9nonc\u00e9 l\u2019interdiction. Pour lui, le stade Amadou Barry n\u2019est pas un espace ouvert o\u00f9 on peut troubler l\u2019ordre public. Et donc, le Gouverneur de Dakar devrait plut\u00f4t prendre les mesures n\u00e9cessaires pour s\u00e9curiser cet \u00e9v\u00e9nement. \u00abLa d\u00e9mocratie et l\u2019Etat de droit doivent \u00eatre pr\u00e9serv\u00e9s \u00e0 tout prix\u00bb, mart\u00e8le-t-il. Apr\u00e8s l\u2019interdiction de la c\u00e9r\u00e9monie d\u2019investiture de Ousmane Sonko, Pastef vient de r\u00e9agir. Le parti a fait aussi une annonce. Ce jeudi, le gouverneur de Dakar a annonc\u00e9 l\u2019interdiction du meeting d\u2019investiture de Ousmane Sonko. Les manifestations projet\u00e9es par Pastef durant le week-end sont, aussi, toutes interdites. Pour Pastef, il s\u2019agit l\u00e0 d\u2019un acte informel du gouverneur, qui ne visait qu&rsquo;\u00e0 \u00abemp\u00eacher la tenue du giga-meeting d&rsquo;investiture du candidat Ousmane Sonko\u00bb. \u00abCette interdiction ill\u00e9gale d&rsquo;une op\u00e9ration d&rsquo;investiture d&rsquo;un candidat r\u00e9guli\u00e8rement investi par un parti l\u00e9galement constitu\u00e9 dans un lieu ferm\u00e9 a \u00e9t\u00e9 ensuite act\u00e9e par un arr\u00eat\u00e9 du pr\u00e9fet de Gu\u00e9diawaye ce 13 Juillet 2023\u00bb, d\u00e9clare Pastef dans son communiqu\u00e9 de presse parcouru par iGFM. La formation politique \u00a0pr\u00e9cise cependant, que \u00abnul ne peut emp\u00eacher l&rsquo;investiture du Pr\u00e9sident Ousmane Sonko ainsi que sa participation \u00e0 l&rsquo;\u00e9lection pr\u00e9sidentielle du 25 f\u00e9vrier 2024.\u00bb Et Pastef annonce m\u00eame une d\u00e9claration de son candidat. Elle est pr\u00e9vue pour ce vendredi. Le gouvernement travaille au rapatriement de 276 S\u00e9n\u00e9galais plac\u00e9s dans un centre de r\u00e9tention \u00e0 Dahla, au Maroc, a r\u00e9v\u00e9l\u00e9 jeudi le ministre de l\u2019Int\u00e9rieur, Antoine Felix Abdoulaye Diome. Il a fait cette annonce lors d\u2019un d\u00e9placement ce matin \u00e0 Saint-Louis, o\u00f9 il est venu rendre visite aux rescap\u00e9s du chavirement d\u2019une pirogue transportant des migrants. Cette embarcation a sombr\u00e9 dans la nuit de mercredi, causant la mort de huit personnes. L\u2019embarcation transportait une soixantaine de personnes lorsqu\u2019elle a chavir\u00e9, mercredi, aux environs de 5 heures du matin, \u00e0 hauteur de l\u2019embouchure du fleuve S\u00e9n\u00e9gal (nord). Lors de son d\u00e9placement dans l\u2019ancienne capitale du S\u00e9n\u00e9gal, le ministre de l\u2019Int\u00e9rieur a d\u00e9menti l\u2019information selon laquelle 300 migrants \u00e0 bord d\u2019embarcations parties du S\u00e9n\u00e9gal auraient p\u00e9ri en mer. &nbsp; Le ministre assure que les migrants en question se portent plut\u00f4t bien. Il a invit\u00e9 \u00e0 cette occasion \u2018\u2019ceux qui font certaines d\u00e9clarations ou donnent des informations concernant ces S\u00e9n\u00e9galais \u00e0 faire attention\u2019\u2019. &nbsp; Il estime que certaines informations peuvent cr\u00e9er la panique et une tr\u00e8s grande \u00e9motion aupr\u00e8s des parents des personnes concern\u00e9es. &nbsp; Il a rappel\u00e9 que les ONG et l\u2019Etat ont les m\u00eames objectifs dans le domaine de la migration clandestine. &nbsp; Le tirage au sort des \u00e9liminatoires de la Coupe du monde de la FIFA 2026\/Zone Afrique a \u00e9t\u00e9 effectu\u00e9, ce jeudi \u00e0 Abidjan (C\u00f4te d&rsquo;Ivoire). Les Lions du S\u00e9n\u00e9gal logent dans le groupe B. C&rsquo;est ce qu&rsquo;on appelle un groupe jouable pour les champions d&rsquo;Afrique. A l&rsquo;occasion des qualifications \u00e0 la Coupe du monde 2026, le S\u00e9n\u00e9gal affronter la RD Congo, la Mauritanie, le Togo, le Soudan et le Soudan du Sud. Hormis les Congolais consid\u00e9r\u00e9s comme ceux qui peuvent v\u00e9ritablement inqui\u00e9ter les partenaires de Sadio Man\u00e9, les autres sont \u00e0 leur port\u00e9e. Si le Togo avait priv\u00e9 le S\u00e9n\u00e9gal de la Coupe du monde 2006 en l&rsquo;\u00e9liminant \u00e0 Dakar, ses retrouvailles avec les Lions sont tr\u00e8s attendues. Entre temps, les Lions ont beaucoup chang\u00e9 de visage en dominant le football africain contrairement aux Eperviers qui peinent \u00e0 retrouver leur niveau avec une absence au dernier mondial et \u00e0 la CAN au Cameroun. Un autre adversaire ouest-africain croisera la route des S\u00e9n\u00e9galais. Il s&rsquo;agit de la Mauritanie qui est en train de monter en puissance avec notamment sa participation \u00e0 la derni\u00e8re CAN. Ce derby sera \u00e9galement","og_url":"https:\/\/www.public.sn\/index.php\/2023\/07\/14\/public-matin-flash-infoce-vendredi-14-juillet-2023\/","og_site_name":"LE PUBLIC","article_published_time":"2023-07-14T08:38:22+00:00","og_image":[{"width":1440,"height":1011,"url":"https:\/\/www.public.sn\/wp-content\/uploads\/2023\/07\/sonko-copie-4_2106.jpeg","type":"image\/jpeg"}],"author":"LA REDACTION","twitter_card":"summary_large_image","twitter_misc":{"\u00c9crit par":"LA REDACTION","Dur\u00e9e de lecture estim\u00e9e":"7 minutes"},"schema":{"@context":"https:\/\/schema.org","@graph":[{"@type":"Article","@id":"https:\/\/www.public.sn\/index.php\/2023\/07\/14\/public-matin-flash-infoce-vendredi-14-juillet-2023\/#article","isPartOf":{"@id":"https:\/\/www.public.sn\/index.php\/2023\/07\/14\/public-matin-flash-infoce-vendredi-14-juillet-2023\/"},"author":{"name":"LA REDACTION","@id":"https:\/\/www.public.sn\/#\/schema\/person\/cb76c8e1b8becc6be61fb5e92d6d0224"},"headline":"PUBLIC MATIN-FLASH INFO,CE VENDREDI 14 JUILLET 2023","datePublished":"2023-07-14T08:38:22+00:00","mainEntityOfPage":{"@id":"https:\/\/www.public.sn\/index.php\/2023\/07\/14\/public-matin-flash-infoce-vendredi-14-juillet-2023\/"},"wordCount":1251,"commentCount":0,"publisher":{"@id":"https:\/\/www.public.sn\/#organization"},"image":{"@id":"https:\/\/www.public.sn\/index.php\/2023\/07\/14\/public-matin-flash-infoce-vendredi-14-juillet-2023\/#primaryimage"},"thumbnailUrl":"https:\/\/www.public.sn\/wp-content\/uploads\/2023\/07\/sonko-copie-4_2106.jpeg","articleSection":["ACTUALIT\u00c9S","POLITIQUE","PUBLIC TV","REVUE DE PRESSE","VEDETTE"],"inLanguage":"fr-FR","potentialAction":[{"@type":"CommentAction","name":"Comment","target":["https:\/\/www.public.sn\/index.php\/2023\/07\/14\/public-matin-flash-infoce-vendredi-14-juillet-2023\/#respond"]}]},{"@type":"WebPage","@id":"https:\/\/www.public.sn\/index.php\/2023\/07\/14\/public-matin-flash-infoce-vendredi-14-juillet-2023\/","url":"https:\/\/www.public.sn\/index.php\/2023\/07\/14\/public-matin-flash-infoce-vendredi-14-juillet-2023\/","name":"PUBLIC MATIN-FLASH INFO,CE VENDREDI 14 JUILLET 2023 - LE PUBLIC","isPartOf":{"@id":"https:\/\/www.public.sn\/#website"},"primaryImageOfPage":{"@id":"https:\/\/www.public.sn\/index.php\/2023\/07\/14\/public-matin-flash-infoce-vendredi-14-juillet-2023\/#primaryimage"},"image":{"@id":"https:\/\/www.public.sn\/index.php\/2023\/07\/14\/public-matin-flash-infoce-vendredi-14-juillet-2023\/#primaryimage"},"thumbnailUrl":"https:\/\/www.public.sn\/wp-content\/uploads\/2023\/07\/sonko-copie-4_2106.jpeg","datePublished":"2023-07-14T08:38:22+00:00","breadcrumb":{"@id":"https:\/\/www.public.sn\/index.php\/2023\/07\/14\/public-matin-flash-infoce-vendredi-14-juillet-2023\/#breadcrumb"},"inLanguage":"fr-FR","potentialAction":[{"@type":"ReadAction","target":["https:\/\/www.public.sn\/index.php\/2023\/07\/14\/public-matin-flash-infoce-vendredi-14-juillet-2023\/"]}]},{"@type":"ImageObject","inLanguage":"fr-FR","@id":"https:\/\/www.public.sn\/index.php\/2023\/07\/14\/public-matin-flash-infoce-vendredi-14-juillet-2023\/#primaryimage","url":"https:\/\/www.public.sn\/wp-content\/uploads\/2023\/07\/sonko-copie-4_2106.jpeg","contentUrl":"https:\/\/www.public.sn\/wp-content\/uploads\/2023\/07\/sonko-copie-4_2106.jpeg","width":1440,"height":1011},{"@type":"BreadcrumbList","@id":"https:\/\/www.public.sn\/index.php\/2023\/07\/14\/public-matin-flash-infoce-vendredi-14-juillet-2023\/#breadcrumb","itemListElement":[{"@type":"ListItem","position":1,"name":"Accueil","item":"https:\/\/www.public.sn\/"},{"@type":"ListItem","position":2,"name":"PUBLIC MATIN-FLASH INFO,CE VENDREDI 14 JUILLET 2023"}]},{"@type":"WebSite","@id":"https:\/\/www.public.sn\/#website","url":"https:\/\/www.public.sn\/","name":"LE PUBLIC","description":"","publisher":{"@id":"https:\/\/www.public.sn\/#organization"},"potentialAction":[{"@type":"SearchAction","target":{"@type":"EntryPoint","urlTemplate":"https:\/\/www.public.sn\/?s={search_term_string}"},"query-input":{"@type":"PropertyValueSpecification","valueRequired":true,"valueName":"search_term_string"}}],"inLanguage":"fr-FR"},{"@type":"Organization","@id":"https:\/\/www.public.sn\/#organization","name":"LE PUBLIC","url":"https:\/\/www.public.sn\/","logo":{"@type":"ImageObject","inLanguage":"fr-FR","@id":"https:\/\/www.public.sn\/#\/schema\/logo\/image\/","url":"https:\/\/www.public.sn\/wp-content\/uploads\/2024\/05\/cropped-LOGO-PUBLIC.SN_.png","contentUrl":"https:\/\/www.public.sn\/wp-content\/uploads\/2024\/05\/cropped-LOGO-PUBLIC.SN_.png","width":682,"height":192,"caption":"LE PUBLIC"},"image":{"@id":"https:\/\/www.public.sn\/#\/schema\/logo\/image\/"}},{"@type":"Person","@id":"https:\/\/www.public.sn\/#\/schema\/person\/cb76c8e1b8becc6be61fb5e92d6d0224","name":"LA REDACTION","image":{"@type":"ImageObject","inLanguage":"fr-FR","@id":"https:\/\/www.public.sn\/#\/schema\/person\/image\/","url":"https:\/\/secure.gravatar.com\/avatar\/2dce5ddd34b8fef0180efe03aa2a9bee7d953856048f9a16b298190a3178407c?s=96&d=mm&r=g","contentUrl":"https:\/\/secure.gravatar.com\/avatar\/2dce5ddd34b8fef0180efe03aa2a9bee7d953856048f9a16b298190a3178407c?s=96&d=mm&r=g","caption":"LA REDACTION"},"url":"https:\/\/www.public.sn\/index.php\/author\/editeurpsn\/"}]}},"jetpack_featured_media_url":"https:\/\/www.public.sn\/wp-content\/uploads\/2023\/07\/sonko-copie-4_2106.jpeg","jetpack_sharing_enabled":true,"_links":{"self":[{"href":"https:\/\/www.public.sn\/index.php\/wp-json\/wp\/v2\/posts\/25034","targetHints":{"allow":["GET"]}}],"collection":[{"href":"https:\/\/www.public.sn\/index.php\/wp-json\/wp\/v2\/posts"}],"about":[{"href":"https:\/\/www.public.sn\/index.php\/wp-json\/wp\/v2\/types\/post"}],"author":[{"embeddable":true,"href":"https:\/\/www.public.sn\/index.php\/wp-json\/wp\/v2\/users\/7"}],"replies":[{"embeddable":true,"href":"https:\/\/www.public.sn\/index.php\/wp-json\/wp\/v2\/comments?post=25034"}],"version-history":[{"count":1,"href":"https:\/\/www.public.sn\/index.php\/wp-json\/wp\/v2\/posts\/25034\/revisions"}],"predecessor-version":[{"id":25042,"href":"https:\/\/www.public.sn\/index.php\/wp-json\/wp\/v2\/posts\/25034\/revisions\/25042"}],"wp:featuredmedia":[{"embeddable":true,"href":"https:\/\/www.public.sn\/index.php\/wp-json\/wp\/v2\/media\/25037"}],"wp:attachment":[{"href":"https:\/\/www.public.sn\/index.php\/wp-json\/wp\/v2\/media?parent=25034"}],"wp:term":[{"taxonomy":"category","embeddable":true,"href":"https:\/\/www.public.sn\/index.php\/wp-json\/wp\/v2\/categories?post=25034"},{"taxonomy":"post_tag","embeddable":true,"href":"https:\/\/www.public.sn\/index.php\/wp-json\/wp\/v2\/tags?post=25034"}],"curies":[{"name":"wp","href":"https:\/\/api.w.org\/{rel}","templated":true}]}}