{"id":2511,"date":"2022-09-22T17:38:48","date_gmt":"2022-09-22T17:38:48","guid":{"rendered":"https:\/\/www.public.sn\/?p=2511"},"modified":"2022-09-22T18:10:07","modified_gmt":"2022-09-22T18:10:07","slug":"economie-numerique-yankhoba-diatta-passe-le-relai-a-me-bocar-thiam","status":"publish","type":"post","link":"https:\/\/www.public.sn\/index.php\/2022\/09\/22\/economie-numerique-yankhoba-diatta-passe-le-relai-a-me-bocar-thiam\/","title":{"rendered":"\u00c9conomie Num\u00e9rique: Yankhoba Diatta passe le relai \u00e0 Me Moussa Bocar Thiam."},"content":{"rendered":"\n<p>A la t\u00eate du minist\u00e8re de l\u2019Economie Num\u00e9rique et des T\u00e9l\u00e9communications, depuis novembre 2020, Yankhoba Diatara a pass\u00e9 le t\u00e9moin au nouveau ma\u00eetre des lieux, Me Moussa Bocar Thiam, Agent judicaire de l\u2019Etat.&nbsp;<\/p><div class=\"publi-paragraphe1\" style=\"margin-top: 10px;margin-bottom: 10px;margin-left: auto;margin-right: auto;text-align: center;\" id=\"publi-2413205831\"><div class=\"publi-adlabel\">Publicit\u00e9<\/div><script async src=\"\/\/pagead2.googlesyndication.com\/pagead\/js\/adsbygoogle.js?client=ca-pub-4089586018074219\" crossorigin=\"anonymous\"><\/script><ins class=\"adsbygoogle\" style=\"display:block;\" data-ad-client=\"ca-pub-4089586018074219\" \ndata-ad-slot=\"2087940154\" \ndata-ad-format=\"auto\"><\/ins>\n<script> \n(adsbygoogle = window.adsbygoogle || []).push({}); \n<\/script>\n<\/div>\n\n\n\n<p>Yankhoba Diatara, qui dirige d\u00e9sormais le minist\u00e8re des Sports, s\u2019est r\u00e9joui d\u2019avoir \u00ab&nbsp;b\u00e9n\u00e9fici\u00e9 de la confiance&nbsp;\u00bb du Pr\u00e9sident Macky Sall sur sa personne pour \u00ab&nbsp;diriger aux destin\u00e9es du minist\u00e8re de l\u2019Economie Num\u00e9rique et des T\u00e9l\u00e9communications, et de mettre en \u0153uvre la vision de sa politique pour un S\u00e9n\u00e9gal num\u00e9riquement souverain.&nbsp;\u00bb<\/p>\n\n\n\n<p>Il a \u00e9galement remerci\u00e9 ses anciens collaborateurs \u00e0 qui, il \u00ab&nbsp;avoue ici que cette mission ne saurait \u00eatre exaltante&nbsp;\u00bb sans eux. Suffisant pour lui, de les \u00ab confier&nbsp;\u00bb au nouveau parton. Parce que, a-t-il assur\u00e9 \u00e0 son successeur, avec cette \u00e9quipe, \u00ab&nbsp;vous atteindrez les objectifs fix\u00e9s dans la Strat\u00e9gie S\u00e9n\u00e9gal Num\u00e9rique 2025 ou SN2025 qui ambitionne d\u2019avoir \u00ab le num\u00e9rique pour tous et pour tous les usages \u00e0 l\u2019horizon 2025 \u00bb.<\/p>\n\n\n\n<p>Monsieur Yankhoba Diatara n\u2019a \u00e9galement pas manqu\u00e9 de souligner&nbsp;\u00ab&nbsp;le caract\u00e8re transversal, dynamique et strat\u00e9gique du num\u00e9rique qui le place depuis quelques ann\u00e9es au centre de toutes les activit\u00e9s humaines. De l\u2019agriculture \u00e0 la sant\u00e9, en passant par le commerce, l\u2019industrie, la justice ou m\u00eame le sport, entre autres, tous ces secteurs n\u00e9cessitent un usage du num\u00e9rique pour une am\u00e9lioration de leurs performances.&nbsp;\u00bb<\/p>\n<div class=\"publi-apres-le-contenu\" style=\"margin-top: 10px;margin-bottom: 10px;margin-left: auto;margin-right: auto;text-align: center;\" id=\"publi-4043930479\"><div class=\"publi-adlabel\">Publicit\u00e9<\/div><script async src=\"\/\/pagead2.googlesyndication.com\/pagead\/js\/adsbygoogle.js?client=ca-pub-4089586018074219\" crossorigin=\"anonymous\"><\/script><ins class=\"adsbygoogle\" style=\"display:block;\" data-ad-client=\"ca-pub-4089586018074219\" \ndata-ad-slot=\"2087940154\" \ndata-ad-format=\"auto\"><\/ins>\n<script> \n(adsbygoogle = window.adsbygoogle || []).push({}); \n<\/script>\n<\/div>","protected":false},"excerpt":{"rendered":"<p>A la t\u00eate du minist\u00e8re de l\u2019Economie Num\u00e9rique et des T\u00e9l\u00e9communications, depuis novembre 2020, Yankhoba Diatara a pass\u00e9 le t\u00e9moin au nouveau ma\u00eetre des lieux, Me Moussa Bocar Thiam, Agent judicaire de l\u2019Etat.&nbsp; Yankhoba Diatara, qui dirige d\u00e9sormais le minist\u00e8re des Sports, s\u2019est r\u00e9joui d\u2019avoir \u00ab&nbsp;b\u00e9n\u00e9fici\u00e9 de la confiance&nbsp;\u00bb du Pr\u00e9sident Macky Sall sur sa personne pour \u00ab&nbsp;diriger aux destin\u00e9es du minist\u00e8re de l\u2019Economie Num\u00e9rique et des T\u00e9l\u00e9communications, et de mettre en \u0153uvre la vision de sa politique pour un S\u00e9n\u00e9gal num\u00e9riquement souverain.&nbsp;\u00bb Il a \u00e9galement remerci\u00e9 ses anciens collaborateurs \u00e0 qui, il \u00ab&nbsp;avoue ici que cette mission ne saurait \u00eatre exaltante&nbsp;\u00bb sans eux. Suffisant pour lui, de les \u00ab confier&nbsp;\u00bb au nouveau parton. Parce que, a-t-il assur\u00e9 \u00e0 son successeur, avec cette \u00e9quipe, \u00ab&nbsp;vous atteindrez les objectifs fix\u00e9s dans la Strat\u00e9gie S\u00e9n\u00e9gal Num\u00e9rique 2025 ou SN2025 qui ambitionne d\u2019avoir \u00ab le num\u00e9rique pour tous et pour tous les usages \u00e0 l\u2019horizon 2025 \u00bb. Monsieur Yankhoba Diatara n\u2019a \u00e9galement pas manqu\u00e9 de souligner&nbsp;\u00ab&nbsp;le caract\u00e8re transversal, dynamique et strat\u00e9gique du num\u00e9rique qui le place depuis quelques ann\u00e9es au centre de toutes les activit\u00e9s humaines. De l\u2019agriculture \u00e0 la sant\u00e9, en passant par le commerce, l\u2019industrie, la justice ou m\u00eame le sport, entre autres, tous ces secteurs n\u00e9cessitent un usage du num\u00e9rique pour une am\u00e9lioration de leurs performances.&nbsp;\u00bb<\/p>\n","protected":false},"author":1,"featured_media":2512,"comment_status":"open","ping_status":"open","sticky":false,"template":"","format":"standard","meta":{"_jetpack_memberships_contains_paid_content":false,"footnotes":""},"categories":[375,3],"tags":[744,912,11,911,910],"class_list":["post-2511","post","type-post","status-publish","format-standard","has-post-thumbnail","hentry","category-actualites","category-politique","tag-amadou-ba","tag-economie-numerique","tag-macky-sall","tag-me-bocar-thiam","tag-yankhobadiattara","entry","has-media","owp-thumbs-layout-horizontal","owp-btn-normal","owp-tabs-layout-horizontal","has-no-thumbnails","has-product-nav"],"yoast_head":"<!-- This site is optimized with the Yoast SEO plugin v25.5 - https:\/\/yoast.com\/wordpress\/plugins\/seo\/ -->\n<title>\u00c9conomie Num\u00e9rique: Yankhoba Diatta passe le relai \u00e0 Me Moussa Bocar Thiam. - LE PUBLIC<\/title>\n<meta name=\"robots\" content=\"index, follow, max-snippet:-1, max-image-preview:large, max-video-preview:-1\" \/>\n<link rel=\"canonical\" href=\"https:\/\/www.public.sn\/index.php\/2022\/09\/22\/economie-numerique-yankhoba-diatta-passe-le-relai-a-me-bocar-thiam\/\" \/>\n<meta property=\"og:locale\" content=\"fr_FR\" \/>\n<meta property=\"og:type\" content=\"article\" \/>\n<meta property=\"og:title\" content=\"\u00c9conomie Num\u00e9rique: Yankhoba Diatta passe le relai \u00e0 Me Moussa Bocar Thiam. - LE PUBLIC\" \/>\n<meta property=\"og:description\" content=\"A la t\u00eate du minist\u00e8re de l\u2019Economie Num\u00e9rique et des T\u00e9l\u00e9communications, depuis novembre 2020, Yankhoba Diatara a pass\u00e9 le t\u00e9moin au nouveau ma\u00eetre des lieux, Me Moussa Bocar Thiam, Agent judicaire de l\u2019Etat.&nbsp; Yankhoba Diatara, qui dirige d\u00e9sormais le minist\u00e8re des Sports, s\u2019est r\u00e9joui d\u2019avoir \u00ab&nbsp;b\u00e9n\u00e9fici\u00e9 de la confiance&nbsp;\u00bb du Pr\u00e9sident Macky Sall sur sa personne pour \u00ab&nbsp;diriger aux destin\u00e9es du minist\u00e8re de l\u2019Economie Num\u00e9rique et des T\u00e9l\u00e9communications, et de mettre en \u0153uvre la vision de sa politique pour un S\u00e9n\u00e9gal num\u00e9riquement souverain.&nbsp;\u00bb Il a \u00e9galement remerci\u00e9 ses anciens collaborateurs \u00e0 qui, il \u00ab&nbsp;avoue ici que cette mission ne saurait \u00eatre exaltante&nbsp;\u00bb sans eux. Suffisant pour lui, de les \u00ab confier&nbsp;\u00bb au nouveau parton. Parce que, a-t-il assur\u00e9 \u00e0 son successeur, avec cette \u00e9quipe, \u00ab&nbsp;vous atteindrez les objectifs fix\u00e9s dans la Strat\u00e9gie S\u00e9n\u00e9gal Num\u00e9rique 2025 ou SN2025 qui ambitionne d\u2019avoir \u00ab le num\u00e9rique pour tous et pour tous les usages \u00e0 l\u2019horizon 2025 \u00bb. Monsieur Yankhoba Diatara n\u2019a \u00e9galement pas manqu\u00e9 de souligner&nbsp;\u00ab&nbsp;le caract\u00e8re transversal, dynamique et strat\u00e9gique du num\u00e9rique qui le place depuis quelques ann\u00e9es au centre de toutes les activit\u00e9s humaines. De l\u2019agriculture \u00e0 la sant\u00e9, en passant par le commerce, l\u2019industrie, la justice ou m\u00eame le sport, entre autres, tous ces secteurs n\u00e9cessitent un usage du num\u00e9rique pour une am\u00e9lioration de leurs performances.&nbsp;\u00bb\" \/>\n<meta property=\"og:url\" content=\"https:\/\/www.public.sn\/index.php\/2022\/09\/22\/economie-numerique-yankhoba-diatta-passe-le-relai-a-me-bocar-thiam\/\" \/>\n<meta property=\"og:site_name\" content=\"LE PUBLIC\" \/>\n<meta property=\"article:published_time\" content=\"2022-09-22T17:38:48+00:00\" \/>\n<meta property=\"article:modified_time\" content=\"2022-09-22T18:10:07+00:00\" \/>\n<meta property=\"og:image\" content=\"https:\/\/www.public.sn\/wp-content\/uploads\/2022\/09\/64779E6C-10BF-430F-8E2D-FE69836592E3.webp\" \/>\n\t<meta property=\"og:image:width\" content=\"1392\" \/>\n\t<meta property=\"og:image:height\" content=\"626\" \/>\n\t<meta property=\"og:image:type\" content=\"image\/webp\" \/>\n<meta name=\"author\" content=\"LA REDACTION\" \/>\n<meta name=\"twitter:card\" content=\"summary_large_image\" \/>\n<meta name=\"twitter:label1\" content=\"\u00c9crit par\" \/>\n\t<meta name=\"twitter:data1\" content=\"LA REDACTION\" \/>\n\t<meta name=\"twitter:label2\" content=\"Dur\u00e9e de lecture estim\u00e9e\" \/>\n\t<meta name=\"twitter:data2\" content=\"2 minutes\" \/>\n<script type=\"application\/ld+json\" class=\"yoast-schema-graph\">{\"@context\":\"https:\/\/schema.org\",\"@graph\":[{\"@type\":\"Article\",\"@id\":\"https:\/\/www.public.sn\/index.php\/2022\/09\/22\/economie-numerique-yankhoba-diatta-passe-le-relai-a-me-bocar-thiam\/#article\",\"isPartOf\":{\"@id\":\"https:\/\/www.public.sn\/index.php\/2022\/09\/22\/economie-numerique-yankhoba-diatta-passe-le-relai-a-me-bocar-thiam\/\"},\"author\":{\"name\":\"LA REDACTION\",\"@id\":\"https:\/\/www.public.sn\/#\/schema\/person\/e3f4a11b037d4203902db148f9bc8d5a\"},\"headline\":\"\u00c9conomie Num\u00e9rique: Yankhoba Diatta passe le relai \u00e0 Me Moussa Bocar Thiam.\",\"datePublished\":\"2022-09-22T17:38:48+00:00\",\"dateModified\":\"2022-09-22T18:10:07+00:00\",\"mainEntityOfPage\":{\"@id\":\"https:\/\/www.public.sn\/index.php\/2022\/09\/22\/economie-numerique-yankhoba-diatta-passe-le-relai-a-me-bocar-thiam\/\"},\"wordCount\":277,\"commentCount\":0,\"publisher\":{\"@id\":\"https:\/\/www.public.sn\/#organization\"},\"image\":{\"@id\":\"https:\/\/www.public.sn\/index.php\/2022\/09\/22\/economie-numerique-yankhoba-diatta-passe-le-relai-a-me-bocar-thiam\/#primaryimage\"},\"thumbnailUrl\":\"https:\/\/www.public.sn\/wp-content\/uploads\/2022\/09\/64779E6C-10BF-430F-8E2D-FE69836592E3.webp\",\"keywords\":[\"Amadou Ba\",\"\u00c9conomie Num\u00e9rique\",\"Macky Sall\",\"Me BOCAR Thiam\",\"YankhobaDiattara\"],\"articleSection\":[\"ACTUALIT\u00c9S\",\"POLITIQUE\"],\"inLanguage\":\"fr-FR\",\"potentialAction\":[{\"@type\":\"CommentAction\",\"name\":\"Comment\",\"target\":[\"https:\/\/www.public.sn\/index.php\/2022\/09\/22\/economie-numerique-yankhoba-diatta-passe-le-relai-a-me-bocar-thiam\/#respond\"]}]},{\"@type\":\"WebPage\",\"@id\":\"https:\/\/www.public.sn\/index.php\/2022\/09\/22\/economie-numerique-yankhoba-diatta-passe-le-relai-a-me-bocar-thiam\/\",\"url\":\"https:\/\/www.public.sn\/index.php\/2022\/09\/22\/economie-numerique-yankhoba-diatta-passe-le-relai-a-me-bocar-thiam\/\",\"name\":\"\u00c9conomie Num\u00e9rique: Yankhoba Diatta passe le relai \u00e0 Me Moussa Bocar Thiam. - LE PUBLIC\",\"isPartOf\":{\"@id\":\"https:\/\/www.public.sn\/#website\"},\"primaryImageOfPage\":{\"@id\":\"https:\/\/www.public.sn\/index.php\/2022\/09\/22\/economie-numerique-yankhoba-diatta-passe-le-relai-a-me-bocar-thiam\/#primaryimage\"},\"image\":{\"@id\":\"https:\/\/www.public.sn\/index.php\/2022\/09\/22\/economie-numerique-yankhoba-diatta-passe-le-relai-a-me-bocar-thiam\/#primaryimage\"},\"thumbnailUrl\":\"https:\/\/www.public.sn\/wp-content\/uploads\/2022\/09\/64779E6C-10BF-430F-8E2D-FE69836592E3.webp\",\"datePublished\":\"2022-09-22T17:38:48+00:00\",\"dateModified\":\"2022-09-22T18:10:07+00:00\",\"breadcrumb\":{\"@id\":\"https:\/\/www.public.sn\/index.php\/2022\/09\/22\/economie-numerique-yankhoba-diatta-passe-le-relai-a-me-bocar-thiam\/#breadcrumb\"},\"inLanguage\":\"fr-FR\",\"potentialAction\":[{\"@type\":\"ReadAction\",\"target\":[\"https:\/\/www.public.sn\/index.php\/2022\/09\/22\/economie-numerique-yankhoba-diatta-passe-le-relai-a-me-bocar-thiam\/\"]}]},{\"@type\":\"ImageObject\",\"inLanguage\":\"fr-FR\",\"@id\":\"https:\/\/www.public.sn\/index.php\/2022\/09\/22\/economie-numerique-yankhoba-diatta-passe-le-relai-a-me-bocar-thiam\/#primaryimage\",\"url\":\"https:\/\/www.public.sn\/wp-content\/uploads\/2022\/09\/64779E6C-10BF-430F-8E2D-FE69836592E3.webp\",\"contentUrl\":\"https:\/\/www.public.sn\/wp-content\/uploads\/2022\/09\/64779E6C-10BF-430F-8E2D-FE69836592E3.webp\",\"width\":1392,\"height\":626},{\"@type\":\"BreadcrumbList\",\"@id\":\"https:\/\/www.public.sn\/index.php\/2022\/09\/22\/economie-numerique-yankhoba-diatta-passe-le-relai-a-me-bocar-thiam\/#breadcrumb\",\"itemListElement\":[{\"@type\":\"ListItem\",\"position\":1,\"name\":\"Accueil\",\"item\":\"https:\/\/www.public.sn\/\"},{\"@type\":\"ListItem\",\"position\":2,\"name\":\"\u00c9conomie Num\u00e9rique: Yankhoba Diatta passe le relai \u00e0 Me Moussa Bocar Thiam.\"}]},{\"@type\":\"WebSite\",\"@id\":\"https:\/\/www.public.sn\/#website\",\"url\":\"https:\/\/www.public.sn\/\",\"name\":\"LE PUBLIC\",\"description\":\"\",\"publisher\":{\"@id\":\"https:\/\/www.public.sn\/#organization\"},\"potentialAction\":[{\"@type\":\"SearchAction\",\"target\":{\"@type\":\"EntryPoint\",\"urlTemplate\":\"https:\/\/www.public.sn\/?s={search_term_string}\"},\"query-input\":{\"@type\":\"PropertyValueSpecification\",\"valueRequired\":true,\"valueName\":\"search_term_string\"}}],\"inLanguage\":\"fr-FR\"},{\"@type\":\"Organization\",\"@id\":\"https:\/\/www.public.sn\/#organization\",\"name\":\"LE PUBLIC\",\"url\":\"https:\/\/www.public.sn\/\",\"logo\":{\"@type\":\"ImageObject\",\"inLanguage\":\"fr-FR\",\"@id\":\"https:\/\/www.public.sn\/#\/schema\/logo\/image\/\",\"url\":\"https:\/\/www.public.sn\/wp-content\/uploads\/2024\/05\/cropped-LOGO-PUBLIC.SN_.png\",\"contentUrl\":\"https:\/\/www.public.sn\/wp-content\/uploads\/2024\/05\/cropped-LOGO-PUBLIC.SN_.png\",\"width\":682,\"height\":192,\"caption\":\"LE PUBLIC\"},\"image\":{\"@id\":\"https:\/\/www.public.sn\/#\/schema\/logo\/image\/\"}},{\"@type\":\"Person\",\"@id\":\"https:\/\/www.public.sn\/#\/schema\/person\/e3f4a11b037d4203902db148f9bc8d5a\",\"name\":\"LA REDACTION\",\"image\":{\"@type\":\"ImageObject\",\"inLanguage\":\"fr-FR\",\"@id\":\"https:\/\/www.public.sn\/#\/schema\/person\/image\/\",\"url\":\"https:\/\/secure.gravatar.com\/avatar\/d6c030db45db2883c075085c5d6c6258654a801a93766b49af0b82d4f454e2a5?s=96&d=mm&r=g\",\"contentUrl\":\"https:\/\/secure.gravatar.com\/avatar\/d6c030db45db2883c075085c5d6c6258654a801a93766b49af0b82d4f454e2a5?s=96&d=mm&r=g\",\"caption\":\"LA REDACTION\"},\"sameAs\":[\"http:\/\/www.public.sn\"],\"url\":\"https:\/\/www.public.sn\/index.php\/author\/admin7324\/\"}]}<\/script>\n<!-- \/ Yoast SEO plugin. -->","yoast_head_json":{"title":"\u00c9conomie Num\u00e9rique: Yankhoba Diatta passe le relai \u00e0 Me Moussa Bocar Thiam. - LE PUBLIC","robots":{"index":"index","follow":"follow","max-snippet":"max-snippet:-1","max-image-preview":"max-image-preview:large","max-video-preview":"max-video-preview:-1"},"canonical":"https:\/\/www.public.sn\/index.php\/2022\/09\/22\/economie-numerique-yankhoba-diatta-passe-le-relai-a-me-bocar-thiam\/","og_locale":"fr_FR","og_type":"article","og_title":"\u00c9conomie Num\u00e9rique: Yankhoba Diatta passe le relai \u00e0 Me Moussa Bocar Thiam. - LE PUBLIC","og_description":"A la t\u00eate du minist\u00e8re de l\u2019Economie Num\u00e9rique et des T\u00e9l\u00e9communications, depuis novembre 2020, Yankhoba Diatara a pass\u00e9 le t\u00e9moin au nouveau ma\u00eetre des lieux, Me Moussa Bocar Thiam, Agent judicaire de l\u2019Etat.&nbsp; Yankhoba Diatara, qui dirige d\u00e9sormais le minist\u00e8re des Sports, s\u2019est r\u00e9joui d\u2019avoir \u00ab&nbsp;b\u00e9n\u00e9fici\u00e9 de la confiance&nbsp;\u00bb du Pr\u00e9sident Macky Sall sur sa personne pour \u00ab&nbsp;diriger aux destin\u00e9es du minist\u00e8re de l\u2019Economie Num\u00e9rique et des T\u00e9l\u00e9communications, et de mettre en \u0153uvre la vision de sa politique pour un S\u00e9n\u00e9gal num\u00e9riquement souverain.&nbsp;\u00bb Il a \u00e9galement remerci\u00e9 ses anciens collaborateurs \u00e0 qui, il \u00ab&nbsp;avoue ici que cette mission ne saurait \u00eatre exaltante&nbsp;\u00bb sans eux. Suffisant pour lui, de les \u00ab confier&nbsp;\u00bb au nouveau parton. Parce que, a-t-il assur\u00e9 \u00e0 son successeur, avec cette \u00e9quipe, \u00ab&nbsp;vous atteindrez les objectifs fix\u00e9s dans la Strat\u00e9gie S\u00e9n\u00e9gal Num\u00e9rique 2025 ou SN2025 qui ambitionne d\u2019avoir \u00ab le num\u00e9rique pour tous et pour tous les usages \u00e0 l\u2019horizon 2025 \u00bb. Monsieur Yankhoba Diatara n\u2019a \u00e9galement pas manqu\u00e9 de souligner&nbsp;\u00ab&nbsp;le caract\u00e8re transversal, dynamique et strat\u00e9gique du num\u00e9rique qui le place depuis quelques ann\u00e9es au centre de toutes les activit\u00e9s humaines. De l\u2019agriculture \u00e0 la sant\u00e9, en passant par le commerce, l\u2019industrie, la justice ou m\u00eame le sport, entre autres, tous ces secteurs n\u00e9cessitent un usage du num\u00e9rique pour une am\u00e9lioration de leurs performances.&nbsp;\u00bb","og_url":"https:\/\/www.public.sn\/index.php\/2022\/09\/22\/economie-numerique-yankhoba-diatta-passe-le-relai-a-me-bocar-thiam\/","og_site_name":"LE PUBLIC","article_published_time":"2022-09-22T17:38:48+00:00","article_modified_time":"2022-09-22T18:10:07+00:00","og_image":[{"width":1392,"height":626,"url":"https:\/\/www.public.sn\/wp-content\/uploads\/2022\/09\/64779E6C-10BF-430F-8E2D-FE69836592E3.webp","type":"image\/webp"}],"author":"LA REDACTION","twitter_card":"summary_large_image","twitter_misc":{"\u00c9crit par":"LA REDACTION","Dur\u00e9e de lecture estim\u00e9e":"2 minutes"},"schema":{"@context":"https:\/\/schema.org","@graph":[{"@type":"Article","@id":"https:\/\/www.public.sn\/index.php\/2022\/09\/22\/economie-numerique-yankhoba-diatta-passe-le-relai-a-me-bocar-thiam\/#article","isPartOf":{"@id":"https:\/\/www.public.sn\/index.php\/2022\/09\/22\/economie-numerique-yankhoba-diatta-passe-le-relai-a-me-bocar-thiam\/"},"author":{"name":"LA REDACTION","@id":"https:\/\/www.public.sn\/#\/schema\/person\/e3f4a11b037d4203902db148f9bc8d5a"},"headline":"\u00c9conomie Num\u00e9rique: Yankhoba Diatta passe le relai \u00e0 Me Moussa Bocar Thiam.","datePublished":"2022-09-22T17:38:48+00:00","dateModified":"2022-09-22T18:10:07+00:00","mainEntityOfPage":{"@id":"https:\/\/www.public.sn\/index.php\/2022\/09\/22\/economie-numerique-yankhoba-diatta-passe-le-relai-a-me-bocar-thiam\/"},"wordCount":277,"commentCount":0,"publisher":{"@id":"https:\/\/www.public.sn\/#organization"},"image":{"@id":"https:\/\/www.public.sn\/index.php\/2022\/09\/22\/economie-numerique-yankhoba-diatta-passe-le-relai-a-me-bocar-thiam\/#primaryimage"},"thumbnailUrl":"https:\/\/www.public.sn\/wp-content\/uploads\/2022\/09\/64779E6C-10BF-430F-8E2D-FE69836592E3.webp","keywords":["Amadou Ba","\u00c9conomie Num\u00e9rique","Macky Sall","Me BOCAR Thiam","YankhobaDiattara"],"articleSection":["ACTUALIT\u00c9S","POLITIQUE"],"inLanguage":"fr-FR","potentialAction":[{"@type":"CommentAction","name":"Comment","target":["https:\/\/www.public.sn\/index.php\/2022\/09\/22\/economie-numerique-yankhoba-diatta-passe-le-relai-a-me-bocar-thiam\/#respond"]}]},{"@type":"WebPage","@id":"https:\/\/www.public.sn\/index.php\/2022\/09\/22\/economie-numerique-yankhoba-diatta-passe-le-relai-a-me-bocar-thiam\/","url":"https:\/\/www.public.sn\/index.php\/2022\/09\/22\/economie-numerique-yankhoba-diatta-passe-le-relai-a-me-bocar-thiam\/","name":"\u00c9conomie Num\u00e9rique: Yankhoba Diatta passe le relai \u00e0 Me Moussa Bocar Thiam. - LE PUBLIC","isPartOf":{"@id":"https:\/\/www.public.sn\/#website"},"primaryImageOfPage":{"@id":"https:\/\/www.public.sn\/index.php\/2022\/09\/22\/economie-numerique-yankhoba-diatta-passe-le-relai-a-me-bocar-thiam\/#primaryimage"},"image":{"@id":"https:\/\/www.public.sn\/index.php\/2022\/09\/22\/economie-numerique-yankhoba-diatta-passe-le-relai-a-me-bocar-thiam\/#primaryimage"},"thumbnailUrl":"https:\/\/www.public.sn\/wp-content\/uploads\/2022\/09\/64779E6C-10BF-430F-8E2D-FE69836592E3.webp","datePublished":"2022-09-22T17:38:48+00:00","dateModified":"2022-09-22T18:10:07+00:00","breadcrumb":{"@id":"https:\/\/www.public.sn\/index.php\/2022\/09\/22\/economie-numerique-yankhoba-diatta-passe-le-relai-a-me-bocar-thiam\/#breadcrumb"},"inLanguage":"fr-FR","potentialAction":[{"@type":"ReadAction","target":["https:\/\/www.public.sn\/index.php\/2022\/09\/22\/economie-numerique-yankhoba-diatta-passe-le-relai-a-me-bocar-thiam\/"]}]},{"@type":"ImageObject","inLanguage":"fr-FR","@id":"https:\/\/www.public.sn\/index.php\/2022\/09\/22\/economie-numerique-yankhoba-diatta-passe-le-relai-a-me-bocar-thiam\/#primaryimage","url":"https:\/\/www.public.sn\/wp-content\/uploads\/2022\/09\/64779E6C-10BF-430F-8E2D-FE69836592E3.webp","contentUrl":"https:\/\/www.public.sn\/wp-content\/uploads\/2022\/09\/64779E6C-10BF-430F-8E2D-FE69836592E3.webp","width":1392,"height":626},{"@type":"BreadcrumbList","@id":"https:\/\/www.public.sn\/index.php\/2022\/09\/22\/economie-numerique-yankhoba-diatta-passe-le-relai-a-me-bocar-thiam\/#breadcrumb","itemListElement":[{"@type":"ListItem","position":1,"name":"Accueil","item":"https:\/\/www.public.sn\/"},{"@type":"ListItem","position":2,"name":"\u00c9conomie Num\u00e9rique: Yankhoba Diatta passe le relai \u00e0 Me Moussa Bocar Thiam."}]},{"@type":"WebSite","@id":"https:\/\/www.public.sn\/#website","url":"https:\/\/www.public.sn\/","name":"LE PUBLIC","description":"","publisher":{"@id":"https:\/\/www.public.sn\/#organization"},"potentialAction":[{"@type":"SearchAction","target":{"@type":"EntryPoint","urlTemplate":"https:\/\/www.public.sn\/?s={search_term_string}"},"query-input":{"@type":"PropertyValueSpecification","valueRequired":true,"valueName":"search_term_string"}}],"inLanguage":"fr-FR"},{"@type":"Organization","@id":"https:\/\/www.public.sn\/#organization","name":"LE PUBLIC","url":"https:\/\/www.public.sn\/","logo":{"@type":"ImageObject","inLanguage":"fr-FR","@id":"https:\/\/www.public.sn\/#\/schema\/logo\/image\/","url":"https:\/\/www.public.sn\/wp-content\/uploads\/2024\/05\/cropped-LOGO-PUBLIC.SN_.png","contentUrl":"https:\/\/www.public.sn\/wp-content\/uploads\/2024\/05\/cropped-LOGO-PUBLIC.SN_.png","width":682,"height":192,"caption":"LE PUBLIC"},"image":{"@id":"https:\/\/www.public.sn\/#\/schema\/logo\/image\/"}},{"@type":"Person","@id":"https:\/\/www.public.sn\/#\/schema\/person\/e3f4a11b037d4203902db148f9bc8d5a","name":"LA REDACTION","image":{"@type":"ImageObject","inLanguage":"fr-FR","@id":"https:\/\/www.public.sn\/#\/schema\/person\/image\/","url":"https:\/\/secure.gravatar.com\/avatar\/d6c030db45db2883c075085c5d6c6258654a801a93766b49af0b82d4f454e2a5?s=96&d=mm&r=g","contentUrl":"https:\/\/secure.gravatar.com\/avatar\/d6c030db45db2883c075085c5d6c6258654a801a93766b49af0b82d4f454e2a5?s=96&d=mm&r=g","caption":"LA REDACTION"},"sameAs":["http:\/\/www.public.sn"],"url":"https:\/\/www.public.sn\/index.php\/author\/admin7324\/"}]}},"jetpack_featured_media_url":"https:\/\/www.public.sn\/wp-content\/uploads\/2022\/09\/64779E6C-10BF-430F-8E2D-FE69836592E3.webp","jetpack_sharing_enabled":true,"_links":{"self":[{"href":"https:\/\/www.public.sn\/index.php\/wp-json\/wp\/v2\/posts\/2511","targetHints":{"allow":["GET"]}}],"collection":[{"href":"https:\/\/www.public.sn\/index.php\/wp-json\/wp\/v2\/posts"}],"about":[{"href":"https:\/\/www.public.sn\/index.php\/wp-json\/wp\/v2\/types\/post"}],"author":[{"embeddable":true,"href":"https:\/\/www.public.sn\/index.php\/wp-json\/wp\/v2\/users\/1"}],"replies":[{"embeddable":true,"href":"https:\/\/www.public.sn\/index.php\/wp-json\/wp\/v2\/comments?post=2511"}],"version-history":[{"count":2,"href":"https:\/\/www.public.sn\/index.php\/wp-json\/wp\/v2\/posts\/2511\/revisions"}],"predecessor-version":[{"id":2521,"href":"https:\/\/www.public.sn\/index.php\/wp-json\/wp\/v2\/posts\/2511\/revisions\/2521"}],"wp:featuredmedia":[{"embeddable":true,"href":"https:\/\/www.public.sn\/index.php\/wp-json\/wp\/v2\/media\/2512"}],"wp:attachment":[{"href":"https:\/\/www.public.sn\/index.php\/wp-json\/wp\/v2\/media?parent=2511"}],"wp:term":[{"taxonomy":"category","embeddable":true,"href":"https:\/\/www.public.sn\/index.php\/wp-json\/wp\/v2\/categories?post=2511"},{"taxonomy":"post_tag","embeddable":true,"href":"https:\/\/www.public.sn\/index.php\/wp-json\/wp\/v2\/tags?post=2511"}],"curies":[{"name":"wp","href":"https:\/\/api.w.org\/{rel}","templated":true}]}}