{"id":254,"date":"2022-08-20T14:19:22","date_gmt":"2022-08-20T12:19:22","guid":{"rendered":"https:\/\/www.public.sn\/?p=254"},"modified":"2022-08-20T14:19:23","modified_gmt":"2022-08-20T12:19:23","slug":"accident-sur-le-corridor-kaffrine-koungheul-les-dessus-dune-tragedie-frequente","status":"publish","type":"post","link":"https:\/\/www.public.sn\/index.php\/2022\/08\/20\/accident-sur-le-corridor-kaffrine-koungheul-les-dessus-dune-tragedie-frequente\/","title":{"rendered":"Accident sur le corridor Kaffrine\/Koungheul: Les dessus d&rsquo;une trag\u00e9die fr\u00e9quente."},"content":{"rendered":"\n<p>Dans la nuit du jeudi au vendredi, un bus en provenance de Dakar est entr\u00e9 en collision avec un camion stationn\u00e9 sur la voie. Ce. gros porteur, selon des t\u00e9moins, \u00e9tait en panne mais sans la d\u00e9signation de panneaux signal\u00e9tiques pr\u00e9ventifs du danger. Malgr\u00e9 des tentatives de d\u00e9viation, le chauffeur du bus est finalement tomb\u00e9 sur le camion gar\u00e9 sur la route, sans triangle de signalisation. <\/p><div class=\"publi-paragraphe1\" style=\"margin-top: 10px;margin-bottom: 10px;margin-left: auto;margin-right: auto;text-align: center;\" id=\"publi-3375725539\"><div class=\"publi-adlabel\">Publicit\u00e9<\/div><script async src=\"\/\/pagead2.googlesyndication.com\/pagead\/js\/adsbygoogle.js?client=ca-pub-4089586018074219\" crossorigin=\"anonymous\"><\/script><ins class=\"adsbygoogle\" style=\"display:block;\" data-ad-client=\"ca-pub-4089586018074219\" \ndata-ad-slot=\"2087940154\" \ndata-ad-format=\"auto\"><\/ins>\n<script> \n(adsbygoogle = window.adsbygoogle || []).push({}); \n<\/script>\n<\/div>\n\n\n\n<p>Ce drame s&rsquo;est produit vers 1 heure du matin quand tout ne bougeait presque plus. Le bilan d&rsquo;hier s&rsquo;est alourdi et passe de 04 \u00e0 05 morts et 73 bless\u00e9s d\u00e9nombr\u00e9s.<\/p>\n\n\n\n<p>Sur l&rsquo;ordre du parquet de Kaolack, le chauffeur du camion a \u00e9t\u00e9 arr\u00eat\u00e9 pour<em> \u00ab\u00a0mise en danger de la vie d&rsquo;autrui, stationnement d\u00e9fectueux, d\u00e9faut de triangle de signalisation, homicides et blessures involontaires<\/em>\u00ab\u00a0.<\/p>\n\n\n\n<p>Pour rappel, plusieurs accidents ont \u00e9t\u00e9 enregistr\u00e9s sur ce corridor \u00e0 cause de v\u00e9hicules stationn\u00e9s nuitamment sur la route sans triangle de signalisation.<\/p>\n<div class=\"publi-apres-le-contenu\" style=\"margin-top: 10px;margin-bottom: 10px;margin-left: auto;margin-right: auto;text-align: center;\" id=\"publi-1407608381\"><div class=\"publi-adlabel\">Publicit\u00e9<\/div><script async src=\"\/\/pagead2.googlesyndication.com\/pagead\/js\/adsbygoogle.js?client=ca-pub-4089586018074219\" crossorigin=\"anonymous\"><\/script><ins class=\"adsbygoogle\" style=\"display:block;\" data-ad-client=\"ca-pub-4089586018074219\" \ndata-ad-slot=\"2087940154\" \ndata-ad-format=\"auto\"><\/ins>\n<script> \n(adsbygoogle = window.adsbygoogle || []).push({}); \n<\/script>\n<\/div>","protected":false},"excerpt":{"rendered":"<p>Dans la nuit du jeudi au vendredi, un bus en provenance de Dakar est entr\u00e9 en collision avec un camion stationn\u00e9 sur la voie. Ce. gros porteur, selon des t\u00e9moins, \u00e9tait en panne mais sans la d\u00e9signation de panneaux signal\u00e9tiques pr\u00e9ventifs du danger. Malgr\u00e9 des tentatives de d\u00e9viation, le chauffeur du bus est finalement tomb\u00e9 sur le camion gar\u00e9 sur la route, sans triangle de signalisation. Ce drame s&rsquo;est produit vers 1 heure du matin quand tout ne bougeait presque plus. Le bilan d&rsquo;hier s&rsquo;est alourdi et passe de 04 \u00e0 05 morts et 73 bless\u00e9s d\u00e9nombr\u00e9s. Sur l&rsquo;ordre du parquet de Kaolack, le chauffeur du camion a \u00e9t\u00e9 arr\u00eat\u00e9 pour \u00ab\u00a0mise en danger de la vie d&rsquo;autrui, stationnement d\u00e9fectueux, d\u00e9faut de triangle de signalisation, homicides et blessures involontaires\u00ab\u00a0. Pour rappel, plusieurs accidents ont \u00e9t\u00e9 enregistr\u00e9s sur ce corridor \u00e0 cause de v\u00e9hicules stationn\u00e9s nuitamment sur la route sans triangle de signalisation.<\/p>\n","protected":false},"author":1,"featured_media":255,"comment_status":"open","ping_status":"open","sticky":false,"template":"","format":"standard","meta":{"_jetpack_memberships_contains_paid_content":false,"footnotes":""},"categories":[4],"tags":[102,61,103,104,105],"class_list":["post-254","post","type-post","status-publish","format-standard","has-post-thumbnail","hentry","category-societe","tag-accident","tag-kaffrine","tag-procureur","tag-prudence","tag-securite-routiere","entry","has-media","owp-thumbs-layout-horizontal","owp-btn-normal","owp-tabs-layout-horizontal","has-no-thumbnails","has-product-nav"],"yoast_head":"<!-- This site is optimized with the Yoast SEO plugin v25.5 - https:\/\/yoast.com\/wordpress\/plugins\/seo\/ -->\n<title>Accident sur le corridor Kaffrine\/Koungheul: Les dessus d&#039;une trag\u00e9die fr\u00e9quente. - LE PUBLIC<\/title>\n<meta name=\"robots\" content=\"index, follow, max-snippet:-1, max-image-preview:large, max-video-preview:-1\" \/>\n<link rel=\"canonical\" href=\"https:\/\/www.public.sn\/index.php\/2022\/08\/20\/accident-sur-le-corridor-kaffrine-koungheul-les-dessus-dune-tragedie-frequente\/\" \/>\n<meta property=\"og:locale\" content=\"fr_FR\" \/>\n<meta property=\"og:type\" content=\"article\" \/>\n<meta property=\"og:title\" content=\"Accident sur le corridor Kaffrine\/Koungheul: Les dessus d&#039;une trag\u00e9die fr\u00e9quente. - LE PUBLIC\" \/>\n<meta property=\"og:description\" content=\"Dans la nuit du jeudi au vendredi, un bus en provenance de Dakar est entr\u00e9 en collision avec un camion stationn\u00e9 sur la voie. Ce. gros porteur, selon des t\u00e9moins, \u00e9tait en panne mais sans la d\u00e9signation de panneaux signal\u00e9tiques pr\u00e9ventifs du danger. Malgr\u00e9 des tentatives de d\u00e9viation, le chauffeur du bus est finalement tomb\u00e9 sur le camion gar\u00e9 sur la route, sans triangle de signalisation. Ce drame s&rsquo;est produit vers 1 heure du matin quand tout ne bougeait presque plus. Le bilan d&rsquo;hier s&rsquo;est alourdi et passe de 04 \u00e0 05 morts et 73 bless\u00e9s d\u00e9nombr\u00e9s. Sur l&rsquo;ordre du parquet de Kaolack, le chauffeur du camion a \u00e9t\u00e9 arr\u00eat\u00e9 pour \u00ab\u00a0mise en danger de la vie d&rsquo;autrui, stationnement d\u00e9fectueux, d\u00e9faut de triangle de signalisation, homicides et blessures involontaires\u00ab\u00a0. Pour rappel, plusieurs accidents ont \u00e9t\u00e9 enregistr\u00e9s sur ce corridor \u00e0 cause de v\u00e9hicules stationn\u00e9s nuitamment sur la route sans triangle de signalisation.\" \/>\n<meta property=\"og:url\" content=\"https:\/\/www.public.sn\/index.php\/2022\/08\/20\/accident-sur-le-corridor-kaffrine-koungheul-les-dessus-dune-tragedie-frequente\/\" \/>\n<meta property=\"og:site_name\" content=\"LE PUBLIC\" \/>\n<meta property=\"article:published_time\" content=\"2022-08-20T12:19:22+00:00\" \/>\n<meta property=\"article:modified_time\" content=\"2022-08-20T12:19:23+00:00\" \/>\n<meta property=\"og:image\" content=\"https:\/\/www.public.sn\/wp-content\/uploads\/2022\/08\/sFOktkpTURBXy8zMDFmNDMyYzI1YTc0MjcwOGU2YzFlMDM3YjBkZmY1Zi5qcGeSlQMAF80C7s0BpZMFzQKAzQFA.jpeg\" \/>\n\t<meta property=\"og:image:width\" content=\"640\" \/>\n\t<meta property=\"og:image:height\" content=\"320\" \/>\n\t<meta property=\"og:image:type\" content=\"image\/jpeg\" \/>\n<meta name=\"author\" content=\"LA REDACTION\" \/>\n<meta name=\"twitter:card\" content=\"summary_large_image\" \/>\n<meta name=\"twitter:label1\" content=\"\u00c9crit par\" \/>\n\t<meta name=\"twitter:data1\" content=\"LA REDACTION\" \/>\n\t<meta name=\"twitter:label2\" content=\"Dur\u00e9e de lecture estim\u00e9e\" \/>\n\t<meta name=\"twitter:data2\" content=\"1 minute\" \/>\n<script type=\"application\/ld+json\" class=\"yoast-schema-graph\">{\"@context\":\"https:\/\/schema.org\",\"@graph\":[{\"@type\":\"Article\",\"@id\":\"https:\/\/www.public.sn\/index.php\/2022\/08\/20\/accident-sur-le-corridor-kaffrine-koungheul-les-dessus-dune-tragedie-frequente\/#article\",\"isPartOf\":{\"@id\":\"https:\/\/www.public.sn\/index.php\/2022\/08\/20\/accident-sur-le-corridor-kaffrine-koungheul-les-dessus-dune-tragedie-frequente\/\"},\"author\":{\"name\":\"LA REDACTION\",\"@id\":\"https:\/\/www.public.sn\/#\/schema\/person\/e3f4a11b037d4203902db148f9bc8d5a\"},\"headline\":\"Accident sur le corridor Kaffrine\/Koungheul: Les dessus d&rsquo;une trag\u00e9die fr\u00e9quente.\",\"datePublished\":\"2022-08-20T12:19:22+00:00\",\"dateModified\":\"2022-08-20T12:19:23+00:00\",\"mainEntityOfPage\":{\"@id\":\"https:\/\/www.public.sn\/index.php\/2022\/08\/20\/accident-sur-le-corridor-kaffrine-koungheul-les-dessus-dune-tragedie-frequente\/\"},\"wordCount\":173,\"commentCount\":0,\"publisher\":{\"@id\":\"https:\/\/www.public.sn\/#organization\"},\"image\":{\"@id\":\"https:\/\/www.public.sn\/index.php\/2022\/08\/20\/accident-sur-le-corridor-kaffrine-koungheul-les-dessus-dune-tragedie-frequente\/#primaryimage\"},\"thumbnailUrl\":\"https:\/\/www.public.sn\/wp-content\/uploads\/2022\/08\/sFOktkpTURBXy8zMDFmNDMyYzI1YTc0MjcwOGU2YzFlMDM3YjBkZmY1Zi5qcGeSlQMAF80C7s0BpZMFzQKAzQFA.jpeg\",\"keywords\":[\"Accident\",\"Kaffrine\",\"Procureur\",\"Prudence\",\"S\u00e9curit\u00e9 Routi\u00e8re\"],\"articleSection\":[\"SOCIETE\"],\"inLanguage\":\"fr-FR\",\"potentialAction\":[{\"@type\":\"CommentAction\",\"name\":\"Comment\",\"target\":[\"https:\/\/www.public.sn\/index.php\/2022\/08\/20\/accident-sur-le-corridor-kaffrine-koungheul-les-dessus-dune-tragedie-frequente\/#respond\"]}]},{\"@type\":\"WebPage\",\"@id\":\"https:\/\/www.public.sn\/index.php\/2022\/08\/20\/accident-sur-le-corridor-kaffrine-koungheul-les-dessus-dune-tragedie-frequente\/\",\"url\":\"https:\/\/www.public.sn\/index.php\/2022\/08\/20\/accident-sur-le-corridor-kaffrine-koungheul-les-dessus-dune-tragedie-frequente\/\",\"name\":\"Accident sur le corridor Kaffrine\/Koungheul: Les dessus d'une trag\u00e9die fr\u00e9quente. - LE PUBLIC\",\"isPartOf\":{\"@id\":\"https:\/\/www.public.sn\/#website\"},\"primaryImageOfPage\":{\"@id\":\"https:\/\/www.public.sn\/index.php\/2022\/08\/20\/accident-sur-le-corridor-kaffrine-koungheul-les-dessus-dune-tragedie-frequente\/#primaryimage\"},\"image\":{\"@id\":\"https:\/\/www.public.sn\/index.php\/2022\/08\/20\/accident-sur-le-corridor-kaffrine-koungheul-les-dessus-dune-tragedie-frequente\/#primaryimage\"},\"thumbnailUrl\":\"https:\/\/www.public.sn\/wp-content\/uploads\/2022\/08\/sFOktkpTURBXy8zMDFmNDMyYzI1YTc0MjcwOGU2YzFlMDM3YjBkZmY1Zi5qcGeSlQMAF80C7s0BpZMFzQKAzQFA.jpeg\",\"datePublished\":\"2022-08-20T12:19:22+00:00\",\"dateModified\":\"2022-08-20T12:19:23+00:00\",\"breadcrumb\":{\"@id\":\"https:\/\/www.public.sn\/index.php\/2022\/08\/20\/accident-sur-le-corridor-kaffrine-koungheul-les-dessus-dune-tragedie-frequente\/#breadcrumb\"},\"inLanguage\":\"fr-FR\",\"potentialAction\":[{\"@type\":\"ReadAction\",\"target\":[\"https:\/\/www.public.sn\/index.php\/2022\/08\/20\/accident-sur-le-corridor-kaffrine-koungheul-les-dessus-dune-tragedie-frequente\/\"]}]},{\"@type\":\"ImageObject\",\"inLanguage\":\"fr-FR\",\"@id\":\"https:\/\/www.public.sn\/index.php\/2022\/08\/20\/accident-sur-le-corridor-kaffrine-koungheul-les-dessus-dune-tragedie-frequente\/#primaryimage\",\"url\":\"https:\/\/www.public.sn\/wp-content\/uploads\/2022\/08\/sFOktkpTURBXy8zMDFmNDMyYzI1YTc0MjcwOGU2YzFlMDM3YjBkZmY1Zi5qcGeSlQMAF80C7s0BpZMFzQKAzQFA.jpeg\",\"contentUrl\":\"https:\/\/www.public.sn\/wp-content\/uploads\/2022\/08\/sFOktkpTURBXy8zMDFmNDMyYzI1YTc0MjcwOGU2YzFlMDM3YjBkZmY1Zi5qcGeSlQMAF80C7s0BpZMFzQKAzQFA.jpeg\",\"width\":640,\"height\":320},{\"@type\":\"BreadcrumbList\",\"@id\":\"https:\/\/www.public.sn\/index.php\/2022\/08\/20\/accident-sur-le-corridor-kaffrine-koungheul-les-dessus-dune-tragedie-frequente\/#breadcrumb\",\"itemListElement\":[{\"@type\":\"ListItem\",\"position\":1,\"name\":\"Accueil\",\"item\":\"https:\/\/www.public.sn\/\"},{\"@type\":\"ListItem\",\"position\":2,\"name\":\"Accident sur le corridor Kaffrine\/Koungheul: Les dessus d&rsquo;une trag\u00e9die fr\u00e9quente.\"}]},{\"@type\":\"WebSite\",\"@id\":\"https:\/\/www.public.sn\/#website\",\"url\":\"https:\/\/www.public.sn\/\",\"name\":\"LE PUBLIC\",\"description\":\"\",\"publisher\":{\"@id\":\"https:\/\/www.public.sn\/#organization\"},\"potentialAction\":[{\"@type\":\"SearchAction\",\"target\":{\"@type\":\"EntryPoint\",\"urlTemplate\":\"https:\/\/www.public.sn\/?s={search_term_string}\"},\"query-input\":{\"@type\":\"PropertyValueSpecification\",\"valueRequired\":true,\"valueName\":\"search_term_string\"}}],\"inLanguage\":\"fr-FR\"},{\"@type\":\"Organization\",\"@id\":\"https:\/\/www.public.sn\/#organization\",\"name\":\"LE PUBLIC\",\"url\":\"https:\/\/www.public.sn\/\",\"logo\":{\"@type\":\"ImageObject\",\"inLanguage\":\"fr-FR\",\"@id\":\"https:\/\/www.public.sn\/#\/schema\/logo\/image\/\",\"url\":\"https:\/\/www.public.sn\/wp-content\/uploads\/2024\/05\/cropped-LOGO-PUBLIC.SN_.png\",\"contentUrl\":\"https:\/\/www.public.sn\/wp-content\/uploads\/2024\/05\/cropped-LOGO-PUBLIC.SN_.png\",\"width\":682,\"height\":192,\"caption\":\"LE PUBLIC\"},\"image\":{\"@id\":\"https:\/\/www.public.sn\/#\/schema\/logo\/image\/\"}},{\"@type\":\"Person\",\"@id\":\"https:\/\/www.public.sn\/#\/schema\/person\/e3f4a11b037d4203902db148f9bc8d5a\",\"name\":\"LA REDACTION\",\"image\":{\"@type\":\"ImageObject\",\"inLanguage\":\"fr-FR\",\"@id\":\"https:\/\/www.public.sn\/#\/schema\/person\/image\/\",\"url\":\"https:\/\/secure.gravatar.com\/avatar\/d6c030db45db2883c075085c5d6c6258654a801a93766b49af0b82d4f454e2a5?s=96&d=mm&r=g\",\"contentUrl\":\"https:\/\/secure.gravatar.com\/avatar\/d6c030db45db2883c075085c5d6c6258654a801a93766b49af0b82d4f454e2a5?s=96&d=mm&r=g\",\"caption\":\"LA REDACTION\"},\"sameAs\":[\"http:\/\/www.public.sn\"],\"url\":\"https:\/\/www.public.sn\/index.php\/author\/admin7324\/\"}]}<\/script>\n<!-- \/ Yoast SEO plugin. -->","yoast_head_json":{"title":"Accident sur le corridor Kaffrine\/Koungheul: Les dessus d'une trag\u00e9die fr\u00e9quente. - LE PUBLIC","robots":{"index":"index","follow":"follow","max-snippet":"max-snippet:-1","max-image-preview":"max-image-preview:large","max-video-preview":"max-video-preview:-1"},"canonical":"https:\/\/www.public.sn\/index.php\/2022\/08\/20\/accident-sur-le-corridor-kaffrine-koungheul-les-dessus-dune-tragedie-frequente\/","og_locale":"fr_FR","og_type":"article","og_title":"Accident sur le corridor Kaffrine\/Koungheul: Les dessus d'une trag\u00e9die fr\u00e9quente. - LE PUBLIC","og_description":"Dans la nuit du jeudi au vendredi, un bus en provenance de Dakar est entr\u00e9 en collision avec un camion stationn\u00e9 sur la voie. Ce. gros porteur, selon des t\u00e9moins, \u00e9tait en panne mais sans la d\u00e9signation de panneaux signal\u00e9tiques pr\u00e9ventifs du danger. Malgr\u00e9 des tentatives de d\u00e9viation, le chauffeur du bus est finalement tomb\u00e9 sur le camion gar\u00e9 sur la route, sans triangle de signalisation. Ce drame s&rsquo;est produit vers 1 heure du matin quand tout ne bougeait presque plus. Le bilan d&rsquo;hier s&rsquo;est alourdi et passe de 04 \u00e0 05 morts et 73 bless\u00e9s d\u00e9nombr\u00e9s. Sur l&rsquo;ordre du parquet de Kaolack, le chauffeur du camion a \u00e9t\u00e9 arr\u00eat\u00e9 pour \u00ab\u00a0mise en danger de la vie d&rsquo;autrui, stationnement d\u00e9fectueux, d\u00e9faut de triangle de signalisation, homicides et blessures involontaires\u00ab\u00a0. Pour rappel, plusieurs accidents ont \u00e9t\u00e9 enregistr\u00e9s sur ce corridor \u00e0 cause de v\u00e9hicules stationn\u00e9s nuitamment sur la route sans triangle de signalisation.","og_url":"https:\/\/www.public.sn\/index.php\/2022\/08\/20\/accident-sur-le-corridor-kaffrine-koungheul-les-dessus-dune-tragedie-frequente\/","og_site_name":"LE PUBLIC","article_published_time":"2022-08-20T12:19:22+00:00","article_modified_time":"2022-08-20T12:19:23+00:00","og_image":[{"width":640,"height":320,"url":"https:\/\/www.public.sn\/wp-content\/uploads\/2022\/08\/sFOktkpTURBXy8zMDFmNDMyYzI1YTc0MjcwOGU2YzFlMDM3YjBkZmY1Zi5qcGeSlQMAF80C7s0BpZMFzQKAzQFA.jpeg","type":"image\/jpeg"}],"author":"LA REDACTION","twitter_card":"summary_large_image","twitter_misc":{"\u00c9crit par":"LA REDACTION","Dur\u00e9e de lecture estim\u00e9e":"1 minute"},"schema":{"@context":"https:\/\/schema.org","@graph":[{"@type":"Article","@id":"https:\/\/www.public.sn\/index.php\/2022\/08\/20\/accident-sur-le-corridor-kaffrine-koungheul-les-dessus-dune-tragedie-frequente\/#article","isPartOf":{"@id":"https:\/\/www.public.sn\/index.php\/2022\/08\/20\/accident-sur-le-corridor-kaffrine-koungheul-les-dessus-dune-tragedie-frequente\/"},"author":{"name":"LA REDACTION","@id":"https:\/\/www.public.sn\/#\/schema\/person\/e3f4a11b037d4203902db148f9bc8d5a"},"headline":"Accident sur le corridor Kaffrine\/Koungheul: Les dessus d&rsquo;une trag\u00e9die fr\u00e9quente.","datePublished":"2022-08-20T12:19:22+00:00","dateModified":"2022-08-20T12:19:23+00:00","mainEntityOfPage":{"@id":"https:\/\/www.public.sn\/index.php\/2022\/08\/20\/accident-sur-le-corridor-kaffrine-koungheul-les-dessus-dune-tragedie-frequente\/"},"wordCount":173,"commentCount":0,"publisher":{"@id":"https:\/\/www.public.sn\/#organization"},"image":{"@id":"https:\/\/www.public.sn\/index.php\/2022\/08\/20\/accident-sur-le-corridor-kaffrine-koungheul-les-dessus-dune-tragedie-frequente\/#primaryimage"},"thumbnailUrl":"https:\/\/www.public.sn\/wp-content\/uploads\/2022\/08\/sFOktkpTURBXy8zMDFmNDMyYzI1YTc0MjcwOGU2YzFlMDM3YjBkZmY1Zi5qcGeSlQMAF80C7s0BpZMFzQKAzQFA.jpeg","keywords":["Accident","Kaffrine","Procureur","Prudence","S\u00e9curit\u00e9 Routi\u00e8re"],"articleSection":["SOCIETE"],"inLanguage":"fr-FR","potentialAction":[{"@type":"CommentAction","name":"Comment","target":["https:\/\/www.public.sn\/index.php\/2022\/08\/20\/accident-sur-le-corridor-kaffrine-koungheul-les-dessus-dune-tragedie-frequente\/#respond"]}]},{"@type":"WebPage","@id":"https:\/\/www.public.sn\/index.php\/2022\/08\/20\/accident-sur-le-corridor-kaffrine-koungheul-les-dessus-dune-tragedie-frequente\/","url":"https:\/\/www.public.sn\/index.php\/2022\/08\/20\/accident-sur-le-corridor-kaffrine-koungheul-les-dessus-dune-tragedie-frequente\/","name":"Accident sur le corridor Kaffrine\/Koungheul: Les dessus d'une trag\u00e9die fr\u00e9quente. - LE PUBLIC","isPartOf":{"@id":"https:\/\/www.public.sn\/#website"},"primaryImageOfPage":{"@id":"https:\/\/www.public.sn\/index.php\/2022\/08\/20\/accident-sur-le-corridor-kaffrine-koungheul-les-dessus-dune-tragedie-frequente\/#primaryimage"},"image":{"@id":"https:\/\/www.public.sn\/index.php\/2022\/08\/20\/accident-sur-le-corridor-kaffrine-koungheul-les-dessus-dune-tragedie-frequente\/#primaryimage"},"thumbnailUrl":"https:\/\/www.public.sn\/wp-content\/uploads\/2022\/08\/sFOktkpTURBXy8zMDFmNDMyYzI1YTc0MjcwOGU2YzFlMDM3YjBkZmY1Zi5qcGeSlQMAF80C7s0BpZMFzQKAzQFA.jpeg","datePublished":"2022-08-20T12:19:22+00:00","dateModified":"2022-08-20T12:19:23+00:00","breadcrumb":{"@id":"https:\/\/www.public.sn\/index.php\/2022\/08\/20\/accident-sur-le-corridor-kaffrine-koungheul-les-dessus-dune-tragedie-frequente\/#breadcrumb"},"inLanguage":"fr-FR","potentialAction":[{"@type":"ReadAction","target":["https:\/\/www.public.sn\/index.php\/2022\/08\/20\/accident-sur-le-corridor-kaffrine-koungheul-les-dessus-dune-tragedie-frequente\/"]}]},{"@type":"ImageObject","inLanguage":"fr-FR","@id":"https:\/\/www.public.sn\/index.php\/2022\/08\/20\/accident-sur-le-corridor-kaffrine-koungheul-les-dessus-dune-tragedie-frequente\/#primaryimage","url":"https:\/\/www.public.sn\/wp-content\/uploads\/2022\/08\/sFOktkpTURBXy8zMDFmNDMyYzI1YTc0MjcwOGU2YzFlMDM3YjBkZmY1Zi5qcGeSlQMAF80C7s0BpZMFzQKAzQFA.jpeg","contentUrl":"https:\/\/www.public.sn\/wp-content\/uploads\/2022\/08\/sFOktkpTURBXy8zMDFmNDMyYzI1YTc0MjcwOGU2YzFlMDM3YjBkZmY1Zi5qcGeSlQMAF80C7s0BpZMFzQKAzQFA.jpeg","width":640,"height":320},{"@type":"BreadcrumbList","@id":"https:\/\/www.public.sn\/index.php\/2022\/08\/20\/accident-sur-le-corridor-kaffrine-koungheul-les-dessus-dune-tragedie-frequente\/#breadcrumb","itemListElement":[{"@type":"ListItem","position":1,"name":"Accueil","item":"https:\/\/www.public.sn\/"},{"@type":"ListItem","position":2,"name":"Accident sur le corridor Kaffrine\/Koungheul: Les dessus d&rsquo;une trag\u00e9die fr\u00e9quente."}]},{"@type":"WebSite","@id":"https:\/\/www.public.sn\/#website","url":"https:\/\/www.public.sn\/","name":"LE PUBLIC","description":"","publisher":{"@id":"https:\/\/www.public.sn\/#organization"},"potentialAction":[{"@type":"SearchAction","target":{"@type":"EntryPoint","urlTemplate":"https:\/\/www.public.sn\/?s={search_term_string}"},"query-input":{"@type":"PropertyValueSpecification","valueRequired":true,"valueName":"search_term_string"}}],"inLanguage":"fr-FR"},{"@type":"Organization","@id":"https:\/\/www.public.sn\/#organization","name":"LE PUBLIC","url":"https:\/\/www.public.sn\/","logo":{"@type":"ImageObject","inLanguage":"fr-FR","@id":"https:\/\/www.public.sn\/#\/schema\/logo\/image\/","url":"https:\/\/www.public.sn\/wp-content\/uploads\/2024\/05\/cropped-LOGO-PUBLIC.SN_.png","contentUrl":"https:\/\/www.public.sn\/wp-content\/uploads\/2024\/05\/cropped-LOGO-PUBLIC.SN_.png","width":682,"height":192,"caption":"LE PUBLIC"},"image":{"@id":"https:\/\/www.public.sn\/#\/schema\/logo\/image\/"}},{"@type":"Person","@id":"https:\/\/www.public.sn\/#\/schema\/person\/e3f4a11b037d4203902db148f9bc8d5a","name":"LA REDACTION","image":{"@type":"ImageObject","inLanguage":"fr-FR","@id":"https:\/\/www.public.sn\/#\/schema\/person\/image\/","url":"https:\/\/secure.gravatar.com\/avatar\/d6c030db45db2883c075085c5d6c6258654a801a93766b49af0b82d4f454e2a5?s=96&d=mm&r=g","contentUrl":"https:\/\/secure.gravatar.com\/avatar\/d6c030db45db2883c075085c5d6c6258654a801a93766b49af0b82d4f454e2a5?s=96&d=mm&r=g","caption":"LA REDACTION"},"sameAs":["http:\/\/www.public.sn"],"url":"https:\/\/www.public.sn\/index.php\/author\/admin7324\/"}]}},"jetpack_featured_media_url":"https:\/\/www.public.sn\/wp-content\/uploads\/2022\/08\/sFOktkpTURBXy8zMDFmNDMyYzI1YTc0MjcwOGU2YzFlMDM3YjBkZmY1Zi5qcGeSlQMAF80C7s0BpZMFzQKAzQFA.jpeg","jetpack_sharing_enabled":true,"_links":{"self":[{"href":"https:\/\/www.public.sn\/index.php\/wp-json\/wp\/v2\/posts\/254","targetHints":{"allow":["GET"]}}],"collection":[{"href":"https:\/\/www.public.sn\/index.php\/wp-json\/wp\/v2\/posts"}],"about":[{"href":"https:\/\/www.public.sn\/index.php\/wp-json\/wp\/v2\/types\/post"}],"author":[{"embeddable":true,"href":"https:\/\/www.public.sn\/index.php\/wp-json\/wp\/v2\/users\/1"}],"replies":[{"embeddable":true,"href":"https:\/\/www.public.sn\/index.php\/wp-json\/wp\/v2\/comments?post=254"}],"version-history":[{"count":1,"href":"https:\/\/www.public.sn\/index.php\/wp-json\/wp\/v2\/posts\/254\/revisions"}],"predecessor-version":[{"id":256,"href":"https:\/\/www.public.sn\/index.php\/wp-json\/wp\/v2\/posts\/254\/revisions\/256"}],"wp:featuredmedia":[{"embeddable":true,"href":"https:\/\/www.public.sn\/index.php\/wp-json\/wp\/v2\/media\/255"}],"wp:attachment":[{"href":"https:\/\/www.public.sn\/index.php\/wp-json\/wp\/v2\/media?parent=254"}],"wp:term":[{"taxonomy":"category","embeddable":true,"href":"https:\/\/www.public.sn\/index.php\/wp-json\/wp\/v2\/categories?post=254"},{"taxonomy":"post_tag","embeddable":true,"href":"https:\/\/www.public.sn\/index.php\/wp-json\/wp\/v2\/tags?post=254"}],"curies":[{"name":"wp","href":"https:\/\/api.w.org\/{rel}","templated":true}]}}