{"id":25517,"date":"2023-07-26T08:00:17","date_gmt":"2023-07-26T08:00:17","guid":{"rendered":"https:\/\/www.public.sn\/?p=25517"},"modified":"2023-07-26T08:00:17","modified_gmt":"2023-07-26T08:00:17","slug":"public-matin-actualitesce-mercredi-26-juillet-2023","status":"publish","type":"post","link":"https:\/\/www.public.sn\/index.php\/2023\/07\/26\/public-matin-actualitesce-mercredi-26-juillet-2023\/","title":{"rendered":"PUBLIC MATIN-ACTUALITES,CE MERCREDI 26 JUILLET 2023"},"content":{"rendered":"<p><img fetchpriority=\"high\" decoding=\"async\" class=\"alignnone size-full wp-image-25518\" src=\"https:\/\/www.public.sn\/wp-content\/uploads\/2023\/07\/KARIM-FOFANA-2-905x613-1.webp\" alt=\"\" width=\"750\" height=\"430\" srcset=\"https:\/\/www.public.sn\/wp-content\/uploads\/2023\/07\/KARIM-FOFANA-2-905x613-1.webp 750w, https:\/\/www.public.sn\/wp-content\/uploads\/2023\/07\/KARIM-FOFANA-2-905x613-1-600x344.webp 600w, https:\/\/www.public.sn\/wp-content\/uploads\/2023\/07\/KARIM-FOFANA-2-905x613-1-300x172.webp 300w\" sizes=\"(max-width: 750px) 100vw, 750px\" \/><\/p>\n<blockquote>\n<h2><strong>Chavirement d\u2019une pirogue : Les \u00e9clairages du gouvernement<\/strong><\/h2>\n<\/blockquote>\n<p>Au lendemain du chavirement d\u2019une pirogue de migrants au large de Ouakam, le gouvernement a fait face \u00e0 la presse pour se prononcer sur la question. Abdou Karim Fofana, ministre et porte-parole du gouvernement a d\u00e9menti l\u2019information selon laquelle 18 corps sans vie ont \u00e9t\u00e9 rep\u00each\u00e9s par les sapeurs-pompiers. \u00ab\u00a0Il s\u2019agit de 16 corps sans vie et 3 rescap\u00e9s. 15 ont \u00e9t\u00e9 d\u00e9nombr\u00e9s, hier lundi, et ce mardi matin, un autre corps a \u00e9t\u00e9 rep\u00each\u00e9 pr\u00e8s de Ouakam\u00a0\u00bb, a-t-il pr\u00e9cis\u00e9 lors d\u2019une conf\u00e9rence de presse.<\/p><div class=\"publi-paragraphe1\" style=\"margin-top: 10px;margin-bottom: 10px;margin-left: auto;margin-right: auto;text-align: center;\" id=\"publi-912945973\"><div class=\"publi-adlabel\">Publicit\u00e9<\/div><script async src=\"\/\/pagead2.googlesyndication.com\/pagead\/js\/adsbygoogle.js?client=ca-pub-4089586018074219\" crossorigin=\"anonymous\"><\/script><ins class=\"adsbygoogle\" style=\"display:block;\" data-ad-client=\"ca-pub-4089586018074219\" \ndata-ad-slot=\"2087940154\" \ndata-ad-format=\"auto\"><\/ins>\n<script> \n(adsbygoogle = window.adsbygoogle || []).push({}); \n<\/script>\n<\/div>\n<p>Par ailleurs, il a battu en br\u00e8che les t\u00e9moignages selon lesquels la pirogue de migrants a \u00e9t\u00e9 heurt\u00e9 par une vedette de la marine nationale. \u00ab\u00a0Cette information n\u2019est pas av\u00e9r\u00e9e. La preuve\u00a0? Une vedette ne peut pas acc\u00e9der au lieu du chavirement. Pour y acc\u00e9der il faut des cano\u00ebs en pneumatique. C\u2019est des erreurs ou des t\u00e9moignages qui ont induit certains m\u00e9dias en erreur\u00a0\u00bb, a soutenu Abdou Karim Fofana selon qui, toutes les dispositions seront prises par le gouvernement pour apporter aide et assistance aux familles des victimes.<\/p>\n<blockquote>\n<h2><strong>&#8211;<\/strong>\u00a0<strong>Maroc : Rapatriement d\u2019une cinquantaine de migrants s\u00e9n\u00e9galais par voie a\u00e9rienne ce mercredi<\/strong><\/h2>\n<\/blockquote>\n<p>Une cinquantaine de S\u00e9n\u00e9galais \u00e0 la sant\u00e9 pr\u00e9caire, dont des femmes et des mineurs, secourus en mer par la marine royale marocaine, vont regagner le S\u00e9n\u00e9gal, ce mercredi, \u00e0 bord d\u2019un avion de l\u2019arm\u00e9e de l\u2019air s\u00e9n\u00e9galaise, a annonc\u00e9 la ministre en charge des S\u00e9n\u00e9galais de l\u2019ext\u00e9rieur, Annette Ndiaye.<\/p>\n<p>\u2018\u2019Nous allons faire rentrer par voie a\u00e9rienne, gr\u00e2ce \u00e0 l\u2019avion militaire qui a \u00e9t\u00e9 mis \u00e0 notre disposition par le chef de l\u2019Etat une cinquantaine de nos compatriotes dont des femmes et quelques mineurs\u2019\u2019, a-t-elle d\u00e9clar\u00e9 mardi dans la soir\u00e9e \u00e0 des journalistes. Elle n\u2019a pas donn\u00e9 davantage de d\u00e9tails sur l\u2019heure \u00e0 laquelle l\u2019avion devant transporter ces compatriotes allait d\u00e9coller de Dakhla.<\/p>\n<p>Intervenant \u00e0 l\u2019issue d\u2019une rencontre avec des repr\u00e9sentants de la communaut\u00e9 s\u00e9n\u00e9galaise \u00e9tablie \u00e0 Dakhla, localit\u00e9 situ\u00e9e au sud du territoire marocain, Mme Seck a toutefois signal\u00e9 ce vol concerne les migrants \u00e0 l\u2019\u00e9tat de sant\u00e9 pr\u00e9caire. Les op\u00e9rations de rapatriement de ces compatriotes \u00e0 partir de Dakhla vont se poursuivre vendredi avec un groupe qui va regagner par la route le S\u00e9n\u00e9gal en passant par la Mauritanie, a assur\u00e9 la ministre des S\u00e9n\u00e9galais de l\u2019ext\u00e9rieur. Elle a insist\u00e9 sur le fait que ces compatriotes font partie des plus de 700 candidats \u00e0 l\u2019\u00e9migration qui ont afflu\u00e9 \u00e0 partir du mois de juin dans la ville de Dakhla.<\/p>\n<blockquote>\n<h2><strong>Lev\u00e9e du blocus de Sonko : Le gouvernement s\u2019explique<\/strong><\/h2>\n<\/blockquote>\n<p>Les pouvoirs publics ont ordonn\u00e9 la lev\u00e9e du \u2018\u2019blocus\u2019\u2019 de la cit\u00e9 Keur Gorgui, le quartier dakarois o\u00f9 est domicili\u00e9 l\u2019opposant Ousmane Sonko, parce qu\u2019\u2018\u2019il n\u2019y a plus d\u2019appels \u00e0 l\u2019insurrection\u2019\u2019, a d\u00e9clar\u00e9 le ministre du Commerce et porte-parole du gouvernement, Abdou Karim Fofana, mardi, \u00e0 Dakar.<\/p>\n<p>\u2018\u2019Au mois de juin, il y a eu beaucoup d\u2019appels \u00e0 la manifestation, beaucoup d\u2019appels \u00e0 l\u2019insurrection\u2019\u2019, a-t-il argu\u00e9 en pr\u00e9sence de ses coll\u00e8gues Issakha Diop, ministre de la Pr\u00e9vention et de la Gestion des inondations, et Serigne Mbaye Thiam, celui charg\u00e9 de l\u2019Eau et de l\u2019Assainissement. Abdou Karim Fofana affirme que \u2018\u2019l\u2019\u00c9tat a pris des mesures de pr\u00e9vention en restreignant la circulation dans le quartier cit\u00e9 Keur Gorgui\u2019\u2019, o\u00f9 se trouve le domicile du chef de l\u2019opposition. Il appartient au procureur de la R\u00e9publique d\u2019indiquer la conduite \u00e0 tenir, concernant Ousmane Sonko, a r\u00e9pondu le porte-parole du gouvernement \u00e0 la question de savoir si l\u2019opposant jug\u00e9 et condamn\u00e9 \u00e0 deux ans de prison ferme, le 1<sup>er<\/sup>\u00a0juin, sera arr\u00eat\u00e9.<\/p>\n<blockquote>\n<h2><strong>Libert\u00e9 provisoire accord\u00e9e \u00e0 Che<\/strong><strong>ikh Bara Ndiaye<\/strong><\/h2>\n<\/blockquote>\n<p>Bonne nouvelle pour Cheikh Bara Ndiaye. Selon son avocat, Me Moussa Sarr, le juge d\u2019instruction charg\u00e9 du deuxi\u00e8me cabinet a rendu, ce mardi, une ordonnance de mise en libert\u00e9 provisoire. Ce n\u2019est pas tout puisque le magistrat a plac\u00e9 le chroniqueur de Walf TV sous contr\u00f4le judiciaire avec obligation d\u2019\u00e9marger le premier vendredi de chaque mois, interdiction de sortie du territoire national sans autorisation et interdiction de parler du dossier.<\/p>\n<p>Avec cette d\u00e9cision, Cheikh Bara Ndiaye va humer l\u2019air de la libert\u00e9. Cependant, un appel du parquet dans les cinq jours, \u00e0 compter de la notification de la d\u00e9cision, pourrait le retenir dans les liens de la d\u00e9tention. S\u2019agissant des faits, le chroniqueur de Walf a \u00e9t\u00e9 plac\u00e9 sous mandat de d\u00e9p\u00f4t puis transf\u00e9r\u00e9 au pavillon sp\u00e9cial. Il est reproch\u00e9 les faits d\u2019actes ou man\u0153uvres de nature \u00e0 compromettre la s\u00e9curit\u00e9 publique et actions directes.<\/p>\n<p>La chambre d\u2019accusation de la Cour d\u2019appel de Dakar suit le\u00a0r\u00e9quisitoire du parquet qui avait requis un mandat de d\u00e9p\u00f4t contre Aliou San\u00e9, selon son avocat Me Moussa Sarr.<\/p>\n<blockquote>\n<h2><strong>La chambre d\u2019accusation de la Cour d\u2019appel de Dakar envoie Aliou San\u00e9 en prison<\/strong><\/h2>\n<\/blockquote>\n<p>En effet dans sa d\u00e9cision rendue ce mardi, la Cour a d\u00e9cern\u00e9 un mandat de d\u00e9p\u00f4t contre le coordonnateur de\u00a0 Y en a marre et non moins membre de la plateforme F24, rapporte PressAfrik.\u00a0Avec cette d\u00e9cision, la Chambre d\u2019accusation infirme l\u2019ordonnance de refus de placement sous mandat de d\u00e9p\u00f4t prise par le juge d\u2019instruction du 2e cabinet .<\/p>\n<p>Aliou San\u00e9 a \u00e9t\u00e9 interpell\u00e9 devant le domicile du leader de Pastef avant d\u2019\u00eatre inculp\u00e9 sous le r\u00e9gime de la libert\u00e9 provisoire.<\/p>\n<p><strong>\u00a0Actu Internationale<\/strong><\/p>\n<blockquote>\n<ul>\n<li>\n<h2><strong>Ukraine et Russie d\u00e9noncent chacune des pressions sur les \u00c9tats africains<\/strong><\/h2>\n<\/li>\n<\/ul>\n<\/blockquote>\n<p>\u00c0 la veille du sommet Russie-Afrique, qui se tiendra jeudi 27 et vendredi 28 juillet \u00e0 Saint-P\u00e9tersbourg, diplomatie ukrainienne et russe tentent de mobiliser leurs alli\u00e9s sur le continent. Alors que le ministre des Affaires \u00e9trang\u00e8res ukrainien, Dmytro Kouleba, d\u00e9nonce un sommet visant \u00e0 redorer l\u2019image de Vladimir Poutine, le porte-parole de la pr\u00e9sidence russe, Dmitri Peskov, accuse au contraire les pays occidentaux de faire pression sur les dirigeants africains. (Avec Rfi)<\/p>\n<blockquote>\n<ul>\n<li>\n<h2><strong>Mali : Les USA sanctionnent trois hauts responsables pour y avoir facilit\u00e9 l\u2019expansion de Wagner<\/strong><\/h2>\n<\/li>\n<\/ul>\n<\/blockquote>\n<p>Washington a sanctionn\u00e9 trois hauts responsables maliens ce 24 juillet 2023 pour avoir aid\u00e9 au d\u00e9ploiement de Wagner au Mali\u00a0: l\u2019actuel ministre de la D\u00e9fense Sadio Camara, le g\u00e9n\u00e9ral Alou Bo\u00ef Diarra, patron de l\u2019arm\u00e9e de l\u2019air et son adjoint, le colonel Adama Bagayoko.<\/p>\n<p>Ces trois haut-grad\u00e9s maliens se voient donc imposer des sanctions \u00e9conomiques par le Tr\u00e9sor am\u00e9ricain. Des sanctions individuelles, qui \u00ab\u00a0ne sont pas dirig\u00e9es contre le peuple malien\u00a0\u00bb, assure le Tr\u00e9sor am\u00e9ricain<\/p>\n<p>Concr\u00e8tement, les trois officiels de Bamako verront leurs \u00e9ventuels avoirs aux \u00c9tats-Unis gel\u00e9s et ont interdiction d\u2019effectuer des transactions avec toutes personnes ou entreprises am\u00e9ricaines.<\/p>\n<p>Pour Washington, ces trois officiers ont facilit\u00e9 \u00ab\u00a0l\u2019enracinement\u00a0\u00bb de Wagner au Mali, \u00e0 la fois \u00e0 l\u2019ext\u00e9rieur de leur pays, via un accord de coop\u00e9ration conclu avec la soci\u00e9t\u00e9 paramilitaire. Accord n\u00e9goci\u00e9 au cours de voyages en Russie en 2021 puis 2022.<\/p>\n<p><strong>Actu Sports<\/strong><\/p>\n<blockquote>\n<ul>\n<li>\n<h2><strong>Football : Min\u00e9 par les blessures, Diafra Sakho prend la d\u00e9cision d\u2019arr\u00eater sa carri\u00e8re<\/strong><\/h2>\n<\/li>\n<li>L\u2019ex international s\u00e9n\u00e9galais Diafra Sakho a annonc\u00e9 la fin de sa carri\u00e8re de footballeur.<\/li>\n<\/ul>\n<\/blockquote>\n<p>C\u2019est dans l\u2019\u00e9mission Galaxy Sport de la RTS que Diafra Sakho a annonc\u00e9 la nouvelle. Le joueur \u00e2g\u00e9 de 33 ans a d\u00e9cid\u00e9 de mettre un terme \u00e0 sa carri\u00e8re en raisons de ses blessures r\u00e9currentes.<\/p>\n<p>\u00ab\u00a0Il me reste encore une ann\u00e9e de contrat avec Nancy Lorraine, mais j\u2019ai d\u00e9cid\u00e9 de mettre un terme \u00e0 ma carri\u00e8re parce que j\u2019ai eu beaucoup de p\u00e9pins physiques et de blessures. Je dois m\u00eame en discuter avec mon club. Ma blessure au dos me fait beaucoup souffrir. Peut-\u00eatre que les autres ne le voient pas, mais moi je souffre \u00e9norm\u00e9ment. Je n\u2019ai pas envie de prendre l\u2019argent des clubs et de rester 6 mois sans jouer. Cela n\u2019est pas motivant. C\u2019est pourquoi j\u2019ai pris la d\u00e9cision d\u2019arr\u00eater\u00a0\u00bb\u00a0a d\u00e9clar\u00e9 l\u2019attaquant pass\u00e9 par G\u00e9n\u00e9ration Foot, Metz, West Ham ou encore Rennes.<\/p>\n<blockquote>\n<ul>\n<li>\n<h2><strong>Isma\u00efla Sarr sur sa signature \u00e0 l\u2019OM : \u00ab J\u2019adh\u00e8re \u00e0 un projet ambitieux et je me donnerai \u00e0 1000% \u00bb<\/strong><\/h2>\n<\/li>\n<\/ul>\n<\/blockquote>\n<p>Ce lundi 24 juillet, l\u2019OM a officialis\u00e9 l\u2019arriv\u00e9e d\u2019Isma\u00efla Sarr pour cinq saisons. Pour l\u2019occasion, l\u2019ailier s\u00e9n\u00e9galais a livr\u00e9 sa premi\u00e8re r\u00e9action via ses r\u00e9seaux sociaux.<\/p>\n<p>Isma\u00efla Sarr est de retour en France. Quatre ans apr\u00e8s avoir quitt\u00e9 la Ligue 1 et le Stade Rennais pour rejoindre Watford, l\u2019ailier international s\u00e9n\u00e9galais (25 ans, 54 s\u00e9lections, 15 buts)\u00a0<a href=\"https:\/\/wiwsport.com\/2023\/07\/24\/mercato-lom-officialise-larrivee-dismaila-sarr\/\">s\u2019est engag\u00e9 avec l\u2019Olympique de Marseille pour les cinq prochaines saisons<\/a>. Via Instagram, \u00abIzo\u00bb, quatri\u00e8me recrue du mercato estival de l\u2019OM, a livr\u00e9 ses premi\u00e8res impressions apr\u00e8s sa signature dans la Cit\u00e9 phoc\u00e9enne. Heureux, l\u2019ancien de G\u00e9n\u00e9ration Foot compte bien s\u2019installer dans une \u00e9quipe qu\u2019il a d\u00e9j\u00e0 h\u00e2te de rencontrer et o\u00f9 il se donnerait \u00ab\u00a0\u00e0 1000%\u00a0\u00bb ( Avec Wiwsport).<\/p>\n<div class=\"publi-apres-le-contenu\" style=\"margin-top: 10px;margin-bottom: 10px;margin-left: auto;margin-right: auto;text-align: center;\" id=\"publi-1917858517\"><div class=\"publi-adlabel\">Publicit\u00e9<\/div><script async src=\"\/\/pagead2.googlesyndication.com\/pagead\/js\/adsbygoogle.js?client=ca-pub-4089586018074219\" crossorigin=\"anonymous\"><\/script><ins class=\"adsbygoogle\" style=\"display:block;\" data-ad-client=\"ca-pub-4089586018074219\" \ndata-ad-slot=\"2087940154\" \ndata-ad-format=\"auto\"><\/ins>\n<script> \n(adsbygoogle = window.adsbygoogle || []).push({}); \n<\/script>\n<\/div>","protected":false},"excerpt":{"rendered":"<p>Chavirement d\u2019une pirogue : Les \u00e9clairages du gouvernement Au lendemain du chavirement d\u2019une pirogue de migrants au large de Ouakam, le gouvernement a fait face \u00e0 la presse pour se prononcer sur la question. Abdou Karim Fofana, ministre et porte-parole du gouvernement a d\u00e9menti l\u2019information selon laquelle 18 corps sans vie ont \u00e9t\u00e9 rep\u00each\u00e9s par les sapeurs-pompiers. \u00ab\u00a0Il s\u2019agit de 16 corps sans vie et 3 rescap\u00e9s. 15 ont \u00e9t\u00e9 d\u00e9nombr\u00e9s, hier lundi, et ce mardi matin, un autre corps a \u00e9t\u00e9 rep\u00each\u00e9 pr\u00e8s de Ouakam\u00a0\u00bb, a-t-il pr\u00e9cis\u00e9 lors d\u2019une conf\u00e9rence de presse. Par ailleurs, il a battu en br\u00e8che les t\u00e9moignages selon lesquels la pirogue de migrants a \u00e9t\u00e9 heurt\u00e9 par une vedette de la marine nationale. \u00ab\u00a0Cette information n\u2019est pas av\u00e9r\u00e9e. La preuve\u00a0? Une vedette ne peut pas acc\u00e9der au lieu du chavirement. Pour y acc\u00e9der il faut des cano\u00ebs en pneumatique. C\u2019est des erreurs ou des t\u00e9moignages qui ont induit certains m\u00e9dias en erreur\u00a0\u00bb, a soutenu Abdou Karim Fofana selon qui, toutes les dispositions seront prises par le gouvernement pour apporter aide et assistance aux familles des victimes. &#8211;\u00a0Maroc : Rapatriement d\u2019une cinquantaine de migrants s\u00e9n\u00e9galais par voie a\u00e9rienne ce mercredi Une cinquantaine de S\u00e9n\u00e9galais \u00e0 la sant\u00e9 pr\u00e9caire, dont des femmes et des mineurs, secourus en mer par la marine royale marocaine, vont regagner le S\u00e9n\u00e9gal, ce mercredi, \u00e0 bord d\u2019un avion de l\u2019arm\u00e9e de l\u2019air s\u00e9n\u00e9galaise, a annonc\u00e9 la ministre en charge des S\u00e9n\u00e9galais de l\u2019ext\u00e9rieur, Annette Ndiaye. \u2018\u2019Nous allons faire rentrer par voie a\u00e9rienne, gr\u00e2ce \u00e0 l\u2019avion militaire qui a \u00e9t\u00e9 mis \u00e0 notre disposition par le chef de l\u2019Etat une cinquantaine de nos compatriotes dont des femmes et quelques mineurs\u2019\u2019, a-t-elle d\u00e9clar\u00e9 mardi dans la soir\u00e9e \u00e0 des journalistes. Elle n\u2019a pas donn\u00e9 davantage de d\u00e9tails sur l\u2019heure \u00e0 laquelle l\u2019avion devant transporter ces compatriotes allait d\u00e9coller de Dakhla. Intervenant \u00e0 l\u2019issue d\u2019une rencontre avec des repr\u00e9sentants de la communaut\u00e9 s\u00e9n\u00e9galaise \u00e9tablie \u00e0 Dakhla, localit\u00e9 situ\u00e9e au sud du territoire marocain, Mme Seck a toutefois signal\u00e9 ce vol concerne les migrants \u00e0 l\u2019\u00e9tat de sant\u00e9 pr\u00e9caire. Les op\u00e9rations de rapatriement de ces compatriotes \u00e0 partir de Dakhla vont se poursuivre vendredi avec un groupe qui va regagner par la route le S\u00e9n\u00e9gal en passant par la Mauritanie, a assur\u00e9 la ministre des S\u00e9n\u00e9galais de l\u2019ext\u00e9rieur. Elle a insist\u00e9 sur le fait que ces compatriotes font partie des plus de 700 candidats \u00e0 l\u2019\u00e9migration qui ont afflu\u00e9 \u00e0 partir du mois de juin dans la ville de Dakhla. Lev\u00e9e du blocus de Sonko : Le gouvernement s\u2019explique Les pouvoirs publics ont ordonn\u00e9 la lev\u00e9e du \u2018\u2019blocus\u2019\u2019 de la cit\u00e9 Keur Gorgui, le quartier dakarois o\u00f9 est domicili\u00e9 l\u2019opposant Ousmane Sonko, parce qu\u2019\u2018\u2019il n\u2019y a plus d\u2019appels \u00e0 l\u2019insurrection\u2019\u2019, a d\u00e9clar\u00e9 le ministre du Commerce et porte-parole du gouvernement, Abdou Karim Fofana, mardi, \u00e0 Dakar. \u2018\u2019Au mois de juin, il y a eu beaucoup d\u2019appels \u00e0 la manifestation, beaucoup d\u2019appels \u00e0 l\u2019insurrection\u2019\u2019, a-t-il argu\u00e9 en pr\u00e9sence de ses coll\u00e8gues Issakha Diop, ministre de la Pr\u00e9vention et de la Gestion des inondations, et Serigne Mbaye Thiam, celui charg\u00e9 de l\u2019Eau et de l\u2019Assainissement. Abdou Karim Fofana affirme que \u2018\u2019l\u2019\u00c9tat a pris des mesures de pr\u00e9vention en restreignant la circulation dans le quartier cit\u00e9 Keur Gorgui\u2019\u2019, o\u00f9 se trouve le domicile du chef de l\u2019opposition. Il appartient au procureur de la R\u00e9publique d\u2019indiquer la conduite \u00e0 tenir, concernant Ousmane Sonko, a r\u00e9pondu le porte-parole du gouvernement \u00e0 la question de savoir si l\u2019opposant jug\u00e9 et condamn\u00e9 \u00e0 deux ans de prison ferme, le 1er\u00a0juin, sera arr\u00eat\u00e9. Libert\u00e9 provisoire accord\u00e9e \u00e0 Cheikh Bara Ndiaye Bonne nouvelle pour Cheikh Bara Ndiaye. Selon son avocat, Me Moussa Sarr, le juge d\u2019instruction charg\u00e9 du deuxi\u00e8me cabinet a rendu, ce mardi, une ordonnance de mise en libert\u00e9 provisoire. Ce n\u2019est pas tout puisque le magistrat a plac\u00e9 le chroniqueur de Walf TV sous contr\u00f4le judiciaire avec obligation d\u2019\u00e9marger le premier vendredi de chaque mois, interdiction de sortie du territoire national sans autorisation et interdiction de parler du dossier. Avec cette d\u00e9cision, Cheikh Bara Ndiaye va humer l\u2019air de la libert\u00e9. Cependant, un appel du parquet dans les cinq jours, \u00e0 compter de la notification de la d\u00e9cision, pourrait le retenir dans les liens de la d\u00e9tention. S\u2019agissant des faits, le chroniqueur de Walf a \u00e9t\u00e9 plac\u00e9 sous mandat de d\u00e9p\u00f4t puis transf\u00e9r\u00e9 au pavillon sp\u00e9cial. Il est reproch\u00e9 les faits d\u2019actes ou man\u0153uvres de nature \u00e0 compromettre la s\u00e9curit\u00e9 publique et actions directes. La chambre d\u2019accusation de la Cour d\u2019appel de Dakar suit le\u00a0r\u00e9quisitoire du parquet qui avait requis un mandat de d\u00e9p\u00f4t contre Aliou San\u00e9, selon son avocat Me Moussa Sarr. La chambre d\u2019accusation de la Cour d\u2019appel de Dakar envoie Aliou San\u00e9 en prison En effet dans sa d\u00e9cision rendue ce mardi, la Cour a d\u00e9cern\u00e9 un mandat de d\u00e9p\u00f4t contre le coordonnateur de\u00a0 Y en a marre et non moins membre de la plateforme F24, rapporte PressAfrik.\u00a0Avec cette d\u00e9cision, la Chambre d\u2019accusation infirme l\u2019ordonnance de refus de placement sous mandat de d\u00e9p\u00f4t prise par le juge d\u2019instruction du 2e cabinet . Aliou San\u00e9 a \u00e9t\u00e9 interpell\u00e9 devant le domicile du leader de Pastef avant d\u2019\u00eatre inculp\u00e9 sous le r\u00e9gime de la libert\u00e9 provisoire. \u00a0Actu Internationale Ukraine et Russie d\u00e9noncent chacune des pressions sur les \u00c9tats africains \u00c0 la veille du sommet Russie-Afrique, qui se tiendra jeudi 27 et vendredi 28 juillet \u00e0 Saint-P\u00e9tersbourg, diplomatie ukrainienne et russe tentent de mobiliser leurs alli\u00e9s sur le continent. Alors que le ministre des Affaires \u00e9trang\u00e8res ukrainien, Dmytro Kouleba, d\u00e9nonce un sommet visant \u00e0 redorer l\u2019image de Vladimir Poutine, le porte-parole de la pr\u00e9sidence russe, Dmitri Peskov, accuse au contraire les pays occidentaux de faire pression sur les dirigeants africains. (Avec Rfi) Mali : Les USA sanctionnent trois hauts responsables pour y avoir facilit\u00e9 l\u2019expansion de Wagner Washington a sanctionn\u00e9 trois hauts responsables maliens ce 24 juillet 2023 pour avoir aid\u00e9 au d\u00e9ploiement de Wagner au Mali\u00a0: l\u2019actuel ministre de la D\u00e9fense Sadio Camara, le g\u00e9n\u00e9ral Alou Bo\u00ef Diarra, patron de l\u2019arm\u00e9e<\/p>\n","protected":false},"author":7,"featured_media":25519,"comment_status":"open","ping_status":"open","sticky":false,"template":"","format":"standard","meta":{"_jetpack_memberships_contains_paid_content":false,"footnotes":""},"categories":[375,3,8,844,1,372],"tags":[],"class_list":["post-25517","post","type-post","status-publish","format-standard","has-post-thumbnail","hentry","category-actualites","category-politique","category-public-tv","category-revue-de-presse","category-non-classe","category-vedette","entry","has-media","owp-thumbs-layout-horizontal","owp-btn-normal","owp-tabs-layout-horizontal","has-no-thumbnails","has-product-nav"],"yoast_head":"<!-- This site is optimized with the Yoast SEO plugin v25.5 - https:\/\/yoast.com\/wordpress\/plugins\/seo\/ -->\n<title>PUBLIC MATIN-ACTUALITES,CE MERCREDI 26 JUILLET 2023 - LE PUBLIC<\/title>\n<meta name=\"robots\" content=\"index, follow, max-snippet:-1, max-image-preview:large, max-video-preview:-1\" \/>\n<link rel=\"canonical\" href=\"https:\/\/www.public.sn\/index.php\/2023\/07\/26\/public-matin-actualitesce-mercredi-26-juillet-2023\/\" \/>\n<meta property=\"og:locale\" content=\"fr_FR\" \/>\n<meta property=\"og:type\" content=\"article\" \/>\n<meta property=\"og:title\" content=\"PUBLIC MATIN-ACTUALITES,CE MERCREDI 26 JUILLET 2023 - LE PUBLIC\" \/>\n<meta property=\"og:description\" content=\"Chavirement d\u2019une pirogue : Les \u00e9clairages du gouvernement Au lendemain du chavirement d\u2019une pirogue de migrants au large de Ouakam, le gouvernement a fait face \u00e0 la presse pour se prononcer sur la question. Abdou Karim Fofana, ministre et porte-parole du gouvernement a d\u00e9menti l\u2019information selon laquelle 18 corps sans vie ont \u00e9t\u00e9 rep\u00each\u00e9s par les sapeurs-pompiers. \u00ab\u00a0Il s\u2019agit de 16 corps sans vie et 3 rescap\u00e9s. 15 ont \u00e9t\u00e9 d\u00e9nombr\u00e9s, hier lundi, et ce mardi matin, un autre corps a \u00e9t\u00e9 rep\u00each\u00e9 pr\u00e8s de Ouakam\u00a0\u00bb, a-t-il pr\u00e9cis\u00e9 lors d\u2019une conf\u00e9rence de presse. Par ailleurs, il a battu en br\u00e8che les t\u00e9moignages selon lesquels la pirogue de migrants a \u00e9t\u00e9 heurt\u00e9 par une vedette de la marine nationale. \u00ab\u00a0Cette information n\u2019est pas av\u00e9r\u00e9e. La preuve\u00a0? Une vedette ne peut pas acc\u00e9der au lieu du chavirement. Pour y acc\u00e9der il faut des cano\u00ebs en pneumatique. C\u2019est des erreurs ou des t\u00e9moignages qui ont induit certains m\u00e9dias en erreur\u00a0\u00bb, a soutenu Abdou Karim Fofana selon qui, toutes les dispositions seront prises par le gouvernement pour apporter aide et assistance aux familles des victimes. &#8211;\u00a0Maroc : Rapatriement d\u2019une cinquantaine de migrants s\u00e9n\u00e9galais par voie a\u00e9rienne ce mercredi Une cinquantaine de S\u00e9n\u00e9galais \u00e0 la sant\u00e9 pr\u00e9caire, dont des femmes et des mineurs, secourus en mer par la marine royale marocaine, vont regagner le S\u00e9n\u00e9gal, ce mercredi, \u00e0 bord d\u2019un avion de l\u2019arm\u00e9e de l\u2019air s\u00e9n\u00e9galaise, a annonc\u00e9 la ministre en charge des S\u00e9n\u00e9galais de l\u2019ext\u00e9rieur, Annette Ndiaye. \u2018\u2019Nous allons faire rentrer par voie a\u00e9rienne, gr\u00e2ce \u00e0 l\u2019avion militaire qui a \u00e9t\u00e9 mis \u00e0 notre disposition par le chef de l\u2019Etat une cinquantaine de nos compatriotes dont des femmes et quelques mineurs\u2019\u2019, a-t-elle d\u00e9clar\u00e9 mardi dans la soir\u00e9e \u00e0 des journalistes. Elle n\u2019a pas donn\u00e9 davantage de d\u00e9tails sur l\u2019heure \u00e0 laquelle l\u2019avion devant transporter ces compatriotes allait d\u00e9coller de Dakhla. Intervenant \u00e0 l\u2019issue d\u2019une rencontre avec des repr\u00e9sentants de la communaut\u00e9 s\u00e9n\u00e9galaise \u00e9tablie \u00e0 Dakhla, localit\u00e9 situ\u00e9e au sud du territoire marocain, Mme Seck a toutefois signal\u00e9 ce vol concerne les migrants \u00e0 l\u2019\u00e9tat de sant\u00e9 pr\u00e9caire. Les op\u00e9rations de rapatriement de ces compatriotes \u00e0 partir de Dakhla vont se poursuivre vendredi avec un groupe qui va regagner par la route le S\u00e9n\u00e9gal en passant par la Mauritanie, a assur\u00e9 la ministre des S\u00e9n\u00e9galais de l\u2019ext\u00e9rieur. Elle a insist\u00e9 sur le fait que ces compatriotes font partie des plus de 700 candidats \u00e0 l\u2019\u00e9migration qui ont afflu\u00e9 \u00e0 partir du mois de juin dans la ville de Dakhla. Lev\u00e9e du blocus de Sonko : Le gouvernement s\u2019explique Les pouvoirs publics ont ordonn\u00e9 la lev\u00e9e du \u2018\u2019blocus\u2019\u2019 de la cit\u00e9 Keur Gorgui, le quartier dakarois o\u00f9 est domicili\u00e9 l\u2019opposant Ousmane Sonko, parce qu\u2019\u2018\u2019il n\u2019y a plus d\u2019appels \u00e0 l\u2019insurrection\u2019\u2019, a d\u00e9clar\u00e9 le ministre du Commerce et porte-parole du gouvernement, Abdou Karim Fofana, mardi, \u00e0 Dakar. \u2018\u2019Au mois de juin, il y a eu beaucoup d\u2019appels \u00e0 la manifestation, beaucoup d\u2019appels \u00e0 l\u2019insurrection\u2019\u2019, a-t-il argu\u00e9 en pr\u00e9sence de ses coll\u00e8gues Issakha Diop, ministre de la Pr\u00e9vention et de la Gestion des inondations, et Serigne Mbaye Thiam, celui charg\u00e9 de l\u2019Eau et de l\u2019Assainissement. Abdou Karim Fofana affirme que \u2018\u2019l\u2019\u00c9tat a pris des mesures de pr\u00e9vention en restreignant la circulation dans le quartier cit\u00e9 Keur Gorgui\u2019\u2019, o\u00f9 se trouve le domicile du chef de l\u2019opposition. Il appartient au procureur de la R\u00e9publique d\u2019indiquer la conduite \u00e0 tenir, concernant Ousmane Sonko, a r\u00e9pondu le porte-parole du gouvernement \u00e0 la question de savoir si l\u2019opposant jug\u00e9 et condamn\u00e9 \u00e0 deux ans de prison ferme, le 1er\u00a0juin, sera arr\u00eat\u00e9. Libert\u00e9 provisoire accord\u00e9e \u00e0 Cheikh Bara Ndiaye Bonne nouvelle pour Cheikh Bara Ndiaye. Selon son avocat, Me Moussa Sarr, le juge d\u2019instruction charg\u00e9 du deuxi\u00e8me cabinet a rendu, ce mardi, une ordonnance de mise en libert\u00e9 provisoire. Ce n\u2019est pas tout puisque le magistrat a plac\u00e9 le chroniqueur de Walf TV sous contr\u00f4le judiciaire avec obligation d\u2019\u00e9marger le premier vendredi de chaque mois, interdiction de sortie du territoire national sans autorisation et interdiction de parler du dossier. Avec cette d\u00e9cision, Cheikh Bara Ndiaye va humer l\u2019air de la libert\u00e9. Cependant, un appel du parquet dans les cinq jours, \u00e0 compter de la notification de la d\u00e9cision, pourrait le retenir dans les liens de la d\u00e9tention. S\u2019agissant des faits, le chroniqueur de Walf a \u00e9t\u00e9 plac\u00e9 sous mandat de d\u00e9p\u00f4t puis transf\u00e9r\u00e9 au pavillon sp\u00e9cial. Il est reproch\u00e9 les faits d\u2019actes ou man\u0153uvres de nature \u00e0 compromettre la s\u00e9curit\u00e9 publique et actions directes. La chambre d\u2019accusation de la Cour d\u2019appel de Dakar suit le\u00a0r\u00e9quisitoire du parquet qui avait requis un mandat de d\u00e9p\u00f4t contre Aliou San\u00e9, selon son avocat Me Moussa Sarr. La chambre d\u2019accusation de la Cour d\u2019appel de Dakar envoie Aliou San\u00e9 en prison En effet dans sa d\u00e9cision rendue ce mardi, la Cour a d\u00e9cern\u00e9 un mandat de d\u00e9p\u00f4t contre le coordonnateur de\u00a0 Y en a marre et non moins membre de la plateforme F24, rapporte PressAfrik.\u00a0Avec cette d\u00e9cision, la Chambre d\u2019accusation infirme l\u2019ordonnance de refus de placement sous mandat de d\u00e9p\u00f4t prise par le juge d\u2019instruction du 2e cabinet . Aliou San\u00e9 a \u00e9t\u00e9 interpell\u00e9 devant le domicile du leader de Pastef avant d\u2019\u00eatre inculp\u00e9 sous le r\u00e9gime de la libert\u00e9 provisoire. \u00a0Actu Internationale Ukraine et Russie d\u00e9noncent chacune des pressions sur les \u00c9tats africains \u00c0 la veille du sommet Russie-Afrique, qui se tiendra jeudi 27 et vendredi 28 juillet \u00e0 Saint-P\u00e9tersbourg, diplomatie ukrainienne et russe tentent de mobiliser leurs alli\u00e9s sur le continent. Alors que le ministre des Affaires \u00e9trang\u00e8res ukrainien, Dmytro Kouleba, d\u00e9nonce un sommet visant \u00e0 redorer l\u2019image de Vladimir Poutine, le porte-parole de la pr\u00e9sidence russe, Dmitri Peskov, accuse au contraire les pays occidentaux de faire pression sur les dirigeants africains. (Avec Rfi) Mali : Les USA sanctionnent trois hauts responsables pour y avoir facilit\u00e9 l\u2019expansion de Wagner Washington a sanctionn\u00e9 trois hauts responsables maliens ce 24 juillet 2023 pour avoir aid\u00e9 au d\u00e9ploiement de Wagner au Mali\u00a0: l\u2019actuel ministre de la D\u00e9fense Sadio Camara, le g\u00e9n\u00e9ral Alou Bo\u00ef Diarra, patron de l\u2019arm\u00e9e\" \/>\n<meta property=\"og:url\" content=\"https:\/\/www.public.sn\/index.php\/2023\/07\/26\/public-matin-actualitesce-mercredi-26-juillet-2023\/\" \/>\n<meta property=\"og:site_name\" content=\"LE PUBLIC\" \/>\n<meta property=\"article:published_time\" content=\"2023-07-26T08:00:17+00:00\" \/>\n<meta property=\"og:image\" content=\"https:\/\/www.public.sn\/wp-content\/uploads\/2023\/07\/Karim-Fofana-1140x570-1.jpeg\" \/>\n\t<meta property=\"og:image:width\" content=\"1140\" \/>\n\t<meta property=\"og:image:height\" content=\"570\" \/>\n\t<meta property=\"og:image:type\" content=\"image\/jpeg\" \/>\n<meta name=\"author\" content=\"LA REDACTION\" \/>\n<meta name=\"twitter:card\" content=\"summary_large_image\" \/>\n<meta name=\"twitter:label1\" content=\"\u00c9crit par\" \/>\n\t<meta name=\"twitter:data1\" content=\"LA REDACTION\" \/>\n\t<meta name=\"twitter:label2\" content=\"Dur\u00e9e de lecture estim\u00e9e\" \/>\n\t<meta name=\"twitter:data2\" content=\"7 minutes\" \/>\n<script type=\"application\/ld+json\" class=\"yoast-schema-graph\">{\"@context\":\"https:\/\/schema.org\",\"@graph\":[{\"@type\":\"Article\",\"@id\":\"https:\/\/www.public.sn\/index.php\/2023\/07\/26\/public-matin-actualitesce-mercredi-26-juillet-2023\/#article\",\"isPartOf\":{\"@id\":\"https:\/\/www.public.sn\/index.php\/2023\/07\/26\/public-matin-actualitesce-mercredi-26-juillet-2023\/\"},\"author\":{\"name\":\"LA REDACTION\",\"@id\":\"https:\/\/www.public.sn\/#\/schema\/person\/cb76c8e1b8becc6be61fb5e92d6d0224\"},\"headline\":\"PUBLIC MATIN-ACTUALITES,CE MERCREDI 26 JUILLET 2023\",\"datePublished\":\"2023-07-26T08:00:17+00:00\",\"mainEntityOfPage\":{\"@id\":\"https:\/\/www.public.sn\/index.php\/2023\/07\/26\/public-matin-actualitesce-mercredi-26-juillet-2023\/\"},\"wordCount\":1593,\"commentCount\":0,\"publisher\":{\"@id\":\"https:\/\/www.public.sn\/#organization\"},\"image\":{\"@id\":\"https:\/\/www.public.sn\/index.php\/2023\/07\/26\/public-matin-actualitesce-mercredi-26-juillet-2023\/#primaryimage\"},\"thumbnailUrl\":\"https:\/\/www.public.sn\/wp-content\/uploads\/2023\/07\/Karim-Fofana-1140x570-1.jpeg\",\"articleSection\":[\"ACTUALIT\u00c9S\",\"POLITIQUE\",\"PUBLIC TV\",\"REVUE DE PRESSE\",\"S\u00c9N\u00c9GAL\",\"VEDETTE\"],\"inLanguage\":\"fr-FR\",\"potentialAction\":[{\"@type\":\"CommentAction\",\"name\":\"Comment\",\"target\":[\"https:\/\/www.public.sn\/index.php\/2023\/07\/26\/public-matin-actualitesce-mercredi-26-juillet-2023\/#respond\"]}]},{\"@type\":\"WebPage\",\"@id\":\"https:\/\/www.public.sn\/index.php\/2023\/07\/26\/public-matin-actualitesce-mercredi-26-juillet-2023\/\",\"url\":\"https:\/\/www.public.sn\/index.php\/2023\/07\/26\/public-matin-actualitesce-mercredi-26-juillet-2023\/\",\"name\":\"PUBLIC MATIN-ACTUALITES,CE MERCREDI 26 JUILLET 2023 - LE PUBLIC\",\"isPartOf\":{\"@id\":\"https:\/\/www.public.sn\/#website\"},\"primaryImageOfPage\":{\"@id\":\"https:\/\/www.public.sn\/index.php\/2023\/07\/26\/public-matin-actualitesce-mercredi-26-juillet-2023\/#primaryimage\"},\"image\":{\"@id\":\"https:\/\/www.public.sn\/index.php\/2023\/07\/26\/public-matin-actualitesce-mercredi-26-juillet-2023\/#primaryimage\"},\"thumbnailUrl\":\"https:\/\/www.public.sn\/wp-content\/uploads\/2023\/07\/Karim-Fofana-1140x570-1.jpeg\",\"datePublished\":\"2023-07-26T08:00:17+00:00\",\"breadcrumb\":{\"@id\":\"https:\/\/www.public.sn\/index.php\/2023\/07\/26\/public-matin-actualitesce-mercredi-26-juillet-2023\/#breadcrumb\"},\"inLanguage\":\"fr-FR\",\"potentialAction\":[{\"@type\":\"ReadAction\",\"target\":[\"https:\/\/www.public.sn\/index.php\/2023\/07\/26\/public-matin-actualitesce-mercredi-26-juillet-2023\/\"]}]},{\"@type\":\"ImageObject\",\"inLanguage\":\"fr-FR\",\"@id\":\"https:\/\/www.public.sn\/index.php\/2023\/07\/26\/public-matin-actualitesce-mercredi-26-juillet-2023\/#primaryimage\",\"url\":\"https:\/\/www.public.sn\/wp-content\/uploads\/2023\/07\/Karim-Fofana-1140x570-1.jpeg\",\"contentUrl\":\"https:\/\/www.public.sn\/wp-content\/uploads\/2023\/07\/Karim-Fofana-1140x570-1.jpeg\",\"width\":1140,\"height\":570},{\"@type\":\"BreadcrumbList\",\"@id\":\"https:\/\/www.public.sn\/index.php\/2023\/07\/26\/public-matin-actualitesce-mercredi-26-juillet-2023\/#breadcrumb\",\"itemListElement\":[{\"@type\":\"ListItem\",\"position\":1,\"name\":\"Accueil\",\"item\":\"https:\/\/www.public.sn\/\"},{\"@type\":\"ListItem\",\"position\":2,\"name\":\"PUBLIC MATIN-ACTUALITES,CE MERCREDI 26 JUILLET 2023\"}]},{\"@type\":\"WebSite\",\"@id\":\"https:\/\/www.public.sn\/#website\",\"url\":\"https:\/\/www.public.sn\/\",\"name\":\"LE PUBLIC\",\"description\":\"\",\"publisher\":{\"@id\":\"https:\/\/www.public.sn\/#organization\"},\"potentialAction\":[{\"@type\":\"SearchAction\",\"target\":{\"@type\":\"EntryPoint\",\"urlTemplate\":\"https:\/\/www.public.sn\/?s={search_term_string}\"},\"query-input\":{\"@type\":\"PropertyValueSpecification\",\"valueRequired\":true,\"valueName\":\"search_term_string\"}}],\"inLanguage\":\"fr-FR\"},{\"@type\":\"Organization\",\"@id\":\"https:\/\/www.public.sn\/#organization\",\"name\":\"LE PUBLIC\",\"url\":\"https:\/\/www.public.sn\/\",\"logo\":{\"@type\":\"ImageObject\",\"inLanguage\":\"fr-FR\",\"@id\":\"https:\/\/www.public.sn\/#\/schema\/logo\/image\/\",\"url\":\"https:\/\/www.public.sn\/wp-content\/uploads\/2024\/05\/cropped-LOGO-PUBLIC.SN_.png\",\"contentUrl\":\"https:\/\/www.public.sn\/wp-content\/uploads\/2024\/05\/cropped-LOGO-PUBLIC.SN_.png\",\"width\":682,\"height\":192,\"caption\":\"LE PUBLIC\"},\"image\":{\"@id\":\"https:\/\/www.public.sn\/#\/schema\/logo\/image\/\"}},{\"@type\":\"Person\",\"@id\":\"https:\/\/www.public.sn\/#\/schema\/person\/cb76c8e1b8becc6be61fb5e92d6d0224\",\"name\":\"LA REDACTION\",\"image\":{\"@type\":\"ImageObject\",\"inLanguage\":\"fr-FR\",\"@id\":\"https:\/\/www.public.sn\/#\/schema\/person\/image\/\",\"url\":\"https:\/\/secure.gravatar.com\/avatar\/2dce5ddd34b8fef0180efe03aa2a9bee7d953856048f9a16b298190a3178407c?s=96&d=mm&r=g\",\"contentUrl\":\"https:\/\/secure.gravatar.com\/avatar\/2dce5ddd34b8fef0180efe03aa2a9bee7d953856048f9a16b298190a3178407c?s=96&d=mm&r=g\",\"caption\":\"LA REDACTION\"},\"url\":\"https:\/\/www.public.sn\/index.php\/author\/editeurpsn\/\"}]}<\/script>\n<!-- \/ Yoast SEO plugin. -->","yoast_head_json":{"title":"PUBLIC MATIN-ACTUALITES,CE MERCREDI 26 JUILLET 2023 - LE PUBLIC","robots":{"index":"index","follow":"follow","max-snippet":"max-snippet:-1","max-image-preview":"max-image-preview:large","max-video-preview":"max-video-preview:-1"},"canonical":"https:\/\/www.public.sn\/index.php\/2023\/07\/26\/public-matin-actualitesce-mercredi-26-juillet-2023\/","og_locale":"fr_FR","og_type":"article","og_title":"PUBLIC MATIN-ACTUALITES,CE MERCREDI 26 JUILLET 2023 - LE PUBLIC","og_description":"Chavirement d\u2019une pirogue : Les \u00e9clairages du gouvernement Au lendemain du chavirement d\u2019une pirogue de migrants au large de Ouakam, le gouvernement a fait face \u00e0 la presse pour se prononcer sur la question. Abdou Karim Fofana, ministre et porte-parole du gouvernement a d\u00e9menti l\u2019information selon laquelle 18 corps sans vie ont \u00e9t\u00e9 rep\u00each\u00e9s par les sapeurs-pompiers. \u00ab\u00a0Il s\u2019agit de 16 corps sans vie et 3 rescap\u00e9s. 15 ont \u00e9t\u00e9 d\u00e9nombr\u00e9s, hier lundi, et ce mardi matin, un autre corps a \u00e9t\u00e9 rep\u00each\u00e9 pr\u00e8s de Ouakam\u00a0\u00bb, a-t-il pr\u00e9cis\u00e9 lors d\u2019une conf\u00e9rence de presse. Par ailleurs, il a battu en br\u00e8che les t\u00e9moignages selon lesquels la pirogue de migrants a \u00e9t\u00e9 heurt\u00e9 par une vedette de la marine nationale. \u00ab\u00a0Cette information n\u2019est pas av\u00e9r\u00e9e. La preuve\u00a0? Une vedette ne peut pas acc\u00e9der au lieu du chavirement. Pour y acc\u00e9der il faut des cano\u00ebs en pneumatique. C\u2019est des erreurs ou des t\u00e9moignages qui ont induit certains m\u00e9dias en erreur\u00a0\u00bb, a soutenu Abdou Karim Fofana selon qui, toutes les dispositions seront prises par le gouvernement pour apporter aide et assistance aux familles des victimes. &#8211;\u00a0Maroc : Rapatriement d\u2019une cinquantaine de migrants s\u00e9n\u00e9galais par voie a\u00e9rienne ce mercredi Une cinquantaine de S\u00e9n\u00e9galais \u00e0 la sant\u00e9 pr\u00e9caire, dont des femmes et des mineurs, secourus en mer par la marine royale marocaine, vont regagner le S\u00e9n\u00e9gal, ce mercredi, \u00e0 bord d\u2019un avion de l\u2019arm\u00e9e de l\u2019air s\u00e9n\u00e9galaise, a annonc\u00e9 la ministre en charge des S\u00e9n\u00e9galais de l\u2019ext\u00e9rieur, Annette Ndiaye. \u2018\u2019Nous allons faire rentrer par voie a\u00e9rienne, gr\u00e2ce \u00e0 l\u2019avion militaire qui a \u00e9t\u00e9 mis \u00e0 notre disposition par le chef de l\u2019Etat une cinquantaine de nos compatriotes dont des femmes et quelques mineurs\u2019\u2019, a-t-elle d\u00e9clar\u00e9 mardi dans la soir\u00e9e \u00e0 des journalistes. Elle n\u2019a pas donn\u00e9 davantage de d\u00e9tails sur l\u2019heure \u00e0 laquelle l\u2019avion devant transporter ces compatriotes allait d\u00e9coller de Dakhla. Intervenant \u00e0 l\u2019issue d\u2019une rencontre avec des repr\u00e9sentants de la communaut\u00e9 s\u00e9n\u00e9galaise \u00e9tablie \u00e0 Dakhla, localit\u00e9 situ\u00e9e au sud du territoire marocain, Mme Seck a toutefois signal\u00e9 ce vol concerne les migrants \u00e0 l\u2019\u00e9tat de sant\u00e9 pr\u00e9caire. Les op\u00e9rations de rapatriement de ces compatriotes \u00e0 partir de Dakhla vont se poursuivre vendredi avec un groupe qui va regagner par la route le S\u00e9n\u00e9gal en passant par la Mauritanie, a assur\u00e9 la ministre des S\u00e9n\u00e9galais de l\u2019ext\u00e9rieur. Elle a insist\u00e9 sur le fait que ces compatriotes font partie des plus de 700 candidats \u00e0 l\u2019\u00e9migration qui ont afflu\u00e9 \u00e0 partir du mois de juin dans la ville de Dakhla. Lev\u00e9e du blocus de Sonko : Le gouvernement s\u2019explique Les pouvoirs publics ont ordonn\u00e9 la lev\u00e9e du \u2018\u2019blocus\u2019\u2019 de la cit\u00e9 Keur Gorgui, le quartier dakarois o\u00f9 est domicili\u00e9 l\u2019opposant Ousmane Sonko, parce qu\u2019\u2018\u2019il n\u2019y a plus d\u2019appels \u00e0 l\u2019insurrection\u2019\u2019, a d\u00e9clar\u00e9 le ministre du Commerce et porte-parole du gouvernement, Abdou Karim Fofana, mardi, \u00e0 Dakar. \u2018\u2019Au mois de juin, il y a eu beaucoup d\u2019appels \u00e0 la manifestation, beaucoup d\u2019appels \u00e0 l\u2019insurrection\u2019\u2019, a-t-il argu\u00e9 en pr\u00e9sence de ses coll\u00e8gues Issakha Diop, ministre de la Pr\u00e9vention et de la Gestion des inondations, et Serigne Mbaye Thiam, celui charg\u00e9 de l\u2019Eau et de l\u2019Assainissement. Abdou Karim Fofana affirme que \u2018\u2019l\u2019\u00c9tat a pris des mesures de pr\u00e9vention en restreignant la circulation dans le quartier cit\u00e9 Keur Gorgui\u2019\u2019, o\u00f9 se trouve le domicile du chef de l\u2019opposition. Il appartient au procureur de la R\u00e9publique d\u2019indiquer la conduite \u00e0 tenir, concernant Ousmane Sonko, a r\u00e9pondu le porte-parole du gouvernement \u00e0 la question de savoir si l\u2019opposant jug\u00e9 et condamn\u00e9 \u00e0 deux ans de prison ferme, le 1er\u00a0juin, sera arr\u00eat\u00e9. Libert\u00e9 provisoire accord\u00e9e \u00e0 Cheikh Bara Ndiaye Bonne nouvelle pour Cheikh Bara Ndiaye. Selon son avocat, Me Moussa Sarr, le juge d\u2019instruction charg\u00e9 du deuxi\u00e8me cabinet a rendu, ce mardi, une ordonnance de mise en libert\u00e9 provisoire. Ce n\u2019est pas tout puisque le magistrat a plac\u00e9 le chroniqueur de Walf TV sous contr\u00f4le judiciaire avec obligation d\u2019\u00e9marger le premier vendredi de chaque mois, interdiction de sortie du territoire national sans autorisation et interdiction de parler du dossier. Avec cette d\u00e9cision, Cheikh Bara Ndiaye va humer l\u2019air de la libert\u00e9. Cependant, un appel du parquet dans les cinq jours, \u00e0 compter de la notification de la d\u00e9cision, pourrait le retenir dans les liens de la d\u00e9tention. S\u2019agissant des faits, le chroniqueur de Walf a \u00e9t\u00e9 plac\u00e9 sous mandat de d\u00e9p\u00f4t puis transf\u00e9r\u00e9 au pavillon sp\u00e9cial. Il est reproch\u00e9 les faits d\u2019actes ou man\u0153uvres de nature \u00e0 compromettre la s\u00e9curit\u00e9 publique et actions directes. La chambre d\u2019accusation de la Cour d\u2019appel de Dakar suit le\u00a0r\u00e9quisitoire du parquet qui avait requis un mandat de d\u00e9p\u00f4t contre Aliou San\u00e9, selon son avocat Me Moussa Sarr. La chambre d\u2019accusation de la Cour d\u2019appel de Dakar envoie Aliou San\u00e9 en prison En effet dans sa d\u00e9cision rendue ce mardi, la Cour a d\u00e9cern\u00e9 un mandat de d\u00e9p\u00f4t contre le coordonnateur de\u00a0 Y en a marre et non moins membre de la plateforme F24, rapporte PressAfrik.\u00a0Avec cette d\u00e9cision, la Chambre d\u2019accusation infirme l\u2019ordonnance de refus de placement sous mandat de d\u00e9p\u00f4t prise par le juge d\u2019instruction du 2e cabinet . Aliou San\u00e9 a \u00e9t\u00e9 interpell\u00e9 devant le domicile du leader de Pastef avant d\u2019\u00eatre inculp\u00e9 sous le r\u00e9gime de la libert\u00e9 provisoire. \u00a0Actu Internationale Ukraine et Russie d\u00e9noncent chacune des pressions sur les \u00c9tats africains \u00c0 la veille du sommet Russie-Afrique, qui se tiendra jeudi 27 et vendredi 28 juillet \u00e0 Saint-P\u00e9tersbourg, diplomatie ukrainienne et russe tentent de mobiliser leurs alli\u00e9s sur le continent. Alors que le ministre des Affaires \u00e9trang\u00e8res ukrainien, Dmytro Kouleba, d\u00e9nonce un sommet visant \u00e0 redorer l\u2019image de Vladimir Poutine, le porte-parole de la pr\u00e9sidence russe, Dmitri Peskov, accuse au contraire les pays occidentaux de faire pression sur les dirigeants africains. (Avec Rfi) Mali : Les USA sanctionnent trois hauts responsables pour y avoir facilit\u00e9 l\u2019expansion de Wagner Washington a sanctionn\u00e9 trois hauts responsables maliens ce 24 juillet 2023 pour avoir aid\u00e9 au d\u00e9ploiement de Wagner au Mali\u00a0: l\u2019actuel ministre de la D\u00e9fense Sadio Camara, le g\u00e9n\u00e9ral Alou Bo\u00ef Diarra, patron de l\u2019arm\u00e9e","og_url":"https:\/\/www.public.sn\/index.php\/2023\/07\/26\/public-matin-actualitesce-mercredi-26-juillet-2023\/","og_site_name":"LE PUBLIC","article_published_time":"2023-07-26T08:00:17+00:00","og_image":[{"width":1140,"height":570,"url":"https:\/\/www.public.sn\/wp-content\/uploads\/2023\/07\/Karim-Fofana-1140x570-1.jpeg","type":"image\/jpeg"}],"author":"LA REDACTION","twitter_card":"summary_large_image","twitter_misc":{"\u00c9crit par":"LA REDACTION","Dur\u00e9e de lecture estim\u00e9e":"7 minutes"},"schema":{"@context":"https:\/\/schema.org","@graph":[{"@type":"Article","@id":"https:\/\/www.public.sn\/index.php\/2023\/07\/26\/public-matin-actualitesce-mercredi-26-juillet-2023\/#article","isPartOf":{"@id":"https:\/\/www.public.sn\/index.php\/2023\/07\/26\/public-matin-actualitesce-mercredi-26-juillet-2023\/"},"author":{"name":"LA REDACTION","@id":"https:\/\/www.public.sn\/#\/schema\/person\/cb76c8e1b8becc6be61fb5e92d6d0224"},"headline":"PUBLIC MATIN-ACTUALITES,CE MERCREDI 26 JUILLET 2023","datePublished":"2023-07-26T08:00:17+00:00","mainEntityOfPage":{"@id":"https:\/\/www.public.sn\/index.php\/2023\/07\/26\/public-matin-actualitesce-mercredi-26-juillet-2023\/"},"wordCount":1593,"commentCount":0,"publisher":{"@id":"https:\/\/www.public.sn\/#organization"},"image":{"@id":"https:\/\/www.public.sn\/index.php\/2023\/07\/26\/public-matin-actualitesce-mercredi-26-juillet-2023\/#primaryimage"},"thumbnailUrl":"https:\/\/www.public.sn\/wp-content\/uploads\/2023\/07\/Karim-Fofana-1140x570-1.jpeg","articleSection":["ACTUALIT\u00c9S","POLITIQUE","PUBLIC TV","REVUE DE PRESSE","S\u00c9N\u00c9GAL","VEDETTE"],"inLanguage":"fr-FR","potentialAction":[{"@type":"CommentAction","name":"Comment","target":["https:\/\/www.public.sn\/index.php\/2023\/07\/26\/public-matin-actualitesce-mercredi-26-juillet-2023\/#respond"]}]},{"@type":"WebPage","@id":"https:\/\/www.public.sn\/index.php\/2023\/07\/26\/public-matin-actualitesce-mercredi-26-juillet-2023\/","url":"https:\/\/www.public.sn\/index.php\/2023\/07\/26\/public-matin-actualitesce-mercredi-26-juillet-2023\/","name":"PUBLIC MATIN-ACTUALITES,CE MERCREDI 26 JUILLET 2023 - LE PUBLIC","isPartOf":{"@id":"https:\/\/www.public.sn\/#website"},"primaryImageOfPage":{"@id":"https:\/\/www.public.sn\/index.php\/2023\/07\/26\/public-matin-actualitesce-mercredi-26-juillet-2023\/#primaryimage"},"image":{"@id":"https:\/\/www.public.sn\/index.php\/2023\/07\/26\/public-matin-actualitesce-mercredi-26-juillet-2023\/#primaryimage"},"thumbnailUrl":"https:\/\/www.public.sn\/wp-content\/uploads\/2023\/07\/Karim-Fofana-1140x570-1.jpeg","datePublished":"2023-07-26T08:00:17+00:00","breadcrumb":{"@id":"https:\/\/www.public.sn\/index.php\/2023\/07\/26\/public-matin-actualitesce-mercredi-26-juillet-2023\/#breadcrumb"},"inLanguage":"fr-FR","potentialAction":[{"@type":"ReadAction","target":["https:\/\/www.public.sn\/index.php\/2023\/07\/26\/public-matin-actualitesce-mercredi-26-juillet-2023\/"]}]},{"@type":"ImageObject","inLanguage":"fr-FR","@id":"https:\/\/www.public.sn\/index.php\/2023\/07\/26\/public-matin-actualitesce-mercredi-26-juillet-2023\/#primaryimage","url":"https:\/\/www.public.sn\/wp-content\/uploads\/2023\/07\/Karim-Fofana-1140x570-1.jpeg","contentUrl":"https:\/\/www.public.sn\/wp-content\/uploads\/2023\/07\/Karim-Fofana-1140x570-1.jpeg","width":1140,"height":570},{"@type":"BreadcrumbList","@id":"https:\/\/www.public.sn\/index.php\/2023\/07\/26\/public-matin-actualitesce-mercredi-26-juillet-2023\/#breadcrumb","itemListElement":[{"@type":"ListItem","position":1,"name":"Accueil","item":"https:\/\/www.public.sn\/"},{"@type":"ListItem","position":2,"name":"PUBLIC MATIN-ACTUALITES,CE MERCREDI 26 JUILLET 2023"}]},{"@type":"WebSite","@id":"https:\/\/www.public.sn\/#website","url":"https:\/\/www.public.sn\/","name":"LE PUBLIC","description":"","publisher":{"@id":"https:\/\/www.public.sn\/#organization"},"potentialAction":[{"@type":"SearchAction","target":{"@type":"EntryPoint","urlTemplate":"https:\/\/www.public.sn\/?s={search_term_string}"},"query-input":{"@type":"PropertyValueSpecification","valueRequired":true,"valueName":"search_term_string"}}],"inLanguage":"fr-FR"},{"@type":"Organization","@id":"https:\/\/www.public.sn\/#organization","name":"LE PUBLIC","url":"https:\/\/www.public.sn\/","logo":{"@type":"ImageObject","inLanguage":"fr-FR","@id":"https:\/\/www.public.sn\/#\/schema\/logo\/image\/","url":"https:\/\/www.public.sn\/wp-content\/uploads\/2024\/05\/cropped-LOGO-PUBLIC.SN_.png","contentUrl":"https:\/\/www.public.sn\/wp-content\/uploads\/2024\/05\/cropped-LOGO-PUBLIC.SN_.png","width":682,"height":192,"caption":"LE PUBLIC"},"image":{"@id":"https:\/\/www.public.sn\/#\/schema\/logo\/image\/"}},{"@type":"Person","@id":"https:\/\/www.public.sn\/#\/schema\/person\/cb76c8e1b8becc6be61fb5e92d6d0224","name":"LA REDACTION","image":{"@type":"ImageObject","inLanguage":"fr-FR","@id":"https:\/\/www.public.sn\/#\/schema\/person\/image\/","url":"https:\/\/secure.gravatar.com\/avatar\/2dce5ddd34b8fef0180efe03aa2a9bee7d953856048f9a16b298190a3178407c?s=96&d=mm&r=g","contentUrl":"https:\/\/secure.gravatar.com\/avatar\/2dce5ddd34b8fef0180efe03aa2a9bee7d953856048f9a16b298190a3178407c?s=96&d=mm&r=g","caption":"LA REDACTION"},"url":"https:\/\/www.public.sn\/index.php\/author\/editeurpsn\/"}]}},"jetpack_featured_media_url":"https:\/\/www.public.sn\/wp-content\/uploads\/2023\/07\/Karim-Fofana-1140x570-1.jpeg","jetpack_sharing_enabled":true,"_links":{"self":[{"href":"https:\/\/www.public.sn\/index.php\/wp-json\/wp\/v2\/posts\/25517","targetHints":{"allow":["GET"]}}],"collection":[{"href":"https:\/\/www.public.sn\/index.php\/wp-json\/wp\/v2\/posts"}],"about":[{"href":"https:\/\/www.public.sn\/index.php\/wp-json\/wp\/v2\/types\/post"}],"author":[{"embeddable":true,"href":"https:\/\/www.public.sn\/index.php\/wp-json\/wp\/v2\/users\/7"}],"replies":[{"embeddable":true,"href":"https:\/\/www.public.sn\/index.php\/wp-json\/wp\/v2\/comments?post=25517"}],"version-history":[{"count":1,"href":"https:\/\/www.public.sn\/index.php\/wp-json\/wp\/v2\/posts\/25517\/revisions"}],"predecessor-version":[{"id":25520,"href":"https:\/\/www.public.sn\/index.php\/wp-json\/wp\/v2\/posts\/25517\/revisions\/25520"}],"wp:featuredmedia":[{"embeddable":true,"href":"https:\/\/www.public.sn\/index.php\/wp-json\/wp\/v2\/media\/25519"}],"wp:attachment":[{"href":"https:\/\/www.public.sn\/index.php\/wp-json\/wp\/v2\/media?parent=25517"}],"wp:term":[{"taxonomy":"category","embeddable":true,"href":"https:\/\/www.public.sn\/index.php\/wp-json\/wp\/v2\/categories?post=25517"},{"taxonomy":"post_tag","embeddable":true,"href":"https:\/\/www.public.sn\/index.php\/wp-json\/wp\/v2\/tags?post=25517"}],"curies":[{"name":"wp","href":"https:\/\/api.w.org\/{rel}","templated":true}]}}