{"id":25521,"date":"2023-07-26T08:20:07","date_gmt":"2023-07-26T08:20:07","guid":{"rendered":"https:\/\/www.public.sn\/?p=25521"},"modified":"2023-07-26T08:20:07","modified_gmt":"2023-07-26T08:20:07","slug":"flash-info-actualites-politiquesce-mercredi-26-juillet-2023","status":"publish","type":"post","link":"https:\/\/www.public.sn\/index.php\/2023\/07\/26\/flash-info-actualites-politiquesce-mercredi-26-juillet-2023\/","title":{"rendered":"FLASH INFO-ACTUALITES POLITIQUES,CE MERCREDI 26 JUILLET 2023"},"content":{"rendered":"<p><img fetchpriority=\"high\" decoding=\"async\" class=\"alignnone size-full wp-image-25522\" src=\"https:\/\/www.public.sn\/wp-content\/uploads\/2023\/07\/macky-sall-9.jpeg\" alt=\"\" width=\"600\" height=\"462\" srcset=\"https:\/\/www.public.sn\/wp-content\/uploads\/2023\/07\/macky-sall-9.jpeg 600w, https:\/\/www.public.sn\/wp-content\/uploads\/2023\/07\/macky-sall-9-300x231.jpeg 300w\" sizes=\"(max-width: 600px) 100vw, 600px\" \/><\/p>\n<blockquote>\n<h2><strong><em>Malgr\u00e9 la r\u00e9ussite de son initiative de faire une p\u00e9tition d\u2019un million de signatures, le Direc\u00adteur g\u00e9n\u00e9ral de l\u2019Aibd n\u2019a pas r\u00e9us\u00adsi \u00e0 convaincre le chef de l\u2019Etat \u00e0 \u00a0briguer un troisi\u00e8me man\u00addat.<\/em><\/strong><\/h2>\n<\/blockquote>\n<p>Cependant, cette d\u00e9cision du Pr\u00e9sident Macky Sall n\u2019affecte en rien la confiance que Abdoulaye Di\u00e8ye\u00a0 a \u00a0\u00e0 l\u2019endroit de Macky Sall. \u00abLes membres de la plateforme acceptent cette d\u00e9cision et affichent leur soutien au chef de l\u2019Etat dans cette dynamique. La plateforme Siggi 2024 renouvelle ainsi \u00e0 sa confiance \u00e0 M. Macky Sall, chef de la mouvance pr\u00e9sidentielle, et s\u2019engage \u00e0 ses c\u00f4t\u00e9s \u00e0 respecter et \u00e0 accompagner le candidat de consensus et de la continuit\u00e9 qu\u2019il aura choisi pour porter sa vision d\u2019un S\u00e9n\u00e9gal \u00e9mergent \u00e0 l\u2019horizon 2035\u00bb, a-t-il d\u00e9clar\u00e9 dans un communiqu\u00e9 rendu public.<\/p><div class=\"publi-paragraphe1\" style=\"margin-top: 10px;margin-bottom: 10px;margin-left: auto;margin-right: auto;text-align: center;\" id=\"publi-751256522\"><div class=\"publi-adlabel\">Publicit\u00e9<\/div><script async src=\"\/\/pagead2.googlesyndication.com\/pagead\/js\/adsbygoogle.js?client=ca-pub-4089586018074219\" crossorigin=\"anonymous\"><\/script><ins class=\"adsbygoogle\" style=\"display:block;\" data-ad-client=\"ca-pub-4089586018074219\" \ndata-ad-slot=\"2087940154\" \ndata-ad-format=\"auto\"><\/ins>\n<script> \n(adsbygoogle = window.adsbygoogle || []).push({}); \n<\/script>\n<\/div>\n<p>Abdoulaye Di\u00e8ye trouve ainsi que\u00a0\u00abtoutes ces signatures expriment le souhait que beaucoup de S\u00e9n\u00e9galais nourrissaient de s\u2019inscrire dans la continuit\u00e9 avec le Pr\u00e9sident Macky Sall en 2024\u00bb, m\u00eame si ce dernier \u00aba d\u00e9cid\u00e9 de mani\u00e8re souveraine de continuer \u00e0 servir son pays dans d\u2019autres conditions\u00bb. Et c\u2019est ainsi que les membres de la plateforme Siggi 2024 ont remerci\u00e9 tous les citoyens s\u00e9n\u00e9galais et partisans du Pr\u00e9sident Macky Sall pour leur participation \u00e0 leur initiative de la p\u00e9tition. Car pour le \u00a0Directeur g\u00e9n\u00e9ral de l\u2019Aibd, \u00abce d\u00e9passement d\u2019objectif marque indubitablement l\u2019attachement que les S\u00e9n\u00e9galais portent au Pr\u00e9sident Macky Sall et la reconnaissance de son travail \u00e0 la t\u00eate de notre pays\u00bb.<\/p>\n<p>Le bilan de la p\u00e9tition initi\u00e9e par la plateforme Siggi 2024 pour pousser Macky Sall \u00e0 \u00eatre candidat \u00e0 la Pr\u00e9sidentielle de 2024 a d\u00e9pass\u00e9 de loin l\u2019objectif du million de signatures qui a \u00e9t\u00e9 vis\u00e9. \u00abCette r\u00e9ussite est symbolis\u00e9e par l\u2019adh\u00e9sion massive des S\u00e9n\u00e9galais \u00e0 la campagne de signature et qui a permis \u00e0 la plateforme de d\u00e9passer l\u2019objectif initial d\u2019un million de signatures qu\u2019elle s\u2019\u00e9tait fix\u00e9\u00bb, s\u2019est r\u00e9joui Abdoulaye Di\u00e8ye, le pr\u00e9sident de la plateforme Siggi 2024.<\/p>\n<p><img decoding=\"async\" class=\"alignnone size-full wp-image-25523\" src=\"https:\/\/www.public.sn\/wp-content\/uploads\/2023\/07\/OUSMANE-SONKO-1.jpeg\" alt=\"\" width=\"600\" height=\"362\" srcset=\"https:\/\/www.public.sn\/wp-content\/uploads\/2023\/07\/OUSMANE-SONKO-1.jpeg 600w, https:\/\/www.public.sn\/wp-content\/uploads\/2023\/07\/OUSMANE-SONKO-1-300x181.jpeg 300w\" sizes=\"(max-width: 600px) 100vw, 600px\" \/><\/p>\n<blockquote>\n<h2><strong><em>La lev\u00e9e du blocus du domicile de Ousmane Sonko est appr\u00e9ci\u00e9e positivement par le Forum du justiciable.<\/em><\/strong> Qui estime que cela \u00abparticipe \u00e0 la d\u00e9crispation de l\u2019espace politique\u00bb. Babacar Ba et ses camarades demandent, n\u00e9anmoins, dans un communiqu\u00e9, au pr\u00e9sident du parti Pastef de s\u2019abstenir \u00abde tout acte de provocation ou de d\u00e9fiance vis-\u00e0-vis des institutions de la R\u00e9publique pouvant aboutir \u00e0 des troubles \u00e0 l\u2019ordre public\u00bb.<\/h2>\n<\/blockquote>\n<p>Le Forum du justiciable invite, enfin, \u00abtous les acteurs \u00e0 davantage travailler \u00e0 pacifier l\u2019espace politique et \u00e0 consolider nos acquis d\u00e9mocratiques\u00bb.<\/p>\n<p><img decoding=\"async\" class=\"alignnone size-full wp-image-25524\" src=\"https:\/\/www.public.sn\/wp-content\/uploads\/2023\/07\/assome-diatta.jpeg\" alt=\"\" width=\"600\" height=\"429\" srcset=\"https:\/\/www.public.sn\/wp-content\/uploads\/2023\/07\/assome-diatta.jpeg 600w, https:\/\/www.public.sn\/wp-content\/uploads\/2023\/07\/assome-diatta-300x215.jpeg 300w\" sizes=\"(max-width: 600px) 100vw, 600px\" \/><\/p>\n<blockquote>\n<h2><em><strong>Le fait que le pr\u00e9sident de la R\u00e9publique lui ai demand\u00e9 d\u2019observer une \u00abpause\u00bb politique apr\u00e8s ses d\u00e9faites \u00e9lectorales aux Locales et aux L\u00e9gislatives a intrigu\u00e9 l\u2019ex-ministre du Commerce. Aminata Assome Diatta \u00e9voque cet \u00e9pisode parmi d\u2019autres pour justifier son d\u00e9part du parti pr\u00e9sidentiel.<\/strong><\/em><\/h2>\n<\/blockquote>\n<p><strong>\u00a0<\/strong>Le Parti du progr\u00e8s social collectif (Psc), qui se veut un \u00abprojet de r\u00e9paration sociale\u00bb, tel que mis en \u00e9vidence sur les tee-shirts des nombreux militants ayant pris part \u00e0 la rencontre, a \u00e9t\u00e9 officiellement lanc\u00e9 dimanche au terrain Yekini de Keur Massar par Aminata Assome Diatta. Une belle tribune pour l\u2019ancienne ministre afin de revenir sur les raisons de sa d\u00e9mission du parti pr\u00e9sidentiel.\u00a0\u00abLe 8 octobre, le pr\u00e9sident de la R\u00e9pu\u00adblique m\u2019a re\u00e7ue. Je croyais qu\u2019on allait discuter des difficult\u00e9s qu\u2019il y a \u00e0 Keur Massar et trouver les moyens de remporter la Pr\u00e9sidentielle \u00e0 venir. Malheureusement au cours de la discussion, il m\u2019a fait savoir qu\u2019il n\u2019\u00e9tait pas content du fait qu\u2019on ait perdu les \u00e9lections (locales et l\u00e9gislatives) et m\u2019a demand\u00e9 de marquer une pause\u00bb, a expliqu\u00e9 Assome Diatta, se disant intrigu\u00e9e par cette requ\u00eate du pr\u00e9sident de la R\u00e9publique.\u00a0\u00abNous avons entrepris des actions avec des hauts responsables de Bby pour discuter avec le Pr\u00e9sident afin de trouver une solution, tout cela n\u2019a pas abouti. Apr\u00e8s 5 mois dans cette situation, on s\u2019est dit qu\u2019il fallait revoir notre d\u00e9marche\u00bb,\u00a0a poursuivi la candidate de Bby pour Keur Massar lors des Locales.\u00a0\u00abCeux de Benno, qui voulaient travailler avec moi, je leur ai dit que je ne pouvais le faire, parce que c\u2019est par la confiance du Pr\u00e9sident que j\u2019ai \u00e9t\u00e9 \u00e0 la t\u00eate (de Bby \u00e0 Keur Massar) et que si le Pr\u00e9sident me demande de marquer une pause c\u2019est que cette confiance qu\u2019il avait en moi il ne l\u2019a plus. C\u2019est \u00e0 partir de ce moment qu\u2019on a d\u00e9cid\u00e9 de cr\u00e9er notre parti politique\u00bb,\u00a0a ainsi relev\u00e9 celle qui avait mis en place le mouvement Jappo Ak Assome en perspective de la Pr\u00e9\u00adsidentielle de 2019. \u00abC\u2019est lorsque qu\u2019il a annonc\u00e9 qu\u2019il n\u2019est pas candidat que nous avons d\u00e9cid\u00e9 de nous r\u00e9unir pour concr\u00e9tiser notre parti\u00bb, a-t-elle not\u00e9, indiquant avoir adress\u00e9 au Pr\u00e9sident Sall une correspondance rest\u00e9e sans r\u00e9ponse.\u00a0\u00abJe lui ai promis de le tenir inform\u00e9 de mes orientations\u00bb,\u00a0a-t-elle dit.<br \/>\nUne forte mobilisation a \u00e9t\u00e9 not\u00e9e \u00e0 l\u2019occasion du meeting au terrain Y\u00e9kini, et Assome Diatta a manifest\u00e9 son ambition de se lancer pour la Pr\u00e9sidentielle \u00e0 venir.<\/p>\n<p>Ministre du Commerce et des Pme pendant un peu plus de trois ans (avril 2019-septembre 2022), elle a promis, si les populations lui font confiance, une bonne politique de cr\u00e9ation d\u2019emplois, la lutte contre la corruption, une Justice qui marche normalement, une administration au service des citoyens\u2026 Comme pour dire.<\/p>\n<p><img loading=\"lazy\" decoding=\"async\" class=\"alignnone size-full wp-image-25525\" src=\"https:\/\/www.public.sn\/wp-content\/uploads\/2023\/07\/abdoul_5085.png\" alt=\"\" width=\"1600\" height=\"951\" srcset=\"https:\/\/www.public.sn\/wp-content\/uploads\/2023\/07\/abdoul_5085.png 1600w, https:\/\/www.public.sn\/wp-content\/uploads\/2023\/07\/abdoul_5085-600x357.png 600w, https:\/\/www.public.sn\/wp-content\/uploads\/2023\/07\/abdoul_5085-300x178.png 300w, https:\/\/www.public.sn\/wp-content\/uploads\/2023\/07\/abdoul_5085-1024x609.png 1024w, https:\/\/www.public.sn\/wp-content\/uploads\/2023\/07\/abdoul_5085-768x456.png 768w, https:\/\/www.public.sn\/wp-content\/uploads\/2023\/07\/abdoul_5085-1536x913.png 1536w\" sizes=\"(max-width: 1600px) 100vw, 1600px\" \/><\/p>\n<blockquote>\n<h2 class=\"summary_label\"><em><strong>La fa\u00e7on dont le pr\u00e9sident Macky Sall s\u2019implique dans le choix du candidat de la mouvance pr\u00e9sidentielle, est risqu\u00e9e. C\u2019est du moins, l\u2019avis de Abdoul Mbaye qui s\u2019exprimait dans un entretien avec L\u2019Observateur.\u00a0<\/strong><\/em><\/h2>\n<\/blockquote>\n<div id=\"printable\" class=\"text_body\">\n<p>\u00abJe pense d&rsquo;abord que Macky Sall a le droit de soutenir qui il veut publiquement. Mais, personnellement, je pense qu&rsquo;il aurait d\u00fb laisser la d\u00e9mocratie jouer au sein de son parti(Apr), de sa coalition (Bby) et constater le choix d&rsquo;un candidat pour renforcer les forces de cette coalition ou recommander le choix de deux ou trois candidats. Je crois personnellement qu&rsquo;il prend des risques en s&rsquo;impliquant trop dans le choix d&rsquo;un candidat.<\/p>\n<p>D&rsquo;abord, je doute qu&rsquo;il puisse faire l&rsquo;unanimit\u00e9. Ensuite, quand on a atteint une certaine stature, il faut pouvoir envisager les hypoth\u00e8ses. Si le candidat qu&rsquo;il impose, n&rsquo;est pas \u00e9lu, quelle relation va-t-il entretenir avec le futur pr\u00e9sident de la R\u00e9publique ? Il faut penser \u00e0 cela. Il se dit dispos\u00e9 \u00e0 aider qui viendra, mais encore faut-il qu&rsquo;il s&rsquo;y pr\u00e9pare. Macky Sall, pr\u00e9sident de la R\u00e9publique, doit \u00e9viter de trop s&rsquo;impliquer dans le choix de celui qui doit le succ\u00e9der parce que \u00e7a peut cr\u00e9er des fractures fortes et consid\u00e9rablement affaiblir son propre projet.\u00bb<\/p>\n<p>&nbsp;<\/p>\n<\/div>\n<div class=\"publi-apres-le-contenu\" style=\"margin-top: 10px;margin-bottom: 10px;margin-left: auto;margin-right: auto;text-align: center;\" id=\"publi-2716020279\"><div class=\"publi-adlabel\">Publicit\u00e9<\/div><script async src=\"\/\/pagead2.googlesyndication.com\/pagead\/js\/adsbygoogle.js?client=ca-pub-4089586018074219\" crossorigin=\"anonymous\"><\/script><ins class=\"adsbygoogle\" style=\"display:block;\" data-ad-client=\"ca-pub-4089586018074219\" \ndata-ad-slot=\"2087940154\" \ndata-ad-format=\"auto\"><\/ins>\n<script> \n(adsbygoogle = window.adsbygoogle || []).push({}); \n<\/script>\n<\/div>","protected":false},"excerpt":{"rendered":"<p>Malgr\u00e9 la r\u00e9ussite de son initiative de faire une p\u00e9tition d\u2019un million de signatures, le Direc\u00adteur g\u00e9n\u00e9ral de l\u2019Aibd n\u2019a pas r\u00e9us\u00adsi \u00e0 convaincre le chef de l\u2019Etat \u00e0 \u00a0briguer un troisi\u00e8me man\u00addat. Cependant, cette d\u00e9cision du Pr\u00e9sident Macky Sall n\u2019affecte en rien la confiance que Abdoulaye Di\u00e8ye\u00a0 a \u00a0\u00e0 l\u2019endroit de Macky Sall. \u00abLes membres de la plateforme acceptent cette d\u00e9cision et affichent leur soutien au chef de l\u2019Etat dans cette dynamique. La plateforme Siggi 2024 renouvelle ainsi \u00e0 sa confiance \u00e0 M. Macky Sall, chef de la mouvance pr\u00e9sidentielle, et s\u2019engage \u00e0 ses c\u00f4t\u00e9s \u00e0 respecter et \u00e0 accompagner le candidat de consensus et de la continuit\u00e9 qu\u2019il aura choisi pour porter sa vision d\u2019un S\u00e9n\u00e9gal \u00e9mergent \u00e0 l\u2019horizon 2035\u00bb, a-t-il d\u00e9clar\u00e9 dans un communiqu\u00e9 rendu public. Abdoulaye Di\u00e8ye trouve ainsi que\u00a0\u00abtoutes ces signatures expriment le souhait que beaucoup de S\u00e9n\u00e9galais nourrissaient de s\u2019inscrire dans la continuit\u00e9 avec le Pr\u00e9sident Macky Sall en 2024\u00bb, m\u00eame si ce dernier \u00aba d\u00e9cid\u00e9 de mani\u00e8re souveraine de continuer \u00e0 servir son pays dans d\u2019autres conditions\u00bb. Et c\u2019est ainsi que les membres de la plateforme Siggi 2024 ont remerci\u00e9 tous les citoyens s\u00e9n\u00e9galais et partisans du Pr\u00e9sident Macky Sall pour leur participation \u00e0 leur initiative de la p\u00e9tition. Car pour le \u00a0Directeur g\u00e9n\u00e9ral de l\u2019Aibd, \u00abce d\u00e9passement d\u2019objectif marque indubitablement l\u2019attachement que les S\u00e9n\u00e9galais portent au Pr\u00e9sident Macky Sall et la reconnaissance de son travail \u00e0 la t\u00eate de notre pays\u00bb. Le bilan de la p\u00e9tition initi\u00e9e par la plateforme Siggi 2024 pour pousser Macky Sall \u00e0 \u00eatre candidat \u00e0 la Pr\u00e9sidentielle de 2024 a d\u00e9pass\u00e9 de loin l\u2019objectif du million de signatures qui a \u00e9t\u00e9 vis\u00e9. \u00abCette r\u00e9ussite est symbolis\u00e9e par l\u2019adh\u00e9sion massive des S\u00e9n\u00e9galais \u00e0 la campagne de signature et qui a permis \u00e0 la plateforme de d\u00e9passer l\u2019objectif initial d\u2019un million de signatures qu\u2019elle s\u2019\u00e9tait fix\u00e9\u00bb, s\u2019est r\u00e9joui Abdoulaye Di\u00e8ye, le pr\u00e9sident de la plateforme Siggi 2024. La lev\u00e9e du blocus du domicile de Ousmane Sonko est appr\u00e9ci\u00e9e positivement par le Forum du justiciable. Qui estime que cela \u00abparticipe \u00e0 la d\u00e9crispation de l\u2019espace politique\u00bb. Babacar Ba et ses camarades demandent, n\u00e9anmoins, dans un communiqu\u00e9, au pr\u00e9sident du parti Pastef de s\u2019abstenir \u00abde tout acte de provocation ou de d\u00e9fiance vis-\u00e0-vis des institutions de la R\u00e9publique pouvant aboutir \u00e0 des troubles \u00e0 l\u2019ordre public\u00bb. Le Forum du justiciable invite, enfin, \u00abtous les acteurs \u00e0 davantage travailler \u00e0 pacifier l\u2019espace politique et \u00e0 consolider nos acquis d\u00e9mocratiques\u00bb. Le fait que le pr\u00e9sident de la R\u00e9publique lui ai demand\u00e9 d\u2019observer une \u00abpause\u00bb politique apr\u00e8s ses d\u00e9faites \u00e9lectorales aux Locales et aux L\u00e9gislatives a intrigu\u00e9 l\u2019ex-ministre du Commerce. Aminata Assome Diatta \u00e9voque cet \u00e9pisode parmi d\u2019autres pour justifier son d\u00e9part du parti pr\u00e9sidentiel. \u00a0Le Parti du progr\u00e8s social collectif (Psc), qui se veut un \u00abprojet de r\u00e9paration sociale\u00bb, tel que mis en \u00e9vidence sur les tee-shirts des nombreux militants ayant pris part \u00e0 la rencontre, a \u00e9t\u00e9 officiellement lanc\u00e9 dimanche au terrain Yekini de Keur Massar par Aminata Assome Diatta. Une belle tribune pour l\u2019ancienne ministre afin de revenir sur les raisons de sa d\u00e9mission du parti pr\u00e9sidentiel.\u00a0\u00abLe 8 octobre, le pr\u00e9sident de la R\u00e9pu\u00adblique m\u2019a re\u00e7ue. Je croyais qu\u2019on allait discuter des difficult\u00e9s qu\u2019il y a \u00e0 Keur Massar et trouver les moyens de remporter la Pr\u00e9sidentielle \u00e0 venir. Malheureusement au cours de la discussion, il m\u2019a fait savoir qu\u2019il n\u2019\u00e9tait pas content du fait qu\u2019on ait perdu les \u00e9lections (locales et l\u00e9gislatives) et m\u2019a demand\u00e9 de marquer une pause\u00bb, a expliqu\u00e9 Assome Diatta, se disant intrigu\u00e9e par cette requ\u00eate du pr\u00e9sident de la R\u00e9publique.\u00a0\u00abNous avons entrepris des actions avec des hauts responsables de Bby pour discuter avec le Pr\u00e9sident afin de trouver une solution, tout cela n\u2019a pas abouti. Apr\u00e8s 5 mois dans cette situation, on s\u2019est dit qu\u2019il fallait revoir notre d\u00e9marche\u00bb,\u00a0a poursuivi la candidate de Bby pour Keur Massar lors des Locales.\u00a0\u00abCeux de Benno, qui voulaient travailler avec moi, je leur ai dit que je ne pouvais le faire, parce que c\u2019est par la confiance du Pr\u00e9sident que j\u2019ai \u00e9t\u00e9 \u00e0 la t\u00eate (de Bby \u00e0 Keur Massar) et que si le Pr\u00e9sident me demande de marquer une pause c\u2019est que cette confiance qu\u2019il avait en moi il ne l\u2019a plus. C\u2019est \u00e0 partir de ce moment qu\u2019on a d\u00e9cid\u00e9 de cr\u00e9er notre parti politique\u00bb,\u00a0a ainsi relev\u00e9 celle qui avait mis en place le mouvement Jappo Ak Assome en perspective de la Pr\u00e9\u00adsidentielle de 2019. \u00abC\u2019est lorsque qu\u2019il a annonc\u00e9 qu\u2019il n\u2019est pas candidat que nous avons d\u00e9cid\u00e9 de nous r\u00e9unir pour concr\u00e9tiser notre parti\u00bb, a-t-elle not\u00e9, indiquant avoir adress\u00e9 au Pr\u00e9sident Sall une correspondance rest\u00e9e sans r\u00e9ponse.\u00a0\u00abJe lui ai promis de le tenir inform\u00e9 de mes orientations\u00bb,\u00a0a-t-elle dit. Une forte mobilisation a \u00e9t\u00e9 not\u00e9e \u00e0 l\u2019occasion du meeting au terrain Y\u00e9kini, et Assome Diatta a manifest\u00e9 son ambition de se lancer pour la Pr\u00e9sidentielle \u00e0 venir. Ministre du Commerce et des Pme pendant un peu plus de trois ans (avril 2019-septembre 2022), elle a promis, si les populations lui font confiance, une bonne politique de cr\u00e9ation d\u2019emplois, la lutte contre la corruption, une Justice qui marche normalement, une administration au service des citoyens\u2026 Comme pour dire. La fa\u00e7on dont le pr\u00e9sident Macky Sall s\u2019implique dans le choix du candidat de la mouvance pr\u00e9sidentielle, est risqu\u00e9e. C\u2019est du moins, l\u2019avis de Abdoul Mbaye qui s\u2019exprimait dans un entretien avec L\u2019Observateur.\u00a0 \u00abJe pense d&rsquo;abord que Macky Sall a le droit de soutenir qui il veut publiquement. Mais, personnellement, je pense qu&rsquo;il aurait d\u00fb laisser la d\u00e9mocratie jouer au sein de son parti(Apr), de sa coalition (Bby) et constater le choix d&rsquo;un candidat pour renforcer les forces de cette coalition ou recommander le choix de deux ou trois candidats. Je crois personnellement qu&rsquo;il prend des risques en s&rsquo;impliquant trop dans le choix d&rsquo;un candidat. D&rsquo;abord, je doute qu&rsquo;il puisse faire l&rsquo;unanimit\u00e9. Ensuite, quand on a atteint une certaine stature, il faut pouvoir envisager les hypoth\u00e8ses. Si le candidat qu&rsquo;il impose, n&rsquo;est pas \u00e9lu, quelle relation va-t-il entretenir avec le<\/p>\n","protected":false},"author":7,"featured_media":25522,"comment_status":"open","ping_status":"open","sticky":false,"template":"","format":"standard","meta":{"_jetpack_memberships_contains_paid_content":false,"footnotes":""},"categories":[375,3,8,844,1,372],"tags":[4337],"class_list":["post-25521","post","type-post","status-publish","format-standard","has-post-thumbnail","hentry","category-actualites","category-politique","category-public-tv","category-revue-de-presse","category-non-classe","category-vedette","tag-actualites-politiques","entry","has-media","owp-thumbs-layout-horizontal","owp-btn-normal","owp-tabs-layout-horizontal","has-no-thumbnails","has-product-nav"],"yoast_head":"<!-- This site is optimized with the Yoast SEO plugin v25.5 - https:\/\/yoast.com\/wordpress\/plugins\/seo\/ -->\n<title>FLASH INFO-ACTUALITES POLITIQUES,CE MERCREDI 26 JUILLET 2023 - LE PUBLIC<\/title>\n<meta name=\"robots\" content=\"index, follow, max-snippet:-1, max-image-preview:large, max-video-preview:-1\" \/>\n<link rel=\"canonical\" href=\"https:\/\/www.public.sn\/index.php\/2023\/07\/26\/flash-info-actualites-politiquesce-mercredi-26-juillet-2023\/\" \/>\n<meta property=\"og:locale\" content=\"fr_FR\" \/>\n<meta property=\"og:type\" content=\"article\" \/>\n<meta property=\"og:title\" content=\"FLASH INFO-ACTUALITES POLITIQUES,CE MERCREDI 26 JUILLET 2023 - LE PUBLIC\" \/>\n<meta property=\"og:description\" content=\"Malgr\u00e9 la r\u00e9ussite de son initiative de faire une p\u00e9tition d\u2019un million de signatures, le Direc\u00adteur g\u00e9n\u00e9ral de l\u2019Aibd n\u2019a pas r\u00e9us\u00adsi \u00e0 convaincre le chef de l\u2019Etat \u00e0 \u00a0briguer un troisi\u00e8me man\u00addat. Cependant, cette d\u00e9cision du Pr\u00e9sident Macky Sall n\u2019affecte en rien la confiance que Abdoulaye Di\u00e8ye\u00a0 a \u00a0\u00e0 l\u2019endroit de Macky Sall. \u00abLes membres de la plateforme acceptent cette d\u00e9cision et affichent leur soutien au chef de l\u2019Etat dans cette dynamique. La plateforme Siggi 2024 renouvelle ainsi \u00e0 sa confiance \u00e0 M. Macky Sall, chef de la mouvance pr\u00e9sidentielle, et s\u2019engage \u00e0 ses c\u00f4t\u00e9s \u00e0 respecter et \u00e0 accompagner le candidat de consensus et de la continuit\u00e9 qu\u2019il aura choisi pour porter sa vision d\u2019un S\u00e9n\u00e9gal \u00e9mergent \u00e0 l\u2019horizon 2035\u00bb, a-t-il d\u00e9clar\u00e9 dans un communiqu\u00e9 rendu public. Abdoulaye Di\u00e8ye trouve ainsi que\u00a0\u00abtoutes ces signatures expriment le souhait que beaucoup de S\u00e9n\u00e9galais nourrissaient de s\u2019inscrire dans la continuit\u00e9 avec le Pr\u00e9sident Macky Sall en 2024\u00bb, m\u00eame si ce dernier \u00aba d\u00e9cid\u00e9 de mani\u00e8re souveraine de continuer \u00e0 servir son pays dans d\u2019autres conditions\u00bb. Et c\u2019est ainsi que les membres de la plateforme Siggi 2024 ont remerci\u00e9 tous les citoyens s\u00e9n\u00e9galais et partisans du Pr\u00e9sident Macky Sall pour leur participation \u00e0 leur initiative de la p\u00e9tition. Car pour le \u00a0Directeur g\u00e9n\u00e9ral de l\u2019Aibd, \u00abce d\u00e9passement d\u2019objectif marque indubitablement l\u2019attachement que les S\u00e9n\u00e9galais portent au Pr\u00e9sident Macky Sall et la reconnaissance de son travail \u00e0 la t\u00eate de notre pays\u00bb. Le bilan de la p\u00e9tition initi\u00e9e par la plateforme Siggi 2024 pour pousser Macky Sall \u00e0 \u00eatre candidat \u00e0 la Pr\u00e9sidentielle de 2024 a d\u00e9pass\u00e9 de loin l\u2019objectif du million de signatures qui a \u00e9t\u00e9 vis\u00e9. \u00abCette r\u00e9ussite est symbolis\u00e9e par l\u2019adh\u00e9sion massive des S\u00e9n\u00e9galais \u00e0 la campagne de signature et qui a permis \u00e0 la plateforme de d\u00e9passer l\u2019objectif initial d\u2019un million de signatures qu\u2019elle s\u2019\u00e9tait fix\u00e9\u00bb, s\u2019est r\u00e9joui Abdoulaye Di\u00e8ye, le pr\u00e9sident de la plateforme Siggi 2024. La lev\u00e9e du blocus du domicile de Ousmane Sonko est appr\u00e9ci\u00e9e positivement par le Forum du justiciable. Qui estime que cela \u00abparticipe \u00e0 la d\u00e9crispation de l\u2019espace politique\u00bb. Babacar Ba et ses camarades demandent, n\u00e9anmoins, dans un communiqu\u00e9, au pr\u00e9sident du parti Pastef de s\u2019abstenir \u00abde tout acte de provocation ou de d\u00e9fiance vis-\u00e0-vis des institutions de la R\u00e9publique pouvant aboutir \u00e0 des troubles \u00e0 l\u2019ordre public\u00bb. Le Forum du justiciable invite, enfin, \u00abtous les acteurs \u00e0 davantage travailler \u00e0 pacifier l\u2019espace politique et \u00e0 consolider nos acquis d\u00e9mocratiques\u00bb. Le fait que le pr\u00e9sident de la R\u00e9publique lui ai demand\u00e9 d\u2019observer une \u00abpause\u00bb politique apr\u00e8s ses d\u00e9faites \u00e9lectorales aux Locales et aux L\u00e9gislatives a intrigu\u00e9 l\u2019ex-ministre du Commerce. Aminata Assome Diatta \u00e9voque cet \u00e9pisode parmi d\u2019autres pour justifier son d\u00e9part du parti pr\u00e9sidentiel. \u00a0Le Parti du progr\u00e8s social collectif (Psc), qui se veut un \u00abprojet de r\u00e9paration sociale\u00bb, tel que mis en \u00e9vidence sur les tee-shirts des nombreux militants ayant pris part \u00e0 la rencontre, a \u00e9t\u00e9 officiellement lanc\u00e9 dimanche au terrain Yekini de Keur Massar par Aminata Assome Diatta. Une belle tribune pour l\u2019ancienne ministre afin de revenir sur les raisons de sa d\u00e9mission du parti pr\u00e9sidentiel.\u00a0\u00abLe 8 octobre, le pr\u00e9sident de la R\u00e9pu\u00adblique m\u2019a re\u00e7ue. Je croyais qu\u2019on allait discuter des difficult\u00e9s qu\u2019il y a \u00e0 Keur Massar et trouver les moyens de remporter la Pr\u00e9sidentielle \u00e0 venir. Malheureusement au cours de la discussion, il m\u2019a fait savoir qu\u2019il n\u2019\u00e9tait pas content du fait qu\u2019on ait perdu les \u00e9lections (locales et l\u00e9gislatives) et m\u2019a demand\u00e9 de marquer une pause\u00bb, a expliqu\u00e9 Assome Diatta, se disant intrigu\u00e9e par cette requ\u00eate du pr\u00e9sident de la R\u00e9publique.\u00a0\u00abNous avons entrepris des actions avec des hauts responsables de Bby pour discuter avec le Pr\u00e9sident afin de trouver une solution, tout cela n\u2019a pas abouti. Apr\u00e8s 5 mois dans cette situation, on s\u2019est dit qu\u2019il fallait revoir notre d\u00e9marche\u00bb,\u00a0a poursuivi la candidate de Bby pour Keur Massar lors des Locales.\u00a0\u00abCeux de Benno, qui voulaient travailler avec moi, je leur ai dit que je ne pouvais le faire, parce que c\u2019est par la confiance du Pr\u00e9sident que j\u2019ai \u00e9t\u00e9 \u00e0 la t\u00eate (de Bby \u00e0 Keur Massar) et que si le Pr\u00e9sident me demande de marquer une pause c\u2019est que cette confiance qu\u2019il avait en moi il ne l\u2019a plus. C\u2019est \u00e0 partir de ce moment qu\u2019on a d\u00e9cid\u00e9 de cr\u00e9er notre parti politique\u00bb,\u00a0a ainsi relev\u00e9 celle qui avait mis en place le mouvement Jappo Ak Assome en perspective de la Pr\u00e9\u00adsidentielle de 2019. \u00abC\u2019est lorsque qu\u2019il a annonc\u00e9 qu\u2019il n\u2019est pas candidat que nous avons d\u00e9cid\u00e9 de nous r\u00e9unir pour concr\u00e9tiser notre parti\u00bb, a-t-elle not\u00e9, indiquant avoir adress\u00e9 au Pr\u00e9sident Sall une correspondance rest\u00e9e sans r\u00e9ponse.\u00a0\u00abJe lui ai promis de le tenir inform\u00e9 de mes orientations\u00bb,\u00a0a-t-elle dit. Une forte mobilisation a \u00e9t\u00e9 not\u00e9e \u00e0 l\u2019occasion du meeting au terrain Y\u00e9kini, et Assome Diatta a manifest\u00e9 son ambition de se lancer pour la Pr\u00e9sidentielle \u00e0 venir. Ministre du Commerce et des Pme pendant un peu plus de trois ans (avril 2019-septembre 2022), elle a promis, si les populations lui font confiance, une bonne politique de cr\u00e9ation d\u2019emplois, la lutte contre la corruption, une Justice qui marche normalement, une administration au service des citoyens\u2026 Comme pour dire. La fa\u00e7on dont le pr\u00e9sident Macky Sall s\u2019implique dans le choix du candidat de la mouvance pr\u00e9sidentielle, est risqu\u00e9e. C\u2019est du moins, l\u2019avis de Abdoul Mbaye qui s\u2019exprimait dans un entretien avec L\u2019Observateur.\u00a0 \u00abJe pense d&rsquo;abord que Macky Sall a le droit de soutenir qui il veut publiquement. Mais, personnellement, je pense qu&rsquo;il aurait d\u00fb laisser la d\u00e9mocratie jouer au sein de son parti(Apr), de sa coalition (Bby) et constater le choix d&rsquo;un candidat pour renforcer les forces de cette coalition ou recommander le choix de deux ou trois candidats. Je crois personnellement qu&rsquo;il prend des risques en s&rsquo;impliquant trop dans le choix d&rsquo;un candidat. D&rsquo;abord, je doute qu&rsquo;il puisse faire l&rsquo;unanimit\u00e9. Ensuite, quand on a atteint une certaine stature, il faut pouvoir envisager les hypoth\u00e8ses. Si le candidat qu&rsquo;il impose, n&rsquo;est pas \u00e9lu, quelle relation va-t-il entretenir avec le\" \/>\n<meta property=\"og:url\" content=\"https:\/\/www.public.sn\/index.php\/2023\/07\/26\/flash-info-actualites-politiquesce-mercredi-26-juillet-2023\/\" \/>\n<meta property=\"og:site_name\" content=\"LE PUBLIC\" \/>\n<meta property=\"article:published_time\" content=\"2023-07-26T08:20:07+00:00\" \/>\n<meta property=\"og:image\" content=\"https:\/\/www.public.sn\/wp-content\/uploads\/2023\/07\/macky-sall-9.jpeg\" \/>\n\t<meta property=\"og:image:width\" content=\"600\" \/>\n\t<meta property=\"og:image:height\" content=\"462\" \/>\n\t<meta property=\"og:image:type\" content=\"image\/jpeg\" \/>\n<meta name=\"author\" content=\"LA REDACTION\" \/>\n<meta name=\"twitter:card\" content=\"summary_large_image\" \/>\n<meta name=\"twitter:label1\" content=\"\u00c9crit par\" \/>\n\t<meta name=\"twitter:data1\" content=\"LA REDACTION\" \/>\n\t<meta name=\"twitter:label2\" content=\"Dur\u00e9e de lecture estim\u00e9e\" \/>\n\t<meta name=\"twitter:data2\" content=\"6 minutes\" \/>\n<script type=\"application\/ld+json\" class=\"yoast-schema-graph\">{\"@context\":\"https:\/\/schema.org\",\"@graph\":[{\"@type\":\"Article\",\"@id\":\"https:\/\/www.public.sn\/index.php\/2023\/07\/26\/flash-info-actualites-politiquesce-mercredi-26-juillet-2023\/#article\",\"isPartOf\":{\"@id\":\"https:\/\/www.public.sn\/index.php\/2023\/07\/26\/flash-info-actualites-politiquesce-mercredi-26-juillet-2023\/\"},\"author\":{\"name\":\"LA REDACTION\",\"@id\":\"https:\/\/www.public.sn\/#\/schema\/person\/cb76c8e1b8becc6be61fb5e92d6d0224\"},\"headline\":\"FLASH INFO-ACTUALITES POLITIQUES,CE MERCREDI 26 JUILLET 2023\",\"datePublished\":\"2023-07-26T08:20:07+00:00\",\"mainEntityOfPage\":{\"@id\":\"https:\/\/www.public.sn\/index.php\/2023\/07\/26\/flash-info-actualites-politiquesce-mercredi-26-juillet-2023\/\"},\"wordCount\":1206,\"commentCount\":0,\"publisher\":{\"@id\":\"https:\/\/www.public.sn\/#organization\"},\"image\":{\"@id\":\"https:\/\/www.public.sn\/index.php\/2023\/07\/26\/flash-info-actualites-politiquesce-mercredi-26-juillet-2023\/#primaryimage\"},\"thumbnailUrl\":\"https:\/\/www.public.sn\/wp-content\/uploads\/2023\/07\/macky-sall-9.jpeg\",\"keywords\":[\"Actualit\u00e9s Politiques\"],\"articleSection\":[\"ACTUALIT\u00c9S\",\"POLITIQUE\",\"PUBLIC TV\",\"REVUE DE PRESSE\",\"S\u00c9N\u00c9GAL\",\"VEDETTE\"],\"inLanguage\":\"fr-FR\",\"potentialAction\":[{\"@type\":\"CommentAction\",\"name\":\"Comment\",\"target\":[\"https:\/\/www.public.sn\/index.php\/2023\/07\/26\/flash-info-actualites-politiquesce-mercredi-26-juillet-2023\/#respond\"]}]},{\"@type\":\"WebPage\",\"@id\":\"https:\/\/www.public.sn\/index.php\/2023\/07\/26\/flash-info-actualites-politiquesce-mercredi-26-juillet-2023\/\",\"url\":\"https:\/\/www.public.sn\/index.php\/2023\/07\/26\/flash-info-actualites-politiquesce-mercredi-26-juillet-2023\/\",\"name\":\"FLASH INFO-ACTUALITES POLITIQUES,CE MERCREDI 26 JUILLET 2023 - LE PUBLIC\",\"isPartOf\":{\"@id\":\"https:\/\/www.public.sn\/#website\"},\"primaryImageOfPage\":{\"@id\":\"https:\/\/www.public.sn\/index.php\/2023\/07\/26\/flash-info-actualites-politiquesce-mercredi-26-juillet-2023\/#primaryimage\"},\"image\":{\"@id\":\"https:\/\/www.public.sn\/index.php\/2023\/07\/26\/flash-info-actualites-politiquesce-mercredi-26-juillet-2023\/#primaryimage\"},\"thumbnailUrl\":\"https:\/\/www.public.sn\/wp-content\/uploads\/2023\/07\/macky-sall-9.jpeg\",\"datePublished\":\"2023-07-26T08:20:07+00:00\",\"breadcrumb\":{\"@id\":\"https:\/\/www.public.sn\/index.php\/2023\/07\/26\/flash-info-actualites-politiquesce-mercredi-26-juillet-2023\/#breadcrumb\"},\"inLanguage\":\"fr-FR\",\"potentialAction\":[{\"@type\":\"ReadAction\",\"target\":[\"https:\/\/www.public.sn\/index.php\/2023\/07\/26\/flash-info-actualites-politiquesce-mercredi-26-juillet-2023\/\"]}]},{\"@type\":\"ImageObject\",\"inLanguage\":\"fr-FR\",\"@id\":\"https:\/\/www.public.sn\/index.php\/2023\/07\/26\/flash-info-actualites-politiquesce-mercredi-26-juillet-2023\/#primaryimage\",\"url\":\"https:\/\/www.public.sn\/wp-content\/uploads\/2023\/07\/macky-sall-9.jpeg\",\"contentUrl\":\"https:\/\/www.public.sn\/wp-content\/uploads\/2023\/07\/macky-sall-9.jpeg\",\"width\":600,\"height\":462},{\"@type\":\"BreadcrumbList\",\"@id\":\"https:\/\/www.public.sn\/index.php\/2023\/07\/26\/flash-info-actualites-politiquesce-mercredi-26-juillet-2023\/#breadcrumb\",\"itemListElement\":[{\"@type\":\"ListItem\",\"position\":1,\"name\":\"Accueil\",\"item\":\"https:\/\/www.public.sn\/\"},{\"@type\":\"ListItem\",\"position\":2,\"name\":\"FLASH INFO-ACTUALITES POLITIQUES,CE MERCREDI 26 JUILLET 2023\"}]},{\"@type\":\"WebSite\",\"@id\":\"https:\/\/www.public.sn\/#website\",\"url\":\"https:\/\/www.public.sn\/\",\"name\":\"LE PUBLIC\",\"description\":\"\",\"publisher\":{\"@id\":\"https:\/\/www.public.sn\/#organization\"},\"potentialAction\":[{\"@type\":\"SearchAction\",\"target\":{\"@type\":\"EntryPoint\",\"urlTemplate\":\"https:\/\/www.public.sn\/?s={search_term_string}\"},\"query-input\":{\"@type\":\"PropertyValueSpecification\",\"valueRequired\":true,\"valueName\":\"search_term_string\"}}],\"inLanguage\":\"fr-FR\"},{\"@type\":\"Organization\",\"@id\":\"https:\/\/www.public.sn\/#organization\",\"name\":\"LE PUBLIC\",\"url\":\"https:\/\/www.public.sn\/\",\"logo\":{\"@type\":\"ImageObject\",\"inLanguage\":\"fr-FR\",\"@id\":\"https:\/\/www.public.sn\/#\/schema\/logo\/image\/\",\"url\":\"https:\/\/www.public.sn\/wp-content\/uploads\/2024\/05\/cropped-LOGO-PUBLIC.SN_.png\",\"contentUrl\":\"https:\/\/www.public.sn\/wp-content\/uploads\/2024\/05\/cropped-LOGO-PUBLIC.SN_.png\",\"width\":682,\"height\":192,\"caption\":\"LE PUBLIC\"},\"image\":{\"@id\":\"https:\/\/www.public.sn\/#\/schema\/logo\/image\/\"}},{\"@type\":\"Person\",\"@id\":\"https:\/\/www.public.sn\/#\/schema\/person\/cb76c8e1b8becc6be61fb5e92d6d0224\",\"name\":\"LA REDACTION\",\"image\":{\"@type\":\"ImageObject\",\"inLanguage\":\"fr-FR\",\"@id\":\"https:\/\/www.public.sn\/#\/schema\/person\/image\/\",\"url\":\"https:\/\/secure.gravatar.com\/avatar\/2dce5ddd34b8fef0180efe03aa2a9bee7d953856048f9a16b298190a3178407c?s=96&d=mm&r=g\",\"contentUrl\":\"https:\/\/secure.gravatar.com\/avatar\/2dce5ddd34b8fef0180efe03aa2a9bee7d953856048f9a16b298190a3178407c?s=96&d=mm&r=g\",\"caption\":\"LA REDACTION\"},\"url\":\"https:\/\/www.public.sn\/index.php\/author\/editeurpsn\/\"}]}<\/script>\n<!-- \/ Yoast SEO plugin. -->","yoast_head_json":{"title":"FLASH INFO-ACTUALITES POLITIQUES,CE MERCREDI 26 JUILLET 2023 - LE PUBLIC","robots":{"index":"index","follow":"follow","max-snippet":"max-snippet:-1","max-image-preview":"max-image-preview:large","max-video-preview":"max-video-preview:-1"},"canonical":"https:\/\/www.public.sn\/index.php\/2023\/07\/26\/flash-info-actualites-politiquesce-mercredi-26-juillet-2023\/","og_locale":"fr_FR","og_type":"article","og_title":"FLASH INFO-ACTUALITES POLITIQUES,CE MERCREDI 26 JUILLET 2023 - LE PUBLIC","og_description":"Malgr\u00e9 la r\u00e9ussite de son initiative de faire une p\u00e9tition d\u2019un million de signatures, le Direc\u00adteur g\u00e9n\u00e9ral de l\u2019Aibd n\u2019a pas r\u00e9us\u00adsi \u00e0 convaincre le chef de l\u2019Etat \u00e0 \u00a0briguer un troisi\u00e8me man\u00addat. Cependant, cette d\u00e9cision du Pr\u00e9sident Macky Sall n\u2019affecte en rien la confiance que Abdoulaye Di\u00e8ye\u00a0 a \u00a0\u00e0 l\u2019endroit de Macky Sall. \u00abLes membres de la plateforme acceptent cette d\u00e9cision et affichent leur soutien au chef de l\u2019Etat dans cette dynamique. La plateforme Siggi 2024 renouvelle ainsi \u00e0 sa confiance \u00e0 M. Macky Sall, chef de la mouvance pr\u00e9sidentielle, et s\u2019engage \u00e0 ses c\u00f4t\u00e9s \u00e0 respecter et \u00e0 accompagner le candidat de consensus et de la continuit\u00e9 qu\u2019il aura choisi pour porter sa vision d\u2019un S\u00e9n\u00e9gal \u00e9mergent \u00e0 l\u2019horizon 2035\u00bb, a-t-il d\u00e9clar\u00e9 dans un communiqu\u00e9 rendu public. Abdoulaye Di\u00e8ye trouve ainsi que\u00a0\u00abtoutes ces signatures expriment le souhait que beaucoup de S\u00e9n\u00e9galais nourrissaient de s\u2019inscrire dans la continuit\u00e9 avec le Pr\u00e9sident Macky Sall en 2024\u00bb, m\u00eame si ce dernier \u00aba d\u00e9cid\u00e9 de mani\u00e8re souveraine de continuer \u00e0 servir son pays dans d\u2019autres conditions\u00bb. Et c\u2019est ainsi que les membres de la plateforme Siggi 2024 ont remerci\u00e9 tous les citoyens s\u00e9n\u00e9galais et partisans du Pr\u00e9sident Macky Sall pour leur participation \u00e0 leur initiative de la p\u00e9tition. Car pour le \u00a0Directeur g\u00e9n\u00e9ral de l\u2019Aibd, \u00abce d\u00e9passement d\u2019objectif marque indubitablement l\u2019attachement que les S\u00e9n\u00e9galais portent au Pr\u00e9sident Macky Sall et la reconnaissance de son travail \u00e0 la t\u00eate de notre pays\u00bb. Le bilan de la p\u00e9tition initi\u00e9e par la plateforme Siggi 2024 pour pousser Macky Sall \u00e0 \u00eatre candidat \u00e0 la Pr\u00e9sidentielle de 2024 a d\u00e9pass\u00e9 de loin l\u2019objectif du million de signatures qui a \u00e9t\u00e9 vis\u00e9. \u00abCette r\u00e9ussite est symbolis\u00e9e par l\u2019adh\u00e9sion massive des S\u00e9n\u00e9galais \u00e0 la campagne de signature et qui a permis \u00e0 la plateforme de d\u00e9passer l\u2019objectif initial d\u2019un million de signatures qu\u2019elle s\u2019\u00e9tait fix\u00e9\u00bb, s\u2019est r\u00e9joui Abdoulaye Di\u00e8ye, le pr\u00e9sident de la plateforme Siggi 2024. La lev\u00e9e du blocus du domicile de Ousmane Sonko est appr\u00e9ci\u00e9e positivement par le Forum du justiciable. Qui estime que cela \u00abparticipe \u00e0 la d\u00e9crispation de l\u2019espace politique\u00bb. Babacar Ba et ses camarades demandent, n\u00e9anmoins, dans un communiqu\u00e9, au pr\u00e9sident du parti Pastef de s\u2019abstenir \u00abde tout acte de provocation ou de d\u00e9fiance vis-\u00e0-vis des institutions de la R\u00e9publique pouvant aboutir \u00e0 des troubles \u00e0 l\u2019ordre public\u00bb. Le Forum du justiciable invite, enfin, \u00abtous les acteurs \u00e0 davantage travailler \u00e0 pacifier l\u2019espace politique et \u00e0 consolider nos acquis d\u00e9mocratiques\u00bb. Le fait que le pr\u00e9sident de la R\u00e9publique lui ai demand\u00e9 d\u2019observer une \u00abpause\u00bb politique apr\u00e8s ses d\u00e9faites \u00e9lectorales aux Locales et aux L\u00e9gislatives a intrigu\u00e9 l\u2019ex-ministre du Commerce. Aminata Assome Diatta \u00e9voque cet \u00e9pisode parmi d\u2019autres pour justifier son d\u00e9part du parti pr\u00e9sidentiel. \u00a0Le Parti du progr\u00e8s social collectif (Psc), qui se veut un \u00abprojet de r\u00e9paration sociale\u00bb, tel que mis en \u00e9vidence sur les tee-shirts des nombreux militants ayant pris part \u00e0 la rencontre, a \u00e9t\u00e9 officiellement lanc\u00e9 dimanche au terrain Yekini de Keur Massar par Aminata Assome Diatta. Une belle tribune pour l\u2019ancienne ministre afin de revenir sur les raisons de sa d\u00e9mission du parti pr\u00e9sidentiel.\u00a0\u00abLe 8 octobre, le pr\u00e9sident de la R\u00e9pu\u00adblique m\u2019a re\u00e7ue. Je croyais qu\u2019on allait discuter des difficult\u00e9s qu\u2019il y a \u00e0 Keur Massar et trouver les moyens de remporter la Pr\u00e9sidentielle \u00e0 venir. Malheureusement au cours de la discussion, il m\u2019a fait savoir qu\u2019il n\u2019\u00e9tait pas content du fait qu\u2019on ait perdu les \u00e9lections (locales et l\u00e9gislatives) et m\u2019a demand\u00e9 de marquer une pause\u00bb, a expliqu\u00e9 Assome Diatta, se disant intrigu\u00e9e par cette requ\u00eate du pr\u00e9sident de la R\u00e9publique.\u00a0\u00abNous avons entrepris des actions avec des hauts responsables de Bby pour discuter avec le Pr\u00e9sident afin de trouver une solution, tout cela n\u2019a pas abouti. Apr\u00e8s 5 mois dans cette situation, on s\u2019est dit qu\u2019il fallait revoir notre d\u00e9marche\u00bb,\u00a0a poursuivi la candidate de Bby pour Keur Massar lors des Locales.\u00a0\u00abCeux de Benno, qui voulaient travailler avec moi, je leur ai dit que je ne pouvais le faire, parce que c\u2019est par la confiance du Pr\u00e9sident que j\u2019ai \u00e9t\u00e9 \u00e0 la t\u00eate (de Bby \u00e0 Keur Massar) et que si le Pr\u00e9sident me demande de marquer une pause c\u2019est que cette confiance qu\u2019il avait en moi il ne l\u2019a plus. C\u2019est \u00e0 partir de ce moment qu\u2019on a d\u00e9cid\u00e9 de cr\u00e9er notre parti politique\u00bb,\u00a0a ainsi relev\u00e9 celle qui avait mis en place le mouvement Jappo Ak Assome en perspective de la Pr\u00e9\u00adsidentielle de 2019. \u00abC\u2019est lorsque qu\u2019il a annonc\u00e9 qu\u2019il n\u2019est pas candidat que nous avons d\u00e9cid\u00e9 de nous r\u00e9unir pour concr\u00e9tiser notre parti\u00bb, a-t-elle not\u00e9, indiquant avoir adress\u00e9 au Pr\u00e9sident Sall une correspondance rest\u00e9e sans r\u00e9ponse.\u00a0\u00abJe lui ai promis de le tenir inform\u00e9 de mes orientations\u00bb,\u00a0a-t-elle dit. Une forte mobilisation a \u00e9t\u00e9 not\u00e9e \u00e0 l\u2019occasion du meeting au terrain Y\u00e9kini, et Assome Diatta a manifest\u00e9 son ambition de se lancer pour la Pr\u00e9sidentielle \u00e0 venir. Ministre du Commerce et des Pme pendant un peu plus de trois ans (avril 2019-septembre 2022), elle a promis, si les populations lui font confiance, une bonne politique de cr\u00e9ation d\u2019emplois, la lutte contre la corruption, une Justice qui marche normalement, une administration au service des citoyens\u2026 Comme pour dire. La fa\u00e7on dont le pr\u00e9sident Macky Sall s\u2019implique dans le choix du candidat de la mouvance pr\u00e9sidentielle, est risqu\u00e9e. C\u2019est du moins, l\u2019avis de Abdoul Mbaye qui s\u2019exprimait dans un entretien avec L\u2019Observateur.\u00a0 \u00abJe pense d&rsquo;abord que Macky Sall a le droit de soutenir qui il veut publiquement. Mais, personnellement, je pense qu&rsquo;il aurait d\u00fb laisser la d\u00e9mocratie jouer au sein de son parti(Apr), de sa coalition (Bby) et constater le choix d&rsquo;un candidat pour renforcer les forces de cette coalition ou recommander le choix de deux ou trois candidats. Je crois personnellement qu&rsquo;il prend des risques en s&rsquo;impliquant trop dans le choix d&rsquo;un candidat. D&rsquo;abord, je doute qu&rsquo;il puisse faire l&rsquo;unanimit\u00e9. Ensuite, quand on a atteint une certaine stature, il faut pouvoir envisager les hypoth\u00e8ses. Si le candidat qu&rsquo;il impose, n&rsquo;est pas \u00e9lu, quelle relation va-t-il entretenir avec le","og_url":"https:\/\/www.public.sn\/index.php\/2023\/07\/26\/flash-info-actualites-politiquesce-mercredi-26-juillet-2023\/","og_site_name":"LE PUBLIC","article_published_time":"2023-07-26T08:20:07+00:00","og_image":[{"width":600,"height":462,"url":"https:\/\/www.public.sn\/wp-content\/uploads\/2023\/07\/macky-sall-9.jpeg","type":"image\/jpeg"}],"author":"LA REDACTION","twitter_card":"summary_large_image","twitter_misc":{"\u00c9crit par":"LA REDACTION","Dur\u00e9e de lecture estim\u00e9e":"6 minutes"},"schema":{"@context":"https:\/\/schema.org","@graph":[{"@type":"Article","@id":"https:\/\/www.public.sn\/index.php\/2023\/07\/26\/flash-info-actualites-politiquesce-mercredi-26-juillet-2023\/#article","isPartOf":{"@id":"https:\/\/www.public.sn\/index.php\/2023\/07\/26\/flash-info-actualites-politiquesce-mercredi-26-juillet-2023\/"},"author":{"name":"LA REDACTION","@id":"https:\/\/www.public.sn\/#\/schema\/person\/cb76c8e1b8becc6be61fb5e92d6d0224"},"headline":"FLASH INFO-ACTUALITES POLITIQUES,CE MERCREDI 26 JUILLET 2023","datePublished":"2023-07-26T08:20:07+00:00","mainEntityOfPage":{"@id":"https:\/\/www.public.sn\/index.php\/2023\/07\/26\/flash-info-actualites-politiquesce-mercredi-26-juillet-2023\/"},"wordCount":1206,"commentCount":0,"publisher":{"@id":"https:\/\/www.public.sn\/#organization"},"image":{"@id":"https:\/\/www.public.sn\/index.php\/2023\/07\/26\/flash-info-actualites-politiquesce-mercredi-26-juillet-2023\/#primaryimage"},"thumbnailUrl":"https:\/\/www.public.sn\/wp-content\/uploads\/2023\/07\/macky-sall-9.jpeg","keywords":["Actualit\u00e9s Politiques"],"articleSection":["ACTUALIT\u00c9S","POLITIQUE","PUBLIC TV","REVUE DE PRESSE","S\u00c9N\u00c9GAL","VEDETTE"],"inLanguage":"fr-FR","potentialAction":[{"@type":"CommentAction","name":"Comment","target":["https:\/\/www.public.sn\/index.php\/2023\/07\/26\/flash-info-actualites-politiquesce-mercredi-26-juillet-2023\/#respond"]}]},{"@type":"WebPage","@id":"https:\/\/www.public.sn\/index.php\/2023\/07\/26\/flash-info-actualites-politiquesce-mercredi-26-juillet-2023\/","url":"https:\/\/www.public.sn\/index.php\/2023\/07\/26\/flash-info-actualites-politiquesce-mercredi-26-juillet-2023\/","name":"FLASH INFO-ACTUALITES POLITIQUES,CE MERCREDI 26 JUILLET 2023 - LE PUBLIC","isPartOf":{"@id":"https:\/\/www.public.sn\/#website"},"primaryImageOfPage":{"@id":"https:\/\/www.public.sn\/index.php\/2023\/07\/26\/flash-info-actualites-politiquesce-mercredi-26-juillet-2023\/#primaryimage"},"image":{"@id":"https:\/\/www.public.sn\/index.php\/2023\/07\/26\/flash-info-actualites-politiquesce-mercredi-26-juillet-2023\/#primaryimage"},"thumbnailUrl":"https:\/\/www.public.sn\/wp-content\/uploads\/2023\/07\/macky-sall-9.jpeg","datePublished":"2023-07-26T08:20:07+00:00","breadcrumb":{"@id":"https:\/\/www.public.sn\/index.php\/2023\/07\/26\/flash-info-actualites-politiquesce-mercredi-26-juillet-2023\/#breadcrumb"},"inLanguage":"fr-FR","potentialAction":[{"@type":"ReadAction","target":["https:\/\/www.public.sn\/index.php\/2023\/07\/26\/flash-info-actualites-politiquesce-mercredi-26-juillet-2023\/"]}]},{"@type":"ImageObject","inLanguage":"fr-FR","@id":"https:\/\/www.public.sn\/index.php\/2023\/07\/26\/flash-info-actualites-politiquesce-mercredi-26-juillet-2023\/#primaryimage","url":"https:\/\/www.public.sn\/wp-content\/uploads\/2023\/07\/macky-sall-9.jpeg","contentUrl":"https:\/\/www.public.sn\/wp-content\/uploads\/2023\/07\/macky-sall-9.jpeg","width":600,"height":462},{"@type":"BreadcrumbList","@id":"https:\/\/www.public.sn\/index.php\/2023\/07\/26\/flash-info-actualites-politiquesce-mercredi-26-juillet-2023\/#breadcrumb","itemListElement":[{"@type":"ListItem","position":1,"name":"Accueil","item":"https:\/\/www.public.sn\/"},{"@type":"ListItem","position":2,"name":"FLASH INFO-ACTUALITES POLITIQUES,CE MERCREDI 26 JUILLET 2023"}]},{"@type":"WebSite","@id":"https:\/\/www.public.sn\/#website","url":"https:\/\/www.public.sn\/","name":"LE PUBLIC","description":"","publisher":{"@id":"https:\/\/www.public.sn\/#organization"},"potentialAction":[{"@type":"SearchAction","target":{"@type":"EntryPoint","urlTemplate":"https:\/\/www.public.sn\/?s={search_term_string}"},"query-input":{"@type":"PropertyValueSpecification","valueRequired":true,"valueName":"search_term_string"}}],"inLanguage":"fr-FR"},{"@type":"Organization","@id":"https:\/\/www.public.sn\/#organization","name":"LE PUBLIC","url":"https:\/\/www.public.sn\/","logo":{"@type":"ImageObject","inLanguage":"fr-FR","@id":"https:\/\/www.public.sn\/#\/schema\/logo\/image\/","url":"https:\/\/www.public.sn\/wp-content\/uploads\/2024\/05\/cropped-LOGO-PUBLIC.SN_.png","contentUrl":"https:\/\/www.public.sn\/wp-content\/uploads\/2024\/05\/cropped-LOGO-PUBLIC.SN_.png","width":682,"height":192,"caption":"LE PUBLIC"},"image":{"@id":"https:\/\/www.public.sn\/#\/schema\/logo\/image\/"}},{"@type":"Person","@id":"https:\/\/www.public.sn\/#\/schema\/person\/cb76c8e1b8becc6be61fb5e92d6d0224","name":"LA REDACTION","image":{"@type":"ImageObject","inLanguage":"fr-FR","@id":"https:\/\/www.public.sn\/#\/schema\/person\/image\/","url":"https:\/\/secure.gravatar.com\/avatar\/2dce5ddd34b8fef0180efe03aa2a9bee7d953856048f9a16b298190a3178407c?s=96&d=mm&r=g","contentUrl":"https:\/\/secure.gravatar.com\/avatar\/2dce5ddd34b8fef0180efe03aa2a9bee7d953856048f9a16b298190a3178407c?s=96&d=mm&r=g","caption":"LA REDACTION"},"url":"https:\/\/www.public.sn\/index.php\/author\/editeurpsn\/"}]}},"jetpack_featured_media_url":"https:\/\/www.public.sn\/wp-content\/uploads\/2023\/07\/macky-sall-9.jpeg","jetpack_sharing_enabled":true,"_links":{"self":[{"href":"https:\/\/www.public.sn\/index.php\/wp-json\/wp\/v2\/posts\/25521","targetHints":{"allow":["GET"]}}],"collection":[{"href":"https:\/\/www.public.sn\/index.php\/wp-json\/wp\/v2\/posts"}],"about":[{"href":"https:\/\/www.public.sn\/index.php\/wp-json\/wp\/v2\/types\/post"}],"author":[{"embeddable":true,"href":"https:\/\/www.public.sn\/index.php\/wp-json\/wp\/v2\/users\/7"}],"replies":[{"embeddable":true,"href":"https:\/\/www.public.sn\/index.php\/wp-json\/wp\/v2\/comments?post=25521"}],"version-history":[{"count":1,"href":"https:\/\/www.public.sn\/index.php\/wp-json\/wp\/v2\/posts\/25521\/revisions"}],"predecessor-version":[{"id":25526,"href":"https:\/\/www.public.sn\/index.php\/wp-json\/wp\/v2\/posts\/25521\/revisions\/25526"}],"wp:featuredmedia":[{"embeddable":true,"href":"https:\/\/www.public.sn\/index.php\/wp-json\/wp\/v2\/media\/25522"}],"wp:attachment":[{"href":"https:\/\/www.public.sn\/index.php\/wp-json\/wp\/v2\/media?parent=25521"}],"wp:term":[{"taxonomy":"category","embeddable":true,"href":"https:\/\/www.public.sn\/index.php\/wp-json\/wp\/v2\/categories?post=25521"},{"taxonomy":"post_tag","embeddable":true,"href":"https:\/\/www.public.sn\/index.php\/wp-json\/wp\/v2\/tags?post=25521"}],"curies":[{"name":"wp","href":"https:\/\/api.w.org\/{rel}","templated":true}]}}