{"id":25899,"date":"2023-08-07T15:17:50","date_gmt":"2023-08-07T15:17:50","guid":{"rendered":"https:\/\/www.public.sn\/?p=25899"},"modified":"2023-08-07T15:17:50","modified_gmt":"2023-08-07T15:17:50","slug":"bulletin-meteorologique-du-lundi-07-aout-2023","status":"publish","type":"post","link":"https:\/\/www.public.sn\/index.php\/2023\/08\/07\/bulletin-meteorologique-du-lundi-07-aout-2023\/","title":{"rendered":"Bulletin m\u00e9t\u00e9orologique du lundi 07 ao\u00fbt 2023"},"content":{"rendered":"<p><strong>L\u2019Agence nationale de l\u2019aviation civile et de la m\u00e9t\u00e9orologie (Anacim) a publi\u00e9 le bulletin m\u00e9t\u00e9o de ce lundi 7 aout. Selon les pr\u00e9visionnistes, cette journ\u00e9e devrait \u00eatre marqu\u00e9e par la pluie dans plusieurs r\u00e9gions.<\/strong><\/p><div class=\"publi-paragraphe1\" style=\"margin-top: 10px;margin-bottom: 10px;margin-left: auto;margin-right: auto;text-align: center;\" id=\"publi-1155619653\"><div class=\"publi-adlabel\">Publicit\u00e9<\/div><script async src=\"\/\/pagead2.googlesyndication.com\/pagead\/js\/adsbygoogle.js?client=ca-pub-4089586018074219\" crossorigin=\"anonymous\"><\/script><ins class=\"adsbygoogle\" style=\"display:block;\" data-ad-client=\"ca-pub-4089586018074219\" \ndata-ad-slot=\"2087940154\" \ndata-ad-format=\"auto\"><\/ins>\n<script> \n(adsbygoogle = window.adsbygoogle || []).push({}); \n<\/script>\n<\/div>\n<p>\u00ab Le ciel demeurera \u00e0 pr\u00e9dominance nuageuse sur tout le territoire au courant de cet apr\u00e8s-midi. Cependant, d\u00e8s la soir\u00e9e, de la pluie sera not\u00e9e sur les localit\u00e9s Sud (K\u00e9dougou, Kolda, S\u00e9dhiou, Ziguinchor et Cap-Skirring). Les syst\u00e8mes pluvieux toucheront \u00e9galement les r\u00e9gions centre-sud (Fatick, Kaolack et Kaffrine) et Tambacounda. D\u00e8s demain, la stabilit\u00e9 gagnera progressivement le pays avec un ciel qui sera passag\u00e8rement nuageux \u00bb, annonce l\u2019Anacim dans son bulletin de ce jour.<\/p>\n<p>\u00ab En raison de la couverture nuageuse, la chaleur sera moins sensible sur une bonne partie du pays, toutefois elle reste marqu\u00e9e dans le Nord-est avec des pics journaliers de 40\u00b0C relev\u00e9s par endroits. Les visibilit\u00e9s seront g\u00e9n\u00e9ralement bonnes. Les vents souffleront de secteur Nord-ouest \u00e0 Ouest et d\u2019intensit\u00e9 faible \u00e0 mod\u00e9r\u00e9e \u00bb, ajoute l\u2019Anacim.<\/p>\n<div class=\"publi-apres-le-contenu\" style=\"margin-top: 10px;margin-bottom: 10px;margin-left: auto;margin-right: auto;text-align: center;\" id=\"publi-145794523\"><div class=\"publi-adlabel\">Publicit\u00e9<\/div><script async src=\"\/\/pagead2.googlesyndication.com\/pagead\/js\/adsbygoogle.js?client=ca-pub-4089586018074219\" crossorigin=\"anonymous\"><\/script><ins class=\"adsbygoogle\" style=\"display:block;\" data-ad-client=\"ca-pub-4089586018074219\" \ndata-ad-slot=\"2087940154\" \ndata-ad-format=\"auto\"><\/ins>\n<script> \n(adsbygoogle = window.adsbygoogle || []).push({}); \n<\/script>\n<\/div>","protected":false},"excerpt":{"rendered":"<p>L\u2019Agence nationale de l\u2019aviation civile et de la m\u00e9t\u00e9orologie (Anacim) a publi\u00e9 le bulletin m\u00e9t\u00e9o de ce lundi 7 aout. Selon les pr\u00e9visionnistes, cette journ\u00e9e devrait \u00eatre marqu\u00e9e par la pluie dans plusieurs r\u00e9gions. \u00ab Le ciel demeurera \u00e0 pr\u00e9dominance nuageuse sur tout le territoire au courant de cet apr\u00e8s-midi. Cependant, d\u00e8s la soir\u00e9e, de la pluie sera not\u00e9e sur les localit\u00e9s Sud (K\u00e9dougou, Kolda, S\u00e9dhiou, Ziguinchor et Cap-Skirring). Les syst\u00e8mes pluvieux toucheront \u00e9galement les r\u00e9gions centre-sud (Fatick, Kaolack et Kaffrine) et Tambacounda. D\u00e8s demain, la stabilit\u00e9 gagnera progressivement le pays avec un ciel qui sera passag\u00e8rement nuageux \u00bb, annonce l\u2019Anacim dans son bulletin de ce jour. \u00ab En raison de la couverture nuageuse, la chaleur sera moins sensible sur une bonne partie du pays, toutefois elle reste marqu\u00e9e dans le Nord-est avec des pics journaliers de 40\u00b0C relev\u00e9s par endroits. Les visibilit\u00e9s seront g\u00e9n\u00e9ralement bonnes. Les vents souffleront de secteur Nord-ouest \u00e0 Ouest et d\u2019intensit\u00e9 faible \u00e0 mod\u00e9r\u00e9e \u00bb, ajoute l\u2019Anacim.<\/p>\n","protected":false},"author":1,"featured_media":23625,"comment_status":"open","ping_status":"open","sticky":false,"template":"","format":"standard","meta":{"_jetpack_memberships_contains_paid_content":false,"footnotes":""},"categories":[5300,5299],"tags":[74,150],"class_list":["post-25899","post","type-post","status-publish","format-standard","has-post-thumbnail","hentry","category-climat","category-meteo","tag-anacim","tag-meteo","entry","has-media","owp-thumbs-layout-horizontal","owp-btn-normal","owp-tabs-layout-horizontal","has-no-thumbnails","has-product-nav"],"yoast_head":"<!-- This site is optimized with the Yoast SEO plugin v25.5 - https:\/\/yoast.com\/wordpress\/plugins\/seo\/ -->\n<title>Bulletin m\u00e9t\u00e9orologique du lundi 07 ao\u00fbt 2023 - LE PUBLIC<\/title>\n<meta name=\"description\" content=\"L\u2019Agence nationale de l\u2019aviation civile et de la m\u00e9t\u00e9orologie (Anacim) a publi\u00e9 le bulletin m\u00e9t\u00e9o de ce lundi 7 aout. Selon les pr\u00e9visionnistes, cette journ\u00e9e devrait \u00eatre marqu\u00e9e par la pluie dans plusieurs r\u00e9gions.\" \/>\n<meta name=\"robots\" content=\"index, follow, max-snippet:-1, max-image-preview:large, max-video-preview:-1\" \/>\n<link rel=\"canonical\" href=\"https:\/\/www.public.sn\/index.php\/2023\/08\/07\/bulletin-meteorologique-du-lundi-07-aout-2023\/\" \/>\n<meta property=\"og:locale\" content=\"fr_FR\" \/>\n<meta property=\"og:type\" content=\"article\" \/>\n<meta property=\"og:title\" content=\"Bulletin m\u00e9t\u00e9orologique du lundi 07 ao\u00fbt 2023 - LE PUBLIC\" \/>\n<meta property=\"og:description\" content=\"L\u2019Agence nationale de l\u2019aviation civile et de la m\u00e9t\u00e9orologie (Anacim) a publi\u00e9 le bulletin m\u00e9t\u00e9o de ce lundi 7 aout. Selon les pr\u00e9visionnistes, cette journ\u00e9e devrait \u00eatre marqu\u00e9e par la pluie dans plusieurs r\u00e9gions.\" \/>\n<meta property=\"og:url\" content=\"https:\/\/www.public.sn\/index.php\/2023\/08\/07\/bulletin-meteorologique-du-lundi-07-aout-2023\/\" \/>\n<meta property=\"og:site_name\" content=\"LE PUBLIC\" \/>\n<meta property=\"article:published_time\" content=\"2023-08-07T15:17:50+00:00\" \/>\n<meta property=\"og:image\" content=\"https:\/\/www.public.sn\/wp-content\/uploads\/2023\/06\/pluies.jpeg\" \/>\n\t<meta property=\"og:image:width\" content=\"277\" \/>\n\t<meta property=\"og:image:height\" content=\"182\" \/>\n\t<meta property=\"og:image:type\" content=\"image\/jpeg\" \/>\n<meta name=\"author\" content=\"LA REDACTION\" \/>\n<meta name=\"twitter:card\" content=\"summary_large_image\" \/>\n<meta name=\"twitter:label1\" content=\"\u00c9crit par\" \/>\n\t<meta name=\"twitter:data1\" content=\"LA REDACTION\" \/>\n\t<meta name=\"twitter:label2\" content=\"Dur\u00e9e de lecture estim\u00e9e\" \/>\n\t<meta name=\"twitter:data2\" content=\"1 minute\" \/>\n<script type=\"application\/ld+json\" class=\"yoast-schema-graph\">{\"@context\":\"https:\/\/schema.org\",\"@graph\":[{\"@type\":\"Article\",\"@id\":\"https:\/\/www.public.sn\/index.php\/2023\/08\/07\/bulletin-meteorologique-du-lundi-07-aout-2023\/#article\",\"isPartOf\":{\"@id\":\"https:\/\/www.public.sn\/index.php\/2023\/08\/07\/bulletin-meteorologique-du-lundi-07-aout-2023\/\"},\"author\":{\"name\":\"LA REDACTION\",\"@id\":\"https:\/\/www.public.sn\/#\/schema\/person\/e3f4a11b037d4203902db148f9bc8d5a\"},\"headline\":\"Bulletin m\u00e9t\u00e9orologique du lundi 07 ao\u00fbt 2023\",\"datePublished\":\"2023-08-07T15:17:50+00:00\",\"mainEntityOfPage\":{\"@id\":\"https:\/\/www.public.sn\/index.php\/2023\/08\/07\/bulletin-meteorologique-du-lundi-07-aout-2023\/\"},\"wordCount\":194,\"commentCount\":0,\"publisher\":{\"@id\":\"https:\/\/www.public.sn\/#organization\"},\"image\":{\"@id\":\"https:\/\/www.public.sn\/index.php\/2023\/08\/07\/bulletin-meteorologique-du-lundi-07-aout-2023\/#primaryimage\"},\"thumbnailUrl\":\"https:\/\/www.public.sn\/wp-content\/uploads\/2023\/06\/pluies.jpeg\",\"keywords\":[\"Anacim\",\"M\u00e9t\u00e9o\"],\"articleSection\":[\"CLIMAT\",\"METEO\"],\"inLanguage\":\"fr-FR\",\"potentialAction\":[{\"@type\":\"CommentAction\",\"name\":\"Comment\",\"target\":[\"https:\/\/www.public.sn\/index.php\/2023\/08\/07\/bulletin-meteorologique-du-lundi-07-aout-2023\/#respond\"]}]},{\"@type\":\"WebPage\",\"@id\":\"https:\/\/www.public.sn\/index.php\/2023\/08\/07\/bulletin-meteorologique-du-lundi-07-aout-2023\/\",\"url\":\"https:\/\/www.public.sn\/index.php\/2023\/08\/07\/bulletin-meteorologique-du-lundi-07-aout-2023\/\",\"name\":\"Bulletin m\u00e9t\u00e9orologique du lundi 07 ao\u00fbt 2023 - LE PUBLIC\",\"isPartOf\":{\"@id\":\"https:\/\/www.public.sn\/#website\"},\"primaryImageOfPage\":{\"@id\":\"https:\/\/www.public.sn\/index.php\/2023\/08\/07\/bulletin-meteorologique-du-lundi-07-aout-2023\/#primaryimage\"},\"image\":{\"@id\":\"https:\/\/www.public.sn\/index.php\/2023\/08\/07\/bulletin-meteorologique-du-lundi-07-aout-2023\/#primaryimage\"},\"thumbnailUrl\":\"https:\/\/www.public.sn\/wp-content\/uploads\/2023\/06\/pluies.jpeg\",\"datePublished\":\"2023-08-07T15:17:50+00:00\",\"description\":\"L\u2019Agence nationale de l\u2019aviation civile et de la m\u00e9t\u00e9orologie (Anacim) a publi\u00e9 le bulletin m\u00e9t\u00e9o de ce lundi 7 aout. Selon les pr\u00e9visionnistes, cette journ\u00e9e devrait \u00eatre marqu\u00e9e par la pluie dans plusieurs r\u00e9gions.\",\"breadcrumb\":{\"@id\":\"https:\/\/www.public.sn\/index.php\/2023\/08\/07\/bulletin-meteorologique-du-lundi-07-aout-2023\/#breadcrumb\"},\"inLanguage\":\"fr-FR\",\"potentialAction\":[{\"@type\":\"ReadAction\",\"target\":[\"https:\/\/www.public.sn\/index.php\/2023\/08\/07\/bulletin-meteorologique-du-lundi-07-aout-2023\/\"]}]},{\"@type\":\"ImageObject\",\"inLanguage\":\"fr-FR\",\"@id\":\"https:\/\/www.public.sn\/index.php\/2023\/08\/07\/bulletin-meteorologique-du-lundi-07-aout-2023\/#primaryimage\",\"url\":\"https:\/\/www.public.sn\/wp-content\/uploads\/2023\/06\/pluies.jpeg\",\"contentUrl\":\"https:\/\/www.public.sn\/wp-content\/uploads\/2023\/06\/pluies.jpeg\",\"width\":277,\"height\":182},{\"@type\":\"BreadcrumbList\",\"@id\":\"https:\/\/www.public.sn\/index.php\/2023\/08\/07\/bulletin-meteorologique-du-lundi-07-aout-2023\/#breadcrumb\",\"itemListElement\":[{\"@type\":\"ListItem\",\"position\":1,\"name\":\"Accueil\",\"item\":\"https:\/\/www.public.sn\/\"},{\"@type\":\"ListItem\",\"position\":2,\"name\":\"Bulletin m\u00e9t\u00e9orologique du lundi 07 ao\u00fbt 2023\"}]},{\"@type\":\"WebSite\",\"@id\":\"https:\/\/www.public.sn\/#website\",\"url\":\"https:\/\/www.public.sn\/\",\"name\":\"LE PUBLIC\",\"description\":\"\",\"publisher\":{\"@id\":\"https:\/\/www.public.sn\/#organization\"},\"potentialAction\":[{\"@type\":\"SearchAction\",\"target\":{\"@type\":\"EntryPoint\",\"urlTemplate\":\"https:\/\/www.public.sn\/?s={search_term_string}\"},\"query-input\":{\"@type\":\"PropertyValueSpecification\",\"valueRequired\":true,\"valueName\":\"search_term_string\"}}],\"inLanguage\":\"fr-FR\"},{\"@type\":\"Organization\",\"@id\":\"https:\/\/www.public.sn\/#organization\",\"name\":\"LE PUBLIC\",\"url\":\"https:\/\/www.public.sn\/\",\"logo\":{\"@type\":\"ImageObject\",\"inLanguage\":\"fr-FR\",\"@id\":\"https:\/\/www.public.sn\/#\/schema\/logo\/image\/\",\"url\":\"https:\/\/www.public.sn\/wp-content\/uploads\/2024\/05\/cropped-LOGO-PUBLIC.SN_.png\",\"contentUrl\":\"https:\/\/www.public.sn\/wp-content\/uploads\/2024\/05\/cropped-LOGO-PUBLIC.SN_.png\",\"width\":682,\"height\":192,\"caption\":\"LE PUBLIC\"},\"image\":{\"@id\":\"https:\/\/www.public.sn\/#\/schema\/logo\/image\/\"}},{\"@type\":\"Person\",\"@id\":\"https:\/\/www.public.sn\/#\/schema\/person\/e3f4a11b037d4203902db148f9bc8d5a\",\"name\":\"LA REDACTION\",\"image\":{\"@type\":\"ImageObject\",\"inLanguage\":\"fr-FR\",\"@id\":\"https:\/\/www.public.sn\/#\/schema\/person\/image\/\",\"url\":\"https:\/\/secure.gravatar.com\/avatar\/d6c030db45db2883c075085c5d6c6258654a801a93766b49af0b82d4f454e2a5?s=96&d=mm&r=g\",\"contentUrl\":\"https:\/\/secure.gravatar.com\/avatar\/d6c030db45db2883c075085c5d6c6258654a801a93766b49af0b82d4f454e2a5?s=96&d=mm&r=g\",\"caption\":\"LA REDACTION\"},\"sameAs\":[\"http:\/\/www.public.sn\"],\"url\":\"https:\/\/www.public.sn\/index.php\/author\/admin7324\/\"}]}<\/script>\n<!-- \/ Yoast SEO plugin. -->","yoast_head_json":{"title":"Bulletin m\u00e9t\u00e9orologique du lundi 07 ao\u00fbt 2023 - LE PUBLIC","description":"L\u2019Agence nationale de l\u2019aviation civile et de la m\u00e9t\u00e9orologie (Anacim) a publi\u00e9 le bulletin m\u00e9t\u00e9o de ce lundi 7 aout. Selon les pr\u00e9visionnistes, cette journ\u00e9e devrait \u00eatre marqu\u00e9e par la pluie dans plusieurs r\u00e9gions.","robots":{"index":"index","follow":"follow","max-snippet":"max-snippet:-1","max-image-preview":"max-image-preview:large","max-video-preview":"max-video-preview:-1"},"canonical":"https:\/\/www.public.sn\/index.php\/2023\/08\/07\/bulletin-meteorologique-du-lundi-07-aout-2023\/","og_locale":"fr_FR","og_type":"article","og_title":"Bulletin m\u00e9t\u00e9orologique du lundi 07 ao\u00fbt 2023 - LE PUBLIC","og_description":"L\u2019Agence nationale de l\u2019aviation civile et de la m\u00e9t\u00e9orologie (Anacim) a publi\u00e9 le bulletin m\u00e9t\u00e9o de ce lundi 7 aout. Selon les pr\u00e9visionnistes, cette journ\u00e9e devrait \u00eatre marqu\u00e9e par la pluie dans plusieurs r\u00e9gions.","og_url":"https:\/\/www.public.sn\/index.php\/2023\/08\/07\/bulletin-meteorologique-du-lundi-07-aout-2023\/","og_site_name":"LE PUBLIC","article_published_time":"2023-08-07T15:17:50+00:00","og_image":[{"width":277,"height":182,"url":"https:\/\/www.public.sn\/wp-content\/uploads\/2023\/06\/pluies.jpeg","type":"image\/jpeg"}],"author":"LA REDACTION","twitter_card":"summary_large_image","twitter_misc":{"\u00c9crit par":"LA REDACTION","Dur\u00e9e de lecture estim\u00e9e":"1 minute"},"schema":{"@context":"https:\/\/schema.org","@graph":[{"@type":"Article","@id":"https:\/\/www.public.sn\/index.php\/2023\/08\/07\/bulletin-meteorologique-du-lundi-07-aout-2023\/#article","isPartOf":{"@id":"https:\/\/www.public.sn\/index.php\/2023\/08\/07\/bulletin-meteorologique-du-lundi-07-aout-2023\/"},"author":{"name":"LA REDACTION","@id":"https:\/\/www.public.sn\/#\/schema\/person\/e3f4a11b037d4203902db148f9bc8d5a"},"headline":"Bulletin m\u00e9t\u00e9orologique du lundi 07 ao\u00fbt 2023","datePublished":"2023-08-07T15:17:50+00:00","mainEntityOfPage":{"@id":"https:\/\/www.public.sn\/index.php\/2023\/08\/07\/bulletin-meteorologique-du-lundi-07-aout-2023\/"},"wordCount":194,"commentCount":0,"publisher":{"@id":"https:\/\/www.public.sn\/#organization"},"image":{"@id":"https:\/\/www.public.sn\/index.php\/2023\/08\/07\/bulletin-meteorologique-du-lundi-07-aout-2023\/#primaryimage"},"thumbnailUrl":"https:\/\/www.public.sn\/wp-content\/uploads\/2023\/06\/pluies.jpeg","keywords":["Anacim","M\u00e9t\u00e9o"],"articleSection":["CLIMAT","METEO"],"inLanguage":"fr-FR","potentialAction":[{"@type":"CommentAction","name":"Comment","target":["https:\/\/www.public.sn\/index.php\/2023\/08\/07\/bulletin-meteorologique-du-lundi-07-aout-2023\/#respond"]}]},{"@type":"WebPage","@id":"https:\/\/www.public.sn\/index.php\/2023\/08\/07\/bulletin-meteorologique-du-lundi-07-aout-2023\/","url":"https:\/\/www.public.sn\/index.php\/2023\/08\/07\/bulletin-meteorologique-du-lundi-07-aout-2023\/","name":"Bulletin m\u00e9t\u00e9orologique du lundi 07 ao\u00fbt 2023 - LE PUBLIC","isPartOf":{"@id":"https:\/\/www.public.sn\/#website"},"primaryImageOfPage":{"@id":"https:\/\/www.public.sn\/index.php\/2023\/08\/07\/bulletin-meteorologique-du-lundi-07-aout-2023\/#primaryimage"},"image":{"@id":"https:\/\/www.public.sn\/index.php\/2023\/08\/07\/bulletin-meteorologique-du-lundi-07-aout-2023\/#primaryimage"},"thumbnailUrl":"https:\/\/www.public.sn\/wp-content\/uploads\/2023\/06\/pluies.jpeg","datePublished":"2023-08-07T15:17:50+00:00","description":"L\u2019Agence nationale de l\u2019aviation civile et de la m\u00e9t\u00e9orologie (Anacim) a publi\u00e9 le bulletin m\u00e9t\u00e9o de ce lundi 7 aout. Selon les pr\u00e9visionnistes, cette journ\u00e9e devrait \u00eatre marqu\u00e9e par la pluie dans plusieurs r\u00e9gions.","breadcrumb":{"@id":"https:\/\/www.public.sn\/index.php\/2023\/08\/07\/bulletin-meteorologique-du-lundi-07-aout-2023\/#breadcrumb"},"inLanguage":"fr-FR","potentialAction":[{"@type":"ReadAction","target":["https:\/\/www.public.sn\/index.php\/2023\/08\/07\/bulletin-meteorologique-du-lundi-07-aout-2023\/"]}]},{"@type":"ImageObject","inLanguage":"fr-FR","@id":"https:\/\/www.public.sn\/index.php\/2023\/08\/07\/bulletin-meteorologique-du-lundi-07-aout-2023\/#primaryimage","url":"https:\/\/www.public.sn\/wp-content\/uploads\/2023\/06\/pluies.jpeg","contentUrl":"https:\/\/www.public.sn\/wp-content\/uploads\/2023\/06\/pluies.jpeg","width":277,"height":182},{"@type":"BreadcrumbList","@id":"https:\/\/www.public.sn\/index.php\/2023\/08\/07\/bulletin-meteorologique-du-lundi-07-aout-2023\/#breadcrumb","itemListElement":[{"@type":"ListItem","position":1,"name":"Accueil","item":"https:\/\/www.public.sn\/"},{"@type":"ListItem","position":2,"name":"Bulletin m\u00e9t\u00e9orologique du lundi 07 ao\u00fbt 2023"}]},{"@type":"WebSite","@id":"https:\/\/www.public.sn\/#website","url":"https:\/\/www.public.sn\/","name":"LE PUBLIC","description":"","publisher":{"@id":"https:\/\/www.public.sn\/#organization"},"potentialAction":[{"@type":"SearchAction","target":{"@type":"EntryPoint","urlTemplate":"https:\/\/www.public.sn\/?s={search_term_string}"},"query-input":{"@type":"PropertyValueSpecification","valueRequired":true,"valueName":"search_term_string"}}],"inLanguage":"fr-FR"},{"@type":"Organization","@id":"https:\/\/www.public.sn\/#organization","name":"LE PUBLIC","url":"https:\/\/www.public.sn\/","logo":{"@type":"ImageObject","inLanguage":"fr-FR","@id":"https:\/\/www.public.sn\/#\/schema\/logo\/image\/","url":"https:\/\/www.public.sn\/wp-content\/uploads\/2024\/05\/cropped-LOGO-PUBLIC.SN_.png","contentUrl":"https:\/\/www.public.sn\/wp-content\/uploads\/2024\/05\/cropped-LOGO-PUBLIC.SN_.png","width":682,"height":192,"caption":"LE PUBLIC"},"image":{"@id":"https:\/\/www.public.sn\/#\/schema\/logo\/image\/"}},{"@type":"Person","@id":"https:\/\/www.public.sn\/#\/schema\/person\/e3f4a11b037d4203902db148f9bc8d5a","name":"LA REDACTION","image":{"@type":"ImageObject","inLanguage":"fr-FR","@id":"https:\/\/www.public.sn\/#\/schema\/person\/image\/","url":"https:\/\/secure.gravatar.com\/avatar\/d6c030db45db2883c075085c5d6c6258654a801a93766b49af0b82d4f454e2a5?s=96&d=mm&r=g","contentUrl":"https:\/\/secure.gravatar.com\/avatar\/d6c030db45db2883c075085c5d6c6258654a801a93766b49af0b82d4f454e2a5?s=96&d=mm&r=g","caption":"LA REDACTION"},"sameAs":["http:\/\/www.public.sn"],"url":"https:\/\/www.public.sn\/index.php\/author\/admin7324\/"}]}},"jetpack_featured_media_url":"https:\/\/www.public.sn\/wp-content\/uploads\/2023\/06\/pluies.jpeg","jetpack_sharing_enabled":true,"_links":{"self":[{"href":"https:\/\/www.public.sn\/index.php\/wp-json\/wp\/v2\/posts\/25899","targetHints":{"allow":["GET"]}}],"collection":[{"href":"https:\/\/www.public.sn\/index.php\/wp-json\/wp\/v2\/posts"}],"about":[{"href":"https:\/\/www.public.sn\/index.php\/wp-json\/wp\/v2\/types\/post"}],"author":[{"embeddable":true,"href":"https:\/\/www.public.sn\/index.php\/wp-json\/wp\/v2\/users\/1"}],"replies":[{"embeddable":true,"href":"https:\/\/www.public.sn\/index.php\/wp-json\/wp\/v2\/comments?post=25899"}],"version-history":[{"count":1,"href":"https:\/\/www.public.sn\/index.php\/wp-json\/wp\/v2\/posts\/25899\/revisions"}],"predecessor-version":[{"id":25900,"href":"https:\/\/www.public.sn\/index.php\/wp-json\/wp\/v2\/posts\/25899\/revisions\/25900"}],"wp:featuredmedia":[{"embeddable":true,"href":"https:\/\/www.public.sn\/index.php\/wp-json\/wp\/v2\/media\/23625"}],"wp:attachment":[{"href":"https:\/\/www.public.sn\/index.php\/wp-json\/wp\/v2\/media?parent=25899"}],"wp:term":[{"taxonomy":"category","embeddable":true,"href":"https:\/\/www.public.sn\/index.php\/wp-json\/wp\/v2\/categories?post=25899"},{"taxonomy":"post_tag","embeddable":true,"href":"https:\/\/www.public.sn\/index.php\/wp-json\/wp\/v2\/tags?post=25899"}],"curies":[{"name":"wp","href":"https:\/\/api.w.org\/{rel}","templated":true}]}}