{"id":2625,"date":"2022-09-23T08:48:11","date_gmt":"2022-09-23T08:48:11","guid":{"rendered":"https:\/\/www.public.sn\/?p=2625"},"modified":"2022-09-23T09:05:45","modified_gmt":"2022-09-23T09:05:45","slug":"octroi-de-visas-detudes-canada-la-ministre-des-affaires-etrangeres-aissata-tall-sall-dement-et-precise","status":"publish","type":"post","link":"https:\/\/www.public.sn\/index.php\/2022\/09\/23\/octroi-de-visas-detudes-canada-la-ministre-des-affaires-etrangeres-aissata-tall-sall-dement-et-precise\/","title":{"rendered":"Octroi de visas d\u2019\u00e9tudes canada: La ministre des affaires \u00e9trang\u00e8res Aissata Tall Sall d\u00e9ment et pr\u00e9cise."},"content":{"rendered":"\n<p>Depuis quelques jours, un message, largement partag\u00e9 sur les r\u00e9seaux sociaux, fait \u00e9tat d\u2019un suppos\u00e9 accord bilat\u00e9ral entre le Canada et le S\u00e9n\u00e9gal portant sur l\u2019octroi de visas exceptionnels aux citoyens s\u00e9n\u00e9galais, pour visiter, \u00e9tudier, travailler ou faire des affaires au Canada.<\/p><div class=\"publi-paragraphe1\" style=\"margin-top: 10px;margin-bottom: 10px;margin-left: auto;margin-right: auto;text-align: center;\" id=\"publi-2542549314\"><div class=\"publi-adlabel\">Publicit\u00e9<\/div><script async src=\"\/\/pagead2.googlesyndication.com\/pagead\/js\/adsbygoogle.js?client=ca-pub-4089586018074219\" crossorigin=\"anonymous\"><\/script><ins class=\"adsbygoogle\" style=\"display:block;\" data-ad-client=\"ca-pub-4089586018074219\" \ndata-ad-slot=\"2087940154\" \ndata-ad-format=\"auto\"><\/ins>\n<script> \n(adsbygoogle = window.adsbygoogle || []).push({}); \n<\/script>\n<\/div>\n\n\n\n<p>Dans un communiqu\u00e9 rendu public, le minist\u00e8re des Affaires \u00e9trang\u00e8res et des S\u00e9n\u00e9galais de l\u2019Ext\u00e9rieur porte \u00e0 l\u2019attention des compatriotes qu\u2019\u00abaucun accord de ce genre n\u2019a \u00e9t\u00e9 sign\u00e9 avec le Gouvernement canadien\u00bb.\u00a0<\/p>\n\n\n\n<p>Selon A\u00efssata Tall Sall, il s\u2019agit donc d\u2019une \u00abfausse information sans fondement, divulgu\u00e9e par des individus mal intentionn\u00e9s dont le dessein serait de nuire aux honn\u00eates citoyens\u00bb. Le Minist\u00e8re des Affaires \u00e9trang\u00e8res et des S\u00e9n\u00e9galais de l\u2019Ext\u00e9rieur invite les S\u00e9n\u00e9galais d\u00e9sireux de se \u00abrendre au Canada \u00e0 utiliser la voie officielle en se rapprochant de l\u2019Ambassade de ce pays \u00e0 Dakar\u00bb.<\/p>\n<div class=\"publi-apres-le-contenu\" style=\"margin-top: 10px;margin-bottom: 10px;margin-left: auto;margin-right: auto;text-align: center;\" id=\"publi-2499394373\"><div class=\"publi-adlabel\">Publicit\u00e9<\/div><script async src=\"\/\/pagead2.googlesyndication.com\/pagead\/js\/adsbygoogle.js?client=ca-pub-4089586018074219\" crossorigin=\"anonymous\"><\/script><ins class=\"adsbygoogle\" style=\"display:block;\" data-ad-client=\"ca-pub-4089586018074219\" \ndata-ad-slot=\"2087940154\" \ndata-ad-format=\"auto\"><\/ins>\n<script> \n(adsbygoogle = window.adsbygoogle || []).push({}); \n<\/script>\n<\/div>","protected":false},"excerpt":{"rendered":"<p>Depuis quelques jours, un message, largement partag\u00e9 sur les r\u00e9seaux sociaux, fait \u00e9tat d\u2019un suppos\u00e9 accord bilat\u00e9ral entre le Canada et le S\u00e9n\u00e9gal portant sur l\u2019octroi de visas exceptionnels aux citoyens s\u00e9n\u00e9galais, pour visiter, \u00e9tudier, travailler ou faire des affaires au Canada. Dans un communiqu\u00e9 rendu public, le minist\u00e8re des Affaires \u00e9trang\u00e8res et des S\u00e9n\u00e9galais de l\u2019Ext\u00e9rieur porte \u00e0 l\u2019attention des compatriotes qu\u2019\u00abaucun accord de ce genre n\u2019a \u00e9t\u00e9 sign\u00e9 avec le Gouvernement canadien\u00bb.\u00a0 Selon A\u00efssata Tall Sall, il s\u2019agit donc d\u2019une \u00abfausse information sans fondement, divulgu\u00e9e par des individus mal intentionn\u00e9s dont le dessein serait de nuire aux honn\u00eates citoyens\u00bb. Le Minist\u00e8re des Affaires \u00e9trang\u00e8res et des S\u00e9n\u00e9galais de l\u2019Ext\u00e9rieur invite les S\u00e9n\u00e9galais d\u00e9sireux de se \u00abrendre au Canada \u00e0 utiliser la voie officielle en se rapprochant de l\u2019Ambassade de ce pays \u00e0 Dakar\u00bb.<\/p>\n","protected":false},"author":1,"featured_media":2626,"comment_status":"open","ping_status":"open","sticky":false,"template":"","format":"standard","meta":{"_jetpack_memberships_contains_paid_content":false,"footnotes":""},"categories":[375,3,372],"tags":[936,12,530,935,11,934,20],"class_list":["post-2625","post","type-post","status-publish","format-standard","has-post-thumbnail","hentry","category-actualites","category-politique","category-vedette","tag-aissata-tall-sall","tag-assemblee-nationale","tag-canada","tag-etudes","tag-macky-sall","tag-octroi-visas","tag-presidentielle-2024","entry","has-media","owp-thumbs-layout-horizontal","owp-btn-normal","owp-tabs-layout-horizontal","has-no-thumbnails","has-product-nav"],"yoast_head":"<!-- This site is optimized with the Yoast SEO plugin v25.5 - https:\/\/yoast.com\/wordpress\/plugins\/seo\/ -->\n<title>Octroi de visas d\u2019\u00e9tudes canada: La ministre des affaires \u00e9trang\u00e8res Aissata Tall Sall d\u00e9ment et pr\u00e9cise. - LE PUBLIC<\/title>\n<meta name=\"robots\" content=\"index, follow, max-snippet:-1, max-image-preview:large, max-video-preview:-1\" \/>\n<link rel=\"canonical\" href=\"https:\/\/www.public.sn\/index.php\/2022\/09\/23\/octroi-de-visas-detudes-canada-la-ministre-des-affaires-etrangeres-aissata-tall-sall-dement-et-precise\/\" \/>\n<meta property=\"og:locale\" content=\"fr_FR\" \/>\n<meta property=\"og:type\" content=\"article\" \/>\n<meta property=\"og:title\" content=\"Octroi de visas d\u2019\u00e9tudes canada: La ministre des affaires \u00e9trang\u00e8res Aissata Tall Sall d\u00e9ment et pr\u00e9cise. - LE PUBLIC\" \/>\n<meta property=\"og:description\" content=\"Depuis quelques jours, un message, largement partag\u00e9 sur les r\u00e9seaux sociaux, fait \u00e9tat d\u2019un suppos\u00e9 accord bilat\u00e9ral entre le Canada et le S\u00e9n\u00e9gal portant sur l\u2019octroi de visas exceptionnels aux citoyens s\u00e9n\u00e9galais, pour visiter, \u00e9tudier, travailler ou faire des affaires au Canada. Dans un communiqu\u00e9 rendu public, le minist\u00e8re des Affaires \u00e9trang\u00e8res et des S\u00e9n\u00e9galais de l\u2019Ext\u00e9rieur porte \u00e0 l\u2019attention des compatriotes qu\u2019\u00abaucun accord de ce genre n\u2019a \u00e9t\u00e9 sign\u00e9 avec le Gouvernement canadien\u00bb.\u00a0 Selon A\u00efssata Tall Sall, il s\u2019agit donc d\u2019une \u00abfausse information sans fondement, divulgu\u00e9e par des individus mal intentionn\u00e9s dont le dessein serait de nuire aux honn\u00eates citoyens\u00bb. Le Minist\u00e8re des Affaires \u00e9trang\u00e8res et des S\u00e9n\u00e9galais de l\u2019Ext\u00e9rieur invite les S\u00e9n\u00e9galais d\u00e9sireux de se \u00abrendre au Canada \u00e0 utiliser la voie officielle en se rapprochant de l\u2019Ambassade de ce pays \u00e0 Dakar\u00bb.\" \/>\n<meta property=\"og:url\" content=\"https:\/\/www.public.sn\/index.php\/2022\/09\/23\/octroi-de-visas-detudes-canada-la-ministre-des-affaires-etrangeres-aissata-tall-sall-dement-et-precise\/\" \/>\n<meta property=\"og:site_name\" content=\"LE PUBLIC\" \/>\n<meta property=\"article:published_time\" content=\"2022-09-23T08:48:11+00:00\" \/>\n<meta property=\"article:modified_time\" content=\"2022-09-23T09:05:45+00:00\" \/>\n<meta property=\"og:image\" content=\"https:\/\/www.public.sn\/wp-content\/uploads\/2022\/09\/4C9D8610-B89A-4FFF-89A9-668C851E5065.png\" \/>\n\t<meta property=\"og:image:width\" content=\"2048\" \/>\n\t<meta property=\"og:image:height\" content=\"1022\" \/>\n\t<meta property=\"og:image:type\" content=\"image\/png\" \/>\n<meta name=\"author\" content=\"LA REDACTION\" \/>\n<meta name=\"twitter:card\" content=\"summary_large_image\" \/>\n<meta name=\"twitter:label1\" content=\"\u00c9crit par\" \/>\n\t<meta name=\"twitter:data1\" content=\"LA REDACTION\" \/>\n\t<meta name=\"twitter:label2\" content=\"Dur\u00e9e de lecture estim\u00e9e\" \/>\n\t<meta name=\"twitter:data2\" content=\"1 minute\" \/>\n<script type=\"application\/ld+json\" class=\"yoast-schema-graph\">{\"@context\":\"https:\/\/schema.org\",\"@graph\":[{\"@type\":\"Article\",\"@id\":\"https:\/\/www.public.sn\/index.php\/2022\/09\/23\/octroi-de-visas-detudes-canada-la-ministre-des-affaires-etrangeres-aissata-tall-sall-dement-et-precise\/#article\",\"isPartOf\":{\"@id\":\"https:\/\/www.public.sn\/index.php\/2022\/09\/23\/octroi-de-visas-detudes-canada-la-ministre-des-affaires-etrangeres-aissata-tall-sall-dement-et-precise\/\"},\"author\":{\"name\":\"LA REDACTION\",\"@id\":\"https:\/\/www.public.sn\/#\/schema\/person\/e3f4a11b037d4203902db148f9bc8d5a\"},\"headline\":\"Octroi de visas d\u2019\u00e9tudes canada: La ministre des affaires \u00e9trang\u00e8res Aissata Tall Sall d\u00e9ment et pr\u00e9cise.\",\"datePublished\":\"2022-09-23T08:48:11+00:00\",\"dateModified\":\"2022-09-23T09:05:45+00:00\",\"mainEntityOfPage\":{\"@id\":\"https:\/\/www.public.sn\/index.php\/2022\/09\/23\/octroi-de-visas-detudes-canada-la-ministre-des-affaires-etrangeres-aissata-tall-sall-dement-et-precise\/\"},\"wordCount\":185,\"commentCount\":0,\"publisher\":{\"@id\":\"https:\/\/www.public.sn\/#organization\"},\"image\":{\"@id\":\"https:\/\/www.public.sn\/index.php\/2022\/09\/23\/octroi-de-visas-detudes-canada-la-ministre-des-affaires-etrangeres-aissata-tall-sall-dement-et-precise\/#primaryimage\"},\"thumbnailUrl\":\"https:\/\/www.public.sn\/wp-content\/uploads\/2022\/09\/4C9D8610-B89A-4FFF-89A9-668C851E5065.png\",\"keywords\":[\"Aissata Tall Sall\",\"Assembl\u00e9e Nationale\",\"Canada\",\"Etudes\",\"Macky Sall\",\"Octroi visas\",\"Pr\u00e9sidentielle 2024\"],\"articleSection\":[\"ACTUALIT\u00c9S\",\"POLITIQUE\",\"VEDETTE\"],\"inLanguage\":\"fr-FR\",\"potentialAction\":[{\"@type\":\"CommentAction\",\"name\":\"Comment\",\"target\":[\"https:\/\/www.public.sn\/index.php\/2022\/09\/23\/octroi-de-visas-detudes-canada-la-ministre-des-affaires-etrangeres-aissata-tall-sall-dement-et-precise\/#respond\"]}]},{\"@type\":\"WebPage\",\"@id\":\"https:\/\/www.public.sn\/index.php\/2022\/09\/23\/octroi-de-visas-detudes-canada-la-ministre-des-affaires-etrangeres-aissata-tall-sall-dement-et-precise\/\",\"url\":\"https:\/\/www.public.sn\/index.php\/2022\/09\/23\/octroi-de-visas-detudes-canada-la-ministre-des-affaires-etrangeres-aissata-tall-sall-dement-et-precise\/\",\"name\":\"Octroi de visas d\u2019\u00e9tudes canada: La ministre des affaires \u00e9trang\u00e8res Aissata Tall Sall d\u00e9ment et pr\u00e9cise. - LE PUBLIC\",\"isPartOf\":{\"@id\":\"https:\/\/www.public.sn\/#website\"},\"primaryImageOfPage\":{\"@id\":\"https:\/\/www.public.sn\/index.php\/2022\/09\/23\/octroi-de-visas-detudes-canada-la-ministre-des-affaires-etrangeres-aissata-tall-sall-dement-et-precise\/#primaryimage\"},\"image\":{\"@id\":\"https:\/\/www.public.sn\/index.php\/2022\/09\/23\/octroi-de-visas-detudes-canada-la-ministre-des-affaires-etrangeres-aissata-tall-sall-dement-et-precise\/#primaryimage\"},\"thumbnailUrl\":\"https:\/\/www.public.sn\/wp-content\/uploads\/2022\/09\/4C9D8610-B89A-4FFF-89A9-668C851E5065.png\",\"datePublished\":\"2022-09-23T08:48:11+00:00\",\"dateModified\":\"2022-09-23T09:05:45+00:00\",\"breadcrumb\":{\"@id\":\"https:\/\/www.public.sn\/index.php\/2022\/09\/23\/octroi-de-visas-detudes-canada-la-ministre-des-affaires-etrangeres-aissata-tall-sall-dement-et-precise\/#breadcrumb\"},\"inLanguage\":\"fr-FR\",\"potentialAction\":[{\"@type\":\"ReadAction\",\"target\":[\"https:\/\/www.public.sn\/index.php\/2022\/09\/23\/octroi-de-visas-detudes-canada-la-ministre-des-affaires-etrangeres-aissata-tall-sall-dement-et-precise\/\"]}]},{\"@type\":\"ImageObject\",\"inLanguage\":\"fr-FR\",\"@id\":\"https:\/\/www.public.sn\/index.php\/2022\/09\/23\/octroi-de-visas-detudes-canada-la-ministre-des-affaires-etrangeres-aissata-tall-sall-dement-et-precise\/#primaryimage\",\"url\":\"https:\/\/www.public.sn\/wp-content\/uploads\/2022\/09\/4C9D8610-B89A-4FFF-89A9-668C851E5065.png\",\"contentUrl\":\"https:\/\/www.public.sn\/wp-content\/uploads\/2022\/09\/4C9D8610-B89A-4FFF-89A9-668C851E5065.png\",\"width\":2048,\"height\":1022},{\"@type\":\"BreadcrumbList\",\"@id\":\"https:\/\/www.public.sn\/index.php\/2022\/09\/23\/octroi-de-visas-detudes-canada-la-ministre-des-affaires-etrangeres-aissata-tall-sall-dement-et-precise\/#breadcrumb\",\"itemListElement\":[{\"@type\":\"ListItem\",\"position\":1,\"name\":\"Accueil\",\"item\":\"https:\/\/www.public.sn\/\"},{\"@type\":\"ListItem\",\"position\":2,\"name\":\"Octroi de visas d\u2019\u00e9tudes canada: La ministre des affaires \u00e9trang\u00e8res Aissata Tall Sall d\u00e9ment et pr\u00e9cise.\"}]},{\"@type\":\"WebSite\",\"@id\":\"https:\/\/www.public.sn\/#website\",\"url\":\"https:\/\/www.public.sn\/\",\"name\":\"LE PUBLIC\",\"description\":\"\",\"publisher\":{\"@id\":\"https:\/\/www.public.sn\/#organization\"},\"potentialAction\":[{\"@type\":\"SearchAction\",\"target\":{\"@type\":\"EntryPoint\",\"urlTemplate\":\"https:\/\/www.public.sn\/?s={search_term_string}\"},\"query-input\":{\"@type\":\"PropertyValueSpecification\",\"valueRequired\":true,\"valueName\":\"search_term_string\"}}],\"inLanguage\":\"fr-FR\"},{\"@type\":\"Organization\",\"@id\":\"https:\/\/www.public.sn\/#organization\",\"name\":\"LE PUBLIC\",\"url\":\"https:\/\/www.public.sn\/\",\"logo\":{\"@type\":\"ImageObject\",\"inLanguage\":\"fr-FR\",\"@id\":\"https:\/\/www.public.sn\/#\/schema\/logo\/image\/\",\"url\":\"https:\/\/www.public.sn\/wp-content\/uploads\/2024\/05\/cropped-LOGO-PUBLIC.SN_.png\",\"contentUrl\":\"https:\/\/www.public.sn\/wp-content\/uploads\/2024\/05\/cropped-LOGO-PUBLIC.SN_.png\",\"width\":682,\"height\":192,\"caption\":\"LE PUBLIC\"},\"image\":{\"@id\":\"https:\/\/www.public.sn\/#\/schema\/logo\/image\/\"}},{\"@type\":\"Person\",\"@id\":\"https:\/\/www.public.sn\/#\/schema\/person\/e3f4a11b037d4203902db148f9bc8d5a\",\"name\":\"LA REDACTION\",\"image\":{\"@type\":\"ImageObject\",\"inLanguage\":\"fr-FR\",\"@id\":\"https:\/\/www.public.sn\/#\/schema\/person\/image\/\",\"url\":\"https:\/\/secure.gravatar.com\/avatar\/d6c030db45db2883c075085c5d6c6258654a801a93766b49af0b82d4f454e2a5?s=96&d=mm&r=g\",\"contentUrl\":\"https:\/\/secure.gravatar.com\/avatar\/d6c030db45db2883c075085c5d6c6258654a801a93766b49af0b82d4f454e2a5?s=96&d=mm&r=g\",\"caption\":\"LA REDACTION\"},\"sameAs\":[\"http:\/\/www.public.sn\"],\"url\":\"https:\/\/www.public.sn\/index.php\/author\/admin7324\/\"}]}<\/script>\n<!-- \/ Yoast SEO plugin. -->","yoast_head_json":{"title":"Octroi de visas d\u2019\u00e9tudes canada: La ministre des affaires \u00e9trang\u00e8res Aissata Tall Sall d\u00e9ment et pr\u00e9cise. - LE PUBLIC","robots":{"index":"index","follow":"follow","max-snippet":"max-snippet:-1","max-image-preview":"max-image-preview:large","max-video-preview":"max-video-preview:-1"},"canonical":"https:\/\/www.public.sn\/index.php\/2022\/09\/23\/octroi-de-visas-detudes-canada-la-ministre-des-affaires-etrangeres-aissata-tall-sall-dement-et-precise\/","og_locale":"fr_FR","og_type":"article","og_title":"Octroi de visas d\u2019\u00e9tudes canada: La ministre des affaires \u00e9trang\u00e8res Aissata Tall Sall d\u00e9ment et pr\u00e9cise. - LE PUBLIC","og_description":"Depuis quelques jours, un message, largement partag\u00e9 sur les r\u00e9seaux sociaux, fait \u00e9tat d\u2019un suppos\u00e9 accord bilat\u00e9ral entre le Canada et le S\u00e9n\u00e9gal portant sur l\u2019octroi de visas exceptionnels aux citoyens s\u00e9n\u00e9galais, pour visiter, \u00e9tudier, travailler ou faire des affaires au Canada. Dans un communiqu\u00e9 rendu public, le minist\u00e8re des Affaires \u00e9trang\u00e8res et des S\u00e9n\u00e9galais de l\u2019Ext\u00e9rieur porte \u00e0 l\u2019attention des compatriotes qu\u2019\u00abaucun accord de ce genre n\u2019a \u00e9t\u00e9 sign\u00e9 avec le Gouvernement canadien\u00bb.\u00a0 Selon A\u00efssata Tall Sall, il s\u2019agit donc d\u2019une \u00abfausse information sans fondement, divulgu\u00e9e par des individus mal intentionn\u00e9s dont le dessein serait de nuire aux honn\u00eates citoyens\u00bb. Le Minist\u00e8re des Affaires \u00e9trang\u00e8res et des S\u00e9n\u00e9galais de l\u2019Ext\u00e9rieur invite les S\u00e9n\u00e9galais d\u00e9sireux de se \u00abrendre au Canada \u00e0 utiliser la voie officielle en se rapprochant de l\u2019Ambassade de ce pays \u00e0 Dakar\u00bb.","og_url":"https:\/\/www.public.sn\/index.php\/2022\/09\/23\/octroi-de-visas-detudes-canada-la-ministre-des-affaires-etrangeres-aissata-tall-sall-dement-et-precise\/","og_site_name":"LE PUBLIC","article_published_time":"2022-09-23T08:48:11+00:00","article_modified_time":"2022-09-23T09:05:45+00:00","og_image":[{"width":2048,"height":1022,"url":"https:\/\/www.public.sn\/wp-content\/uploads\/2022\/09\/4C9D8610-B89A-4FFF-89A9-668C851E5065.png","type":"image\/png"}],"author":"LA REDACTION","twitter_card":"summary_large_image","twitter_misc":{"\u00c9crit par":"LA REDACTION","Dur\u00e9e de lecture estim\u00e9e":"1 minute"},"schema":{"@context":"https:\/\/schema.org","@graph":[{"@type":"Article","@id":"https:\/\/www.public.sn\/index.php\/2022\/09\/23\/octroi-de-visas-detudes-canada-la-ministre-des-affaires-etrangeres-aissata-tall-sall-dement-et-precise\/#article","isPartOf":{"@id":"https:\/\/www.public.sn\/index.php\/2022\/09\/23\/octroi-de-visas-detudes-canada-la-ministre-des-affaires-etrangeres-aissata-tall-sall-dement-et-precise\/"},"author":{"name":"LA REDACTION","@id":"https:\/\/www.public.sn\/#\/schema\/person\/e3f4a11b037d4203902db148f9bc8d5a"},"headline":"Octroi de visas d\u2019\u00e9tudes canada: La ministre des affaires \u00e9trang\u00e8res Aissata Tall Sall d\u00e9ment et pr\u00e9cise.","datePublished":"2022-09-23T08:48:11+00:00","dateModified":"2022-09-23T09:05:45+00:00","mainEntityOfPage":{"@id":"https:\/\/www.public.sn\/index.php\/2022\/09\/23\/octroi-de-visas-detudes-canada-la-ministre-des-affaires-etrangeres-aissata-tall-sall-dement-et-precise\/"},"wordCount":185,"commentCount":0,"publisher":{"@id":"https:\/\/www.public.sn\/#organization"},"image":{"@id":"https:\/\/www.public.sn\/index.php\/2022\/09\/23\/octroi-de-visas-detudes-canada-la-ministre-des-affaires-etrangeres-aissata-tall-sall-dement-et-precise\/#primaryimage"},"thumbnailUrl":"https:\/\/www.public.sn\/wp-content\/uploads\/2022\/09\/4C9D8610-B89A-4FFF-89A9-668C851E5065.png","keywords":["Aissata Tall Sall","Assembl\u00e9e Nationale","Canada","Etudes","Macky Sall","Octroi visas","Pr\u00e9sidentielle 2024"],"articleSection":["ACTUALIT\u00c9S","POLITIQUE","VEDETTE"],"inLanguage":"fr-FR","potentialAction":[{"@type":"CommentAction","name":"Comment","target":["https:\/\/www.public.sn\/index.php\/2022\/09\/23\/octroi-de-visas-detudes-canada-la-ministre-des-affaires-etrangeres-aissata-tall-sall-dement-et-precise\/#respond"]}]},{"@type":"WebPage","@id":"https:\/\/www.public.sn\/index.php\/2022\/09\/23\/octroi-de-visas-detudes-canada-la-ministre-des-affaires-etrangeres-aissata-tall-sall-dement-et-precise\/","url":"https:\/\/www.public.sn\/index.php\/2022\/09\/23\/octroi-de-visas-detudes-canada-la-ministre-des-affaires-etrangeres-aissata-tall-sall-dement-et-precise\/","name":"Octroi de visas d\u2019\u00e9tudes canada: La ministre des affaires \u00e9trang\u00e8res Aissata Tall Sall d\u00e9ment et pr\u00e9cise. - LE PUBLIC","isPartOf":{"@id":"https:\/\/www.public.sn\/#website"},"primaryImageOfPage":{"@id":"https:\/\/www.public.sn\/index.php\/2022\/09\/23\/octroi-de-visas-detudes-canada-la-ministre-des-affaires-etrangeres-aissata-tall-sall-dement-et-precise\/#primaryimage"},"image":{"@id":"https:\/\/www.public.sn\/index.php\/2022\/09\/23\/octroi-de-visas-detudes-canada-la-ministre-des-affaires-etrangeres-aissata-tall-sall-dement-et-precise\/#primaryimage"},"thumbnailUrl":"https:\/\/www.public.sn\/wp-content\/uploads\/2022\/09\/4C9D8610-B89A-4FFF-89A9-668C851E5065.png","datePublished":"2022-09-23T08:48:11+00:00","dateModified":"2022-09-23T09:05:45+00:00","breadcrumb":{"@id":"https:\/\/www.public.sn\/index.php\/2022\/09\/23\/octroi-de-visas-detudes-canada-la-ministre-des-affaires-etrangeres-aissata-tall-sall-dement-et-precise\/#breadcrumb"},"inLanguage":"fr-FR","potentialAction":[{"@type":"ReadAction","target":["https:\/\/www.public.sn\/index.php\/2022\/09\/23\/octroi-de-visas-detudes-canada-la-ministre-des-affaires-etrangeres-aissata-tall-sall-dement-et-precise\/"]}]},{"@type":"ImageObject","inLanguage":"fr-FR","@id":"https:\/\/www.public.sn\/index.php\/2022\/09\/23\/octroi-de-visas-detudes-canada-la-ministre-des-affaires-etrangeres-aissata-tall-sall-dement-et-precise\/#primaryimage","url":"https:\/\/www.public.sn\/wp-content\/uploads\/2022\/09\/4C9D8610-B89A-4FFF-89A9-668C851E5065.png","contentUrl":"https:\/\/www.public.sn\/wp-content\/uploads\/2022\/09\/4C9D8610-B89A-4FFF-89A9-668C851E5065.png","width":2048,"height":1022},{"@type":"BreadcrumbList","@id":"https:\/\/www.public.sn\/index.php\/2022\/09\/23\/octroi-de-visas-detudes-canada-la-ministre-des-affaires-etrangeres-aissata-tall-sall-dement-et-precise\/#breadcrumb","itemListElement":[{"@type":"ListItem","position":1,"name":"Accueil","item":"https:\/\/www.public.sn\/"},{"@type":"ListItem","position":2,"name":"Octroi de visas d\u2019\u00e9tudes canada: La ministre des affaires \u00e9trang\u00e8res Aissata Tall Sall d\u00e9ment et pr\u00e9cise."}]},{"@type":"WebSite","@id":"https:\/\/www.public.sn\/#website","url":"https:\/\/www.public.sn\/","name":"LE PUBLIC","description":"","publisher":{"@id":"https:\/\/www.public.sn\/#organization"},"potentialAction":[{"@type":"SearchAction","target":{"@type":"EntryPoint","urlTemplate":"https:\/\/www.public.sn\/?s={search_term_string}"},"query-input":{"@type":"PropertyValueSpecification","valueRequired":true,"valueName":"search_term_string"}}],"inLanguage":"fr-FR"},{"@type":"Organization","@id":"https:\/\/www.public.sn\/#organization","name":"LE PUBLIC","url":"https:\/\/www.public.sn\/","logo":{"@type":"ImageObject","inLanguage":"fr-FR","@id":"https:\/\/www.public.sn\/#\/schema\/logo\/image\/","url":"https:\/\/www.public.sn\/wp-content\/uploads\/2024\/05\/cropped-LOGO-PUBLIC.SN_.png","contentUrl":"https:\/\/www.public.sn\/wp-content\/uploads\/2024\/05\/cropped-LOGO-PUBLIC.SN_.png","width":682,"height":192,"caption":"LE PUBLIC"},"image":{"@id":"https:\/\/www.public.sn\/#\/schema\/logo\/image\/"}},{"@type":"Person","@id":"https:\/\/www.public.sn\/#\/schema\/person\/e3f4a11b037d4203902db148f9bc8d5a","name":"LA REDACTION","image":{"@type":"ImageObject","inLanguage":"fr-FR","@id":"https:\/\/www.public.sn\/#\/schema\/person\/image\/","url":"https:\/\/secure.gravatar.com\/avatar\/d6c030db45db2883c075085c5d6c6258654a801a93766b49af0b82d4f454e2a5?s=96&d=mm&r=g","contentUrl":"https:\/\/secure.gravatar.com\/avatar\/d6c030db45db2883c075085c5d6c6258654a801a93766b49af0b82d4f454e2a5?s=96&d=mm&r=g","caption":"LA REDACTION"},"sameAs":["http:\/\/www.public.sn"],"url":"https:\/\/www.public.sn\/index.php\/author\/admin7324\/"}]}},"jetpack_featured_media_url":"https:\/\/www.public.sn\/wp-content\/uploads\/2022\/09\/4C9D8610-B89A-4FFF-89A9-668C851E5065.png","jetpack_sharing_enabled":true,"_links":{"self":[{"href":"https:\/\/www.public.sn\/index.php\/wp-json\/wp\/v2\/posts\/2625","targetHints":{"allow":["GET"]}}],"collection":[{"href":"https:\/\/www.public.sn\/index.php\/wp-json\/wp\/v2\/posts"}],"about":[{"href":"https:\/\/www.public.sn\/index.php\/wp-json\/wp\/v2\/types\/post"}],"author":[{"embeddable":true,"href":"https:\/\/www.public.sn\/index.php\/wp-json\/wp\/v2\/users\/1"}],"replies":[{"embeddable":true,"href":"https:\/\/www.public.sn\/index.php\/wp-json\/wp\/v2\/comments?post=2625"}],"version-history":[{"count":1,"href":"https:\/\/www.public.sn\/index.php\/wp-json\/wp\/v2\/posts\/2625\/revisions"}],"predecessor-version":[{"id":2627,"href":"https:\/\/www.public.sn\/index.php\/wp-json\/wp\/v2\/posts\/2625\/revisions\/2627"}],"wp:featuredmedia":[{"embeddable":true,"href":"https:\/\/www.public.sn\/index.php\/wp-json\/wp\/v2\/media\/2626"}],"wp:attachment":[{"href":"https:\/\/www.public.sn\/index.php\/wp-json\/wp\/v2\/media?parent=2625"}],"wp:term":[{"taxonomy":"category","embeddable":true,"href":"https:\/\/www.public.sn\/index.php\/wp-json\/wp\/v2\/categories?post=2625"},{"taxonomy":"post_tag","embeddable":true,"href":"https:\/\/www.public.sn\/index.php\/wp-json\/wp\/v2\/tags?post=2625"}],"curies":[{"name":"wp","href":"https:\/\/api.w.org\/{rel}","templated":true}]}}