{"id":2628,"date":"2022-09-23T08:59:22","date_gmt":"2022-09-23T08:59:22","guid":{"rendered":"https:\/\/www.public.sn\/?p=2628"},"modified":"2022-09-23T08:59:23","modified_gmt":"2022-09-23T08:59:23","slug":"plusieurs-pecheurs-senegalais-arretes-au-gabon-depuis-plus-de-trois-03-mois","status":"publish","type":"post","link":"https:\/\/www.public.sn\/index.php\/2022\/09\/23\/plusieurs-pecheurs-senegalais-arretes-au-gabon-depuis-plus-de-trois-03-mois\/","title":{"rendered":"Plusieurs p\u00eacheurs S\u00e9n\u00e9galais arr\u00eat\u00e9s au Gabon depuis plus de trois (03) mois."},"content":{"rendered":"\n<p>Plusieurs p\u00eacheurs s\u00e9n\u00e9galais sont d\u00e9tenus au Gabon depuis plus de trois (3) mois, pour avoir franchi ill\u00e9galement leurs c\u00f4tes.&nbsp;<\/p><div class=\"publi-paragraphe1\" style=\"margin-top: 10px;margin-bottom: 10px;margin-left: auto;margin-right: auto;text-align: center;\" id=\"publi-1884760492\"><div class=\"publi-adlabel\">Publicit\u00e9<\/div><script async src=\"\/\/pagead2.googlesyndication.com\/pagead\/js\/adsbygoogle.js?client=ca-pub-4089586018074219\" crossorigin=\"anonymous\"><\/script><ins class=\"adsbygoogle\" style=\"display:block;\" data-ad-client=\"ca-pub-4089586018074219\" \ndata-ad-slot=\"2087940154\" \ndata-ad-format=\"auto\"><\/ins>\n<script> \n(adsbygoogle = window.adsbygoogle || []).push({}); \n<\/script>\n<\/div>\n\n\n\n<p>Ce qu&rsquo;ils ont fait sans anicroches au Congo Brazzaville, mais leur incursion en c\u00f4tes gabonaises a mal tourn\u00e9. Cependant, les S\u00e9n\u00e9galais r\u00e9sidant \u00e0 Libreville d\u00e9noncent le manque d&rsquo;engagement et de diligence de l&rsquo;Ambassade s\u00e9n\u00e9galaise au Gabon.&nbsp;<\/p>\n\n\n\n<p>A en croire une source s\u00fbre , les p\u00eacheurs s\u00e9n\u00e9galais sont d\u00e9tenus dans des conditions inhumaines et jusqu&rsquo;\u00e0 pr\u00e9sent, aucune d\u00e9marche diplomatique n&rsquo;a \u00e9t\u00e9 entam\u00e9e par les autorit\u00e9s.\u00a0<\/p>\n\n\n\n<p>Ils interpellent le pr\u00e9sident de la R\u00e9publique, Macky Sall, ainsi que le rempla\u00e7ant de Alioune Ndoye au D\u00e9partement de la P\u00eache, pour les faire sortir de cet enfer qui ne dit pas son nom.&nbsp;<\/p>\n<div class=\"publi-apres-le-contenu\" style=\"margin-top: 10px;margin-bottom: 10px;margin-left: auto;margin-right: auto;text-align: center;\" id=\"publi-2037279167\"><div class=\"publi-adlabel\">Publicit\u00e9<\/div><script async src=\"\/\/pagead2.googlesyndication.com\/pagead\/js\/adsbygoogle.js?client=ca-pub-4089586018074219\" crossorigin=\"anonymous\"><\/script><ins class=\"adsbygoogle\" style=\"display:block;\" data-ad-client=\"ca-pub-4089586018074219\" \ndata-ad-slot=\"2087940154\" \ndata-ad-format=\"auto\"><\/ins>\n<script> \n(adsbygoogle = window.adsbygoogle || []).push({}); \n<\/script>\n<\/div>","protected":false},"excerpt":{"rendered":"<p>Plusieurs p\u00eacheurs s\u00e9n\u00e9galais sont d\u00e9tenus au Gabon depuis plus de trois (3) mois, pour avoir franchi ill\u00e9galement leurs c\u00f4tes.&nbsp; Ce qu&rsquo;ils ont fait sans anicroches au Congo Brazzaville, mais leur incursion en c\u00f4tes gabonaises a mal tourn\u00e9. Cependant, les S\u00e9n\u00e9galais r\u00e9sidant \u00e0 Libreville d\u00e9noncent le manque d&rsquo;engagement et de diligence de l&rsquo;Ambassade s\u00e9n\u00e9galaise au Gabon.&nbsp; A en croire une source s\u00fbre , les p\u00eacheurs s\u00e9n\u00e9galais sont d\u00e9tenus dans des conditions inhumaines et jusqu&rsquo;\u00e0 pr\u00e9sent, aucune d\u00e9marche diplomatique n&rsquo;a \u00e9t\u00e9 entam\u00e9e par les autorit\u00e9s.\u00a0 Ils interpellent le pr\u00e9sident de la R\u00e9publique, Macky Sall, ainsi que le rempla\u00e7ant de Alioune Ndoye au D\u00e9partement de la P\u00eache, pour les faire sortir de cet enfer qui ne dit pas son nom.&nbsp;<\/p>\n","protected":false},"author":1,"featured_media":2629,"comment_status":"open","ping_status":"open","sticky":false,"template":"","format":"standard","meta":{"_jetpack_memberships_contains_paid_content":false,"footnotes":""},"categories":[4],"tags":[937,201,135,11,938,761],"class_list":["post-2628","post","type-post","status-publish","format-standard","has-post-thumbnail","hentry","category-societe","tag-alioune-ndoye","tag-etat-du-senegal","tag-gabon","tag-macky-sall","tag-pecheurs-2","tag-secours","entry","has-media","owp-thumbs-layout-horizontal","owp-btn-normal","owp-tabs-layout-horizontal","has-no-thumbnails","has-product-nav"],"yoast_head":"<!-- This site is optimized with the Yoast SEO plugin v25.5 - https:\/\/yoast.com\/wordpress\/plugins\/seo\/ -->\n<title>Plusieurs p\u00eacheurs S\u00e9n\u00e9galais arr\u00eat\u00e9s au Gabon depuis plus de trois (03) mois. - LE PUBLIC<\/title>\n<meta name=\"robots\" content=\"index, follow, max-snippet:-1, max-image-preview:large, max-video-preview:-1\" \/>\n<link rel=\"canonical\" href=\"https:\/\/www.public.sn\/index.php\/2022\/09\/23\/plusieurs-pecheurs-senegalais-arretes-au-gabon-depuis-plus-de-trois-03-mois\/\" \/>\n<meta property=\"og:locale\" content=\"fr_FR\" \/>\n<meta property=\"og:type\" content=\"article\" \/>\n<meta property=\"og:title\" content=\"Plusieurs p\u00eacheurs S\u00e9n\u00e9galais arr\u00eat\u00e9s au Gabon depuis plus de trois (03) mois. - LE PUBLIC\" \/>\n<meta property=\"og:description\" content=\"Plusieurs p\u00eacheurs s\u00e9n\u00e9galais sont d\u00e9tenus au Gabon depuis plus de trois (3) mois, pour avoir franchi ill\u00e9galement leurs c\u00f4tes.&nbsp; Ce qu&rsquo;ils ont fait sans anicroches au Congo Brazzaville, mais leur incursion en c\u00f4tes gabonaises a mal tourn\u00e9. Cependant, les S\u00e9n\u00e9galais r\u00e9sidant \u00e0 Libreville d\u00e9noncent le manque d&rsquo;engagement et de diligence de l&rsquo;Ambassade s\u00e9n\u00e9galaise au Gabon.&nbsp; A en croire une source s\u00fbre , les p\u00eacheurs s\u00e9n\u00e9galais sont d\u00e9tenus dans des conditions inhumaines et jusqu&rsquo;\u00e0 pr\u00e9sent, aucune d\u00e9marche diplomatique n&rsquo;a \u00e9t\u00e9 entam\u00e9e par les autorit\u00e9s.\u00a0 Ils interpellent le pr\u00e9sident de la R\u00e9publique, Macky Sall, ainsi que le rempla\u00e7ant de Alioune Ndoye au D\u00e9partement de la P\u00eache, pour les faire sortir de cet enfer qui ne dit pas son nom.&nbsp;\" \/>\n<meta property=\"og:url\" content=\"https:\/\/www.public.sn\/index.php\/2022\/09\/23\/plusieurs-pecheurs-senegalais-arretes-au-gabon-depuis-plus-de-trois-03-mois\/\" \/>\n<meta property=\"og:site_name\" content=\"LE PUBLIC\" \/>\n<meta property=\"article:published_time\" content=\"2022-09-23T08:59:22+00:00\" \/>\n<meta property=\"article:modified_time\" content=\"2022-09-23T08:59:23+00:00\" \/>\n<meta property=\"og:image\" content=\"https:\/\/www.public.sn\/wp-content\/uploads\/2022\/09\/2ABB621C-3D11-446A-B56C-8E1CFFE3FD21.jpeg\" \/>\n\t<meta property=\"og:image:width\" content=\"678\" \/>\n\t<meta property=\"og:image:height\" content=\"381\" \/>\n\t<meta property=\"og:image:type\" content=\"image\/jpeg\" \/>\n<meta name=\"author\" content=\"LA REDACTION\" \/>\n<meta name=\"twitter:card\" content=\"summary_large_image\" \/>\n<meta name=\"twitter:label1\" content=\"\u00c9crit par\" \/>\n\t<meta name=\"twitter:data1\" content=\"LA REDACTION\" \/>\n\t<meta name=\"twitter:label2\" content=\"Dur\u00e9e de lecture estim\u00e9e\" \/>\n\t<meta name=\"twitter:data2\" content=\"1 minute\" \/>\n<script type=\"application\/ld+json\" class=\"yoast-schema-graph\">{\"@context\":\"https:\/\/schema.org\",\"@graph\":[{\"@type\":\"Article\",\"@id\":\"https:\/\/www.public.sn\/index.php\/2022\/09\/23\/plusieurs-pecheurs-senegalais-arretes-au-gabon-depuis-plus-de-trois-03-mois\/#article\",\"isPartOf\":{\"@id\":\"https:\/\/www.public.sn\/index.php\/2022\/09\/23\/plusieurs-pecheurs-senegalais-arretes-au-gabon-depuis-plus-de-trois-03-mois\/\"},\"author\":{\"name\":\"LA REDACTION\",\"@id\":\"https:\/\/www.public.sn\/#\/schema\/person\/e3f4a11b037d4203902db148f9bc8d5a\"},\"headline\":\"Plusieurs p\u00eacheurs S\u00e9n\u00e9galais arr\u00eat\u00e9s au Gabon depuis plus de trois (03) mois.\",\"datePublished\":\"2022-09-23T08:59:22+00:00\",\"dateModified\":\"2022-09-23T08:59:23+00:00\",\"mainEntityOfPage\":{\"@id\":\"https:\/\/www.public.sn\/index.php\/2022\/09\/23\/plusieurs-pecheurs-senegalais-arretes-au-gabon-depuis-plus-de-trois-03-mois\/\"},\"wordCount\":160,\"commentCount\":0,\"publisher\":{\"@id\":\"https:\/\/www.public.sn\/#organization\"},\"image\":{\"@id\":\"https:\/\/www.public.sn\/index.php\/2022\/09\/23\/plusieurs-pecheurs-senegalais-arretes-au-gabon-depuis-plus-de-trois-03-mois\/#primaryimage\"},\"thumbnailUrl\":\"https:\/\/www.public.sn\/wp-content\/uploads\/2022\/09\/2ABB621C-3D11-446A-B56C-8E1CFFE3FD21.jpeg\",\"keywords\":[\"Alioune Ndoye\",\"\u00c9tat du S\u00e9n\u00e9gal\",\"Gabon\",\"Macky Sall\",\"P\u00e9cheurs\",\"secours\"],\"articleSection\":[\"SOCIETE\"],\"inLanguage\":\"fr-FR\",\"potentialAction\":[{\"@type\":\"CommentAction\",\"name\":\"Comment\",\"target\":[\"https:\/\/www.public.sn\/index.php\/2022\/09\/23\/plusieurs-pecheurs-senegalais-arretes-au-gabon-depuis-plus-de-trois-03-mois\/#respond\"]}]},{\"@type\":\"WebPage\",\"@id\":\"https:\/\/www.public.sn\/index.php\/2022\/09\/23\/plusieurs-pecheurs-senegalais-arretes-au-gabon-depuis-plus-de-trois-03-mois\/\",\"url\":\"https:\/\/www.public.sn\/index.php\/2022\/09\/23\/plusieurs-pecheurs-senegalais-arretes-au-gabon-depuis-plus-de-trois-03-mois\/\",\"name\":\"Plusieurs p\u00eacheurs S\u00e9n\u00e9galais arr\u00eat\u00e9s au Gabon depuis plus de trois (03) mois. - LE PUBLIC\",\"isPartOf\":{\"@id\":\"https:\/\/www.public.sn\/#website\"},\"primaryImageOfPage\":{\"@id\":\"https:\/\/www.public.sn\/index.php\/2022\/09\/23\/plusieurs-pecheurs-senegalais-arretes-au-gabon-depuis-plus-de-trois-03-mois\/#primaryimage\"},\"image\":{\"@id\":\"https:\/\/www.public.sn\/index.php\/2022\/09\/23\/plusieurs-pecheurs-senegalais-arretes-au-gabon-depuis-plus-de-trois-03-mois\/#primaryimage\"},\"thumbnailUrl\":\"https:\/\/www.public.sn\/wp-content\/uploads\/2022\/09\/2ABB621C-3D11-446A-B56C-8E1CFFE3FD21.jpeg\",\"datePublished\":\"2022-09-23T08:59:22+00:00\",\"dateModified\":\"2022-09-23T08:59:23+00:00\",\"breadcrumb\":{\"@id\":\"https:\/\/www.public.sn\/index.php\/2022\/09\/23\/plusieurs-pecheurs-senegalais-arretes-au-gabon-depuis-plus-de-trois-03-mois\/#breadcrumb\"},\"inLanguage\":\"fr-FR\",\"potentialAction\":[{\"@type\":\"ReadAction\",\"target\":[\"https:\/\/www.public.sn\/index.php\/2022\/09\/23\/plusieurs-pecheurs-senegalais-arretes-au-gabon-depuis-plus-de-trois-03-mois\/\"]}]},{\"@type\":\"ImageObject\",\"inLanguage\":\"fr-FR\",\"@id\":\"https:\/\/www.public.sn\/index.php\/2022\/09\/23\/plusieurs-pecheurs-senegalais-arretes-au-gabon-depuis-plus-de-trois-03-mois\/#primaryimage\",\"url\":\"https:\/\/www.public.sn\/wp-content\/uploads\/2022\/09\/2ABB621C-3D11-446A-B56C-8E1CFFE3FD21.jpeg\",\"contentUrl\":\"https:\/\/www.public.sn\/wp-content\/uploads\/2022\/09\/2ABB621C-3D11-446A-B56C-8E1CFFE3FD21.jpeg\",\"width\":678,\"height\":381},{\"@type\":\"BreadcrumbList\",\"@id\":\"https:\/\/www.public.sn\/index.php\/2022\/09\/23\/plusieurs-pecheurs-senegalais-arretes-au-gabon-depuis-plus-de-trois-03-mois\/#breadcrumb\",\"itemListElement\":[{\"@type\":\"ListItem\",\"position\":1,\"name\":\"Accueil\",\"item\":\"https:\/\/www.public.sn\/\"},{\"@type\":\"ListItem\",\"position\":2,\"name\":\"Plusieurs p\u00eacheurs S\u00e9n\u00e9galais arr\u00eat\u00e9s au Gabon depuis plus de trois (03) mois.\"}]},{\"@type\":\"WebSite\",\"@id\":\"https:\/\/www.public.sn\/#website\",\"url\":\"https:\/\/www.public.sn\/\",\"name\":\"LE PUBLIC\",\"description\":\"\",\"publisher\":{\"@id\":\"https:\/\/www.public.sn\/#organization\"},\"potentialAction\":[{\"@type\":\"SearchAction\",\"target\":{\"@type\":\"EntryPoint\",\"urlTemplate\":\"https:\/\/www.public.sn\/?s={search_term_string}\"},\"query-input\":{\"@type\":\"PropertyValueSpecification\",\"valueRequired\":true,\"valueName\":\"search_term_string\"}}],\"inLanguage\":\"fr-FR\"},{\"@type\":\"Organization\",\"@id\":\"https:\/\/www.public.sn\/#organization\",\"name\":\"LE PUBLIC\",\"url\":\"https:\/\/www.public.sn\/\",\"logo\":{\"@type\":\"ImageObject\",\"inLanguage\":\"fr-FR\",\"@id\":\"https:\/\/www.public.sn\/#\/schema\/logo\/image\/\",\"url\":\"https:\/\/www.public.sn\/wp-content\/uploads\/2024\/05\/cropped-LOGO-PUBLIC.SN_.png\",\"contentUrl\":\"https:\/\/www.public.sn\/wp-content\/uploads\/2024\/05\/cropped-LOGO-PUBLIC.SN_.png\",\"width\":682,\"height\":192,\"caption\":\"LE PUBLIC\"},\"image\":{\"@id\":\"https:\/\/www.public.sn\/#\/schema\/logo\/image\/\"}},{\"@type\":\"Person\",\"@id\":\"https:\/\/www.public.sn\/#\/schema\/person\/e3f4a11b037d4203902db148f9bc8d5a\",\"name\":\"LA REDACTION\",\"image\":{\"@type\":\"ImageObject\",\"inLanguage\":\"fr-FR\",\"@id\":\"https:\/\/www.public.sn\/#\/schema\/person\/image\/\",\"url\":\"https:\/\/secure.gravatar.com\/avatar\/d6c030db45db2883c075085c5d6c6258654a801a93766b49af0b82d4f454e2a5?s=96&d=mm&r=g\",\"contentUrl\":\"https:\/\/secure.gravatar.com\/avatar\/d6c030db45db2883c075085c5d6c6258654a801a93766b49af0b82d4f454e2a5?s=96&d=mm&r=g\",\"caption\":\"LA REDACTION\"},\"sameAs\":[\"http:\/\/www.public.sn\"],\"url\":\"https:\/\/www.public.sn\/index.php\/author\/admin7324\/\"}]}<\/script>\n<!-- \/ Yoast SEO plugin. -->","yoast_head_json":{"title":"Plusieurs p\u00eacheurs S\u00e9n\u00e9galais arr\u00eat\u00e9s au Gabon depuis plus de trois (03) mois. - LE PUBLIC","robots":{"index":"index","follow":"follow","max-snippet":"max-snippet:-1","max-image-preview":"max-image-preview:large","max-video-preview":"max-video-preview:-1"},"canonical":"https:\/\/www.public.sn\/index.php\/2022\/09\/23\/plusieurs-pecheurs-senegalais-arretes-au-gabon-depuis-plus-de-trois-03-mois\/","og_locale":"fr_FR","og_type":"article","og_title":"Plusieurs p\u00eacheurs S\u00e9n\u00e9galais arr\u00eat\u00e9s au Gabon depuis plus de trois (03) mois. - LE PUBLIC","og_description":"Plusieurs p\u00eacheurs s\u00e9n\u00e9galais sont d\u00e9tenus au Gabon depuis plus de trois (3) mois, pour avoir franchi ill\u00e9galement leurs c\u00f4tes.&nbsp; Ce qu&rsquo;ils ont fait sans anicroches au Congo Brazzaville, mais leur incursion en c\u00f4tes gabonaises a mal tourn\u00e9. Cependant, les S\u00e9n\u00e9galais r\u00e9sidant \u00e0 Libreville d\u00e9noncent le manque d&rsquo;engagement et de diligence de l&rsquo;Ambassade s\u00e9n\u00e9galaise au Gabon.&nbsp; A en croire une source s\u00fbre , les p\u00eacheurs s\u00e9n\u00e9galais sont d\u00e9tenus dans des conditions inhumaines et jusqu&rsquo;\u00e0 pr\u00e9sent, aucune d\u00e9marche diplomatique n&rsquo;a \u00e9t\u00e9 entam\u00e9e par les autorit\u00e9s.\u00a0 Ils interpellent le pr\u00e9sident de la R\u00e9publique, Macky Sall, ainsi que le rempla\u00e7ant de Alioune Ndoye au D\u00e9partement de la P\u00eache, pour les faire sortir de cet enfer qui ne dit pas son nom.&nbsp;","og_url":"https:\/\/www.public.sn\/index.php\/2022\/09\/23\/plusieurs-pecheurs-senegalais-arretes-au-gabon-depuis-plus-de-trois-03-mois\/","og_site_name":"LE PUBLIC","article_published_time":"2022-09-23T08:59:22+00:00","article_modified_time":"2022-09-23T08:59:23+00:00","og_image":[{"width":678,"height":381,"url":"https:\/\/www.public.sn\/wp-content\/uploads\/2022\/09\/2ABB621C-3D11-446A-B56C-8E1CFFE3FD21.jpeg","type":"image\/jpeg"}],"author":"LA REDACTION","twitter_card":"summary_large_image","twitter_misc":{"\u00c9crit par":"LA REDACTION","Dur\u00e9e de lecture estim\u00e9e":"1 minute"},"schema":{"@context":"https:\/\/schema.org","@graph":[{"@type":"Article","@id":"https:\/\/www.public.sn\/index.php\/2022\/09\/23\/plusieurs-pecheurs-senegalais-arretes-au-gabon-depuis-plus-de-trois-03-mois\/#article","isPartOf":{"@id":"https:\/\/www.public.sn\/index.php\/2022\/09\/23\/plusieurs-pecheurs-senegalais-arretes-au-gabon-depuis-plus-de-trois-03-mois\/"},"author":{"name":"LA REDACTION","@id":"https:\/\/www.public.sn\/#\/schema\/person\/e3f4a11b037d4203902db148f9bc8d5a"},"headline":"Plusieurs p\u00eacheurs S\u00e9n\u00e9galais arr\u00eat\u00e9s au Gabon depuis plus de trois (03) mois.","datePublished":"2022-09-23T08:59:22+00:00","dateModified":"2022-09-23T08:59:23+00:00","mainEntityOfPage":{"@id":"https:\/\/www.public.sn\/index.php\/2022\/09\/23\/plusieurs-pecheurs-senegalais-arretes-au-gabon-depuis-plus-de-trois-03-mois\/"},"wordCount":160,"commentCount":0,"publisher":{"@id":"https:\/\/www.public.sn\/#organization"},"image":{"@id":"https:\/\/www.public.sn\/index.php\/2022\/09\/23\/plusieurs-pecheurs-senegalais-arretes-au-gabon-depuis-plus-de-trois-03-mois\/#primaryimage"},"thumbnailUrl":"https:\/\/www.public.sn\/wp-content\/uploads\/2022\/09\/2ABB621C-3D11-446A-B56C-8E1CFFE3FD21.jpeg","keywords":["Alioune Ndoye","\u00c9tat du S\u00e9n\u00e9gal","Gabon","Macky Sall","P\u00e9cheurs","secours"],"articleSection":["SOCIETE"],"inLanguage":"fr-FR","potentialAction":[{"@type":"CommentAction","name":"Comment","target":["https:\/\/www.public.sn\/index.php\/2022\/09\/23\/plusieurs-pecheurs-senegalais-arretes-au-gabon-depuis-plus-de-trois-03-mois\/#respond"]}]},{"@type":"WebPage","@id":"https:\/\/www.public.sn\/index.php\/2022\/09\/23\/plusieurs-pecheurs-senegalais-arretes-au-gabon-depuis-plus-de-trois-03-mois\/","url":"https:\/\/www.public.sn\/index.php\/2022\/09\/23\/plusieurs-pecheurs-senegalais-arretes-au-gabon-depuis-plus-de-trois-03-mois\/","name":"Plusieurs p\u00eacheurs S\u00e9n\u00e9galais arr\u00eat\u00e9s au Gabon depuis plus de trois (03) mois. - LE PUBLIC","isPartOf":{"@id":"https:\/\/www.public.sn\/#website"},"primaryImageOfPage":{"@id":"https:\/\/www.public.sn\/index.php\/2022\/09\/23\/plusieurs-pecheurs-senegalais-arretes-au-gabon-depuis-plus-de-trois-03-mois\/#primaryimage"},"image":{"@id":"https:\/\/www.public.sn\/index.php\/2022\/09\/23\/plusieurs-pecheurs-senegalais-arretes-au-gabon-depuis-plus-de-trois-03-mois\/#primaryimage"},"thumbnailUrl":"https:\/\/www.public.sn\/wp-content\/uploads\/2022\/09\/2ABB621C-3D11-446A-B56C-8E1CFFE3FD21.jpeg","datePublished":"2022-09-23T08:59:22+00:00","dateModified":"2022-09-23T08:59:23+00:00","breadcrumb":{"@id":"https:\/\/www.public.sn\/index.php\/2022\/09\/23\/plusieurs-pecheurs-senegalais-arretes-au-gabon-depuis-plus-de-trois-03-mois\/#breadcrumb"},"inLanguage":"fr-FR","potentialAction":[{"@type":"ReadAction","target":["https:\/\/www.public.sn\/index.php\/2022\/09\/23\/plusieurs-pecheurs-senegalais-arretes-au-gabon-depuis-plus-de-trois-03-mois\/"]}]},{"@type":"ImageObject","inLanguage":"fr-FR","@id":"https:\/\/www.public.sn\/index.php\/2022\/09\/23\/plusieurs-pecheurs-senegalais-arretes-au-gabon-depuis-plus-de-trois-03-mois\/#primaryimage","url":"https:\/\/www.public.sn\/wp-content\/uploads\/2022\/09\/2ABB621C-3D11-446A-B56C-8E1CFFE3FD21.jpeg","contentUrl":"https:\/\/www.public.sn\/wp-content\/uploads\/2022\/09\/2ABB621C-3D11-446A-B56C-8E1CFFE3FD21.jpeg","width":678,"height":381},{"@type":"BreadcrumbList","@id":"https:\/\/www.public.sn\/index.php\/2022\/09\/23\/plusieurs-pecheurs-senegalais-arretes-au-gabon-depuis-plus-de-trois-03-mois\/#breadcrumb","itemListElement":[{"@type":"ListItem","position":1,"name":"Accueil","item":"https:\/\/www.public.sn\/"},{"@type":"ListItem","position":2,"name":"Plusieurs p\u00eacheurs S\u00e9n\u00e9galais arr\u00eat\u00e9s au Gabon depuis plus de trois (03) mois."}]},{"@type":"WebSite","@id":"https:\/\/www.public.sn\/#website","url":"https:\/\/www.public.sn\/","name":"LE PUBLIC","description":"","publisher":{"@id":"https:\/\/www.public.sn\/#organization"},"potentialAction":[{"@type":"SearchAction","target":{"@type":"EntryPoint","urlTemplate":"https:\/\/www.public.sn\/?s={search_term_string}"},"query-input":{"@type":"PropertyValueSpecification","valueRequired":true,"valueName":"search_term_string"}}],"inLanguage":"fr-FR"},{"@type":"Organization","@id":"https:\/\/www.public.sn\/#organization","name":"LE PUBLIC","url":"https:\/\/www.public.sn\/","logo":{"@type":"ImageObject","inLanguage":"fr-FR","@id":"https:\/\/www.public.sn\/#\/schema\/logo\/image\/","url":"https:\/\/www.public.sn\/wp-content\/uploads\/2024\/05\/cropped-LOGO-PUBLIC.SN_.png","contentUrl":"https:\/\/www.public.sn\/wp-content\/uploads\/2024\/05\/cropped-LOGO-PUBLIC.SN_.png","width":682,"height":192,"caption":"LE PUBLIC"},"image":{"@id":"https:\/\/www.public.sn\/#\/schema\/logo\/image\/"}},{"@type":"Person","@id":"https:\/\/www.public.sn\/#\/schema\/person\/e3f4a11b037d4203902db148f9bc8d5a","name":"LA REDACTION","image":{"@type":"ImageObject","inLanguage":"fr-FR","@id":"https:\/\/www.public.sn\/#\/schema\/person\/image\/","url":"https:\/\/secure.gravatar.com\/avatar\/d6c030db45db2883c075085c5d6c6258654a801a93766b49af0b82d4f454e2a5?s=96&d=mm&r=g","contentUrl":"https:\/\/secure.gravatar.com\/avatar\/d6c030db45db2883c075085c5d6c6258654a801a93766b49af0b82d4f454e2a5?s=96&d=mm&r=g","caption":"LA REDACTION"},"sameAs":["http:\/\/www.public.sn"],"url":"https:\/\/www.public.sn\/index.php\/author\/admin7324\/"}]}},"jetpack_featured_media_url":"https:\/\/www.public.sn\/wp-content\/uploads\/2022\/09\/2ABB621C-3D11-446A-B56C-8E1CFFE3FD21.jpeg","jetpack_sharing_enabled":true,"_links":{"self":[{"href":"https:\/\/www.public.sn\/index.php\/wp-json\/wp\/v2\/posts\/2628","targetHints":{"allow":["GET"]}}],"collection":[{"href":"https:\/\/www.public.sn\/index.php\/wp-json\/wp\/v2\/posts"}],"about":[{"href":"https:\/\/www.public.sn\/index.php\/wp-json\/wp\/v2\/types\/post"}],"author":[{"embeddable":true,"href":"https:\/\/www.public.sn\/index.php\/wp-json\/wp\/v2\/users\/1"}],"replies":[{"embeddable":true,"href":"https:\/\/www.public.sn\/index.php\/wp-json\/wp\/v2\/comments?post=2628"}],"version-history":[{"count":1,"href":"https:\/\/www.public.sn\/index.php\/wp-json\/wp\/v2\/posts\/2628\/revisions"}],"predecessor-version":[{"id":2630,"href":"https:\/\/www.public.sn\/index.php\/wp-json\/wp\/v2\/posts\/2628\/revisions\/2630"}],"wp:featuredmedia":[{"embeddable":true,"href":"https:\/\/www.public.sn\/index.php\/wp-json\/wp\/v2\/media\/2629"}],"wp:attachment":[{"href":"https:\/\/www.public.sn\/index.php\/wp-json\/wp\/v2\/media?parent=2628"}],"wp:term":[{"taxonomy":"category","embeddable":true,"href":"https:\/\/www.public.sn\/index.php\/wp-json\/wp\/v2\/categories?post=2628"},{"taxonomy":"post_tag","embeddable":true,"href":"https:\/\/www.public.sn\/index.php\/wp-json\/wp\/v2\/tags?post=2628"}],"curies":[{"name":"wp","href":"https:\/\/api.w.org\/{rel}","templated":true}]}}