{"id":26308,"date":"2023-08-18T14:58:09","date_gmt":"2023-08-18T14:58:09","guid":{"rendered":"https:\/\/www.public.sn\/?p=26308"},"modified":"2023-08-18T14:58:09","modified_gmt":"2023-08-18T14:58:09","slug":"lettre-ouverte-imam-kante-a-ousmane-sonko","status":"publish","type":"post","link":"https:\/\/www.public.sn\/index.php\/2023\/08\/18\/lettre-ouverte-imam-kante-a-ousmane-sonko\/","title":{"rendered":"Lettre ouverte Imam Kant\u00e9 \u00e0 Ousmane Sonko"},"content":{"rendered":"<p>Lettre &#8211; nas\u00eeha \u00e0 mon fr\u00e8re Ousmane Sonko<\/p><div class=\"publi-paragraphe1\" style=\"margin-top: 10px;margin-bottom: 10px;margin-left: auto;margin-right: auto;text-align: center;\" id=\"publi-951442914\"><div class=\"publi-adlabel\">Publicit\u00e9<\/div><script async src=\"\/\/pagead2.googlesyndication.com\/pagead\/js\/adsbygoogle.js?client=ca-pub-4089586018074219\" crossorigin=\"anonymous\"><\/script><ins class=\"adsbygoogle\" style=\"display:block;\" data-ad-client=\"ca-pub-4089586018074219\" \ndata-ad-slot=\"2087940154\" \ndata-ad-format=\"auto\"><\/ins>\n<script> \n(adsbygoogle = window.adsbygoogle || []).push({}); \n<\/script>\n<\/div>\n<p>Cher fr\u00e8re Ousmane Sonko<\/p>\n<p>Au nom de mes charges d&rsquo;imam et des responsabilit\u00e9s qui en d\u00e9coulent, je prends Allah (SWT) \u00e0 T\u00e9moin et tout le peuple s\u00e9n\u00e9galais pour demander \u00e0 mon fr\u00e8re Ousmane Sonko de mettre fin \u00e0 la gr\u00e8ve de faim. Je demande solennellement aux chefs religieux, chefs coutumiers, personnes influentes de la classe politique et de la soci\u00e9t\u00e9 civile de lui demander de mettre fin \u00e0 ce mode de r\u00e9sistance que les oul\u00e9mas les plus respect\u00e9s de la Oumma ont d\u00e9clar\u00e9 Haram.<\/p>\n<p>Le seul cas o\u00f9 certains oul\u00e9mas l&rsquo;ont autoris\u00e9, c&rsquo;est pour une dur\u00e9e d\u00e9termin\u00e9e sans mettre l&rsquo;individu qui le pratique en danger de mort ou l&rsquo;exposer \u00e0 de graves risques de sant\u00e9. Cher fr\u00e8re Ousmane, Il se trouve aussi que vos militants et amis qui pourraient vous suivre ou qui sont en train de le faire n&rsquo;ont pas forc\u00e9ment tous et toutes les m\u00eames capacit\u00e9s et le m\u00eame \u00e9tat de sant\u00e9 et le pire pourrait survenir \u00e0 tout moment. Ce que vous n&rsquo;agr\u00e9eriez certainement pas.<\/p>\n<p>Dans le cadre du nas\u00eeha que vous connaissez bien, cher fr\u00e8re, je vous conseille de pr\u00e9f\u00e9rer vous d\u00e9fendre par des moyens licites et pour le reste de vous aider du sabr, de la sal\u00e2t, du istighf\u00e2r, du zikr, de la lecture du Coran, du je\u00fbne, etc. Je voudrais aussi vous rappeler, cher fr\u00e8re, que si vous \u00eates aujourd&rsquo;hui en situation de privation de libert\u00e9, c&rsquo;est une \u00e9preuve que vous ne pouviez manquer de subir si l&rsquo;on s&rsquo;en tient au Coran, vous connaissez les versets qui en parlent. Mais ce n&rsquo;est nullement parce qu&rsquo;il y a des gens qui ont le pouvoir de d\u00e9cider de votre destin.<\/p>\n<p>Cher fr\u00e8re Ousmane Sonko, m\u00eame si vous consid\u00e9rez, avec d&rsquo;autres, subir des injustices, vous ne pouvez pas lutter par des pratiques que ce qui vous est le plus cher, \u00e0 savoir l&rsquo;islam, n&rsquo;autorise pas.<\/p>\n<p>Je prie Allah (SWT) de vous aider \u00e0 rester pers\u00e9v\u00e9rant pour des lendemains meilleurs pour vous, votre famille, et le S\u00e9n\u00e9gal.<\/p>\n<p><strong>Votre fr\u00e8re en islam<br \/>\nImam Ahmadou Makhtar Kant\u00e9.\u00a0<\/strong><\/p>\n<div class=\"publi-apres-le-contenu\" style=\"margin-top: 10px;margin-bottom: 10px;margin-left: auto;margin-right: auto;text-align: center;\" id=\"publi-3725644849\"><div class=\"publi-adlabel\">Publicit\u00e9<\/div><script async src=\"\/\/pagead2.googlesyndication.com\/pagead\/js\/adsbygoogle.js?client=ca-pub-4089586018074219\" crossorigin=\"anonymous\"><\/script><ins class=\"adsbygoogle\" style=\"display:block;\" data-ad-client=\"ca-pub-4089586018074219\" \ndata-ad-slot=\"2087940154\" \ndata-ad-format=\"auto\"><\/ins>\n<script> \n(adsbygoogle = window.adsbygoogle || []).push({}); \n<\/script>\n<\/div>","protected":false},"excerpt":{"rendered":"<p>Lettre &#8211; nas\u00eeha \u00e0 mon fr\u00e8re Ousmane Sonko Cher fr\u00e8re Ousmane Sonko Au nom de mes charges d&rsquo;imam et des responsabilit\u00e9s qui en d\u00e9coulent, je prends Allah (SWT) \u00e0 T\u00e9moin et tout le peuple s\u00e9n\u00e9galais pour demander \u00e0 mon fr\u00e8re Ousmane Sonko de mettre fin \u00e0 la gr\u00e8ve de faim. Je demande solennellement aux chefs religieux, chefs coutumiers, personnes influentes de la classe politique et de la soci\u00e9t\u00e9 civile de lui demander de mettre fin \u00e0 ce mode de r\u00e9sistance que les oul\u00e9mas les plus respect\u00e9s de la Oumma ont d\u00e9clar\u00e9 Haram. Le seul cas o\u00f9 certains oul\u00e9mas l&rsquo;ont autoris\u00e9, c&rsquo;est pour une dur\u00e9e d\u00e9termin\u00e9e sans mettre l&rsquo;individu qui le pratique en danger de mort ou l&rsquo;exposer \u00e0 de graves risques de sant\u00e9. Cher fr\u00e8re Ousmane, Il se trouve aussi que vos militants et amis qui pourraient vous suivre ou qui sont en train de le faire n&rsquo;ont pas forc\u00e9ment tous et toutes les m\u00eames capacit\u00e9s et le m\u00eame \u00e9tat de sant\u00e9 et le pire pourrait survenir \u00e0 tout moment. Ce que vous n&rsquo;agr\u00e9eriez certainement pas. Dans le cadre du nas\u00eeha que vous connaissez bien, cher fr\u00e8re, je vous conseille de pr\u00e9f\u00e9rer vous d\u00e9fendre par des moyens licites et pour le reste de vous aider du sabr, de la sal\u00e2t, du istighf\u00e2r, du zikr, de la lecture du Coran, du je\u00fbne, etc. Je voudrais aussi vous rappeler, cher fr\u00e8re, que si vous \u00eates aujourd&rsquo;hui en situation de privation de libert\u00e9, c&rsquo;est une \u00e9preuve que vous ne pouviez manquer de subir si l&rsquo;on s&rsquo;en tient au Coran, vous connaissez les versets qui en parlent. Mais ce n&rsquo;est nullement parce qu&rsquo;il y a des gens qui ont le pouvoir de d\u00e9cider de votre destin. Cher fr\u00e8re Ousmane Sonko, m\u00eame si vous consid\u00e9rez, avec d&rsquo;autres, subir des injustices, vous ne pouvez pas lutter par des pratiques que ce qui vous est le plus cher, \u00e0 savoir l&rsquo;islam, n&rsquo;autorise pas. Je prie Allah (SWT) de vous aider \u00e0 rester pers\u00e9v\u00e9rant pour des lendemains meilleurs pour vous, votre famille, et le S\u00e9n\u00e9gal. Votre fr\u00e8re en islam Imam Ahmadou Makhtar Kant\u00e9.\u00a0<\/p>\n","protected":false},"author":7,"featured_media":6095,"comment_status":"open","ping_status":"open","sticky":false,"template":"","format":"standard","meta":{"_jetpack_memberships_contains_paid_content":false,"footnotes":""},"categories":[375],"tags":[],"class_list":["post-26308","post","type-post","status-publish","format-standard","has-post-thumbnail","hentry","category-actualites","entry","has-media","owp-thumbs-layout-horizontal","owp-btn-normal","owp-tabs-layout-horizontal","has-no-thumbnails","has-product-nav"],"yoast_head":"<!-- This site is optimized with the Yoast SEO plugin v25.5 - https:\/\/yoast.com\/wordpress\/plugins\/seo\/ -->\n<title>Lettre ouverte Imam Kant\u00e9 \u00e0 Ousmane Sonko - LE PUBLIC<\/title>\n<meta name=\"robots\" content=\"index, follow, max-snippet:-1, max-image-preview:large, max-video-preview:-1\" \/>\n<link rel=\"canonical\" href=\"https:\/\/www.public.sn\/index.php\/2023\/08\/18\/lettre-ouverte-imam-kante-a-ousmane-sonko\/\" \/>\n<meta property=\"og:locale\" content=\"fr_FR\" \/>\n<meta property=\"og:type\" content=\"article\" \/>\n<meta property=\"og:title\" content=\"Lettre ouverte Imam Kant\u00e9 \u00e0 Ousmane Sonko - LE PUBLIC\" \/>\n<meta property=\"og:description\" content=\"Lettre &#8211; nas\u00eeha \u00e0 mon fr\u00e8re Ousmane Sonko Cher fr\u00e8re Ousmane Sonko Au nom de mes charges d&rsquo;imam et des responsabilit\u00e9s qui en d\u00e9coulent, je prends Allah (SWT) \u00e0 T\u00e9moin et tout le peuple s\u00e9n\u00e9galais pour demander \u00e0 mon fr\u00e8re Ousmane Sonko de mettre fin \u00e0 la gr\u00e8ve de faim. Je demande solennellement aux chefs religieux, chefs coutumiers, personnes influentes de la classe politique et de la soci\u00e9t\u00e9 civile de lui demander de mettre fin \u00e0 ce mode de r\u00e9sistance que les oul\u00e9mas les plus respect\u00e9s de la Oumma ont d\u00e9clar\u00e9 Haram. Le seul cas o\u00f9 certains oul\u00e9mas l&rsquo;ont autoris\u00e9, c&rsquo;est pour une dur\u00e9e d\u00e9termin\u00e9e sans mettre l&rsquo;individu qui le pratique en danger de mort ou l&rsquo;exposer \u00e0 de graves risques de sant\u00e9. Cher fr\u00e8re Ousmane, Il se trouve aussi que vos militants et amis qui pourraient vous suivre ou qui sont en train de le faire n&rsquo;ont pas forc\u00e9ment tous et toutes les m\u00eames capacit\u00e9s et le m\u00eame \u00e9tat de sant\u00e9 et le pire pourrait survenir \u00e0 tout moment. Ce que vous n&rsquo;agr\u00e9eriez certainement pas. Dans le cadre du nas\u00eeha que vous connaissez bien, cher fr\u00e8re, je vous conseille de pr\u00e9f\u00e9rer vous d\u00e9fendre par des moyens licites et pour le reste de vous aider du sabr, de la sal\u00e2t, du istighf\u00e2r, du zikr, de la lecture du Coran, du je\u00fbne, etc. Je voudrais aussi vous rappeler, cher fr\u00e8re, que si vous \u00eates aujourd&rsquo;hui en situation de privation de libert\u00e9, c&rsquo;est une \u00e9preuve que vous ne pouviez manquer de subir si l&rsquo;on s&rsquo;en tient au Coran, vous connaissez les versets qui en parlent. Mais ce n&rsquo;est nullement parce qu&rsquo;il y a des gens qui ont le pouvoir de d\u00e9cider de votre destin. Cher fr\u00e8re Ousmane Sonko, m\u00eame si vous consid\u00e9rez, avec d&rsquo;autres, subir des injustices, vous ne pouvez pas lutter par des pratiques que ce qui vous est le plus cher, \u00e0 savoir l&rsquo;islam, n&rsquo;autorise pas. Je prie Allah (SWT) de vous aider \u00e0 rester pers\u00e9v\u00e9rant pour des lendemains meilleurs pour vous, votre famille, et le S\u00e9n\u00e9gal. Votre fr\u00e8re en islam Imam Ahmadou Makhtar Kant\u00e9.\u00a0\" \/>\n<meta property=\"og:url\" content=\"https:\/\/www.public.sn\/index.php\/2023\/08\/18\/lettre-ouverte-imam-kante-a-ousmane-sonko\/\" \/>\n<meta property=\"og:site_name\" content=\"LE PUBLIC\" \/>\n<meta property=\"article:published_time\" content=\"2023-08-18T14:58:09+00:00\" \/>\n<meta property=\"og:image\" content=\"https:\/\/www.public.sn\/wp-content\/uploads\/2022\/10\/imam-kante.jpg\" \/>\n\t<meta property=\"og:image:width\" content=\"278\" \/>\n\t<meta property=\"og:image:height\" content=\"182\" \/>\n\t<meta property=\"og:image:type\" content=\"image\/jpeg\" \/>\n<meta name=\"author\" content=\"LA REDACTION\" \/>\n<meta name=\"twitter:card\" content=\"summary_large_image\" \/>\n<meta name=\"twitter:label1\" content=\"\u00c9crit par\" \/>\n\t<meta name=\"twitter:data1\" content=\"LA REDACTION\" \/>\n\t<meta name=\"twitter:label2\" content=\"Dur\u00e9e de lecture estim\u00e9e\" \/>\n\t<meta name=\"twitter:data2\" content=\"2 minutes\" \/>\n<script type=\"application\/ld+json\" class=\"yoast-schema-graph\">{\"@context\":\"https:\/\/schema.org\",\"@graph\":[{\"@type\":\"Article\",\"@id\":\"https:\/\/www.public.sn\/index.php\/2023\/08\/18\/lettre-ouverte-imam-kante-a-ousmane-sonko\/#article\",\"isPartOf\":{\"@id\":\"https:\/\/www.public.sn\/index.php\/2023\/08\/18\/lettre-ouverte-imam-kante-a-ousmane-sonko\/\"},\"author\":{\"name\":\"LA REDACTION\",\"@id\":\"https:\/\/www.public.sn\/#\/schema\/person\/cb76c8e1b8becc6be61fb5e92d6d0224\"},\"headline\":\"Lettre ouverte Imam Kant\u00e9 \u00e0 Ousmane Sonko\",\"datePublished\":\"2023-08-18T14:58:09+00:00\",\"mainEntityOfPage\":{\"@id\":\"https:\/\/www.public.sn\/index.php\/2023\/08\/18\/lettre-ouverte-imam-kante-a-ousmane-sonko\/\"},\"wordCount\":385,\"commentCount\":0,\"publisher\":{\"@id\":\"https:\/\/www.public.sn\/#organization\"},\"image\":{\"@id\":\"https:\/\/www.public.sn\/index.php\/2023\/08\/18\/lettre-ouverte-imam-kante-a-ousmane-sonko\/#primaryimage\"},\"thumbnailUrl\":\"https:\/\/www.public.sn\/wp-content\/uploads\/2022\/10\/imam-kante.jpg\",\"articleSection\":[\"ACTUALIT\u00c9S\"],\"inLanguage\":\"fr-FR\",\"potentialAction\":[{\"@type\":\"CommentAction\",\"name\":\"Comment\",\"target\":[\"https:\/\/www.public.sn\/index.php\/2023\/08\/18\/lettre-ouverte-imam-kante-a-ousmane-sonko\/#respond\"]}]},{\"@type\":\"WebPage\",\"@id\":\"https:\/\/www.public.sn\/index.php\/2023\/08\/18\/lettre-ouverte-imam-kante-a-ousmane-sonko\/\",\"url\":\"https:\/\/www.public.sn\/index.php\/2023\/08\/18\/lettre-ouverte-imam-kante-a-ousmane-sonko\/\",\"name\":\"Lettre ouverte Imam Kant\u00e9 \u00e0 Ousmane Sonko - LE PUBLIC\",\"isPartOf\":{\"@id\":\"https:\/\/www.public.sn\/#website\"},\"primaryImageOfPage\":{\"@id\":\"https:\/\/www.public.sn\/index.php\/2023\/08\/18\/lettre-ouverte-imam-kante-a-ousmane-sonko\/#primaryimage\"},\"image\":{\"@id\":\"https:\/\/www.public.sn\/index.php\/2023\/08\/18\/lettre-ouverte-imam-kante-a-ousmane-sonko\/#primaryimage\"},\"thumbnailUrl\":\"https:\/\/www.public.sn\/wp-content\/uploads\/2022\/10\/imam-kante.jpg\",\"datePublished\":\"2023-08-18T14:58:09+00:00\",\"breadcrumb\":{\"@id\":\"https:\/\/www.public.sn\/index.php\/2023\/08\/18\/lettre-ouverte-imam-kante-a-ousmane-sonko\/#breadcrumb\"},\"inLanguage\":\"fr-FR\",\"potentialAction\":[{\"@type\":\"ReadAction\",\"target\":[\"https:\/\/www.public.sn\/index.php\/2023\/08\/18\/lettre-ouverte-imam-kante-a-ousmane-sonko\/\"]}]},{\"@type\":\"ImageObject\",\"inLanguage\":\"fr-FR\",\"@id\":\"https:\/\/www.public.sn\/index.php\/2023\/08\/18\/lettre-ouverte-imam-kante-a-ousmane-sonko\/#primaryimage\",\"url\":\"https:\/\/www.public.sn\/wp-content\/uploads\/2022\/10\/imam-kante.jpg\",\"contentUrl\":\"https:\/\/www.public.sn\/wp-content\/uploads\/2022\/10\/imam-kante.jpg\",\"width\":278,\"height\":182},{\"@type\":\"BreadcrumbList\",\"@id\":\"https:\/\/www.public.sn\/index.php\/2023\/08\/18\/lettre-ouverte-imam-kante-a-ousmane-sonko\/#breadcrumb\",\"itemListElement\":[{\"@type\":\"ListItem\",\"position\":1,\"name\":\"Accueil\",\"item\":\"https:\/\/www.public.sn\/\"},{\"@type\":\"ListItem\",\"position\":2,\"name\":\"Lettre ouverte Imam Kant\u00e9 \u00e0 Ousmane Sonko\"}]},{\"@type\":\"WebSite\",\"@id\":\"https:\/\/www.public.sn\/#website\",\"url\":\"https:\/\/www.public.sn\/\",\"name\":\"LE PUBLIC\",\"description\":\"\",\"publisher\":{\"@id\":\"https:\/\/www.public.sn\/#organization\"},\"potentialAction\":[{\"@type\":\"SearchAction\",\"target\":{\"@type\":\"EntryPoint\",\"urlTemplate\":\"https:\/\/www.public.sn\/?s={search_term_string}\"},\"query-input\":{\"@type\":\"PropertyValueSpecification\",\"valueRequired\":true,\"valueName\":\"search_term_string\"}}],\"inLanguage\":\"fr-FR\"},{\"@type\":\"Organization\",\"@id\":\"https:\/\/www.public.sn\/#organization\",\"name\":\"LE PUBLIC\",\"url\":\"https:\/\/www.public.sn\/\",\"logo\":{\"@type\":\"ImageObject\",\"inLanguage\":\"fr-FR\",\"@id\":\"https:\/\/www.public.sn\/#\/schema\/logo\/image\/\",\"url\":\"https:\/\/www.public.sn\/wp-content\/uploads\/2024\/05\/cropped-LOGO-PUBLIC.SN_.png\",\"contentUrl\":\"https:\/\/www.public.sn\/wp-content\/uploads\/2024\/05\/cropped-LOGO-PUBLIC.SN_.png\",\"width\":682,\"height\":192,\"caption\":\"LE PUBLIC\"},\"image\":{\"@id\":\"https:\/\/www.public.sn\/#\/schema\/logo\/image\/\"}},{\"@type\":\"Person\",\"@id\":\"https:\/\/www.public.sn\/#\/schema\/person\/cb76c8e1b8becc6be61fb5e92d6d0224\",\"name\":\"LA REDACTION\",\"image\":{\"@type\":\"ImageObject\",\"inLanguage\":\"fr-FR\",\"@id\":\"https:\/\/www.public.sn\/#\/schema\/person\/image\/\",\"url\":\"https:\/\/secure.gravatar.com\/avatar\/2dce5ddd34b8fef0180efe03aa2a9bee7d953856048f9a16b298190a3178407c?s=96&d=mm&r=g\",\"contentUrl\":\"https:\/\/secure.gravatar.com\/avatar\/2dce5ddd34b8fef0180efe03aa2a9bee7d953856048f9a16b298190a3178407c?s=96&d=mm&r=g\",\"caption\":\"LA REDACTION\"},\"url\":\"https:\/\/www.public.sn\/index.php\/author\/editeurpsn\/\"}]}<\/script>\n<!-- \/ Yoast SEO plugin. -->","yoast_head_json":{"title":"Lettre ouverte Imam Kant\u00e9 \u00e0 Ousmane Sonko - LE PUBLIC","robots":{"index":"index","follow":"follow","max-snippet":"max-snippet:-1","max-image-preview":"max-image-preview:large","max-video-preview":"max-video-preview:-1"},"canonical":"https:\/\/www.public.sn\/index.php\/2023\/08\/18\/lettre-ouverte-imam-kante-a-ousmane-sonko\/","og_locale":"fr_FR","og_type":"article","og_title":"Lettre ouverte Imam Kant\u00e9 \u00e0 Ousmane Sonko - LE PUBLIC","og_description":"Lettre &#8211; nas\u00eeha \u00e0 mon fr\u00e8re Ousmane Sonko Cher fr\u00e8re Ousmane Sonko Au nom de mes charges d&rsquo;imam et des responsabilit\u00e9s qui en d\u00e9coulent, je prends Allah (SWT) \u00e0 T\u00e9moin et tout le peuple s\u00e9n\u00e9galais pour demander \u00e0 mon fr\u00e8re Ousmane Sonko de mettre fin \u00e0 la gr\u00e8ve de faim. Je demande solennellement aux chefs religieux, chefs coutumiers, personnes influentes de la classe politique et de la soci\u00e9t\u00e9 civile de lui demander de mettre fin \u00e0 ce mode de r\u00e9sistance que les oul\u00e9mas les plus respect\u00e9s de la Oumma ont d\u00e9clar\u00e9 Haram. Le seul cas o\u00f9 certains oul\u00e9mas l&rsquo;ont autoris\u00e9, c&rsquo;est pour une dur\u00e9e d\u00e9termin\u00e9e sans mettre l&rsquo;individu qui le pratique en danger de mort ou l&rsquo;exposer \u00e0 de graves risques de sant\u00e9. Cher fr\u00e8re Ousmane, Il se trouve aussi que vos militants et amis qui pourraient vous suivre ou qui sont en train de le faire n&rsquo;ont pas forc\u00e9ment tous et toutes les m\u00eames capacit\u00e9s et le m\u00eame \u00e9tat de sant\u00e9 et le pire pourrait survenir \u00e0 tout moment. Ce que vous n&rsquo;agr\u00e9eriez certainement pas. Dans le cadre du nas\u00eeha que vous connaissez bien, cher fr\u00e8re, je vous conseille de pr\u00e9f\u00e9rer vous d\u00e9fendre par des moyens licites et pour le reste de vous aider du sabr, de la sal\u00e2t, du istighf\u00e2r, du zikr, de la lecture du Coran, du je\u00fbne, etc. Je voudrais aussi vous rappeler, cher fr\u00e8re, que si vous \u00eates aujourd&rsquo;hui en situation de privation de libert\u00e9, c&rsquo;est une \u00e9preuve que vous ne pouviez manquer de subir si l&rsquo;on s&rsquo;en tient au Coran, vous connaissez les versets qui en parlent. Mais ce n&rsquo;est nullement parce qu&rsquo;il y a des gens qui ont le pouvoir de d\u00e9cider de votre destin. Cher fr\u00e8re Ousmane Sonko, m\u00eame si vous consid\u00e9rez, avec d&rsquo;autres, subir des injustices, vous ne pouvez pas lutter par des pratiques que ce qui vous est le plus cher, \u00e0 savoir l&rsquo;islam, n&rsquo;autorise pas. Je prie Allah (SWT) de vous aider \u00e0 rester pers\u00e9v\u00e9rant pour des lendemains meilleurs pour vous, votre famille, et le S\u00e9n\u00e9gal. Votre fr\u00e8re en islam Imam Ahmadou Makhtar Kant\u00e9.\u00a0","og_url":"https:\/\/www.public.sn\/index.php\/2023\/08\/18\/lettre-ouverte-imam-kante-a-ousmane-sonko\/","og_site_name":"LE PUBLIC","article_published_time":"2023-08-18T14:58:09+00:00","og_image":[{"width":278,"height":182,"url":"https:\/\/www.public.sn\/wp-content\/uploads\/2022\/10\/imam-kante.jpg","type":"image\/jpeg"}],"author":"LA REDACTION","twitter_card":"summary_large_image","twitter_misc":{"\u00c9crit par":"LA REDACTION","Dur\u00e9e de lecture estim\u00e9e":"2 minutes"},"schema":{"@context":"https:\/\/schema.org","@graph":[{"@type":"Article","@id":"https:\/\/www.public.sn\/index.php\/2023\/08\/18\/lettre-ouverte-imam-kante-a-ousmane-sonko\/#article","isPartOf":{"@id":"https:\/\/www.public.sn\/index.php\/2023\/08\/18\/lettre-ouverte-imam-kante-a-ousmane-sonko\/"},"author":{"name":"LA REDACTION","@id":"https:\/\/www.public.sn\/#\/schema\/person\/cb76c8e1b8becc6be61fb5e92d6d0224"},"headline":"Lettre ouverte Imam Kant\u00e9 \u00e0 Ousmane Sonko","datePublished":"2023-08-18T14:58:09+00:00","mainEntityOfPage":{"@id":"https:\/\/www.public.sn\/index.php\/2023\/08\/18\/lettre-ouverte-imam-kante-a-ousmane-sonko\/"},"wordCount":385,"commentCount":0,"publisher":{"@id":"https:\/\/www.public.sn\/#organization"},"image":{"@id":"https:\/\/www.public.sn\/index.php\/2023\/08\/18\/lettre-ouverte-imam-kante-a-ousmane-sonko\/#primaryimage"},"thumbnailUrl":"https:\/\/www.public.sn\/wp-content\/uploads\/2022\/10\/imam-kante.jpg","articleSection":["ACTUALIT\u00c9S"],"inLanguage":"fr-FR","potentialAction":[{"@type":"CommentAction","name":"Comment","target":["https:\/\/www.public.sn\/index.php\/2023\/08\/18\/lettre-ouverte-imam-kante-a-ousmane-sonko\/#respond"]}]},{"@type":"WebPage","@id":"https:\/\/www.public.sn\/index.php\/2023\/08\/18\/lettre-ouverte-imam-kante-a-ousmane-sonko\/","url":"https:\/\/www.public.sn\/index.php\/2023\/08\/18\/lettre-ouverte-imam-kante-a-ousmane-sonko\/","name":"Lettre ouverte Imam Kant\u00e9 \u00e0 Ousmane Sonko - LE PUBLIC","isPartOf":{"@id":"https:\/\/www.public.sn\/#website"},"primaryImageOfPage":{"@id":"https:\/\/www.public.sn\/index.php\/2023\/08\/18\/lettre-ouverte-imam-kante-a-ousmane-sonko\/#primaryimage"},"image":{"@id":"https:\/\/www.public.sn\/index.php\/2023\/08\/18\/lettre-ouverte-imam-kante-a-ousmane-sonko\/#primaryimage"},"thumbnailUrl":"https:\/\/www.public.sn\/wp-content\/uploads\/2022\/10\/imam-kante.jpg","datePublished":"2023-08-18T14:58:09+00:00","breadcrumb":{"@id":"https:\/\/www.public.sn\/index.php\/2023\/08\/18\/lettre-ouverte-imam-kante-a-ousmane-sonko\/#breadcrumb"},"inLanguage":"fr-FR","potentialAction":[{"@type":"ReadAction","target":["https:\/\/www.public.sn\/index.php\/2023\/08\/18\/lettre-ouverte-imam-kante-a-ousmane-sonko\/"]}]},{"@type":"ImageObject","inLanguage":"fr-FR","@id":"https:\/\/www.public.sn\/index.php\/2023\/08\/18\/lettre-ouverte-imam-kante-a-ousmane-sonko\/#primaryimage","url":"https:\/\/www.public.sn\/wp-content\/uploads\/2022\/10\/imam-kante.jpg","contentUrl":"https:\/\/www.public.sn\/wp-content\/uploads\/2022\/10\/imam-kante.jpg","width":278,"height":182},{"@type":"BreadcrumbList","@id":"https:\/\/www.public.sn\/index.php\/2023\/08\/18\/lettre-ouverte-imam-kante-a-ousmane-sonko\/#breadcrumb","itemListElement":[{"@type":"ListItem","position":1,"name":"Accueil","item":"https:\/\/www.public.sn\/"},{"@type":"ListItem","position":2,"name":"Lettre ouverte Imam Kant\u00e9 \u00e0 Ousmane Sonko"}]},{"@type":"WebSite","@id":"https:\/\/www.public.sn\/#website","url":"https:\/\/www.public.sn\/","name":"LE PUBLIC","description":"","publisher":{"@id":"https:\/\/www.public.sn\/#organization"},"potentialAction":[{"@type":"SearchAction","target":{"@type":"EntryPoint","urlTemplate":"https:\/\/www.public.sn\/?s={search_term_string}"},"query-input":{"@type":"PropertyValueSpecification","valueRequired":true,"valueName":"search_term_string"}}],"inLanguage":"fr-FR"},{"@type":"Organization","@id":"https:\/\/www.public.sn\/#organization","name":"LE PUBLIC","url":"https:\/\/www.public.sn\/","logo":{"@type":"ImageObject","inLanguage":"fr-FR","@id":"https:\/\/www.public.sn\/#\/schema\/logo\/image\/","url":"https:\/\/www.public.sn\/wp-content\/uploads\/2024\/05\/cropped-LOGO-PUBLIC.SN_.png","contentUrl":"https:\/\/www.public.sn\/wp-content\/uploads\/2024\/05\/cropped-LOGO-PUBLIC.SN_.png","width":682,"height":192,"caption":"LE PUBLIC"},"image":{"@id":"https:\/\/www.public.sn\/#\/schema\/logo\/image\/"}},{"@type":"Person","@id":"https:\/\/www.public.sn\/#\/schema\/person\/cb76c8e1b8becc6be61fb5e92d6d0224","name":"LA REDACTION","image":{"@type":"ImageObject","inLanguage":"fr-FR","@id":"https:\/\/www.public.sn\/#\/schema\/person\/image\/","url":"https:\/\/secure.gravatar.com\/avatar\/2dce5ddd34b8fef0180efe03aa2a9bee7d953856048f9a16b298190a3178407c?s=96&d=mm&r=g","contentUrl":"https:\/\/secure.gravatar.com\/avatar\/2dce5ddd34b8fef0180efe03aa2a9bee7d953856048f9a16b298190a3178407c?s=96&d=mm&r=g","caption":"LA REDACTION"},"url":"https:\/\/www.public.sn\/index.php\/author\/editeurpsn\/"}]}},"jetpack_featured_media_url":"https:\/\/www.public.sn\/wp-content\/uploads\/2022\/10\/imam-kante.jpg","jetpack_sharing_enabled":true,"_links":{"self":[{"href":"https:\/\/www.public.sn\/index.php\/wp-json\/wp\/v2\/posts\/26308","targetHints":{"allow":["GET"]}}],"collection":[{"href":"https:\/\/www.public.sn\/index.php\/wp-json\/wp\/v2\/posts"}],"about":[{"href":"https:\/\/www.public.sn\/index.php\/wp-json\/wp\/v2\/types\/post"}],"author":[{"embeddable":true,"href":"https:\/\/www.public.sn\/index.php\/wp-json\/wp\/v2\/users\/7"}],"replies":[{"embeddable":true,"href":"https:\/\/www.public.sn\/index.php\/wp-json\/wp\/v2\/comments?post=26308"}],"version-history":[{"count":1,"href":"https:\/\/www.public.sn\/index.php\/wp-json\/wp\/v2\/posts\/26308\/revisions"}],"predecessor-version":[{"id":26309,"href":"https:\/\/www.public.sn\/index.php\/wp-json\/wp\/v2\/posts\/26308\/revisions\/26309"}],"wp:featuredmedia":[{"embeddable":true,"href":"https:\/\/www.public.sn\/index.php\/wp-json\/wp\/v2\/media\/6095"}],"wp:attachment":[{"href":"https:\/\/www.public.sn\/index.php\/wp-json\/wp\/v2\/media?parent=26308"}],"wp:term":[{"taxonomy":"category","embeddable":true,"href":"https:\/\/www.public.sn\/index.php\/wp-json\/wp\/v2\/categories?post=26308"},{"taxonomy":"post_tag","embeddable":true,"href":"https:\/\/www.public.sn\/index.php\/wp-json\/wp\/v2\/tags?post=26308"}],"curies":[{"name":"wp","href":"https:\/\/api.w.org\/{rel}","templated":true}]}}