{"id":26346,"date":"2023-08-21T09:31:07","date_gmt":"2023-08-21T09:31:07","guid":{"rendered":"https:\/\/www.public.sn\/?p=26346"},"modified":"2023-08-21T09:31:07","modified_gmt":"2023-08-21T09:31:07","slug":"affaire-juan-branco-niogou-lo-arrete","status":"publish","type":"post","link":"https:\/\/www.public.sn\/index.php\/2023\/08\/21\/affaire-juan-branco-niogou-lo-arrete\/","title":{"rendered":"Affaire Juan Branco: Niogou Lo arr\u00eat\u00e9"},"content":{"rendered":"<p>Le ministre de l\u2019Int\u00e9rieur, Antoine Diome, avait averti que toutes les personnes impliqu\u00e9es dans l\u2019affaire Me Juan Branco seront traqu\u00e9es, arr\u00eat\u00e9es et mises \u00e0 la disposition de la justice. Apr\u00e8s une premi\u00e8re vague d\u2019arrestations, une deuxi\u00e8me est lanc\u00e9e avec l\u2019arrestation d\u2019un certain Niogou Lo.<\/p><div class=\"publi-paragraphe1\" style=\"margin-top: 10px;margin-bottom: 10px;margin-left: auto;margin-right: auto;text-align: center;\" id=\"publi-1281931261\"><div class=\"publi-adlabel\">Publicit\u00e9<\/div><script async src=\"\/\/pagead2.googlesyndication.com\/pagead\/js\/adsbygoogle.js?client=ca-pub-4089586018074219\" crossorigin=\"anonymous\"><\/script><ins class=\"adsbygoogle\" style=\"display:block;\" data-ad-client=\"ca-pub-4089586018074219\" \ndata-ad-slot=\"2087940154\" \ndata-ad-format=\"auto\"><\/ins>\n<script> \n(adsbygoogle = window.adsbygoogle || []).push({}); \n<\/script>\n<\/div>\n<p>Selon Seneweb, ce dernier a \u00e9t\u00e9 arr\u00eat\u00e9 par la Section de recherches de Colobane dans la nuit de samedi \u00e0 dimanche. Il pr\u00e9sente le mis en cause proche du maire de Sangalkam, Pape Sow, \u00e9galement envoy\u00e9 en prison dans le cadre de cette affaire.<\/p>\n<p>La m\u00eame source explique que Ndiogou Lo aurait momentan\u00e9ment h\u00e9berg\u00e9 l\u2019avocat fran\u00e7ais \u00absur recommandation d\u2019un autre maire\u00bb dont l\u2019identit\u00e9 n\u2019a pas \u00e9t\u00e9 r\u00e9v\u00e9l\u00e9e. Il passera le t\u00e9moin \u00e0 Pape Sow, selon Lib\u00e9ration.<\/p>\n<p>Me Juan Branco a s\u00e9journ\u00e9 au S\u00e9n\u00e9gal alors qu\u2019il \u00e9tait sous le coup d\u2019un mandat d\u2019arr\u00eat \u00e9mis par le procureur de la R\u00e9publique. D\u2019apr\u00e8s plusieurs sources concordantes, il \u00e9tait arriv\u00e9 par la Gambie.<\/p>\n<p>Apr\u00e8s avoir effectu\u00e9 une br\u00e8ve apparition \u00e0 une conf\u00e9rence de presse des avocats de Ousmane Sonko, Me Branco avait disparu de la circulation, traqu\u00e9 par la police et la gendarmerie. Il sera rattrap\u00e9 en Mauritanie et remis aux autorit\u00e9s s\u00e9n\u00e9galaises.<\/p>\n<div class=\"publi-apres-le-contenu\" style=\"margin-top: 10px;margin-bottom: 10px;margin-left: auto;margin-right: auto;text-align: center;\" id=\"publi-683083448\"><div class=\"publi-adlabel\">Publicit\u00e9<\/div><script async src=\"\/\/pagead2.googlesyndication.com\/pagead\/js\/adsbygoogle.js?client=ca-pub-4089586018074219\" crossorigin=\"anonymous\"><\/script><ins class=\"adsbygoogle\" style=\"display:block;\" data-ad-client=\"ca-pub-4089586018074219\" \ndata-ad-slot=\"2087940154\" \ndata-ad-format=\"auto\"><\/ins>\n<script> \n(adsbygoogle = window.adsbygoogle || []).push({}); \n<\/script>\n<\/div>","protected":false},"excerpt":{"rendered":"<p>Le ministre de l\u2019Int\u00e9rieur, Antoine Diome, avait averti que toutes les personnes impliqu\u00e9es dans l\u2019affaire Me Juan Branco seront traqu\u00e9es, arr\u00eat\u00e9es et mises \u00e0 la disposition de la justice. Apr\u00e8s une premi\u00e8re vague d\u2019arrestations, une deuxi\u00e8me est lanc\u00e9e avec l\u2019arrestation d\u2019un certain Niogou Lo. Selon Seneweb, ce dernier a \u00e9t\u00e9 arr\u00eat\u00e9 par la Section de recherches de Colobane dans la nuit de samedi \u00e0 dimanche. Il pr\u00e9sente le mis en cause proche du maire de Sangalkam, Pape Sow, \u00e9galement envoy\u00e9 en prison dans le cadre de cette affaire. La m\u00eame source explique que Ndiogou Lo aurait momentan\u00e9ment h\u00e9berg\u00e9 l\u2019avocat fran\u00e7ais \u00absur recommandation d\u2019un autre maire\u00bb dont l\u2019identit\u00e9 n\u2019a pas \u00e9t\u00e9 r\u00e9v\u00e9l\u00e9e. Il passera le t\u00e9moin \u00e0 Pape Sow, selon Lib\u00e9ration. Me Juan Branco a s\u00e9journ\u00e9 au S\u00e9n\u00e9gal alors qu\u2019il \u00e9tait sous le coup d\u2019un mandat d\u2019arr\u00eat \u00e9mis par le procureur de la R\u00e9publique. D\u2019apr\u00e8s plusieurs sources concordantes, il \u00e9tait arriv\u00e9 par la Gambie. Apr\u00e8s avoir effectu\u00e9 une br\u00e8ve apparition \u00e0 une conf\u00e9rence de presse des avocats de Ousmane Sonko, Me Branco avait disparu de la circulation, traqu\u00e9 par la police et la gendarmerie. Il sera rattrap\u00e9 en Mauritanie et remis aux autorit\u00e9s s\u00e9n\u00e9galaises.<\/p>\n","protected":false},"author":7,"featured_media":19153,"comment_status":"open","ping_status":"open","sticky":false,"template":"","format":"standard","meta":{"_jetpack_memberships_contains_paid_content":false,"footnotes":""},"categories":[375],"tags":[],"class_list":["post-26346","post","type-post","status-publish","format-standard","has-post-thumbnail","hentry","category-actualites","entry","has-media","owp-thumbs-layout-horizontal","owp-btn-normal","owp-tabs-layout-horizontal","has-no-thumbnails","has-product-nav"],"yoast_head":"<!-- This site is optimized with the Yoast SEO plugin v25.5 - https:\/\/yoast.com\/wordpress\/plugins\/seo\/ -->\n<title>Affaire Juan Branco: Niogou Lo arr\u00eat\u00e9 - LE PUBLIC<\/title>\n<meta name=\"robots\" content=\"index, follow, max-snippet:-1, max-image-preview:large, max-video-preview:-1\" \/>\n<link rel=\"canonical\" href=\"https:\/\/www.public.sn\/index.php\/2023\/08\/21\/affaire-juan-branco-niogou-lo-arrete\/\" \/>\n<meta property=\"og:locale\" content=\"fr_FR\" \/>\n<meta property=\"og:type\" content=\"article\" \/>\n<meta property=\"og:title\" content=\"Affaire Juan Branco: Niogou Lo arr\u00eat\u00e9 - LE PUBLIC\" \/>\n<meta property=\"og:description\" content=\"Le ministre de l\u2019Int\u00e9rieur, Antoine Diome, avait averti que toutes les personnes impliqu\u00e9es dans l\u2019affaire Me Juan Branco seront traqu\u00e9es, arr\u00eat\u00e9es et mises \u00e0 la disposition de la justice. Apr\u00e8s une premi\u00e8re vague d\u2019arrestations, une deuxi\u00e8me est lanc\u00e9e avec l\u2019arrestation d\u2019un certain Niogou Lo. Selon Seneweb, ce dernier a \u00e9t\u00e9 arr\u00eat\u00e9 par la Section de recherches de Colobane dans la nuit de samedi \u00e0 dimanche. Il pr\u00e9sente le mis en cause proche du maire de Sangalkam, Pape Sow, \u00e9galement envoy\u00e9 en prison dans le cadre de cette affaire. La m\u00eame source explique que Ndiogou Lo aurait momentan\u00e9ment h\u00e9berg\u00e9 l\u2019avocat fran\u00e7ais \u00absur recommandation d\u2019un autre maire\u00bb dont l\u2019identit\u00e9 n\u2019a pas \u00e9t\u00e9 r\u00e9v\u00e9l\u00e9e. Il passera le t\u00e9moin \u00e0 Pape Sow, selon Lib\u00e9ration. Me Juan Branco a s\u00e9journ\u00e9 au S\u00e9n\u00e9gal alors qu\u2019il \u00e9tait sous le coup d\u2019un mandat d\u2019arr\u00eat \u00e9mis par le procureur de la R\u00e9publique. D\u2019apr\u00e8s plusieurs sources concordantes, il \u00e9tait arriv\u00e9 par la Gambie. Apr\u00e8s avoir effectu\u00e9 une br\u00e8ve apparition \u00e0 une conf\u00e9rence de presse des avocats de Ousmane Sonko, Me Branco avait disparu de la circulation, traqu\u00e9 par la police et la gendarmerie. Il sera rattrap\u00e9 en Mauritanie et remis aux autorit\u00e9s s\u00e9n\u00e9galaises.\" \/>\n<meta property=\"og:url\" content=\"https:\/\/www.public.sn\/index.php\/2023\/08\/21\/affaire-juan-branco-niogou-lo-arrete\/\" \/>\n<meta property=\"og:site_name\" content=\"LE PUBLIC\" \/>\n<meta property=\"article:published_time\" content=\"2023-08-21T09:31:07+00:00\" \/>\n<meta property=\"og:image\" content=\"https:\/\/www.public.sn\/wp-content\/uploads\/2023\/04\/juan-branco1.jpg\" \/>\n\t<meta property=\"og:image:width\" content=\"640\" \/>\n\t<meta property=\"og:image:height\" content=\"360\" \/>\n\t<meta property=\"og:image:type\" content=\"image\/jpeg\" \/>\n<meta name=\"author\" content=\"LA REDACTION\" \/>\n<meta name=\"twitter:card\" content=\"summary_large_image\" \/>\n<meta name=\"twitter:label1\" content=\"\u00c9crit par\" \/>\n\t<meta name=\"twitter:data1\" content=\"LA REDACTION\" \/>\n\t<meta name=\"twitter:label2\" content=\"Dur\u00e9e de lecture estim\u00e9e\" \/>\n\t<meta name=\"twitter:data2\" content=\"1 minute\" \/>\n<script type=\"application\/ld+json\" class=\"yoast-schema-graph\">{\"@context\":\"https:\/\/schema.org\",\"@graph\":[{\"@type\":\"Article\",\"@id\":\"https:\/\/www.public.sn\/index.php\/2023\/08\/21\/affaire-juan-branco-niogou-lo-arrete\/#article\",\"isPartOf\":{\"@id\":\"https:\/\/www.public.sn\/index.php\/2023\/08\/21\/affaire-juan-branco-niogou-lo-arrete\/\"},\"author\":{\"name\":\"LA REDACTION\",\"@id\":\"https:\/\/www.public.sn\/#\/schema\/person\/cb76c8e1b8becc6be61fb5e92d6d0224\"},\"headline\":\"Affaire Juan Branco: Niogou Lo arr\u00eat\u00e9\",\"datePublished\":\"2023-08-21T09:31:07+00:00\",\"mainEntityOfPage\":{\"@id\":\"https:\/\/www.public.sn\/index.php\/2023\/08\/21\/affaire-juan-branco-niogou-lo-arrete\/\"},\"wordCount\":241,\"commentCount\":0,\"publisher\":{\"@id\":\"https:\/\/www.public.sn\/#organization\"},\"image\":{\"@id\":\"https:\/\/www.public.sn\/index.php\/2023\/08\/21\/affaire-juan-branco-niogou-lo-arrete\/#primaryimage\"},\"thumbnailUrl\":\"https:\/\/www.public.sn\/wp-content\/uploads\/2023\/04\/juan-branco1.jpg\",\"articleSection\":[\"ACTUALIT\u00c9S\"],\"inLanguage\":\"fr-FR\",\"potentialAction\":[{\"@type\":\"CommentAction\",\"name\":\"Comment\",\"target\":[\"https:\/\/www.public.sn\/index.php\/2023\/08\/21\/affaire-juan-branco-niogou-lo-arrete\/#respond\"]}]},{\"@type\":\"WebPage\",\"@id\":\"https:\/\/www.public.sn\/index.php\/2023\/08\/21\/affaire-juan-branco-niogou-lo-arrete\/\",\"url\":\"https:\/\/www.public.sn\/index.php\/2023\/08\/21\/affaire-juan-branco-niogou-lo-arrete\/\",\"name\":\"Affaire Juan Branco: Niogou Lo arr\u00eat\u00e9 - LE PUBLIC\",\"isPartOf\":{\"@id\":\"https:\/\/www.public.sn\/#website\"},\"primaryImageOfPage\":{\"@id\":\"https:\/\/www.public.sn\/index.php\/2023\/08\/21\/affaire-juan-branco-niogou-lo-arrete\/#primaryimage\"},\"image\":{\"@id\":\"https:\/\/www.public.sn\/index.php\/2023\/08\/21\/affaire-juan-branco-niogou-lo-arrete\/#primaryimage\"},\"thumbnailUrl\":\"https:\/\/www.public.sn\/wp-content\/uploads\/2023\/04\/juan-branco1.jpg\",\"datePublished\":\"2023-08-21T09:31:07+00:00\",\"breadcrumb\":{\"@id\":\"https:\/\/www.public.sn\/index.php\/2023\/08\/21\/affaire-juan-branco-niogou-lo-arrete\/#breadcrumb\"},\"inLanguage\":\"fr-FR\",\"potentialAction\":[{\"@type\":\"ReadAction\",\"target\":[\"https:\/\/www.public.sn\/index.php\/2023\/08\/21\/affaire-juan-branco-niogou-lo-arrete\/\"]}]},{\"@type\":\"ImageObject\",\"inLanguage\":\"fr-FR\",\"@id\":\"https:\/\/www.public.sn\/index.php\/2023\/08\/21\/affaire-juan-branco-niogou-lo-arrete\/#primaryimage\",\"url\":\"https:\/\/www.public.sn\/wp-content\/uploads\/2023\/04\/juan-branco1.jpg\",\"contentUrl\":\"https:\/\/www.public.sn\/wp-content\/uploads\/2023\/04\/juan-branco1.jpg\",\"width\":640,\"height\":360},{\"@type\":\"BreadcrumbList\",\"@id\":\"https:\/\/www.public.sn\/index.php\/2023\/08\/21\/affaire-juan-branco-niogou-lo-arrete\/#breadcrumb\",\"itemListElement\":[{\"@type\":\"ListItem\",\"position\":1,\"name\":\"Accueil\",\"item\":\"https:\/\/www.public.sn\/\"},{\"@type\":\"ListItem\",\"position\":2,\"name\":\"Affaire Juan Branco: Niogou Lo arr\u00eat\u00e9\"}]},{\"@type\":\"WebSite\",\"@id\":\"https:\/\/www.public.sn\/#website\",\"url\":\"https:\/\/www.public.sn\/\",\"name\":\"LE PUBLIC\",\"description\":\"\",\"publisher\":{\"@id\":\"https:\/\/www.public.sn\/#organization\"},\"potentialAction\":[{\"@type\":\"SearchAction\",\"target\":{\"@type\":\"EntryPoint\",\"urlTemplate\":\"https:\/\/www.public.sn\/?s={search_term_string}\"},\"query-input\":{\"@type\":\"PropertyValueSpecification\",\"valueRequired\":true,\"valueName\":\"search_term_string\"}}],\"inLanguage\":\"fr-FR\"},{\"@type\":\"Organization\",\"@id\":\"https:\/\/www.public.sn\/#organization\",\"name\":\"LE PUBLIC\",\"url\":\"https:\/\/www.public.sn\/\",\"logo\":{\"@type\":\"ImageObject\",\"inLanguage\":\"fr-FR\",\"@id\":\"https:\/\/www.public.sn\/#\/schema\/logo\/image\/\",\"url\":\"https:\/\/www.public.sn\/wp-content\/uploads\/2024\/05\/cropped-LOGO-PUBLIC.SN_.png\",\"contentUrl\":\"https:\/\/www.public.sn\/wp-content\/uploads\/2024\/05\/cropped-LOGO-PUBLIC.SN_.png\",\"width\":682,\"height\":192,\"caption\":\"LE PUBLIC\"},\"image\":{\"@id\":\"https:\/\/www.public.sn\/#\/schema\/logo\/image\/\"}},{\"@type\":\"Person\",\"@id\":\"https:\/\/www.public.sn\/#\/schema\/person\/cb76c8e1b8becc6be61fb5e92d6d0224\",\"name\":\"LA REDACTION\",\"image\":{\"@type\":\"ImageObject\",\"inLanguage\":\"fr-FR\",\"@id\":\"https:\/\/www.public.sn\/#\/schema\/person\/image\/\",\"url\":\"https:\/\/secure.gravatar.com\/avatar\/2dce5ddd34b8fef0180efe03aa2a9bee7d953856048f9a16b298190a3178407c?s=96&d=mm&r=g\",\"contentUrl\":\"https:\/\/secure.gravatar.com\/avatar\/2dce5ddd34b8fef0180efe03aa2a9bee7d953856048f9a16b298190a3178407c?s=96&d=mm&r=g\",\"caption\":\"LA REDACTION\"},\"url\":\"https:\/\/www.public.sn\/index.php\/author\/editeurpsn\/\"}]}<\/script>\n<!-- \/ Yoast SEO plugin. -->","yoast_head_json":{"title":"Affaire Juan Branco: Niogou Lo arr\u00eat\u00e9 - LE PUBLIC","robots":{"index":"index","follow":"follow","max-snippet":"max-snippet:-1","max-image-preview":"max-image-preview:large","max-video-preview":"max-video-preview:-1"},"canonical":"https:\/\/www.public.sn\/index.php\/2023\/08\/21\/affaire-juan-branco-niogou-lo-arrete\/","og_locale":"fr_FR","og_type":"article","og_title":"Affaire Juan Branco: Niogou Lo arr\u00eat\u00e9 - LE PUBLIC","og_description":"Le ministre de l\u2019Int\u00e9rieur, Antoine Diome, avait averti que toutes les personnes impliqu\u00e9es dans l\u2019affaire Me Juan Branco seront traqu\u00e9es, arr\u00eat\u00e9es et mises \u00e0 la disposition de la justice. Apr\u00e8s une premi\u00e8re vague d\u2019arrestations, une deuxi\u00e8me est lanc\u00e9e avec l\u2019arrestation d\u2019un certain Niogou Lo. Selon Seneweb, ce dernier a \u00e9t\u00e9 arr\u00eat\u00e9 par la Section de recherches de Colobane dans la nuit de samedi \u00e0 dimanche. Il pr\u00e9sente le mis en cause proche du maire de Sangalkam, Pape Sow, \u00e9galement envoy\u00e9 en prison dans le cadre de cette affaire. La m\u00eame source explique que Ndiogou Lo aurait momentan\u00e9ment h\u00e9berg\u00e9 l\u2019avocat fran\u00e7ais \u00absur recommandation d\u2019un autre maire\u00bb dont l\u2019identit\u00e9 n\u2019a pas \u00e9t\u00e9 r\u00e9v\u00e9l\u00e9e. Il passera le t\u00e9moin \u00e0 Pape Sow, selon Lib\u00e9ration. Me Juan Branco a s\u00e9journ\u00e9 au S\u00e9n\u00e9gal alors qu\u2019il \u00e9tait sous le coup d\u2019un mandat d\u2019arr\u00eat \u00e9mis par le procureur de la R\u00e9publique. D\u2019apr\u00e8s plusieurs sources concordantes, il \u00e9tait arriv\u00e9 par la Gambie. Apr\u00e8s avoir effectu\u00e9 une br\u00e8ve apparition \u00e0 une conf\u00e9rence de presse des avocats de Ousmane Sonko, Me Branco avait disparu de la circulation, traqu\u00e9 par la police et la gendarmerie. Il sera rattrap\u00e9 en Mauritanie et remis aux autorit\u00e9s s\u00e9n\u00e9galaises.","og_url":"https:\/\/www.public.sn\/index.php\/2023\/08\/21\/affaire-juan-branco-niogou-lo-arrete\/","og_site_name":"LE PUBLIC","article_published_time":"2023-08-21T09:31:07+00:00","og_image":[{"width":640,"height":360,"url":"https:\/\/www.public.sn\/wp-content\/uploads\/2023\/04\/juan-branco1.jpg","type":"image\/jpeg"}],"author":"LA REDACTION","twitter_card":"summary_large_image","twitter_misc":{"\u00c9crit par":"LA REDACTION","Dur\u00e9e de lecture estim\u00e9e":"1 minute"},"schema":{"@context":"https:\/\/schema.org","@graph":[{"@type":"Article","@id":"https:\/\/www.public.sn\/index.php\/2023\/08\/21\/affaire-juan-branco-niogou-lo-arrete\/#article","isPartOf":{"@id":"https:\/\/www.public.sn\/index.php\/2023\/08\/21\/affaire-juan-branco-niogou-lo-arrete\/"},"author":{"name":"LA REDACTION","@id":"https:\/\/www.public.sn\/#\/schema\/person\/cb76c8e1b8becc6be61fb5e92d6d0224"},"headline":"Affaire Juan Branco: Niogou Lo arr\u00eat\u00e9","datePublished":"2023-08-21T09:31:07+00:00","mainEntityOfPage":{"@id":"https:\/\/www.public.sn\/index.php\/2023\/08\/21\/affaire-juan-branco-niogou-lo-arrete\/"},"wordCount":241,"commentCount":0,"publisher":{"@id":"https:\/\/www.public.sn\/#organization"},"image":{"@id":"https:\/\/www.public.sn\/index.php\/2023\/08\/21\/affaire-juan-branco-niogou-lo-arrete\/#primaryimage"},"thumbnailUrl":"https:\/\/www.public.sn\/wp-content\/uploads\/2023\/04\/juan-branco1.jpg","articleSection":["ACTUALIT\u00c9S"],"inLanguage":"fr-FR","potentialAction":[{"@type":"CommentAction","name":"Comment","target":["https:\/\/www.public.sn\/index.php\/2023\/08\/21\/affaire-juan-branco-niogou-lo-arrete\/#respond"]}]},{"@type":"WebPage","@id":"https:\/\/www.public.sn\/index.php\/2023\/08\/21\/affaire-juan-branco-niogou-lo-arrete\/","url":"https:\/\/www.public.sn\/index.php\/2023\/08\/21\/affaire-juan-branco-niogou-lo-arrete\/","name":"Affaire Juan Branco: Niogou Lo arr\u00eat\u00e9 - LE PUBLIC","isPartOf":{"@id":"https:\/\/www.public.sn\/#website"},"primaryImageOfPage":{"@id":"https:\/\/www.public.sn\/index.php\/2023\/08\/21\/affaire-juan-branco-niogou-lo-arrete\/#primaryimage"},"image":{"@id":"https:\/\/www.public.sn\/index.php\/2023\/08\/21\/affaire-juan-branco-niogou-lo-arrete\/#primaryimage"},"thumbnailUrl":"https:\/\/www.public.sn\/wp-content\/uploads\/2023\/04\/juan-branco1.jpg","datePublished":"2023-08-21T09:31:07+00:00","breadcrumb":{"@id":"https:\/\/www.public.sn\/index.php\/2023\/08\/21\/affaire-juan-branco-niogou-lo-arrete\/#breadcrumb"},"inLanguage":"fr-FR","potentialAction":[{"@type":"ReadAction","target":["https:\/\/www.public.sn\/index.php\/2023\/08\/21\/affaire-juan-branco-niogou-lo-arrete\/"]}]},{"@type":"ImageObject","inLanguage":"fr-FR","@id":"https:\/\/www.public.sn\/index.php\/2023\/08\/21\/affaire-juan-branco-niogou-lo-arrete\/#primaryimage","url":"https:\/\/www.public.sn\/wp-content\/uploads\/2023\/04\/juan-branco1.jpg","contentUrl":"https:\/\/www.public.sn\/wp-content\/uploads\/2023\/04\/juan-branco1.jpg","width":640,"height":360},{"@type":"BreadcrumbList","@id":"https:\/\/www.public.sn\/index.php\/2023\/08\/21\/affaire-juan-branco-niogou-lo-arrete\/#breadcrumb","itemListElement":[{"@type":"ListItem","position":1,"name":"Accueil","item":"https:\/\/www.public.sn\/"},{"@type":"ListItem","position":2,"name":"Affaire Juan Branco: Niogou Lo arr\u00eat\u00e9"}]},{"@type":"WebSite","@id":"https:\/\/www.public.sn\/#website","url":"https:\/\/www.public.sn\/","name":"LE PUBLIC","description":"","publisher":{"@id":"https:\/\/www.public.sn\/#organization"},"potentialAction":[{"@type":"SearchAction","target":{"@type":"EntryPoint","urlTemplate":"https:\/\/www.public.sn\/?s={search_term_string}"},"query-input":{"@type":"PropertyValueSpecification","valueRequired":true,"valueName":"search_term_string"}}],"inLanguage":"fr-FR"},{"@type":"Organization","@id":"https:\/\/www.public.sn\/#organization","name":"LE PUBLIC","url":"https:\/\/www.public.sn\/","logo":{"@type":"ImageObject","inLanguage":"fr-FR","@id":"https:\/\/www.public.sn\/#\/schema\/logo\/image\/","url":"https:\/\/www.public.sn\/wp-content\/uploads\/2024\/05\/cropped-LOGO-PUBLIC.SN_.png","contentUrl":"https:\/\/www.public.sn\/wp-content\/uploads\/2024\/05\/cropped-LOGO-PUBLIC.SN_.png","width":682,"height":192,"caption":"LE PUBLIC"},"image":{"@id":"https:\/\/www.public.sn\/#\/schema\/logo\/image\/"}},{"@type":"Person","@id":"https:\/\/www.public.sn\/#\/schema\/person\/cb76c8e1b8becc6be61fb5e92d6d0224","name":"LA REDACTION","image":{"@type":"ImageObject","inLanguage":"fr-FR","@id":"https:\/\/www.public.sn\/#\/schema\/person\/image\/","url":"https:\/\/secure.gravatar.com\/avatar\/2dce5ddd34b8fef0180efe03aa2a9bee7d953856048f9a16b298190a3178407c?s=96&d=mm&r=g","contentUrl":"https:\/\/secure.gravatar.com\/avatar\/2dce5ddd34b8fef0180efe03aa2a9bee7d953856048f9a16b298190a3178407c?s=96&d=mm&r=g","caption":"LA REDACTION"},"url":"https:\/\/www.public.sn\/index.php\/author\/editeurpsn\/"}]}},"jetpack_featured_media_url":"https:\/\/www.public.sn\/wp-content\/uploads\/2023\/04\/juan-branco1.jpg","jetpack_sharing_enabled":true,"_links":{"self":[{"href":"https:\/\/www.public.sn\/index.php\/wp-json\/wp\/v2\/posts\/26346","targetHints":{"allow":["GET"]}}],"collection":[{"href":"https:\/\/www.public.sn\/index.php\/wp-json\/wp\/v2\/posts"}],"about":[{"href":"https:\/\/www.public.sn\/index.php\/wp-json\/wp\/v2\/types\/post"}],"author":[{"embeddable":true,"href":"https:\/\/www.public.sn\/index.php\/wp-json\/wp\/v2\/users\/7"}],"replies":[{"embeddable":true,"href":"https:\/\/www.public.sn\/index.php\/wp-json\/wp\/v2\/comments?post=26346"}],"version-history":[{"count":1,"href":"https:\/\/www.public.sn\/index.php\/wp-json\/wp\/v2\/posts\/26346\/revisions"}],"predecessor-version":[{"id":26347,"href":"https:\/\/www.public.sn\/index.php\/wp-json\/wp\/v2\/posts\/26346\/revisions\/26347"}],"wp:featuredmedia":[{"embeddable":true,"href":"https:\/\/www.public.sn\/index.php\/wp-json\/wp\/v2\/media\/19153"}],"wp:attachment":[{"href":"https:\/\/www.public.sn\/index.php\/wp-json\/wp\/v2\/media?parent=26346"}],"wp:term":[{"taxonomy":"category","embeddable":true,"href":"https:\/\/www.public.sn\/index.php\/wp-json\/wp\/v2\/categories?post=26346"},{"taxonomy":"post_tag","embeddable":true,"href":"https:\/\/www.public.sn\/index.php\/wp-json\/wp\/v2\/tags?post=26346"}],"curies":[{"name":"wp","href":"https:\/\/api.w.org\/{rel}","templated":true}]}}