{"id":2636,"date":"2022-09-23T09:20:46","date_gmt":"2022-09-23T09:20:46","guid":{"rendered":"https:\/\/www.public.sn\/?p=2636"},"modified":"2022-09-23T09:20:47","modified_gmt":"2022-09-23T09:20:47","slug":"macky-sall-et-macron-engagent-des-actions-communes-pour-eviter-les-penuries-alimentaires-en-afrique","status":"publish","type":"post","link":"https:\/\/www.public.sn\/index.php\/2022\/09\/23\/macky-sall-et-macron-engagent-des-actions-communes-pour-eviter-les-penuries-alimentaires-en-afrique\/","title":{"rendered":"Macky Sall et Macron engagent des actions communes pour \u00e9viter les p\u00e9nuries alimentaires en Afrique."},"content":{"rendered":"\n<p>New York, \u00e0 l\u2019occasion d\u2019une s\u00e9ance de travail \u00e9largie aux partenaires impliqu\u00e9s dans le secteur alimentaire, le pr\u00e9sident Macky Sall et son homologue fran\u00e7ais Emmanuel Macron ont engag\u00e9 des actions communes pour \u00e9viter les effets d\u2019une crise alimentaire sur le continent, a annonc\u00e9, jeudi, la Pr\u00e9sidence de la R\u00e9publique.<\/p><div class=\"publi-paragraphe1\" style=\"margin-top: 10px;margin-bottom: 10px;margin-left: auto;margin-right: auto;text-align: center;\" id=\"publi-3668176111\"><div class=\"publi-adlabel\">Publicit\u00e9<\/div><script async src=\"\/\/pagead2.googlesyndication.com\/pagead\/js\/adsbygoogle.js?client=ca-pub-4089586018074219\" crossorigin=\"anonymous\"><\/script><ins class=\"adsbygoogle\" style=\"display:block;\" data-ad-client=\"ca-pub-4089586018074219\" \ndata-ad-slot=\"2087940154\" \ndata-ad-format=\"auto\"><\/ins>\n<script> \n(adsbygoogle = window.adsbygoogle || []).push({}); \n<\/script>\n<\/div>\n\n\n\n<p>Lors d\u2019un sommet mondial sur la s\u00e9curit\u00e9 alimentaire en marge de l\u2019Assembl\u00e9e g\u00e9n\u00e9rale annuelle des Nations unies, les dirigeants ont exig\u00e9 la fin de la guerre en Ukraine tout en discutant des p\u00e9nuries alimentaires, consid\u00e9r\u00e9es comme un facteur cl\u00e9 des conflits et de l\u2019instabilit\u00e9.<\/p>\n\n\n\n<p>Selon les Nations unies, pr\u00e8s d\u2019un cinqui\u00e8me de l\u2019humanit\u00e9 est menac\u00e9 par la pauvret\u00e9 et la faim\u2009: la disponibilit\u00e9 et le co\u00fbt de la nourriture constituent donc un probl\u00e8me urgent qui s\u2019est exacerb\u00e9 depuis le d\u00e9but de l\u2019ann\u00e9e.<\/p>\n<div class=\"publi-apres-le-contenu\" style=\"margin-top: 10px;margin-bottom: 10px;margin-left: auto;margin-right: auto;text-align: center;\" id=\"publi-479307836\"><div class=\"publi-adlabel\">Publicit\u00e9<\/div><script async src=\"\/\/pagead2.googlesyndication.com\/pagead\/js\/adsbygoogle.js?client=ca-pub-4089586018074219\" crossorigin=\"anonymous\"><\/script><ins class=\"adsbygoogle\" style=\"display:block;\" data-ad-client=\"ca-pub-4089586018074219\" \ndata-ad-slot=\"2087940154\" \ndata-ad-format=\"auto\"><\/ins>\n<script> \n(adsbygoogle = window.adsbygoogle || []).push({}); \n<\/script>\n<\/div>","protected":false},"excerpt":{"rendered":"<p>New York, \u00e0 l\u2019occasion d\u2019une s\u00e9ance de travail \u00e9largie aux partenaires impliqu\u00e9s dans le secteur alimentaire, le pr\u00e9sident Macky Sall et son homologue fran\u00e7ais Emmanuel Macron ont engag\u00e9 des actions communes pour \u00e9viter les effets d\u2019une crise alimentaire sur le continent, a annonc\u00e9, jeudi, la Pr\u00e9sidence de la R\u00e9publique. Lors d\u2019un sommet mondial sur la s\u00e9curit\u00e9 alimentaire en marge de l\u2019Assembl\u00e9e g\u00e9n\u00e9rale annuelle des Nations unies, les dirigeants ont exig\u00e9 la fin de la guerre en Ukraine tout en discutant des p\u00e9nuries alimentaires, consid\u00e9r\u00e9es comme un facteur cl\u00e9 des conflits et de l\u2019instabilit\u00e9. Selon les Nations unies, pr\u00e8s d\u2019un cinqui\u00e8me de l\u2019humanit\u00e9 est menac\u00e9 par la pauvret\u00e9 et la faim\u2009: la disponibilit\u00e9 et le co\u00fbt de la nourriture constituent donc un probl\u00e8me urgent qui s\u2019est exacerb\u00e9 depuis le d\u00e9but de l\u2019ann\u00e9e.<\/p>\n","protected":false},"author":1,"featured_media":2637,"comment_status":"open","ping_status":"open","sticky":false,"template":"","format":"standard","meta":{"_jetpack_memberships_contains_paid_content":false,"footnotes":""},"categories":[550],"tags":[134,943,11,942,46,386,944],"class_list":["post-2636","post","type-post","status-publish","format-standard","has-post-thumbnail","hentry","category-afrique-monde","tag-afrique","tag-crise-alimentaire","tag-macky-sall","tag-new-york-2","tag-onu","tag-paix-et-securite","tag-pam","entry","has-media","owp-thumbs-layout-horizontal","owp-btn-normal","owp-tabs-layout-horizontal","has-no-thumbnails","has-product-nav"],"yoast_head":"<!-- This site is optimized with the Yoast SEO plugin v25.5 - https:\/\/yoast.com\/wordpress\/plugins\/seo\/ -->\n<title>Macky Sall et Macron engagent des actions communes pour \u00e9viter les p\u00e9nuries alimentaires en Afrique. - LE PUBLIC<\/title>\n<meta name=\"robots\" content=\"index, follow, max-snippet:-1, max-image-preview:large, max-video-preview:-1\" \/>\n<link rel=\"canonical\" href=\"https:\/\/www.public.sn\/index.php\/2022\/09\/23\/macky-sall-et-macron-engagent-des-actions-communes-pour-eviter-les-penuries-alimentaires-en-afrique\/\" \/>\n<meta property=\"og:locale\" content=\"fr_FR\" \/>\n<meta property=\"og:type\" content=\"article\" \/>\n<meta property=\"og:title\" content=\"Macky Sall et Macron engagent des actions communes pour \u00e9viter les p\u00e9nuries alimentaires en Afrique. - LE PUBLIC\" \/>\n<meta property=\"og:description\" content=\"New York, \u00e0 l\u2019occasion d\u2019une s\u00e9ance de travail \u00e9largie aux partenaires impliqu\u00e9s dans le secteur alimentaire, le pr\u00e9sident Macky Sall et son homologue fran\u00e7ais Emmanuel Macron ont engag\u00e9 des actions communes pour \u00e9viter les effets d\u2019une crise alimentaire sur le continent, a annonc\u00e9, jeudi, la Pr\u00e9sidence de la R\u00e9publique. Lors d\u2019un sommet mondial sur la s\u00e9curit\u00e9 alimentaire en marge de l\u2019Assembl\u00e9e g\u00e9n\u00e9rale annuelle des Nations unies, les dirigeants ont exig\u00e9 la fin de la guerre en Ukraine tout en discutant des p\u00e9nuries alimentaires, consid\u00e9r\u00e9es comme un facteur cl\u00e9 des conflits et de l\u2019instabilit\u00e9. Selon les Nations unies, pr\u00e8s d\u2019un cinqui\u00e8me de l\u2019humanit\u00e9 est menac\u00e9 par la pauvret\u00e9 et la faim\u2009: la disponibilit\u00e9 et le co\u00fbt de la nourriture constituent donc un probl\u00e8me urgent qui s\u2019est exacerb\u00e9 depuis le d\u00e9but de l\u2019ann\u00e9e.\" \/>\n<meta property=\"og:url\" content=\"https:\/\/www.public.sn\/index.php\/2022\/09\/23\/macky-sall-et-macron-engagent-des-actions-communes-pour-eviter-les-penuries-alimentaires-en-afrique\/\" \/>\n<meta property=\"og:site_name\" content=\"LE PUBLIC\" \/>\n<meta property=\"article:published_time\" content=\"2022-09-23T09:20:46+00:00\" \/>\n<meta property=\"article:modified_time\" content=\"2022-09-23T09:20:47+00:00\" \/>\n<meta property=\"og:image\" content=\"https:\/\/www.public.sn\/wp-content\/uploads\/2022\/09\/FFFA6371-4D90-4ABF-94C2-03A8D7814BE1.jpeg\" \/>\n\t<meta property=\"og:image:width\" content=\"1280\" \/>\n\t<meta property=\"og:image:height\" content=\"744\" \/>\n\t<meta property=\"og:image:type\" content=\"image\/jpeg\" \/>\n<meta name=\"author\" content=\"LA REDACTION\" \/>\n<meta name=\"twitter:card\" content=\"summary_large_image\" \/>\n<meta name=\"twitter:label1\" content=\"\u00c9crit par\" \/>\n\t<meta name=\"twitter:data1\" content=\"LA REDACTION\" \/>\n\t<meta name=\"twitter:label2\" content=\"Dur\u00e9e de lecture estim\u00e9e\" \/>\n\t<meta name=\"twitter:data2\" content=\"1 minute\" \/>\n<script type=\"application\/ld+json\" class=\"yoast-schema-graph\">{\"@context\":\"https:\/\/schema.org\",\"@graph\":[{\"@type\":\"Article\",\"@id\":\"https:\/\/www.public.sn\/index.php\/2022\/09\/23\/macky-sall-et-macron-engagent-des-actions-communes-pour-eviter-les-penuries-alimentaires-en-afrique\/#article\",\"isPartOf\":{\"@id\":\"https:\/\/www.public.sn\/index.php\/2022\/09\/23\/macky-sall-et-macron-engagent-des-actions-communes-pour-eviter-les-penuries-alimentaires-en-afrique\/\"},\"author\":{\"name\":\"LA REDACTION\",\"@id\":\"https:\/\/www.public.sn\/#\/schema\/person\/e3f4a11b037d4203902db148f9bc8d5a\"},\"headline\":\"Macky Sall et Macron engagent des actions communes pour \u00e9viter les p\u00e9nuries alimentaires en Afrique.\",\"datePublished\":\"2022-09-23T09:20:46+00:00\",\"dateModified\":\"2022-09-23T09:20:47+00:00\",\"mainEntityOfPage\":{\"@id\":\"https:\/\/www.public.sn\/index.php\/2022\/09\/23\/macky-sall-et-macron-engagent-des-actions-communes-pour-eviter-les-penuries-alimentaires-en-afrique\/\"},\"wordCount\":175,\"commentCount\":0,\"publisher\":{\"@id\":\"https:\/\/www.public.sn\/#organization\"},\"image\":{\"@id\":\"https:\/\/www.public.sn\/index.php\/2022\/09\/23\/macky-sall-et-macron-engagent-des-actions-communes-pour-eviter-les-penuries-alimentaires-en-afrique\/#primaryimage\"},\"thumbnailUrl\":\"https:\/\/www.public.sn\/wp-content\/uploads\/2022\/09\/FFFA6371-4D90-4ABF-94C2-03A8D7814BE1.jpeg\",\"keywords\":[\"Afrique\",\"Crise alimentaire\",\"Macky Sall\",\"New-York\",\"ONU\",\"Paix et S\u00e9curit\u00e9\",\"PAM\"],\"articleSection\":[\"AFRIQUE &amp; MONDE\"],\"inLanguage\":\"fr-FR\",\"potentialAction\":[{\"@type\":\"CommentAction\",\"name\":\"Comment\",\"target\":[\"https:\/\/www.public.sn\/index.php\/2022\/09\/23\/macky-sall-et-macron-engagent-des-actions-communes-pour-eviter-les-penuries-alimentaires-en-afrique\/#respond\"]}]},{\"@type\":\"WebPage\",\"@id\":\"https:\/\/www.public.sn\/index.php\/2022\/09\/23\/macky-sall-et-macron-engagent-des-actions-communes-pour-eviter-les-penuries-alimentaires-en-afrique\/\",\"url\":\"https:\/\/www.public.sn\/index.php\/2022\/09\/23\/macky-sall-et-macron-engagent-des-actions-communes-pour-eviter-les-penuries-alimentaires-en-afrique\/\",\"name\":\"Macky Sall et Macron engagent des actions communes pour \u00e9viter les p\u00e9nuries alimentaires en Afrique. - LE PUBLIC\",\"isPartOf\":{\"@id\":\"https:\/\/www.public.sn\/#website\"},\"primaryImageOfPage\":{\"@id\":\"https:\/\/www.public.sn\/index.php\/2022\/09\/23\/macky-sall-et-macron-engagent-des-actions-communes-pour-eviter-les-penuries-alimentaires-en-afrique\/#primaryimage\"},\"image\":{\"@id\":\"https:\/\/www.public.sn\/index.php\/2022\/09\/23\/macky-sall-et-macron-engagent-des-actions-communes-pour-eviter-les-penuries-alimentaires-en-afrique\/#primaryimage\"},\"thumbnailUrl\":\"https:\/\/www.public.sn\/wp-content\/uploads\/2022\/09\/FFFA6371-4D90-4ABF-94C2-03A8D7814BE1.jpeg\",\"datePublished\":\"2022-09-23T09:20:46+00:00\",\"dateModified\":\"2022-09-23T09:20:47+00:00\",\"breadcrumb\":{\"@id\":\"https:\/\/www.public.sn\/index.php\/2022\/09\/23\/macky-sall-et-macron-engagent-des-actions-communes-pour-eviter-les-penuries-alimentaires-en-afrique\/#breadcrumb\"},\"inLanguage\":\"fr-FR\",\"potentialAction\":[{\"@type\":\"ReadAction\",\"target\":[\"https:\/\/www.public.sn\/index.php\/2022\/09\/23\/macky-sall-et-macron-engagent-des-actions-communes-pour-eviter-les-penuries-alimentaires-en-afrique\/\"]}]},{\"@type\":\"ImageObject\",\"inLanguage\":\"fr-FR\",\"@id\":\"https:\/\/www.public.sn\/index.php\/2022\/09\/23\/macky-sall-et-macron-engagent-des-actions-communes-pour-eviter-les-penuries-alimentaires-en-afrique\/#primaryimage\",\"url\":\"https:\/\/www.public.sn\/wp-content\/uploads\/2022\/09\/FFFA6371-4D90-4ABF-94C2-03A8D7814BE1.jpeg\",\"contentUrl\":\"https:\/\/www.public.sn\/wp-content\/uploads\/2022\/09\/FFFA6371-4D90-4ABF-94C2-03A8D7814BE1.jpeg\",\"width\":1280,\"height\":744},{\"@type\":\"BreadcrumbList\",\"@id\":\"https:\/\/www.public.sn\/index.php\/2022\/09\/23\/macky-sall-et-macron-engagent-des-actions-communes-pour-eviter-les-penuries-alimentaires-en-afrique\/#breadcrumb\",\"itemListElement\":[{\"@type\":\"ListItem\",\"position\":1,\"name\":\"Accueil\",\"item\":\"https:\/\/www.public.sn\/\"},{\"@type\":\"ListItem\",\"position\":2,\"name\":\"Macky Sall et Macron engagent des actions communes pour \u00e9viter les p\u00e9nuries alimentaires en Afrique.\"}]},{\"@type\":\"WebSite\",\"@id\":\"https:\/\/www.public.sn\/#website\",\"url\":\"https:\/\/www.public.sn\/\",\"name\":\"LE PUBLIC\",\"description\":\"\",\"publisher\":{\"@id\":\"https:\/\/www.public.sn\/#organization\"},\"potentialAction\":[{\"@type\":\"SearchAction\",\"target\":{\"@type\":\"EntryPoint\",\"urlTemplate\":\"https:\/\/www.public.sn\/?s={search_term_string}\"},\"query-input\":{\"@type\":\"PropertyValueSpecification\",\"valueRequired\":true,\"valueName\":\"search_term_string\"}}],\"inLanguage\":\"fr-FR\"},{\"@type\":\"Organization\",\"@id\":\"https:\/\/www.public.sn\/#organization\",\"name\":\"LE PUBLIC\",\"url\":\"https:\/\/www.public.sn\/\",\"logo\":{\"@type\":\"ImageObject\",\"inLanguage\":\"fr-FR\",\"@id\":\"https:\/\/www.public.sn\/#\/schema\/logo\/image\/\",\"url\":\"https:\/\/www.public.sn\/wp-content\/uploads\/2024\/05\/cropped-LOGO-PUBLIC.SN_.png\",\"contentUrl\":\"https:\/\/www.public.sn\/wp-content\/uploads\/2024\/05\/cropped-LOGO-PUBLIC.SN_.png\",\"width\":682,\"height\":192,\"caption\":\"LE PUBLIC\"},\"image\":{\"@id\":\"https:\/\/www.public.sn\/#\/schema\/logo\/image\/\"}},{\"@type\":\"Person\",\"@id\":\"https:\/\/www.public.sn\/#\/schema\/person\/e3f4a11b037d4203902db148f9bc8d5a\",\"name\":\"LA REDACTION\",\"image\":{\"@type\":\"ImageObject\",\"inLanguage\":\"fr-FR\",\"@id\":\"https:\/\/www.public.sn\/#\/schema\/person\/image\/\",\"url\":\"https:\/\/secure.gravatar.com\/avatar\/d6c030db45db2883c075085c5d6c6258654a801a93766b49af0b82d4f454e2a5?s=96&d=mm&r=g\",\"contentUrl\":\"https:\/\/secure.gravatar.com\/avatar\/d6c030db45db2883c075085c5d6c6258654a801a93766b49af0b82d4f454e2a5?s=96&d=mm&r=g\",\"caption\":\"LA REDACTION\"},\"sameAs\":[\"http:\/\/www.public.sn\"],\"url\":\"https:\/\/www.public.sn\/index.php\/author\/admin7324\/\"}]}<\/script>\n<!-- \/ Yoast SEO plugin. -->","yoast_head_json":{"title":"Macky Sall et Macron engagent des actions communes pour \u00e9viter les p\u00e9nuries alimentaires en Afrique. - LE PUBLIC","robots":{"index":"index","follow":"follow","max-snippet":"max-snippet:-1","max-image-preview":"max-image-preview:large","max-video-preview":"max-video-preview:-1"},"canonical":"https:\/\/www.public.sn\/index.php\/2022\/09\/23\/macky-sall-et-macron-engagent-des-actions-communes-pour-eviter-les-penuries-alimentaires-en-afrique\/","og_locale":"fr_FR","og_type":"article","og_title":"Macky Sall et Macron engagent des actions communes pour \u00e9viter les p\u00e9nuries alimentaires en Afrique. - LE PUBLIC","og_description":"New York, \u00e0 l\u2019occasion d\u2019une s\u00e9ance de travail \u00e9largie aux partenaires impliqu\u00e9s dans le secteur alimentaire, le pr\u00e9sident Macky Sall et son homologue fran\u00e7ais Emmanuel Macron ont engag\u00e9 des actions communes pour \u00e9viter les effets d\u2019une crise alimentaire sur le continent, a annonc\u00e9, jeudi, la Pr\u00e9sidence de la R\u00e9publique. Lors d\u2019un sommet mondial sur la s\u00e9curit\u00e9 alimentaire en marge de l\u2019Assembl\u00e9e g\u00e9n\u00e9rale annuelle des Nations unies, les dirigeants ont exig\u00e9 la fin de la guerre en Ukraine tout en discutant des p\u00e9nuries alimentaires, consid\u00e9r\u00e9es comme un facteur cl\u00e9 des conflits et de l\u2019instabilit\u00e9. Selon les Nations unies, pr\u00e8s d\u2019un cinqui\u00e8me de l\u2019humanit\u00e9 est menac\u00e9 par la pauvret\u00e9 et la faim\u2009: la disponibilit\u00e9 et le co\u00fbt de la nourriture constituent donc un probl\u00e8me urgent qui s\u2019est exacerb\u00e9 depuis le d\u00e9but de l\u2019ann\u00e9e.","og_url":"https:\/\/www.public.sn\/index.php\/2022\/09\/23\/macky-sall-et-macron-engagent-des-actions-communes-pour-eviter-les-penuries-alimentaires-en-afrique\/","og_site_name":"LE PUBLIC","article_published_time":"2022-09-23T09:20:46+00:00","article_modified_time":"2022-09-23T09:20:47+00:00","og_image":[{"width":1280,"height":744,"url":"https:\/\/www.public.sn\/wp-content\/uploads\/2022\/09\/FFFA6371-4D90-4ABF-94C2-03A8D7814BE1.jpeg","type":"image\/jpeg"}],"author":"LA REDACTION","twitter_card":"summary_large_image","twitter_misc":{"\u00c9crit par":"LA REDACTION","Dur\u00e9e de lecture estim\u00e9e":"1 minute"},"schema":{"@context":"https:\/\/schema.org","@graph":[{"@type":"Article","@id":"https:\/\/www.public.sn\/index.php\/2022\/09\/23\/macky-sall-et-macron-engagent-des-actions-communes-pour-eviter-les-penuries-alimentaires-en-afrique\/#article","isPartOf":{"@id":"https:\/\/www.public.sn\/index.php\/2022\/09\/23\/macky-sall-et-macron-engagent-des-actions-communes-pour-eviter-les-penuries-alimentaires-en-afrique\/"},"author":{"name":"LA REDACTION","@id":"https:\/\/www.public.sn\/#\/schema\/person\/e3f4a11b037d4203902db148f9bc8d5a"},"headline":"Macky Sall et Macron engagent des actions communes pour \u00e9viter les p\u00e9nuries alimentaires en Afrique.","datePublished":"2022-09-23T09:20:46+00:00","dateModified":"2022-09-23T09:20:47+00:00","mainEntityOfPage":{"@id":"https:\/\/www.public.sn\/index.php\/2022\/09\/23\/macky-sall-et-macron-engagent-des-actions-communes-pour-eviter-les-penuries-alimentaires-en-afrique\/"},"wordCount":175,"commentCount":0,"publisher":{"@id":"https:\/\/www.public.sn\/#organization"},"image":{"@id":"https:\/\/www.public.sn\/index.php\/2022\/09\/23\/macky-sall-et-macron-engagent-des-actions-communes-pour-eviter-les-penuries-alimentaires-en-afrique\/#primaryimage"},"thumbnailUrl":"https:\/\/www.public.sn\/wp-content\/uploads\/2022\/09\/FFFA6371-4D90-4ABF-94C2-03A8D7814BE1.jpeg","keywords":["Afrique","Crise alimentaire","Macky Sall","New-York","ONU","Paix et S\u00e9curit\u00e9","PAM"],"articleSection":["AFRIQUE &amp; MONDE"],"inLanguage":"fr-FR","potentialAction":[{"@type":"CommentAction","name":"Comment","target":["https:\/\/www.public.sn\/index.php\/2022\/09\/23\/macky-sall-et-macron-engagent-des-actions-communes-pour-eviter-les-penuries-alimentaires-en-afrique\/#respond"]}]},{"@type":"WebPage","@id":"https:\/\/www.public.sn\/index.php\/2022\/09\/23\/macky-sall-et-macron-engagent-des-actions-communes-pour-eviter-les-penuries-alimentaires-en-afrique\/","url":"https:\/\/www.public.sn\/index.php\/2022\/09\/23\/macky-sall-et-macron-engagent-des-actions-communes-pour-eviter-les-penuries-alimentaires-en-afrique\/","name":"Macky Sall et Macron engagent des actions communes pour \u00e9viter les p\u00e9nuries alimentaires en Afrique. - LE PUBLIC","isPartOf":{"@id":"https:\/\/www.public.sn\/#website"},"primaryImageOfPage":{"@id":"https:\/\/www.public.sn\/index.php\/2022\/09\/23\/macky-sall-et-macron-engagent-des-actions-communes-pour-eviter-les-penuries-alimentaires-en-afrique\/#primaryimage"},"image":{"@id":"https:\/\/www.public.sn\/index.php\/2022\/09\/23\/macky-sall-et-macron-engagent-des-actions-communes-pour-eviter-les-penuries-alimentaires-en-afrique\/#primaryimage"},"thumbnailUrl":"https:\/\/www.public.sn\/wp-content\/uploads\/2022\/09\/FFFA6371-4D90-4ABF-94C2-03A8D7814BE1.jpeg","datePublished":"2022-09-23T09:20:46+00:00","dateModified":"2022-09-23T09:20:47+00:00","breadcrumb":{"@id":"https:\/\/www.public.sn\/index.php\/2022\/09\/23\/macky-sall-et-macron-engagent-des-actions-communes-pour-eviter-les-penuries-alimentaires-en-afrique\/#breadcrumb"},"inLanguage":"fr-FR","potentialAction":[{"@type":"ReadAction","target":["https:\/\/www.public.sn\/index.php\/2022\/09\/23\/macky-sall-et-macron-engagent-des-actions-communes-pour-eviter-les-penuries-alimentaires-en-afrique\/"]}]},{"@type":"ImageObject","inLanguage":"fr-FR","@id":"https:\/\/www.public.sn\/index.php\/2022\/09\/23\/macky-sall-et-macron-engagent-des-actions-communes-pour-eviter-les-penuries-alimentaires-en-afrique\/#primaryimage","url":"https:\/\/www.public.sn\/wp-content\/uploads\/2022\/09\/FFFA6371-4D90-4ABF-94C2-03A8D7814BE1.jpeg","contentUrl":"https:\/\/www.public.sn\/wp-content\/uploads\/2022\/09\/FFFA6371-4D90-4ABF-94C2-03A8D7814BE1.jpeg","width":1280,"height":744},{"@type":"BreadcrumbList","@id":"https:\/\/www.public.sn\/index.php\/2022\/09\/23\/macky-sall-et-macron-engagent-des-actions-communes-pour-eviter-les-penuries-alimentaires-en-afrique\/#breadcrumb","itemListElement":[{"@type":"ListItem","position":1,"name":"Accueil","item":"https:\/\/www.public.sn\/"},{"@type":"ListItem","position":2,"name":"Macky Sall et Macron engagent des actions communes pour \u00e9viter les p\u00e9nuries alimentaires en Afrique."}]},{"@type":"WebSite","@id":"https:\/\/www.public.sn\/#website","url":"https:\/\/www.public.sn\/","name":"LE PUBLIC","description":"","publisher":{"@id":"https:\/\/www.public.sn\/#organization"},"potentialAction":[{"@type":"SearchAction","target":{"@type":"EntryPoint","urlTemplate":"https:\/\/www.public.sn\/?s={search_term_string}"},"query-input":{"@type":"PropertyValueSpecification","valueRequired":true,"valueName":"search_term_string"}}],"inLanguage":"fr-FR"},{"@type":"Organization","@id":"https:\/\/www.public.sn\/#organization","name":"LE PUBLIC","url":"https:\/\/www.public.sn\/","logo":{"@type":"ImageObject","inLanguage":"fr-FR","@id":"https:\/\/www.public.sn\/#\/schema\/logo\/image\/","url":"https:\/\/www.public.sn\/wp-content\/uploads\/2024\/05\/cropped-LOGO-PUBLIC.SN_.png","contentUrl":"https:\/\/www.public.sn\/wp-content\/uploads\/2024\/05\/cropped-LOGO-PUBLIC.SN_.png","width":682,"height":192,"caption":"LE PUBLIC"},"image":{"@id":"https:\/\/www.public.sn\/#\/schema\/logo\/image\/"}},{"@type":"Person","@id":"https:\/\/www.public.sn\/#\/schema\/person\/e3f4a11b037d4203902db148f9bc8d5a","name":"LA REDACTION","image":{"@type":"ImageObject","inLanguage":"fr-FR","@id":"https:\/\/www.public.sn\/#\/schema\/person\/image\/","url":"https:\/\/secure.gravatar.com\/avatar\/d6c030db45db2883c075085c5d6c6258654a801a93766b49af0b82d4f454e2a5?s=96&d=mm&r=g","contentUrl":"https:\/\/secure.gravatar.com\/avatar\/d6c030db45db2883c075085c5d6c6258654a801a93766b49af0b82d4f454e2a5?s=96&d=mm&r=g","caption":"LA REDACTION"},"sameAs":["http:\/\/www.public.sn"],"url":"https:\/\/www.public.sn\/index.php\/author\/admin7324\/"}]}},"jetpack_featured_media_url":"https:\/\/www.public.sn\/wp-content\/uploads\/2022\/09\/FFFA6371-4D90-4ABF-94C2-03A8D7814BE1.jpeg","jetpack_sharing_enabled":true,"_links":{"self":[{"href":"https:\/\/www.public.sn\/index.php\/wp-json\/wp\/v2\/posts\/2636","targetHints":{"allow":["GET"]}}],"collection":[{"href":"https:\/\/www.public.sn\/index.php\/wp-json\/wp\/v2\/posts"}],"about":[{"href":"https:\/\/www.public.sn\/index.php\/wp-json\/wp\/v2\/types\/post"}],"author":[{"embeddable":true,"href":"https:\/\/www.public.sn\/index.php\/wp-json\/wp\/v2\/users\/1"}],"replies":[{"embeddable":true,"href":"https:\/\/www.public.sn\/index.php\/wp-json\/wp\/v2\/comments?post=2636"}],"version-history":[{"count":1,"href":"https:\/\/www.public.sn\/index.php\/wp-json\/wp\/v2\/posts\/2636\/revisions"}],"predecessor-version":[{"id":2638,"href":"https:\/\/www.public.sn\/index.php\/wp-json\/wp\/v2\/posts\/2636\/revisions\/2638"}],"wp:featuredmedia":[{"embeddable":true,"href":"https:\/\/www.public.sn\/index.php\/wp-json\/wp\/v2\/media\/2637"}],"wp:attachment":[{"href":"https:\/\/www.public.sn\/index.php\/wp-json\/wp\/v2\/media?parent=2636"}],"wp:term":[{"taxonomy":"category","embeddable":true,"href":"https:\/\/www.public.sn\/index.php\/wp-json\/wp\/v2\/categories?post=2636"},{"taxonomy":"post_tag","embeddable":true,"href":"https:\/\/www.public.sn\/index.php\/wp-json\/wp\/v2\/tags?post=2636"}],"curies":[{"name":"wp","href":"https:\/\/api.w.org\/{rel}","templated":true}]}}