{"id":2650,"date":"2022-09-23T09:50:06","date_gmt":"2022-09-23T09:50:06","guid":{"rendered":"https:\/\/www.public.sn\/?p=2650"},"modified":"2022-09-23T09:50:07","modified_gmt":"2022-09-23T09:50:07","slug":"cayar-les-populations-portent-plainte-contre-lusine-de-fabrique-dhuile-et-de-farine-barna-senegal-sa","status":"publish","type":"post","link":"https:\/\/www.public.sn\/index.php\/2022\/09\/23\/cayar-les-populations-portent-plainte-contre-lusine-de-fabrique-dhuile-et-de-farine-barna-senegal-sa\/","title":{"rendered":"Cayar: Les populations portent plainte contre l\u2019usine de fabrique d\u2019huile et de farine (Barna\/S\u00e9n\u00e9gal Sa)."},"content":{"rendered":"\n<p>Ma\u00eetre Demba Cir\u00e9 Bathily, avocat des populations regroup\u00e9es au sein du collectif \u00abTaxawou Cayar\u00bb pour d\u00e9noncer le \u00abdanger permanent\u00bb que repr\u00e9sente, dans leur localit\u00e9, l\u2019usine de fabrique d\u2019huile et de farine de poisson Barna\/S\u00e9n\u00e9gal Sa, accus\u00e9e de \u00abfouler aux pieds le respect scrupuleux des proc\u00e9dures environnementales\u00bb, dit d\u00e9tenir \u00abtoutes les preuves du danger que repr\u00e9sente cette entreprise qui ne produit que des nuisances \u00e0 la population\u00bb.&nbsp;<\/p><div class=\"publi-paragraphe1\" style=\"margin-top: 10px;margin-bottom: 10px;margin-left: auto;margin-right: auto;text-align: center;\" id=\"publi-4246213062\"><div class=\"publi-adlabel\">Publicit\u00e9<\/div><script async src=\"\/\/pagead2.googlesyndication.com\/pagead\/js\/adsbygoogle.js?client=ca-pub-4089586018074219\" crossorigin=\"anonymous\"><\/script><ins class=\"adsbygoogle\" style=\"display:block;\" data-ad-client=\"ca-pub-4089586018074219\" \ndata-ad-slot=\"2087940154\" \ndata-ad-format=\"auto\"><\/ins>\n<script> \n(adsbygoogle = window.adsbygoogle || []).push({}); \n<\/script>\n<\/div>\n\n\n\n<p>La robe noire remarque qu\u2019\u00abaujourd\u2019hui, toute l\u2019eau de Cayar est pollu\u00e9e avec des m\u00e9taux lourds, toxiques, et cela donne des maladies\u00bb. Qu\u2019\u00ab\u00e0 Cayar, vous ne pouvez pas respirer du fait de rejets d\u2019odeur malodorante, laquelle s\u2019accompagne aussi de poussi\u00e8re toxique pour les populations\u00bb.&nbsp;<\/p>\n\n\n\n<p>Ma\u00eetre Bathily s\u2019offusque que \u00abcette usine d\u00e9verse ses d\u00e9chets dans la mer et tue la faune aquatique\u00bb, aussi, \u00abelle concurrence les femmes transformatrices et r\u00e9duit \u00e0 n\u00e9ant une activit\u00e9 \u00e9conomique importante\u00bb. Ainsi pour l\u2019avocat, \u00abcette usine, qui \u00e9tait venue avec plein de promesses pour la population mais, finalement, ne profite qu\u2019\u00e0 ses propri\u00e9taires, est en train, quelque part, d\u2019emp\u00eacher toute une communaut\u00e9 qui vivait paisiblement jusque-l\u00e0, de respirer\u00bb.&nbsp;<\/p>\n\n\n\n<p>Surtout il tient \u00e0 faire savoir que \u00abtoutes les autorisations obtenues par l\u2019usine l\u2019ont \u00e9t\u00e9 en violation de la loi, des r\u00e8gles\u00bb, parce que, remarque-t-il, \u00abpersonne n\u2019\u00e9tait l\u00e0 pour s\u2019y opposer convenablement\u00bb&nbsp;<\/p>\n\n\n\n<p>Du fait du \u00abnon-respect du Code de l\u2019environnement\u00bb par l\u2019usine de fabrique d\u2019huile et de farine de poisson Barna\/S\u00e9n\u00e9gal Sa, la population du village traditionnel des p\u00eacheurs, l\u2019une des plus grands centres de p\u00eache du S\u00e9n\u00e9gal, soucieuse de \u00abl\u2019impact socioenvironnemental de Cayar\u00bb, pense qu\u2019\u00abautoriser l\u2019implantation de cette usine \u00e0 Cayar est synonyme d\u2019un \u00absuicide collectif\u00bb orchestr\u00e9 par les autorit\u00e9s\u00bb.&nbsp;<\/p>\n\n\n\n<p>Elle d\u00e9nonce surtout \u00ables eaux us\u00e9es que l\u2019usine d\u00e9verse dans le Lac Mbawane, qui est reli\u00e9 \u00e0 la nappe du forage qui alimente la population riveraine, la situation \u00e9tant aujourd\u2019hui d\u2019autant plus catastrophique que l\u2019eau provenant de ce forage d\u00e9gage une odeur naus\u00e9abonde comme celle des fosses septiques\u00bb.&nbsp;<\/p>\n\n\n\n<p>Le collectif \u00abTaxawou Cayar\u00bb d\u00e9nonce la d\u00e9gradation de l\u2019environnement due aux effets n\u00e9fastes de cette entreprise d\u2019un promoteur \u00e9tranger qui a engag\u00e9, par le biais d\u2019un partenaire s\u00e9n\u00e9galais, la mise en \u0153uvre du projet, avec un investissement de 7 milliards de F Cfa. Aussi d\u2019attirer l\u2019attention sur le fait que \u00able site d\u2019implantation est une zone lotie avec 1134 parcelles \u00e0 usage habitable, d\u2019o\u00f9 une r\u00e9elle menace sur la sant\u00e9 de milliers de gens\u00bb.&nbsp;<\/p>\n\n\n\n<p>Il ne manque pas de remarquer que \u00absur le plan purement \u00e9conomique, avec cette usine, il est clair que les activit\u00e9s de toutes les femmes transformatrices de Cayar, qui font vivre beaucoup de familles d\u2019ici et d\u2019ailleurs, vont \u00e0 jamais dispara\u00eetre, ce qui va occasionner une d\u00e9chirure sociale\u00bb.&nbsp;<\/p>\n<div class=\"publi-apres-le-contenu\" style=\"margin-top: 10px;margin-bottom: 10px;margin-left: auto;margin-right: auto;text-align: center;\" id=\"publi-1658576501\"><div class=\"publi-adlabel\">Publicit\u00e9<\/div><script async src=\"\/\/pagead2.googlesyndication.com\/pagead\/js\/adsbygoogle.js?client=ca-pub-4089586018074219\" crossorigin=\"anonymous\"><\/script><ins class=\"adsbygoogle\" style=\"display:block;\" data-ad-client=\"ca-pub-4089586018074219\" \ndata-ad-slot=\"2087940154\" \ndata-ad-format=\"auto\"><\/ins>\n<script> \n(adsbygoogle = window.adsbygoogle || []).push({}); \n<\/script>\n<\/div>","protected":false},"excerpt":{"rendered":"<p>Ma\u00eetre Demba Cir\u00e9 Bathily, avocat des populations regroup\u00e9es au sein du collectif \u00abTaxawou Cayar\u00bb pour d\u00e9noncer le \u00abdanger permanent\u00bb que repr\u00e9sente, dans leur localit\u00e9, l\u2019usine de fabrique d\u2019huile et de farine de poisson Barna\/S\u00e9n\u00e9gal Sa, accus\u00e9e de \u00abfouler aux pieds le respect scrupuleux des proc\u00e9dures environnementales\u00bb, dit d\u00e9tenir \u00abtoutes les preuves du danger que repr\u00e9sente cette entreprise qui ne produit que des nuisances \u00e0 la population\u00bb.&nbsp; La robe noire remarque qu\u2019\u00abaujourd\u2019hui, toute l\u2019eau de Cayar est pollu\u00e9e avec des m\u00e9taux lourds, toxiques, et cela donne des maladies\u00bb. Qu\u2019\u00ab\u00e0 Cayar, vous ne pouvez pas respirer du fait de rejets d\u2019odeur malodorante, laquelle s\u2019accompagne aussi de poussi\u00e8re toxique pour les populations\u00bb.&nbsp; Ma\u00eetre Bathily s\u2019offusque que \u00abcette usine d\u00e9verse ses d\u00e9chets dans la mer et tue la faune aquatique\u00bb, aussi, \u00abelle concurrence les femmes transformatrices et r\u00e9duit \u00e0 n\u00e9ant une activit\u00e9 \u00e9conomique importante\u00bb. Ainsi pour l\u2019avocat, \u00abcette usine, qui \u00e9tait venue avec plein de promesses pour la population mais, finalement, ne profite qu\u2019\u00e0 ses propri\u00e9taires, est en train, quelque part, d\u2019emp\u00eacher toute une communaut\u00e9 qui vivait paisiblement jusque-l\u00e0, de respirer\u00bb.&nbsp; Surtout il tient \u00e0 faire savoir que \u00abtoutes les autorisations obtenues par l\u2019usine l\u2019ont \u00e9t\u00e9 en violation de la loi, des r\u00e8gles\u00bb, parce que, remarque-t-il, \u00abpersonne n\u2019\u00e9tait l\u00e0 pour s\u2019y opposer convenablement\u00bb&nbsp; Du fait du \u00abnon-respect du Code de l\u2019environnement\u00bb par l\u2019usine de fabrique d\u2019huile et de farine de poisson Barna\/S\u00e9n\u00e9gal Sa, la population du village traditionnel des p\u00eacheurs, l\u2019une des plus grands centres de p\u00eache du S\u00e9n\u00e9gal, soucieuse de \u00abl\u2019impact socioenvironnemental de Cayar\u00bb, pense qu\u2019\u00abautoriser l\u2019implantation de cette usine \u00e0 Cayar est synonyme d\u2019un \u00absuicide collectif\u00bb orchestr\u00e9 par les autorit\u00e9s\u00bb.&nbsp; Elle d\u00e9nonce surtout \u00ables eaux us\u00e9es que l\u2019usine d\u00e9verse dans le Lac Mbawane, qui est reli\u00e9 \u00e0 la nappe du forage qui alimente la population riveraine, la situation \u00e9tant aujourd\u2019hui d\u2019autant plus catastrophique que l\u2019eau provenant de ce forage d\u00e9gage une odeur naus\u00e9abonde comme celle des fosses septiques\u00bb.&nbsp; Le collectif \u00abTaxawou Cayar\u00bb d\u00e9nonce la d\u00e9gradation de l\u2019environnement due aux effets n\u00e9fastes de cette entreprise d\u2019un promoteur \u00e9tranger qui a engag\u00e9, par le biais d\u2019un partenaire s\u00e9n\u00e9galais, la mise en \u0153uvre du projet, avec un investissement de 7 milliards de F Cfa. Aussi d\u2019attirer l\u2019attention sur le fait que \u00able site d\u2019implantation est une zone lotie avec 1134 parcelles \u00e0 usage habitable, d\u2019o\u00f9 une r\u00e9elle menace sur la sant\u00e9 de milliers de gens\u00bb.&nbsp; Il ne manque pas de remarquer que \u00absur le plan purement \u00e9conomique, avec cette usine, il est clair que les activit\u00e9s de toutes les femmes transformatrices de Cayar, qui font vivre beaucoup de familles d\u2019ici et d\u2019ailleurs, vont \u00e0 jamais dispara\u00eetre, ce qui va occasionner une d\u00e9chirure sociale\u00bb.&nbsp;<\/p>\n","protected":false},"author":1,"featured_media":2651,"comment_status":"open","ping_status":"open","sticky":false,"template":"","format":"standard","meta":{"_jetpack_memberships_contains_paid_content":false,"footnotes":""},"categories":[375,4],"tags":[744,954,953,956,11,955],"class_list":["post-2650","post","type-post","status-publish","format-standard","has-post-thumbnail","hentry","category-actualites","category-societe","tag-amadou-ba","tag-barna-senegal-sa","tag-cayar","tag-fabrique-dhuile-et-de-farine","tag-macky-sall","tag-usine","entry","has-media","owp-thumbs-layout-horizontal","owp-btn-normal","owp-tabs-layout-horizontal","has-no-thumbnails","has-product-nav"],"yoast_head":"<!-- This site is optimized with the Yoast SEO plugin v25.5 - https:\/\/yoast.com\/wordpress\/plugins\/seo\/ -->\n<title>Cayar: Les populations portent plainte contre l\u2019usine de fabrique d\u2019huile et de farine (Barna\/S\u00e9n\u00e9gal Sa). - LE PUBLIC<\/title>\n<meta name=\"robots\" content=\"index, follow, max-snippet:-1, max-image-preview:large, max-video-preview:-1\" \/>\n<link rel=\"canonical\" href=\"https:\/\/www.public.sn\/index.php\/2022\/09\/23\/cayar-les-populations-portent-plainte-contre-lusine-de-fabrique-dhuile-et-de-farine-barna-senegal-sa\/\" \/>\n<meta property=\"og:locale\" content=\"fr_FR\" \/>\n<meta property=\"og:type\" content=\"article\" \/>\n<meta property=\"og:title\" content=\"Cayar: Les populations portent plainte contre l\u2019usine de fabrique d\u2019huile et de farine (Barna\/S\u00e9n\u00e9gal Sa). - LE PUBLIC\" \/>\n<meta property=\"og:description\" content=\"Ma\u00eetre Demba Cir\u00e9 Bathily, avocat des populations regroup\u00e9es au sein du collectif \u00abTaxawou Cayar\u00bb pour d\u00e9noncer le \u00abdanger permanent\u00bb que repr\u00e9sente, dans leur localit\u00e9, l\u2019usine de fabrique d\u2019huile et de farine de poisson Barna\/S\u00e9n\u00e9gal Sa, accus\u00e9e de \u00abfouler aux pieds le respect scrupuleux des proc\u00e9dures environnementales\u00bb, dit d\u00e9tenir \u00abtoutes les preuves du danger que repr\u00e9sente cette entreprise qui ne produit que des nuisances \u00e0 la population\u00bb.&nbsp; La robe noire remarque qu\u2019\u00abaujourd\u2019hui, toute l\u2019eau de Cayar est pollu\u00e9e avec des m\u00e9taux lourds, toxiques, et cela donne des maladies\u00bb. Qu\u2019\u00ab\u00e0 Cayar, vous ne pouvez pas respirer du fait de rejets d\u2019odeur malodorante, laquelle s\u2019accompagne aussi de poussi\u00e8re toxique pour les populations\u00bb.&nbsp; Ma\u00eetre Bathily s\u2019offusque que \u00abcette usine d\u00e9verse ses d\u00e9chets dans la mer et tue la faune aquatique\u00bb, aussi, \u00abelle concurrence les femmes transformatrices et r\u00e9duit \u00e0 n\u00e9ant une activit\u00e9 \u00e9conomique importante\u00bb. Ainsi pour l\u2019avocat, \u00abcette usine, qui \u00e9tait venue avec plein de promesses pour la population mais, finalement, ne profite qu\u2019\u00e0 ses propri\u00e9taires, est en train, quelque part, d\u2019emp\u00eacher toute une communaut\u00e9 qui vivait paisiblement jusque-l\u00e0, de respirer\u00bb.&nbsp; Surtout il tient \u00e0 faire savoir que \u00abtoutes les autorisations obtenues par l\u2019usine l\u2019ont \u00e9t\u00e9 en violation de la loi, des r\u00e8gles\u00bb, parce que, remarque-t-il, \u00abpersonne n\u2019\u00e9tait l\u00e0 pour s\u2019y opposer convenablement\u00bb&nbsp; Du fait du \u00abnon-respect du Code de l\u2019environnement\u00bb par l\u2019usine de fabrique d\u2019huile et de farine de poisson Barna\/S\u00e9n\u00e9gal Sa, la population du village traditionnel des p\u00eacheurs, l\u2019une des plus grands centres de p\u00eache du S\u00e9n\u00e9gal, soucieuse de \u00abl\u2019impact socioenvironnemental de Cayar\u00bb, pense qu\u2019\u00abautoriser l\u2019implantation de cette usine \u00e0 Cayar est synonyme d\u2019un \u00absuicide collectif\u00bb orchestr\u00e9 par les autorit\u00e9s\u00bb.&nbsp; Elle d\u00e9nonce surtout \u00ables eaux us\u00e9es que l\u2019usine d\u00e9verse dans le Lac Mbawane, qui est reli\u00e9 \u00e0 la nappe du forage qui alimente la population riveraine, la situation \u00e9tant aujourd\u2019hui d\u2019autant plus catastrophique que l\u2019eau provenant de ce forage d\u00e9gage une odeur naus\u00e9abonde comme celle des fosses septiques\u00bb.&nbsp; Le collectif \u00abTaxawou Cayar\u00bb d\u00e9nonce la d\u00e9gradation de l\u2019environnement due aux effets n\u00e9fastes de cette entreprise d\u2019un promoteur \u00e9tranger qui a engag\u00e9, par le biais d\u2019un partenaire s\u00e9n\u00e9galais, la mise en \u0153uvre du projet, avec un investissement de 7 milliards de F Cfa. Aussi d\u2019attirer l\u2019attention sur le fait que \u00able site d\u2019implantation est une zone lotie avec 1134 parcelles \u00e0 usage habitable, d\u2019o\u00f9 une r\u00e9elle menace sur la sant\u00e9 de milliers de gens\u00bb.&nbsp; Il ne manque pas de remarquer que \u00absur le plan purement \u00e9conomique, avec cette usine, il est clair que les activit\u00e9s de toutes les femmes transformatrices de Cayar, qui font vivre beaucoup de familles d\u2019ici et d\u2019ailleurs, vont \u00e0 jamais dispara\u00eetre, ce qui va occasionner une d\u00e9chirure sociale\u00bb.&nbsp;\" \/>\n<meta property=\"og:url\" content=\"https:\/\/www.public.sn\/index.php\/2022\/09\/23\/cayar-les-populations-portent-plainte-contre-lusine-de-fabrique-dhuile-et-de-farine-barna-senegal-sa\/\" \/>\n<meta property=\"og:site_name\" content=\"LE PUBLIC\" \/>\n<meta property=\"article:published_time\" content=\"2022-09-23T09:50:06+00:00\" \/>\n<meta property=\"article:modified_time\" content=\"2022-09-23T09:50:07+00:00\" \/>\n<meta property=\"og:image\" content=\"https:\/\/www.public.sn\/wp-content\/uploads\/2022\/09\/0193340D-936C-411F-B4D6-9E739FB17331.jpeg\" \/>\n\t<meta property=\"og:image:width\" content=\"1024\" \/>\n\t<meta property=\"og:image:height\" content=\"576\" \/>\n\t<meta property=\"og:image:type\" content=\"image\/jpeg\" \/>\n<meta name=\"author\" content=\"LA REDACTION\" \/>\n<meta name=\"twitter:card\" content=\"summary_large_image\" \/>\n<meta name=\"twitter:label1\" content=\"\u00c9crit par\" \/>\n\t<meta name=\"twitter:data1\" content=\"LA REDACTION\" \/>\n\t<meta name=\"twitter:label2\" content=\"Dur\u00e9e de lecture estim\u00e9e\" \/>\n\t<meta name=\"twitter:data2\" content=\"3 minutes\" \/>\n<script type=\"application\/ld+json\" class=\"yoast-schema-graph\">{\"@context\":\"https:\/\/schema.org\",\"@graph\":[{\"@type\":\"Article\",\"@id\":\"https:\/\/www.public.sn\/index.php\/2022\/09\/23\/cayar-les-populations-portent-plainte-contre-lusine-de-fabrique-dhuile-et-de-farine-barna-senegal-sa\/#article\",\"isPartOf\":{\"@id\":\"https:\/\/www.public.sn\/index.php\/2022\/09\/23\/cayar-les-populations-portent-plainte-contre-lusine-de-fabrique-dhuile-et-de-farine-barna-senegal-sa\/\"},\"author\":{\"name\":\"LA REDACTION\",\"@id\":\"https:\/\/www.public.sn\/#\/schema\/person\/e3f4a11b037d4203902db148f9bc8d5a\"},\"headline\":\"Cayar: Les populations portent plainte contre l\u2019usine de fabrique d\u2019huile et de farine (Barna\/S\u00e9n\u00e9gal Sa).\",\"datePublished\":\"2022-09-23T09:50:06+00:00\",\"dateModified\":\"2022-09-23T09:50:07+00:00\",\"mainEntityOfPage\":{\"@id\":\"https:\/\/www.public.sn\/index.php\/2022\/09\/23\/cayar-les-populations-portent-plainte-contre-lusine-de-fabrique-dhuile-et-de-farine-barna-senegal-sa\/\"},\"wordCount\":536,\"commentCount\":0,\"publisher\":{\"@id\":\"https:\/\/www.public.sn\/#organization\"},\"image\":{\"@id\":\"https:\/\/www.public.sn\/index.php\/2022\/09\/23\/cayar-les-populations-portent-plainte-contre-lusine-de-fabrique-dhuile-et-de-farine-barna-senegal-sa\/#primaryimage\"},\"thumbnailUrl\":\"https:\/\/www.public.sn\/wp-content\/uploads\/2022\/09\/0193340D-936C-411F-B4D6-9E739FB17331.jpeg\",\"keywords\":[\"Amadou Ba\",\"Barna\/S\u00e9n\u00e9gal Sa\",\"Cayar\",\"fabrique d\u2019huile et de farine\",\"Macky Sall\",\"Usine\"],\"articleSection\":[\"ACTUALIT\u00c9S\",\"SOCIETE\"],\"inLanguage\":\"fr-FR\",\"potentialAction\":[{\"@type\":\"CommentAction\",\"name\":\"Comment\",\"target\":[\"https:\/\/www.public.sn\/index.php\/2022\/09\/23\/cayar-les-populations-portent-plainte-contre-lusine-de-fabrique-dhuile-et-de-farine-barna-senegal-sa\/#respond\"]}]},{\"@type\":\"WebPage\",\"@id\":\"https:\/\/www.public.sn\/index.php\/2022\/09\/23\/cayar-les-populations-portent-plainte-contre-lusine-de-fabrique-dhuile-et-de-farine-barna-senegal-sa\/\",\"url\":\"https:\/\/www.public.sn\/index.php\/2022\/09\/23\/cayar-les-populations-portent-plainte-contre-lusine-de-fabrique-dhuile-et-de-farine-barna-senegal-sa\/\",\"name\":\"Cayar: Les populations portent plainte contre l\u2019usine de fabrique d\u2019huile et de farine (Barna\/S\u00e9n\u00e9gal Sa). - LE PUBLIC\",\"isPartOf\":{\"@id\":\"https:\/\/www.public.sn\/#website\"},\"primaryImageOfPage\":{\"@id\":\"https:\/\/www.public.sn\/index.php\/2022\/09\/23\/cayar-les-populations-portent-plainte-contre-lusine-de-fabrique-dhuile-et-de-farine-barna-senegal-sa\/#primaryimage\"},\"image\":{\"@id\":\"https:\/\/www.public.sn\/index.php\/2022\/09\/23\/cayar-les-populations-portent-plainte-contre-lusine-de-fabrique-dhuile-et-de-farine-barna-senegal-sa\/#primaryimage\"},\"thumbnailUrl\":\"https:\/\/www.public.sn\/wp-content\/uploads\/2022\/09\/0193340D-936C-411F-B4D6-9E739FB17331.jpeg\",\"datePublished\":\"2022-09-23T09:50:06+00:00\",\"dateModified\":\"2022-09-23T09:50:07+00:00\",\"breadcrumb\":{\"@id\":\"https:\/\/www.public.sn\/index.php\/2022\/09\/23\/cayar-les-populations-portent-plainte-contre-lusine-de-fabrique-dhuile-et-de-farine-barna-senegal-sa\/#breadcrumb\"},\"inLanguage\":\"fr-FR\",\"potentialAction\":[{\"@type\":\"ReadAction\",\"target\":[\"https:\/\/www.public.sn\/index.php\/2022\/09\/23\/cayar-les-populations-portent-plainte-contre-lusine-de-fabrique-dhuile-et-de-farine-barna-senegal-sa\/\"]}]},{\"@type\":\"ImageObject\",\"inLanguage\":\"fr-FR\",\"@id\":\"https:\/\/www.public.sn\/index.php\/2022\/09\/23\/cayar-les-populations-portent-plainte-contre-lusine-de-fabrique-dhuile-et-de-farine-barna-senegal-sa\/#primaryimage\",\"url\":\"https:\/\/www.public.sn\/wp-content\/uploads\/2022\/09\/0193340D-936C-411F-B4D6-9E739FB17331.jpeg\",\"contentUrl\":\"https:\/\/www.public.sn\/wp-content\/uploads\/2022\/09\/0193340D-936C-411F-B4D6-9E739FB17331.jpeg\",\"width\":1024,\"height\":576},{\"@type\":\"BreadcrumbList\",\"@id\":\"https:\/\/www.public.sn\/index.php\/2022\/09\/23\/cayar-les-populations-portent-plainte-contre-lusine-de-fabrique-dhuile-et-de-farine-barna-senegal-sa\/#breadcrumb\",\"itemListElement\":[{\"@type\":\"ListItem\",\"position\":1,\"name\":\"Accueil\",\"item\":\"https:\/\/www.public.sn\/\"},{\"@type\":\"ListItem\",\"position\":2,\"name\":\"Cayar: Les populations portent plainte contre l\u2019usine de fabrique d\u2019huile et de farine (Barna\/S\u00e9n\u00e9gal Sa).\"}]},{\"@type\":\"WebSite\",\"@id\":\"https:\/\/www.public.sn\/#website\",\"url\":\"https:\/\/www.public.sn\/\",\"name\":\"LE PUBLIC\",\"description\":\"\",\"publisher\":{\"@id\":\"https:\/\/www.public.sn\/#organization\"},\"potentialAction\":[{\"@type\":\"SearchAction\",\"target\":{\"@type\":\"EntryPoint\",\"urlTemplate\":\"https:\/\/www.public.sn\/?s={search_term_string}\"},\"query-input\":{\"@type\":\"PropertyValueSpecification\",\"valueRequired\":true,\"valueName\":\"search_term_string\"}}],\"inLanguage\":\"fr-FR\"},{\"@type\":\"Organization\",\"@id\":\"https:\/\/www.public.sn\/#organization\",\"name\":\"LE PUBLIC\",\"url\":\"https:\/\/www.public.sn\/\",\"logo\":{\"@type\":\"ImageObject\",\"inLanguage\":\"fr-FR\",\"@id\":\"https:\/\/www.public.sn\/#\/schema\/logo\/image\/\",\"url\":\"https:\/\/www.public.sn\/wp-content\/uploads\/2024\/05\/cropped-LOGO-PUBLIC.SN_.png\",\"contentUrl\":\"https:\/\/www.public.sn\/wp-content\/uploads\/2024\/05\/cropped-LOGO-PUBLIC.SN_.png\",\"width\":682,\"height\":192,\"caption\":\"LE PUBLIC\"},\"image\":{\"@id\":\"https:\/\/www.public.sn\/#\/schema\/logo\/image\/\"}},{\"@type\":\"Person\",\"@id\":\"https:\/\/www.public.sn\/#\/schema\/person\/e3f4a11b037d4203902db148f9bc8d5a\",\"name\":\"LA REDACTION\",\"image\":{\"@type\":\"ImageObject\",\"inLanguage\":\"fr-FR\",\"@id\":\"https:\/\/www.public.sn\/#\/schema\/person\/image\/\",\"url\":\"https:\/\/secure.gravatar.com\/avatar\/d6c030db45db2883c075085c5d6c6258654a801a93766b49af0b82d4f454e2a5?s=96&d=mm&r=g\",\"contentUrl\":\"https:\/\/secure.gravatar.com\/avatar\/d6c030db45db2883c075085c5d6c6258654a801a93766b49af0b82d4f454e2a5?s=96&d=mm&r=g\",\"caption\":\"LA REDACTION\"},\"sameAs\":[\"http:\/\/www.public.sn\"],\"url\":\"https:\/\/www.public.sn\/index.php\/author\/admin7324\/\"}]}<\/script>\n<!-- \/ Yoast SEO plugin. -->","yoast_head_json":{"title":"Cayar: Les populations portent plainte contre l\u2019usine de fabrique d\u2019huile et de farine (Barna\/S\u00e9n\u00e9gal Sa). - LE PUBLIC","robots":{"index":"index","follow":"follow","max-snippet":"max-snippet:-1","max-image-preview":"max-image-preview:large","max-video-preview":"max-video-preview:-1"},"canonical":"https:\/\/www.public.sn\/index.php\/2022\/09\/23\/cayar-les-populations-portent-plainte-contre-lusine-de-fabrique-dhuile-et-de-farine-barna-senegal-sa\/","og_locale":"fr_FR","og_type":"article","og_title":"Cayar: Les populations portent plainte contre l\u2019usine de fabrique d\u2019huile et de farine (Barna\/S\u00e9n\u00e9gal Sa). - LE PUBLIC","og_description":"Ma\u00eetre Demba Cir\u00e9 Bathily, avocat des populations regroup\u00e9es au sein du collectif \u00abTaxawou Cayar\u00bb pour d\u00e9noncer le \u00abdanger permanent\u00bb que repr\u00e9sente, dans leur localit\u00e9, l\u2019usine de fabrique d\u2019huile et de farine de poisson Barna\/S\u00e9n\u00e9gal Sa, accus\u00e9e de \u00abfouler aux pieds le respect scrupuleux des proc\u00e9dures environnementales\u00bb, dit d\u00e9tenir \u00abtoutes les preuves du danger que repr\u00e9sente cette entreprise qui ne produit que des nuisances \u00e0 la population\u00bb.&nbsp; La robe noire remarque qu\u2019\u00abaujourd\u2019hui, toute l\u2019eau de Cayar est pollu\u00e9e avec des m\u00e9taux lourds, toxiques, et cela donne des maladies\u00bb. Qu\u2019\u00ab\u00e0 Cayar, vous ne pouvez pas respirer du fait de rejets d\u2019odeur malodorante, laquelle s\u2019accompagne aussi de poussi\u00e8re toxique pour les populations\u00bb.&nbsp; Ma\u00eetre Bathily s\u2019offusque que \u00abcette usine d\u00e9verse ses d\u00e9chets dans la mer et tue la faune aquatique\u00bb, aussi, \u00abelle concurrence les femmes transformatrices et r\u00e9duit \u00e0 n\u00e9ant une activit\u00e9 \u00e9conomique importante\u00bb. Ainsi pour l\u2019avocat, \u00abcette usine, qui \u00e9tait venue avec plein de promesses pour la population mais, finalement, ne profite qu\u2019\u00e0 ses propri\u00e9taires, est en train, quelque part, d\u2019emp\u00eacher toute une communaut\u00e9 qui vivait paisiblement jusque-l\u00e0, de respirer\u00bb.&nbsp; Surtout il tient \u00e0 faire savoir que \u00abtoutes les autorisations obtenues par l\u2019usine l\u2019ont \u00e9t\u00e9 en violation de la loi, des r\u00e8gles\u00bb, parce que, remarque-t-il, \u00abpersonne n\u2019\u00e9tait l\u00e0 pour s\u2019y opposer convenablement\u00bb&nbsp; Du fait du \u00abnon-respect du Code de l\u2019environnement\u00bb par l\u2019usine de fabrique d\u2019huile et de farine de poisson Barna\/S\u00e9n\u00e9gal Sa, la population du village traditionnel des p\u00eacheurs, l\u2019une des plus grands centres de p\u00eache du S\u00e9n\u00e9gal, soucieuse de \u00abl\u2019impact socioenvironnemental de Cayar\u00bb, pense qu\u2019\u00abautoriser l\u2019implantation de cette usine \u00e0 Cayar est synonyme d\u2019un \u00absuicide collectif\u00bb orchestr\u00e9 par les autorit\u00e9s\u00bb.&nbsp; Elle d\u00e9nonce surtout \u00ables eaux us\u00e9es que l\u2019usine d\u00e9verse dans le Lac Mbawane, qui est reli\u00e9 \u00e0 la nappe du forage qui alimente la population riveraine, la situation \u00e9tant aujourd\u2019hui d\u2019autant plus catastrophique que l\u2019eau provenant de ce forage d\u00e9gage une odeur naus\u00e9abonde comme celle des fosses septiques\u00bb.&nbsp; Le collectif \u00abTaxawou Cayar\u00bb d\u00e9nonce la d\u00e9gradation de l\u2019environnement due aux effets n\u00e9fastes de cette entreprise d\u2019un promoteur \u00e9tranger qui a engag\u00e9, par le biais d\u2019un partenaire s\u00e9n\u00e9galais, la mise en \u0153uvre du projet, avec un investissement de 7 milliards de F Cfa. Aussi d\u2019attirer l\u2019attention sur le fait que \u00able site d\u2019implantation est une zone lotie avec 1134 parcelles \u00e0 usage habitable, d\u2019o\u00f9 une r\u00e9elle menace sur la sant\u00e9 de milliers de gens\u00bb.&nbsp; Il ne manque pas de remarquer que \u00absur le plan purement \u00e9conomique, avec cette usine, il est clair que les activit\u00e9s de toutes les femmes transformatrices de Cayar, qui font vivre beaucoup de familles d\u2019ici et d\u2019ailleurs, vont \u00e0 jamais dispara\u00eetre, ce qui va occasionner une d\u00e9chirure sociale\u00bb.&nbsp;","og_url":"https:\/\/www.public.sn\/index.php\/2022\/09\/23\/cayar-les-populations-portent-plainte-contre-lusine-de-fabrique-dhuile-et-de-farine-barna-senegal-sa\/","og_site_name":"LE PUBLIC","article_published_time":"2022-09-23T09:50:06+00:00","article_modified_time":"2022-09-23T09:50:07+00:00","og_image":[{"width":1024,"height":576,"url":"https:\/\/www.public.sn\/wp-content\/uploads\/2022\/09\/0193340D-936C-411F-B4D6-9E739FB17331.jpeg","type":"image\/jpeg"}],"author":"LA REDACTION","twitter_card":"summary_large_image","twitter_misc":{"\u00c9crit par":"LA REDACTION","Dur\u00e9e de lecture estim\u00e9e":"3 minutes"},"schema":{"@context":"https:\/\/schema.org","@graph":[{"@type":"Article","@id":"https:\/\/www.public.sn\/index.php\/2022\/09\/23\/cayar-les-populations-portent-plainte-contre-lusine-de-fabrique-dhuile-et-de-farine-barna-senegal-sa\/#article","isPartOf":{"@id":"https:\/\/www.public.sn\/index.php\/2022\/09\/23\/cayar-les-populations-portent-plainte-contre-lusine-de-fabrique-dhuile-et-de-farine-barna-senegal-sa\/"},"author":{"name":"LA REDACTION","@id":"https:\/\/www.public.sn\/#\/schema\/person\/e3f4a11b037d4203902db148f9bc8d5a"},"headline":"Cayar: Les populations portent plainte contre l\u2019usine de fabrique d\u2019huile et de farine (Barna\/S\u00e9n\u00e9gal Sa).","datePublished":"2022-09-23T09:50:06+00:00","dateModified":"2022-09-23T09:50:07+00:00","mainEntityOfPage":{"@id":"https:\/\/www.public.sn\/index.php\/2022\/09\/23\/cayar-les-populations-portent-plainte-contre-lusine-de-fabrique-dhuile-et-de-farine-barna-senegal-sa\/"},"wordCount":536,"commentCount":0,"publisher":{"@id":"https:\/\/www.public.sn\/#organization"},"image":{"@id":"https:\/\/www.public.sn\/index.php\/2022\/09\/23\/cayar-les-populations-portent-plainte-contre-lusine-de-fabrique-dhuile-et-de-farine-barna-senegal-sa\/#primaryimage"},"thumbnailUrl":"https:\/\/www.public.sn\/wp-content\/uploads\/2022\/09\/0193340D-936C-411F-B4D6-9E739FB17331.jpeg","keywords":["Amadou Ba","Barna\/S\u00e9n\u00e9gal Sa","Cayar","fabrique d\u2019huile et de farine","Macky Sall","Usine"],"articleSection":["ACTUALIT\u00c9S","SOCIETE"],"inLanguage":"fr-FR","potentialAction":[{"@type":"CommentAction","name":"Comment","target":["https:\/\/www.public.sn\/index.php\/2022\/09\/23\/cayar-les-populations-portent-plainte-contre-lusine-de-fabrique-dhuile-et-de-farine-barna-senegal-sa\/#respond"]}]},{"@type":"WebPage","@id":"https:\/\/www.public.sn\/index.php\/2022\/09\/23\/cayar-les-populations-portent-plainte-contre-lusine-de-fabrique-dhuile-et-de-farine-barna-senegal-sa\/","url":"https:\/\/www.public.sn\/index.php\/2022\/09\/23\/cayar-les-populations-portent-plainte-contre-lusine-de-fabrique-dhuile-et-de-farine-barna-senegal-sa\/","name":"Cayar: Les populations portent plainte contre l\u2019usine de fabrique d\u2019huile et de farine (Barna\/S\u00e9n\u00e9gal Sa). - LE PUBLIC","isPartOf":{"@id":"https:\/\/www.public.sn\/#website"},"primaryImageOfPage":{"@id":"https:\/\/www.public.sn\/index.php\/2022\/09\/23\/cayar-les-populations-portent-plainte-contre-lusine-de-fabrique-dhuile-et-de-farine-barna-senegal-sa\/#primaryimage"},"image":{"@id":"https:\/\/www.public.sn\/index.php\/2022\/09\/23\/cayar-les-populations-portent-plainte-contre-lusine-de-fabrique-dhuile-et-de-farine-barna-senegal-sa\/#primaryimage"},"thumbnailUrl":"https:\/\/www.public.sn\/wp-content\/uploads\/2022\/09\/0193340D-936C-411F-B4D6-9E739FB17331.jpeg","datePublished":"2022-09-23T09:50:06+00:00","dateModified":"2022-09-23T09:50:07+00:00","breadcrumb":{"@id":"https:\/\/www.public.sn\/index.php\/2022\/09\/23\/cayar-les-populations-portent-plainte-contre-lusine-de-fabrique-dhuile-et-de-farine-barna-senegal-sa\/#breadcrumb"},"inLanguage":"fr-FR","potentialAction":[{"@type":"ReadAction","target":["https:\/\/www.public.sn\/index.php\/2022\/09\/23\/cayar-les-populations-portent-plainte-contre-lusine-de-fabrique-dhuile-et-de-farine-barna-senegal-sa\/"]}]},{"@type":"ImageObject","inLanguage":"fr-FR","@id":"https:\/\/www.public.sn\/index.php\/2022\/09\/23\/cayar-les-populations-portent-plainte-contre-lusine-de-fabrique-dhuile-et-de-farine-barna-senegal-sa\/#primaryimage","url":"https:\/\/www.public.sn\/wp-content\/uploads\/2022\/09\/0193340D-936C-411F-B4D6-9E739FB17331.jpeg","contentUrl":"https:\/\/www.public.sn\/wp-content\/uploads\/2022\/09\/0193340D-936C-411F-B4D6-9E739FB17331.jpeg","width":1024,"height":576},{"@type":"BreadcrumbList","@id":"https:\/\/www.public.sn\/index.php\/2022\/09\/23\/cayar-les-populations-portent-plainte-contre-lusine-de-fabrique-dhuile-et-de-farine-barna-senegal-sa\/#breadcrumb","itemListElement":[{"@type":"ListItem","position":1,"name":"Accueil","item":"https:\/\/www.public.sn\/"},{"@type":"ListItem","position":2,"name":"Cayar: Les populations portent plainte contre l\u2019usine de fabrique d\u2019huile et de farine (Barna\/S\u00e9n\u00e9gal Sa)."}]},{"@type":"WebSite","@id":"https:\/\/www.public.sn\/#website","url":"https:\/\/www.public.sn\/","name":"LE PUBLIC","description":"","publisher":{"@id":"https:\/\/www.public.sn\/#organization"},"potentialAction":[{"@type":"SearchAction","target":{"@type":"EntryPoint","urlTemplate":"https:\/\/www.public.sn\/?s={search_term_string}"},"query-input":{"@type":"PropertyValueSpecification","valueRequired":true,"valueName":"search_term_string"}}],"inLanguage":"fr-FR"},{"@type":"Organization","@id":"https:\/\/www.public.sn\/#organization","name":"LE PUBLIC","url":"https:\/\/www.public.sn\/","logo":{"@type":"ImageObject","inLanguage":"fr-FR","@id":"https:\/\/www.public.sn\/#\/schema\/logo\/image\/","url":"https:\/\/www.public.sn\/wp-content\/uploads\/2024\/05\/cropped-LOGO-PUBLIC.SN_.png","contentUrl":"https:\/\/www.public.sn\/wp-content\/uploads\/2024\/05\/cropped-LOGO-PUBLIC.SN_.png","width":682,"height":192,"caption":"LE PUBLIC"},"image":{"@id":"https:\/\/www.public.sn\/#\/schema\/logo\/image\/"}},{"@type":"Person","@id":"https:\/\/www.public.sn\/#\/schema\/person\/e3f4a11b037d4203902db148f9bc8d5a","name":"LA REDACTION","image":{"@type":"ImageObject","inLanguage":"fr-FR","@id":"https:\/\/www.public.sn\/#\/schema\/person\/image\/","url":"https:\/\/secure.gravatar.com\/avatar\/d6c030db45db2883c075085c5d6c6258654a801a93766b49af0b82d4f454e2a5?s=96&d=mm&r=g","contentUrl":"https:\/\/secure.gravatar.com\/avatar\/d6c030db45db2883c075085c5d6c6258654a801a93766b49af0b82d4f454e2a5?s=96&d=mm&r=g","caption":"LA REDACTION"},"sameAs":["http:\/\/www.public.sn"],"url":"https:\/\/www.public.sn\/index.php\/author\/admin7324\/"}]}},"jetpack_featured_media_url":"https:\/\/www.public.sn\/wp-content\/uploads\/2022\/09\/0193340D-936C-411F-B4D6-9E739FB17331.jpeg","jetpack_sharing_enabled":true,"_links":{"self":[{"href":"https:\/\/www.public.sn\/index.php\/wp-json\/wp\/v2\/posts\/2650","targetHints":{"allow":["GET"]}}],"collection":[{"href":"https:\/\/www.public.sn\/index.php\/wp-json\/wp\/v2\/posts"}],"about":[{"href":"https:\/\/www.public.sn\/index.php\/wp-json\/wp\/v2\/types\/post"}],"author":[{"embeddable":true,"href":"https:\/\/www.public.sn\/index.php\/wp-json\/wp\/v2\/users\/1"}],"replies":[{"embeddable":true,"href":"https:\/\/www.public.sn\/index.php\/wp-json\/wp\/v2\/comments?post=2650"}],"version-history":[{"count":1,"href":"https:\/\/www.public.sn\/index.php\/wp-json\/wp\/v2\/posts\/2650\/revisions"}],"predecessor-version":[{"id":2652,"href":"https:\/\/www.public.sn\/index.php\/wp-json\/wp\/v2\/posts\/2650\/revisions\/2652"}],"wp:featuredmedia":[{"embeddable":true,"href":"https:\/\/www.public.sn\/index.php\/wp-json\/wp\/v2\/media\/2651"}],"wp:attachment":[{"href":"https:\/\/www.public.sn\/index.php\/wp-json\/wp\/v2\/media?parent=2650"}],"wp:term":[{"taxonomy":"category","embeddable":true,"href":"https:\/\/www.public.sn\/index.php\/wp-json\/wp\/v2\/categories?post=2650"},{"taxonomy":"post_tag","embeddable":true,"href":"https:\/\/www.public.sn\/index.php\/wp-json\/wp\/v2\/tags?post=2650"}],"curies":[{"name":"wp","href":"https:\/\/api.w.org\/{rel}","templated":true}]}}