{"id":2653,"date":"2022-09-23T10:01:34","date_gmt":"2022-09-23T10:01:34","guid":{"rendered":"https:\/\/www.public.sn\/?p=2653"},"modified":"2022-09-23T10:01:37","modified_gmt":"2022-09-23T10:01:37","slug":"gamou-2022-un-projet-de-04-milliards-francs-cfa-execute-a-tivaouane-pour-levacuation-des-eaux-usees-annonce-antoine-felix-diome","status":"publish","type":"post","link":"https:\/\/www.public.sn\/index.php\/2022\/09\/23\/gamou-2022-un-projet-de-04-milliards-francs-cfa-execute-a-tivaouane-pour-levacuation-des-eaux-usees-annonce-antoine-felix-diome\/","title":{"rendered":"Gamou 2022: \u201cUn projet de 04 milliards francs CFA ex\u00e9cut\u00e9 \u00e0 Tivaouane pour l\u2019\u00e9vacuation des eaux us\u00e9es\u201d, annonce Antoine F\u00e9lix Diome."},"content":{"rendered":"\n<p>Apr\u00e8s deux ann\u00e9es de pause impos\u00e9es par la pand\u00e9mie Covid 19, le Gamou de Tivaoune sera c\u00e9l\u00e9br\u00e9 le 8 octobre prochain. En pr\u00e9lude \u00e0 ce grand \u00e9v\u00e9nement religieux, le comit\u00e9 d\u2019organisation du Gamou de Tivaouane a rencontr\u00e9, ce jeudi, le ministre de l\u2019Int\u00e9rieur, Antoine Diome. Ils ont \u00e9chang\u00e9 sur plusieurs points pendant pr\u00e8s de quatre tours d\u2019horloge pour une bonne organisation du Gamou.<\/p><div class=\"publi-paragraphe1\" style=\"margin-top: 10px;margin-bottom: 10px;margin-left: auto;margin-right: auto;text-align: center;\" id=\"publi-858385751\"><div class=\"publi-adlabel\">Publicit\u00e9<\/div><script async src=\"\/\/pagead2.googlesyndication.com\/pagead\/js\/adsbygoogle.js?client=ca-pub-4089586018074219\" crossorigin=\"anonymous\"><\/script><ins class=\"adsbygoogle\" style=\"display:block;\" data-ad-client=\"ca-pub-4089586018074219\" \ndata-ad-slot=\"2087940154\" \ndata-ad-format=\"auto\"><\/ins>\n<script> \n(adsbygoogle = window.adsbygoogle || []).push({}); \n<\/script>\n<\/div>\n\n\n\n<p>Prenant la parole \u00e0 l\u2019issue de cette r\u00e9union, le ministre de l\u2019Int\u00e9rieur a d\u00e9clar\u00e9 : \u201c<em>nous avons \u00e9voqu\u00e9 les questions les plus sensibles allant des domaines de l\u2019\u00e9nergie passant par l\u2019assainissement sans oublier les infrastructures, mais \u00e9galement les domaines tr\u00e8s sensibles du commerce et de l\u2019\u00e9levage. Sur tous ces sujets qui ont \u00e9t\u00e9 abord\u00e9s, des r\u00e9ponses ont \u00e9t\u00e9 apport\u00e9es par rapport aux attentes et pr\u00e9occupations du comit\u00e9 d\u2019organisation\u201d.<\/em><\/p>\n\n\n\n<p>Mais auparavant, indique Antoine Diome, le <em>gouverneur de la r\u00e9gion de Thi\u00e8s a fait le point sur l\u2019\u00e9tat d\u2019ex\u00e9cution des engagements qui ont \u00e9t\u00e9 pris par les services de l\u2019\u00c9tat. \u201cNous nous r\u00e9jouissons du cadre, mais \u00e9galement de la tr\u00e8s bonne ambiance qui ont pr\u00e9valu tout au long de cette r\u00e9union et nous n\u2019en attendions pas moins. Parce que ce comit\u00e9 d\u2019organisation qui travaille sous l\u2019autorit\u00e9 de Serigne Babacar Sy Mansour est venu \u00e0 la rencontre des services de l\u2019\u00c9tat sous ma coordination et en parfaite ex\u00e9cution des instructions de son excellence le pr\u00e9sident de la R\u00e9publique, Macky Sall afin d\u2019arriver \u00e0 un Gamou qui sera organis\u00e9 dans les meilleures conditions possibles<\/em>.\u00a0<\/p>\n\n\n\n<p><em>Nous<\/em> <em>tenons \u00e0 vous remercier et nous vous rassurons que tout ce qui reste \u00e0 \u00eatre fait par rapport \u00e0 ce qui a \u00e9t\u00e9 pris comme engagement le sera dans les meilleures conditions<\/em>\u201d, a rassur\u00e9 le ministre de l\u2019Int\u00e9rieur. Avant de conclure, il a rappel\u00e9 qu\u2019un projet de quatre milliards a \u00e9t\u00e9 ex\u00e9cut\u00e9 \u00e0 Tivaouane pour l\u2019\u00e9vacuation des eaux us\u00e9es.\u00a0<\/p>\n\n\n\n<p>\u201c<em>Ce programme a \u00e9t\u00e9 mis en service en juin 2022. Pour le drainage des eaux pluviales, il y\u2019a des mesures conservatoires \u00e0 hauteur de 500 millions qui ont \u00e9t\u00e9 prises. Je pr\u00e9cise aussi qu\u2019il y\u2019a un compl\u00e9ment qui est pr\u00e9vu pour les eaux pluviales. Et pour les autres domaines, l\u2019Etat fera tout son possible pour r\u00e9pondre favorablement aux attentes du comit\u00e9 d\u2019organisation<\/em>\u201d, a-t-il \u00e9galement soutenu.<\/p>\n<div class=\"publi-apres-le-contenu\" style=\"margin-top: 10px;margin-bottom: 10px;margin-left: auto;margin-right: auto;text-align: center;\" id=\"publi-2259216109\"><div class=\"publi-adlabel\">Publicit\u00e9<\/div><script async src=\"\/\/pagead2.googlesyndication.com\/pagead\/js\/adsbygoogle.js?client=ca-pub-4089586018074219\" crossorigin=\"anonymous\"><\/script><ins class=\"adsbygoogle\" style=\"display:block;\" data-ad-client=\"ca-pub-4089586018074219\" \ndata-ad-slot=\"2087940154\" \ndata-ad-format=\"auto\"><\/ins>\n<script> \n(adsbygoogle = window.adsbygoogle || []).push({}); \n<\/script>\n<\/div>","protected":false},"excerpt":{"rendered":"<p>Apr\u00e8s deux ann\u00e9es de pause impos\u00e9es par la pand\u00e9mie Covid 19, le Gamou de Tivaoune sera c\u00e9l\u00e9br\u00e9 le 8 octobre prochain. En pr\u00e9lude \u00e0 ce grand \u00e9v\u00e9nement religieux, le comit\u00e9 d\u2019organisation du Gamou de Tivaouane a rencontr\u00e9, ce jeudi, le ministre de l\u2019Int\u00e9rieur, Antoine Diome. Ils ont \u00e9chang\u00e9 sur plusieurs points pendant pr\u00e8s de quatre tours d\u2019horloge pour une bonne organisation du Gamou. Prenant la parole \u00e0 l\u2019issue de cette r\u00e9union, le ministre de l\u2019Int\u00e9rieur a d\u00e9clar\u00e9 : \u201cnous avons \u00e9voqu\u00e9 les questions les plus sensibles allant des domaines de l\u2019\u00e9nergie passant par l\u2019assainissement sans oublier les infrastructures, mais \u00e9galement les domaines tr\u00e8s sensibles du commerce et de l\u2019\u00e9levage. Sur tous ces sujets qui ont \u00e9t\u00e9 abord\u00e9s, des r\u00e9ponses ont \u00e9t\u00e9 apport\u00e9es par rapport aux attentes et pr\u00e9occupations du comit\u00e9 d\u2019organisation\u201d. Mais auparavant, indique Antoine Diome, le gouverneur de la r\u00e9gion de Thi\u00e8s a fait le point sur l\u2019\u00e9tat d\u2019ex\u00e9cution des engagements qui ont \u00e9t\u00e9 pris par les services de l\u2019\u00c9tat. \u201cNous nous r\u00e9jouissons du cadre, mais \u00e9galement de la tr\u00e8s bonne ambiance qui ont pr\u00e9valu tout au long de cette r\u00e9union et nous n\u2019en attendions pas moins. Parce que ce comit\u00e9 d\u2019organisation qui travaille sous l\u2019autorit\u00e9 de Serigne Babacar Sy Mansour est venu \u00e0 la rencontre des services de l\u2019\u00c9tat sous ma coordination et en parfaite ex\u00e9cution des instructions de son excellence le pr\u00e9sident de la R\u00e9publique, Macky Sall afin d\u2019arriver \u00e0 un Gamou qui sera organis\u00e9 dans les meilleures conditions possibles.\u00a0 Nous tenons \u00e0 vous remercier et nous vous rassurons que tout ce qui reste \u00e0 \u00eatre fait par rapport \u00e0 ce qui a \u00e9t\u00e9 pris comme engagement le sera dans les meilleures conditions\u201d, a rassur\u00e9 le ministre de l\u2019Int\u00e9rieur. Avant de conclure, il a rappel\u00e9 qu\u2019un projet de quatre milliards a \u00e9t\u00e9 ex\u00e9cut\u00e9 \u00e0 Tivaouane pour l\u2019\u00e9vacuation des eaux us\u00e9es.\u00a0 \u201cCe programme a \u00e9t\u00e9 mis en service en juin 2022. Pour le drainage des eaux pluviales, il y\u2019a des mesures conservatoires \u00e0 hauteur de 500 millions qui ont \u00e9t\u00e9 prises. Je pr\u00e9cise aussi qu\u2019il y\u2019a un compl\u00e9ment qui est pr\u00e9vu pour les eaux pluviales. Et pour les autres domaines, l\u2019Etat fera tout son possible pour r\u00e9pondre favorablement aux attentes du comit\u00e9 d\u2019organisation\u201d, a-t-il \u00e9galement soutenu.<\/p>\n","protected":false},"author":1,"featured_media":2654,"comment_status":"open","ping_status":"open","sticky":false,"template":"","format":"standard","meta":{"_jetpack_memberships_contains_paid_content":false,"footnotes":""},"categories":[1],"tags":[744,256,959,11,960,957],"class_list":["post-2653","post","type-post","status-publish","format-standard","has-post-thumbnail","hentry","category-non-classe","tag-amadou-ba","tag-antoine-felix-diome","tag-gamou","tag-macky-sall","tag-projet-de-letat","tag-tivaouane","entry","has-media","owp-thumbs-layout-horizontal","owp-btn-normal","owp-tabs-layout-horizontal","has-no-thumbnails","has-product-nav"],"yoast_head":"<!-- This site is optimized with the Yoast SEO plugin v25.5 - https:\/\/yoast.com\/wordpress\/plugins\/seo\/ -->\n<title>Gamou 2022: \u201cUn projet de 04 milliards francs CFA ex\u00e9cut\u00e9 \u00e0 Tivaouane pour l\u2019\u00e9vacuation des eaux us\u00e9es\u201d, annonce Antoine F\u00e9lix Diome. - LE PUBLIC<\/title>\n<meta name=\"robots\" content=\"index, follow, max-snippet:-1, max-image-preview:large, max-video-preview:-1\" \/>\n<link rel=\"canonical\" href=\"https:\/\/www.public.sn\/index.php\/2022\/09\/23\/gamou-2022-un-projet-de-04-milliards-francs-cfa-execute-a-tivaouane-pour-levacuation-des-eaux-usees-annonce-antoine-felix-diome\/\" \/>\n<meta property=\"og:locale\" content=\"fr_FR\" \/>\n<meta property=\"og:type\" content=\"article\" \/>\n<meta property=\"og:title\" content=\"Gamou 2022: \u201cUn projet de 04 milliards francs CFA ex\u00e9cut\u00e9 \u00e0 Tivaouane pour l\u2019\u00e9vacuation des eaux us\u00e9es\u201d, annonce Antoine F\u00e9lix Diome. - LE PUBLIC\" \/>\n<meta property=\"og:description\" content=\"Apr\u00e8s deux ann\u00e9es de pause impos\u00e9es par la pand\u00e9mie Covid 19, le Gamou de Tivaoune sera c\u00e9l\u00e9br\u00e9 le 8 octobre prochain. En pr\u00e9lude \u00e0 ce grand \u00e9v\u00e9nement religieux, le comit\u00e9 d\u2019organisation du Gamou de Tivaouane a rencontr\u00e9, ce jeudi, le ministre de l\u2019Int\u00e9rieur, Antoine Diome. Ils ont \u00e9chang\u00e9 sur plusieurs points pendant pr\u00e8s de quatre tours d\u2019horloge pour une bonne organisation du Gamou. Prenant la parole \u00e0 l\u2019issue de cette r\u00e9union, le ministre de l\u2019Int\u00e9rieur a d\u00e9clar\u00e9 : \u201cnous avons \u00e9voqu\u00e9 les questions les plus sensibles allant des domaines de l\u2019\u00e9nergie passant par l\u2019assainissement sans oublier les infrastructures, mais \u00e9galement les domaines tr\u00e8s sensibles du commerce et de l\u2019\u00e9levage. Sur tous ces sujets qui ont \u00e9t\u00e9 abord\u00e9s, des r\u00e9ponses ont \u00e9t\u00e9 apport\u00e9es par rapport aux attentes et pr\u00e9occupations du comit\u00e9 d\u2019organisation\u201d. Mais auparavant, indique Antoine Diome, le gouverneur de la r\u00e9gion de Thi\u00e8s a fait le point sur l\u2019\u00e9tat d\u2019ex\u00e9cution des engagements qui ont \u00e9t\u00e9 pris par les services de l\u2019\u00c9tat. \u201cNous nous r\u00e9jouissons du cadre, mais \u00e9galement de la tr\u00e8s bonne ambiance qui ont pr\u00e9valu tout au long de cette r\u00e9union et nous n\u2019en attendions pas moins. Parce que ce comit\u00e9 d\u2019organisation qui travaille sous l\u2019autorit\u00e9 de Serigne Babacar Sy Mansour est venu \u00e0 la rencontre des services de l\u2019\u00c9tat sous ma coordination et en parfaite ex\u00e9cution des instructions de son excellence le pr\u00e9sident de la R\u00e9publique, Macky Sall afin d\u2019arriver \u00e0 un Gamou qui sera organis\u00e9 dans les meilleures conditions possibles.\u00a0 Nous tenons \u00e0 vous remercier et nous vous rassurons que tout ce qui reste \u00e0 \u00eatre fait par rapport \u00e0 ce qui a \u00e9t\u00e9 pris comme engagement le sera dans les meilleures conditions\u201d, a rassur\u00e9 le ministre de l\u2019Int\u00e9rieur. Avant de conclure, il a rappel\u00e9 qu\u2019un projet de quatre milliards a \u00e9t\u00e9 ex\u00e9cut\u00e9 \u00e0 Tivaouane pour l\u2019\u00e9vacuation des eaux us\u00e9es.\u00a0 \u201cCe programme a \u00e9t\u00e9 mis en service en juin 2022. Pour le drainage des eaux pluviales, il y\u2019a des mesures conservatoires \u00e0 hauteur de 500 millions qui ont \u00e9t\u00e9 prises. Je pr\u00e9cise aussi qu\u2019il y\u2019a un compl\u00e9ment qui est pr\u00e9vu pour les eaux pluviales. Et pour les autres domaines, l\u2019Etat fera tout son possible pour r\u00e9pondre favorablement aux attentes du comit\u00e9 d\u2019organisation\u201d, a-t-il \u00e9galement soutenu.\" \/>\n<meta property=\"og:url\" content=\"https:\/\/www.public.sn\/index.php\/2022\/09\/23\/gamou-2022-un-projet-de-04-milliards-francs-cfa-execute-a-tivaouane-pour-levacuation-des-eaux-usees-annonce-antoine-felix-diome\/\" \/>\n<meta property=\"og:site_name\" content=\"LE PUBLIC\" \/>\n<meta property=\"article:published_time\" content=\"2022-09-23T10:01:34+00:00\" \/>\n<meta property=\"article:modified_time\" content=\"2022-09-23T10:01:37+00:00\" \/>\n<meta property=\"og:image\" content=\"https:\/\/www.public.sn\/wp-content\/uploads\/2022\/09\/5176F22E-F93B-4C23-A684-868B0FA687FC.png\" \/>\n\t<meta property=\"og:image:width\" content=\"755\" \/>\n\t<meta property=\"og:image:height\" content=\"449\" \/>\n\t<meta property=\"og:image:type\" content=\"image\/png\" \/>\n<meta name=\"author\" content=\"LA REDACTION\" \/>\n<meta name=\"twitter:card\" content=\"summary_large_image\" \/>\n<meta name=\"twitter:label1\" content=\"\u00c9crit par\" \/>\n\t<meta name=\"twitter:data1\" content=\"LA REDACTION\" \/>\n\t<meta name=\"twitter:label2\" content=\"Dur\u00e9e de lecture estim\u00e9e\" \/>\n\t<meta name=\"twitter:data2\" content=\"2 minutes\" \/>\n<script type=\"application\/ld+json\" class=\"yoast-schema-graph\">{\"@context\":\"https:\/\/schema.org\",\"@graph\":[{\"@type\":\"Article\",\"@id\":\"https:\/\/www.public.sn\/index.php\/2022\/09\/23\/gamou-2022-un-projet-de-04-milliards-francs-cfa-execute-a-tivaouane-pour-levacuation-des-eaux-usees-annonce-antoine-felix-diome\/#article\",\"isPartOf\":{\"@id\":\"https:\/\/www.public.sn\/index.php\/2022\/09\/23\/gamou-2022-un-projet-de-04-milliards-francs-cfa-execute-a-tivaouane-pour-levacuation-des-eaux-usees-annonce-antoine-felix-diome\/\"},\"author\":{\"name\":\"LA REDACTION\",\"@id\":\"https:\/\/www.public.sn\/#\/schema\/person\/e3f4a11b037d4203902db148f9bc8d5a\"},\"headline\":\"Gamou 2022: \u201cUn projet de 04 milliards francs CFA ex\u00e9cut\u00e9 \u00e0 Tivaouane pour l\u2019\u00e9vacuation des eaux us\u00e9es\u201d, annonce Antoine F\u00e9lix Diome.\",\"datePublished\":\"2022-09-23T10:01:34+00:00\",\"dateModified\":\"2022-09-23T10:01:37+00:00\",\"mainEntityOfPage\":{\"@id\":\"https:\/\/www.public.sn\/index.php\/2022\/09\/23\/gamou-2022-un-projet-de-04-milliards-francs-cfa-execute-a-tivaouane-pour-levacuation-des-eaux-usees-annonce-antoine-felix-diome\/\"},\"wordCount\":436,\"commentCount\":0,\"publisher\":{\"@id\":\"https:\/\/www.public.sn\/#organization\"},\"image\":{\"@id\":\"https:\/\/www.public.sn\/index.php\/2022\/09\/23\/gamou-2022-un-projet-de-04-milliards-francs-cfa-execute-a-tivaouane-pour-levacuation-des-eaux-usees-annonce-antoine-felix-diome\/#primaryimage\"},\"thumbnailUrl\":\"https:\/\/www.public.sn\/wp-content\/uploads\/2022\/09\/5176F22E-F93B-4C23-A684-868B0FA687FC.png\",\"keywords\":[\"Amadou Ba\",\"Antoine F\u00e9lix Diome\",\"Gamou\",\"Macky Sall\",\"Projet de l\u2019\u00c9tat\",\"Tivaouane\"],\"articleSection\":[\"S\u00c9N\u00c9GAL\"],\"inLanguage\":\"fr-FR\",\"potentialAction\":[{\"@type\":\"CommentAction\",\"name\":\"Comment\",\"target\":[\"https:\/\/www.public.sn\/index.php\/2022\/09\/23\/gamou-2022-un-projet-de-04-milliards-francs-cfa-execute-a-tivaouane-pour-levacuation-des-eaux-usees-annonce-antoine-felix-diome\/#respond\"]}]},{\"@type\":\"WebPage\",\"@id\":\"https:\/\/www.public.sn\/index.php\/2022\/09\/23\/gamou-2022-un-projet-de-04-milliards-francs-cfa-execute-a-tivaouane-pour-levacuation-des-eaux-usees-annonce-antoine-felix-diome\/\",\"url\":\"https:\/\/www.public.sn\/index.php\/2022\/09\/23\/gamou-2022-un-projet-de-04-milliards-francs-cfa-execute-a-tivaouane-pour-levacuation-des-eaux-usees-annonce-antoine-felix-diome\/\",\"name\":\"Gamou 2022: \u201cUn projet de 04 milliards francs CFA ex\u00e9cut\u00e9 \u00e0 Tivaouane pour l\u2019\u00e9vacuation des eaux us\u00e9es\u201d, annonce Antoine F\u00e9lix Diome. - LE PUBLIC\",\"isPartOf\":{\"@id\":\"https:\/\/www.public.sn\/#website\"},\"primaryImageOfPage\":{\"@id\":\"https:\/\/www.public.sn\/index.php\/2022\/09\/23\/gamou-2022-un-projet-de-04-milliards-francs-cfa-execute-a-tivaouane-pour-levacuation-des-eaux-usees-annonce-antoine-felix-diome\/#primaryimage\"},\"image\":{\"@id\":\"https:\/\/www.public.sn\/index.php\/2022\/09\/23\/gamou-2022-un-projet-de-04-milliards-francs-cfa-execute-a-tivaouane-pour-levacuation-des-eaux-usees-annonce-antoine-felix-diome\/#primaryimage\"},\"thumbnailUrl\":\"https:\/\/www.public.sn\/wp-content\/uploads\/2022\/09\/5176F22E-F93B-4C23-A684-868B0FA687FC.png\",\"datePublished\":\"2022-09-23T10:01:34+00:00\",\"dateModified\":\"2022-09-23T10:01:37+00:00\",\"breadcrumb\":{\"@id\":\"https:\/\/www.public.sn\/index.php\/2022\/09\/23\/gamou-2022-un-projet-de-04-milliards-francs-cfa-execute-a-tivaouane-pour-levacuation-des-eaux-usees-annonce-antoine-felix-diome\/#breadcrumb\"},\"inLanguage\":\"fr-FR\",\"potentialAction\":[{\"@type\":\"ReadAction\",\"target\":[\"https:\/\/www.public.sn\/index.php\/2022\/09\/23\/gamou-2022-un-projet-de-04-milliards-francs-cfa-execute-a-tivaouane-pour-levacuation-des-eaux-usees-annonce-antoine-felix-diome\/\"]}]},{\"@type\":\"ImageObject\",\"inLanguage\":\"fr-FR\",\"@id\":\"https:\/\/www.public.sn\/index.php\/2022\/09\/23\/gamou-2022-un-projet-de-04-milliards-francs-cfa-execute-a-tivaouane-pour-levacuation-des-eaux-usees-annonce-antoine-felix-diome\/#primaryimage\",\"url\":\"https:\/\/www.public.sn\/wp-content\/uploads\/2022\/09\/5176F22E-F93B-4C23-A684-868B0FA687FC.png\",\"contentUrl\":\"https:\/\/www.public.sn\/wp-content\/uploads\/2022\/09\/5176F22E-F93B-4C23-A684-868B0FA687FC.png\",\"width\":755,\"height\":449},{\"@type\":\"BreadcrumbList\",\"@id\":\"https:\/\/www.public.sn\/index.php\/2022\/09\/23\/gamou-2022-un-projet-de-04-milliards-francs-cfa-execute-a-tivaouane-pour-levacuation-des-eaux-usees-annonce-antoine-felix-diome\/#breadcrumb\",\"itemListElement\":[{\"@type\":\"ListItem\",\"position\":1,\"name\":\"Accueil\",\"item\":\"https:\/\/www.public.sn\/\"},{\"@type\":\"ListItem\",\"position\":2,\"name\":\"Gamou 2022: \u201cUn projet de 04 milliards francs CFA ex\u00e9cut\u00e9 \u00e0 Tivaouane pour l\u2019\u00e9vacuation des eaux us\u00e9es\u201d, annonce Antoine F\u00e9lix Diome.\"}]},{\"@type\":\"WebSite\",\"@id\":\"https:\/\/www.public.sn\/#website\",\"url\":\"https:\/\/www.public.sn\/\",\"name\":\"LE PUBLIC\",\"description\":\"\",\"publisher\":{\"@id\":\"https:\/\/www.public.sn\/#organization\"},\"potentialAction\":[{\"@type\":\"SearchAction\",\"target\":{\"@type\":\"EntryPoint\",\"urlTemplate\":\"https:\/\/www.public.sn\/?s={search_term_string}\"},\"query-input\":{\"@type\":\"PropertyValueSpecification\",\"valueRequired\":true,\"valueName\":\"search_term_string\"}}],\"inLanguage\":\"fr-FR\"},{\"@type\":\"Organization\",\"@id\":\"https:\/\/www.public.sn\/#organization\",\"name\":\"LE PUBLIC\",\"url\":\"https:\/\/www.public.sn\/\",\"logo\":{\"@type\":\"ImageObject\",\"inLanguage\":\"fr-FR\",\"@id\":\"https:\/\/www.public.sn\/#\/schema\/logo\/image\/\",\"url\":\"https:\/\/www.public.sn\/wp-content\/uploads\/2024\/05\/cropped-LOGO-PUBLIC.SN_.png\",\"contentUrl\":\"https:\/\/www.public.sn\/wp-content\/uploads\/2024\/05\/cropped-LOGO-PUBLIC.SN_.png\",\"width\":682,\"height\":192,\"caption\":\"LE PUBLIC\"},\"image\":{\"@id\":\"https:\/\/www.public.sn\/#\/schema\/logo\/image\/\"}},{\"@type\":\"Person\",\"@id\":\"https:\/\/www.public.sn\/#\/schema\/person\/e3f4a11b037d4203902db148f9bc8d5a\",\"name\":\"LA REDACTION\",\"image\":{\"@type\":\"ImageObject\",\"inLanguage\":\"fr-FR\",\"@id\":\"https:\/\/www.public.sn\/#\/schema\/person\/image\/\",\"url\":\"https:\/\/secure.gravatar.com\/avatar\/d6c030db45db2883c075085c5d6c6258654a801a93766b49af0b82d4f454e2a5?s=96&d=mm&r=g\",\"contentUrl\":\"https:\/\/secure.gravatar.com\/avatar\/d6c030db45db2883c075085c5d6c6258654a801a93766b49af0b82d4f454e2a5?s=96&d=mm&r=g\",\"caption\":\"LA REDACTION\"},\"sameAs\":[\"http:\/\/www.public.sn\"],\"url\":\"https:\/\/www.public.sn\/index.php\/author\/admin7324\/\"}]}<\/script>\n<!-- \/ Yoast SEO plugin. -->","yoast_head_json":{"title":"Gamou 2022: \u201cUn projet de 04 milliards francs CFA ex\u00e9cut\u00e9 \u00e0 Tivaouane pour l\u2019\u00e9vacuation des eaux us\u00e9es\u201d, annonce Antoine F\u00e9lix Diome. - LE PUBLIC","robots":{"index":"index","follow":"follow","max-snippet":"max-snippet:-1","max-image-preview":"max-image-preview:large","max-video-preview":"max-video-preview:-1"},"canonical":"https:\/\/www.public.sn\/index.php\/2022\/09\/23\/gamou-2022-un-projet-de-04-milliards-francs-cfa-execute-a-tivaouane-pour-levacuation-des-eaux-usees-annonce-antoine-felix-diome\/","og_locale":"fr_FR","og_type":"article","og_title":"Gamou 2022: \u201cUn projet de 04 milliards francs CFA ex\u00e9cut\u00e9 \u00e0 Tivaouane pour l\u2019\u00e9vacuation des eaux us\u00e9es\u201d, annonce Antoine F\u00e9lix Diome. - LE PUBLIC","og_description":"Apr\u00e8s deux ann\u00e9es de pause impos\u00e9es par la pand\u00e9mie Covid 19, le Gamou de Tivaoune sera c\u00e9l\u00e9br\u00e9 le 8 octobre prochain. En pr\u00e9lude \u00e0 ce grand \u00e9v\u00e9nement religieux, le comit\u00e9 d\u2019organisation du Gamou de Tivaouane a rencontr\u00e9, ce jeudi, le ministre de l\u2019Int\u00e9rieur, Antoine Diome. Ils ont \u00e9chang\u00e9 sur plusieurs points pendant pr\u00e8s de quatre tours d\u2019horloge pour une bonne organisation du Gamou. Prenant la parole \u00e0 l\u2019issue de cette r\u00e9union, le ministre de l\u2019Int\u00e9rieur a d\u00e9clar\u00e9 : \u201cnous avons \u00e9voqu\u00e9 les questions les plus sensibles allant des domaines de l\u2019\u00e9nergie passant par l\u2019assainissement sans oublier les infrastructures, mais \u00e9galement les domaines tr\u00e8s sensibles du commerce et de l\u2019\u00e9levage. Sur tous ces sujets qui ont \u00e9t\u00e9 abord\u00e9s, des r\u00e9ponses ont \u00e9t\u00e9 apport\u00e9es par rapport aux attentes et pr\u00e9occupations du comit\u00e9 d\u2019organisation\u201d. Mais auparavant, indique Antoine Diome, le gouverneur de la r\u00e9gion de Thi\u00e8s a fait le point sur l\u2019\u00e9tat d\u2019ex\u00e9cution des engagements qui ont \u00e9t\u00e9 pris par les services de l\u2019\u00c9tat. \u201cNous nous r\u00e9jouissons du cadre, mais \u00e9galement de la tr\u00e8s bonne ambiance qui ont pr\u00e9valu tout au long de cette r\u00e9union et nous n\u2019en attendions pas moins. Parce que ce comit\u00e9 d\u2019organisation qui travaille sous l\u2019autorit\u00e9 de Serigne Babacar Sy Mansour est venu \u00e0 la rencontre des services de l\u2019\u00c9tat sous ma coordination et en parfaite ex\u00e9cution des instructions de son excellence le pr\u00e9sident de la R\u00e9publique, Macky Sall afin d\u2019arriver \u00e0 un Gamou qui sera organis\u00e9 dans les meilleures conditions possibles.\u00a0 Nous tenons \u00e0 vous remercier et nous vous rassurons que tout ce qui reste \u00e0 \u00eatre fait par rapport \u00e0 ce qui a \u00e9t\u00e9 pris comme engagement le sera dans les meilleures conditions\u201d, a rassur\u00e9 le ministre de l\u2019Int\u00e9rieur. Avant de conclure, il a rappel\u00e9 qu\u2019un projet de quatre milliards a \u00e9t\u00e9 ex\u00e9cut\u00e9 \u00e0 Tivaouane pour l\u2019\u00e9vacuation des eaux us\u00e9es.\u00a0 \u201cCe programme a \u00e9t\u00e9 mis en service en juin 2022. Pour le drainage des eaux pluviales, il y\u2019a des mesures conservatoires \u00e0 hauteur de 500 millions qui ont \u00e9t\u00e9 prises. Je pr\u00e9cise aussi qu\u2019il y\u2019a un compl\u00e9ment qui est pr\u00e9vu pour les eaux pluviales. Et pour les autres domaines, l\u2019Etat fera tout son possible pour r\u00e9pondre favorablement aux attentes du comit\u00e9 d\u2019organisation\u201d, a-t-il \u00e9galement soutenu.","og_url":"https:\/\/www.public.sn\/index.php\/2022\/09\/23\/gamou-2022-un-projet-de-04-milliards-francs-cfa-execute-a-tivaouane-pour-levacuation-des-eaux-usees-annonce-antoine-felix-diome\/","og_site_name":"LE PUBLIC","article_published_time":"2022-09-23T10:01:34+00:00","article_modified_time":"2022-09-23T10:01:37+00:00","og_image":[{"width":755,"height":449,"url":"https:\/\/www.public.sn\/wp-content\/uploads\/2022\/09\/5176F22E-F93B-4C23-A684-868B0FA687FC.png","type":"image\/png"}],"author":"LA REDACTION","twitter_card":"summary_large_image","twitter_misc":{"\u00c9crit par":"LA REDACTION","Dur\u00e9e de lecture estim\u00e9e":"2 minutes"},"schema":{"@context":"https:\/\/schema.org","@graph":[{"@type":"Article","@id":"https:\/\/www.public.sn\/index.php\/2022\/09\/23\/gamou-2022-un-projet-de-04-milliards-francs-cfa-execute-a-tivaouane-pour-levacuation-des-eaux-usees-annonce-antoine-felix-diome\/#article","isPartOf":{"@id":"https:\/\/www.public.sn\/index.php\/2022\/09\/23\/gamou-2022-un-projet-de-04-milliards-francs-cfa-execute-a-tivaouane-pour-levacuation-des-eaux-usees-annonce-antoine-felix-diome\/"},"author":{"name":"LA REDACTION","@id":"https:\/\/www.public.sn\/#\/schema\/person\/e3f4a11b037d4203902db148f9bc8d5a"},"headline":"Gamou 2022: \u201cUn projet de 04 milliards francs CFA ex\u00e9cut\u00e9 \u00e0 Tivaouane pour l\u2019\u00e9vacuation des eaux us\u00e9es\u201d, annonce Antoine F\u00e9lix Diome.","datePublished":"2022-09-23T10:01:34+00:00","dateModified":"2022-09-23T10:01:37+00:00","mainEntityOfPage":{"@id":"https:\/\/www.public.sn\/index.php\/2022\/09\/23\/gamou-2022-un-projet-de-04-milliards-francs-cfa-execute-a-tivaouane-pour-levacuation-des-eaux-usees-annonce-antoine-felix-diome\/"},"wordCount":436,"commentCount":0,"publisher":{"@id":"https:\/\/www.public.sn\/#organization"},"image":{"@id":"https:\/\/www.public.sn\/index.php\/2022\/09\/23\/gamou-2022-un-projet-de-04-milliards-francs-cfa-execute-a-tivaouane-pour-levacuation-des-eaux-usees-annonce-antoine-felix-diome\/#primaryimage"},"thumbnailUrl":"https:\/\/www.public.sn\/wp-content\/uploads\/2022\/09\/5176F22E-F93B-4C23-A684-868B0FA687FC.png","keywords":["Amadou Ba","Antoine F\u00e9lix Diome","Gamou","Macky Sall","Projet de l\u2019\u00c9tat","Tivaouane"],"articleSection":["S\u00c9N\u00c9GAL"],"inLanguage":"fr-FR","potentialAction":[{"@type":"CommentAction","name":"Comment","target":["https:\/\/www.public.sn\/index.php\/2022\/09\/23\/gamou-2022-un-projet-de-04-milliards-francs-cfa-execute-a-tivaouane-pour-levacuation-des-eaux-usees-annonce-antoine-felix-diome\/#respond"]}]},{"@type":"WebPage","@id":"https:\/\/www.public.sn\/index.php\/2022\/09\/23\/gamou-2022-un-projet-de-04-milliards-francs-cfa-execute-a-tivaouane-pour-levacuation-des-eaux-usees-annonce-antoine-felix-diome\/","url":"https:\/\/www.public.sn\/index.php\/2022\/09\/23\/gamou-2022-un-projet-de-04-milliards-francs-cfa-execute-a-tivaouane-pour-levacuation-des-eaux-usees-annonce-antoine-felix-diome\/","name":"Gamou 2022: \u201cUn projet de 04 milliards francs CFA ex\u00e9cut\u00e9 \u00e0 Tivaouane pour l\u2019\u00e9vacuation des eaux us\u00e9es\u201d, annonce Antoine F\u00e9lix Diome. - LE PUBLIC","isPartOf":{"@id":"https:\/\/www.public.sn\/#website"},"primaryImageOfPage":{"@id":"https:\/\/www.public.sn\/index.php\/2022\/09\/23\/gamou-2022-un-projet-de-04-milliards-francs-cfa-execute-a-tivaouane-pour-levacuation-des-eaux-usees-annonce-antoine-felix-diome\/#primaryimage"},"image":{"@id":"https:\/\/www.public.sn\/index.php\/2022\/09\/23\/gamou-2022-un-projet-de-04-milliards-francs-cfa-execute-a-tivaouane-pour-levacuation-des-eaux-usees-annonce-antoine-felix-diome\/#primaryimage"},"thumbnailUrl":"https:\/\/www.public.sn\/wp-content\/uploads\/2022\/09\/5176F22E-F93B-4C23-A684-868B0FA687FC.png","datePublished":"2022-09-23T10:01:34+00:00","dateModified":"2022-09-23T10:01:37+00:00","breadcrumb":{"@id":"https:\/\/www.public.sn\/index.php\/2022\/09\/23\/gamou-2022-un-projet-de-04-milliards-francs-cfa-execute-a-tivaouane-pour-levacuation-des-eaux-usees-annonce-antoine-felix-diome\/#breadcrumb"},"inLanguage":"fr-FR","potentialAction":[{"@type":"ReadAction","target":["https:\/\/www.public.sn\/index.php\/2022\/09\/23\/gamou-2022-un-projet-de-04-milliards-francs-cfa-execute-a-tivaouane-pour-levacuation-des-eaux-usees-annonce-antoine-felix-diome\/"]}]},{"@type":"ImageObject","inLanguage":"fr-FR","@id":"https:\/\/www.public.sn\/index.php\/2022\/09\/23\/gamou-2022-un-projet-de-04-milliards-francs-cfa-execute-a-tivaouane-pour-levacuation-des-eaux-usees-annonce-antoine-felix-diome\/#primaryimage","url":"https:\/\/www.public.sn\/wp-content\/uploads\/2022\/09\/5176F22E-F93B-4C23-A684-868B0FA687FC.png","contentUrl":"https:\/\/www.public.sn\/wp-content\/uploads\/2022\/09\/5176F22E-F93B-4C23-A684-868B0FA687FC.png","width":755,"height":449},{"@type":"BreadcrumbList","@id":"https:\/\/www.public.sn\/index.php\/2022\/09\/23\/gamou-2022-un-projet-de-04-milliards-francs-cfa-execute-a-tivaouane-pour-levacuation-des-eaux-usees-annonce-antoine-felix-diome\/#breadcrumb","itemListElement":[{"@type":"ListItem","position":1,"name":"Accueil","item":"https:\/\/www.public.sn\/"},{"@type":"ListItem","position":2,"name":"Gamou 2022: \u201cUn projet de 04 milliards francs CFA ex\u00e9cut\u00e9 \u00e0 Tivaouane pour l\u2019\u00e9vacuation des eaux us\u00e9es\u201d, annonce Antoine F\u00e9lix Diome."}]},{"@type":"WebSite","@id":"https:\/\/www.public.sn\/#website","url":"https:\/\/www.public.sn\/","name":"LE PUBLIC","description":"","publisher":{"@id":"https:\/\/www.public.sn\/#organization"},"potentialAction":[{"@type":"SearchAction","target":{"@type":"EntryPoint","urlTemplate":"https:\/\/www.public.sn\/?s={search_term_string}"},"query-input":{"@type":"PropertyValueSpecification","valueRequired":true,"valueName":"search_term_string"}}],"inLanguage":"fr-FR"},{"@type":"Organization","@id":"https:\/\/www.public.sn\/#organization","name":"LE PUBLIC","url":"https:\/\/www.public.sn\/","logo":{"@type":"ImageObject","inLanguage":"fr-FR","@id":"https:\/\/www.public.sn\/#\/schema\/logo\/image\/","url":"https:\/\/www.public.sn\/wp-content\/uploads\/2024\/05\/cropped-LOGO-PUBLIC.SN_.png","contentUrl":"https:\/\/www.public.sn\/wp-content\/uploads\/2024\/05\/cropped-LOGO-PUBLIC.SN_.png","width":682,"height":192,"caption":"LE PUBLIC"},"image":{"@id":"https:\/\/www.public.sn\/#\/schema\/logo\/image\/"}},{"@type":"Person","@id":"https:\/\/www.public.sn\/#\/schema\/person\/e3f4a11b037d4203902db148f9bc8d5a","name":"LA REDACTION","image":{"@type":"ImageObject","inLanguage":"fr-FR","@id":"https:\/\/www.public.sn\/#\/schema\/person\/image\/","url":"https:\/\/secure.gravatar.com\/avatar\/d6c030db45db2883c075085c5d6c6258654a801a93766b49af0b82d4f454e2a5?s=96&d=mm&r=g","contentUrl":"https:\/\/secure.gravatar.com\/avatar\/d6c030db45db2883c075085c5d6c6258654a801a93766b49af0b82d4f454e2a5?s=96&d=mm&r=g","caption":"LA REDACTION"},"sameAs":["http:\/\/www.public.sn"],"url":"https:\/\/www.public.sn\/index.php\/author\/admin7324\/"}]}},"jetpack_featured_media_url":"https:\/\/www.public.sn\/wp-content\/uploads\/2022\/09\/5176F22E-F93B-4C23-A684-868B0FA687FC.png","jetpack_sharing_enabled":true,"_links":{"self":[{"href":"https:\/\/www.public.sn\/index.php\/wp-json\/wp\/v2\/posts\/2653","targetHints":{"allow":["GET"]}}],"collection":[{"href":"https:\/\/www.public.sn\/index.php\/wp-json\/wp\/v2\/posts"}],"about":[{"href":"https:\/\/www.public.sn\/index.php\/wp-json\/wp\/v2\/types\/post"}],"author":[{"embeddable":true,"href":"https:\/\/www.public.sn\/index.php\/wp-json\/wp\/v2\/users\/1"}],"replies":[{"embeddable":true,"href":"https:\/\/www.public.sn\/index.php\/wp-json\/wp\/v2\/comments?post=2653"}],"version-history":[{"count":1,"href":"https:\/\/www.public.sn\/index.php\/wp-json\/wp\/v2\/posts\/2653\/revisions"}],"predecessor-version":[{"id":2655,"href":"https:\/\/www.public.sn\/index.php\/wp-json\/wp\/v2\/posts\/2653\/revisions\/2655"}],"wp:featuredmedia":[{"embeddable":true,"href":"https:\/\/www.public.sn\/index.php\/wp-json\/wp\/v2\/media\/2654"}],"wp:attachment":[{"href":"https:\/\/www.public.sn\/index.php\/wp-json\/wp\/v2\/media?parent=2653"}],"wp:term":[{"taxonomy":"category","embeddable":true,"href":"https:\/\/www.public.sn\/index.php\/wp-json\/wp\/v2\/categories?post=2653"},{"taxonomy":"post_tag","embeddable":true,"href":"https:\/\/www.public.sn\/index.php\/wp-json\/wp\/v2\/tags?post=2653"}],"curies":[{"name":"wp","href":"https:\/\/api.w.org\/{rel}","templated":true}]}}