{"id":26567,"date":"2023-08-26T10:19:13","date_gmt":"2023-08-26T10:19:13","guid":{"rendered":"https:\/\/www.public.sn\/?p=26567"},"modified":"2023-08-26T10:19:13","modified_gmt":"2023-08-26T10:19:13","slug":"une-delegation-de-laibd-recue-a-touba","status":"publish","type":"post","link":"https:\/\/www.public.sn\/index.php\/2023\/08\/26\/une-delegation-de-laibd-recue-a-touba\/","title":{"rendered":"Une d\u00e9l\u00e9gation de l\u2019AIBD re\u00e7ue \u00e0 Touba"},"content":{"rendered":"<p>Des pri\u00e8res pour la paix, la stabilit\u00e9 et la r\u00e9ussite des projets du Chef de l&rsquo;Etat notamment dans le domaine de l&rsquo;aviation civile ont \u00e9t\u00e9 formul\u00e9es par le Khalife G\u00e9n\u00e9ral des Mourides Serigne Mountakha Mback\u00e9 qui a re\u00e7u ce vendredi 25 ao\u00fbt 2023, une d\u00e9l\u00e9gation de AIBD SA conduite par le Directeur general, Abdoulaye Dieye.<\/p><div class=\"publi-paragraphe1\" style=\"margin-top: 10px;margin-bottom: 10px;margin-left: auto;margin-right: auto;text-align: center;\" id=\"publi-1532786872\"><div class=\"publi-adlabel\">Publicit\u00e9<\/div><script async src=\"\/\/pagead2.googlesyndication.com\/pagead\/js\/adsbygoogle.js?client=ca-pub-4089586018074219\" crossorigin=\"anonymous\"><\/script><ins class=\"adsbygoogle\" style=\"display:block;\" data-ad-client=\"ca-pub-4089586018074219\" \ndata-ad-slot=\"2087940154\" \ndata-ad-format=\"auto\"><\/ins>\n<script> \n(adsbygoogle = window.adsbygoogle || []).push({}); \n<\/script>\n<\/div>\n<p>\u00ab Je prie qu&rsquo;allah vous donne la force de r\u00e9ussir les projets que le pr\u00e9sident vous a confi\u00e9s. Il vous a fait confiance en vous confiant des responsabilit\u00e9s. Que cette confiance soit nourrie de succ\u00e8s\u00a0\u00bb, a pri\u00e9 Serigne Mountakha Mback\u00e9, Khalife G\u00e9n\u00e9ral des mourides qui a re\u00e7u vendredi une d\u00e9l\u00e9gation de AIBD Sa conduite par le Directeur g\u00e9n\u00e9ral, Abdoulaye Dieye.<\/p>\n<p>Le Khalife General a aussi pri\u00e9 pour la paix, la concorde et la stabilit\u00e9 au Senegal. L&rsquo;audience a eu lieu en pr\u00e9sence de Serigne Khadim Lo Gaydel et des collaborateurs et ainsi que des militants du Directeur G\u00e9n\u00e9ral a remerci\u00e9 le guide religieux pour les pri\u00e8res.<\/p>\n<div class=\"publi-apres-le-contenu\" style=\"margin-top: 10px;margin-bottom: 10px;margin-left: auto;margin-right: auto;text-align: center;\" id=\"publi-1303374779\"><div class=\"publi-adlabel\">Publicit\u00e9<\/div><script async src=\"\/\/pagead2.googlesyndication.com\/pagead\/js\/adsbygoogle.js?client=ca-pub-4089586018074219\" crossorigin=\"anonymous\"><\/script><ins class=\"adsbygoogle\" style=\"display:block;\" data-ad-client=\"ca-pub-4089586018074219\" \ndata-ad-slot=\"2087940154\" \ndata-ad-format=\"auto\"><\/ins>\n<script> \n(adsbygoogle = window.adsbygoogle || []).push({}); \n<\/script>\n<\/div>","protected":false},"excerpt":{"rendered":"<p>Des pri\u00e8res pour la paix, la stabilit\u00e9 et la r\u00e9ussite des projets du Chef de l&rsquo;Etat notamment dans le domaine de l&rsquo;aviation civile ont \u00e9t\u00e9 formul\u00e9es par le Khalife G\u00e9n\u00e9ral des Mourides Serigne Mountakha Mback\u00e9 qui a re\u00e7u ce vendredi 25 ao\u00fbt 2023, une d\u00e9l\u00e9gation de AIBD SA conduite par le Directeur general, Abdoulaye Dieye. \u00ab Je prie qu&rsquo;allah vous donne la force de r\u00e9ussir les projets que le pr\u00e9sident vous a confi\u00e9s. Il vous a fait confiance en vous confiant des responsabilit\u00e9s. Que cette confiance soit nourrie de succ\u00e8s\u00a0\u00bb, a pri\u00e9 Serigne Mountakha Mback\u00e9, Khalife G\u00e9n\u00e9ral des mourides qui a re\u00e7u vendredi une d\u00e9l\u00e9gation de AIBD Sa conduite par le Directeur g\u00e9n\u00e9ral, Abdoulaye Dieye. Le Khalife General a aussi pri\u00e9 pour la paix, la concorde et la stabilit\u00e9 au Senegal. L&rsquo;audience a eu lieu en pr\u00e9sence de Serigne Khadim Lo Gaydel et des collaborateurs et ainsi que des militants du Directeur G\u00e9n\u00e9ral a remerci\u00e9 le guide religieux pour les pri\u00e8res.<\/p>\n","protected":false},"author":7,"featured_media":26568,"comment_status":"open","ping_status":"open","sticky":false,"template":"","format":"standard","meta":{"_jetpack_memberships_contains_paid_content":false,"footnotes":""},"categories":[375],"tags":[],"class_list":["post-26567","post","type-post","status-publish","format-standard","has-post-thumbnail","hentry","category-actualites","entry","has-media","owp-thumbs-layout-horizontal","owp-btn-normal","owp-tabs-layout-horizontal","has-no-thumbnails","has-product-nav"],"yoast_head":"<!-- This site is optimized with the Yoast SEO plugin v25.5 - https:\/\/yoast.com\/wordpress\/plugins\/seo\/ -->\n<title>Une d\u00e9l\u00e9gation de l\u2019AIBD re\u00e7ue \u00e0 Touba - LE PUBLIC<\/title>\n<meta name=\"robots\" content=\"index, follow, max-snippet:-1, max-image-preview:large, max-video-preview:-1\" \/>\n<link rel=\"canonical\" href=\"https:\/\/www.public.sn\/index.php\/2023\/08\/26\/une-delegation-de-laibd-recue-a-touba\/\" \/>\n<meta property=\"og:locale\" content=\"fr_FR\" \/>\n<meta property=\"og:type\" content=\"article\" \/>\n<meta property=\"og:title\" content=\"Une d\u00e9l\u00e9gation de l\u2019AIBD re\u00e7ue \u00e0 Touba - LE PUBLIC\" \/>\n<meta property=\"og:description\" content=\"Des pri\u00e8res pour la paix, la stabilit\u00e9 et la r\u00e9ussite des projets du Chef de l&rsquo;Etat notamment dans le domaine de l&rsquo;aviation civile ont \u00e9t\u00e9 formul\u00e9es par le Khalife G\u00e9n\u00e9ral des Mourides Serigne Mountakha Mback\u00e9 qui a re\u00e7u ce vendredi 25 ao\u00fbt 2023, une d\u00e9l\u00e9gation de AIBD SA conduite par le Directeur general, Abdoulaye Dieye. \u00ab Je prie qu&rsquo;allah vous donne la force de r\u00e9ussir les projets que le pr\u00e9sident vous a confi\u00e9s. Il vous a fait confiance en vous confiant des responsabilit\u00e9s. Que cette confiance soit nourrie de succ\u00e8s\u00a0\u00bb, a pri\u00e9 Serigne Mountakha Mback\u00e9, Khalife G\u00e9n\u00e9ral des mourides qui a re\u00e7u vendredi une d\u00e9l\u00e9gation de AIBD Sa conduite par le Directeur g\u00e9n\u00e9ral, Abdoulaye Dieye. Le Khalife General a aussi pri\u00e9 pour la paix, la concorde et la stabilit\u00e9 au Senegal. L&rsquo;audience a eu lieu en pr\u00e9sence de Serigne Khadim Lo Gaydel et des collaborateurs et ainsi que des militants du Directeur G\u00e9n\u00e9ral a remerci\u00e9 le guide religieux pour les pri\u00e8res.\" \/>\n<meta property=\"og:url\" content=\"https:\/\/www.public.sn\/index.php\/2023\/08\/26\/une-delegation-de-laibd-recue-a-touba\/\" \/>\n<meta property=\"og:site_name\" content=\"LE PUBLIC\" \/>\n<meta property=\"article:published_time\" content=\"2023-08-26T10:19:13+00:00\" \/>\n<meta property=\"og:image\" content=\"https:\/\/www.public.sn\/wp-content\/uploads\/2023\/08\/aibd.jpeg\" \/>\n\t<meta property=\"og:image:width\" content=\"1280\" \/>\n\t<meta property=\"og:image:height\" content=\"778\" \/>\n\t<meta property=\"og:image:type\" content=\"image\/jpeg\" \/>\n<meta name=\"author\" content=\"LA REDACTION\" \/>\n<meta name=\"twitter:card\" content=\"summary_large_image\" \/>\n<meta name=\"twitter:label1\" content=\"\u00c9crit par\" \/>\n\t<meta name=\"twitter:data1\" content=\"LA REDACTION\" \/>\n\t<meta name=\"twitter:label2\" content=\"Dur\u00e9e de lecture estim\u00e9e\" \/>\n\t<meta name=\"twitter:data2\" content=\"1 minute\" \/>\n<script type=\"application\/ld+json\" class=\"yoast-schema-graph\">{\"@context\":\"https:\/\/schema.org\",\"@graph\":[{\"@type\":\"Article\",\"@id\":\"https:\/\/www.public.sn\/index.php\/2023\/08\/26\/une-delegation-de-laibd-recue-a-touba\/#article\",\"isPartOf\":{\"@id\":\"https:\/\/www.public.sn\/index.php\/2023\/08\/26\/une-delegation-de-laibd-recue-a-touba\/\"},\"author\":{\"name\":\"LA REDACTION\",\"@id\":\"https:\/\/www.public.sn\/#\/schema\/person\/cb76c8e1b8becc6be61fb5e92d6d0224\"},\"headline\":\"Une d\u00e9l\u00e9gation de l\u2019AIBD re\u00e7ue \u00e0 Touba\",\"datePublished\":\"2023-08-26T10:19:13+00:00\",\"mainEntityOfPage\":{\"@id\":\"https:\/\/www.public.sn\/index.php\/2023\/08\/26\/une-delegation-de-laibd-recue-a-touba\/\"},\"wordCount\":193,\"commentCount\":0,\"publisher\":{\"@id\":\"https:\/\/www.public.sn\/#organization\"},\"image\":{\"@id\":\"https:\/\/www.public.sn\/index.php\/2023\/08\/26\/une-delegation-de-laibd-recue-a-touba\/#primaryimage\"},\"thumbnailUrl\":\"https:\/\/www.public.sn\/wp-content\/uploads\/2023\/08\/aibd.jpeg\",\"articleSection\":[\"ACTUALIT\u00c9S\"],\"inLanguage\":\"fr-FR\",\"potentialAction\":[{\"@type\":\"CommentAction\",\"name\":\"Comment\",\"target\":[\"https:\/\/www.public.sn\/index.php\/2023\/08\/26\/une-delegation-de-laibd-recue-a-touba\/#respond\"]}]},{\"@type\":\"WebPage\",\"@id\":\"https:\/\/www.public.sn\/index.php\/2023\/08\/26\/une-delegation-de-laibd-recue-a-touba\/\",\"url\":\"https:\/\/www.public.sn\/index.php\/2023\/08\/26\/une-delegation-de-laibd-recue-a-touba\/\",\"name\":\"Une d\u00e9l\u00e9gation de l\u2019AIBD re\u00e7ue \u00e0 Touba - LE PUBLIC\",\"isPartOf\":{\"@id\":\"https:\/\/www.public.sn\/#website\"},\"primaryImageOfPage\":{\"@id\":\"https:\/\/www.public.sn\/index.php\/2023\/08\/26\/une-delegation-de-laibd-recue-a-touba\/#primaryimage\"},\"image\":{\"@id\":\"https:\/\/www.public.sn\/index.php\/2023\/08\/26\/une-delegation-de-laibd-recue-a-touba\/#primaryimage\"},\"thumbnailUrl\":\"https:\/\/www.public.sn\/wp-content\/uploads\/2023\/08\/aibd.jpeg\",\"datePublished\":\"2023-08-26T10:19:13+00:00\",\"breadcrumb\":{\"@id\":\"https:\/\/www.public.sn\/index.php\/2023\/08\/26\/une-delegation-de-laibd-recue-a-touba\/#breadcrumb\"},\"inLanguage\":\"fr-FR\",\"potentialAction\":[{\"@type\":\"ReadAction\",\"target\":[\"https:\/\/www.public.sn\/index.php\/2023\/08\/26\/une-delegation-de-laibd-recue-a-touba\/\"]}]},{\"@type\":\"ImageObject\",\"inLanguage\":\"fr-FR\",\"@id\":\"https:\/\/www.public.sn\/index.php\/2023\/08\/26\/une-delegation-de-laibd-recue-a-touba\/#primaryimage\",\"url\":\"https:\/\/www.public.sn\/wp-content\/uploads\/2023\/08\/aibd.jpeg\",\"contentUrl\":\"https:\/\/www.public.sn\/wp-content\/uploads\/2023\/08\/aibd.jpeg\",\"width\":1280,\"height\":778},{\"@type\":\"BreadcrumbList\",\"@id\":\"https:\/\/www.public.sn\/index.php\/2023\/08\/26\/une-delegation-de-laibd-recue-a-touba\/#breadcrumb\",\"itemListElement\":[{\"@type\":\"ListItem\",\"position\":1,\"name\":\"Accueil\",\"item\":\"https:\/\/www.public.sn\/\"},{\"@type\":\"ListItem\",\"position\":2,\"name\":\"Une d\u00e9l\u00e9gation de l\u2019AIBD re\u00e7ue \u00e0 Touba\"}]},{\"@type\":\"WebSite\",\"@id\":\"https:\/\/www.public.sn\/#website\",\"url\":\"https:\/\/www.public.sn\/\",\"name\":\"LE PUBLIC\",\"description\":\"\",\"publisher\":{\"@id\":\"https:\/\/www.public.sn\/#organization\"},\"potentialAction\":[{\"@type\":\"SearchAction\",\"target\":{\"@type\":\"EntryPoint\",\"urlTemplate\":\"https:\/\/www.public.sn\/?s={search_term_string}\"},\"query-input\":{\"@type\":\"PropertyValueSpecification\",\"valueRequired\":true,\"valueName\":\"search_term_string\"}}],\"inLanguage\":\"fr-FR\"},{\"@type\":\"Organization\",\"@id\":\"https:\/\/www.public.sn\/#organization\",\"name\":\"LE PUBLIC\",\"url\":\"https:\/\/www.public.sn\/\",\"logo\":{\"@type\":\"ImageObject\",\"inLanguage\":\"fr-FR\",\"@id\":\"https:\/\/www.public.sn\/#\/schema\/logo\/image\/\",\"url\":\"https:\/\/www.public.sn\/wp-content\/uploads\/2024\/05\/cropped-LOGO-PUBLIC.SN_.png\",\"contentUrl\":\"https:\/\/www.public.sn\/wp-content\/uploads\/2024\/05\/cropped-LOGO-PUBLIC.SN_.png\",\"width\":682,\"height\":192,\"caption\":\"LE PUBLIC\"},\"image\":{\"@id\":\"https:\/\/www.public.sn\/#\/schema\/logo\/image\/\"}},{\"@type\":\"Person\",\"@id\":\"https:\/\/www.public.sn\/#\/schema\/person\/cb76c8e1b8becc6be61fb5e92d6d0224\",\"name\":\"LA REDACTION\",\"image\":{\"@type\":\"ImageObject\",\"inLanguage\":\"fr-FR\",\"@id\":\"https:\/\/www.public.sn\/#\/schema\/person\/image\/\",\"url\":\"https:\/\/secure.gravatar.com\/avatar\/2dce5ddd34b8fef0180efe03aa2a9bee7d953856048f9a16b298190a3178407c?s=96&d=mm&r=g\",\"contentUrl\":\"https:\/\/secure.gravatar.com\/avatar\/2dce5ddd34b8fef0180efe03aa2a9bee7d953856048f9a16b298190a3178407c?s=96&d=mm&r=g\",\"caption\":\"LA REDACTION\"},\"url\":\"https:\/\/www.public.sn\/index.php\/author\/editeurpsn\/\"}]}<\/script>\n<!-- \/ Yoast SEO plugin. -->","yoast_head_json":{"title":"Une d\u00e9l\u00e9gation de l\u2019AIBD re\u00e7ue \u00e0 Touba - LE PUBLIC","robots":{"index":"index","follow":"follow","max-snippet":"max-snippet:-1","max-image-preview":"max-image-preview:large","max-video-preview":"max-video-preview:-1"},"canonical":"https:\/\/www.public.sn\/index.php\/2023\/08\/26\/une-delegation-de-laibd-recue-a-touba\/","og_locale":"fr_FR","og_type":"article","og_title":"Une d\u00e9l\u00e9gation de l\u2019AIBD re\u00e7ue \u00e0 Touba - LE PUBLIC","og_description":"Des pri\u00e8res pour la paix, la stabilit\u00e9 et la r\u00e9ussite des projets du Chef de l&rsquo;Etat notamment dans le domaine de l&rsquo;aviation civile ont \u00e9t\u00e9 formul\u00e9es par le Khalife G\u00e9n\u00e9ral des Mourides Serigne Mountakha Mback\u00e9 qui a re\u00e7u ce vendredi 25 ao\u00fbt 2023, une d\u00e9l\u00e9gation de AIBD SA conduite par le Directeur general, Abdoulaye Dieye. \u00ab Je prie qu&rsquo;allah vous donne la force de r\u00e9ussir les projets que le pr\u00e9sident vous a confi\u00e9s. Il vous a fait confiance en vous confiant des responsabilit\u00e9s. Que cette confiance soit nourrie de succ\u00e8s\u00a0\u00bb, a pri\u00e9 Serigne Mountakha Mback\u00e9, Khalife G\u00e9n\u00e9ral des mourides qui a re\u00e7u vendredi une d\u00e9l\u00e9gation de AIBD Sa conduite par le Directeur g\u00e9n\u00e9ral, Abdoulaye Dieye. Le Khalife General a aussi pri\u00e9 pour la paix, la concorde et la stabilit\u00e9 au Senegal. L&rsquo;audience a eu lieu en pr\u00e9sence de Serigne Khadim Lo Gaydel et des collaborateurs et ainsi que des militants du Directeur G\u00e9n\u00e9ral a remerci\u00e9 le guide religieux pour les pri\u00e8res.","og_url":"https:\/\/www.public.sn\/index.php\/2023\/08\/26\/une-delegation-de-laibd-recue-a-touba\/","og_site_name":"LE PUBLIC","article_published_time":"2023-08-26T10:19:13+00:00","og_image":[{"width":1280,"height":778,"url":"https:\/\/www.public.sn\/wp-content\/uploads\/2023\/08\/aibd.jpeg","type":"image\/jpeg"}],"author":"LA REDACTION","twitter_card":"summary_large_image","twitter_misc":{"\u00c9crit par":"LA REDACTION","Dur\u00e9e de lecture estim\u00e9e":"1 minute"},"schema":{"@context":"https:\/\/schema.org","@graph":[{"@type":"Article","@id":"https:\/\/www.public.sn\/index.php\/2023\/08\/26\/une-delegation-de-laibd-recue-a-touba\/#article","isPartOf":{"@id":"https:\/\/www.public.sn\/index.php\/2023\/08\/26\/une-delegation-de-laibd-recue-a-touba\/"},"author":{"name":"LA REDACTION","@id":"https:\/\/www.public.sn\/#\/schema\/person\/cb76c8e1b8becc6be61fb5e92d6d0224"},"headline":"Une d\u00e9l\u00e9gation de l\u2019AIBD re\u00e7ue \u00e0 Touba","datePublished":"2023-08-26T10:19:13+00:00","mainEntityOfPage":{"@id":"https:\/\/www.public.sn\/index.php\/2023\/08\/26\/une-delegation-de-laibd-recue-a-touba\/"},"wordCount":193,"commentCount":0,"publisher":{"@id":"https:\/\/www.public.sn\/#organization"},"image":{"@id":"https:\/\/www.public.sn\/index.php\/2023\/08\/26\/une-delegation-de-laibd-recue-a-touba\/#primaryimage"},"thumbnailUrl":"https:\/\/www.public.sn\/wp-content\/uploads\/2023\/08\/aibd.jpeg","articleSection":["ACTUALIT\u00c9S"],"inLanguage":"fr-FR","potentialAction":[{"@type":"CommentAction","name":"Comment","target":["https:\/\/www.public.sn\/index.php\/2023\/08\/26\/une-delegation-de-laibd-recue-a-touba\/#respond"]}]},{"@type":"WebPage","@id":"https:\/\/www.public.sn\/index.php\/2023\/08\/26\/une-delegation-de-laibd-recue-a-touba\/","url":"https:\/\/www.public.sn\/index.php\/2023\/08\/26\/une-delegation-de-laibd-recue-a-touba\/","name":"Une d\u00e9l\u00e9gation de l\u2019AIBD re\u00e7ue \u00e0 Touba - LE PUBLIC","isPartOf":{"@id":"https:\/\/www.public.sn\/#website"},"primaryImageOfPage":{"@id":"https:\/\/www.public.sn\/index.php\/2023\/08\/26\/une-delegation-de-laibd-recue-a-touba\/#primaryimage"},"image":{"@id":"https:\/\/www.public.sn\/index.php\/2023\/08\/26\/une-delegation-de-laibd-recue-a-touba\/#primaryimage"},"thumbnailUrl":"https:\/\/www.public.sn\/wp-content\/uploads\/2023\/08\/aibd.jpeg","datePublished":"2023-08-26T10:19:13+00:00","breadcrumb":{"@id":"https:\/\/www.public.sn\/index.php\/2023\/08\/26\/une-delegation-de-laibd-recue-a-touba\/#breadcrumb"},"inLanguage":"fr-FR","potentialAction":[{"@type":"ReadAction","target":["https:\/\/www.public.sn\/index.php\/2023\/08\/26\/une-delegation-de-laibd-recue-a-touba\/"]}]},{"@type":"ImageObject","inLanguage":"fr-FR","@id":"https:\/\/www.public.sn\/index.php\/2023\/08\/26\/une-delegation-de-laibd-recue-a-touba\/#primaryimage","url":"https:\/\/www.public.sn\/wp-content\/uploads\/2023\/08\/aibd.jpeg","contentUrl":"https:\/\/www.public.sn\/wp-content\/uploads\/2023\/08\/aibd.jpeg","width":1280,"height":778},{"@type":"BreadcrumbList","@id":"https:\/\/www.public.sn\/index.php\/2023\/08\/26\/une-delegation-de-laibd-recue-a-touba\/#breadcrumb","itemListElement":[{"@type":"ListItem","position":1,"name":"Accueil","item":"https:\/\/www.public.sn\/"},{"@type":"ListItem","position":2,"name":"Une d\u00e9l\u00e9gation de l\u2019AIBD re\u00e7ue \u00e0 Touba"}]},{"@type":"WebSite","@id":"https:\/\/www.public.sn\/#website","url":"https:\/\/www.public.sn\/","name":"LE PUBLIC","description":"","publisher":{"@id":"https:\/\/www.public.sn\/#organization"},"potentialAction":[{"@type":"SearchAction","target":{"@type":"EntryPoint","urlTemplate":"https:\/\/www.public.sn\/?s={search_term_string}"},"query-input":{"@type":"PropertyValueSpecification","valueRequired":true,"valueName":"search_term_string"}}],"inLanguage":"fr-FR"},{"@type":"Organization","@id":"https:\/\/www.public.sn\/#organization","name":"LE PUBLIC","url":"https:\/\/www.public.sn\/","logo":{"@type":"ImageObject","inLanguage":"fr-FR","@id":"https:\/\/www.public.sn\/#\/schema\/logo\/image\/","url":"https:\/\/www.public.sn\/wp-content\/uploads\/2024\/05\/cropped-LOGO-PUBLIC.SN_.png","contentUrl":"https:\/\/www.public.sn\/wp-content\/uploads\/2024\/05\/cropped-LOGO-PUBLIC.SN_.png","width":682,"height":192,"caption":"LE PUBLIC"},"image":{"@id":"https:\/\/www.public.sn\/#\/schema\/logo\/image\/"}},{"@type":"Person","@id":"https:\/\/www.public.sn\/#\/schema\/person\/cb76c8e1b8becc6be61fb5e92d6d0224","name":"LA REDACTION","image":{"@type":"ImageObject","inLanguage":"fr-FR","@id":"https:\/\/www.public.sn\/#\/schema\/person\/image\/","url":"https:\/\/secure.gravatar.com\/avatar\/2dce5ddd34b8fef0180efe03aa2a9bee7d953856048f9a16b298190a3178407c?s=96&d=mm&r=g","contentUrl":"https:\/\/secure.gravatar.com\/avatar\/2dce5ddd34b8fef0180efe03aa2a9bee7d953856048f9a16b298190a3178407c?s=96&d=mm&r=g","caption":"LA REDACTION"},"url":"https:\/\/www.public.sn\/index.php\/author\/editeurpsn\/"}]}},"jetpack_featured_media_url":"https:\/\/www.public.sn\/wp-content\/uploads\/2023\/08\/aibd.jpeg","jetpack_sharing_enabled":true,"_links":{"self":[{"href":"https:\/\/www.public.sn\/index.php\/wp-json\/wp\/v2\/posts\/26567","targetHints":{"allow":["GET"]}}],"collection":[{"href":"https:\/\/www.public.sn\/index.php\/wp-json\/wp\/v2\/posts"}],"about":[{"href":"https:\/\/www.public.sn\/index.php\/wp-json\/wp\/v2\/types\/post"}],"author":[{"embeddable":true,"href":"https:\/\/www.public.sn\/index.php\/wp-json\/wp\/v2\/users\/7"}],"replies":[{"embeddable":true,"href":"https:\/\/www.public.sn\/index.php\/wp-json\/wp\/v2\/comments?post=26567"}],"version-history":[{"count":1,"href":"https:\/\/www.public.sn\/index.php\/wp-json\/wp\/v2\/posts\/26567\/revisions"}],"predecessor-version":[{"id":26569,"href":"https:\/\/www.public.sn\/index.php\/wp-json\/wp\/v2\/posts\/26567\/revisions\/26569"}],"wp:featuredmedia":[{"embeddable":true,"href":"https:\/\/www.public.sn\/index.php\/wp-json\/wp\/v2\/media\/26568"}],"wp:attachment":[{"href":"https:\/\/www.public.sn\/index.php\/wp-json\/wp\/v2\/media?parent=26567"}],"wp:term":[{"taxonomy":"category","embeddable":true,"href":"https:\/\/www.public.sn\/index.php\/wp-json\/wp\/v2\/categories?post=26567"},{"taxonomy":"post_tag","embeddable":true,"href":"https:\/\/www.public.sn\/index.php\/wp-json\/wp\/v2\/tags?post=26567"}],"curies":[{"name":"wp","href":"https:\/\/api.w.org\/{rel}","templated":true}]}}