{"id":26576,"date":"2023-08-26T15:25:47","date_gmt":"2023-08-26T15:25:47","guid":{"rendered":"https:\/\/www.public.sn\/?p=26576"},"modified":"2023-08-26T15:26:32","modified_gmt":"2023-08-26T15:26:32","slug":"coupe-nationale-de-footballmacky-sall-va-presider-la-ceremonie","status":"publish","type":"post","link":"https:\/\/www.public.sn\/index.php\/2023\/08\/26\/coupe-nationale-de-footballmacky-sall-va-presider-la-ceremonie\/","title":{"rendered":"Coupe nationale de Football:Macky Sall va pr\u00e9sider la c\u00e9r\u00e9monie"},"content":{"rendered":"<p>Le Pr\u00e9sident de la R\u00e9publique du S\u00e9n\u00e9gal, Macky Sall, pr\u00e9sidera la finale de la 63e \u00e9dition de la Coupe nationale de Football, selon la f\u00e9d\u00e9ration s\u00e9n\u00e9galaise de foot ball . D&rsquo;apr\u00e9s Seneweb, cette finale se d\u00e9roulera \u00e0 Diamniadio et opposera le Jaraaf de Dakar au Stade de Mbour. Le changement de date, passant du samedi au dimanche, est d\u00fb \u00e0 la pr\u00e9sence du Pr\u00e9sident au stade Me Abdoulaye Wade. Cela marque la premi\u00e8re fois en 40 ans qu&rsquo;un chef d&rsquo;\u00c9tat s\u00e9n\u00e9galais pr\u00e9side une finale de la Coupe nationale. Le coup d&rsquo;envoi est pr\u00e9vu \u00e0 17h.<\/p><div class=\"publi-paragraphe1\" style=\"margin-top: 10px;margin-bottom: 10px;margin-left: auto;margin-right: auto;text-align: center;\" id=\"publi-543426549\"><div class=\"publi-adlabel\">Publicit\u00e9<\/div><script async src=\"\/\/pagead2.googlesyndication.com\/pagead\/js\/adsbygoogle.js?client=ca-pub-4089586018074219\" crossorigin=\"anonymous\"><\/script><ins class=\"adsbygoogle\" style=\"display:block;\" data-ad-client=\"ca-pub-4089586018074219\" \ndata-ad-slot=\"2087940154\" \ndata-ad-format=\"auto\"><\/ins>\n<script> \n(adsbygoogle = window.adsbygoogle || []).push({}); \n<\/script>\n<\/div>\n<p>&nbsp;<\/p>\n<div class=\"publi-apres-le-contenu\" style=\"margin-top: 10px;margin-bottom: 10px;margin-left: auto;margin-right: auto;text-align: center;\" id=\"publi-677236789\"><div class=\"publi-adlabel\">Publicit\u00e9<\/div><script async src=\"\/\/pagead2.googlesyndication.com\/pagead\/js\/adsbygoogle.js?client=ca-pub-4089586018074219\" crossorigin=\"anonymous\"><\/script><ins class=\"adsbygoogle\" style=\"display:block;\" data-ad-client=\"ca-pub-4089586018074219\" \ndata-ad-slot=\"2087940154\" \ndata-ad-format=\"auto\"><\/ins>\n<script> \n(adsbygoogle = window.adsbygoogle || []).push({}); \n<\/script>\n<\/div>","protected":false},"excerpt":{"rendered":"<p>Le Pr\u00e9sident de la R\u00e9publique du S\u00e9n\u00e9gal, Macky Sall, pr\u00e9sidera la finale de la 63e \u00e9dition de la Coupe nationale de Football, selon la f\u00e9d\u00e9ration s\u00e9n\u00e9galaise de foot ball . D&rsquo;apr\u00e9s Seneweb, cette finale se d\u00e9roulera \u00e0 Diamniadio et opposera le Jaraaf de Dakar au Stade de Mbour. Le changement de date, passant du samedi au dimanche, est d\u00fb \u00e0 la pr\u00e9sence du Pr\u00e9sident au stade Me Abdoulaye Wade. Cela marque la premi\u00e8re fois en 40 ans qu&rsquo;un chef d&rsquo;\u00c9tat s\u00e9n\u00e9galais pr\u00e9side une finale de la Coupe nationale. Le coup d&rsquo;envoi est pr\u00e9vu \u00e0 17h. &nbsp;<\/p>\n","protected":false},"author":7,"featured_media":26612,"comment_status":"open","ping_status":"open","sticky":false,"template":"","format":"standard","meta":{"_jetpack_memberships_contains_paid_content":false,"footnotes":""},"categories":[1],"tags":[],"class_list":["post-26576","post","type-post","status-publish","format-standard","has-post-thumbnail","hentry","category-non-classe","entry","has-media","owp-thumbs-layout-horizontal","owp-btn-normal","owp-tabs-layout-horizontal","has-no-thumbnails","has-product-nav"],"yoast_head":"<!-- This site is optimized with the Yoast SEO plugin v25.5 - https:\/\/yoast.com\/wordpress\/plugins\/seo\/ -->\n<title>Coupe nationale de Football:Macky Sall va pr\u00e9sider la c\u00e9r\u00e9monie - LE PUBLIC<\/title>\n<meta name=\"robots\" content=\"index, follow, max-snippet:-1, max-image-preview:large, max-video-preview:-1\" \/>\n<link rel=\"canonical\" href=\"https:\/\/www.public.sn\/index.php\/2023\/08\/26\/coupe-nationale-de-footballmacky-sall-va-presider-la-ceremonie\/\" \/>\n<meta property=\"og:locale\" content=\"fr_FR\" \/>\n<meta property=\"og:type\" content=\"article\" \/>\n<meta property=\"og:title\" content=\"Coupe nationale de Football:Macky Sall va pr\u00e9sider la c\u00e9r\u00e9monie - LE PUBLIC\" \/>\n<meta property=\"og:description\" content=\"Le Pr\u00e9sident de la R\u00e9publique du S\u00e9n\u00e9gal, Macky Sall, pr\u00e9sidera la finale de la 63e \u00e9dition de la Coupe nationale de Football, selon la f\u00e9d\u00e9ration s\u00e9n\u00e9galaise de foot ball . D&rsquo;apr\u00e9s Seneweb, cette finale se d\u00e9roulera \u00e0 Diamniadio et opposera le Jaraaf de Dakar au Stade de Mbour. Le changement de date, passant du samedi au dimanche, est d\u00fb \u00e0 la pr\u00e9sence du Pr\u00e9sident au stade Me Abdoulaye Wade. Cela marque la premi\u00e8re fois en 40 ans qu&rsquo;un chef d&rsquo;\u00c9tat s\u00e9n\u00e9galais pr\u00e9side une finale de la Coupe nationale. Le coup d&rsquo;envoi est pr\u00e9vu \u00e0 17h. &nbsp;\" \/>\n<meta property=\"og:url\" content=\"https:\/\/www.public.sn\/index.php\/2023\/08\/26\/coupe-nationale-de-footballmacky-sall-va-presider-la-ceremonie\/\" \/>\n<meta property=\"og:site_name\" content=\"LE PUBLIC\" \/>\n<meta property=\"article:published_time\" content=\"2023-08-26T15:25:47+00:00\" \/>\n<meta property=\"article:modified_time\" content=\"2023-08-26T15:26:32+00:00\" \/>\n<meta property=\"og:image\" content=\"https:\/\/www.public.sn\/wp-content\/uploads\/2023\/08\/maky.jpeg\" \/>\n\t<meta property=\"og:image:width\" content=\"1080\" \/>\n\t<meta property=\"og:image:height\" content=\"540\" \/>\n\t<meta property=\"og:image:type\" content=\"image\/jpeg\" \/>\n<meta name=\"author\" content=\"LA REDACTION\" \/>\n<meta name=\"twitter:card\" content=\"summary_large_image\" \/>\n<meta name=\"twitter:label1\" content=\"\u00c9crit par\" \/>\n\t<meta name=\"twitter:data1\" content=\"LA REDACTION\" \/>\n\t<meta name=\"twitter:label2\" content=\"Dur\u00e9e de lecture estim\u00e9e\" \/>\n\t<meta name=\"twitter:data2\" content=\"1 minute\" \/>\n<script type=\"application\/ld+json\" class=\"yoast-schema-graph\">{\"@context\":\"https:\/\/schema.org\",\"@graph\":[{\"@type\":\"Article\",\"@id\":\"https:\/\/www.public.sn\/index.php\/2023\/08\/26\/coupe-nationale-de-footballmacky-sall-va-presider-la-ceremonie\/#article\",\"isPartOf\":{\"@id\":\"https:\/\/www.public.sn\/index.php\/2023\/08\/26\/coupe-nationale-de-footballmacky-sall-va-presider-la-ceremonie\/\"},\"author\":{\"name\":\"LA REDACTION\",\"@id\":\"https:\/\/www.public.sn\/#\/schema\/person\/cb76c8e1b8becc6be61fb5e92d6d0224\"},\"headline\":\"Coupe nationale de Football:Macky Sall va pr\u00e9sider la c\u00e9r\u00e9monie\",\"datePublished\":\"2023-08-26T15:25:47+00:00\",\"dateModified\":\"2023-08-26T15:26:32+00:00\",\"mainEntityOfPage\":{\"@id\":\"https:\/\/www.public.sn\/index.php\/2023\/08\/26\/coupe-nationale-de-footballmacky-sall-va-presider-la-ceremonie\/\"},\"wordCount\":123,\"commentCount\":0,\"publisher\":{\"@id\":\"https:\/\/www.public.sn\/#organization\"},\"image\":{\"@id\":\"https:\/\/www.public.sn\/index.php\/2023\/08\/26\/coupe-nationale-de-footballmacky-sall-va-presider-la-ceremonie\/#primaryimage\"},\"thumbnailUrl\":\"https:\/\/www.public.sn\/wp-content\/uploads\/2023\/08\/maky.jpeg\",\"articleSection\":[\"S\u00c9N\u00c9GAL\"],\"inLanguage\":\"fr-FR\",\"potentialAction\":[{\"@type\":\"CommentAction\",\"name\":\"Comment\",\"target\":[\"https:\/\/www.public.sn\/index.php\/2023\/08\/26\/coupe-nationale-de-footballmacky-sall-va-presider-la-ceremonie\/#respond\"]}]},{\"@type\":\"WebPage\",\"@id\":\"https:\/\/www.public.sn\/index.php\/2023\/08\/26\/coupe-nationale-de-footballmacky-sall-va-presider-la-ceremonie\/\",\"url\":\"https:\/\/www.public.sn\/index.php\/2023\/08\/26\/coupe-nationale-de-footballmacky-sall-va-presider-la-ceremonie\/\",\"name\":\"Coupe nationale de Football:Macky Sall va pr\u00e9sider la c\u00e9r\u00e9monie - LE PUBLIC\",\"isPartOf\":{\"@id\":\"https:\/\/www.public.sn\/#website\"},\"primaryImageOfPage\":{\"@id\":\"https:\/\/www.public.sn\/index.php\/2023\/08\/26\/coupe-nationale-de-footballmacky-sall-va-presider-la-ceremonie\/#primaryimage\"},\"image\":{\"@id\":\"https:\/\/www.public.sn\/index.php\/2023\/08\/26\/coupe-nationale-de-footballmacky-sall-va-presider-la-ceremonie\/#primaryimage\"},\"thumbnailUrl\":\"https:\/\/www.public.sn\/wp-content\/uploads\/2023\/08\/maky.jpeg\",\"datePublished\":\"2023-08-26T15:25:47+00:00\",\"dateModified\":\"2023-08-26T15:26:32+00:00\",\"breadcrumb\":{\"@id\":\"https:\/\/www.public.sn\/index.php\/2023\/08\/26\/coupe-nationale-de-footballmacky-sall-va-presider-la-ceremonie\/#breadcrumb\"},\"inLanguage\":\"fr-FR\",\"potentialAction\":[{\"@type\":\"ReadAction\",\"target\":[\"https:\/\/www.public.sn\/index.php\/2023\/08\/26\/coupe-nationale-de-footballmacky-sall-va-presider-la-ceremonie\/\"]}]},{\"@type\":\"ImageObject\",\"inLanguage\":\"fr-FR\",\"@id\":\"https:\/\/www.public.sn\/index.php\/2023\/08\/26\/coupe-nationale-de-footballmacky-sall-va-presider-la-ceremonie\/#primaryimage\",\"url\":\"https:\/\/www.public.sn\/wp-content\/uploads\/2023\/08\/maky.jpeg\",\"contentUrl\":\"https:\/\/www.public.sn\/wp-content\/uploads\/2023\/08\/maky.jpeg\",\"width\":1080,\"height\":540},{\"@type\":\"BreadcrumbList\",\"@id\":\"https:\/\/www.public.sn\/index.php\/2023\/08\/26\/coupe-nationale-de-footballmacky-sall-va-presider-la-ceremonie\/#breadcrumb\",\"itemListElement\":[{\"@type\":\"ListItem\",\"position\":1,\"name\":\"Accueil\",\"item\":\"https:\/\/www.public.sn\/\"},{\"@type\":\"ListItem\",\"position\":2,\"name\":\"Coupe nationale de Football:Macky Sall va pr\u00e9sider la c\u00e9r\u00e9monie\"}]},{\"@type\":\"WebSite\",\"@id\":\"https:\/\/www.public.sn\/#website\",\"url\":\"https:\/\/www.public.sn\/\",\"name\":\"LE PUBLIC\",\"description\":\"\",\"publisher\":{\"@id\":\"https:\/\/www.public.sn\/#organization\"},\"potentialAction\":[{\"@type\":\"SearchAction\",\"target\":{\"@type\":\"EntryPoint\",\"urlTemplate\":\"https:\/\/www.public.sn\/?s={search_term_string}\"},\"query-input\":{\"@type\":\"PropertyValueSpecification\",\"valueRequired\":true,\"valueName\":\"search_term_string\"}}],\"inLanguage\":\"fr-FR\"},{\"@type\":\"Organization\",\"@id\":\"https:\/\/www.public.sn\/#organization\",\"name\":\"LE PUBLIC\",\"url\":\"https:\/\/www.public.sn\/\",\"logo\":{\"@type\":\"ImageObject\",\"inLanguage\":\"fr-FR\",\"@id\":\"https:\/\/www.public.sn\/#\/schema\/logo\/image\/\",\"url\":\"https:\/\/www.public.sn\/wp-content\/uploads\/2024\/05\/cropped-LOGO-PUBLIC.SN_.png\",\"contentUrl\":\"https:\/\/www.public.sn\/wp-content\/uploads\/2024\/05\/cropped-LOGO-PUBLIC.SN_.png\",\"width\":682,\"height\":192,\"caption\":\"LE PUBLIC\"},\"image\":{\"@id\":\"https:\/\/www.public.sn\/#\/schema\/logo\/image\/\"}},{\"@type\":\"Person\",\"@id\":\"https:\/\/www.public.sn\/#\/schema\/person\/cb76c8e1b8becc6be61fb5e92d6d0224\",\"name\":\"LA REDACTION\",\"image\":{\"@type\":\"ImageObject\",\"inLanguage\":\"fr-FR\",\"@id\":\"https:\/\/www.public.sn\/#\/schema\/person\/image\/\",\"url\":\"https:\/\/secure.gravatar.com\/avatar\/2dce5ddd34b8fef0180efe03aa2a9bee7d953856048f9a16b298190a3178407c?s=96&d=mm&r=g\",\"contentUrl\":\"https:\/\/secure.gravatar.com\/avatar\/2dce5ddd34b8fef0180efe03aa2a9bee7d953856048f9a16b298190a3178407c?s=96&d=mm&r=g\",\"caption\":\"LA REDACTION\"},\"url\":\"https:\/\/www.public.sn\/index.php\/author\/editeurpsn\/\"}]}<\/script>\n<!-- \/ Yoast SEO plugin. -->","yoast_head_json":{"title":"Coupe nationale de Football:Macky Sall va pr\u00e9sider la c\u00e9r\u00e9monie - LE PUBLIC","robots":{"index":"index","follow":"follow","max-snippet":"max-snippet:-1","max-image-preview":"max-image-preview:large","max-video-preview":"max-video-preview:-1"},"canonical":"https:\/\/www.public.sn\/index.php\/2023\/08\/26\/coupe-nationale-de-footballmacky-sall-va-presider-la-ceremonie\/","og_locale":"fr_FR","og_type":"article","og_title":"Coupe nationale de Football:Macky Sall va pr\u00e9sider la c\u00e9r\u00e9monie - LE PUBLIC","og_description":"Le Pr\u00e9sident de la R\u00e9publique du S\u00e9n\u00e9gal, Macky Sall, pr\u00e9sidera la finale de la 63e \u00e9dition de la Coupe nationale de Football, selon la f\u00e9d\u00e9ration s\u00e9n\u00e9galaise de foot ball . D&rsquo;apr\u00e9s Seneweb, cette finale se d\u00e9roulera \u00e0 Diamniadio et opposera le Jaraaf de Dakar au Stade de Mbour. Le changement de date, passant du samedi au dimanche, est d\u00fb \u00e0 la pr\u00e9sence du Pr\u00e9sident au stade Me Abdoulaye Wade. Cela marque la premi\u00e8re fois en 40 ans qu&rsquo;un chef d&rsquo;\u00c9tat s\u00e9n\u00e9galais pr\u00e9side une finale de la Coupe nationale. Le coup d&rsquo;envoi est pr\u00e9vu \u00e0 17h. &nbsp;","og_url":"https:\/\/www.public.sn\/index.php\/2023\/08\/26\/coupe-nationale-de-footballmacky-sall-va-presider-la-ceremonie\/","og_site_name":"LE PUBLIC","article_published_time":"2023-08-26T15:25:47+00:00","article_modified_time":"2023-08-26T15:26:32+00:00","og_image":[{"width":1080,"height":540,"url":"https:\/\/www.public.sn\/wp-content\/uploads\/2023\/08\/maky.jpeg","type":"image\/jpeg"}],"author":"LA REDACTION","twitter_card":"summary_large_image","twitter_misc":{"\u00c9crit par":"LA REDACTION","Dur\u00e9e de lecture estim\u00e9e":"1 minute"},"schema":{"@context":"https:\/\/schema.org","@graph":[{"@type":"Article","@id":"https:\/\/www.public.sn\/index.php\/2023\/08\/26\/coupe-nationale-de-footballmacky-sall-va-presider-la-ceremonie\/#article","isPartOf":{"@id":"https:\/\/www.public.sn\/index.php\/2023\/08\/26\/coupe-nationale-de-footballmacky-sall-va-presider-la-ceremonie\/"},"author":{"name":"LA REDACTION","@id":"https:\/\/www.public.sn\/#\/schema\/person\/cb76c8e1b8becc6be61fb5e92d6d0224"},"headline":"Coupe nationale de Football:Macky Sall va pr\u00e9sider la c\u00e9r\u00e9monie","datePublished":"2023-08-26T15:25:47+00:00","dateModified":"2023-08-26T15:26:32+00:00","mainEntityOfPage":{"@id":"https:\/\/www.public.sn\/index.php\/2023\/08\/26\/coupe-nationale-de-footballmacky-sall-va-presider-la-ceremonie\/"},"wordCount":123,"commentCount":0,"publisher":{"@id":"https:\/\/www.public.sn\/#organization"},"image":{"@id":"https:\/\/www.public.sn\/index.php\/2023\/08\/26\/coupe-nationale-de-footballmacky-sall-va-presider-la-ceremonie\/#primaryimage"},"thumbnailUrl":"https:\/\/www.public.sn\/wp-content\/uploads\/2023\/08\/maky.jpeg","articleSection":["S\u00c9N\u00c9GAL"],"inLanguage":"fr-FR","potentialAction":[{"@type":"CommentAction","name":"Comment","target":["https:\/\/www.public.sn\/index.php\/2023\/08\/26\/coupe-nationale-de-footballmacky-sall-va-presider-la-ceremonie\/#respond"]}]},{"@type":"WebPage","@id":"https:\/\/www.public.sn\/index.php\/2023\/08\/26\/coupe-nationale-de-footballmacky-sall-va-presider-la-ceremonie\/","url":"https:\/\/www.public.sn\/index.php\/2023\/08\/26\/coupe-nationale-de-footballmacky-sall-va-presider-la-ceremonie\/","name":"Coupe nationale de Football:Macky Sall va pr\u00e9sider la c\u00e9r\u00e9monie - LE PUBLIC","isPartOf":{"@id":"https:\/\/www.public.sn\/#website"},"primaryImageOfPage":{"@id":"https:\/\/www.public.sn\/index.php\/2023\/08\/26\/coupe-nationale-de-footballmacky-sall-va-presider-la-ceremonie\/#primaryimage"},"image":{"@id":"https:\/\/www.public.sn\/index.php\/2023\/08\/26\/coupe-nationale-de-footballmacky-sall-va-presider-la-ceremonie\/#primaryimage"},"thumbnailUrl":"https:\/\/www.public.sn\/wp-content\/uploads\/2023\/08\/maky.jpeg","datePublished":"2023-08-26T15:25:47+00:00","dateModified":"2023-08-26T15:26:32+00:00","breadcrumb":{"@id":"https:\/\/www.public.sn\/index.php\/2023\/08\/26\/coupe-nationale-de-footballmacky-sall-va-presider-la-ceremonie\/#breadcrumb"},"inLanguage":"fr-FR","potentialAction":[{"@type":"ReadAction","target":["https:\/\/www.public.sn\/index.php\/2023\/08\/26\/coupe-nationale-de-footballmacky-sall-va-presider-la-ceremonie\/"]}]},{"@type":"ImageObject","inLanguage":"fr-FR","@id":"https:\/\/www.public.sn\/index.php\/2023\/08\/26\/coupe-nationale-de-footballmacky-sall-va-presider-la-ceremonie\/#primaryimage","url":"https:\/\/www.public.sn\/wp-content\/uploads\/2023\/08\/maky.jpeg","contentUrl":"https:\/\/www.public.sn\/wp-content\/uploads\/2023\/08\/maky.jpeg","width":1080,"height":540},{"@type":"BreadcrumbList","@id":"https:\/\/www.public.sn\/index.php\/2023\/08\/26\/coupe-nationale-de-footballmacky-sall-va-presider-la-ceremonie\/#breadcrumb","itemListElement":[{"@type":"ListItem","position":1,"name":"Accueil","item":"https:\/\/www.public.sn\/"},{"@type":"ListItem","position":2,"name":"Coupe nationale de Football:Macky Sall va pr\u00e9sider la c\u00e9r\u00e9monie"}]},{"@type":"WebSite","@id":"https:\/\/www.public.sn\/#website","url":"https:\/\/www.public.sn\/","name":"LE PUBLIC","description":"","publisher":{"@id":"https:\/\/www.public.sn\/#organization"},"potentialAction":[{"@type":"SearchAction","target":{"@type":"EntryPoint","urlTemplate":"https:\/\/www.public.sn\/?s={search_term_string}"},"query-input":{"@type":"PropertyValueSpecification","valueRequired":true,"valueName":"search_term_string"}}],"inLanguage":"fr-FR"},{"@type":"Organization","@id":"https:\/\/www.public.sn\/#organization","name":"LE PUBLIC","url":"https:\/\/www.public.sn\/","logo":{"@type":"ImageObject","inLanguage":"fr-FR","@id":"https:\/\/www.public.sn\/#\/schema\/logo\/image\/","url":"https:\/\/www.public.sn\/wp-content\/uploads\/2024\/05\/cropped-LOGO-PUBLIC.SN_.png","contentUrl":"https:\/\/www.public.sn\/wp-content\/uploads\/2024\/05\/cropped-LOGO-PUBLIC.SN_.png","width":682,"height":192,"caption":"LE PUBLIC"},"image":{"@id":"https:\/\/www.public.sn\/#\/schema\/logo\/image\/"}},{"@type":"Person","@id":"https:\/\/www.public.sn\/#\/schema\/person\/cb76c8e1b8becc6be61fb5e92d6d0224","name":"LA REDACTION","image":{"@type":"ImageObject","inLanguage":"fr-FR","@id":"https:\/\/www.public.sn\/#\/schema\/person\/image\/","url":"https:\/\/secure.gravatar.com\/avatar\/2dce5ddd34b8fef0180efe03aa2a9bee7d953856048f9a16b298190a3178407c?s=96&d=mm&r=g","contentUrl":"https:\/\/secure.gravatar.com\/avatar\/2dce5ddd34b8fef0180efe03aa2a9bee7d953856048f9a16b298190a3178407c?s=96&d=mm&r=g","caption":"LA REDACTION"},"url":"https:\/\/www.public.sn\/index.php\/author\/editeurpsn\/"}]}},"jetpack_featured_media_url":"https:\/\/www.public.sn\/wp-content\/uploads\/2023\/08\/maky.jpeg","jetpack_sharing_enabled":true,"_links":{"self":[{"href":"https:\/\/www.public.sn\/index.php\/wp-json\/wp\/v2\/posts\/26576","targetHints":{"allow":["GET"]}}],"collection":[{"href":"https:\/\/www.public.sn\/index.php\/wp-json\/wp\/v2\/posts"}],"about":[{"href":"https:\/\/www.public.sn\/index.php\/wp-json\/wp\/v2\/types\/post"}],"author":[{"embeddable":true,"href":"https:\/\/www.public.sn\/index.php\/wp-json\/wp\/v2\/users\/7"}],"replies":[{"embeddable":true,"href":"https:\/\/www.public.sn\/index.php\/wp-json\/wp\/v2\/comments?post=26576"}],"version-history":[{"count":3,"href":"https:\/\/www.public.sn\/index.php\/wp-json\/wp\/v2\/posts\/26576\/revisions"}],"predecessor-version":[{"id":26621,"href":"https:\/\/www.public.sn\/index.php\/wp-json\/wp\/v2\/posts\/26576\/revisions\/26621"}],"wp:featuredmedia":[{"embeddable":true,"href":"https:\/\/www.public.sn\/index.php\/wp-json\/wp\/v2\/media\/26612"}],"wp:attachment":[{"href":"https:\/\/www.public.sn\/index.php\/wp-json\/wp\/v2\/media?parent=26576"}],"wp:term":[{"taxonomy":"category","embeddable":true,"href":"https:\/\/www.public.sn\/index.php\/wp-json\/wp\/v2\/categories?post=26576"},{"taxonomy":"post_tag","embeddable":true,"href":"https:\/\/www.public.sn\/index.php\/wp-json\/wp\/v2\/tags?post=26576"}],"curies":[{"name":"wp","href":"https:\/\/api.w.org\/{rel}","templated":true}]}}