{"id":2678,"date":"2022-09-23T12:42:47","date_gmt":"2022-09-23T12:42:47","guid":{"rendered":"https:\/\/www.public.sn\/?p=2678"},"modified":"2022-09-23T12:42:48","modified_gmt":"2022-09-23T12:42:48","slug":"le-meds-appelle-aminata-toure-a-prendre-ses-responsabilites-et-son-destin-en-main","status":"publish","type":"post","link":"https:\/\/www.public.sn\/index.php\/2022\/09\/23\/le-meds-appelle-aminata-toure-a-prendre-ses-responsabilites-et-son-destin-en-main\/","title":{"rendered":"Le Meds appelle Aminata Tour\u00e9 \u00e0 prendre ses responsabilit\u00e9s et son destin en main."},"content":{"rendered":"\n<p>Le Mouvement des Engag\u00e9s du S\u00e9n\u00e9gal (Meds) a exprim\u00e9 toute sa d\u00e9ception et son indignation sur le revirement du Pr\u00e9sident de la R\u00e9publique, Macky Sall relatif au choix d\u2019Aminata Tour\u00e9 \u00e0 la pr\u00e9sidence de l\u2019Assembl\u00e9e Nationale. Le Meds consid\u00e8re cet acte comme une trahison, aux antipodes de l\u2019\u00e9l\u00e9gance politique. <br>Selon le Meds, Aminata Tour\u00e9 doit prendre ses responsabilit\u00e9s. Selon le Mouvement des Engag\u00e9s du S\u00e9n\u00e9gal (Meds), le sort que le Pr\u00e9sident de la R\u00e9publique, Macky Sall \u00e0 Aminata Tour\u00e9 constitue, aux yeux du coordonnateur dudit mouvement, Moustapha Di\u00e9m\u00e9 un \u00abacte politique\u00bb savamment orchestr\u00e9 pour tenter d\u2019humilier et de liquider Aminata Tour\u00e9 dont le seul tort est de ne pas \u00eatre apparent\u00e9 \u00e0 la \u00abdynastie Faye Sall\u00bb.\u00a0<\/p><div class=\"publi-paragraphe1\" style=\"margin-top: 10px;margin-bottom: 10px;margin-left: auto;margin-right: auto;text-align: center;\" id=\"publi-1108958286\"><div class=\"publi-adlabel\">Publicit\u00e9<\/div><script async src=\"\/\/pagead2.googlesyndication.com\/pagead\/js\/adsbygoogle.js?client=ca-pub-4089586018074219\" crossorigin=\"anonymous\"><\/script><ins class=\"adsbygoogle\" style=\"display:block;\" data-ad-client=\"ca-pub-4089586018074219\" \ndata-ad-slot=\"2087940154\" \ndata-ad-format=\"auto\"><\/ins>\n<script> \n(adsbygoogle = window.adsbygoogle || []).push({}); \n<\/script>\n<\/div>\n\n\n\n<p>Le Mouvement des Engag\u00e9s du S\u00e9n\u00e9gal (Meds) ajoute que celle-ci, \u00abmilitante engag\u00e9e\u00bb de l\u2019\u00e9thique et de la bonne gouvernance, s\u2019est toujours illustr\u00e9e en faveur du respect de l\u2019\u00e9tat de droit et de la constitution.&nbsp;<\/p>\n\n\n\n<p>\u00abCe qui t\u00e9moigne son rejet du 3e mandat qui lui a valu toutes sortes de coups fourr\u00e9s. En r\u00e9alit\u00e9, Macky Sall, apr\u00e8s avoir essuy\u00e9 des revers partout lors des locales, sentant le d\u00e9b\u00e2cle in\u00e9vitable pour les l\u00e9gislatives, a d\u00fb s\u2019attacher \u00e0 nouveau les services de Mimi Tour\u00e9 qui, en digne sapeur-pompier de BBY, a accept\u00e9 de sauver la majorit\u00e9 en devenant la t\u00eate de liste. Engag\u00e9e et combative, elle s\u2019est lanc\u00e9e dans un marathon de plus de 5000 kilom\u00e8tres, sillonnant villages, hameaux et communes pour limiter la casse et ramener au bercail une majorit\u00e9 inesp\u00e9r\u00e9e pour Bby\u00bb, a-t-on lu dans le document.&nbsp;<\/p>\n\n\n\n<p>C\u2019est dans cette optique que le Meds appelle Aminata Tour\u00e9 \u00e0 prendre ses responsabilit\u00e9s et son destin en main pour faire cape vers les \u00e9ch\u00e9ances de 2024. \u00abLe Mouvement des Engag\u00e9s du S\u00e9n\u00e9gal a pris tr\u00e8s au s\u00e9rieux les menaces qui p\u00e8sent sur la s\u00e9curit\u00e9 physique Aminata Tour\u00e9.&nbsp;<\/p>\n\n\n\n<p>Le Meds met en garde le Pr\u00e9sident \u00e0 qui incombe la mission d\u2019assurer la s\u00e9curit\u00e9 de tous les s\u00e9n\u00e9galais de prendre les dispositions les meilleurs pour garantir celle de Aminata Tour\u00e9\u00bb, a-t-on lu dans le document.&nbsp;<\/p>\n<div class=\"publi-apres-le-contenu\" style=\"margin-top: 10px;margin-bottom: 10px;margin-left: auto;margin-right: auto;text-align: center;\" id=\"publi-2489498360\"><div class=\"publi-adlabel\">Publicit\u00e9<\/div><script async src=\"\/\/pagead2.googlesyndication.com\/pagead\/js\/adsbygoogle.js?client=ca-pub-4089586018074219\" crossorigin=\"anonymous\"><\/script><ins class=\"adsbygoogle\" style=\"display:block;\" data-ad-client=\"ca-pub-4089586018074219\" \ndata-ad-slot=\"2087940154\" \ndata-ad-format=\"auto\"><\/ins>\n<script> \n(adsbygoogle = window.adsbygoogle || []).push({}); \n<\/script>\n<\/div>","protected":false},"excerpt":{"rendered":"<p>Le Mouvement des Engag\u00e9s du S\u00e9n\u00e9gal (Meds) a exprim\u00e9 toute sa d\u00e9ception et son indignation sur le revirement du Pr\u00e9sident de la R\u00e9publique, Macky Sall relatif au choix d\u2019Aminata Tour\u00e9 \u00e0 la pr\u00e9sidence de l\u2019Assembl\u00e9e Nationale. Le Meds consid\u00e8re cet acte comme une trahison, aux antipodes de l\u2019\u00e9l\u00e9gance politique. Selon le Meds, Aminata Tour\u00e9 doit prendre ses responsabilit\u00e9s. Selon le Mouvement des Engag\u00e9s du S\u00e9n\u00e9gal (Meds), le sort que le Pr\u00e9sident de la R\u00e9publique, Macky Sall \u00e0 Aminata Tour\u00e9 constitue, aux yeux du coordonnateur dudit mouvement, Moustapha Di\u00e9m\u00e9 un \u00abacte politique\u00bb savamment orchestr\u00e9 pour tenter d\u2019humilier et de liquider Aminata Tour\u00e9 dont le seul tort est de ne pas \u00eatre apparent\u00e9 \u00e0 la \u00abdynastie Faye Sall\u00bb.\u00a0 Le Mouvement des Engag\u00e9s du S\u00e9n\u00e9gal (Meds) ajoute que celle-ci, \u00abmilitante engag\u00e9e\u00bb de l\u2019\u00e9thique et de la bonne gouvernance, s\u2019est toujours illustr\u00e9e en faveur du respect de l\u2019\u00e9tat de droit et de la constitution.&nbsp; \u00abCe qui t\u00e9moigne son rejet du 3e mandat qui lui a valu toutes sortes de coups fourr\u00e9s. En r\u00e9alit\u00e9, Macky Sall, apr\u00e8s avoir essuy\u00e9 des revers partout lors des locales, sentant le d\u00e9b\u00e2cle in\u00e9vitable pour les l\u00e9gislatives, a d\u00fb s\u2019attacher \u00e0 nouveau les services de Mimi Tour\u00e9 qui, en digne sapeur-pompier de BBY, a accept\u00e9 de sauver la majorit\u00e9 en devenant la t\u00eate de liste. Engag\u00e9e et combative, elle s\u2019est lanc\u00e9e dans un marathon de plus de 5000 kilom\u00e8tres, sillonnant villages, hameaux et communes pour limiter la casse et ramener au bercail une majorit\u00e9 inesp\u00e9r\u00e9e pour Bby\u00bb, a-t-on lu dans le document.&nbsp; C\u2019est dans cette optique que le Meds appelle Aminata Tour\u00e9 \u00e0 prendre ses responsabilit\u00e9s et son destin en main pour faire cape vers les \u00e9ch\u00e9ances de 2024. \u00abLe Mouvement des Engag\u00e9s du S\u00e9n\u00e9gal a pris tr\u00e8s au s\u00e9rieux les menaces qui p\u00e8sent sur la s\u00e9curit\u00e9 physique Aminata Tour\u00e9.&nbsp; Le Meds met en garde le Pr\u00e9sident \u00e0 qui incombe la mission d\u2019assurer la s\u00e9curit\u00e9 de tous les s\u00e9n\u00e9galais de prendre les dispositions les meilleurs pour garantir celle de Aminata Tour\u00e9\u00bb, a-t-on lu dans le document.&nbsp;<\/p>\n","protected":false},"author":1,"featured_media":2679,"comment_status":"open","ping_status":"open","sticky":false,"template":"","format":"standard","meta":{"_jetpack_memberships_contains_paid_content":false,"footnotes":""},"categories":[375,3],"tags":[744,12,479,11,978,724,17],"class_list":["post-2678","post","type-post","status-publish","format-standard","has-post-thumbnail","hentry","category-actualites","category-politique","tag-amadou-ba","tag-assemblee-nationale","tag-benno","tag-macky-sall","tag-meds","tag-mimi-toure","tag-opposition","entry","has-media","owp-thumbs-layout-horizontal","owp-btn-normal","owp-tabs-layout-horizontal","has-no-thumbnails","has-product-nav"],"yoast_head":"<!-- This site is optimized with the Yoast SEO plugin v25.5 - https:\/\/yoast.com\/wordpress\/plugins\/seo\/ -->\n<title>Le Meds appelle Aminata Tour\u00e9 \u00e0 prendre ses responsabilit\u00e9s et son destin en main. - LE PUBLIC<\/title>\n<meta name=\"robots\" content=\"index, follow, max-snippet:-1, max-image-preview:large, max-video-preview:-1\" \/>\n<link rel=\"canonical\" href=\"https:\/\/www.public.sn\/index.php\/2022\/09\/23\/le-meds-appelle-aminata-toure-a-prendre-ses-responsabilites-et-son-destin-en-main\/\" \/>\n<meta property=\"og:locale\" content=\"fr_FR\" \/>\n<meta property=\"og:type\" content=\"article\" \/>\n<meta property=\"og:title\" content=\"Le Meds appelle Aminata Tour\u00e9 \u00e0 prendre ses responsabilit\u00e9s et son destin en main. - LE PUBLIC\" \/>\n<meta property=\"og:description\" content=\"Le Mouvement des Engag\u00e9s du S\u00e9n\u00e9gal (Meds) a exprim\u00e9 toute sa d\u00e9ception et son indignation sur le revirement du Pr\u00e9sident de la R\u00e9publique, Macky Sall relatif au choix d\u2019Aminata Tour\u00e9 \u00e0 la pr\u00e9sidence de l\u2019Assembl\u00e9e Nationale. Le Meds consid\u00e8re cet acte comme une trahison, aux antipodes de l\u2019\u00e9l\u00e9gance politique. Selon le Meds, Aminata Tour\u00e9 doit prendre ses responsabilit\u00e9s. Selon le Mouvement des Engag\u00e9s du S\u00e9n\u00e9gal (Meds), le sort que le Pr\u00e9sident de la R\u00e9publique, Macky Sall \u00e0 Aminata Tour\u00e9 constitue, aux yeux du coordonnateur dudit mouvement, Moustapha Di\u00e9m\u00e9 un \u00abacte politique\u00bb savamment orchestr\u00e9 pour tenter d\u2019humilier et de liquider Aminata Tour\u00e9 dont le seul tort est de ne pas \u00eatre apparent\u00e9 \u00e0 la \u00abdynastie Faye Sall\u00bb.\u00a0 Le Mouvement des Engag\u00e9s du S\u00e9n\u00e9gal (Meds) ajoute que celle-ci, \u00abmilitante engag\u00e9e\u00bb de l\u2019\u00e9thique et de la bonne gouvernance, s\u2019est toujours illustr\u00e9e en faveur du respect de l\u2019\u00e9tat de droit et de la constitution.&nbsp; \u00abCe qui t\u00e9moigne son rejet du 3e mandat qui lui a valu toutes sortes de coups fourr\u00e9s. En r\u00e9alit\u00e9, Macky Sall, apr\u00e8s avoir essuy\u00e9 des revers partout lors des locales, sentant le d\u00e9b\u00e2cle in\u00e9vitable pour les l\u00e9gislatives, a d\u00fb s\u2019attacher \u00e0 nouveau les services de Mimi Tour\u00e9 qui, en digne sapeur-pompier de BBY, a accept\u00e9 de sauver la majorit\u00e9 en devenant la t\u00eate de liste. Engag\u00e9e et combative, elle s\u2019est lanc\u00e9e dans un marathon de plus de 5000 kilom\u00e8tres, sillonnant villages, hameaux et communes pour limiter la casse et ramener au bercail une majorit\u00e9 inesp\u00e9r\u00e9e pour Bby\u00bb, a-t-on lu dans le document.&nbsp; C\u2019est dans cette optique que le Meds appelle Aminata Tour\u00e9 \u00e0 prendre ses responsabilit\u00e9s et son destin en main pour faire cape vers les \u00e9ch\u00e9ances de 2024. \u00abLe Mouvement des Engag\u00e9s du S\u00e9n\u00e9gal a pris tr\u00e8s au s\u00e9rieux les menaces qui p\u00e8sent sur la s\u00e9curit\u00e9 physique Aminata Tour\u00e9.&nbsp; Le Meds met en garde le Pr\u00e9sident \u00e0 qui incombe la mission d\u2019assurer la s\u00e9curit\u00e9 de tous les s\u00e9n\u00e9galais de prendre les dispositions les meilleurs pour garantir celle de Aminata Tour\u00e9\u00bb, a-t-on lu dans le document.&nbsp;\" \/>\n<meta property=\"og:url\" content=\"https:\/\/www.public.sn\/index.php\/2022\/09\/23\/le-meds-appelle-aminata-toure-a-prendre-ses-responsabilites-et-son-destin-en-main\/\" \/>\n<meta property=\"og:site_name\" content=\"LE PUBLIC\" \/>\n<meta property=\"article:published_time\" content=\"2022-09-23T12:42:47+00:00\" \/>\n<meta property=\"article:modified_time\" content=\"2022-09-23T12:42:48+00:00\" \/>\n<meta property=\"og:image\" content=\"https:\/\/www.public.sn\/wp-content\/uploads\/2022\/09\/FFB75446-F0A1-4F04-A3A4-4DDFF4E6C899.jpeg\" \/>\n\t<meta property=\"og:image:width\" content=\"800\" \/>\n\t<meta property=\"og:image:height\" content=\"533\" \/>\n\t<meta property=\"og:image:type\" content=\"image\/jpeg\" \/>\n<meta name=\"author\" content=\"LA REDACTION\" \/>\n<meta name=\"twitter:card\" content=\"summary_large_image\" \/>\n<meta name=\"twitter:label1\" content=\"\u00c9crit par\" \/>\n\t<meta name=\"twitter:data1\" content=\"LA REDACTION\" \/>\n\t<meta name=\"twitter:label2\" content=\"Dur\u00e9e de lecture estim\u00e9e\" \/>\n\t<meta name=\"twitter:data2\" content=\"2 minutes\" \/>\n<script type=\"application\/ld+json\" class=\"yoast-schema-graph\">{\"@context\":\"https:\/\/schema.org\",\"@graph\":[{\"@type\":\"Article\",\"@id\":\"https:\/\/www.public.sn\/index.php\/2022\/09\/23\/le-meds-appelle-aminata-toure-a-prendre-ses-responsabilites-et-son-destin-en-main\/#article\",\"isPartOf\":{\"@id\":\"https:\/\/www.public.sn\/index.php\/2022\/09\/23\/le-meds-appelle-aminata-toure-a-prendre-ses-responsabilites-et-son-destin-en-main\/\"},\"author\":{\"name\":\"LA REDACTION\",\"@id\":\"https:\/\/www.public.sn\/#\/schema\/person\/e3f4a11b037d4203902db148f9bc8d5a\"},\"headline\":\"Le Meds appelle Aminata Tour\u00e9 \u00e0 prendre ses responsabilit\u00e9s et son destin en main.\",\"datePublished\":\"2022-09-23T12:42:47+00:00\",\"dateModified\":\"2022-09-23T12:42:48+00:00\",\"mainEntityOfPage\":{\"@id\":\"https:\/\/www.public.sn\/index.php\/2022\/09\/23\/le-meds-appelle-aminata-toure-a-prendre-ses-responsabilites-et-son-destin-en-main\/\"},\"wordCount\":406,\"commentCount\":0,\"publisher\":{\"@id\":\"https:\/\/www.public.sn\/#organization\"},\"image\":{\"@id\":\"https:\/\/www.public.sn\/index.php\/2022\/09\/23\/le-meds-appelle-aminata-toure-a-prendre-ses-responsabilites-et-son-destin-en-main\/#primaryimage\"},\"thumbnailUrl\":\"https:\/\/www.public.sn\/wp-content\/uploads\/2022\/09\/FFB75446-F0A1-4F04-A3A4-4DDFF4E6C899.jpeg\",\"keywords\":[\"Amadou Ba\",\"Assembl\u00e9e Nationale\",\"Benno\",\"Macky Sall\",\"Meds\",\"Mimi Tour\u00e9\",\"Opposition\"],\"articleSection\":[\"ACTUALIT\u00c9S\",\"POLITIQUE\"],\"inLanguage\":\"fr-FR\",\"potentialAction\":[{\"@type\":\"CommentAction\",\"name\":\"Comment\",\"target\":[\"https:\/\/www.public.sn\/index.php\/2022\/09\/23\/le-meds-appelle-aminata-toure-a-prendre-ses-responsabilites-et-son-destin-en-main\/#respond\"]}]},{\"@type\":\"WebPage\",\"@id\":\"https:\/\/www.public.sn\/index.php\/2022\/09\/23\/le-meds-appelle-aminata-toure-a-prendre-ses-responsabilites-et-son-destin-en-main\/\",\"url\":\"https:\/\/www.public.sn\/index.php\/2022\/09\/23\/le-meds-appelle-aminata-toure-a-prendre-ses-responsabilites-et-son-destin-en-main\/\",\"name\":\"Le Meds appelle Aminata Tour\u00e9 \u00e0 prendre ses responsabilit\u00e9s et son destin en main. - LE PUBLIC\",\"isPartOf\":{\"@id\":\"https:\/\/www.public.sn\/#website\"},\"primaryImageOfPage\":{\"@id\":\"https:\/\/www.public.sn\/index.php\/2022\/09\/23\/le-meds-appelle-aminata-toure-a-prendre-ses-responsabilites-et-son-destin-en-main\/#primaryimage\"},\"image\":{\"@id\":\"https:\/\/www.public.sn\/index.php\/2022\/09\/23\/le-meds-appelle-aminata-toure-a-prendre-ses-responsabilites-et-son-destin-en-main\/#primaryimage\"},\"thumbnailUrl\":\"https:\/\/www.public.sn\/wp-content\/uploads\/2022\/09\/FFB75446-F0A1-4F04-A3A4-4DDFF4E6C899.jpeg\",\"datePublished\":\"2022-09-23T12:42:47+00:00\",\"dateModified\":\"2022-09-23T12:42:48+00:00\",\"breadcrumb\":{\"@id\":\"https:\/\/www.public.sn\/index.php\/2022\/09\/23\/le-meds-appelle-aminata-toure-a-prendre-ses-responsabilites-et-son-destin-en-main\/#breadcrumb\"},\"inLanguage\":\"fr-FR\",\"potentialAction\":[{\"@type\":\"ReadAction\",\"target\":[\"https:\/\/www.public.sn\/index.php\/2022\/09\/23\/le-meds-appelle-aminata-toure-a-prendre-ses-responsabilites-et-son-destin-en-main\/\"]}]},{\"@type\":\"ImageObject\",\"inLanguage\":\"fr-FR\",\"@id\":\"https:\/\/www.public.sn\/index.php\/2022\/09\/23\/le-meds-appelle-aminata-toure-a-prendre-ses-responsabilites-et-son-destin-en-main\/#primaryimage\",\"url\":\"https:\/\/www.public.sn\/wp-content\/uploads\/2022\/09\/FFB75446-F0A1-4F04-A3A4-4DDFF4E6C899.jpeg\",\"contentUrl\":\"https:\/\/www.public.sn\/wp-content\/uploads\/2022\/09\/FFB75446-F0A1-4F04-A3A4-4DDFF4E6C899.jpeg\",\"width\":800,\"height\":533},{\"@type\":\"BreadcrumbList\",\"@id\":\"https:\/\/www.public.sn\/index.php\/2022\/09\/23\/le-meds-appelle-aminata-toure-a-prendre-ses-responsabilites-et-son-destin-en-main\/#breadcrumb\",\"itemListElement\":[{\"@type\":\"ListItem\",\"position\":1,\"name\":\"Accueil\",\"item\":\"https:\/\/www.public.sn\/\"},{\"@type\":\"ListItem\",\"position\":2,\"name\":\"Le Meds appelle Aminata Tour\u00e9 \u00e0 prendre ses responsabilit\u00e9s et son destin en main.\"}]},{\"@type\":\"WebSite\",\"@id\":\"https:\/\/www.public.sn\/#website\",\"url\":\"https:\/\/www.public.sn\/\",\"name\":\"LE PUBLIC\",\"description\":\"\",\"publisher\":{\"@id\":\"https:\/\/www.public.sn\/#organization\"},\"potentialAction\":[{\"@type\":\"SearchAction\",\"target\":{\"@type\":\"EntryPoint\",\"urlTemplate\":\"https:\/\/www.public.sn\/?s={search_term_string}\"},\"query-input\":{\"@type\":\"PropertyValueSpecification\",\"valueRequired\":true,\"valueName\":\"search_term_string\"}}],\"inLanguage\":\"fr-FR\"},{\"@type\":\"Organization\",\"@id\":\"https:\/\/www.public.sn\/#organization\",\"name\":\"LE PUBLIC\",\"url\":\"https:\/\/www.public.sn\/\",\"logo\":{\"@type\":\"ImageObject\",\"inLanguage\":\"fr-FR\",\"@id\":\"https:\/\/www.public.sn\/#\/schema\/logo\/image\/\",\"url\":\"https:\/\/www.public.sn\/wp-content\/uploads\/2024\/05\/cropped-LOGO-PUBLIC.SN_.png\",\"contentUrl\":\"https:\/\/www.public.sn\/wp-content\/uploads\/2024\/05\/cropped-LOGO-PUBLIC.SN_.png\",\"width\":682,\"height\":192,\"caption\":\"LE PUBLIC\"},\"image\":{\"@id\":\"https:\/\/www.public.sn\/#\/schema\/logo\/image\/\"}},{\"@type\":\"Person\",\"@id\":\"https:\/\/www.public.sn\/#\/schema\/person\/e3f4a11b037d4203902db148f9bc8d5a\",\"name\":\"LA REDACTION\",\"image\":{\"@type\":\"ImageObject\",\"inLanguage\":\"fr-FR\",\"@id\":\"https:\/\/www.public.sn\/#\/schema\/person\/image\/\",\"url\":\"https:\/\/secure.gravatar.com\/avatar\/d6c030db45db2883c075085c5d6c6258654a801a93766b49af0b82d4f454e2a5?s=96&d=mm&r=g\",\"contentUrl\":\"https:\/\/secure.gravatar.com\/avatar\/d6c030db45db2883c075085c5d6c6258654a801a93766b49af0b82d4f454e2a5?s=96&d=mm&r=g\",\"caption\":\"LA REDACTION\"},\"sameAs\":[\"http:\/\/www.public.sn\"],\"url\":\"https:\/\/www.public.sn\/index.php\/author\/admin7324\/\"}]}<\/script>\n<!-- \/ Yoast SEO plugin. -->","yoast_head_json":{"title":"Le Meds appelle Aminata Tour\u00e9 \u00e0 prendre ses responsabilit\u00e9s et son destin en main. - LE PUBLIC","robots":{"index":"index","follow":"follow","max-snippet":"max-snippet:-1","max-image-preview":"max-image-preview:large","max-video-preview":"max-video-preview:-1"},"canonical":"https:\/\/www.public.sn\/index.php\/2022\/09\/23\/le-meds-appelle-aminata-toure-a-prendre-ses-responsabilites-et-son-destin-en-main\/","og_locale":"fr_FR","og_type":"article","og_title":"Le Meds appelle Aminata Tour\u00e9 \u00e0 prendre ses responsabilit\u00e9s et son destin en main. - LE PUBLIC","og_description":"Le Mouvement des Engag\u00e9s du S\u00e9n\u00e9gal (Meds) a exprim\u00e9 toute sa d\u00e9ception et son indignation sur le revirement du Pr\u00e9sident de la R\u00e9publique, Macky Sall relatif au choix d\u2019Aminata Tour\u00e9 \u00e0 la pr\u00e9sidence de l\u2019Assembl\u00e9e Nationale. Le Meds consid\u00e8re cet acte comme une trahison, aux antipodes de l\u2019\u00e9l\u00e9gance politique. Selon le Meds, Aminata Tour\u00e9 doit prendre ses responsabilit\u00e9s. Selon le Mouvement des Engag\u00e9s du S\u00e9n\u00e9gal (Meds), le sort que le Pr\u00e9sident de la R\u00e9publique, Macky Sall \u00e0 Aminata Tour\u00e9 constitue, aux yeux du coordonnateur dudit mouvement, Moustapha Di\u00e9m\u00e9 un \u00abacte politique\u00bb savamment orchestr\u00e9 pour tenter d\u2019humilier et de liquider Aminata Tour\u00e9 dont le seul tort est de ne pas \u00eatre apparent\u00e9 \u00e0 la \u00abdynastie Faye Sall\u00bb.\u00a0 Le Mouvement des Engag\u00e9s du S\u00e9n\u00e9gal (Meds) ajoute que celle-ci, \u00abmilitante engag\u00e9e\u00bb de l\u2019\u00e9thique et de la bonne gouvernance, s\u2019est toujours illustr\u00e9e en faveur du respect de l\u2019\u00e9tat de droit et de la constitution.&nbsp; \u00abCe qui t\u00e9moigne son rejet du 3e mandat qui lui a valu toutes sortes de coups fourr\u00e9s. En r\u00e9alit\u00e9, Macky Sall, apr\u00e8s avoir essuy\u00e9 des revers partout lors des locales, sentant le d\u00e9b\u00e2cle in\u00e9vitable pour les l\u00e9gislatives, a d\u00fb s\u2019attacher \u00e0 nouveau les services de Mimi Tour\u00e9 qui, en digne sapeur-pompier de BBY, a accept\u00e9 de sauver la majorit\u00e9 en devenant la t\u00eate de liste. Engag\u00e9e et combative, elle s\u2019est lanc\u00e9e dans un marathon de plus de 5000 kilom\u00e8tres, sillonnant villages, hameaux et communes pour limiter la casse et ramener au bercail une majorit\u00e9 inesp\u00e9r\u00e9e pour Bby\u00bb, a-t-on lu dans le document.&nbsp; C\u2019est dans cette optique que le Meds appelle Aminata Tour\u00e9 \u00e0 prendre ses responsabilit\u00e9s et son destin en main pour faire cape vers les \u00e9ch\u00e9ances de 2024. \u00abLe Mouvement des Engag\u00e9s du S\u00e9n\u00e9gal a pris tr\u00e8s au s\u00e9rieux les menaces qui p\u00e8sent sur la s\u00e9curit\u00e9 physique Aminata Tour\u00e9.&nbsp; Le Meds met en garde le Pr\u00e9sident \u00e0 qui incombe la mission d\u2019assurer la s\u00e9curit\u00e9 de tous les s\u00e9n\u00e9galais de prendre les dispositions les meilleurs pour garantir celle de Aminata Tour\u00e9\u00bb, a-t-on lu dans le document.&nbsp;","og_url":"https:\/\/www.public.sn\/index.php\/2022\/09\/23\/le-meds-appelle-aminata-toure-a-prendre-ses-responsabilites-et-son-destin-en-main\/","og_site_name":"LE PUBLIC","article_published_time":"2022-09-23T12:42:47+00:00","article_modified_time":"2022-09-23T12:42:48+00:00","og_image":[{"width":800,"height":533,"url":"https:\/\/www.public.sn\/wp-content\/uploads\/2022\/09\/FFB75446-F0A1-4F04-A3A4-4DDFF4E6C899.jpeg","type":"image\/jpeg"}],"author":"LA REDACTION","twitter_card":"summary_large_image","twitter_misc":{"\u00c9crit par":"LA REDACTION","Dur\u00e9e de lecture estim\u00e9e":"2 minutes"},"schema":{"@context":"https:\/\/schema.org","@graph":[{"@type":"Article","@id":"https:\/\/www.public.sn\/index.php\/2022\/09\/23\/le-meds-appelle-aminata-toure-a-prendre-ses-responsabilites-et-son-destin-en-main\/#article","isPartOf":{"@id":"https:\/\/www.public.sn\/index.php\/2022\/09\/23\/le-meds-appelle-aminata-toure-a-prendre-ses-responsabilites-et-son-destin-en-main\/"},"author":{"name":"LA REDACTION","@id":"https:\/\/www.public.sn\/#\/schema\/person\/e3f4a11b037d4203902db148f9bc8d5a"},"headline":"Le Meds appelle Aminata Tour\u00e9 \u00e0 prendre ses responsabilit\u00e9s et son destin en main.","datePublished":"2022-09-23T12:42:47+00:00","dateModified":"2022-09-23T12:42:48+00:00","mainEntityOfPage":{"@id":"https:\/\/www.public.sn\/index.php\/2022\/09\/23\/le-meds-appelle-aminata-toure-a-prendre-ses-responsabilites-et-son-destin-en-main\/"},"wordCount":406,"commentCount":0,"publisher":{"@id":"https:\/\/www.public.sn\/#organization"},"image":{"@id":"https:\/\/www.public.sn\/index.php\/2022\/09\/23\/le-meds-appelle-aminata-toure-a-prendre-ses-responsabilites-et-son-destin-en-main\/#primaryimage"},"thumbnailUrl":"https:\/\/www.public.sn\/wp-content\/uploads\/2022\/09\/FFB75446-F0A1-4F04-A3A4-4DDFF4E6C899.jpeg","keywords":["Amadou Ba","Assembl\u00e9e Nationale","Benno","Macky Sall","Meds","Mimi Tour\u00e9","Opposition"],"articleSection":["ACTUALIT\u00c9S","POLITIQUE"],"inLanguage":"fr-FR","potentialAction":[{"@type":"CommentAction","name":"Comment","target":["https:\/\/www.public.sn\/index.php\/2022\/09\/23\/le-meds-appelle-aminata-toure-a-prendre-ses-responsabilites-et-son-destin-en-main\/#respond"]}]},{"@type":"WebPage","@id":"https:\/\/www.public.sn\/index.php\/2022\/09\/23\/le-meds-appelle-aminata-toure-a-prendre-ses-responsabilites-et-son-destin-en-main\/","url":"https:\/\/www.public.sn\/index.php\/2022\/09\/23\/le-meds-appelle-aminata-toure-a-prendre-ses-responsabilites-et-son-destin-en-main\/","name":"Le Meds appelle Aminata Tour\u00e9 \u00e0 prendre ses responsabilit\u00e9s et son destin en main. - LE PUBLIC","isPartOf":{"@id":"https:\/\/www.public.sn\/#website"},"primaryImageOfPage":{"@id":"https:\/\/www.public.sn\/index.php\/2022\/09\/23\/le-meds-appelle-aminata-toure-a-prendre-ses-responsabilites-et-son-destin-en-main\/#primaryimage"},"image":{"@id":"https:\/\/www.public.sn\/index.php\/2022\/09\/23\/le-meds-appelle-aminata-toure-a-prendre-ses-responsabilites-et-son-destin-en-main\/#primaryimage"},"thumbnailUrl":"https:\/\/www.public.sn\/wp-content\/uploads\/2022\/09\/FFB75446-F0A1-4F04-A3A4-4DDFF4E6C899.jpeg","datePublished":"2022-09-23T12:42:47+00:00","dateModified":"2022-09-23T12:42:48+00:00","breadcrumb":{"@id":"https:\/\/www.public.sn\/index.php\/2022\/09\/23\/le-meds-appelle-aminata-toure-a-prendre-ses-responsabilites-et-son-destin-en-main\/#breadcrumb"},"inLanguage":"fr-FR","potentialAction":[{"@type":"ReadAction","target":["https:\/\/www.public.sn\/index.php\/2022\/09\/23\/le-meds-appelle-aminata-toure-a-prendre-ses-responsabilites-et-son-destin-en-main\/"]}]},{"@type":"ImageObject","inLanguage":"fr-FR","@id":"https:\/\/www.public.sn\/index.php\/2022\/09\/23\/le-meds-appelle-aminata-toure-a-prendre-ses-responsabilites-et-son-destin-en-main\/#primaryimage","url":"https:\/\/www.public.sn\/wp-content\/uploads\/2022\/09\/FFB75446-F0A1-4F04-A3A4-4DDFF4E6C899.jpeg","contentUrl":"https:\/\/www.public.sn\/wp-content\/uploads\/2022\/09\/FFB75446-F0A1-4F04-A3A4-4DDFF4E6C899.jpeg","width":800,"height":533},{"@type":"BreadcrumbList","@id":"https:\/\/www.public.sn\/index.php\/2022\/09\/23\/le-meds-appelle-aminata-toure-a-prendre-ses-responsabilites-et-son-destin-en-main\/#breadcrumb","itemListElement":[{"@type":"ListItem","position":1,"name":"Accueil","item":"https:\/\/www.public.sn\/"},{"@type":"ListItem","position":2,"name":"Le Meds appelle Aminata Tour\u00e9 \u00e0 prendre ses responsabilit\u00e9s et son destin en main."}]},{"@type":"WebSite","@id":"https:\/\/www.public.sn\/#website","url":"https:\/\/www.public.sn\/","name":"LE PUBLIC","description":"","publisher":{"@id":"https:\/\/www.public.sn\/#organization"},"potentialAction":[{"@type":"SearchAction","target":{"@type":"EntryPoint","urlTemplate":"https:\/\/www.public.sn\/?s={search_term_string}"},"query-input":{"@type":"PropertyValueSpecification","valueRequired":true,"valueName":"search_term_string"}}],"inLanguage":"fr-FR"},{"@type":"Organization","@id":"https:\/\/www.public.sn\/#organization","name":"LE PUBLIC","url":"https:\/\/www.public.sn\/","logo":{"@type":"ImageObject","inLanguage":"fr-FR","@id":"https:\/\/www.public.sn\/#\/schema\/logo\/image\/","url":"https:\/\/www.public.sn\/wp-content\/uploads\/2024\/05\/cropped-LOGO-PUBLIC.SN_.png","contentUrl":"https:\/\/www.public.sn\/wp-content\/uploads\/2024\/05\/cropped-LOGO-PUBLIC.SN_.png","width":682,"height":192,"caption":"LE PUBLIC"},"image":{"@id":"https:\/\/www.public.sn\/#\/schema\/logo\/image\/"}},{"@type":"Person","@id":"https:\/\/www.public.sn\/#\/schema\/person\/e3f4a11b037d4203902db148f9bc8d5a","name":"LA REDACTION","image":{"@type":"ImageObject","inLanguage":"fr-FR","@id":"https:\/\/www.public.sn\/#\/schema\/person\/image\/","url":"https:\/\/secure.gravatar.com\/avatar\/d6c030db45db2883c075085c5d6c6258654a801a93766b49af0b82d4f454e2a5?s=96&d=mm&r=g","contentUrl":"https:\/\/secure.gravatar.com\/avatar\/d6c030db45db2883c075085c5d6c6258654a801a93766b49af0b82d4f454e2a5?s=96&d=mm&r=g","caption":"LA REDACTION"},"sameAs":["http:\/\/www.public.sn"],"url":"https:\/\/www.public.sn\/index.php\/author\/admin7324\/"}]}},"jetpack_featured_media_url":"https:\/\/www.public.sn\/wp-content\/uploads\/2022\/09\/FFB75446-F0A1-4F04-A3A4-4DDFF4E6C899.jpeg","jetpack_sharing_enabled":true,"_links":{"self":[{"href":"https:\/\/www.public.sn\/index.php\/wp-json\/wp\/v2\/posts\/2678","targetHints":{"allow":["GET"]}}],"collection":[{"href":"https:\/\/www.public.sn\/index.php\/wp-json\/wp\/v2\/posts"}],"about":[{"href":"https:\/\/www.public.sn\/index.php\/wp-json\/wp\/v2\/types\/post"}],"author":[{"embeddable":true,"href":"https:\/\/www.public.sn\/index.php\/wp-json\/wp\/v2\/users\/1"}],"replies":[{"embeddable":true,"href":"https:\/\/www.public.sn\/index.php\/wp-json\/wp\/v2\/comments?post=2678"}],"version-history":[{"count":1,"href":"https:\/\/www.public.sn\/index.php\/wp-json\/wp\/v2\/posts\/2678\/revisions"}],"predecessor-version":[{"id":2680,"href":"https:\/\/www.public.sn\/index.php\/wp-json\/wp\/v2\/posts\/2678\/revisions\/2680"}],"wp:featuredmedia":[{"embeddable":true,"href":"https:\/\/www.public.sn\/index.php\/wp-json\/wp\/v2\/media\/2679"}],"wp:attachment":[{"href":"https:\/\/www.public.sn\/index.php\/wp-json\/wp\/v2\/media?parent=2678"}],"wp:term":[{"taxonomy":"category","embeddable":true,"href":"https:\/\/www.public.sn\/index.php\/wp-json\/wp\/v2\/categories?post=2678"},{"taxonomy":"post_tag","embeddable":true,"href":"https:\/\/www.public.sn\/index.php\/wp-json\/wp\/v2\/tags?post=2678"}],"curies":[{"name":"wp","href":"https:\/\/api.w.org\/{rel}","templated":true}]}}