{"id":26782,"date":"2023-08-31T09:48:50","date_gmt":"2023-08-31T09:48:50","guid":{"rendered":"https:\/\/www.public.sn\/?p=26782"},"modified":"2023-08-31T09:48:50","modified_gmt":"2023-08-31T09:48:50","slug":"tgi-de-mbour-il-accuse-son-oncle-de-73-ans-de-relations-contre-nature-avec-son-fils","status":"publish","type":"post","link":"https:\/\/www.public.sn\/index.php\/2023\/08\/31\/tgi-de-mbour-il-accuse-son-oncle-de-73-ans-de-relations-contre-nature-avec-son-fils\/","title":{"rendered":"TGI de Mbour : Il accuse son oncle de 73 ans de relations contre nature avec son fils"},"content":{"rendered":"<div><span style=\"font-size: x-large;\">Avec ses accusations, I. K. D. a jet\u00e9 l&rsquo;opprobre sur son oncle et son fils. Ils les\u00a0 accusent d&rsquo;entretenir des relations homosexuelles et incestueuses. Est-ce pour salir l&rsquo;image d&rsquo;un p\u00e8re et de son fils ? En tout \u00e9tat de cause, son oncle \u00e2g\u00e9 de 73 ans a \u00e9t\u00e9 pein\u00e9 par les accusations publiques de son neveu.<br \/>\n<\/span><\/div>\n<div><span style=\"font-size: x-large;\">\u00a0<\/span><\/div>\n<div><span style=\"font-size: x-large;\">\u00c0 la barre du tribunal de grande instance de Mbour, I. K. D. assure que depuis trois ans, son oncle A. D. cherche \u00e0 entretenir des rapports sexuels avec lui, comme il le fait chaque soir avec son propre fils. \u00ab\u00a0Habill\u00e9 d&rsquo;un peignoir, il me retrouve tous les soirs dans ma chambre pour que je l&rsquo;encule\u00a0\u00bb, dit-il en joignant les gestes \u00e0 la parole.<\/span><\/div>\n<div><\/div>\n<div>\n<div><span style=\"font-size: x-large;\">N&rsquo;en pouvant plus des avances de son oncle et de son fils, il les a ass\u00e9n\u00e9s de coups de coupe-coupe. Son cousin I. D., s&rsquo;est retrouv\u00e9 avec les deux phalanges du doigt coup\u00e9es et le bras cass\u00e9. Il va subir une op\u00e9ration et risque de ne plus retrouver la motricit\u00e9 de ses trois doigts.\u00a0<\/span><\/div>\n<div><span style=\"font-size: x-large;\">\u00a0<\/span><\/div>\n<div><span style=\"font-size: x-large;\">\u00ab\u00a0Il est sorti de prison et nous l&rsquo;avons accueilli. On partage tout avec lui jusqu&rsquo;au jour o\u00f9 il a compl\u00e8tement chang\u00e9 de comportement. Un soir, il a mis de la musique qui r\u00e9sonnait tr\u00e8s fort dans la maison. Je lui ai demand\u00e9 de diminuer\u00a0 le volume. C&rsquo;est alors qu&rsquo;il s&rsquo;est saisi d&rsquo;un coupe-coupe et a ass\u00e9n\u00e9 un coup \u00e0 mon p\u00e8re. Quand j&rsquo;ai voulu prot\u00e9ger mon p\u00e8re, il m&rsquo;a fractur\u00e9 le bras et sectionn\u00e9 deux doigts. On les a recoll\u00e9s \u00e0 ma main. D\u2019ailleurs les trois autres doigts ne bougent plus\u00a0\u00bb, explique I. D.<\/span><\/div>\n<div><span style=\"font-size: x-large;\">\u00a0<\/span><\/div>\n<div><span style=\"font-size: x-large;\">A. D., qui a \u00e9t\u00e9 choqu\u00e9 et pris au d\u00e9pourvu par les accusations de son neveu, dira : \u00ab\u00a0C&rsquo;est tr\u00e8s grave ce dont il m&rsquo;accuse. J&rsquo;ai 73 ans et il m&rsquo;accuse de coucher avec mon propre fils.\u00a0\u00bb<\/span><\/div>\n<div><span style=\"font-size: x-large;\">\u00a0<\/span><\/div>\n<div><span style=\"font-size: x-large;\">Le procureur demande au pr\u00e9venu s&rsquo;il regrette son acte. Sans \u00e9tat d&rsquo;\u00e2me, I. K. D. r\u00e9pond qu&rsquo;il ne regrette rien et que son cousin l&rsquo;a bien m\u00e9rit\u00e9.<\/span><\/div>\n<div><span style=\"font-size: x-large;\">\u00a0<\/span><\/div>\n<div><span style=\"font-size: x-large;\">Les faits \u00e9tant constants, le minist\u00e8re public a requis cinq ans de prison ferme contre I. K. D. qui a une fois purg\u00e9 une peine de prison de cinq ans pour coups et blessures volontaires (CBV). Voil\u00e0 trois ans qu&rsquo;il a recouvr\u00e9 la libert\u00e9. Il y retourne encore pour un an. Sa maman n&rsquo;\u00e9tant pas satisfaite de cette condamnation a vid\u00e9 sa bile sur son fr\u00e8re en l&rsquo;attaquant publiquement.<\/span><\/div>\n<\/div>\n<div class=\"publi-apres-le-contenu\" style=\"margin-top: 10px;margin-bottom: 10px;margin-left: auto;margin-right: auto;text-align: center;\" id=\"publi-1227610305\"><div class=\"publi-adlabel\">Publicit\u00e9<\/div><script async src=\"\/\/pagead2.googlesyndication.com\/pagead\/js\/adsbygoogle.js?client=ca-pub-4089586018074219\" crossorigin=\"anonymous\"><\/script><ins class=\"adsbygoogle\" style=\"display:block;\" data-ad-client=\"ca-pub-4089586018074219\" \ndata-ad-slot=\"2087940154\" \ndata-ad-format=\"auto\"><\/ins>\n<script> \n(adsbygoogle = window.adsbygoogle || []).push({}); \n<\/script>\n<\/div>","protected":false},"excerpt":{"rendered":"<p>Avec ses accusations, I. K. D. a jet\u00e9 l&rsquo;opprobre sur son oncle et son fils. Ils les\u00a0 accusent d&rsquo;entretenir des relations homosexuelles et incestueuses. Est-ce pour salir l&rsquo;image d&rsquo;un p\u00e8re et de son fils ? En tout \u00e9tat de cause, son oncle \u00e2g\u00e9 de 73 ans a \u00e9t\u00e9 pein\u00e9 par les accusations publiques de son neveu. \u00a0 \u00c0 la barre du tribunal de grande instance de Mbour, I. K. D. assure que depuis trois ans, son oncle A. D. cherche \u00e0 entretenir des rapports sexuels avec lui, comme il le fait chaque soir avec son propre fils. \u00ab\u00a0Habill\u00e9 d&rsquo;un peignoir, il me retrouve tous les soirs dans ma chambre pour que je l&rsquo;encule\u00a0\u00bb, dit-il en joignant les gestes \u00e0 la parole. N&rsquo;en pouvant plus des avances de son oncle et de son fils, il les a ass\u00e9n\u00e9s de coups de coupe-coupe. Son cousin I. D., s&rsquo;est retrouv\u00e9 avec les deux phalanges du doigt coup\u00e9es et le bras cass\u00e9. Il va subir une op\u00e9ration et risque de ne plus retrouver la motricit\u00e9 de ses trois doigts.\u00a0 \u00a0 \u00ab\u00a0Il est sorti de prison et nous l&rsquo;avons accueilli. On partage tout avec lui jusqu&rsquo;au jour o\u00f9 il a compl\u00e8tement chang\u00e9 de comportement. Un soir, il a mis de la musique qui r\u00e9sonnait tr\u00e8s fort dans la maison. Je lui ai demand\u00e9 de diminuer\u00a0 le volume. C&rsquo;est alors qu&rsquo;il s&rsquo;est saisi d&rsquo;un coupe-coupe et a ass\u00e9n\u00e9 un coup \u00e0 mon p\u00e8re. Quand j&rsquo;ai voulu prot\u00e9ger mon p\u00e8re, il m&rsquo;a fractur\u00e9 le bras et sectionn\u00e9 deux doigts. On les a recoll\u00e9s \u00e0 ma main. D\u2019ailleurs les trois autres doigts ne bougent plus\u00a0\u00bb, explique I. D. \u00a0 A. D., qui a \u00e9t\u00e9 choqu\u00e9 et pris au d\u00e9pourvu par les accusations de son neveu, dira : \u00ab\u00a0C&rsquo;est tr\u00e8s grave ce dont il m&rsquo;accuse. J&rsquo;ai 73 ans et il m&rsquo;accuse de coucher avec mon propre fils.\u00a0\u00bb \u00a0 Le procureur demande au pr\u00e9venu s&rsquo;il regrette son acte. Sans \u00e9tat d&rsquo;\u00e2me, I. K. D. r\u00e9pond qu&rsquo;il ne regrette rien et que son cousin l&rsquo;a bien m\u00e9rit\u00e9. \u00a0 Les faits \u00e9tant constants, le minist\u00e8re public a requis cinq ans de prison ferme contre I. K. D. qui a une fois purg\u00e9 une peine de prison de cinq ans pour coups et blessures volontaires (CBV). Voil\u00e0 trois ans qu&rsquo;il a recouvr\u00e9 la libert\u00e9. Il y retourne encore pour un an. Sa maman n&rsquo;\u00e9tant pas satisfaite de cette condamnation a vid\u00e9 sa bile sur son fr\u00e8re en l&rsquo;attaquant publiquement.<\/p>\n","protected":false},"author":7,"featured_media":26783,"comment_status":"open","ping_status":"open","sticky":false,"template":"","format":"standard","meta":{"_jetpack_memberships_contains_paid_content":false,"footnotes":""},"categories":[375,379,3],"tags":[],"class_list":["post-26782","post","type-post","status-publish","format-standard","has-post-thumbnail","hentry","category-actualites","category-faits-divers","category-politique","entry","has-media","owp-thumbs-layout-horizontal","owp-btn-normal","owp-tabs-layout-horizontal","has-no-thumbnails","has-product-nav"],"yoast_head":"<!-- This site is optimized with the Yoast SEO plugin v25.5 - https:\/\/yoast.com\/wordpress\/plugins\/seo\/ -->\n<title>TGI de Mbour : Il accuse son oncle de 73 ans de relations contre nature avec son fils - LE PUBLIC<\/title>\n<meta name=\"robots\" content=\"index, follow, max-snippet:-1, max-image-preview:large, max-video-preview:-1\" \/>\n<link rel=\"canonical\" href=\"https:\/\/www.public.sn\/index.php\/2023\/08\/31\/tgi-de-mbour-il-accuse-son-oncle-de-73-ans-de-relations-contre-nature-avec-son-fils\/\" \/>\n<meta property=\"og:locale\" content=\"fr_FR\" \/>\n<meta property=\"og:type\" content=\"article\" \/>\n<meta property=\"og:title\" content=\"TGI de Mbour : Il accuse son oncle de 73 ans de relations contre nature avec son fils - LE PUBLIC\" \/>\n<meta property=\"og:description\" content=\"Avec ses accusations, I. K. D. a jet\u00e9 l&rsquo;opprobre sur son oncle et son fils. Ils les\u00a0 accusent d&rsquo;entretenir des relations homosexuelles et incestueuses. Est-ce pour salir l&rsquo;image d&rsquo;un p\u00e8re et de son fils ? En tout \u00e9tat de cause, son oncle \u00e2g\u00e9 de 73 ans a \u00e9t\u00e9 pein\u00e9 par les accusations publiques de son neveu. \u00a0 \u00c0 la barre du tribunal de grande instance de Mbour, I. K. D. assure que depuis trois ans, son oncle A. D. cherche \u00e0 entretenir des rapports sexuels avec lui, comme il le fait chaque soir avec son propre fils. \u00ab\u00a0Habill\u00e9 d&rsquo;un peignoir, il me retrouve tous les soirs dans ma chambre pour que je l&rsquo;encule\u00a0\u00bb, dit-il en joignant les gestes \u00e0 la parole. N&rsquo;en pouvant plus des avances de son oncle et de son fils, il les a ass\u00e9n\u00e9s de coups de coupe-coupe. Son cousin I. D., s&rsquo;est retrouv\u00e9 avec les deux phalanges du doigt coup\u00e9es et le bras cass\u00e9. Il va subir une op\u00e9ration et risque de ne plus retrouver la motricit\u00e9 de ses trois doigts.\u00a0 \u00a0 \u00ab\u00a0Il est sorti de prison et nous l&rsquo;avons accueilli. On partage tout avec lui jusqu&rsquo;au jour o\u00f9 il a compl\u00e8tement chang\u00e9 de comportement. Un soir, il a mis de la musique qui r\u00e9sonnait tr\u00e8s fort dans la maison. Je lui ai demand\u00e9 de diminuer\u00a0 le volume. C&rsquo;est alors qu&rsquo;il s&rsquo;est saisi d&rsquo;un coupe-coupe et a ass\u00e9n\u00e9 un coup \u00e0 mon p\u00e8re. Quand j&rsquo;ai voulu prot\u00e9ger mon p\u00e8re, il m&rsquo;a fractur\u00e9 le bras et sectionn\u00e9 deux doigts. On les a recoll\u00e9s \u00e0 ma main. D\u2019ailleurs les trois autres doigts ne bougent plus\u00a0\u00bb, explique I. D. \u00a0 A. D., qui a \u00e9t\u00e9 choqu\u00e9 et pris au d\u00e9pourvu par les accusations de son neveu, dira : \u00ab\u00a0C&rsquo;est tr\u00e8s grave ce dont il m&rsquo;accuse. J&rsquo;ai 73 ans et il m&rsquo;accuse de coucher avec mon propre fils.\u00a0\u00bb \u00a0 Le procureur demande au pr\u00e9venu s&rsquo;il regrette son acte. Sans \u00e9tat d&rsquo;\u00e2me, I. K. D. r\u00e9pond qu&rsquo;il ne regrette rien et que son cousin l&rsquo;a bien m\u00e9rit\u00e9. \u00a0 Les faits \u00e9tant constants, le minist\u00e8re public a requis cinq ans de prison ferme contre I. K. D. qui a une fois purg\u00e9 une peine de prison de cinq ans pour coups et blessures volontaires (CBV). Voil\u00e0 trois ans qu&rsquo;il a recouvr\u00e9 la libert\u00e9. Il y retourne encore pour un an. Sa maman n&rsquo;\u00e9tant pas satisfaite de cette condamnation a vid\u00e9 sa bile sur son fr\u00e8re en l&rsquo;attaquant publiquement.\" \/>\n<meta property=\"og:url\" content=\"https:\/\/www.public.sn\/index.php\/2023\/08\/31\/tgi-de-mbour-il-accuse-son-oncle-de-73-ans-de-relations-contre-nature-avec-son-fils\/\" \/>\n<meta property=\"og:site_name\" content=\"LE PUBLIC\" \/>\n<meta property=\"article:published_time\" content=\"2023-08-31T09:48:50+00:00\" \/>\n<meta property=\"og:image\" content=\"https:\/\/www.public.sn\/wp-content\/uploads\/2023\/08\/b64920cd4fa511d68e97e2c7d4f35eb2a6803898.jpeg\" \/>\n\t<meta property=\"og:image:width\" content=\"612\" \/>\n\t<meta property=\"og:image:height\" content=\"298\" \/>\n\t<meta property=\"og:image:type\" content=\"image\/jpeg\" \/>\n<meta name=\"author\" content=\"LA REDACTION\" \/>\n<meta name=\"twitter:card\" content=\"summary_large_image\" \/>\n<meta name=\"twitter:label1\" content=\"\u00c9crit par\" \/>\n\t<meta name=\"twitter:data1\" content=\"LA REDACTION\" \/>\n\t<meta name=\"twitter:label2\" content=\"Dur\u00e9e de lecture estim\u00e9e\" \/>\n\t<meta name=\"twitter:data2\" content=\"3 minutes\" \/>\n<script type=\"application\/ld+json\" class=\"yoast-schema-graph\">{\"@context\":\"https:\/\/schema.org\",\"@graph\":[{\"@type\":\"Article\",\"@id\":\"https:\/\/www.public.sn\/index.php\/2023\/08\/31\/tgi-de-mbour-il-accuse-son-oncle-de-73-ans-de-relations-contre-nature-avec-son-fils\/#article\",\"isPartOf\":{\"@id\":\"https:\/\/www.public.sn\/index.php\/2023\/08\/31\/tgi-de-mbour-il-accuse-son-oncle-de-73-ans-de-relations-contre-nature-avec-son-fils\/\"},\"author\":{\"name\":\"LA REDACTION\",\"@id\":\"https:\/\/www.public.sn\/#\/schema\/person\/cb76c8e1b8becc6be61fb5e92d6d0224\"},\"headline\":\"TGI de Mbour : Il accuse son oncle de 73 ans de relations contre nature avec son fils\",\"datePublished\":\"2023-08-31T09:48:50+00:00\",\"mainEntityOfPage\":{\"@id\":\"https:\/\/www.public.sn\/index.php\/2023\/08\/31\/tgi-de-mbour-il-accuse-son-oncle-de-73-ans-de-relations-contre-nature-avec-son-fils\/\"},\"wordCount\":431,\"commentCount\":0,\"publisher\":{\"@id\":\"https:\/\/www.public.sn\/#organization\"},\"image\":{\"@id\":\"https:\/\/www.public.sn\/index.php\/2023\/08\/31\/tgi-de-mbour-il-accuse-son-oncle-de-73-ans-de-relations-contre-nature-avec-son-fils\/#primaryimage\"},\"thumbnailUrl\":\"https:\/\/www.public.sn\/wp-content\/uploads\/2023\/08\/b64920cd4fa511d68e97e2c7d4f35eb2a6803898.jpeg\",\"articleSection\":[\"ACTUALIT\u00c9S\",\"FAITS DIVERS\",\"POLITIQUE\"],\"inLanguage\":\"fr-FR\",\"potentialAction\":[{\"@type\":\"CommentAction\",\"name\":\"Comment\",\"target\":[\"https:\/\/www.public.sn\/index.php\/2023\/08\/31\/tgi-de-mbour-il-accuse-son-oncle-de-73-ans-de-relations-contre-nature-avec-son-fils\/#respond\"]}]},{\"@type\":\"WebPage\",\"@id\":\"https:\/\/www.public.sn\/index.php\/2023\/08\/31\/tgi-de-mbour-il-accuse-son-oncle-de-73-ans-de-relations-contre-nature-avec-son-fils\/\",\"url\":\"https:\/\/www.public.sn\/index.php\/2023\/08\/31\/tgi-de-mbour-il-accuse-son-oncle-de-73-ans-de-relations-contre-nature-avec-son-fils\/\",\"name\":\"TGI de Mbour : Il accuse son oncle de 73 ans de relations contre nature avec son fils - LE PUBLIC\",\"isPartOf\":{\"@id\":\"https:\/\/www.public.sn\/#website\"},\"primaryImageOfPage\":{\"@id\":\"https:\/\/www.public.sn\/index.php\/2023\/08\/31\/tgi-de-mbour-il-accuse-son-oncle-de-73-ans-de-relations-contre-nature-avec-son-fils\/#primaryimage\"},\"image\":{\"@id\":\"https:\/\/www.public.sn\/index.php\/2023\/08\/31\/tgi-de-mbour-il-accuse-son-oncle-de-73-ans-de-relations-contre-nature-avec-son-fils\/#primaryimage\"},\"thumbnailUrl\":\"https:\/\/www.public.sn\/wp-content\/uploads\/2023\/08\/b64920cd4fa511d68e97e2c7d4f35eb2a6803898.jpeg\",\"datePublished\":\"2023-08-31T09:48:50+00:00\",\"breadcrumb\":{\"@id\":\"https:\/\/www.public.sn\/index.php\/2023\/08\/31\/tgi-de-mbour-il-accuse-son-oncle-de-73-ans-de-relations-contre-nature-avec-son-fils\/#breadcrumb\"},\"inLanguage\":\"fr-FR\",\"potentialAction\":[{\"@type\":\"ReadAction\",\"target\":[\"https:\/\/www.public.sn\/index.php\/2023\/08\/31\/tgi-de-mbour-il-accuse-son-oncle-de-73-ans-de-relations-contre-nature-avec-son-fils\/\"]}]},{\"@type\":\"ImageObject\",\"inLanguage\":\"fr-FR\",\"@id\":\"https:\/\/www.public.sn\/index.php\/2023\/08\/31\/tgi-de-mbour-il-accuse-son-oncle-de-73-ans-de-relations-contre-nature-avec-son-fils\/#primaryimage\",\"url\":\"https:\/\/www.public.sn\/wp-content\/uploads\/2023\/08\/b64920cd4fa511d68e97e2c7d4f35eb2a6803898.jpeg\",\"contentUrl\":\"https:\/\/www.public.sn\/wp-content\/uploads\/2023\/08\/b64920cd4fa511d68e97e2c7d4f35eb2a6803898.jpeg\",\"width\":612,\"height\":298},{\"@type\":\"BreadcrumbList\",\"@id\":\"https:\/\/www.public.sn\/index.php\/2023\/08\/31\/tgi-de-mbour-il-accuse-son-oncle-de-73-ans-de-relations-contre-nature-avec-son-fils\/#breadcrumb\",\"itemListElement\":[{\"@type\":\"ListItem\",\"position\":1,\"name\":\"Accueil\",\"item\":\"https:\/\/www.public.sn\/\"},{\"@type\":\"ListItem\",\"position\":2,\"name\":\"TGI de Mbour : Il accuse son oncle de 73 ans de relations contre nature avec son fils\"}]},{\"@type\":\"WebSite\",\"@id\":\"https:\/\/www.public.sn\/#website\",\"url\":\"https:\/\/www.public.sn\/\",\"name\":\"LE PUBLIC\",\"description\":\"\",\"publisher\":{\"@id\":\"https:\/\/www.public.sn\/#organization\"},\"potentialAction\":[{\"@type\":\"SearchAction\",\"target\":{\"@type\":\"EntryPoint\",\"urlTemplate\":\"https:\/\/www.public.sn\/?s={search_term_string}\"},\"query-input\":{\"@type\":\"PropertyValueSpecification\",\"valueRequired\":true,\"valueName\":\"search_term_string\"}}],\"inLanguage\":\"fr-FR\"},{\"@type\":\"Organization\",\"@id\":\"https:\/\/www.public.sn\/#organization\",\"name\":\"LE PUBLIC\",\"url\":\"https:\/\/www.public.sn\/\",\"logo\":{\"@type\":\"ImageObject\",\"inLanguage\":\"fr-FR\",\"@id\":\"https:\/\/www.public.sn\/#\/schema\/logo\/image\/\",\"url\":\"https:\/\/www.public.sn\/wp-content\/uploads\/2024\/05\/cropped-LOGO-PUBLIC.SN_.png\",\"contentUrl\":\"https:\/\/www.public.sn\/wp-content\/uploads\/2024\/05\/cropped-LOGO-PUBLIC.SN_.png\",\"width\":682,\"height\":192,\"caption\":\"LE PUBLIC\"},\"image\":{\"@id\":\"https:\/\/www.public.sn\/#\/schema\/logo\/image\/\"}},{\"@type\":\"Person\",\"@id\":\"https:\/\/www.public.sn\/#\/schema\/person\/cb76c8e1b8becc6be61fb5e92d6d0224\",\"name\":\"LA REDACTION\",\"image\":{\"@type\":\"ImageObject\",\"inLanguage\":\"fr-FR\",\"@id\":\"https:\/\/www.public.sn\/#\/schema\/person\/image\/\",\"url\":\"https:\/\/secure.gravatar.com\/avatar\/2dce5ddd34b8fef0180efe03aa2a9bee7d953856048f9a16b298190a3178407c?s=96&d=mm&r=g\",\"contentUrl\":\"https:\/\/secure.gravatar.com\/avatar\/2dce5ddd34b8fef0180efe03aa2a9bee7d953856048f9a16b298190a3178407c?s=96&d=mm&r=g\",\"caption\":\"LA REDACTION\"},\"url\":\"https:\/\/www.public.sn\/index.php\/author\/editeurpsn\/\"}]}<\/script>\n<!-- \/ Yoast SEO plugin. -->","yoast_head_json":{"title":"TGI de Mbour : Il accuse son oncle de 73 ans de relations contre nature avec son fils - LE PUBLIC","robots":{"index":"index","follow":"follow","max-snippet":"max-snippet:-1","max-image-preview":"max-image-preview:large","max-video-preview":"max-video-preview:-1"},"canonical":"https:\/\/www.public.sn\/index.php\/2023\/08\/31\/tgi-de-mbour-il-accuse-son-oncle-de-73-ans-de-relations-contre-nature-avec-son-fils\/","og_locale":"fr_FR","og_type":"article","og_title":"TGI de Mbour : Il accuse son oncle de 73 ans de relations contre nature avec son fils - LE PUBLIC","og_description":"Avec ses accusations, I. K. D. a jet\u00e9 l&rsquo;opprobre sur son oncle et son fils. Ils les\u00a0 accusent d&rsquo;entretenir des relations homosexuelles et incestueuses. Est-ce pour salir l&rsquo;image d&rsquo;un p\u00e8re et de son fils ? En tout \u00e9tat de cause, son oncle \u00e2g\u00e9 de 73 ans a \u00e9t\u00e9 pein\u00e9 par les accusations publiques de son neveu. \u00a0 \u00c0 la barre du tribunal de grande instance de Mbour, I. K. D. assure que depuis trois ans, son oncle A. D. cherche \u00e0 entretenir des rapports sexuels avec lui, comme il le fait chaque soir avec son propre fils. \u00ab\u00a0Habill\u00e9 d&rsquo;un peignoir, il me retrouve tous les soirs dans ma chambre pour que je l&rsquo;encule\u00a0\u00bb, dit-il en joignant les gestes \u00e0 la parole. N&rsquo;en pouvant plus des avances de son oncle et de son fils, il les a ass\u00e9n\u00e9s de coups de coupe-coupe. Son cousin I. D., s&rsquo;est retrouv\u00e9 avec les deux phalanges du doigt coup\u00e9es et le bras cass\u00e9. Il va subir une op\u00e9ration et risque de ne plus retrouver la motricit\u00e9 de ses trois doigts.\u00a0 \u00a0 \u00ab\u00a0Il est sorti de prison et nous l&rsquo;avons accueilli. On partage tout avec lui jusqu&rsquo;au jour o\u00f9 il a compl\u00e8tement chang\u00e9 de comportement. Un soir, il a mis de la musique qui r\u00e9sonnait tr\u00e8s fort dans la maison. Je lui ai demand\u00e9 de diminuer\u00a0 le volume. C&rsquo;est alors qu&rsquo;il s&rsquo;est saisi d&rsquo;un coupe-coupe et a ass\u00e9n\u00e9 un coup \u00e0 mon p\u00e8re. Quand j&rsquo;ai voulu prot\u00e9ger mon p\u00e8re, il m&rsquo;a fractur\u00e9 le bras et sectionn\u00e9 deux doigts. On les a recoll\u00e9s \u00e0 ma main. D\u2019ailleurs les trois autres doigts ne bougent plus\u00a0\u00bb, explique I. D. \u00a0 A. D., qui a \u00e9t\u00e9 choqu\u00e9 et pris au d\u00e9pourvu par les accusations de son neveu, dira : \u00ab\u00a0C&rsquo;est tr\u00e8s grave ce dont il m&rsquo;accuse. J&rsquo;ai 73 ans et il m&rsquo;accuse de coucher avec mon propre fils.\u00a0\u00bb \u00a0 Le procureur demande au pr\u00e9venu s&rsquo;il regrette son acte. Sans \u00e9tat d&rsquo;\u00e2me, I. K. D. r\u00e9pond qu&rsquo;il ne regrette rien et que son cousin l&rsquo;a bien m\u00e9rit\u00e9. \u00a0 Les faits \u00e9tant constants, le minist\u00e8re public a requis cinq ans de prison ferme contre I. K. D. qui a une fois purg\u00e9 une peine de prison de cinq ans pour coups et blessures volontaires (CBV). Voil\u00e0 trois ans qu&rsquo;il a recouvr\u00e9 la libert\u00e9. Il y retourne encore pour un an. Sa maman n&rsquo;\u00e9tant pas satisfaite de cette condamnation a vid\u00e9 sa bile sur son fr\u00e8re en l&rsquo;attaquant publiquement.","og_url":"https:\/\/www.public.sn\/index.php\/2023\/08\/31\/tgi-de-mbour-il-accuse-son-oncle-de-73-ans-de-relations-contre-nature-avec-son-fils\/","og_site_name":"LE PUBLIC","article_published_time":"2023-08-31T09:48:50+00:00","og_image":[{"width":612,"height":298,"url":"https:\/\/www.public.sn\/wp-content\/uploads\/2023\/08\/b64920cd4fa511d68e97e2c7d4f35eb2a6803898.jpeg","type":"image\/jpeg"}],"author":"LA REDACTION","twitter_card":"summary_large_image","twitter_misc":{"\u00c9crit par":"LA REDACTION","Dur\u00e9e de lecture estim\u00e9e":"3 minutes"},"schema":{"@context":"https:\/\/schema.org","@graph":[{"@type":"Article","@id":"https:\/\/www.public.sn\/index.php\/2023\/08\/31\/tgi-de-mbour-il-accuse-son-oncle-de-73-ans-de-relations-contre-nature-avec-son-fils\/#article","isPartOf":{"@id":"https:\/\/www.public.sn\/index.php\/2023\/08\/31\/tgi-de-mbour-il-accuse-son-oncle-de-73-ans-de-relations-contre-nature-avec-son-fils\/"},"author":{"name":"LA REDACTION","@id":"https:\/\/www.public.sn\/#\/schema\/person\/cb76c8e1b8becc6be61fb5e92d6d0224"},"headline":"TGI de Mbour : Il accuse son oncle de 73 ans de relations contre nature avec son fils","datePublished":"2023-08-31T09:48:50+00:00","mainEntityOfPage":{"@id":"https:\/\/www.public.sn\/index.php\/2023\/08\/31\/tgi-de-mbour-il-accuse-son-oncle-de-73-ans-de-relations-contre-nature-avec-son-fils\/"},"wordCount":431,"commentCount":0,"publisher":{"@id":"https:\/\/www.public.sn\/#organization"},"image":{"@id":"https:\/\/www.public.sn\/index.php\/2023\/08\/31\/tgi-de-mbour-il-accuse-son-oncle-de-73-ans-de-relations-contre-nature-avec-son-fils\/#primaryimage"},"thumbnailUrl":"https:\/\/www.public.sn\/wp-content\/uploads\/2023\/08\/b64920cd4fa511d68e97e2c7d4f35eb2a6803898.jpeg","articleSection":["ACTUALIT\u00c9S","FAITS DIVERS","POLITIQUE"],"inLanguage":"fr-FR","potentialAction":[{"@type":"CommentAction","name":"Comment","target":["https:\/\/www.public.sn\/index.php\/2023\/08\/31\/tgi-de-mbour-il-accuse-son-oncle-de-73-ans-de-relations-contre-nature-avec-son-fils\/#respond"]}]},{"@type":"WebPage","@id":"https:\/\/www.public.sn\/index.php\/2023\/08\/31\/tgi-de-mbour-il-accuse-son-oncle-de-73-ans-de-relations-contre-nature-avec-son-fils\/","url":"https:\/\/www.public.sn\/index.php\/2023\/08\/31\/tgi-de-mbour-il-accuse-son-oncle-de-73-ans-de-relations-contre-nature-avec-son-fils\/","name":"TGI de Mbour : Il accuse son oncle de 73 ans de relations contre nature avec son fils - LE PUBLIC","isPartOf":{"@id":"https:\/\/www.public.sn\/#website"},"primaryImageOfPage":{"@id":"https:\/\/www.public.sn\/index.php\/2023\/08\/31\/tgi-de-mbour-il-accuse-son-oncle-de-73-ans-de-relations-contre-nature-avec-son-fils\/#primaryimage"},"image":{"@id":"https:\/\/www.public.sn\/index.php\/2023\/08\/31\/tgi-de-mbour-il-accuse-son-oncle-de-73-ans-de-relations-contre-nature-avec-son-fils\/#primaryimage"},"thumbnailUrl":"https:\/\/www.public.sn\/wp-content\/uploads\/2023\/08\/b64920cd4fa511d68e97e2c7d4f35eb2a6803898.jpeg","datePublished":"2023-08-31T09:48:50+00:00","breadcrumb":{"@id":"https:\/\/www.public.sn\/index.php\/2023\/08\/31\/tgi-de-mbour-il-accuse-son-oncle-de-73-ans-de-relations-contre-nature-avec-son-fils\/#breadcrumb"},"inLanguage":"fr-FR","potentialAction":[{"@type":"ReadAction","target":["https:\/\/www.public.sn\/index.php\/2023\/08\/31\/tgi-de-mbour-il-accuse-son-oncle-de-73-ans-de-relations-contre-nature-avec-son-fils\/"]}]},{"@type":"ImageObject","inLanguage":"fr-FR","@id":"https:\/\/www.public.sn\/index.php\/2023\/08\/31\/tgi-de-mbour-il-accuse-son-oncle-de-73-ans-de-relations-contre-nature-avec-son-fils\/#primaryimage","url":"https:\/\/www.public.sn\/wp-content\/uploads\/2023\/08\/b64920cd4fa511d68e97e2c7d4f35eb2a6803898.jpeg","contentUrl":"https:\/\/www.public.sn\/wp-content\/uploads\/2023\/08\/b64920cd4fa511d68e97e2c7d4f35eb2a6803898.jpeg","width":612,"height":298},{"@type":"BreadcrumbList","@id":"https:\/\/www.public.sn\/index.php\/2023\/08\/31\/tgi-de-mbour-il-accuse-son-oncle-de-73-ans-de-relations-contre-nature-avec-son-fils\/#breadcrumb","itemListElement":[{"@type":"ListItem","position":1,"name":"Accueil","item":"https:\/\/www.public.sn\/"},{"@type":"ListItem","position":2,"name":"TGI de Mbour : Il accuse son oncle de 73 ans de relations contre nature avec son fils"}]},{"@type":"WebSite","@id":"https:\/\/www.public.sn\/#website","url":"https:\/\/www.public.sn\/","name":"LE PUBLIC","description":"","publisher":{"@id":"https:\/\/www.public.sn\/#organization"},"potentialAction":[{"@type":"SearchAction","target":{"@type":"EntryPoint","urlTemplate":"https:\/\/www.public.sn\/?s={search_term_string}"},"query-input":{"@type":"PropertyValueSpecification","valueRequired":true,"valueName":"search_term_string"}}],"inLanguage":"fr-FR"},{"@type":"Organization","@id":"https:\/\/www.public.sn\/#organization","name":"LE PUBLIC","url":"https:\/\/www.public.sn\/","logo":{"@type":"ImageObject","inLanguage":"fr-FR","@id":"https:\/\/www.public.sn\/#\/schema\/logo\/image\/","url":"https:\/\/www.public.sn\/wp-content\/uploads\/2024\/05\/cropped-LOGO-PUBLIC.SN_.png","contentUrl":"https:\/\/www.public.sn\/wp-content\/uploads\/2024\/05\/cropped-LOGO-PUBLIC.SN_.png","width":682,"height":192,"caption":"LE PUBLIC"},"image":{"@id":"https:\/\/www.public.sn\/#\/schema\/logo\/image\/"}},{"@type":"Person","@id":"https:\/\/www.public.sn\/#\/schema\/person\/cb76c8e1b8becc6be61fb5e92d6d0224","name":"LA REDACTION","image":{"@type":"ImageObject","inLanguage":"fr-FR","@id":"https:\/\/www.public.sn\/#\/schema\/person\/image\/","url":"https:\/\/secure.gravatar.com\/avatar\/2dce5ddd34b8fef0180efe03aa2a9bee7d953856048f9a16b298190a3178407c?s=96&d=mm&r=g","contentUrl":"https:\/\/secure.gravatar.com\/avatar\/2dce5ddd34b8fef0180efe03aa2a9bee7d953856048f9a16b298190a3178407c?s=96&d=mm&r=g","caption":"LA REDACTION"},"url":"https:\/\/www.public.sn\/index.php\/author\/editeurpsn\/"}]}},"jetpack_featured_media_url":"https:\/\/www.public.sn\/wp-content\/uploads\/2023\/08\/b64920cd4fa511d68e97e2c7d4f35eb2a6803898.jpeg","jetpack_sharing_enabled":true,"_links":{"self":[{"href":"https:\/\/www.public.sn\/index.php\/wp-json\/wp\/v2\/posts\/26782","targetHints":{"allow":["GET"]}}],"collection":[{"href":"https:\/\/www.public.sn\/index.php\/wp-json\/wp\/v2\/posts"}],"about":[{"href":"https:\/\/www.public.sn\/index.php\/wp-json\/wp\/v2\/types\/post"}],"author":[{"embeddable":true,"href":"https:\/\/www.public.sn\/index.php\/wp-json\/wp\/v2\/users\/7"}],"replies":[{"embeddable":true,"href":"https:\/\/www.public.sn\/index.php\/wp-json\/wp\/v2\/comments?post=26782"}],"version-history":[{"count":1,"href":"https:\/\/www.public.sn\/index.php\/wp-json\/wp\/v2\/posts\/26782\/revisions"}],"predecessor-version":[{"id":26784,"href":"https:\/\/www.public.sn\/index.php\/wp-json\/wp\/v2\/posts\/26782\/revisions\/26784"}],"wp:featuredmedia":[{"embeddable":true,"href":"https:\/\/www.public.sn\/index.php\/wp-json\/wp\/v2\/media\/26783"}],"wp:attachment":[{"href":"https:\/\/www.public.sn\/index.php\/wp-json\/wp\/v2\/media?parent=26782"}],"wp:term":[{"taxonomy":"category","embeddable":true,"href":"https:\/\/www.public.sn\/index.php\/wp-json\/wp\/v2\/categories?post=26782"},{"taxonomy":"post_tag","embeddable":true,"href":"https:\/\/www.public.sn\/index.php\/wp-json\/wp\/v2\/tags?post=26782"}],"curies":[{"name":"wp","href":"https:\/\/api.w.org\/{rel}","templated":true}]}}