{"id":26811,"date":"2023-09-01T10:34:39","date_gmt":"2023-09-01T10:34:39","guid":{"rendered":"https:\/\/www.public.sn\/?p=26811"},"modified":"2023-09-01T10:34:39","modified_gmt":"2023-09-01T10:34:39","slug":"aliou-cisse-apres-lalgerie-nous-allons-jouer-contre","status":"publish","type":"post","link":"https:\/\/www.public.sn\/index.php\/2023\/09\/01\/aliou-cisse-apres-lalgerie-nous-allons-jouer-contre\/","title":{"rendered":"Aliou Ciss\u00e9 : \u00ab Apr\u00e8s l\u2019Alg\u00e9rie, nous allons jouer contre\u2026 \u00bb"},"content":{"rendered":"<p><strong>LE S\u00e9n\u00e9gal a d\u00e9cid\u00e9 de changer de tactique et de jouer de grands matches en amical pour mieux se pr\u00e9parer \u00e0 la prochaine Coupe d\u2019Afrique des Nations. Apr\u00e8s l\u2019Alg\u00e9rie le 12 septembre prochain, Aliou Ciss\u00e9 annonce un derby face au Mali, un choc face au Burkina Faso et un autre face au Cameroun.<\/strong><\/p><div class=\"publi-paragraphe1\" style=\"margin-top: 10px;margin-bottom: 10px;margin-left: auto;margin-right: auto;text-align: center;\" id=\"publi-1498872666\"><div class=\"publi-adlabel\">Publicit\u00e9<\/div><script async src=\"\/\/pagead2.googlesyndication.com\/pagead\/js\/adsbygoogle.js?client=ca-pub-4089586018074219\" crossorigin=\"anonymous\"><\/script><ins class=\"adsbygoogle\" style=\"display:block;\" data-ad-client=\"ca-pub-4089586018074219\" \ndata-ad-slot=\"2087940154\" \ndata-ad-format=\"auto\"><\/ins>\n<script> \n(adsbygoogle = window.adsbygoogle || []).push({}); \n<\/script>\n<\/div>\n<p><em>\u00ab C\u2019est une nouvelle politique que le directeur sportif a mis en place. Nous avons fait un tr\u00e8s grand match face au Br\u00e9sil. Nous allons jouer contre l\u2019Alg\u00e9rie le 12 septembre, puis au mois d\u2019octobre nous jouerons face au Mali, face au Burkina Faso et apr\u00e8s face au Cameroun. C\u2019est une nouvelle politique pour mieux nous pr\u00e9parer \u00bb<\/em>, a d\u00e9clar\u00e9 le s\u00e9lectionneur national en conf\u00e9rence de presse.<\/p>\n<div class=\"publi-apres-le-contenu\" style=\"margin-top: 10px;margin-bottom: 10px;margin-left: auto;margin-right: auto;text-align: center;\" id=\"publi-3480470719\"><div class=\"publi-adlabel\">Publicit\u00e9<\/div><script async src=\"\/\/pagead2.googlesyndication.com\/pagead\/js\/adsbygoogle.js?client=ca-pub-4089586018074219\" crossorigin=\"anonymous\"><\/script><ins class=\"adsbygoogle\" style=\"display:block;\" data-ad-client=\"ca-pub-4089586018074219\" \ndata-ad-slot=\"2087940154\" \ndata-ad-format=\"auto\"><\/ins>\n<script> \n(adsbygoogle = window.adsbygoogle || []).push({}); \n<\/script>\n<\/div>","protected":false},"excerpt":{"rendered":"<p>LE S\u00e9n\u00e9gal a d\u00e9cid\u00e9 de changer de tactique et de jouer de grands matches en amical pour mieux se pr\u00e9parer \u00e0 la prochaine Coupe d\u2019Afrique des Nations. Apr\u00e8s l\u2019Alg\u00e9rie le 12 septembre prochain, Aliou Ciss\u00e9 annonce un derby face au Mali, un choc face au Burkina Faso et un autre face au Cameroun. \u00ab C\u2019est une nouvelle politique que le directeur sportif a mis en place. Nous avons fait un tr\u00e8s grand match face au Br\u00e9sil. Nous allons jouer contre l\u2019Alg\u00e9rie le 12 septembre, puis au mois d\u2019octobre nous jouerons face au Mali, face au Burkina Faso et apr\u00e8s face au Cameroun. C\u2019est une nouvelle politique pour mieux nous pr\u00e9parer \u00bb, a d\u00e9clar\u00e9 le s\u00e9lectionneur national en conf\u00e9rence de presse.<\/p>\n","protected":false},"author":1,"featured_media":9874,"comment_status":"open","ping_status":"open","sticky":false,"template":"","format":"standard","meta":{"_jetpack_memberships_contains_paid_content":false,"footnotes":""},"categories":[375,3412,1,7],"tags":[827,828],"class_list":["post-26811","post","type-post","status-publish","format-standard","has-post-thumbnail","hentry","category-actualites","category-football","category-non-classe","category-sport","tag-aliou-cisse","tag-match-amical","entry","has-media","owp-thumbs-layout-horizontal","owp-btn-normal","owp-tabs-layout-horizontal","has-no-thumbnails","has-product-nav"],"yoast_head":"<!-- This site is optimized with the Yoast SEO plugin v25.5 - https:\/\/yoast.com\/wordpress\/plugins\/seo\/ -->\n<title>Aliou Ciss\u00e9 : \u00ab Apr\u00e8s l\u2019Alg\u00e9rie, nous allons jouer contre\u2026 \u00bb - LE PUBLIC<\/title>\n<meta name=\"description\" content=\"LE S\u00e9n\u00e9gal a d\u00e9cid\u00e9 de changer de tactique et de jouer de grands matches en amical pour mieux se pr\u00e9parer \u00e0 la prochaine Coupe d\u2019Afrique des Nations. Apr\u00e8s l\u2019Alg\u00e9rie le 12 septembre prochain, Aliou Ciss\u00e9 annonce un derby face au Mali, un choc face au Burkina Faso et un autre face au Cameroun.\" \/>\n<meta name=\"robots\" content=\"index, follow, max-snippet:-1, max-image-preview:large, max-video-preview:-1\" \/>\n<link rel=\"canonical\" href=\"https:\/\/www.public.sn\/index.php\/2023\/09\/01\/aliou-cisse-apres-lalgerie-nous-allons-jouer-contre\/\" \/>\n<meta property=\"og:locale\" content=\"fr_FR\" \/>\n<meta property=\"og:type\" content=\"article\" \/>\n<meta property=\"og:title\" content=\"Aliou Ciss\u00e9 : \u00ab Apr\u00e8s l\u2019Alg\u00e9rie, nous allons jouer contre\u2026 \u00bb - LE PUBLIC\" \/>\n<meta property=\"og:description\" content=\"LE S\u00e9n\u00e9gal a d\u00e9cid\u00e9 de changer de tactique et de jouer de grands matches en amical pour mieux se pr\u00e9parer \u00e0 la prochaine Coupe d\u2019Afrique des Nations. Apr\u00e8s l\u2019Alg\u00e9rie le 12 septembre prochain, Aliou Ciss\u00e9 annonce un derby face au Mali, un choc face au Burkina Faso et un autre face au Cameroun.\" \/>\n<meta property=\"og:url\" content=\"https:\/\/www.public.sn\/index.php\/2023\/09\/01\/aliou-cisse-apres-lalgerie-nous-allons-jouer-contre\/\" \/>\n<meta property=\"og:site_name\" content=\"LE PUBLIC\" \/>\n<meta property=\"article:published_time\" content=\"2023-09-01T10:34:39+00:00\" \/>\n<meta property=\"og:image\" content=\"https:\/\/www.public.sn\/wp-content\/uploads\/2022\/11\/aliou-cisse-3.jpg\" \/>\n\t<meta property=\"og:image:width\" content=\"1500\" \/>\n\t<meta property=\"og:image:height\" content=\"998\" \/>\n\t<meta property=\"og:image:type\" content=\"image\/jpeg\" \/>\n<meta name=\"author\" content=\"LA REDACTION\" \/>\n<meta name=\"twitter:card\" content=\"summary_large_image\" \/>\n<meta name=\"twitter:label1\" content=\"\u00c9crit par\" \/>\n\t<meta name=\"twitter:data1\" content=\"LA REDACTION\" \/>\n\t<meta name=\"twitter:label2\" content=\"Dur\u00e9e de lecture estim\u00e9e\" \/>\n\t<meta name=\"twitter:data2\" content=\"1 minute\" \/>\n<script type=\"application\/ld+json\" class=\"yoast-schema-graph\">{\"@context\":\"https:\/\/schema.org\",\"@graph\":[{\"@type\":\"Article\",\"@id\":\"https:\/\/www.public.sn\/index.php\/2023\/09\/01\/aliou-cisse-apres-lalgerie-nous-allons-jouer-contre\/#article\",\"isPartOf\":{\"@id\":\"https:\/\/www.public.sn\/index.php\/2023\/09\/01\/aliou-cisse-apres-lalgerie-nous-allons-jouer-contre\/\"},\"author\":{\"name\":\"LA REDACTION\",\"@id\":\"https:\/\/www.public.sn\/#\/schema\/person\/e3f4a11b037d4203902db148f9bc8d5a\"},\"headline\":\"Aliou Ciss\u00e9 : \u00ab Apr\u00e8s l\u2019Alg\u00e9rie, nous allons jouer contre\u2026 \u00bb\",\"datePublished\":\"2023-09-01T10:34:39+00:00\",\"mainEntityOfPage\":{\"@id\":\"https:\/\/www.public.sn\/index.php\/2023\/09\/01\/aliou-cisse-apres-lalgerie-nous-allons-jouer-contre\/\"},\"wordCount\":146,\"commentCount\":0,\"publisher\":{\"@id\":\"https:\/\/www.public.sn\/#organization\"},\"image\":{\"@id\":\"https:\/\/www.public.sn\/index.php\/2023\/09\/01\/aliou-cisse-apres-lalgerie-nous-allons-jouer-contre\/#primaryimage\"},\"thumbnailUrl\":\"https:\/\/www.public.sn\/wp-content\/uploads\/2022\/11\/aliou-cisse-3.jpg\",\"keywords\":[\"Aliou Ciss\u00e9\",\"Match Amical\"],\"articleSection\":[\"ACTUALIT\u00c9S\",\"FOOTBALL\",\"S\u00c9N\u00c9GAL\",\"SPORTS\"],\"inLanguage\":\"fr-FR\",\"potentialAction\":[{\"@type\":\"CommentAction\",\"name\":\"Comment\",\"target\":[\"https:\/\/www.public.sn\/index.php\/2023\/09\/01\/aliou-cisse-apres-lalgerie-nous-allons-jouer-contre\/#respond\"]}]},{\"@type\":\"WebPage\",\"@id\":\"https:\/\/www.public.sn\/index.php\/2023\/09\/01\/aliou-cisse-apres-lalgerie-nous-allons-jouer-contre\/\",\"url\":\"https:\/\/www.public.sn\/index.php\/2023\/09\/01\/aliou-cisse-apres-lalgerie-nous-allons-jouer-contre\/\",\"name\":\"Aliou Ciss\u00e9 : \u00ab Apr\u00e8s l\u2019Alg\u00e9rie, nous allons jouer contre\u2026 \u00bb - LE PUBLIC\",\"isPartOf\":{\"@id\":\"https:\/\/www.public.sn\/#website\"},\"primaryImageOfPage\":{\"@id\":\"https:\/\/www.public.sn\/index.php\/2023\/09\/01\/aliou-cisse-apres-lalgerie-nous-allons-jouer-contre\/#primaryimage\"},\"image\":{\"@id\":\"https:\/\/www.public.sn\/index.php\/2023\/09\/01\/aliou-cisse-apres-lalgerie-nous-allons-jouer-contre\/#primaryimage\"},\"thumbnailUrl\":\"https:\/\/www.public.sn\/wp-content\/uploads\/2022\/11\/aliou-cisse-3.jpg\",\"datePublished\":\"2023-09-01T10:34:39+00:00\",\"description\":\"LE S\u00e9n\u00e9gal a d\u00e9cid\u00e9 de changer de tactique et de jouer de grands matches en amical pour mieux se pr\u00e9parer \u00e0 la prochaine Coupe d\u2019Afrique des Nations. Apr\u00e8s l\u2019Alg\u00e9rie le 12 septembre prochain, Aliou Ciss\u00e9 annonce un derby face au Mali, un choc face au Burkina Faso et un autre face au Cameroun.\",\"breadcrumb\":{\"@id\":\"https:\/\/www.public.sn\/index.php\/2023\/09\/01\/aliou-cisse-apres-lalgerie-nous-allons-jouer-contre\/#breadcrumb\"},\"inLanguage\":\"fr-FR\",\"potentialAction\":[{\"@type\":\"ReadAction\",\"target\":[\"https:\/\/www.public.sn\/index.php\/2023\/09\/01\/aliou-cisse-apres-lalgerie-nous-allons-jouer-contre\/\"]}]},{\"@type\":\"ImageObject\",\"inLanguage\":\"fr-FR\",\"@id\":\"https:\/\/www.public.sn\/index.php\/2023\/09\/01\/aliou-cisse-apres-lalgerie-nous-allons-jouer-contre\/#primaryimage\",\"url\":\"https:\/\/www.public.sn\/wp-content\/uploads\/2022\/11\/aliou-cisse-3.jpg\",\"contentUrl\":\"https:\/\/www.public.sn\/wp-content\/uploads\/2022\/11\/aliou-cisse-3.jpg\",\"width\":1500,\"height\":998,\"caption\":\"publicsn\"},{\"@type\":\"BreadcrumbList\",\"@id\":\"https:\/\/www.public.sn\/index.php\/2023\/09\/01\/aliou-cisse-apres-lalgerie-nous-allons-jouer-contre\/#breadcrumb\",\"itemListElement\":[{\"@type\":\"ListItem\",\"position\":1,\"name\":\"Accueil\",\"item\":\"https:\/\/www.public.sn\/\"},{\"@type\":\"ListItem\",\"position\":2,\"name\":\"Aliou Ciss\u00e9 : \u00ab Apr\u00e8s l\u2019Alg\u00e9rie, nous allons jouer contre\u2026 \u00bb\"}]},{\"@type\":\"WebSite\",\"@id\":\"https:\/\/www.public.sn\/#website\",\"url\":\"https:\/\/www.public.sn\/\",\"name\":\"LE PUBLIC\",\"description\":\"\",\"publisher\":{\"@id\":\"https:\/\/www.public.sn\/#organization\"},\"potentialAction\":[{\"@type\":\"SearchAction\",\"target\":{\"@type\":\"EntryPoint\",\"urlTemplate\":\"https:\/\/www.public.sn\/?s={search_term_string}\"},\"query-input\":{\"@type\":\"PropertyValueSpecification\",\"valueRequired\":true,\"valueName\":\"search_term_string\"}}],\"inLanguage\":\"fr-FR\"},{\"@type\":\"Organization\",\"@id\":\"https:\/\/www.public.sn\/#organization\",\"name\":\"LE PUBLIC\",\"url\":\"https:\/\/www.public.sn\/\",\"logo\":{\"@type\":\"ImageObject\",\"inLanguage\":\"fr-FR\",\"@id\":\"https:\/\/www.public.sn\/#\/schema\/logo\/image\/\",\"url\":\"https:\/\/www.public.sn\/wp-content\/uploads\/2024\/05\/cropped-LOGO-PUBLIC.SN_.png\",\"contentUrl\":\"https:\/\/www.public.sn\/wp-content\/uploads\/2024\/05\/cropped-LOGO-PUBLIC.SN_.png\",\"width\":682,\"height\":192,\"caption\":\"LE PUBLIC\"},\"image\":{\"@id\":\"https:\/\/www.public.sn\/#\/schema\/logo\/image\/\"}},{\"@type\":\"Person\",\"@id\":\"https:\/\/www.public.sn\/#\/schema\/person\/e3f4a11b037d4203902db148f9bc8d5a\",\"name\":\"LA REDACTION\",\"image\":{\"@type\":\"ImageObject\",\"inLanguage\":\"fr-FR\",\"@id\":\"https:\/\/www.public.sn\/#\/schema\/person\/image\/\",\"url\":\"https:\/\/secure.gravatar.com\/avatar\/d6c030db45db2883c075085c5d6c6258654a801a93766b49af0b82d4f454e2a5?s=96&d=mm&r=g\",\"contentUrl\":\"https:\/\/secure.gravatar.com\/avatar\/d6c030db45db2883c075085c5d6c6258654a801a93766b49af0b82d4f454e2a5?s=96&d=mm&r=g\",\"caption\":\"LA REDACTION\"},\"sameAs\":[\"http:\/\/www.public.sn\"],\"url\":\"https:\/\/www.public.sn\/index.php\/author\/admin7324\/\"}]}<\/script>\n<!-- \/ Yoast SEO plugin. -->","yoast_head_json":{"title":"Aliou Ciss\u00e9 : \u00ab Apr\u00e8s l\u2019Alg\u00e9rie, nous allons jouer contre\u2026 \u00bb - LE PUBLIC","description":"LE S\u00e9n\u00e9gal a d\u00e9cid\u00e9 de changer de tactique et de jouer de grands matches en amical pour mieux se pr\u00e9parer \u00e0 la prochaine Coupe d\u2019Afrique des Nations. Apr\u00e8s l\u2019Alg\u00e9rie le 12 septembre prochain, Aliou Ciss\u00e9 annonce un derby face au Mali, un choc face au Burkina Faso et un autre face au Cameroun.","robots":{"index":"index","follow":"follow","max-snippet":"max-snippet:-1","max-image-preview":"max-image-preview:large","max-video-preview":"max-video-preview:-1"},"canonical":"https:\/\/www.public.sn\/index.php\/2023\/09\/01\/aliou-cisse-apres-lalgerie-nous-allons-jouer-contre\/","og_locale":"fr_FR","og_type":"article","og_title":"Aliou Ciss\u00e9 : \u00ab Apr\u00e8s l\u2019Alg\u00e9rie, nous allons jouer contre\u2026 \u00bb - LE PUBLIC","og_description":"LE S\u00e9n\u00e9gal a d\u00e9cid\u00e9 de changer de tactique et de jouer de grands matches en amical pour mieux se pr\u00e9parer \u00e0 la prochaine Coupe d\u2019Afrique des Nations. Apr\u00e8s l\u2019Alg\u00e9rie le 12 septembre prochain, Aliou Ciss\u00e9 annonce un derby face au Mali, un choc face au Burkina Faso et un autre face au Cameroun.","og_url":"https:\/\/www.public.sn\/index.php\/2023\/09\/01\/aliou-cisse-apres-lalgerie-nous-allons-jouer-contre\/","og_site_name":"LE PUBLIC","article_published_time":"2023-09-01T10:34:39+00:00","og_image":[{"width":1500,"height":998,"url":"https:\/\/www.public.sn\/wp-content\/uploads\/2022\/11\/aliou-cisse-3.jpg","type":"image\/jpeg"}],"author":"LA REDACTION","twitter_card":"summary_large_image","twitter_misc":{"\u00c9crit par":"LA REDACTION","Dur\u00e9e de lecture estim\u00e9e":"1 minute"},"schema":{"@context":"https:\/\/schema.org","@graph":[{"@type":"Article","@id":"https:\/\/www.public.sn\/index.php\/2023\/09\/01\/aliou-cisse-apres-lalgerie-nous-allons-jouer-contre\/#article","isPartOf":{"@id":"https:\/\/www.public.sn\/index.php\/2023\/09\/01\/aliou-cisse-apres-lalgerie-nous-allons-jouer-contre\/"},"author":{"name":"LA REDACTION","@id":"https:\/\/www.public.sn\/#\/schema\/person\/e3f4a11b037d4203902db148f9bc8d5a"},"headline":"Aliou Ciss\u00e9 : \u00ab Apr\u00e8s l\u2019Alg\u00e9rie, nous allons jouer contre\u2026 \u00bb","datePublished":"2023-09-01T10:34:39+00:00","mainEntityOfPage":{"@id":"https:\/\/www.public.sn\/index.php\/2023\/09\/01\/aliou-cisse-apres-lalgerie-nous-allons-jouer-contre\/"},"wordCount":146,"commentCount":0,"publisher":{"@id":"https:\/\/www.public.sn\/#organization"},"image":{"@id":"https:\/\/www.public.sn\/index.php\/2023\/09\/01\/aliou-cisse-apres-lalgerie-nous-allons-jouer-contre\/#primaryimage"},"thumbnailUrl":"https:\/\/www.public.sn\/wp-content\/uploads\/2022\/11\/aliou-cisse-3.jpg","keywords":["Aliou Ciss\u00e9","Match Amical"],"articleSection":["ACTUALIT\u00c9S","FOOTBALL","S\u00c9N\u00c9GAL","SPORTS"],"inLanguage":"fr-FR","potentialAction":[{"@type":"CommentAction","name":"Comment","target":["https:\/\/www.public.sn\/index.php\/2023\/09\/01\/aliou-cisse-apres-lalgerie-nous-allons-jouer-contre\/#respond"]}]},{"@type":"WebPage","@id":"https:\/\/www.public.sn\/index.php\/2023\/09\/01\/aliou-cisse-apres-lalgerie-nous-allons-jouer-contre\/","url":"https:\/\/www.public.sn\/index.php\/2023\/09\/01\/aliou-cisse-apres-lalgerie-nous-allons-jouer-contre\/","name":"Aliou Ciss\u00e9 : \u00ab Apr\u00e8s l\u2019Alg\u00e9rie, nous allons jouer contre\u2026 \u00bb - LE PUBLIC","isPartOf":{"@id":"https:\/\/www.public.sn\/#website"},"primaryImageOfPage":{"@id":"https:\/\/www.public.sn\/index.php\/2023\/09\/01\/aliou-cisse-apres-lalgerie-nous-allons-jouer-contre\/#primaryimage"},"image":{"@id":"https:\/\/www.public.sn\/index.php\/2023\/09\/01\/aliou-cisse-apres-lalgerie-nous-allons-jouer-contre\/#primaryimage"},"thumbnailUrl":"https:\/\/www.public.sn\/wp-content\/uploads\/2022\/11\/aliou-cisse-3.jpg","datePublished":"2023-09-01T10:34:39+00:00","description":"LE S\u00e9n\u00e9gal a d\u00e9cid\u00e9 de changer de tactique et de jouer de grands matches en amical pour mieux se pr\u00e9parer \u00e0 la prochaine Coupe d\u2019Afrique des Nations. Apr\u00e8s l\u2019Alg\u00e9rie le 12 septembre prochain, Aliou Ciss\u00e9 annonce un derby face au Mali, un choc face au Burkina Faso et un autre face au Cameroun.","breadcrumb":{"@id":"https:\/\/www.public.sn\/index.php\/2023\/09\/01\/aliou-cisse-apres-lalgerie-nous-allons-jouer-contre\/#breadcrumb"},"inLanguage":"fr-FR","potentialAction":[{"@type":"ReadAction","target":["https:\/\/www.public.sn\/index.php\/2023\/09\/01\/aliou-cisse-apres-lalgerie-nous-allons-jouer-contre\/"]}]},{"@type":"ImageObject","inLanguage":"fr-FR","@id":"https:\/\/www.public.sn\/index.php\/2023\/09\/01\/aliou-cisse-apres-lalgerie-nous-allons-jouer-contre\/#primaryimage","url":"https:\/\/www.public.sn\/wp-content\/uploads\/2022\/11\/aliou-cisse-3.jpg","contentUrl":"https:\/\/www.public.sn\/wp-content\/uploads\/2022\/11\/aliou-cisse-3.jpg","width":1500,"height":998,"caption":"publicsn"},{"@type":"BreadcrumbList","@id":"https:\/\/www.public.sn\/index.php\/2023\/09\/01\/aliou-cisse-apres-lalgerie-nous-allons-jouer-contre\/#breadcrumb","itemListElement":[{"@type":"ListItem","position":1,"name":"Accueil","item":"https:\/\/www.public.sn\/"},{"@type":"ListItem","position":2,"name":"Aliou Ciss\u00e9 : \u00ab Apr\u00e8s l\u2019Alg\u00e9rie, nous allons jouer contre\u2026 \u00bb"}]},{"@type":"WebSite","@id":"https:\/\/www.public.sn\/#website","url":"https:\/\/www.public.sn\/","name":"LE PUBLIC","description":"","publisher":{"@id":"https:\/\/www.public.sn\/#organization"},"potentialAction":[{"@type":"SearchAction","target":{"@type":"EntryPoint","urlTemplate":"https:\/\/www.public.sn\/?s={search_term_string}"},"query-input":{"@type":"PropertyValueSpecification","valueRequired":true,"valueName":"search_term_string"}}],"inLanguage":"fr-FR"},{"@type":"Organization","@id":"https:\/\/www.public.sn\/#organization","name":"LE PUBLIC","url":"https:\/\/www.public.sn\/","logo":{"@type":"ImageObject","inLanguage":"fr-FR","@id":"https:\/\/www.public.sn\/#\/schema\/logo\/image\/","url":"https:\/\/www.public.sn\/wp-content\/uploads\/2024\/05\/cropped-LOGO-PUBLIC.SN_.png","contentUrl":"https:\/\/www.public.sn\/wp-content\/uploads\/2024\/05\/cropped-LOGO-PUBLIC.SN_.png","width":682,"height":192,"caption":"LE PUBLIC"},"image":{"@id":"https:\/\/www.public.sn\/#\/schema\/logo\/image\/"}},{"@type":"Person","@id":"https:\/\/www.public.sn\/#\/schema\/person\/e3f4a11b037d4203902db148f9bc8d5a","name":"LA REDACTION","image":{"@type":"ImageObject","inLanguage":"fr-FR","@id":"https:\/\/www.public.sn\/#\/schema\/person\/image\/","url":"https:\/\/secure.gravatar.com\/avatar\/d6c030db45db2883c075085c5d6c6258654a801a93766b49af0b82d4f454e2a5?s=96&d=mm&r=g","contentUrl":"https:\/\/secure.gravatar.com\/avatar\/d6c030db45db2883c075085c5d6c6258654a801a93766b49af0b82d4f454e2a5?s=96&d=mm&r=g","caption":"LA REDACTION"},"sameAs":["http:\/\/www.public.sn"],"url":"https:\/\/www.public.sn\/index.php\/author\/admin7324\/"}]}},"jetpack_featured_media_url":"https:\/\/www.public.sn\/wp-content\/uploads\/2022\/11\/aliou-cisse-3.jpg","jetpack_sharing_enabled":true,"_links":{"self":[{"href":"https:\/\/www.public.sn\/index.php\/wp-json\/wp\/v2\/posts\/26811","targetHints":{"allow":["GET"]}}],"collection":[{"href":"https:\/\/www.public.sn\/index.php\/wp-json\/wp\/v2\/posts"}],"about":[{"href":"https:\/\/www.public.sn\/index.php\/wp-json\/wp\/v2\/types\/post"}],"author":[{"embeddable":true,"href":"https:\/\/www.public.sn\/index.php\/wp-json\/wp\/v2\/users\/1"}],"replies":[{"embeddable":true,"href":"https:\/\/www.public.sn\/index.php\/wp-json\/wp\/v2\/comments?post=26811"}],"version-history":[{"count":1,"href":"https:\/\/www.public.sn\/index.php\/wp-json\/wp\/v2\/posts\/26811\/revisions"}],"predecessor-version":[{"id":26812,"href":"https:\/\/www.public.sn\/index.php\/wp-json\/wp\/v2\/posts\/26811\/revisions\/26812"}],"wp:featuredmedia":[{"embeddable":true,"href":"https:\/\/www.public.sn\/index.php\/wp-json\/wp\/v2\/media\/9874"}],"wp:attachment":[{"href":"https:\/\/www.public.sn\/index.php\/wp-json\/wp\/v2\/media?parent=26811"}],"wp:term":[{"taxonomy":"category","embeddable":true,"href":"https:\/\/www.public.sn\/index.php\/wp-json\/wp\/v2\/categories?post=26811"},{"taxonomy":"post_tag","embeddable":true,"href":"https:\/\/www.public.sn\/index.php\/wp-json\/wp\/v2\/tags?post=26811"}],"curies":[{"name":"wp","href":"https:\/\/api.w.org\/{rel}","templated":true}]}}