{"id":26815,"date":"2023-09-01T16:43:51","date_gmt":"2023-09-01T16:43:51","guid":{"rendered":"https:\/\/www.public.sn\/?p=26815"},"modified":"2023-09-01T16:43:51","modified_gmt":"2023-09-01T16:43:51","slug":"usine-batiplus-a-pikine-deux-travailleurs-meurent-tragiquement-en-pleine-priere","status":"publish","type":"post","link":"https:\/\/www.public.sn\/index.php\/2023\/09\/01\/usine-batiplus-a-pikine-deux-travailleurs-meurent-tragiquement-en-pleine-priere\/","title":{"rendered":"Usine BatiPlus \u00e0 Pikine : deux travailleurs meurent tragiquement en pleine pri\u00e8re"},"content":{"rendered":"<p><strong>Un drame tragique a eu lieu \u00e0 l\u2019Usine BatiPlus, sis \u00e0 Bountou Pikine, pr\u00e8s de la Nationale 1. Selon SeneNews qui donne la nouvelle, au moins deux travailleurs ont perdu la vie alors qu\u2019ils \u00e9taient en pleine pri\u00e8re de Timis (pri\u00e8re de 19h), hier jeudi et un autre a \u00e9t\u00e9 gri\u00e8vement touch\u00e9. Un fagot de bois leur est tomb\u00e9 dessus.<\/strong><\/p><div class=\"publi-paragraphe1\" style=\"margin-top: 10px;margin-bottom: 10px;margin-left: auto;margin-right: auto;text-align: center;\" id=\"publi-1298262888\"><div class=\"publi-adlabel\">Publicit\u00e9<\/div><script async src=\"\/\/pagead2.googlesyndication.com\/pagead\/js\/adsbygoogle.js?client=ca-pub-4089586018074219\" crossorigin=\"anonymous\"><\/script><ins class=\"adsbygoogle\" style=\"display:block;\" data-ad-client=\"ca-pub-4089586018074219\" \ndata-ad-slot=\"2087940154\" \ndata-ad-format=\"auto\"><\/ins>\n<script> \n(adsbygoogle = window.adsbygoogle || []).push({}); \n<\/script>\n<\/div>\n<p>L\u2019Usine Bati Plus, qui se trouve \u00e0 Bountou Pikine, a subi un v\u00e9ritable drame ce jeudi en d\u00e9but de soir\u00e9e. Des travailleurs, qui \u00e9taient en pleine pri\u00e8re, ont malheureusement perdu la vie.<em> \u00ab\u00a0Apr\u00e8s avoir fait leur ablution, ils sont all\u00e9s pri\u00e9s en groupe, dans un coin de l\u2019usine. Mais en pleine pri\u00e8re, un fagot de bois import\u00e9, qui se trouvait dans un container et superpos\u00e9 au dessus d\u2019eux, s\u2019est d\u00e9tach\u00e9. La chute de ce fagot a \u00e9t\u00e9 brutale et meurtri\u00e8re.\u00a0\u00bb,<\/em> note la m\u00eame source.<\/p>\n<p>En effet, au moins deux des travailleurs, heurt\u00e9s de plein fouet alors qu\u2019ils priaient, ont rendu l\u2019\u00e2me sur le coup. Un autre, qui fuyait, a \u00e9t\u00e9 gravement bless\u00e9. Il a \u00e9t\u00e9 transf\u00e9r\u00e9 d\u2019urgence \u00e0 l\u2019h\u00f4pital hier. Pr\u00e9sentement, au moins un des corps se trouve \u00e0 l\u2019H\u00f4pital Principal de Dakar.<\/p>\n<div class=\"publi-apres-le-contenu\" style=\"margin-top: 10px;margin-bottom: 10px;margin-left: auto;margin-right: auto;text-align: center;\" id=\"publi-4194984240\"><div class=\"publi-adlabel\">Publicit\u00e9<\/div><script async src=\"\/\/pagead2.googlesyndication.com\/pagead\/js\/adsbygoogle.js?client=ca-pub-4089586018074219\" crossorigin=\"anonymous\"><\/script><ins class=\"adsbygoogle\" style=\"display:block;\" data-ad-client=\"ca-pub-4089586018074219\" \ndata-ad-slot=\"2087940154\" \ndata-ad-format=\"auto\"><\/ins>\n<script> \n(adsbygoogle = window.adsbygoogle || []).push({}); \n<\/script>\n<\/div>","protected":false},"excerpt":{"rendered":"<p>Un drame tragique a eu lieu \u00e0 l\u2019Usine BatiPlus, sis \u00e0 Bountou Pikine, pr\u00e8s de la Nationale 1. Selon SeneNews qui donne la nouvelle, au moins deux travailleurs ont perdu la vie alors qu\u2019ils \u00e9taient en pleine pri\u00e8re de Timis (pri\u00e8re de 19h), hier jeudi et un autre a \u00e9t\u00e9 gri\u00e8vement touch\u00e9. Un fagot de bois leur est tomb\u00e9 dessus. L\u2019Usine Bati Plus, qui se trouve \u00e0 Bountou Pikine, a subi un v\u00e9ritable drame ce jeudi en d\u00e9but de soir\u00e9e. Des travailleurs, qui \u00e9taient en pleine pri\u00e8re, ont malheureusement perdu la vie. \u00ab\u00a0Apr\u00e8s avoir fait leur ablution, ils sont all\u00e9s pri\u00e9s en groupe, dans un coin de l\u2019usine. Mais en pleine pri\u00e8re, un fagot de bois import\u00e9, qui se trouvait dans un container et superpos\u00e9 au dessus d\u2019eux, s\u2019est d\u00e9tach\u00e9. La chute de ce fagot a \u00e9t\u00e9 brutale et meurtri\u00e8re.\u00a0\u00bb, note la m\u00eame source. En effet, au moins deux des travailleurs, heurt\u00e9s de plein fouet alors qu\u2019ils priaient, ont rendu l\u2019\u00e2me sur le coup. Un autre, qui fuyait, a \u00e9t\u00e9 gravement bless\u00e9. Il a \u00e9t\u00e9 transf\u00e9r\u00e9 d\u2019urgence \u00e0 l\u2019h\u00f4pital hier. Pr\u00e9sentement, au moins un des corps se trouve \u00e0 l\u2019H\u00f4pital Principal de Dakar.<\/p>\n","protected":false},"author":1,"featured_media":26816,"comment_status":"open","ping_status":"open","sticky":false,"template":"","format":"standard","meta":{"_jetpack_memberships_contains_paid_content":false,"footnotes":""},"categories":[375,1051,1,4],"tags":[5323,444,205],"class_list":["post-26815","post","type-post","status-publish","format-standard","has-post-thumbnail","hentry","category-actualites","category-drame","category-non-classe","category-societe","tag-batiplus","tag-drame","tag-pikine","entry","has-media","owp-thumbs-layout-horizontal","owp-btn-normal","owp-tabs-layout-horizontal","has-no-thumbnails","has-product-nav"],"yoast_head":"<!-- This site is optimized with the Yoast SEO plugin v25.5 - https:\/\/yoast.com\/wordpress\/plugins\/seo\/ -->\n<title>Usine BatiPlus \u00e0 Pikine : deux travailleurs meurent tragiquement en pleine pri\u00e8re - LE PUBLIC<\/title>\n<meta name=\"description\" content=\"Un drame tragique a eu lieu \u00e0 l\u2019Usine BatiPlus, sis \u00e0 Bountou Pikine, pr\u00e8s de la Nationale 1. Selon SeneNews qui donne la nouvelle, au moins deux travailleurs ont perdu la vie alors qu\u2019ils \u00e9taient en pleine pri\u00e8re de Timis (pri\u00e8re de 19h), hier jeudi et un autre a \u00e9t\u00e9 gri\u00e8vement touch\u00e9. Un fagot de bois leur est tomb\u00e9 dessus.\" \/>\n<meta name=\"robots\" content=\"index, follow, max-snippet:-1, max-image-preview:large, max-video-preview:-1\" \/>\n<link rel=\"canonical\" href=\"https:\/\/www.public.sn\/index.php\/2023\/09\/01\/usine-batiplus-a-pikine-deux-travailleurs-meurent-tragiquement-en-pleine-priere\/\" \/>\n<meta property=\"og:locale\" content=\"fr_FR\" \/>\n<meta property=\"og:type\" content=\"article\" \/>\n<meta property=\"og:title\" content=\"Usine BatiPlus \u00e0 Pikine : deux travailleurs meurent tragiquement en pleine pri\u00e8re - LE PUBLIC\" \/>\n<meta property=\"og:description\" content=\"Un drame tragique a eu lieu \u00e0 l\u2019Usine BatiPlus, sis \u00e0 Bountou Pikine, pr\u00e8s de la Nationale 1. Selon SeneNews qui donne la nouvelle, au moins deux travailleurs ont perdu la vie alors qu\u2019ils \u00e9taient en pleine pri\u00e8re de Timis (pri\u00e8re de 19h), hier jeudi et un autre a \u00e9t\u00e9 gri\u00e8vement touch\u00e9. Un fagot de bois leur est tomb\u00e9 dessus.\" \/>\n<meta property=\"og:url\" content=\"https:\/\/www.public.sn\/index.php\/2023\/09\/01\/usine-batiplus-a-pikine-deux-travailleurs-meurent-tragiquement-en-pleine-priere\/\" \/>\n<meta property=\"og:site_name\" content=\"LE PUBLIC\" \/>\n<meta property=\"article:published_time\" content=\"2023-09-01T16:43:51+00:00\" \/>\n<meta property=\"og:image\" content=\"https:\/\/www.public.sn\/wp-content\/uploads\/2023\/09\/BatiPlus.webp\" \/>\n\t<meta property=\"og:image:width\" content=\"696\" \/>\n\t<meta property=\"og:image:height\" content=\"392\" \/>\n\t<meta property=\"og:image:type\" content=\"image\/webp\" \/>\n<meta name=\"author\" content=\"LA REDACTION\" \/>\n<meta name=\"twitter:card\" content=\"summary_large_image\" \/>\n<meta name=\"twitter:label1\" content=\"\u00c9crit par\" \/>\n\t<meta name=\"twitter:data1\" content=\"LA REDACTION\" \/>\n\t<meta name=\"twitter:label2\" content=\"Dur\u00e9e de lecture estim\u00e9e\" \/>\n\t<meta name=\"twitter:data2\" content=\"1 minute\" \/>\n<script type=\"application\/ld+json\" class=\"yoast-schema-graph\">{\"@context\":\"https:\/\/schema.org\",\"@graph\":[{\"@type\":\"Article\",\"@id\":\"https:\/\/www.public.sn\/index.php\/2023\/09\/01\/usine-batiplus-a-pikine-deux-travailleurs-meurent-tragiquement-en-pleine-priere\/#article\",\"isPartOf\":{\"@id\":\"https:\/\/www.public.sn\/index.php\/2023\/09\/01\/usine-batiplus-a-pikine-deux-travailleurs-meurent-tragiquement-en-pleine-priere\/\"},\"author\":{\"name\":\"LA REDACTION\",\"@id\":\"https:\/\/www.public.sn\/#\/schema\/person\/e3f4a11b037d4203902db148f9bc8d5a\"},\"headline\":\"Usine BatiPlus \u00e0 Pikine : deux travailleurs meurent tragiquement en pleine pri\u00e8re\",\"datePublished\":\"2023-09-01T16:43:51+00:00\",\"mainEntityOfPage\":{\"@id\":\"https:\/\/www.public.sn\/index.php\/2023\/09\/01\/usine-batiplus-a-pikine-deux-travailleurs-meurent-tragiquement-en-pleine-priere\/\"},\"wordCount\":229,\"commentCount\":0,\"publisher\":{\"@id\":\"https:\/\/www.public.sn\/#organization\"},\"image\":{\"@id\":\"https:\/\/www.public.sn\/index.php\/2023\/09\/01\/usine-batiplus-a-pikine-deux-travailleurs-meurent-tragiquement-en-pleine-priere\/#primaryimage\"},\"thumbnailUrl\":\"https:\/\/www.public.sn\/wp-content\/uploads\/2023\/09\/BatiPlus.webp\",\"keywords\":[\"BatiPlus\",\"Drame\",\"Pikine\"],\"articleSection\":[\"ACTUALIT\u00c9S\",\"DRAME\",\"S\u00c9N\u00c9GAL\",\"SOCIETE\"],\"inLanguage\":\"fr-FR\",\"potentialAction\":[{\"@type\":\"CommentAction\",\"name\":\"Comment\",\"target\":[\"https:\/\/www.public.sn\/index.php\/2023\/09\/01\/usine-batiplus-a-pikine-deux-travailleurs-meurent-tragiquement-en-pleine-priere\/#respond\"]}]},{\"@type\":\"WebPage\",\"@id\":\"https:\/\/www.public.sn\/index.php\/2023\/09\/01\/usine-batiplus-a-pikine-deux-travailleurs-meurent-tragiquement-en-pleine-priere\/\",\"url\":\"https:\/\/www.public.sn\/index.php\/2023\/09\/01\/usine-batiplus-a-pikine-deux-travailleurs-meurent-tragiquement-en-pleine-priere\/\",\"name\":\"Usine BatiPlus \u00e0 Pikine : deux travailleurs meurent tragiquement en pleine pri\u00e8re - LE PUBLIC\",\"isPartOf\":{\"@id\":\"https:\/\/www.public.sn\/#website\"},\"primaryImageOfPage\":{\"@id\":\"https:\/\/www.public.sn\/index.php\/2023\/09\/01\/usine-batiplus-a-pikine-deux-travailleurs-meurent-tragiquement-en-pleine-priere\/#primaryimage\"},\"image\":{\"@id\":\"https:\/\/www.public.sn\/index.php\/2023\/09\/01\/usine-batiplus-a-pikine-deux-travailleurs-meurent-tragiquement-en-pleine-priere\/#primaryimage\"},\"thumbnailUrl\":\"https:\/\/www.public.sn\/wp-content\/uploads\/2023\/09\/BatiPlus.webp\",\"datePublished\":\"2023-09-01T16:43:51+00:00\",\"description\":\"Un drame tragique a eu lieu \u00e0 l\u2019Usine BatiPlus, sis \u00e0 Bountou Pikine, pr\u00e8s de la Nationale 1. Selon SeneNews qui donne la nouvelle, au moins deux travailleurs ont perdu la vie alors qu\u2019ils \u00e9taient en pleine pri\u00e8re de Timis (pri\u00e8re de 19h), hier jeudi et un autre a \u00e9t\u00e9 gri\u00e8vement touch\u00e9. Un fagot de bois leur est tomb\u00e9 dessus.\",\"breadcrumb\":{\"@id\":\"https:\/\/www.public.sn\/index.php\/2023\/09\/01\/usine-batiplus-a-pikine-deux-travailleurs-meurent-tragiquement-en-pleine-priere\/#breadcrumb\"},\"inLanguage\":\"fr-FR\",\"potentialAction\":[{\"@type\":\"ReadAction\",\"target\":[\"https:\/\/www.public.sn\/index.php\/2023\/09\/01\/usine-batiplus-a-pikine-deux-travailleurs-meurent-tragiquement-en-pleine-priere\/\"]}]},{\"@type\":\"ImageObject\",\"inLanguage\":\"fr-FR\",\"@id\":\"https:\/\/www.public.sn\/index.php\/2023\/09\/01\/usine-batiplus-a-pikine-deux-travailleurs-meurent-tragiquement-en-pleine-priere\/#primaryimage\",\"url\":\"https:\/\/www.public.sn\/wp-content\/uploads\/2023\/09\/BatiPlus.webp\",\"contentUrl\":\"https:\/\/www.public.sn\/wp-content\/uploads\/2023\/09\/BatiPlus.webp\",\"width\":696,\"height\":392},{\"@type\":\"BreadcrumbList\",\"@id\":\"https:\/\/www.public.sn\/index.php\/2023\/09\/01\/usine-batiplus-a-pikine-deux-travailleurs-meurent-tragiquement-en-pleine-priere\/#breadcrumb\",\"itemListElement\":[{\"@type\":\"ListItem\",\"position\":1,\"name\":\"Accueil\",\"item\":\"https:\/\/www.public.sn\/\"},{\"@type\":\"ListItem\",\"position\":2,\"name\":\"Usine BatiPlus \u00e0 Pikine : deux travailleurs meurent tragiquement en pleine pri\u00e8re\"}]},{\"@type\":\"WebSite\",\"@id\":\"https:\/\/www.public.sn\/#website\",\"url\":\"https:\/\/www.public.sn\/\",\"name\":\"LE PUBLIC\",\"description\":\"\",\"publisher\":{\"@id\":\"https:\/\/www.public.sn\/#organization\"},\"potentialAction\":[{\"@type\":\"SearchAction\",\"target\":{\"@type\":\"EntryPoint\",\"urlTemplate\":\"https:\/\/www.public.sn\/?s={search_term_string}\"},\"query-input\":{\"@type\":\"PropertyValueSpecification\",\"valueRequired\":true,\"valueName\":\"search_term_string\"}}],\"inLanguage\":\"fr-FR\"},{\"@type\":\"Organization\",\"@id\":\"https:\/\/www.public.sn\/#organization\",\"name\":\"LE PUBLIC\",\"url\":\"https:\/\/www.public.sn\/\",\"logo\":{\"@type\":\"ImageObject\",\"inLanguage\":\"fr-FR\",\"@id\":\"https:\/\/www.public.sn\/#\/schema\/logo\/image\/\",\"url\":\"https:\/\/www.public.sn\/wp-content\/uploads\/2024\/05\/cropped-LOGO-PUBLIC.SN_.png\",\"contentUrl\":\"https:\/\/www.public.sn\/wp-content\/uploads\/2024\/05\/cropped-LOGO-PUBLIC.SN_.png\",\"width\":682,\"height\":192,\"caption\":\"LE PUBLIC\"},\"image\":{\"@id\":\"https:\/\/www.public.sn\/#\/schema\/logo\/image\/\"}},{\"@type\":\"Person\",\"@id\":\"https:\/\/www.public.sn\/#\/schema\/person\/e3f4a11b037d4203902db148f9bc8d5a\",\"name\":\"LA REDACTION\",\"image\":{\"@type\":\"ImageObject\",\"inLanguage\":\"fr-FR\",\"@id\":\"https:\/\/www.public.sn\/#\/schema\/person\/image\/\",\"url\":\"https:\/\/secure.gravatar.com\/avatar\/d6c030db45db2883c075085c5d6c6258654a801a93766b49af0b82d4f454e2a5?s=96&d=mm&r=g\",\"contentUrl\":\"https:\/\/secure.gravatar.com\/avatar\/d6c030db45db2883c075085c5d6c6258654a801a93766b49af0b82d4f454e2a5?s=96&d=mm&r=g\",\"caption\":\"LA REDACTION\"},\"sameAs\":[\"http:\/\/www.public.sn\"],\"url\":\"https:\/\/www.public.sn\/index.php\/author\/admin7324\/\"}]}<\/script>\n<!-- \/ Yoast SEO plugin. -->","yoast_head_json":{"title":"Usine BatiPlus \u00e0 Pikine : deux travailleurs meurent tragiquement en pleine pri\u00e8re - LE PUBLIC","description":"Un drame tragique a eu lieu \u00e0 l\u2019Usine BatiPlus, sis \u00e0 Bountou Pikine, pr\u00e8s de la Nationale 1. Selon SeneNews qui donne la nouvelle, au moins deux travailleurs ont perdu la vie alors qu\u2019ils \u00e9taient en pleine pri\u00e8re de Timis (pri\u00e8re de 19h), hier jeudi et un autre a \u00e9t\u00e9 gri\u00e8vement touch\u00e9. Un fagot de bois leur est tomb\u00e9 dessus.","robots":{"index":"index","follow":"follow","max-snippet":"max-snippet:-1","max-image-preview":"max-image-preview:large","max-video-preview":"max-video-preview:-1"},"canonical":"https:\/\/www.public.sn\/index.php\/2023\/09\/01\/usine-batiplus-a-pikine-deux-travailleurs-meurent-tragiquement-en-pleine-priere\/","og_locale":"fr_FR","og_type":"article","og_title":"Usine BatiPlus \u00e0 Pikine : deux travailleurs meurent tragiquement en pleine pri\u00e8re - LE PUBLIC","og_description":"Un drame tragique a eu lieu \u00e0 l\u2019Usine BatiPlus, sis \u00e0 Bountou Pikine, pr\u00e8s de la Nationale 1. Selon SeneNews qui donne la nouvelle, au moins deux travailleurs ont perdu la vie alors qu\u2019ils \u00e9taient en pleine pri\u00e8re de Timis (pri\u00e8re de 19h), hier jeudi et un autre a \u00e9t\u00e9 gri\u00e8vement touch\u00e9. Un fagot de bois leur est tomb\u00e9 dessus.","og_url":"https:\/\/www.public.sn\/index.php\/2023\/09\/01\/usine-batiplus-a-pikine-deux-travailleurs-meurent-tragiquement-en-pleine-priere\/","og_site_name":"LE PUBLIC","article_published_time":"2023-09-01T16:43:51+00:00","og_image":[{"width":696,"height":392,"url":"https:\/\/www.public.sn\/wp-content\/uploads\/2023\/09\/BatiPlus.webp","type":"image\/webp"}],"author":"LA REDACTION","twitter_card":"summary_large_image","twitter_misc":{"\u00c9crit par":"LA REDACTION","Dur\u00e9e de lecture estim\u00e9e":"1 minute"},"schema":{"@context":"https:\/\/schema.org","@graph":[{"@type":"Article","@id":"https:\/\/www.public.sn\/index.php\/2023\/09\/01\/usine-batiplus-a-pikine-deux-travailleurs-meurent-tragiquement-en-pleine-priere\/#article","isPartOf":{"@id":"https:\/\/www.public.sn\/index.php\/2023\/09\/01\/usine-batiplus-a-pikine-deux-travailleurs-meurent-tragiquement-en-pleine-priere\/"},"author":{"name":"LA REDACTION","@id":"https:\/\/www.public.sn\/#\/schema\/person\/e3f4a11b037d4203902db148f9bc8d5a"},"headline":"Usine BatiPlus \u00e0 Pikine : deux travailleurs meurent tragiquement en pleine pri\u00e8re","datePublished":"2023-09-01T16:43:51+00:00","mainEntityOfPage":{"@id":"https:\/\/www.public.sn\/index.php\/2023\/09\/01\/usine-batiplus-a-pikine-deux-travailleurs-meurent-tragiquement-en-pleine-priere\/"},"wordCount":229,"commentCount":0,"publisher":{"@id":"https:\/\/www.public.sn\/#organization"},"image":{"@id":"https:\/\/www.public.sn\/index.php\/2023\/09\/01\/usine-batiplus-a-pikine-deux-travailleurs-meurent-tragiquement-en-pleine-priere\/#primaryimage"},"thumbnailUrl":"https:\/\/www.public.sn\/wp-content\/uploads\/2023\/09\/BatiPlus.webp","keywords":["BatiPlus","Drame","Pikine"],"articleSection":["ACTUALIT\u00c9S","DRAME","S\u00c9N\u00c9GAL","SOCIETE"],"inLanguage":"fr-FR","potentialAction":[{"@type":"CommentAction","name":"Comment","target":["https:\/\/www.public.sn\/index.php\/2023\/09\/01\/usine-batiplus-a-pikine-deux-travailleurs-meurent-tragiquement-en-pleine-priere\/#respond"]}]},{"@type":"WebPage","@id":"https:\/\/www.public.sn\/index.php\/2023\/09\/01\/usine-batiplus-a-pikine-deux-travailleurs-meurent-tragiquement-en-pleine-priere\/","url":"https:\/\/www.public.sn\/index.php\/2023\/09\/01\/usine-batiplus-a-pikine-deux-travailleurs-meurent-tragiquement-en-pleine-priere\/","name":"Usine BatiPlus \u00e0 Pikine : deux travailleurs meurent tragiquement en pleine pri\u00e8re - LE PUBLIC","isPartOf":{"@id":"https:\/\/www.public.sn\/#website"},"primaryImageOfPage":{"@id":"https:\/\/www.public.sn\/index.php\/2023\/09\/01\/usine-batiplus-a-pikine-deux-travailleurs-meurent-tragiquement-en-pleine-priere\/#primaryimage"},"image":{"@id":"https:\/\/www.public.sn\/index.php\/2023\/09\/01\/usine-batiplus-a-pikine-deux-travailleurs-meurent-tragiquement-en-pleine-priere\/#primaryimage"},"thumbnailUrl":"https:\/\/www.public.sn\/wp-content\/uploads\/2023\/09\/BatiPlus.webp","datePublished":"2023-09-01T16:43:51+00:00","description":"Un drame tragique a eu lieu \u00e0 l\u2019Usine BatiPlus, sis \u00e0 Bountou Pikine, pr\u00e8s de la Nationale 1. Selon SeneNews qui donne la nouvelle, au moins deux travailleurs ont perdu la vie alors qu\u2019ils \u00e9taient en pleine pri\u00e8re de Timis (pri\u00e8re de 19h), hier jeudi et un autre a \u00e9t\u00e9 gri\u00e8vement touch\u00e9. Un fagot de bois leur est tomb\u00e9 dessus.","breadcrumb":{"@id":"https:\/\/www.public.sn\/index.php\/2023\/09\/01\/usine-batiplus-a-pikine-deux-travailleurs-meurent-tragiquement-en-pleine-priere\/#breadcrumb"},"inLanguage":"fr-FR","potentialAction":[{"@type":"ReadAction","target":["https:\/\/www.public.sn\/index.php\/2023\/09\/01\/usine-batiplus-a-pikine-deux-travailleurs-meurent-tragiquement-en-pleine-priere\/"]}]},{"@type":"ImageObject","inLanguage":"fr-FR","@id":"https:\/\/www.public.sn\/index.php\/2023\/09\/01\/usine-batiplus-a-pikine-deux-travailleurs-meurent-tragiquement-en-pleine-priere\/#primaryimage","url":"https:\/\/www.public.sn\/wp-content\/uploads\/2023\/09\/BatiPlus.webp","contentUrl":"https:\/\/www.public.sn\/wp-content\/uploads\/2023\/09\/BatiPlus.webp","width":696,"height":392},{"@type":"BreadcrumbList","@id":"https:\/\/www.public.sn\/index.php\/2023\/09\/01\/usine-batiplus-a-pikine-deux-travailleurs-meurent-tragiquement-en-pleine-priere\/#breadcrumb","itemListElement":[{"@type":"ListItem","position":1,"name":"Accueil","item":"https:\/\/www.public.sn\/"},{"@type":"ListItem","position":2,"name":"Usine BatiPlus \u00e0 Pikine : deux travailleurs meurent tragiquement en pleine pri\u00e8re"}]},{"@type":"WebSite","@id":"https:\/\/www.public.sn\/#website","url":"https:\/\/www.public.sn\/","name":"LE PUBLIC","description":"","publisher":{"@id":"https:\/\/www.public.sn\/#organization"},"potentialAction":[{"@type":"SearchAction","target":{"@type":"EntryPoint","urlTemplate":"https:\/\/www.public.sn\/?s={search_term_string}"},"query-input":{"@type":"PropertyValueSpecification","valueRequired":true,"valueName":"search_term_string"}}],"inLanguage":"fr-FR"},{"@type":"Organization","@id":"https:\/\/www.public.sn\/#organization","name":"LE PUBLIC","url":"https:\/\/www.public.sn\/","logo":{"@type":"ImageObject","inLanguage":"fr-FR","@id":"https:\/\/www.public.sn\/#\/schema\/logo\/image\/","url":"https:\/\/www.public.sn\/wp-content\/uploads\/2024\/05\/cropped-LOGO-PUBLIC.SN_.png","contentUrl":"https:\/\/www.public.sn\/wp-content\/uploads\/2024\/05\/cropped-LOGO-PUBLIC.SN_.png","width":682,"height":192,"caption":"LE PUBLIC"},"image":{"@id":"https:\/\/www.public.sn\/#\/schema\/logo\/image\/"}},{"@type":"Person","@id":"https:\/\/www.public.sn\/#\/schema\/person\/e3f4a11b037d4203902db148f9bc8d5a","name":"LA REDACTION","image":{"@type":"ImageObject","inLanguage":"fr-FR","@id":"https:\/\/www.public.sn\/#\/schema\/person\/image\/","url":"https:\/\/secure.gravatar.com\/avatar\/d6c030db45db2883c075085c5d6c6258654a801a93766b49af0b82d4f454e2a5?s=96&d=mm&r=g","contentUrl":"https:\/\/secure.gravatar.com\/avatar\/d6c030db45db2883c075085c5d6c6258654a801a93766b49af0b82d4f454e2a5?s=96&d=mm&r=g","caption":"LA REDACTION"},"sameAs":["http:\/\/www.public.sn"],"url":"https:\/\/www.public.sn\/index.php\/author\/admin7324\/"}]}},"jetpack_featured_media_url":"https:\/\/www.public.sn\/wp-content\/uploads\/2023\/09\/BatiPlus.webp","jetpack_sharing_enabled":true,"_links":{"self":[{"href":"https:\/\/www.public.sn\/index.php\/wp-json\/wp\/v2\/posts\/26815","targetHints":{"allow":["GET"]}}],"collection":[{"href":"https:\/\/www.public.sn\/index.php\/wp-json\/wp\/v2\/posts"}],"about":[{"href":"https:\/\/www.public.sn\/index.php\/wp-json\/wp\/v2\/types\/post"}],"author":[{"embeddable":true,"href":"https:\/\/www.public.sn\/index.php\/wp-json\/wp\/v2\/users\/1"}],"replies":[{"embeddable":true,"href":"https:\/\/www.public.sn\/index.php\/wp-json\/wp\/v2\/comments?post=26815"}],"version-history":[{"count":1,"href":"https:\/\/www.public.sn\/index.php\/wp-json\/wp\/v2\/posts\/26815\/revisions"}],"predecessor-version":[{"id":26817,"href":"https:\/\/www.public.sn\/index.php\/wp-json\/wp\/v2\/posts\/26815\/revisions\/26817"}],"wp:featuredmedia":[{"embeddable":true,"href":"https:\/\/www.public.sn\/index.php\/wp-json\/wp\/v2\/media\/26816"}],"wp:attachment":[{"href":"https:\/\/www.public.sn\/index.php\/wp-json\/wp\/v2\/media?parent=26815"}],"wp:term":[{"taxonomy":"category","embeddable":true,"href":"https:\/\/www.public.sn\/index.php\/wp-json\/wp\/v2\/categories?post=26815"},{"taxonomy":"post_tag","embeddable":true,"href":"https:\/\/www.public.sn\/index.php\/wp-json\/wp\/v2\/tags?post=26815"}],"curies":[{"name":"wp","href":"https:\/\/api.w.org\/{rel}","templated":true}]}}