{"id":26818,"date":"2023-09-02T14:16:52","date_gmt":"2023-09-02T14:16:52","guid":{"rendered":"https:\/\/www.public.sn\/?p=26818"},"modified":"2023-09-02T14:16:52","modified_gmt":"2023-09-02T14:16:52","slug":"semaine-de-lagence-apres-dhara-et-matam-mbour-a-participe-a-booster-le-chiffre-daffaires-par-la-promotion-des-produits-et-services-de-la-lonase","status":"publish","type":"post","link":"https:\/\/www.public.sn\/index.php\/2023\/09\/02\/semaine-de-lagence-apres-dhara-et-matam-mbour-a-participe-a-booster-le-chiffre-daffaires-par-la-promotion-des-produits-et-services-de-la-lonase\/","title":{"rendered":"Semaine de l&rsquo;Agence : apr\u00e8s Dhara et Matam, Mbour a particip\u00e9 \u00e0 booster le chiffre d&rsquo;affaires par la promotion des produits et services de la LONASE."},"content":{"rendered":"<div class=\"xdj266r x11i5rnm xat24cr x1mh8g0r x1vvkbs x126k92a\">\n<div dir=\"auto\"><strong>Apr\u00e8s Dahra et Matam, c&rsquo;est autour de la petite c\u00f4te d&rsquo;abriter la semaine de l&rsquo;agence initi\u00e9e par la LONASE. Un \u00e9v\u00e9nement hautement attendu par la force de vente et les parieurs, la semaine de l&rsquo;agence s&rsquo;est d\u00e9roul\u00e9e cette semaine \u00e0 Mbour.<\/strong><\/div>\n<div dir=\"auto\"><\/div>\n<\/div>\n<div class=\"x11i5rnm xat24cr x1mh8g0r x1vvkbs xtlvy1s x126k92a\">\n<div dir=\"auto\">C&rsquo;est des moments conviviaux entre les \u00e9quipes de la Direction Commerciale et les partenaires, la force de vente et les parieurs.<\/div>\n<div dir=\"auto\"><\/div>\n<div dir=\"auto\">C&rsquo;est aussi une excellente occasion pour la Direction Commerciale d&rsquo;\u00e9tendre son r\u00e9seau et de redynamiser ses \u00e9quipes.<\/div>\n<div dir=\"auto\"><\/div>\n<div dir=\"auto\">L&rsquo;objectif principal de cette mission est de booster le chiffre d&rsquo;affaires par la promotion des produits et services de la LONASE.<\/div>\n<div dir=\"auto\"><\/div>\n<div dir=\"auto\">Une vision d\u2019ensemble qui pilote les priorit\u00e9s et les \u00e9quipes dans le cadre de la strat\u00e9gie de d\u00e9veloppement commercial.<\/div>\n<div dir=\"auto\"><\/div>\n<\/div>\n<p><iframe title=\"\" src=\"https:\/\/www.youtube.com\/embed\/r8lPpuiy3qM\" width=\"853\" height=\"480\" frameborder=\"0\" allowfullscreen=\"allowfullscreen\"><\/iframe><\/p>\n<div class=\"publi-apres-le-contenu\" style=\"margin-top: 10px;margin-bottom: 10px;margin-left: auto;margin-right: auto;text-align: center;\" id=\"publi-3780991821\"><div class=\"publi-adlabel\">Publicit\u00e9<\/div><script async src=\"\/\/pagead2.googlesyndication.com\/pagead\/js\/adsbygoogle.js?client=ca-pub-4089586018074219\" crossorigin=\"anonymous\"><\/script><ins class=\"adsbygoogle\" style=\"display:block;\" data-ad-client=\"ca-pub-4089586018074219\" \ndata-ad-slot=\"2087940154\" \ndata-ad-format=\"auto\"><\/ins>\n<script> \n(adsbygoogle = window.adsbygoogle || []).push({}); \n<\/script>\n<\/div>","protected":false},"excerpt":{"rendered":"<p>Apr\u00e8s Dahra et Matam, c&rsquo;est autour de la petite c\u00f4te d&rsquo;abriter la semaine de l&rsquo;agence initi\u00e9e par la LONASE. Un \u00e9v\u00e9nement hautement attendu par la force de vente et les parieurs, la semaine de l&rsquo;agence s&rsquo;est d\u00e9roul\u00e9e cette semaine \u00e0 Mbour. C&rsquo;est des moments conviviaux entre les \u00e9quipes de la Direction Commerciale et les partenaires, la force de vente et les parieurs. C&rsquo;est aussi une excellente occasion pour la Direction Commerciale d&rsquo;\u00e9tendre son r\u00e9seau et de redynamiser ses \u00e9quipes. L&rsquo;objectif principal de cette mission est de booster le chiffre d&rsquo;affaires par la promotion des produits et services de la LONASE. Une vision d\u2019ensemble qui pilote les priorit\u00e9s et les \u00e9quipes dans le cadre de la strat\u00e9gie de d\u00e9veloppement commercial.<\/p>\n","protected":false},"author":1,"featured_media":26830,"comment_status":"open","ping_status":"open","sticky":false,"template":"","format":"standard","meta":{"_jetpack_memberships_contains_paid_content":false,"footnotes":""},"categories":[602,8,1,4,6],"tags":[353,899,5324],"class_list":["post-26818","post","type-post","status-publish","format-standard","has-post-thumbnail","hentry","category-partenaires","category-public-tv","category-non-classe","category-societe","category-videos","tag-lonase","tag-mbour","tag-semaine-de-lagence","entry","has-media","owp-thumbs-layout-horizontal","owp-btn-normal","owp-tabs-layout-horizontal","has-no-thumbnails","has-product-nav"],"yoast_head":"<!-- This site is optimized with the Yoast SEO plugin v25.5 - https:\/\/yoast.com\/wordpress\/plugins\/seo\/ -->\n<title>Semaine de l&#039;Agence : apr\u00e8s Dhara et Matam, Mbour a particip\u00e9 \u00e0 booster le chiffre d&#039;affaires par la promotion des produits et services de la LONASE. - LE PUBLIC<\/title>\n<meta name=\"description\" content=\"Apr\u00e8s Dahra et Matam, c&#039;est autour de la petite c\u00f4te d&#039;abriter la semaine de l&#039;agence initi\u00e9e par la LONASE. Un \u00e9v\u00e9nement hautement attendu par la force de vente et les parieurs, la semaine de l&#039;agence s&#039;est d\u00e9roul\u00e9e cette semaine \u00e0 Mbour.\" \/>\n<meta name=\"robots\" content=\"index, follow, max-snippet:-1, max-image-preview:large, max-video-preview:-1\" \/>\n<link rel=\"canonical\" href=\"https:\/\/www.public.sn\/index.php\/2023\/09\/02\/semaine-de-lagence-apres-dhara-et-matam-mbour-a-participe-a-booster-le-chiffre-daffaires-par-la-promotion-des-produits-et-services-de-la-lonase\/\" \/>\n<meta property=\"og:locale\" content=\"fr_FR\" \/>\n<meta property=\"og:type\" content=\"article\" \/>\n<meta property=\"og:title\" content=\"Semaine de l&#039;Agence : apr\u00e8s Dhara et Matam, Mbour a particip\u00e9 \u00e0 booster le chiffre d&#039;affaires par la promotion des produits et services de la LONASE. - LE PUBLIC\" \/>\n<meta property=\"og:description\" content=\"Apr\u00e8s Dahra et Matam, c&#039;est autour de la petite c\u00f4te d&#039;abriter la semaine de l&#039;agence initi\u00e9e par la LONASE. Un \u00e9v\u00e9nement hautement attendu par la force de vente et les parieurs, la semaine de l&#039;agence s&#039;est d\u00e9roul\u00e9e cette semaine \u00e0 Mbour.\" \/>\n<meta property=\"og:url\" content=\"https:\/\/www.public.sn\/index.php\/2023\/09\/02\/semaine-de-lagence-apres-dhara-et-matam-mbour-a-participe-a-booster-le-chiffre-daffaires-par-la-promotion-des-produits-et-services-de-la-lonase\/\" \/>\n<meta property=\"og:site_name\" content=\"LE PUBLIC\" \/>\n<meta property=\"article:published_time\" content=\"2023-09-02T14:16:52+00:00\" \/>\n<meta property=\"og:image\" content=\"https:\/\/www.public.sn\/wp-content\/uploads\/2023\/09\/LONASE-MBOUR.jpg\" \/>\n\t<meta property=\"og:image:width\" content=\"700\" \/>\n\t<meta property=\"og:image:height\" content=\"450\" \/>\n\t<meta property=\"og:image:type\" content=\"image\/jpeg\" \/>\n<meta name=\"author\" content=\"LA REDACTION\" \/>\n<meta name=\"twitter:card\" content=\"summary_large_image\" \/>\n<meta name=\"twitter:label1\" content=\"\u00c9crit par\" \/>\n\t<meta name=\"twitter:data1\" content=\"LA REDACTION\" \/>\n\t<meta name=\"twitter:label2\" content=\"Dur\u00e9e de lecture estim\u00e9e\" \/>\n\t<meta name=\"twitter:data2\" content=\"1 minute\" \/>\n<script type=\"application\/ld+json\" class=\"yoast-schema-graph\">{\"@context\":\"https:\/\/schema.org\",\"@graph\":[{\"@type\":\"Article\",\"@id\":\"https:\/\/www.public.sn\/index.php\/2023\/09\/02\/semaine-de-lagence-apres-dhara-et-matam-mbour-a-participe-a-booster-le-chiffre-daffaires-par-la-promotion-des-produits-et-services-de-la-lonase\/#article\",\"isPartOf\":{\"@id\":\"https:\/\/www.public.sn\/index.php\/2023\/09\/02\/semaine-de-lagence-apres-dhara-et-matam-mbour-a-participe-a-booster-le-chiffre-daffaires-par-la-promotion-des-produits-et-services-de-la-lonase\/\"},\"author\":{\"name\":\"LA REDACTION\",\"@id\":\"https:\/\/www.public.sn\/#\/schema\/person\/e3f4a11b037d4203902db148f9bc8d5a\"},\"headline\":\"Semaine de l&rsquo;Agence : apr\u00e8s Dhara et Matam, Mbour a particip\u00e9 \u00e0 booster le chiffre d&rsquo;affaires par la promotion des produits et services de la LONASE.\",\"datePublished\":\"2023-09-02T14:16:52+00:00\",\"mainEntityOfPage\":{\"@id\":\"https:\/\/www.public.sn\/index.php\/2023\/09\/02\/semaine-de-lagence-apres-dhara-et-matam-mbour-a-participe-a-booster-le-chiffre-daffaires-par-la-promotion-des-produits-et-services-de-la-lonase\/\"},\"wordCount\":155,\"commentCount\":0,\"publisher\":{\"@id\":\"https:\/\/www.public.sn\/#organization\"},\"image\":{\"@id\":\"https:\/\/www.public.sn\/index.php\/2023\/09\/02\/semaine-de-lagence-apres-dhara-et-matam-mbour-a-participe-a-booster-le-chiffre-daffaires-par-la-promotion-des-produits-et-services-de-la-lonase\/#primaryimage\"},\"thumbnailUrl\":\"https:\/\/www.public.sn\/wp-content\/uploads\/2023\/09\/LONASE-MBOUR.jpg\",\"keywords\":[\"Lonase\",\"Mbour\",\"Semaine de l'Agence\"],\"articleSection\":[\"PARTENAIRES\",\"PUBLIC TV\",\"S\u00c9N\u00c9GAL\",\"SOCIETE\",\"VIDEOS\"],\"inLanguage\":\"fr-FR\",\"potentialAction\":[{\"@type\":\"CommentAction\",\"name\":\"Comment\",\"target\":[\"https:\/\/www.public.sn\/index.php\/2023\/09\/02\/semaine-de-lagence-apres-dhara-et-matam-mbour-a-participe-a-booster-le-chiffre-daffaires-par-la-promotion-des-produits-et-services-de-la-lonase\/#respond\"]}]},{\"@type\":\"WebPage\",\"@id\":\"https:\/\/www.public.sn\/index.php\/2023\/09\/02\/semaine-de-lagence-apres-dhara-et-matam-mbour-a-participe-a-booster-le-chiffre-daffaires-par-la-promotion-des-produits-et-services-de-la-lonase\/\",\"url\":\"https:\/\/www.public.sn\/index.php\/2023\/09\/02\/semaine-de-lagence-apres-dhara-et-matam-mbour-a-participe-a-booster-le-chiffre-daffaires-par-la-promotion-des-produits-et-services-de-la-lonase\/\",\"name\":\"Semaine de l'Agence : apr\u00e8s Dhara et Matam, Mbour a particip\u00e9 \u00e0 booster le chiffre d'affaires par la promotion des produits et services de la LONASE. - LE PUBLIC\",\"isPartOf\":{\"@id\":\"https:\/\/www.public.sn\/#website\"},\"primaryImageOfPage\":{\"@id\":\"https:\/\/www.public.sn\/index.php\/2023\/09\/02\/semaine-de-lagence-apres-dhara-et-matam-mbour-a-participe-a-booster-le-chiffre-daffaires-par-la-promotion-des-produits-et-services-de-la-lonase\/#primaryimage\"},\"image\":{\"@id\":\"https:\/\/www.public.sn\/index.php\/2023\/09\/02\/semaine-de-lagence-apres-dhara-et-matam-mbour-a-participe-a-booster-le-chiffre-daffaires-par-la-promotion-des-produits-et-services-de-la-lonase\/#primaryimage\"},\"thumbnailUrl\":\"https:\/\/www.public.sn\/wp-content\/uploads\/2023\/09\/LONASE-MBOUR.jpg\",\"datePublished\":\"2023-09-02T14:16:52+00:00\",\"description\":\"Apr\u00e8s Dahra et Matam, c'est autour de la petite c\u00f4te d'abriter la semaine de l'agence initi\u00e9e par la LONASE. Un \u00e9v\u00e9nement hautement attendu par la force de vente et les parieurs, la semaine de l'agence s'est d\u00e9roul\u00e9e cette semaine \u00e0 Mbour.\",\"breadcrumb\":{\"@id\":\"https:\/\/www.public.sn\/index.php\/2023\/09\/02\/semaine-de-lagence-apres-dhara-et-matam-mbour-a-participe-a-booster-le-chiffre-daffaires-par-la-promotion-des-produits-et-services-de-la-lonase\/#breadcrumb\"},\"inLanguage\":\"fr-FR\",\"potentialAction\":[{\"@type\":\"ReadAction\",\"target\":[\"https:\/\/www.public.sn\/index.php\/2023\/09\/02\/semaine-de-lagence-apres-dhara-et-matam-mbour-a-participe-a-booster-le-chiffre-daffaires-par-la-promotion-des-produits-et-services-de-la-lonase\/\"]}]},{\"@type\":\"ImageObject\",\"inLanguage\":\"fr-FR\",\"@id\":\"https:\/\/www.public.sn\/index.php\/2023\/09\/02\/semaine-de-lagence-apres-dhara-et-matam-mbour-a-participe-a-booster-le-chiffre-daffaires-par-la-promotion-des-produits-et-services-de-la-lonase\/#primaryimage\",\"url\":\"https:\/\/www.public.sn\/wp-content\/uploads\/2023\/09\/LONASE-MBOUR.jpg\",\"contentUrl\":\"https:\/\/www.public.sn\/wp-content\/uploads\/2023\/09\/LONASE-MBOUR.jpg\",\"width\":700,\"height\":450},{\"@type\":\"BreadcrumbList\",\"@id\":\"https:\/\/www.public.sn\/index.php\/2023\/09\/02\/semaine-de-lagence-apres-dhara-et-matam-mbour-a-participe-a-booster-le-chiffre-daffaires-par-la-promotion-des-produits-et-services-de-la-lonase\/#breadcrumb\",\"itemListElement\":[{\"@type\":\"ListItem\",\"position\":1,\"name\":\"Accueil\",\"item\":\"https:\/\/www.public.sn\/\"},{\"@type\":\"ListItem\",\"position\":2,\"name\":\"Semaine de l&rsquo;Agence : apr\u00e8s Dhara et Matam, Mbour a particip\u00e9 \u00e0 booster le chiffre d&rsquo;affaires par la promotion des produits et services de la LONASE.\"}]},{\"@type\":\"WebSite\",\"@id\":\"https:\/\/www.public.sn\/#website\",\"url\":\"https:\/\/www.public.sn\/\",\"name\":\"LE PUBLIC\",\"description\":\"\",\"publisher\":{\"@id\":\"https:\/\/www.public.sn\/#organization\"},\"potentialAction\":[{\"@type\":\"SearchAction\",\"target\":{\"@type\":\"EntryPoint\",\"urlTemplate\":\"https:\/\/www.public.sn\/?s={search_term_string}\"},\"query-input\":{\"@type\":\"PropertyValueSpecification\",\"valueRequired\":true,\"valueName\":\"search_term_string\"}}],\"inLanguage\":\"fr-FR\"},{\"@type\":\"Organization\",\"@id\":\"https:\/\/www.public.sn\/#organization\",\"name\":\"LE PUBLIC\",\"url\":\"https:\/\/www.public.sn\/\",\"logo\":{\"@type\":\"ImageObject\",\"inLanguage\":\"fr-FR\",\"@id\":\"https:\/\/www.public.sn\/#\/schema\/logo\/image\/\",\"url\":\"https:\/\/www.public.sn\/wp-content\/uploads\/2024\/05\/cropped-LOGO-PUBLIC.SN_.png\",\"contentUrl\":\"https:\/\/www.public.sn\/wp-content\/uploads\/2024\/05\/cropped-LOGO-PUBLIC.SN_.png\",\"width\":682,\"height\":192,\"caption\":\"LE PUBLIC\"},\"image\":{\"@id\":\"https:\/\/www.public.sn\/#\/schema\/logo\/image\/\"}},{\"@type\":\"Person\",\"@id\":\"https:\/\/www.public.sn\/#\/schema\/person\/e3f4a11b037d4203902db148f9bc8d5a\",\"name\":\"LA REDACTION\",\"image\":{\"@type\":\"ImageObject\",\"inLanguage\":\"fr-FR\",\"@id\":\"https:\/\/www.public.sn\/#\/schema\/person\/image\/\",\"url\":\"https:\/\/secure.gravatar.com\/avatar\/d6c030db45db2883c075085c5d6c6258654a801a93766b49af0b82d4f454e2a5?s=96&d=mm&r=g\",\"contentUrl\":\"https:\/\/secure.gravatar.com\/avatar\/d6c030db45db2883c075085c5d6c6258654a801a93766b49af0b82d4f454e2a5?s=96&d=mm&r=g\",\"caption\":\"LA REDACTION\"},\"sameAs\":[\"http:\/\/www.public.sn\"],\"url\":\"https:\/\/www.public.sn\/index.php\/author\/admin7324\/\"}]}<\/script>\n<!-- \/ Yoast SEO plugin. -->","yoast_head_json":{"title":"Semaine de l'Agence : apr\u00e8s Dhara et Matam, Mbour a particip\u00e9 \u00e0 booster le chiffre d'affaires par la promotion des produits et services de la LONASE. - LE PUBLIC","description":"Apr\u00e8s Dahra et Matam, c'est autour de la petite c\u00f4te d'abriter la semaine de l'agence initi\u00e9e par la LONASE. Un \u00e9v\u00e9nement hautement attendu par la force de vente et les parieurs, la semaine de l'agence s'est d\u00e9roul\u00e9e cette semaine \u00e0 Mbour.","robots":{"index":"index","follow":"follow","max-snippet":"max-snippet:-1","max-image-preview":"max-image-preview:large","max-video-preview":"max-video-preview:-1"},"canonical":"https:\/\/www.public.sn\/index.php\/2023\/09\/02\/semaine-de-lagence-apres-dhara-et-matam-mbour-a-participe-a-booster-le-chiffre-daffaires-par-la-promotion-des-produits-et-services-de-la-lonase\/","og_locale":"fr_FR","og_type":"article","og_title":"Semaine de l'Agence : apr\u00e8s Dhara et Matam, Mbour a particip\u00e9 \u00e0 booster le chiffre d'affaires par la promotion des produits et services de la LONASE. - LE PUBLIC","og_description":"Apr\u00e8s Dahra et Matam, c'est autour de la petite c\u00f4te d'abriter la semaine de l'agence initi\u00e9e par la LONASE. Un \u00e9v\u00e9nement hautement attendu par la force de vente et les parieurs, la semaine de l'agence s'est d\u00e9roul\u00e9e cette semaine \u00e0 Mbour.","og_url":"https:\/\/www.public.sn\/index.php\/2023\/09\/02\/semaine-de-lagence-apres-dhara-et-matam-mbour-a-participe-a-booster-le-chiffre-daffaires-par-la-promotion-des-produits-et-services-de-la-lonase\/","og_site_name":"LE PUBLIC","article_published_time":"2023-09-02T14:16:52+00:00","og_image":[{"width":700,"height":450,"url":"https:\/\/www.public.sn\/wp-content\/uploads\/2023\/09\/LONASE-MBOUR.jpg","type":"image\/jpeg"}],"author":"LA REDACTION","twitter_card":"summary_large_image","twitter_misc":{"\u00c9crit par":"LA REDACTION","Dur\u00e9e de lecture estim\u00e9e":"1 minute"},"schema":{"@context":"https:\/\/schema.org","@graph":[{"@type":"Article","@id":"https:\/\/www.public.sn\/index.php\/2023\/09\/02\/semaine-de-lagence-apres-dhara-et-matam-mbour-a-participe-a-booster-le-chiffre-daffaires-par-la-promotion-des-produits-et-services-de-la-lonase\/#article","isPartOf":{"@id":"https:\/\/www.public.sn\/index.php\/2023\/09\/02\/semaine-de-lagence-apres-dhara-et-matam-mbour-a-participe-a-booster-le-chiffre-daffaires-par-la-promotion-des-produits-et-services-de-la-lonase\/"},"author":{"name":"LA REDACTION","@id":"https:\/\/www.public.sn\/#\/schema\/person\/e3f4a11b037d4203902db148f9bc8d5a"},"headline":"Semaine de l&rsquo;Agence : apr\u00e8s Dhara et Matam, Mbour a particip\u00e9 \u00e0 booster le chiffre d&rsquo;affaires par la promotion des produits et services de la LONASE.","datePublished":"2023-09-02T14:16:52+00:00","mainEntityOfPage":{"@id":"https:\/\/www.public.sn\/index.php\/2023\/09\/02\/semaine-de-lagence-apres-dhara-et-matam-mbour-a-participe-a-booster-le-chiffre-daffaires-par-la-promotion-des-produits-et-services-de-la-lonase\/"},"wordCount":155,"commentCount":0,"publisher":{"@id":"https:\/\/www.public.sn\/#organization"},"image":{"@id":"https:\/\/www.public.sn\/index.php\/2023\/09\/02\/semaine-de-lagence-apres-dhara-et-matam-mbour-a-participe-a-booster-le-chiffre-daffaires-par-la-promotion-des-produits-et-services-de-la-lonase\/#primaryimage"},"thumbnailUrl":"https:\/\/www.public.sn\/wp-content\/uploads\/2023\/09\/LONASE-MBOUR.jpg","keywords":["Lonase","Mbour","Semaine de l'Agence"],"articleSection":["PARTENAIRES","PUBLIC TV","S\u00c9N\u00c9GAL","SOCIETE","VIDEOS"],"inLanguage":"fr-FR","potentialAction":[{"@type":"CommentAction","name":"Comment","target":["https:\/\/www.public.sn\/index.php\/2023\/09\/02\/semaine-de-lagence-apres-dhara-et-matam-mbour-a-participe-a-booster-le-chiffre-daffaires-par-la-promotion-des-produits-et-services-de-la-lonase\/#respond"]}]},{"@type":"WebPage","@id":"https:\/\/www.public.sn\/index.php\/2023\/09\/02\/semaine-de-lagence-apres-dhara-et-matam-mbour-a-participe-a-booster-le-chiffre-daffaires-par-la-promotion-des-produits-et-services-de-la-lonase\/","url":"https:\/\/www.public.sn\/index.php\/2023\/09\/02\/semaine-de-lagence-apres-dhara-et-matam-mbour-a-participe-a-booster-le-chiffre-daffaires-par-la-promotion-des-produits-et-services-de-la-lonase\/","name":"Semaine de l'Agence : apr\u00e8s Dhara et Matam, Mbour a particip\u00e9 \u00e0 booster le chiffre d'affaires par la promotion des produits et services de la LONASE. - LE PUBLIC","isPartOf":{"@id":"https:\/\/www.public.sn\/#website"},"primaryImageOfPage":{"@id":"https:\/\/www.public.sn\/index.php\/2023\/09\/02\/semaine-de-lagence-apres-dhara-et-matam-mbour-a-participe-a-booster-le-chiffre-daffaires-par-la-promotion-des-produits-et-services-de-la-lonase\/#primaryimage"},"image":{"@id":"https:\/\/www.public.sn\/index.php\/2023\/09\/02\/semaine-de-lagence-apres-dhara-et-matam-mbour-a-participe-a-booster-le-chiffre-daffaires-par-la-promotion-des-produits-et-services-de-la-lonase\/#primaryimage"},"thumbnailUrl":"https:\/\/www.public.sn\/wp-content\/uploads\/2023\/09\/LONASE-MBOUR.jpg","datePublished":"2023-09-02T14:16:52+00:00","description":"Apr\u00e8s Dahra et Matam, c'est autour de la petite c\u00f4te d'abriter la semaine de l'agence initi\u00e9e par la LONASE. Un \u00e9v\u00e9nement hautement attendu par la force de vente et les parieurs, la semaine de l'agence s'est d\u00e9roul\u00e9e cette semaine \u00e0 Mbour.","breadcrumb":{"@id":"https:\/\/www.public.sn\/index.php\/2023\/09\/02\/semaine-de-lagence-apres-dhara-et-matam-mbour-a-participe-a-booster-le-chiffre-daffaires-par-la-promotion-des-produits-et-services-de-la-lonase\/#breadcrumb"},"inLanguage":"fr-FR","potentialAction":[{"@type":"ReadAction","target":["https:\/\/www.public.sn\/index.php\/2023\/09\/02\/semaine-de-lagence-apres-dhara-et-matam-mbour-a-participe-a-booster-le-chiffre-daffaires-par-la-promotion-des-produits-et-services-de-la-lonase\/"]}]},{"@type":"ImageObject","inLanguage":"fr-FR","@id":"https:\/\/www.public.sn\/index.php\/2023\/09\/02\/semaine-de-lagence-apres-dhara-et-matam-mbour-a-participe-a-booster-le-chiffre-daffaires-par-la-promotion-des-produits-et-services-de-la-lonase\/#primaryimage","url":"https:\/\/www.public.sn\/wp-content\/uploads\/2023\/09\/LONASE-MBOUR.jpg","contentUrl":"https:\/\/www.public.sn\/wp-content\/uploads\/2023\/09\/LONASE-MBOUR.jpg","width":700,"height":450},{"@type":"BreadcrumbList","@id":"https:\/\/www.public.sn\/index.php\/2023\/09\/02\/semaine-de-lagence-apres-dhara-et-matam-mbour-a-participe-a-booster-le-chiffre-daffaires-par-la-promotion-des-produits-et-services-de-la-lonase\/#breadcrumb","itemListElement":[{"@type":"ListItem","position":1,"name":"Accueil","item":"https:\/\/www.public.sn\/"},{"@type":"ListItem","position":2,"name":"Semaine de l&rsquo;Agence : apr\u00e8s Dhara et Matam, Mbour a particip\u00e9 \u00e0 booster le chiffre d&rsquo;affaires par la promotion des produits et services de la LONASE."}]},{"@type":"WebSite","@id":"https:\/\/www.public.sn\/#website","url":"https:\/\/www.public.sn\/","name":"LE PUBLIC","description":"","publisher":{"@id":"https:\/\/www.public.sn\/#organization"},"potentialAction":[{"@type":"SearchAction","target":{"@type":"EntryPoint","urlTemplate":"https:\/\/www.public.sn\/?s={search_term_string}"},"query-input":{"@type":"PropertyValueSpecification","valueRequired":true,"valueName":"search_term_string"}}],"inLanguage":"fr-FR"},{"@type":"Organization","@id":"https:\/\/www.public.sn\/#organization","name":"LE PUBLIC","url":"https:\/\/www.public.sn\/","logo":{"@type":"ImageObject","inLanguage":"fr-FR","@id":"https:\/\/www.public.sn\/#\/schema\/logo\/image\/","url":"https:\/\/www.public.sn\/wp-content\/uploads\/2024\/05\/cropped-LOGO-PUBLIC.SN_.png","contentUrl":"https:\/\/www.public.sn\/wp-content\/uploads\/2024\/05\/cropped-LOGO-PUBLIC.SN_.png","width":682,"height":192,"caption":"LE PUBLIC"},"image":{"@id":"https:\/\/www.public.sn\/#\/schema\/logo\/image\/"}},{"@type":"Person","@id":"https:\/\/www.public.sn\/#\/schema\/person\/e3f4a11b037d4203902db148f9bc8d5a","name":"LA REDACTION","image":{"@type":"ImageObject","inLanguage":"fr-FR","@id":"https:\/\/www.public.sn\/#\/schema\/person\/image\/","url":"https:\/\/secure.gravatar.com\/avatar\/d6c030db45db2883c075085c5d6c6258654a801a93766b49af0b82d4f454e2a5?s=96&d=mm&r=g","contentUrl":"https:\/\/secure.gravatar.com\/avatar\/d6c030db45db2883c075085c5d6c6258654a801a93766b49af0b82d4f454e2a5?s=96&d=mm&r=g","caption":"LA REDACTION"},"sameAs":["http:\/\/www.public.sn"],"url":"https:\/\/www.public.sn\/index.php\/author\/admin7324\/"}]}},"jetpack_featured_media_url":"https:\/\/www.public.sn\/wp-content\/uploads\/2023\/09\/LONASE-MBOUR.jpg","jetpack_sharing_enabled":true,"_links":{"self":[{"href":"https:\/\/www.public.sn\/index.php\/wp-json\/wp\/v2\/posts\/26818","targetHints":{"allow":["GET"]}}],"collection":[{"href":"https:\/\/www.public.sn\/index.php\/wp-json\/wp\/v2\/posts"}],"about":[{"href":"https:\/\/www.public.sn\/index.php\/wp-json\/wp\/v2\/types\/post"}],"author":[{"embeddable":true,"href":"https:\/\/www.public.sn\/index.php\/wp-json\/wp\/v2\/users\/1"}],"replies":[{"embeddable":true,"href":"https:\/\/www.public.sn\/index.php\/wp-json\/wp\/v2\/comments?post=26818"}],"version-history":[{"count":1,"href":"https:\/\/www.public.sn\/index.php\/wp-json\/wp\/v2\/posts\/26818\/revisions"}],"predecessor-version":[{"id":26832,"href":"https:\/\/www.public.sn\/index.php\/wp-json\/wp\/v2\/posts\/26818\/revisions\/26832"}],"wp:featuredmedia":[{"embeddable":true,"href":"https:\/\/www.public.sn\/index.php\/wp-json\/wp\/v2\/media\/26830"}],"wp:attachment":[{"href":"https:\/\/www.public.sn\/index.php\/wp-json\/wp\/v2\/media?parent=26818"}],"wp:term":[{"taxonomy":"category","embeddable":true,"href":"https:\/\/www.public.sn\/index.php\/wp-json\/wp\/v2\/categories?post=26818"},{"taxonomy":"post_tag","embeddable":true,"href":"https:\/\/www.public.sn\/index.php\/wp-json\/wp\/v2\/tags?post=26818"}],"curies":[{"name":"wp","href":"https:\/\/api.w.org\/{rel}","templated":true}]}}