{"id":26842,"date":"2023-09-04T12:32:04","date_gmt":"2023-09-04T12:32:04","guid":{"rendered":"https:\/\/www.public.sn\/?p=26842"},"modified":"2023-09-04T12:32:04","modified_gmt":"2023-09-04T12:32:04","slug":"gabon-le-president-de-transitiion-sengage-a-amnistier-les-prisonniers-dopinion","status":"publish","type":"post","link":"https:\/\/www.public.sn\/index.php\/2023\/09\/04\/gabon-le-president-de-transitiion-sengage-a-amnistier-les-prisonniers-dopinion\/","title":{"rendered":"Gabon: le pr\u00e9sident de transitiion s&rsquo;engage \u00e0 amnistier  les prisonniers d&rsquo;opinion"},"content":{"rendered":"<p>C&rsquo;est une annonce importante que le g\u00e9n\u00e9ral Brice Oligui Nguema a faite lors de son investiture au Gabon. En promettant d&rsquo;amnistier les prisonniers d&rsquo;opinion et de faciliter le retour des exil\u00e9s, il semble vouloir instaurer un climat de r\u00e9conciliation et de transition vers des \u00e9lections d\u00e9mocratiques. Cependant, il sera important de suivre de pr\u00e8s les actions concr\u00e8tes de son gouvernement pour mettre en \u0153uvre ces engagements\u00a0\u00bbJ&rsquo;instruis le futur gouvernement\u00a0\u00bb qui sera nomm\u00e9 \u00ab\u00a0\u00e0 r\u00e9fl\u00e9chir sur les m\u00e9canismes visant \u00e0 amnistier les prisonniers d&rsquo;opinion\u00a0\u00bb et \u00ab\u00a0faciliter le retour de tous les exil\u00e9s\u00a0\u00bb, a-t-il d\u00e9clar\u00e9 dans son discours d&rsquo;investiture \u00e0 la pr\u00e9sidence de la R\u00e9publique, devant des centaines de personnes dont le dernier Premier ministre, la vice-pr\u00e9sidente d&rsquo;Ali Bongo et des t\u00e9nors de l&rsquo;opposition au r\u00e9gime de ce dernier, qui dirigeait le Gabon depuis 14 ans.<\/p><div class=\"publi-paragraphe1\" style=\"margin-top: 10px;margin-bottom: 10px;margin-left: auto;margin-right: auto;text-align: center;\" id=\"publi-1750491375\"><div class=\"publi-adlabel\">Publicit\u00e9<\/div><script async src=\"\/\/pagead2.googlesyndication.com\/pagead\/js\/adsbygoogle.js?client=ca-pub-4089586018074219\" crossorigin=\"anonymous\"><\/script><ins class=\"adsbygoogle\" style=\"display:block;\" data-ad-client=\"ca-pub-4089586018074219\" \ndata-ad-slot=\"2087940154\" \ndata-ad-format=\"auto\"><\/ins>\n<script> \n(adsbygoogle = window.adsbygoogle || []).push({}); \n<\/script>\n<\/div>\n<p>&nbsp;<\/p>\n<div class=\"publi-apres-le-contenu\" style=\"margin-top: 10px;margin-bottom: 10px;margin-left: auto;margin-right: auto;text-align: center;\" id=\"publi-4175901218\"><div class=\"publi-adlabel\">Publicit\u00e9<\/div><script async src=\"\/\/pagead2.googlesyndication.com\/pagead\/js\/adsbygoogle.js?client=ca-pub-4089586018074219\" crossorigin=\"anonymous\"><\/script><ins class=\"adsbygoogle\" style=\"display:block;\" data-ad-client=\"ca-pub-4089586018074219\" \ndata-ad-slot=\"2087940154\" \ndata-ad-format=\"auto\"><\/ins>\n<script> \n(adsbygoogle = window.adsbygoogle || []).push({}); \n<\/script>\n<\/div>","protected":false},"excerpt":{"rendered":"<p>C&rsquo;est une annonce importante que le g\u00e9n\u00e9ral Brice Oligui Nguema a faite lors de son investiture au Gabon. En promettant d&rsquo;amnistier les prisonniers d&rsquo;opinion et de faciliter le retour des exil\u00e9s, il semble vouloir instaurer un climat de r\u00e9conciliation et de transition vers des \u00e9lections d\u00e9mocratiques. Cependant, il sera important de suivre de pr\u00e8s les actions concr\u00e8tes de son gouvernement pour mettre en \u0153uvre ces engagements\u00a0\u00bbJ&rsquo;instruis le futur gouvernement\u00a0\u00bb qui sera nomm\u00e9 \u00ab\u00a0\u00e0 r\u00e9fl\u00e9chir sur les m\u00e9canismes visant \u00e0 amnistier les prisonniers d&rsquo;opinion\u00a0\u00bb et \u00ab\u00a0faciliter le retour de tous les exil\u00e9s\u00a0\u00bb, a-t-il d\u00e9clar\u00e9 dans son discours d&rsquo;investiture \u00e0 la pr\u00e9sidence de la R\u00e9publique, devant des centaines de personnes dont le dernier Premier ministre, la vice-pr\u00e9sidente d&rsquo;Ali Bongo et des t\u00e9nors de l&rsquo;opposition au r\u00e9gime de ce dernier, qui dirigeait le Gabon depuis 14 ans. &nbsp;<\/p>\n","protected":false},"author":7,"featured_media":26847,"comment_status":"open","ping_status":"open","sticky":false,"template":"","format":"standard","meta":{"_jetpack_memberships_contains_paid_content":false,"footnotes":""},"categories":[375],"tags":[],"class_list":["post-26842","post","type-post","status-publish","format-standard","has-post-thumbnail","hentry","category-actualites","entry","has-media","owp-thumbs-layout-horizontal","owp-btn-normal","owp-tabs-layout-horizontal","has-no-thumbnails","has-product-nav"],"yoast_head":"<!-- This site is optimized with the Yoast SEO plugin v25.5 - https:\/\/yoast.com\/wordpress\/plugins\/seo\/ -->\n<title>Gabon: le pr\u00e9sident de transitiion s&#039;engage \u00e0 amnistier les prisonniers d&#039;opinion - LE PUBLIC<\/title>\n<meta name=\"robots\" content=\"index, follow, max-snippet:-1, max-image-preview:large, max-video-preview:-1\" \/>\n<link rel=\"canonical\" href=\"https:\/\/www.public.sn\/index.php\/2023\/09\/04\/gabon-le-president-de-transitiion-sengage-a-amnistier-les-prisonniers-dopinion\/\" \/>\n<meta property=\"og:locale\" content=\"fr_FR\" \/>\n<meta property=\"og:type\" content=\"article\" \/>\n<meta property=\"og:title\" content=\"Gabon: le pr\u00e9sident de transitiion s&#039;engage \u00e0 amnistier les prisonniers d&#039;opinion - LE PUBLIC\" \/>\n<meta property=\"og:description\" content=\"C&rsquo;est une annonce importante que le g\u00e9n\u00e9ral Brice Oligui Nguema a faite lors de son investiture au Gabon. En promettant d&rsquo;amnistier les prisonniers d&rsquo;opinion et de faciliter le retour des exil\u00e9s, il semble vouloir instaurer un climat de r\u00e9conciliation et de transition vers des \u00e9lections d\u00e9mocratiques. Cependant, il sera important de suivre de pr\u00e8s les actions concr\u00e8tes de son gouvernement pour mettre en \u0153uvre ces engagements\u00a0\u00bbJ&rsquo;instruis le futur gouvernement\u00a0\u00bb qui sera nomm\u00e9 \u00ab\u00a0\u00e0 r\u00e9fl\u00e9chir sur les m\u00e9canismes visant \u00e0 amnistier les prisonniers d&rsquo;opinion\u00a0\u00bb et \u00ab\u00a0faciliter le retour de tous les exil\u00e9s\u00a0\u00bb, a-t-il d\u00e9clar\u00e9 dans son discours d&rsquo;investiture \u00e0 la pr\u00e9sidence de la R\u00e9publique, devant des centaines de personnes dont le dernier Premier ministre, la vice-pr\u00e9sidente d&rsquo;Ali Bongo et des t\u00e9nors de l&rsquo;opposition au r\u00e9gime de ce dernier, qui dirigeait le Gabon depuis 14 ans. &nbsp;\" \/>\n<meta property=\"og:url\" content=\"https:\/\/www.public.sn\/index.php\/2023\/09\/04\/gabon-le-president-de-transitiion-sengage-a-amnistier-les-prisonniers-dopinion\/\" \/>\n<meta property=\"og:site_name\" content=\"LE PUBLIC\" \/>\n<meta property=\"article:published_time\" content=\"2023-09-04T12:32:04+00:00\" \/>\n<meta property=\"og:image\" content=\"https:\/\/www.public.sn\/wp-content\/uploads\/2023\/09\/gabon.jpeg\" \/>\n\t<meta property=\"og:image:width\" content=\"288\" \/>\n\t<meta property=\"og:image:height\" content=\"175\" \/>\n\t<meta property=\"og:image:type\" content=\"image\/jpeg\" \/>\n<meta name=\"author\" content=\"LA REDACTION\" \/>\n<meta name=\"twitter:card\" content=\"summary_large_image\" \/>\n<meta name=\"twitter:label1\" content=\"\u00c9crit par\" \/>\n\t<meta name=\"twitter:data1\" content=\"LA REDACTION\" \/>\n\t<meta name=\"twitter:label2\" content=\"Dur\u00e9e de lecture estim\u00e9e\" \/>\n\t<meta name=\"twitter:data2\" content=\"1 minute\" \/>\n<script type=\"application\/ld+json\" class=\"yoast-schema-graph\">{\"@context\":\"https:\/\/schema.org\",\"@graph\":[{\"@type\":\"Article\",\"@id\":\"https:\/\/www.public.sn\/index.php\/2023\/09\/04\/gabon-le-president-de-transitiion-sengage-a-amnistier-les-prisonniers-dopinion\/#article\",\"isPartOf\":{\"@id\":\"https:\/\/www.public.sn\/index.php\/2023\/09\/04\/gabon-le-president-de-transitiion-sengage-a-amnistier-les-prisonniers-dopinion\/\"},\"author\":{\"name\":\"LA REDACTION\",\"@id\":\"https:\/\/www.public.sn\/#\/schema\/person\/cb76c8e1b8becc6be61fb5e92d6d0224\"},\"headline\":\"Gabon: le pr\u00e9sident de transitiion s&rsquo;engage \u00e0 amnistier les prisonniers d&rsquo;opinion\",\"datePublished\":\"2023-09-04T12:32:04+00:00\",\"mainEntityOfPage\":{\"@id\":\"https:\/\/www.public.sn\/index.php\/2023\/09\/04\/gabon-le-president-de-transitiion-sengage-a-amnistier-les-prisonniers-dopinion\/\"},\"wordCount\":160,\"commentCount\":0,\"publisher\":{\"@id\":\"https:\/\/www.public.sn\/#organization\"},\"image\":{\"@id\":\"https:\/\/www.public.sn\/index.php\/2023\/09\/04\/gabon-le-president-de-transitiion-sengage-a-amnistier-les-prisonniers-dopinion\/#primaryimage\"},\"thumbnailUrl\":\"https:\/\/www.public.sn\/wp-content\/uploads\/2023\/09\/gabon.jpeg\",\"articleSection\":[\"ACTUALIT\u00c9S\"],\"inLanguage\":\"fr-FR\",\"potentialAction\":[{\"@type\":\"CommentAction\",\"name\":\"Comment\",\"target\":[\"https:\/\/www.public.sn\/index.php\/2023\/09\/04\/gabon-le-president-de-transitiion-sengage-a-amnistier-les-prisonniers-dopinion\/#respond\"]}]},{\"@type\":\"WebPage\",\"@id\":\"https:\/\/www.public.sn\/index.php\/2023\/09\/04\/gabon-le-president-de-transitiion-sengage-a-amnistier-les-prisonniers-dopinion\/\",\"url\":\"https:\/\/www.public.sn\/index.php\/2023\/09\/04\/gabon-le-president-de-transitiion-sengage-a-amnistier-les-prisonniers-dopinion\/\",\"name\":\"Gabon: le pr\u00e9sident de transitiion s'engage \u00e0 amnistier les prisonniers d'opinion - LE PUBLIC\",\"isPartOf\":{\"@id\":\"https:\/\/www.public.sn\/#website\"},\"primaryImageOfPage\":{\"@id\":\"https:\/\/www.public.sn\/index.php\/2023\/09\/04\/gabon-le-president-de-transitiion-sengage-a-amnistier-les-prisonniers-dopinion\/#primaryimage\"},\"image\":{\"@id\":\"https:\/\/www.public.sn\/index.php\/2023\/09\/04\/gabon-le-president-de-transitiion-sengage-a-amnistier-les-prisonniers-dopinion\/#primaryimage\"},\"thumbnailUrl\":\"https:\/\/www.public.sn\/wp-content\/uploads\/2023\/09\/gabon.jpeg\",\"datePublished\":\"2023-09-04T12:32:04+00:00\",\"breadcrumb\":{\"@id\":\"https:\/\/www.public.sn\/index.php\/2023\/09\/04\/gabon-le-president-de-transitiion-sengage-a-amnistier-les-prisonniers-dopinion\/#breadcrumb\"},\"inLanguage\":\"fr-FR\",\"potentialAction\":[{\"@type\":\"ReadAction\",\"target\":[\"https:\/\/www.public.sn\/index.php\/2023\/09\/04\/gabon-le-president-de-transitiion-sengage-a-amnistier-les-prisonniers-dopinion\/\"]}]},{\"@type\":\"ImageObject\",\"inLanguage\":\"fr-FR\",\"@id\":\"https:\/\/www.public.sn\/index.php\/2023\/09\/04\/gabon-le-president-de-transitiion-sengage-a-amnistier-les-prisonniers-dopinion\/#primaryimage\",\"url\":\"https:\/\/www.public.sn\/wp-content\/uploads\/2023\/09\/gabon.jpeg\",\"contentUrl\":\"https:\/\/www.public.sn\/wp-content\/uploads\/2023\/09\/gabon.jpeg\",\"width\":288,\"height\":175},{\"@type\":\"BreadcrumbList\",\"@id\":\"https:\/\/www.public.sn\/index.php\/2023\/09\/04\/gabon-le-president-de-transitiion-sengage-a-amnistier-les-prisonniers-dopinion\/#breadcrumb\",\"itemListElement\":[{\"@type\":\"ListItem\",\"position\":1,\"name\":\"Accueil\",\"item\":\"https:\/\/www.public.sn\/\"},{\"@type\":\"ListItem\",\"position\":2,\"name\":\"Gabon: le pr\u00e9sident de transitiion s&rsquo;engage \u00e0 amnistier les prisonniers d&rsquo;opinion\"}]},{\"@type\":\"WebSite\",\"@id\":\"https:\/\/www.public.sn\/#website\",\"url\":\"https:\/\/www.public.sn\/\",\"name\":\"LE PUBLIC\",\"description\":\"\",\"publisher\":{\"@id\":\"https:\/\/www.public.sn\/#organization\"},\"potentialAction\":[{\"@type\":\"SearchAction\",\"target\":{\"@type\":\"EntryPoint\",\"urlTemplate\":\"https:\/\/www.public.sn\/?s={search_term_string}\"},\"query-input\":{\"@type\":\"PropertyValueSpecification\",\"valueRequired\":true,\"valueName\":\"search_term_string\"}}],\"inLanguage\":\"fr-FR\"},{\"@type\":\"Organization\",\"@id\":\"https:\/\/www.public.sn\/#organization\",\"name\":\"LE PUBLIC\",\"url\":\"https:\/\/www.public.sn\/\",\"logo\":{\"@type\":\"ImageObject\",\"inLanguage\":\"fr-FR\",\"@id\":\"https:\/\/www.public.sn\/#\/schema\/logo\/image\/\",\"url\":\"https:\/\/www.public.sn\/wp-content\/uploads\/2024\/05\/cropped-LOGO-PUBLIC.SN_.png\",\"contentUrl\":\"https:\/\/www.public.sn\/wp-content\/uploads\/2024\/05\/cropped-LOGO-PUBLIC.SN_.png\",\"width\":682,\"height\":192,\"caption\":\"LE PUBLIC\"},\"image\":{\"@id\":\"https:\/\/www.public.sn\/#\/schema\/logo\/image\/\"}},{\"@type\":\"Person\",\"@id\":\"https:\/\/www.public.sn\/#\/schema\/person\/cb76c8e1b8becc6be61fb5e92d6d0224\",\"name\":\"LA REDACTION\",\"image\":{\"@type\":\"ImageObject\",\"inLanguage\":\"fr-FR\",\"@id\":\"https:\/\/www.public.sn\/#\/schema\/person\/image\/\",\"url\":\"https:\/\/secure.gravatar.com\/avatar\/2dce5ddd34b8fef0180efe03aa2a9bee7d953856048f9a16b298190a3178407c?s=96&d=mm&r=g\",\"contentUrl\":\"https:\/\/secure.gravatar.com\/avatar\/2dce5ddd34b8fef0180efe03aa2a9bee7d953856048f9a16b298190a3178407c?s=96&d=mm&r=g\",\"caption\":\"LA REDACTION\"},\"url\":\"https:\/\/www.public.sn\/index.php\/author\/editeurpsn\/\"}]}<\/script>\n<!-- \/ Yoast SEO plugin. -->","yoast_head_json":{"title":"Gabon: le pr\u00e9sident de transitiion s'engage \u00e0 amnistier les prisonniers d'opinion - LE PUBLIC","robots":{"index":"index","follow":"follow","max-snippet":"max-snippet:-1","max-image-preview":"max-image-preview:large","max-video-preview":"max-video-preview:-1"},"canonical":"https:\/\/www.public.sn\/index.php\/2023\/09\/04\/gabon-le-president-de-transitiion-sengage-a-amnistier-les-prisonniers-dopinion\/","og_locale":"fr_FR","og_type":"article","og_title":"Gabon: le pr\u00e9sident de transitiion s'engage \u00e0 amnistier les prisonniers d'opinion - LE PUBLIC","og_description":"C&rsquo;est une annonce importante que le g\u00e9n\u00e9ral Brice Oligui Nguema a faite lors de son investiture au Gabon. En promettant d&rsquo;amnistier les prisonniers d&rsquo;opinion et de faciliter le retour des exil\u00e9s, il semble vouloir instaurer un climat de r\u00e9conciliation et de transition vers des \u00e9lections d\u00e9mocratiques. Cependant, il sera important de suivre de pr\u00e8s les actions concr\u00e8tes de son gouvernement pour mettre en \u0153uvre ces engagements\u00a0\u00bbJ&rsquo;instruis le futur gouvernement\u00a0\u00bb qui sera nomm\u00e9 \u00ab\u00a0\u00e0 r\u00e9fl\u00e9chir sur les m\u00e9canismes visant \u00e0 amnistier les prisonniers d&rsquo;opinion\u00a0\u00bb et \u00ab\u00a0faciliter le retour de tous les exil\u00e9s\u00a0\u00bb, a-t-il d\u00e9clar\u00e9 dans son discours d&rsquo;investiture \u00e0 la pr\u00e9sidence de la R\u00e9publique, devant des centaines de personnes dont le dernier Premier ministre, la vice-pr\u00e9sidente d&rsquo;Ali Bongo et des t\u00e9nors de l&rsquo;opposition au r\u00e9gime de ce dernier, qui dirigeait le Gabon depuis 14 ans. &nbsp;","og_url":"https:\/\/www.public.sn\/index.php\/2023\/09\/04\/gabon-le-president-de-transitiion-sengage-a-amnistier-les-prisonniers-dopinion\/","og_site_name":"LE PUBLIC","article_published_time":"2023-09-04T12:32:04+00:00","og_image":[{"width":288,"height":175,"url":"https:\/\/www.public.sn\/wp-content\/uploads\/2023\/09\/gabon.jpeg","type":"image\/jpeg"}],"author":"LA REDACTION","twitter_card":"summary_large_image","twitter_misc":{"\u00c9crit par":"LA REDACTION","Dur\u00e9e de lecture estim\u00e9e":"1 minute"},"schema":{"@context":"https:\/\/schema.org","@graph":[{"@type":"Article","@id":"https:\/\/www.public.sn\/index.php\/2023\/09\/04\/gabon-le-president-de-transitiion-sengage-a-amnistier-les-prisonniers-dopinion\/#article","isPartOf":{"@id":"https:\/\/www.public.sn\/index.php\/2023\/09\/04\/gabon-le-president-de-transitiion-sengage-a-amnistier-les-prisonniers-dopinion\/"},"author":{"name":"LA REDACTION","@id":"https:\/\/www.public.sn\/#\/schema\/person\/cb76c8e1b8becc6be61fb5e92d6d0224"},"headline":"Gabon: le pr\u00e9sident de transitiion s&rsquo;engage \u00e0 amnistier les prisonniers d&rsquo;opinion","datePublished":"2023-09-04T12:32:04+00:00","mainEntityOfPage":{"@id":"https:\/\/www.public.sn\/index.php\/2023\/09\/04\/gabon-le-president-de-transitiion-sengage-a-amnistier-les-prisonniers-dopinion\/"},"wordCount":160,"commentCount":0,"publisher":{"@id":"https:\/\/www.public.sn\/#organization"},"image":{"@id":"https:\/\/www.public.sn\/index.php\/2023\/09\/04\/gabon-le-president-de-transitiion-sengage-a-amnistier-les-prisonniers-dopinion\/#primaryimage"},"thumbnailUrl":"https:\/\/www.public.sn\/wp-content\/uploads\/2023\/09\/gabon.jpeg","articleSection":["ACTUALIT\u00c9S"],"inLanguage":"fr-FR","potentialAction":[{"@type":"CommentAction","name":"Comment","target":["https:\/\/www.public.sn\/index.php\/2023\/09\/04\/gabon-le-president-de-transitiion-sengage-a-amnistier-les-prisonniers-dopinion\/#respond"]}]},{"@type":"WebPage","@id":"https:\/\/www.public.sn\/index.php\/2023\/09\/04\/gabon-le-president-de-transitiion-sengage-a-amnistier-les-prisonniers-dopinion\/","url":"https:\/\/www.public.sn\/index.php\/2023\/09\/04\/gabon-le-president-de-transitiion-sengage-a-amnistier-les-prisonniers-dopinion\/","name":"Gabon: le pr\u00e9sident de transitiion s'engage \u00e0 amnistier les prisonniers d'opinion - LE PUBLIC","isPartOf":{"@id":"https:\/\/www.public.sn\/#website"},"primaryImageOfPage":{"@id":"https:\/\/www.public.sn\/index.php\/2023\/09\/04\/gabon-le-president-de-transitiion-sengage-a-amnistier-les-prisonniers-dopinion\/#primaryimage"},"image":{"@id":"https:\/\/www.public.sn\/index.php\/2023\/09\/04\/gabon-le-president-de-transitiion-sengage-a-amnistier-les-prisonniers-dopinion\/#primaryimage"},"thumbnailUrl":"https:\/\/www.public.sn\/wp-content\/uploads\/2023\/09\/gabon.jpeg","datePublished":"2023-09-04T12:32:04+00:00","breadcrumb":{"@id":"https:\/\/www.public.sn\/index.php\/2023\/09\/04\/gabon-le-president-de-transitiion-sengage-a-amnistier-les-prisonniers-dopinion\/#breadcrumb"},"inLanguage":"fr-FR","potentialAction":[{"@type":"ReadAction","target":["https:\/\/www.public.sn\/index.php\/2023\/09\/04\/gabon-le-president-de-transitiion-sengage-a-amnistier-les-prisonniers-dopinion\/"]}]},{"@type":"ImageObject","inLanguage":"fr-FR","@id":"https:\/\/www.public.sn\/index.php\/2023\/09\/04\/gabon-le-president-de-transitiion-sengage-a-amnistier-les-prisonniers-dopinion\/#primaryimage","url":"https:\/\/www.public.sn\/wp-content\/uploads\/2023\/09\/gabon.jpeg","contentUrl":"https:\/\/www.public.sn\/wp-content\/uploads\/2023\/09\/gabon.jpeg","width":288,"height":175},{"@type":"BreadcrumbList","@id":"https:\/\/www.public.sn\/index.php\/2023\/09\/04\/gabon-le-president-de-transitiion-sengage-a-amnistier-les-prisonniers-dopinion\/#breadcrumb","itemListElement":[{"@type":"ListItem","position":1,"name":"Accueil","item":"https:\/\/www.public.sn\/"},{"@type":"ListItem","position":2,"name":"Gabon: le pr\u00e9sident de transitiion s&rsquo;engage \u00e0 amnistier les prisonniers d&rsquo;opinion"}]},{"@type":"WebSite","@id":"https:\/\/www.public.sn\/#website","url":"https:\/\/www.public.sn\/","name":"LE PUBLIC","description":"","publisher":{"@id":"https:\/\/www.public.sn\/#organization"},"potentialAction":[{"@type":"SearchAction","target":{"@type":"EntryPoint","urlTemplate":"https:\/\/www.public.sn\/?s={search_term_string}"},"query-input":{"@type":"PropertyValueSpecification","valueRequired":true,"valueName":"search_term_string"}}],"inLanguage":"fr-FR"},{"@type":"Organization","@id":"https:\/\/www.public.sn\/#organization","name":"LE PUBLIC","url":"https:\/\/www.public.sn\/","logo":{"@type":"ImageObject","inLanguage":"fr-FR","@id":"https:\/\/www.public.sn\/#\/schema\/logo\/image\/","url":"https:\/\/www.public.sn\/wp-content\/uploads\/2024\/05\/cropped-LOGO-PUBLIC.SN_.png","contentUrl":"https:\/\/www.public.sn\/wp-content\/uploads\/2024\/05\/cropped-LOGO-PUBLIC.SN_.png","width":682,"height":192,"caption":"LE PUBLIC"},"image":{"@id":"https:\/\/www.public.sn\/#\/schema\/logo\/image\/"}},{"@type":"Person","@id":"https:\/\/www.public.sn\/#\/schema\/person\/cb76c8e1b8becc6be61fb5e92d6d0224","name":"LA REDACTION","image":{"@type":"ImageObject","inLanguage":"fr-FR","@id":"https:\/\/www.public.sn\/#\/schema\/person\/image\/","url":"https:\/\/secure.gravatar.com\/avatar\/2dce5ddd34b8fef0180efe03aa2a9bee7d953856048f9a16b298190a3178407c?s=96&d=mm&r=g","contentUrl":"https:\/\/secure.gravatar.com\/avatar\/2dce5ddd34b8fef0180efe03aa2a9bee7d953856048f9a16b298190a3178407c?s=96&d=mm&r=g","caption":"LA REDACTION"},"url":"https:\/\/www.public.sn\/index.php\/author\/editeurpsn\/"}]}},"jetpack_featured_media_url":"https:\/\/www.public.sn\/wp-content\/uploads\/2023\/09\/gabon.jpeg","jetpack_sharing_enabled":true,"_links":{"self":[{"href":"https:\/\/www.public.sn\/index.php\/wp-json\/wp\/v2\/posts\/26842","targetHints":{"allow":["GET"]}}],"collection":[{"href":"https:\/\/www.public.sn\/index.php\/wp-json\/wp\/v2\/posts"}],"about":[{"href":"https:\/\/www.public.sn\/index.php\/wp-json\/wp\/v2\/types\/post"}],"author":[{"embeddable":true,"href":"https:\/\/www.public.sn\/index.php\/wp-json\/wp\/v2\/users\/7"}],"replies":[{"embeddable":true,"href":"https:\/\/www.public.sn\/index.php\/wp-json\/wp\/v2\/comments?post=26842"}],"version-history":[{"count":1,"href":"https:\/\/www.public.sn\/index.php\/wp-json\/wp\/v2\/posts\/26842\/revisions"}],"predecessor-version":[{"id":26848,"href":"https:\/\/www.public.sn\/index.php\/wp-json\/wp\/v2\/posts\/26842\/revisions\/26848"}],"wp:featuredmedia":[{"embeddable":true,"href":"https:\/\/www.public.sn\/index.php\/wp-json\/wp\/v2\/media\/26847"}],"wp:attachment":[{"href":"https:\/\/www.public.sn\/index.php\/wp-json\/wp\/v2\/media?parent=26842"}],"wp:term":[{"taxonomy":"category","embeddable":true,"href":"https:\/\/www.public.sn\/index.php\/wp-json\/wp\/v2\/categories?post=26842"},{"taxonomy":"post_tag","embeddable":true,"href":"https:\/\/www.public.sn\/index.php\/wp-json\/wp\/v2\/tags?post=26842"}],"curies":[{"name":"wp","href":"https:\/\/api.w.org\/{rel}","templated":true}]}}