{"id":26893,"date":"2023-09-07T09:02:19","date_gmt":"2023-09-07T09:02:19","guid":{"rendered":"https:\/\/www.public.sn\/?p=26893"},"modified":"2023-09-07T07:39:49","modified_gmt":"2023-09-07T07:39:49","slug":"demission-fin-de-collaboration-entre-youssou-ndour-et-macky-sall","status":"publish","type":"post","link":"https:\/\/www.public.sn\/index.php\/2023\/09\/07\/demission-fin-de-collaboration-entre-youssou-ndour-et-macky-sall\/","title":{"rendered":"D\u00e9mission : fin de collaboration entre Youssou Ndour et Macky Sall"},"content":{"rendered":"<p><strong>Apr\u00e8s douze (12) ann\u00e9es de compagnonnage, Youssou Ndour se s\u00e9pare de Macky Sall. D&rsquo;apr\u00e8s Les Echos qui donne la nouvelle, le leader de \u00ab Fekke Ma ci boole \u00bb ne serait plus ministre conseiller du pr\u00e9sident de la R\u00e9publique.<\/strong><\/p><div class=\"publi-paragraphe1\" style=\"margin-top: 10px;margin-bottom: 10px;margin-left: auto;margin-right: auto;text-align: center;\" id=\"publi-126752451\"><div class=\"publi-adlabel\">Publicit\u00e9<\/div><script async src=\"\/\/pagead2.googlesyndication.com\/pagead\/js\/adsbygoogle.js?client=ca-pub-4089586018074219\" crossorigin=\"anonymous\"><\/script><ins class=\"adsbygoogle\" style=\"display:block;\" data-ad-client=\"ca-pub-4089586018074219\" \ndata-ad-slot=\"2087940154\" \ndata-ad-format=\"auto\"><\/ins>\n<script> \n(adsbygoogle = window.adsbygoogle || []).push({}); \n<\/script>\n<\/div>\n<p>Ce n\u2019est pas tout, Youssou Ndour s\u2019est \u00e9galement \u00e9mancip\u00e9 de BBY. Il s\u2019agit d\u2019une s\u00e9paration en douceur d\u2019avec BBY apr\u00e8s 12 ans de compagnonnage. D\u2019apr\u00e8s ce journal, il aurait adress\u00e9 au chef de l\u2019Etat sa lettre de d\u00e9mission et de son poste de ministre conseiller et de BBY.<\/p>\n<p>Mais le journal de pr\u00e9ciser que ce d\u00e9part de Youssou Ndour ne r\u00e9sulterait pas d\u2019un quelconque malentendu entre lui et le Pr\u00e9sident de la R\u00e9publique. Apr\u00e8s avoir quitt\u00e9 son poste et s\u2019\u00e9manciper de BBY, l\u2019artiste va redynamiser son mouvement Fekke ma ci Bolle en vue des \u00e9ch\u00e9ances futures;<\/p>\n<p>Il s\u2019emploierait \u00e0 massifier son mouvement qu\u2019il avait mis en veilleuse, sans doute pour ne pas g\u00eaner le pr\u00e9sident Macky Sall. Ce serait d\u00e9sormais son chantier le plus imminent en attendant de se d\u00e9terminer \u00e0 propos de la prochaine Pr\u00e9sidentielle de f\u00e9vrier 2024.<\/p>\n<p>Sera-t-il candidat ou va-t-il soutenir le candidat de BBY ou un candidat de l\u2019opposition ? La r\u00e9ponse dans quelques semaines ou mois\u2026<\/p>\n<div class=\"publi-apres-le-contenu\" style=\"margin-top: 10px;margin-bottom: 10px;margin-left: auto;margin-right: auto;text-align: center;\" id=\"publi-847771438\"><div class=\"publi-adlabel\">Publicit\u00e9<\/div><script async src=\"\/\/pagead2.googlesyndication.com\/pagead\/js\/adsbygoogle.js?client=ca-pub-4089586018074219\" crossorigin=\"anonymous\"><\/script><ins class=\"adsbygoogle\" style=\"display:block;\" data-ad-client=\"ca-pub-4089586018074219\" \ndata-ad-slot=\"2087940154\" \ndata-ad-format=\"auto\"><\/ins>\n<script> \n(adsbygoogle = window.adsbygoogle || []).push({}); \n<\/script>\n<\/div>","protected":false},"excerpt":{"rendered":"<p>Apr\u00e8s douze (12) ann\u00e9es de compagnonnage, Youssou Ndour se s\u00e9pare de Macky Sall. D&rsquo;apr\u00e8s Les Echos qui donne la nouvelle, le leader de \u00ab Fekke Ma ci boole \u00bb ne serait plus ministre conseiller du pr\u00e9sident de la R\u00e9publique. Ce n\u2019est pas tout, Youssou Ndour s\u2019est \u00e9galement \u00e9mancip\u00e9 de BBY. Il s\u2019agit d\u2019une s\u00e9paration en douceur d\u2019avec BBY apr\u00e8s 12 ans de compagnonnage. D\u2019apr\u00e8s ce journal, il aurait adress\u00e9 au chef de l\u2019Etat sa lettre de d\u00e9mission et de son poste de ministre conseiller et de BBY. Mais le journal de pr\u00e9ciser que ce d\u00e9part de Youssou Ndour ne r\u00e9sulterait pas d\u2019un quelconque malentendu entre lui et le Pr\u00e9sident de la R\u00e9publique. Apr\u00e8s avoir quitt\u00e9 son poste et s\u2019\u00e9manciper de BBY, l\u2019artiste va redynamiser son mouvement Fekke ma ci Bolle en vue des \u00e9ch\u00e9ances futures; Il s\u2019emploierait \u00e0 massifier son mouvement qu\u2019il avait mis en veilleuse, sans doute pour ne pas g\u00eaner le pr\u00e9sident Macky Sall. Ce serait d\u00e9sormais son chantier le plus imminent en attendant de se d\u00e9terminer \u00e0 propos de la prochaine Pr\u00e9sidentielle de f\u00e9vrier 2024. Sera-t-il candidat ou va-t-il soutenir le candidat de BBY ou un candidat de l\u2019opposition ? La r\u00e9ponse dans quelques semaines ou mois\u2026<\/p>\n","protected":false},"author":1,"featured_media":26894,"comment_status":"open","ping_status":"open","sticky":false,"template":"","format":"standard","meta":{"_jetpack_memberships_contains_paid_content":false,"footnotes":""},"categories":[375,3,1,372],"tags":[1132,11,509],"class_list":["post-26893","post","type-post","status-publish","format-standard","has-post-thumbnail","hentry","category-actualites","category-politique","category-non-classe","category-vedette","tag-demission","tag-macky-sall","tag-youssou-ndour","entry","has-media","owp-thumbs-layout-horizontal","owp-btn-normal","owp-tabs-layout-horizontal","has-no-thumbnails","has-product-nav"],"yoast_head":"<!-- This site is optimized with the Yoast SEO plugin v25.5 - https:\/\/yoast.com\/wordpress\/plugins\/seo\/ -->\n<title>D\u00e9mission : fin de collaboration entre Youssou Ndour et Macky Sall - LE PUBLIC<\/title>\n<meta name=\"description\" content=\"Apr\u00e8s douze (12) ann\u00e9es de compagnonnage, Youssou Ndour se s\u00e9pare de Macky Sall. D&#039;apr\u00e8s Les Echos qui donne la nouvelle, le leader de \u00ab Fekke Ma ci boole \u00bb ne serait plus ministre conseiller du pr\u00e9sident de la R\u00e9publique.\" \/>\n<meta name=\"robots\" content=\"index, follow, max-snippet:-1, max-image-preview:large, max-video-preview:-1\" \/>\n<link rel=\"canonical\" href=\"https:\/\/www.public.sn\/index.php\/2023\/09\/07\/demission-fin-de-collaboration-entre-youssou-ndour-et-macky-sall\/\" \/>\n<meta property=\"og:locale\" content=\"fr_FR\" \/>\n<meta property=\"og:type\" content=\"article\" \/>\n<meta property=\"og:title\" content=\"D\u00e9mission : fin de collaboration entre Youssou Ndour et Macky Sall - LE PUBLIC\" \/>\n<meta property=\"og:description\" content=\"Apr\u00e8s douze (12) ann\u00e9es de compagnonnage, Youssou Ndour se s\u00e9pare de Macky Sall. D&#039;apr\u00e8s Les Echos qui donne la nouvelle, le leader de \u00ab Fekke Ma ci boole \u00bb ne serait plus ministre conseiller du pr\u00e9sident de la R\u00e9publique.\" \/>\n<meta property=\"og:url\" content=\"https:\/\/www.public.sn\/index.php\/2023\/09\/07\/demission-fin-de-collaboration-entre-youssou-ndour-et-macky-sall\/\" \/>\n<meta property=\"og:site_name\" content=\"LE PUBLIC\" \/>\n<meta property=\"article:published_time\" content=\"2023-09-07T09:02:19+00:00\" \/>\n<meta property=\"og:image\" content=\"https:\/\/www.public.sn\/wp-content\/uploads\/2023\/09\/YOUSSOU-NDOUR-MACKY.jpg\" \/>\n\t<meta property=\"og:image:width\" content=\"1216\" \/>\n\t<meta property=\"og:image:height\" content=\"684\" \/>\n\t<meta property=\"og:image:type\" content=\"image\/jpeg\" \/>\n<meta name=\"author\" content=\"LA REDACTION\" \/>\n<meta name=\"twitter:card\" content=\"summary_large_image\" \/>\n<meta name=\"twitter:label1\" content=\"\u00c9crit par\" \/>\n\t<meta name=\"twitter:data1\" content=\"LA REDACTION\" \/>\n\t<meta name=\"twitter:label2\" content=\"Dur\u00e9e de lecture estim\u00e9e\" \/>\n\t<meta name=\"twitter:data2\" content=\"2 minutes\" \/>\n<script type=\"application\/ld+json\" class=\"yoast-schema-graph\">{\"@context\":\"https:\/\/schema.org\",\"@graph\":[{\"@type\":\"Article\",\"@id\":\"https:\/\/www.public.sn\/index.php\/2023\/09\/07\/demission-fin-de-collaboration-entre-youssou-ndour-et-macky-sall\/#article\",\"isPartOf\":{\"@id\":\"https:\/\/www.public.sn\/index.php\/2023\/09\/07\/demission-fin-de-collaboration-entre-youssou-ndour-et-macky-sall\/\"},\"author\":{\"name\":\"LA REDACTION\",\"@id\":\"https:\/\/www.public.sn\/#\/schema\/person\/e3f4a11b037d4203902db148f9bc8d5a\"},\"headline\":\"D\u00e9mission : fin de collaboration entre Youssou Ndour et Macky Sall\",\"datePublished\":\"2023-09-07T09:02:19+00:00\",\"mainEntityOfPage\":{\"@id\":\"https:\/\/www.public.sn\/index.php\/2023\/09\/07\/demission-fin-de-collaboration-entre-youssou-ndour-et-macky-sall\/\"},\"wordCount\":240,\"commentCount\":0,\"publisher\":{\"@id\":\"https:\/\/www.public.sn\/#organization\"},\"image\":{\"@id\":\"https:\/\/www.public.sn\/index.php\/2023\/09\/07\/demission-fin-de-collaboration-entre-youssou-ndour-et-macky-sall\/#primaryimage\"},\"thumbnailUrl\":\"https:\/\/www.public.sn\/wp-content\/uploads\/2023\/09\/YOUSSOU-NDOUR-MACKY.jpg\",\"keywords\":[\"Demission\",\"Macky Sall\",\"Youssou Ndour\"],\"articleSection\":[\"ACTUALIT\u00c9S\",\"POLITIQUE\",\"S\u00c9N\u00c9GAL\",\"VEDETTE\"],\"inLanguage\":\"fr-FR\",\"potentialAction\":[{\"@type\":\"CommentAction\",\"name\":\"Comment\",\"target\":[\"https:\/\/www.public.sn\/index.php\/2023\/09\/07\/demission-fin-de-collaboration-entre-youssou-ndour-et-macky-sall\/#respond\"]}]},{\"@type\":\"WebPage\",\"@id\":\"https:\/\/www.public.sn\/index.php\/2023\/09\/07\/demission-fin-de-collaboration-entre-youssou-ndour-et-macky-sall\/\",\"url\":\"https:\/\/www.public.sn\/index.php\/2023\/09\/07\/demission-fin-de-collaboration-entre-youssou-ndour-et-macky-sall\/\",\"name\":\"D\u00e9mission : fin de collaboration entre Youssou Ndour et Macky Sall - LE PUBLIC\",\"isPartOf\":{\"@id\":\"https:\/\/www.public.sn\/#website\"},\"primaryImageOfPage\":{\"@id\":\"https:\/\/www.public.sn\/index.php\/2023\/09\/07\/demission-fin-de-collaboration-entre-youssou-ndour-et-macky-sall\/#primaryimage\"},\"image\":{\"@id\":\"https:\/\/www.public.sn\/index.php\/2023\/09\/07\/demission-fin-de-collaboration-entre-youssou-ndour-et-macky-sall\/#primaryimage\"},\"thumbnailUrl\":\"https:\/\/www.public.sn\/wp-content\/uploads\/2023\/09\/YOUSSOU-NDOUR-MACKY.jpg\",\"datePublished\":\"2023-09-07T09:02:19+00:00\",\"description\":\"Apr\u00e8s douze (12) ann\u00e9es de compagnonnage, Youssou Ndour se s\u00e9pare de Macky Sall. D'apr\u00e8s Les Echos qui donne la nouvelle, le leader de \u00ab Fekke Ma ci boole \u00bb ne serait plus ministre conseiller du pr\u00e9sident de la R\u00e9publique.\",\"breadcrumb\":{\"@id\":\"https:\/\/www.public.sn\/index.php\/2023\/09\/07\/demission-fin-de-collaboration-entre-youssou-ndour-et-macky-sall\/#breadcrumb\"},\"inLanguage\":\"fr-FR\",\"potentialAction\":[{\"@type\":\"ReadAction\",\"target\":[\"https:\/\/www.public.sn\/index.php\/2023\/09\/07\/demission-fin-de-collaboration-entre-youssou-ndour-et-macky-sall\/\"]}]},{\"@type\":\"ImageObject\",\"inLanguage\":\"fr-FR\",\"@id\":\"https:\/\/www.public.sn\/index.php\/2023\/09\/07\/demission-fin-de-collaboration-entre-youssou-ndour-et-macky-sall\/#primaryimage\",\"url\":\"https:\/\/www.public.sn\/wp-content\/uploads\/2023\/09\/YOUSSOU-NDOUR-MACKY.jpg\",\"contentUrl\":\"https:\/\/www.public.sn\/wp-content\/uploads\/2023\/09\/YOUSSOU-NDOUR-MACKY.jpg\",\"width\":1216,\"height\":684},{\"@type\":\"BreadcrumbList\",\"@id\":\"https:\/\/www.public.sn\/index.php\/2023\/09\/07\/demission-fin-de-collaboration-entre-youssou-ndour-et-macky-sall\/#breadcrumb\",\"itemListElement\":[{\"@type\":\"ListItem\",\"position\":1,\"name\":\"Accueil\",\"item\":\"https:\/\/www.public.sn\/\"},{\"@type\":\"ListItem\",\"position\":2,\"name\":\"D\u00e9mission : fin de collaboration entre Youssou Ndour et Macky Sall\"}]},{\"@type\":\"WebSite\",\"@id\":\"https:\/\/www.public.sn\/#website\",\"url\":\"https:\/\/www.public.sn\/\",\"name\":\"LE PUBLIC\",\"description\":\"\",\"publisher\":{\"@id\":\"https:\/\/www.public.sn\/#organization\"},\"potentialAction\":[{\"@type\":\"SearchAction\",\"target\":{\"@type\":\"EntryPoint\",\"urlTemplate\":\"https:\/\/www.public.sn\/?s={search_term_string}\"},\"query-input\":{\"@type\":\"PropertyValueSpecification\",\"valueRequired\":true,\"valueName\":\"search_term_string\"}}],\"inLanguage\":\"fr-FR\"},{\"@type\":\"Organization\",\"@id\":\"https:\/\/www.public.sn\/#organization\",\"name\":\"LE PUBLIC\",\"url\":\"https:\/\/www.public.sn\/\",\"logo\":{\"@type\":\"ImageObject\",\"inLanguage\":\"fr-FR\",\"@id\":\"https:\/\/www.public.sn\/#\/schema\/logo\/image\/\",\"url\":\"https:\/\/www.public.sn\/wp-content\/uploads\/2024\/05\/cropped-LOGO-PUBLIC.SN_.png\",\"contentUrl\":\"https:\/\/www.public.sn\/wp-content\/uploads\/2024\/05\/cropped-LOGO-PUBLIC.SN_.png\",\"width\":682,\"height\":192,\"caption\":\"LE PUBLIC\"},\"image\":{\"@id\":\"https:\/\/www.public.sn\/#\/schema\/logo\/image\/\"}},{\"@type\":\"Person\",\"@id\":\"https:\/\/www.public.sn\/#\/schema\/person\/e3f4a11b037d4203902db148f9bc8d5a\",\"name\":\"LA REDACTION\",\"image\":{\"@type\":\"ImageObject\",\"inLanguage\":\"fr-FR\",\"@id\":\"https:\/\/www.public.sn\/#\/schema\/person\/image\/\",\"url\":\"https:\/\/secure.gravatar.com\/avatar\/d6c030db45db2883c075085c5d6c6258654a801a93766b49af0b82d4f454e2a5?s=96&d=mm&r=g\",\"contentUrl\":\"https:\/\/secure.gravatar.com\/avatar\/d6c030db45db2883c075085c5d6c6258654a801a93766b49af0b82d4f454e2a5?s=96&d=mm&r=g\",\"caption\":\"LA REDACTION\"},\"sameAs\":[\"http:\/\/www.public.sn\"],\"url\":\"https:\/\/www.public.sn\/index.php\/author\/admin7324\/\"}]}<\/script>\n<!-- \/ Yoast SEO plugin. -->","yoast_head_json":{"title":"D\u00e9mission : fin de collaboration entre Youssou Ndour et Macky Sall - LE PUBLIC","description":"Apr\u00e8s douze (12) ann\u00e9es de compagnonnage, Youssou Ndour se s\u00e9pare de Macky Sall. D'apr\u00e8s Les Echos qui donne la nouvelle, le leader de \u00ab Fekke Ma ci boole \u00bb ne serait plus ministre conseiller du pr\u00e9sident de la R\u00e9publique.","robots":{"index":"index","follow":"follow","max-snippet":"max-snippet:-1","max-image-preview":"max-image-preview:large","max-video-preview":"max-video-preview:-1"},"canonical":"https:\/\/www.public.sn\/index.php\/2023\/09\/07\/demission-fin-de-collaboration-entre-youssou-ndour-et-macky-sall\/","og_locale":"fr_FR","og_type":"article","og_title":"D\u00e9mission : fin de collaboration entre Youssou Ndour et Macky Sall - LE PUBLIC","og_description":"Apr\u00e8s douze (12) ann\u00e9es de compagnonnage, Youssou Ndour se s\u00e9pare de Macky Sall. D'apr\u00e8s Les Echos qui donne la nouvelle, le leader de \u00ab Fekke Ma ci boole \u00bb ne serait plus ministre conseiller du pr\u00e9sident de la R\u00e9publique.","og_url":"https:\/\/www.public.sn\/index.php\/2023\/09\/07\/demission-fin-de-collaboration-entre-youssou-ndour-et-macky-sall\/","og_site_name":"LE PUBLIC","article_published_time":"2023-09-07T09:02:19+00:00","og_image":[{"width":1216,"height":684,"url":"https:\/\/www.public.sn\/wp-content\/uploads\/2023\/09\/YOUSSOU-NDOUR-MACKY.jpg","type":"image\/jpeg"}],"author":"LA REDACTION","twitter_card":"summary_large_image","twitter_misc":{"\u00c9crit par":"LA REDACTION","Dur\u00e9e de lecture estim\u00e9e":"2 minutes"},"schema":{"@context":"https:\/\/schema.org","@graph":[{"@type":"Article","@id":"https:\/\/www.public.sn\/index.php\/2023\/09\/07\/demission-fin-de-collaboration-entre-youssou-ndour-et-macky-sall\/#article","isPartOf":{"@id":"https:\/\/www.public.sn\/index.php\/2023\/09\/07\/demission-fin-de-collaboration-entre-youssou-ndour-et-macky-sall\/"},"author":{"name":"LA REDACTION","@id":"https:\/\/www.public.sn\/#\/schema\/person\/e3f4a11b037d4203902db148f9bc8d5a"},"headline":"D\u00e9mission : fin de collaboration entre Youssou Ndour et Macky Sall","datePublished":"2023-09-07T09:02:19+00:00","mainEntityOfPage":{"@id":"https:\/\/www.public.sn\/index.php\/2023\/09\/07\/demission-fin-de-collaboration-entre-youssou-ndour-et-macky-sall\/"},"wordCount":240,"commentCount":0,"publisher":{"@id":"https:\/\/www.public.sn\/#organization"},"image":{"@id":"https:\/\/www.public.sn\/index.php\/2023\/09\/07\/demission-fin-de-collaboration-entre-youssou-ndour-et-macky-sall\/#primaryimage"},"thumbnailUrl":"https:\/\/www.public.sn\/wp-content\/uploads\/2023\/09\/YOUSSOU-NDOUR-MACKY.jpg","keywords":["Demission","Macky Sall","Youssou Ndour"],"articleSection":["ACTUALIT\u00c9S","POLITIQUE","S\u00c9N\u00c9GAL","VEDETTE"],"inLanguage":"fr-FR","potentialAction":[{"@type":"CommentAction","name":"Comment","target":["https:\/\/www.public.sn\/index.php\/2023\/09\/07\/demission-fin-de-collaboration-entre-youssou-ndour-et-macky-sall\/#respond"]}]},{"@type":"WebPage","@id":"https:\/\/www.public.sn\/index.php\/2023\/09\/07\/demission-fin-de-collaboration-entre-youssou-ndour-et-macky-sall\/","url":"https:\/\/www.public.sn\/index.php\/2023\/09\/07\/demission-fin-de-collaboration-entre-youssou-ndour-et-macky-sall\/","name":"D\u00e9mission : fin de collaboration entre Youssou Ndour et Macky Sall - LE PUBLIC","isPartOf":{"@id":"https:\/\/www.public.sn\/#website"},"primaryImageOfPage":{"@id":"https:\/\/www.public.sn\/index.php\/2023\/09\/07\/demission-fin-de-collaboration-entre-youssou-ndour-et-macky-sall\/#primaryimage"},"image":{"@id":"https:\/\/www.public.sn\/index.php\/2023\/09\/07\/demission-fin-de-collaboration-entre-youssou-ndour-et-macky-sall\/#primaryimage"},"thumbnailUrl":"https:\/\/www.public.sn\/wp-content\/uploads\/2023\/09\/YOUSSOU-NDOUR-MACKY.jpg","datePublished":"2023-09-07T09:02:19+00:00","description":"Apr\u00e8s douze (12) ann\u00e9es de compagnonnage, Youssou Ndour se s\u00e9pare de Macky Sall. D'apr\u00e8s Les Echos qui donne la nouvelle, le leader de \u00ab Fekke Ma ci boole \u00bb ne serait plus ministre conseiller du pr\u00e9sident de la R\u00e9publique.","breadcrumb":{"@id":"https:\/\/www.public.sn\/index.php\/2023\/09\/07\/demission-fin-de-collaboration-entre-youssou-ndour-et-macky-sall\/#breadcrumb"},"inLanguage":"fr-FR","potentialAction":[{"@type":"ReadAction","target":["https:\/\/www.public.sn\/index.php\/2023\/09\/07\/demission-fin-de-collaboration-entre-youssou-ndour-et-macky-sall\/"]}]},{"@type":"ImageObject","inLanguage":"fr-FR","@id":"https:\/\/www.public.sn\/index.php\/2023\/09\/07\/demission-fin-de-collaboration-entre-youssou-ndour-et-macky-sall\/#primaryimage","url":"https:\/\/www.public.sn\/wp-content\/uploads\/2023\/09\/YOUSSOU-NDOUR-MACKY.jpg","contentUrl":"https:\/\/www.public.sn\/wp-content\/uploads\/2023\/09\/YOUSSOU-NDOUR-MACKY.jpg","width":1216,"height":684},{"@type":"BreadcrumbList","@id":"https:\/\/www.public.sn\/index.php\/2023\/09\/07\/demission-fin-de-collaboration-entre-youssou-ndour-et-macky-sall\/#breadcrumb","itemListElement":[{"@type":"ListItem","position":1,"name":"Accueil","item":"https:\/\/www.public.sn\/"},{"@type":"ListItem","position":2,"name":"D\u00e9mission : fin de collaboration entre Youssou Ndour et Macky Sall"}]},{"@type":"WebSite","@id":"https:\/\/www.public.sn\/#website","url":"https:\/\/www.public.sn\/","name":"LE PUBLIC","description":"","publisher":{"@id":"https:\/\/www.public.sn\/#organization"},"potentialAction":[{"@type":"SearchAction","target":{"@type":"EntryPoint","urlTemplate":"https:\/\/www.public.sn\/?s={search_term_string}"},"query-input":{"@type":"PropertyValueSpecification","valueRequired":true,"valueName":"search_term_string"}}],"inLanguage":"fr-FR"},{"@type":"Organization","@id":"https:\/\/www.public.sn\/#organization","name":"LE PUBLIC","url":"https:\/\/www.public.sn\/","logo":{"@type":"ImageObject","inLanguage":"fr-FR","@id":"https:\/\/www.public.sn\/#\/schema\/logo\/image\/","url":"https:\/\/www.public.sn\/wp-content\/uploads\/2024\/05\/cropped-LOGO-PUBLIC.SN_.png","contentUrl":"https:\/\/www.public.sn\/wp-content\/uploads\/2024\/05\/cropped-LOGO-PUBLIC.SN_.png","width":682,"height":192,"caption":"LE PUBLIC"},"image":{"@id":"https:\/\/www.public.sn\/#\/schema\/logo\/image\/"}},{"@type":"Person","@id":"https:\/\/www.public.sn\/#\/schema\/person\/e3f4a11b037d4203902db148f9bc8d5a","name":"LA REDACTION","image":{"@type":"ImageObject","inLanguage":"fr-FR","@id":"https:\/\/www.public.sn\/#\/schema\/person\/image\/","url":"https:\/\/secure.gravatar.com\/avatar\/d6c030db45db2883c075085c5d6c6258654a801a93766b49af0b82d4f454e2a5?s=96&d=mm&r=g","contentUrl":"https:\/\/secure.gravatar.com\/avatar\/d6c030db45db2883c075085c5d6c6258654a801a93766b49af0b82d4f454e2a5?s=96&d=mm&r=g","caption":"LA REDACTION"},"sameAs":["http:\/\/www.public.sn"],"url":"https:\/\/www.public.sn\/index.php\/author\/admin7324\/"}]}},"jetpack_featured_media_url":"https:\/\/www.public.sn\/wp-content\/uploads\/2023\/09\/YOUSSOU-NDOUR-MACKY.jpg","jetpack_sharing_enabled":true,"_links":{"self":[{"href":"https:\/\/www.public.sn\/index.php\/wp-json\/wp\/v2\/posts\/26893","targetHints":{"allow":["GET"]}}],"collection":[{"href":"https:\/\/www.public.sn\/index.php\/wp-json\/wp\/v2\/posts"}],"about":[{"href":"https:\/\/www.public.sn\/index.php\/wp-json\/wp\/v2\/types\/post"}],"author":[{"embeddable":true,"href":"https:\/\/www.public.sn\/index.php\/wp-json\/wp\/v2\/users\/1"}],"replies":[{"embeddable":true,"href":"https:\/\/www.public.sn\/index.php\/wp-json\/wp\/v2\/comments?post=26893"}],"version-history":[{"count":1,"href":"https:\/\/www.public.sn\/index.php\/wp-json\/wp\/v2\/posts\/26893\/revisions"}],"predecessor-version":[{"id":26895,"href":"https:\/\/www.public.sn\/index.php\/wp-json\/wp\/v2\/posts\/26893\/revisions\/26895"}],"wp:featuredmedia":[{"embeddable":true,"href":"https:\/\/www.public.sn\/index.php\/wp-json\/wp\/v2\/media\/26894"}],"wp:attachment":[{"href":"https:\/\/www.public.sn\/index.php\/wp-json\/wp\/v2\/media?parent=26893"}],"wp:term":[{"taxonomy":"category","embeddable":true,"href":"https:\/\/www.public.sn\/index.php\/wp-json\/wp\/v2\/categories?post=26893"},{"taxonomy":"post_tag","embeddable":true,"href":"https:\/\/www.public.sn\/index.php\/wp-json\/wp\/v2\/tags?post=26893"}],"curies":[{"name":"wp","href":"https:\/\/api.w.org\/{rel}","templated":true}]}}