{"id":26965,"date":"2023-09-11T18:11:40","date_gmt":"2023-09-11T18:11:40","guid":{"rendered":"https:\/\/www.public.sn\/?p=26965"},"modified":"2023-09-11T18:11:40","modified_gmt":"2023-09-11T18:11:40","slug":"kedougou-deux-morts-dans-des-manifestations","status":"publish","type":"post","link":"https:\/\/www.public.sn\/index.php\/2023\/09\/11\/kedougou-deux-morts-dans-des-manifestations\/","title":{"rendered":"K\u00e9dougou : deux morts dans des manifestations"},"content":{"rendered":"<p><strong>Triste nouvelle \u00e0 K\u00e9dougou. Deux personnes ont \u00e9t\u00e9 tu\u00e9es lundi apr\u00e8s-midi lors des manifestations qui ont \u00e9clat\u00e9 le m\u00eame jour dans cette commune. A l&rsquo;origine du drame, les jeunes de Khossante et ceux du village de Mama Khono (K\u00e9dougou, est) protestent contre la modification de l\u2019arr\u00eat\u00e9 du pr\u00e9fet du d\u00e9partement de Saraya sur le recrutement de la main d\u2019\u0153uvre locale non qualifi\u00e9e.<\/strong><\/p><div class=\"publi-paragraphe1\" style=\"margin-top: 10px;margin-bottom: 10px;margin-left: auto;margin-right: auto;text-align: center;\" id=\"publi-3150068451\"><div class=\"publi-adlabel\">Publicit\u00e9<\/div><script async src=\"\/\/pagead2.googlesyndication.com\/pagead\/js\/adsbygoogle.js?client=ca-pub-4089586018074219\" crossorigin=\"anonymous\"><\/script><ins class=\"adsbygoogle\" style=\"display:block;\" data-ad-client=\"ca-pub-4089586018074219\" \ndata-ad-slot=\"2087940154\" \ndata-ad-format=\"auto\"><\/ins>\n<script> \n(adsbygoogle = window.adsbygoogle || []).push({}); \n<\/script>\n<\/div>\n<p>Selon l&rsquo;APS qui donne la nouvelle, les manifestants ont barr\u00e9 la route reliant Sabodala \u00e0 Bembou \u00e0 l\u2019aide de d\u00e9bris de briques, de branches et de troncs d\u2019arbre, bloquant toute circulation dans la zone.<\/p>\n<div class=\"publi-apres-le-contenu\" style=\"margin-top: 10px;margin-bottom: 10px;margin-left: auto;margin-right: auto;text-align: center;\" id=\"publi-442076602\"><div class=\"publi-adlabel\">Publicit\u00e9<\/div><script async src=\"\/\/pagead2.googlesyndication.com\/pagead\/js\/adsbygoogle.js?client=ca-pub-4089586018074219\" crossorigin=\"anonymous\"><\/script><ins class=\"adsbygoogle\" style=\"display:block;\" data-ad-client=\"ca-pub-4089586018074219\" \ndata-ad-slot=\"2087940154\" \ndata-ad-format=\"auto\"><\/ins>\n<script> \n(adsbygoogle = window.adsbygoogle || []).push({}); \n<\/script>\n<\/div>","protected":false},"excerpt":{"rendered":"<p>Triste nouvelle \u00e0 K\u00e9dougou. Deux personnes ont \u00e9t\u00e9 tu\u00e9es lundi apr\u00e8s-midi lors des manifestations qui ont \u00e9clat\u00e9 le m\u00eame jour dans cette commune. A l&rsquo;origine du drame, les jeunes de Khossante et ceux du village de Mama Khono (K\u00e9dougou, est) protestent contre la modification de l\u2019arr\u00eat\u00e9 du pr\u00e9fet du d\u00e9partement de Saraya sur le recrutement de la main d\u2019\u0153uvre locale non qualifi\u00e9e. Selon l&rsquo;APS qui donne la nouvelle, les manifestants ont barr\u00e9 la route reliant Sabodala \u00e0 Bembou \u00e0 l\u2019aide de d\u00e9bris de briques, de branches et de troncs d\u2019arbre, bloquant toute circulation dans la zone.<\/p>\n","protected":false},"author":1,"featured_media":429,"comment_status":"open","ping_status":"open","sticky":false,"template":"","format":"standard","meta":{"_jetpack_memberships_contains_paid_content":false,"footnotes":""},"categories":[375,372],"tags":[387,4352,5340],"class_list":["post-26965","post","type-post","status-publish","format-standard","has-post-thumbnail","hentry","category-actualites","category-vedette","tag-kedougou","tag-manifestations","tag-morst","entry","has-media","owp-thumbs-layout-horizontal","owp-btn-normal","owp-tabs-layout-horizontal","has-no-thumbnails","has-product-nav"],"yoast_head":"<!-- This site is optimized with the Yoast SEO plugin v25.5 - https:\/\/yoast.com\/wordpress\/plugins\/seo\/ -->\n<title>K\u00e9dougou : deux morts dans des manifestations - LE PUBLIC<\/title>\n<meta name=\"description\" content=\"Triste nouvelle \u00e0 K\u00e9dougou. Deux personnes ont \u00e9t\u00e9 tu\u00e9es lundi apr\u00e8s-midi lors des manifestations qui ont \u00e9clat\u00e9 le m\u00eame jour dans cette commune. A l&#039;origine du drame, les jeunes de Khossante et ceux du village de Mama Khono (K\u00e9dougou, est) protestent contre la modification de l\u2019arr\u00eat\u00e9 du pr\u00e9fet du d\u00e9partement de Saraya sur le recrutement de la main d\u2019\u0153uvre locale non qualifi\u00e9e.\" \/>\n<meta name=\"robots\" content=\"index, follow, max-snippet:-1, max-image-preview:large, max-video-preview:-1\" \/>\n<link rel=\"canonical\" href=\"https:\/\/www.public.sn\/index.php\/2023\/09\/11\/kedougou-deux-morts-dans-des-manifestations\/\" \/>\n<meta property=\"og:locale\" content=\"fr_FR\" \/>\n<meta property=\"og:type\" content=\"article\" \/>\n<meta property=\"og:title\" content=\"K\u00e9dougou : deux morts dans des manifestations - LE PUBLIC\" \/>\n<meta property=\"og:description\" content=\"Triste nouvelle \u00e0 K\u00e9dougou. Deux personnes ont \u00e9t\u00e9 tu\u00e9es lundi apr\u00e8s-midi lors des manifestations qui ont \u00e9clat\u00e9 le m\u00eame jour dans cette commune. A l&#039;origine du drame, les jeunes de Khossante et ceux du village de Mama Khono (K\u00e9dougou, est) protestent contre la modification de l\u2019arr\u00eat\u00e9 du pr\u00e9fet du d\u00e9partement de Saraya sur le recrutement de la main d\u2019\u0153uvre locale non qualifi\u00e9e.\" \/>\n<meta property=\"og:url\" content=\"https:\/\/www.public.sn\/index.php\/2023\/09\/11\/kedougou-deux-morts-dans-des-manifestations\/\" \/>\n<meta property=\"og:site_name\" content=\"LE PUBLIC\" \/>\n<meta property=\"article:published_time\" content=\"2023-09-11T18:11:40+00:00\" \/>\n<meta property=\"og:image\" content=\"https:\/\/www.public.sn\/wp-content\/uploads\/2022\/08\/9dbac06e-059d-4fd8-a7d2-c97449c4b181_Senegal-manifestation.jpg-scaled.webp\" \/>\n\t<meta property=\"og:image:width\" content=\"2560\" \/>\n\t<meta property=\"og:image:height\" content=\"1707\" \/>\n\t<meta property=\"og:image:type\" content=\"image\/webp\" \/>\n<meta name=\"author\" content=\"LA REDACTION\" \/>\n<meta name=\"twitter:card\" content=\"summary_large_image\" \/>\n<meta name=\"twitter:label1\" content=\"\u00c9crit par\" \/>\n\t<meta name=\"twitter:data1\" content=\"LA REDACTION\" \/>\n\t<meta name=\"twitter:label2\" content=\"Dur\u00e9e de lecture estim\u00e9e\" \/>\n\t<meta name=\"twitter:data2\" content=\"1 minute\" \/>\n<script type=\"application\/ld+json\" class=\"yoast-schema-graph\">{\"@context\":\"https:\/\/schema.org\",\"@graph\":[{\"@type\":\"Article\",\"@id\":\"https:\/\/www.public.sn\/index.php\/2023\/09\/11\/kedougou-deux-morts-dans-des-manifestations\/#article\",\"isPartOf\":{\"@id\":\"https:\/\/www.public.sn\/index.php\/2023\/09\/11\/kedougou-deux-morts-dans-des-manifestations\/\"},\"author\":{\"name\":\"LA REDACTION\",\"@id\":\"https:\/\/www.public.sn\/#\/schema\/person\/e3f4a11b037d4203902db148f9bc8d5a\"},\"headline\":\"K\u00e9dougou : deux morts dans des manifestations\",\"datePublished\":\"2023-09-11T18:11:40+00:00\",\"mainEntityOfPage\":{\"@id\":\"https:\/\/www.public.sn\/index.php\/2023\/09\/11\/kedougou-deux-morts-dans-des-manifestations\/\"},\"wordCount\":114,\"commentCount\":0,\"publisher\":{\"@id\":\"https:\/\/www.public.sn\/#organization\"},\"image\":{\"@id\":\"https:\/\/www.public.sn\/index.php\/2023\/09\/11\/kedougou-deux-morts-dans-des-manifestations\/#primaryimage\"},\"thumbnailUrl\":\"https:\/\/www.public.sn\/wp-content\/uploads\/2022\/08\/9dbac06e-059d-4fd8-a7d2-c97449c4b181_Senegal-manifestation.jpg-scaled.webp\",\"keywords\":[\"K\u00e9dougou\",\"manifestations\",\"morst\"],\"articleSection\":[\"ACTUALIT\u00c9S\",\"VEDETTE\"],\"inLanguage\":\"fr-FR\",\"potentialAction\":[{\"@type\":\"CommentAction\",\"name\":\"Comment\",\"target\":[\"https:\/\/www.public.sn\/index.php\/2023\/09\/11\/kedougou-deux-morts-dans-des-manifestations\/#respond\"]}]},{\"@type\":\"WebPage\",\"@id\":\"https:\/\/www.public.sn\/index.php\/2023\/09\/11\/kedougou-deux-morts-dans-des-manifestations\/\",\"url\":\"https:\/\/www.public.sn\/index.php\/2023\/09\/11\/kedougou-deux-morts-dans-des-manifestations\/\",\"name\":\"K\u00e9dougou : deux morts dans des manifestations - LE PUBLIC\",\"isPartOf\":{\"@id\":\"https:\/\/www.public.sn\/#website\"},\"primaryImageOfPage\":{\"@id\":\"https:\/\/www.public.sn\/index.php\/2023\/09\/11\/kedougou-deux-morts-dans-des-manifestations\/#primaryimage\"},\"image\":{\"@id\":\"https:\/\/www.public.sn\/index.php\/2023\/09\/11\/kedougou-deux-morts-dans-des-manifestations\/#primaryimage\"},\"thumbnailUrl\":\"https:\/\/www.public.sn\/wp-content\/uploads\/2022\/08\/9dbac06e-059d-4fd8-a7d2-c97449c4b181_Senegal-manifestation.jpg-scaled.webp\",\"datePublished\":\"2023-09-11T18:11:40+00:00\",\"description\":\"Triste nouvelle \u00e0 K\u00e9dougou. Deux personnes ont \u00e9t\u00e9 tu\u00e9es lundi apr\u00e8s-midi lors des manifestations qui ont \u00e9clat\u00e9 le m\u00eame jour dans cette commune. A l'origine du drame, les jeunes de Khossante et ceux du village de Mama Khono (K\u00e9dougou, est) protestent contre la modification de l\u2019arr\u00eat\u00e9 du pr\u00e9fet du d\u00e9partement de Saraya sur le recrutement de la main d\u2019\u0153uvre locale non qualifi\u00e9e.\",\"breadcrumb\":{\"@id\":\"https:\/\/www.public.sn\/index.php\/2023\/09\/11\/kedougou-deux-morts-dans-des-manifestations\/#breadcrumb\"},\"inLanguage\":\"fr-FR\",\"potentialAction\":[{\"@type\":\"ReadAction\",\"target\":[\"https:\/\/www.public.sn\/index.php\/2023\/09\/11\/kedougou-deux-morts-dans-des-manifestations\/\"]}]},{\"@type\":\"ImageObject\",\"inLanguage\":\"fr-FR\",\"@id\":\"https:\/\/www.public.sn\/index.php\/2023\/09\/11\/kedougou-deux-morts-dans-des-manifestations\/#primaryimage\",\"url\":\"https:\/\/www.public.sn\/wp-content\/uploads\/2022\/08\/9dbac06e-059d-4fd8-a7d2-c97449c4b181_Senegal-manifestation.jpg-scaled.webp\",\"contentUrl\":\"https:\/\/www.public.sn\/wp-content\/uploads\/2022\/08\/9dbac06e-059d-4fd8-a7d2-c97449c4b181_Senegal-manifestation.jpg-scaled.webp\",\"width\":2560,\"height\":1707},{\"@type\":\"BreadcrumbList\",\"@id\":\"https:\/\/www.public.sn\/index.php\/2023\/09\/11\/kedougou-deux-morts-dans-des-manifestations\/#breadcrumb\",\"itemListElement\":[{\"@type\":\"ListItem\",\"position\":1,\"name\":\"Accueil\",\"item\":\"https:\/\/www.public.sn\/\"},{\"@type\":\"ListItem\",\"position\":2,\"name\":\"K\u00e9dougou : deux morts dans des manifestations\"}]},{\"@type\":\"WebSite\",\"@id\":\"https:\/\/www.public.sn\/#website\",\"url\":\"https:\/\/www.public.sn\/\",\"name\":\"LE PUBLIC\",\"description\":\"\",\"publisher\":{\"@id\":\"https:\/\/www.public.sn\/#organization\"},\"potentialAction\":[{\"@type\":\"SearchAction\",\"target\":{\"@type\":\"EntryPoint\",\"urlTemplate\":\"https:\/\/www.public.sn\/?s={search_term_string}\"},\"query-input\":{\"@type\":\"PropertyValueSpecification\",\"valueRequired\":true,\"valueName\":\"search_term_string\"}}],\"inLanguage\":\"fr-FR\"},{\"@type\":\"Organization\",\"@id\":\"https:\/\/www.public.sn\/#organization\",\"name\":\"LE PUBLIC\",\"url\":\"https:\/\/www.public.sn\/\",\"logo\":{\"@type\":\"ImageObject\",\"inLanguage\":\"fr-FR\",\"@id\":\"https:\/\/www.public.sn\/#\/schema\/logo\/image\/\",\"url\":\"https:\/\/www.public.sn\/wp-content\/uploads\/2024\/05\/cropped-LOGO-PUBLIC.SN_.png\",\"contentUrl\":\"https:\/\/www.public.sn\/wp-content\/uploads\/2024\/05\/cropped-LOGO-PUBLIC.SN_.png\",\"width\":682,\"height\":192,\"caption\":\"LE PUBLIC\"},\"image\":{\"@id\":\"https:\/\/www.public.sn\/#\/schema\/logo\/image\/\"}},{\"@type\":\"Person\",\"@id\":\"https:\/\/www.public.sn\/#\/schema\/person\/e3f4a11b037d4203902db148f9bc8d5a\",\"name\":\"LA REDACTION\",\"image\":{\"@type\":\"ImageObject\",\"inLanguage\":\"fr-FR\",\"@id\":\"https:\/\/www.public.sn\/#\/schema\/person\/image\/\",\"url\":\"https:\/\/secure.gravatar.com\/avatar\/d6c030db45db2883c075085c5d6c6258654a801a93766b49af0b82d4f454e2a5?s=96&d=mm&r=g\",\"contentUrl\":\"https:\/\/secure.gravatar.com\/avatar\/d6c030db45db2883c075085c5d6c6258654a801a93766b49af0b82d4f454e2a5?s=96&d=mm&r=g\",\"caption\":\"LA REDACTION\"},\"sameAs\":[\"http:\/\/www.public.sn\"],\"url\":\"https:\/\/www.public.sn\/index.php\/author\/admin7324\/\"}]}<\/script>\n<!-- \/ Yoast SEO plugin. -->","yoast_head_json":{"title":"K\u00e9dougou : deux morts dans des manifestations - LE PUBLIC","description":"Triste nouvelle \u00e0 K\u00e9dougou. Deux personnes ont \u00e9t\u00e9 tu\u00e9es lundi apr\u00e8s-midi lors des manifestations qui ont \u00e9clat\u00e9 le m\u00eame jour dans cette commune. A l'origine du drame, les jeunes de Khossante et ceux du village de Mama Khono (K\u00e9dougou, est) protestent contre la modification de l\u2019arr\u00eat\u00e9 du pr\u00e9fet du d\u00e9partement de Saraya sur le recrutement de la main d\u2019\u0153uvre locale non qualifi\u00e9e.","robots":{"index":"index","follow":"follow","max-snippet":"max-snippet:-1","max-image-preview":"max-image-preview:large","max-video-preview":"max-video-preview:-1"},"canonical":"https:\/\/www.public.sn\/index.php\/2023\/09\/11\/kedougou-deux-morts-dans-des-manifestations\/","og_locale":"fr_FR","og_type":"article","og_title":"K\u00e9dougou : deux morts dans des manifestations - LE PUBLIC","og_description":"Triste nouvelle \u00e0 K\u00e9dougou. Deux personnes ont \u00e9t\u00e9 tu\u00e9es lundi apr\u00e8s-midi lors des manifestations qui ont \u00e9clat\u00e9 le m\u00eame jour dans cette commune. A l'origine du drame, les jeunes de Khossante et ceux du village de Mama Khono (K\u00e9dougou, est) protestent contre la modification de l\u2019arr\u00eat\u00e9 du pr\u00e9fet du d\u00e9partement de Saraya sur le recrutement de la main d\u2019\u0153uvre locale non qualifi\u00e9e.","og_url":"https:\/\/www.public.sn\/index.php\/2023\/09\/11\/kedougou-deux-morts-dans-des-manifestations\/","og_site_name":"LE PUBLIC","article_published_time":"2023-09-11T18:11:40+00:00","og_image":[{"width":2560,"height":1707,"url":"https:\/\/www.public.sn\/wp-content\/uploads\/2022\/08\/9dbac06e-059d-4fd8-a7d2-c97449c4b181_Senegal-manifestation.jpg-scaled.webp","type":"image\/webp"}],"author":"LA REDACTION","twitter_card":"summary_large_image","twitter_misc":{"\u00c9crit par":"LA REDACTION","Dur\u00e9e de lecture estim\u00e9e":"1 minute"},"schema":{"@context":"https:\/\/schema.org","@graph":[{"@type":"Article","@id":"https:\/\/www.public.sn\/index.php\/2023\/09\/11\/kedougou-deux-morts-dans-des-manifestations\/#article","isPartOf":{"@id":"https:\/\/www.public.sn\/index.php\/2023\/09\/11\/kedougou-deux-morts-dans-des-manifestations\/"},"author":{"name":"LA REDACTION","@id":"https:\/\/www.public.sn\/#\/schema\/person\/e3f4a11b037d4203902db148f9bc8d5a"},"headline":"K\u00e9dougou : deux morts dans des manifestations","datePublished":"2023-09-11T18:11:40+00:00","mainEntityOfPage":{"@id":"https:\/\/www.public.sn\/index.php\/2023\/09\/11\/kedougou-deux-morts-dans-des-manifestations\/"},"wordCount":114,"commentCount":0,"publisher":{"@id":"https:\/\/www.public.sn\/#organization"},"image":{"@id":"https:\/\/www.public.sn\/index.php\/2023\/09\/11\/kedougou-deux-morts-dans-des-manifestations\/#primaryimage"},"thumbnailUrl":"https:\/\/www.public.sn\/wp-content\/uploads\/2022\/08\/9dbac06e-059d-4fd8-a7d2-c97449c4b181_Senegal-manifestation.jpg-scaled.webp","keywords":["K\u00e9dougou","manifestations","morst"],"articleSection":["ACTUALIT\u00c9S","VEDETTE"],"inLanguage":"fr-FR","potentialAction":[{"@type":"CommentAction","name":"Comment","target":["https:\/\/www.public.sn\/index.php\/2023\/09\/11\/kedougou-deux-morts-dans-des-manifestations\/#respond"]}]},{"@type":"WebPage","@id":"https:\/\/www.public.sn\/index.php\/2023\/09\/11\/kedougou-deux-morts-dans-des-manifestations\/","url":"https:\/\/www.public.sn\/index.php\/2023\/09\/11\/kedougou-deux-morts-dans-des-manifestations\/","name":"K\u00e9dougou : deux morts dans des manifestations - LE PUBLIC","isPartOf":{"@id":"https:\/\/www.public.sn\/#website"},"primaryImageOfPage":{"@id":"https:\/\/www.public.sn\/index.php\/2023\/09\/11\/kedougou-deux-morts-dans-des-manifestations\/#primaryimage"},"image":{"@id":"https:\/\/www.public.sn\/index.php\/2023\/09\/11\/kedougou-deux-morts-dans-des-manifestations\/#primaryimage"},"thumbnailUrl":"https:\/\/www.public.sn\/wp-content\/uploads\/2022\/08\/9dbac06e-059d-4fd8-a7d2-c97449c4b181_Senegal-manifestation.jpg-scaled.webp","datePublished":"2023-09-11T18:11:40+00:00","description":"Triste nouvelle \u00e0 K\u00e9dougou. Deux personnes ont \u00e9t\u00e9 tu\u00e9es lundi apr\u00e8s-midi lors des manifestations qui ont \u00e9clat\u00e9 le m\u00eame jour dans cette commune. A l'origine du drame, les jeunes de Khossante et ceux du village de Mama Khono (K\u00e9dougou, est) protestent contre la modification de l\u2019arr\u00eat\u00e9 du pr\u00e9fet du d\u00e9partement de Saraya sur le recrutement de la main d\u2019\u0153uvre locale non qualifi\u00e9e.","breadcrumb":{"@id":"https:\/\/www.public.sn\/index.php\/2023\/09\/11\/kedougou-deux-morts-dans-des-manifestations\/#breadcrumb"},"inLanguage":"fr-FR","potentialAction":[{"@type":"ReadAction","target":["https:\/\/www.public.sn\/index.php\/2023\/09\/11\/kedougou-deux-morts-dans-des-manifestations\/"]}]},{"@type":"ImageObject","inLanguage":"fr-FR","@id":"https:\/\/www.public.sn\/index.php\/2023\/09\/11\/kedougou-deux-morts-dans-des-manifestations\/#primaryimage","url":"https:\/\/www.public.sn\/wp-content\/uploads\/2022\/08\/9dbac06e-059d-4fd8-a7d2-c97449c4b181_Senegal-manifestation.jpg-scaled.webp","contentUrl":"https:\/\/www.public.sn\/wp-content\/uploads\/2022\/08\/9dbac06e-059d-4fd8-a7d2-c97449c4b181_Senegal-manifestation.jpg-scaled.webp","width":2560,"height":1707},{"@type":"BreadcrumbList","@id":"https:\/\/www.public.sn\/index.php\/2023\/09\/11\/kedougou-deux-morts-dans-des-manifestations\/#breadcrumb","itemListElement":[{"@type":"ListItem","position":1,"name":"Accueil","item":"https:\/\/www.public.sn\/"},{"@type":"ListItem","position":2,"name":"K\u00e9dougou : deux morts dans des manifestations"}]},{"@type":"WebSite","@id":"https:\/\/www.public.sn\/#website","url":"https:\/\/www.public.sn\/","name":"LE PUBLIC","description":"","publisher":{"@id":"https:\/\/www.public.sn\/#organization"},"potentialAction":[{"@type":"SearchAction","target":{"@type":"EntryPoint","urlTemplate":"https:\/\/www.public.sn\/?s={search_term_string}"},"query-input":{"@type":"PropertyValueSpecification","valueRequired":true,"valueName":"search_term_string"}}],"inLanguage":"fr-FR"},{"@type":"Organization","@id":"https:\/\/www.public.sn\/#organization","name":"LE PUBLIC","url":"https:\/\/www.public.sn\/","logo":{"@type":"ImageObject","inLanguage":"fr-FR","@id":"https:\/\/www.public.sn\/#\/schema\/logo\/image\/","url":"https:\/\/www.public.sn\/wp-content\/uploads\/2024\/05\/cropped-LOGO-PUBLIC.SN_.png","contentUrl":"https:\/\/www.public.sn\/wp-content\/uploads\/2024\/05\/cropped-LOGO-PUBLIC.SN_.png","width":682,"height":192,"caption":"LE PUBLIC"},"image":{"@id":"https:\/\/www.public.sn\/#\/schema\/logo\/image\/"}},{"@type":"Person","@id":"https:\/\/www.public.sn\/#\/schema\/person\/e3f4a11b037d4203902db148f9bc8d5a","name":"LA REDACTION","image":{"@type":"ImageObject","inLanguage":"fr-FR","@id":"https:\/\/www.public.sn\/#\/schema\/person\/image\/","url":"https:\/\/secure.gravatar.com\/avatar\/d6c030db45db2883c075085c5d6c6258654a801a93766b49af0b82d4f454e2a5?s=96&d=mm&r=g","contentUrl":"https:\/\/secure.gravatar.com\/avatar\/d6c030db45db2883c075085c5d6c6258654a801a93766b49af0b82d4f454e2a5?s=96&d=mm&r=g","caption":"LA REDACTION"},"sameAs":["http:\/\/www.public.sn"],"url":"https:\/\/www.public.sn\/index.php\/author\/admin7324\/"}]}},"jetpack_featured_media_url":"https:\/\/www.public.sn\/wp-content\/uploads\/2022\/08\/9dbac06e-059d-4fd8-a7d2-c97449c4b181_Senegal-manifestation.jpg-scaled.webp","jetpack_sharing_enabled":true,"_links":{"self":[{"href":"https:\/\/www.public.sn\/index.php\/wp-json\/wp\/v2\/posts\/26965","targetHints":{"allow":["GET"]}}],"collection":[{"href":"https:\/\/www.public.sn\/index.php\/wp-json\/wp\/v2\/posts"}],"about":[{"href":"https:\/\/www.public.sn\/index.php\/wp-json\/wp\/v2\/types\/post"}],"author":[{"embeddable":true,"href":"https:\/\/www.public.sn\/index.php\/wp-json\/wp\/v2\/users\/1"}],"replies":[{"embeddable":true,"href":"https:\/\/www.public.sn\/index.php\/wp-json\/wp\/v2\/comments?post=26965"}],"version-history":[{"count":1,"href":"https:\/\/www.public.sn\/index.php\/wp-json\/wp\/v2\/posts\/26965\/revisions"}],"predecessor-version":[{"id":26966,"href":"https:\/\/www.public.sn\/index.php\/wp-json\/wp\/v2\/posts\/26965\/revisions\/26966"}],"wp:featuredmedia":[{"embeddable":true,"href":"https:\/\/www.public.sn\/index.php\/wp-json\/wp\/v2\/media\/429"}],"wp:attachment":[{"href":"https:\/\/www.public.sn\/index.php\/wp-json\/wp\/v2\/media?parent=26965"}],"wp:term":[{"taxonomy":"category","embeddable":true,"href":"https:\/\/www.public.sn\/index.php\/wp-json\/wp\/v2\/categories?post=26965"},{"taxonomy":"post_tag","embeddable":true,"href":"https:\/\/www.public.sn\/index.php\/wp-json\/wp\/v2\/tags?post=26965"}],"curies":[{"name":"wp","href":"https:\/\/api.w.org\/{rel}","templated":true}]}}