{"id":26967,"date":"2023-09-12T09:12:55","date_gmt":"2023-09-12T09:12:55","guid":{"rendered":"https:\/\/www.public.sn\/?p=26967"},"modified":"2023-09-12T09:12:55","modified_gmt":"2023-09-12T09:12:55","slug":"presidentielle-2024-la-candidature-de-lancien-ige-birima-mangara-annoncee","status":"publish","type":"post","link":"https:\/\/www.public.sn\/index.php\/2023\/09\/12\/presidentielle-2024-la-candidature-de-lancien-ige-birima-mangara-annoncee\/","title":{"rendered":"Pr\u00e9sidentielle 2024 : la candidature de l\u2019ancien Ige Birima Mangara annonc\u00e9e"},"content":{"rendered":"<p><strong>Sur la longue liste de candidats \u00e0 la pr\u00e9sidentielle, il faudra d\u00e9sormais ajouter le nom de l\u2019inspecteur g\u00e9n\u00e9ral d\u2019Etat Birima Mangara. L\u2019ancien ministre du Budget n\u2019a pas encore officiellement annonc\u00e9 sa candidature mais ce n\u2019est plus qu\u2019une question de temps selon ses proches.<\/strong><\/p><div class=\"publi-paragraphe1\" style=\"margin-top: 10px;margin-bottom: 10px;margin-left: auto;margin-right: auto;text-align: center;\" id=\"publi-3668154057\"><div class=\"publi-adlabel\">Publicit\u00e9<\/div><script async src=\"\/\/pagead2.googlesyndication.com\/pagead\/js\/adsbygoogle.js?client=ca-pub-4089586018074219\" crossorigin=\"anonymous\"><\/script><ins class=\"adsbygoogle\" style=\"display:block;\" data-ad-client=\"ca-pub-4089586018074219\" \ndata-ad-slot=\"2087940154\" \ndata-ad-format=\"auto\"><\/ins>\n<script> \n(adsbygoogle = window.adsbygoogle || []).push({}); \n<\/script>\n<\/div>\n<p>D\u2019ailleurs l\u2019information a \u00e9t\u00e9 \u00e9bruit\u00e9e hier par son entourage qui confirme bel et bien que Birima Mangara sera de la partie en f\u00e9vrier prochain. Malgr\u00e9 notre insistance, l\u2019ancien ministre du Budget du pr\u00e9sident Macky Sall n\u2019a pas voulu confirmer sa candidature.<\/p>\n<p>S\u2019il d\u00e9cidait de plonger, il ferait face en tout cas au Premier ministre Amadou Ba avec qui il a form\u00e9 un excellent tandem lorsque l\u2019actuel Premier ministre g\u00e9rait le portefeuille du minist\u00e8re de l\u2019Economie, des Finances et du Plan. Ce tandem rappelait celui du d\u00e9funt Pape Ousmane Sakho avec Mamadou Lamine Loum.<\/p>\n<p>L\u2019homme pr\u00e9sente un p\u00e9digr\u00e9e s\u00e9duisant puisqu\u2019il est parti de contr\u00f4leur des imp\u00f4ts pour devenir inspecteur des imp\u00f4ts avant de r\u00e9ussir en 2005 au s\u00e9lectif concours de l\u2019Inspection g\u00e9n\u00e9rale d\u2019Etat. Apr\u00e8s l\u2019Ige, Birima Mangara est nomm\u00e9, de janvier 2013 \u00e0 juillet 2014, directeur de cabinet adjoint du pr\u00e9sident Macky Sall en remplacement de Moubarak L\u00f4. A partir de juillet 2014, il a exerc\u00e9 les fonctions de ministre du Budget. Il quittera le gouvernement en 2019 pour retourner \u00e0 l\u2019IGE.<\/p>\n<p>Depuis lors, il avait renou\u00e9 avec sa discr\u00e9tion l\u00e9gendaire. Il s\u2019\u00e9tait \u00e9loign\u00e9 de la sph\u00e8re politique pour consacrer tout son temps \u00e0 l\u2019IGE et surtout au mouridisme, une confr\u00e9rie dont ce cadre originaire de Diourbel est un fervent disciple. Alors que s\u2019est-il pass\u00e9 pour que l\u2019homme d\u00e9cide de plonger dans la mare politique pour \u00eatre candidat \u00e0 la Pr\u00e9sidentielle ?<\/p>\n<p>Il promet de faire une d\u00e9claration solennelle les semaines \u00e0 venir histoire d\u2019expliquer ses motivations. En attendant, il a d\u00e9missionn\u00e9 de l\u2019IGE et se mobilise avec ses partisans pour pr\u00e9parer cette nouvelle \u00e9tape de sa vie. Ses proches ne sont pas bavards sur le \u00ab v\u00e9hicule \u00bb qu\u2019ils vont utiliser pour accompagner leur leader. Un mouvement ou un parti politique ?<\/p>\n<p>Birima Mangara a cependant un atout de taille, c\u2019est l\u2019\u00e9lectorat mouride qu\u2019il pourrait capter puisqu\u2019il est un \u00e9minent membre de cette importante et dynamique communaut\u00e9. Son handicap majeur sera le temps\u2026Bon vent tout de m\u00eame \u00e0 notre cher ami Birima !<\/p>\n<p><strong>LE TEMOIN<\/strong><\/p>\n<div class=\"publi-apres-le-contenu\" style=\"margin-top: 10px;margin-bottom: 10px;margin-left: auto;margin-right: auto;text-align: center;\" id=\"publi-3493547125\"><div class=\"publi-adlabel\">Publicit\u00e9<\/div><script async src=\"\/\/pagead2.googlesyndication.com\/pagead\/js\/adsbygoogle.js?client=ca-pub-4089586018074219\" crossorigin=\"anonymous\"><\/script><ins class=\"adsbygoogle\" style=\"display:block;\" data-ad-client=\"ca-pub-4089586018074219\" \ndata-ad-slot=\"2087940154\" \ndata-ad-format=\"auto\"><\/ins>\n<script> \n(adsbygoogle = window.adsbygoogle || []).push({}); \n<\/script>\n<\/div>","protected":false},"excerpt":{"rendered":"<p>Sur la longue liste de candidats \u00e0 la pr\u00e9sidentielle, il faudra d\u00e9sormais ajouter le nom de l\u2019inspecteur g\u00e9n\u00e9ral d\u2019Etat Birima Mangara. L\u2019ancien ministre du Budget n\u2019a pas encore officiellement annonc\u00e9 sa candidature mais ce n\u2019est plus qu\u2019une question de temps selon ses proches. D\u2019ailleurs l\u2019information a \u00e9t\u00e9 \u00e9bruit\u00e9e hier par son entourage qui confirme bel et bien que Birima Mangara sera de la partie en f\u00e9vrier prochain. Malgr\u00e9 notre insistance, l\u2019ancien ministre du Budget du pr\u00e9sident Macky Sall n\u2019a pas voulu confirmer sa candidature. S\u2019il d\u00e9cidait de plonger, il ferait face en tout cas au Premier ministre Amadou Ba avec qui il a form\u00e9 un excellent tandem lorsque l\u2019actuel Premier ministre g\u00e9rait le portefeuille du minist\u00e8re de l\u2019Economie, des Finances et du Plan. Ce tandem rappelait celui du d\u00e9funt Pape Ousmane Sakho avec Mamadou Lamine Loum. L\u2019homme pr\u00e9sente un p\u00e9digr\u00e9e s\u00e9duisant puisqu\u2019il est parti de contr\u00f4leur des imp\u00f4ts pour devenir inspecteur des imp\u00f4ts avant de r\u00e9ussir en 2005 au s\u00e9lectif concours de l\u2019Inspection g\u00e9n\u00e9rale d\u2019Etat. Apr\u00e8s l\u2019Ige, Birima Mangara est nomm\u00e9, de janvier 2013 \u00e0 juillet 2014, directeur de cabinet adjoint du pr\u00e9sident Macky Sall en remplacement de Moubarak L\u00f4. A partir de juillet 2014, il a exerc\u00e9 les fonctions de ministre du Budget. Il quittera le gouvernement en 2019 pour retourner \u00e0 l\u2019IGE. Depuis lors, il avait renou\u00e9 avec sa discr\u00e9tion l\u00e9gendaire. Il s\u2019\u00e9tait \u00e9loign\u00e9 de la sph\u00e8re politique pour consacrer tout son temps \u00e0 l\u2019IGE et surtout au mouridisme, une confr\u00e9rie dont ce cadre originaire de Diourbel est un fervent disciple. Alors que s\u2019est-il pass\u00e9 pour que l\u2019homme d\u00e9cide de plonger dans la mare politique pour \u00eatre candidat \u00e0 la Pr\u00e9sidentielle ? Il promet de faire une d\u00e9claration solennelle les semaines \u00e0 venir histoire d\u2019expliquer ses motivations. En attendant, il a d\u00e9missionn\u00e9 de l\u2019IGE et se mobilise avec ses partisans pour pr\u00e9parer cette nouvelle \u00e9tape de sa vie. Ses proches ne sont pas bavards sur le \u00ab v\u00e9hicule \u00bb qu\u2019ils vont utiliser pour accompagner leur leader. Un mouvement ou un parti politique ? Birima Mangara a cependant un atout de taille, c\u2019est l\u2019\u00e9lectorat mouride qu\u2019il pourrait capter puisqu\u2019il est un \u00e9minent membre de cette importante et dynamique communaut\u00e9. Son handicap majeur sera le temps\u2026Bon vent tout de m\u00eame \u00e0 notre cher ami Birima ! LE TEMOIN<\/p>\n","protected":false},"author":1,"featured_media":26968,"comment_status":"open","ping_status":"open","sticky":false,"template":"","format":"standard","meta":{"_jetpack_memberships_contains_paid_content":false,"footnotes":""},"categories":[375,3,1,372],"tags":[5342,5341,20],"class_list":["post-26967","post","type-post","status-publish","format-standard","has-post-thumbnail","hentry","category-actualites","category-politique","category-non-classe","category-vedette","tag-amadou","tag-birima-mangara","tag-presidentielle-2024","entry","has-media","owp-thumbs-layout-horizontal","owp-btn-normal","owp-tabs-layout-horizontal","has-no-thumbnails","has-product-nav"],"yoast_head":"<!-- This site is optimized with the Yoast SEO plugin v25.5 - https:\/\/yoast.com\/wordpress\/plugins\/seo\/ -->\n<title>Pr\u00e9sidentielle 2024 : la candidature de l\u2019ancien Ige Birima Mangara annonc\u00e9e - LE PUBLIC<\/title>\n<meta name=\"description\" content=\"Sur la longue liste de candidats \u00e0 la pr\u00e9sidentielle, il faudra d\u00e9sormais ajouter le nom de l\u2019inspecteur g\u00e9n\u00e9ral d\u2019Etat Birima Mangara. L\u2019ancien ministre du Budget n\u2019a pas encore officiellement annonc\u00e9 sa candidature mais ce n\u2019est plus qu\u2019une question de temps selon ses proches.\" \/>\n<meta name=\"robots\" content=\"index, follow, max-snippet:-1, max-image-preview:large, max-video-preview:-1\" \/>\n<link rel=\"canonical\" href=\"https:\/\/www.public.sn\/index.php\/2023\/09\/12\/presidentielle-2024-la-candidature-de-lancien-ige-birima-mangara-annoncee\/\" \/>\n<meta property=\"og:locale\" content=\"fr_FR\" \/>\n<meta property=\"og:type\" content=\"article\" \/>\n<meta property=\"og:title\" content=\"Pr\u00e9sidentielle 2024 : la candidature de l\u2019ancien Ige Birima Mangara annonc\u00e9e - LE PUBLIC\" \/>\n<meta property=\"og:description\" content=\"Sur la longue liste de candidats \u00e0 la pr\u00e9sidentielle, il faudra d\u00e9sormais ajouter le nom de l\u2019inspecteur g\u00e9n\u00e9ral d\u2019Etat Birima Mangara. L\u2019ancien ministre du Budget n\u2019a pas encore officiellement annonc\u00e9 sa candidature mais ce n\u2019est plus qu\u2019une question de temps selon ses proches.\" \/>\n<meta property=\"og:url\" content=\"https:\/\/www.public.sn\/index.php\/2023\/09\/12\/presidentielle-2024-la-candidature-de-lancien-ige-birima-mangara-annoncee\/\" \/>\n<meta property=\"og:site_name\" content=\"LE PUBLIC\" \/>\n<meta property=\"article:published_time\" content=\"2023-09-12T09:12:55+00:00\" \/>\n<meta property=\"og:image\" content=\"https:\/\/www.public.sn\/wp-content\/uploads\/2023\/09\/Birima-Mangara.jpg\" \/>\n\t<meta property=\"og:image:width\" content=\"1280\" \/>\n\t<meta property=\"og:image:height\" content=\"960\" \/>\n\t<meta property=\"og:image:type\" content=\"image\/jpeg\" \/>\n<meta name=\"author\" content=\"LA REDACTION\" \/>\n<meta name=\"twitter:card\" content=\"summary_large_image\" \/>\n<meta name=\"twitter:label1\" content=\"\u00c9crit par\" \/>\n\t<meta name=\"twitter:data1\" content=\"LA REDACTION\" \/>\n\t<meta name=\"twitter:label2\" content=\"Dur\u00e9e de lecture estim\u00e9e\" \/>\n\t<meta name=\"twitter:data2\" content=\"2 minutes\" \/>\n<script type=\"application\/ld+json\" class=\"yoast-schema-graph\">{\"@context\":\"https:\/\/schema.org\",\"@graph\":[{\"@type\":\"Article\",\"@id\":\"https:\/\/www.public.sn\/index.php\/2023\/09\/12\/presidentielle-2024-la-candidature-de-lancien-ige-birima-mangara-annoncee\/#article\",\"isPartOf\":{\"@id\":\"https:\/\/www.public.sn\/index.php\/2023\/09\/12\/presidentielle-2024-la-candidature-de-lancien-ige-birima-mangara-annoncee\/\"},\"author\":{\"name\":\"LA REDACTION\",\"@id\":\"https:\/\/www.public.sn\/#\/schema\/person\/e3f4a11b037d4203902db148f9bc8d5a\"},\"headline\":\"Pr\u00e9sidentielle 2024 : la candidature de l\u2019ancien Ige Birima Mangara annonc\u00e9e\",\"datePublished\":\"2023-09-12T09:12:55+00:00\",\"mainEntityOfPage\":{\"@id\":\"https:\/\/www.public.sn\/index.php\/2023\/09\/12\/presidentielle-2024-la-candidature-de-lancien-ige-birima-mangara-annoncee\/\"},\"wordCount\":439,\"commentCount\":0,\"publisher\":{\"@id\":\"https:\/\/www.public.sn\/#organization\"},\"image\":{\"@id\":\"https:\/\/www.public.sn\/index.php\/2023\/09\/12\/presidentielle-2024-la-candidature-de-lancien-ige-birima-mangara-annoncee\/#primaryimage\"},\"thumbnailUrl\":\"https:\/\/www.public.sn\/wp-content\/uploads\/2023\/09\/Birima-Mangara.jpg\",\"keywords\":[\"Amadou\",\"Birima Mangara\",\"Pr\u00e9sidentielle 2024\"],\"articleSection\":[\"ACTUALIT\u00c9S\",\"POLITIQUE\",\"S\u00c9N\u00c9GAL\",\"VEDETTE\"],\"inLanguage\":\"fr-FR\",\"potentialAction\":[{\"@type\":\"CommentAction\",\"name\":\"Comment\",\"target\":[\"https:\/\/www.public.sn\/index.php\/2023\/09\/12\/presidentielle-2024-la-candidature-de-lancien-ige-birima-mangara-annoncee\/#respond\"]}]},{\"@type\":\"WebPage\",\"@id\":\"https:\/\/www.public.sn\/index.php\/2023\/09\/12\/presidentielle-2024-la-candidature-de-lancien-ige-birima-mangara-annoncee\/\",\"url\":\"https:\/\/www.public.sn\/index.php\/2023\/09\/12\/presidentielle-2024-la-candidature-de-lancien-ige-birima-mangara-annoncee\/\",\"name\":\"Pr\u00e9sidentielle 2024 : la candidature de l\u2019ancien Ige Birima Mangara annonc\u00e9e - LE PUBLIC\",\"isPartOf\":{\"@id\":\"https:\/\/www.public.sn\/#website\"},\"primaryImageOfPage\":{\"@id\":\"https:\/\/www.public.sn\/index.php\/2023\/09\/12\/presidentielle-2024-la-candidature-de-lancien-ige-birima-mangara-annoncee\/#primaryimage\"},\"image\":{\"@id\":\"https:\/\/www.public.sn\/index.php\/2023\/09\/12\/presidentielle-2024-la-candidature-de-lancien-ige-birima-mangara-annoncee\/#primaryimage\"},\"thumbnailUrl\":\"https:\/\/www.public.sn\/wp-content\/uploads\/2023\/09\/Birima-Mangara.jpg\",\"datePublished\":\"2023-09-12T09:12:55+00:00\",\"description\":\"Sur la longue liste de candidats \u00e0 la pr\u00e9sidentielle, il faudra d\u00e9sormais ajouter le nom de l\u2019inspecteur g\u00e9n\u00e9ral d\u2019Etat Birima Mangara. L\u2019ancien ministre du Budget n\u2019a pas encore officiellement annonc\u00e9 sa candidature mais ce n\u2019est plus qu\u2019une question de temps selon ses proches.\",\"breadcrumb\":{\"@id\":\"https:\/\/www.public.sn\/index.php\/2023\/09\/12\/presidentielle-2024-la-candidature-de-lancien-ige-birima-mangara-annoncee\/#breadcrumb\"},\"inLanguage\":\"fr-FR\",\"potentialAction\":[{\"@type\":\"ReadAction\",\"target\":[\"https:\/\/www.public.sn\/index.php\/2023\/09\/12\/presidentielle-2024-la-candidature-de-lancien-ige-birima-mangara-annoncee\/\"]}]},{\"@type\":\"ImageObject\",\"inLanguage\":\"fr-FR\",\"@id\":\"https:\/\/www.public.sn\/index.php\/2023\/09\/12\/presidentielle-2024-la-candidature-de-lancien-ige-birima-mangara-annoncee\/#primaryimage\",\"url\":\"https:\/\/www.public.sn\/wp-content\/uploads\/2023\/09\/Birima-Mangara.jpg\",\"contentUrl\":\"https:\/\/www.public.sn\/wp-content\/uploads\/2023\/09\/Birima-Mangara.jpg\",\"width\":1280,\"height\":960},{\"@type\":\"BreadcrumbList\",\"@id\":\"https:\/\/www.public.sn\/index.php\/2023\/09\/12\/presidentielle-2024-la-candidature-de-lancien-ige-birima-mangara-annoncee\/#breadcrumb\",\"itemListElement\":[{\"@type\":\"ListItem\",\"position\":1,\"name\":\"Accueil\",\"item\":\"https:\/\/www.public.sn\/\"},{\"@type\":\"ListItem\",\"position\":2,\"name\":\"Pr\u00e9sidentielle 2024 : la candidature de l\u2019ancien Ige Birima Mangara annonc\u00e9e\"}]},{\"@type\":\"WebSite\",\"@id\":\"https:\/\/www.public.sn\/#website\",\"url\":\"https:\/\/www.public.sn\/\",\"name\":\"LE PUBLIC\",\"description\":\"\",\"publisher\":{\"@id\":\"https:\/\/www.public.sn\/#organization\"},\"potentialAction\":[{\"@type\":\"SearchAction\",\"target\":{\"@type\":\"EntryPoint\",\"urlTemplate\":\"https:\/\/www.public.sn\/?s={search_term_string}\"},\"query-input\":{\"@type\":\"PropertyValueSpecification\",\"valueRequired\":true,\"valueName\":\"search_term_string\"}}],\"inLanguage\":\"fr-FR\"},{\"@type\":\"Organization\",\"@id\":\"https:\/\/www.public.sn\/#organization\",\"name\":\"LE PUBLIC\",\"url\":\"https:\/\/www.public.sn\/\",\"logo\":{\"@type\":\"ImageObject\",\"inLanguage\":\"fr-FR\",\"@id\":\"https:\/\/www.public.sn\/#\/schema\/logo\/image\/\",\"url\":\"https:\/\/www.public.sn\/wp-content\/uploads\/2024\/05\/cropped-LOGO-PUBLIC.SN_.png\",\"contentUrl\":\"https:\/\/www.public.sn\/wp-content\/uploads\/2024\/05\/cropped-LOGO-PUBLIC.SN_.png\",\"width\":682,\"height\":192,\"caption\":\"LE PUBLIC\"},\"image\":{\"@id\":\"https:\/\/www.public.sn\/#\/schema\/logo\/image\/\"}},{\"@type\":\"Person\",\"@id\":\"https:\/\/www.public.sn\/#\/schema\/person\/e3f4a11b037d4203902db148f9bc8d5a\",\"name\":\"LA REDACTION\",\"image\":{\"@type\":\"ImageObject\",\"inLanguage\":\"fr-FR\",\"@id\":\"https:\/\/www.public.sn\/#\/schema\/person\/image\/\",\"url\":\"https:\/\/secure.gravatar.com\/avatar\/d6c030db45db2883c075085c5d6c6258654a801a93766b49af0b82d4f454e2a5?s=96&d=mm&r=g\",\"contentUrl\":\"https:\/\/secure.gravatar.com\/avatar\/d6c030db45db2883c075085c5d6c6258654a801a93766b49af0b82d4f454e2a5?s=96&d=mm&r=g\",\"caption\":\"LA REDACTION\"},\"sameAs\":[\"http:\/\/www.public.sn\"],\"url\":\"https:\/\/www.public.sn\/index.php\/author\/admin7324\/\"}]}<\/script>\n<!-- \/ Yoast SEO plugin. -->","yoast_head_json":{"title":"Pr\u00e9sidentielle 2024 : la candidature de l\u2019ancien Ige Birima Mangara annonc\u00e9e - LE PUBLIC","description":"Sur la longue liste de candidats \u00e0 la pr\u00e9sidentielle, il faudra d\u00e9sormais ajouter le nom de l\u2019inspecteur g\u00e9n\u00e9ral d\u2019Etat Birima Mangara. L\u2019ancien ministre du Budget n\u2019a pas encore officiellement annonc\u00e9 sa candidature mais ce n\u2019est plus qu\u2019une question de temps selon ses proches.","robots":{"index":"index","follow":"follow","max-snippet":"max-snippet:-1","max-image-preview":"max-image-preview:large","max-video-preview":"max-video-preview:-1"},"canonical":"https:\/\/www.public.sn\/index.php\/2023\/09\/12\/presidentielle-2024-la-candidature-de-lancien-ige-birima-mangara-annoncee\/","og_locale":"fr_FR","og_type":"article","og_title":"Pr\u00e9sidentielle 2024 : la candidature de l\u2019ancien Ige Birima Mangara annonc\u00e9e - LE PUBLIC","og_description":"Sur la longue liste de candidats \u00e0 la pr\u00e9sidentielle, il faudra d\u00e9sormais ajouter le nom de l\u2019inspecteur g\u00e9n\u00e9ral d\u2019Etat Birima Mangara. L\u2019ancien ministre du Budget n\u2019a pas encore officiellement annonc\u00e9 sa candidature mais ce n\u2019est plus qu\u2019une question de temps selon ses proches.","og_url":"https:\/\/www.public.sn\/index.php\/2023\/09\/12\/presidentielle-2024-la-candidature-de-lancien-ige-birima-mangara-annoncee\/","og_site_name":"LE PUBLIC","article_published_time":"2023-09-12T09:12:55+00:00","og_image":[{"width":1280,"height":960,"url":"https:\/\/www.public.sn\/wp-content\/uploads\/2023\/09\/Birima-Mangara.jpg","type":"image\/jpeg"}],"author":"LA REDACTION","twitter_card":"summary_large_image","twitter_misc":{"\u00c9crit par":"LA REDACTION","Dur\u00e9e de lecture estim\u00e9e":"2 minutes"},"schema":{"@context":"https:\/\/schema.org","@graph":[{"@type":"Article","@id":"https:\/\/www.public.sn\/index.php\/2023\/09\/12\/presidentielle-2024-la-candidature-de-lancien-ige-birima-mangara-annoncee\/#article","isPartOf":{"@id":"https:\/\/www.public.sn\/index.php\/2023\/09\/12\/presidentielle-2024-la-candidature-de-lancien-ige-birima-mangara-annoncee\/"},"author":{"name":"LA REDACTION","@id":"https:\/\/www.public.sn\/#\/schema\/person\/e3f4a11b037d4203902db148f9bc8d5a"},"headline":"Pr\u00e9sidentielle 2024 : la candidature de l\u2019ancien Ige Birima Mangara annonc\u00e9e","datePublished":"2023-09-12T09:12:55+00:00","mainEntityOfPage":{"@id":"https:\/\/www.public.sn\/index.php\/2023\/09\/12\/presidentielle-2024-la-candidature-de-lancien-ige-birima-mangara-annoncee\/"},"wordCount":439,"commentCount":0,"publisher":{"@id":"https:\/\/www.public.sn\/#organization"},"image":{"@id":"https:\/\/www.public.sn\/index.php\/2023\/09\/12\/presidentielle-2024-la-candidature-de-lancien-ige-birima-mangara-annoncee\/#primaryimage"},"thumbnailUrl":"https:\/\/www.public.sn\/wp-content\/uploads\/2023\/09\/Birima-Mangara.jpg","keywords":["Amadou","Birima Mangara","Pr\u00e9sidentielle 2024"],"articleSection":["ACTUALIT\u00c9S","POLITIQUE","S\u00c9N\u00c9GAL","VEDETTE"],"inLanguage":"fr-FR","potentialAction":[{"@type":"CommentAction","name":"Comment","target":["https:\/\/www.public.sn\/index.php\/2023\/09\/12\/presidentielle-2024-la-candidature-de-lancien-ige-birima-mangara-annoncee\/#respond"]}]},{"@type":"WebPage","@id":"https:\/\/www.public.sn\/index.php\/2023\/09\/12\/presidentielle-2024-la-candidature-de-lancien-ige-birima-mangara-annoncee\/","url":"https:\/\/www.public.sn\/index.php\/2023\/09\/12\/presidentielle-2024-la-candidature-de-lancien-ige-birima-mangara-annoncee\/","name":"Pr\u00e9sidentielle 2024 : la candidature de l\u2019ancien Ige Birima Mangara annonc\u00e9e - LE PUBLIC","isPartOf":{"@id":"https:\/\/www.public.sn\/#website"},"primaryImageOfPage":{"@id":"https:\/\/www.public.sn\/index.php\/2023\/09\/12\/presidentielle-2024-la-candidature-de-lancien-ige-birima-mangara-annoncee\/#primaryimage"},"image":{"@id":"https:\/\/www.public.sn\/index.php\/2023\/09\/12\/presidentielle-2024-la-candidature-de-lancien-ige-birima-mangara-annoncee\/#primaryimage"},"thumbnailUrl":"https:\/\/www.public.sn\/wp-content\/uploads\/2023\/09\/Birima-Mangara.jpg","datePublished":"2023-09-12T09:12:55+00:00","description":"Sur la longue liste de candidats \u00e0 la pr\u00e9sidentielle, il faudra d\u00e9sormais ajouter le nom de l\u2019inspecteur g\u00e9n\u00e9ral d\u2019Etat Birima Mangara. L\u2019ancien ministre du Budget n\u2019a pas encore officiellement annonc\u00e9 sa candidature mais ce n\u2019est plus qu\u2019une question de temps selon ses proches.","breadcrumb":{"@id":"https:\/\/www.public.sn\/index.php\/2023\/09\/12\/presidentielle-2024-la-candidature-de-lancien-ige-birima-mangara-annoncee\/#breadcrumb"},"inLanguage":"fr-FR","potentialAction":[{"@type":"ReadAction","target":["https:\/\/www.public.sn\/index.php\/2023\/09\/12\/presidentielle-2024-la-candidature-de-lancien-ige-birima-mangara-annoncee\/"]}]},{"@type":"ImageObject","inLanguage":"fr-FR","@id":"https:\/\/www.public.sn\/index.php\/2023\/09\/12\/presidentielle-2024-la-candidature-de-lancien-ige-birima-mangara-annoncee\/#primaryimage","url":"https:\/\/www.public.sn\/wp-content\/uploads\/2023\/09\/Birima-Mangara.jpg","contentUrl":"https:\/\/www.public.sn\/wp-content\/uploads\/2023\/09\/Birima-Mangara.jpg","width":1280,"height":960},{"@type":"BreadcrumbList","@id":"https:\/\/www.public.sn\/index.php\/2023\/09\/12\/presidentielle-2024-la-candidature-de-lancien-ige-birima-mangara-annoncee\/#breadcrumb","itemListElement":[{"@type":"ListItem","position":1,"name":"Accueil","item":"https:\/\/www.public.sn\/"},{"@type":"ListItem","position":2,"name":"Pr\u00e9sidentielle 2024 : la candidature de l\u2019ancien Ige Birima Mangara annonc\u00e9e"}]},{"@type":"WebSite","@id":"https:\/\/www.public.sn\/#website","url":"https:\/\/www.public.sn\/","name":"LE PUBLIC","description":"","publisher":{"@id":"https:\/\/www.public.sn\/#organization"},"potentialAction":[{"@type":"SearchAction","target":{"@type":"EntryPoint","urlTemplate":"https:\/\/www.public.sn\/?s={search_term_string}"},"query-input":{"@type":"PropertyValueSpecification","valueRequired":true,"valueName":"search_term_string"}}],"inLanguage":"fr-FR"},{"@type":"Organization","@id":"https:\/\/www.public.sn\/#organization","name":"LE PUBLIC","url":"https:\/\/www.public.sn\/","logo":{"@type":"ImageObject","inLanguage":"fr-FR","@id":"https:\/\/www.public.sn\/#\/schema\/logo\/image\/","url":"https:\/\/www.public.sn\/wp-content\/uploads\/2024\/05\/cropped-LOGO-PUBLIC.SN_.png","contentUrl":"https:\/\/www.public.sn\/wp-content\/uploads\/2024\/05\/cropped-LOGO-PUBLIC.SN_.png","width":682,"height":192,"caption":"LE PUBLIC"},"image":{"@id":"https:\/\/www.public.sn\/#\/schema\/logo\/image\/"}},{"@type":"Person","@id":"https:\/\/www.public.sn\/#\/schema\/person\/e3f4a11b037d4203902db148f9bc8d5a","name":"LA REDACTION","image":{"@type":"ImageObject","inLanguage":"fr-FR","@id":"https:\/\/www.public.sn\/#\/schema\/person\/image\/","url":"https:\/\/secure.gravatar.com\/avatar\/d6c030db45db2883c075085c5d6c6258654a801a93766b49af0b82d4f454e2a5?s=96&d=mm&r=g","contentUrl":"https:\/\/secure.gravatar.com\/avatar\/d6c030db45db2883c075085c5d6c6258654a801a93766b49af0b82d4f454e2a5?s=96&d=mm&r=g","caption":"LA REDACTION"},"sameAs":["http:\/\/www.public.sn"],"url":"https:\/\/www.public.sn\/index.php\/author\/admin7324\/"}]}},"jetpack_featured_media_url":"https:\/\/www.public.sn\/wp-content\/uploads\/2023\/09\/Birima-Mangara.jpg","jetpack_sharing_enabled":true,"_links":{"self":[{"href":"https:\/\/www.public.sn\/index.php\/wp-json\/wp\/v2\/posts\/26967","targetHints":{"allow":["GET"]}}],"collection":[{"href":"https:\/\/www.public.sn\/index.php\/wp-json\/wp\/v2\/posts"}],"about":[{"href":"https:\/\/www.public.sn\/index.php\/wp-json\/wp\/v2\/types\/post"}],"author":[{"embeddable":true,"href":"https:\/\/www.public.sn\/index.php\/wp-json\/wp\/v2\/users\/1"}],"replies":[{"embeddable":true,"href":"https:\/\/www.public.sn\/index.php\/wp-json\/wp\/v2\/comments?post=26967"}],"version-history":[{"count":1,"href":"https:\/\/www.public.sn\/index.php\/wp-json\/wp\/v2\/posts\/26967\/revisions"}],"predecessor-version":[{"id":26969,"href":"https:\/\/www.public.sn\/index.php\/wp-json\/wp\/v2\/posts\/26967\/revisions\/26969"}],"wp:featuredmedia":[{"embeddable":true,"href":"https:\/\/www.public.sn\/index.php\/wp-json\/wp\/v2\/media\/26968"}],"wp:attachment":[{"href":"https:\/\/www.public.sn\/index.php\/wp-json\/wp\/v2\/media?parent=26967"}],"wp:term":[{"taxonomy":"category","embeddable":true,"href":"https:\/\/www.public.sn\/index.php\/wp-json\/wp\/v2\/categories?post=26967"},{"taxonomy":"post_tag","embeddable":true,"href":"https:\/\/www.public.sn\/index.php\/wp-json\/wp\/v2\/tags?post=26967"}],"curies":[{"name":"wp","href":"https:\/\/api.w.org\/{rel}","templated":true}]}}