{"id":27007,"date":"2023-09-15T09:16:09","date_gmt":"2023-09-15T09:16:09","guid":{"rendered":"https:\/\/www.public.sn\/?p=27007"},"modified":"2023-09-15T09:16:09","modified_gmt":"2023-09-15T09:16:09","slug":"justice-fadilou-keita-devant-le-juge-du-deuxieme-cabinet-ce-vendredi","status":"publish","type":"post","link":"https:\/\/www.public.sn\/index.php\/2023\/09\/15\/justice-fadilou-keita-devant-le-juge-du-deuxieme-cabinet-ce-vendredi\/","title":{"rendered":"Justice : Fadilou Keita devant le juge du deuxi\u00e8me cabinet ce vendredi"},"content":{"rendered":"<p><strong>Le\u00a0 coordonnateur du Nemmekou Tour de Pastef fera face au juge du 2e cabinet ce vendredi 15 septembre.<\/strong><\/p><div class=\"publi-paragraphe1\" style=\"margin-top: 10px;margin-bottom: 10px;margin-left: auto;margin-right: auto;text-align: center;\" id=\"publi-986620769\"><div class=\"publi-adlabel\">Publicit\u00e9<\/div><script async src=\"\/\/pagead2.googlesyndication.com\/pagead\/js\/adsbygoogle.js?client=ca-pub-4089586018074219\" crossorigin=\"anonymous\"><\/script><ins class=\"adsbygoogle\" style=\"display:block;\" data-ad-client=\"ca-pub-4089586018074219\" \ndata-ad-slot=\"2087940154\" \ndata-ad-format=\"auto\"><\/ins>\n<script> \n(adsbygoogle = window.adsbygoogle || []).push({}); \n<\/script>\n<\/div>\n<p>Fadilou Keita puisque c&rsquo;est de lui qu&rsquo;il s&rsquo;agit, a \u00e9t\u00e9 arr\u00eat\u00e9 au mois de d\u00e9cembre dernier sur ordre du procureur. Le fils de l\u2019ancienne pr\u00e9sidente de l\u2019Office national de lutte contre la corruption (Ofnac), Nafy Ngom Keita est poursuivi pour \u00ab diffusion de fausses nouvelles conform\u00e9ment aux articles 80 et 255\u2033 .<\/p>\n<p>Pour rappel, on lui reproche d\u2019avoir accus\u00e9 sans preuve \u00e0 travers une publication sur sa page Facebook, l\u2019Etat du S\u00e9n\u00e9gal. Ce, dans la disparition du gendarme Didier Badji et son ami, Sergent Fulbert Sambou dont le corps sans vie a \u00e9t\u00e9 rep\u00each\u00e9 pr\u00e8s des falaises du Cap manuel.<\/p>\n<div class=\"publi-apres-le-contenu\" style=\"margin-top: 10px;margin-bottom: 10px;margin-left: auto;margin-right: auto;text-align: center;\" id=\"publi-2260704346\"><div class=\"publi-adlabel\">Publicit\u00e9<\/div><script async src=\"\/\/pagead2.googlesyndication.com\/pagead\/js\/adsbygoogle.js?client=ca-pub-4089586018074219\" crossorigin=\"anonymous\"><\/script><ins class=\"adsbygoogle\" style=\"display:block;\" data-ad-client=\"ca-pub-4089586018074219\" \ndata-ad-slot=\"2087940154\" \ndata-ad-format=\"auto\"><\/ins>\n<script> \n(adsbygoogle = window.adsbygoogle || []).push({}); \n<\/script>\n<\/div>","protected":false},"excerpt":{"rendered":"<p>Le\u00a0 coordonnateur du Nemmekou Tour de Pastef fera face au juge du 2e cabinet ce vendredi 15 septembre. Fadilou Keita puisque c&rsquo;est de lui qu&rsquo;il s&rsquo;agit, a \u00e9t\u00e9 arr\u00eat\u00e9 au mois de d\u00e9cembre dernier sur ordre du procureur. Le fils de l\u2019ancienne pr\u00e9sidente de l\u2019Office national de lutte contre la corruption (Ofnac), Nafy Ngom Keita est poursuivi pour \u00ab diffusion de fausses nouvelles conform\u00e9ment aux articles 80 et 255\u2033 . Pour rappel, on lui reproche d\u2019avoir accus\u00e9 sans preuve \u00e0 travers une publication sur sa page Facebook, l\u2019Etat du S\u00e9n\u00e9gal. Ce, dans la disparition du gendarme Didier Badji et son ami, Sergent Fulbert Sambou dont le corps sans vie a \u00e9t\u00e9 rep\u00each\u00e9 pr\u00e8s des falaises du Cap manuel.<\/p>\n","protected":false},"author":1,"featured_media":17749,"comment_status":"open","ping_status":"open","sticky":false,"template":"","format":"standard","meta":{"_jetpack_memberships_contains_paid_content":false,"footnotes":""},"categories":[375,3,376,1,372],"tags":[4884,16,130],"class_list":["post-27007","post","type-post","status-publish","format-standard","has-post-thumbnail","hentry","category-actualites","category-politique","category-securite-justice","category-non-classe","category-vedette","tag-fadilou-keita","tag-ousmane-sonko","tag-prison","entry","has-media","owp-thumbs-layout-horizontal","owp-btn-normal","owp-tabs-layout-horizontal","has-no-thumbnails","has-product-nav"],"yoast_head":"<!-- This site is optimized with the Yoast SEO plugin v25.5 - https:\/\/yoast.com\/wordpress\/plugins\/seo\/ -->\n<title>Justice : Fadilou Keita devant le juge du deuxi\u00e8me cabinet ce vendredi - LE PUBLIC<\/title>\n<meta name=\"description\" content=\"Le\u00a0 coordonnateur du Nemmekou Tour de Pastef fera face au juge du 2e cabinet ce vendredi 15 septembre.\" \/>\n<meta name=\"robots\" content=\"index, follow, max-snippet:-1, max-image-preview:large, max-video-preview:-1\" \/>\n<link rel=\"canonical\" href=\"https:\/\/www.public.sn\/index.php\/2023\/09\/15\/justice-fadilou-keita-devant-le-juge-du-deuxieme-cabinet-ce-vendredi\/\" \/>\n<meta property=\"og:locale\" content=\"fr_FR\" \/>\n<meta property=\"og:type\" content=\"article\" \/>\n<meta property=\"og:title\" content=\"Justice : Fadilou Keita devant le juge du deuxi\u00e8me cabinet ce vendredi - LE PUBLIC\" \/>\n<meta property=\"og:description\" content=\"Le\u00a0 coordonnateur du Nemmekou Tour de Pastef fera face au juge du 2e cabinet ce vendredi 15 septembre.\" \/>\n<meta property=\"og:url\" content=\"https:\/\/www.public.sn\/index.php\/2023\/09\/15\/justice-fadilou-keita-devant-le-juge-du-deuxieme-cabinet-ce-vendredi\/\" \/>\n<meta property=\"og:site_name\" content=\"LE PUBLIC\" \/>\n<meta property=\"article:published_time\" content=\"2023-09-15T09:16:09+00:00\" \/>\n<meta property=\"og:image\" content=\"https:\/\/www.public.sn\/wp-content\/uploads\/2023\/03\/fadilou-keita-et-nitt-doff.png\" \/>\n\t<meta property=\"og:image:width\" content=\"1600\" \/>\n\t<meta property=\"og:image:height\" content=\"900\" \/>\n\t<meta property=\"og:image:type\" content=\"image\/png\" \/>\n<meta name=\"author\" content=\"LA REDACTION\" \/>\n<meta name=\"twitter:card\" content=\"summary_large_image\" \/>\n<meta name=\"twitter:label1\" content=\"\u00c9crit par\" \/>\n\t<meta name=\"twitter:data1\" content=\"LA REDACTION\" \/>\n\t<meta name=\"twitter:label2\" content=\"Dur\u00e9e de lecture estim\u00e9e\" \/>\n\t<meta name=\"twitter:data2\" content=\"1 minute\" \/>\n<script type=\"application\/ld+json\" class=\"yoast-schema-graph\">{\"@context\":\"https:\/\/schema.org\",\"@graph\":[{\"@type\":\"Article\",\"@id\":\"https:\/\/www.public.sn\/index.php\/2023\/09\/15\/justice-fadilou-keita-devant-le-juge-du-deuxieme-cabinet-ce-vendredi\/#article\",\"isPartOf\":{\"@id\":\"https:\/\/www.public.sn\/index.php\/2023\/09\/15\/justice-fadilou-keita-devant-le-juge-du-deuxieme-cabinet-ce-vendredi\/\"},\"author\":{\"name\":\"LA REDACTION\",\"@id\":\"https:\/\/www.public.sn\/#\/schema\/person\/e3f4a11b037d4203902db148f9bc8d5a\"},\"headline\":\"Justice : Fadilou Keita devant le juge du deuxi\u00e8me cabinet ce vendredi\",\"datePublished\":\"2023-09-15T09:16:09+00:00\",\"mainEntityOfPage\":{\"@id\":\"https:\/\/www.public.sn\/index.php\/2023\/09\/15\/justice-fadilou-keita-devant-le-juge-du-deuxieme-cabinet-ce-vendredi\/\"},\"wordCount\":136,\"commentCount\":0,\"publisher\":{\"@id\":\"https:\/\/www.public.sn\/#organization\"},\"image\":{\"@id\":\"https:\/\/www.public.sn\/index.php\/2023\/09\/15\/justice-fadilou-keita-devant-le-juge-du-deuxieme-cabinet-ce-vendredi\/#primaryimage\"},\"thumbnailUrl\":\"https:\/\/www.public.sn\/wp-content\/uploads\/2023\/03\/fadilou-keita-et-nitt-doff.png\",\"keywords\":[\"Fadilou Keita\",\"Ousmane Sonko\",\"Prison\"],\"articleSection\":[\"ACTUALIT\u00c9S\",\"POLITIQUE\",\"S\u00c9CURIT\u00c9 &amp; JUSTICE\",\"S\u00c9N\u00c9GAL\",\"VEDETTE\"],\"inLanguage\":\"fr-FR\",\"potentialAction\":[{\"@type\":\"CommentAction\",\"name\":\"Comment\",\"target\":[\"https:\/\/www.public.sn\/index.php\/2023\/09\/15\/justice-fadilou-keita-devant-le-juge-du-deuxieme-cabinet-ce-vendredi\/#respond\"]}]},{\"@type\":\"WebPage\",\"@id\":\"https:\/\/www.public.sn\/index.php\/2023\/09\/15\/justice-fadilou-keita-devant-le-juge-du-deuxieme-cabinet-ce-vendredi\/\",\"url\":\"https:\/\/www.public.sn\/index.php\/2023\/09\/15\/justice-fadilou-keita-devant-le-juge-du-deuxieme-cabinet-ce-vendredi\/\",\"name\":\"Justice : Fadilou Keita devant le juge du deuxi\u00e8me cabinet ce vendredi - LE PUBLIC\",\"isPartOf\":{\"@id\":\"https:\/\/www.public.sn\/#website\"},\"primaryImageOfPage\":{\"@id\":\"https:\/\/www.public.sn\/index.php\/2023\/09\/15\/justice-fadilou-keita-devant-le-juge-du-deuxieme-cabinet-ce-vendredi\/#primaryimage\"},\"image\":{\"@id\":\"https:\/\/www.public.sn\/index.php\/2023\/09\/15\/justice-fadilou-keita-devant-le-juge-du-deuxieme-cabinet-ce-vendredi\/#primaryimage\"},\"thumbnailUrl\":\"https:\/\/www.public.sn\/wp-content\/uploads\/2023\/03\/fadilou-keita-et-nitt-doff.png\",\"datePublished\":\"2023-09-15T09:16:09+00:00\",\"description\":\"Le\u00a0 coordonnateur du Nemmekou Tour de Pastef fera face au juge du 2e cabinet ce vendredi 15 septembre.\",\"breadcrumb\":{\"@id\":\"https:\/\/www.public.sn\/index.php\/2023\/09\/15\/justice-fadilou-keita-devant-le-juge-du-deuxieme-cabinet-ce-vendredi\/#breadcrumb\"},\"inLanguage\":\"fr-FR\",\"potentialAction\":[{\"@type\":\"ReadAction\",\"target\":[\"https:\/\/www.public.sn\/index.php\/2023\/09\/15\/justice-fadilou-keita-devant-le-juge-du-deuxieme-cabinet-ce-vendredi\/\"]}]},{\"@type\":\"ImageObject\",\"inLanguage\":\"fr-FR\",\"@id\":\"https:\/\/www.public.sn\/index.php\/2023\/09\/15\/justice-fadilou-keita-devant-le-juge-du-deuxieme-cabinet-ce-vendredi\/#primaryimage\",\"url\":\"https:\/\/www.public.sn\/wp-content\/uploads\/2023\/03\/fadilou-keita-et-nitt-doff.png\",\"contentUrl\":\"https:\/\/www.public.sn\/wp-content\/uploads\/2023\/03\/fadilou-keita-et-nitt-doff.png\",\"width\":1600,\"height\":900},{\"@type\":\"BreadcrumbList\",\"@id\":\"https:\/\/www.public.sn\/index.php\/2023\/09\/15\/justice-fadilou-keita-devant-le-juge-du-deuxieme-cabinet-ce-vendredi\/#breadcrumb\",\"itemListElement\":[{\"@type\":\"ListItem\",\"position\":1,\"name\":\"Accueil\",\"item\":\"https:\/\/www.public.sn\/\"},{\"@type\":\"ListItem\",\"position\":2,\"name\":\"Justice : Fadilou Keita devant le juge du deuxi\u00e8me cabinet ce vendredi\"}]},{\"@type\":\"WebSite\",\"@id\":\"https:\/\/www.public.sn\/#website\",\"url\":\"https:\/\/www.public.sn\/\",\"name\":\"LE PUBLIC\",\"description\":\"\",\"publisher\":{\"@id\":\"https:\/\/www.public.sn\/#organization\"},\"potentialAction\":[{\"@type\":\"SearchAction\",\"target\":{\"@type\":\"EntryPoint\",\"urlTemplate\":\"https:\/\/www.public.sn\/?s={search_term_string}\"},\"query-input\":{\"@type\":\"PropertyValueSpecification\",\"valueRequired\":true,\"valueName\":\"search_term_string\"}}],\"inLanguage\":\"fr-FR\"},{\"@type\":\"Organization\",\"@id\":\"https:\/\/www.public.sn\/#organization\",\"name\":\"LE PUBLIC\",\"url\":\"https:\/\/www.public.sn\/\",\"logo\":{\"@type\":\"ImageObject\",\"inLanguage\":\"fr-FR\",\"@id\":\"https:\/\/www.public.sn\/#\/schema\/logo\/image\/\",\"url\":\"https:\/\/www.public.sn\/wp-content\/uploads\/2024\/05\/cropped-LOGO-PUBLIC.SN_.png\",\"contentUrl\":\"https:\/\/www.public.sn\/wp-content\/uploads\/2024\/05\/cropped-LOGO-PUBLIC.SN_.png\",\"width\":682,\"height\":192,\"caption\":\"LE PUBLIC\"},\"image\":{\"@id\":\"https:\/\/www.public.sn\/#\/schema\/logo\/image\/\"}},{\"@type\":\"Person\",\"@id\":\"https:\/\/www.public.sn\/#\/schema\/person\/e3f4a11b037d4203902db148f9bc8d5a\",\"name\":\"LA REDACTION\",\"image\":{\"@type\":\"ImageObject\",\"inLanguage\":\"fr-FR\",\"@id\":\"https:\/\/www.public.sn\/#\/schema\/person\/image\/\",\"url\":\"https:\/\/secure.gravatar.com\/avatar\/d6c030db45db2883c075085c5d6c6258654a801a93766b49af0b82d4f454e2a5?s=96&d=mm&r=g\",\"contentUrl\":\"https:\/\/secure.gravatar.com\/avatar\/d6c030db45db2883c075085c5d6c6258654a801a93766b49af0b82d4f454e2a5?s=96&d=mm&r=g\",\"caption\":\"LA REDACTION\"},\"sameAs\":[\"http:\/\/www.public.sn\"],\"url\":\"https:\/\/www.public.sn\/index.php\/author\/admin7324\/\"}]}<\/script>\n<!-- \/ Yoast SEO plugin. -->","yoast_head_json":{"title":"Justice : Fadilou Keita devant le juge du deuxi\u00e8me cabinet ce vendredi - LE PUBLIC","description":"Le\u00a0 coordonnateur du Nemmekou Tour de Pastef fera face au juge du 2e cabinet ce vendredi 15 septembre.","robots":{"index":"index","follow":"follow","max-snippet":"max-snippet:-1","max-image-preview":"max-image-preview:large","max-video-preview":"max-video-preview:-1"},"canonical":"https:\/\/www.public.sn\/index.php\/2023\/09\/15\/justice-fadilou-keita-devant-le-juge-du-deuxieme-cabinet-ce-vendredi\/","og_locale":"fr_FR","og_type":"article","og_title":"Justice : Fadilou Keita devant le juge du deuxi\u00e8me cabinet ce vendredi - LE PUBLIC","og_description":"Le\u00a0 coordonnateur du Nemmekou Tour de Pastef fera face au juge du 2e cabinet ce vendredi 15 septembre.","og_url":"https:\/\/www.public.sn\/index.php\/2023\/09\/15\/justice-fadilou-keita-devant-le-juge-du-deuxieme-cabinet-ce-vendredi\/","og_site_name":"LE PUBLIC","article_published_time":"2023-09-15T09:16:09+00:00","og_image":[{"width":1600,"height":900,"url":"https:\/\/www.public.sn\/wp-content\/uploads\/2023\/03\/fadilou-keita-et-nitt-doff.png","type":"image\/png"}],"author":"LA REDACTION","twitter_card":"summary_large_image","twitter_misc":{"\u00c9crit par":"LA REDACTION","Dur\u00e9e de lecture estim\u00e9e":"1 minute"},"schema":{"@context":"https:\/\/schema.org","@graph":[{"@type":"Article","@id":"https:\/\/www.public.sn\/index.php\/2023\/09\/15\/justice-fadilou-keita-devant-le-juge-du-deuxieme-cabinet-ce-vendredi\/#article","isPartOf":{"@id":"https:\/\/www.public.sn\/index.php\/2023\/09\/15\/justice-fadilou-keita-devant-le-juge-du-deuxieme-cabinet-ce-vendredi\/"},"author":{"name":"LA REDACTION","@id":"https:\/\/www.public.sn\/#\/schema\/person\/e3f4a11b037d4203902db148f9bc8d5a"},"headline":"Justice : Fadilou Keita devant le juge du deuxi\u00e8me cabinet ce vendredi","datePublished":"2023-09-15T09:16:09+00:00","mainEntityOfPage":{"@id":"https:\/\/www.public.sn\/index.php\/2023\/09\/15\/justice-fadilou-keita-devant-le-juge-du-deuxieme-cabinet-ce-vendredi\/"},"wordCount":136,"commentCount":0,"publisher":{"@id":"https:\/\/www.public.sn\/#organization"},"image":{"@id":"https:\/\/www.public.sn\/index.php\/2023\/09\/15\/justice-fadilou-keita-devant-le-juge-du-deuxieme-cabinet-ce-vendredi\/#primaryimage"},"thumbnailUrl":"https:\/\/www.public.sn\/wp-content\/uploads\/2023\/03\/fadilou-keita-et-nitt-doff.png","keywords":["Fadilou Keita","Ousmane Sonko","Prison"],"articleSection":["ACTUALIT\u00c9S","POLITIQUE","S\u00c9CURIT\u00c9 &amp; JUSTICE","S\u00c9N\u00c9GAL","VEDETTE"],"inLanguage":"fr-FR","potentialAction":[{"@type":"CommentAction","name":"Comment","target":["https:\/\/www.public.sn\/index.php\/2023\/09\/15\/justice-fadilou-keita-devant-le-juge-du-deuxieme-cabinet-ce-vendredi\/#respond"]}]},{"@type":"WebPage","@id":"https:\/\/www.public.sn\/index.php\/2023\/09\/15\/justice-fadilou-keita-devant-le-juge-du-deuxieme-cabinet-ce-vendredi\/","url":"https:\/\/www.public.sn\/index.php\/2023\/09\/15\/justice-fadilou-keita-devant-le-juge-du-deuxieme-cabinet-ce-vendredi\/","name":"Justice : Fadilou Keita devant le juge du deuxi\u00e8me cabinet ce vendredi - LE PUBLIC","isPartOf":{"@id":"https:\/\/www.public.sn\/#website"},"primaryImageOfPage":{"@id":"https:\/\/www.public.sn\/index.php\/2023\/09\/15\/justice-fadilou-keita-devant-le-juge-du-deuxieme-cabinet-ce-vendredi\/#primaryimage"},"image":{"@id":"https:\/\/www.public.sn\/index.php\/2023\/09\/15\/justice-fadilou-keita-devant-le-juge-du-deuxieme-cabinet-ce-vendredi\/#primaryimage"},"thumbnailUrl":"https:\/\/www.public.sn\/wp-content\/uploads\/2023\/03\/fadilou-keita-et-nitt-doff.png","datePublished":"2023-09-15T09:16:09+00:00","description":"Le\u00a0 coordonnateur du Nemmekou Tour de Pastef fera face au juge du 2e cabinet ce vendredi 15 septembre.","breadcrumb":{"@id":"https:\/\/www.public.sn\/index.php\/2023\/09\/15\/justice-fadilou-keita-devant-le-juge-du-deuxieme-cabinet-ce-vendredi\/#breadcrumb"},"inLanguage":"fr-FR","potentialAction":[{"@type":"ReadAction","target":["https:\/\/www.public.sn\/index.php\/2023\/09\/15\/justice-fadilou-keita-devant-le-juge-du-deuxieme-cabinet-ce-vendredi\/"]}]},{"@type":"ImageObject","inLanguage":"fr-FR","@id":"https:\/\/www.public.sn\/index.php\/2023\/09\/15\/justice-fadilou-keita-devant-le-juge-du-deuxieme-cabinet-ce-vendredi\/#primaryimage","url":"https:\/\/www.public.sn\/wp-content\/uploads\/2023\/03\/fadilou-keita-et-nitt-doff.png","contentUrl":"https:\/\/www.public.sn\/wp-content\/uploads\/2023\/03\/fadilou-keita-et-nitt-doff.png","width":1600,"height":900},{"@type":"BreadcrumbList","@id":"https:\/\/www.public.sn\/index.php\/2023\/09\/15\/justice-fadilou-keita-devant-le-juge-du-deuxieme-cabinet-ce-vendredi\/#breadcrumb","itemListElement":[{"@type":"ListItem","position":1,"name":"Accueil","item":"https:\/\/www.public.sn\/"},{"@type":"ListItem","position":2,"name":"Justice : Fadilou Keita devant le juge du deuxi\u00e8me cabinet ce vendredi"}]},{"@type":"WebSite","@id":"https:\/\/www.public.sn\/#website","url":"https:\/\/www.public.sn\/","name":"LE PUBLIC","description":"","publisher":{"@id":"https:\/\/www.public.sn\/#organization"},"potentialAction":[{"@type":"SearchAction","target":{"@type":"EntryPoint","urlTemplate":"https:\/\/www.public.sn\/?s={search_term_string}"},"query-input":{"@type":"PropertyValueSpecification","valueRequired":true,"valueName":"search_term_string"}}],"inLanguage":"fr-FR"},{"@type":"Organization","@id":"https:\/\/www.public.sn\/#organization","name":"LE PUBLIC","url":"https:\/\/www.public.sn\/","logo":{"@type":"ImageObject","inLanguage":"fr-FR","@id":"https:\/\/www.public.sn\/#\/schema\/logo\/image\/","url":"https:\/\/www.public.sn\/wp-content\/uploads\/2024\/05\/cropped-LOGO-PUBLIC.SN_.png","contentUrl":"https:\/\/www.public.sn\/wp-content\/uploads\/2024\/05\/cropped-LOGO-PUBLIC.SN_.png","width":682,"height":192,"caption":"LE PUBLIC"},"image":{"@id":"https:\/\/www.public.sn\/#\/schema\/logo\/image\/"}},{"@type":"Person","@id":"https:\/\/www.public.sn\/#\/schema\/person\/e3f4a11b037d4203902db148f9bc8d5a","name":"LA REDACTION","image":{"@type":"ImageObject","inLanguage":"fr-FR","@id":"https:\/\/www.public.sn\/#\/schema\/person\/image\/","url":"https:\/\/secure.gravatar.com\/avatar\/d6c030db45db2883c075085c5d6c6258654a801a93766b49af0b82d4f454e2a5?s=96&d=mm&r=g","contentUrl":"https:\/\/secure.gravatar.com\/avatar\/d6c030db45db2883c075085c5d6c6258654a801a93766b49af0b82d4f454e2a5?s=96&d=mm&r=g","caption":"LA REDACTION"},"sameAs":["http:\/\/www.public.sn"],"url":"https:\/\/www.public.sn\/index.php\/author\/admin7324\/"}]}},"jetpack_featured_media_url":"https:\/\/www.public.sn\/wp-content\/uploads\/2023\/03\/fadilou-keita-et-nitt-doff.png","jetpack_sharing_enabled":true,"_links":{"self":[{"href":"https:\/\/www.public.sn\/index.php\/wp-json\/wp\/v2\/posts\/27007","targetHints":{"allow":["GET"]}}],"collection":[{"href":"https:\/\/www.public.sn\/index.php\/wp-json\/wp\/v2\/posts"}],"about":[{"href":"https:\/\/www.public.sn\/index.php\/wp-json\/wp\/v2\/types\/post"}],"author":[{"embeddable":true,"href":"https:\/\/www.public.sn\/index.php\/wp-json\/wp\/v2\/users\/1"}],"replies":[{"embeddable":true,"href":"https:\/\/www.public.sn\/index.php\/wp-json\/wp\/v2\/comments?post=27007"}],"version-history":[{"count":1,"href":"https:\/\/www.public.sn\/index.php\/wp-json\/wp\/v2\/posts\/27007\/revisions"}],"predecessor-version":[{"id":27008,"href":"https:\/\/www.public.sn\/index.php\/wp-json\/wp\/v2\/posts\/27007\/revisions\/27008"}],"wp:featuredmedia":[{"embeddable":true,"href":"https:\/\/www.public.sn\/index.php\/wp-json\/wp\/v2\/media\/17749"}],"wp:attachment":[{"href":"https:\/\/www.public.sn\/index.php\/wp-json\/wp\/v2\/media?parent=27007"}],"wp:term":[{"taxonomy":"category","embeddable":true,"href":"https:\/\/www.public.sn\/index.php\/wp-json\/wp\/v2\/categories?post=27007"},{"taxonomy":"post_tag","embeddable":true,"href":"https:\/\/www.public.sn\/index.php\/wp-json\/wp\/v2\/tags?post=27007"}],"curies":[{"name":"wp","href":"https:\/\/api.w.org\/{rel}","templated":true}]}}