{"id":2711,"date":"2022-09-23T17:22:42","date_gmt":"2022-09-23T17:22:42","guid":{"rendered":"https:\/\/www.public.sn\/?p=2711"},"modified":"2022-09-23T17:22:43","modified_gmt":"2022-09-23T17:22:43","slug":"guy-marius-sagna-lambassade-de-france-au-senegal-vole-les-africains-humilie-les-africainsjy-serai-ce-lundi","status":"publish","type":"post","link":"https:\/\/www.public.sn\/index.php\/2022\/09\/23\/guy-marius-sagna-lambassade-de-france-au-senegal-vole-les-africains-humilie-les-africainsjy-serai-ce-lundi\/","title":{"rendered":"Guy Marius Sagna: \u201cL\u2019ambassade de France au S\u00e9n\u00e9gal vole les africains, humilie les africains\u2026J\u2019y serai ce lundi\u201d."},"content":{"rendered":"\n<p>Le d\u00e9put\u00e9 Guy Marius Sagna va se rendre lundi \u00e0 l\u2019ambassade de la France au S\u00e9n\u00e9gal. Ce, pour d\u00e9poser une lettre de protestation avec les victimes de ce qu\u2019il appelle de la \u201cmafia des visas\u201d.<\/p><div class=\"publi-paragraphe1\" style=\"margin-top: 10px;margin-bottom: 10px;margin-left: auto;margin-right: auto;text-align: center;\" id=\"publi-2475068253\"><div class=\"publi-adlabel\">Publicit\u00e9<\/div><script async src=\"\/\/pagead2.googlesyndication.com\/pagead\/js\/adsbygoogle.js?client=ca-pub-4089586018074219\" crossorigin=\"anonymous\"><\/script><ins class=\"adsbygoogle\" style=\"display:block;\" data-ad-client=\"ca-pub-4089586018074219\" \ndata-ad-slot=\"2087940154\" \ndata-ad-format=\"auto\"><\/ins>\n<script> \n(adsbygoogle = window.adsbygoogle || []).push({}); \n<\/script>\n<\/div>\n\n\n\n<p>\u201c<em>Ce lundi 26 septembre 2022, le d\u00e9put\u00e9 que je suis ira d\u00e9poser avec des victimes de la mafia des visas de l\u2019ambassade de France, et d\u2019autres s\u00e9n\u00e9galais une lettre de protestation \u00e0 l\u2019ambassade de France au S\u00e9n\u00e9gal et au minist\u00e8re \u00e9tranger aux affaires<\/em>\u201d, a indiqu\u00e9 le parlementaire dans une note rendue publique.\u00a0<\/p>\n\n\n\n<p>Guy Marius reproche \u00e0 la France la \u201cmafia des visas\u201d. Il soutient que \u201c<em>l\u2019ambassade de France au S\u00e9n\u00e9gal, vole les africains, humilie les africains, confisque pendant des mois les passeports des africains, finance des projets au S\u00e9n\u00e9gal avec l\u2019argent vol\u00e9 aux africains demandeurs de visa. Et tout cela avec la complicit\u00e9 du gouvernement du S\u00e9n\u00e9gal\u201d<\/em>,  regrette t-il.<\/p>\n<div class=\"publi-apres-le-contenu\" style=\"margin-top: 10px;margin-bottom: 10px;margin-left: auto;margin-right: auto;text-align: center;\" id=\"publi-3704666955\"><div class=\"publi-adlabel\">Publicit\u00e9<\/div><script async src=\"\/\/pagead2.googlesyndication.com\/pagead\/js\/adsbygoogle.js?client=ca-pub-4089586018074219\" crossorigin=\"anonymous\"><\/script><ins class=\"adsbygoogle\" style=\"display:block;\" data-ad-client=\"ca-pub-4089586018074219\" \ndata-ad-slot=\"2087940154\" \ndata-ad-format=\"auto\"><\/ins>\n<script> \n(adsbygoogle = window.adsbygoogle || []).push({}); \n<\/script>\n<\/div>","protected":false},"excerpt":{"rendered":"<p>Le d\u00e9put\u00e9 Guy Marius Sagna va se rendre lundi \u00e0 l\u2019ambassade de la France au S\u00e9n\u00e9gal. Ce, pour d\u00e9poser une lettre de protestation avec les victimes de ce qu\u2019il appelle de la \u201cmafia des visas\u201d. \u201cCe lundi 26 septembre 2022, le d\u00e9put\u00e9 que je suis ira d\u00e9poser avec des victimes de la mafia des visas de l\u2019ambassade de France, et d\u2019autres s\u00e9n\u00e9galais une lettre de protestation \u00e0 l\u2019ambassade de France au S\u00e9n\u00e9gal et au minist\u00e8re \u00e9tranger aux affaires\u201d, a indiqu\u00e9 le parlementaire dans une note rendue publique.\u00a0 Guy Marius reproche \u00e0 la France la \u201cmafia des visas\u201d. Il soutient que \u201cl\u2019ambassade de France au S\u00e9n\u00e9gal, vole les africains, humilie les africains, confisque pendant des mois les passeports des africains, finance des projets au S\u00e9n\u00e9gal avec l\u2019argent vol\u00e9 aux africains demandeurs de visa. Et tout cela avec la complicit\u00e9 du gouvernement du S\u00e9n\u00e9gal\u201d, regrette t-il.<\/p>\n","protected":false},"author":1,"featured_media":2712,"comment_status":"open","ping_status":"open","sticky":false,"template":"","format":"standard","meta":{"_jetpack_memberships_contains_paid_content":false,"footnotes":""},"categories":[550,4],"tags":[989,112,991,990],"class_list":["post-2711","post","type-post","status-publish","format-standard","has-post-thumbnail","hentry","category-afrique-monde","category-societe","tag-ambassade-france","tag-guy-marius-sagna","tag-protestation","tag-visa","entry","has-media","owp-thumbs-layout-horizontal","owp-btn-normal","owp-tabs-layout-horizontal","has-no-thumbnails","has-product-nav"],"yoast_head":"<!-- This site is optimized with the Yoast SEO plugin v25.5 - https:\/\/yoast.com\/wordpress\/plugins\/seo\/ -->\n<title>Guy Marius Sagna: \u201cL\u2019ambassade de France au S\u00e9n\u00e9gal vole les africains, humilie les africains\u2026J\u2019y serai ce lundi\u201d. - LE PUBLIC<\/title>\n<meta name=\"robots\" content=\"index, follow, max-snippet:-1, max-image-preview:large, max-video-preview:-1\" \/>\n<link rel=\"canonical\" href=\"https:\/\/www.public.sn\/index.php\/2022\/09\/23\/guy-marius-sagna-lambassade-de-france-au-senegal-vole-les-africains-humilie-les-africainsjy-serai-ce-lundi\/\" \/>\n<meta property=\"og:locale\" content=\"fr_FR\" \/>\n<meta property=\"og:type\" content=\"article\" \/>\n<meta property=\"og:title\" content=\"Guy Marius Sagna: \u201cL\u2019ambassade de France au S\u00e9n\u00e9gal vole les africains, humilie les africains\u2026J\u2019y serai ce lundi\u201d. - LE PUBLIC\" \/>\n<meta property=\"og:description\" content=\"Le d\u00e9put\u00e9 Guy Marius Sagna va se rendre lundi \u00e0 l\u2019ambassade de la France au S\u00e9n\u00e9gal. Ce, pour d\u00e9poser une lettre de protestation avec les victimes de ce qu\u2019il appelle de la \u201cmafia des visas\u201d. \u201cCe lundi 26 septembre 2022, le d\u00e9put\u00e9 que je suis ira d\u00e9poser avec des victimes de la mafia des visas de l\u2019ambassade de France, et d\u2019autres s\u00e9n\u00e9galais une lettre de protestation \u00e0 l\u2019ambassade de France au S\u00e9n\u00e9gal et au minist\u00e8re \u00e9tranger aux affaires\u201d, a indiqu\u00e9 le parlementaire dans une note rendue publique.\u00a0 Guy Marius reproche \u00e0 la France la \u201cmafia des visas\u201d. Il soutient que \u201cl\u2019ambassade de France au S\u00e9n\u00e9gal, vole les africains, humilie les africains, confisque pendant des mois les passeports des africains, finance des projets au S\u00e9n\u00e9gal avec l\u2019argent vol\u00e9 aux africains demandeurs de visa. Et tout cela avec la complicit\u00e9 du gouvernement du S\u00e9n\u00e9gal\u201d, regrette t-il.\" \/>\n<meta property=\"og:url\" content=\"https:\/\/www.public.sn\/index.php\/2022\/09\/23\/guy-marius-sagna-lambassade-de-france-au-senegal-vole-les-africains-humilie-les-africainsjy-serai-ce-lundi\/\" \/>\n<meta property=\"og:site_name\" content=\"LE PUBLIC\" \/>\n<meta property=\"article:published_time\" content=\"2022-09-23T17:22:42+00:00\" \/>\n<meta property=\"article:modified_time\" content=\"2022-09-23T17:22:43+00:00\" \/>\n<meta property=\"og:image\" content=\"https:\/\/www.public.sn\/wp-content\/uploads\/2022\/09\/9BDAF7D8-CE96-40E9-A6F2-10E41EAE7129.jpeg\" \/>\n\t<meta property=\"og:image:width\" content=\"1077\" \/>\n\t<meta property=\"og:image:height\" content=\"687\" \/>\n\t<meta property=\"og:image:type\" content=\"image\/jpeg\" \/>\n<meta name=\"author\" content=\"LA REDACTION\" \/>\n<meta name=\"twitter:card\" content=\"summary_large_image\" \/>\n<meta name=\"twitter:label1\" content=\"\u00c9crit par\" \/>\n\t<meta name=\"twitter:data1\" content=\"LA REDACTION\" \/>\n\t<meta name=\"twitter:label2\" content=\"Dur\u00e9e de lecture estim\u00e9e\" \/>\n\t<meta name=\"twitter:data2\" content=\"1 minute\" \/>\n<script type=\"application\/ld+json\" class=\"yoast-schema-graph\">{\"@context\":\"https:\/\/schema.org\",\"@graph\":[{\"@type\":\"Article\",\"@id\":\"https:\/\/www.public.sn\/index.php\/2022\/09\/23\/guy-marius-sagna-lambassade-de-france-au-senegal-vole-les-africains-humilie-les-africainsjy-serai-ce-lundi\/#article\",\"isPartOf\":{\"@id\":\"https:\/\/www.public.sn\/index.php\/2022\/09\/23\/guy-marius-sagna-lambassade-de-france-au-senegal-vole-les-africains-humilie-les-africainsjy-serai-ce-lundi\/\"},\"author\":{\"name\":\"LA REDACTION\",\"@id\":\"https:\/\/www.public.sn\/#\/schema\/person\/e3f4a11b037d4203902db148f9bc8d5a\"},\"headline\":\"Guy Marius Sagna: \u201cL\u2019ambassade de France au S\u00e9n\u00e9gal vole les africains, humilie les africains\u2026J\u2019y serai ce lundi\u201d.\",\"datePublished\":\"2022-09-23T17:22:42+00:00\",\"dateModified\":\"2022-09-23T17:22:43+00:00\",\"mainEntityOfPage\":{\"@id\":\"https:\/\/www.public.sn\/index.php\/2022\/09\/23\/guy-marius-sagna-lambassade-de-france-au-senegal-vole-les-africains-humilie-les-africainsjy-serai-ce-lundi\/\"},\"wordCount\":185,\"commentCount\":0,\"publisher\":{\"@id\":\"https:\/\/www.public.sn\/#organization\"},\"image\":{\"@id\":\"https:\/\/www.public.sn\/index.php\/2022\/09\/23\/guy-marius-sagna-lambassade-de-france-au-senegal-vole-les-africains-humilie-les-africainsjy-serai-ce-lundi\/#primaryimage\"},\"thumbnailUrl\":\"https:\/\/www.public.sn\/wp-content\/uploads\/2022\/09\/9BDAF7D8-CE96-40E9-A6F2-10E41EAE7129.jpeg\",\"keywords\":[\"Ambassade France\",\"Guy Marius Sagna\",\"Protestation\",\"Visa\"],\"articleSection\":[\"AFRIQUE &amp; MONDE\",\"SOCIETE\"],\"inLanguage\":\"fr-FR\",\"potentialAction\":[{\"@type\":\"CommentAction\",\"name\":\"Comment\",\"target\":[\"https:\/\/www.public.sn\/index.php\/2022\/09\/23\/guy-marius-sagna-lambassade-de-france-au-senegal-vole-les-africains-humilie-les-africainsjy-serai-ce-lundi\/#respond\"]}]},{\"@type\":\"WebPage\",\"@id\":\"https:\/\/www.public.sn\/index.php\/2022\/09\/23\/guy-marius-sagna-lambassade-de-france-au-senegal-vole-les-africains-humilie-les-africainsjy-serai-ce-lundi\/\",\"url\":\"https:\/\/www.public.sn\/index.php\/2022\/09\/23\/guy-marius-sagna-lambassade-de-france-au-senegal-vole-les-africains-humilie-les-africainsjy-serai-ce-lundi\/\",\"name\":\"Guy Marius Sagna: \u201cL\u2019ambassade de France au S\u00e9n\u00e9gal vole les africains, humilie les africains\u2026J\u2019y serai ce lundi\u201d. - LE PUBLIC\",\"isPartOf\":{\"@id\":\"https:\/\/www.public.sn\/#website\"},\"primaryImageOfPage\":{\"@id\":\"https:\/\/www.public.sn\/index.php\/2022\/09\/23\/guy-marius-sagna-lambassade-de-france-au-senegal-vole-les-africains-humilie-les-africainsjy-serai-ce-lundi\/#primaryimage\"},\"image\":{\"@id\":\"https:\/\/www.public.sn\/index.php\/2022\/09\/23\/guy-marius-sagna-lambassade-de-france-au-senegal-vole-les-africains-humilie-les-africainsjy-serai-ce-lundi\/#primaryimage\"},\"thumbnailUrl\":\"https:\/\/www.public.sn\/wp-content\/uploads\/2022\/09\/9BDAF7D8-CE96-40E9-A6F2-10E41EAE7129.jpeg\",\"datePublished\":\"2022-09-23T17:22:42+00:00\",\"dateModified\":\"2022-09-23T17:22:43+00:00\",\"breadcrumb\":{\"@id\":\"https:\/\/www.public.sn\/index.php\/2022\/09\/23\/guy-marius-sagna-lambassade-de-france-au-senegal-vole-les-africains-humilie-les-africainsjy-serai-ce-lundi\/#breadcrumb\"},\"inLanguage\":\"fr-FR\",\"potentialAction\":[{\"@type\":\"ReadAction\",\"target\":[\"https:\/\/www.public.sn\/index.php\/2022\/09\/23\/guy-marius-sagna-lambassade-de-france-au-senegal-vole-les-africains-humilie-les-africainsjy-serai-ce-lundi\/\"]}]},{\"@type\":\"ImageObject\",\"inLanguage\":\"fr-FR\",\"@id\":\"https:\/\/www.public.sn\/index.php\/2022\/09\/23\/guy-marius-sagna-lambassade-de-france-au-senegal-vole-les-africains-humilie-les-africainsjy-serai-ce-lundi\/#primaryimage\",\"url\":\"https:\/\/www.public.sn\/wp-content\/uploads\/2022\/09\/9BDAF7D8-CE96-40E9-A6F2-10E41EAE7129.jpeg\",\"contentUrl\":\"https:\/\/www.public.sn\/wp-content\/uploads\/2022\/09\/9BDAF7D8-CE96-40E9-A6F2-10E41EAE7129.jpeg\",\"width\":1077,\"height\":687},{\"@type\":\"BreadcrumbList\",\"@id\":\"https:\/\/www.public.sn\/index.php\/2022\/09\/23\/guy-marius-sagna-lambassade-de-france-au-senegal-vole-les-africains-humilie-les-africainsjy-serai-ce-lundi\/#breadcrumb\",\"itemListElement\":[{\"@type\":\"ListItem\",\"position\":1,\"name\":\"Accueil\",\"item\":\"https:\/\/www.public.sn\/\"},{\"@type\":\"ListItem\",\"position\":2,\"name\":\"Guy Marius Sagna: \u201cL\u2019ambassade de France au S\u00e9n\u00e9gal vole les africains, humilie les africains\u2026J\u2019y serai ce lundi\u201d.\"}]},{\"@type\":\"WebSite\",\"@id\":\"https:\/\/www.public.sn\/#website\",\"url\":\"https:\/\/www.public.sn\/\",\"name\":\"LE PUBLIC\",\"description\":\"\",\"publisher\":{\"@id\":\"https:\/\/www.public.sn\/#organization\"},\"potentialAction\":[{\"@type\":\"SearchAction\",\"target\":{\"@type\":\"EntryPoint\",\"urlTemplate\":\"https:\/\/www.public.sn\/?s={search_term_string}\"},\"query-input\":{\"@type\":\"PropertyValueSpecification\",\"valueRequired\":true,\"valueName\":\"search_term_string\"}}],\"inLanguage\":\"fr-FR\"},{\"@type\":\"Organization\",\"@id\":\"https:\/\/www.public.sn\/#organization\",\"name\":\"LE PUBLIC\",\"url\":\"https:\/\/www.public.sn\/\",\"logo\":{\"@type\":\"ImageObject\",\"inLanguage\":\"fr-FR\",\"@id\":\"https:\/\/www.public.sn\/#\/schema\/logo\/image\/\",\"url\":\"https:\/\/www.public.sn\/wp-content\/uploads\/2024\/05\/cropped-LOGO-PUBLIC.SN_.png\",\"contentUrl\":\"https:\/\/www.public.sn\/wp-content\/uploads\/2024\/05\/cropped-LOGO-PUBLIC.SN_.png\",\"width\":682,\"height\":192,\"caption\":\"LE PUBLIC\"},\"image\":{\"@id\":\"https:\/\/www.public.sn\/#\/schema\/logo\/image\/\"}},{\"@type\":\"Person\",\"@id\":\"https:\/\/www.public.sn\/#\/schema\/person\/e3f4a11b037d4203902db148f9bc8d5a\",\"name\":\"LA REDACTION\",\"image\":{\"@type\":\"ImageObject\",\"inLanguage\":\"fr-FR\",\"@id\":\"https:\/\/www.public.sn\/#\/schema\/person\/image\/\",\"url\":\"https:\/\/secure.gravatar.com\/avatar\/d6c030db45db2883c075085c5d6c6258654a801a93766b49af0b82d4f454e2a5?s=96&d=mm&r=g\",\"contentUrl\":\"https:\/\/secure.gravatar.com\/avatar\/d6c030db45db2883c075085c5d6c6258654a801a93766b49af0b82d4f454e2a5?s=96&d=mm&r=g\",\"caption\":\"LA REDACTION\"},\"sameAs\":[\"http:\/\/www.public.sn\"],\"url\":\"https:\/\/www.public.sn\/index.php\/author\/admin7324\/\"}]}<\/script>\n<!-- \/ Yoast SEO plugin. -->","yoast_head_json":{"title":"Guy Marius Sagna: \u201cL\u2019ambassade de France au S\u00e9n\u00e9gal vole les africains, humilie les africains\u2026J\u2019y serai ce lundi\u201d. - LE PUBLIC","robots":{"index":"index","follow":"follow","max-snippet":"max-snippet:-1","max-image-preview":"max-image-preview:large","max-video-preview":"max-video-preview:-1"},"canonical":"https:\/\/www.public.sn\/index.php\/2022\/09\/23\/guy-marius-sagna-lambassade-de-france-au-senegal-vole-les-africains-humilie-les-africainsjy-serai-ce-lundi\/","og_locale":"fr_FR","og_type":"article","og_title":"Guy Marius Sagna: \u201cL\u2019ambassade de France au S\u00e9n\u00e9gal vole les africains, humilie les africains\u2026J\u2019y serai ce lundi\u201d. - LE PUBLIC","og_description":"Le d\u00e9put\u00e9 Guy Marius Sagna va se rendre lundi \u00e0 l\u2019ambassade de la France au S\u00e9n\u00e9gal. Ce, pour d\u00e9poser une lettre de protestation avec les victimes de ce qu\u2019il appelle de la \u201cmafia des visas\u201d. \u201cCe lundi 26 septembre 2022, le d\u00e9put\u00e9 que je suis ira d\u00e9poser avec des victimes de la mafia des visas de l\u2019ambassade de France, et d\u2019autres s\u00e9n\u00e9galais une lettre de protestation \u00e0 l\u2019ambassade de France au S\u00e9n\u00e9gal et au minist\u00e8re \u00e9tranger aux affaires\u201d, a indiqu\u00e9 le parlementaire dans une note rendue publique.\u00a0 Guy Marius reproche \u00e0 la France la \u201cmafia des visas\u201d. Il soutient que \u201cl\u2019ambassade de France au S\u00e9n\u00e9gal, vole les africains, humilie les africains, confisque pendant des mois les passeports des africains, finance des projets au S\u00e9n\u00e9gal avec l\u2019argent vol\u00e9 aux africains demandeurs de visa. Et tout cela avec la complicit\u00e9 du gouvernement du S\u00e9n\u00e9gal\u201d, regrette t-il.","og_url":"https:\/\/www.public.sn\/index.php\/2022\/09\/23\/guy-marius-sagna-lambassade-de-france-au-senegal-vole-les-africains-humilie-les-africainsjy-serai-ce-lundi\/","og_site_name":"LE PUBLIC","article_published_time":"2022-09-23T17:22:42+00:00","article_modified_time":"2022-09-23T17:22:43+00:00","og_image":[{"width":1077,"height":687,"url":"https:\/\/www.public.sn\/wp-content\/uploads\/2022\/09\/9BDAF7D8-CE96-40E9-A6F2-10E41EAE7129.jpeg","type":"image\/jpeg"}],"author":"LA REDACTION","twitter_card":"summary_large_image","twitter_misc":{"\u00c9crit par":"LA REDACTION","Dur\u00e9e de lecture estim\u00e9e":"1 minute"},"schema":{"@context":"https:\/\/schema.org","@graph":[{"@type":"Article","@id":"https:\/\/www.public.sn\/index.php\/2022\/09\/23\/guy-marius-sagna-lambassade-de-france-au-senegal-vole-les-africains-humilie-les-africainsjy-serai-ce-lundi\/#article","isPartOf":{"@id":"https:\/\/www.public.sn\/index.php\/2022\/09\/23\/guy-marius-sagna-lambassade-de-france-au-senegal-vole-les-africains-humilie-les-africainsjy-serai-ce-lundi\/"},"author":{"name":"LA REDACTION","@id":"https:\/\/www.public.sn\/#\/schema\/person\/e3f4a11b037d4203902db148f9bc8d5a"},"headline":"Guy Marius Sagna: \u201cL\u2019ambassade de France au S\u00e9n\u00e9gal vole les africains, humilie les africains\u2026J\u2019y serai ce lundi\u201d.","datePublished":"2022-09-23T17:22:42+00:00","dateModified":"2022-09-23T17:22:43+00:00","mainEntityOfPage":{"@id":"https:\/\/www.public.sn\/index.php\/2022\/09\/23\/guy-marius-sagna-lambassade-de-france-au-senegal-vole-les-africains-humilie-les-africainsjy-serai-ce-lundi\/"},"wordCount":185,"commentCount":0,"publisher":{"@id":"https:\/\/www.public.sn\/#organization"},"image":{"@id":"https:\/\/www.public.sn\/index.php\/2022\/09\/23\/guy-marius-sagna-lambassade-de-france-au-senegal-vole-les-africains-humilie-les-africainsjy-serai-ce-lundi\/#primaryimage"},"thumbnailUrl":"https:\/\/www.public.sn\/wp-content\/uploads\/2022\/09\/9BDAF7D8-CE96-40E9-A6F2-10E41EAE7129.jpeg","keywords":["Ambassade France","Guy Marius Sagna","Protestation","Visa"],"articleSection":["AFRIQUE &amp; MONDE","SOCIETE"],"inLanguage":"fr-FR","potentialAction":[{"@type":"CommentAction","name":"Comment","target":["https:\/\/www.public.sn\/index.php\/2022\/09\/23\/guy-marius-sagna-lambassade-de-france-au-senegal-vole-les-africains-humilie-les-africainsjy-serai-ce-lundi\/#respond"]}]},{"@type":"WebPage","@id":"https:\/\/www.public.sn\/index.php\/2022\/09\/23\/guy-marius-sagna-lambassade-de-france-au-senegal-vole-les-africains-humilie-les-africainsjy-serai-ce-lundi\/","url":"https:\/\/www.public.sn\/index.php\/2022\/09\/23\/guy-marius-sagna-lambassade-de-france-au-senegal-vole-les-africains-humilie-les-africainsjy-serai-ce-lundi\/","name":"Guy Marius Sagna: \u201cL\u2019ambassade de France au S\u00e9n\u00e9gal vole les africains, humilie les africains\u2026J\u2019y serai ce lundi\u201d. - LE PUBLIC","isPartOf":{"@id":"https:\/\/www.public.sn\/#website"},"primaryImageOfPage":{"@id":"https:\/\/www.public.sn\/index.php\/2022\/09\/23\/guy-marius-sagna-lambassade-de-france-au-senegal-vole-les-africains-humilie-les-africainsjy-serai-ce-lundi\/#primaryimage"},"image":{"@id":"https:\/\/www.public.sn\/index.php\/2022\/09\/23\/guy-marius-sagna-lambassade-de-france-au-senegal-vole-les-africains-humilie-les-africainsjy-serai-ce-lundi\/#primaryimage"},"thumbnailUrl":"https:\/\/www.public.sn\/wp-content\/uploads\/2022\/09\/9BDAF7D8-CE96-40E9-A6F2-10E41EAE7129.jpeg","datePublished":"2022-09-23T17:22:42+00:00","dateModified":"2022-09-23T17:22:43+00:00","breadcrumb":{"@id":"https:\/\/www.public.sn\/index.php\/2022\/09\/23\/guy-marius-sagna-lambassade-de-france-au-senegal-vole-les-africains-humilie-les-africainsjy-serai-ce-lundi\/#breadcrumb"},"inLanguage":"fr-FR","potentialAction":[{"@type":"ReadAction","target":["https:\/\/www.public.sn\/index.php\/2022\/09\/23\/guy-marius-sagna-lambassade-de-france-au-senegal-vole-les-africains-humilie-les-africainsjy-serai-ce-lundi\/"]}]},{"@type":"ImageObject","inLanguage":"fr-FR","@id":"https:\/\/www.public.sn\/index.php\/2022\/09\/23\/guy-marius-sagna-lambassade-de-france-au-senegal-vole-les-africains-humilie-les-africainsjy-serai-ce-lundi\/#primaryimage","url":"https:\/\/www.public.sn\/wp-content\/uploads\/2022\/09\/9BDAF7D8-CE96-40E9-A6F2-10E41EAE7129.jpeg","contentUrl":"https:\/\/www.public.sn\/wp-content\/uploads\/2022\/09\/9BDAF7D8-CE96-40E9-A6F2-10E41EAE7129.jpeg","width":1077,"height":687},{"@type":"BreadcrumbList","@id":"https:\/\/www.public.sn\/index.php\/2022\/09\/23\/guy-marius-sagna-lambassade-de-france-au-senegal-vole-les-africains-humilie-les-africainsjy-serai-ce-lundi\/#breadcrumb","itemListElement":[{"@type":"ListItem","position":1,"name":"Accueil","item":"https:\/\/www.public.sn\/"},{"@type":"ListItem","position":2,"name":"Guy Marius Sagna: \u201cL\u2019ambassade de France au S\u00e9n\u00e9gal vole les africains, humilie les africains\u2026J\u2019y serai ce lundi\u201d."}]},{"@type":"WebSite","@id":"https:\/\/www.public.sn\/#website","url":"https:\/\/www.public.sn\/","name":"LE PUBLIC","description":"","publisher":{"@id":"https:\/\/www.public.sn\/#organization"},"potentialAction":[{"@type":"SearchAction","target":{"@type":"EntryPoint","urlTemplate":"https:\/\/www.public.sn\/?s={search_term_string}"},"query-input":{"@type":"PropertyValueSpecification","valueRequired":true,"valueName":"search_term_string"}}],"inLanguage":"fr-FR"},{"@type":"Organization","@id":"https:\/\/www.public.sn\/#organization","name":"LE PUBLIC","url":"https:\/\/www.public.sn\/","logo":{"@type":"ImageObject","inLanguage":"fr-FR","@id":"https:\/\/www.public.sn\/#\/schema\/logo\/image\/","url":"https:\/\/www.public.sn\/wp-content\/uploads\/2024\/05\/cropped-LOGO-PUBLIC.SN_.png","contentUrl":"https:\/\/www.public.sn\/wp-content\/uploads\/2024\/05\/cropped-LOGO-PUBLIC.SN_.png","width":682,"height":192,"caption":"LE PUBLIC"},"image":{"@id":"https:\/\/www.public.sn\/#\/schema\/logo\/image\/"}},{"@type":"Person","@id":"https:\/\/www.public.sn\/#\/schema\/person\/e3f4a11b037d4203902db148f9bc8d5a","name":"LA REDACTION","image":{"@type":"ImageObject","inLanguage":"fr-FR","@id":"https:\/\/www.public.sn\/#\/schema\/person\/image\/","url":"https:\/\/secure.gravatar.com\/avatar\/d6c030db45db2883c075085c5d6c6258654a801a93766b49af0b82d4f454e2a5?s=96&d=mm&r=g","contentUrl":"https:\/\/secure.gravatar.com\/avatar\/d6c030db45db2883c075085c5d6c6258654a801a93766b49af0b82d4f454e2a5?s=96&d=mm&r=g","caption":"LA REDACTION"},"sameAs":["http:\/\/www.public.sn"],"url":"https:\/\/www.public.sn\/index.php\/author\/admin7324\/"}]}},"jetpack_featured_media_url":"https:\/\/www.public.sn\/wp-content\/uploads\/2022\/09\/9BDAF7D8-CE96-40E9-A6F2-10E41EAE7129.jpeg","jetpack_sharing_enabled":true,"_links":{"self":[{"href":"https:\/\/www.public.sn\/index.php\/wp-json\/wp\/v2\/posts\/2711","targetHints":{"allow":["GET"]}}],"collection":[{"href":"https:\/\/www.public.sn\/index.php\/wp-json\/wp\/v2\/posts"}],"about":[{"href":"https:\/\/www.public.sn\/index.php\/wp-json\/wp\/v2\/types\/post"}],"author":[{"embeddable":true,"href":"https:\/\/www.public.sn\/index.php\/wp-json\/wp\/v2\/users\/1"}],"replies":[{"embeddable":true,"href":"https:\/\/www.public.sn\/index.php\/wp-json\/wp\/v2\/comments?post=2711"}],"version-history":[{"count":1,"href":"https:\/\/www.public.sn\/index.php\/wp-json\/wp\/v2\/posts\/2711\/revisions"}],"predecessor-version":[{"id":2713,"href":"https:\/\/www.public.sn\/index.php\/wp-json\/wp\/v2\/posts\/2711\/revisions\/2713"}],"wp:featuredmedia":[{"embeddable":true,"href":"https:\/\/www.public.sn\/index.php\/wp-json\/wp\/v2\/media\/2712"}],"wp:attachment":[{"href":"https:\/\/www.public.sn\/index.php\/wp-json\/wp\/v2\/media?parent=2711"}],"wp:term":[{"taxonomy":"category","embeddable":true,"href":"https:\/\/www.public.sn\/index.php\/wp-json\/wp\/v2\/categories?post=2711"},{"taxonomy":"post_tag","embeddable":true,"href":"https:\/\/www.public.sn\/index.php\/wp-json\/wp\/v2\/tags?post=2711"}],"curies":[{"name":"wp","href":"https:\/\/api.w.org\/{rel}","templated":true}]}}