{"id":2714,"date":"2022-09-24T09:55:39","date_gmt":"2022-09-24T09:55:39","guid":{"rendered":"https:\/\/www.public.sn\/?p=2714"},"modified":"2022-09-24T09:57:48","modified_gmt":"2022-09-24T09:57:48","slug":"le-chef-de-letat-macky-sall-se-rendra-au-mali-pour-une-mission-de-la-cedeao","status":"publish","type":"post","link":"https:\/\/www.public.sn\/index.php\/2022\/09\/24\/le-chef-de-letat-macky-sall-se-rendra-au-mali-pour-une-mission-de-la-cedeao\/","title":{"rendered":"Macky Sall au Mali pour une mission de la Cedeao"},"content":{"rendered":"\n<p> La CEDEAO enverra au Mali une mission de haut niveau en vue de demander la lib\u00e9ration des soldats ivoiriens d\u00e9tenus.<br>Trois chefs d\u2019\u00c9tat dont le Pr\u00e9sident Macky Sall, sont annonc\u00e9s \u00e0 Bamako mardi prochain. La Guin\u00e9e fait \u00e9galement l\u2019objet de sanctions progressives.<\/p><div class=\"publi-paragraphe1\" style=\"margin-top: 10px;margin-bottom: 10px;margin-left: auto;margin-right: auto;text-align: center;\" id=\"publi-2004887924\"><div class=\"publi-adlabel\">Publicit\u00e9<\/div><script async src=\"\/\/pagead2.googlesyndication.com\/pagead\/js\/adsbygoogle.js?client=ca-pub-4089586018074219\" crossorigin=\"anonymous\"><\/script><ins class=\"adsbygoogle\" style=\"display:block;\" data-ad-client=\"ca-pub-4089586018074219\" \ndata-ad-slot=\"2087940154\" \ndata-ad-format=\"auto\"><\/ins>\n<script> \n(adsbygoogle = window.adsbygoogle || []).push({}); \n<\/script>\n<\/div>\n<div class=\"publi-apres-le-contenu\" style=\"margin-top: 10px;margin-bottom: 10px;margin-left: auto;margin-right: auto;text-align: center;\" id=\"publi-3135727967\"><div class=\"publi-adlabel\">Publicit\u00e9<\/div><script async src=\"\/\/pagead2.googlesyndication.com\/pagead\/js\/adsbygoogle.js?client=ca-pub-4089586018074219\" crossorigin=\"anonymous\"><\/script><ins class=\"adsbygoogle\" style=\"display:block;\" data-ad-client=\"ca-pub-4089586018074219\" \ndata-ad-slot=\"2087940154\" \ndata-ad-format=\"auto\"><\/ins>\n<script> \n(adsbygoogle = window.adsbygoogle || []).push({}); \n<\/script>\n<\/div>","protected":false},"excerpt":{"rendered":"<p>La CEDEAO enverra au Mali une mission de haut niveau en vue de demander la lib\u00e9ration des soldats ivoiriens d\u00e9tenus.Trois chefs d\u2019\u00c9tat dont le Pr\u00e9sident Macky Sall, sont annonc\u00e9s \u00e0 Bamako mardi prochain. La Guin\u00e9e fait \u00e9galement l\u2019objet de sanctions progressives.<\/p>\n","protected":false},"author":1,"featured_media":572,"comment_status":"open","ping_status":"open","sticky":false,"template":"","format":"standard","meta":{"_jetpack_memberships_contains_paid_content":false,"footnotes":""},"categories":[550,3,376,1],"tags":[291,11,45],"class_list":["post-2714","post","type-post","status-publish","format-standard","has-post-thumbnail","hentry","category-afrique-monde","category-politique","category-securite-justice","category-non-classe","tag-cedeao","tag-macky-sall","tag-mali","entry","has-media","owp-thumbs-layout-horizontal","owp-btn-normal","owp-tabs-layout-horizontal","has-no-thumbnails","has-product-nav"],"yoast_head":"<!-- This site is optimized with the Yoast SEO plugin v25.5 - https:\/\/yoast.com\/wordpress\/plugins\/seo\/ -->\n<title>Macky Sall au Mali pour une mission de la Cedeao - LE PUBLIC<\/title>\n<meta name=\"robots\" content=\"index, follow, max-snippet:-1, max-image-preview:large, max-video-preview:-1\" \/>\n<link rel=\"canonical\" href=\"https:\/\/www.public.sn\/index.php\/2022\/09\/24\/le-chef-de-letat-macky-sall-se-rendra-au-mali-pour-une-mission-de-la-cedeao\/\" \/>\n<meta property=\"og:locale\" content=\"fr_FR\" \/>\n<meta property=\"og:type\" content=\"article\" \/>\n<meta property=\"og:title\" content=\"Macky Sall au Mali pour une mission de la Cedeao - LE PUBLIC\" \/>\n<meta property=\"og:description\" content=\"La CEDEAO enverra au Mali une mission de haut niveau en vue de demander la lib\u00e9ration des soldats ivoiriens d\u00e9tenus.Trois chefs d\u2019\u00c9tat dont le Pr\u00e9sident Macky Sall, sont annonc\u00e9s \u00e0 Bamako mardi prochain. La Guin\u00e9e fait \u00e9galement l\u2019objet de sanctions progressives.\" \/>\n<meta property=\"og:url\" content=\"https:\/\/www.public.sn\/index.php\/2022\/09\/24\/le-chef-de-letat-macky-sall-se-rendra-au-mali-pour-une-mission-de-la-cedeao\/\" \/>\n<meta property=\"og:site_name\" content=\"LE PUBLIC\" \/>\n<meta property=\"article:published_time\" content=\"2022-09-24T09:55:39+00:00\" \/>\n<meta property=\"article:modified_time\" content=\"2022-09-24T09:57:48+00:00\" \/>\n<meta property=\"og:image\" content=\"https:\/\/www.public.sn\/wp-content\/uploads\/2022\/08\/MACKY-SALL-2.jpeg\" \/>\n\t<meta property=\"og:image:width\" content=\"650\" \/>\n\t<meta property=\"og:image:height\" content=\"433\" \/>\n\t<meta property=\"og:image:type\" content=\"image\/jpeg\" \/>\n<meta name=\"author\" content=\"LA REDACTION\" \/>\n<meta name=\"twitter:card\" content=\"summary_large_image\" \/>\n<meta name=\"twitter:label1\" content=\"\u00c9crit par\" \/>\n\t<meta name=\"twitter:data1\" content=\"LA REDACTION\" \/>\n\t<meta name=\"twitter:label2\" content=\"Dur\u00e9e de lecture estim\u00e9e\" \/>\n\t<meta name=\"twitter:data2\" content=\"1 minute\" \/>\n<script type=\"application\/ld+json\" class=\"yoast-schema-graph\">{\"@context\":\"https:\/\/schema.org\",\"@graph\":[{\"@type\":\"Article\",\"@id\":\"https:\/\/www.public.sn\/index.php\/2022\/09\/24\/le-chef-de-letat-macky-sall-se-rendra-au-mali-pour-une-mission-de-la-cedeao\/#article\",\"isPartOf\":{\"@id\":\"https:\/\/www.public.sn\/index.php\/2022\/09\/24\/le-chef-de-letat-macky-sall-se-rendra-au-mali-pour-une-mission-de-la-cedeao\/\"},\"author\":{\"name\":\"LA REDACTION\",\"@id\":\"https:\/\/www.public.sn\/#\/schema\/person\/e3f4a11b037d4203902db148f9bc8d5a\"},\"headline\":\"Macky Sall au Mali pour une mission de la Cedeao\",\"datePublished\":\"2022-09-24T09:55:39+00:00\",\"dateModified\":\"2022-09-24T09:57:48+00:00\",\"mainEntityOfPage\":{\"@id\":\"https:\/\/www.public.sn\/index.php\/2022\/09\/24\/le-chef-de-letat-macky-sall-se-rendra-au-mali-pour-une-mission-de-la-cedeao\/\"},\"wordCount\":58,\"commentCount\":0,\"publisher\":{\"@id\":\"https:\/\/www.public.sn\/#organization\"},\"image\":{\"@id\":\"https:\/\/www.public.sn\/index.php\/2022\/09\/24\/le-chef-de-letat-macky-sall-se-rendra-au-mali-pour-une-mission-de-la-cedeao\/#primaryimage\"},\"thumbnailUrl\":\"https:\/\/www.public.sn\/wp-content\/uploads\/2022\/08\/MACKY-SALL-2.jpeg\",\"keywords\":[\"cedeao\",\"Macky Sall\",\"Mali\"],\"articleSection\":[\"AFRIQUE &amp; MONDE\",\"POLITIQUE\",\"S\u00c9CURIT\u00c9 &amp; JUSTICE\",\"S\u00c9N\u00c9GAL\"],\"inLanguage\":\"fr-FR\",\"potentialAction\":[{\"@type\":\"CommentAction\",\"name\":\"Comment\",\"target\":[\"https:\/\/www.public.sn\/index.php\/2022\/09\/24\/le-chef-de-letat-macky-sall-se-rendra-au-mali-pour-une-mission-de-la-cedeao\/#respond\"]}]},{\"@type\":\"WebPage\",\"@id\":\"https:\/\/www.public.sn\/index.php\/2022\/09\/24\/le-chef-de-letat-macky-sall-se-rendra-au-mali-pour-une-mission-de-la-cedeao\/\",\"url\":\"https:\/\/www.public.sn\/index.php\/2022\/09\/24\/le-chef-de-letat-macky-sall-se-rendra-au-mali-pour-une-mission-de-la-cedeao\/\",\"name\":\"Macky Sall au Mali pour une mission de la Cedeao - LE PUBLIC\",\"isPartOf\":{\"@id\":\"https:\/\/www.public.sn\/#website\"},\"primaryImageOfPage\":{\"@id\":\"https:\/\/www.public.sn\/index.php\/2022\/09\/24\/le-chef-de-letat-macky-sall-se-rendra-au-mali-pour-une-mission-de-la-cedeao\/#primaryimage\"},\"image\":{\"@id\":\"https:\/\/www.public.sn\/index.php\/2022\/09\/24\/le-chef-de-letat-macky-sall-se-rendra-au-mali-pour-une-mission-de-la-cedeao\/#primaryimage\"},\"thumbnailUrl\":\"https:\/\/www.public.sn\/wp-content\/uploads\/2022\/08\/MACKY-SALL-2.jpeg\",\"datePublished\":\"2022-09-24T09:55:39+00:00\",\"dateModified\":\"2022-09-24T09:57:48+00:00\",\"breadcrumb\":{\"@id\":\"https:\/\/www.public.sn\/index.php\/2022\/09\/24\/le-chef-de-letat-macky-sall-se-rendra-au-mali-pour-une-mission-de-la-cedeao\/#breadcrumb\"},\"inLanguage\":\"fr-FR\",\"potentialAction\":[{\"@type\":\"ReadAction\",\"target\":[\"https:\/\/www.public.sn\/index.php\/2022\/09\/24\/le-chef-de-letat-macky-sall-se-rendra-au-mali-pour-une-mission-de-la-cedeao\/\"]}]},{\"@type\":\"ImageObject\",\"inLanguage\":\"fr-FR\",\"@id\":\"https:\/\/www.public.sn\/index.php\/2022\/09\/24\/le-chef-de-letat-macky-sall-se-rendra-au-mali-pour-une-mission-de-la-cedeao\/#primaryimage\",\"url\":\"https:\/\/www.public.sn\/wp-content\/uploads\/2022\/08\/MACKY-SALL-2.jpeg\",\"contentUrl\":\"https:\/\/www.public.sn\/wp-content\/uploads\/2022\/08\/MACKY-SALL-2.jpeg\",\"width\":650,\"height\":433},{\"@type\":\"BreadcrumbList\",\"@id\":\"https:\/\/www.public.sn\/index.php\/2022\/09\/24\/le-chef-de-letat-macky-sall-se-rendra-au-mali-pour-une-mission-de-la-cedeao\/#breadcrumb\",\"itemListElement\":[{\"@type\":\"ListItem\",\"position\":1,\"name\":\"Accueil\",\"item\":\"https:\/\/www.public.sn\/\"},{\"@type\":\"ListItem\",\"position\":2,\"name\":\"Macky Sall au Mali pour une mission de la Cedeao\"}]},{\"@type\":\"WebSite\",\"@id\":\"https:\/\/www.public.sn\/#website\",\"url\":\"https:\/\/www.public.sn\/\",\"name\":\"LE PUBLIC\",\"description\":\"\",\"publisher\":{\"@id\":\"https:\/\/www.public.sn\/#organization\"},\"potentialAction\":[{\"@type\":\"SearchAction\",\"target\":{\"@type\":\"EntryPoint\",\"urlTemplate\":\"https:\/\/www.public.sn\/?s={search_term_string}\"},\"query-input\":{\"@type\":\"PropertyValueSpecification\",\"valueRequired\":true,\"valueName\":\"search_term_string\"}}],\"inLanguage\":\"fr-FR\"},{\"@type\":\"Organization\",\"@id\":\"https:\/\/www.public.sn\/#organization\",\"name\":\"LE PUBLIC\",\"url\":\"https:\/\/www.public.sn\/\",\"logo\":{\"@type\":\"ImageObject\",\"inLanguage\":\"fr-FR\",\"@id\":\"https:\/\/www.public.sn\/#\/schema\/logo\/image\/\",\"url\":\"https:\/\/www.public.sn\/wp-content\/uploads\/2024\/05\/cropped-LOGO-PUBLIC.SN_.png\",\"contentUrl\":\"https:\/\/www.public.sn\/wp-content\/uploads\/2024\/05\/cropped-LOGO-PUBLIC.SN_.png\",\"width\":682,\"height\":192,\"caption\":\"LE PUBLIC\"},\"image\":{\"@id\":\"https:\/\/www.public.sn\/#\/schema\/logo\/image\/\"}},{\"@type\":\"Person\",\"@id\":\"https:\/\/www.public.sn\/#\/schema\/person\/e3f4a11b037d4203902db148f9bc8d5a\",\"name\":\"LA REDACTION\",\"image\":{\"@type\":\"ImageObject\",\"inLanguage\":\"fr-FR\",\"@id\":\"https:\/\/www.public.sn\/#\/schema\/person\/image\/\",\"url\":\"https:\/\/secure.gravatar.com\/avatar\/d6c030db45db2883c075085c5d6c6258654a801a93766b49af0b82d4f454e2a5?s=96&d=mm&r=g\",\"contentUrl\":\"https:\/\/secure.gravatar.com\/avatar\/d6c030db45db2883c075085c5d6c6258654a801a93766b49af0b82d4f454e2a5?s=96&d=mm&r=g\",\"caption\":\"LA REDACTION\"},\"sameAs\":[\"http:\/\/www.public.sn\"],\"url\":\"https:\/\/www.public.sn\/index.php\/author\/admin7324\/\"}]}<\/script>\n<!-- \/ Yoast SEO plugin. -->","yoast_head_json":{"title":"Macky Sall au Mali pour une mission de la Cedeao - LE PUBLIC","robots":{"index":"index","follow":"follow","max-snippet":"max-snippet:-1","max-image-preview":"max-image-preview:large","max-video-preview":"max-video-preview:-1"},"canonical":"https:\/\/www.public.sn\/index.php\/2022\/09\/24\/le-chef-de-letat-macky-sall-se-rendra-au-mali-pour-une-mission-de-la-cedeao\/","og_locale":"fr_FR","og_type":"article","og_title":"Macky Sall au Mali pour une mission de la Cedeao - LE PUBLIC","og_description":"La CEDEAO enverra au Mali une mission de haut niveau en vue de demander la lib\u00e9ration des soldats ivoiriens d\u00e9tenus.Trois chefs d\u2019\u00c9tat dont le Pr\u00e9sident Macky Sall, sont annonc\u00e9s \u00e0 Bamako mardi prochain. La Guin\u00e9e fait \u00e9galement l\u2019objet de sanctions progressives.","og_url":"https:\/\/www.public.sn\/index.php\/2022\/09\/24\/le-chef-de-letat-macky-sall-se-rendra-au-mali-pour-une-mission-de-la-cedeao\/","og_site_name":"LE PUBLIC","article_published_time":"2022-09-24T09:55:39+00:00","article_modified_time":"2022-09-24T09:57:48+00:00","og_image":[{"width":650,"height":433,"url":"https:\/\/www.public.sn\/wp-content\/uploads\/2022\/08\/MACKY-SALL-2.jpeg","type":"image\/jpeg"}],"author":"LA REDACTION","twitter_card":"summary_large_image","twitter_misc":{"\u00c9crit par":"LA REDACTION","Dur\u00e9e de lecture estim\u00e9e":"1 minute"},"schema":{"@context":"https:\/\/schema.org","@graph":[{"@type":"Article","@id":"https:\/\/www.public.sn\/index.php\/2022\/09\/24\/le-chef-de-letat-macky-sall-se-rendra-au-mali-pour-une-mission-de-la-cedeao\/#article","isPartOf":{"@id":"https:\/\/www.public.sn\/index.php\/2022\/09\/24\/le-chef-de-letat-macky-sall-se-rendra-au-mali-pour-une-mission-de-la-cedeao\/"},"author":{"name":"LA REDACTION","@id":"https:\/\/www.public.sn\/#\/schema\/person\/e3f4a11b037d4203902db148f9bc8d5a"},"headline":"Macky Sall au Mali pour une mission de la Cedeao","datePublished":"2022-09-24T09:55:39+00:00","dateModified":"2022-09-24T09:57:48+00:00","mainEntityOfPage":{"@id":"https:\/\/www.public.sn\/index.php\/2022\/09\/24\/le-chef-de-letat-macky-sall-se-rendra-au-mali-pour-une-mission-de-la-cedeao\/"},"wordCount":58,"commentCount":0,"publisher":{"@id":"https:\/\/www.public.sn\/#organization"},"image":{"@id":"https:\/\/www.public.sn\/index.php\/2022\/09\/24\/le-chef-de-letat-macky-sall-se-rendra-au-mali-pour-une-mission-de-la-cedeao\/#primaryimage"},"thumbnailUrl":"https:\/\/www.public.sn\/wp-content\/uploads\/2022\/08\/MACKY-SALL-2.jpeg","keywords":["cedeao","Macky Sall","Mali"],"articleSection":["AFRIQUE &amp; MONDE","POLITIQUE","S\u00c9CURIT\u00c9 &amp; JUSTICE","S\u00c9N\u00c9GAL"],"inLanguage":"fr-FR","potentialAction":[{"@type":"CommentAction","name":"Comment","target":["https:\/\/www.public.sn\/index.php\/2022\/09\/24\/le-chef-de-letat-macky-sall-se-rendra-au-mali-pour-une-mission-de-la-cedeao\/#respond"]}]},{"@type":"WebPage","@id":"https:\/\/www.public.sn\/index.php\/2022\/09\/24\/le-chef-de-letat-macky-sall-se-rendra-au-mali-pour-une-mission-de-la-cedeao\/","url":"https:\/\/www.public.sn\/index.php\/2022\/09\/24\/le-chef-de-letat-macky-sall-se-rendra-au-mali-pour-une-mission-de-la-cedeao\/","name":"Macky Sall au Mali pour une mission de la Cedeao - LE PUBLIC","isPartOf":{"@id":"https:\/\/www.public.sn\/#website"},"primaryImageOfPage":{"@id":"https:\/\/www.public.sn\/index.php\/2022\/09\/24\/le-chef-de-letat-macky-sall-se-rendra-au-mali-pour-une-mission-de-la-cedeao\/#primaryimage"},"image":{"@id":"https:\/\/www.public.sn\/index.php\/2022\/09\/24\/le-chef-de-letat-macky-sall-se-rendra-au-mali-pour-une-mission-de-la-cedeao\/#primaryimage"},"thumbnailUrl":"https:\/\/www.public.sn\/wp-content\/uploads\/2022\/08\/MACKY-SALL-2.jpeg","datePublished":"2022-09-24T09:55:39+00:00","dateModified":"2022-09-24T09:57:48+00:00","breadcrumb":{"@id":"https:\/\/www.public.sn\/index.php\/2022\/09\/24\/le-chef-de-letat-macky-sall-se-rendra-au-mali-pour-une-mission-de-la-cedeao\/#breadcrumb"},"inLanguage":"fr-FR","potentialAction":[{"@type":"ReadAction","target":["https:\/\/www.public.sn\/index.php\/2022\/09\/24\/le-chef-de-letat-macky-sall-se-rendra-au-mali-pour-une-mission-de-la-cedeao\/"]}]},{"@type":"ImageObject","inLanguage":"fr-FR","@id":"https:\/\/www.public.sn\/index.php\/2022\/09\/24\/le-chef-de-letat-macky-sall-se-rendra-au-mali-pour-une-mission-de-la-cedeao\/#primaryimage","url":"https:\/\/www.public.sn\/wp-content\/uploads\/2022\/08\/MACKY-SALL-2.jpeg","contentUrl":"https:\/\/www.public.sn\/wp-content\/uploads\/2022\/08\/MACKY-SALL-2.jpeg","width":650,"height":433},{"@type":"BreadcrumbList","@id":"https:\/\/www.public.sn\/index.php\/2022\/09\/24\/le-chef-de-letat-macky-sall-se-rendra-au-mali-pour-une-mission-de-la-cedeao\/#breadcrumb","itemListElement":[{"@type":"ListItem","position":1,"name":"Accueil","item":"https:\/\/www.public.sn\/"},{"@type":"ListItem","position":2,"name":"Macky Sall au Mali pour une mission de la Cedeao"}]},{"@type":"WebSite","@id":"https:\/\/www.public.sn\/#website","url":"https:\/\/www.public.sn\/","name":"LE PUBLIC","description":"","publisher":{"@id":"https:\/\/www.public.sn\/#organization"},"potentialAction":[{"@type":"SearchAction","target":{"@type":"EntryPoint","urlTemplate":"https:\/\/www.public.sn\/?s={search_term_string}"},"query-input":{"@type":"PropertyValueSpecification","valueRequired":true,"valueName":"search_term_string"}}],"inLanguage":"fr-FR"},{"@type":"Organization","@id":"https:\/\/www.public.sn\/#organization","name":"LE PUBLIC","url":"https:\/\/www.public.sn\/","logo":{"@type":"ImageObject","inLanguage":"fr-FR","@id":"https:\/\/www.public.sn\/#\/schema\/logo\/image\/","url":"https:\/\/www.public.sn\/wp-content\/uploads\/2024\/05\/cropped-LOGO-PUBLIC.SN_.png","contentUrl":"https:\/\/www.public.sn\/wp-content\/uploads\/2024\/05\/cropped-LOGO-PUBLIC.SN_.png","width":682,"height":192,"caption":"LE PUBLIC"},"image":{"@id":"https:\/\/www.public.sn\/#\/schema\/logo\/image\/"}},{"@type":"Person","@id":"https:\/\/www.public.sn\/#\/schema\/person\/e3f4a11b037d4203902db148f9bc8d5a","name":"LA REDACTION","image":{"@type":"ImageObject","inLanguage":"fr-FR","@id":"https:\/\/www.public.sn\/#\/schema\/person\/image\/","url":"https:\/\/secure.gravatar.com\/avatar\/d6c030db45db2883c075085c5d6c6258654a801a93766b49af0b82d4f454e2a5?s=96&d=mm&r=g","contentUrl":"https:\/\/secure.gravatar.com\/avatar\/d6c030db45db2883c075085c5d6c6258654a801a93766b49af0b82d4f454e2a5?s=96&d=mm&r=g","caption":"LA REDACTION"},"sameAs":["http:\/\/www.public.sn"],"url":"https:\/\/www.public.sn\/index.php\/author\/admin7324\/"}]}},"jetpack_featured_media_url":"https:\/\/www.public.sn\/wp-content\/uploads\/2022\/08\/MACKY-SALL-2.jpeg","jetpack_sharing_enabled":true,"_links":{"self":[{"href":"https:\/\/www.public.sn\/index.php\/wp-json\/wp\/v2\/posts\/2714","targetHints":{"allow":["GET"]}}],"collection":[{"href":"https:\/\/www.public.sn\/index.php\/wp-json\/wp\/v2\/posts"}],"about":[{"href":"https:\/\/www.public.sn\/index.php\/wp-json\/wp\/v2\/types\/post"}],"author":[{"embeddable":true,"href":"https:\/\/www.public.sn\/index.php\/wp-json\/wp\/v2\/users\/1"}],"replies":[{"embeddable":true,"href":"https:\/\/www.public.sn\/index.php\/wp-json\/wp\/v2\/comments?post=2714"}],"version-history":[{"count":2,"href":"https:\/\/www.public.sn\/index.php\/wp-json\/wp\/v2\/posts\/2714\/revisions"}],"predecessor-version":[{"id":2788,"href":"https:\/\/www.public.sn\/index.php\/wp-json\/wp\/v2\/posts\/2714\/revisions\/2788"}],"wp:featuredmedia":[{"embeddable":true,"href":"https:\/\/www.public.sn\/index.php\/wp-json\/wp\/v2\/media\/572"}],"wp:attachment":[{"href":"https:\/\/www.public.sn\/index.php\/wp-json\/wp\/v2\/media?parent=2714"}],"wp:term":[{"taxonomy":"category","embeddable":true,"href":"https:\/\/www.public.sn\/index.php\/wp-json\/wp\/v2\/categories?post=2714"},{"taxonomy":"post_tag","embeddable":true,"href":"https:\/\/www.public.sn\/index.php\/wp-json\/wp\/v2\/tags?post=2714"}],"curies":[{"name":"wp","href":"https:\/\/api.w.org\/{rel}","templated":true}]}}