{"id":2729,"date":"2022-09-24T15:24:49","date_gmt":"2022-09-24T15:24:49","guid":{"rendered":"https:\/\/www.public.sn\/?p=2729"},"modified":"2022-09-24T15:24:51","modified_gmt":"2022-09-24T15:24:51","slug":"naufrage-le-joola-cheikhna-keita-le-pr-macky-sall-na-jamais-mit-les-pieds-a-la-commemoration","status":"publish","type":"post","link":"https:\/\/www.public.sn\/index.php\/2022\/09\/24\/naufrage-le-joola-cheikhna-keita-le-pr-macky-sall-na-jamais-mit-les-pieds-a-la-commemoration\/","title":{"rendered":"Naufrage Le Joola \/  Cheikhna Ke\u00efta : \u00ab\u00a0Le Pr Macky Sall n\u2019a jamais mit les pieds\u00a0\u00e0 la comm\u00e9moration&#8230;\u00a0\u00bb"},"content":{"rendered":"\n<p>Interroger sur les ondes de la Rfm, le porte parole des victimes du Joola Cheikhna Keita d\u00e9nonce le manque de consid\u00e9ration du chef de l\u2019\u00c9tat Macky Sall. <em>\u00abDepuis qu\u2019il est au pouvoir il n\u2019a jamais m\u00eet les pieds \u00e0 la comm\u00e9moration du naufrage Le Joola. A 48h de l\u2019\u00e9v\u00e9nement, ils n\u2019ont pas encore re\u00e7u de soutien de l\u2019\u00c9tat pour les pr\u00e9paratifs de la c\u00e9r\u00e9monie\u00bb<\/em> confie t-il .<\/p><div class=\"publi-paragraphe1\" style=\"margin-top: 10px;margin-bottom: 10px;margin-left: auto;margin-right: auto;text-align: center;\" id=\"publi-2288503434\"><div class=\"publi-adlabel\">Publicit\u00e9<\/div><script async src=\"\/\/pagead2.googlesyndication.com\/pagead\/js\/adsbygoogle.js?client=ca-pub-4089586018074219\" crossorigin=\"anonymous\"><\/script><ins class=\"adsbygoogle\" style=\"display:block;\" data-ad-client=\"ca-pub-4089586018074219\" \ndata-ad-slot=\"2087940154\" \ndata-ad-format=\"auto\"><\/ins>\n<script> \n(adsbygoogle = window.adsbygoogle || []).push({}); \n<\/script>\n<\/div>\n<div class=\"publi-apres-le-contenu\" style=\"margin-top: 10px;margin-bottom: 10px;margin-left: auto;margin-right: auto;text-align: center;\" id=\"publi-2934446784\"><div class=\"publi-adlabel\">Publicit\u00e9<\/div><script async src=\"\/\/pagead2.googlesyndication.com\/pagead\/js\/adsbygoogle.js?client=ca-pub-4089586018074219\" crossorigin=\"anonymous\"><\/script><ins class=\"adsbygoogle\" style=\"display:block;\" data-ad-client=\"ca-pub-4089586018074219\" \ndata-ad-slot=\"2087940154\" \ndata-ad-format=\"auto\"><\/ins>\n<script> \n(adsbygoogle = window.adsbygoogle || []).push({}); \n<\/script>\n<\/div>","protected":false},"excerpt":{"rendered":"<p>Interroger sur les ondes de la Rfm, le porte parole des victimes du Joola Cheikhna Keita d\u00e9nonce le manque de consid\u00e9ration du chef de l\u2019\u00c9tat Macky Sall. \u00abDepuis qu\u2019il est au pouvoir il n\u2019a jamais m\u00eet les pieds \u00e0 la comm\u00e9moration du naufrage Le Joola. A 48h de l\u2019\u00e9v\u00e9nement, ils n\u2019ont pas encore re\u00e7u de soutien de l\u2019\u00c9tat pour les pr\u00e9paratifs de la c\u00e9r\u00e9monie\u00bb confie t-il .<\/p>\n","protected":false},"author":1,"featured_media":2802,"comment_status":"open","ping_status":"open","sticky":false,"template":"","format":"standard","meta":{"_jetpack_memberships_contains_paid_content":false,"footnotes":""},"categories":[1],"tags":[997,996,11],"class_list":["post-2729","post","type-post","status-publish","format-standard","has-post-thumbnail","hentry","category-non-classe","tag-cheikhna-keita","tag-le-joola","tag-macky-sall","entry","has-media","owp-thumbs-layout-horizontal","owp-btn-normal","owp-tabs-layout-horizontal","has-no-thumbnails","has-product-nav"],"yoast_head":"<!-- This site is optimized with the Yoast SEO plugin v25.5 - https:\/\/yoast.com\/wordpress\/plugins\/seo\/ -->\n<title>Naufrage Le Joola \/ Cheikhna Ke\u00efta : \u00ab\u00a0Le Pr Macky Sall n\u2019a jamais mit les pieds\u00a0\u00e0 la comm\u00e9moration...\u00a0\u00bb - LE PUBLIC<\/title>\n<meta name=\"robots\" content=\"index, follow, max-snippet:-1, max-image-preview:large, max-video-preview:-1\" \/>\n<link rel=\"canonical\" href=\"https:\/\/www.public.sn\/index.php\/2022\/09\/24\/naufrage-le-joola-cheikhna-keita-le-pr-macky-sall-na-jamais-mit-les-pieds-a-la-commemoration\/\" \/>\n<meta property=\"og:locale\" content=\"fr_FR\" \/>\n<meta property=\"og:type\" content=\"article\" \/>\n<meta property=\"og:title\" content=\"Naufrage Le Joola \/ Cheikhna Ke\u00efta : \u00ab\u00a0Le Pr Macky Sall n\u2019a jamais mit les pieds\u00a0\u00e0 la comm\u00e9moration...\u00a0\u00bb - LE PUBLIC\" \/>\n<meta property=\"og:description\" content=\"Interroger sur les ondes de la Rfm, le porte parole des victimes du Joola Cheikhna Keita d\u00e9nonce le manque de consid\u00e9ration du chef de l\u2019\u00c9tat Macky Sall. \u00abDepuis qu\u2019il est au pouvoir il n\u2019a jamais m\u00eet les pieds \u00e0 la comm\u00e9moration du naufrage Le Joola. A 48h de l\u2019\u00e9v\u00e9nement, ils n\u2019ont pas encore re\u00e7u de soutien de l\u2019\u00c9tat pour les pr\u00e9paratifs de la c\u00e9r\u00e9monie\u00bb confie t-il .\" \/>\n<meta property=\"og:url\" content=\"https:\/\/www.public.sn\/index.php\/2022\/09\/24\/naufrage-le-joola-cheikhna-keita-le-pr-macky-sall-na-jamais-mit-les-pieds-a-la-commemoration\/\" \/>\n<meta property=\"og:site_name\" content=\"LE PUBLIC\" \/>\n<meta property=\"article:published_time\" content=\"2022-09-24T15:24:49+00:00\" \/>\n<meta property=\"article:modified_time\" content=\"2022-09-24T15:24:51+00:00\" \/>\n<meta property=\"og:image\" content=\"https:\/\/www.public.sn\/wp-content\/uploads\/2022\/09\/BEDE7778-E356-437C-A1D6-96C290FA3353.jpeg\" \/>\n\t<meta property=\"og:image:width\" content=\"2560\" \/>\n\t<meta property=\"og:image:height\" content=\"1920\" \/>\n\t<meta property=\"og:image:type\" content=\"image\/jpeg\" \/>\n<meta name=\"author\" content=\"LA REDACTION\" \/>\n<meta name=\"twitter:card\" content=\"summary_large_image\" \/>\n<meta name=\"twitter:label1\" content=\"\u00c9crit par\" \/>\n\t<meta name=\"twitter:data1\" content=\"LA REDACTION\" \/>\n\t<meta name=\"twitter:label2\" content=\"Dur\u00e9e de lecture estim\u00e9e\" \/>\n\t<meta name=\"twitter:data2\" content=\"1 minute\" \/>\n<script type=\"application\/ld+json\" class=\"yoast-schema-graph\">{\"@context\":\"https:\/\/schema.org\",\"@graph\":[{\"@type\":\"Article\",\"@id\":\"https:\/\/www.public.sn\/index.php\/2022\/09\/24\/naufrage-le-joola-cheikhna-keita-le-pr-macky-sall-na-jamais-mit-les-pieds-a-la-commemoration\/#article\",\"isPartOf\":{\"@id\":\"https:\/\/www.public.sn\/index.php\/2022\/09\/24\/naufrage-le-joola-cheikhna-keita-le-pr-macky-sall-na-jamais-mit-les-pieds-a-la-commemoration\/\"},\"author\":{\"name\":\"LA REDACTION\",\"@id\":\"https:\/\/www.public.sn\/#\/schema\/person\/e3f4a11b037d4203902db148f9bc8d5a\"},\"headline\":\"Naufrage Le Joola \/ Cheikhna Ke\u00efta : \u00ab\u00a0Le Pr Macky Sall n\u2019a jamais mit les pieds\u00a0\u00e0 la comm\u00e9moration&#8230;\u00a0\u00bb\",\"datePublished\":\"2022-09-24T15:24:49+00:00\",\"dateModified\":\"2022-09-24T15:24:51+00:00\",\"mainEntityOfPage\":{\"@id\":\"https:\/\/www.public.sn\/index.php\/2022\/09\/24\/naufrage-le-joola-cheikhna-keita-le-pr-macky-sall-na-jamais-mit-les-pieds-a-la-commemoration\/\"},\"wordCount\":99,\"commentCount\":1,\"publisher\":{\"@id\":\"https:\/\/www.public.sn\/#organization\"},\"image\":{\"@id\":\"https:\/\/www.public.sn\/index.php\/2022\/09\/24\/naufrage-le-joola-cheikhna-keita-le-pr-macky-sall-na-jamais-mit-les-pieds-a-la-commemoration\/#primaryimage\"},\"thumbnailUrl\":\"https:\/\/www.public.sn\/wp-content\/uploads\/2022\/09\/BEDE7778-E356-437C-A1D6-96C290FA3353.jpeg\",\"keywords\":[\"Cheikhna Keita\",\"Le Joola\",\"Macky Sall\"],\"articleSection\":[\"S\u00c9N\u00c9GAL\"],\"inLanguage\":\"fr-FR\",\"potentialAction\":[{\"@type\":\"CommentAction\",\"name\":\"Comment\",\"target\":[\"https:\/\/www.public.sn\/index.php\/2022\/09\/24\/naufrage-le-joola-cheikhna-keita-le-pr-macky-sall-na-jamais-mit-les-pieds-a-la-commemoration\/#respond\"]}]},{\"@type\":\"WebPage\",\"@id\":\"https:\/\/www.public.sn\/index.php\/2022\/09\/24\/naufrage-le-joola-cheikhna-keita-le-pr-macky-sall-na-jamais-mit-les-pieds-a-la-commemoration\/\",\"url\":\"https:\/\/www.public.sn\/index.php\/2022\/09\/24\/naufrage-le-joola-cheikhna-keita-le-pr-macky-sall-na-jamais-mit-les-pieds-a-la-commemoration\/\",\"name\":\"Naufrage Le Joola \/ Cheikhna Ke\u00efta : \u00ab\u00a0Le Pr Macky Sall n\u2019a jamais mit les pieds\u00a0\u00e0 la comm\u00e9moration...\u00a0\u00bb - LE PUBLIC\",\"isPartOf\":{\"@id\":\"https:\/\/www.public.sn\/#website\"},\"primaryImageOfPage\":{\"@id\":\"https:\/\/www.public.sn\/index.php\/2022\/09\/24\/naufrage-le-joola-cheikhna-keita-le-pr-macky-sall-na-jamais-mit-les-pieds-a-la-commemoration\/#primaryimage\"},\"image\":{\"@id\":\"https:\/\/www.public.sn\/index.php\/2022\/09\/24\/naufrage-le-joola-cheikhna-keita-le-pr-macky-sall-na-jamais-mit-les-pieds-a-la-commemoration\/#primaryimage\"},\"thumbnailUrl\":\"https:\/\/www.public.sn\/wp-content\/uploads\/2022\/09\/BEDE7778-E356-437C-A1D6-96C290FA3353.jpeg\",\"datePublished\":\"2022-09-24T15:24:49+00:00\",\"dateModified\":\"2022-09-24T15:24:51+00:00\",\"breadcrumb\":{\"@id\":\"https:\/\/www.public.sn\/index.php\/2022\/09\/24\/naufrage-le-joola-cheikhna-keita-le-pr-macky-sall-na-jamais-mit-les-pieds-a-la-commemoration\/#breadcrumb\"},\"inLanguage\":\"fr-FR\",\"potentialAction\":[{\"@type\":\"ReadAction\",\"target\":[\"https:\/\/www.public.sn\/index.php\/2022\/09\/24\/naufrage-le-joola-cheikhna-keita-le-pr-macky-sall-na-jamais-mit-les-pieds-a-la-commemoration\/\"]}]},{\"@type\":\"ImageObject\",\"inLanguage\":\"fr-FR\",\"@id\":\"https:\/\/www.public.sn\/index.php\/2022\/09\/24\/naufrage-le-joola-cheikhna-keita-le-pr-macky-sall-na-jamais-mit-les-pieds-a-la-commemoration\/#primaryimage\",\"url\":\"https:\/\/www.public.sn\/wp-content\/uploads\/2022\/09\/BEDE7778-E356-437C-A1D6-96C290FA3353.jpeg\",\"contentUrl\":\"https:\/\/www.public.sn\/wp-content\/uploads\/2022\/09\/BEDE7778-E356-437C-A1D6-96C290FA3353.jpeg\",\"width\":2560,\"height\":1920},{\"@type\":\"BreadcrumbList\",\"@id\":\"https:\/\/www.public.sn\/index.php\/2022\/09\/24\/naufrage-le-joola-cheikhna-keita-le-pr-macky-sall-na-jamais-mit-les-pieds-a-la-commemoration\/#breadcrumb\",\"itemListElement\":[{\"@type\":\"ListItem\",\"position\":1,\"name\":\"Accueil\",\"item\":\"https:\/\/www.public.sn\/\"},{\"@type\":\"ListItem\",\"position\":2,\"name\":\"Naufrage Le Joola \/ Cheikhna Ke\u00efta : \u00ab\u00a0Le Pr Macky Sall n\u2019a jamais mit les pieds\u00a0\u00e0 la comm\u00e9moration&#8230;\u00a0\u00bb\"}]},{\"@type\":\"WebSite\",\"@id\":\"https:\/\/www.public.sn\/#website\",\"url\":\"https:\/\/www.public.sn\/\",\"name\":\"LE PUBLIC\",\"description\":\"\",\"publisher\":{\"@id\":\"https:\/\/www.public.sn\/#organization\"},\"potentialAction\":[{\"@type\":\"SearchAction\",\"target\":{\"@type\":\"EntryPoint\",\"urlTemplate\":\"https:\/\/www.public.sn\/?s={search_term_string}\"},\"query-input\":{\"@type\":\"PropertyValueSpecification\",\"valueRequired\":true,\"valueName\":\"search_term_string\"}}],\"inLanguage\":\"fr-FR\"},{\"@type\":\"Organization\",\"@id\":\"https:\/\/www.public.sn\/#organization\",\"name\":\"LE PUBLIC\",\"url\":\"https:\/\/www.public.sn\/\",\"logo\":{\"@type\":\"ImageObject\",\"inLanguage\":\"fr-FR\",\"@id\":\"https:\/\/www.public.sn\/#\/schema\/logo\/image\/\",\"url\":\"https:\/\/www.public.sn\/wp-content\/uploads\/2024\/05\/cropped-LOGO-PUBLIC.SN_.png\",\"contentUrl\":\"https:\/\/www.public.sn\/wp-content\/uploads\/2024\/05\/cropped-LOGO-PUBLIC.SN_.png\",\"width\":682,\"height\":192,\"caption\":\"LE PUBLIC\"},\"image\":{\"@id\":\"https:\/\/www.public.sn\/#\/schema\/logo\/image\/\"}},{\"@type\":\"Person\",\"@id\":\"https:\/\/www.public.sn\/#\/schema\/person\/e3f4a11b037d4203902db148f9bc8d5a\",\"name\":\"LA REDACTION\",\"image\":{\"@type\":\"ImageObject\",\"inLanguage\":\"fr-FR\",\"@id\":\"https:\/\/www.public.sn\/#\/schema\/person\/image\/\",\"url\":\"https:\/\/secure.gravatar.com\/avatar\/d6c030db45db2883c075085c5d6c6258654a801a93766b49af0b82d4f454e2a5?s=96&d=mm&r=g\",\"contentUrl\":\"https:\/\/secure.gravatar.com\/avatar\/d6c030db45db2883c075085c5d6c6258654a801a93766b49af0b82d4f454e2a5?s=96&d=mm&r=g\",\"caption\":\"LA REDACTION\"},\"sameAs\":[\"http:\/\/www.public.sn\"],\"url\":\"https:\/\/www.public.sn\/index.php\/author\/admin7324\/\"}]}<\/script>\n<!-- \/ Yoast SEO plugin. -->","yoast_head_json":{"title":"Naufrage Le Joola \/ Cheikhna Ke\u00efta : \u00ab\u00a0Le Pr Macky Sall n\u2019a jamais mit les pieds\u00a0\u00e0 la comm\u00e9moration...\u00a0\u00bb - LE PUBLIC","robots":{"index":"index","follow":"follow","max-snippet":"max-snippet:-1","max-image-preview":"max-image-preview:large","max-video-preview":"max-video-preview:-1"},"canonical":"https:\/\/www.public.sn\/index.php\/2022\/09\/24\/naufrage-le-joola-cheikhna-keita-le-pr-macky-sall-na-jamais-mit-les-pieds-a-la-commemoration\/","og_locale":"fr_FR","og_type":"article","og_title":"Naufrage Le Joola \/ Cheikhna Ke\u00efta : \u00ab\u00a0Le Pr Macky Sall n\u2019a jamais mit les pieds\u00a0\u00e0 la comm\u00e9moration...\u00a0\u00bb - LE PUBLIC","og_description":"Interroger sur les ondes de la Rfm, le porte parole des victimes du Joola Cheikhna Keita d\u00e9nonce le manque de consid\u00e9ration du chef de l\u2019\u00c9tat Macky Sall. \u00abDepuis qu\u2019il est au pouvoir il n\u2019a jamais m\u00eet les pieds \u00e0 la comm\u00e9moration du naufrage Le Joola. A 48h de l\u2019\u00e9v\u00e9nement, ils n\u2019ont pas encore re\u00e7u de soutien de l\u2019\u00c9tat pour les pr\u00e9paratifs de la c\u00e9r\u00e9monie\u00bb confie t-il .","og_url":"https:\/\/www.public.sn\/index.php\/2022\/09\/24\/naufrage-le-joola-cheikhna-keita-le-pr-macky-sall-na-jamais-mit-les-pieds-a-la-commemoration\/","og_site_name":"LE PUBLIC","article_published_time":"2022-09-24T15:24:49+00:00","article_modified_time":"2022-09-24T15:24:51+00:00","og_image":[{"width":2560,"height":1920,"url":"https:\/\/www.public.sn\/wp-content\/uploads\/2022\/09\/BEDE7778-E356-437C-A1D6-96C290FA3353.jpeg","type":"image\/jpeg"}],"author":"LA REDACTION","twitter_card":"summary_large_image","twitter_misc":{"\u00c9crit par":"LA REDACTION","Dur\u00e9e de lecture estim\u00e9e":"1 minute"},"schema":{"@context":"https:\/\/schema.org","@graph":[{"@type":"Article","@id":"https:\/\/www.public.sn\/index.php\/2022\/09\/24\/naufrage-le-joola-cheikhna-keita-le-pr-macky-sall-na-jamais-mit-les-pieds-a-la-commemoration\/#article","isPartOf":{"@id":"https:\/\/www.public.sn\/index.php\/2022\/09\/24\/naufrage-le-joola-cheikhna-keita-le-pr-macky-sall-na-jamais-mit-les-pieds-a-la-commemoration\/"},"author":{"name":"LA REDACTION","@id":"https:\/\/www.public.sn\/#\/schema\/person\/e3f4a11b037d4203902db148f9bc8d5a"},"headline":"Naufrage Le Joola \/ Cheikhna Ke\u00efta : \u00ab\u00a0Le Pr Macky Sall n\u2019a jamais mit les pieds\u00a0\u00e0 la comm\u00e9moration&#8230;\u00a0\u00bb","datePublished":"2022-09-24T15:24:49+00:00","dateModified":"2022-09-24T15:24:51+00:00","mainEntityOfPage":{"@id":"https:\/\/www.public.sn\/index.php\/2022\/09\/24\/naufrage-le-joola-cheikhna-keita-le-pr-macky-sall-na-jamais-mit-les-pieds-a-la-commemoration\/"},"wordCount":99,"commentCount":1,"publisher":{"@id":"https:\/\/www.public.sn\/#organization"},"image":{"@id":"https:\/\/www.public.sn\/index.php\/2022\/09\/24\/naufrage-le-joola-cheikhna-keita-le-pr-macky-sall-na-jamais-mit-les-pieds-a-la-commemoration\/#primaryimage"},"thumbnailUrl":"https:\/\/www.public.sn\/wp-content\/uploads\/2022\/09\/BEDE7778-E356-437C-A1D6-96C290FA3353.jpeg","keywords":["Cheikhna Keita","Le Joola","Macky Sall"],"articleSection":["S\u00c9N\u00c9GAL"],"inLanguage":"fr-FR","potentialAction":[{"@type":"CommentAction","name":"Comment","target":["https:\/\/www.public.sn\/index.php\/2022\/09\/24\/naufrage-le-joola-cheikhna-keita-le-pr-macky-sall-na-jamais-mit-les-pieds-a-la-commemoration\/#respond"]}]},{"@type":"WebPage","@id":"https:\/\/www.public.sn\/index.php\/2022\/09\/24\/naufrage-le-joola-cheikhna-keita-le-pr-macky-sall-na-jamais-mit-les-pieds-a-la-commemoration\/","url":"https:\/\/www.public.sn\/index.php\/2022\/09\/24\/naufrage-le-joola-cheikhna-keita-le-pr-macky-sall-na-jamais-mit-les-pieds-a-la-commemoration\/","name":"Naufrage Le Joola \/ Cheikhna Ke\u00efta : \u00ab\u00a0Le Pr Macky Sall n\u2019a jamais mit les pieds\u00a0\u00e0 la comm\u00e9moration...\u00a0\u00bb - LE PUBLIC","isPartOf":{"@id":"https:\/\/www.public.sn\/#website"},"primaryImageOfPage":{"@id":"https:\/\/www.public.sn\/index.php\/2022\/09\/24\/naufrage-le-joola-cheikhna-keita-le-pr-macky-sall-na-jamais-mit-les-pieds-a-la-commemoration\/#primaryimage"},"image":{"@id":"https:\/\/www.public.sn\/index.php\/2022\/09\/24\/naufrage-le-joola-cheikhna-keita-le-pr-macky-sall-na-jamais-mit-les-pieds-a-la-commemoration\/#primaryimage"},"thumbnailUrl":"https:\/\/www.public.sn\/wp-content\/uploads\/2022\/09\/BEDE7778-E356-437C-A1D6-96C290FA3353.jpeg","datePublished":"2022-09-24T15:24:49+00:00","dateModified":"2022-09-24T15:24:51+00:00","breadcrumb":{"@id":"https:\/\/www.public.sn\/index.php\/2022\/09\/24\/naufrage-le-joola-cheikhna-keita-le-pr-macky-sall-na-jamais-mit-les-pieds-a-la-commemoration\/#breadcrumb"},"inLanguage":"fr-FR","potentialAction":[{"@type":"ReadAction","target":["https:\/\/www.public.sn\/index.php\/2022\/09\/24\/naufrage-le-joola-cheikhna-keita-le-pr-macky-sall-na-jamais-mit-les-pieds-a-la-commemoration\/"]}]},{"@type":"ImageObject","inLanguage":"fr-FR","@id":"https:\/\/www.public.sn\/index.php\/2022\/09\/24\/naufrage-le-joola-cheikhna-keita-le-pr-macky-sall-na-jamais-mit-les-pieds-a-la-commemoration\/#primaryimage","url":"https:\/\/www.public.sn\/wp-content\/uploads\/2022\/09\/BEDE7778-E356-437C-A1D6-96C290FA3353.jpeg","contentUrl":"https:\/\/www.public.sn\/wp-content\/uploads\/2022\/09\/BEDE7778-E356-437C-A1D6-96C290FA3353.jpeg","width":2560,"height":1920},{"@type":"BreadcrumbList","@id":"https:\/\/www.public.sn\/index.php\/2022\/09\/24\/naufrage-le-joola-cheikhna-keita-le-pr-macky-sall-na-jamais-mit-les-pieds-a-la-commemoration\/#breadcrumb","itemListElement":[{"@type":"ListItem","position":1,"name":"Accueil","item":"https:\/\/www.public.sn\/"},{"@type":"ListItem","position":2,"name":"Naufrage Le Joola \/ Cheikhna Ke\u00efta : \u00ab\u00a0Le Pr Macky Sall n\u2019a jamais mit les pieds\u00a0\u00e0 la comm\u00e9moration&#8230;\u00a0\u00bb"}]},{"@type":"WebSite","@id":"https:\/\/www.public.sn\/#website","url":"https:\/\/www.public.sn\/","name":"LE PUBLIC","description":"","publisher":{"@id":"https:\/\/www.public.sn\/#organization"},"potentialAction":[{"@type":"SearchAction","target":{"@type":"EntryPoint","urlTemplate":"https:\/\/www.public.sn\/?s={search_term_string}"},"query-input":{"@type":"PropertyValueSpecification","valueRequired":true,"valueName":"search_term_string"}}],"inLanguage":"fr-FR"},{"@type":"Organization","@id":"https:\/\/www.public.sn\/#organization","name":"LE PUBLIC","url":"https:\/\/www.public.sn\/","logo":{"@type":"ImageObject","inLanguage":"fr-FR","@id":"https:\/\/www.public.sn\/#\/schema\/logo\/image\/","url":"https:\/\/www.public.sn\/wp-content\/uploads\/2024\/05\/cropped-LOGO-PUBLIC.SN_.png","contentUrl":"https:\/\/www.public.sn\/wp-content\/uploads\/2024\/05\/cropped-LOGO-PUBLIC.SN_.png","width":682,"height":192,"caption":"LE PUBLIC"},"image":{"@id":"https:\/\/www.public.sn\/#\/schema\/logo\/image\/"}},{"@type":"Person","@id":"https:\/\/www.public.sn\/#\/schema\/person\/e3f4a11b037d4203902db148f9bc8d5a","name":"LA REDACTION","image":{"@type":"ImageObject","inLanguage":"fr-FR","@id":"https:\/\/www.public.sn\/#\/schema\/person\/image\/","url":"https:\/\/secure.gravatar.com\/avatar\/d6c030db45db2883c075085c5d6c6258654a801a93766b49af0b82d4f454e2a5?s=96&d=mm&r=g","contentUrl":"https:\/\/secure.gravatar.com\/avatar\/d6c030db45db2883c075085c5d6c6258654a801a93766b49af0b82d4f454e2a5?s=96&d=mm&r=g","caption":"LA REDACTION"},"sameAs":["http:\/\/www.public.sn"],"url":"https:\/\/www.public.sn\/index.php\/author\/admin7324\/"}]}},"jetpack_featured_media_url":"https:\/\/www.public.sn\/wp-content\/uploads\/2022\/09\/BEDE7778-E356-437C-A1D6-96C290FA3353.jpeg","jetpack_sharing_enabled":true,"_links":{"self":[{"href":"https:\/\/www.public.sn\/index.php\/wp-json\/wp\/v2\/posts\/2729","targetHints":{"allow":["GET"]}}],"collection":[{"href":"https:\/\/www.public.sn\/index.php\/wp-json\/wp\/v2\/posts"}],"about":[{"href":"https:\/\/www.public.sn\/index.php\/wp-json\/wp\/v2\/types\/post"}],"author":[{"embeddable":true,"href":"https:\/\/www.public.sn\/index.php\/wp-json\/wp\/v2\/users\/1"}],"replies":[{"embeddable":true,"href":"https:\/\/www.public.sn\/index.php\/wp-json\/wp\/v2\/comments?post=2729"}],"version-history":[{"count":3,"href":"https:\/\/www.public.sn\/index.php\/wp-json\/wp\/v2\/posts\/2729\/revisions"}],"predecessor-version":[{"id":2793,"href":"https:\/\/www.public.sn\/index.php\/wp-json\/wp\/v2\/posts\/2729\/revisions\/2793"}],"wp:featuredmedia":[{"embeddable":true,"href":"https:\/\/www.public.sn\/index.php\/wp-json\/wp\/v2\/media\/2802"}],"wp:attachment":[{"href":"https:\/\/www.public.sn\/index.php\/wp-json\/wp\/v2\/media?parent=2729"}],"wp:term":[{"taxonomy":"category","embeddable":true,"href":"https:\/\/www.public.sn\/index.php\/wp-json\/wp\/v2\/categories?post=2729"},{"taxonomy":"post_tag","embeddable":true,"href":"https:\/\/www.public.sn\/index.php\/wp-json\/wp\/v2\/tags?post=2729"}],"curies":[{"name":"wp","href":"https:\/\/api.w.org\/{rel}","templated":true}]}}