{"id":2743,"date":"2022-09-24T09:44:51","date_gmt":"2022-09-24T09:44:51","guid":{"rendered":"https:\/\/www.public.sn\/?p=2743"},"modified":"2022-09-24T09:44:53","modified_gmt":"2022-09-24T09:44:53","slug":"mimi-et-macky-cest-fini","status":"publish","type":"post","link":"https:\/\/www.public.sn\/index.php\/2022\/09\/24\/mimi-et-macky-cest-fini\/","title":{"rendered":"Mimi et Macky c\u2019est fini?"},"content":{"rendered":"\n<p>Ayant conduit la liste de la coalition Benno Bokk Yakaar aux derni\u00e8res \u00e9lections L\u00e9gislatives, Aminata Tour\u00e9 dans ses r\u00eaves se trouvait au sommet de l\u2019h\u00e9micycle. Mais par un r\u00e9veil brutal, elle constate que le fauteuil du perchoir de l\u2019Assembl\u00e9e nationale revenait \u00e0 Amadou Mame DIOP, d\u00e9put\u00e9-Maire de Richard-Toll. Le pr\u00e9sident Macky Sall en a d\u00e9cid\u00e9 autrement, un choix qui l\u2019a mit dans tout ses \u00e9tats. Mimi, explose, boude l\u2019installation de la 14eme L\u00e9gislature. Au lendemain elle passe \u00e0 la vitesse sup\u00e9rieure, face \u00e0  la presse internationale, elle vilipende le r\u00e9gime de Macky Sall et d\u00e9nonce une \u00e9ventuelle 3eme candidature. Elle averti le pr\u00e9sident Sall de toute tentative de briguer un troisi\u00e8me mandat. Source A, Le Quotidien rapporte de son c\u00f4t\u00e9 que Mimi Tour\u00e9 s\u2019est d\u00e9j\u00e0 lanc\u00e9e dans la course aux parrainages. Dans une note adress\u00e9e \u00e0 ses partisans et consult\u00e9e par le journal, elle dit : \u00abNous allons devoir rapidement passer \u00e0 la phase active en vue des \u00e9ch\u00e9ances politiques de 2024.\u00bb<br><br>Le divorce entre l\u2019ex premier ministre Aminata Tour\u00e9 et le chef de l\u2019\u00e9tat est act\u00e9. Ce Dimanche Aminata Tour\u00e9 \u00e9difiera l\u2019opinion sur ses nouvelles aventures.<\/p><div class=\"publi-paragraphe1\" style=\"margin-top: 10px;margin-bottom: 10px;margin-left: auto;margin-right: auto;text-align: center;\" id=\"publi-117307345\"><div class=\"publi-adlabel\">Publicit\u00e9<\/div><script async src=\"\/\/pagead2.googlesyndication.com\/pagead\/js\/adsbygoogle.js?client=ca-pub-4089586018074219\" crossorigin=\"anonymous\"><\/script><ins class=\"adsbygoogle\" style=\"display:block;\" data-ad-client=\"ca-pub-4089586018074219\" \ndata-ad-slot=\"2087940154\" \ndata-ad-format=\"auto\"><\/ins>\n<script> \n(adsbygoogle = window.adsbygoogle || []).push({}); \n<\/script>\n<\/div>\n<div class=\"publi-apres-le-contenu\" style=\"margin-top: 10px;margin-bottom: 10px;margin-left: auto;margin-right: auto;text-align: center;\" id=\"publi-674446957\"><div class=\"publi-adlabel\">Publicit\u00e9<\/div><script async src=\"\/\/pagead2.googlesyndication.com\/pagead\/js\/adsbygoogle.js?client=ca-pub-4089586018074219\" crossorigin=\"anonymous\"><\/script><ins class=\"adsbygoogle\" style=\"display:block;\" data-ad-client=\"ca-pub-4089586018074219\" \ndata-ad-slot=\"2087940154\" \ndata-ad-format=\"auto\"><\/ins>\n<script> \n(adsbygoogle = window.adsbygoogle || []).push({}); \n<\/script>\n<\/div>","protected":false},"excerpt":{"rendered":"<p>Ayant conduit la liste de la coalition Benno Bokk Yakaar aux derni\u00e8res \u00e9lections L\u00e9gislatives, Aminata Tour\u00e9 dans ses r\u00eaves se trouvait au sommet de l\u2019h\u00e9micycle. Mais par un r\u00e9veil brutal, elle constate que le fauteuil du perchoir de l\u2019Assembl\u00e9e nationale revenait \u00e0 Amadou Mame DIOP, d\u00e9put\u00e9-Maire de Richard-Toll. Le pr\u00e9sident Macky Sall en a d\u00e9cid\u00e9 autrement, un choix qui l\u2019a mit dans tout ses \u00e9tats. Mimi, explose, boude l\u2019installation de la 14eme L\u00e9gislature. Au lendemain elle passe \u00e0 la vitesse sup\u00e9rieure, face \u00e0 la presse internationale, elle vilipende le r\u00e9gime de Macky Sall et d\u00e9nonce une \u00e9ventuelle 3eme candidature. Elle averti le pr\u00e9sident Sall de toute tentative de briguer un troisi\u00e8me mandat. Source A, Le Quotidien rapporte de son c\u00f4t\u00e9 que Mimi Tour\u00e9 s\u2019est d\u00e9j\u00e0 lanc\u00e9e dans la course aux parrainages. Dans une note adress\u00e9e \u00e0 ses partisans et consult\u00e9e par le journal, elle dit : \u00abNous allons devoir rapidement passer \u00e0 la phase active en vue des \u00e9ch\u00e9ances politiques de 2024.\u00bb Le divorce entre l\u2019ex premier ministre Aminata Tour\u00e9 et le chef de l\u2019\u00e9tat est act\u00e9. Ce Dimanche Aminata Tour\u00e9 \u00e9difiera l\u2019opinion sur ses nouvelles aventures.<\/p>\n","protected":false},"author":1,"featured_media":2784,"comment_status":"open","ping_status":"open","sticky":false,"template":"","format":"standard","meta":{"_jetpack_memberships_contains_paid_content":false,"footnotes":""},"categories":[375,3,1],"tags":[480,11,995],"class_list":["post-2743","post","type-post","status-publish","format-standard","has-post-thumbnail","hentry","category-actualites","category-politique","category-non-classe","tag-aminata-toure","tag-macky-sall","tag-presidentielle-2022","entry","has-media","owp-thumbs-layout-horizontal","owp-btn-normal","owp-tabs-layout-horizontal","has-no-thumbnails","has-product-nav"],"yoast_head":"<!-- This site is optimized with the Yoast SEO plugin v25.5 - https:\/\/yoast.com\/wordpress\/plugins\/seo\/ -->\n<title>Mimi et Macky c\u2019est fini? - LE PUBLIC<\/title>\n<meta name=\"robots\" content=\"index, follow, max-snippet:-1, max-image-preview:large, max-video-preview:-1\" \/>\n<link rel=\"canonical\" href=\"https:\/\/www.public.sn\/index.php\/2022\/09\/24\/mimi-et-macky-cest-fini\/\" \/>\n<meta property=\"og:locale\" content=\"fr_FR\" \/>\n<meta property=\"og:type\" content=\"article\" \/>\n<meta property=\"og:title\" content=\"Mimi et Macky c\u2019est fini? - LE PUBLIC\" \/>\n<meta property=\"og:description\" content=\"Ayant conduit la liste de la coalition Benno Bokk Yakaar aux derni\u00e8res \u00e9lections L\u00e9gislatives, Aminata Tour\u00e9 dans ses r\u00eaves se trouvait au sommet de l\u2019h\u00e9micycle. Mais par un r\u00e9veil brutal, elle constate que le fauteuil du perchoir de l\u2019Assembl\u00e9e nationale revenait \u00e0 Amadou Mame DIOP, d\u00e9put\u00e9-Maire de Richard-Toll. Le pr\u00e9sident Macky Sall en a d\u00e9cid\u00e9 autrement, un choix qui l\u2019a mit dans tout ses \u00e9tats. Mimi, explose, boude l\u2019installation de la 14eme L\u00e9gislature. Au lendemain elle passe \u00e0 la vitesse sup\u00e9rieure, face \u00e0 la presse internationale, elle vilipende le r\u00e9gime de Macky Sall et d\u00e9nonce une \u00e9ventuelle 3eme candidature. Elle averti le pr\u00e9sident Sall de toute tentative de briguer un troisi\u00e8me mandat. Source A, Le Quotidien rapporte de son c\u00f4t\u00e9 que Mimi Tour\u00e9 s\u2019est d\u00e9j\u00e0 lanc\u00e9e dans la course aux parrainages. Dans une note adress\u00e9e \u00e0 ses partisans et consult\u00e9e par le journal, elle dit : \u00abNous allons devoir rapidement passer \u00e0 la phase active en vue des \u00e9ch\u00e9ances politiques de 2024.\u00bb Le divorce entre l\u2019ex premier ministre Aminata Tour\u00e9 et le chef de l\u2019\u00e9tat est act\u00e9. Ce Dimanche Aminata Tour\u00e9 \u00e9difiera l\u2019opinion sur ses nouvelles aventures.\" \/>\n<meta property=\"og:url\" content=\"https:\/\/www.public.sn\/index.php\/2022\/09\/24\/mimi-et-macky-cest-fini\/\" \/>\n<meta property=\"og:site_name\" content=\"LE PUBLIC\" \/>\n<meta property=\"article:published_time\" content=\"2022-09-24T09:44:51+00:00\" \/>\n<meta property=\"article:modified_time\" content=\"2022-09-24T09:44:53+00:00\" \/>\n<meta property=\"og:image\" content=\"https:\/\/www.public.sn\/wp-content\/uploads\/2022\/09\/Aminata-Toure-new.jpg\" \/>\n\t<meta property=\"og:image:width\" content=\"700\" \/>\n\t<meta property=\"og:image:height\" content=\"418\" \/>\n\t<meta property=\"og:image:type\" content=\"image\/jpeg\" \/>\n<meta name=\"author\" content=\"LA REDACTION\" \/>\n<meta name=\"twitter:card\" content=\"summary_large_image\" \/>\n<meta name=\"twitter:label1\" content=\"\u00c9crit par\" \/>\n\t<meta name=\"twitter:data1\" content=\"LA REDACTION\" \/>\n\t<meta name=\"twitter:label2\" content=\"Dur\u00e9e de lecture estim\u00e9e\" \/>\n\t<meta name=\"twitter:data2\" content=\"1 minute\" \/>\n<script type=\"application\/ld+json\" class=\"yoast-schema-graph\">{\"@context\":\"https:\/\/schema.org\",\"@graph\":[{\"@type\":\"Article\",\"@id\":\"https:\/\/www.public.sn\/index.php\/2022\/09\/24\/mimi-et-macky-cest-fini\/#article\",\"isPartOf\":{\"@id\":\"https:\/\/www.public.sn\/index.php\/2022\/09\/24\/mimi-et-macky-cest-fini\/\"},\"author\":{\"name\":\"LA REDACTION\",\"@id\":\"https:\/\/www.public.sn\/#\/schema\/person\/e3f4a11b037d4203902db148f9bc8d5a\"},\"headline\":\"Mimi et Macky c\u2019est fini?\",\"datePublished\":\"2022-09-24T09:44:51+00:00\",\"dateModified\":\"2022-09-24T09:44:53+00:00\",\"mainEntityOfPage\":{\"@id\":\"https:\/\/www.public.sn\/index.php\/2022\/09\/24\/mimi-et-macky-cest-fini\/\"},\"wordCount\":216,\"commentCount\":0,\"publisher\":{\"@id\":\"https:\/\/www.public.sn\/#organization\"},\"image\":{\"@id\":\"https:\/\/www.public.sn\/index.php\/2022\/09\/24\/mimi-et-macky-cest-fini\/#primaryimage\"},\"thumbnailUrl\":\"https:\/\/www.public.sn\/wp-content\/uploads\/2022\/09\/Aminata-Toure-new.jpg\",\"keywords\":[\"Aminata Tour\u00e9\",\"Macky Sall\",\"Pr\u00e9sidentielle 2022\"],\"articleSection\":[\"ACTUALIT\u00c9S\",\"POLITIQUE\",\"S\u00c9N\u00c9GAL\"],\"inLanguage\":\"fr-FR\",\"potentialAction\":[{\"@type\":\"CommentAction\",\"name\":\"Comment\",\"target\":[\"https:\/\/www.public.sn\/index.php\/2022\/09\/24\/mimi-et-macky-cest-fini\/#respond\"]}]},{\"@type\":\"WebPage\",\"@id\":\"https:\/\/www.public.sn\/index.php\/2022\/09\/24\/mimi-et-macky-cest-fini\/\",\"url\":\"https:\/\/www.public.sn\/index.php\/2022\/09\/24\/mimi-et-macky-cest-fini\/\",\"name\":\"Mimi et Macky c\u2019est fini? - LE PUBLIC\",\"isPartOf\":{\"@id\":\"https:\/\/www.public.sn\/#website\"},\"primaryImageOfPage\":{\"@id\":\"https:\/\/www.public.sn\/index.php\/2022\/09\/24\/mimi-et-macky-cest-fini\/#primaryimage\"},\"image\":{\"@id\":\"https:\/\/www.public.sn\/index.php\/2022\/09\/24\/mimi-et-macky-cest-fini\/#primaryimage\"},\"thumbnailUrl\":\"https:\/\/www.public.sn\/wp-content\/uploads\/2022\/09\/Aminata-Toure-new.jpg\",\"datePublished\":\"2022-09-24T09:44:51+00:00\",\"dateModified\":\"2022-09-24T09:44:53+00:00\",\"breadcrumb\":{\"@id\":\"https:\/\/www.public.sn\/index.php\/2022\/09\/24\/mimi-et-macky-cest-fini\/#breadcrumb\"},\"inLanguage\":\"fr-FR\",\"potentialAction\":[{\"@type\":\"ReadAction\",\"target\":[\"https:\/\/www.public.sn\/index.php\/2022\/09\/24\/mimi-et-macky-cest-fini\/\"]}]},{\"@type\":\"ImageObject\",\"inLanguage\":\"fr-FR\",\"@id\":\"https:\/\/www.public.sn\/index.php\/2022\/09\/24\/mimi-et-macky-cest-fini\/#primaryimage\",\"url\":\"https:\/\/www.public.sn\/wp-content\/uploads\/2022\/09\/Aminata-Toure-new.jpg\",\"contentUrl\":\"https:\/\/www.public.sn\/wp-content\/uploads\/2022\/09\/Aminata-Toure-new.jpg\",\"width\":700,\"height\":418},{\"@type\":\"BreadcrumbList\",\"@id\":\"https:\/\/www.public.sn\/index.php\/2022\/09\/24\/mimi-et-macky-cest-fini\/#breadcrumb\",\"itemListElement\":[{\"@type\":\"ListItem\",\"position\":1,\"name\":\"Accueil\",\"item\":\"https:\/\/www.public.sn\/\"},{\"@type\":\"ListItem\",\"position\":2,\"name\":\"Mimi et Macky c\u2019est fini?\"}]},{\"@type\":\"WebSite\",\"@id\":\"https:\/\/www.public.sn\/#website\",\"url\":\"https:\/\/www.public.sn\/\",\"name\":\"LE PUBLIC\",\"description\":\"\",\"publisher\":{\"@id\":\"https:\/\/www.public.sn\/#organization\"},\"potentialAction\":[{\"@type\":\"SearchAction\",\"target\":{\"@type\":\"EntryPoint\",\"urlTemplate\":\"https:\/\/www.public.sn\/?s={search_term_string}\"},\"query-input\":{\"@type\":\"PropertyValueSpecification\",\"valueRequired\":true,\"valueName\":\"search_term_string\"}}],\"inLanguage\":\"fr-FR\"},{\"@type\":\"Organization\",\"@id\":\"https:\/\/www.public.sn\/#organization\",\"name\":\"LE PUBLIC\",\"url\":\"https:\/\/www.public.sn\/\",\"logo\":{\"@type\":\"ImageObject\",\"inLanguage\":\"fr-FR\",\"@id\":\"https:\/\/www.public.sn\/#\/schema\/logo\/image\/\",\"url\":\"https:\/\/www.public.sn\/wp-content\/uploads\/2024\/05\/cropped-LOGO-PUBLIC.SN_.png\",\"contentUrl\":\"https:\/\/www.public.sn\/wp-content\/uploads\/2024\/05\/cropped-LOGO-PUBLIC.SN_.png\",\"width\":682,\"height\":192,\"caption\":\"LE PUBLIC\"},\"image\":{\"@id\":\"https:\/\/www.public.sn\/#\/schema\/logo\/image\/\"}},{\"@type\":\"Person\",\"@id\":\"https:\/\/www.public.sn\/#\/schema\/person\/e3f4a11b037d4203902db148f9bc8d5a\",\"name\":\"LA REDACTION\",\"image\":{\"@type\":\"ImageObject\",\"inLanguage\":\"fr-FR\",\"@id\":\"https:\/\/www.public.sn\/#\/schema\/person\/image\/\",\"url\":\"https:\/\/secure.gravatar.com\/avatar\/d6c030db45db2883c075085c5d6c6258654a801a93766b49af0b82d4f454e2a5?s=96&d=mm&r=g\",\"contentUrl\":\"https:\/\/secure.gravatar.com\/avatar\/d6c030db45db2883c075085c5d6c6258654a801a93766b49af0b82d4f454e2a5?s=96&d=mm&r=g\",\"caption\":\"LA REDACTION\"},\"sameAs\":[\"http:\/\/www.public.sn\"],\"url\":\"https:\/\/www.public.sn\/index.php\/author\/admin7324\/\"}]}<\/script>\n<!-- \/ Yoast SEO plugin. -->","yoast_head_json":{"title":"Mimi et Macky c\u2019est fini? - LE PUBLIC","robots":{"index":"index","follow":"follow","max-snippet":"max-snippet:-1","max-image-preview":"max-image-preview:large","max-video-preview":"max-video-preview:-1"},"canonical":"https:\/\/www.public.sn\/index.php\/2022\/09\/24\/mimi-et-macky-cest-fini\/","og_locale":"fr_FR","og_type":"article","og_title":"Mimi et Macky c\u2019est fini? - LE PUBLIC","og_description":"Ayant conduit la liste de la coalition Benno Bokk Yakaar aux derni\u00e8res \u00e9lections L\u00e9gislatives, Aminata Tour\u00e9 dans ses r\u00eaves se trouvait au sommet de l\u2019h\u00e9micycle. Mais par un r\u00e9veil brutal, elle constate que le fauteuil du perchoir de l\u2019Assembl\u00e9e nationale revenait \u00e0 Amadou Mame DIOP, d\u00e9put\u00e9-Maire de Richard-Toll. Le pr\u00e9sident Macky Sall en a d\u00e9cid\u00e9 autrement, un choix qui l\u2019a mit dans tout ses \u00e9tats. Mimi, explose, boude l\u2019installation de la 14eme L\u00e9gislature. Au lendemain elle passe \u00e0 la vitesse sup\u00e9rieure, face \u00e0 la presse internationale, elle vilipende le r\u00e9gime de Macky Sall et d\u00e9nonce une \u00e9ventuelle 3eme candidature. Elle averti le pr\u00e9sident Sall de toute tentative de briguer un troisi\u00e8me mandat. Source A, Le Quotidien rapporte de son c\u00f4t\u00e9 que Mimi Tour\u00e9 s\u2019est d\u00e9j\u00e0 lanc\u00e9e dans la course aux parrainages. Dans une note adress\u00e9e \u00e0 ses partisans et consult\u00e9e par le journal, elle dit : \u00abNous allons devoir rapidement passer \u00e0 la phase active en vue des \u00e9ch\u00e9ances politiques de 2024.\u00bb Le divorce entre l\u2019ex premier ministre Aminata Tour\u00e9 et le chef de l\u2019\u00e9tat est act\u00e9. Ce Dimanche Aminata Tour\u00e9 \u00e9difiera l\u2019opinion sur ses nouvelles aventures.","og_url":"https:\/\/www.public.sn\/index.php\/2022\/09\/24\/mimi-et-macky-cest-fini\/","og_site_name":"LE PUBLIC","article_published_time":"2022-09-24T09:44:51+00:00","article_modified_time":"2022-09-24T09:44:53+00:00","og_image":[{"width":700,"height":418,"url":"https:\/\/www.public.sn\/wp-content\/uploads\/2022\/09\/Aminata-Toure-new.jpg","type":"image\/jpeg"}],"author":"LA REDACTION","twitter_card":"summary_large_image","twitter_misc":{"\u00c9crit par":"LA REDACTION","Dur\u00e9e de lecture estim\u00e9e":"1 minute"},"schema":{"@context":"https:\/\/schema.org","@graph":[{"@type":"Article","@id":"https:\/\/www.public.sn\/index.php\/2022\/09\/24\/mimi-et-macky-cest-fini\/#article","isPartOf":{"@id":"https:\/\/www.public.sn\/index.php\/2022\/09\/24\/mimi-et-macky-cest-fini\/"},"author":{"name":"LA REDACTION","@id":"https:\/\/www.public.sn\/#\/schema\/person\/e3f4a11b037d4203902db148f9bc8d5a"},"headline":"Mimi et Macky c\u2019est fini?","datePublished":"2022-09-24T09:44:51+00:00","dateModified":"2022-09-24T09:44:53+00:00","mainEntityOfPage":{"@id":"https:\/\/www.public.sn\/index.php\/2022\/09\/24\/mimi-et-macky-cest-fini\/"},"wordCount":216,"commentCount":0,"publisher":{"@id":"https:\/\/www.public.sn\/#organization"},"image":{"@id":"https:\/\/www.public.sn\/index.php\/2022\/09\/24\/mimi-et-macky-cest-fini\/#primaryimage"},"thumbnailUrl":"https:\/\/www.public.sn\/wp-content\/uploads\/2022\/09\/Aminata-Toure-new.jpg","keywords":["Aminata Tour\u00e9","Macky Sall","Pr\u00e9sidentielle 2022"],"articleSection":["ACTUALIT\u00c9S","POLITIQUE","S\u00c9N\u00c9GAL"],"inLanguage":"fr-FR","potentialAction":[{"@type":"CommentAction","name":"Comment","target":["https:\/\/www.public.sn\/index.php\/2022\/09\/24\/mimi-et-macky-cest-fini\/#respond"]}]},{"@type":"WebPage","@id":"https:\/\/www.public.sn\/index.php\/2022\/09\/24\/mimi-et-macky-cest-fini\/","url":"https:\/\/www.public.sn\/index.php\/2022\/09\/24\/mimi-et-macky-cest-fini\/","name":"Mimi et Macky c\u2019est fini? - LE PUBLIC","isPartOf":{"@id":"https:\/\/www.public.sn\/#website"},"primaryImageOfPage":{"@id":"https:\/\/www.public.sn\/index.php\/2022\/09\/24\/mimi-et-macky-cest-fini\/#primaryimage"},"image":{"@id":"https:\/\/www.public.sn\/index.php\/2022\/09\/24\/mimi-et-macky-cest-fini\/#primaryimage"},"thumbnailUrl":"https:\/\/www.public.sn\/wp-content\/uploads\/2022\/09\/Aminata-Toure-new.jpg","datePublished":"2022-09-24T09:44:51+00:00","dateModified":"2022-09-24T09:44:53+00:00","breadcrumb":{"@id":"https:\/\/www.public.sn\/index.php\/2022\/09\/24\/mimi-et-macky-cest-fini\/#breadcrumb"},"inLanguage":"fr-FR","potentialAction":[{"@type":"ReadAction","target":["https:\/\/www.public.sn\/index.php\/2022\/09\/24\/mimi-et-macky-cest-fini\/"]}]},{"@type":"ImageObject","inLanguage":"fr-FR","@id":"https:\/\/www.public.sn\/index.php\/2022\/09\/24\/mimi-et-macky-cest-fini\/#primaryimage","url":"https:\/\/www.public.sn\/wp-content\/uploads\/2022\/09\/Aminata-Toure-new.jpg","contentUrl":"https:\/\/www.public.sn\/wp-content\/uploads\/2022\/09\/Aminata-Toure-new.jpg","width":700,"height":418},{"@type":"BreadcrumbList","@id":"https:\/\/www.public.sn\/index.php\/2022\/09\/24\/mimi-et-macky-cest-fini\/#breadcrumb","itemListElement":[{"@type":"ListItem","position":1,"name":"Accueil","item":"https:\/\/www.public.sn\/"},{"@type":"ListItem","position":2,"name":"Mimi et Macky c\u2019est fini?"}]},{"@type":"WebSite","@id":"https:\/\/www.public.sn\/#website","url":"https:\/\/www.public.sn\/","name":"LE PUBLIC","description":"","publisher":{"@id":"https:\/\/www.public.sn\/#organization"},"potentialAction":[{"@type":"SearchAction","target":{"@type":"EntryPoint","urlTemplate":"https:\/\/www.public.sn\/?s={search_term_string}"},"query-input":{"@type":"PropertyValueSpecification","valueRequired":true,"valueName":"search_term_string"}}],"inLanguage":"fr-FR"},{"@type":"Organization","@id":"https:\/\/www.public.sn\/#organization","name":"LE PUBLIC","url":"https:\/\/www.public.sn\/","logo":{"@type":"ImageObject","inLanguage":"fr-FR","@id":"https:\/\/www.public.sn\/#\/schema\/logo\/image\/","url":"https:\/\/www.public.sn\/wp-content\/uploads\/2024\/05\/cropped-LOGO-PUBLIC.SN_.png","contentUrl":"https:\/\/www.public.sn\/wp-content\/uploads\/2024\/05\/cropped-LOGO-PUBLIC.SN_.png","width":682,"height":192,"caption":"LE PUBLIC"},"image":{"@id":"https:\/\/www.public.sn\/#\/schema\/logo\/image\/"}},{"@type":"Person","@id":"https:\/\/www.public.sn\/#\/schema\/person\/e3f4a11b037d4203902db148f9bc8d5a","name":"LA REDACTION","image":{"@type":"ImageObject","inLanguage":"fr-FR","@id":"https:\/\/www.public.sn\/#\/schema\/person\/image\/","url":"https:\/\/secure.gravatar.com\/avatar\/d6c030db45db2883c075085c5d6c6258654a801a93766b49af0b82d4f454e2a5?s=96&d=mm&r=g","contentUrl":"https:\/\/secure.gravatar.com\/avatar\/d6c030db45db2883c075085c5d6c6258654a801a93766b49af0b82d4f454e2a5?s=96&d=mm&r=g","caption":"LA REDACTION"},"sameAs":["http:\/\/www.public.sn"],"url":"https:\/\/www.public.sn\/index.php\/author\/admin7324\/"}]}},"jetpack_featured_media_url":"https:\/\/www.public.sn\/wp-content\/uploads\/2022\/09\/Aminata-Toure-new.jpg","jetpack_sharing_enabled":true,"_links":{"self":[{"href":"https:\/\/www.public.sn\/index.php\/wp-json\/wp\/v2\/posts\/2743","targetHints":{"allow":["GET"]}}],"collection":[{"href":"https:\/\/www.public.sn\/index.php\/wp-json\/wp\/v2\/posts"}],"about":[{"href":"https:\/\/www.public.sn\/index.php\/wp-json\/wp\/v2\/types\/post"}],"author":[{"embeddable":true,"href":"https:\/\/www.public.sn\/index.php\/wp-json\/wp\/v2\/users\/1"}],"replies":[{"embeddable":true,"href":"https:\/\/www.public.sn\/index.php\/wp-json\/wp\/v2\/comments?post=2743"}],"version-history":[{"count":2,"href":"https:\/\/www.public.sn\/index.php\/wp-json\/wp\/v2\/posts\/2743\/revisions"}],"predecessor-version":[{"id":2785,"href":"https:\/\/www.public.sn\/index.php\/wp-json\/wp\/v2\/posts\/2743\/revisions\/2785"}],"wp:featuredmedia":[{"embeddable":true,"href":"https:\/\/www.public.sn\/index.php\/wp-json\/wp\/v2\/media\/2784"}],"wp:attachment":[{"href":"https:\/\/www.public.sn\/index.php\/wp-json\/wp\/v2\/media?parent=2743"}],"wp:term":[{"taxonomy":"category","embeddable":true,"href":"https:\/\/www.public.sn\/index.php\/wp-json\/wp\/v2\/categories?post=2743"},{"taxonomy":"post_tag","embeddable":true,"href":"https:\/\/www.public.sn\/index.php\/wp-json\/wp\/v2\/tags?post=2743"}],"curies":[{"name":"wp","href":"https:\/\/api.w.org\/{rel}","templated":true}]}}