{"id":27732,"date":"2023-10-09T12:02:10","date_gmt":"2023-10-09T12:02:10","guid":{"rendered":"https:\/\/www.public.sn\/?p=27732"},"modified":"2023-10-09T16:53:32","modified_gmt":"2023-10-09T16:53:32","slug":"le-leader-du-pastef-toujours-en-zone-trouble","status":"publish","type":"post","link":"https:\/\/www.public.sn\/index.php\/2023\/10\/09\/le-leader-du-pastef-toujours-en-zone-trouble\/","title":{"rendered":"LE LEADER DU PASTEF TOUJOURS EN ZONE TROUBLE"},"content":{"rendered":"<div class=\"x78zum5\" role=\"none\">\n<div class=\"x78zum5 x1iyjqo2 xs83m0k xeuugli x15zctf7\" role=\"none\">\n<div class=\"x1h91t0o xkh2ocl x78zum5 xdt5ytf x13a6bvl x1r145dm\" role=\"none\">\n<div class=\"x78zum5 xh8yej3\" role=\"none\">\n<div class=\"x78zum5 xdt5ytf x193iq5w x1n2onr6 xuk3077\">\n<div class=\"x78zum5 xh8yej3\" role=\"none\">\n<div class=\"x1tlxs6b x1g8br2z x1gn5b1j x230xth x14ctfv x1okitfd x6ikm8r x10wlt62 x1mzt3pk x1y1aw1k xn6708d xwib8y2 x1ye3gou x1n2onr6 x13faqbe x1vjfegm\" role=\"none\">\n<div class=\"x9f619 x1n2onr6 x1ja2u2z __fb-light-mode\" role=\"none\">\n<div class=\"x6prxxf x1fc57z9 x1yc453h x126k92a x14ctfv\" dir=\"auto\" role=\"none\"><\/div>\n<div dir=\"auto\" role=\"none\"><\/div>\n<div class=\"x6prxxf x1fc57z9 x1yc453h x126k92a x14ctfv\" dir=\"auto\" role=\"none\">Suite au rejet de la Cour Supr\u00eame, les avocats de Ousmane Sonko nourrissent de l\u2019espoir quand au tribunal de ziguinchor. La DGE a eu raison du leader du Pastef. Son refus de donner la fiche de parrainage \u00e0 Mouhamed Ayib Daff\u00e9 a \u00e9t\u00e9 soutenu par la cour supr\u00eame ce vendredi.<\/div>\n<div dir=\"auto\" role=\"none\"><\/div>\n<div class=\"x6prxxf x1fc57z9 x1yc453h x126k92a x14ctfv\" dir=\"auto\" role=\"none\">En effet ses avocats, ont \u00e9t\u00e9 d\u00e9bout\u00e9s par la Cour. Leur requ\u00eate avait pour but, de contester la d\u00e9cision de la Direction G\u00e9n\u00e9ral des \u00e9lections Son exclusion des listes \u00e9lectorales est l\u2019affaire de tribunal d\u2019instance de Ziguinchor.<\/div>\n<div dir=\"auto\" role=\"none\"><\/div>\n<div class=\"x6prxxf x1fc57z9 x1yc453h x126k92a x14ctfv\" dir=\"auto\" role=\"none\">Ce dernier devra statuer pour clarifier la posture d\u2019Ousmane Sonko. D\u00e8s lors les d\u00e9fendeurs de Sonko se disent confiants quant au verdict attendu. Ils affirment avoir travaill\u00e9 sur le fond autant que sur la forme.<\/div>\n<div dir=\"auto\" role=\"none\"><\/div>\n<div dir=\"auto\" role=\"none\"><\/div>\n<div class=\"x6prxxf x1fc57z9 x1yc453h x126k92a x14ctfv\" dir=\"auto\" role=\"none\">Et que cette fois-ci ils sont sur la bonne voie. Il faut noter que cette cartouche est la derni\u00e8re pour le camp de l\u2019ex Pastef.<\/div>\n<div dir=\"auto\" role=\"none\"><\/div>\n<div dir=\"auto\" role=\"none\"><\/div>\n<div dir=\"auto\" role=\"none\"><\/div>\n<h2 class=\"x6prxxf x1fc57z9 x1yc453h x126k92a x14ctfv\" dir=\"auto\" role=\"none\"><b>Nd\u00e8ye Marie DIALLO<\/b><\/h2>\n<\/div>\n<\/div>\n<\/div>\n<\/div>\n<\/div>\n<div class=\"x1h91t0o xkh2ocl x78zum5 xdt5ytf x13a6bvl x193iq5w x1c4vz4f xcrg951\" role=\"none\"><\/div>\n<\/div>\n<div class=\"x1h91t0o xkh2ocl x78zum5 xdt5ytf x13a6bvl x193iq5w x1c4vz4f xcrg951\" role=\"none\">\n<div class=\"x78zum5 xdt5ytf x1iyjqo2 x2lah0s xl56j7k x1n2onr6 x1ll7btr x1n327nk x1mpkggp\" aria-hidden=\"true\">\n<div class=\"x6s0dn4 x78zum5 x1ll7btr x15zctf7\" role=\"none\">\n<div class=\"x6s0dn4 x78zum5 x1ll7btr x15zctf7\" role=\"none\">\n<div>\n<div class=\"x1i10hfl x1qjc9v5 xjbqb8w xjqpnuy xa49m3k xqeqjp1 x2hbi6w x13fuv20 xu3j5b3 x1q0q8m5 x26u7qi x972fbf xcfux6l x1qhh985 xm0m39n x9f619 x1ypdohk xdl72j9 x2lah0s xe8uvvx xdj266r x11i5rnm xat24cr x1mh8g0r x2lwn1j xeuugli xexx8yu x4uap5 x18d9i69 xkhd6sd x1n2onr6 x16tdsg8 x1hl2dhg xggy1nq x1ja2u2z x1t137rt x1o1ewxj x3x9cwd x1e5q0jg x13rtm0m x1q0g3np x87ps6o x1lku1pv x78zum5 x1a2a7pz\" tabindex=\"0\" role=\"button\" aria-expanded=\"false\" aria-haspopup=\"menu\" aria-label=\"R\u00e9agir\">\n<div class=\"xc26acl x6s0dn4 x14yjl9h xudhj91 x18nykt9 xww2gxu x1ypdohk x78zum5 x2lah0s xxk0z11 xl56j7k x11i5rnm x1mh8g0r x1n2onr6 x2b8uid xvy4d1p x15vn3sj\">\n<div class=\"x17rw0jw x197sbye x17z2i9w x4gyw5p x1o7uuvo\"><\/div>\n<\/div>\n<\/div>\n<\/div>\n<div>\n<div class=\"xc26acl x6s0dn4 x14yjl9h xudhj91 x18nykt9 xww2gxu x1ypdohk x78zum5 x2lah0s xxk0z11 xl56j7k x11i5rnm x1mh8g0r x1n2onr6 x2b8uid xvy4d1p x15vn3sj\">\n<div class=\"x1i10hfl x1qjc9v5 xjbqb8w xjqpnuy xa49m3k xqeqjp1 x2hbi6w x13fuv20 xu3j5b3 x1q0q8m5 x26u7qi x972fbf xcfux6l x1qhh985 xm0m39n x9f619 x1ypdohk xdl72j9 x2lah0s xe8uvvx xdj266r x11i5rnm xat24cr x1mh8g0r x2lwn1j xeuugli xexx8yu x4uap5 x18d9i69 xkhd6sd x1n2onr6 x16tdsg8 x1hl2dhg xggy1nq x1ja2u2z x1t137rt x1o1ewxj x3x9cwd x1e5q0jg x13rtm0m x1q0g3np x87ps6o x1lku1pv x78zum5 x1a2a7pz\" tabindex=\"0\" role=\"button\" aria-label=\"R\u00e9pondre\">\n<div class=\"x17rw0jw x197sbye x17z2i9w x4gyw5p x1o7uuvo\"><\/div>\n<\/div>\n<\/div>\n<\/div>\n<div>\n<div class=\"x1i10hfl x1qjc9v5 xjbqb8w xjqpnuy xa49m3k xqeqjp1 x2hbi6w x13fuv20 xu3j5b3 x1q0q8m5 x26u7qi x972fbf xcfux6l x1qhh985 xm0m39n x9f619 x1ypdohk xdl72j9 x2lah0s xe8uvvx xdj266r x11i5rnm xat24cr x1mh8g0r x2lwn1j xeuugli xexx8yu x4uap5 x18d9i69 xkhd6sd x1n2onr6 x16tdsg8 x1hl2dhg xggy1nq x1ja2u2z x1t137rt x1o1ewxj x3x9cwd x1e5q0jg x13rtm0m x1q0g3np x87ps6o x1lku1pv x78zum5 x1a2a7pz\" tabindex=\"0\" role=\"button\" aria-expanded=\"false\" aria-haspopup=\"menu\" aria-label=\"Plus\">\n<div class=\"xc26acl x6s0dn4 x14yjl9h xudhj91 x18nykt9 xww2gxu x1ypdohk x78zum5 x2lah0s xxk0z11 xl56j7k x11i5rnm x1mh8g0r x1n2onr6 x2b8uid xvy4d1p x15vn3sj\">\n<div class=\"x17rw0jw x197sbye x17z2i9w x4gyw5p x1o7uuvo\"><\/div>\n<\/div>\n<\/div>\n<\/div>\n<\/div>\n<\/div>\n<\/div>\n<\/div>\n<div class=\"x1h91t0o xkh2ocl x78zum5 xdt5ytf x13a6bvl x193iq5w x1iyjqo2 xcrg951\" role=\"none\">\n<div class=\"x1r8uery x1iyjqo2\" role=\"none\"><\/div>\n<\/div>\n<\/div>\n<div class=\"x1h91t0o xkh2ocl x78zum5 xdt5ytf x13a6bvl x193iq5w x1c4vz4f xcrg951\" role=\"none\">\n<div class=\"x1xc55vz\" role=\"none\"><\/div>\n<\/div>\n<\/div>\n<div class=\"x78zum5 x13a6bvl\"><\/div>\n<div class=\"publi-apres-le-contenu\" style=\"margin-top: 10px;margin-bottom: 10px;margin-left: auto;margin-right: auto;text-align: center;\" id=\"publi-3064542644\"><div class=\"publi-adlabel\">Publicit\u00e9<\/div><script async src=\"\/\/pagead2.googlesyndication.com\/pagead\/js\/adsbygoogle.js?client=ca-pub-4089586018074219\" crossorigin=\"anonymous\"><\/script><ins class=\"adsbygoogle\" style=\"display:block;\" data-ad-client=\"ca-pub-4089586018074219\" \ndata-ad-slot=\"2087940154\" \ndata-ad-format=\"auto\"><\/ins>\n<script> \n(adsbygoogle = window.adsbygoogle || []).push({}); \n<\/script>\n<\/div>","protected":false},"excerpt":{"rendered":"<p>Suite au rejet de la Cour Supr\u00eame, les avocats de Ousmane Sonko nourrissent de l\u2019espoir quand au tribunal de ziguinchor. La DGE a eu raison du leader du Pastef. Son refus de donner la fiche de parrainage \u00e0 Mouhamed Ayib Daff\u00e9 a \u00e9t\u00e9 soutenu par la cour supr\u00eame ce vendredi. En effet ses avocats, ont \u00e9t\u00e9 d\u00e9bout\u00e9s par la Cour. Leur requ\u00eate avait pour but, de contester la d\u00e9cision de la Direction G\u00e9n\u00e9ral des \u00e9lections Son exclusion des listes \u00e9lectorales est l\u2019affaire de tribunal d\u2019instance de Ziguinchor. Ce dernier devra statuer pour clarifier la posture d\u2019Ousmane Sonko. D\u00e8s lors les d\u00e9fendeurs de Sonko se disent confiants quant au verdict attendu. Ils affirment avoir travaill\u00e9 sur le fond autant que sur la forme. Et que cette fois-ci ils sont sur la bonne voie. Il faut noter que cette cartouche est la derni\u00e8re pour le camp de l\u2019ex Pastef. Nd\u00e8ye Marie DIALLO<\/p>\n","protected":false},"author":7,"featured_media":27733,"comment_status":"open","ping_status":"open","sticky":false,"template":"","format":"standard","meta":{"_jetpack_memberships_contains_paid_content":false,"footnotes":""},"categories":[375,3,372],"tags":[5347],"class_list":["post-27732","post","type-post","status-publish","format-standard","has-post-thumbnail","hentry","category-actualites","category-politique","category-vedette","tag-une","entry","has-media","owp-thumbs-layout-horizontal","owp-btn-normal","owp-tabs-layout-horizontal","has-no-thumbnails","has-product-nav"],"yoast_head":"<!-- This site is optimized with the Yoast SEO plugin v25.5 - https:\/\/yoast.com\/wordpress\/plugins\/seo\/ -->\n<title>LE LEADER DU PASTEF TOUJOURS EN ZONE TROUBLE - LE PUBLIC<\/title>\n<meta name=\"robots\" content=\"index, follow, max-snippet:-1, max-image-preview:large, max-video-preview:-1\" \/>\n<link rel=\"canonical\" href=\"https:\/\/www.public.sn\/index.php\/2023\/10\/09\/le-leader-du-pastef-toujours-en-zone-trouble\/\" \/>\n<meta property=\"og:locale\" content=\"fr_FR\" \/>\n<meta property=\"og:type\" content=\"article\" \/>\n<meta property=\"og:title\" content=\"LE LEADER DU PASTEF TOUJOURS EN ZONE TROUBLE - LE PUBLIC\" \/>\n<meta property=\"og:description\" content=\"Suite au rejet de la Cour Supr\u00eame, les avocats de Ousmane Sonko nourrissent de l\u2019espoir quand au tribunal de ziguinchor. La DGE a eu raison du leader du Pastef. Son refus de donner la fiche de parrainage \u00e0 Mouhamed Ayib Daff\u00e9 a \u00e9t\u00e9 soutenu par la cour supr\u00eame ce vendredi. En effet ses avocats, ont \u00e9t\u00e9 d\u00e9bout\u00e9s par la Cour. Leur requ\u00eate avait pour but, de contester la d\u00e9cision de la Direction G\u00e9n\u00e9ral des \u00e9lections Son exclusion des listes \u00e9lectorales est l\u2019affaire de tribunal d\u2019instance de Ziguinchor. Ce dernier devra statuer pour clarifier la posture d\u2019Ousmane Sonko. D\u00e8s lors les d\u00e9fendeurs de Sonko se disent confiants quant au verdict attendu. Ils affirment avoir travaill\u00e9 sur le fond autant que sur la forme. Et que cette fois-ci ils sont sur la bonne voie. Il faut noter que cette cartouche est la derni\u00e8re pour le camp de l\u2019ex Pastef. Nd\u00e8ye Marie DIALLO\" \/>\n<meta property=\"og:url\" content=\"https:\/\/www.public.sn\/index.php\/2023\/10\/09\/le-leader-du-pastef-toujours-en-zone-trouble\/\" \/>\n<meta property=\"og:site_name\" content=\"LE PUBLIC\" \/>\n<meta property=\"article:published_time\" content=\"2023-10-09T12:02:10+00:00\" \/>\n<meta property=\"article:modified_time\" content=\"2023-10-09T16:53:32+00:00\" \/>\n<meta property=\"og:image\" content=\"https:\/\/www.public.sn\/wp-content\/uploads\/2023\/10\/Capture-decran-2023-10-09-a-12.01.12.png\" \/>\n\t<meta property=\"og:image:width\" content=\"822\" \/>\n\t<meta property=\"og:image:height\" content=\"680\" \/>\n\t<meta property=\"og:image:type\" content=\"image\/png\" \/>\n<meta name=\"author\" content=\"LA REDACTION\" \/>\n<meta name=\"twitter:card\" content=\"summary_large_image\" \/>\n<meta name=\"twitter:label1\" content=\"\u00c9crit par\" \/>\n\t<meta name=\"twitter:data1\" content=\"LA REDACTION\" \/>\n\t<meta name=\"twitter:label2\" content=\"Dur\u00e9e de lecture estim\u00e9e\" \/>\n\t<meta name=\"twitter:data2\" content=\"1 minute\" \/>\n<script type=\"application\/ld+json\" class=\"yoast-schema-graph\">{\"@context\":\"https:\/\/schema.org\",\"@graph\":[{\"@type\":\"Article\",\"@id\":\"https:\/\/www.public.sn\/index.php\/2023\/10\/09\/le-leader-du-pastef-toujours-en-zone-trouble\/#article\",\"isPartOf\":{\"@id\":\"https:\/\/www.public.sn\/index.php\/2023\/10\/09\/le-leader-du-pastef-toujours-en-zone-trouble\/\"},\"author\":{\"name\":\"LA REDACTION\",\"@id\":\"https:\/\/www.public.sn\/#\/schema\/person\/cb76c8e1b8becc6be61fb5e92d6d0224\"},\"headline\":\"LE LEADER DU PASTEF TOUJOURS EN ZONE TROUBLE\",\"datePublished\":\"2023-10-09T12:02:10+00:00\",\"dateModified\":\"2023-10-09T16:53:32+00:00\",\"mainEntityOfPage\":{\"@id\":\"https:\/\/www.public.sn\/index.php\/2023\/10\/09\/le-leader-du-pastef-toujours-en-zone-trouble\/\"},\"wordCount\":174,\"commentCount\":0,\"publisher\":{\"@id\":\"https:\/\/www.public.sn\/#organization\"},\"image\":{\"@id\":\"https:\/\/www.public.sn\/index.php\/2023\/10\/09\/le-leader-du-pastef-toujours-en-zone-trouble\/#primaryimage\"},\"thumbnailUrl\":\"https:\/\/www.public.sn\/wp-content\/uploads\/2023\/10\/Capture-decran-2023-10-09-a-12.01.12.png\",\"keywords\":[\"une\"],\"articleSection\":[\"ACTUALIT\u00c9S\",\"POLITIQUE\",\"VEDETTE\"],\"inLanguage\":\"fr-FR\",\"potentialAction\":[{\"@type\":\"CommentAction\",\"name\":\"Comment\",\"target\":[\"https:\/\/www.public.sn\/index.php\/2023\/10\/09\/le-leader-du-pastef-toujours-en-zone-trouble\/#respond\"]}]},{\"@type\":\"WebPage\",\"@id\":\"https:\/\/www.public.sn\/index.php\/2023\/10\/09\/le-leader-du-pastef-toujours-en-zone-trouble\/\",\"url\":\"https:\/\/www.public.sn\/index.php\/2023\/10\/09\/le-leader-du-pastef-toujours-en-zone-trouble\/\",\"name\":\"LE LEADER DU PASTEF TOUJOURS EN ZONE TROUBLE - LE PUBLIC\",\"isPartOf\":{\"@id\":\"https:\/\/www.public.sn\/#website\"},\"primaryImageOfPage\":{\"@id\":\"https:\/\/www.public.sn\/index.php\/2023\/10\/09\/le-leader-du-pastef-toujours-en-zone-trouble\/#primaryimage\"},\"image\":{\"@id\":\"https:\/\/www.public.sn\/index.php\/2023\/10\/09\/le-leader-du-pastef-toujours-en-zone-trouble\/#primaryimage\"},\"thumbnailUrl\":\"https:\/\/www.public.sn\/wp-content\/uploads\/2023\/10\/Capture-decran-2023-10-09-a-12.01.12.png\",\"datePublished\":\"2023-10-09T12:02:10+00:00\",\"dateModified\":\"2023-10-09T16:53:32+00:00\",\"breadcrumb\":{\"@id\":\"https:\/\/www.public.sn\/index.php\/2023\/10\/09\/le-leader-du-pastef-toujours-en-zone-trouble\/#breadcrumb\"},\"inLanguage\":\"fr-FR\",\"potentialAction\":[{\"@type\":\"ReadAction\",\"target\":[\"https:\/\/www.public.sn\/index.php\/2023\/10\/09\/le-leader-du-pastef-toujours-en-zone-trouble\/\"]}]},{\"@type\":\"ImageObject\",\"inLanguage\":\"fr-FR\",\"@id\":\"https:\/\/www.public.sn\/index.php\/2023\/10\/09\/le-leader-du-pastef-toujours-en-zone-trouble\/#primaryimage\",\"url\":\"https:\/\/www.public.sn\/wp-content\/uploads\/2023\/10\/Capture-decran-2023-10-09-a-12.01.12.png\",\"contentUrl\":\"https:\/\/www.public.sn\/wp-content\/uploads\/2023\/10\/Capture-decran-2023-10-09-a-12.01.12.png\",\"width\":822,\"height\":680},{\"@type\":\"BreadcrumbList\",\"@id\":\"https:\/\/www.public.sn\/index.php\/2023\/10\/09\/le-leader-du-pastef-toujours-en-zone-trouble\/#breadcrumb\",\"itemListElement\":[{\"@type\":\"ListItem\",\"position\":1,\"name\":\"Accueil\",\"item\":\"https:\/\/www.public.sn\/\"},{\"@type\":\"ListItem\",\"position\":2,\"name\":\"LE LEADER DU PASTEF TOUJOURS EN ZONE TROUBLE\"}]},{\"@type\":\"WebSite\",\"@id\":\"https:\/\/www.public.sn\/#website\",\"url\":\"https:\/\/www.public.sn\/\",\"name\":\"LE PUBLIC\",\"description\":\"\",\"publisher\":{\"@id\":\"https:\/\/www.public.sn\/#organization\"},\"potentialAction\":[{\"@type\":\"SearchAction\",\"target\":{\"@type\":\"EntryPoint\",\"urlTemplate\":\"https:\/\/www.public.sn\/?s={search_term_string}\"},\"query-input\":{\"@type\":\"PropertyValueSpecification\",\"valueRequired\":true,\"valueName\":\"search_term_string\"}}],\"inLanguage\":\"fr-FR\"},{\"@type\":\"Organization\",\"@id\":\"https:\/\/www.public.sn\/#organization\",\"name\":\"LE PUBLIC\",\"url\":\"https:\/\/www.public.sn\/\",\"logo\":{\"@type\":\"ImageObject\",\"inLanguage\":\"fr-FR\",\"@id\":\"https:\/\/www.public.sn\/#\/schema\/logo\/image\/\",\"url\":\"https:\/\/www.public.sn\/wp-content\/uploads\/2024\/05\/cropped-LOGO-PUBLIC.SN_.png\",\"contentUrl\":\"https:\/\/www.public.sn\/wp-content\/uploads\/2024\/05\/cropped-LOGO-PUBLIC.SN_.png\",\"width\":682,\"height\":192,\"caption\":\"LE PUBLIC\"},\"image\":{\"@id\":\"https:\/\/www.public.sn\/#\/schema\/logo\/image\/\"}},{\"@type\":\"Person\",\"@id\":\"https:\/\/www.public.sn\/#\/schema\/person\/cb76c8e1b8becc6be61fb5e92d6d0224\",\"name\":\"LA REDACTION\",\"image\":{\"@type\":\"ImageObject\",\"inLanguage\":\"fr-FR\",\"@id\":\"https:\/\/www.public.sn\/#\/schema\/person\/image\/\",\"url\":\"https:\/\/secure.gravatar.com\/avatar\/2dce5ddd34b8fef0180efe03aa2a9bee7d953856048f9a16b298190a3178407c?s=96&d=mm&r=g\",\"contentUrl\":\"https:\/\/secure.gravatar.com\/avatar\/2dce5ddd34b8fef0180efe03aa2a9bee7d953856048f9a16b298190a3178407c?s=96&d=mm&r=g\",\"caption\":\"LA REDACTION\"},\"url\":\"https:\/\/www.public.sn\/index.php\/author\/editeurpsn\/\"}]}<\/script>\n<!-- \/ Yoast SEO plugin. -->","yoast_head_json":{"title":"LE LEADER DU PASTEF TOUJOURS EN ZONE TROUBLE - LE PUBLIC","robots":{"index":"index","follow":"follow","max-snippet":"max-snippet:-1","max-image-preview":"max-image-preview:large","max-video-preview":"max-video-preview:-1"},"canonical":"https:\/\/www.public.sn\/index.php\/2023\/10\/09\/le-leader-du-pastef-toujours-en-zone-trouble\/","og_locale":"fr_FR","og_type":"article","og_title":"LE LEADER DU PASTEF TOUJOURS EN ZONE TROUBLE - LE PUBLIC","og_description":"Suite au rejet de la Cour Supr\u00eame, les avocats de Ousmane Sonko nourrissent de l\u2019espoir quand au tribunal de ziguinchor. La DGE a eu raison du leader du Pastef. Son refus de donner la fiche de parrainage \u00e0 Mouhamed Ayib Daff\u00e9 a \u00e9t\u00e9 soutenu par la cour supr\u00eame ce vendredi. En effet ses avocats, ont \u00e9t\u00e9 d\u00e9bout\u00e9s par la Cour. Leur requ\u00eate avait pour but, de contester la d\u00e9cision de la Direction G\u00e9n\u00e9ral des \u00e9lections Son exclusion des listes \u00e9lectorales est l\u2019affaire de tribunal d\u2019instance de Ziguinchor. Ce dernier devra statuer pour clarifier la posture d\u2019Ousmane Sonko. D\u00e8s lors les d\u00e9fendeurs de Sonko se disent confiants quant au verdict attendu. Ils affirment avoir travaill\u00e9 sur le fond autant que sur la forme. Et que cette fois-ci ils sont sur la bonne voie. Il faut noter que cette cartouche est la derni\u00e8re pour le camp de l\u2019ex Pastef. Nd\u00e8ye Marie DIALLO","og_url":"https:\/\/www.public.sn\/index.php\/2023\/10\/09\/le-leader-du-pastef-toujours-en-zone-trouble\/","og_site_name":"LE PUBLIC","article_published_time":"2023-10-09T12:02:10+00:00","article_modified_time":"2023-10-09T16:53:32+00:00","og_image":[{"width":822,"height":680,"url":"https:\/\/www.public.sn\/wp-content\/uploads\/2023\/10\/Capture-decran-2023-10-09-a-12.01.12.png","type":"image\/png"}],"author":"LA REDACTION","twitter_card":"summary_large_image","twitter_misc":{"\u00c9crit par":"LA REDACTION","Dur\u00e9e de lecture estim\u00e9e":"1 minute"},"schema":{"@context":"https:\/\/schema.org","@graph":[{"@type":"Article","@id":"https:\/\/www.public.sn\/index.php\/2023\/10\/09\/le-leader-du-pastef-toujours-en-zone-trouble\/#article","isPartOf":{"@id":"https:\/\/www.public.sn\/index.php\/2023\/10\/09\/le-leader-du-pastef-toujours-en-zone-trouble\/"},"author":{"name":"LA REDACTION","@id":"https:\/\/www.public.sn\/#\/schema\/person\/cb76c8e1b8becc6be61fb5e92d6d0224"},"headline":"LE LEADER DU PASTEF TOUJOURS EN ZONE TROUBLE","datePublished":"2023-10-09T12:02:10+00:00","dateModified":"2023-10-09T16:53:32+00:00","mainEntityOfPage":{"@id":"https:\/\/www.public.sn\/index.php\/2023\/10\/09\/le-leader-du-pastef-toujours-en-zone-trouble\/"},"wordCount":174,"commentCount":0,"publisher":{"@id":"https:\/\/www.public.sn\/#organization"},"image":{"@id":"https:\/\/www.public.sn\/index.php\/2023\/10\/09\/le-leader-du-pastef-toujours-en-zone-trouble\/#primaryimage"},"thumbnailUrl":"https:\/\/www.public.sn\/wp-content\/uploads\/2023\/10\/Capture-decran-2023-10-09-a-12.01.12.png","keywords":["une"],"articleSection":["ACTUALIT\u00c9S","POLITIQUE","VEDETTE"],"inLanguage":"fr-FR","potentialAction":[{"@type":"CommentAction","name":"Comment","target":["https:\/\/www.public.sn\/index.php\/2023\/10\/09\/le-leader-du-pastef-toujours-en-zone-trouble\/#respond"]}]},{"@type":"WebPage","@id":"https:\/\/www.public.sn\/index.php\/2023\/10\/09\/le-leader-du-pastef-toujours-en-zone-trouble\/","url":"https:\/\/www.public.sn\/index.php\/2023\/10\/09\/le-leader-du-pastef-toujours-en-zone-trouble\/","name":"LE LEADER DU PASTEF TOUJOURS EN ZONE TROUBLE - LE PUBLIC","isPartOf":{"@id":"https:\/\/www.public.sn\/#website"},"primaryImageOfPage":{"@id":"https:\/\/www.public.sn\/index.php\/2023\/10\/09\/le-leader-du-pastef-toujours-en-zone-trouble\/#primaryimage"},"image":{"@id":"https:\/\/www.public.sn\/index.php\/2023\/10\/09\/le-leader-du-pastef-toujours-en-zone-trouble\/#primaryimage"},"thumbnailUrl":"https:\/\/www.public.sn\/wp-content\/uploads\/2023\/10\/Capture-decran-2023-10-09-a-12.01.12.png","datePublished":"2023-10-09T12:02:10+00:00","dateModified":"2023-10-09T16:53:32+00:00","breadcrumb":{"@id":"https:\/\/www.public.sn\/index.php\/2023\/10\/09\/le-leader-du-pastef-toujours-en-zone-trouble\/#breadcrumb"},"inLanguage":"fr-FR","potentialAction":[{"@type":"ReadAction","target":["https:\/\/www.public.sn\/index.php\/2023\/10\/09\/le-leader-du-pastef-toujours-en-zone-trouble\/"]}]},{"@type":"ImageObject","inLanguage":"fr-FR","@id":"https:\/\/www.public.sn\/index.php\/2023\/10\/09\/le-leader-du-pastef-toujours-en-zone-trouble\/#primaryimage","url":"https:\/\/www.public.sn\/wp-content\/uploads\/2023\/10\/Capture-decran-2023-10-09-a-12.01.12.png","contentUrl":"https:\/\/www.public.sn\/wp-content\/uploads\/2023\/10\/Capture-decran-2023-10-09-a-12.01.12.png","width":822,"height":680},{"@type":"BreadcrumbList","@id":"https:\/\/www.public.sn\/index.php\/2023\/10\/09\/le-leader-du-pastef-toujours-en-zone-trouble\/#breadcrumb","itemListElement":[{"@type":"ListItem","position":1,"name":"Accueil","item":"https:\/\/www.public.sn\/"},{"@type":"ListItem","position":2,"name":"LE LEADER DU PASTEF TOUJOURS EN ZONE TROUBLE"}]},{"@type":"WebSite","@id":"https:\/\/www.public.sn\/#website","url":"https:\/\/www.public.sn\/","name":"LE PUBLIC","description":"","publisher":{"@id":"https:\/\/www.public.sn\/#organization"},"potentialAction":[{"@type":"SearchAction","target":{"@type":"EntryPoint","urlTemplate":"https:\/\/www.public.sn\/?s={search_term_string}"},"query-input":{"@type":"PropertyValueSpecification","valueRequired":true,"valueName":"search_term_string"}}],"inLanguage":"fr-FR"},{"@type":"Organization","@id":"https:\/\/www.public.sn\/#organization","name":"LE PUBLIC","url":"https:\/\/www.public.sn\/","logo":{"@type":"ImageObject","inLanguage":"fr-FR","@id":"https:\/\/www.public.sn\/#\/schema\/logo\/image\/","url":"https:\/\/www.public.sn\/wp-content\/uploads\/2024\/05\/cropped-LOGO-PUBLIC.SN_.png","contentUrl":"https:\/\/www.public.sn\/wp-content\/uploads\/2024\/05\/cropped-LOGO-PUBLIC.SN_.png","width":682,"height":192,"caption":"LE PUBLIC"},"image":{"@id":"https:\/\/www.public.sn\/#\/schema\/logo\/image\/"}},{"@type":"Person","@id":"https:\/\/www.public.sn\/#\/schema\/person\/cb76c8e1b8becc6be61fb5e92d6d0224","name":"LA REDACTION","image":{"@type":"ImageObject","inLanguage":"fr-FR","@id":"https:\/\/www.public.sn\/#\/schema\/person\/image\/","url":"https:\/\/secure.gravatar.com\/avatar\/2dce5ddd34b8fef0180efe03aa2a9bee7d953856048f9a16b298190a3178407c?s=96&d=mm&r=g","contentUrl":"https:\/\/secure.gravatar.com\/avatar\/2dce5ddd34b8fef0180efe03aa2a9bee7d953856048f9a16b298190a3178407c?s=96&d=mm&r=g","caption":"LA REDACTION"},"url":"https:\/\/www.public.sn\/index.php\/author\/editeurpsn\/"}]}},"jetpack_featured_media_url":"https:\/\/www.public.sn\/wp-content\/uploads\/2023\/10\/Capture-decran-2023-10-09-a-12.01.12.png","jetpack_sharing_enabled":true,"_links":{"self":[{"href":"https:\/\/www.public.sn\/index.php\/wp-json\/wp\/v2\/posts\/27732","targetHints":{"allow":["GET"]}}],"collection":[{"href":"https:\/\/www.public.sn\/index.php\/wp-json\/wp\/v2\/posts"}],"about":[{"href":"https:\/\/www.public.sn\/index.php\/wp-json\/wp\/v2\/types\/post"}],"author":[{"embeddable":true,"href":"https:\/\/www.public.sn\/index.php\/wp-json\/wp\/v2\/users\/7"}],"replies":[{"embeddable":true,"href":"https:\/\/www.public.sn\/index.php\/wp-json\/wp\/v2\/comments?post=27732"}],"version-history":[{"count":3,"href":"https:\/\/www.public.sn\/index.php\/wp-json\/wp\/v2\/posts\/27732\/revisions"}],"predecessor-version":[{"id":27740,"href":"https:\/\/www.public.sn\/index.php\/wp-json\/wp\/v2\/posts\/27732\/revisions\/27740"}],"wp:featuredmedia":[{"embeddable":true,"href":"https:\/\/www.public.sn\/index.php\/wp-json\/wp\/v2\/media\/27733"}],"wp:attachment":[{"href":"https:\/\/www.public.sn\/index.php\/wp-json\/wp\/v2\/media?parent=27732"}],"wp:term":[{"taxonomy":"category","embeddable":true,"href":"https:\/\/www.public.sn\/index.php\/wp-json\/wp\/v2\/categories?post=27732"},{"taxonomy":"post_tag","embeddable":true,"href":"https:\/\/www.public.sn\/index.php\/wp-json\/wp\/v2\/tags?post=27732"}],"curies":[{"name":"wp","href":"https:\/\/api.w.org\/{rel}","templated":true}]}}