{"id":27767,"date":"2023-10-11T10:52:26","date_gmt":"2023-10-11T10:52:26","guid":{"rendered":"https:\/\/www.public.sn\/?p=27767"},"modified":"2023-10-11T11:25:33","modified_gmt":"2023-10-11T11:25:33","slug":"l-engagement-des-enseignants-du-reseau-rner","status":"publish","type":"post","link":"https:\/\/www.public.sn\/index.php\/2023\/10\/11\/l-engagement-des-enseignants-du-reseau-rner\/","title":{"rendered":"L &lsquo; ENGAGEMENT DES ENSEIGNANTS DU R\u00c9SEAU \/ RNER"},"content":{"rendered":"<div class=\"x78zum5 xdt5ytf x1iyjqo2\">\n<div class=\"x18d0r48 x78zum5 x1r8uery xdt5ytf x1iyjqo2 xmz0i5r x6ikm8r x10wlt62 x1n2onr6\">\n<div class=\"xh1n2d4 xu3j5b3 xol2nv x16jkurw x26u7qi x19p7ews x78zum5 xdt5ytf x1iyjqo2 x6ikm8r x10wlt62\" role=\"grid\" aria-label=\"Messages dans la conversation avec Penda Camara\">\n<div class=\"x1qjc9v5 x9f619 xdl72j9 x2lwn1j xeuugli x1n2onr6 x78zum5 xdt5ytf x1iyjqo2 xs83m0k xc8icb0 x6ikm8r x10wlt62 x1ja2u2z\">\n<div class=\"x78zum5 xdt5ytf x1iyjqo2 xs83m0k xc8icb0 x6ikm8r x10wlt62 x1ja2u2z\">\n<div class=\"x78zum5 xdt5ytf x1iyjqo2 x6ikm8r x10wlt62 x1n2onr6 x1xzczws\">\n<div class=\"x78zum5 xdt5ytf x1iyjqo2 xs83m0k x1xzczws x6ikm8r x1rife3k x1n2onr6 xh8yej3\">\n<div class=\"\">\n<div class=\"x1n2onr6\">\n<div class=\"__fb-light-mode x1n2onr6\" role=\"row\">\n<div class=\"\">\n<div class=\"x78zum5 xdt5ytf x1n2onr6\" tabindex=\"0\" role=\"gridcell\" data-release-focus-from=\"CLICK\" data-scope=\"messages_table\">\n<div class=\"x78zum5\" role=\"none\">\n<div class=\"x78zum5 x1iyjqo2 xs83m0k xeuugli x15zctf7\" role=\"none\">\n<div class=\"x1h91t0o xkh2ocl x78zum5 xdt5ytf x13a6bvl x1r145dm\" role=\"none\">\n<div class=\"x78zum5 xh8yej3\" role=\"none\">\n<div class=\"x78zum5 xdt5ytf x193iq5w x1n2onr6 xuk3077\">\n<div class=\"x78zum5 xh8yej3\" role=\"none\">\n<div class=\"x1tlxs6b x1g8br2z x1gn5b1j x230xth x14ctfv x1okitfd x6ikm8r x10wlt62 x1mzt3pk x1y1aw1k xn6708d xwib8y2 x1ye3gou x1n2onr6 x13faqbe x1vjfegm\" role=\"none\">\n<div class=\"x9f619 x1n2onr6 x1ja2u2z __fb-light-mode\" role=\"none\">\n<div class=\"x6prxxf x1fc57z9 x1yc453h x126k92a x14ctfv\" dir=\"auto\" role=\"none\"><\/div>\n<div dir=\"auto\" role=\"none\"><\/div>\n<div class=\"x6prxxf x1fc57z9 x1yc453h x126k92a x14ctfv\" dir=\"auto\" role=\"none\">Les enseignants occupent une place consid\u00e9rable dans les partis politiques notamment l&rsquo;Alliance Pour la R\u00e9publique gr\u00e2ce \u00e0 leur comp\u00e9tence oratoire , \u00e9ducative et organisationnelle . Membres des classes moyennes , b\u00e9n\u00e9ficiant du statut protecteur des fonctionnaires , ils s&rsquo;\u00e9panouissent dans les cadres r\u00e9serv\u00e9s \u00e0 leur cat\u00e9gorie socio-professionnelle ( R\u00c9SEAU NATIONAL DES ENSEIGNANTS DE L&rsquo;ALLIANCE POUR LA R\u00c9PUBLIQUE) . L&rsquo; enseignant engag\u00e9 est g\u00e9n\u00e9ralement issu d&rsquo;une trajectoire sociale ascendante et tr\u00e8s impliqu\u00e9 dans son m\u00e9tier .<\/div>\n<div dir=\"auto\" role=\"none\"><\/div>\n<div class=\"x6prxxf x1fc57z9 x1yc453h x126k92a x14ctfv\" dir=\"auto\" role=\"none\">Humaniste , progressiste et ambivalent envers l&rsquo;\u00c9tat : l&rsquo;enseignant r\u00e9publicain par ailleurs professionnel de la communication est attach\u00e9 au libre d\u00e9bat et pond\u00e9r\u00e9 dans l&rsquo;action de vulgarisation de la politique \u00e9ducative d\u00e9clin\u00e9e par Le Pr\u00e9sident Macky Sall et son gouvernement . Le R\u00e9seau National des Enseignants de l&rsquo;APR qui m\u00e9rite d&rsquo;\u00eatre renforc\u00e9 , demeure la seule alternative efficace et cr\u00e9dible pour l&rsquo;\u00e9lection du candidat Amadou Ba en 2024 .<\/div>\n<div dir=\"auto\" role=\"none\"><\/div>\n<h2 class=\"x6prxxf x1fc57z9 x1yc453h x126k92a x14ctfv\" dir=\"auto\" role=\"none\">Le R\u00e9seau National des Enseignants de l&rsquo;APR \/ RNER<\/h2>\n<\/div>\n<\/div>\n<\/div>\n<\/div>\n<\/div>\n<div class=\"x1h91t0o xkh2ocl x78zum5 xdt5ytf x13a6bvl x193iq5w x1c4vz4f xcrg951\" role=\"none\"><\/div>\n<\/div>\n<div class=\"x1h91t0o xkh2ocl x78zum5 xdt5ytf x13a6bvl x193iq5w x1c4vz4f xcrg951\" role=\"none\">\n<div class=\"x78zum5 xdt5ytf x1iyjqo2 x2lah0s xl56j7k x1n2onr6 x1ll7btr x1n327nk x1mpkggp\" aria-hidden=\"true\">\n<div class=\"x6s0dn4 x78zum5 x1ll7btr x15zctf7\" role=\"none\"><\/div>\n<\/div>\n<\/div>\n<div class=\"x1h91t0o xkh2ocl x78zum5 xdt5ytf x13a6bvl x193iq5w x1iyjqo2 xcrg951\" role=\"none\">\n<div class=\"x1r8uery x1iyjqo2\" role=\"none\"><\/div>\n<\/div>\n<\/div>\n<div class=\"x1h91t0o xkh2ocl x78zum5 xdt5ytf x13a6bvl x193iq5w x1c4vz4f xcrg951\" role=\"none\">\n<div class=\"x1xc55vz\" role=\"none\"><\/div>\n<\/div>\n<\/div>\n<\/div>\n<\/div>\n<\/div>\n<\/div>\n<\/div>\n<\/div>\n<\/div>\n<\/div>\n<\/div>\n<\/div>\n<\/div>\n<\/div>\n<div>\n<div class=\"xuk3077 x78zum5 x6prxxf xz9dl7a xsag5q8\">\n<div class=\"x1iyjqo2 xw2csxc x1n2onr6\">\n<div class=\"x78zum5 x1iyjqo2 x6q2ic0\">\n<div id=\":rt3:\" class=\"xzpqnlu x1hyvwdk xjm9jq1 x6ikm8r x10wlt62 x10l6tqk x1i1rx1s\"><\/div>\n<div class=\"xmjcpbm x107yiy2 xv8uw2v x1tfwpuw x2g32xy x9f619 x1iyjqo2 xeuugli\">\n<div class=\"x78zum5 x1a02dak x13a6bvl\">\n<div class=\"x78zum5 x1iyjqo2 x1gja9t x16n37ib x1xmf6yo x1e56ztr xeuugli x1n2onr6\">\n<div class=\"xzsf02u x1a2a7pz x1n2onr6 x14wi4xw x1iyjqo2 x1gh3ibb xisnujt xeuugli x1odjw0f notranslate\" tabindex=\"0\" role=\"textbox\" contenteditable=\"true\" spellcheck=\"true\" aria-describedby=\":rt3:\" aria-label=\"\u00c9crire un message\" data-lexical-editor=\"true\"><\/div>\n<\/div>\n<\/div>\n<\/div>\n<\/div>\n<\/div>\n<\/div>\n<\/div>\n<div class=\"publi-apres-le-contenu\" style=\"margin-top: 10px;margin-bottom: 10px;margin-left: auto;margin-right: auto;text-align: center;\" id=\"publi-3444652029\"><div class=\"publi-adlabel\">Publicit\u00e9<\/div><script async src=\"\/\/pagead2.googlesyndication.com\/pagead\/js\/adsbygoogle.js?client=ca-pub-4089586018074219\" crossorigin=\"anonymous\"><\/script><ins class=\"adsbygoogle\" style=\"display:block;\" data-ad-client=\"ca-pub-4089586018074219\" \ndata-ad-slot=\"2087940154\" \ndata-ad-format=\"auto\"><\/ins>\n<script> \n(adsbygoogle = window.adsbygoogle || []).push({}); \n<\/script>\n<\/div>","protected":false},"excerpt":{"rendered":"<p>Les enseignants occupent une place consid\u00e9rable dans les partis politiques notamment l&rsquo;Alliance Pour la R\u00e9publique gr\u00e2ce \u00e0 leur comp\u00e9tence oratoire , \u00e9ducative et organisationnelle . Membres des classes moyennes , b\u00e9n\u00e9ficiant du statut protecteur des fonctionnaires , ils s&rsquo;\u00e9panouissent dans les cadres r\u00e9serv\u00e9s \u00e0 leur cat\u00e9gorie socio-professionnelle ( R\u00c9SEAU NATIONAL DES ENSEIGNANTS DE L&rsquo;ALLIANCE POUR LA R\u00c9PUBLIQUE) . L&rsquo; enseignant engag\u00e9 est g\u00e9n\u00e9ralement issu d&rsquo;une trajectoire sociale ascendante et tr\u00e8s impliqu\u00e9 dans son m\u00e9tier . Humaniste , progressiste et ambivalent envers l&rsquo;\u00c9tat : l&rsquo;enseignant r\u00e9publicain par ailleurs professionnel de la communication est attach\u00e9 au libre d\u00e9bat et pond\u00e9r\u00e9 dans l&rsquo;action de vulgarisation de la politique \u00e9ducative d\u00e9clin\u00e9e par Le Pr\u00e9sident Macky Sall et son gouvernement . Le R\u00e9seau National des Enseignants de l&rsquo;APR qui m\u00e9rite d&rsquo;\u00eatre renforc\u00e9 , demeure la seule alternative efficace et cr\u00e9dible pour l&rsquo;\u00e9lection du candidat Amadou Ba en 2024 . Le R\u00e9seau National des Enseignants de l&rsquo;APR \/ RNER<\/p>\n","protected":false},"author":7,"featured_media":27777,"comment_status":"open","ping_status":"open","sticky":false,"template":"","format":"standard","meta":{"_jetpack_memberships_contains_paid_content":false,"footnotes":""},"categories":[375,3],"tags":[5347],"class_list":["post-27767","post","type-post","status-publish","format-standard","has-post-thumbnail","hentry","category-actualites","category-politique","tag-une","entry","has-media","owp-thumbs-layout-horizontal","owp-btn-normal","owp-tabs-layout-horizontal","has-no-thumbnails","has-product-nav"],"yoast_head":"<!-- This site is optimized with the Yoast SEO plugin v25.5 - https:\/\/yoast.com\/wordpress\/plugins\/seo\/ -->\n<title>L &#039; ENGAGEMENT DES ENSEIGNANTS DU R\u00c9SEAU \/ RNER - LE PUBLIC<\/title>\n<meta name=\"robots\" content=\"index, follow, max-snippet:-1, max-image-preview:large, max-video-preview:-1\" \/>\n<link rel=\"canonical\" href=\"https:\/\/www.public.sn\/index.php\/2023\/10\/11\/l-engagement-des-enseignants-du-reseau-rner\/\" \/>\n<meta property=\"og:locale\" content=\"fr_FR\" \/>\n<meta property=\"og:type\" content=\"article\" \/>\n<meta property=\"og:title\" content=\"L &#039; ENGAGEMENT DES ENSEIGNANTS DU R\u00c9SEAU \/ RNER - LE PUBLIC\" \/>\n<meta property=\"og:description\" content=\"Les enseignants occupent une place consid\u00e9rable dans les partis politiques notamment l&rsquo;Alliance Pour la R\u00e9publique gr\u00e2ce \u00e0 leur comp\u00e9tence oratoire , \u00e9ducative et organisationnelle . Membres des classes moyennes , b\u00e9n\u00e9ficiant du statut protecteur des fonctionnaires , ils s&rsquo;\u00e9panouissent dans les cadres r\u00e9serv\u00e9s \u00e0 leur cat\u00e9gorie socio-professionnelle ( R\u00c9SEAU NATIONAL DES ENSEIGNANTS DE L&rsquo;ALLIANCE POUR LA R\u00c9PUBLIQUE) . L&rsquo; enseignant engag\u00e9 est g\u00e9n\u00e9ralement issu d&rsquo;une trajectoire sociale ascendante et tr\u00e8s impliqu\u00e9 dans son m\u00e9tier . Humaniste , progressiste et ambivalent envers l&rsquo;\u00c9tat : l&rsquo;enseignant r\u00e9publicain par ailleurs professionnel de la communication est attach\u00e9 au libre d\u00e9bat et pond\u00e9r\u00e9 dans l&rsquo;action de vulgarisation de la politique \u00e9ducative d\u00e9clin\u00e9e par Le Pr\u00e9sident Macky Sall et son gouvernement . Le R\u00e9seau National des Enseignants de l&rsquo;APR qui m\u00e9rite d&rsquo;\u00eatre renforc\u00e9 , demeure la seule alternative efficace et cr\u00e9dible pour l&rsquo;\u00e9lection du candidat Amadou Ba en 2024 . Le R\u00e9seau National des Enseignants de l&rsquo;APR \/ RNER\" \/>\n<meta property=\"og:url\" content=\"https:\/\/www.public.sn\/index.php\/2023\/10\/11\/l-engagement-des-enseignants-du-reseau-rner\/\" \/>\n<meta property=\"og:site_name\" content=\"LE PUBLIC\" \/>\n<meta property=\"article:published_time\" content=\"2023-10-11T10:52:26+00:00\" \/>\n<meta property=\"article:modified_time\" content=\"2023-10-11T11:25:33+00:00\" \/>\n<meta property=\"og:image\" content=\"https:\/\/www.public.sn\/wp-content\/uploads\/2023\/10\/Capture-decran-2023-10-11-a-11.10.27.png\" \/>\n\t<meta property=\"og:image:width\" content=\"958\" \/>\n\t<meta property=\"og:image:height\" content=\"688\" \/>\n\t<meta property=\"og:image:type\" content=\"image\/png\" \/>\n<meta name=\"author\" content=\"LA REDACTION\" \/>\n<meta name=\"twitter:card\" content=\"summary_large_image\" \/>\n<meta name=\"twitter:label1\" content=\"\u00c9crit par\" \/>\n\t<meta name=\"twitter:data1\" content=\"LA REDACTION\" \/>\n\t<meta name=\"twitter:label2\" content=\"Dur\u00e9e de lecture estim\u00e9e\" \/>\n\t<meta name=\"twitter:data2\" content=\"1 minute\" \/>\n<script type=\"application\/ld+json\" class=\"yoast-schema-graph\">{\"@context\":\"https:\/\/schema.org\",\"@graph\":[{\"@type\":\"Article\",\"@id\":\"https:\/\/www.public.sn\/index.php\/2023\/10\/11\/l-engagement-des-enseignants-du-reseau-rner\/#article\",\"isPartOf\":{\"@id\":\"https:\/\/www.public.sn\/index.php\/2023\/10\/11\/l-engagement-des-enseignants-du-reseau-rner\/\"},\"author\":{\"name\":\"LA REDACTION\",\"@id\":\"https:\/\/www.public.sn\/#\/schema\/person\/cb76c8e1b8becc6be61fb5e92d6d0224\"},\"headline\":\"L &lsquo; ENGAGEMENT DES ENSEIGNANTS DU R\u00c9SEAU \/ RNER\",\"datePublished\":\"2023-10-11T10:52:26+00:00\",\"dateModified\":\"2023-10-11T11:25:33+00:00\",\"mainEntityOfPage\":{\"@id\":\"https:\/\/www.public.sn\/index.php\/2023\/10\/11\/l-engagement-des-enseignants-du-reseau-rner\/\"},\"wordCount\":175,\"commentCount\":0,\"publisher\":{\"@id\":\"https:\/\/www.public.sn\/#organization\"},\"image\":{\"@id\":\"https:\/\/www.public.sn\/index.php\/2023\/10\/11\/l-engagement-des-enseignants-du-reseau-rner\/#primaryimage\"},\"thumbnailUrl\":\"https:\/\/www.public.sn\/wp-content\/uploads\/2023\/10\/Capture-decran-2023-10-11-a-11.10.27.png\",\"keywords\":[\"une\"],\"articleSection\":[\"ACTUALIT\u00c9S\",\"POLITIQUE\"],\"inLanguage\":\"fr-FR\",\"potentialAction\":[{\"@type\":\"CommentAction\",\"name\":\"Comment\",\"target\":[\"https:\/\/www.public.sn\/index.php\/2023\/10\/11\/l-engagement-des-enseignants-du-reseau-rner\/#respond\"]}]},{\"@type\":\"WebPage\",\"@id\":\"https:\/\/www.public.sn\/index.php\/2023\/10\/11\/l-engagement-des-enseignants-du-reseau-rner\/\",\"url\":\"https:\/\/www.public.sn\/index.php\/2023\/10\/11\/l-engagement-des-enseignants-du-reseau-rner\/\",\"name\":\"L ' ENGAGEMENT DES ENSEIGNANTS DU R\u00c9SEAU \/ RNER - LE PUBLIC\",\"isPartOf\":{\"@id\":\"https:\/\/www.public.sn\/#website\"},\"primaryImageOfPage\":{\"@id\":\"https:\/\/www.public.sn\/index.php\/2023\/10\/11\/l-engagement-des-enseignants-du-reseau-rner\/#primaryimage\"},\"image\":{\"@id\":\"https:\/\/www.public.sn\/index.php\/2023\/10\/11\/l-engagement-des-enseignants-du-reseau-rner\/#primaryimage\"},\"thumbnailUrl\":\"https:\/\/www.public.sn\/wp-content\/uploads\/2023\/10\/Capture-decran-2023-10-11-a-11.10.27.png\",\"datePublished\":\"2023-10-11T10:52:26+00:00\",\"dateModified\":\"2023-10-11T11:25:33+00:00\",\"breadcrumb\":{\"@id\":\"https:\/\/www.public.sn\/index.php\/2023\/10\/11\/l-engagement-des-enseignants-du-reseau-rner\/#breadcrumb\"},\"inLanguage\":\"fr-FR\",\"potentialAction\":[{\"@type\":\"ReadAction\",\"target\":[\"https:\/\/www.public.sn\/index.php\/2023\/10\/11\/l-engagement-des-enseignants-du-reseau-rner\/\"]}]},{\"@type\":\"ImageObject\",\"inLanguage\":\"fr-FR\",\"@id\":\"https:\/\/www.public.sn\/index.php\/2023\/10\/11\/l-engagement-des-enseignants-du-reseau-rner\/#primaryimage\",\"url\":\"https:\/\/www.public.sn\/wp-content\/uploads\/2023\/10\/Capture-decran-2023-10-11-a-11.10.27.png\",\"contentUrl\":\"https:\/\/www.public.sn\/wp-content\/uploads\/2023\/10\/Capture-decran-2023-10-11-a-11.10.27.png\",\"width\":958,\"height\":688},{\"@type\":\"BreadcrumbList\",\"@id\":\"https:\/\/www.public.sn\/index.php\/2023\/10\/11\/l-engagement-des-enseignants-du-reseau-rner\/#breadcrumb\",\"itemListElement\":[{\"@type\":\"ListItem\",\"position\":1,\"name\":\"Accueil\",\"item\":\"https:\/\/www.public.sn\/\"},{\"@type\":\"ListItem\",\"position\":2,\"name\":\"L &#8216; ENGAGEMENT DES ENSEIGNANTS DU R\u00c9SEAU \/ RNER\"}]},{\"@type\":\"WebSite\",\"@id\":\"https:\/\/www.public.sn\/#website\",\"url\":\"https:\/\/www.public.sn\/\",\"name\":\"LE PUBLIC\",\"description\":\"\",\"publisher\":{\"@id\":\"https:\/\/www.public.sn\/#organization\"},\"potentialAction\":[{\"@type\":\"SearchAction\",\"target\":{\"@type\":\"EntryPoint\",\"urlTemplate\":\"https:\/\/www.public.sn\/?s={search_term_string}\"},\"query-input\":{\"@type\":\"PropertyValueSpecification\",\"valueRequired\":true,\"valueName\":\"search_term_string\"}}],\"inLanguage\":\"fr-FR\"},{\"@type\":\"Organization\",\"@id\":\"https:\/\/www.public.sn\/#organization\",\"name\":\"LE PUBLIC\",\"url\":\"https:\/\/www.public.sn\/\",\"logo\":{\"@type\":\"ImageObject\",\"inLanguage\":\"fr-FR\",\"@id\":\"https:\/\/www.public.sn\/#\/schema\/logo\/image\/\",\"url\":\"https:\/\/www.public.sn\/wp-content\/uploads\/2024\/05\/cropped-LOGO-PUBLIC.SN_.png\",\"contentUrl\":\"https:\/\/www.public.sn\/wp-content\/uploads\/2024\/05\/cropped-LOGO-PUBLIC.SN_.png\",\"width\":682,\"height\":192,\"caption\":\"LE PUBLIC\"},\"image\":{\"@id\":\"https:\/\/www.public.sn\/#\/schema\/logo\/image\/\"}},{\"@type\":\"Person\",\"@id\":\"https:\/\/www.public.sn\/#\/schema\/person\/cb76c8e1b8becc6be61fb5e92d6d0224\",\"name\":\"LA REDACTION\",\"image\":{\"@type\":\"ImageObject\",\"inLanguage\":\"fr-FR\",\"@id\":\"https:\/\/www.public.sn\/#\/schema\/person\/image\/\",\"url\":\"https:\/\/secure.gravatar.com\/avatar\/2dce5ddd34b8fef0180efe03aa2a9bee7d953856048f9a16b298190a3178407c?s=96&d=mm&r=g\",\"contentUrl\":\"https:\/\/secure.gravatar.com\/avatar\/2dce5ddd34b8fef0180efe03aa2a9bee7d953856048f9a16b298190a3178407c?s=96&d=mm&r=g\",\"caption\":\"LA REDACTION\"},\"url\":\"https:\/\/www.public.sn\/index.php\/author\/editeurpsn\/\"}]}<\/script>\n<!-- \/ Yoast SEO plugin. -->","yoast_head_json":{"title":"L ' ENGAGEMENT DES ENSEIGNANTS DU R\u00c9SEAU \/ RNER - LE PUBLIC","robots":{"index":"index","follow":"follow","max-snippet":"max-snippet:-1","max-image-preview":"max-image-preview:large","max-video-preview":"max-video-preview:-1"},"canonical":"https:\/\/www.public.sn\/index.php\/2023\/10\/11\/l-engagement-des-enseignants-du-reseau-rner\/","og_locale":"fr_FR","og_type":"article","og_title":"L ' ENGAGEMENT DES ENSEIGNANTS DU R\u00c9SEAU \/ RNER - LE PUBLIC","og_description":"Les enseignants occupent une place consid\u00e9rable dans les partis politiques notamment l&rsquo;Alliance Pour la R\u00e9publique gr\u00e2ce \u00e0 leur comp\u00e9tence oratoire , \u00e9ducative et organisationnelle . Membres des classes moyennes , b\u00e9n\u00e9ficiant du statut protecteur des fonctionnaires , ils s&rsquo;\u00e9panouissent dans les cadres r\u00e9serv\u00e9s \u00e0 leur cat\u00e9gorie socio-professionnelle ( R\u00c9SEAU NATIONAL DES ENSEIGNANTS DE L&rsquo;ALLIANCE POUR LA R\u00c9PUBLIQUE) . L&rsquo; enseignant engag\u00e9 est g\u00e9n\u00e9ralement issu d&rsquo;une trajectoire sociale ascendante et tr\u00e8s impliqu\u00e9 dans son m\u00e9tier . Humaniste , progressiste et ambivalent envers l&rsquo;\u00c9tat : l&rsquo;enseignant r\u00e9publicain par ailleurs professionnel de la communication est attach\u00e9 au libre d\u00e9bat et pond\u00e9r\u00e9 dans l&rsquo;action de vulgarisation de la politique \u00e9ducative d\u00e9clin\u00e9e par Le Pr\u00e9sident Macky Sall et son gouvernement . Le R\u00e9seau National des Enseignants de l&rsquo;APR qui m\u00e9rite d&rsquo;\u00eatre renforc\u00e9 , demeure la seule alternative efficace et cr\u00e9dible pour l&rsquo;\u00e9lection du candidat Amadou Ba en 2024 . Le R\u00e9seau National des Enseignants de l&rsquo;APR \/ RNER","og_url":"https:\/\/www.public.sn\/index.php\/2023\/10\/11\/l-engagement-des-enseignants-du-reseau-rner\/","og_site_name":"LE PUBLIC","article_published_time":"2023-10-11T10:52:26+00:00","article_modified_time":"2023-10-11T11:25:33+00:00","og_image":[{"width":958,"height":688,"url":"https:\/\/www.public.sn\/wp-content\/uploads\/2023\/10\/Capture-decran-2023-10-11-a-11.10.27.png","type":"image\/png"}],"author":"LA REDACTION","twitter_card":"summary_large_image","twitter_misc":{"\u00c9crit par":"LA REDACTION","Dur\u00e9e de lecture estim\u00e9e":"1 minute"},"schema":{"@context":"https:\/\/schema.org","@graph":[{"@type":"Article","@id":"https:\/\/www.public.sn\/index.php\/2023\/10\/11\/l-engagement-des-enseignants-du-reseau-rner\/#article","isPartOf":{"@id":"https:\/\/www.public.sn\/index.php\/2023\/10\/11\/l-engagement-des-enseignants-du-reseau-rner\/"},"author":{"name":"LA REDACTION","@id":"https:\/\/www.public.sn\/#\/schema\/person\/cb76c8e1b8becc6be61fb5e92d6d0224"},"headline":"L &lsquo; ENGAGEMENT DES ENSEIGNANTS DU R\u00c9SEAU \/ RNER","datePublished":"2023-10-11T10:52:26+00:00","dateModified":"2023-10-11T11:25:33+00:00","mainEntityOfPage":{"@id":"https:\/\/www.public.sn\/index.php\/2023\/10\/11\/l-engagement-des-enseignants-du-reseau-rner\/"},"wordCount":175,"commentCount":0,"publisher":{"@id":"https:\/\/www.public.sn\/#organization"},"image":{"@id":"https:\/\/www.public.sn\/index.php\/2023\/10\/11\/l-engagement-des-enseignants-du-reseau-rner\/#primaryimage"},"thumbnailUrl":"https:\/\/www.public.sn\/wp-content\/uploads\/2023\/10\/Capture-decran-2023-10-11-a-11.10.27.png","keywords":["une"],"articleSection":["ACTUALIT\u00c9S","POLITIQUE"],"inLanguage":"fr-FR","potentialAction":[{"@type":"CommentAction","name":"Comment","target":["https:\/\/www.public.sn\/index.php\/2023\/10\/11\/l-engagement-des-enseignants-du-reseau-rner\/#respond"]}]},{"@type":"WebPage","@id":"https:\/\/www.public.sn\/index.php\/2023\/10\/11\/l-engagement-des-enseignants-du-reseau-rner\/","url":"https:\/\/www.public.sn\/index.php\/2023\/10\/11\/l-engagement-des-enseignants-du-reseau-rner\/","name":"L ' ENGAGEMENT DES ENSEIGNANTS DU R\u00c9SEAU \/ RNER - LE PUBLIC","isPartOf":{"@id":"https:\/\/www.public.sn\/#website"},"primaryImageOfPage":{"@id":"https:\/\/www.public.sn\/index.php\/2023\/10\/11\/l-engagement-des-enseignants-du-reseau-rner\/#primaryimage"},"image":{"@id":"https:\/\/www.public.sn\/index.php\/2023\/10\/11\/l-engagement-des-enseignants-du-reseau-rner\/#primaryimage"},"thumbnailUrl":"https:\/\/www.public.sn\/wp-content\/uploads\/2023\/10\/Capture-decran-2023-10-11-a-11.10.27.png","datePublished":"2023-10-11T10:52:26+00:00","dateModified":"2023-10-11T11:25:33+00:00","breadcrumb":{"@id":"https:\/\/www.public.sn\/index.php\/2023\/10\/11\/l-engagement-des-enseignants-du-reseau-rner\/#breadcrumb"},"inLanguage":"fr-FR","potentialAction":[{"@type":"ReadAction","target":["https:\/\/www.public.sn\/index.php\/2023\/10\/11\/l-engagement-des-enseignants-du-reseau-rner\/"]}]},{"@type":"ImageObject","inLanguage":"fr-FR","@id":"https:\/\/www.public.sn\/index.php\/2023\/10\/11\/l-engagement-des-enseignants-du-reseau-rner\/#primaryimage","url":"https:\/\/www.public.sn\/wp-content\/uploads\/2023\/10\/Capture-decran-2023-10-11-a-11.10.27.png","contentUrl":"https:\/\/www.public.sn\/wp-content\/uploads\/2023\/10\/Capture-decran-2023-10-11-a-11.10.27.png","width":958,"height":688},{"@type":"BreadcrumbList","@id":"https:\/\/www.public.sn\/index.php\/2023\/10\/11\/l-engagement-des-enseignants-du-reseau-rner\/#breadcrumb","itemListElement":[{"@type":"ListItem","position":1,"name":"Accueil","item":"https:\/\/www.public.sn\/"},{"@type":"ListItem","position":2,"name":"L &#8216; ENGAGEMENT DES ENSEIGNANTS DU R\u00c9SEAU \/ RNER"}]},{"@type":"WebSite","@id":"https:\/\/www.public.sn\/#website","url":"https:\/\/www.public.sn\/","name":"LE PUBLIC","description":"","publisher":{"@id":"https:\/\/www.public.sn\/#organization"},"potentialAction":[{"@type":"SearchAction","target":{"@type":"EntryPoint","urlTemplate":"https:\/\/www.public.sn\/?s={search_term_string}"},"query-input":{"@type":"PropertyValueSpecification","valueRequired":true,"valueName":"search_term_string"}}],"inLanguage":"fr-FR"},{"@type":"Organization","@id":"https:\/\/www.public.sn\/#organization","name":"LE PUBLIC","url":"https:\/\/www.public.sn\/","logo":{"@type":"ImageObject","inLanguage":"fr-FR","@id":"https:\/\/www.public.sn\/#\/schema\/logo\/image\/","url":"https:\/\/www.public.sn\/wp-content\/uploads\/2024\/05\/cropped-LOGO-PUBLIC.SN_.png","contentUrl":"https:\/\/www.public.sn\/wp-content\/uploads\/2024\/05\/cropped-LOGO-PUBLIC.SN_.png","width":682,"height":192,"caption":"LE PUBLIC"},"image":{"@id":"https:\/\/www.public.sn\/#\/schema\/logo\/image\/"}},{"@type":"Person","@id":"https:\/\/www.public.sn\/#\/schema\/person\/cb76c8e1b8becc6be61fb5e92d6d0224","name":"LA REDACTION","image":{"@type":"ImageObject","inLanguage":"fr-FR","@id":"https:\/\/www.public.sn\/#\/schema\/person\/image\/","url":"https:\/\/secure.gravatar.com\/avatar\/2dce5ddd34b8fef0180efe03aa2a9bee7d953856048f9a16b298190a3178407c?s=96&d=mm&r=g","contentUrl":"https:\/\/secure.gravatar.com\/avatar\/2dce5ddd34b8fef0180efe03aa2a9bee7d953856048f9a16b298190a3178407c?s=96&d=mm&r=g","caption":"LA REDACTION"},"url":"https:\/\/www.public.sn\/index.php\/author\/editeurpsn\/"}]}},"jetpack_featured_media_url":"https:\/\/www.public.sn\/wp-content\/uploads\/2023\/10\/Capture-decran-2023-10-11-a-11.10.27.png","jetpack_sharing_enabled":true,"_links":{"self":[{"href":"https:\/\/www.public.sn\/index.php\/wp-json\/wp\/v2\/posts\/27767","targetHints":{"allow":["GET"]}}],"collection":[{"href":"https:\/\/www.public.sn\/index.php\/wp-json\/wp\/v2\/posts"}],"about":[{"href":"https:\/\/www.public.sn\/index.php\/wp-json\/wp\/v2\/types\/post"}],"author":[{"embeddable":true,"href":"https:\/\/www.public.sn\/index.php\/wp-json\/wp\/v2\/users\/7"}],"replies":[{"embeddable":true,"href":"https:\/\/www.public.sn\/index.php\/wp-json\/wp\/v2\/comments?post=27767"}],"version-history":[{"count":1,"href":"https:\/\/www.public.sn\/index.php\/wp-json\/wp\/v2\/posts\/27767\/revisions"}],"predecessor-version":[{"id":27769,"href":"https:\/\/www.public.sn\/index.php\/wp-json\/wp\/v2\/posts\/27767\/revisions\/27769"}],"wp:featuredmedia":[{"embeddable":true,"href":"https:\/\/www.public.sn\/index.php\/wp-json\/wp\/v2\/media\/27777"}],"wp:attachment":[{"href":"https:\/\/www.public.sn\/index.php\/wp-json\/wp\/v2\/media?parent=27767"}],"wp:term":[{"taxonomy":"category","embeddable":true,"href":"https:\/\/www.public.sn\/index.php\/wp-json\/wp\/v2\/categories?post=27767"},{"taxonomy":"post_tag","embeddable":true,"href":"https:\/\/www.public.sn\/index.php\/wp-json\/wp\/v2\/tags?post=27767"}],"curies":[{"name":"wp","href":"https:\/\/api.w.org\/{rel}","templated":true}]}}