{"id":27849,"date":"2023-10-16T14:36:42","date_gmt":"2023-10-16T14:36:42","guid":{"rendered":"https:\/\/www.public.sn\/?p=27849"},"modified":"2023-10-16T14:36:42","modified_gmt":"2023-10-16T14:36:42","slug":"nomination-de-lat-diop-sport-senegalais-matar-ba-prend-la-parole","status":"publish","type":"post","link":"https:\/\/www.public.sn\/index.php\/2023\/10\/16\/nomination-de-lat-diop-sport-senegalais-matar-ba-prend-la-parole\/","title":{"rendered":"Nomination de Lat Diop, sport s\u00e9n\u00e9galais&#8230;Matar Ba prend la parole"},"content":{"rendered":"<p class=\"summary_label\">Ancien ministre des Sports, Matar Ba, s&rsquo;est exprim\u00e9 sur l&rsquo;actualit\u00e9 sportive notamment la nomination de Lat Diop \u00e0 la t\u00eate du d\u00e9partement du sport. L&rsquo;actuel Chef de cabinet du pr\u00e9sident de la R\u00e9publique du S\u00e9n\u00e9gal a promis d&rsquo;apporter tout son soutien \u00e0 l&rsquo;ancien DG de la LONASE et invit\u00e9 les sportifs \u00e0 s&rsquo;unir.<\/p><div class=\"publi-paragraphe1\" style=\"margin-top: 10px;margin-bottom: 10px;margin-left: auto;margin-right: auto;text-align: center;\" id=\"publi-1147620606\"><div class=\"publi-adlabel\">Publicit\u00e9<\/div><script async src=\"\/\/pagead2.googlesyndication.com\/pagead\/js\/adsbygoogle.js?client=ca-pub-4089586018074219\" crossorigin=\"anonymous\"><\/script><ins class=\"adsbygoogle\" style=\"display:block;\" data-ad-client=\"ca-pub-4089586018074219\" \ndata-ad-slot=\"2087940154\" \ndata-ad-format=\"auto\"><\/ins>\n<script> \n(adsbygoogle = window.adsbygoogle || []).push({}); \n<\/script>\n<\/div>\n<div id=\"printable\" class=\"text_body\">\n<p>\u00ab\u00a0Je viens r\u00e9pondre \u00e0 l&rsquo;invitation du pr\u00e9sident de F\u00e9d\u00e9ration de basket, Me Babacar Ndiaye. Je suis venu repr\u00e9senter le chef de l&rsquo;\u00c9tat et accompagner mon ami et fr\u00e8re, ministre des Sports, Lat Diop. C&rsquo;est la premi\u00e8re sortie de Lat Diop et je suis venu apporter mon soutien au basket s\u00e9n\u00e9galais qui marche quoi qu&rsquo;on puisse dire. Cette discipline progresse et on ne parle plus de la prise en charge des \u00e9quipes nationales. Nous pouvons constater que la F\u00e9d\u00e9ration s\u00e9n\u00e9galaise de basket fait du tr\u00e8s bon travail. Je crois que nous devons continuer \u00e0 travailler. Le sport ne peut plus \u00eatre rel\u00e9gu\u00e9 au second plan au S\u00e9n\u00e9gal. Le sport est un domaine de souverainet\u00e9 et nous devons nous donner la main pour relever les d\u00e9fis.\u00a0\u00bb<\/p>\n<div class=\"adcanevas\"><\/div>\n<\/div>\n<div class=\"publi-apres-le-contenu\" style=\"margin-top: 10px;margin-bottom: 10px;margin-left: auto;margin-right: auto;text-align: center;\" id=\"publi-1136205450\"><div class=\"publi-adlabel\">Publicit\u00e9<\/div><script async src=\"\/\/pagead2.googlesyndication.com\/pagead\/js\/adsbygoogle.js?client=ca-pub-4089586018074219\" crossorigin=\"anonymous\"><\/script><ins class=\"adsbygoogle\" style=\"display:block;\" data-ad-client=\"ca-pub-4089586018074219\" \ndata-ad-slot=\"2087940154\" \ndata-ad-format=\"auto\"><\/ins>\n<script> \n(adsbygoogle = window.adsbygoogle || []).push({}); \n<\/script>\n<\/div>","protected":false},"excerpt":{"rendered":"<p>Ancien ministre des Sports, Matar Ba, s&rsquo;est exprim\u00e9 sur l&rsquo;actualit\u00e9 sportive notamment la nomination de Lat Diop \u00e0 la t\u00eate du d\u00e9partement du sport. L&rsquo;actuel Chef de cabinet du pr\u00e9sident de la R\u00e9publique du S\u00e9n\u00e9gal a promis d&rsquo;apporter tout son soutien \u00e0 l&rsquo;ancien DG de la LONASE et invit\u00e9 les sportifs \u00e0 s&rsquo;unir. \u00ab\u00a0Je viens r\u00e9pondre \u00e0 l&rsquo;invitation du pr\u00e9sident de F\u00e9d\u00e9ration de basket, Me Babacar Ndiaye. Je suis venu repr\u00e9senter le chef de l&rsquo;\u00c9tat et accompagner mon ami et fr\u00e8re, ministre des Sports, Lat Diop. C&rsquo;est la premi\u00e8re sortie de Lat Diop et je suis venu apporter mon soutien au basket s\u00e9n\u00e9galais qui marche quoi qu&rsquo;on puisse dire. Cette discipline progresse et on ne parle plus de la prise en charge des \u00e9quipes nationales. Nous pouvons constater que la F\u00e9d\u00e9ration s\u00e9n\u00e9galaise de basket fait du tr\u00e8s bon travail. Je crois que nous devons continuer \u00e0 travailler. Le sport ne peut plus \u00eatre rel\u00e9gu\u00e9 au second plan au S\u00e9n\u00e9gal. Le sport est un domaine de souverainet\u00e9 et nous devons nous donner la main pour relever les d\u00e9fis.\u00a0\u00bb<\/p>\n","protected":false},"author":7,"featured_media":27850,"comment_status":"open","ping_status":"open","sticky":false,"template":"","format":"standard","meta":{"_jetpack_memberships_contains_paid_content":false,"footnotes":""},"categories":[375,7],"tags":[5347],"class_list":["post-27849","post","type-post","status-publish","format-standard","has-post-thumbnail","hentry","category-actualites","category-sport","tag-une","entry","has-media","owp-thumbs-layout-horizontal","owp-btn-normal","owp-tabs-layout-horizontal","has-no-thumbnails","has-product-nav"],"yoast_head":"<!-- This site is optimized with the Yoast SEO plugin v25.5 - https:\/\/yoast.com\/wordpress\/plugins\/seo\/ -->\n<title>Nomination de Lat Diop, sport s\u00e9n\u00e9galais...Matar Ba prend la parole - LE PUBLIC<\/title>\n<meta name=\"robots\" content=\"index, follow, max-snippet:-1, max-image-preview:large, max-video-preview:-1\" \/>\n<link rel=\"canonical\" href=\"https:\/\/www.public.sn\/index.php\/2023\/10\/16\/nomination-de-lat-diop-sport-senegalais-matar-ba-prend-la-parole\/\" \/>\n<meta property=\"og:locale\" content=\"fr_FR\" \/>\n<meta property=\"og:type\" content=\"article\" \/>\n<meta property=\"og:title\" content=\"Nomination de Lat Diop, sport s\u00e9n\u00e9galais...Matar Ba prend la parole - LE PUBLIC\" \/>\n<meta property=\"og:description\" content=\"Ancien ministre des Sports, Matar Ba, s&rsquo;est exprim\u00e9 sur l&rsquo;actualit\u00e9 sportive notamment la nomination de Lat Diop \u00e0 la t\u00eate du d\u00e9partement du sport. L&rsquo;actuel Chef de cabinet du pr\u00e9sident de la R\u00e9publique du S\u00e9n\u00e9gal a promis d&rsquo;apporter tout son soutien \u00e0 l&rsquo;ancien DG de la LONASE et invit\u00e9 les sportifs \u00e0 s&rsquo;unir. \u00ab\u00a0Je viens r\u00e9pondre \u00e0 l&rsquo;invitation du pr\u00e9sident de F\u00e9d\u00e9ration de basket, Me Babacar Ndiaye. Je suis venu repr\u00e9senter le chef de l&rsquo;\u00c9tat et accompagner mon ami et fr\u00e8re, ministre des Sports, Lat Diop. C&rsquo;est la premi\u00e8re sortie de Lat Diop et je suis venu apporter mon soutien au basket s\u00e9n\u00e9galais qui marche quoi qu&rsquo;on puisse dire. Cette discipline progresse et on ne parle plus de la prise en charge des \u00e9quipes nationales. Nous pouvons constater que la F\u00e9d\u00e9ration s\u00e9n\u00e9galaise de basket fait du tr\u00e8s bon travail. Je crois que nous devons continuer \u00e0 travailler. Le sport ne peut plus \u00eatre rel\u00e9gu\u00e9 au second plan au S\u00e9n\u00e9gal. Le sport est un domaine de souverainet\u00e9 et nous devons nous donner la main pour relever les d\u00e9fis.\u00a0\u00bb\" \/>\n<meta property=\"og:url\" content=\"https:\/\/www.public.sn\/index.php\/2023\/10\/16\/nomination-de-lat-diop-sport-senegalais-matar-ba-prend-la-parole\/\" \/>\n<meta property=\"og:site_name\" content=\"LE PUBLIC\" \/>\n<meta property=\"article:published_time\" content=\"2023-10-16T14:36:42+00:00\" \/>\n<meta property=\"og:image\" content=\"https:\/\/www.public.sn\/wp-content\/uploads\/2023\/10\/Capture-decran-2023-10-16-a-14.35.38.png\" \/>\n\t<meta property=\"og:image:width\" content=\"1162\" \/>\n\t<meta property=\"og:image:height\" content=\"800\" \/>\n\t<meta property=\"og:image:type\" content=\"image\/png\" \/>\n<meta name=\"author\" content=\"LA REDACTION\" \/>\n<meta name=\"twitter:card\" content=\"summary_large_image\" \/>\n<meta name=\"twitter:label1\" content=\"\u00c9crit par\" \/>\n\t<meta name=\"twitter:data1\" content=\"LA REDACTION\" \/>\n\t<meta name=\"twitter:label2\" content=\"Dur\u00e9e de lecture estim\u00e9e\" \/>\n\t<meta name=\"twitter:data2\" content=\"1 minute\" \/>\n<script type=\"application\/ld+json\" class=\"yoast-schema-graph\">{\"@context\":\"https:\/\/schema.org\",\"@graph\":[{\"@type\":\"Article\",\"@id\":\"https:\/\/www.public.sn\/index.php\/2023\/10\/16\/nomination-de-lat-diop-sport-senegalais-matar-ba-prend-la-parole\/#article\",\"isPartOf\":{\"@id\":\"https:\/\/www.public.sn\/index.php\/2023\/10\/16\/nomination-de-lat-diop-sport-senegalais-matar-ba-prend-la-parole\/\"},\"author\":{\"name\":\"LA REDACTION\",\"@id\":\"https:\/\/www.public.sn\/#\/schema\/person\/cb76c8e1b8becc6be61fb5e92d6d0224\"},\"headline\":\"Nomination de Lat Diop, sport s\u00e9n\u00e9galais&#8230;Matar Ba prend la parole\",\"datePublished\":\"2023-10-16T14:36:42+00:00\",\"mainEntityOfPage\":{\"@id\":\"https:\/\/www.public.sn\/index.php\/2023\/10\/16\/nomination-de-lat-diop-sport-senegalais-matar-ba-prend-la-parole\/\"},\"wordCount\":210,\"commentCount\":0,\"publisher\":{\"@id\":\"https:\/\/www.public.sn\/#organization\"},\"image\":{\"@id\":\"https:\/\/www.public.sn\/index.php\/2023\/10\/16\/nomination-de-lat-diop-sport-senegalais-matar-ba-prend-la-parole\/#primaryimage\"},\"thumbnailUrl\":\"https:\/\/www.public.sn\/wp-content\/uploads\/2023\/10\/Capture-decran-2023-10-16-a-14.35.38.png\",\"keywords\":[\"une\"],\"articleSection\":[\"ACTUALIT\u00c9S\",\"SPORTS\"],\"inLanguage\":\"fr-FR\",\"potentialAction\":[{\"@type\":\"CommentAction\",\"name\":\"Comment\",\"target\":[\"https:\/\/www.public.sn\/index.php\/2023\/10\/16\/nomination-de-lat-diop-sport-senegalais-matar-ba-prend-la-parole\/#respond\"]}]},{\"@type\":\"WebPage\",\"@id\":\"https:\/\/www.public.sn\/index.php\/2023\/10\/16\/nomination-de-lat-diop-sport-senegalais-matar-ba-prend-la-parole\/\",\"url\":\"https:\/\/www.public.sn\/index.php\/2023\/10\/16\/nomination-de-lat-diop-sport-senegalais-matar-ba-prend-la-parole\/\",\"name\":\"Nomination de Lat Diop, sport s\u00e9n\u00e9galais...Matar Ba prend la parole - LE PUBLIC\",\"isPartOf\":{\"@id\":\"https:\/\/www.public.sn\/#website\"},\"primaryImageOfPage\":{\"@id\":\"https:\/\/www.public.sn\/index.php\/2023\/10\/16\/nomination-de-lat-diop-sport-senegalais-matar-ba-prend-la-parole\/#primaryimage\"},\"image\":{\"@id\":\"https:\/\/www.public.sn\/index.php\/2023\/10\/16\/nomination-de-lat-diop-sport-senegalais-matar-ba-prend-la-parole\/#primaryimage\"},\"thumbnailUrl\":\"https:\/\/www.public.sn\/wp-content\/uploads\/2023\/10\/Capture-decran-2023-10-16-a-14.35.38.png\",\"datePublished\":\"2023-10-16T14:36:42+00:00\",\"breadcrumb\":{\"@id\":\"https:\/\/www.public.sn\/index.php\/2023\/10\/16\/nomination-de-lat-diop-sport-senegalais-matar-ba-prend-la-parole\/#breadcrumb\"},\"inLanguage\":\"fr-FR\",\"potentialAction\":[{\"@type\":\"ReadAction\",\"target\":[\"https:\/\/www.public.sn\/index.php\/2023\/10\/16\/nomination-de-lat-diop-sport-senegalais-matar-ba-prend-la-parole\/\"]}]},{\"@type\":\"ImageObject\",\"inLanguage\":\"fr-FR\",\"@id\":\"https:\/\/www.public.sn\/index.php\/2023\/10\/16\/nomination-de-lat-diop-sport-senegalais-matar-ba-prend-la-parole\/#primaryimage\",\"url\":\"https:\/\/www.public.sn\/wp-content\/uploads\/2023\/10\/Capture-decran-2023-10-16-a-14.35.38.png\",\"contentUrl\":\"https:\/\/www.public.sn\/wp-content\/uploads\/2023\/10\/Capture-decran-2023-10-16-a-14.35.38.png\",\"width\":1162,\"height\":800},{\"@type\":\"BreadcrumbList\",\"@id\":\"https:\/\/www.public.sn\/index.php\/2023\/10\/16\/nomination-de-lat-diop-sport-senegalais-matar-ba-prend-la-parole\/#breadcrumb\",\"itemListElement\":[{\"@type\":\"ListItem\",\"position\":1,\"name\":\"Accueil\",\"item\":\"https:\/\/www.public.sn\/\"},{\"@type\":\"ListItem\",\"position\":2,\"name\":\"Nomination de Lat Diop, sport s\u00e9n\u00e9galais&#8230;Matar Ba prend la parole\"}]},{\"@type\":\"WebSite\",\"@id\":\"https:\/\/www.public.sn\/#website\",\"url\":\"https:\/\/www.public.sn\/\",\"name\":\"LE PUBLIC\",\"description\":\"\",\"publisher\":{\"@id\":\"https:\/\/www.public.sn\/#organization\"},\"potentialAction\":[{\"@type\":\"SearchAction\",\"target\":{\"@type\":\"EntryPoint\",\"urlTemplate\":\"https:\/\/www.public.sn\/?s={search_term_string}\"},\"query-input\":{\"@type\":\"PropertyValueSpecification\",\"valueRequired\":true,\"valueName\":\"search_term_string\"}}],\"inLanguage\":\"fr-FR\"},{\"@type\":\"Organization\",\"@id\":\"https:\/\/www.public.sn\/#organization\",\"name\":\"LE PUBLIC\",\"url\":\"https:\/\/www.public.sn\/\",\"logo\":{\"@type\":\"ImageObject\",\"inLanguage\":\"fr-FR\",\"@id\":\"https:\/\/www.public.sn\/#\/schema\/logo\/image\/\",\"url\":\"https:\/\/www.public.sn\/wp-content\/uploads\/2024\/05\/cropped-LOGO-PUBLIC.SN_.png\",\"contentUrl\":\"https:\/\/www.public.sn\/wp-content\/uploads\/2024\/05\/cropped-LOGO-PUBLIC.SN_.png\",\"width\":682,\"height\":192,\"caption\":\"LE PUBLIC\"},\"image\":{\"@id\":\"https:\/\/www.public.sn\/#\/schema\/logo\/image\/\"}},{\"@type\":\"Person\",\"@id\":\"https:\/\/www.public.sn\/#\/schema\/person\/cb76c8e1b8becc6be61fb5e92d6d0224\",\"name\":\"LA REDACTION\",\"image\":{\"@type\":\"ImageObject\",\"inLanguage\":\"fr-FR\",\"@id\":\"https:\/\/www.public.sn\/#\/schema\/person\/image\/\",\"url\":\"https:\/\/secure.gravatar.com\/avatar\/2dce5ddd34b8fef0180efe03aa2a9bee7d953856048f9a16b298190a3178407c?s=96&d=mm&r=g\",\"contentUrl\":\"https:\/\/secure.gravatar.com\/avatar\/2dce5ddd34b8fef0180efe03aa2a9bee7d953856048f9a16b298190a3178407c?s=96&d=mm&r=g\",\"caption\":\"LA REDACTION\"},\"url\":\"https:\/\/www.public.sn\/index.php\/author\/editeurpsn\/\"}]}<\/script>\n<!-- \/ Yoast SEO plugin. -->","yoast_head_json":{"title":"Nomination de Lat Diop, sport s\u00e9n\u00e9galais...Matar Ba prend la parole - LE PUBLIC","robots":{"index":"index","follow":"follow","max-snippet":"max-snippet:-1","max-image-preview":"max-image-preview:large","max-video-preview":"max-video-preview:-1"},"canonical":"https:\/\/www.public.sn\/index.php\/2023\/10\/16\/nomination-de-lat-diop-sport-senegalais-matar-ba-prend-la-parole\/","og_locale":"fr_FR","og_type":"article","og_title":"Nomination de Lat Diop, sport s\u00e9n\u00e9galais...Matar Ba prend la parole - LE PUBLIC","og_description":"Ancien ministre des Sports, Matar Ba, s&rsquo;est exprim\u00e9 sur l&rsquo;actualit\u00e9 sportive notamment la nomination de Lat Diop \u00e0 la t\u00eate du d\u00e9partement du sport. L&rsquo;actuel Chef de cabinet du pr\u00e9sident de la R\u00e9publique du S\u00e9n\u00e9gal a promis d&rsquo;apporter tout son soutien \u00e0 l&rsquo;ancien DG de la LONASE et invit\u00e9 les sportifs \u00e0 s&rsquo;unir. \u00ab\u00a0Je viens r\u00e9pondre \u00e0 l&rsquo;invitation du pr\u00e9sident de F\u00e9d\u00e9ration de basket, Me Babacar Ndiaye. Je suis venu repr\u00e9senter le chef de l&rsquo;\u00c9tat et accompagner mon ami et fr\u00e8re, ministre des Sports, Lat Diop. C&rsquo;est la premi\u00e8re sortie de Lat Diop et je suis venu apporter mon soutien au basket s\u00e9n\u00e9galais qui marche quoi qu&rsquo;on puisse dire. Cette discipline progresse et on ne parle plus de la prise en charge des \u00e9quipes nationales. Nous pouvons constater que la F\u00e9d\u00e9ration s\u00e9n\u00e9galaise de basket fait du tr\u00e8s bon travail. Je crois que nous devons continuer \u00e0 travailler. Le sport ne peut plus \u00eatre rel\u00e9gu\u00e9 au second plan au S\u00e9n\u00e9gal. Le sport est un domaine de souverainet\u00e9 et nous devons nous donner la main pour relever les d\u00e9fis.\u00a0\u00bb","og_url":"https:\/\/www.public.sn\/index.php\/2023\/10\/16\/nomination-de-lat-diop-sport-senegalais-matar-ba-prend-la-parole\/","og_site_name":"LE PUBLIC","article_published_time":"2023-10-16T14:36:42+00:00","og_image":[{"width":1162,"height":800,"url":"https:\/\/www.public.sn\/wp-content\/uploads\/2023\/10\/Capture-decran-2023-10-16-a-14.35.38.png","type":"image\/png"}],"author":"LA REDACTION","twitter_card":"summary_large_image","twitter_misc":{"\u00c9crit par":"LA REDACTION","Dur\u00e9e de lecture estim\u00e9e":"1 minute"},"schema":{"@context":"https:\/\/schema.org","@graph":[{"@type":"Article","@id":"https:\/\/www.public.sn\/index.php\/2023\/10\/16\/nomination-de-lat-diop-sport-senegalais-matar-ba-prend-la-parole\/#article","isPartOf":{"@id":"https:\/\/www.public.sn\/index.php\/2023\/10\/16\/nomination-de-lat-diop-sport-senegalais-matar-ba-prend-la-parole\/"},"author":{"name":"LA REDACTION","@id":"https:\/\/www.public.sn\/#\/schema\/person\/cb76c8e1b8becc6be61fb5e92d6d0224"},"headline":"Nomination de Lat Diop, sport s\u00e9n\u00e9galais&#8230;Matar Ba prend la parole","datePublished":"2023-10-16T14:36:42+00:00","mainEntityOfPage":{"@id":"https:\/\/www.public.sn\/index.php\/2023\/10\/16\/nomination-de-lat-diop-sport-senegalais-matar-ba-prend-la-parole\/"},"wordCount":210,"commentCount":0,"publisher":{"@id":"https:\/\/www.public.sn\/#organization"},"image":{"@id":"https:\/\/www.public.sn\/index.php\/2023\/10\/16\/nomination-de-lat-diop-sport-senegalais-matar-ba-prend-la-parole\/#primaryimage"},"thumbnailUrl":"https:\/\/www.public.sn\/wp-content\/uploads\/2023\/10\/Capture-decran-2023-10-16-a-14.35.38.png","keywords":["une"],"articleSection":["ACTUALIT\u00c9S","SPORTS"],"inLanguage":"fr-FR","potentialAction":[{"@type":"CommentAction","name":"Comment","target":["https:\/\/www.public.sn\/index.php\/2023\/10\/16\/nomination-de-lat-diop-sport-senegalais-matar-ba-prend-la-parole\/#respond"]}]},{"@type":"WebPage","@id":"https:\/\/www.public.sn\/index.php\/2023\/10\/16\/nomination-de-lat-diop-sport-senegalais-matar-ba-prend-la-parole\/","url":"https:\/\/www.public.sn\/index.php\/2023\/10\/16\/nomination-de-lat-diop-sport-senegalais-matar-ba-prend-la-parole\/","name":"Nomination de Lat Diop, sport s\u00e9n\u00e9galais...Matar Ba prend la parole - LE PUBLIC","isPartOf":{"@id":"https:\/\/www.public.sn\/#website"},"primaryImageOfPage":{"@id":"https:\/\/www.public.sn\/index.php\/2023\/10\/16\/nomination-de-lat-diop-sport-senegalais-matar-ba-prend-la-parole\/#primaryimage"},"image":{"@id":"https:\/\/www.public.sn\/index.php\/2023\/10\/16\/nomination-de-lat-diop-sport-senegalais-matar-ba-prend-la-parole\/#primaryimage"},"thumbnailUrl":"https:\/\/www.public.sn\/wp-content\/uploads\/2023\/10\/Capture-decran-2023-10-16-a-14.35.38.png","datePublished":"2023-10-16T14:36:42+00:00","breadcrumb":{"@id":"https:\/\/www.public.sn\/index.php\/2023\/10\/16\/nomination-de-lat-diop-sport-senegalais-matar-ba-prend-la-parole\/#breadcrumb"},"inLanguage":"fr-FR","potentialAction":[{"@type":"ReadAction","target":["https:\/\/www.public.sn\/index.php\/2023\/10\/16\/nomination-de-lat-diop-sport-senegalais-matar-ba-prend-la-parole\/"]}]},{"@type":"ImageObject","inLanguage":"fr-FR","@id":"https:\/\/www.public.sn\/index.php\/2023\/10\/16\/nomination-de-lat-diop-sport-senegalais-matar-ba-prend-la-parole\/#primaryimage","url":"https:\/\/www.public.sn\/wp-content\/uploads\/2023\/10\/Capture-decran-2023-10-16-a-14.35.38.png","contentUrl":"https:\/\/www.public.sn\/wp-content\/uploads\/2023\/10\/Capture-decran-2023-10-16-a-14.35.38.png","width":1162,"height":800},{"@type":"BreadcrumbList","@id":"https:\/\/www.public.sn\/index.php\/2023\/10\/16\/nomination-de-lat-diop-sport-senegalais-matar-ba-prend-la-parole\/#breadcrumb","itemListElement":[{"@type":"ListItem","position":1,"name":"Accueil","item":"https:\/\/www.public.sn\/"},{"@type":"ListItem","position":2,"name":"Nomination de Lat Diop, sport s\u00e9n\u00e9galais&#8230;Matar Ba prend la parole"}]},{"@type":"WebSite","@id":"https:\/\/www.public.sn\/#website","url":"https:\/\/www.public.sn\/","name":"LE PUBLIC","description":"","publisher":{"@id":"https:\/\/www.public.sn\/#organization"},"potentialAction":[{"@type":"SearchAction","target":{"@type":"EntryPoint","urlTemplate":"https:\/\/www.public.sn\/?s={search_term_string}"},"query-input":{"@type":"PropertyValueSpecification","valueRequired":true,"valueName":"search_term_string"}}],"inLanguage":"fr-FR"},{"@type":"Organization","@id":"https:\/\/www.public.sn\/#organization","name":"LE PUBLIC","url":"https:\/\/www.public.sn\/","logo":{"@type":"ImageObject","inLanguage":"fr-FR","@id":"https:\/\/www.public.sn\/#\/schema\/logo\/image\/","url":"https:\/\/www.public.sn\/wp-content\/uploads\/2024\/05\/cropped-LOGO-PUBLIC.SN_.png","contentUrl":"https:\/\/www.public.sn\/wp-content\/uploads\/2024\/05\/cropped-LOGO-PUBLIC.SN_.png","width":682,"height":192,"caption":"LE PUBLIC"},"image":{"@id":"https:\/\/www.public.sn\/#\/schema\/logo\/image\/"}},{"@type":"Person","@id":"https:\/\/www.public.sn\/#\/schema\/person\/cb76c8e1b8becc6be61fb5e92d6d0224","name":"LA REDACTION","image":{"@type":"ImageObject","inLanguage":"fr-FR","@id":"https:\/\/www.public.sn\/#\/schema\/person\/image\/","url":"https:\/\/secure.gravatar.com\/avatar\/2dce5ddd34b8fef0180efe03aa2a9bee7d953856048f9a16b298190a3178407c?s=96&d=mm&r=g","contentUrl":"https:\/\/secure.gravatar.com\/avatar\/2dce5ddd34b8fef0180efe03aa2a9bee7d953856048f9a16b298190a3178407c?s=96&d=mm&r=g","caption":"LA REDACTION"},"url":"https:\/\/www.public.sn\/index.php\/author\/editeurpsn\/"}]}},"jetpack_featured_media_url":"https:\/\/www.public.sn\/wp-content\/uploads\/2023\/10\/Capture-decran-2023-10-16-a-14.35.38.png","jetpack_sharing_enabled":true,"_links":{"self":[{"href":"https:\/\/www.public.sn\/index.php\/wp-json\/wp\/v2\/posts\/27849","targetHints":{"allow":["GET"]}}],"collection":[{"href":"https:\/\/www.public.sn\/index.php\/wp-json\/wp\/v2\/posts"}],"about":[{"href":"https:\/\/www.public.sn\/index.php\/wp-json\/wp\/v2\/types\/post"}],"author":[{"embeddable":true,"href":"https:\/\/www.public.sn\/index.php\/wp-json\/wp\/v2\/users\/7"}],"replies":[{"embeddable":true,"href":"https:\/\/www.public.sn\/index.php\/wp-json\/wp\/v2\/comments?post=27849"}],"version-history":[{"count":1,"href":"https:\/\/www.public.sn\/index.php\/wp-json\/wp\/v2\/posts\/27849\/revisions"}],"predecessor-version":[{"id":27851,"href":"https:\/\/www.public.sn\/index.php\/wp-json\/wp\/v2\/posts\/27849\/revisions\/27851"}],"wp:featuredmedia":[{"embeddable":true,"href":"https:\/\/www.public.sn\/index.php\/wp-json\/wp\/v2\/media\/27850"}],"wp:attachment":[{"href":"https:\/\/www.public.sn\/index.php\/wp-json\/wp\/v2\/media?parent=27849"}],"wp:term":[{"taxonomy":"category","embeddable":true,"href":"https:\/\/www.public.sn\/index.php\/wp-json\/wp\/v2\/categories?post=27849"},{"taxonomy":"post_tag","embeddable":true,"href":"https:\/\/www.public.sn\/index.php\/wp-json\/wp\/v2\/tags?post=27849"}],"curies":[{"name":"wp","href":"https:\/\/api.w.org\/{rel}","templated":true}]}}