{"id":28092,"date":"2023-10-27T11:13:55","date_gmt":"2023-10-27T11:13:55","guid":{"rendered":"https:\/\/www.public.sn\/?p=28092"},"modified":"2023-10-27T11:13:55","modified_gmt":"2023-10-27T11:13:55","slug":"axe-dakar-banjul-1er-forum-economique-commercial-et-dinvestissement-senegambienne","status":"publish","type":"post","link":"https:\/\/www.public.sn\/index.php\/2023\/10\/27\/axe-dakar-banjul-1er-forum-economique-commercial-et-dinvestissement-senegambienne\/","title":{"rendered":"Axe Dakar\/Banjul : 1er Forum \u00e9conomique commercial et d\u2019investissement s\u00e9n\u00e9gambienne"},"content":{"rendered":"<p><strong>Le premier Forum \u00e9conomique commercial et d\u2019investissement s\u00e9n\u00e9galo-gambien s\u2019est ouvert hier \u00e0 Dakar.\u00a0L\u2019objectif de cette rencontre de deux jours vise \u00e0 explorer ensemble les opportunit\u00e9s de partenariat \u00e9conomique, d\u2019investissement et de promotion du commerce bilat\u00e9ral.<\/strong><\/p><div class=\"publi-paragraphe1\" style=\"margin-top: 10px;margin-bottom: 10px;margin-left: auto;margin-right: auto;text-align: center;\" id=\"publi-1495926784\"><div class=\"publi-adlabel\">Publicit\u00e9<\/div><script async src=\"\/\/pagead2.googlesyndication.com\/pagead\/js\/adsbygoogle.js?client=ca-pub-4089586018074219\" crossorigin=\"anonymous\"><\/script><ins class=\"adsbygoogle\" style=\"display:block;\" data-ad-client=\"ca-pub-4089586018074219\" \ndata-ad-slot=\"2087940154\" \ndata-ad-format=\"auto\"><\/ins>\n<script> \n(adsbygoogle = window.adsbygoogle || []).push({}); \n<\/script>\n<\/div>\n<p>L\u2019Agence nationale pour la promotion des investissements et des grands travaux (Apix), l\u2019Agence gambienne de promotion des investissements et des exportations (Giepa) ont organis\u00e9 hier le\u00a0premier Forum \u00e9conomique commercial et d\u2019investissement s\u00e9n\u00e9galo-gambien. Cette rencontre de deux\u00a0jours vise non seulement \u00e0 promouvoir les liens \u00e9conomiques et commerciaux entre ces deux pays, mais \u00e9galement \u00e0 cr\u00e9er une plate-forme pour mettre en valeur les liens culturels.\u00a0Venu pr\u00e9sider la rencontre, le Premier ministre a soulign\u00e9 que l\u2019organisation\u00a0de ce forum t\u00e9moigne de l\u2019engagement commun envers la croissance \u00e9conomique et le bien-\u00eatre\u00a0des citoyens des deux pays. <em>\u00abLa r\u00e9gion de l\u2019Afrique de l\u2019Ouest offre de nombreuses opportunit\u00e9s \u00e9conomiques, mais elle est \u00e9galement confront\u00e9e \u00e0 des d\u00e9fis importants, notamment la n\u00e9cessit\u00e9 de renforcer notre r\u00e9silience \u00e9conomique, de diversifier nos \u00e9conomies et de promouvoir la coop\u00e9ration r\u00e9gionale. Ce forum repr\u00e9sente une plateforme pr\u00e9cieuse pour discuter de ces enjeux et travailler ensemble \u00e0 trouver des solutions\u00bb<\/em>, a\u00a0d\u00e9clar\u00e9\u00a0Amadou Ba, qui encourage les entrepreneurs et les investisseurs des deux pays \u00e0 explorer des partenariats et des opportunit\u00e9s d\u2019investissement de part et d\u2019autre.\u00a0Il s\u2019engage, en outre,\u00a0\u00e0 mettre en place des cadres r\u00e9glementaires transparents et pr\u00e9visibles, \u00e0 garantir la s\u00e9curit\u00e9 juridique et \u00e0 promouvoir des politiques fiscales \u00e9quitables pour attirer les investisseurs. <em>\u00abNous cherchons \u00e0 \u00e9liminer les entraves bureaucratiques et \u00e0 simplifier les proc\u00e9dures pour encourager les entreprises \u00e0 investir dans la S\u00e9n\u00e9gambie\u00bb<\/em>, ajoute-t-il. Pour\u00a0le\u00a0Directeur g\u00e9n\u00e9ral de Apix-SA,\u00a0ce forum doit \u00eatre l\u2019occasion d\u2019identifier les axes de partenariats possibles et de jeter les bases de leur mise en op\u00e9ration. <em>\u00abNous devons travailler main dans la main pour cr\u00e9er un environnement favorable aux affaires qui profite \u00e0 nos entreprises, nos citoyens et \u00e0 l\u2019ensemble de notre r\u00e9gion. Les secteurs priv\u00e9s s\u00e9n\u00e9galais et gambiens doivent en profiter pour intensifier leur coop\u00e9ration et\u00a0co-investir dans les secteurs porteurs\u00bb<\/em>, a exhort\u00e9 Dr Abdoulaye Bald\u00e9.<\/p>\n<p>Le premier Forum \u00e9conomique commercial et d\u2019investissement s\u00e9n\u00e9galo-gambienne prend fin aujourd\u2019hui et sera marqu\u00e9 par la tenue\u00a0d\u2019une foire d\u2019exposition,\u00a0suivi des visites d\u2019\u00e9changes et d\u2019un d\u00eener de Gala qui sera anim\u00e9 par des artistes s\u00e9n\u00e9galais et gambiens.<\/p>\n<p>Article de Emedia<\/p>\n<div class=\"publi-apres-le-contenu\" style=\"margin-top: 10px;margin-bottom: 10px;margin-left: auto;margin-right: auto;text-align: center;\" id=\"publi-1562275840\"><div class=\"publi-adlabel\">Publicit\u00e9<\/div><script async src=\"\/\/pagead2.googlesyndication.com\/pagead\/js\/adsbygoogle.js?client=ca-pub-4089586018074219\" crossorigin=\"anonymous\"><\/script><ins class=\"adsbygoogle\" style=\"display:block;\" data-ad-client=\"ca-pub-4089586018074219\" \ndata-ad-slot=\"2087940154\" \ndata-ad-format=\"auto\"><\/ins>\n<script> \n(adsbygoogle = window.adsbygoogle || []).push({}); \n<\/script>\n<\/div>","protected":false},"excerpt":{"rendered":"<p>Le premier Forum \u00e9conomique commercial et d\u2019investissement s\u00e9n\u00e9galo-gambien s\u2019est ouvert hier \u00e0 Dakar.\u00a0L\u2019objectif de cette rencontre de deux jours vise \u00e0 explorer ensemble les opportunit\u00e9s de partenariat \u00e9conomique, d\u2019investissement et de promotion du commerce bilat\u00e9ral. L\u2019Agence nationale pour la promotion des investissements et des grands travaux (Apix), l\u2019Agence gambienne de promotion des investissements et des exportations (Giepa) ont organis\u00e9 hier le\u00a0premier Forum \u00e9conomique commercial et d\u2019investissement s\u00e9n\u00e9galo-gambien. Cette rencontre de deux\u00a0jours vise non seulement \u00e0 promouvoir les liens \u00e9conomiques et commerciaux entre ces deux pays, mais \u00e9galement \u00e0 cr\u00e9er une plate-forme pour mettre en valeur les liens culturels.\u00a0Venu pr\u00e9sider la rencontre, le Premier ministre a soulign\u00e9 que l\u2019organisation\u00a0de ce forum t\u00e9moigne de l\u2019engagement commun envers la croissance \u00e9conomique et le bien-\u00eatre\u00a0des citoyens des deux pays. \u00abLa r\u00e9gion de l\u2019Afrique de l\u2019Ouest offre de nombreuses opportunit\u00e9s \u00e9conomiques, mais elle est \u00e9galement confront\u00e9e \u00e0 des d\u00e9fis importants, notamment la n\u00e9cessit\u00e9 de renforcer notre r\u00e9silience \u00e9conomique, de diversifier nos \u00e9conomies et de promouvoir la coop\u00e9ration r\u00e9gionale. Ce forum repr\u00e9sente une plateforme pr\u00e9cieuse pour discuter de ces enjeux et travailler ensemble \u00e0 trouver des solutions\u00bb, a\u00a0d\u00e9clar\u00e9\u00a0Amadou Ba, qui encourage les entrepreneurs et les investisseurs des deux pays \u00e0 explorer des partenariats et des opportunit\u00e9s d\u2019investissement de part et d\u2019autre.\u00a0Il s\u2019engage, en outre,\u00a0\u00e0 mettre en place des cadres r\u00e9glementaires transparents et pr\u00e9visibles, \u00e0 garantir la s\u00e9curit\u00e9 juridique et \u00e0 promouvoir des politiques fiscales \u00e9quitables pour attirer les investisseurs. \u00abNous cherchons \u00e0 \u00e9liminer les entraves bureaucratiques et \u00e0 simplifier les proc\u00e9dures pour encourager les entreprises \u00e0 investir dans la S\u00e9n\u00e9gambie\u00bb, ajoute-t-il. Pour\u00a0le\u00a0Directeur g\u00e9n\u00e9ral de Apix-SA,\u00a0ce forum doit \u00eatre l\u2019occasion d\u2019identifier les axes de partenariats possibles et de jeter les bases de leur mise en op\u00e9ration. \u00abNous devons travailler main dans la main pour cr\u00e9er un environnement favorable aux affaires qui profite \u00e0 nos entreprises, nos citoyens et \u00e0 l\u2019ensemble de notre r\u00e9gion. Les secteurs priv\u00e9s s\u00e9n\u00e9galais et gambiens doivent en profiter pour intensifier leur coop\u00e9ration et\u00a0co-investir dans les secteurs porteurs\u00bb, a exhort\u00e9 Dr Abdoulaye Bald\u00e9. Le premier Forum \u00e9conomique commercial et d\u2019investissement s\u00e9n\u00e9galo-gambienne prend fin aujourd\u2019hui et sera marqu\u00e9 par la tenue\u00a0d\u2019une foire d\u2019exposition,\u00a0suivi des visites d\u2019\u00e9changes et d\u2019un d\u00eener de Gala qui sera anim\u00e9 par des artistes s\u00e9n\u00e9galais et gambiens. Article de Emedia<\/p>\n","protected":false},"author":7,"featured_media":28093,"comment_status":"open","ping_status":"open","sticky":false,"template":"","format":"standard","meta":{"_jetpack_memberships_contains_paid_content":false,"footnotes":""},"categories":[375,3,1,372],"tags":[],"class_list":["post-28092","post","type-post","status-publish","format-standard","has-post-thumbnail","hentry","category-actualites","category-politique","category-non-classe","category-vedette","entry","has-media","owp-thumbs-layout-horizontal","owp-btn-normal","owp-tabs-layout-horizontal","has-no-thumbnails","has-product-nav"],"yoast_head":"<!-- This site is optimized with the Yoast SEO plugin v25.5 - https:\/\/yoast.com\/wordpress\/plugins\/seo\/ -->\n<title>Axe Dakar\/Banjul : 1er Forum \u00e9conomique commercial et d\u2019investissement s\u00e9n\u00e9gambienne - LE PUBLIC<\/title>\n<meta name=\"robots\" content=\"index, follow, max-snippet:-1, max-image-preview:large, max-video-preview:-1\" \/>\n<link rel=\"canonical\" href=\"https:\/\/www.public.sn\/index.php\/2023\/10\/27\/axe-dakar-banjul-1er-forum-economique-commercial-et-dinvestissement-senegambienne\/\" \/>\n<meta property=\"og:locale\" content=\"fr_FR\" \/>\n<meta property=\"og:type\" content=\"article\" \/>\n<meta property=\"og:title\" content=\"Axe Dakar\/Banjul : 1er Forum \u00e9conomique commercial et d\u2019investissement s\u00e9n\u00e9gambienne - LE PUBLIC\" \/>\n<meta property=\"og:description\" content=\"Le premier Forum \u00e9conomique commercial et d\u2019investissement s\u00e9n\u00e9galo-gambien s\u2019est ouvert hier \u00e0 Dakar.\u00a0L\u2019objectif de cette rencontre de deux jours vise \u00e0 explorer ensemble les opportunit\u00e9s de partenariat \u00e9conomique, d\u2019investissement et de promotion du commerce bilat\u00e9ral. L\u2019Agence nationale pour la promotion des investissements et des grands travaux (Apix), l\u2019Agence gambienne de promotion des investissements et des exportations (Giepa) ont organis\u00e9 hier le\u00a0premier Forum \u00e9conomique commercial et d\u2019investissement s\u00e9n\u00e9galo-gambien. Cette rencontre de deux\u00a0jours vise non seulement \u00e0 promouvoir les liens \u00e9conomiques et commerciaux entre ces deux pays, mais \u00e9galement \u00e0 cr\u00e9er une plate-forme pour mettre en valeur les liens culturels.\u00a0Venu pr\u00e9sider la rencontre, le Premier ministre a soulign\u00e9 que l\u2019organisation\u00a0de ce forum t\u00e9moigne de l\u2019engagement commun envers la croissance \u00e9conomique et le bien-\u00eatre\u00a0des citoyens des deux pays. \u00abLa r\u00e9gion de l\u2019Afrique de l\u2019Ouest offre de nombreuses opportunit\u00e9s \u00e9conomiques, mais elle est \u00e9galement confront\u00e9e \u00e0 des d\u00e9fis importants, notamment la n\u00e9cessit\u00e9 de renforcer notre r\u00e9silience \u00e9conomique, de diversifier nos \u00e9conomies et de promouvoir la coop\u00e9ration r\u00e9gionale. Ce forum repr\u00e9sente une plateforme pr\u00e9cieuse pour discuter de ces enjeux et travailler ensemble \u00e0 trouver des solutions\u00bb, a\u00a0d\u00e9clar\u00e9\u00a0Amadou Ba, qui encourage les entrepreneurs et les investisseurs des deux pays \u00e0 explorer des partenariats et des opportunit\u00e9s d\u2019investissement de part et d\u2019autre.\u00a0Il s\u2019engage, en outre,\u00a0\u00e0 mettre en place des cadres r\u00e9glementaires transparents et pr\u00e9visibles, \u00e0 garantir la s\u00e9curit\u00e9 juridique et \u00e0 promouvoir des politiques fiscales \u00e9quitables pour attirer les investisseurs. \u00abNous cherchons \u00e0 \u00e9liminer les entraves bureaucratiques et \u00e0 simplifier les proc\u00e9dures pour encourager les entreprises \u00e0 investir dans la S\u00e9n\u00e9gambie\u00bb, ajoute-t-il. Pour\u00a0le\u00a0Directeur g\u00e9n\u00e9ral de Apix-SA,\u00a0ce forum doit \u00eatre l\u2019occasion d\u2019identifier les axes de partenariats possibles et de jeter les bases de leur mise en op\u00e9ration. \u00abNous devons travailler main dans la main pour cr\u00e9er un environnement favorable aux affaires qui profite \u00e0 nos entreprises, nos citoyens et \u00e0 l\u2019ensemble de notre r\u00e9gion. Les secteurs priv\u00e9s s\u00e9n\u00e9galais et gambiens doivent en profiter pour intensifier leur coop\u00e9ration et\u00a0co-investir dans les secteurs porteurs\u00bb, a exhort\u00e9 Dr Abdoulaye Bald\u00e9. Le premier Forum \u00e9conomique commercial et d\u2019investissement s\u00e9n\u00e9galo-gambienne prend fin aujourd\u2019hui et sera marqu\u00e9 par la tenue\u00a0d\u2019une foire d\u2019exposition,\u00a0suivi des visites d\u2019\u00e9changes et d\u2019un d\u00eener de Gala qui sera anim\u00e9 par des artistes s\u00e9n\u00e9galais et gambiens. Article de Emedia\" \/>\n<meta property=\"og:url\" content=\"https:\/\/www.public.sn\/index.php\/2023\/10\/27\/axe-dakar-banjul-1er-forum-economique-commercial-et-dinvestissement-senegambienne\/\" \/>\n<meta property=\"og:site_name\" content=\"LE PUBLIC\" \/>\n<meta property=\"article:published_time\" content=\"2023-10-27T11:13:55+00:00\" \/>\n<meta property=\"og:image\" content=\"https:\/\/www.public.sn\/wp-content\/uploads\/2023\/10\/forum-750x375-1.jpeg\" \/>\n\t<meta property=\"og:image:width\" content=\"750\" \/>\n\t<meta property=\"og:image:height\" content=\"375\" \/>\n\t<meta property=\"og:image:type\" content=\"image\/jpeg\" \/>\n<meta name=\"author\" content=\"LA REDACTION\" \/>\n<meta name=\"twitter:card\" content=\"summary_large_image\" \/>\n<meta name=\"twitter:label1\" content=\"\u00c9crit par\" \/>\n\t<meta name=\"twitter:data1\" content=\"LA REDACTION\" \/>\n\t<meta name=\"twitter:label2\" content=\"Dur\u00e9e de lecture estim\u00e9e\" \/>\n\t<meta name=\"twitter:data2\" content=\"2 minutes\" \/>\n<script type=\"application\/ld+json\" class=\"yoast-schema-graph\">{\"@context\":\"https:\/\/schema.org\",\"@graph\":[{\"@type\":\"Article\",\"@id\":\"https:\/\/www.public.sn\/index.php\/2023\/10\/27\/axe-dakar-banjul-1er-forum-economique-commercial-et-dinvestissement-senegambienne\/#article\",\"isPartOf\":{\"@id\":\"https:\/\/www.public.sn\/index.php\/2023\/10\/27\/axe-dakar-banjul-1er-forum-economique-commercial-et-dinvestissement-senegambienne\/\"},\"author\":{\"name\":\"LA REDACTION\",\"@id\":\"https:\/\/www.public.sn\/#\/schema\/person\/cb76c8e1b8becc6be61fb5e92d6d0224\"},\"headline\":\"Axe Dakar\/Banjul : 1er Forum \u00e9conomique commercial et d\u2019investissement s\u00e9n\u00e9gambienne\",\"datePublished\":\"2023-10-27T11:13:55+00:00\",\"mainEntityOfPage\":{\"@id\":\"https:\/\/www.public.sn\/index.php\/2023\/10\/27\/axe-dakar-banjul-1er-forum-economique-commercial-et-dinvestissement-senegambienne\/\"},\"wordCount\":447,\"commentCount\":0,\"publisher\":{\"@id\":\"https:\/\/www.public.sn\/#organization\"},\"image\":{\"@id\":\"https:\/\/www.public.sn\/index.php\/2023\/10\/27\/axe-dakar-banjul-1er-forum-economique-commercial-et-dinvestissement-senegambienne\/#primaryimage\"},\"thumbnailUrl\":\"https:\/\/www.public.sn\/wp-content\/uploads\/2023\/10\/forum-750x375-1.jpeg\",\"articleSection\":[\"ACTUALIT\u00c9S\",\"POLITIQUE\",\"S\u00c9N\u00c9GAL\",\"VEDETTE\"],\"inLanguage\":\"fr-FR\",\"potentialAction\":[{\"@type\":\"CommentAction\",\"name\":\"Comment\",\"target\":[\"https:\/\/www.public.sn\/index.php\/2023\/10\/27\/axe-dakar-banjul-1er-forum-economique-commercial-et-dinvestissement-senegambienne\/#respond\"]}]},{\"@type\":\"WebPage\",\"@id\":\"https:\/\/www.public.sn\/index.php\/2023\/10\/27\/axe-dakar-banjul-1er-forum-economique-commercial-et-dinvestissement-senegambienne\/\",\"url\":\"https:\/\/www.public.sn\/index.php\/2023\/10\/27\/axe-dakar-banjul-1er-forum-economique-commercial-et-dinvestissement-senegambienne\/\",\"name\":\"Axe Dakar\/Banjul : 1er Forum \u00e9conomique commercial et d\u2019investissement s\u00e9n\u00e9gambienne - LE PUBLIC\",\"isPartOf\":{\"@id\":\"https:\/\/www.public.sn\/#website\"},\"primaryImageOfPage\":{\"@id\":\"https:\/\/www.public.sn\/index.php\/2023\/10\/27\/axe-dakar-banjul-1er-forum-economique-commercial-et-dinvestissement-senegambienne\/#primaryimage\"},\"image\":{\"@id\":\"https:\/\/www.public.sn\/index.php\/2023\/10\/27\/axe-dakar-banjul-1er-forum-economique-commercial-et-dinvestissement-senegambienne\/#primaryimage\"},\"thumbnailUrl\":\"https:\/\/www.public.sn\/wp-content\/uploads\/2023\/10\/forum-750x375-1.jpeg\",\"datePublished\":\"2023-10-27T11:13:55+00:00\",\"breadcrumb\":{\"@id\":\"https:\/\/www.public.sn\/index.php\/2023\/10\/27\/axe-dakar-banjul-1er-forum-economique-commercial-et-dinvestissement-senegambienne\/#breadcrumb\"},\"inLanguage\":\"fr-FR\",\"potentialAction\":[{\"@type\":\"ReadAction\",\"target\":[\"https:\/\/www.public.sn\/index.php\/2023\/10\/27\/axe-dakar-banjul-1er-forum-economique-commercial-et-dinvestissement-senegambienne\/\"]}]},{\"@type\":\"ImageObject\",\"inLanguage\":\"fr-FR\",\"@id\":\"https:\/\/www.public.sn\/index.php\/2023\/10\/27\/axe-dakar-banjul-1er-forum-economique-commercial-et-dinvestissement-senegambienne\/#primaryimage\",\"url\":\"https:\/\/www.public.sn\/wp-content\/uploads\/2023\/10\/forum-750x375-1.jpeg\",\"contentUrl\":\"https:\/\/www.public.sn\/wp-content\/uploads\/2023\/10\/forum-750x375-1.jpeg\",\"width\":750,\"height\":375},{\"@type\":\"BreadcrumbList\",\"@id\":\"https:\/\/www.public.sn\/index.php\/2023\/10\/27\/axe-dakar-banjul-1er-forum-economique-commercial-et-dinvestissement-senegambienne\/#breadcrumb\",\"itemListElement\":[{\"@type\":\"ListItem\",\"position\":1,\"name\":\"Accueil\",\"item\":\"https:\/\/www.public.sn\/\"},{\"@type\":\"ListItem\",\"position\":2,\"name\":\"Axe Dakar\/Banjul : 1er Forum \u00e9conomique commercial et d\u2019investissement s\u00e9n\u00e9gambienne\"}]},{\"@type\":\"WebSite\",\"@id\":\"https:\/\/www.public.sn\/#website\",\"url\":\"https:\/\/www.public.sn\/\",\"name\":\"LE PUBLIC\",\"description\":\"\",\"publisher\":{\"@id\":\"https:\/\/www.public.sn\/#organization\"},\"potentialAction\":[{\"@type\":\"SearchAction\",\"target\":{\"@type\":\"EntryPoint\",\"urlTemplate\":\"https:\/\/www.public.sn\/?s={search_term_string}\"},\"query-input\":{\"@type\":\"PropertyValueSpecification\",\"valueRequired\":true,\"valueName\":\"search_term_string\"}}],\"inLanguage\":\"fr-FR\"},{\"@type\":\"Organization\",\"@id\":\"https:\/\/www.public.sn\/#organization\",\"name\":\"LE PUBLIC\",\"url\":\"https:\/\/www.public.sn\/\",\"logo\":{\"@type\":\"ImageObject\",\"inLanguage\":\"fr-FR\",\"@id\":\"https:\/\/www.public.sn\/#\/schema\/logo\/image\/\",\"url\":\"https:\/\/www.public.sn\/wp-content\/uploads\/2024\/05\/cropped-LOGO-PUBLIC.SN_.png\",\"contentUrl\":\"https:\/\/www.public.sn\/wp-content\/uploads\/2024\/05\/cropped-LOGO-PUBLIC.SN_.png\",\"width\":682,\"height\":192,\"caption\":\"LE PUBLIC\"},\"image\":{\"@id\":\"https:\/\/www.public.sn\/#\/schema\/logo\/image\/\"}},{\"@type\":\"Person\",\"@id\":\"https:\/\/www.public.sn\/#\/schema\/person\/cb76c8e1b8becc6be61fb5e92d6d0224\",\"name\":\"LA REDACTION\",\"image\":{\"@type\":\"ImageObject\",\"inLanguage\":\"fr-FR\",\"@id\":\"https:\/\/www.public.sn\/#\/schema\/person\/image\/\",\"url\":\"https:\/\/secure.gravatar.com\/avatar\/2dce5ddd34b8fef0180efe03aa2a9bee7d953856048f9a16b298190a3178407c?s=96&d=mm&r=g\",\"contentUrl\":\"https:\/\/secure.gravatar.com\/avatar\/2dce5ddd34b8fef0180efe03aa2a9bee7d953856048f9a16b298190a3178407c?s=96&d=mm&r=g\",\"caption\":\"LA REDACTION\"},\"url\":\"https:\/\/www.public.sn\/index.php\/author\/editeurpsn\/\"}]}<\/script>\n<!-- \/ Yoast SEO plugin. -->","yoast_head_json":{"title":"Axe Dakar\/Banjul : 1er Forum \u00e9conomique commercial et d\u2019investissement s\u00e9n\u00e9gambienne - LE PUBLIC","robots":{"index":"index","follow":"follow","max-snippet":"max-snippet:-1","max-image-preview":"max-image-preview:large","max-video-preview":"max-video-preview:-1"},"canonical":"https:\/\/www.public.sn\/index.php\/2023\/10\/27\/axe-dakar-banjul-1er-forum-economique-commercial-et-dinvestissement-senegambienne\/","og_locale":"fr_FR","og_type":"article","og_title":"Axe Dakar\/Banjul : 1er Forum \u00e9conomique commercial et d\u2019investissement s\u00e9n\u00e9gambienne - LE PUBLIC","og_description":"Le premier Forum \u00e9conomique commercial et d\u2019investissement s\u00e9n\u00e9galo-gambien s\u2019est ouvert hier \u00e0 Dakar.\u00a0L\u2019objectif de cette rencontre de deux jours vise \u00e0 explorer ensemble les opportunit\u00e9s de partenariat \u00e9conomique, d\u2019investissement et de promotion du commerce bilat\u00e9ral. L\u2019Agence nationale pour la promotion des investissements et des grands travaux (Apix), l\u2019Agence gambienne de promotion des investissements et des exportations (Giepa) ont organis\u00e9 hier le\u00a0premier Forum \u00e9conomique commercial et d\u2019investissement s\u00e9n\u00e9galo-gambien. Cette rencontre de deux\u00a0jours vise non seulement \u00e0 promouvoir les liens \u00e9conomiques et commerciaux entre ces deux pays, mais \u00e9galement \u00e0 cr\u00e9er une plate-forme pour mettre en valeur les liens culturels.\u00a0Venu pr\u00e9sider la rencontre, le Premier ministre a soulign\u00e9 que l\u2019organisation\u00a0de ce forum t\u00e9moigne de l\u2019engagement commun envers la croissance \u00e9conomique et le bien-\u00eatre\u00a0des citoyens des deux pays. \u00abLa r\u00e9gion de l\u2019Afrique de l\u2019Ouest offre de nombreuses opportunit\u00e9s \u00e9conomiques, mais elle est \u00e9galement confront\u00e9e \u00e0 des d\u00e9fis importants, notamment la n\u00e9cessit\u00e9 de renforcer notre r\u00e9silience \u00e9conomique, de diversifier nos \u00e9conomies et de promouvoir la coop\u00e9ration r\u00e9gionale. Ce forum repr\u00e9sente une plateforme pr\u00e9cieuse pour discuter de ces enjeux et travailler ensemble \u00e0 trouver des solutions\u00bb, a\u00a0d\u00e9clar\u00e9\u00a0Amadou Ba, qui encourage les entrepreneurs et les investisseurs des deux pays \u00e0 explorer des partenariats et des opportunit\u00e9s d\u2019investissement de part et d\u2019autre.\u00a0Il s\u2019engage, en outre,\u00a0\u00e0 mettre en place des cadres r\u00e9glementaires transparents et pr\u00e9visibles, \u00e0 garantir la s\u00e9curit\u00e9 juridique et \u00e0 promouvoir des politiques fiscales \u00e9quitables pour attirer les investisseurs. \u00abNous cherchons \u00e0 \u00e9liminer les entraves bureaucratiques et \u00e0 simplifier les proc\u00e9dures pour encourager les entreprises \u00e0 investir dans la S\u00e9n\u00e9gambie\u00bb, ajoute-t-il. Pour\u00a0le\u00a0Directeur g\u00e9n\u00e9ral de Apix-SA,\u00a0ce forum doit \u00eatre l\u2019occasion d\u2019identifier les axes de partenariats possibles et de jeter les bases de leur mise en op\u00e9ration. \u00abNous devons travailler main dans la main pour cr\u00e9er un environnement favorable aux affaires qui profite \u00e0 nos entreprises, nos citoyens et \u00e0 l\u2019ensemble de notre r\u00e9gion. Les secteurs priv\u00e9s s\u00e9n\u00e9galais et gambiens doivent en profiter pour intensifier leur coop\u00e9ration et\u00a0co-investir dans les secteurs porteurs\u00bb, a exhort\u00e9 Dr Abdoulaye Bald\u00e9. Le premier Forum \u00e9conomique commercial et d\u2019investissement s\u00e9n\u00e9galo-gambienne prend fin aujourd\u2019hui et sera marqu\u00e9 par la tenue\u00a0d\u2019une foire d\u2019exposition,\u00a0suivi des visites d\u2019\u00e9changes et d\u2019un d\u00eener de Gala qui sera anim\u00e9 par des artistes s\u00e9n\u00e9galais et gambiens. Article de Emedia","og_url":"https:\/\/www.public.sn\/index.php\/2023\/10\/27\/axe-dakar-banjul-1er-forum-economique-commercial-et-dinvestissement-senegambienne\/","og_site_name":"LE PUBLIC","article_published_time":"2023-10-27T11:13:55+00:00","og_image":[{"width":750,"height":375,"url":"https:\/\/www.public.sn\/wp-content\/uploads\/2023\/10\/forum-750x375-1.jpeg","type":"image\/jpeg"}],"author":"LA REDACTION","twitter_card":"summary_large_image","twitter_misc":{"\u00c9crit par":"LA REDACTION","Dur\u00e9e de lecture estim\u00e9e":"2 minutes"},"schema":{"@context":"https:\/\/schema.org","@graph":[{"@type":"Article","@id":"https:\/\/www.public.sn\/index.php\/2023\/10\/27\/axe-dakar-banjul-1er-forum-economique-commercial-et-dinvestissement-senegambienne\/#article","isPartOf":{"@id":"https:\/\/www.public.sn\/index.php\/2023\/10\/27\/axe-dakar-banjul-1er-forum-economique-commercial-et-dinvestissement-senegambienne\/"},"author":{"name":"LA REDACTION","@id":"https:\/\/www.public.sn\/#\/schema\/person\/cb76c8e1b8becc6be61fb5e92d6d0224"},"headline":"Axe Dakar\/Banjul : 1er Forum \u00e9conomique commercial et d\u2019investissement s\u00e9n\u00e9gambienne","datePublished":"2023-10-27T11:13:55+00:00","mainEntityOfPage":{"@id":"https:\/\/www.public.sn\/index.php\/2023\/10\/27\/axe-dakar-banjul-1er-forum-economique-commercial-et-dinvestissement-senegambienne\/"},"wordCount":447,"commentCount":0,"publisher":{"@id":"https:\/\/www.public.sn\/#organization"},"image":{"@id":"https:\/\/www.public.sn\/index.php\/2023\/10\/27\/axe-dakar-banjul-1er-forum-economique-commercial-et-dinvestissement-senegambienne\/#primaryimage"},"thumbnailUrl":"https:\/\/www.public.sn\/wp-content\/uploads\/2023\/10\/forum-750x375-1.jpeg","articleSection":["ACTUALIT\u00c9S","POLITIQUE","S\u00c9N\u00c9GAL","VEDETTE"],"inLanguage":"fr-FR","potentialAction":[{"@type":"CommentAction","name":"Comment","target":["https:\/\/www.public.sn\/index.php\/2023\/10\/27\/axe-dakar-banjul-1er-forum-economique-commercial-et-dinvestissement-senegambienne\/#respond"]}]},{"@type":"WebPage","@id":"https:\/\/www.public.sn\/index.php\/2023\/10\/27\/axe-dakar-banjul-1er-forum-economique-commercial-et-dinvestissement-senegambienne\/","url":"https:\/\/www.public.sn\/index.php\/2023\/10\/27\/axe-dakar-banjul-1er-forum-economique-commercial-et-dinvestissement-senegambienne\/","name":"Axe Dakar\/Banjul : 1er Forum \u00e9conomique commercial et d\u2019investissement s\u00e9n\u00e9gambienne - LE PUBLIC","isPartOf":{"@id":"https:\/\/www.public.sn\/#website"},"primaryImageOfPage":{"@id":"https:\/\/www.public.sn\/index.php\/2023\/10\/27\/axe-dakar-banjul-1er-forum-economique-commercial-et-dinvestissement-senegambienne\/#primaryimage"},"image":{"@id":"https:\/\/www.public.sn\/index.php\/2023\/10\/27\/axe-dakar-banjul-1er-forum-economique-commercial-et-dinvestissement-senegambienne\/#primaryimage"},"thumbnailUrl":"https:\/\/www.public.sn\/wp-content\/uploads\/2023\/10\/forum-750x375-1.jpeg","datePublished":"2023-10-27T11:13:55+00:00","breadcrumb":{"@id":"https:\/\/www.public.sn\/index.php\/2023\/10\/27\/axe-dakar-banjul-1er-forum-economique-commercial-et-dinvestissement-senegambienne\/#breadcrumb"},"inLanguage":"fr-FR","potentialAction":[{"@type":"ReadAction","target":["https:\/\/www.public.sn\/index.php\/2023\/10\/27\/axe-dakar-banjul-1er-forum-economique-commercial-et-dinvestissement-senegambienne\/"]}]},{"@type":"ImageObject","inLanguage":"fr-FR","@id":"https:\/\/www.public.sn\/index.php\/2023\/10\/27\/axe-dakar-banjul-1er-forum-economique-commercial-et-dinvestissement-senegambienne\/#primaryimage","url":"https:\/\/www.public.sn\/wp-content\/uploads\/2023\/10\/forum-750x375-1.jpeg","contentUrl":"https:\/\/www.public.sn\/wp-content\/uploads\/2023\/10\/forum-750x375-1.jpeg","width":750,"height":375},{"@type":"BreadcrumbList","@id":"https:\/\/www.public.sn\/index.php\/2023\/10\/27\/axe-dakar-banjul-1er-forum-economique-commercial-et-dinvestissement-senegambienne\/#breadcrumb","itemListElement":[{"@type":"ListItem","position":1,"name":"Accueil","item":"https:\/\/www.public.sn\/"},{"@type":"ListItem","position":2,"name":"Axe Dakar\/Banjul : 1er Forum \u00e9conomique commercial et d\u2019investissement s\u00e9n\u00e9gambienne"}]},{"@type":"WebSite","@id":"https:\/\/www.public.sn\/#website","url":"https:\/\/www.public.sn\/","name":"LE PUBLIC","description":"","publisher":{"@id":"https:\/\/www.public.sn\/#organization"},"potentialAction":[{"@type":"SearchAction","target":{"@type":"EntryPoint","urlTemplate":"https:\/\/www.public.sn\/?s={search_term_string}"},"query-input":{"@type":"PropertyValueSpecification","valueRequired":true,"valueName":"search_term_string"}}],"inLanguage":"fr-FR"},{"@type":"Organization","@id":"https:\/\/www.public.sn\/#organization","name":"LE PUBLIC","url":"https:\/\/www.public.sn\/","logo":{"@type":"ImageObject","inLanguage":"fr-FR","@id":"https:\/\/www.public.sn\/#\/schema\/logo\/image\/","url":"https:\/\/www.public.sn\/wp-content\/uploads\/2024\/05\/cropped-LOGO-PUBLIC.SN_.png","contentUrl":"https:\/\/www.public.sn\/wp-content\/uploads\/2024\/05\/cropped-LOGO-PUBLIC.SN_.png","width":682,"height":192,"caption":"LE PUBLIC"},"image":{"@id":"https:\/\/www.public.sn\/#\/schema\/logo\/image\/"}},{"@type":"Person","@id":"https:\/\/www.public.sn\/#\/schema\/person\/cb76c8e1b8becc6be61fb5e92d6d0224","name":"LA REDACTION","image":{"@type":"ImageObject","inLanguage":"fr-FR","@id":"https:\/\/www.public.sn\/#\/schema\/person\/image\/","url":"https:\/\/secure.gravatar.com\/avatar\/2dce5ddd34b8fef0180efe03aa2a9bee7d953856048f9a16b298190a3178407c?s=96&d=mm&r=g","contentUrl":"https:\/\/secure.gravatar.com\/avatar\/2dce5ddd34b8fef0180efe03aa2a9bee7d953856048f9a16b298190a3178407c?s=96&d=mm&r=g","caption":"LA REDACTION"},"url":"https:\/\/www.public.sn\/index.php\/author\/editeurpsn\/"}]}},"jetpack_featured_media_url":"https:\/\/www.public.sn\/wp-content\/uploads\/2023\/10\/forum-750x375-1.jpeg","jetpack_sharing_enabled":true,"_links":{"self":[{"href":"https:\/\/www.public.sn\/index.php\/wp-json\/wp\/v2\/posts\/28092","targetHints":{"allow":["GET"]}}],"collection":[{"href":"https:\/\/www.public.sn\/index.php\/wp-json\/wp\/v2\/posts"}],"about":[{"href":"https:\/\/www.public.sn\/index.php\/wp-json\/wp\/v2\/types\/post"}],"author":[{"embeddable":true,"href":"https:\/\/www.public.sn\/index.php\/wp-json\/wp\/v2\/users\/7"}],"replies":[{"embeddable":true,"href":"https:\/\/www.public.sn\/index.php\/wp-json\/wp\/v2\/comments?post=28092"}],"version-history":[{"count":1,"href":"https:\/\/www.public.sn\/index.php\/wp-json\/wp\/v2\/posts\/28092\/revisions"}],"predecessor-version":[{"id":28094,"href":"https:\/\/www.public.sn\/index.php\/wp-json\/wp\/v2\/posts\/28092\/revisions\/28094"}],"wp:featuredmedia":[{"embeddable":true,"href":"https:\/\/www.public.sn\/index.php\/wp-json\/wp\/v2\/media\/28093"}],"wp:attachment":[{"href":"https:\/\/www.public.sn\/index.php\/wp-json\/wp\/v2\/media?parent=28092"}],"wp:term":[{"taxonomy":"category","embeddable":true,"href":"https:\/\/www.public.sn\/index.php\/wp-json\/wp\/v2\/categories?post=28092"},{"taxonomy":"post_tag","embeddable":true,"href":"https:\/\/www.public.sn\/index.php\/wp-json\/wp\/v2\/tags?post=28092"}],"curies":[{"name":"wp","href":"https:\/\/api.w.org\/{rel}","templated":true}]}}