{"id":2814,"date":"2022-09-24T18:13:54","date_gmt":"2022-09-24T18:13:54","guid":{"rendered":"https:\/\/www.public.sn\/?p=2814"},"modified":"2022-09-24T18:33:50","modified_gmt":"2022-09-24T18:33:50","slug":"doyen-soro-diop-rejoint-haut-lau-dela-video","status":"publish","type":"post","link":"https:\/\/www.public.sn\/index.php\/2022\/09\/24\/doyen-soro-diop-rejoint-haut-lau-dela-video\/","title":{"rendered":"Doyen Soro Diop, rejoint haut, l\u2019au-del\u00e0 (Vid\u00e9o)"},"content":{"rendered":"<p><strong>Sa famille , ses amis et collaborateurs se sont r\u00e9unis \u00e0 l&rsquo;h\u00f4pital Principal o\u00f9 s&rsquo;est tenue la lev\u00e9e du corps, ce matin. Ils se souviennent du grand journaliste et philosophe qu&rsquo;il \u00e9tait. Mais \u00e9galement de l\u2019homme engag\u00e9. Ils le d\u00e9peignent comme un homme calme et gentil, plein de principe. Le journaliste est d\u00e9c\u00e9d\u00e9 des suites d&rsquo;un accident de la route non loin de BUNTU PIKINE, \u00e0 Dakar, ce vendredi soir. Soro Diop sera enterr\u00e9 \u00e0 Kan\u00e9l dans le Fouta.<\/strong><\/p><div class=\"publi-paragraphe1\" style=\"margin-top: 10px;margin-bottom: 10px;margin-left: auto;margin-right: auto;text-align: center;\" id=\"publi-775068295\"><div class=\"publi-adlabel\">Publicit\u00e9<\/div><script async src=\"\/\/pagead2.googlesyndication.com\/pagead\/js\/adsbygoogle.js?client=ca-pub-4089586018074219\" crossorigin=\"anonymous\"><\/script><ins class=\"adsbygoogle\" style=\"display:block;\" data-ad-client=\"ca-pub-4089586018074219\" \ndata-ad-slot=\"2087940154\" \ndata-ad-format=\"auto\"><\/ins>\n<script> \n(adsbygoogle = window.adsbygoogle || []).push({}); \n<\/script>\n<\/div>\n<p>Tristesse et consternation \u00e0 l&rsquo;h\u00f4pital Principal de Dakar.<\/p>\n<p>Regardez.<\/p>\n<p><iframe title=\"Lev\u00e9 de corps Soro Diop\" src=\"https:\/\/www.youtube.com\/embed\/nnPvfYCuZoQ\" width=\"727\" height=\"409\" frameborder=\"0\" allowfullscreen=\"allowfullscreen\"><\/iframe><\/p>\n<div class=\"publi-apres-le-contenu\" style=\"margin-top: 10px;margin-bottom: 10px;margin-left: auto;margin-right: auto;text-align: center;\" id=\"publi-2987999672\"><div class=\"publi-adlabel\">Publicit\u00e9<\/div><script async src=\"\/\/pagead2.googlesyndication.com\/pagead\/js\/adsbygoogle.js?client=ca-pub-4089586018074219\" crossorigin=\"anonymous\"><\/script><ins class=\"adsbygoogle\" style=\"display:block;\" data-ad-client=\"ca-pub-4089586018074219\" \ndata-ad-slot=\"2087940154\" \ndata-ad-format=\"auto\"><\/ins>\n<script> \n(adsbygoogle = window.adsbygoogle || []).push({}); \n<\/script>\n<\/div>","protected":false},"excerpt":{"rendered":"<p>Sa famille , ses amis et collaborateurs se sont r\u00e9unis \u00e0 l&rsquo;h\u00f4pital Principal o\u00f9 s&rsquo;est tenue la lev\u00e9e du corps, ce matin. Ils se souviennent du grand journaliste et philosophe qu&rsquo;il \u00e9tait. Mais \u00e9galement de l\u2019homme engag\u00e9. Ils le d\u00e9peignent comme un homme calme et gentil, plein de principe. Le journaliste est d\u00e9c\u00e9d\u00e9 des suites d&rsquo;un accident de la route non loin de BUNTU PIKINE, \u00e0 Dakar, ce vendredi soir. Soro Diop sera enterr\u00e9 \u00e0 Kan\u00e9l dans le Fouta. Tristesse et consternation \u00e0 l&rsquo;h\u00f4pital Principal de Dakar. Regardez.<\/p>\n","protected":false},"author":1,"featured_media":2826,"comment_status":"open","ping_status":"open","sticky":false,"template":"","format":"standard","meta":{"_jetpack_memberships_contains_paid_content":false,"footnotes":""},"categories":[961,371,8,1,372,6],"tags":[1004],"class_list":["post-2814","post","type-post","status-publish","format-standard","has-post-thumbnail","hentry","category-medias","category-necrologie","category-public-tv","category-non-classe","category-vedette","category-videos","tag-soro-diop","entry","has-media","owp-thumbs-layout-horizontal","owp-btn-normal","owp-tabs-layout-horizontal","has-no-thumbnails","has-product-nav"],"yoast_head":"<!-- This site is optimized with the Yoast SEO plugin v25.5 - https:\/\/yoast.com\/wordpress\/plugins\/seo\/ -->\n<title>Doyen Soro Diop, rejoint haut, l\u2019au-del\u00e0 (Vid\u00e9o) - LE PUBLIC<\/title>\n<meta name=\"robots\" content=\"index, follow, max-snippet:-1, max-image-preview:large, max-video-preview:-1\" \/>\n<link rel=\"canonical\" href=\"https:\/\/www.public.sn\/index.php\/2022\/09\/24\/doyen-soro-diop-rejoint-haut-lau-dela-video\/\" \/>\n<meta property=\"og:locale\" content=\"fr_FR\" \/>\n<meta property=\"og:type\" content=\"article\" \/>\n<meta property=\"og:title\" content=\"Doyen Soro Diop, rejoint haut, l\u2019au-del\u00e0 (Vid\u00e9o) - LE PUBLIC\" \/>\n<meta property=\"og:description\" content=\"Sa famille , ses amis et collaborateurs se sont r\u00e9unis \u00e0 l&rsquo;h\u00f4pital Principal o\u00f9 s&rsquo;est tenue la lev\u00e9e du corps, ce matin. Ils se souviennent du grand journaliste et philosophe qu&rsquo;il \u00e9tait. Mais \u00e9galement de l\u2019homme engag\u00e9. Ils le d\u00e9peignent comme un homme calme et gentil, plein de principe. Le journaliste est d\u00e9c\u00e9d\u00e9 des suites d&rsquo;un accident de la route non loin de BUNTU PIKINE, \u00e0 Dakar, ce vendredi soir. Soro Diop sera enterr\u00e9 \u00e0 Kan\u00e9l dans le Fouta. Tristesse et consternation \u00e0 l&rsquo;h\u00f4pital Principal de Dakar. Regardez.\" \/>\n<meta property=\"og:url\" content=\"https:\/\/www.public.sn\/index.php\/2022\/09\/24\/doyen-soro-diop-rejoint-haut-lau-dela-video\/\" \/>\n<meta property=\"og:site_name\" content=\"LE PUBLIC\" \/>\n<meta property=\"article:published_time\" content=\"2022-09-24T18:13:54+00:00\" \/>\n<meta property=\"article:modified_time\" content=\"2022-09-24T18:33:50+00:00\" \/>\n<meta property=\"og:image\" content=\"https:\/\/www.public.sn\/wp-content\/uploads\/2022\/09\/WhatsApp-Image-2022-09-24-at-18.06.08.jpeg\" \/>\n\t<meta property=\"og:image:width\" content=\"1080\" \/>\n\t<meta property=\"og:image:height\" content=\"607\" \/>\n\t<meta property=\"og:image:type\" content=\"image\/jpeg\" \/>\n<meta name=\"author\" content=\"LA REDACTION\" \/>\n<meta name=\"twitter:card\" content=\"summary_large_image\" \/>\n<meta name=\"twitter:label1\" content=\"\u00c9crit par\" \/>\n\t<meta name=\"twitter:data1\" content=\"LA REDACTION\" \/>\n\t<meta name=\"twitter:label2\" content=\"Dur\u00e9e de lecture estim\u00e9e\" \/>\n\t<meta name=\"twitter:data2\" content=\"1 minute\" \/>\n<script type=\"application\/ld+json\" class=\"yoast-schema-graph\">{\"@context\":\"https:\/\/schema.org\",\"@graph\":[{\"@type\":\"Article\",\"@id\":\"https:\/\/www.public.sn\/index.php\/2022\/09\/24\/doyen-soro-diop-rejoint-haut-lau-dela-video\/#article\",\"isPartOf\":{\"@id\":\"https:\/\/www.public.sn\/index.php\/2022\/09\/24\/doyen-soro-diop-rejoint-haut-lau-dela-video\/\"},\"author\":{\"name\":\"LA REDACTION\",\"@id\":\"https:\/\/www.public.sn\/#\/schema\/person\/e3f4a11b037d4203902db148f9bc8d5a\"},\"headline\":\"Doyen Soro Diop, rejoint haut, l\u2019au-del\u00e0 (Vid\u00e9o)\",\"datePublished\":\"2022-09-24T18:13:54+00:00\",\"dateModified\":\"2022-09-24T18:33:50+00:00\",\"mainEntityOfPage\":{\"@id\":\"https:\/\/www.public.sn\/index.php\/2022\/09\/24\/doyen-soro-diop-rejoint-haut-lau-dela-video\/\"},\"wordCount\":101,\"commentCount\":0,\"publisher\":{\"@id\":\"https:\/\/www.public.sn\/#organization\"},\"image\":{\"@id\":\"https:\/\/www.public.sn\/index.php\/2022\/09\/24\/doyen-soro-diop-rejoint-haut-lau-dela-video\/#primaryimage\"},\"thumbnailUrl\":\"https:\/\/www.public.sn\/wp-content\/uploads\/2022\/09\/WhatsApp-Image-2022-09-24-at-18.06.08.jpeg\",\"keywords\":[\"Soro Diop\"],\"articleSection\":[\"M\u00c9DIAS\",\"N\u00c9CROLOGIE\",\"PUBLIC TV\",\"S\u00c9N\u00c9GAL\",\"VEDETTE\",\"VIDEOS\"],\"inLanguage\":\"fr-FR\",\"potentialAction\":[{\"@type\":\"CommentAction\",\"name\":\"Comment\",\"target\":[\"https:\/\/www.public.sn\/index.php\/2022\/09\/24\/doyen-soro-diop-rejoint-haut-lau-dela-video\/#respond\"]}]},{\"@type\":\"WebPage\",\"@id\":\"https:\/\/www.public.sn\/index.php\/2022\/09\/24\/doyen-soro-diop-rejoint-haut-lau-dela-video\/\",\"url\":\"https:\/\/www.public.sn\/index.php\/2022\/09\/24\/doyen-soro-diop-rejoint-haut-lau-dela-video\/\",\"name\":\"Doyen Soro Diop, rejoint haut, l\u2019au-del\u00e0 (Vid\u00e9o) - LE PUBLIC\",\"isPartOf\":{\"@id\":\"https:\/\/www.public.sn\/#website\"},\"primaryImageOfPage\":{\"@id\":\"https:\/\/www.public.sn\/index.php\/2022\/09\/24\/doyen-soro-diop-rejoint-haut-lau-dela-video\/#primaryimage\"},\"image\":{\"@id\":\"https:\/\/www.public.sn\/index.php\/2022\/09\/24\/doyen-soro-diop-rejoint-haut-lau-dela-video\/#primaryimage\"},\"thumbnailUrl\":\"https:\/\/www.public.sn\/wp-content\/uploads\/2022\/09\/WhatsApp-Image-2022-09-24-at-18.06.08.jpeg\",\"datePublished\":\"2022-09-24T18:13:54+00:00\",\"dateModified\":\"2022-09-24T18:33:50+00:00\",\"breadcrumb\":{\"@id\":\"https:\/\/www.public.sn\/index.php\/2022\/09\/24\/doyen-soro-diop-rejoint-haut-lau-dela-video\/#breadcrumb\"},\"inLanguage\":\"fr-FR\",\"potentialAction\":[{\"@type\":\"ReadAction\",\"target\":[\"https:\/\/www.public.sn\/index.php\/2022\/09\/24\/doyen-soro-diop-rejoint-haut-lau-dela-video\/\"]}]},{\"@type\":\"ImageObject\",\"inLanguage\":\"fr-FR\",\"@id\":\"https:\/\/www.public.sn\/index.php\/2022\/09\/24\/doyen-soro-diop-rejoint-haut-lau-dela-video\/#primaryimage\",\"url\":\"https:\/\/www.public.sn\/wp-content\/uploads\/2022\/09\/WhatsApp-Image-2022-09-24-at-18.06.08.jpeg\",\"contentUrl\":\"https:\/\/www.public.sn\/wp-content\/uploads\/2022\/09\/WhatsApp-Image-2022-09-24-at-18.06.08.jpeg\",\"width\":1080,\"height\":607},{\"@type\":\"BreadcrumbList\",\"@id\":\"https:\/\/www.public.sn\/index.php\/2022\/09\/24\/doyen-soro-diop-rejoint-haut-lau-dela-video\/#breadcrumb\",\"itemListElement\":[{\"@type\":\"ListItem\",\"position\":1,\"name\":\"Accueil\",\"item\":\"https:\/\/www.public.sn\/\"},{\"@type\":\"ListItem\",\"position\":2,\"name\":\"Doyen Soro Diop, rejoint haut, l\u2019au-del\u00e0 (Vid\u00e9o)\"}]},{\"@type\":\"WebSite\",\"@id\":\"https:\/\/www.public.sn\/#website\",\"url\":\"https:\/\/www.public.sn\/\",\"name\":\"LE PUBLIC\",\"description\":\"\",\"publisher\":{\"@id\":\"https:\/\/www.public.sn\/#organization\"},\"potentialAction\":[{\"@type\":\"SearchAction\",\"target\":{\"@type\":\"EntryPoint\",\"urlTemplate\":\"https:\/\/www.public.sn\/?s={search_term_string}\"},\"query-input\":{\"@type\":\"PropertyValueSpecification\",\"valueRequired\":true,\"valueName\":\"search_term_string\"}}],\"inLanguage\":\"fr-FR\"},{\"@type\":\"Organization\",\"@id\":\"https:\/\/www.public.sn\/#organization\",\"name\":\"LE PUBLIC\",\"url\":\"https:\/\/www.public.sn\/\",\"logo\":{\"@type\":\"ImageObject\",\"inLanguage\":\"fr-FR\",\"@id\":\"https:\/\/www.public.sn\/#\/schema\/logo\/image\/\",\"url\":\"https:\/\/www.public.sn\/wp-content\/uploads\/2024\/05\/cropped-LOGO-PUBLIC.SN_.png\",\"contentUrl\":\"https:\/\/www.public.sn\/wp-content\/uploads\/2024\/05\/cropped-LOGO-PUBLIC.SN_.png\",\"width\":682,\"height\":192,\"caption\":\"LE PUBLIC\"},\"image\":{\"@id\":\"https:\/\/www.public.sn\/#\/schema\/logo\/image\/\"}},{\"@type\":\"Person\",\"@id\":\"https:\/\/www.public.sn\/#\/schema\/person\/e3f4a11b037d4203902db148f9bc8d5a\",\"name\":\"LA REDACTION\",\"image\":{\"@type\":\"ImageObject\",\"inLanguage\":\"fr-FR\",\"@id\":\"https:\/\/www.public.sn\/#\/schema\/person\/image\/\",\"url\":\"https:\/\/secure.gravatar.com\/avatar\/d6c030db45db2883c075085c5d6c6258654a801a93766b49af0b82d4f454e2a5?s=96&d=mm&r=g\",\"contentUrl\":\"https:\/\/secure.gravatar.com\/avatar\/d6c030db45db2883c075085c5d6c6258654a801a93766b49af0b82d4f454e2a5?s=96&d=mm&r=g\",\"caption\":\"LA REDACTION\"},\"sameAs\":[\"http:\/\/www.public.sn\"],\"url\":\"https:\/\/www.public.sn\/index.php\/author\/admin7324\/\"}]}<\/script>\n<!-- \/ Yoast SEO plugin. -->","yoast_head_json":{"title":"Doyen Soro Diop, rejoint haut, l\u2019au-del\u00e0 (Vid\u00e9o) - LE PUBLIC","robots":{"index":"index","follow":"follow","max-snippet":"max-snippet:-1","max-image-preview":"max-image-preview:large","max-video-preview":"max-video-preview:-1"},"canonical":"https:\/\/www.public.sn\/index.php\/2022\/09\/24\/doyen-soro-diop-rejoint-haut-lau-dela-video\/","og_locale":"fr_FR","og_type":"article","og_title":"Doyen Soro Diop, rejoint haut, l\u2019au-del\u00e0 (Vid\u00e9o) - LE PUBLIC","og_description":"Sa famille , ses amis et collaborateurs se sont r\u00e9unis \u00e0 l&rsquo;h\u00f4pital Principal o\u00f9 s&rsquo;est tenue la lev\u00e9e du corps, ce matin. Ils se souviennent du grand journaliste et philosophe qu&rsquo;il \u00e9tait. Mais \u00e9galement de l\u2019homme engag\u00e9. Ils le d\u00e9peignent comme un homme calme et gentil, plein de principe. Le journaliste est d\u00e9c\u00e9d\u00e9 des suites d&rsquo;un accident de la route non loin de BUNTU PIKINE, \u00e0 Dakar, ce vendredi soir. Soro Diop sera enterr\u00e9 \u00e0 Kan\u00e9l dans le Fouta. Tristesse et consternation \u00e0 l&rsquo;h\u00f4pital Principal de Dakar. Regardez.","og_url":"https:\/\/www.public.sn\/index.php\/2022\/09\/24\/doyen-soro-diop-rejoint-haut-lau-dela-video\/","og_site_name":"LE PUBLIC","article_published_time":"2022-09-24T18:13:54+00:00","article_modified_time":"2022-09-24T18:33:50+00:00","og_image":[{"width":1080,"height":607,"url":"https:\/\/www.public.sn\/wp-content\/uploads\/2022\/09\/WhatsApp-Image-2022-09-24-at-18.06.08.jpeg","type":"image\/jpeg"}],"author":"LA REDACTION","twitter_card":"summary_large_image","twitter_misc":{"\u00c9crit par":"LA REDACTION","Dur\u00e9e de lecture estim\u00e9e":"1 minute"},"schema":{"@context":"https:\/\/schema.org","@graph":[{"@type":"Article","@id":"https:\/\/www.public.sn\/index.php\/2022\/09\/24\/doyen-soro-diop-rejoint-haut-lau-dela-video\/#article","isPartOf":{"@id":"https:\/\/www.public.sn\/index.php\/2022\/09\/24\/doyen-soro-diop-rejoint-haut-lau-dela-video\/"},"author":{"name":"LA REDACTION","@id":"https:\/\/www.public.sn\/#\/schema\/person\/e3f4a11b037d4203902db148f9bc8d5a"},"headline":"Doyen Soro Diop, rejoint haut, l\u2019au-del\u00e0 (Vid\u00e9o)","datePublished":"2022-09-24T18:13:54+00:00","dateModified":"2022-09-24T18:33:50+00:00","mainEntityOfPage":{"@id":"https:\/\/www.public.sn\/index.php\/2022\/09\/24\/doyen-soro-diop-rejoint-haut-lau-dela-video\/"},"wordCount":101,"commentCount":0,"publisher":{"@id":"https:\/\/www.public.sn\/#organization"},"image":{"@id":"https:\/\/www.public.sn\/index.php\/2022\/09\/24\/doyen-soro-diop-rejoint-haut-lau-dela-video\/#primaryimage"},"thumbnailUrl":"https:\/\/www.public.sn\/wp-content\/uploads\/2022\/09\/WhatsApp-Image-2022-09-24-at-18.06.08.jpeg","keywords":["Soro Diop"],"articleSection":["M\u00c9DIAS","N\u00c9CROLOGIE","PUBLIC TV","S\u00c9N\u00c9GAL","VEDETTE","VIDEOS"],"inLanguage":"fr-FR","potentialAction":[{"@type":"CommentAction","name":"Comment","target":["https:\/\/www.public.sn\/index.php\/2022\/09\/24\/doyen-soro-diop-rejoint-haut-lau-dela-video\/#respond"]}]},{"@type":"WebPage","@id":"https:\/\/www.public.sn\/index.php\/2022\/09\/24\/doyen-soro-diop-rejoint-haut-lau-dela-video\/","url":"https:\/\/www.public.sn\/index.php\/2022\/09\/24\/doyen-soro-diop-rejoint-haut-lau-dela-video\/","name":"Doyen Soro Diop, rejoint haut, l\u2019au-del\u00e0 (Vid\u00e9o) - LE PUBLIC","isPartOf":{"@id":"https:\/\/www.public.sn\/#website"},"primaryImageOfPage":{"@id":"https:\/\/www.public.sn\/index.php\/2022\/09\/24\/doyen-soro-diop-rejoint-haut-lau-dela-video\/#primaryimage"},"image":{"@id":"https:\/\/www.public.sn\/index.php\/2022\/09\/24\/doyen-soro-diop-rejoint-haut-lau-dela-video\/#primaryimage"},"thumbnailUrl":"https:\/\/www.public.sn\/wp-content\/uploads\/2022\/09\/WhatsApp-Image-2022-09-24-at-18.06.08.jpeg","datePublished":"2022-09-24T18:13:54+00:00","dateModified":"2022-09-24T18:33:50+00:00","breadcrumb":{"@id":"https:\/\/www.public.sn\/index.php\/2022\/09\/24\/doyen-soro-diop-rejoint-haut-lau-dela-video\/#breadcrumb"},"inLanguage":"fr-FR","potentialAction":[{"@type":"ReadAction","target":["https:\/\/www.public.sn\/index.php\/2022\/09\/24\/doyen-soro-diop-rejoint-haut-lau-dela-video\/"]}]},{"@type":"ImageObject","inLanguage":"fr-FR","@id":"https:\/\/www.public.sn\/index.php\/2022\/09\/24\/doyen-soro-diop-rejoint-haut-lau-dela-video\/#primaryimage","url":"https:\/\/www.public.sn\/wp-content\/uploads\/2022\/09\/WhatsApp-Image-2022-09-24-at-18.06.08.jpeg","contentUrl":"https:\/\/www.public.sn\/wp-content\/uploads\/2022\/09\/WhatsApp-Image-2022-09-24-at-18.06.08.jpeg","width":1080,"height":607},{"@type":"BreadcrumbList","@id":"https:\/\/www.public.sn\/index.php\/2022\/09\/24\/doyen-soro-diop-rejoint-haut-lau-dela-video\/#breadcrumb","itemListElement":[{"@type":"ListItem","position":1,"name":"Accueil","item":"https:\/\/www.public.sn\/"},{"@type":"ListItem","position":2,"name":"Doyen Soro Diop, rejoint haut, l\u2019au-del\u00e0 (Vid\u00e9o)"}]},{"@type":"WebSite","@id":"https:\/\/www.public.sn\/#website","url":"https:\/\/www.public.sn\/","name":"LE PUBLIC","description":"","publisher":{"@id":"https:\/\/www.public.sn\/#organization"},"potentialAction":[{"@type":"SearchAction","target":{"@type":"EntryPoint","urlTemplate":"https:\/\/www.public.sn\/?s={search_term_string}"},"query-input":{"@type":"PropertyValueSpecification","valueRequired":true,"valueName":"search_term_string"}}],"inLanguage":"fr-FR"},{"@type":"Organization","@id":"https:\/\/www.public.sn\/#organization","name":"LE PUBLIC","url":"https:\/\/www.public.sn\/","logo":{"@type":"ImageObject","inLanguage":"fr-FR","@id":"https:\/\/www.public.sn\/#\/schema\/logo\/image\/","url":"https:\/\/www.public.sn\/wp-content\/uploads\/2024\/05\/cropped-LOGO-PUBLIC.SN_.png","contentUrl":"https:\/\/www.public.sn\/wp-content\/uploads\/2024\/05\/cropped-LOGO-PUBLIC.SN_.png","width":682,"height":192,"caption":"LE PUBLIC"},"image":{"@id":"https:\/\/www.public.sn\/#\/schema\/logo\/image\/"}},{"@type":"Person","@id":"https:\/\/www.public.sn\/#\/schema\/person\/e3f4a11b037d4203902db148f9bc8d5a","name":"LA REDACTION","image":{"@type":"ImageObject","inLanguage":"fr-FR","@id":"https:\/\/www.public.sn\/#\/schema\/person\/image\/","url":"https:\/\/secure.gravatar.com\/avatar\/d6c030db45db2883c075085c5d6c6258654a801a93766b49af0b82d4f454e2a5?s=96&d=mm&r=g","contentUrl":"https:\/\/secure.gravatar.com\/avatar\/d6c030db45db2883c075085c5d6c6258654a801a93766b49af0b82d4f454e2a5?s=96&d=mm&r=g","caption":"LA REDACTION"},"sameAs":["http:\/\/www.public.sn"],"url":"https:\/\/www.public.sn\/index.php\/author\/admin7324\/"}]}},"jetpack_featured_media_url":"https:\/\/www.public.sn\/wp-content\/uploads\/2022\/09\/WhatsApp-Image-2022-09-24-at-18.06.08.jpeg","jetpack_sharing_enabled":true,"_links":{"self":[{"href":"https:\/\/www.public.sn\/index.php\/wp-json\/wp\/v2\/posts\/2814","targetHints":{"allow":["GET"]}}],"collection":[{"href":"https:\/\/www.public.sn\/index.php\/wp-json\/wp\/v2\/posts"}],"about":[{"href":"https:\/\/www.public.sn\/index.php\/wp-json\/wp\/v2\/types\/post"}],"author":[{"embeddable":true,"href":"https:\/\/www.public.sn\/index.php\/wp-json\/wp\/v2\/users\/1"}],"replies":[{"embeddable":true,"href":"https:\/\/www.public.sn\/index.php\/wp-json\/wp\/v2\/comments?post=2814"}],"version-history":[{"count":7,"href":"https:\/\/www.public.sn\/index.php\/wp-json\/wp\/v2\/posts\/2814\/revisions"}],"predecessor-version":[{"id":2837,"href":"https:\/\/www.public.sn\/index.php\/wp-json\/wp\/v2\/posts\/2814\/revisions\/2837"}],"wp:featuredmedia":[{"embeddable":true,"href":"https:\/\/www.public.sn\/index.php\/wp-json\/wp\/v2\/media\/2826"}],"wp:attachment":[{"href":"https:\/\/www.public.sn\/index.php\/wp-json\/wp\/v2\/media?parent=2814"}],"wp:term":[{"taxonomy":"category","embeddable":true,"href":"https:\/\/www.public.sn\/index.php\/wp-json\/wp\/v2\/categories?post=2814"},{"taxonomy":"post_tag","embeddable":true,"href":"https:\/\/www.public.sn\/index.php\/wp-json\/wp\/v2\/tags?post=2814"}],"curies":[{"name":"wp","href":"https:\/\/api.w.org\/{rel}","templated":true}]}}