{"id":28454,"date":"2023-11-13T18:18:32","date_gmt":"2023-11-13T18:18:32","guid":{"rendered":"https:\/\/www.public.sn\/?p=28454"},"modified":"2023-11-13T18:18:32","modified_gmt":"2023-11-13T18:18:32","slug":"gabon-la-fin-de-la-transition-annoncee","status":"publish","type":"post","link":"https:\/\/www.public.sn\/index.php\/2023\/11\/13\/gabon-la-fin-de-la-transition-annoncee\/","title":{"rendered":"Gabon : la fin de la transition annonc\u00e9e"},"content":{"rendered":"<p>Au Gabon, des \u00e9lections (pr\u00e9sidentielle et l\u00e9gislatives) seront organis\u00e9es en ao\u00fbt 2025. Une annonce faite ce lundi 13 novembre, en direct sur la t\u00e9l\u00e9vision d\u2019\u00c9tat Gabon Premi\u00e8re par le porte-parole du pouvoir militaire.<\/p><div class=\"publi-paragraphe1\" style=\"margin-top: 10px;margin-bottom: 10px;margin-left: auto;margin-right: auto;text-align: center;\" id=\"publi-1019460739\"><div class=\"publi-adlabel\">Publicit\u00e9<\/div><script async src=\"\/\/pagead2.googlesyndication.com\/pagead\/js\/adsbygoogle.js?client=ca-pub-4089586018074219\" crossorigin=\"anonymous\"><\/script><ins class=\"adsbygoogle\" style=\"display:block;\" data-ad-client=\"ca-pub-4089586018074219\" \ndata-ad-slot=\"2087940154\" \ndata-ad-format=\"auto\"><\/ins>\n<script> \n(adsbygoogle = window.adsbygoogle || []).push({}); \n<\/script>\n<\/div>\n<p>Le calendrier adopt\u00e9 en Conseil des ministres, demeure \u00ab\u00a0indicatif\u00a0\u00bb, et doit encore \u00eatre soumis \u00e0 une conf\u00e9rence nationale incluant \u00ab\u00a0toutes les forces vives de la Nation\u00a0\u00bb pr\u00e9vue en avril 2024, selon le porte-parole du Comit\u00e9 pour la transition et la restauration des institutions (CTRI).<\/p>\n<p>Pour rappel, le 30 ao\u00fbt dernier, un coup d\u2019\u00c9tat militaire a renvers\u00e9 Ali Bongo Ondimba, qui dirigeait le pays depuis 2009. Son successeur et nouvel homme fort du Gabon, le g\u00e9n\u00e9ral Brice Oligui Nguema, investi pr\u00e9sident par int\u00e9rim, a pr\u00eat\u00e9 serment d\u00e9but septembre dernier.<\/p>\n<p>Source : E-MEDIA \/ Di\u00e9 BA<\/p>\n<div class=\"publi-apres-le-contenu\" style=\"margin-top: 10px;margin-bottom: 10px;margin-left: auto;margin-right: auto;text-align: center;\" id=\"publi-97020254\"><div class=\"publi-adlabel\">Publicit\u00e9<\/div><script async src=\"\/\/pagead2.googlesyndication.com\/pagead\/js\/adsbygoogle.js?client=ca-pub-4089586018074219\" crossorigin=\"anonymous\"><\/script><ins class=\"adsbygoogle\" style=\"display:block;\" data-ad-client=\"ca-pub-4089586018074219\" \ndata-ad-slot=\"2087940154\" \ndata-ad-format=\"auto\"><\/ins>\n<script> \n(adsbygoogle = window.adsbygoogle || []).push({}); \n<\/script>\n<\/div>","protected":false},"excerpt":{"rendered":"<p>Au Gabon, des \u00e9lections (pr\u00e9sidentielle et l\u00e9gislatives) seront organis\u00e9es en ao\u00fbt 2025. Une annonce faite ce lundi 13 novembre, en direct sur la t\u00e9l\u00e9vision d\u2019\u00c9tat Gabon Premi\u00e8re par le porte-parole du pouvoir militaire. Le calendrier adopt\u00e9 en Conseil des ministres, demeure \u00ab\u00a0indicatif\u00a0\u00bb, et doit encore \u00eatre soumis \u00e0 une conf\u00e9rence nationale incluant \u00ab\u00a0toutes les forces vives de la Nation\u00a0\u00bb pr\u00e9vue en avril 2024, selon le porte-parole du Comit\u00e9 pour la transition et la restauration des institutions (CTRI). Pour rappel, le 30 ao\u00fbt dernier, un coup d\u2019\u00c9tat militaire a renvers\u00e9 Ali Bongo Ondimba, qui dirigeait le pays depuis 2009. Son successeur et nouvel homme fort du Gabon, le g\u00e9n\u00e9ral Brice Oligui Nguema, investi pr\u00e9sident par int\u00e9rim, a pr\u00eat\u00e9 serment d\u00e9but septembre dernier. Source : E-MEDIA \/ Di\u00e9 BA<\/p>\n","protected":false},"author":7,"featured_media":28455,"comment_status":"open","ping_status":"open","sticky":false,"template":"","format":"standard","meta":{"_jetpack_memberships_contains_paid_content":false,"footnotes":""},"categories":[375,3,1,372],"tags":[],"class_list":["post-28454","post","type-post","status-publish","format-standard","has-post-thumbnail","hentry","category-actualites","category-politique","category-non-classe","category-vedette","entry","has-media","owp-thumbs-layout-horizontal","owp-btn-normal","owp-tabs-layout-horizontal","has-no-thumbnails","has-product-nav"],"yoast_head":"<!-- This site is optimized with the Yoast SEO plugin v25.5 - https:\/\/yoast.com\/wordpress\/plugins\/seo\/ -->\n<title>Gabon : la fin de la transition annonc\u00e9e - LE PUBLIC<\/title>\n<meta name=\"robots\" content=\"index, follow, max-snippet:-1, max-image-preview:large, max-video-preview:-1\" \/>\n<link rel=\"canonical\" href=\"https:\/\/www.public.sn\/index.php\/2023\/11\/13\/gabon-la-fin-de-la-transition-annoncee\/\" \/>\n<meta property=\"og:locale\" content=\"fr_FR\" \/>\n<meta property=\"og:type\" content=\"article\" \/>\n<meta property=\"og:title\" content=\"Gabon : la fin de la transition annonc\u00e9e - LE PUBLIC\" \/>\n<meta property=\"og:description\" content=\"Au Gabon, des \u00e9lections (pr\u00e9sidentielle et l\u00e9gislatives) seront organis\u00e9es en ao\u00fbt 2025. Une annonce faite ce lundi 13 novembre, en direct sur la t\u00e9l\u00e9vision d\u2019\u00c9tat Gabon Premi\u00e8re par le porte-parole du pouvoir militaire. Le calendrier adopt\u00e9 en Conseil des ministres, demeure \u00ab\u00a0indicatif\u00a0\u00bb, et doit encore \u00eatre soumis \u00e0 une conf\u00e9rence nationale incluant \u00ab\u00a0toutes les forces vives de la Nation\u00a0\u00bb pr\u00e9vue en avril 2024, selon le porte-parole du Comit\u00e9 pour la transition et la restauration des institutions (CTRI). Pour rappel, le 30 ao\u00fbt dernier, un coup d\u2019\u00c9tat militaire a renvers\u00e9 Ali Bongo Ondimba, qui dirigeait le pays depuis 2009. Son successeur et nouvel homme fort du Gabon, le g\u00e9n\u00e9ral Brice Oligui Nguema, investi pr\u00e9sident par int\u00e9rim, a pr\u00eat\u00e9 serment d\u00e9but septembre dernier. Source : E-MEDIA \/ Di\u00e9 BA\" \/>\n<meta property=\"og:url\" content=\"https:\/\/www.public.sn\/index.php\/2023\/11\/13\/gabon-la-fin-de-la-transition-annoncee\/\" \/>\n<meta property=\"og:site_name\" content=\"LE PUBLIC\" \/>\n<meta property=\"article:published_time\" content=\"2023-11-13T18:18:32+00:00\" \/>\n<meta property=\"og:image\" content=\"https:\/\/www.public.sn\/wp-content\/uploads\/2023\/11\/gabon-750x375-1.jpeg\" \/>\n\t<meta property=\"og:image:width\" content=\"750\" \/>\n\t<meta property=\"og:image:height\" content=\"375\" \/>\n\t<meta property=\"og:image:type\" content=\"image\/jpeg\" \/>\n<meta name=\"author\" content=\"LA REDACTION\" \/>\n<meta name=\"twitter:card\" content=\"summary_large_image\" \/>\n<meta name=\"twitter:label1\" content=\"\u00c9crit par\" \/>\n\t<meta name=\"twitter:data1\" content=\"LA REDACTION\" \/>\n\t<meta name=\"twitter:label2\" content=\"Dur\u00e9e de lecture estim\u00e9e\" \/>\n\t<meta name=\"twitter:data2\" content=\"1 minute\" \/>\n<script type=\"application\/ld+json\" class=\"yoast-schema-graph\">{\"@context\":\"https:\/\/schema.org\",\"@graph\":[{\"@type\":\"Article\",\"@id\":\"https:\/\/www.public.sn\/index.php\/2023\/11\/13\/gabon-la-fin-de-la-transition-annoncee\/#article\",\"isPartOf\":{\"@id\":\"https:\/\/www.public.sn\/index.php\/2023\/11\/13\/gabon-la-fin-de-la-transition-annoncee\/\"},\"author\":{\"name\":\"LA REDACTION\",\"@id\":\"https:\/\/www.public.sn\/#\/schema\/person\/cb76c8e1b8becc6be61fb5e92d6d0224\"},\"headline\":\"Gabon : la fin de la transition annonc\u00e9e\",\"datePublished\":\"2023-11-13T18:18:32+00:00\",\"mainEntityOfPage\":{\"@id\":\"https:\/\/www.public.sn\/index.php\/2023\/11\/13\/gabon-la-fin-de-la-transition-annoncee\/\"},\"wordCount\":145,\"commentCount\":0,\"publisher\":{\"@id\":\"https:\/\/www.public.sn\/#organization\"},\"image\":{\"@id\":\"https:\/\/www.public.sn\/index.php\/2023\/11\/13\/gabon-la-fin-de-la-transition-annoncee\/#primaryimage\"},\"thumbnailUrl\":\"https:\/\/www.public.sn\/wp-content\/uploads\/2023\/11\/gabon-750x375-1.jpeg\",\"articleSection\":[\"ACTUALIT\u00c9S\",\"POLITIQUE\",\"S\u00c9N\u00c9GAL\",\"VEDETTE\"],\"inLanguage\":\"fr-FR\",\"potentialAction\":[{\"@type\":\"CommentAction\",\"name\":\"Comment\",\"target\":[\"https:\/\/www.public.sn\/index.php\/2023\/11\/13\/gabon-la-fin-de-la-transition-annoncee\/#respond\"]}]},{\"@type\":\"WebPage\",\"@id\":\"https:\/\/www.public.sn\/index.php\/2023\/11\/13\/gabon-la-fin-de-la-transition-annoncee\/\",\"url\":\"https:\/\/www.public.sn\/index.php\/2023\/11\/13\/gabon-la-fin-de-la-transition-annoncee\/\",\"name\":\"Gabon : la fin de la transition annonc\u00e9e - LE PUBLIC\",\"isPartOf\":{\"@id\":\"https:\/\/www.public.sn\/#website\"},\"primaryImageOfPage\":{\"@id\":\"https:\/\/www.public.sn\/index.php\/2023\/11\/13\/gabon-la-fin-de-la-transition-annoncee\/#primaryimage\"},\"image\":{\"@id\":\"https:\/\/www.public.sn\/index.php\/2023\/11\/13\/gabon-la-fin-de-la-transition-annoncee\/#primaryimage\"},\"thumbnailUrl\":\"https:\/\/www.public.sn\/wp-content\/uploads\/2023\/11\/gabon-750x375-1.jpeg\",\"datePublished\":\"2023-11-13T18:18:32+00:00\",\"breadcrumb\":{\"@id\":\"https:\/\/www.public.sn\/index.php\/2023\/11\/13\/gabon-la-fin-de-la-transition-annoncee\/#breadcrumb\"},\"inLanguage\":\"fr-FR\",\"potentialAction\":[{\"@type\":\"ReadAction\",\"target\":[\"https:\/\/www.public.sn\/index.php\/2023\/11\/13\/gabon-la-fin-de-la-transition-annoncee\/\"]}]},{\"@type\":\"ImageObject\",\"inLanguage\":\"fr-FR\",\"@id\":\"https:\/\/www.public.sn\/index.php\/2023\/11\/13\/gabon-la-fin-de-la-transition-annoncee\/#primaryimage\",\"url\":\"https:\/\/www.public.sn\/wp-content\/uploads\/2023\/11\/gabon-750x375-1.jpeg\",\"contentUrl\":\"https:\/\/www.public.sn\/wp-content\/uploads\/2023\/11\/gabon-750x375-1.jpeg\",\"width\":750,\"height\":375},{\"@type\":\"BreadcrumbList\",\"@id\":\"https:\/\/www.public.sn\/index.php\/2023\/11\/13\/gabon-la-fin-de-la-transition-annoncee\/#breadcrumb\",\"itemListElement\":[{\"@type\":\"ListItem\",\"position\":1,\"name\":\"Accueil\",\"item\":\"https:\/\/www.public.sn\/\"},{\"@type\":\"ListItem\",\"position\":2,\"name\":\"Gabon : la fin de la transition annonc\u00e9e\"}]},{\"@type\":\"WebSite\",\"@id\":\"https:\/\/www.public.sn\/#website\",\"url\":\"https:\/\/www.public.sn\/\",\"name\":\"LE PUBLIC\",\"description\":\"\",\"publisher\":{\"@id\":\"https:\/\/www.public.sn\/#organization\"},\"potentialAction\":[{\"@type\":\"SearchAction\",\"target\":{\"@type\":\"EntryPoint\",\"urlTemplate\":\"https:\/\/www.public.sn\/?s={search_term_string}\"},\"query-input\":{\"@type\":\"PropertyValueSpecification\",\"valueRequired\":true,\"valueName\":\"search_term_string\"}}],\"inLanguage\":\"fr-FR\"},{\"@type\":\"Organization\",\"@id\":\"https:\/\/www.public.sn\/#organization\",\"name\":\"LE PUBLIC\",\"url\":\"https:\/\/www.public.sn\/\",\"logo\":{\"@type\":\"ImageObject\",\"inLanguage\":\"fr-FR\",\"@id\":\"https:\/\/www.public.sn\/#\/schema\/logo\/image\/\",\"url\":\"https:\/\/www.public.sn\/wp-content\/uploads\/2024\/05\/cropped-LOGO-PUBLIC.SN_.png\",\"contentUrl\":\"https:\/\/www.public.sn\/wp-content\/uploads\/2024\/05\/cropped-LOGO-PUBLIC.SN_.png\",\"width\":682,\"height\":192,\"caption\":\"LE PUBLIC\"},\"image\":{\"@id\":\"https:\/\/www.public.sn\/#\/schema\/logo\/image\/\"}},{\"@type\":\"Person\",\"@id\":\"https:\/\/www.public.sn\/#\/schema\/person\/cb76c8e1b8becc6be61fb5e92d6d0224\",\"name\":\"LA REDACTION\",\"image\":{\"@type\":\"ImageObject\",\"inLanguage\":\"fr-FR\",\"@id\":\"https:\/\/www.public.sn\/#\/schema\/person\/image\/\",\"url\":\"https:\/\/secure.gravatar.com\/avatar\/2dce5ddd34b8fef0180efe03aa2a9bee7d953856048f9a16b298190a3178407c?s=96&d=mm&r=g\",\"contentUrl\":\"https:\/\/secure.gravatar.com\/avatar\/2dce5ddd34b8fef0180efe03aa2a9bee7d953856048f9a16b298190a3178407c?s=96&d=mm&r=g\",\"caption\":\"LA REDACTION\"},\"url\":\"https:\/\/www.public.sn\/index.php\/author\/editeurpsn\/\"}]}<\/script>\n<!-- \/ Yoast SEO plugin. -->","yoast_head_json":{"title":"Gabon : la fin de la transition annonc\u00e9e - LE PUBLIC","robots":{"index":"index","follow":"follow","max-snippet":"max-snippet:-1","max-image-preview":"max-image-preview:large","max-video-preview":"max-video-preview:-1"},"canonical":"https:\/\/www.public.sn\/index.php\/2023\/11\/13\/gabon-la-fin-de-la-transition-annoncee\/","og_locale":"fr_FR","og_type":"article","og_title":"Gabon : la fin de la transition annonc\u00e9e - LE PUBLIC","og_description":"Au Gabon, des \u00e9lections (pr\u00e9sidentielle et l\u00e9gislatives) seront organis\u00e9es en ao\u00fbt 2025. Une annonce faite ce lundi 13 novembre, en direct sur la t\u00e9l\u00e9vision d\u2019\u00c9tat Gabon Premi\u00e8re par le porte-parole du pouvoir militaire. Le calendrier adopt\u00e9 en Conseil des ministres, demeure \u00ab\u00a0indicatif\u00a0\u00bb, et doit encore \u00eatre soumis \u00e0 une conf\u00e9rence nationale incluant \u00ab\u00a0toutes les forces vives de la Nation\u00a0\u00bb pr\u00e9vue en avril 2024, selon le porte-parole du Comit\u00e9 pour la transition et la restauration des institutions (CTRI). Pour rappel, le 30 ao\u00fbt dernier, un coup d\u2019\u00c9tat militaire a renvers\u00e9 Ali Bongo Ondimba, qui dirigeait le pays depuis 2009. Son successeur et nouvel homme fort du Gabon, le g\u00e9n\u00e9ral Brice Oligui Nguema, investi pr\u00e9sident par int\u00e9rim, a pr\u00eat\u00e9 serment d\u00e9but septembre dernier. Source : E-MEDIA \/ Di\u00e9 BA","og_url":"https:\/\/www.public.sn\/index.php\/2023\/11\/13\/gabon-la-fin-de-la-transition-annoncee\/","og_site_name":"LE PUBLIC","article_published_time":"2023-11-13T18:18:32+00:00","og_image":[{"width":750,"height":375,"url":"https:\/\/www.public.sn\/wp-content\/uploads\/2023\/11\/gabon-750x375-1.jpeg","type":"image\/jpeg"}],"author":"LA REDACTION","twitter_card":"summary_large_image","twitter_misc":{"\u00c9crit par":"LA REDACTION","Dur\u00e9e de lecture estim\u00e9e":"1 minute"},"schema":{"@context":"https:\/\/schema.org","@graph":[{"@type":"Article","@id":"https:\/\/www.public.sn\/index.php\/2023\/11\/13\/gabon-la-fin-de-la-transition-annoncee\/#article","isPartOf":{"@id":"https:\/\/www.public.sn\/index.php\/2023\/11\/13\/gabon-la-fin-de-la-transition-annoncee\/"},"author":{"name":"LA REDACTION","@id":"https:\/\/www.public.sn\/#\/schema\/person\/cb76c8e1b8becc6be61fb5e92d6d0224"},"headline":"Gabon : la fin de la transition annonc\u00e9e","datePublished":"2023-11-13T18:18:32+00:00","mainEntityOfPage":{"@id":"https:\/\/www.public.sn\/index.php\/2023\/11\/13\/gabon-la-fin-de-la-transition-annoncee\/"},"wordCount":145,"commentCount":0,"publisher":{"@id":"https:\/\/www.public.sn\/#organization"},"image":{"@id":"https:\/\/www.public.sn\/index.php\/2023\/11\/13\/gabon-la-fin-de-la-transition-annoncee\/#primaryimage"},"thumbnailUrl":"https:\/\/www.public.sn\/wp-content\/uploads\/2023\/11\/gabon-750x375-1.jpeg","articleSection":["ACTUALIT\u00c9S","POLITIQUE","S\u00c9N\u00c9GAL","VEDETTE"],"inLanguage":"fr-FR","potentialAction":[{"@type":"CommentAction","name":"Comment","target":["https:\/\/www.public.sn\/index.php\/2023\/11\/13\/gabon-la-fin-de-la-transition-annoncee\/#respond"]}]},{"@type":"WebPage","@id":"https:\/\/www.public.sn\/index.php\/2023\/11\/13\/gabon-la-fin-de-la-transition-annoncee\/","url":"https:\/\/www.public.sn\/index.php\/2023\/11\/13\/gabon-la-fin-de-la-transition-annoncee\/","name":"Gabon : la fin de la transition annonc\u00e9e - LE PUBLIC","isPartOf":{"@id":"https:\/\/www.public.sn\/#website"},"primaryImageOfPage":{"@id":"https:\/\/www.public.sn\/index.php\/2023\/11\/13\/gabon-la-fin-de-la-transition-annoncee\/#primaryimage"},"image":{"@id":"https:\/\/www.public.sn\/index.php\/2023\/11\/13\/gabon-la-fin-de-la-transition-annoncee\/#primaryimage"},"thumbnailUrl":"https:\/\/www.public.sn\/wp-content\/uploads\/2023\/11\/gabon-750x375-1.jpeg","datePublished":"2023-11-13T18:18:32+00:00","breadcrumb":{"@id":"https:\/\/www.public.sn\/index.php\/2023\/11\/13\/gabon-la-fin-de-la-transition-annoncee\/#breadcrumb"},"inLanguage":"fr-FR","potentialAction":[{"@type":"ReadAction","target":["https:\/\/www.public.sn\/index.php\/2023\/11\/13\/gabon-la-fin-de-la-transition-annoncee\/"]}]},{"@type":"ImageObject","inLanguage":"fr-FR","@id":"https:\/\/www.public.sn\/index.php\/2023\/11\/13\/gabon-la-fin-de-la-transition-annoncee\/#primaryimage","url":"https:\/\/www.public.sn\/wp-content\/uploads\/2023\/11\/gabon-750x375-1.jpeg","contentUrl":"https:\/\/www.public.sn\/wp-content\/uploads\/2023\/11\/gabon-750x375-1.jpeg","width":750,"height":375},{"@type":"BreadcrumbList","@id":"https:\/\/www.public.sn\/index.php\/2023\/11\/13\/gabon-la-fin-de-la-transition-annoncee\/#breadcrumb","itemListElement":[{"@type":"ListItem","position":1,"name":"Accueil","item":"https:\/\/www.public.sn\/"},{"@type":"ListItem","position":2,"name":"Gabon : la fin de la transition annonc\u00e9e"}]},{"@type":"WebSite","@id":"https:\/\/www.public.sn\/#website","url":"https:\/\/www.public.sn\/","name":"LE PUBLIC","description":"","publisher":{"@id":"https:\/\/www.public.sn\/#organization"},"potentialAction":[{"@type":"SearchAction","target":{"@type":"EntryPoint","urlTemplate":"https:\/\/www.public.sn\/?s={search_term_string}"},"query-input":{"@type":"PropertyValueSpecification","valueRequired":true,"valueName":"search_term_string"}}],"inLanguage":"fr-FR"},{"@type":"Organization","@id":"https:\/\/www.public.sn\/#organization","name":"LE PUBLIC","url":"https:\/\/www.public.sn\/","logo":{"@type":"ImageObject","inLanguage":"fr-FR","@id":"https:\/\/www.public.sn\/#\/schema\/logo\/image\/","url":"https:\/\/www.public.sn\/wp-content\/uploads\/2024\/05\/cropped-LOGO-PUBLIC.SN_.png","contentUrl":"https:\/\/www.public.sn\/wp-content\/uploads\/2024\/05\/cropped-LOGO-PUBLIC.SN_.png","width":682,"height":192,"caption":"LE PUBLIC"},"image":{"@id":"https:\/\/www.public.sn\/#\/schema\/logo\/image\/"}},{"@type":"Person","@id":"https:\/\/www.public.sn\/#\/schema\/person\/cb76c8e1b8becc6be61fb5e92d6d0224","name":"LA REDACTION","image":{"@type":"ImageObject","inLanguage":"fr-FR","@id":"https:\/\/www.public.sn\/#\/schema\/person\/image\/","url":"https:\/\/secure.gravatar.com\/avatar\/2dce5ddd34b8fef0180efe03aa2a9bee7d953856048f9a16b298190a3178407c?s=96&d=mm&r=g","contentUrl":"https:\/\/secure.gravatar.com\/avatar\/2dce5ddd34b8fef0180efe03aa2a9bee7d953856048f9a16b298190a3178407c?s=96&d=mm&r=g","caption":"LA REDACTION"},"url":"https:\/\/www.public.sn\/index.php\/author\/editeurpsn\/"}]}},"jetpack_featured_media_url":"https:\/\/www.public.sn\/wp-content\/uploads\/2023\/11\/gabon-750x375-1.jpeg","jetpack_sharing_enabled":true,"_links":{"self":[{"href":"https:\/\/www.public.sn\/index.php\/wp-json\/wp\/v2\/posts\/28454","targetHints":{"allow":["GET"]}}],"collection":[{"href":"https:\/\/www.public.sn\/index.php\/wp-json\/wp\/v2\/posts"}],"about":[{"href":"https:\/\/www.public.sn\/index.php\/wp-json\/wp\/v2\/types\/post"}],"author":[{"embeddable":true,"href":"https:\/\/www.public.sn\/index.php\/wp-json\/wp\/v2\/users\/7"}],"replies":[{"embeddable":true,"href":"https:\/\/www.public.sn\/index.php\/wp-json\/wp\/v2\/comments?post=28454"}],"version-history":[{"count":1,"href":"https:\/\/www.public.sn\/index.php\/wp-json\/wp\/v2\/posts\/28454\/revisions"}],"predecessor-version":[{"id":28456,"href":"https:\/\/www.public.sn\/index.php\/wp-json\/wp\/v2\/posts\/28454\/revisions\/28456"}],"wp:featuredmedia":[{"embeddable":true,"href":"https:\/\/www.public.sn\/index.php\/wp-json\/wp\/v2\/media\/28455"}],"wp:attachment":[{"href":"https:\/\/www.public.sn\/index.php\/wp-json\/wp\/v2\/media?parent=28454"}],"wp:term":[{"taxonomy":"category","embeddable":true,"href":"https:\/\/www.public.sn\/index.php\/wp-json\/wp\/v2\/categories?post=28454"},{"taxonomy":"post_tag","embeddable":true,"href":"https:\/\/www.public.sn\/index.php\/wp-json\/wp\/v2\/tags?post=28454"}],"curies":[{"name":"wp","href":"https:\/\/api.w.org\/{rel}","templated":true}]}}