{"id":28467,"date":"2023-11-14T09:33:14","date_gmt":"2023-11-14T09:33:14","guid":{"rendered":"https:\/\/www.public.sn\/?p=28467"},"modified":"2023-11-14T09:33:14","modified_gmt":"2023-11-14T09:33:14","slug":"vie-apres-le-palais-madiambal-diagne-propose-un-improbable-poste-a-macky-sall","status":"publish","type":"post","link":"https:\/\/www.public.sn\/index.php\/2023\/11\/14\/vie-apres-le-palais-madiambal-diagne-propose-un-improbable-poste-a-macky-sall\/","title":{"rendered":"Vie apr\u00e8s le Palais : Madiambal Diagne propose un improbable poste \u00e0 Macky Sall"},"content":{"rendered":"<p><b>Le journaliste verrait bien le chef de l\u2019\u00c9tat, au terme de son second mandat, jouer un r\u00f4le dans la gestion du p\u00e9trole et du gaz s\u00e9n\u00e9galais. Il d\u00e9fend sa position dans sa chronique parue ce lundi 13 novembre dans Le Quotidien.<\/b><\/p><div class=\"publi-paragraphe1\" style=\"margin-top: 10px;margin-bottom: 10px;margin-left: auto;margin-right: auto;text-align: center;\" id=\"publi-32756408\"><div class=\"publi-adlabel\">Publicit\u00e9<\/div><script async src=\"\/\/pagead2.googlesyndication.com\/pagead\/js\/adsbygoogle.js?client=ca-pub-4089586018074219\" crossorigin=\"anonymous\"><\/script><ins class=\"adsbygoogle\" style=\"display:block;\" data-ad-client=\"ca-pub-4089586018074219\" \ndata-ad-slot=\"2087940154\" \ndata-ad-format=\"auto\"><\/ins>\n<script> \n(adsbygoogle = window.adsbygoogle || []).push({}); \n<\/script>\n<\/div>\n<p>Le Pr\u00e9sident Macky Sall a d\u00e9j\u00e0 trouv\u00e9 un point de chute pour occuper ses journ\u00e9es quand il aura pass\u00e9 la main \u00e0 son successeur \u00e0 la t\u00eate du S\u00e9n\u00e9gal, en avril 2024. Son homologue fran\u00e7ais, Emmanuel Macron, l\u2019a d\u00e9sign\u00e9 envoy\u00e9 sp\u00e9cial pour le Pacte de Paris pour les peuples et la plan\u00e8te (4P).<\/p>\n<p>Cette nouvelle organisation repr\u00e9sente \u00abune d\u00e9claration d\u2019ambition et d\u2019appel \u00e0 l\u2019action\u00bb. Son objectif est \u00abd\u2019identifier les efforts n\u00e9cessaires pour r\u00e9pondre au double d\u00e9fi de l\u2019\u00e9limination de la pauvret\u00e9 et de la pr\u00e9servation de la plan\u00e8te\u00bb.<\/p>\n<p>Le chef de l\u2019\u00c9tat a accept\u00e9 le poste. Il compte \u00abaider \u00e0 la mise en \u0153uvre, avec l\u2019assistance du secr\u00e9tariat g\u00e9n\u00e9ral de l\u2019OCDE (Organisation de coop\u00e9ration et de d\u00e9veloppement \u00e9conomiques), des conclusions du sommet de Paris de juin 2023 pour un nouveau pacte financier mondial\u00bb.<\/p>\n<p><b>\u00abUne v\u00e9ritable cons\u00e9cration\u00bb<\/b><\/p>\n<p>Madiambal Diagne a salu\u00e9 \u00abcette offre d\u2019emploi\u00bb, ce lundi 13 novembre, dans la chronique hebdomadaire qu\u2019il publie dans Le Quotidien. Selon lui, celle-ci \u00abconstitue (pour Macky Sall) non seulement une v\u00e9ritable cons\u00e9cration personnelle mais aussi une belle et bonne opportunit\u00e9 de pouvoir continuer \u00e0 \u00eatre utile \u00e0 son pays, \u00e0 l\u2019Afrique et au monde\u00bb.<\/p>\n<p>\u00abCombien d\u2019anciens chefs d\u2019\u00c9tat ou d\u2019autres personnalit\u00e9s du monde auraient aim\u00e9 \u00eatre sollicit\u00e9s pour le \u2018job\u2019 ?\u00bb, interroge l\u2019auteur des \u00abLundis de Madiambal\u00bb. Mais le chroniqueur croit savoir que le pr\u00e9sident de la R\u00e9publique pourrait allier son r\u00f4le d\u2019envoy\u00e9 sp\u00e9cial du 4P, ou toute autre charge sur le plan international, au pilotage du Comit\u00e9 d\u2019orientation strat\u00e9gique du p\u00e9trole et du gaz (Cos-Petrogaz).<\/p>\n<p>Cette structure cr\u00e9\u00e9e en 2016 a pour mission d\u2019assister le chef de l\u2019\u00c9tat et son gouvernement dans la d\u00e9finition et la mise en \u0153uvre de la politique en mati\u00e8re de gestion des ressources p\u00e9troli\u00e8res et gazi\u00e8res du S\u00e9n\u00e9gal. \u00abQui, mieux que Macky Sall, qui a con\u00e7u cet outil, pourrait traduire et mettre en \u0153uvre sa vision au grand b\u00e9n\u00e9fice du S\u00e9n\u00e9gal ? sugg\u00e8re Madiambal Diagne. Il est nanti de comp\u00e9tences, d\u2019une expertise et d\u2019une l\u00e9gitimit\u00e9 incontestables dans ce domaine. Il pourrait ainsi travailler b\u00e9n\u00e9volement pour impulser ce secteur et rester encore utile \u00e0 son pays. Une telle occupation ne devrait pas l\u2019emp\u00eacher de faire des \u2018piges\u2019 \u00e0 l\u2019international.\u00bb<\/p>\n<p><b>Un ancien chef de division nomm\u00e9 Macky Sall\u00a0\u00a0\u00a0\u00a0\u00a0 \u00a0<\/b><\/p>\n<p>L\u2019auteur des \u00abLundis de Madiambal\u00bb clame que \u00abla vie de Macky Sall est li\u00e9e au p\u00e9trole et au gaz dont regorge le sous-sol s\u00e9n\u00e9galais\u00bb. En guise de d&rsquo;illustration, le journaliste brandit une page de l\u2019\u00e9dition du journal Le Soleil du 10 mai 1999. La coupure de presse a \u00e9t\u00e9 pr\u00e9sent\u00e9e au chef de l\u2019\u00c9tat par un de ses anciens collaborateurs. \u00abOn voit sur la photo, le Premier ministre Mamadou Lamine Loum, en compagnie du ministre de l\u2019\u00c9nergie, des Mines et de l\u2019Industrie, Magued Diouf, \u00e9coutant attentivement des explications d\u2019un technicien de Petrosen. Ce technicien en question, qui \u00e9tait chef de la division des donn\u00e9es de Petrosen, se nomme Macky Sall\u00bb, rapporte Madiambal Diagne.<\/p>\n<p>Ce dernier de poursuivre : \u00abAvec la foi du charbonnier, ce jeune technicien tenait \u00e0 expliquer \u00e0 ses interlocuteurs, le fabuleux potentiel en hydrocarbures que devraient renfermer les entrailles du S\u00e9n\u00e9gal. Il consid\u00e9rait que le bassin s\u00e9dimentaire est sous-exploit\u00e9 et pr\u00e9conisait d\u00e9j\u00e0 des investissements ad\u00e9quats pour trouver le s\u00e9same. (\u2026) Macky Sall \u00e9tait persuad\u00e9 des porchaines d\u00e9couvertes. Le hasard lui a souri, car devenu pr\u00e9sident de la R\u00e9publique du S\u00e9n\u00e9gal, en 2012, il aura la main heureuse avec de fabuleuses d\u00e9couvertes en hydrocarbures au S\u00e9n\u00e9gal. Il a sans doute davantage r\u00e9fl\u00e9chi sur la gestion de la manne p\u00e9troli\u00e8re et gazi\u00e8re que sur la gestion d\u2019un \u00c9tat.\u00bb<\/p>\n<p>Source : SENEWEB<\/p>\n<div class=\"publi-apres-le-contenu\" style=\"margin-top: 10px;margin-bottom: 10px;margin-left: auto;margin-right: auto;text-align: center;\" id=\"publi-4253527934\"><div class=\"publi-adlabel\">Publicit\u00e9<\/div><script async src=\"\/\/pagead2.googlesyndication.com\/pagead\/js\/adsbygoogle.js?client=ca-pub-4089586018074219\" crossorigin=\"anonymous\"><\/script><ins class=\"adsbygoogle\" style=\"display:block;\" data-ad-client=\"ca-pub-4089586018074219\" \ndata-ad-slot=\"2087940154\" \ndata-ad-format=\"auto\"><\/ins>\n<script> \n(adsbygoogle = window.adsbygoogle || []).push({}); \n<\/script>\n<\/div>","protected":false},"excerpt":{"rendered":"<p>Le journaliste verrait bien le chef de l\u2019\u00c9tat, au terme de son second mandat, jouer un r\u00f4le dans la gestion du p\u00e9trole et du gaz s\u00e9n\u00e9galais. Il d\u00e9fend sa position dans sa chronique parue ce lundi 13 novembre dans Le Quotidien. Le Pr\u00e9sident Macky Sall a d\u00e9j\u00e0 trouv\u00e9 un point de chute pour occuper ses journ\u00e9es quand il aura pass\u00e9 la main \u00e0 son successeur \u00e0 la t\u00eate du S\u00e9n\u00e9gal, en avril 2024. Son homologue fran\u00e7ais, Emmanuel Macron, l\u2019a d\u00e9sign\u00e9 envoy\u00e9 sp\u00e9cial pour le Pacte de Paris pour les peuples et la plan\u00e8te (4P). Cette nouvelle organisation repr\u00e9sente \u00abune d\u00e9claration d\u2019ambition et d\u2019appel \u00e0 l\u2019action\u00bb. Son objectif est \u00abd\u2019identifier les efforts n\u00e9cessaires pour r\u00e9pondre au double d\u00e9fi de l\u2019\u00e9limination de la pauvret\u00e9 et de la pr\u00e9servation de la plan\u00e8te\u00bb. Le chef de l\u2019\u00c9tat a accept\u00e9 le poste. Il compte \u00abaider \u00e0 la mise en \u0153uvre, avec l\u2019assistance du secr\u00e9tariat g\u00e9n\u00e9ral de l\u2019OCDE (Organisation de coop\u00e9ration et de d\u00e9veloppement \u00e9conomiques), des conclusions du sommet de Paris de juin 2023 pour un nouveau pacte financier mondial\u00bb. \u00abUne v\u00e9ritable cons\u00e9cration\u00bb Madiambal Diagne a salu\u00e9 \u00abcette offre d\u2019emploi\u00bb, ce lundi 13 novembre, dans la chronique hebdomadaire qu\u2019il publie dans Le Quotidien. Selon lui, celle-ci \u00abconstitue (pour Macky Sall) non seulement une v\u00e9ritable cons\u00e9cration personnelle mais aussi une belle et bonne opportunit\u00e9 de pouvoir continuer \u00e0 \u00eatre utile \u00e0 son pays, \u00e0 l\u2019Afrique et au monde\u00bb. \u00abCombien d\u2019anciens chefs d\u2019\u00c9tat ou d\u2019autres personnalit\u00e9s du monde auraient aim\u00e9 \u00eatre sollicit\u00e9s pour le \u2018job\u2019 ?\u00bb, interroge l\u2019auteur des \u00abLundis de Madiambal\u00bb. Mais le chroniqueur croit savoir que le pr\u00e9sident de la R\u00e9publique pourrait allier son r\u00f4le d\u2019envoy\u00e9 sp\u00e9cial du 4P, ou toute autre charge sur le plan international, au pilotage du Comit\u00e9 d\u2019orientation strat\u00e9gique du p\u00e9trole et du gaz (Cos-Petrogaz). Cette structure cr\u00e9\u00e9e en 2016 a pour mission d\u2019assister le chef de l\u2019\u00c9tat et son gouvernement dans la d\u00e9finition et la mise en \u0153uvre de la politique en mati\u00e8re de gestion des ressources p\u00e9troli\u00e8res et gazi\u00e8res du S\u00e9n\u00e9gal. \u00abQui, mieux que Macky Sall, qui a con\u00e7u cet outil, pourrait traduire et mettre en \u0153uvre sa vision au grand b\u00e9n\u00e9fice du S\u00e9n\u00e9gal ? sugg\u00e8re Madiambal Diagne. Il est nanti de comp\u00e9tences, d\u2019une expertise et d\u2019une l\u00e9gitimit\u00e9 incontestables dans ce domaine. Il pourrait ainsi travailler b\u00e9n\u00e9volement pour impulser ce secteur et rester encore utile \u00e0 son pays. Une telle occupation ne devrait pas l\u2019emp\u00eacher de faire des \u2018piges\u2019 \u00e0 l\u2019international.\u00bb Un ancien chef de division nomm\u00e9 Macky Sall\u00a0\u00a0\u00a0\u00a0\u00a0 \u00a0 L\u2019auteur des \u00abLundis de Madiambal\u00bb clame que \u00abla vie de Macky Sall est li\u00e9e au p\u00e9trole et au gaz dont regorge le sous-sol s\u00e9n\u00e9galais\u00bb. En guise de d&rsquo;illustration, le journaliste brandit une page de l\u2019\u00e9dition du journal Le Soleil du 10 mai 1999. La coupure de presse a \u00e9t\u00e9 pr\u00e9sent\u00e9e au chef de l\u2019\u00c9tat par un de ses anciens collaborateurs. \u00abOn voit sur la photo, le Premier ministre Mamadou Lamine Loum, en compagnie du ministre de l\u2019\u00c9nergie, des Mines et de l\u2019Industrie, Magued Diouf, \u00e9coutant attentivement des explications d\u2019un technicien de Petrosen. Ce technicien en question, qui \u00e9tait chef de la division des donn\u00e9es de Petrosen, se nomme Macky Sall\u00bb, rapporte Madiambal Diagne. Ce dernier de poursuivre : \u00abAvec la foi du charbonnier, ce jeune technicien tenait \u00e0 expliquer \u00e0 ses interlocuteurs, le fabuleux potentiel en hydrocarbures que devraient renfermer les entrailles du S\u00e9n\u00e9gal. Il consid\u00e9rait que le bassin s\u00e9dimentaire est sous-exploit\u00e9 et pr\u00e9conisait d\u00e9j\u00e0 des investissements ad\u00e9quats pour trouver le s\u00e9same. (\u2026) Macky Sall \u00e9tait persuad\u00e9 des porchaines d\u00e9couvertes. Le hasard lui a souri, car devenu pr\u00e9sident de la R\u00e9publique du S\u00e9n\u00e9gal, en 2012, il aura la main heureuse avec de fabuleuses d\u00e9couvertes en hydrocarbures au S\u00e9n\u00e9gal. Il a sans doute davantage r\u00e9fl\u00e9chi sur la gestion de la manne p\u00e9troli\u00e8re et gazi\u00e8re que sur la gestion d\u2019un \u00c9tat.\u00bb Source : SENEWEB<\/p>\n","protected":false},"author":7,"featured_media":28468,"comment_status":"open","ping_status":"open","sticky":false,"template":"","format":"standard","meta":{"_jetpack_memberships_contains_paid_content":false,"footnotes":""},"categories":[375,3,1,372],"tags":[],"class_list":["post-28467","post","type-post","status-publish","format-standard","has-post-thumbnail","hentry","category-actualites","category-politique","category-non-classe","category-vedette","entry","has-media","owp-thumbs-layout-horizontal","owp-btn-normal","owp-tabs-layout-horizontal","has-no-thumbnails","has-product-nav"],"yoast_head":"<!-- This site is optimized with the Yoast SEO plugin v25.5 - https:\/\/yoast.com\/wordpress\/plugins\/seo\/ -->\n<title>Vie apr\u00e8s le Palais : Madiambal Diagne propose un improbable poste \u00e0 Macky Sall - LE PUBLIC<\/title>\n<meta name=\"robots\" content=\"index, follow, max-snippet:-1, max-image-preview:large, max-video-preview:-1\" \/>\n<link rel=\"canonical\" href=\"https:\/\/www.public.sn\/index.php\/2023\/11\/14\/vie-apres-le-palais-madiambal-diagne-propose-un-improbable-poste-a-macky-sall\/\" \/>\n<meta property=\"og:locale\" content=\"fr_FR\" \/>\n<meta property=\"og:type\" content=\"article\" \/>\n<meta property=\"og:title\" content=\"Vie apr\u00e8s le Palais : Madiambal Diagne propose un improbable poste \u00e0 Macky Sall - LE PUBLIC\" \/>\n<meta property=\"og:description\" content=\"Le journaliste verrait bien le chef de l\u2019\u00c9tat, au terme de son second mandat, jouer un r\u00f4le dans la gestion du p\u00e9trole et du gaz s\u00e9n\u00e9galais. Il d\u00e9fend sa position dans sa chronique parue ce lundi 13 novembre dans Le Quotidien. Le Pr\u00e9sident Macky Sall a d\u00e9j\u00e0 trouv\u00e9 un point de chute pour occuper ses journ\u00e9es quand il aura pass\u00e9 la main \u00e0 son successeur \u00e0 la t\u00eate du S\u00e9n\u00e9gal, en avril 2024. Son homologue fran\u00e7ais, Emmanuel Macron, l\u2019a d\u00e9sign\u00e9 envoy\u00e9 sp\u00e9cial pour le Pacte de Paris pour les peuples et la plan\u00e8te (4P). Cette nouvelle organisation repr\u00e9sente \u00abune d\u00e9claration d\u2019ambition et d\u2019appel \u00e0 l\u2019action\u00bb. Son objectif est \u00abd\u2019identifier les efforts n\u00e9cessaires pour r\u00e9pondre au double d\u00e9fi de l\u2019\u00e9limination de la pauvret\u00e9 et de la pr\u00e9servation de la plan\u00e8te\u00bb. Le chef de l\u2019\u00c9tat a accept\u00e9 le poste. Il compte \u00abaider \u00e0 la mise en \u0153uvre, avec l\u2019assistance du secr\u00e9tariat g\u00e9n\u00e9ral de l\u2019OCDE (Organisation de coop\u00e9ration et de d\u00e9veloppement \u00e9conomiques), des conclusions du sommet de Paris de juin 2023 pour un nouveau pacte financier mondial\u00bb. \u00abUne v\u00e9ritable cons\u00e9cration\u00bb Madiambal Diagne a salu\u00e9 \u00abcette offre d\u2019emploi\u00bb, ce lundi 13 novembre, dans la chronique hebdomadaire qu\u2019il publie dans Le Quotidien. Selon lui, celle-ci \u00abconstitue (pour Macky Sall) non seulement une v\u00e9ritable cons\u00e9cration personnelle mais aussi une belle et bonne opportunit\u00e9 de pouvoir continuer \u00e0 \u00eatre utile \u00e0 son pays, \u00e0 l\u2019Afrique et au monde\u00bb. \u00abCombien d\u2019anciens chefs d\u2019\u00c9tat ou d\u2019autres personnalit\u00e9s du monde auraient aim\u00e9 \u00eatre sollicit\u00e9s pour le \u2018job\u2019 ?\u00bb, interroge l\u2019auteur des \u00abLundis de Madiambal\u00bb. Mais le chroniqueur croit savoir que le pr\u00e9sident de la R\u00e9publique pourrait allier son r\u00f4le d\u2019envoy\u00e9 sp\u00e9cial du 4P, ou toute autre charge sur le plan international, au pilotage du Comit\u00e9 d\u2019orientation strat\u00e9gique du p\u00e9trole et du gaz (Cos-Petrogaz). Cette structure cr\u00e9\u00e9e en 2016 a pour mission d\u2019assister le chef de l\u2019\u00c9tat et son gouvernement dans la d\u00e9finition et la mise en \u0153uvre de la politique en mati\u00e8re de gestion des ressources p\u00e9troli\u00e8res et gazi\u00e8res du S\u00e9n\u00e9gal. \u00abQui, mieux que Macky Sall, qui a con\u00e7u cet outil, pourrait traduire et mettre en \u0153uvre sa vision au grand b\u00e9n\u00e9fice du S\u00e9n\u00e9gal ? sugg\u00e8re Madiambal Diagne. Il est nanti de comp\u00e9tences, d\u2019une expertise et d\u2019une l\u00e9gitimit\u00e9 incontestables dans ce domaine. Il pourrait ainsi travailler b\u00e9n\u00e9volement pour impulser ce secteur et rester encore utile \u00e0 son pays. Une telle occupation ne devrait pas l\u2019emp\u00eacher de faire des \u2018piges\u2019 \u00e0 l\u2019international.\u00bb Un ancien chef de division nomm\u00e9 Macky Sall\u00a0\u00a0\u00a0\u00a0\u00a0 \u00a0 L\u2019auteur des \u00abLundis de Madiambal\u00bb clame que \u00abla vie de Macky Sall est li\u00e9e au p\u00e9trole et au gaz dont regorge le sous-sol s\u00e9n\u00e9galais\u00bb. En guise de d&rsquo;illustration, le journaliste brandit une page de l\u2019\u00e9dition du journal Le Soleil du 10 mai 1999. La coupure de presse a \u00e9t\u00e9 pr\u00e9sent\u00e9e au chef de l\u2019\u00c9tat par un de ses anciens collaborateurs. \u00abOn voit sur la photo, le Premier ministre Mamadou Lamine Loum, en compagnie du ministre de l\u2019\u00c9nergie, des Mines et de l\u2019Industrie, Magued Diouf, \u00e9coutant attentivement des explications d\u2019un technicien de Petrosen. Ce technicien en question, qui \u00e9tait chef de la division des donn\u00e9es de Petrosen, se nomme Macky Sall\u00bb, rapporte Madiambal Diagne. Ce dernier de poursuivre : \u00abAvec la foi du charbonnier, ce jeune technicien tenait \u00e0 expliquer \u00e0 ses interlocuteurs, le fabuleux potentiel en hydrocarbures que devraient renfermer les entrailles du S\u00e9n\u00e9gal. Il consid\u00e9rait que le bassin s\u00e9dimentaire est sous-exploit\u00e9 et pr\u00e9conisait d\u00e9j\u00e0 des investissements ad\u00e9quats pour trouver le s\u00e9same. (\u2026) Macky Sall \u00e9tait persuad\u00e9 des porchaines d\u00e9couvertes. Le hasard lui a souri, car devenu pr\u00e9sident de la R\u00e9publique du S\u00e9n\u00e9gal, en 2012, il aura la main heureuse avec de fabuleuses d\u00e9couvertes en hydrocarbures au S\u00e9n\u00e9gal. Il a sans doute davantage r\u00e9fl\u00e9chi sur la gestion de la manne p\u00e9troli\u00e8re et gazi\u00e8re que sur la gestion d\u2019un \u00c9tat.\u00bb Source : SENEWEB\" \/>\n<meta property=\"og:url\" content=\"https:\/\/www.public.sn\/index.php\/2023\/11\/14\/vie-apres-le-palais-madiambal-diagne-propose-un-improbable-poste-a-macky-sall\/\" \/>\n<meta property=\"og:site_name\" content=\"LE PUBLIC\" \/>\n<meta property=\"article:published_time\" content=\"2023-11-14T09:33:14+00:00\" \/>\n<meta property=\"og:image\" content=\"https:\/\/www.public.sn\/wp-content\/uploads\/2023\/11\/cONFERENCES-DE-PRESSE-DES-LINGUERES-DE-LA-PAIX-ET-DE-LA-JUSTICE.png\" \/>\n\t<meta property=\"og:image:width\" content=\"1280\" \/>\n\t<meta property=\"og:image:height\" content=\"720\" \/>\n\t<meta property=\"og:image:type\" content=\"image\/png\" \/>\n<meta name=\"author\" content=\"LA REDACTION\" \/>\n<meta name=\"twitter:card\" content=\"summary_large_image\" \/>\n<meta name=\"twitter:label1\" content=\"\u00c9crit par\" \/>\n\t<meta name=\"twitter:data1\" content=\"LA REDACTION\" \/>\n\t<meta name=\"twitter:label2\" content=\"Dur\u00e9e de lecture estim\u00e9e\" \/>\n\t<meta name=\"twitter:data2\" content=\"4 minutes\" \/>\n<script type=\"application\/ld+json\" class=\"yoast-schema-graph\">{\"@context\":\"https:\/\/schema.org\",\"@graph\":[{\"@type\":\"Article\",\"@id\":\"https:\/\/www.public.sn\/index.php\/2023\/11\/14\/vie-apres-le-palais-madiambal-diagne-propose-un-improbable-poste-a-macky-sall\/#article\",\"isPartOf\":{\"@id\":\"https:\/\/www.public.sn\/index.php\/2023\/11\/14\/vie-apres-le-palais-madiambal-diagne-propose-un-improbable-poste-a-macky-sall\/\"},\"author\":{\"name\":\"LA REDACTION\",\"@id\":\"https:\/\/www.public.sn\/#\/schema\/person\/cb76c8e1b8becc6be61fb5e92d6d0224\"},\"headline\":\"Vie apr\u00e8s le Palais : Madiambal Diagne propose un improbable poste \u00e0 Macky Sall\",\"datePublished\":\"2023-11-14T09:33:14+00:00\",\"mainEntityOfPage\":{\"@id\":\"https:\/\/www.public.sn\/index.php\/2023\/11\/14\/vie-apres-le-palais-madiambal-diagne-propose-un-improbable-poste-a-macky-sall\/\"},\"wordCount\":738,\"commentCount\":0,\"publisher\":{\"@id\":\"https:\/\/www.public.sn\/#organization\"},\"image\":{\"@id\":\"https:\/\/www.public.sn\/index.php\/2023\/11\/14\/vie-apres-le-palais-madiambal-diagne-propose-un-improbable-poste-a-macky-sall\/#primaryimage\"},\"thumbnailUrl\":\"https:\/\/www.public.sn\/wp-content\/uploads\/2023\/11\/cONFERENCES-DE-PRESSE-DES-LINGUERES-DE-LA-PAIX-ET-DE-LA-JUSTICE.png\",\"articleSection\":[\"ACTUALIT\u00c9S\",\"POLITIQUE\",\"S\u00c9N\u00c9GAL\",\"VEDETTE\"],\"inLanguage\":\"fr-FR\",\"potentialAction\":[{\"@type\":\"CommentAction\",\"name\":\"Comment\",\"target\":[\"https:\/\/www.public.sn\/index.php\/2023\/11\/14\/vie-apres-le-palais-madiambal-diagne-propose-un-improbable-poste-a-macky-sall\/#respond\"]}]},{\"@type\":\"WebPage\",\"@id\":\"https:\/\/www.public.sn\/index.php\/2023\/11\/14\/vie-apres-le-palais-madiambal-diagne-propose-un-improbable-poste-a-macky-sall\/\",\"url\":\"https:\/\/www.public.sn\/index.php\/2023\/11\/14\/vie-apres-le-palais-madiambal-diagne-propose-un-improbable-poste-a-macky-sall\/\",\"name\":\"Vie apr\u00e8s le Palais : Madiambal Diagne propose un improbable poste \u00e0 Macky Sall - LE PUBLIC\",\"isPartOf\":{\"@id\":\"https:\/\/www.public.sn\/#website\"},\"primaryImageOfPage\":{\"@id\":\"https:\/\/www.public.sn\/index.php\/2023\/11\/14\/vie-apres-le-palais-madiambal-diagne-propose-un-improbable-poste-a-macky-sall\/#primaryimage\"},\"image\":{\"@id\":\"https:\/\/www.public.sn\/index.php\/2023\/11\/14\/vie-apres-le-palais-madiambal-diagne-propose-un-improbable-poste-a-macky-sall\/#primaryimage\"},\"thumbnailUrl\":\"https:\/\/www.public.sn\/wp-content\/uploads\/2023\/11\/cONFERENCES-DE-PRESSE-DES-LINGUERES-DE-LA-PAIX-ET-DE-LA-JUSTICE.png\",\"datePublished\":\"2023-11-14T09:33:14+00:00\",\"breadcrumb\":{\"@id\":\"https:\/\/www.public.sn\/index.php\/2023\/11\/14\/vie-apres-le-palais-madiambal-diagne-propose-un-improbable-poste-a-macky-sall\/#breadcrumb\"},\"inLanguage\":\"fr-FR\",\"potentialAction\":[{\"@type\":\"ReadAction\",\"target\":[\"https:\/\/www.public.sn\/index.php\/2023\/11\/14\/vie-apres-le-palais-madiambal-diagne-propose-un-improbable-poste-a-macky-sall\/\"]}]},{\"@type\":\"ImageObject\",\"inLanguage\":\"fr-FR\",\"@id\":\"https:\/\/www.public.sn\/index.php\/2023\/11\/14\/vie-apres-le-palais-madiambal-diagne-propose-un-improbable-poste-a-macky-sall\/#primaryimage\",\"url\":\"https:\/\/www.public.sn\/wp-content\/uploads\/2023\/11\/cONFERENCES-DE-PRESSE-DES-LINGUERES-DE-LA-PAIX-ET-DE-LA-JUSTICE.png\",\"contentUrl\":\"https:\/\/www.public.sn\/wp-content\/uploads\/2023\/11\/cONFERENCES-DE-PRESSE-DES-LINGUERES-DE-LA-PAIX-ET-DE-LA-JUSTICE.png\",\"width\":1280,\"height\":720},{\"@type\":\"BreadcrumbList\",\"@id\":\"https:\/\/www.public.sn\/index.php\/2023\/11\/14\/vie-apres-le-palais-madiambal-diagne-propose-un-improbable-poste-a-macky-sall\/#breadcrumb\",\"itemListElement\":[{\"@type\":\"ListItem\",\"position\":1,\"name\":\"Accueil\",\"item\":\"https:\/\/www.public.sn\/\"},{\"@type\":\"ListItem\",\"position\":2,\"name\":\"Vie apr\u00e8s le Palais : Madiambal Diagne propose un improbable poste \u00e0 Macky Sall\"}]},{\"@type\":\"WebSite\",\"@id\":\"https:\/\/www.public.sn\/#website\",\"url\":\"https:\/\/www.public.sn\/\",\"name\":\"LE PUBLIC\",\"description\":\"\",\"publisher\":{\"@id\":\"https:\/\/www.public.sn\/#organization\"},\"potentialAction\":[{\"@type\":\"SearchAction\",\"target\":{\"@type\":\"EntryPoint\",\"urlTemplate\":\"https:\/\/www.public.sn\/?s={search_term_string}\"},\"query-input\":{\"@type\":\"PropertyValueSpecification\",\"valueRequired\":true,\"valueName\":\"search_term_string\"}}],\"inLanguage\":\"fr-FR\"},{\"@type\":\"Organization\",\"@id\":\"https:\/\/www.public.sn\/#organization\",\"name\":\"LE PUBLIC\",\"url\":\"https:\/\/www.public.sn\/\",\"logo\":{\"@type\":\"ImageObject\",\"inLanguage\":\"fr-FR\",\"@id\":\"https:\/\/www.public.sn\/#\/schema\/logo\/image\/\",\"url\":\"https:\/\/www.public.sn\/wp-content\/uploads\/2024\/05\/cropped-LOGO-PUBLIC.SN_.png\",\"contentUrl\":\"https:\/\/www.public.sn\/wp-content\/uploads\/2024\/05\/cropped-LOGO-PUBLIC.SN_.png\",\"width\":682,\"height\":192,\"caption\":\"LE PUBLIC\"},\"image\":{\"@id\":\"https:\/\/www.public.sn\/#\/schema\/logo\/image\/\"}},{\"@type\":\"Person\",\"@id\":\"https:\/\/www.public.sn\/#\/schema\/person\/cb76c8e1b8becc6be61fb5e92d6d0224\",\"name\":\"LA REDACTION\",\"image\":{\"@type\":\"ImageObject\",\"inLanguage\":\"fr-FR\",\"@id\":\"https:\/\/www.public.sn\/#\/schema\/person\/image\/\",\"url\":\"https:\/\/secure.gravatar.com\/avatar\/2dce5ddd34b8fef0180efe03aa2a9bee7d953856048f9a16b298190a3178407c?s=96&d=mm&r=g\",\"contentUrl\":\"https:\/\/secure.gravatar.com\/avatar\/2dce5ddd34b8fef0180efe03aa2a9bee7d953856048f9a16b298190a3178407c?s=96&d=mm&r=g\",\"caption\":\"LA REDACTION\"},\"url\":\"https:\/\/www.public.sn\/index.php\/author\/editeurpsn\/\"}]}<\/script>\n<!-- \/ Yoast SEO plugin. -->","yoast_head_json":{"title":"Vie apr\u00e8s le Palais : Madiambal Diagne propose un improbable poste \u00e0 Macky Sall - LE PUBLIC","robots":{"index":"index","follow":"follow","max-snippet":"max-snippet:-1","max-image-preview":"max-image-preview:large","max-video-preview":"max-video-preview:-1"},"canonical":"https:\/\/www.public.sn\/index.php\/2023\/11\/14\/vie-apres-le-palais-madiambal-diagne-propose-un-improbable-poste-a-macky-sall\/","og_locale":"fr_FR","og_type":"article","og_title":"Vie apr\u00e8s le Palais : Madiambal Diagne propose un improbable poste \u00e0 Macky Sall - LE PUBLIC","og_description":"Le journaliste verrait bien le chef de l\u2019\u00c9tat, au terme de son second mandat, jouer un r\u00f4le dans la gestion du p\u00e9trole et du gaz s\u00e9n\u00e9galais. Il d\u00e9fend sa position dans sa chronique parue ce lundi 13 novembre dans Le Quotidien. Le Pr\u00e9sident Macky Sall a d\u00e9j\u00e0 trouv\u00e9 un point de chute pour occuper ses journ\u00e9es quand il aura pass\u00e9 la main \u00e0 son successeur \u00e0 la t\u00eate du S\u00e9n\u00e9gal, en avril 2024. Son homologue fran\u00e7ais, Emmanuel Macron, l\u2019a d\u00e9sign\u00e9 envoy\u00e9 sp\u00e9cial pour le Pacte de Paris pour les peuples et la plan\u00e8te (4P). Cette nouvelle organisation repr\u00e9sente \u00abune d\u00e9claration d\u2019ambition et d\u2019appel \u00e0 l\u2019action\u00bb. Son objectif est \u00abd\u2019identifier les efforts n\u00e9cessaires pour r\u00e9pondre au double d\u00e9fi de l\u2019\u00e9limination de la pauvret\u00e9 et de la pr\u00e9servation de la plan\u00e8te\u00bb. Le chef de l\u2019\u00c9tat a accept\u00e9 le poste. Il compte \u00abaider \u00e0 la mise en \u0153uvre, avec l\u2019assistance du secr\u00e9tariat g\u00e9n\u00e9ral de l\u2019OCDE (Organisation de coop\u00e9ration et de d\u00e9veloppement \u00e9conomiques), des conclusions du sommet de Paris de juin 2023 pour un nouveau pacte financier mondial\u00bb. \u00abUne v\u00e9ritable cons\u00e9cration\u00bb Madiambal Diagne a salu\u00e9 \u00abcette offre d\u2019emploi\u00bb, ce lundi 13 novembre, dans la chronique hebdomadaire qu\u2019il publie dans Le Quotidien. Selon lui, celle-ci \u00abconstitue (pour Macky Sall) non seulement une v\u00e9ritable cons\u00e9cration personnelle mais aussi une belle et bonne opportunit\u00e9 de pouvoir continuer \u00e0 \u00eatre utile \u00e0 son pays, \u00e0 l\u2019Afrique et au monde\u00bb. \u00abCombien d\u2019anciens chefs d\u2019\u00c9tat ou d\u2019autres personnalit\u00e9s du monde auraient aim\u00e9 \u00eatre sollicit\u00e9s pour le \u2018job\u2019 ?\u00bb, interroge l\u2019auteur des \u00abLundis de Madiambal\u00bb. Mais le chroniqueur croit savoir que le pr\u00e9sident de la R\u00e9publique pourrait allier son r\u00f4le d\u2019envoy\u00e9 sp\u00e9cial du 4P, ou toute autre charge sur le plan international, au pilotage du Comit\u00e9 d\u2019orientation strat\u00e9gique du p\u00e9trole et du gaz (Cos-Petrogaz). Cette structure cr\u00e9\u00e9e en 2016 a pour mission d\u2019assister le chef de l\u2019\u00c9tat et son gouvernement dans la d\u00e9finition et la mise en \u0153uvre de la politique en mati\u00e8re de gestion des ressources p\u00e9troli\u00e8res et gazi\u00e8res du S\u00e9n\u00e9gal. \u00abQui, mieux que Macky Sall, qui a con\u00e7u cet outil, pourrait traduire et mettre en \u0153uvre sa vision au grand b\u00e9n\u00e9fice du S\u00e9n\u00e9gal ? sugg\u00e8re Madiambal Diagne. Il est nanti de comp\u00e9tences, d\u2019une expertise et d\u2019une l\u00e9gitimit\u00e9 incontestables dans ce domaine. Il pourrait ainsi travailler b\u00e9n\u00e9volement pour impulser ce secteur et rester encore utile \u00e0 son pays. Une telle occupation ne devrait pas l\u2019emp\u00eacher de faire des \u2018piges\u2019 \u00e0 l\u2019international.\u00bb Un ancien chef de division nomm\u00e9 Macky Sall\u00a0\u00a0\u00a0\u00a0\u00a0 \u00a0 L\u2019auteur des \u00abLundis de Madiambal\u00bb clame que \u00abla vie de Macky Sall est li\u00e9e au p\u00e9trole et au gaz dont regorge le sous-sol s\u00e9n\u00e9galais\u00bb. En guise de d&rsquo;illustration, le journaliste brandit une page de l\u2019\u00e9dition du journal Le Soleil du 10 mai 1999. La coupure de presse a \u00e9t\u00e9 pr\u00e9sent\u00e9e au chef de l\u2019\u00c9tat par un de ses anciens collaborateurs. \u00abOn voit sur la photo, le Premier ministre Mamadou Lamine Loum, en compagnie du ministre de l\u2019\u00c9nergie, des Mines et de l\u2019Industrie, Magued Diouf, \u00e9coutant attentivement des explications d\u2019un technicien de Petrosen. Ce technicien en question, qui \u00e9tait chef de la division des donn\u00e9es de Petrosen, se nomme Macky Sall\u00bb, rapporte Madiambal Diagne. Ce dernier de poursuivre : \u00abAvec la foi du charbonnier, ce jeune technicien tenait \u00e0 expliquer \u00e0 ses interlocuteurs, le fabuleux potentiel en hydrocarbures que devraient renfermer les entrailles du S\u00e9n\u00e9gal. Il consid\u00e9rait que le bassin s\u00e9dimentaire est sous-exploit\u00e9 et pr\u00e9conisait d\u00e9j\u00e0 des investissements ad\u00e9quats pour trouver le s\u00e9same. (\u2026) Macky Sall \u00e9tait persuad\u00e9 des porchaines d\u00e9couvertes. Le hasard lui a souri, car devenu pr\u00e9sident de la R\u00e9publique du S\u00e9n\u00e9gal, en 2012, il aura la main heureuse avec de fabuleuses d\u00e9couvertes en hydrocarbures au S\u00e9n\u00e9gal. Il a sans doute davantage r\u00e9fl\u00e9chi sur la gestion de la manne p\u00e9troli\u00e8re et gazi\u00e8re que sur la gestion d\u2019un \u00c9tat.\u00bb Source : SENEWEB","og_url":"https:\/\/www.public.sn\/index.php\/2023\/11\/14\/vie-apres-le-palais-madiambal-diagne-propose-un-improbable-poste-a-macky-sall\/","og_site_name":"LE PUBLIC","article_published_time":"2023-11-14T09:33:14+00:00","og_image":[{"width":1280,"height":720,"url":"https:\/\/www.public.sn\/wp-content\/uploads\/2023\/11\/cONFERENCES-DE-PRESSE-DES-LINGUERES-DE-LA-PAIX-ET-DE-LA-JUSTICE.png","type":"image\/png"}],"author":"LA REDACTION","twitter_card":"summary_large_image","twitter_misc":{"\u00c9crit par":"LA REDACTION","Dur\u00e9e de lecture estim\u00e9e":"4 minutes"},"schema":{"@context":"https:\/\/schema.org","@graph":[{"@type":"Article","@id":"https:\/\/www.public.sn\/index.php\/2023\/11\/14\/vie-apres-le-palais-madiambal-diagne-propose-un-improbable-poste-a-macky-sall\/#article","isPartOf":{"@id":"https:\/\/www.public.sn\/index.php\/2023\/11\/14\/vie-apres-le-palais-madiambal-diagne-propose-un-improbable-poste-a-macky-sall\/"},"author":{"name":"LA REDACTION","@id":"https:\/\/www.public.sn\/#\/schema\/person\/cb76c8e1b8becc6be61fb5e92d6d0224"},"headline":"Vie apr\u00e8s le Palais : Madiambal Diagne propose un improbable poste \u00e0 Macky Sall","datePublished":"2023-11-14T09:33:14+00:00","mainEntityOfPage":{"@id":"https:\/\/www.public.sn\/index.php\/2023\/11\/14\/vie-apres-le-palais-madiambal-diagne-propose-un-improbable-poste-a-macky-sall\/"},"wordCount":738,"commentCount":0,"publisher":{"@id":"https:\/\/www.public.sn\/#organization"},"image":{"@id":"https:\/\/www.public.sn\/index.php\/2023\/11\/14\/vie-apres-le-palais-madiambal-diagne-propose-un-improbable-poste-a-macky-sall\/#primaryimage"},"thumbnailUrl":"https:\/\/www.public.sn\/wp-content\/uploads\/2023\/11\/cONFERENCES-DE-PRESSE-DES-LINGUERES-DE-LA-PAIX-ET-DE-LA-JUSTICE.png","articleSection":["ACTUALIT\u00c9S","POLITIQUE","S\u00c9N\u00c9GAL","VEDETTE"],"inLanguage":"fr-FR","potentialAction":[{"@type":"CommentAction","name":"Comment","target":["https:\/\/www.public.sn\/index.php\/2023\/11\/14\/vie-apres-le-palais-madiambal-diagne-propose-un-improbable-poste-a-macky-sall\/#respond"]}]},{"@type":"WebPage","@id":"https:\/\/www.public.sn\/index.php\/2023\/11\/14\/vie-apres-le-palais-madiambal-diagne-propose-un-improbable-poste-a-macky-sall\/","url":"https:\/\/www.public.sn\/index.php\/2023\/11\/14\/vie-apres-le-palais-madiambal-diagne-propose-un-improbable-poste-a-macky-sall\/","name":"Vie apr\u00e8s le Palais : Madiambal Diagne propose un improbable poste \u00e0 Macky Sall - LE PUBLIC","isPartOf":{"@id":"https:\/\/www.public.sn\/#website"},"primaryImageOfPage":{"@id":"https:\/\/www.public.sn\/index.php\/2023\/11\/14\/vie-apres-le-palais-madiambal-diagne-propose-un-improbable-poste-a-macky-sall\/#primaryimage"},"image":{"@id":"https:\/\/www.public.sn\/index.php\/2023\/11\/14\/vie-apres-le-palais-madiambal-diagne-propose-un-improbable-poste-a-macky-sall\/#primaryimage"},"thumbnailUrl":"https:\/\/www.public.sn\/wp-content\/uploads\/2023\/11\/cONFERENCES-DE-PRESSE-DES-LINGUERES-DE-LA-PAIX-ET-DE-LA-JUSTICE.png","datePublished":"2023-11-14T09:33:14+00:00","breadcrumb":{"@id":"https:\/\/www.public.sn\/index.php\/2023\/11\/14\/vie-apres-le-palais-madiambal-diagne-propose-un-improbable-poste-a-macky-sall\/#breadcrumb"},"inLanguage":"fr-FR","potentialAction":[{"@type":"ReadAction","target":["https:\/\/www.public.sn\/index.php\/2023\/11\/14\/vie-apres-le-palais-madiambal-diagne-propose-un-improbable-poste-a-macky-sall\/"]}]},{"@type":"ImageObject","inLanguage":"fr-FR","@id":"https:\/\/www.public.sn\/index.php\/2023\/11\/14\/vie-apres-le-palais-madiambal-diagne-propose-un-improbable-poste-a-macky-sall\/#primaryimage","url":"https:\/\/www.public.sn\/wp-content\/uploads\/2023\/11\/cONFERENCES-DE-PRESSE-DES-LINGUERES-DE-LA-PAIX-ET-DE-LA-JUSTICE.png","contentUrl":"https:\/\/www.public.sn\/wp-content\/uploads\/2023\/11\/cONFERENCES-DE-PRESSE-DES-LINGUERES-DE-LA-PAIX-ET-DE-LA-JUSTICE.png","width":1280,"height":720},{"@type":"BreadcrumbList","@id":"https:\/\/www.public.sn\/index.php\/2023\/11\/14\/vie-apres-le-palais-madiambal-diagne-propose-un-improbable-poste-a-macky-sall\/#breadcrumb","itemListElement":[{"@type":"ListItem","position":1,"name":"Accueil","item":"https:\/\/www.public.sn\/"},{"@type":"ListItem","position":2,"name":"Vie apr\u00e8s le Palais : Madiambal Diagne propose un improbable poste \u00e0 Macky Sall"}]},{"@type":"WebSite","@id":"https:\/\/www.public.sn\/#website","url":"https:\/\/www.public.sn\/","name":"LE PUBLIC","description":"","publisher":{"@id":"https:\/\/www.public.sn\/#organization"},"potentialAction":[{"@type":"SearchAction","target":{"@type":"EntryPoint","urlTemplate":"https:\/\/www.public.sn\/?s={search_term_string}"},"query-input":{"@type":"PropertyValueSpecification","valueRequired":true,"valueName":"search_term_string"}}],"inLanguage":"fr-FR"},{"@type":"Organization","@id":"https:\/\/www.public.sn\/#organization","name":"LE PUBLIC","url":"https:\/\/www.public.sn\/","logo":{"@type":"ImageObject","inLanguage":"fr-FR","@id":"https:\/\/www.public.sn\/#\/schema\/logo\/image\/","url":"https:\/\/www.public.sn\/wp-content\/uploads\/2024\/05\/cropped-LOGO-PUBLIC.SN_.png","contentUrl":"https:\/\/www.public.sn\/wp-content\/uploads\/2024\/05\/cropped-LOGO-PUBLIC.SN_.png","width":682,"height":192,"caption":"LE PUBLIC"},"image":{"@id":"https:\/\/www.public.sn\/#\/schema\/logo\/image\/"}},{"@type":"Person","@id":"https:\/\/www.public.sn\/#\/schema\/person\/cb76c8e1b8becc6be61fb5e92d6d0224","name":"LA REDACTION","image":{"@type":"ImageObject","inLanguage":"fr-FR","@id":"https:\/\/www.public.sn\/#\/schema\/person\/image\/","url":"https:\/\/secure.gravatar.com\/avatar\/2dce5ddd34b8fef0180efe03aa2a9bee7d953856048f9a16b298190a3178407c?s=96&d=mm&r=g","contentUrl":"https:\/\/secure.gravatar.com\/avatar\/2dce5ddd34b8fef0180efe03aa2a9bee7d953856048f9a16b298190a3178407c?s=96&d=mm&r=g","caption":"LA REDACTION"},"url":"https:\/\/www.public.sn\/index.php\/author\/editeurpsn\/"}]}},"jetpack_featured_media_url":"https:\/\/www.public.sn\/wp-content\/uploads\/2023\/11\/cONFERENCES-DE-PRESSE-DES-LINGUERES-DE-LA-PAIX-ET-DE-LA-JUSTICE.png","jetpack_sharing_enabled":true,"_links":{"self":[{"href":"https:\/\/www.public.sn\/index.php\/wp-json\/wp\/v2\/posts\/28467","targetHints":{"allow":["GET"]}}],"collection":[{"href":"https:\/\/www.public.sn\/index.php\/wp-json\/wp\/v2\/posts"}],"about":[{"href":"https:\/\/www.public.sn\/index.php\/wp-json\/wp\/v2\/types\/post"}],"author":[{"embeddable":true,"href":"https:\/\/www.public.sn\/index.php\/wp-json\/wp\/v2\/users\/7"}],"replies":[{"embeddable":true,"href":"https:\/\/www.public.sn\/index.php\/wp-json\/wp\/v2\/comments?post=28467"}],"version-history":[{"count":1,"href":"https:\/\/www.public.sn\/index.php\/wp-json\/wp\/v2\/posts\/28467\/revisions"}],"predecessor-version":[{"id":28469,"href":"https:\/\/www.public.sn\/index.php\/wp-json\/wp\/v2\/posts\/28467\/revisions\/28469"}],"wp:featuredmedia":[{"embeddable":true,"href":"https:\/\/www.public.sn\/index.php\/wp-json\/wp\/v2\/media\/28468"}],"wp:attachment":[{"href":"https:\/\/www.public.sn\/index.php\/wp-json\/wp\/v2\/media?parent=28467"}],"wp:term":[{"taxonomy":"category","embeddable":true,"href":"https:\/\/www.public.sn\/index.php\/wp-json\/wp\/v2\/categories?post=28467"},{"taxonomy":"post_tag","embeddable":true,"href":"https:\/\/www.public.sn\/index.php\/wp-json\/wp\/v2\/tags?post=28467"}],"curies":[{"name":"wp","href":"https:\/\/api.w.org\/{rel}","templated":true}]}}