{"id":29,"date":"2022-08-17T03:09:24","date_gmt":"2022-08-17T01:09:24","guid":{"rendered":"https:\/\/www.public.sn\/?p=29"},"modified":"2022-08-17T03:09:25","modified_gmt":"2022-08-17T01:09:25","slug":"hopital-le-dantec-la-morgue-fermee-les-55-corps-seront","status":"publish","type":"post","link":"https:\/\/www.public.sn\/index.php\/2022\/08\/17\/hopital-le-dantec-la-morgue-fermee-les-55-corps-seront\/","title":{"rendered":"H\u00f4pital Le Dantec: La morgue ferm\u00e9e, les 55 corps seront&#8230;"},"content":{"rendered":"\n<p>H\u00f4pital Le Dantec: La morgue ferm\u00e9e, les 55 corps seront&#8230;<\/p><div class=\"publi-paragraphe1\" style=\"margin-top: 10px;margin-bottom: 10px;margin-left: auto;margin-right: auto;text-align: center;\" id=\"publi-4293775658\"><div class=\"publi-adlabel\">Publicit\u00e9<\/div><script async src=\"\/\/pagead2.googlesyndication.com\/pagead\/js\/adsbygoogle.js?client=ca-pub-4089586018074219\" crossorigin=\"anonymous\"><\/script><ins class=\"adsbygoogle\" style=\"display:block;\" data-ad-client=\"ca-pub-4089586018074219\" \ndata-ad-slot=\"2087940154\" \ndata-ad-format=\"auto\"><\/ins>\n<script> \n(adsbygoogle = window.adsbygoogle || []).push({}); \n<\/script>\n<\/div>\n\n\n\n<p>Au total, 55 d\u00e9pouilles, dont 30 enfants et 25 adultes, sont actuellement au niveau de la morgue de l&rsquo;h\u00f4tel Aristide Le Dantec, d\u00e9j\u00e0 ferm\u00e9e pour des travaux de r\u00e9novation. Mais, selon Docteur Ibou Thiam du service de la morgue, ces personnes d\u00e9c\u00e9d\u00e9es, dont la plupart ne sont pas identifi\u00e9es, seront inhum\u00e9es d&rsquo;ici \u00e0 lundi prochain.\u00a0\u00ab\u00a0Comme tous les autres services, la morgue sera aussi ferm\u00e9e\u00a0\u00bb, dit-il sur la Rfm.\u00a0<br>Pour les autopsies, le sp\u00e9cialiste soutient que l&rsquo;h\u00f4pital Idrissa Pouye de Grand-Yoff devra g\u00e9rer ce service en attendant d&rsquo;am\u00e9nager des salles d&rsquo;autopsie.Dr. Thiam de r\u00e9v\u00e9ler, dans la foul\u00e9e, qu&rsquo;en moyenne, 900 autopsies \u00e9taient effectu\u00e9es annuellement \u00e0 l&rsquo;h\u00f4pital Aristide Le Dantec.\u00a0<\/p>\n<div class=\"publi-apres-le-contenu\" style=\"margin-top: 10px;margin-bottom: 10px;margin-left: auto;margin-right: auto;text-align: center;\" id=\"publi-3742414669\"><div class=\"publi-adlabel\">Publicit\u00e9<\/div><script async src=\"\/\/pagead2.googlesyndication.com\/pagead\/js\/adsbygoogle.js?client=ca-pub-4089586018074219\" crossorigin=\"anonymous\"><\/script><ins class=\"adsbygoogle\" style=\"display:block;\" data-ad-client=\"ca-pub-4089586018074219\" \ndata-ad-slot=\"2087940154\" \ndata-ad-format=\"auto\"><\/ins>\n<script> \n(adsbygoogle = window.adsbygoogle || []).push({}); \n<\/script>\n<\/div>","protected":false},"excerpt":{"rendered":"<p>H\u00f4pital Le Dantec: La morgue ferm\u00e9e, les 55 corps seront&#8230; Au total, 55 d\u00e9pouilles, dont 30 enfants et 25 adultes, sont actuellement au niveau de la morgue de l&rsquo;h\u00f4tel Aristide Le Dantec, d\u00e9j\u00e0 ferm\u00e9e pour des travaux de r\u00e9novation. Mais, selon Docteur Ibou Thiam du service de la morgue, ces personnes d\u00e9c\u00e9d\u00e9es, dont la plupart ne sont pas identifi\u00e9es, seront inhum\u00e9es d&rsquo;ici \u00e0 lundi prochain.\u00a0\u00ab\u00a0Comme tous les autres services, la morgue sera aussi ferm\u00e9e\u00a0\u00bb, dit-il sur la Rfm.\u00a0Pour les autopsies, le sp\u00e9cialiste soutient que l&rsquo;h\u00f4pital Idrissa Pouye de Grand-Yoff devra g\u00e9rer ce service en attendant d&rsquo;am\u00e9nager des salles d&rsquo;autopsie.Dr. Thiam de r\u00e9v\u00e9ler, dans la foul\u00e9e, qu&rsquo;en moyenne, 900 autopsies \u00e9taient effectu\u00e9es annuellement \u00e0 l&rsquo;h\u00f4pital Aristide Le Dantec.\u00a0<\/p>\n","protected":false},"author":1,"featured_media":30,"comment_status":"open","ping_status":"open","sticky":false,"template":"","format":"standard","meta":{"_jetpack_memberships_contains_paid_content":false,"footnotes":""},"categories":[4],"tags":[],"class_list":["post-29","post","type-post","status-publish","format-standard","has-post-thumbnail","hentry","category-societe","entry","has-media","owp-thumbs-layout-horizontal","owp-btn-normal","owp-tabs-layout-horizontal","has-no-thumbnails","has-product-nav"],"yoast_head":"<!-- This site is optimized with the Yoast SEO plugin v25.5 - https:\/\/yoast.com\/wordpress\/plugins\/seo\/ -->\n<title>H\u00f4pital Le Dantec: La morgue ferm\u00e9e, les 55 corps seront... - LE PUBLIC<\/title>\n<meta name=\"robots\" content=\"index, follow, max-snippet:-1, max-image-preview:large, max-video-preview:-1\" \/>\n<link rel=\"canonical\" href=\"https:\/\/www.public.sn\/index.php\/2022\/08\/17\/hopital-le-dantec-la-morgue-fermee-les-55-corps-seront\/\" \/>\n<meta property=\"og:locale\" content=\"fr_FR\" \/>\n<meta property=\"og:type\" content=\"article\" \/>\n<meta property=\"og:title\" content=\"H\u00f4pital Le Dantec: La morgue ferm\u00e9e, les 55 corps seront... - LE PUBLIC\" \/>\n<meta property=\"og:description\" content=\"H\u00f4pital Le Dantec: La morgue ferm\u00e9e, les 55 corps seront&#8230; Au total, 55 d\u00e9pouilles, dont 30 enfants et 25 adultes, sont actuellement au niveau de la morgue de l&rsquo;h\u00f4tel Aristide Le Dantec, d\u00e9j\u00e0 ferm\u00e9e pour des travaux de r\u00e9novation. Mais, selon Docteur Ibou Thiam du service de la morgue, ces personnes d\u00e9c\u00e9d\u00e9es, dont la plupart ne sont pas identifi\u00e9es, seront inhum\u00e9es d&rsquo;ici \u00e0 lundi prochain.\u00a0\u00ab\u00a0Comme tous les autres services, la morgue sera aussi ferm\u00e9e\u00a0\u00bb, dit-il sur la Rfm.\u00a0Pour les autopsies, le sp\u00e9cialiste soutient que l&rsquo;h\u00f4pital Idrissa Pouye de Grand-Yoff devra g\u00e9rer ce service en attendant d&rsquo;am\u00e9nager des salles d&rsquo;autopsie.Dr. Thiam de r\u00e9v\u00e9ler, dans la foul\u00e9e, qu&rsquo;en moyenne, 900 autopsies \u00e9taient effectu\u00e9es annuellement \u00e0 l&rsquo;h\u00f4pital Aristide Le Dantec.\u00a0\" \/>\n<meta property=\"og:url\" content=\"https:\/\/www.public.sn\/index.php\/2022\/08\/17\/hopital-le-dantec-la-morgue-fermee-les-55-corps-seront\/\" \/>\n<meta property=\"og:site_name\" content=\"LE PUBLIC\" \/>\n<meta property=\"article:published_time\" content=\"2022-08-17T01:09:24+00:00\" \/>\n<meta property=\"article:modified_time\" content=\"2022-08-17T01:09:25+00:00\" \/>\n<meta property=\"og:image\" content=\"https:\/\/www.public.sn\/wp-content\/uploads\/2022\/08\/63897098-45967219.jpg\" \/>\n\t<meta property=\"og:image:width\" content=\"1046\" \/>\n\t<meta property=\"og:image:height\" content=\"768\" \/>\n\t<meta property=\"og:image:type\" content=\"image\/jpeg\" \/>\n<meta name=\"author\" content=\"LA REDACTION\" \/>\n<meta name=\"twitter:card\" content=\"summary_large_image\" \/>\n<meta name=\"twitter:label1\" content=\"\u00c9crit par\" \/>\n\t<meta name=\"twitter:data1\" content=\"LA REDACTION\" \/>\n\t<meta name=\"twitter:label2\" content=\"Dur\u00e9e de lecture estim\u00e9e\" \/>\n\t<meta name=\"twitter:data2\" content=\"1 minute\" \/>\n<script type=\"application\/ld+json\" class=\"yoast-schema-graph\">{\"@context\":\"https:\/\/schema.org\",\"@graph\":[{\"@type\":\"Article\",\"@id\":\"https:\/\/www.public.sn\/index.php\/2022\/08\/17\/hopital-le-dantec-la-morgue-fermee-les-55-corps-seront\/#article\",\"isPartOf\":{\"@id\":\"https:\/\/www.public.sn\/index.php\/2022\/08\/17\/hopital-le-dantec-la-morgue-fermee-les-55-corps-seront\/\"},\"author\":{\"name\":\"LA REDACTION\",\"@id\":\"https:\/\/www.public.sn\/#\/schema\/person\/e3f4a11b037d4203902db148f9bc8d5a\"},\"headline\":\"H\u00f4pital Le Dantec: La morgue ferm\u00e9e, les 55 corps seront&#8230;\",\"datePublished\":\"2022-08-17T01:09:24+00:00\",\"dateModified\":\"2022-08-17T01:09:25+00:00\",\"mainEntityOfPage\":{\"@id\":\"https:\/\/www.public.sn\/index.php\/2022\/08\/17\/hopital-le-dantec-la-morgue-fermee-les-55-corps-seront\/\"},\"wordCount\":146,\"commentCount\":0,\"publisher\":{\"@id\":\"https:\/\/www.public.sn\/#organization\"},\"image\":{\"@id\":\"https:\/\/www.public.sn\/index.php\/2022\/08\/17\/hopital-le-dantec-la-morgue-fermee-les-55-corps-seront\/#primaryimage\"},\"thumbnailUrl\":\"https:\/\/www.public.sn\/wp-content\/uploads\/2022\/08\/63897098-45967219.jpg\",\"articleSection\":[\"SOCIETE\"],\"inLanguage\":\"fr-FR\",\"potentialAction\":[{\"@type\":\"CommentAction\",\"name\":\"Comment\",\"target\":[\"https:\/\/www.public.sn\/index.php\/2022\/08\/17\/hopital-le-dantec-la-morgue-fermee-les-55-corps-seront\/#respond\"]}]},{\"@type\":\"WebPage\",\"@id\":\"https:\/\/www.public.sn\/index.php\/2022\/08\/17\/hopital-le-dantec-la-morgue-fermee-les-55-corps-seront\/\",\"url\":\"https:\/\/www.public.sn\/index.php\/2022\/08\/17\/hopital-le-dantec-la-morgue-fermee-les-55-corps-seront\/\",\"name\":\"H\u00f4pital Le Dantec: La morgue ferm\u00e9e, les 55 corps seront... - LE PUBLIC\",\"isPartOf\":{\"@id\":\"https:\/\/www.public.sn\/#website\"},\"primaryImageOfPage\":{\"@id\":\"https:\/\/www.public.sn\/index.php\/2022\/08\/17\/hopital-le-dantec-la-morgue-fermee-les-55-corps-seront\/#primaryimage\"},\"image\":{\"@id\":\"https:\/\/www.public.sn\/index.php\/2022\/08\/17\/hopital-le-dantec-la-morgue-fermee-les-55-corps-seront\/#primaryimage\"},\"thumbnailUrl\":\"https:\/\/www.public.sn\/wp-content\/uploads\/2022\/08\/63897098-45967219.jpg\",\"datePublished\":\"2022-08-17T01:09:24+00:00\",\"dateModified\":\"2022-08-17T01:09:25+00:00\",\"breadcrumb\":{\"@id\":\"https:\/\/www.public.sn\/index.php\/2022\/08\/17\/hopital-le-dantec-la-morgue-fermee-les-55-corps-seront\/#breadcrumb\"},\"inLanguage\":\"fr-FR\",\"potentialAction\":[{\"@type\":\"ReadAction\",\"target\":[\"https:\/\/www.public.sn\/index.php\/2022\/08\/17\/hopital-le-dantec-la-morgue-fermee-les-55-corps-seront\/\"]}]},{\"@type\":\"ImageObject\",\"inLanguage\":\"fr-FR\",\"@id\":\"https:\/\/www.public.sn\/index.php\/2022\/08\/17\/hopital-le-dantec-la-morgue-fermee-les-55-corps-seront\/#primaryimage\",\"url\":\"https:\/\/www.public.sn\/wp-content\/uploads\/2022\/08\/63897098-45967219.jpg\",\"contentUrl\":\"https:\/\/www.public.sn\/wp-content\/uploads\/2022\/08\/63897098-45967219.jpg\",\"width\":1046,\"height\":768},{\"@type\":\"BreadcrumbList\",\"@id\":\"https:\/\/www.public.sn\/index.php\/2022\/08\/17\/hopital-le-dantec-la-morgue-fermee-les-55-corps-seront\/#breadcrumb\",\"itemListElement\":[{\"@type\":\"ListItem\",\"position\":1,\"name\":\"Accueil\",\"item\":\"https:\/\/www.public.sn\/\"},{\"@type\":\"ListItem\",\"position\":2,\"name\":\"H\u00f4pital Le Dantec: La morgue ferm\u00e9e, les 55 corps seront&#8230;\"}]},{\"@type\":\"WebSite\",\"@id\":\"https:\/\/www.public.sn\/#website\",\"url\":\"https:\/\/www.public.sn\/\",\"name\":\"LE PUBLIC\",\"description\":\"\",\"publisher\":{\"@id\":\"https:\/\/www.public.sn\/#organization\"},\"potentialAction\":[{\"@type\":\"SearchAction\",\"target\":{\"@type\":\"EntryPoint\",\"urlTemplate\":\"https:\/\/www.public.sn\/?s={search_term_string}\"},\"query-input\":{\"@type\":\"PropertyValueSpecification\",\"valueRequired\":true,\"valueName\":\"search_term_string\"}}],\"inLanguage\":\"fr-FR\"},{\"@type\":\"Organization\",\"@id\":\"https:\/\/www.public.sn\/#organization\",\"name\":\"LE PUBLIC\",\"url\":\"https:\/\/www.public.sn\/\",\"logo\":{\"@type\":\"ImageObject\",\"inLanguage\":\"fr-FR\",\"@id\":\"https:\/\/www.public.sn\/#\/schema\/logo\/image\/\",\"url\":\"https:\/\/www.public.sn\/wp-content\/uploads\/2024\/05\/cropped-LOGO-PUBLIC.SN_.png\",\"contentUrl\":\"https:\/\/www.public.sn\/wp-content\/uploads\/2024\/05\/cropped-LOGO-PUBLIC.SN_.png\",\"width\":682,\"height\":192,\"caption\":\"LE PUBLIC\"},\"image\":{\"@id\":\"https:\/\/www.public.sn\/#\/schema\/logo\/image\/\"}},{\"@type\":\"Person\",\"@id\":\"https:\/\/www.public.sn\/#\/schema\/person\/e3f4a11b037d4203902db148f9bc8d5a\",\"name\":\"LA REDACTION\",\"image\":{\"@type\":\"ImageObject\",\"inLanguage\":\"fr-FR\",\"@id\":\"https:\/\/www.public.sn\/#\/schema\/person\/image\/\",\"url\":\"https:\/\/secure.gravatar.com\/avatar\/d6c030db45db2883c075085c5d6c6258654a801a93766b49af0b82d4f454e2a5?s=96&d=mm&r=g\",\"contentUrl\":\"https:\/\/secure.gravatar.com\/avatar\/d6c030db45db2883c075085c5d6c6258654a801a93766b49af0b82d4f454e2a5?s=96&d=mm&r=g\",\"caption\":\"LA REDACTION\"},\"sameAs\":[\"http:\/\/www.public.sn\"],\"url\":\"https:\/\/www.public.sn\/index.php\/author\/admin7324\/\"}]}<\/script>\n<!-- \/ Yoast SEO plugin. -->","yoast_head_json":{"title":"H\u00f4pital Le Dantec: La morgue ferm\u00e9e, les 55 corps seront... - LE PUBLIC","robots":{"index":"index","follow":"follow","max-snippet":"max-snippet:-1","max-image-preview":"max-image-preview:large","max-video-preview":"max-video-preview:-1"},"canonical":"https:\/\/www.public.sn\/index.php\/2022\/08\/17\/hopital-le-dantec-la-morgue-fermee-les-55-corps-seront\/","og_locale":"fr_FR","og_type":"article","og_title":"H\u00f4pital Le Dantec: La morgue ferm\u00e9e, les 55 corps seront... - LE PUBLIC","og_description":"H\u00f4pital Le Dantec: La morgue ferm\u00e9e, les 55 corps seront&#8230; Au total, 55 d\u00e9pouilles, dont 30 enfants et 25 adultes, sont actuellement au niveau de la morgue de l&rsquo;h\u00f4tel Aristide Le Dantec, d\u00e9j\u00e0 ferm\u00e9e pour des travaux de r\u00e9novation. Mais, selon Docteur Ibou Thiam du service de la morgue, ces personnes d\u00e9c\u00e9d\u00e9es, dont la plupart ne sont pas identifi\u00e9es, seront inhum\u00e9es d&rsquo;ici \u00e0 lundi prochain.\u00a0\u00ab\u00a0Comme tous les autres services, la morgue sera aussi ferm\u00e9e\u00a0\u00bb, dit-il sur la Rfm.\u00a0Pour les autopsies, le sp\u00e9cialiste soutient que l&rsquo;h\u00f4pital Idrissa Pouye de Grand-Yoff devra g\u00e9rer ce service en attendant d&rsquo;am\u00e9nager des salles d&rsquo;autopsie.Dr. Thiam de r\u00e9v\u00e9ler, dans la foul\u00e9e, qu&rsquo;en moyenne, 900 autopsies \u00e9taient effectu\u00e9es annuellement \u00e0 l&rsquo;h\u00f4pital Aristide Le Dantec.\u00a0","og_url":"https:\/\/www.public.sn\/index.php\/2022\/08\/17\/hopital-le-dantec-la-morgue-fermee-les-55-corps-seront\/","og_site_name":"LE PUBLIC","article_published_time":"2022-08-17T01:09:24+00:00","article_modified_time":"2022-08-17T01:09:25+00:00","og_image":[{"width":1046,"height":768,"url":"https:\/\/www.public.sn\/wp-content\/uploads\/2022\/08\/63897098-45967219.jpg","type":"image\/jpeg"}],"author":"LA REDACTION","twitter_card":"summary_large_image","twitter_misc":{"\u00c9crit par":"LA REDACTION","Dur\u00e9e de lecture estim\u00e9e":"1 minute"},"schema":{"@context":"https:\/\/schema.org","@graph":[{"@type":"Article","@id":"https:\/\/www.public.sn\/index.php\/2022\/08\/17\/hopital-le-dantec-la-morgue-fermee-les-55-corps-seront\/#article","isPartOf":{"@id":"https:\/\/www.public.sn\/index.php\/2022\/08\/17\/hopital-le-dantec-la-morgue-fermee-les-55-corps-seront\/"},"author":{"name":"LA REDACTION","@id":"https:\/\/www.public.sn\/#\/schema\/person\/e3f4a11b037d4203902db148f9bc8d5a"},"headline":"H\u00f4pital Le Dantec: La morgue ferm\u00e9e, les 55 corps seront&#8230;","datePublished":"2022-08-17T01:09:24+00:00","dateModified":"2022-08-17T01:09:25+00:00","mainEntityOfPage":{"@id":"https:\/\/www.public.sn\/index.php\/2022\/08\/17\/hopital-le-dantec-la-morgue-fermee-les-55-corps-seront\/"},"wordCount":146,"commentCount":0,"publisher":{"@id":"https:\/\/www.public.sn\/#organization"},"image":{"@id":"https:\/\/www.public.sn\/index.php\/2022\/08\/17\/hopital-le-dantec-la-morgue-fermee-les-55-corps-seront\/#primaryimage"},"thumbnailUrl":"https:\/\/www.public.sn\/wp-content\/uploads\/2022\/08\/63897098-45967219.jpg","articleSection":["SOCIETE"],"inLanguage":"fr-FR","potentialAction":[{"@type":"CommentAction","name":"Comment","target":["https:\/\/www.public.sn\/index.php\/2022\/08\/17\/hopital-le-dantec-la-morgue-fermee-les-55-corps-seront\/#respond"]}]},{"@type":"WebPage","@id":"https:\/\/www.public.sn\/index.php\/2022\/08\/17\/hopital-le-dantec-la-morgue-fermee-les-55-corps-seront\/","url":"https:\/\/www.public.sn\/index.php\/2022\/08\/17\/hopital-le-dantec-la-morgue-fermee-les-55-corps-seront\/","name":"H\u00f4pital Le Dantec: La morgue ferm\u00e9e, les 55 corps seront... - LE PUBLIC","isPartOf":{"@id":"https:\/\/www.public.sn\/#website"},"primaryImageOfPage":{"@id":"https:\/\/www.public.sn\/index.php\/2022\/08\/17\/hopital-le-dantec-la-morgue-fermee-les-55-corps-seront\/#primaryimage"},"image":{"@id":"https:\/\/www.public.sn\/index.php\/2022\/08\/17\/hopital-le-dantec-la-morgue-fermee-les-55-corps-seront\/#primaryimage"},"thumbnailUrl":"https:\/\/www.public.sn\/wp-content\/uploads\/2022\/08\/63897098-45967219.jpg","datePublished":"2022-08-17T01:09:24+00:00","dateModified":"2022-08-17T01:09:25+00:00","breadcrumb":{"@id":"https:\/\/www.public.sn\/index.php\/2022\/08\/17\/hopital-le-dantec-la-morgue-fermee-les-55-corps-seront\/#breadcrumb"},"inLanguage":"fr-FR","potentialAction":[{"@type":"ReadAction","target":["https:\/\/www.public.sn\/index.php\/2022\/08\/17\/hopital-le-dantec-la-morgue-fermee-les-55-corps-seront\/"]}]},{"@type":"ImageObject","inLanguage":"fr-FR","@id":"https:\/\/www.public.sn\/index.php\/2022\/08\/17\/hopital-le-dantec-la-morgue-fermee-les-55-corps-seront\/#primaryimage","url":"https:\/\/www.public.sn\/wp-content\/uploads\/2022\/08\/63897098-45967219.jpg","contentUrl":"https:\/\/www.public.sn\/wp-content\/uploads\/2022\/08\/63897098-45967219.jpg","width":1046,"height":768},{"@type":"BreadcrumbList","@id":"https:\/\/www.public.sn\/index.php\/2022\/08\/17\/hopital-le-dantec-la-morgue-fermee-les-55-corps-seront\/#breadcrumb","itemListElement":[{"@type":"ListItem","position":1,"name":"Accueil","item":"https:\/\/www.public.sn\/"},{"@type":"ListItem","position":2,"name":"H\u00f4pital Le Dantec: La morgue ferm\u00e9e, les 55 corps seront&#8230;"}]},{"@type":"WebSite","@id":"https:\/\/www.public.sn\/#website","url":"https:\/\/www.public.sn\/","name":"LE PUBLIC","description":"","publisher":{"@id":"https:\/\/www.public.sn\/#organization"},"potentialAction":[{"@type":"SearchAction","target":{"@type":"EntryPoint","urlTemplate":"https:\/\/www.public.sn\/?s={search_term_string}"},"query-input":{"@type":"PropertyValueSpecification","valueRequired":true,"valueName":"search_term_string"}}],"inLanguage":"fr-FR"},{"@type":"Organization","@id":"https:\/\/www.public.sn\/#organization","name":"LE PUBLIC","url":"https:\/\/www.public.sn\/","logo":{"@type":"ImageObject","inLanguage":"fr-FR","@id":"https:\/\/www.public.sn\/#\/schema\/logo\/image\/","url":"https:\/\/www.public.sn\/wp-content\/uploads\/2024\/05\/cropped-LOGO-PUBLIC.SN_.png","contentUrl":"https:\/\/www.public.sn\/wp-content\/uploads\/2024\/05\/cropped-LOGO-PUBLIC.SN_.png","width":682,"height":192,"caption":"LE PUBLIC"},"image":{"@id":"https:\/\/www.public.sn\/#\/schema\/logo\/image\/"}},{"@type":"Person","@id":"https:\/\/www.public.sn\/#\/schema\/person\/e3f4a11b037d4203902db148f9bc8d5a","name":"LA REDACTION","image":{"@type":"ImageObject","inLanguage":"fr-FR","@id":"https:\/\/www.public.sn\/#\/schema\/person\/image\/","url":"https:\/\/secure.gravatar.com\/avatar\/d6c030db45db2883c075085c5d6c6258654a801a93766b49af0b82d4f454e2a5?s=96&d=mm&r=g","contentUrl":"https:\/\/secure.gravatar.com\/avatar\/d6c030db45db2883c075085c5d6c6258654a801a93766b49af0b82d4f454e2a5?s=96&d=mm&r=g","caption":"LA REDACTION"},"sameAs":["http:\/\/www.public.sn"],"url":"https:\/\/www.public.sn\/index.php\/author\/admin7324\/"}]}},"jetpack_featured_media_url":"https:\/\/www.public.sn\/wp-content\/uploads\/2022\/08\/63897098-45967219.jpg","jetpack_sharing_enabled":true,"_links":{"self":[{"href":"https:\/\/www.public.sn\/index.php\/wp-json\/wp\/v2\/posts\/29","targetHints":{"allow":["GET"]}}],"collection":[{"href":"https:\/\/www.public.sn\/index.php\/wp-json\/wp\/v2\/posts"}],"about":[{"href":"https:\/\/www.public.sn\/index.php\/wp-json\/wp\/v2\/types\/post"}],"author":[{"embeddable":true,"href":"https:\/\/www.public.sn\/index.php\/wp-json\/wp\/v2\/users\/1"}],"replies":[{"embeddable":true,"href":"https:\/\/www.public.sn\/index.php\/wp-json\/wp\/v2\/comments?post=29"}],"version-history":[{"count":1,"href":"https:\/\/www.public.sn\/index.php\/wp-json\/wp\/v2\/posts\/29\/revisions"}],"predecessor-version":[{"id":31,"href":"https:\/\/www.public.sn\/index.php\/wp-json\/wp\/v2\/posts\/29\/revisions\/31"}],"wp:featuredmedia":[{"embeddable":true,"href":"https:\/\/www.public.sn\/index.php\/wp-json\/wp\/v2\/media\/30"}],"wp:attachment":[{"href":"https:\/\/www.public.sn\/index.php\/wp-json\/wp\/v2\/media?parent=29"}],"wp:term":[{"taxonomy":"category","embeddable":true,"href":"https:\/\/www.public.sn\/index.php\/wp-json\/wp\/v2\/categories?post=29"},{"taxonomy":"post_tag","embeddable":true,"href":"https:\/\/www.public.sn\/index.php\/wp-json\/wp\/v2\/tags?post=29"}],"curies":[{"name":"wp","href":"https:\/\/api.w.org\/{rel}","templated":true}]}}