{"id":29195,"date":"2023-12-09T10:03:36","date_gmt":"2023-12-09T10:03:36","guid":{"rendered":"https:\/\/www.public.sn\/?p=29195"},"modified":"2023-12-09T10:03:36","modified_gmt":"2023-12-09T10:03:36","slug":"qui-est-le-depute-makhtar-diop-laccusateur-de-ousmane-sonko","status":"publish","type":"post","link":"https:\/\/www.public.sn\/index.php\/2023\/12\/09\/qui-est-le-depute-makhtar-diop-laccusateur-de-ousmane-sonko\/","title":{"rendered":"Qui est le d\u00e9put\u00e9 Makhtar Diop, l\u2019accusateur de Ousmane Sonko ?"},"content":{"rendered":"<p>Le d\u00e9put\u00e9 de Touba qui accuse Sonko d\u2019avoir b\u00e9n\u00e9fici\u00e9 de financement occulte des lobbies du p\u00e9trole se nomme <a href=\"https:\/\/www.senenews.com\/actualites\/assemblee-nationale-makhtar-diop-tacle-severement-guy-marius-sagna-et-defend-doudou-ka_427312.html\">Makhtar Diop<\/a>. Bes Bi dresse son profil.<\/p><div class=\"publi-paragraphe1\" style=\"margin-top: 10px;margin-bottom: 10px;margin-left: auto;margin-right: auto;text-align: center;\" id=\"publi-3279059994\"><div class=\"publi-adlabel\">Publicit\u00e9<\/div><script async src=\"\/\/pagead2.googlesyndication.com\/pagead\/js\/adsbygoogle.js?client=ca-pub-4089586018074219\" crossorigin=\"anonymous\"><\/script><ins class=\"adsbygoogle\" style=\"display:block;\" data-ad-client=\"ca-pub-4089586018074219\" \ndata-ad-slot=\"2087940154\" \ndata-ad-format=\"auto\"><\/ins>\n<script> \n(adsbygoogle = window.adsbygoogle || []).push({}); \n<\/script>\n<\/div>\n<p>\u00ab\u00a0La quarantaine, le d\u00e9put\u00e9 Makhtar Diop est un fervent mackyste, au sang chaud comme son mentor, Moustapha Ciss\u00e9 Lo\u00a0\u00bb, analyse le journal.<\/p>\n<p>Reconnaissable \u00e0 son embonpoint et aux grands boubous qu\u2019il pr\u00e9f\u00e8re porter, Makhtar Diop est devenu, le temps de cette mandature, l\u2019un des d\u00e9put\u00e9s les plus en vue dans les sorties contre l\u2019opposition. La mise correcte, ce jeune joufflu n\u2019est pas un \u00abnourrisson\u00bb politique. M\u00eame s\u2019il passe pour un innocent. Un\u00a0<em>\u00abbouffon\u00bb,<\/em>\u00a0pour certains. Ce colosse qui mesure environ 180 cm ne laisse pas indiff\u00e9rent.<\/p>\n<p>N\u2019avait-il pas dit qu\u2019il\u00a0<em>\u00abfallait tuer certaines personnes et ensuite les jeter \u00e0 la mer\u00bb\u00a0!<\/em>\u00a0C\u2019est lui qui accuse Ousmane Sonko d\u2019\u00eatre en intelligence avec des lobbies \u00e9trangers qui l\u2019auraient financ\u00e9 et qui le menaceraient aujourd\u2019hui, lui et sa famille. Au point que l\u2019opposant aurait demand\u00e9 protection aupr\u00e8s du chef de l\u2019Etat. Une sortie largement comment\u00e9e dans la presse. Makhtar Diop habite le quartier Gouy Mbind de Touba, \u00e0 quelques encablures de la maison du regrett\u00e9 khalife g\u00e9n\u00e9ral des mourides, Serigne Cheikh Sidy Moctar Mback\u00e9. Conseiller municipal, il est \u00e0 son deuxi\u00e8me mandat.<\/p>\n<p><strong>Op\u00e9rateur \u00e9conomique<\/strong><\/p>\n<p>L\u2019op\u00e9rateur \u00e9conomique \u00e0 deux \u00e9pouses est \u00abnourri\u00bb au temp\u00e9rament de son mentor en politique, Moustapha Ciss\u00e9 Lo, El Pistolero, qui l\u2019avait m\u00eame nomm\u00e9 responsable de l\u2019antenne d\u00e9centralis\u00e9e de la chambre de commerce de Diourbel \u00e0 Touba. D\u2019ailleurs, son fils a\u00een\u00e9 porte le nom de l\u2019ancienne figure de l\u2019Apr, en retrait de la politique depuis un bon moment. Il voue un grand respect \u00e0 l\u2019ex-premier vice-pr\u00e9sident de l\u2019Assembl\u00e9e nationale qu\u2019il consid\u00e8re comme un p\u00e8re.<\/p>\n<p><em>\u00abMakhtar Diop a pris du galon. Il a profit\u00e9 de sa proximit\u00e9 avec Moustapha Ciss\u00e9 Lo qui lui vouait une confiance aveugle pour rentrer dans les bonnes gr\u00e2ces de bon nombre de responsables de l\u2019Apr\u00bb<\/em>, confie un de ses camarades de parti. Cet ex-membre du Parti d\u00e9mocratique s\u00e9n\u00e9galais se positionne comme l\u2019un des plus farouches d\u00e9fenseurs du Pr\u00e9sident Macky Sall. Il n\u2019h\u00e9site pas \u00e0 aller au charbon. Mimi Tour\u00e9 en a pris pour son garde.\u00a0<em>\u00abJe ne me limiterais pas \u00e0 lui demander de nous rendre notre mandat puisqu\u2019elle n\u2019est plus des n\u00f4tres. Je lui dirais d\u2019abord de savoir raison garder. On ne peut pas d\u00e9fendre un homme et sa politique pendant plus de 10 ans et ensuite se mettre \u00e0 le critiquer ou \u00e0 le combattre juste parce qu\u2019on n\u2019a pas \u00e9t\u00e9 choisi pour occuper un poste. Elle se ridiculise. Les S\u00e9n\u00e9galaises et les S\u00e9n\u00e9galais ne tomberont pas dans son pi\u00e8ge. Ce projet de victimisation ne passera pas. Il est vou\u00e9 \u00e0 l\u2019\u00e9chec car mal pr\u00e9par\u00e9 et insens\u00e9 jusqu\u2019\u00e0 dans ses entrailles. De toutes les fa\u00e7ons, nous lui vouons \u00e9norm\u00e9ment de respect. Mais \u00e0 l\u2019assembl\u00e9e, elle nous aura sur son chemin\u00bb,<\/em>\u00a0avait-il promis \u00e0 la t\u00eate de liste de Benno bokk yaakaar aux derni\u00e8res L\u00e9gislatives. Mimi ne restera pas longtemps \u00e0 l\u2019Assembl\u00e9e\u00a0!<\/p>\n<p><strong>Plus qu\u2019un ap\u00e9riste, un Mackyste<\/strong><\/p>\n<p>C\u2019est que Makhtar Diop n\u2019est pas qu\u2019ap\u00e9riste. Et c\u2019\u00e9tait presque le Massaly des jeunesses wadistes. Puisqu\u2019il a longtemps dirig\u00e9 la Convergence des jeunes mackystes (Cojem. Son activisme m\u00e9diatique lui a valu d\u2019ailleurs le poste de charg\u00e9 de mission \u00e0 la Pr\u00e9sidence de la R\u00e9publique.\u00a0 Tr\u00e8s enclin \u00e0 d\u00e9v\u00eatir ses habits pour en d\u00e9coudre avec les contempteurs de son mentor, ce jeune, la quarantaine, est pr\u00e9sent\u00e9 par certains comme <em>\u00abun bouffon\u00bb.\u00a0<\/em><\/p>\n<p>Mais qu\u2019est-ce qu\u2019il sait o\u00f9 il va\u00a0! Devenu d\u00e9put\u00e9 \u00e0 la faveur du d\u00e9sistement du ministre conseiller Cheikh Abdoul Ahad Mback\u00e9 Ga\u00efnd\u00e9 Fatma, le candidat malheureux \u00e0 la pr\u00e9sidence du Conseil d\u00e9partemental de Mback\u00e9 d\u00e9gage le respect. Il fait de la reddition des comptes son dada. Pour cette session ordinaire de l\u2019Assembl\u00e9e nationale, il dit avoir sillonn\u00e9 les communes de l\u2019ensemble du d\u00e9partement pour recueillir les dol\u00e9ances des populations et les porter \u00e0 la connaissance des ministres. Makhtar Diop rentre dans l\u2019histoire. A sa mani\u00e8re. Puisque ses accusations commencent \u00e0 prendre de\u2026 l\u2019embonpoint.<\/p>\n<p>Source: Senenews<\/p>\n<div class=\"publi-apres-le-contenu\" style=\"margin-top: 10px;margin-bottom: 10px;margin-left: auto;margin-right: auto;text-align: center;\" id=\"publi-2037194131\"><div class=\"publi-adlabel\">Publicit\u00e9<\/div><script async src=\"\/\/pagead2.googlesyndication.com\/pagead\/js\/adsbygoogle.js?client=ca-pub-4089586018074219\" crossorigin=\"anonymous\"><\/script><ins class=\"adsbygoogle\" style=\"display:block;\" data-ad-client=\"ca-pub-4089586018074219\" \ndata-ad-slot=\"2087940154\" \ndata-ad-format=\"auto\"><\/ins>\n<script> \n(adsbygoogle = window.adsbygoogle || []).push({}); \n<\/script>\n<\/div>","protected":false},"excerpt":{"rendered":"<p>Le d\u00e9put\u00e9 de Touba qui accuse Sonko d\u2019avoir b\u00e9n\u00e9fici\u00e9 de financement occulte des lobbies du p\u00e9trole se nomme Makhtar Diop. Bes Bi dresse son profil. \u00ab\u00a0La quarantaine, le d\u00e9put\u00e9 Makhtar Diop est un fervent mackyste, au sang chaud comme son mentor, Moustapha Ciss\u00e9 Lo\u00a0\u00bb, analyse le journal. Reconnaissable \u00e0 son embonpoint et aux grands boubous qu\u2019il pr\u00e9f\u00e8re porter, Makhtar Diop est devenu, le temps de cette mandature, l\u2019un des d\u00e9put\u00e9s les plus en vue dans les sorties contre l\u2019opposition. La mise correcte, ce jeune joufflu n\u2019est pas un \u00abnourrisson\u00bb politique. M\u00eame s\u2019il passe pour un innocent. Un\u00a0\u00abbouffon\u00bb,\u00a0pour certains. Ce colosse qui mesure environ 180 cm ne laisse pas indiff\u00e9rent. N\u2019avait-il pas dit qu\u2019il\u00a0\u00abfallait tuer certaines personnes et ensuite les jeter \u00e0 la mer\u00bb\u00a0!\u00a0C\u2019est lui qui accuse Ousmane Sonko d\u2019\u00eatre en intelligence avec des lobbies \u00e9trangers qui l\u2019auraient financ\u00e9 et qui le menaceraient aujourd\u2019hui, lui et sa famille. Au point que l\u2019opposant aurait demand\u00e9 protection aupr\u00e8s du chef de l\u2019Etat. Une sortie largement comment\u00e9e dans la presse. Makhtar Diop habite le quartier Gouy Mbind de Touba, \u00e0 quelques encablures de la maison du regrett\u00e9 khalife g\u00e9n\u00e9ral des mourides, Serigne Cheikh Sidy Moctar Mback\u00e9. Conseiller municipal, il est \u00e0 son deuxi\u00e8me mandat. Op\u00e9rateur \u00e9conomique L\u2019op\u00e9rateur \u00e9conomique \u00e0 deux \u00e9pouses est \u00abnourri\u00bb au temp\u00e9rament de son mentor en politique, Moustapha Ciss\u00e9 Lo, El Pistolero, qui l\u2019avait m\u00eame nomm\u00e9 responsable de l\u2019antenne d\u00e9centralis\u00e9e de la chambre de commerce de Diourbel \u00e0 Touba. D\u2019ailleurs, son fils a\u00een\u00e9 porte le nom de l\u2019ancienne figure de l\u2019Apr, en retrait de la politique depuis un bon moment. Il voue un grand respect \u00e0 l\u2019ex-premier vice-pr\u00e9sident de l\u2019Assembl\u00e9e nationale qu\u2019il consid\u00e8re comme un p\u00e8re. \u00abMakhtar Diop a pris du galon. Il a profit\u00e9 de sa proximit\u00e9 avec Moustapha Ciss\u00e9 Lo qui lui vouait une confiance aveugle pour rentrer dans les bonnes gr\u00e2ces de bon nombre de responsables de l\u2019Apr\u00bb, confie un de ses camarades de parti. Cet ex-membre du Parti d\u00e9mocratique s\u00e9n\u00e9galais se positionne comme l\u2019un des plus farouches d\u00e9fenseurs du Pr\u00e9sident Macky Sall. Il n\u2019h\u00e9site pas \u00e0 aller au charbon. Mimi Tour\u00e9 en a pris pour son garde.\u00a0\u00abJe ne me limiterais pas \u00e0 lui demander de nous rendre notre mandat puisqu\u2019elle n\u2019est plus des n\u00f4tres. Je lui dirais d\u2019abord de savoir raison garder. On ne peut pas d\u00e9fendre un homme et sa politique pendant plus de 10 ans et ensuite se mettre \u00e0 le critiquer ou \u00e0 le combattre juste parce qu\u2019on n\u2019a pas \u00e9t\u00e9 choisi pour occuper un poste. Elle se ridiculise. Les S\u00e9n\u00e9galaises et les S\u00e9n\u00e9galais ne tomberont pas dans son pi\u00e8ge. Ce projet de victimisation ne passera pas. Il est vou\u00e9 \u00e0 l\u2019\u00e9chec car mal pr\u00e9par\u00e9 et insens\u00e9 jusqu\u2019\u00e0 dans ses entrailles. De toutes les fa\u00e7ons, nous lui vouons \u00e9norm\u00e9ment de respect. Mais \u00e0 l\u2019assembl\u00e9e, elle nous aura sur son chemin\u00bb,\u00a0avait-il promis \u00e0 la t\u00eate de liste de Benno bokk yaakaar aux derni\u00e8res L\u00e9gislatives. Mimi ne restera pas longtemps \u00e0 l\u2019Assembl\u00e9e\u00a0! Plus qu\u2019un ap\u00e9riste, un Mackyste C\u2019est que Makhtar Diop n\u2019est pas qu\u2019ap\u00e9riste. Et c\u2019\u00e9tait presque le Massaly des jeunesses wadistes. Puisqu\u2019il a longtemps dirig\u00e9 la Convergence des jeunes mackystes (Cojem. Son activisme m\u00e9diatique lui a valu d\u2019ailleurs le poste de charg\u00e9 de mission \u00e0 la Pr\u00e9sidence de la R\u00e9publique.\u00a0 Tr\u00e8s enclin \u00e0 d\u00e9v\u00eatir ses habits pour en d\u00e9coudre avec les contempteurs de son mentor, ce jeune, la quarantaine, est pr\u00e9sent\u00e9 par certains comme \u00abun bouffon\u00bb.\u00a0 Mais qu\u2019est-ce qu\u2019il sait o\u00f9 il va\u00a0! Devenu d\u00e9put\u00e9 \u00e0 la faveur du d\u00e9sistement du ministre conseiller Cheikh Abdoul Ahad Mback\u00e9 Ga\u00efnd\u00e9 Fatma, le candidat malheureux \u00e0 la pr\u00e9sidence du Conseil d\u00e9partemental de Mback\u00e9 d\u00e9gage le respect. Il fait de la reddition des comptes son dada. Pour cette session ordinaire de l\u2019Assembl\u00e9e nationale, il dit avoir sillonn\u00e9 les communes de l\u2019ensemble du d\u00e9partement pour recueillir les dol\u00e9ances des populations et les porter \u00e0 la connaissance des ministres. Makhtar Diop rentre dans l\u2019histoire. A sa mani\u00e8re. Puisque ses accusations commencent \u00e0 prendre de\u2026 l\u2019embonpoint. Source: Senenews<\/p>\n","protected":false},"author":7,"featured_media":29196,"comment_status":"open","ping_status":"open","sticky":false,"template":"","format":"standard","meta":{"_jetpack_memberships_contains_paid_content":false,"footnotes":""},"categories":[375,3,1,372],"tags":[],"class_list":["post-29195","post","type-post","status-publish","format-standard","has-post-thumbnail","hentry","category-actualites","category-politique","category-non-classe","category-vedette","entry","has-media","owp-thumbs-layout-horizontal","owp-btn-normal","owp-tabs-layout-horizontal","has-no-thumbnails","has-product-nav"],"yoast_head":"<!-- This site is optimized with the Yoast SEO plugin v25.5 - https:\/\/yoast.com\/wordpress\/plugins\/seo\/ -->\n<title>Qui est le d\u00e9put\u00e9 Makhtar Diop, l\u2019accusateur de Ousmane Sonko ? - LE PUBLIC<\/title>\n<meta name=\"robots\" content=\"index, follow, max-snippet:-1, max-image-preview:large, max-video-preview:-1\" \/>\n<link rel=\"canonical\" href=\"https:\/\/www.public.sn\/index.php\/2023\/12\/09\/qui-est-le-depute-makhtar-diop-laccusateur-de-ousmane-sonko\/\" \/>\n<meta property=\"og:locale\" content=\"fr_FR\" \/>\n<meta property=\"og:type\" content=\"article\" \/>\n<meta property=\"og:title\" content=\"Qui est le d\u00e9put\u00e9 Makhtar Diop, l\u2019accusateur de Ousmane Sonko ? - LE PUBLIC\" \/>\n<meta property=\"og:description\" content=\"Le d\u00e9put\u00e9 de Touba qui accuse Sonko d\u2019avoir b\u00e9n\u00e9fici\u00e9 de financement occulte des lobbies du p\u00e9trole se nomme Makhtar Diop. Bes Bi dresse son profil. \u00ab\u00a0La quarantaine, le d\u00e9put\u00e9 Makhtar Diop est un fervent mackyste, au sang chaud comme son mentor, Moustapha Ciss\u00e9 Lo\u00a0\u00bb, analyse le journal. Reconnaissable \u00e0 son embonpoint et aux grands boubous qu\u2019il pr\u00e9f\u00e8re porter, Makhtar Diop est devenu, le temps de cette mandature, l\u2019un des d\u00e9put\u00e9s les plus en vue dans les sorties contre l\u2019opposition. La mise correcte, ce jeune joufflu n\u2019est pas un \u00abnourrisson\u00bb politique. M\u00eame s\u2019il passe pour un innocent. Un\u00a0\u00abbouffon\u00bb,\u00a0pour certains. Ce colosse qui mesure environ 180 cm ne laisse pas indiff\u00e9rent. N\u2019avait-il pas dit qu\u2019il\u00a0\u00abfallait tuer certaines personnes et ensuite les jeter \u00e0 la mer\u00bb\u00a0!\u00a0C\u2019est lui qui accuse Ousmane Sonko d\u2019\u00eatre en intelligence avec des lobbies \u00e9trangers qui l\u2019auraient financ\u00e9 et qui le menaceraient aujourd\u2019hui, lui et sa famille. Au point que l\u2019opposant aurait demand\u00e9 protection aupr\u00e8s du chef de l\u2019Etat. Une sortie largement comment\u00e9e dans la presse. Makhtar Diop habite le quartier Gouy Mbind de Touba, \u00e0 quelques encablures de la maison du regrett\u00e9 khalife g\u00e9n\u00e9ral des mourides, Serigne Cheikh Sidy Moctar Mback\u00e9. Conseiller municipal, il est \u00e0 son deuxi\u00e8me mandat. Op\u00e9rateur \u00e9conomique L\u2019op\u00e9rateur \u00e9conomique \u00e0 deux \u00e9pouses est \u00abnourri\u00bb au temp\u00e9rament de son mentor en politique, Moustapha Ciss\u00e9 Lo, El Pistolero, qui l\u2019avait m\u00eame nomm\u00e9 responsable de l\u2019antenne d\u00e9centralis\u00e9e de la chambre de commerce de Diourbel \u00e0 Touba. D\u2019ailleurs, son fils a\u00een\u00e9 porte le nom de l\u2019ancienne figure de l\u2019Apr, en retrait de la politique depuis un bon moment. Il voue un grand respect \u00e0 l\u2019ex-premier vice-pr\u00e9sident de l\u2019Assembl\u00e9e nationale qu\u2019il consid\u00e8re comme un p\u00e8re. \u00abMakhtar Diop a pris du galon. Il a profit\u00e9 de sa proximit\u00e9 avec Moustapha Ciss\u00e9 Lo qui lui vouait une confiance aveugle pour rentrer dans les bonnes gr\u00e2ces de bon nombre de responsables de l\u2019Apr\u00bb, confie un de ses camarades de parti. Cet ex-membre du Parti d\u00e9mocratique s\u00e9n\u00e9galais se positionne comme l\u2019un des plus farouches d\u00e9fenseurs du Pr\u00e9sident Macky Sall. Il n\u2019h\u00e9site pas \u00e0 aller au charbon. Mimi Tour\u00e9 en a pris pour son garde.\u00a0\u00abJe ne me limiterais pas \u00e0 lui demander de nous rendre notre mandat puisqu\u2019elle n\u2019est plus des n\u00f4tres. Je lui dirais d\u2019abord de savoir raison garder. On ne peut pas d\u00e9fendre un homme et sa politique pendant plus de 10 ans et ensuite se mettre \u00e0 le critiquer ou \u00e0 le combattre juste parce qu\u2019on n\u2019a pas \u00e9t\u00e9 choisi pour occuper un poste. Elle se ridiculise. Les S\u00e9n\u00e9galaises et les S\u00e9n\u00e9galais ne tomberont pas dans son pi\u00e8ge. Ce projet de victimisation ne passera pas. Il est vou\u00e9 \u00e0 l\u2019\u00e9chec car mal pr\u00e9par\u00e9 et insens\u00e9 jusqu\u2019\u00e0 dans ses entrailles. De toutes les fa\u00e7ons, nous lui vouons \u00e9norm\u00e9ment de respect. Mais \u00e0 l\u2019assembl\u00e9e, elle nous aura sur son chemin\u00bb,\u00a0avait-il promis \u00e0 la t\u00eate de liste de Benno bokk yaakaar aux derni\u00e8res L\u00e9gislatives. Mimi ne restera pas longtemps \u00e0 l\u2019Assembl\u00e9e\u00a0! Plus qu\u2019un ap\u00e9riste, un Mackyste C\u2019est que Makhtar Diop n\u2019est pas qu\u2019ap\u00e9riste. Et c\u2019\u00e9tait presque le Massaly des jeunesses wadistes. Puisqu\u2019il a longtemps dirig\u00e9 la Convergence des jeunes mackystes (Cojem. Son activisme m\u00e9diatique lui a valu d\u2019ailleurs le poste de charg\u00e9 de mission \u00e0 la Pr\u00e9sidence de la R\u00e9publique.\u00a0 Tr\u00e8s enclin \u00e0 d\u00e9v\u00eatir ses habits pour en d\u00e9coudre avec les contempteurs de son mentor, ce jeune, la quarantaine, est pr\u00e9sent\u00e9 par certains comme \u00abun bouffon\u00bb.\u00a0 Mais qu\u2019est-ce qu\u2019il sait o\u00f9 il va\u00a0! Devenu d\u00e9put\u00e9 \u00e0 la faveur du d\u00e9sistement du ministre conseiller Cheikh Abdoul Ahad Mback\u00e9 Ga\u00efnd\u00e9 Fatma, le candidat malheureux \u00e0 la pr\u00e9sidence du Conseil d\u00e9partemental de Mback\u00e9 d\u00e9gage le respect. Il fait de la reddition des comptes son dada. Pour cette session ordinaire de l\u2019Assembl\u00e9e nationale, il dit avoir sillonn\u00e9 les communes de l\u2019ensemble du d\u00e9partement pour recueillir les dol\u00e9ances des populations et les porter \u00e0 la connaissance des ministres. Makhtar Diop rentre dans l\u2019histoire. A sa mani\u00e8re. Puisque ses accusations commencent \u00e0 prendre de\u2026 l\u2019embonpoint. Source: Senenews\" \/>\n<meta property=\"og:url\" content=\"https:\/\/www.public.sn\/index.php\/2023\/12\/09\/qui-est-le-depute-makhtar-diop-laccusateur-de-ousmane-sonko\/\" \/>\n<meta property=\"og:site_name\" content=\"LE PUBLIC\" \/>\n<meta property=\"article:published_time\" content=\"2023-12-09T10:03:36+00:00\" \/>\n<meta property=\"og:image\" content=\"https:\/\/www.public.sn\/wp-content\/uploads\/2023\/12\/diop-755-750x375-1-696x348-1.jpeg\" \/>\n\t<meta property=\"og:image:width\" content=\"696\" \/>\n\t<meta property=\"og:image:height\" content=\"348\" \/>\n\t<meta property=\"og:image:type\" content=\"image\/jpeg\" \/>\n<meta name=\"author\" content=\"LA REDACTION\" \/>\n<meta name=\"twitter:card\" content=\"summary_large_image\" \/>\n<meta name=\"twitter:label1\" content=\"\u00c9crit par\" \/>\n\t<meta name=\"twitter:data1\" content=\"LA REDACTION\" \/>\n\t<meta name=\"twitter:label2\" content=\"Dur\u00e9e de lecture estim\u00e9e\" \/>\n\t<meta name=\"twitter:data2\" content=\"4 minutes\" \/>\n<script type=\"application\/ld+json\" class=\"yoast-schema-graph\">{\"@context\":\"https:\/\/schema.org\",\"@graph\":[{\"@type\":\"Article\",\"@id\":\"https:\/\/www.public.sn\/index.php\/2023\/12\/09\/qui-est-le-depute-makhtar-diop-laccusateur-de-ousmane-sonko\/#article\",\"isPartOf\":{\"@id\":\"https:\/\/www.public.sn\/index.php\/2023\/12\/09\/qui-est-le-depute-makhtar-diop-laccusateur-de-ousmane-sonko\/\"},\"author\":{\"name\":\"LA REDACTION\",\"@id\":\"https:\/\/www.public.sn\/#\/schema\/person\/cb76c8e1b8becc6be61fb5e92d6d0224\"},\"headline\":\"Qui est le d\u00e9put\u00e9 Makhtar Diop, l\u2019accusateur de Ousmane Sonko ?\",\"datePublished\":\"2023-12-09T10:03:36+00:00\",\"mainEntityOfPage\":{\"@id\":\"https:\/\/www.public.sn\/index.php\/2023\/12\/09\/qui-est-le-depute-makhtar-diop-laccusateur-de-ousmane-sonko\/\"},\"wordCount\":767,\"commentCount\":0,\"publisher\":{\"@id\":\"https:\/\/www.public.sn\/#organization\"},\"image\":{\"@id\":\"https:\/\/www.public.sn\/index.php\/2023\/12\/09\/qui-est-le-depute-makhtar-diop-laccusateur-de-ousmane-sonko\/#primaryimage\"},\"thumbnailUrl\":\"https:\/\/www.public.sn\/wp-content\/uploads\/2023\/12\/diop-755-750x375-1-696x348-1.jpeg\",\"articleSection\":[\"ACTUALIT\u00c9S\",\"POLITIQUE\",\"S\u00c9N\u00c9GAL\",\"VEDETTE\"],\"inLanguage\":\"fr-FR\",\"potentialAction\":[{\"@type\":\"CommentAction\",\"name\":\"Comment\",\"target\":[\"https:\/\/www.public.sn\/index.php\/2023\/12\/09\/qui-est-le-depute-makhtar-diop-laccusateur-de-ousmane-sonko\/#respond\"]}]},{\"@type\":\"WebPage\",\"@id\":\"https:\/\/www.public.sn\/index.php\/2023\/12\/09\/qui-est-le-depute-makhtar-diop-laccusateur-de-ousmane-sonko\/\",\"url\":\"https:\/\/www.public.sn\/index.php\/2023\/12\/09\/qui-est-le-depute-makhtar-diop-laccusateur-de-ousmane-sonko\/\",\"name\":\"Qui est le d\u00e9put\u00e9 Makhtar Diop, l\u2019accusateur de Ousmane Sonko ? - LE PUBLIC\",\"isPartOf\":{\"@id\":\"https:\/\/www.public.sn\/#website\"},\"primaryImageOfPage\":{\"@id\":\"https:\/\/www.public.sn\/index.php\/2023\/12\/09\/qui-est-le-depute-makhtar-diop-laccusateur-de-ousmane-sonko\/#primaryimage\"},\"image\":{\"@id\":\"https:\/\/www.public.sn\/index.php\/2023\/12\/09\/qui-est-le-depute-makhtar-diop-laccusateur-de-ousmane-sonko\/#primaryimage\"},\"thumbnailUrl\":\"https:\/\/www.public.sn\/wp-content\/uploads\/2023\/12\/diop-755-750x375-1-696x348-1.jpeg\",\"datePublished\":\"2023-12-09T10:03:36+00:00\",\"breadcrumb\":{\"@id\":\"https:\/\/www.public.sn\/index.php\/2023\/12\/09\/qui-est-le-depute-makhtar-diop-laccusateur-de-ousmane-sonko\/#breadcrumb\"},\"inLanguage\":\"fr-FR\",\"potentialAction\":[{\"@type\":\"ReadAction\",\"target\":[\"https:\/\/www.public.sn\/index.php\/2023\/12\/09\/qui-est-le-depute-makhtar-diop-laccusateur-de-ousmane-sonko\/\"]}]},{\"@type\":\"ImageObject\",\"inLanguage\":\"fr-FR\",\"@id\":\"https:\/\/www.public.sn\/index.php\/2023\/12\/09\/qui-est-le-depute-makhtar-diop-laccusateur-de-ousmane-sonko\/#primaryimage\",\"url\":\"https:\/\/www.public.sn\/wp-content\/uploads\/2023\/12\/diop-755-750x375-1-696x348-1.jpeg\",\"contentUrl\":\"https:\/\/www.public.sn\/wp-content\/uploads\/2023\/12\/diop-755-750x375-1-696x348-1.jpeg\",\"width\":696,\"height\":348},{\"@type\":\"BreadcrumbList\",\"@id\":\"https:\/\/www.public.sn\/index.php\/2023\/12\/09\/qui-est-le-depute-makhtar-diop-laccusateur-de-ousmane-sonko\/#breadcrumb\",\"itemListElement\":[{\"@type\":\"ListItem\",\"position\":1,\"name\":\"Accueil\",\"item\":\"https:\/\/www.public.sn\/\"},{\"@type\":\"ListItem\",\"position\":2,\"name\":\"Qui est le d\u00e9put\u00e9 Makhtar Diop, l\u2019accusateur de Ousmane Sonko ?\"}]},{\"@type\":\"WebSite\",\"@id\":\"https:\/\/www.public.sn\/#website\",\"url\":\"https:\/\/www.public.sn\/\",\"name\":\"LE PUBLIC\",\"description\":\"\",\"publisher\":{\"@id\":\"https:\/\/www.public.sn\/#organization\"},\"potentialAction\":[{\"@type\":\"SearchAction\",\"target\":{\"@type\":\"EntryPoint\",\"urlTemplate\":\"https:\/\/www.public.sn\/?s={search_term_string}\"},\"query-input\":{\"@type\":\"PropertyValueSpecification\",\"valueRequired\":true,\"valueName\":\"search_term_string\"}}],\"inLanguage\":\"fr-FR\"},{\"@type\":\"Organization\",\"@id\":\"https:\/\/www.public.sn\/#organization\",\"name\":\"LE PUBLIC\",\"url\":\"https:\/\/www.public.sn\/\",\"logo\":{\"@type\":\"ImageObject\",\"inLanguage\":\"fr-FR\",\"@id\":\"https:\/\/www.public.sn\/#\/schema\/logo\/image\/\",\"url\":\"https:\/\/www.public.sn\/wp-content\/uploads\/2024\/05\/cropped-LOGO-PUBLIC.SN_.png\",\"contentUrl\":\"https:\/\/www.public.sn\/wp-content\/uploads\/2024\/05\/cropped-LOGO-PUBLIC.SN_.png\",\"width\":682,\"height\":192,\"caption\":\"LE PUBLIC\"},\"image\":{\"@id\":\"https:\/\/www.public.sn\/#\/schema\/logo\/image\/\"}},{\"@type\":\"Person\",\"@id\":\"https:\/\/www.public.sn\/#\/schema\/person\/cb76c8e1b8becc6be61fb5e92d6d0224\",\"name\":\"LA REDACTION\",\"image\":{\"@type\":\"ImageObject\",\"inLanguage\":\"fr-FR\",\"@id\":\"https:\/\/www.public.sn\/#\/schema\/person\/image\/\",\"url\":\"https:\/\/secure.gravatar.com\/avatar\/2dce5ddd34b8fef0180efe03aa2a9bee7d953856048f9a16b298190a3178407c?s=96&d=mm&r=g\",\"contentUrl\":\"https:\/\/secure.gravatar.com\/avatar\/2dce5ddd34b8fef0180efe03aa2a9bee7d953856048f9a16b298190a3178407c?s=96&d=mm&r=g\",\"caption\":\"LA REDACTION\"},\"url\":\"https:\/\/www.public.sn\/index.php\/author\/editeurpsn\/\"}]}<\/script>\n<!-- \/ Yoast SEO plugin. -->","yoast_head_json":{"title":"Qui est le d\u00e9put\u00e9 Makhtar Diop, l\u2019accusateur de Ousmane Sonko ? - LE PUBLIC","robots":{"index":"index","follow":"follow","max-snippet":"max-snippet:-1","max-image-preview":"max-image-preview:large","max-video-preview":"max-video-preview:-1"},"canonical":"https:\/\/www.public.sn\/index.php\/2023\/12\/09\/qui-est-le-depute-makhtar-diop-laccusateur-de-ousmane-sonko\/","og_locale":"fr_FR","og_type":"article","og_title":"Qui est le d\u00e9put\u00e9 Makhtar Diop, l\u2019accusateur de Ousmane Sonko ? - LE PUBLIC","og_description":"Le d\u00e9put\u00e9 de Touba qui accuse Sonko d\u2019avoir b\u00e9n\u00e9fici\u00e9 de financement occulte des lobbies du p\u00e9trole se nomme Makhtar Diop. Bes Bi dresse son profil. \u00ab\u00a0La quarantaine, le d\u00e9put\u00e9 Makhtar Diop est un fervent mackyste, au sang chaud comme son mentor, Moustapha Ciss\u00e9 Lo\u00a0\u00bb, analyse le journal. Reconnaissable \u00e0 son embonpoint et aux grands boubous qu\u2019il pr\u00e9f\u00e8re porter, Makhtar Diop est devenu, le temps de cette mandature, l\u2019un des d\u00e9put\u00e9s les plus en vue dans les sorties contre l\u2019opposition. La mise correcte, ce jeune joufflu n\u2019est pas un \u00abnourrisson\u00bb politique. M\u00eame s\u2019il passe pour un innocent. Un\u00a0\u00abbouffon\u00bb,\u00a0pour certains. Ce colosse qui mesure environ 180 cm ne laisse pas indiff\u00e9rent. N\u2019avait-il pas dit qu\u2019il\u00a0\u00abfallait tuer certaines personnes et ensuite les jeter \u00e0 la mer\u00bb\u00a0!\u00a0C\u2019est lui qui accuse Ousmane Sonko d\u2019\u00eatre en intelligence avec des lobbies \u00e9trangers qui l\u2019auraient financ\u00e9 et qui le menaceraient aujourd\u2019hui, lui et sa famille. Au point que l\u2019opposant aurait demand\u00e9 protection aupr\u00e8s du chef de l\u2019Etat. Une sortie largement comment\u00e9e dans la presse. Makhtar Diop habite le quartier Gouy Mbind de Touba, \u00e0 quelques encablures de la maison du regrett\u00e9 khalife g\u00e9n\u00e9ral des mourides, Serigne Cheikh Sidy Moctar Mback\u00e9. Conseiller municipal, il est \u00e0 son deuxi\u00e8me mandat. Op\u00e9rateur \u00e9conomique L\u2019op\u00e9rateur \u00e9conomique \u00e0 deux \u00e9pouses est \u00abnourri\u00bb au temp\u00e9rament de son mentor en politique, Moustapha Ciss\u00e9 Lo, El Pistolero, qui l\u2019avait m\u00eame nomm\u00e9 responsable de l\u2019antenne d\u00e9centralis\u00e9e de la chambre de commerce de Diourbel \u00e0 Touba. D\u2019ailleurs, son fils a\u00een\u00e9 porte le nom de l\u2019ancienne figure de l\u2019Apr, en retrait de la politique depuis un bon moment. Il voue un grand respect \u00e0 l\u2019ex-premier vice-pr\u00e9sident de l\u2019Assembl\u00e9e nationale qu\u2019il consid\u00e8re comme un p\u00e8re. \u00abMakhtar Diop a pris du galon. Il a profit\u00e9 de sa proximit\u00e9 avec Moustapha Ciss\u00e9 Lo qui lui vouait une confiance aveugle pour rentrer dans les bonnes gr\u00e2ces de bon nombre de responsables de l\u2019Apr\u00bb, confie un de ses camarades de parti. Cet ex-membre du Parti d\u00e9mocratique s\u00e9n\u00e9galais se positionne comme l\u2019un des plus farouches d\u00e9fenseurs du Pr\u00e9sident Macky Sall. Il n\u2019h\u00e9site pas \u00e0 aller au charbon. Mimi Tour\u00e9 en a pris pour son garde.\u00a0\u00abJe ne me limiterais pas \u00e0 lui demander de nous rendre notre mandat puisqu\u2019elle n\u2019est plus des n\u00f4tres. Je lui dirais d\u2019abord de savoir raison garder. On ne peut pas d\u00e9fendre un homme et sa politique pendant plus de 10 ans et ensuite se mettre \u00e0 le critiquer ou \u00e0 le combattre juste parce qu\u2019on n\u2019a pas \u00e9t\u00e9 choisi pour occuper un poste. Elle se ridiculise. Les S\u00e9n\u00e9galaises et les S\u00e9n\u00e9galais ne tomberont pas dans son pi\u00e8ge. Ce projet de victimisation ne passera pas. Il est vou\u00e9 \u00e0 l\u2019\u00e9chec car mal pr\u00e9par\u00e9 et insens\u00e9 jusqu\u2019\u00e0 dans ses entrailles. De toutes les fa\u00e7ons, nous lui vouons \u00e9norm\u00e9ment de respect. Mais \u00e0 l\u2019assembl\u00e9e, elle nous aura sur son chemin\u00bb,\u00a0avait-il promis \u00e0 la t\u00eate de liste de Benno bokk yaakaar aux derni\u00e8res L\u00e9gislatives. Mimi ne restera pas longtemps \u00e0 l\u2019Assembl\u00e9e\u00a0! Plus qu\u2019un ap\u00e9riste, un Mackyste C\u2019est que Makhtar Diop n\u2019est pas qu\u2019ap\u00e9riste. Et c\u2019\u00e9tait presque le Massaly des jeunesses wadistes. Puisqu\u2019il a longtemps dirig\u00e9 la Convergence des jeunes mackystes (Cojem. Son activisme m\u00e9diatique lui a valu d\u2019ailleurs le poste de charg\u00e9 de mission \u00e0 la Pr\u00e9sidence de la R\u00e9publique.\u00a0 Tr\u00e8s enclin \u00e0 d\u00e9v\u00eatir ses habits pour en d\u00e9coudre avec les contempteurs de son mentor, ce jeune, la quarantaine, est pr\u00e9sent\u00e9 par certains comme \u00abun bouffon\u00bb.\u00a0 Mais qu\u2019est-ce qu\u2019il sait o\u00f9 il va\u00a0! Devenu d\u00e9put\u00e9 \u00e0 la faveur du d\u00e9sistement du ministre conseiller Cheikh Abdoul Ahad Mback\u00e9 Ga\u00efnd\u00e9 Fatma, le candidat malheureux \u00e0 la pr\u00e9sidence du Conseil d\u00e9partemental de Mback\u00e9 d\u00e9gage le respect. Il fait de la reddition des comptes son dada. Pour cette session ordinaire de l\u2019Assembl\u00e9e nationale, il dit avoir sillonn\u00e9 les communes de l\u2019ensemble du d\u00e9partement pour recueillir les dol\u00e9ances des populations et les porter \u00e0 la connaissance des ministres. Makhtar Diop rentre dans l\u2019histoire. A sa mani\u00e8re. Puisque ses accusations commencent \u00e0 prendre de\u2026 l\u2019embonpoint. Source: Senenews","og_url":"https:\/\/www.public.sn\/index.php\/2023\/12\/09\/qui-est-le-depute-makhtar-diop-laccusateur-de-ousmane-sonko\/","og_site_name":"LE PUBLIC","article_published_time":"2023-12-09T10:03:36+00:00","og_image":[{"width":696,"height":348,"url":"https:\/\/www.public.sn\/wp-content\/uploads\/2023\/12\/diop-755-750x375-1-696x348-1.jpeg","type":"image\/jpeg"}],"author":"LA REDACTION","twitter_card":"summary_large_image","twitter_misc":{"\u00c9crit par":"LA REDACTION","Dur\u00e9e de lecture estim\u00e9e":"4 minutes"},"schema":{"@context":"https:\/\/schema.org","@graph":[{"@type":"Article","@id":"https:\/\/www.public.sn\/index.php\/2023\/12\/09\/qui-est-le-depute-makhtar-diop-laccusateur-de-ousmane-sonko\/#article","isPartOf":{"@id":"https:\/\/www.public.sn\/index.php\/2023\/12\/09\/qui-est-le-depute-makhtar-diop-laccusateur-de-ousmane-sonko\/"},"author":{"name":"LA REDACTION","@id":"https:\/\/www.public.sn\/#\/schema\/person\/cb76c8e1b8becc6be61fb5e92d6d0224"},"headline":"Qui est le d\u00e9put\u00e9 Makhtar Diop, l\u2019accusateur de Ousmane Sonko ?","datePublished":"2023-12-09T10:03:36+00:00","mainEntityOfPage":{"@id":"https:\/\/www.public.sn\/index.php\/2023\/12\/09\/qui-est-le-depute-makhtar-diop-laccusateur-de-ousmane-sonko\/"},"wordCount":767,"commentCount":0,"publisher":{"@id":"https:\/\/www.public.sn\/#organization"},"image":{"@id":"https:\/\/www.public.sn\/index.php\/2023\/12\/09\/qui-est-le-depute-makhtar-diop-laccusateur-de-ousmane-sonko\/#primaryimage"},"thumbnailUrl":"https:\/\/www.public.sn\/wp-content\/uploads\/2023\/12\/diop-755-750x375-1-696x348-1.jpeg","articleSection":["ACTUALIT\u00c9S","POLITIQUE","S\u00c9N\u00c9GAL","VEDETTE"],"inLanguage":"fr-FR","potentialAction":[{"@type":"CommentAction","name":"Comment","target":["https:\/\/www.public.sn\/index.php\/2023\/12\/09\/qui-est-le-depute-makhtar-diop-laccusateur-de-ousmane-sonko\/#respond"]}]},{"@type":"WebPage","@id":"https:\/\/www.public.sn\/index.php\/2023\/12\/09\/qui-est-le-depute-makhtar-diop-laccusateur-de-ousmane-sonko\/","url":"https:\/\/www.public.sn\/index.php\/2023\/12\/09\/qui-est-le-depute-makhtar-diop-laccusateur-de-ousmane-sonko\/","name":"Qui est le d\u00e9put\u00e9 Makhtar Diop, l\u2019accusateur de Ousmane Sonko ? - LE PUBLIC","isPartOf":{"@id":"https:\/\/www.public.sn\/#website"},"primaryImageOfPage":{"@id":"https:\/\/www.public.sn\/index.php\/2023\/12\/09\/qui-est-le-depute-makhtar-diop-laccusateur-de-ousmane-sonko\/#primaryimage"},"image":{"@id":"https:\/\/www.public.sn\/index.php\/2023\/12\/09\/qui-est-le-depute-makhtar-diop-laccusateur-de-ousmane-sonko\/#primaryimage"},"thumbnailUrl":"https:\/\/www.public.sn\/wp-content\/uploads\/2023\/12\/diop-755-750x375-1-696x348-1.jpeg","datePublished":"2023-12-09T10:03:36+00:00","breadcrumb":{"@id":"https:\/\/www.public.sn\/index.php\/2023\/12\/09\/qui-est-le-depute-makhtar-diop-laccusateur-de-ousmane-sonko\/#breadcrumb"},"inLanguage":"fr-FR","potentialAction":[{"@type":"ReadAction","target":["https:\/\/www.public.sn\/index.php\/2023\/12\/09\/qui-est-le-depute-makhtar-diop-laccusateur-de-ousmane-sonko\/"]}]},{"@type":"ImageObject","inLanguage":"fr-FR","@id":"https:\/\/www.public.sn\/index.php\/2023\/12\/09\/qui-est-le-depute-makhtar-diop-laccusateur-de-ousmane-sonko\/#primaryimage","url":"https:\/\/www.public.sn\/wp-content\/uploads\/2023\/12\/diop-755-750x375-1-696x348-1.jpeg","contentUrl":"https:\/\/www.public.sn\/wp-content\/uploads\/2023\/12\/diop-755-750x375-1-696x348-1.jpeg","width":696,"height":348},{"@type":"BreadcrumbList","@id":"https:\/\/www.public.sn\/index.php\/2023\/12\/09\/qui-est-le-depute-makhtar-diop-laccusateur-de-ousmane-sonko\/#breadcrumb","itemListElement":[{"@type":"ListItem","position":1,"name":"Accueil","item":"https:\/\/www.public.sn\/"},{"@type":"ListItem","position":2,"name":"Qui est le d\u00e9put\u00e9 Makhtar Diop, l\u2019accusateur de Ousmane Sonko ?"}]},{"@type":"WebSite","@id":"https:\/\/www.public.sn\/#website","url":"https:\/\/www.public.sn\/","name":"LE PUBLIC","description":"","publisher":{"@id":"https:\/\/www.public.sn\/#organization"},"potentialAction":[{"@type":"SearchAction","target":{"@type":"EntryPoint","urlTemplate":"https:\/\/www.public.sn\/?s={search_term_string}"},"query-input":{"@type":"PropertyValueSpecification","valueRequired":true,"valueName":"search_term_string"}}],"inLanguage":"fr-FR"},{"@type":"Organization","@id":"https:\/\/www.public.sn\/#organization","name":"LE PUBLIC","url":"https:\/\/www.public.sn\/","logo":{"@type":"ImageObject","inLanguage":"fr-FR","@id":"https:\/\/www.public.sn\/#\/schema\/logo\/image\/","url":"https:\/\/www.public.sn\/wp-content\/uploads\/2024\/05\/cropped-LOGO-PUBLIC.SN_.png","contentUrl":"https:\/\/www.public.sn\/wp-content\/uploads\/2024\/05\/cropped-LOGO-PUBLIC.SN_.png","width":682,"height":192,"caption":"LE PUBLIC"},"image":{"@id":"https:\/\/www.public.sn\/#\/schema\/logo\/image\/"}},{"@type":"Person","@id":"https:\/\/www.public.sn\/#\/schema\/person\/cb76c8e1b8becc6be61fb5e92d6d0224","name":"LA REDACTION","image":{"@type":"ImageObject","inLanguage":"fr-FR","@id":"https:\/\/www.public.sn\/#\/schema\/person\/image\/","url":"https:\/\/secure.gravatar.com\/avatar\/2dce5ddd34b8fef0180efe03aa2a9bee7d953856048f9a16b298190a3178407c?s=96&d=mm&r=g","contentUrl":"https:\/\/secure.gravatar.com\/avatar\/2dce5ddd34b8fef0180efe03aa2a9bee7d953856048f9a16b298190a3178407c?s=96&d=mm&r=g","caption":"LA REDACTION"},"url":"https:\/\/www.public.sn\/index.php\/author\/editeurpsn\/"}]}},"jetpack_featured_media_url":"https:\/\/www.public.sn\/wp-content\/uploads\/2023\/12\/diop-755-750x375-1-696x348-1.jpeg","jetpack_sharing_enabled":true,"_links":{"self":[{"href":"https:\/\/www.public.sn\/index.php\/wp-json\/wp\/v2\/posts\/29195","targetHints":{"allow":["GET"]}}],"collection":[{"href":"https:\/\/www.public.sn\/index.php\/wp-json\/wp\/v2\/posts"}],"about":[{"href":"https:\/\/www.public.sn\/index.php\/wp-json\/wp\/v2\/types\/post"}],"author":[{"embeddable":true,"href":"https:\/\/www.public.sn\/index.php\/wp-json\/wp\/v2\/users\/7"}],"replies":[{"embeddable":true,"href":"https:\/\/www.public.sn\/index.php\/wp-json\/wp\/v2\/comments?post=29195"}],"version-history":[{"count":1,"href":"https:\/\/www.public.sn\/index.php\/wp-json\/wp\/v2\/posts\/29195\/revisions"}],"predecessor-version":[{"id":29197,"href":"https:\/\/www.public.sn\/index.php\/wp-json\/wp\/v2\/posts\/29195\/revisions\/29197"}],"wp:featuredmedia":[{"embeddable":true,"href":"https:\/\/www.public.sn\/index.php\/wp-json\/wp\/v2\/media\/29196"}],"wp:attachment":[{"href":"https:\/\/www.public.sn\/index.php\/wp-json\/wp\/v2\/media?parent=29195"}],"wp:term":[{"taxonomy":"category","embeddable":true,"href":"https:\/\/www.public.sn\/index.php\/wp-json\/wp\/v2\/categories?post=29195"},{"taxonomy":"post_tag","embeddable":true,"href":"https:\/\/www.public.sn\/index.php\/wp-json\/wp\/v2\/tags?post=29195"}],"curies":[{"name":"wp","href":"https:\/\/api.w.org\/{rel}","templated":true}]}}