{"id":2953,"date":"2022-09-26T20:51:45","date_gmt":"2022-09-26T20:51:45","guid":{"rendered":"https:\/\/www.public.sn\/?p=2953"},"modified":"2022-09-26T20:54:33","modified_gmt":"2022-09-26T20:54:33","slug":"omar-youm-repond-a-sonko-les-passeports-diplomatiques-sont-aussi-a-rendre-public-tv","status":"publish","type":"post","link":"https:\/\/www.public.sn\/index.php\/2022\/09\/26\/omar-youm-repond-a-sonko-les-passeports-diplomatiques-sont-aussi-a-rendre-public-tv\/","title":{"rendered":"Omar Youm r\u00e9pond \u00e0 Sonko : \u00ab\u00a0Les passeports diplomatiques sont aussi \u00e0 rendre\u00a0\u00bb (Public TV)"},"content":{"rendered":"<p><strong>Face \u00e0 la presse cet apr\u00e8s-midi du 26 Septembre 2022, juste quelques heures apr\u00e8s la d\u00e9claration des t\u00eates de fil de Y\u00e9wwi Askaan Wi, les leaders de la coalition Benno Bokk Yaakar n\u2019ont pas rat\u00e9 leur Mimi Tour\u00e9. L\u2019honorable d\u00e9put\u00e9 Omar Youm, demande \u00e0 la famille de Mimi de la raisonner. \u00ab\u00a0Sa famille devrait parler avec elle , si elle est de bonne fois aussi Avant de parler d\u2019honneur elle devrait commencer par rendre son mandat de d\u00e9put\u00e9\u00a0\u00bb .<\/strong><\/p><div class=\"publi-paragraphe1\" style=\"margin-top: 10px;margin-bottom: 10px;margin-left: auto;margin-right: auto;text-align: center;\" id=\"publi-3297550381\"><div class=\"publi-adlabel\">Publicit\u00e9<\/div><script async src=\"\/\/pagead2.googlesyndication.com\/pagead\/js\/adsbygoogle.js?client=ca-pub-4089586018074219\" crossorigin=\"anonymous\"><\/script><ins class=\"adsbygoogle\" style=\"display:block;\" data-ad-client=\"ca-pub-4089586018074219\" \ndata-ad-slot=\"2087940154\" \ndata-ad-format=\"auto\"><\/ins>\n<script> \n(adsbygoogle = window.adsbygoogle || []).push({}); \n<\/script>\n<\/div>\n<p>Le pr\u00e9sident du groupe parlementaire Benno Book Yaakar a eu aussi SONKO dans son viseur. D\u2019apr\u00e8s ses propos en parlant de la restitution de sa voiture de d\u00e9put\u00e9 et son passeport \u00ab Sonko ne fait que du populisme car apr\u00e8s 5ans de fonction les voitures sont loin d\u2019\u00eatre en bonne \u00e9tat pour \u00eatre remis \u00e0 d\u2019autres d\u00e9put\u00e9s et les passeports devraient aussi \u00eatre restitu\u00e9s.\u00bb.<\/p>\n<p><iframe title=\"Omar Youm R\u00e9pond \u00e0 Sonko: \" src=\"https:\/\/www.youtube.com\/embed\/--R13rC-wbA\" width=\"727\" height=\"409\" frameborder=\"0\" allowfullscreen=\"allowfullscreen\"><\/iframe><\/p>\n<div class=\"publi-apres-le-contenu\" style=\"margin-top: 10px;margin-bottom: 10px;margin-left: auto;margin-right: auto;text-align: center;\" id=\"publi-4282426252\"><div class=\"publi-adlabel\">Publicit\u00e9<\/div><script async src=\"\/\/pagead2.googlesyndication.com\/pagead\/js\/adsbygoogle.js?client=ca-pub-4089586018074219\" crossorigin=\"anonymous\"><\/script><ins class=\"adsbygoogle\" style=\"display:block;\" data-ad-client=\"ca-pub-4089586018074219\" \ndata-ad-slot=\"2087940154\" \ndata-ad-format=\"auto\"><\/ins>\n<script> \n(adsbygoogle = window.adsbygoogle || []).push({}); \n<\/script>\n<\/div>","protected":false},"excerpt":{"rendered":"<p>Face \u00e0 la presse cet apr\u00e8s-midi du 26 Septembre 2022, juste quelques heures apr\u00e8s la d\u00e9claration des t\u00eates de fil de Y\u00e9wwi Askaan Wi, les leaders de la coalition Benno Bokk Yaakar n\u2019ont pas rat\u00e9 leur Mimi Tour\u00e9. L\u2019honorable d\u00e9put\u00e9 Omar Youm, demande \u00e0 la famille de Mimi de la raisonner. \u00ab\u00a0Sa famille devrait parler avec elle , si elle est de bonne fois aussi Avant de parler d\u2019honneur elle devrait commencer par rendre son mandat de d\u00e9put\u00e9\u00a0\u00bb . Le pr\u00e9sident du groupe parlementaire Benno Book Yaakar a eu aussi SONKO dans son viseur. D\u2019apr\u00e8s ses propos en parlant de la restitution de sa voiture de d\u00e9put\u00e9 et son passeport \u00ab Sonko ne fait que du populisme car apr\u00e8s 5ans de fonction les voitures sont loin d\u2019\u00eatre en bonne \u00e9tat pour \u00eatre remis \u00e0 d\u2019autres d\u00e9put\u00e9s et les passeports devraient aussi \u00eatre restitu\u00e9s.\u00bb.<\/p>\n","protected":false},"author":1,"featured_media":2984,"comment_status":"open","ping_status":"open","sticky":false,"template":"","format":"standard","meta":{"_jetpack_memberships_contains_paid_content":false,"footnotes":""},"categories":[375,3,8,1,6],"tags":[12,729],"class_list":["post-2953","post","type-post","status-publish","format-standard","has-post-thumbnail","hentry","category-actualites","category-politique","category-public-tv","category-non-classe","category-videos","tag-assemblee-nationale","tag-oumar-youm","entry","has-media","owp-thumbs-layout-horizontal","owp-btn-normal","owp-tabs-layout-horizontal","has-no-thumbnails","has-product-nav"],"yoast_head":"<!-- This site is optimized with the Yoast SEO plugin v25.5 - https:\/\/yoast.com\/wordpress\/plugins\/seo\/ -->\n<title>Omar Youm r\u00e9pond \u00e0 Sonko : \u00ab\u00a0Les passeports diplomatiques sont aussi \u00e0 rendre\u00a0\u00bb (Public TV) - LE PUBLIC<\/title>\n<meta name=\"robots\" content=\"index, follow, max-snippet:-1, max-image-preview:large, max-video-preview:-1\" \/>\n<link rel=\"canonical\" href=\"https:\/\/www.public.sn\/index.php\/2022\/09\/26\/omar-youm-repond-a-sonko-les-passeports-diplomatiques-sont-aussi-a-rendre-public-tv\/\" \/>\n<meta property=\"og:locale\" content=\"fr_FR\" \/>\n<meta property=\"og:type\" content=\"article\" \/>\n<meta property=\"og:title\" content=\"Omar Youm r\u00e9pond \u00e0 Sonko : \u00ab\u00a0Les passeports diplomatiques sont aussi \u00e0 rendre\u00a0\u00bb (Public TV) - LE PUBLIC\" \/>\n<meta property=\"og:description\" content=\"Face \u00e0 la presse cet apr\u00e8s-midi du 26 Septembre 2022, juste quelques heures apr\u00e8s la d\u00e9claration des t\u00eates de fil de Y\u00e9wwi Askaan Wi, les leaders de la coalition Benno Bokk Yaakar n\u2019ont pas rat\u00e9 leur Mimi Tour\u00e9. L\u2019honorable d\u00e9put\u00e9 Omar Youm, demande \u00e0 la famille de Mimi de la raisonner. \u00ab\u00a0Sa famille devrait parler avec elle , si elle est de bonne fois aussi Avant de parler d\u2019honneur elle devrait commencer par rendre son mandat de d\u00e9put\u00e9\u00a0\u00bb . Le pr\u00e9sident du groupe parlementaire Benno Book Yaakar a eu aussi SONKO dans son viseur. D\u2019apr\u00e8s ses propos en parlant de la restitution de sa voiture de d\u00e9put\u00e9 et son passeport \u00ab Sonko ne fait que du populisme car apr\u00e8s 5ans de fonction les voitures sont loin d\u2019\u00eatre en bonne \u00e9tat pour \u00eatre remis \u00e0 d\u2019autres d\u00e9put\u00e9s et les passeports devraient aussi \u00eatre restitu\u00e9s.\u00bb.\" \/>\n<meta property=\"og:url\" content=\"https:\/\/www.public.sn\/index.php\/2022\/09\/26\/omar-youm-repond-a-sonko-les-passeports-diplomatiques-sont-aussi-a-rendre-public-tv\/\" \/>\n<meta property=\"og:site_name\" content=\"LE PUBLIC\" \/>\n<meta property=\"article:published_time\" content=\"2022-09-26T20:51:45+00:00\" \/>\n<meta property=\"article:modified_time\" content=\"2022-09-26T20:54:33+00:00\" \/>\n<meta property=\"og:image\" content=\"https:\/\/www.public.sn\/wp-content\/uploads\/2022\/09\/IMG-20220926-WA0001.jpg\" \/>\n\t<meta property=\"og:image:width\" content=\"1080\" \/>\n\t<meta property=\"og:image:height\" content=\"810\" \/>\n\t<meta property=\"og:image:type\" content=\"image\/jpeg\" \/>\n<meta name=\"author\" content=\"LA REDACTION\" \/>\n<meta name=\"twitter:card\" content=\"summary_large_image\" \/>\n<meta name=\"twitter:label1\" content=\"\u00c9crit par\" \/>\n\t<meta name=\"twitter:data1\" content=\"LA REDACTION\" \/>\n\t<meta name=\"twitter:label2\" content=\"Dur\u00e9e de lecture estim\u00e9e\" \/>\n\t<meta name=\"twitter:data2\" content=\"1 minute\" \/>\n<script type=\"application\/ld+json\" class=\"yoast-schema-graph\">{\"@context\":\"https:\/\/schema.org\",\"@graph\":[{\"@type\":\"Article\",\"@id\":\"https:\/\/www.public.sn\/index.php\/2022\/09\/26\/omar-youm-repond-a-sonko-les-passeports-diplomatiques-sont-aussi-a-rendre-public-tv\/#article\",\"isPartOf\":{\"@id\":\"https:\/\/www.public.sn\/index.php\/2022\/09\/26\/omar-youm-repond-a-sonko-les-passeports-diplomatiques-sont-aussi-a-rendre-public-tv\/\"},\"author\":{\"name\":\"LA REDACTION\",\"@id\":\"https:\/\/www.public.sn\/#\/schema\/person\/e3f4a11b037d4203902db148f9bc8d5a\"},\"headline\":\"Omar Youm r\u00e9pond \u00e0 Sonko : \u00ab\u00a0Les passeports diplomatiques sont aussi \u00e0 rendre\u00a0\u00bb (Public TV)\",\"datePublished\":\"2022-09-26T20:51:45+00:00\",\"dateModified\":\"2022-09-26T20:54:33+00:00\",\"mainEntityOfPage\":{\"@id\":\"https:\/\/www.public.sn\/index.php\/2022\/09\/26\/omar-youm-repond-a-sonko-les-passeports-diplomatiques-sont-aussi-a-rendre-public-tv\/\"},\"wordCount\":168,\"commentCount\":0,\"publisher\":{\"@id\":\"https:\/\/www.public.sn\/#organization\"},\"image\":{\"@id\":\"https:\/\/www.public.sn\/index.php\/2022\/09\/26\/omar-youm-repond-a-sonko-les-passeports-diplomatiques-sont-aussi-a-rendre-public-tv\/#primaryimage\"},\"thumbnailUrl\":\"https:\/\/www.public.sn\/wp-content\/uploads\/2022\/09\/IMG-20220926-WA0001.jpg\",\"keywords\":[\"Assembl\u00e9e Nationale\",\"Oumar Youm\"],\"articleSection\":[\"ACTUALIT\u00c9S\",\"POLITIQUE\",\"PUBLIC TV\",\"S\u00c9N\u00c9GAL\",\"VIDEOS\"],\"inLanguage\":\"fr-FR\",\"potentialAction\":[{\"@type\":\"CommentAction\",\"name\":\"Comment\",\"target\":[\"https:\/\/www.public.sn\/index.php\/2022\/09\/26\/omar-youm-repond-a-sonko-les-passeports-diplomatiques-sont-aussi-a-rendre-public-tv\/#respond\"]}]},{\"@type\":\"WebPage\",\"@id\":\"https:\/\/www.public.sn\/index.php\/2022\/09\/26\/omar-youm-repond-a-sonko-les-passeports-diplomatiques-sont-aussi-a-rendre-public-tv\/\",\"url\":\"https:\/\/www.public.sn\/index.php\/2022\/09\/26\/omar-youm-repond-a-sonko-les-passeports-diplomatiques-sont-aussi-a-rendre-public-tv\/\",\"name\":\"Omar Youm r\u00e9pond \u00e0 Sonko : \u00ab\u00a0Les passeports diplomatiques sont aussi \u00e0 rendre\u00a0\u00bb (Public TV) - LE PUBLIC\",\"isPartOf\":{\"@id\":\"https:\/\/www.public.sn\/#website\"},\"primaryImageOfPage\":{\"@id\":\"https:\/\/www.public.sn\/index.php\/2022\/09\/26\/omar-youm-repond-a-sonko-les-passeports-diplomatiques-sont-aussi-a-rendre-public-tv\/#primaryimage\"},\"image\":{\"@id\":\"https:\/\/www.public.sn\/index.php\/2022\/09\/26\/omar-youm-repond-a-sonko-les-passeports-diplomatiques-sont-aussi-a-rendre-public-tv\/#primaryimage\"},\"thumbnailUrl\":\"https:\/\/www.public.sn\/wp-content\/uploads\/2022\/09\/IMG-20220926-WA0001.jpg\",\"datePublished\":\"2022-09-26T20:51:45+00:00\",\"dateModified\":\"2022-09-26T20:54:33+00:00\",\"breadcrumb\":{\"@id\":\"https:\/\/www.public.sn\/index.php\/2022\/09\/26\/omar-youm-repond-a-sonko-les-passeports-diplomatiques-sont-aussi-a-rendre-public-tv\/#breadcrumb\"},\"inLanguage\":\"fr-FR\",\"potentialAction\":[{\"@type\":\"ReadAction\",\"target\":[\"https:\/\/www.public.sn\/index.php\/2022\/09\/26\/omar-youm-repond-a-sonko-les-passeports-diplomatiques-sont-aussi-a-rendre-public-tv\/\"]}]},{\"@type\":\"ImageObject\",\"inLanguage\":\"fr-FR\",\"@id\":\"https:\/\/www.public.sn\/index.php\/2022\/09\/26\/omar-youm-repond-a-sonko-les-passeports-diplomatiques-sont-aussi-a-rendre-public-tv\/#primaryimage\",\"url\":\"https:\/\/www.public.sn\/wp-content\/uploads\/2022\/09\/IMG-20220926-WA0001.jpg\",\"contentUrl\":\"https:\/\/www.public.sn\/wp-content\/uploads\/2022\/09\/IMG-20220926-WA0001.jpg\",\"width\":1080,\"height\":810},{\"@type\":\"BreadcrumbList\",\"@id\":\"https:\/\/www.public.sn\/index.php\/2022\/09\/26\/omar-youm-repond-a-sonko-les-passeports-diplomatiques-sont-aussi-a-rendre-public-tv\/#breadcrumb\",\"itemListElement\":[{\"@type\":\"ListItem\",\"position\":1,\"name\":\"Accueil\",\"item\":\"https:\/\/www.public.sn\/\"},{\"@type\":\"ListItem\",\"position\":2,\"name\":\"Omar Youm r\u00e9pond \u00e0 Sonko : \u00ab\u00a0Les passeports diplomatiques sont aussi \u00e0 rendre\u00a0\u00bb (Public TV)\"}]},{\"@type\":\"WebSite\",\"@id\":\"https:\/\/www.public.sn\/#website\",\"url\":\"https:\/\/www.public.sn\/\",\"name\":\"LE PUBLIC\",\"description\":\"\",\"publisher\":{\"@id\":\"https:\/\/www.public.sn\/#organization\"},\"potentialAction\":[{\"@type\":\"SearchAction\",\"target\":{\"@type\":\"EntryPoint\",\"urlTemplate\":\"https:\/\/www.public.sn\/?s={search_term_string}\"},\"query-input\":{\"@type\":\"PropertyValueSpecification\",\"valueRequired\":true,\"valueName\":\"search_term_string\"}}],\"inLanguage\":\"fr-FR\"},{\"@type\":\"Organization\",\"@id\":\"https:\/\/www.public.sn\/#organization\",\"name\":\"LE PUBLIC\",\"url\":\"https:\/\/www.public.sn\/\",\"logo\":{\"@type\":\"ImageObject\",\"inLanguage\":\"fr-FR\",\"@id\":\"https:\/\/www.public.sn\/#\/schema\/logo\/image\/\",\"url\":\"https:\/\/www.public.sn\/wp-content\/uploads\/2024\/05\/cropped-LOGO-PUBLIC.SN_.png\",\"contentUrl\":\"https:\/\/www.public.sn\/wp-content\/uploads\/2024\/05\/cropped-LOGO-PUBLIC.SN_.png\",\"width\":682,\"height\":192,\"caption\":\"LE PUBLIC\"},\"image\":{\"@id\":\"https:\/\/www.public.sn\/#\/schema\/logo\/image\/\"}},{\"@type\":\"Person\",\"@id\":\"https:\/\/www.public.sn\/#\/schema\/person\/e3f4a11b037d4203902db148f9bc8d5a\",\"name\":\"LA REDACTION\",\"image\":{\"@type\":\"ImageObject\",\"inLanguage\":\"fr-FR\",\"@id\":\"https:\/\/www.public.sn\/#\/schema\/person\/image\/\",\"url\":\"https:\/\/secure.gravatar.com\/avatar\/d6c030db45db2883c075085c5d6c6258654a801a93766b49af0b82d4f454e2a5?s=96&d=mm&r=g\",\"contentUrl\":\"https:\/\/secure.gravatar.com\/avatar\/d6c030db45db2883c075085c5d6c6258654a801a93766b49af0b82d4f454e2a5?s=96&d=mm&r=g\",\"caption\":\"LA REDACTION\"},\"sameAs\":[\"http:\/\/www.public.sn\"],\"url\":\"https:\/\/www.public.sn\/index.php\/author\/admin7324\/\"}]}<\/script>\n<!-- \/ Yoast SEO plugin. -->","yoast_head_json":{"title":"Omar Youm r\u00e9pond \u00e0 Sonko : \u00ab\u00a0Les passeports diplomatiques sont aussi \u00e0 rendre\u00a0\u00bb (Public TV) - LE PUBLIC","robots":{"index":"index","follow":"follow","max-snippet":"max-snippet:-1","max-image-preview":"max-image-preview:large","max-video-preview":"max-video-preview:-1"},"canonical":"https:\/\/www.public.sn\/index.php\/2022\/09\/26\/omar-youm-repond-a-sonko-les-passeports-diplomatiques-sont-aussi-a-rendre-public-tv\/","og_locale":"fr_FR","og_type":"article","og_title":"Omar Youm r\u00e9pond \u00e0 Sonko : \u00ab\u00a0Les passeports diplomatiques sont aussi \u00e0 rendre\u00a0\u00bb (Public TV) - LE PUBLIC","og_description":"Face \u00e0 la presse cet apr\u00e8s-midi du 26 Septembre 2022, juste quelques heures apr\u00e8s la d\u00e9claration des t\u00eates de fil de Y\u00e9wwi Askaan Wi, les leaders de la coalition Benno Bokk Yaakar n\u2019ont pas rat\u00e9 leur Mimi Tour\u00e9. L\u2019honorable d\u00e9put\u00e9 Omar Youm, demande \u00e0 la famille de Mimi de la raisonner. \u00ab\u00a0Sa famille devrait parler avec elle , si elle est de bonne fois aussi Avant de parler d\u2019honneur elle devrait commencer par rendre son mandat de d\u00e9put\u00e9\u00a0\u00bb . Le pr\u00e9sident du groupe parlementaire Benno Book Yaakar a eu aussi SONKO dans son viseur. D\u2019apr\u00e8s ses propos en parlant de la restitution de sa voiture de d\u00e9put\u00e9 et son passeport \u00ab Sonko ne fait que du populisme car apr\u00e8s 5ans de fonction les voitures sont loin d\u2019\u00eatre en bonne \u00e9tat pour \u00eatre remis \u00e0 d\u2019autres d\u00e9put\u00e9s et les passeports devraient aussi \u00eatre restitu\u00e9s.\u00bb.","og_url":"https:\/\/www.public.sn\/index.php\/2022\/09\/26\/omar-youm-repond-a-sonko-les-passeports-diplomatiques-sont-aussi-a-rendre-public-tv\/","og_site_name":"LE PUBLIC","article_published_time":"2022-09-26T20:51:45+00:00","article_modified_time":"2022-09-26T20:54:33+00:00","og_image":[{"width":1080,"height":810,"url":"https:\/\/www.public.sn\/wp-content\/uploads\/2022\/09\/IMG-20220926-WA0001.jpg","type":"image\/jpeg"}],"author":"LA REDACTION","twitter_card":"summary_large_image","twitter_misc":{"\u00c9crit par":"LA REDACTION","Dur\u00e9e de lecture estim\u00e9e":"1 minute"},"schema":{"@context":"https:\/\/schema.org","@graph":[{"@type":"Article","@id":"https:\/\/www.public.sn\/index.php\/2022\/09\/26\/omar-youm-repond-a-sonko-les-passeports-diplomatiques-sont-aussi-a-rendre-public-tv\/#article","isPartOf":{"@id":"https:\/\/www.public.sn\/index.php\/2022\/09\/26\/omar-youm-repond-a-sonko-les-passeports-diplomatiques-sont-aussi-a-rendre-public-tv\/"},"author":{"name":"LA REDACTION","@id":"https:\/\/www.public.sn\/#\/schema\/person\/e3f4a11b037d4203902db148f9bc8d5a"},"headline":"Omar Youm r\u00e9pond \u00e0 Sonko : \u00ab\u00a0Les passeports diplomatiques sont aussi \u00e0 rendre\u00a0\u00bb (Public TV)","datePublished":"2022-09-26T20:51:45+00:00","dateModified":"2022-09-26T20:54:33+00:00","mainEntityOfPage":{"@id":"https:\/\/www.public.sn\/index.php\/2022\/09\/26\/omar-youm-repond-a-sonko-les-passeports-diplomatiques-sont-aussi-a-rendre-public-tv\/"},"wordCount":168,"commentCount":0,"publisher":{"@id":"https:\/\/www.public.sn\/#organization"},"image":{"@id":"https:\/\/www.public.sn\/index.php\/2022\/09\/26\/omar-youm-repond-a-sonko-les-passeports-diplomatiques-sont-aussi-a-rendre-public-tv\/#primaryimage"},"thumbnailUrl":"https:\/\/www.public.sn\/wp-content\/uploads\/2022\/09\/IMG-20220926-WA0001.jpg","keywords":["Assembl\u00e9e Nationale","Oumar Youm"],"articleSection":["ACTUALIT\u00c9S","POLITIQUE","PUBLIC TV","S\u00c9N\u00c9GAL","VIDEOS"],"inLanguage":"fr-FR","potentialAction":[{"@type":"CommentAction","name":"Comment","target":["https:\/\/www.public.sn\/index.php\/2022\/09\/26\/omar-youm-repond-a-sonko-les-passeports-diplomatiques-sont-aussi-a-rendre-public-tv\/#respond"]}]},{"@type":"WebPage","@id":"https:\/\/www.public.sn\/index.php\/2022\/09\/26\/omar-youm-repond-a-sonko-les-passeports-diplomatiques-sont-aussi-a-rendre-public-tv\/","url":"https:\/\/www.public.sn\/index.php\/2022\/09\/26\/omar-youm-repond-a-sonko-les-passeports-diplomatiques-sont-aussi-a-rendre-public-tv\/","name":"Omar Youm r\u00e9pond \u00e0 Sonko : \u00ab\u00a0Les passeports diplomatiques sont aussi \u00e0 rendre\u00a0\u00bb (Public TV) - LE PUBLIC","isPartOf":{"@id":"https:\/\/www.public.sn\/#website"},"primaryImageOfPage":{"@id":"https:\/\/www.public.sn\/index.php\/2022\/09\/26\/omar-youm-repond-a-sonko-les-passeports-diplomatiques-sont-aussi-a-rendre-public-tv\/#primaryimage"},"image":{"@id":"https:\/\/www.public.sn\/index.php\/2022\/09\/26\/omar-youm-repond-a-sonko-les-passeports-diplomatiques-sont-aussi-a-rendre-public-tv\/#primaryimage"},"thumbnailUrl":"https:\/\/www.public.sn\/wp-content\/uploads\/2022\/09\/IMG-20220926-WA0001.jpg","datePublished":"2022-09-26T20:51:45+00:00","dateModified":"2022-09-26T20:54:33+00:00","breadcrumb":{"@id":"https:\/\/www.public.sn\/index.php\/2022\/09\/26\/omar-youm-repond-a-sonko-les-passeports-diplomatiques-sont-aussi-a-rendre-public-tv\/#breadcrumb"},"inLanguage":"fr-FR","potentialAction":[{"@type":"ReadAction","target":["https:\/\/www.public.sn\/index.php\/2022\/09\/26\/omar-youm-repond-a-sonko-les-passeports-diplomatiques-sont-aussi-a-rendre-public-tv\/"]}]},{"@type":"ImageObject","inLanguage":"fr-FR","@id":"https:\/\/www.public.sn\/index.php\/2022\/09\/26\/omar-youm-repond-a-sonko-les-passeports-diplomatiques-sont-aussi-a-rendre-public-tv\/#primaryimage","url":"https:\/\/www.public.sn\/wp-content\/uploads\/2022\/09\/IMG-20220926-WA0001.jpg","contentUrl":"https:\/\/www.public.sn\/wp-content\/uploads\/2022\/09\/IMG-20220926-WA0001.jpg","width":1080,"height":810},{"@type":"BreadcrumbList","@id":"https:\/\/www.public.sn\/index.php\/2022\/09\/26\/omar-youm-repond-a-sonko-les-passeports-diplomatiques-sont-aussi-a-rendre-public-tv\/#breadcrumb","itemListElement":[{"@type":"ListItem","position":1,"name":"Accueil","item":"https:\/\/www.public.sn\/"},{"@type":"ListItem","position":2,"name":"Omar Youm r\u00e9pond \u00e0 Sonko : \u00ab\u00a0Les passeports diplomatiques sont aussi \u00e0 rendre\u00a0\u00bb (Public TV)"}]},{"@type":"WebSite","@id":"https:\/\/www.public.sn\/#website","url":"https:\/\/www.public.sn\/","name":"LE PUBLIC","description":"","publisher":{"@id":"https:\/\/www.public.sn\/#organization"},"potentialAction":[{"@type":"SearchAction","target":{"@type":"EntryPoint","urlTemplate":"https:\/\/www.public.sn\/?s={search_term_string}"},"query-input":{"@type":"PropertyValueSpecification","valueRequired":true,"valueName":"search_term_string"}}],"inLanguage":"fr-FR"},{"@type":"Organization","@id":"https:\/\/www.public.sn\/#organization","name":"LE PUBLIC","url":"https:\/\/www.public.sn\/","logo":{"@type":"ImageObject","inLanguage":"fr-FR","@id":"https:\/\/www.public.sn\/#\/schema\/logo\/image\/","url":"https:\/\/www.public.sn\/wp-content\/uploads\/2024\/05\/cropped-LOGO-PUBLIC.SN_.png","contentUrl":"https:\/\/www.public.sn\/wp-content\/uploads\/2024\/05\/cropped-LOGO-PUBLIC.SN_.png","width":682,"height":192,"caption":"LE PUBLIC"},"image":{"@id":"https:\/\/www.public.sn\/#\/schema\/logo\/image\/"}},{"@type":"Person","@id":"https:\/\/www.public.sn\/#\/schema\/person\/e3f4a11b037d4203902db148f9bc8d5a","name":"LA REDACTION","image":{"@type":"ImageObject","inLanguage":"fr-FR","@id":"https:\/\/www.public.sn\/#\/schema\/person\/image\/","url":"https:\/\/secure.gravatar.com\/avatar\/d6c030db45db2883c075085c5d6c6258654a801a93766b49af0b82d4f454e2a5?s=96&d=mm&r=g","contentUrl":"https:\/\/secure.gravatar.com\/avatar\/d6c030db45db2883c075085c5d6c6258654a801a93766b49af0b82d4f454e2a5?s=96&d=mm&r=g","caption":"LA REDACTION"},"sameAs":["http:\/\/www.public.sn"],"url":"https:\/\/www.public.sn\/index.php\/author\/admin7324\/"}]}},"jetpack_featured_media_url":"https:\/\/www.public.sn\/wp-content\/uploads\/2022\/09\/IMG-20220926-WA0001.jpg","jetpack_sharing_enabled":true,"_links":{"self":[{"href":"https:\/\/www.public.sn\/index.php\/wp-json\/wp\/v2\/posts\/2953","targetHints":{"allow":["GET"]}}],"collection":[{"href":"https:\/\/www.public.sn\/index.php\/wp-json\/wp\/v2\/posts"}],"about":[{"href":"https:\/\/www.public.sn\/index.php\/wp-json\/wp\/v2\/types\/post"}],"author":[{"embeddable":true,"href":"https:\/\/www.public.sn\/index.php\/wp-json\/wp\/v2\/users\/1"}],"replies":[{"embeddable":true,"href":"https:\/\/www.public.sn\/index.php\/wp-json\/wp\/v2\/comments?post=2953"}],"version-history":[{"count":6,"href":"https:\/\/www.public.sn\/index.php\/wp-json\/wp\/v2\/posts\/2953\/revisions"}],"predecessor-version":[{"id":2995,"href":"https:\/\/www.public.sn\/index.php\/wp-json\/wp\/v2\/posts\/2953\/revisions\/2995"}],"wp:featuredmedia":[{"embeddable":true,"href":"https:\/\/www.public.sn\/index.php\/wp-json\/wp\/v2\/media\/2984"}],"wp:attachment":[{"href":"https:\/\/www.public.sn\/index.php\/wp-json\/wp\/v2\/media?parent=2953"}],"wp:term":[{"taxonomy":"category","embeddable":true,"href":"https:\/\/www.public.sn\/index.php\/wp-json\/wp\/v2\/categories?post=2953"},{"taxonomy":"post_tag","embeddable":true,"href":"https:\/\/www.public.sn\/index.php\/wp-json\/wp\/v2\/tags?post=2953"}],"curies":[{"name":"wp","href":"https:\/\/api.w.org\/{rel}","templated":true}]}}