{"id":29781,"date":"2023-12-31T12:26:36","date_gmt":"2023-12-31T12:26:36","guid":{"rendered":"https:\/\/www.public.sn\/?p=29781"},"modified":"2023-12-31T12:26:36","modified_gmt":"2023-12-31T12:26:36","slug":"football-karim-benzema-a-quitte-larabie-saoudite","status":"publish","type":"post","link":"https:\/\/www.public.sn\/index.php\/2023\/12\/31\/football-karim-benzema-a-quitte-larabie-saoudite\/","title":{"rendered":"Football: Karim Benzema a quitt\u00e9 l&rsquo;Arabie Saoudite"},"content":{"rendered":"<div><span style=\"font-size: x-large;\">Karim Benzema est sous le feu des critiques en Arabie saoudite. Depuis plusieurs semaines, l\u2019attaquant fran\u00e7ais est point\u00e9 du doigt pour son comportement et ses performances sous le maillot d\u2019Al-Ittihad. Et sa derni\u00e8re prestation, lors de la cinglante d\u00e9faite face \u00e0 Cristiano Ronaldo et Al-Nassr (5-2), n\u2019a pas arrang\u00e9 sa situation. Et alors que l\u2019ancien madril\u00e8ne avait d\u00e9sactiv\u00e9 son compte Instagram, le temps de laisser la tension redescendre, il se retrouve au centre d\u2019une nouvelle pol\u00e9mique ces derniers jours.<\/span><\/div>\n<div><\/div>\n<div><span style=\"font-size: x-large;\">Karim Benzema n\u2019a pas particip\u00e9 aux derniers entra\u00eenements de son \u00e9quipe, selon le m\u00e9dia Al-Riyadiya, et aurait m\u00eame quitt\u00e9 le pays, vendredi, \u00e0 la veille du match de championnat contre Al Ta\u00ef, qui a finalement \u00e9t\u00e9 report\u00e9 par la ligue saoudienne en raison de mauvaises conditions m\u00e9t\u00e9orologiques.<\/span><\/div>\n<div><span style=\"font-size: x-large;\">\u00a0<\/span><\/div>\n<div><span style=\"font-size: x-large;\">Une absence myst\u00e9rieuse dans un contexte compliqu\u00e9, qui a beaucoup fait r\u00e9agir dans le riche pays du Golfe, notamment aupr\u00e8s des supporters d\u2019Al Ittihad et des observateurs de la Saudi Pro League. Mais l\u2019ancien lyonnais, touch\u00e9 \u00e0 un pied, aurait obtenu le feu vert de son club pour quitter Djeddah.<\/span><\/div>\n<div><span style=\"font-size: x-large;\">\u00a0<\/span><\/div>\n<div><span style=\"font-size: x-large;\">\u00abIl est bless\u00e9 au pied et a l\u2019autorisation du club et de ses m\u00e9decins. Il n\u2019y a pas de controverse en ce sens, en aucun cas le joueur n\u2019a fui Djeddah\u00bb, a assur\u00e9 l\u2019entourage du joueur au m\u00e9dia espagnol Marca. Mais ce nouvel \u00e9pisode controvers\u00e9 ne devrait qu\u2019accentuer la d\u00e9fiance envers le Ballon d\u2019or 2022. Et reste d\u00e9sormais \u00e0 savoir quand il fera son retour. \u00a0<\/span><\/div>\n<div><\/div>\n<div><\/div>\n<div><\/div>\n<div>Seneweb<\/div>\n<div class=\"publi-apres-le-contenu\" style=\"margin-top: 10px;margin-bottom: 10px;margin-left: auto;margin-right: auto;text-align: center;\" id=\"publi-1522345434\"><div class=\"publi-adlabel\">Publicit\u00e9<\/div><script async src=\"\/\/pagead2.googlesyndication.com\/pagead\/js\/adsbygoogle.js?client=ca-pub-4089586018074219\" crossorigin=\"anonymous\"><\/script><ins class=\"adsbygoogle\" style=\"display:block;\" data-ad-client=\"ca-pub-4089586018074219\" \ndata-ad-slot=\"2087940154\" \ndata-ad-format=\"auto\"><\/ins>\n<script> \n(adsbygoogle = window.adsbygoogle || []).push({}); \n<\/script>\n<\/div>","protected":false},"excerpt":{"rendered":"<p>Karim Benzema est sous le feu des critiques en Arabie saoudite. Depuis plusieurs semaines, l\u2019attaquant fran\u00e7ais est point\u00e9 du doigt pour son comportement et ses performances sous le maillot d\u2019Al-Ittihad. Et sa derni\u00e8re prestation, lors de la cinglante d\u00e9faite face \u00e0 Cristiano Ronaldo et Al-Nassr (5-2), n\u2019a pas arrang\u00e9 sa situation. Et alors que l\u2019ancien madril\u00e8ne avait d\u00e9sactiv\u00e9 son compte Instagram, le temps de laisser la tension redescendre, il se retrouve au centre d\u2019une nouvelle pol\u00e9mique ces derniers jours. Karim Benzema n\u2019a pas particip\u00e9 aux derniers entra\u00eenements de son \u00e9quipe, selon le m\u00e9dia Al-Riyadiya, et aurait m\u00eame quitt\u00e9 le pays, vendredi, \u00e0 la veille du match de championnat contre Al Ta\u00ef, qui a finalement \u00e9t\u00e9 report\u00e9 par la ligue saoudienne en raison de mauvaises conditions m\u00e9t\u00e9orologiques. \u00a0 Une absence myst\u00e9rieuse dans un contexte compliqu\u00e9, qui a beaucoup fait r\u00e9agir dans le riche pays du Golfe, notamment aupr\u00e8s des supporters d\u2019Al Ittihad et des observateurs de la Saudi Pro League. Mais l\u2019ancien lyonnais, touch\u00e9 \u00e0 un pied, aurait obtenu le feu vert de son club pour quitter Djeddah. \u00a0 \u00abIl est bless\u00e9 au pied et a l\u2019autorisation du club et de ses m\u00e9decins. Il n\u2019y a pas de controverse en ce sens, en aucun cas le joueur n\u2019a fui Djeddah\u00bb, a assur\u00e9 l\u2019entourage du joueur au m\u00e9dia espagnol Marca. Mais ce nouvel \u00e9pisode controvers\u00e9 ne devrait qu\u2019accentuer la d\u00e9fiance envers le Ballon d\u2019or 2022. Et reste d\u00e9sormais \u00e0 savoir quand il fera son retour. \u00a0 Seneweb<\/p>\n","protected":false},"author":7,"featured_media":29784,"comment_status":"open","ping_status":"open","sticky":false,"template":"","format":"standard","meta":{"_jetpack_memberships_contains_paid_content":false,"footnotes":""},"categories":[375,7],"tags":[68,1262],"class_list":["post-29781","post","type-post","status-publish","format-standard","has-post-thumbnail","hentry","category-actualites","category-sport","tag-football","tag-sport","entry","has-media","owp-thumbs-layout-horizontal","owp-btn-normal","owp-tabs-layout-horizontal","has-no-thumbnails","has-product-nav"],"yoast_head":"<!-- This site is optimized with the Yoast SEO plugin v25.5 - https:\/\/yoast.com\/wordpress\/plugins\/seo\/ -->\n<title>Football: Karim Benzema a quitt\u00e9 l&#039;Arabie Saoudite - LE PUBLIC<\/title>\n<meta name=\"robots\" content=\"index, follow, max-snippet:-1, max-image-preview:large, max-video-preview:-1\" \/>\n<link rel=\"canonical\" href=\"https:\/\/www.public.sn\/index.php\/2023\/12\/31\/football-karim-benzema-a-quitte-larabie-saoudite\/\" \/>\n<meta property=\"og:locale\" content=\"fr_FR\" \/>\n<meta property=\"og:type\" content=\"article\" \/>\n<meta property=\"og:title\" content=\"Football: Karim Benzema a quitt\u00e9 l&#039;Arabie Saoudite - LE PUBLIC\" \/>\n<meta property=\"og:description\" content=\"Karim Benzema est sous le feu des critiques en Arabie saoudite. Depuis plusieurs semaines, l\u2019attaquant fran\u00e7ais est point\u00e9 du doigt pour son comportement et ses performances sous le maillot d\u2019Al-Ittihad. Et sa derni\u00e8re prestation, lors de la cinglante d\u00e9faite face \u00e0 Cristiano Ronaldo et Al-Nassr (5-2), n\u2019a pas arrang\u00e9 sa situation. Et alors que l\u2019ancien madril\u00e8ne avait d\u00e9sactiv\u00e9 son compte Instagram, le temps de laisser la tension redescendre, il se retrouve au centre d\u2019une nouvelle pol\u00e9mique ces derniers jours. Karim Benzema n\u2019a pas particip\u00e9 aux derniers entra\u00eenements de son \u00e9quipe, selon le m\u00e9dia Al-Riyadiya, et aurait m\u00eame quitt\u00e9 le pays, vendredi, \u00e0 la veille du match de championnat contre Al Ta\u00ef, qui a finalement \u00e9t\u00e9 report\u00e9 par la ligue saoudienne en raison de mauvaises conditions m\u00e9t\u00e9orologiques. \u00a0 Une absence myst\u00e9rieuse dans un contexte compliqu\u00e9, qui a beaucoup fait r\u00e9agir dans le riche pays du Golfe, notamment aupr\u00e8s des supporters d\u2019Al Ittihad et des observateurs de la Saudi Pro League. Mais l\u2019ancien lyonnais, touch\u00e9 \u00e0 un pied, aurait obtenu le feu vert de son club pour quitter Djeddah. \u00a0 \u00abIl est bless\u00e9 au pied et a l\u2019autorisation du club et de ses m\u00e9decins. Il n\u2019y a pas de controverse en ce sens, en aucun cas le joueur n\u2019a fui Djeddah\u00bb, a assur\u00e9 l\u2019entourage du joueur au m\u00e9dia espagnol Marca. Mais ce nouvel \u00e9pisode controvers\u00e9 ne devrait qu\u2019accentuer la d\u00e9fiance envers le Ballon d\u2019or 2022. Et reste d\u00e9sormais \u00e0 savoir quand il fera son retour. \u00a0 Seneweb\" \/>\n<meta property=\"og:url\" content=\"https:\/\/www.public.sn\/index.php\/2023\/12\/31\/football-karim-benzema-a-quitte-larabie-saoudite\/\" \/>\n<meta property=\"og:site_name\" content=\"LE PUBLIC\" \/>\n<meta property=\"article:published_time\" content=\"2023-12-31T12:26:36+00:00\" \/>\n<meta property=\"og:image\" content=\"https:\/\/www.public.sn\/wp-content\/uploads\/2023\/12\/5461d2c5af16a1ce905a04ca6bdd68ca4410ee04.jpeg\" \/>\n\t<meta property=\"og:image:width\" content=\"612\" \/>\n\t<meta property=\"og:image:height\" content=\"298\" \/>\n\t<meta property=\"og:image:type\" content=\"image\/jpeg\" \/>\n<meta name=\"author\" content=\"LA REDACTION\" \/>\n<meta name=\"twitter:card\" content=\"summary_large_image\" \/>\n<meta name=\"twitter:label1\" content=\"\u00c9crit par\" \/>\n\t<meta name=\"twitter:data1\" content=\"LA REDACTION\" \/>\n\t<meta name=\"twitter:label2\" content=\"Dur\u00e9e de lecture estim\u00e9e\" \/>\n\t<meta name=\"twitter:data2\" content=\"2 minutes\" \/>\n<script type=\"application\/ld+json\" class=\"yoast-schema-graph\">{\"@context\":\"https:\/\/schema.org\",\"@graph\":[{\"@type\":\"Article\",\"@id\":\"https:\/\/www.public.sn\/index.php\/2023\/12\/31\/football-karim-benzema-a-quitte-larabie-saoudite\/#article\",\"isPartOf\":{\"@id\":\"https:\/\/www.public.sn\/index.php\/2023\/12\/31\/football-karim-benzema-a-quitte-larabie-saoudite\/\"},\"author\":{\"name\":\"LA REDACTION\",\"@id\":\"https:\/\/www.public.sn\/#\/schema\/person\/cb76c8e1b8becc6be61fb5e92d6d0224\"},\"headline\":\"Football: Karim Benzema a quitt\u00e9 l&rsquo;Arabie Saoudite\",\"datePublished\":\"2023-12-31T12:26:36+00:00\",\"mainEntityOfPage\":{\"@id\":\"https:\/\/www.public.sn\/index.php\/2023\/12\/31\/football-karim-benzema-a-quitte-larabie-saoudite\/\"},\"wordCount\":276,\"commentCount\":0,\"publisher\":{\"@id\":\"https:\/\/www.public.sn\/#organization\"},\"image\":{\"@id\":\"https:\/\/www.public.sn\/index.php\/2023\/12\/31\/football-karim-benzema-a-quitte-larabie-saoudite\/#primaryimage\"},\"thumbnailUrl\":\"https:\/\/www.public.sn\/wp-content\/uploads\/2023\/12\/5461d2c5af16a1ce905a04ca6bdd68ca4410ee04.jpeg\",\"keywords\":[\"Football\",\"Sport\"],\"articleSection\":[\"ACTUALIT\u00c9S\",\"SPORTS\"],\"inLanguage\":\"fr-FR\",\"potentialAction\":[{\"@type\":\"CommentAction\",\"name\":\"Comment\",\"target\":[\"https:\/\/www.public.sn\/index.php\/2023\/12\/31\/football-karim-benzema-a-quitte-larabie-saoudite\/#respond\"]}]},{\"@type\":\"WebPage\",\"@id\":\"https:\/\/www.public.sn\/index.php\/2023\/12\/31\/football-karim-benzema-a-quitte-larabie-saoudite\/\",\"url\":\"https:\/\/www.public.sn\/index.php\/2023\/12\/31\/football-karim-benzema-a-quitte-larabie-saoudite\/\",\"name\":\"Football: Karim Benzema a quitt\u00e9 l'Arabie Saoudite - LE PUBLIC\",\"isPartOf\":{\"@id\":\"https:\/\/www.public.sn\/#website\"},\"primaryImageOfPage\":{\"@id\":\"https:\/\/www.public.sn\/index.php\/2023\/12\/31\/football-karim-benzema-a-quitte-larabie-saoudite\/#primaryimage\"},\"image\":{\"@id\":\"https:\/\/www.public.sn\/index.php\/2023\/12\/31\/football-karim-benzema-a-quitte-larabie-saoudite\/#primaryimage\"},\"thumbnailUrl\":\"https:\/\/www.public.sn\/wp-content\/uploads\/2023\/12\/5461d2c5af16a1ce905a04ca6bdd68ca4410ee04.jpeg\",\"datePublished\":\"2023-12-31T12:26:36+00:00\",\"breadcrumb\":{\"@id\":\"https:\/\/www.public.sn\/index.php\/2023\/12\/31\/football-karim-benzema-a-quitte-larabie-saoudite\/#breadcrumb\"},\"inLanguage\":\"fr-FR\",\"potentialAction\":[{\"@type\":\"ReadAction\",\"target\":[\"https:\/\/www.public.sn\/index.php\/2023\/12\/31\/football-karim-benzema-a-quitte-larabie-saoudite\/\"]}]},{\"@type\":\"ImageObject\",\"inLanguage\":\"fr-FR\",\"@id\":\"https:\/\/www.public.sn\/index.php\/2023\/12\/31\/football-karim-benzema-a-quitte-larabie-saoudite\/#primaryimage\",\"url\":\"https:\/\/www.public.sn\/wp-content\/uploads\/2023\/12\/5461d2c5af16a1ce905a04ca6bdd68ca4410ee04.jpeg\",\"contentUrl\":\"https:\/\/www.public.sn\/wp-content\/uploads\/2023\/12\/5461d2c5af16a1ce905a04ca6bdd68ca4410ee04.jpeg\",\"width\":612,\"height\":298,\"caption\":\"Karim Benzema\"},{\"@type\":\"BreadcrumbList\",\"@id\":\"https:\/\/www.public.sn\/index.php\/2023\/12\/31\/football-karim-benzema-a-quitte-larabie-saoudite\/#breadcrumb\",\"itemListElement\":[{\"@type\":\"ListItem\",\"position\":1,\"name\":\"Accueil\",\"item\":\"https:\/\/www.public.sn\/\"},{\"@type\":\"ListItem\",\"position\":2,\"name\":\"Football: Karim Benzema a quitt\u00e9 l&rsquo;Arabie Saoudite\"}]},{\"@type\":\"WebSite\",\"@id\":\"https:\/\/www.public.sn\/#website\",\"url\":\"https:\/\/www.public.sn\/\",\"name\":\"LE PUBLIC\",\"description\":\"\",\"publisher\":{\"@id\":\"https:\/\/www.public.sn\/#organization\"},\"potentialAction\":[{\"@type\":\"SearchAction\",\"target\":{\"@type\":\"EntryPoint\",\"urlTemplate\":\"https:\/\/www.public.sn\/?s={search_term_string}\"},\"query-input\":{\"@type\":\"PropertyValueSpecification\",\"valueRequired\":true,\"valueName\":\"search_term_string\"}}],\"inLanguage\":\"fr-FR\"},{\"@type\":\"Organization\",\"@id\":\"https:\/\/www.public.sn\/#organization\",\"name\":\"LE PUBLIC\",\"url\":\"https:\/\/www.public.sn\/\",\"logo\":{\"@type\":\"ImageObject\",\"inLanguage\":\"fr-FR\",\"@id\":\"https:\/\/www.public.sn\/#\/schema\/logo\/image\/\",\"url\":\"https:\/\/www.public.sn\/wp-content\/uploads\/2024\/05\/cropped-LOGO-PUBLIC.SN_.png\",\"contentUrl\":\"https:\/\/www.public.sn\/wp-content\/uploads\/2024\/05\/cropped-LOGO-PUBLIC.SN_.png\",\"width\":682,\"height\":192,\"caption\":\"LE PUBLIC\"},\"image\":{\"@id\":\"https:\/\/www.public.sn\/#\/schema\/logo\/image\/\"}},{\"@type\":\"Person\",\"@id\":\"https:\/\/www.public.sn\/#\/schema\/person\/cb76c8e1b8becc6be61fb5e92d6d0224\",\"name\":\"LA REDACTION\",\"image\":{\"@type\":\"ImageObject\",\"inLanguage\":\"fr-FR\",\"@id\":\"https:\/\/www.public.sn\/#\/schema\/person\/image\/\",\"url\":\"https:\/\/secure.gravatar.com\/avatar\/2dce5ddd34b8fef0180efe03aa2a9bee7d953856048f9a16b298190a3178407c?s=96&d=mm&r=g\",\"contentUrl\":\"https:\/\/secure.gravatar.com\/avatar\/2dce5ddd34b8fef0180efe03aa2a9bee7d953856048f9a16b298190a3178407c?s=96&d=mm&r=g\",\"caption\":\"LA REDACTION\"},\"url\":\"https:\/\/www.public.sn\/index.php\/author\/editeurpsn\/\"}]}<\/script>\n<!-- \/ Yoast SEO plugin. -->","yoast_head_json":{"title":"Football: Karim Benzema a quitt\u00e9 l'Arabie Saoudite - LE PUBLIC","robots":{"index":"index","follow":"follow","max-snippet":"max-snippet:-1","max-image-preview":"max-image-preview:large","max-video-preview":"max-video-preview:-1"},"canonical":"https:\/\/www.public.sn\/index.php\/2023\/12\/31\/football-karim-benzema-a-quitte-larabie-saoudite\/","og_locale":"fr_FR","og_type":"article","og_title":"Football: Karim Benzema a quitt\u00e9 l'Arabie Saoudite - LE PUBLIC","og_description":"Karim Benzema est sous le feu des critiques en Arabie saoudite. Depuis plusieurs semaines, l\u2019attaquant fran\u00e7ais est point\u00e9 du doigt pour son comportement et ses performances sous le maillot d\u2019Al-Ittihad. Et sa derni\u00e8re prestation, lors de la cinglante d\u00e9faite face \u00e0 Cristiano Ronaldo et Al-Nassr (5-2), n\u2019a pas arrang\u00e9 sa situation. Et alors que l\u2019ancien madril\u00e8ne avait d\u00e9sactiv\u00e9 son compte Instagram, le temps de laisser la tension redescendre, il se retrouve au centre d\u2019une nouvelle pol\u00e9mique ces derniers jours. Karim Benzema n\u2019a pas particip\u00e9 aux derniers entra\u00eenements de son \u00e9quipe, selon le m\u00e9dia Al-Riyadiya, et aurait m\u00eame quitt\u00e9 le pays, vendredi, \u00e0 la veille du match de championnat contre Al Ta\u00ef, qui a finalement \u00e9t\u00e9 report\u00e9 par la ligue saoudienne en raison de mauvaises conditions m\u00e9t\u00e9orologiques. \u00a0 Une absence myst\u00e9rieuse dans un contexte compliqu\u00e9, qui a beaucoup fait r\u00e9agir dans le riche pays du Golfe, notamment aupr\u00e8s des supporters d\u2019Al Ittihad et des observateurs de la Saudi Pro League. Mais l\u2019ancien lyonnais, touch\u00e9 \u00e0 un pied, aurait obtenu le feu vert de son club pour quitter Djeddah. \u00a0 \u00abIl est bless\u00e9 au pied et a l\u2019autorisation du club et de ses m\u00e9decins. Il n\u2019y a pas de controverse en ce sens, en aucun cas le joueur n\u2019a fui Djeddah\u00bb, a assur\u00e9 l\u2019entourage du joueur au m\u00e9dia espagnol Marca. Mais ce nouvel \u00e9pisode controvers\u00e9 ne devrait qu\u2019accentuer la d\u00e9fiance envers le Ballon d\u2019or 2022. Et reste d\u00e9sormais \u00e0 savoir quand il fera son retour. \u00a0 Seneweb","og_url":"https:\/\/www.public.sn\/index.php\/2023\/12\/31\/football-karim-benzema-a-quitte-larabie-saoudite\/","og_site_name":"LE PUBLIC","article_published_time":"2023-12-31T12:26:36+00:00","og_image":[{"width":612,"height":298,"url":"https:\/\/www.public.sn\/wp-content\/uploads\/2023\/12\/5461d2c5af16a1ce905a04ca6bdd68ca4410ee04.jpeg","type":"image\/jpeg"}],"author":"LA REDACTION","twitter_card":"summary_large_image","twitter_misc":{"\u00c9crit par":"LA REDACTION","Dur\u00e9e de lecture estim\u00e9e":"2 minutes"},"schema":{"@context":"https:\/\/schema.org","@graph":[{"@type":"Article","@id":"https:\/\/www.public.sn\/index.php\/2023\/12\/31\/football-karim-benzema-a-quitte-larabie-saoudite\/#article","isPartOf":{"@id":"https:\/\/www.public.sn\/index.php\/2023\/12\/31\/football-karim-benzema-a-quitte-larabie-saoudite\/"},"author":{"name":"LA REDACTION","@id":"https:\/\/www.public.sn\/#\/schema\/person\/cb76c8e1b8becc6be61fb5e92d6d0224"},"headline":"Football: Karim Benzema a quitt\u00e9 l&rsquo;Arabie Saoudite","datePublished":"2023-12-31T12:26:36+00:00","mainEntityOfPage":{"@id":"https:\/\/www.public.sn\/index.php\/2023\/12\/31\/football-karim-benzema-a-quitte-larabie-saoudite\/"},"wordCount":276,"commentCount":0,"publisher":{"@id":"https:\/\/www.public.sn\/#organization"},"image":{"@id":"https:\/\/www.public.sn\/index.php\/2023\/12\/31\/football-karim-benzema-a-quitte-larabie-saoudite\/#primaryimage"},"thumbnailUrl":"https:\/\/www.public.sn\/wp-content\/uploads\/2023\/12\/5461d2c5af16a1ce905a04ca6bdd68ca4410ee04.jpeg","keywords":["Football","Sport"],"articleSection":["ACTUALIT\u00c9S","SPORTS"],"inLanguage":"fr-FR","potentialAction":[{"@type":"CommentAction","name":"Comment","target":["https:\/\/www.public.sn\/index.php\/2023\/12\/31\/football-karim-benzema-a-quitte-larabie-saoudite\/#respond"]}]},{"@type":"WebPage","@id":"https:\/\/www.public.sn\/index.php\/2023\/12\/31\/football-karim-benzema-a-quitte-larabie-saoudite\/","url":"https:\/\/www.public.sn\/index.php\/2023\/12\/31\/football-karim-benzema-a-quitte-larabie-saoudite\/","name":"Football: Karim Benzema a quitt\u00e9 l'Arabie Saoudite - LE PUBLIC","isPartOf":{"@id":"https:\/\/www.public.sn\/#website"},"primaryImageOfPage":{"@id":"https:\/\/www.public.sn\/index.php\/2023\/12\/31\/football-karim-benzema-a-quitte-larabie-saoudite\/#primaryimage"},"image":{"@id":"https:\/\/www.public.sn\/index.php\/2023\/12\/31\/football-karim-benzema-a-quitte-larabie-saoudite\/#primaryimage"},"thumbnailUrl":"https:\/\/www.public.sn\/wp-content\/uploads\/2023\/12\/5461d2c5af16a1ce905a04ca6bdd68ca4410ee04.jpeg","datePublished":"2023-12-31T12:26:36+00:00","breadcrumb":{"@id":"https:\/\/www.public.sn\/index.php\/2023\/12\/31\/football-karim-benzema-a-quitte-larabie-saoudite\/#breadcrumb"},"inLanguage":"fr-FR","potentialAction":[{"@type":"ReadAction","target":["https:\/\/www.public.sn\/index.php\/2023\/12\/31\/football-karim-benzema-a-quitte-larabie-saoudite\/"]}]},{"@type":"ImageObject","inLanguage":"fr-FR","@id":"https:\/\/www.public.sn\/index.php\/2023\/12\/31\/football-karim-benzema-a-quitte-larabie-saoudite\/#primaryimage","url":"https:\/\/www.public.sn\/wp-content\/uploads\/2023\/12\/5461d2c5af16a1ce905a04ca6bdd68ca4410ee04.jpeg","contentUrl":"https:\/\/www.public.sn\/wp-content\/uploads\/2023\/12\/5461d2c5af16a1ce905a04ca6bdd68ca4410ee04.jpeg","width":612,"height":298,"caption":"Karim Benzema"},{"@type":"BreadcrumbList","@id":"https:\/\/www.public.sn\/index.php\/2023\/12\/31\/football-karim-benzema-a-quitte-larabie-saoudite\/#breadcrumb","itemListElement":[{"@type":"ListItem","position":1,"name":"Accueil","item":"https:\/\/www.public.sn\/"},{"@type":"ListItem","position":2,"name":"Football: Karim Benzema a quitt\u00e9 l&rsquo;Arabie Saoudite"}]},{"@type":"WebSite","@id":"https:\/\/www.public.sn\/#website","url":"https:\/\/www.public.sn\/","name":"LE PUBLIC","description":"","publisher":{"@id":"https:\/\/www.public.sn\/#organization"},"potentialAction":[{"@type":"SearchAction","target":{"@type":"EntryPoint","urlTemplate":"https:\/\/www.public.sn\/?s={search_term_string}"},"query-input":{"@type":"PropertyValueSpecification","valueRequired":true,"valueName":"search_term_string"}}],"inLanguage":"fr-FR"},{"@type":"Organization","@id":"https:\/\/www.public.sn\/#organization","name":"LE PUBLIC","url":"https:\/\/www.public.sn\/","logo":{"@type":"ImageObject","inLanguage":"fr-FR","@id":"https:\/\/www.public.sn\/#\/schema\/logo\/image\/","url":"https:\/\/www.public.sn\/wp-content\/uploads\/2024\/05\/cropped-LOGO-PUBLIC.SN_.png","contentUrl":"https:\/\/www.public.sn\/wp-content\/uploads\/2024\/05\/cropped-LOGO-PUBLIC.SN_.png","width":682,"height":192,"caption":"LE PUBLIC"},"image":{"@id":"https:\/\/www.public.sn\/#\/schema\/logo\/image\/"}},{"@type":"Person","@id":"https:\/\/www.public.sn\/#\/schema\/person\/cb76c8e1b8becc6be61fb5e92d6d0224","name":"LA REDACTION","image":{"@type":"ImageObject","inLanguage":"fr-FR","@id":"https:\/\/www.public.sn\/#\/schema\/person\/image\/","url":"https:\/\/secure.gravatar.com\/avatar\/2dce5ddd34b8fef0180efe03aa2a9bee7d953856048f9a16b298190a3178407c?s=96&d=mm&r=g","contentUrl":"https:\/\/secure.gravatar.com\/avatar\/2dce5ddd34b8fef0180efe03aa2a9bee7d953856048f9a16b298190a3178407c?s=96&d=mm&r=g","caption":"LA REDACTION"},"url":"https:\/\/www.public.sn\/index.php\/author\/editeurpsn\/"}]}},"jetpack_featured_media_url":"https:\/\/www.public.sn\/wp-content\/uploads\/2023\/12\/5461d2c5af16a1ce905a04ca6bdd68ca4410ee04.jpeg","jetpack_sharing_enabled":true,"_links":{"self":[{"href":"https:\/\/www.public.sn\/index.php\/wp-json\/wp\/v2\/posts\/29781","targetHints":{"allow":["GET"]}}],"collection":[{"href":"https:\/\/www.public.sn\/index.php\/wp-json\/wp\/v2\/posts"}],"about":[{"href":"https:\/\/www.public.sn\/index.php\/wp-json\/wp\/v2\/types\/post"}],"author":[{"embeddable":true,"href":"https:\/\/www.public.sn\/index.php\/wp-json\/wp\/v2\/users\/7"}],"replies":[{"embeddable":true,"href":"https:\/\/www.public.sn\/index.php\/wp-json\/wp\/v2\/comments?post=29781"}],"version-history":[{"count":2,"href":"https:\/\/www.public.sn\/index.php\/wp-json\/wp\/v2\/posts\/29781\/revisions"}],"predecessor-version":[{"id":29786,"href":"https:\/\/www.public.sn\/index.php\/wp-json\/wp\/v2\/posts\/29781\/revisions\/29786"}],"wp:featuredmedia":[{"embeddable":true,"href":"https:\/\/www.public.sn\/index.php\/wp-json\/wp\/v2\/media\/29784"}],"wp:attachment":[{"href":"https:\/\/www.public.sn\/index.php\/wp-json\/wp\/v2\/media?parent=29781"}],"wp:term":[{"taxonomy":"category","embeddable":true,"href":"https:\/\/www.public.sn\/index.php\/wp-json\/wp\/v2\/categories?post=29781"},{"taxonomy":"post_tag","embeddable":true,"href":"https:\/\/www.public.sn\/index.php\/wp-json\/wp\/v2\/tags?post=29781"}],"curies":[{"name":"wp","href":"https:\/\/api.w.org\/{rel}","templated":true}]}}