{"id":29801,"date":"2023-12-31T18:19:52","date_gmt":"2023-12-31T18:19:52","guid":{"rendered":"https:\/\/www.public.sn\/?p=29801"},"modified":"2023-12-31T18:19:52","modified_gmt":"2023-12-31T18:19:52","slug":"blessure-de-matar-sarr-son-coach-ange-postecoglou-donne-des-nouvelles","status":"publish","type":"post","link":"https:\/\/www.public.sn\/index.php\/2023\/12\/31\/blessure-de-matar-sarr-son-coach-ange-postecoglou-donne-des-nouvelles\/","title":{"rendered":"Blessure de Matar Sarr: Son coach Ange Postecoglou donne des nouvelles&#8230;&#8230;."},"content":{"rendered":"<p>Le milieu de terrain s\u00e9n\u00e9galais Pape Matar Sarr sorti sur blessure en Premier League, ce dimanche. Ce qui remet en cause sa participation \u00e0 la can, son coach Ange Postecoglou donne des nouvelles peu rassurantes du milieu de terrain s\u00e9n\u00e9galais.<\/p><div class=\"publi-paragraphe1\" style=\"margin-top: 10px;margin-bottom: 10px;margin-left: auto;margin-right: auto;text-align: center;\" id=\"publi-3107417599\"><div class=\"publi-adlabel\">Publicit\u00e9<\/div><script async src=\"\/\/pagead2.googlesyndication.com\/pagead\/js\/adsbygoogle.js?client=ca-pub-4089586018074219\" crossorigin=\"anonymous\"><\/script><ins class=\"adsbygoogle\" style=\"display:block;\" data-ad-client=\"ca-pub-4089586018074219\" \ndata-ad-slot=\"2087940154\" \ndata-ad-format=\"auto\"><\/ins>\n<script> \n(adsbygoogle = window.adsbygoogle || []).push({}); \n<\/script>\n<\/div>\n<p>\u00abPape est touch\u00e9 aux ischio-jambiers. Il est \u00e9mu car il veut repartir avec son \u00e9quipe nationale \u00e0 la Can. C&rsquo;est un grand tournoi pour eux\u00bb, a d\u00e9clar\u00e9 Ange Postecoglou, entra\u00eeneur de Tottenham, face \u00e0 la presse.<\/p>\n<p>Il souligne que le s\u00e9n\u00e9galais avait encore \u00e9t\u00e9 tr\u00e8s bon en d\u00e9but de match. De plus, il a marqu\u00e9 le premier but de son \u00e9quipe. \u00abC&rsquo;est d\u00e9cevant pour lui mais j&rsquo;esp\u00e8re que ce n&rsquo;est pas trop grave et qu&rsquo;il pourra encore partir et contribuer pour son pays\u00bb, souhaite-t-il.football<\/p>\n<div class=\"publi-apres-le-contenu\" style=\"margin-top: 10px;margin-bottom: 10px;margin-left: auto;margin-right: auto;text-align: center;\" id=\"publi-2260814106\"><div class=\"publi-adlabel\">Publicit\u00e9<\/div><script async src=\"\/\/pagead2.googlesyndication.com\/pagead\/js\/adsbygoogle.js?client=ca-pub-4089586018074219\" crossorigin=\"anonymous\"><\/script><ins class=\"adsbygoogle\" style=\"display:block;\" data-ad-client=\"ca-pub-4089586018074219\" \ndata-ad-slot=\"2087940154\" \ndata-ad-format=\"auto\"><\/ins>\n<script> \n(adsbygoogle = window.adsbygoogle || []).push({}); \n<\/script>\n<\/div>","protected":false},"excerpt":{"rendered":"<p>Le milieu de terrain s\u00e9n\u00e9galais Pape Matar Sarr sorti sur blessure en Premier League, ce dimanche. Ce qui remet en cause sa participation \u00e0 la can, son coach Ange Postecoglou donne des nouvelles peu rassurantes du milieu de terrain s\u00e9n\u00e9galais. \u00abPape est touch\u00e9 aux ischio-jambiers. Il est \u00e9mu car il veut repartir avec son \u00e9quipe nationale \u00e0 la Can. C&rsquo;est un grand tournoi pour eux\u00bb, a d\u00e9clar\u00e9 Ange Postecoglou, entra\u00eeneur de Tottenham, face \u00e0 la presse. Il souligne que le s\u00e9n\u00e9galais avait encore \u00e9t\u00e9 tr\u00e8s bon en d\u00e9but de match. De plus, il a marqu\u00e9 le premier but de son \u00e9quipe. \u00abC&rsquo;est d\u00e9cevant pour lui mais j&rsquo;esp\u00e8re que ce n&rsquo;est pas trop grave et qu&rsquo;il pourra encore partir et contribuer pour son pays\u00bb, souhaite-t-il.football<\/p>\n","protected":false},"author":7,"featured_media":29802,"comment_status":"open","ping_status":"open","sticky":false,"template":"","format":"standard","meta":{"_jetpack_memberships_contains_paid_content":false,"footnotes":""},"categories":[375,1,7,372],"tags":[68],"class_list":["post-29801","post","type-post","status-publish","format-standard","has-post-thumbnail","hentry","category-actualites","category-non-classe","category-sport","category-vedette","tag-football","entry","has-media","owp-thumbs-layout-horizontal","owp-btn-normal","owp-tabs-layout-horizontal","has-no-thumbnails","has-product-nav"],"yoast_head":"<!-- This site is optimized with the Yoast SEO plugin v25.5 - https:\/\/yoast.com\/wordpress\/plugins\/seo\/ -->\n<title>Blessure de Matar Sarr: Son coach Ange Postecoglou donne des nouvelles....... - LE PUBLIC<\/title>\n<meta name=\"robots\" content=\"index, follow, max-snippet:-1, max-image-preview:large, max-video-preview:-1\" \/>\n<link rel=\"canonical\" href=\"https:\/\/www.public.sn\/index.php\/2023\/12\/31\/blessure-de-matar-sarr-son-coach-ange-postecoglou-donne-des-nouvelles\/\" \/>\n<meta property=\"og:locale\" content=\"fr_FR\" \/>\n<meta property=\"og:type\" content=\"article\" \/>\n<meta property=\"og:title\" content=\"Blessure de Matar Sarr: Son coach Ange Postecoglou donne des nouvelles....... - LE PUBLIC\" \/>\n<meta property=\"og:description\" content=\"Le milieu de terrain s\u00e9n\u00e9galais Pape Matar Sarr sorti sur blessure en Premier League, ce dimanche. Ce qui remet en cause sa participation \u00e0 la can, son coach Ange Postecoglou donne des nouvelles peu rassurantes du milieu de terrain s\u00e9n\u00e9galais. \u00abPape est touch\u00e9 aux ischio-jambiers. Il est \u00e9mu car il veut repartir avec son \u00e9quipe nationale \u00e0 la Can. C&rsquo;est un grand tournoi pour eux\u00bb, a d\u00e9clar\u00e9 Ange Postecoglou, entra\u00eeneur de Tottenham, face \u00e0 la presse. Il souligne que le s\u00e9n\u00e9galais avait encore \u00e9t\u00e9 tr\u00e8s bon en d\u00e9but de match. De plus, il a marqu\u00e9 le premier but de son \u00e9quipe. \u00abC&rsquo;est d\u00e9cevant pour lui mais j&rsquo;esp\u00e8re que ce n&rsquo;est pas trop grave et qu&rsquo;il pourra encore partir et contribuer pour son pays\u00bb, souhaite-t-il.football\" \/>\n<meta property=\"og:url\" content=\"https:\/\/www.public.sn\/index.php\/2023\/12\/31\/blessure-de-matar-sarr-son-coach-ange-postecoglou-donne-des-nouvelles\/\" \/>\n<meta property=\"og:site_name\" content=\"LE PUBLIC\" \/>\n<meta property=\"article:published_time\" content=\"2023-12-31T18:19:52+00:00\" \/>\n<meta property=\"og:image\" content=\"https:\/\/www.public.sn\/wp-content\/uploads\/2023\/12\/tottenham_2620.png\" \/>\n\t<meta property=\"og:image:width\" content=\"1600\" \/>\n\t<meta property=\"og:image:height\" content=\"876\" \/>\n\t<meta property=\"og:image:type\" content=\"image\/png\" \/>\n<meta name=\"author\" content=\"LA REDACTION\" \/>\n<meta name=\"twitter:card\" content=\"summary_large_image\" \/>\n<meta name=\"twitter:label1\" content=\"\u00c9crit par\" \/>\n\t<meta name=\"twitter:data1\" content=\"LA REDACTION\" \/>\n\t<meta name=\"twitter:label2\" content=\"Dur\u00e9e de lecture estim\u00e9e\" \/>\n\t<meta name=\"twitter:data2\" content=\"1 minute\" \/>\n<script type=\"application\/ld+json\" class=\"yoast-schema-graph\">{\"@context\":\"https:\/\/schema.org\",\"@graph\":[{\"@type\":\"Article\",\"@id\":\"https:\/\/www.public.sn\/index.php\/2023\/12\/31\/blessure-de-matar-sarr-son-coach-ange-postecoglou-donne-des-nouvelles\/#article\",\"isPartOf\":{\"@id\":\"https:\/\/www.public.sn\/index.php\/2023\/12\/31\/blessure-de-matar-sarr-son-coach-ange-postecoglou-donne-des-nouvelles\/\"},\"author\":{\"name\":\"LA REDACTION\",\"@id\":\"https:\/\/www.public.sn\/#\/schema\/person\/cb76c8e1b8becc6be61fb5e92d6d0224\"},\"headline\":\"Blessure de Matar Sarr: Son coach Ange Postecoglou donne des nouvelles&#8230;&#8230;.\",\"datePublished\":\"2023-12-31T18:19:52+00:00\",\"mainEntityOfPage\":{\"@id\":\"https:\/\/www.public.sn\/index.php\/2023\/12\/31\/blessure-de-matar-sarr-son-coach-ange-postecoglou-donne-des-nouvelles\/\"},\"wordCount\":145,\"commentCount\":0,\"publisher\":{\"@id\":\"https:\/\/www.public.sn\/#organization\"},\"image\":{\"@id\":\"https:\/\/www.public.sn\/index.php\/2023\/12\/31\/blessure-de-matar-sarr-son-coach-ange-postecoglou-donne-des-nouvelles\/#primaryimage\"},\"thumbnailUrl\":\"https:\/\/www.public.sn\/wp-content\/uploads\/2023\/12\/tottenham_2620.png\",\"keywords\":[\"Football\"],\"articleSection\":[\"ACTUALIT\u00c9S\",\"S\u00c9N\u00c9GAL\",\"SPORTS\",\"VEDETTE\"],\"inLanguage\":\"fr-FR\",\"potentialAction\":[{\"@type\":\"CommentAction\",\"name\":\"Comment\",\"target\":[\"https:\/\/www.public.sn\/index.php\/2023\/12\/31\/blessure-de-matar-sarr-son-coach-ange-postecoglou-donne-des-nouvelles\/#respond\"]}]},{\"@type\":\"WebPage\",\"@id\":\"https:\/\/www.public.sn\/index.php\/2023\/12\/31\/blessure-de-matar-sarr-son-coach-ange-postecoglou-donne-des-nouvelles\/\",\"url\":\"https:\/\/www.public.sn\/index.php\/2023\/12\/31\/blessure-de-matar-sarr-son-coach-ange-postecoglou-donne-des-nouvelles\/\",\"name\":\"Blessure de Matar Sarr: Son coach Ange Postecoglou donne des nouvelles....... - LE PUBLIC\",\"isPartOf\":{\"@id\":\"https:\/\/www.public.sn\/#website\"},\"primaryImageOfPage\":{\"@id\":\"https:\/\/www.public.sn\/index.php\/2023\/12\/31\/blessure-de-matar-sarr-son-coach-ange-postecoglou-donne-des-nouvelles\/#primaryimage\"},\"image\":{\"@id\":\"https:\/\/www.public.sn\/index.php\/2023\/12\/31\/blessure-de-matar-sarr-son-coach-ange-postecoglou-donne-des-nouvelles\/#primaryimage\"},\"thumbnailUrl\":\"https:\/\/www.public.sn\/wp-content\/uploads\/2023\/12\/tottenham_2620.png\",\"datePublished\":\"2023-12-31T18:19:52+00:00\",\"breadcrumb\":{\"@id\":\"https:\/\/www.public.sn\/index.php\/2023\/12\/31\/blessure-de-matar-sarr-son-coach-ange-postecoglou-donne-des-nouvelles\/#breadcrumb\"},\"inLanguage\":\"fr-FR\",\"potentialAction\":[{\"@type\":\"ReadAction\",\"target\":[\"https:\/\/www.public.sn\/index.php\/2023\/12\/31\/blessure-de-matar-sarr-son-coach-ange-postecoglou-donne-des-nouvelles\/\"]}]},{\"@type\":\"ImageObject\",\"inLanguage\":\"fr-FR\",\"@id\":\"https:\/\/www.public.sn\/index.php\/2023\/12\/31\/blessure-de-matar-sarr-son-coach-ange-postecoglou-donne-des-nouvelles\/#primaryimage\",\"url\":\"https:\/\/www.public.sn\/wp-content\/uploads\/2023\/12\/tottenham_2620.png\",\"contentUrl\":\"https:\/\/www.public.sn\/wp-content\/uploads\/2023\/12\/tottenham_2620.png\",\"width\":1600,\"height\":876,\"caption\":\"Pape Matar Sarr\"},{\"@type\":\"BreadcrumbList\",\"@id\":\"https:\/\/www.public.sn\/index.php\/2023\/12\/31\/blessure-de-matar-sarr-son-coach-ange-postecoglou-donne-des-nouvelles\/#breadcrumb\",\"itemListElement\":[{\"@type\":\"ListItem\",\"position\":1,\"name\":\"Accueil\",\"item\":\"https:\/\/www.public.sn\/\"},{\"@type\":\"ListItem\",\"position\":2,\"name\":\"Blessure de Matar Sarr: Son coach Ange Postecoglou donne des nouvelles&#8230;&#8230;.\"}]},{\"@type\":\"WebSite\",\"@id\":\"https:\/\/www.public.sn\/#website\",\"url\":\"https:\/\/www.public.sn\/\",\"name\":\"LE PUBLIC\",\"description\":\"\",\"publisher\":{\"@id\":\"https:\/\/www.public.sn\/#organization\"},\"potentialAction\":[{\"@type\":\"SearchAction\",\"target\":{\"@type\":\"EntryPoint\",\"urlTemplate\":\"https:\/\/www.public.sn\/?s={search_term_string}\"},\"query-input\":{\"@type\":\"PropertyValueSpecification\",\"valueRequired\":true,\"valueName\":\"search_term_string\"}}],\"inLanguage\":\"fr-FR\"},{\"@type\":\"Organization\",\"@id\":\"https:\/\/www.public.sn\/#organization\",\"name\":\"LE PUBLIC\",\"url\":\"https:\/\/www.public.sn\/\",\"logo\":{\"@type\":\"ImageObject\",\"inLanguage\":\"fr-FR\",\"@id\":\"https:\/\/www.public.sn\/#\/schema\/logo\/image\/\",\"url\":\"https:\/\/www.public.sn\/wp-content\/uploads\/2024\/05\/cropped-LOGO-PUBLIC.SN_.png\",\"contentUrl\":\"https:\/\/www.public.sn\/wp-content\/uploads\/2024\/05\/cropped-LOGO-PUBLIC.SN_.png\",\"width\":682,\"height\":192,\"caption\":\"LE PUBLIC\"},\"image\":{\"@id\":\"https:\/\/www.public.sn\/#\/schema\/logo\/image\/\"}},{\"@type\":\"Person\",\"@id\":\"https:\/\/www.public.sn\/#\/schema\/person\/cb76c8e1b8becc6be61fb5e92d6d0224\",\"name\":\"LA REDACTION\",\"image\":{\"@type\":\"ImageObject\",\"inLanguage\":\"fr-FR\",\"@id\":\"https:\/\/www.public.sn\/#\/schema\/person\/image\/\",\"url\":\"https:\/\/secure.gravatar.com\/avatar\/2dce5ddd34b8fef0180efe03aa2a9bee7d953856048f9a16b298190a3178407c?s=96&d=mm&r=g\",\"contentUrl\":\"https:\/\/secure.gravatar.com\/avatar\/2dce5ddd34b8fef0180efe03aa2a9bee7d953856048f9a16b298190a3178407c?s=96&d=mm&r=g\",\"caption\":\"LA REDACTION\"},\"url\":\"https:\/\/www.public.sn\/index.php\/author\/editeurpsn\/\"}]}<\/script>\n<!-- \/ Yoast SEO plugin. -->","yoast_head_json":{"title":"Blessure de Matar Sarr: Son coach Ange Postecoglou donne des nouvelles....... - LE PUBLIC","robots":{"index":"index","follow":"follow","max-snippet":"max-snippet:-1","max-image-preview":"max-image-preview:large","max-video-preview":"max-video-preview:-1"},"canonical":"https:\/\/www.public.sn\/index.php\/2023\/12\/31\/blessure-de-matar-sarr-son-coach-ange-postecoglou-donne-des-nouvelles\/","og_locale":"fr_FR","og_type":"article","og_title":"Blessure de Matar Sarr: Son coach Ange Postecoglou donne des nouvelles....... - LE PUBLIC","og_description":"Le milieu de terrain s\u00e9n\u00e9galais Pape Matar Sarr sorti sur blessure en Premier League, ce dimanche. Ce qui remet en cause sa participation \u00e0 la can, son coach Ange Postecoglou donne des nouvelles peu rassurantes du milieu de terrain s\u00e9n\u00e9galais. \u00abPape est touch\u00e9 aux ischio-jambiers. Il est \u00e9mu car il veut repartir avec son \u00e9quipe nationale \u00e0 la Can. C&rsquo;est un grand tournoi pour eux\u00bb, a d\u00e9clar\u00e9 Ange Postecoglou, entra\u00eeneur de Tottenham, face \u00e0 la presse. Il souligne que le s\u00e9n\u00e9galais avait encore \u00e9t\u00e9 tr\u00e8s bon en d\u00e9but de match. De plus, il a marqu\u00e9 le premier but de son \u00e9quipe. \u00abC&rsquo;est d\u00e9cevant pour lui mais j&rsquo;esp\u00e8re que ce n&rsquo;est pas trop grave et qu&rsquo;il pourra encore partir et contribuer pour son pays\u00bb, souhaite-t-il.football","og_url":"https:\/\/www.public.sn\/index.php\/2023\/12\/31\/blessure-de-matar-sarr-son-coach-ange-postecoglou-donne-des-nouvelles\/","og_site_name":"LE PUBLIC","article_published_time":"2023-12-31T18:19:52+00:00","og_image":[{"width":1600,"height":876,"url":"https:\/\/www.public.sn\/wp-content\/uploads\/2023\/12\/tottenham_2620.png","type":"image\/png"}],"author":"LA REDACTION","twitter_card":"summary_large_image","twitter_misc":{"\u00c9crit par":"LA REDACTION","Dur\u00e9e de lecture estim\u00e9e":"1 minute"},"schema":{"@context":"https:\/\/schema.org","@graph":[{"@type":"Article","@id":"https:\/\/www.public.sn\/index.php\/2023\/12\/31\/blessure-de-matar-sarr-son-coach-ange-postecoglou-donne-des-nouvelles\/#article","isPartOf":{"@id":"https:\/\/www.public.sn\/index.php\/2023\/12\/31\/blessure-de-matar-sarr-son-coach-ange-postecoglou-donne-des-nouvelles\/"},"author":{"name":"LA REDACTION","@id":"https:\/\/www.public.sn\/#\/schema\/person\/cb76c8e1b8becc6be61fb5e92d6d0224"},"headline":"Blessure de Matar Sarr: Son coach Ange Postecoglou donne des nouvelles&#8230;&#8230;.","datePublished":"2023-12-31T18:19:52+00:00","mainEntityOfPage":{"@id":"https:\/\/www.public.sn\/index.php\/2023\/12\/31\/blessure-de-matar-sarr-son-coach-ange-postecoglou-donne-des-nouvelles\/"},"wordCount":145,"commentCount":0,"publisher":{"@id":"https:\/\/www.public.sn\/#organization"},"image":{"@id":"https:\/\/www.public.sn\/index.php\/2023\/12\/31\/blessure-de-matar-sarr-son-coach-ange-postecoglou-donne-des-nouvelles\/#primaryimage"},"thumbnailUrl":"https:\/\/www.public.sn\/wp-content\/uploads\/2023\/12\/tottenham_2620.png","keywords":["Football"],"articleSection":["ACTUALIT\u00c9S","S\u00c9N\u00c9GAL","SPORTS","VEDETTE"],"inLanguage":"fr-FR","potentialAction":[{"@type":"CommentAction","name":"Comment","target":["https:\/\/www.public.sn\/index.php\/2023\/12\/31\/blessure-de-matar-sarr-son-coach-ange-postecoglou-donne-des-nouvelles\/#respond"]}]},{"@type":"WebPage","@id":"https:\/\/www.public.sn\/index.php\/2023\/12\/31\/blessure-de-matar-sarr-son-coach-ange-postecoglou-donne-des-nouvelles\/","url":"https:\/\/www.public.sn\/index.php\/2023\/12\/31\/blessure-de-matar-sarr-son-coach-ange-postecoglou-donne-des-nouvelles\/","name":"Blessure de Matar Sarr: Son coach Ange Postecoglou donne des nouvelles....... - LE PUBLIC","isPartOf":{"@id":"https:\/\/www.public.sn\/#website"},"primaryImageOfPage":{"@id":"https:\/\/www.public.sn\/index.php\/2023\/12\/31\/blessure-de-matar-sarr-son-coach-ange-postecoglou-donne-des-nouvelles\/#primaryimage"},"image":{"@id":"https:\/\/www.public.sn\/index.php\/2023\/12\/31\/blessure-de-matar-sarr-son-coach-ange-postecoglou-donne-des-nouvelles\/#primaryimage"},"thumbnailUrl":"https:\/\/www.public.sn\/wp-content\/uploads\/2023\/12\/tottenham_2620.png","datePublished":"2023-12-31T18:19:52+00:00","breadcrumb":{"@id":"https:\/\/www.public.sn\/index.php\/2023\/12\/31\/blessure-de-matar-sarr-son-coach-ange-postecoglou-donne-des-nouvelles\/#breadcrumb"},"inLanguage":"fr-FR","potentialAction":[{"@type":"ReadAction","target":["https:\/\/www.public.sn\/index.php\/2023\/12\/31\/blessure-de-matar-sarr-son-coach-ange-postecoglou-donne-des-nouvelles\/"]}]},{"@type":"ImageObject","inLanguage":"fr-FR","@id":"https:\/\/www.public.sn\/index.php\/2023\/12\/31\/blessure-de-matar-sarr-son-coach-ange-postecoglou-donne-des-nouvelles\/#primaryimage","url":"https:\/\/www.public.sn\/wp-content\/uploads\/2023\/12\/tottenham_2620.png","contentUrl":"https:\/\/www.public.sn\/wp-content\/uploads\/2023\/12\/tottenham_2620.png","width":1600,"height":876,"caption":"Pape Matar Sarr"},{"@type":"BreadcrumbList","@id":"https:\/\/www.public.sn\/index.php\/2023\/12\/31\/blessure-de-matar-sarr-son-coach-ange-postecoglou-donne-des-nouvelles\/#breadcrumb","itemListElement":[{"@type":"ListItem","position":1,"name":"Accueil","item":"https:\/\/www.public.sn\/"},{"@type":"ListItem","position":2,"name":"Blessure de Matar Sarr: Son coach Ange Postecoglou donne des nouvelles&#8230;&#8230;."}]},{"@type":"WebSite","@id":"https:\/\/www.public.sn\/#website","url":"https:\/\/www.public.sn\/","name":"LE PUBLIC","description":"","publisher":{"@id":"https:\/\/www.public.sn\/#organization"},"potentialAction":[{"@type":"SearchAction","target":{"@type":"EntryPoint","urlTemplate":"https:\/\/www.public.sn\/?s={search_term_string}"},"query-input":{"@type":"PropertyValueSpecification","valueRequired":true,"valueName":"search_term_string"}}],"inLanguage":"fr-FR"},{"@type":"Organization","@id":"https:\/\/www.public.sn\/#organization","name":"LE PUBLIC","url":"https:\/\/www.public.sn\/","logo":{"@type":"ImageObject","inLanguage":"fr-FR","@id":"https:\/\/www.public.sn\/#\/schema\/logo\/image\/","url":"https:\/\/www.public.sn\/wp-content\/uploads\/2024\/05\/cropped-LOGO-PUBLIC.SN_.png","contentUrl":"https:\/\/www.public.sn\/wp-content\/uploads\/2024\/05\/cropped-LOGO-PUBLIC.SN_.png","width":682,"height":192,"caption":"LE PUBLIC"},"image":{"@id":"https:\/\/www.public.sn\/#\/schema\/logo\/image\/"}},{"@type":"Person","@id":"https:\/\/www.public.sn\/#\/schema\/person\/cb76c8e1b8becc6be61fb5e92d6d0224","name":"LA REDACTION","image":{"@type":"ImageObject","inLanguage":"fr-FR","@id":"https:\/\/www.public.sn\/#\/schema\/person\/image\/","url":"https:\/\/secure.gravatar.com\/avatar\/2dce5ddd34b8fef0180efe03aa2a9bee7d953856048f9a16b298190a3178407c?s=96&d=mm&r=g","contentUrl":"https:\/\/secure.gravatar.com\/avatar\/2dce5ddd34b8fef0180efe03aa2a9bee7d953856048f9a16b298190a3178407c?s=96&d=mm&r=g","caption":"LA REDACTION"},"url":"https:\/\/www.public.sn\/index.php\/author\/editeurpsn\/"}]}},"jetpack_featured_media_url":"https:\/\/www.public.sn\/wp-content\/uploads\/2023\/12\/tottenham_2620.png","jetpack_sharing_enabled":true,"_links":{"self":[{"href":"https:\/\/www.public.sn\/index.php\/wp-json\/wp\/v2\/posts\/29801","targetHints":{"allow":["GET"]}}],"collection":[{"href":"https:\/\/www.public.sn\/index.php\/wp-json\/wp\/v2\/posts"}],"about":[{"href":"https:\/\/www.public.sn\/index.php\/wp-json\/wp\/v2\/types\/post"}],"author":[{"embeddable":true,"href":"https:\/\/www.public.sn\/index.php\/wp-json\/wp\/v2\/users\/7"}],"replies":[{"embeddable":true,"href":"https:\/\/www.public.sn\/index.php\/wp-json\/wp\/v2\/comments?post=29801"}],"version-history":[{"count":2,"href":"https:\/\/www.public.sn\/index.php\/wp-json\/wp\/v2\/posts\/29801\/revisions"}],"predecessor-version":[{"id":29804,"href":"https:\/\/www.public.sn\/index.php\/wp-json\/wp\/v2\/posts\/29801\/revisions\/29804"}],"wp:featuredmedia":[{"embeddable":true,"href":"https:\/\/www.public.sn\/index.php\/wp-json\/wp\/v2\/media\/29802"}],"wp:attachment":[{"href":"https:\/\/www.public.sn\/index.php\/wp-json\/wp\/v2\/media?parent=29801"}],"wp:term":[{"taxonomy":"category","embeddable":true,"href":"https:\/\/www.public.sn\/index.php\/wp-json\/wp\/v2\/categories?post=29801"},{"taxonomy":"post_tag","embeddable":true,"href":"https:\/\/www.public.sn\/index.php\/wp-json\/wp\/v2\/tags?post=29801"}],"curies":[{"name":"wp","href":"https:\/\/api.w.org\/{rel}","templated":true}]}}