{"id":29840,"date":"2024-01-02T09:50:32","date_gmt":"2024-01-02T09:50:32","guid":{"rendered":"https:\/\/www.public.sn\/?p=29840"},"modified":"2024-01-02T09:50:32","modified_gmt":"2024-01-02T09:50:32","slug":"chomage-desespoir-migration-clandestine-karim-wade-vole-au-secours-de-la-jeunesse","status":"publish","type":"post","link":"https:\/\/www.public.sn\/index.php\/2024\/01\/02\/chomage-desespoir-migration-clandestine-karim-wade-vole-au-secours-de-la-jeunesse\/","title":{"rendered":"CH\u00d4MAGE, D\u00c9SESPOIR, MIGRATION CLANDESTINE: Karim Wade vole au secours de la jeunesse"},"content":{"rendered":"<p>A quelques jets de la pierre de la pr\u00e9sidentielle de 2024, Karim Wade sort du mutisme profond dans lequel il s\u2019\u00e9tait emmur\u00e9 pour s\u2019adresser aux S\u00e9n\u00e9galais. Un discours particuli\u00e8rement d\u00e9di\u00e9 \u00e0 la jeunesse.<br \/>\nLe mot \u00ab Jeunesse \u00bb est revenu comme une anaphore dans le discours de Nouvel an de Karim Wade, qui s\u2019est adress\u00e9 aux S\u00e9n\u00e9galais depuis la capitale qatarie, Doha, ce 1er janvier.<br \/>\nJuste apr\u00e8s les politesses, il commence par faire remarquer que \u00ab ces derniers mois nous avons tous \u00e9t\u00e9 les t\u00e9moins d\u2019un ph\u00e9nom\u00e8ne alarmant qui touche le c\u0153ur m\u00eame de notre pays \u00bb.<br \/>\nA partir de ce moment, les t\u00e9l\u00e9spectateurs et auditeurs pensent qu\u2019il va aborder les cons\u00e9quences des manifestations qui ont jalonn\u00e9 l\u2019ann\u00e9e 2024, reli\u00e9es \u00e0 l\u2019affaire Adji Sarr Ousmane Sonko. Que nenni ! Wade-fils fait allusion au \u00ab drame de ces trop nombreux jeunes qui bravent les dangers des pirogues empruntant des chemins p\u00e9rilleux \u00e0 la recherche d\u2019un avenir meilleur en dehors du S\u00e9n\u00e9gal \u00bb. \u00ab Ce d\u00e9sespoir qui les pousse \u00e0 risquer leur vie, faute de perspectives est un crime silencieux qui interpelle chacun de nous \u00bb, d\u00e9clare l\u2019ancien ministre d\u2019Etat. \u00ab Je ne peux pas accepter que des Africains meurent dans la mer ou dans le d\u00e9sert. Cette situation ne saurait durer. Nous devons agir ensemble pour offrir \u00e0 nos enfants un avenir meilleur o\u00f9 ils seraient assur\u00e9s de b\u00e9n\u00e9ficier des promesses du S\u00e9n\u00e9gal et des potentialit\u00e9s inexploit\u00e9es de l\u2019Afrique. 2024 doit \u00eatre l\u2019ann\u00e9e o\u00f9 nous fixerons enfin un variable cap \u00bb, prend-il date avec la jeunesse.<br \/>\nIl dira que son v\u0153u le plus cher est que la jeunesse se sente \u00ab inspir\u00e9e, soutenue, pleine d\u2019espoir en son avenir \u00bb. \u00ab Il est donc imp\u00e9ratif de cr\u00e9er des opportunit\u00e9s d\u2019emplois, d\u2019encourager l\u2019entreprenariat et d\u2019investir dans l\u2019\u00e9ducation et la formation professionnelle. Nous devons b\u00e2tir un S\u00e9n\u00e9gal o\u00f9 nos jeunes resteront au pays et seront fiers de contribuer personnellement au d\u00e9veloppement de la nation \u00bb, indique-t-il le chemin.<br \/>\nKarim Wade de faire remarquer que \u00ab la d\u00e9mographie s\u00e9n\u00e9galaise se caract\u00e9rise par une jeunesse pr\u00e9dominante avec plus de trois quarts de la population \u00e2g\u00e9s de moins de 35 ans, soit 12 millions de personnes \u00bb. \u00ab Cette donn\u00e9e d\u00e9mographique n\u2019est pas qu\u2019une simple statistique, elle est l\u2019expression d\u2019un potentiel dynamique et d\u2019un avenir prometteur \u00bb, d\u00e9duit-il \u00bb. Ainsi, il milite pour que \u00ab nos politiques publiques\u2026valorisent et reconnaissent la jeunesse comme le pilier central de notre pays \u00bb. \u00ab C\u2019est \u00e0 eux que nous devons consacrer notre action et nos ressources parce qu\u2019ils d\u00e9tiennent la cl\u00e9 de notre d\u00e9veloppement socio-\u00e9conomique et culturel \u00bb, oriente l\u2019ancien ministre d\u2019Etat.<br \/>\nIl promet, une fois devenu pr\u00e9sident de la R\u00e9publique, de consentir \u00ab des investissements substantiels dans l\u2019\u00e9ducation, la formation professionnelle, l\u2019entreprenariat, la sant\u00e9, mais aussi le soutien aux initiatives culturelles et artistiques qui refl\u00e8tent la diversit\u00e9 et la richesse de notre pays \u00bb.<br \/>\nAussi, compte-t-il \u00ab rassembler tous les jeunes sans distinction autour d\u2019un pacte collectif de gouvernance \u00bb.<br \/>\nPour atteindre ces objectifs, Karim Wade invite les jeunes \u00e0 se regrouper par quartier, par village, pour \u00ab former des collectifs pour rassembler et exprimer leurs frustrations, leurs aspirations et leurs ambitions \u00bb.<br \/>\nEn d\u00e9finitive, il pr\u00f4ne \u00ab la proximit\u00e9 et l\u2019approche locale\u2026pour trouver des solutions durables au ch\u00f4mage \u00bb.<\/p><div class=\"publi-paragraphe1\" style=\"margin-top: 10px;margin-bottom: 10px;margin-left: auto;margin-right: auto;text-align: center;\" id=\"publi-2019473884\"><div class=\"publi-adlabel\">Publicit\u00e9<\/div><script async src=\"\/\/pagead2.googlesyndication.com\/pagead\/js\/adsbygoogle.js?client=ca-pub-4089586018074219\" crossorigin=\"anonymous\"><\/script><ins class=\"adsbygoogle\" style=\"display:block;\" data-ad-client=\"ca-pub-4089586018074219\" \ndata-ad-slot=\"2087940154\" \ndata-ad-format=\"auto\"><\/ins>\n<script> \n(adsbygoogle = window.adsbygoogle || []).push({}); \n<\/script>\n<\/div>\n<p>R\u00e9daction Public sn<\/p>\n<div class=\"publi-apres-le-contenu\" style=\"margin-top: 10px;margin-bottom: 10px;margin-left: auto;margin-right: auto;text-align: center;\" id=\"publi-2519483158\"><div class=\"publi-adlabel\">Publicit\u00e9<\/div><script async src=\"\/\/pagead2.googlesyndication.com\/pagead\/js\/adsbygoogle.js?client=ca-pub-4089586018074219\" crossorigin=\"anonymous\"><\/script><ins class=\"adsbygoogle\" style=\"display:block;\" data-ad-client=\"ca-pub-4089586018074219\" \ndata-ad-slot=\"2087940154\" \ndata-ad-format=\"auto\"><\/ins>\n<script> \n(adsbygoogle = window.adsbygoogle || []).push({}); \n<\/script>\n<\/div>","protected":false},"excerpt":{"rendered":"<p>A quelques jets de la pierre de la pr\u00e9sidentielle de 2024, Karim Wade sort du mutisme profond dans lequel il s\u2019\u00e9tait emmur\u00e9 pour s\u2019adresser aux S\u00e9n\u00e9galais. Un discours particuli\u00e8rement d\u00e9di\u00e9 \u00e0 la jeunesse. Le mot \u00ab Jeunesse \u00bb est revenu comme une anaphore dans le discours de Nouvel an de Karim Wade, qui s\u2019est adress\u00e9 aux S\u00e9n\u00e9galais depuis la capitale qatarie, Doha, ce 1er janvier. Juste apr\u00e8s les politesses, il commence par faire remarquer que \u00ab ces derniers mois nous avons tous \u00e9t\u00e9 les t\u00e9moins d\u2019un ph\u00e9nom\u00e8ne alarmant qui touche le c\u0153ur m\u00eame de notre pays \u00bb. A partir de ce moment, les t\u00e9l\u00e9spectateurs et auditeurs pensent qu\u2019il va aborder les cons\u00e9quences des manifestations qui ont jalonn\u00e9 l\u2019ann\u00e9e 2024, reli\u00e9es \u00e0 l\u2019affaire Adji Sarr Ousmane Sonko. Que nenni ! Wade-fils fait allusion au \u00ab drame de ces trop nombreux jeunes qui bravent les dangers des pirogues empruntant des chemins p\u00e9rilleux \u00e0 la recherche d\u2019un avenir meilleur en dehors du S\u00e9n\u00e9gal \u00bb. \u00ab Ce d\u00e9sespoir qui les pousse \u00e0 risquer leur vie, faute de perspectives est un crime silencieux qui interpelle chacun de nous \u00bb, d\u00e9clare l\u2019ancien ministre d\u2019Etat. \u00ab Je ne peux pas accepter que des Africains meurent dans la mer ou dans le d\u00e9sert. Cette situation ne saurait durer. Nous devons agir ensemble pour offrir \u00e0 nos enfants un avenir meilleur o\u00f9 ils seraient assur\u00e9s de b\u00e9n\u00e9ficier des promesses du S\u00e9n\u00e9gal et des potentialit\u00e9s inexploit\u00e9es de l\u2019Afrique. 2024 doit \u00eatre l\u2019ann\u00e9e o\u00f9 nous fixerons enfin un variable cap \u00bb, prend-il date avec la jeunesse. Il dira que son v\u0153u le plus cher est que la jeunesse se sente \u00ab inspir\u00e9e, soutenue, pleine d\u2019espoir en son avenir \u00bb. \u00ab Il est donc imp\u00e9ratif de cr\u00e9er des opportunit\u00e9s d\u2019emplois, d\u2019encourager l\u2019entreprenariat et d\u2019investir dans l\u2019\u00e9ducation et la formation professionnelle. Nous devons b\u00e2tir un S\u00e9n\u00e9gal o\u00f9 nos jeunes resteront au pays et seront fiers de contribuer personnellement au d\u00e9veloppement de la nation \u00bb, indique-t-il le chemin. Karim Wade de faire remarquer que \u00ab la d\u00e9mographie s\u00e9n\u00e9galaise se caract\u00e9rise par une jeunesse pr\u00e9dominante avec plus de trois quarts de la population \u00e2g\u00e9s de moins de 35 ans, soit 12 millions de personnes \u00bb. \u00ab Cette donn\u00e9e d\u00e9mographique n\u2019est pas qu\u2019une simple statistique, elle est l\u2019expression d\u2019un potentiel dynamique et d\u2019un avenir prometteur \u00bb, d\u00e9duit-il \u00bb. Ainsi, il milite pour que \u00ab nos politiques publiques\u2026valorisent et reconnaissent la jeunesse comme le pilier central de notre pays \u00bb. \u00ab C\u2019est \u00e0 eux que nous devons consacrer notre action et nos ressources parce qu\u2019ils d\u00e9tiennent la cl\u00e9 de notre d\u00e9veloppement socio-\u00e9conomique et culturel \u00bb, oriente l\u2019ancien ministre d\u2019Etat. Il promet, une fois devenu pr\u00e9sident de la R\u00e9publique, de consentir \u00ab des investissements substantiels dans l\u2019\u00e9ducation, la formation professionnelle, l\u2019entreprenariat, la sant\u00e9, mais aussi le soutien aux initiatives culturelles et artistiques qui refl\u00e8tent la diversit\u00e9 et la richesse de notre pays \u00bb. Aussi, compte-t-il \u00ab rassembler tous les jeunes sans distinction autour d\u2019un pacte collectif de gouvernance \u00bb. Pour atteindre ces objectifs, Karim Wade invite les jeunes \u00e0 se regrouper par quartier, par village, pour \u00ab former des collectifs pour rassembler et exprimer leurs frustrations, leurs aspirations et leurs ambitions \u00bb. En d\u00e9finitive, il pr\u00f4ne \u00ab la proximit\u00e9 et l\u2019approche locale\u2026pour trouver des solutions durables au ch\u00f4mage \u00bb. R\u00e9daction Public sn<\/p>\n","protected":false},"author":7,"featured_media":29841,"comment_status":"open","ping_status":"open","sticky":false,"template":"","format":"standard","meta":{"_jetpack_memberships_contains_paid_content":false,"footnotes":""},"categories":[375,3,1],"tags":[1158],"class_list":["post-29840","post","type-post","status-publish","format-standard","has-post-thumbnail","hentry","category-actualites","category-politique","category-non-classe","tag-politique","entry","has-media","owp-thumbs-layout-horizontal","owp-btn-normal","owp-tabs-layout-horizontal","has-no-thumbnails","has-product-nav"],"yoast_head":"<!-- This site is optimized with the Yoast SEO plugin v25.5 - https:\/\/yoast.com\/wordpress\/plugins\/seo\/ -->\n<title>CH\u00d4MAGE, D\u00c9SESPOIR, MIGRATION CLANDESTINE: Karim Wade vole au secours de la jeunesse - LE PUBLIC<\/title>\n<meta name=\"robots\" content=\"index, follow, max-snippet:-1, max-image-preview:large, max-video-preview:-1\" \/>\n<link rel=\"canonical\" href=\"https:\/\/www.public.sn\/index.php\/2024\/01\/02\/chomage-desespoir-migration-clandestine-karim-wade-vole-au-secours-de-la-jeunesse\/\" \/>\n<meta property=\"og:locale\" content=\"fr_FR\" \/>\n<meta property=\"og:type\" content=\"article\" \/>\n<meta property=\"og:title\" content=\"CH\u00d4MAGE, D\u00c9SESPOIR, MIGRATION CLANDESTINE: Karim Wade vole au secours de la jeunesse - LE PUBLIC\" \/>\n<meta property=\"og:description\" content=\"A quelques jets de la pierre de la pr\u00e9sidentielle de 2024, Karim Wade sort du mutisme profond dans lequel il s\u2019\u00e9tait emmur\u00e9 pour s\u2019adresser aux S\u00e9n\u00e9galais. Un discours particuli\u00e8rement d\u00e9di\u00e9 \u00e0 la jeunesse. Le mot \u00ab Jeunesse \u00bb est revenu comme une anaphore dans le discours de Nouvel an de Karim Wade, qui s\u2019est adress\u00e9 aux S\u00e9n\u00e9galais depuis la capitale qatarie, Doha, ce 1er janvier. Juste apr\u00e8s les politesses, il commence par faire remarquer que \u00ab ces derniers mois nous avons tous \u00e9t\u00e9 les t\u00e9moins d\u2019un ph\u00e9nom\u00e8ne alarmant qui touche le c\u0153ur m\u00eame de notre pays \u00bb. A partir de ce moment, les t\u00e9l\u00e9spectateurs et auditeurs pensent qu\u2019il va aborder les cons\u00e9quences des manifestations qui ont jalonn\u00e9 l\u2019ann\u00e9e 2024, reli\u00e9es \u00e0 l\u2019affaire Adji Sarr Ousmane Sonko. Que nenni ! Wade-fils fait allusion au \u00ab drame de ces trop nombreux jeunes qui bravent les dangers des pirogues empruntant des chemins p\u00e9rilleux \u00e0 la recherche d\u2019un avenir meilleur en dehors du S\u00e9n\u00e9gal \u00bb. \u00ab Ce d\u00e9sespoir qui les pousse \u00e0 risquer leur vie, faute de perspectives est un crime silencieux qui interpelle chacun de nous \u00bb, d\u00e9clare l\u2019ancien ministre d\u2019Etat. \u00ab Je ne peux pas accepter que des Africains meurent dans la mer ou dans le d\u00e9sert. Cette situation ne saurait durer. Nous devons agir ensemble pour offrir \u00e0 nos enfants un avenir meilleur o\u00f9 ils seraient assur\u00e9s de b\u00e9n\u00e9ficier des promesses du S\u00e9n\u00e9gal et des potentialit\u00e9s inexploit\u00e9es de l\u2019Afrique. 2024 doit \u00eatre l\u2019ann\u00e9e o\u00f9 nous fixerons enfin un variable cap \u00bb, prend-il date avec la jeunesse. Il dira que son v\u0153u le plus cher est que la jeunesse se sente \u00ab inspir\u00e9e, soutenue, pleine d\u2019espoir en son avenir \u00bb. \u00ab Il est donc imp\u00e9ratif de cr\u00e9er des opportunit\u00e9s d\u2019emplois, d\u2019encourager l\u2019entreprenariat et d\u2019investir dans l\u2019\u00e9ducation et la formation professionnelle. Nous devons b\u00e2tir un S\u00e9n\u00e9gal o\u00f9 nos jeunes resteront au pays et seront fiers de contribuer personnellement au d\u00e9veloppement de la nation \u00bb, indique-t-il le chemin. Karim Wade de faire remarquer que \u00ab la d\u00e9mographie s\u00e9n\u00e9galaise se caract\u00e9rise par une jeunesse pr\u00e9dominante avec plus de trois quarts de la population \u00e2g\u00e9s de moins de 35 ans, soit 12 millions de personnes \u00bb. \u00ab Cette donn\u00e9e d\u00e9mographique n\u2019est pas qu\u2019une simple statistique, elle est l\u2019expression d\u2019un potentiel dynamique et d\u2019un avenir prometteur \u00bb, d\u00e9duit-il \u00bb. Ainsi, il milite pour que \u00ab nos politiques publiques\u2026valorisent et reconnaissent la jeunesse comme le pilier central de notre pays \u00bb. \u00ab C\u2019est \u00e0 eux que nous devons consacrer notre action et nos ressources parce qu\u2019ils d\u00e9tiennent la cl\u00e9 de notre d\u00e9veloppement socio-\u00e9conomique et culturel \u00bb, oriente l\u2019ancien ministre d\u2019Etat. Il promet, une fois devenu pr\u00e9sident de la R\u00e9publique, de consentir \u00ab des investissements substantiels dans l\u2019\u00e9ducation, la formation professionnelle, l\u2019entreprenariat, la sant\u00e9, mais aussi le soutien aux initiatives culturelles et artistiques qui refl\u00e8tent la diversit\u00e9 et la richesse de notre pays \u00bb. Aussi, compte-t-il \u00ab rassembler tous les jeunes sans distinction autour d\u2019un pacte collectif de gouvernance \u00bb. Pour atteindre ces objectifs, Karim Wade invite les jeunes \u00e0 se regrouper par quartier, par village, pour \u00ab former des collectifs pour rassembler et exprimer leurs frustrations, leurs aspirations et leurs ambitions \u00bb. En d\u00e9finitive, il pr\u00f4ne \u00ab la proximit\u00e9 et l\u2019approche locale\u2026pour trouver des solutions durables au ch\u00f4mage \u00bb. R\u00e9daction Public sn\" \/>\n<meta property=\"og:url\" content=\"https:\/\/www.public.sn\/index.php\/2024\/01\/02\/chomage-desespoir-migration-clandestine-karim-wade-vole-au-secours-de-la-jeunesse\/\" \/>\n<meta property=\"og:site_name\" content=\"LE PUBLIC\" \/>\n<meta property=\"article:published_time\" content=\"2024-01-02T09:50:32+00:00\" \/>\n<meta property=\"og:image\" content=\"https:\/\/www.public.sn\/wp-content\/uploads\/2024\/01\/karim-wade.jpeg\" \/>\n\t<meta property=\"og:image:width\" content=\"911\" \/>\n\t<meta property=\"og:image:height\" content=\"506\" \/>\n\t<meta property=\"og:image:type\" content=\"image\/jpeg\" \/>\n<meta name=\"author\" content=\"LA REDACTION\" \/>\n<meta name=\"twitter:card\" content=\"summary_large_image\" \/>\n<meta name=\"twitter:label1\" content=\"\u00c9crit par\" \/>\n\t<meta name=\"twitter:data1\" content=\"LA REDACTION\" \/>\n\t<meta name=\"twitter:label2\" content=\"Dur\u00e9e de lecture estim\u00e9e\" \/>\n\t<meta name=\"twitter:data2\" content=\"3 minutes\" \/>\n<script type=\"application\/ld+json\" class=\"yoast-schema-graph\">{\"@context\":\"https:\/\/schema.org\",\"@graph\":[{\"@type\":\"Article\",\"@id\":\"https:\/\/www.public.sn\/index.php\/2024\/01\/02\/chomage-desespoir-migration-clandestine-karim-wade-vole-au-secours-de-la-jeunesse\/#article\",\"isPartOf\":{\"@id\":\"https:\/\/www.public.sn\/index.php\/2024\/01\/02\/chomage-desespoir-migration-clandestine-karim-wade-vole-au-secours-de-la-jeunesse\/\"},\"author\":{\"name\":\"LA REDACTION\",\"@id\":\"https:\/\/www.public.sn\/#\/schema\/person\/cb76c8e1b8becc6be61fb5e92d6d0224\"},\"headline\":\"CH\u00d4MAGE, D\u00c9SESPOIR, MIGRATION CLANDESTINE: Karim Wade vole au secours de la jeunesse\",\"datePublished\":\"2024-01-02T09:50:32+00:00\",\"mainEntityOfPage\":{\"@id\":\"https:\/\/www.public.sn\/index.php\/2024\/01\/02\/chomage-desespoir-migration-clandestine-karim-wade-vole-au-secours-de-la-jeunesse\/\"},\"wordCount\":607,\"commentCount\":0,\"publisher\":{\"@id\":\"https:\/\/www.public.sn\/#organization\"},\"image\":{\"@id\":\"https:\/\/www.public.sn\/index.php\/2024\/01\/02\/chomage-desespoir-migration-clandestine-karim-wade-vole-au-secours-de-la-jeunesse\/#primaryimage\"},\"thumbnailUrl\":\"https:\/\/www.public.sn\/wp-content\/uploads\/2024\/01\/karim-wade.jpeg\",\"keywords\":[\"politique\"],\"articleSection\":[\"ACTUALIT\u00c9S\",\"POLITIQUE\",\"S\u00c9N\u00c9GAL\"],\"inLanguage\":\"fr-FR\",\"potentialAction\":[{\"@type\":\"CommentAction\",\"name\":\"Comment\",\"target\":[\"https:\/\/www.public.sn\/index.php\/2024\/01\/02\/chomage-desespoir-migration-clandestine-karim-wade-vole-au-secours-de-la-jeunesse\/#respond\"]}]},{\"@type\":\"WebPage\",\"@id\":\"https:\/\/www.public.sn\/index.php\/2024\/01\/02\/chomage-desespoir-migration-clandestine-karim-wade-vole-au-secours-de-la-jeunesse\/\",\"url\":\"https:\/\/www.public.sn\/index.php\/2024\/01\/02\/chomage-desespoir-migration-clandestine-karim-wade-vole-au-secours-de-la-jeunesse\/\",\"name\":\"CH\u00d4MAGE, D\u00c9SESPOIR, MIGRATION CLANDESTINE: Karim Wade vole au secours de la jeunesse - LE PUBLIC\",\"isPartOf\":{\"@id\":\"https:\/\/www.public.sn\/#website\"},\"primaryImageOfPage\":{\"@id\":\"https:\/\/www.public.sn\/index.php\/2024\/01\/02\/chomage-desespoir-migration-clandestine-karim-wade-vole-au-secours-de-la-jeunesse\/#primaryimage\"},\"image\":{\"@id\":\"https:\/\/www.public.sn\/index.php\/2024\/01\/02\/chomage-desespoir-migration-clandestine-karim-wade-vole-au-secours-de-la-jeunesse\/#primaryimage\"},\"thumbnailUrl\":\"https:\/\/www.public.sn\/wp-content\/uploads\/2024\/01\/karim-wade.jpeg\",\"datePublished\":\"2024-01-02T09:50:32+00:00\",\"breadcrumb\":{\"@id\":\"https:\/\/www.public.sn\/index.php\/2024\/01\/02\/chomage-desespoir-migration-clandestine-karim-wade-vole-au-secours-de-la-jeunesse\/#breadcrumb\"},\"inLanguage\":\"fr-FR\",\"potentialAction\":[{\"@type\":\"ReadAction\",\"target\":[\"https:\/\/www.public.sn\/index.php\/2024\/01\/02\/chomage-desespoir-migration-clandestine-karim-wade-vole-au-secours-de-la-jeunesse\/\"]}]},{\"@type\":\"ImageObject\",\"inLanguage\":\"fr-FR\",\"@id\":\"https:\/\/www.public.sn\/index.php\/2024\/01\/02\/chomage-desespoir-migration-clandestine-karim-wade-vole-au-secours-de-la-jeunesse\/#primaryimage\",\"url\":\"https:\/\/www.public.sn\/wp-content\/uploads\/2024\/01\/karim-wade.jpeg\",\"contentUrl\":\"https:\/\/www.public.sn\/wp-content\/uploads\/2024\/01\/karim-wade.jpeg\",\"width\":911,\"height\":506},{\"@type\":\"BreadcrumbList\",\"@id\":\"https:\/\/www.public.sn\/index.php\/2024\/01\/02\/chomage-desespoir-migration-clandestine-karim-wade-vole-au-secours-de-la-jeunesse\/#breadcrumb\",\"itemListElement\":[{\"@type\":\"ListItem\",\"position\":1,\"name\":\"Accueil\",\"item\":\"https:\/\/www.public.sn\/\"},{\"@type\":\"ListItem\",\"position\":2,\"name\":\"CH\u00d4MAGE, D\u00c9SESPOIR, MIGRATION CLANDESTINE: Karim Wade vole au secours de la jeunesse\"}]},{\"@type\":\"WebSite\",\"@id\":\"https:\/\/www.public.sn\/#website\",\"url\":\"https:\/\/www.public.sn\/\",\"name\":\"LE PUBLIC\",\"description\":\"\",\"publisher\":{\"@id\":\"https:\/\/www.public.sn\/#organization\"},\"potentialAction\":[{\"@type\":\"SearchAction\",\"target\":{\"@type\":\"EntryPoint\",\"urlTemplate\":\"https:\/\/www.public.sn\/?s={search_term_string}\"},\"query-input\":{\"@type\":\"PropertyValueSpecification\",\"valueRequired\":true,\"valueName\":\"search_term_string\"}}],\"inLanguage\":\"fr-FR\"},{\"@type\":\"Organization\",\"@id\":\"https:\/\/www.public.sn\/#organization\",\"name\":\"LE PUBLIC\",\"url\":\"https:\/\/www.public.sn\/\",\"logo\":{\"@type\":\"ImageObject\",\"inLanguage\":\"fr-FR\",\"@id\":\"https:\/\/www.public.sn\/#\/schema\/logo\/image\/\",\"url\":\"https:\/\/www.public.sn\/wp-content\/uploads\/2024\/05\/cropped-LOGO-PUBLIC.SN_.png\",\"contentUrl\":\"https:\/\/www.public.sn\/wp-content\/uploads\/2024\/05\/cropped-LOGO-PUBLIC.SN_.png\",\"width\":682,\"height\":192,\"caption\":\"LE PUBLIC\"},\"image\":{\"@id\":\"https:\/\/www.public.sn\/#\/schema\/logo\/image\/\"}},{\"@type\":\"Person\",\"@id\":\"https:\/\/www.public.sn\/#\/schema\/person\/cb76c8e1b8becc6be61fb5e92d6d0224\",\"name\":\"LA REDACTION\",\"image\":{\"@type\":\"ImageObject\",\"inLanguage\":\"fr-FR\",\"@id\":\"https:\/\/www.public.sn\/#\/schema\/person\/image\/\",\"url\":\"https:\/\/secure.gravatar.com\/avatar\/2dce5ddd34b8fef0180efe03aa2a9bee7d953856048f9a16b298190a3178407c?s=96&d=mm&r=g\",\"contentUrl\":\"https:\/\/secure.gravatar.com\/avatar\/2dce5ddd34b8fef0180efe03aa2a9bee7d953856048f9a16b298190a3178407c?s=96&d=mm&r=g\",\"caption\":\"LA REDACTION\"},\"url\":\"https:\/\/www.public.sn\/index.php\/author\/editeurpsn\/\"}]}<\/script>\n<!-- \/ Yoast SEO plugin. -->","yoast_head_json":{"title":"CH\u00d4MAGE, D\u00c9SESPOIR, MIGRATION CLANDESTINE: Karim Wade vole au secours de la jeunesse - LE PUBLIC","robots":{"index":"index","follow":"follow","max-snippet":"max-snippet:-1","max-image-preview":"max-image-preview:large","max-video-preview":"max-video-preview:-1"},"canonical":"https:\/\/www.public.sn\/index.php\/2024\/01\/02\/chomage-desespoir-migration-clandestine-karim-wade-vole-au-secours-de-la-jeunesse\/","og_locale":"fr_FR","og_type":"article","og_title":"CH\u00d4MAGE, D\u00c9SESPOIR, MIGRATION CLANDESTINE: Karim Wade vole au secours de la jeunesse - LE PUBLIC","og_description":"A quelques jets de la pierre de la pr\u00e9sidentielle de 2024, Karim Wade sort du mutisme profond dans lequel il s\u2019\u00e9tait emmur\u00e9 pour s\u2019adresser aux S\u00e9n\u00e9galais. Un discours particuli\u00e8rement d\u00e9di\u00e9 \u00e0 la jeunesse. Le mot \u00ab Jeunesse \u00bb est revenu comme une anaphore dans le discours de Nouvel an de Karim Wade, qui s\u2019est adress\u00e9 aux S\u00e9n\u00e9galais depuis la capitale qatarie, Doha, ce 1er janvier. Juste apr\u00e8s les politesses, il commence par faire remarquer que \u00ab ces derniers mois nous avons tous \u00e9t\u00e9 les t\u00e9moins d\u2019un ph\u00e9nom\u00e8ne alarmant qui touche le c\u0153ur m\u00eame de notre pays \u00bb. A partir de ce moment, les t\u00e9l\u00e9spectateurs et auditeurs pensent qu\u2019il va aborder les cons\u00e9quences des manifestations qui ont jalonn\u00e9 l\u2019ann\u00e9e 2024, reli\u00e9es \u00e0 l\u2019affaire Adji Sarr Ousmane Sonko. Que nenni ! Wade-fils fait allusion au \u00ab drame de ces trop nombreux jeunes qui bravent les dangers des pirogues empruntant des chemins p\u00e9rilleux \u00e0 la recherche d\u2019un avenir meilleur en dehors du S\u00e9n\u00e9gal \u00bb. \u00ab Ce d\u00e9sespoir qui les pousse \u00e0 risquer leur vie, faute de perspectives est un crime silencieux qui interpelle chacun de nous \u00bb, d\u00e9clare l\u2019ancien ministre d\u2019Etat. \u00ab Je ne peux pas accepter que des Africains meurent dans la mer ou dans le d\u00e9sert. Cette situation ne saurait durer. Nous devons agir ensemble pour offrir \u00e0 nos enfants un avenir meilleur o\u00f9 ils seraient assur\u00e9s de b\u00e9n\u00e9ficier des promesses du S\u00e9n\u00e9gal et des potentialit\u00e9s inexploit\u00e9es de l\u2019Afrique. 2024 doit \u00eatre l\u2019ann\u00e9e o\u00f9 nous fixerons enfin un variable cap \u00bb, prend-il date avec la jeunesse. Il dira que son v\u0153u le plus cher est que la jeunesse se sente \u00ab inspir\u00e9e, soutenue, pleine d\u2019espoir en son avenir \u00bb. \u00ab Il est donc imp\u00e9ratif de cr\u00e9er des opportunit\u00e9s d\u2019emplois, d\u2019encourager l\u2019entreprenariat et d\u2019investir dans l\u2019\u00e9ducation et la formation professionnelle. Nous devons b\u00e2tir un S\u00e9n\u00e9gal o\u00f9 nos jeunes resteront au pays et seront fiers de contribuer personnellement au d\u00e9veloppement de la nation \u00bb, indique-t-il le chemin. Karim Wade de faire remarquer que \u00ab la d\u00e9mographie s\u00e9n\u00e9galaise se caract\u00e9rise par une jeunesse pr\u00e9dominante avec plus de trois quarts de la population \u00e2g\u00e9s de moins de 35 ans, soit 12 millions de personnes \u00bb. \u00ab Cette donn\u00e9e d\u00e9mographique n\u2019est pas qu\u2019une simple statistique, elle est l\u2019expression d\u2019un potentiel dynamique et d\u2019un avenir prometteur \u00bb, d\u00e9duit-il \u00bb. Ainsi, il milite pour que \u00ab nos politiques publiques\u2026valorisent et reconnaissent la jeunesse comme le pilier central de notre pays \u00bb. \u00ab C\u2019est \u00e0 eux que nous devons consacrer notre action et nos ressources parce qu\u2019ils d\u00e9tiennent la cl\u00e9 de notre d\u00e9veloppement socio-\u00e9conomique et culturel \u00bb, oriente l\u2019ancien ministre d\u2019Etat. Il promet, une fois devenu pr\u00e9sident de la R\u00e9publique, de consentir \u00ab des investissements substantiels dans l\u2019\u00e9ducation, la formation professionnelle, l\u2019entreprenariat, la sant\u00e9, mais aussi le soutien aux initiatives culturelles et artistiques qui refl\u00e8tent la diversit\u00e9 et la richesse de notre pays \u00bb. Aussi, compte-t-il \u00ab rassembler tous les jeunes sans distinction autour d\u2019un pacte collectif de gouvernance \u00bb. Pour atteindre ces objectifs, Karim Wade invite les jeunes \u00e0 se regrouper par quartier, par village, pour \u00ab former des collectifs pour rassembler et exprimer leurs frustrations, leurs aspirations et leurs ambitions \u00bb. En d\u00e9finitive, il pr\u00f4ne \u00ab la proximit\u00e9 et l\u2019approche locale\u2026pour trouver des solutions durables au ch\u00f4mage \u00bb. R\u00e9daction Public sn","og_url":"https:\/\/www.public.sn\/index.php\/2024\/01\/02\/chomage-desespoir-migration-clandestine-karim-wade-vole-au-secours-de-la-jeunesse\/","og_site_name":"LE PUBLIC","article_published_time":"2024-01-02T09:50:32+00:00","og_image":[{"width":911,"height":506,"url":"https:\/\/www.public.sn\/wp-content\/uploads\/2024\/01\/karim-wade.jpeg","type":"image\/jpeg"}],"author":"LA REDACTION","twitter_card":"summary_large_image","twitter_misc":{"\u00c9crit par":"LA REDACTION","Dur\u00e9e de lecture estim\u00e9e":"3 minutes"},"schema":{"@context":"https:\/\/schema.org","@graph":[{"@type":"Article","@id":"https:\/\/www.public.sn\/index.php\/2024\/01\/02\/chomage-desespoir-migration-clandestine-karim-wade-vole-au-secours-de-la-jeunesse\/#article","isPartOf":{"@id":"https:\/\/www.public.sn\/index.php\/2024\/01\/02\/chomage-desespoir-migration-clandestine-karim-wade-vole-au-secours-de-la-jeunesse\/"},"author":{"name":"LA REDACTION","@id":"https:\/\/www.public.sn\/#\/schema\/person\/cb76c8e1b8becc6be61fb5e92d6d0224"},"headline":"CH\u00d4MAGE, D\u00c9SESPOIR, MIGRATION CLANDESTINE: Karim Wade vole au secours de la jeunesse","datePublished":"2024-01-02T09:50:32+00:00","mainEntityOfPage":{"@id":"https:\/\/www.public.sn\/index.php\/2024\/01\/02\/chomage-desespoir-migration-clandestine-karim-wade-vole-au-secours-de-la-jeunesse\/"},"wordCount":607,"commentCount":0,"publisher":{"@id":"https:\/\/www.public.sn\/#organization"},"image":{"@id":"https:\/\/www.public.sn\/index.php\/2024\/01\/02\/chomage-desespoir-migration-clandestine-karim-wade-vole-au-secours-de-la-jeunesse\/#primaryimage"},"thumbnailUrl":"https:\/\/www.public.sn\/wp-content\/uploads\/2024\/01\/karim-wade.jpeg","keywords":["politique"],"articleSection":["ACTUALIT\u00c9S","POLITIQUE","S\u00c9N\u00c9GAL"],"inLanguage":"fr-FR","potentialAction":[{"@type":"CommentAction","name":"Comment","target":["https:\/\/www.public.sn\/index.php\/2024\/01\/02\/chomage-desespoir-migration-clandestine-karim-wade-vole-au-secours-de-la-jeunesse\/#respond"]}]},{"@type":"WebPage","@id":"https:\/\/www.public.sn\/index.php\/2024\/01\/02\/chomage-desespoir-migration-clandestine-karim-wade-vole-au-secours-de-la-jeunesse\/","url":"https:\/\/www.public.sn\/index.php\/2024\/01\/02\/chomage-desespoir-migration-clandestine-karim-wade-vole-au-secours-de-la-jeunesse\/","name":"CH\u00d4MAGE, D\u00c9SESPOIR, MIGRATION CLANDESTINE: Karim Wade vole au secours de la jeunesse - LE PUBLIC","isPartOf":{"@id":"https:\/\/www.public.sn\/#website"},"primaryImageOfPage":{"@id":"https:\/\/www.public.sn\/index.php\/2024\/01\/02\/chomage-desespoir-migration-clandestine-karim-wade-vole-au-secours-de-la-jeunesse\/#primaryimage"},"image":{"@id":"https:\/\/www.public.sn\/index.php\/2024\/01\/02\/chomage-desespoir-migration-clandestine-karim-wade-vole-au-secours-de-la-jeunesse\/#primaryimage"},"thumbnailUrl":"https:\/\/www.public.sn\/wp-content\/uploads\/2024\/01\/karim-wade.jpeg","datePublished":"2024-01-02T09:50:32+00:00","breadcrumb":{"@id":"https:\/\/www.public.sn\/index.php\/2024\/01\/02\/chomage-desespoir-migration-clandestine-karim-wade-vole-au-secours-de-la-jeunesse\/#breadcrumb"},"inLanguage":"fr-FR","potentialAction":[{"@type":"ReadAction","target":["https:\/\/www.public.sn\/index.php\/2024\/01\/02\/chomage-desespoir-migration-clandestine-karim-wade-vole-au-secours-de-la-jeunesse\/"]}]},{"@type":"ImageObject","inLanguage":"fr-FR","@id":"https:\/\/www.public.sn\/index.php\/2024\/01\/02\/chomage-desespoir-migration-clandestine-karim-wade-vole-au-secours-de-la-jeunesse\/#primaryimage","url":"https:\/\/www.public.sn\/wp-content\/uploads\/2024\/01\/karim-wade.jpeg","contentUrl":"https:\/\/www.public.sn\/wp-content\/uploads\/2024\/01\/karim-wade.jpeg","width":911,"height":506},{"@type":"BreadcrumbList","@id":"https:\/\/www.public.sn\/index.php\/2024\/01\/02\/chomage-desespoir-migration-clandestine-karim-wade-vole-au-secours-de-la-jeunesse\/#breadcrumb","itemListElement":[{"@type":"ListItem","position":1,"name":"Accueil","item":"https:\/\/www.public.sn\/"},{"@type":"ListItem","position":2,"name":"CH\u00d4MAGE, D\u00c9SESPOIR, MIGRATION CLANDESTINE: Karim Wade vole au secours de la jeunesse"}]},{"@type":"WebSite","@id":"https:\/\/www.public.sn\/#website","url":"https:\/\/www.public.sn\/","name":"LE PUBLIC","description":"","publisher":{"@id":"https:\/\/www.public.sn\/#organization"},"potentialAction":[{"@type":"SearchAction","target":{"@type":"EntryPoint","urlTemplate":"https:\/\/www.public.sn\/?s={search_term_string}"},"query-input":{"@type":"PropertyValueSpecification","valueRequired":true,"valueName":"search_term_string"}}],"inLanguage":"fr-FR"},{"@type":"Organization","@id":"https:\/\/www.public.sn\/#organization","name":"LE PUBLIC","url":"https:\/\/www.public.sn\/","logo":{"@type":"ImageObject","inLanguage":"fr-FR","@id":"https:\/\/www.public.sn\/#\/schema\/logo\/image\/","url":"https:\/\/www.public.sn\/wp-content\/uploads\/2024\/05\/cropped-LOGO-PUBLIC.SN_.png","contentUrl":"https:\/\/www.public.sn\/wp-content\/uploads\/2024\/05\/cropped-LOGO-PUBLIC.SN_.png","width":682,"height":192,"caption":"LE PUBLIC"},"image":{"@id":"https:\/\/www.public.sn\/#\/schema\/logo\/image\/"}},{"@type":"Person","@id":"https:\/\/www.public.sn\/#\/schema\/person\/cb76c8e1b8becc6be61fb5e92d6d0224","name":"LA REDACTION","image":{"@type":"ImageObject","inLanguage":"fr-FR","@id":"https:\/\/www.public.sn\/#\/schema\/person\/image\/","url":"https:\/\/secure.gravatar.com\/avatar\/2dce5ddd34b8fef0180efe03aa2a9bee7d953856048f9a16b298190a3178407c?s=96&d=mm&r=g","contentUrl":"https:\/\/secure.gravatar.com\/avatar\/2dce5ddd34b8fef0180efe03aa2a9bee7d953856048f9a16b298190a3178407c?s=96&d=mm&r=g","caption":"LA REDACTION"},"url":"https:\/\/www.public.sn\/index.php\/author\/editeurpsn\/"}]}},"jetpack_featured_media_url":"https:\/\/www.public.sn\/wp-content\/uploads\/2024\/01\/karim-wade.jpeg","jetpack_sharing_enabled":true,"_links":{"self":[{"href":"https:\/\/www.public.sn\/index.php\/wp-json\/wp\/v2\/posts\/29840","targetHints":{"allow":["GET"]}}],"collection":[{"href":"https:\/\/www.public.sn\/index.php\/wp-json\/wp\/v2\/posts"}],"about":[{"href":"https:\/\/www.public.sn\/index.php\/wp-json\/wp\/v2\/types\/post"}],"author":[{"embeddable":true,"href":"https:\/\/www.public.sn\/index.php\/wp-json\/wp\/v2\/users\/7"}],"replies":[{"embeddable":true,"href":"https:\/\/www.public.sn\/index.php\/wp-json\/wp\/v2\/comments?post=29840"}],"version-history":[{"count":1,"href":"https:\/\/www.public.sn\/index.php\/wp-json\/wp\/v2\/posts\/29840\/revisions"}],"predecessor-version":[{"id":29842,"href":"https:\/\/www.public.sn\/index.php\/wp-json\/wp\/v2\/posts\/29840\/revisions\/29842"}],"wp:featuredmedia":[{"embeddable":true,"href":"https:\/\/www.public.sn\/index.php\/wp-json\/wp\/v2\/media\/29841"}],"wp:attachment":[{"href":"https:\/\/www.public.sn\/index.php\/wp-json\/wp\/v2\/media?parent=29840"}],"wp:term":[{"taxonomy":"category","embeddable":true,"href":"https:\/\/www.public.sn\/index.php\/wp-json\/wp\/v2\/categories?post=29840"},{"taxonomy":"post_tag","embeddable":true,"href":"https:\/\/www.public.sn\/index.php\/wp-json\/wp\/v2\/tags?post=29840"}],"curies":[{"name":"wp","href":"https:\/\/api.w.org\/{rel}","templated":true}]}}